




{"id":42670,"date":"2014-01-21T17:04:00","date_gmt":"2014-01-21T14:04:00","guid":{"rendered":"http:\/\/qtmm.org\/?p=42670"},"modified":"2022-01-27T17:05:32","modified_gmt":"2022-01-27T14:05:32","slug":"meclis-prezidiumi-2014-senesi-yanvar-16-da-qabul-etilgen-qanunlarni-acele-lagv-etmek-ve-meydanga-kelgen-vaziyetnin-barisiqli-cezilmesine-dogrultilgan-qararlarni-almaq-maqsadinen-ukraina-yuqari-surasin","status":"publish","type":"post","link":"https:\/\/qtmm.org\/qt\/meclis-prezidiumi-2014-senesi-yanvar-16-da-qabul-etilgen-qanunlarni-acele-lagv-etmek-ve-meydanga-kelgen-vaziyetnin-barisiqli-cezilmesine-dogrultilgan-qararlarni-almaq-maqsadinen-ukraina-yuqari-surasin\/","title":{"rendered":"Meclis prezidium\u0131 2014 senesi yanvar 16-da qabul etilgen qanunlarn\u0131 acele l\u00e2\u011fv etmek ve meydan\u011fa kelgen vaziyetni\u00f1 bar\u0131\u015f\u0131ql\u0131 \u00e7ezilmesine do\u011frult\u0131l\u011fan qararlarn\u0131 almaq maqsad\u0131nen Ukraina Yuqar\u0131 \u015euras\u0131n\u0131\u00f1 nevbetten t\u0131\u015f sessiyas\u0131n\u0131\u00f1 \u00e7a\u011f\u0131r\u0131lmas\u0131n\u0131 talap"},"content":{"rendered":"\n<p class=\"has-text-align-center\"><strong>Q\u0131r\u0131mtatar halq\u0131 Meclisini\u00f1<\/strong><\/p>\n\n\n\n<p class=\"has-text-align-center\"><strong>Beyanat\u0131<\/strong><\/p>\n\n\n\n<p class=\"has-text-align-center\"><strong>\u00dcrmetli vatanda\u015flar!<\/strong><\/p>\n\n\n\n<p><br>Ukraina ve on\u0131\u00f1 sakinleri mustaqillik il\u00e2n etilgen so\u00f1 e\u00f1 tel\u00fckeli ve facial\u0131 k\u00fcnlerni ya\u015famaqta. Ukraina Prezidenti ve \u00dck\u00fcmeti devletni\u00f1 t\u0131\u015fq\u0131 siyasiy y\u00f6neli\u015fini kesen-kes de\u00f1i\u015ftirgenleri neticesinde y\u00fcz bergen siyasiy inq\u0131raz cemiyet ve akimiyet aras\u0131nda a\u00e7\u0131q ve k\u00fc\u00e7 ile qapa-qar\u015f\u0131l\u0131q basq\u0131\u00e7\u0131na ke\u00e7ti.<\/p>\n\n\n\n<p>Kiyevde t\u0131n\u00e7 toplant\u0131 i\u015ftirak\u00e7ileri ve \u0130\u00e7ki i\u015fler nazirligini\u00f1 mahsus qo\u015funlar\u0131 aras\u0131nda \u00e7at\u0131\u015fma neticesinde qan t\u00f6k\u00fcldi, y\u00fczlernen insan qur\u015funnen yaraland\u0131, zarar k\u00f6rdi.<\/p>\n\n\n\n<p>Memlekette zorbal\u0131qn\u0131\u00f1 quvetle\u015fmesi diktatura ve basq\u0131 rejimini\u00f1 tesis etilmesine ketirebilir, bu ise Ukraina ve milleti ve dininden qatiy nazar vatanda\u015flar\u0131 i\u00e7\u00fcn fel\u00e2ket olur.<\/p>\n\n\n\n<p>Bug\u00fcnki vaziyette er bir saat ve memleketni\u00f1 er bir sakinini\u00f1 aktivligi q\u0131ymetlidir. Q\u0131r\u0131mtatar halq\u0131n\u0131\u00f1 Meclisi q\u0131r\u0131mtatar milliy areketini\u00f1 esas\u0131 ol\u011fan qans\u0131z-davas\u0131z k\u00fcre\u015f printsiplerine k\u00f6re Ukrainan\u0131\u00f1 b\u00fct\u00fcn vatanda\u015flar\u0131n\u0131, Q\u0131r\u0131m sakinlerini insan aqlar\u0131 ve serbestligini qor\u00e7alamaq i\u00e7\u00fcn \u00e7\u0131qma\u011fa \u00e7a\u011f\u0131ra.<\/p>\n\n\n\n<p>Meclis prezidium\u0131 2014 senesi yanvar 16-da qabul etilgen qanunlarn\u0131 acele l\u00e2\u011fv etmek ve meydan\u011fa kelgen vaziyetni\u00f1 bar\u0131\u015f\u0131ql\u0131 \u00e7ezilmesine do\u011frult\u0131l\u011fan qararlarn\u0131 almaq maqsad\u0131nen Ukraina Yuqar\u0131 \u015euras\u0131n\u0131\u00f1 nevbetten t\u0131\u015f sessiyas\u0131n\u0131\u00f1 \u00e7a\u011f\u0131r\u0131lmas\u0131n\u0131 talap ete<br>&nbsp;<\/p>\n\n\n\n<p><br><em><strong>Refat \u00c7ubarov<br>Q\u0131r\u0131mtatar halq\u0131 Meclisini\u00f1 reisi<\/strong><\/em><\/p>\n\n\n\n<figure class=\"wp-block-image size-full\"><img loading=\"lazy\" decoding=\"async\" width=\"650\" height=\"429\" src=\"http:\/\/qtmm.org\/wp-content\/uploads\/2022\/01\/2_154.jpeg\" alt=\"\" class=\"wp-image-42671\" srcset=\"https:\/\/qtmm.org\/wp-content\/uploads\/2022\/01\/2_154.jpeg 650w, https:\/\/qtmm.org\/wp-content\/uploads\/2022\/01\/2_154-300x198.jpeg 300w\" sizes=\"auto, (max-width: 650px) 100vw, 650px\" \/><\/figure>\n","protected":false},"excerpt":{"rendered":"<p>Q\u0131r\u0131mtatar halq\u0131 Meclisini\u00f1 Beyanat\u0131 \u00dcrmetli vatanda\u015flar! Ukraina ve on\u0131\u00f1 sakinleri mustaqillik il\u00e2n etilgen so\u00f1 e\u00f1 tel\u00fckeli ve facial\u0131 k\u00fcnlerni ya\u015famaqta. Ukraina Prezidenti ve \u00dck\u00fcmeti devletni\u00f1 t\u0131\u015fq\u0131 siyasiy y\u00f6neli\u015fini kesen-kes de\u00f1i\u015ftirgenleri neticesinde y\u00fcz bergen siyasiy inq\u0131raz cemiyet ve akimiyet aras\u0131nda a\u00e7\u0131q ve k\u00fc\u00e7 ile qapa-qar\u015f\u0131l\u0131q basq\u0131\u00e7\u0131na ke\u00e7ti. Kiyevde t\u0131n\u00e7 toplant\u0131 i\u015ftirak\u00e7ileri ve \u0130\u00e7ki i\u015fler nazirligini\u00f1 mahsus [&hellip;]<\/p>\n","protected":false},"author":1,"featured_media":42675,"comment_status":"open","ping_status":"open","sticky":false,"template":"","format":"standard","meta":{"inline_featured_image":false,"footnotes":""},"categories":[265],"tags":[],"class_list":["post-42670","post","type-post","status-publish","format-standard","has-post-thumbnail","hentry","category-haberler"],"acf":[],"yoast_head":"<!-- This site is optimized with the Yoast SEO plugin v27.4 - https:\/\/yoast.com\/product\/yoast-seo-wordpress\/ -->\n<title>Meclis prezidium\u0131 2014 senesi yanvar 16-da qabul etilgen qanunlarn\u0131 acele l\u00e2\u011fv etmek ve meydan\u011fa kelgen vaziyetni\u00f1 bar\u0131\u015f\u0131ql\u0131 \u00e7ezilmesine do\u011frult\u0131l\u011fan qararlarn\u0131 almaq maqsad\u0131nen Ukraina Yuqar\u0131 \u015euras\u0131n\u0131\u00f1 nevbetten t\u0131\u015f sessiyas\u0131n\u0131\u00f1 \u00e7a\u011f\u0131r\u0131lmas\u0131n\u0131 talap - \u041c\u0435\u0434\u0436\u043b\u0456\u0441<\/title>\n<meta name=\"robots\" content=\"index, follow, max-snippet:-1, max-image-preview:large, max-video-preview:-1\" \/>\n<link rel=\"canonical\" href=\"https:\/\/qtmm.org\/qt\/meclis-prezidiumi-2014-senesi-yanvar-16-da-qabul-etilgen-qanunlarni-acele-lagv-etmek-ve-meydanga-kelgen-vaziyetnin-barisiqli-cezilmesine-dogrultilgan-qararlarni-almaq-maqsadinen-ukraina-yuqari-surasin\/\" \/>\n<meta property=\"og:locale\" content=\"en_US\" \/>\n<meta property=\"og:type\" content=\"article\" \/>\n<meta property=\"og:title\" content=\"Meclis prezidium\u0131 2014 senesi yanvar 16-da qabul etilgen qanunlarn\u0131 acele l\u00e2\u011fv etmek ve meydan\u011fa kelgen vaziyetni\u00f1 bar\u0131\u015f\u0131ql\u0131 \u00e7ezilmesine do\u011frult\u0131l\u011fan qararlarn\u0131 almaq maqsad\u0131nen Ukraina Yuqar\u0131 \u015euras\u0131n\u0131\u00f1 nevbetten t\u0131\u015f sessiyas\u0131n\u0131\u00f1 \u00e7a\u011f\u0131r\u0131lmas\u0131n\u0131 talap - \u041c\u0435\u0434\u0436\u043b\u0456\u0441\" \/>\n<meta property=\"og:description\" content=\"Q\u0131r\u0131mtatar halq\u0131 Meclisini\u00f1 Beyanat\u0131 \u00dcrmetli vatanda\u015flar! Ukraina ve on\u0131\u00f1 sakinleri mustaqillik il\u00e2n etilgen so\u00f1 e\u00f1 tel\u00fckeli ve facial\u0131 k\u00fcnlerni ya\u015famaqta. Ukraina Prezidenti ve \u00dck\u00fcmeti devletni\u00f1 t\u0131\u015fq\u0131 siyasiy y\u00f6neli\u015fini kesen-kes de\u00f1i\u015ftirgenleri neticesinde y\u00fcz bergen siyasiy inq\u0131raz cemiyet ve akimiyet aras\u0131nda a\u00e7\u0131q ve k\u00fc\u00e7 ile qapa-qar\u015f\u0131l\u0131q basq\u0131\u00e7\u0131na ke\u00e7ti. Kiyevde t\u0131n\u00e7 toplant\u0131 i\u015ftirak\u00e7ileri ve \u0130\u00e7ki i\u015fler nazirligini\u00f1 mahsus [&hellip;]\" \/>\n<meta property=\"og:url\" content=\"https:\/\/qtmm.org\/qt\/meclis-prezidiumi-2014-senesi-yanvar-16-da-qabul-etilgen-qanunlarni-acele-lagv-etmek-ve-meydanga-kelgen-vaziyetnin-barisiqli-cezilmesine-dogrultilgan-qararlarni-almaq-maqsadinen-ukraina-yuqari-surasin\/\" \/>\n<meta property=\"og:site_name\" content=\"\u041c\u0435\u0434\u0436\u043b\u0456\u0441\" \/>\n<meta property=\"article:publisher\" content=\"https:\/\/www.facebook.com\/qtmm.info\/\" \/>\n<meta property=\"article:published_time\" content=\"2014-01-21T14:04:00+00:00\" \/>\n<meta property=\"article:modified_time\" content=\"2022-01-27T14:05:32+00:00\" \/>\n<meta property=\"og:image\" content=\"https:\/\/qtmm.org\/wp-content\/uploads\/2022\/01\/1_151.jpeg\" \/>\n\t<meta property=\"og:image:width\" content=\"650\" \/>\n\t<meta property=\"og:image:height\" content=\"374\" \/>\n\t<meta property=\"og:image:type\" content=\"image\/jpeg\" \/>\n<meta name=\"author\" content=\"Developer\" \/>\n<meta name=\"twitter:card\" content=\"summary_large_image\" \/>\n<meta name=\"twitter:label1\" content=\"Written by\" \/>\n\t<meta name=\"twitter:data1\" content=\"Developer\" \/>\n\t<meta name=\"twitter:label2\" content=\"Est. reading time\" \/>\n\t<meta name=\"twitter:data2\" content=\"1 minute\" \/>\n<script type=\"application\/ld+json\" class=\"yoast-schema-graph\">{\"@context\":\"https:\\\/\\\/schema.org\",\"@graph\":[{\"@type\":\"Article\",\"@id\":\"https:\\\/\\\/qtmm.org\\\/qt\\\/meclis-prezidiumi-2014-senesi-yanvar-16-da-qabul-etilgen-qanunlarni-acele-lagv-etmek-ve-meydanga-kelgen-vaziyetnin-barisiqli-cezilmesine-dogrultilgan-qararlarni-almaq-maqsadinen-ukraina-yuqari-surasin\\\/#article\",\"isPartOf\":{\"@id\":\"https:\\\/\\\/qtmm.org\\\/qt\\\/meclis-prezidiumi-2014-senesi-yanvar-16-da-qabul-etilgen-qanunlarni-acele-lagv-etmek-ve-meydanga-kelgen-vaziyetnin-barisiqli-cezilmesine-dogrultilgan-qararlarni-almaq-maqsadinen-ukraina-yuqari-surasin\\\/\"},\"author\":{\"name\":\"Developer\",\"@id\":\"https:\\\/\\\/qtmm.org\\\/qt\\\/#\\\/schema\\\/person\\\/de562469f971dec226ac06e60bbf74a7\"},\"headline\":\"Meclis prezidium\u0131 2014 senesi yanvar 16-da qabul etilgen qanunlarn\u0131 acele l\u00e2\u011fv etmek ve meydan\u011fa kelgen vaziyetni\u00f1 bar\u0131\u015f\u0131ql\u0131 \u00e7ezilmesine do\u011frult\u0131l\u011fan qararlarn\u0131 almaq maqsad\u0131nen Ukraina Yuqar\u0131 \u015euras\u0131n\u0131\u00f1 nevbetten t\u0131\u015f sessiyas\u0131n\u0131\u00f1 \u00e7a\u011f\u0131r\u0131lmas\u0131n\u0131 talap\",\"datePublished\":\"2014-01-21T14:04:00+00:00\",\"dateModified\":\"2022-01-27T14:05:32+00:00\",\"mainEntityOfPage\":{\"@id\":\"https:\\\/\\\/qtmm.org\\\/qt\\\/meclis-prezidiumi-2014-senesi-yanvar-16-da-qabul-etilgen-qanunlarni-acele-lagv-etmek-ve-meydanga-kelgen-vaziyetnin-barisiqli-cezilmesine-dogrultilgan-qararlarni-almaq-maqsadinen-ukraina-yuqari-surasin\\\/\"},\"wordCount\":278,\"commentCount\":0,\"publisher\":{\"@id\":\"https:\\\/\\\/qtmm.org\\\/qt\\\/#organization\"},\"image\":{\"@id\":\"https:\\\/\\\/qtmm.org\\\/qt\\\/meclis-prezidiumi-2014-senesi-yanvar-16-da-qabul-etilgen-qanunlarni-acele-lagv-etmek-ve-meydanga-kelgen-vaziyetnin-barisiqli-cezilmesine-dogrultilgan-qararlarni-almaq-maqsadinen-ukraina-yuqari-surasin\\\/#primaryimage\"},\"thumbnailUrl\":\"https:\\\/\\\/qtmm.org\\\/wp-content\\\/uploads\\\/2022\\\/01\\\/1_151.jpeg\",\"articleSection\":[\"Haberler\"],\"inLanguage\":\"qt\",\"potentialAction\":[{\"@type\":\"CommentAction\",\"name\":\"Comment\",\"target\":[\"https:\\\/\\\/qtmm.org\\\/qt\\\/meclis-prezidiumi-2014-senesi-yanvar-16-da-qabul-etilgen-qanunlarni-acele-lagv-etmek-ve-meydanga-kelgen-vaziyetnin-barisiqli-cezilmesine-dogrultilgan-qararlarni-almaq-maqsadinen-ukraina-yuqari-surasin\\\/#respond\"]}]},{\"@type\":\"WebPage\",\"@id\":\"https:\\\/\\\/qtmm.org\\\/qt\\\/meclis-prezidiumi-2014-senesi-yanvar-16-da-qabul-etilgen-qanunlarni-acele-lagv-etmek-ve-meydanga-kelgen-vaziyetnin-barisiqli-cezilmesine-dogrultilgan-qararlarni-almaq-maqsadinen-ukraina-yuqari-surasin\\\/\",\"url\":\"https:\\\/\\\/qtmm.org\\\/qt\\\/meclis-prezidiumi-2014-senesi-yanvar-16-da-qabul-etilgen-qanunlarni-acele-lagv-etmek-ve-meydanga-kelgen-vaziyetnin-barisiqli-cezilmesine-dogrultilgan-qararlarni-almaq-maqsadinen-ukraina-yuqari-surasin\\\/\",\"name\":\"Meclis prezidium\u0131 2014 senesi yanvar 16-da qabul etilgen qanunlarn\u0131 acele l\u00e2\u011fv etmek ve meydan\u011fa kelgen vaziyetni\u00f1 bar\u0131\u015f\u0131ql\u0131 \u00e7ezilmesine do\u011frult\u0131l\u011fan qararlarn\u0131 almaq maqsad\u0131nen Ukraina Yuqar\u0131 \u015euras\u0131n\u0131\u00f1 nevbetten t\u0131\u015f sessiyas\u0131n\u0131\u00f1 \u00e7a\u011f\u0131r\u0131lmas\u0131n\u0131 talap - \u041c\u0435\u0434\u0436\u043b\u0456\u0441\",\"isPartOf\":{\"@id\":\"https:\\\/\\\/qtmm.org\\\/qt\\\/#website\"},\"primaryImageOfPage\":{\"@id\":\"https:\\\/\\\/qtmm.org\\\/qt\\\/meclis-prezidiumi-2014-senesi-yanvar-16-da-qabul-etilgen-qanunlarni-acele-lagv-etmek-ve-meydanga-kelgen-vaziyetnin-barisiqli-cezilmesine-dogrultilgan-qararlarni-almaq-maqsadinen-ukraina-yuqari-surasin\\\/#primaryimage\"},\"image\":{\"@id\":\"https:\\\/\\\/qtmm.org\\\/qt\\\/meclis-prezidiumi-2014-senesi-yanvar-16-da-qabul-etilgen-qanunlarni-acele-lagv-etmek-ve-meydanga-kelgen-vaziyetnin-barisiqli-cezilmesine-dogrultilgan-qararlarni-almaq-maqsadinen-ukraina-yuqari-surasin\\\/#primaryimage\"},\"thumbnailUrl\":\"https:\\\/\\\/qtmm.org\\\/wp-content\\\/uploads\\\/2022\\\/01\\\/1_151.jpeg\",\"datePublished\":\"2014-01-21T14:04:00+00:00\",\"dateModified\":\"2022-01-27T14:05:32+00:00\",\"breadcrumb\":{\"@id\":\"https:\\\/\\\/qtmm.org\\\/qt\\\/meclis-prezidiumi-2014-senesi-yanvar-16-da-qabul-etilgen-qanunlarni-acele-lagv-etmek-ve-meydanga-kelgen-vaziyetnin-barisiqli-cezilmesine-dogrultilgan-qararlarni-almaq-maqsadinen-ukraina-yuqari-surasin\\\/#breadcrumb\"},\"inLanguage\":\"qt\",\"potentialAction\":[{\"@type\":\"ReadAction\",\"target\":[\"https:\\\/\\\/qtmm.org\\\/qt\\\/meclis-prezidiumi-2014-senesi-yanvar-16-da-qabul-etilgen-qanunlarni-acele-lagv-etmek-ve-meydanga-kelgen-vaziyetnin-barisiqli-cezilmesine-dogrultilgan-qararlarni-almaq-maqsadinen-ukraina-yuqari-surasin\\\/\"]}]},{\"@type\":\"ImageObject\",\"inLanguage\":\"qt\",\"@id\":\"https:\\\/\\\/qtmm.org\\\/qt\\\/meclis-prezidiumi-2014-senesi-yanvar-16-da-qabul-etilgen-qanunlarni-acele-lagv-etmek-ve-meydanga-kelgen-vaziyetnin-barisiqli-cezilmesine-dogrultilgan-qararlarni-almaq-maqsadinen-ukraina-yuqari-surasin\\\/#primaryimage\",\"url\":\"https:\\\/\\\/qtmm.org\\\/wp-content\\\/uploads\\\/2022\\\/01\\\/1_151.jpeg\",\"contentUrl\":\"https:\\\/\\\/qtmm.org\\\/wp-content\\\/uploads\\\/2022\\\/01\\\/1_151.jpeg\",\"width\":650,\"height\":374},{\"@type\":\"BreadcrumbList\",\"@id\":\"https:\\\/\\\/qtmm.org\\\/qt\\\/meclis-prezidiumi-2014-senesi-yanvar-16-da-qabul-etilgen-qanunlarni-acele-lagv-etmek-ve-meydanga-kelgen-vaziyetnin-barisiqli-cezilmesine-dogrultilgan-qararlarni-almaq-maqsadinen-ukraina-yuqari-surasin\\\/#breadcrumb\",\"itemListElement\":[{\"@type\":\"ListItem\",\"position\":1,\"name\":\"\u0413\u043e\u043b\u043e\u0432\u043d\u0430\",\"item\":\"https:\\\/\\\/qtmm.org\\\/qt\\\/\"},{\"@type\":\"ListItem\",\"position\":2,\"name\":\"Meclis prezidium\u0131 2014 senesi yanvar 16-da qabul etilgen qanunlarn\u0131 acele l\u00e2\u011fv etmek ve meydan\u011fa kelgen vaziyetni\u00f1 bar\u0131\u015f\u0131ql\u0131 \u00e7ezilmesine do\u011frult\u0131l\u011fan qararlarn\u0131 almaq maqsad\u0131nen Ukraina Yuqar\u0131 \u015euras\u0131n\u0131\u00f1 nevbetten t\u0131\u015f sessiyas\u0131n\u0131\u00f1 \u00e7a\u011f\u0131r\u0131lmas\u0131n\u0131 talap\"}]},{\"@type\":\"WebSite\",\"@id\":\"https:\\\/\\\/qtmm.org\\\/qt\\\/#website\",\"url\":\"https:\\\/\\\/qtmm.org\\\/qt\\\/\",\"name\":\"\u041c\u0435\u0434\u0436\u043b\u0456\u0441\",\"description\":\"\",\"publisher\":{\"@id\":\"https:\\\/\\\/qtmm.org\\\/qt\\\/#organization\"},\"potentialAction\":[{\"@type\":\"SearchAction\",\"target\":{\"@type\":\"EntryPoint\",\"urlTemplate\":\"https:\\\/\\\/qtmm.org\\\/qt\\\/?s={search_term_string}\"},\"query-input\":{\"@type\":\"PropertyValueSpecification\",\"valueRequired\":true,\"valueName\":\"search_term_string\"}}],\"inLanguage\":\"qt\"},{\"@type\":\"Organization\",\"@id\":\"https:\\\/\\\/qtmm.org\\\/qt\\\/#organization\",\"name\":\"\u041c\u0435\u0434\u0436\u043b\u0456\u0441\",\"url\":\"https:\\\/\\\/qtmm.org\\\/qt\\\/\",\"logo\":{\"@type\":\"ImageObject\",\"inLanguage\":\"qt\",\"@id\":\"https:\\\/\\\/qtmm.org\\\/qt\\\/#\\\/schema\\\/logo\\\/image\\\/\",\"url\":\"https:\\\/\\\/qtmm.org\\\/wp-content\\\/uploads\\\/2024\\\/12\\\/ua-mejlis-logo-rgb.svg\",\"contentUrl\":\"https:\\\/\\\/qtmm.org\\\/wp-content\\\/uploads\\\/2024\\\/12\\\/ua-mejlis-logo-rgb.svg\",\"caption\":\"\u041c\u0435\u0434\u0436\u043b\u0456\u0441\"},\"image\":{\"@id\":\"https:\\\/\\\/qtmm.org\\\/qt\\\/#\\\/schema\\\/logo\\\/image\\\/\"},\"sameAs\":[\"https:\\\/\\\/www.facebook.com\\\/qtmm.info\\\/\"]},{\"@type\":\"Person\",\"@id\":\"https:\\\/\\\/qtmm.org\\\/qt\\\/#\\\/schema\\\/person\\\/de562469f971dec226ac06e60bbf74a7\",\"name\":\"Developer\",\"image\":{\"@type\":\"ImageObject\",\"inLanguage\":\"qt\",\"@id\":\"https:\\\/\\\/secure.gravatar.com\\\/avatar\\\/392b4cc8fbfeb00b39dfeeab4ee6edded39ffd48e25858637e4765810300227e?s=96&d=mm&r=g\",\"url\":\"https:\\\/\\\/secure.gravatar.com\\\/avatar\\\/392b4cc8fbfeb00b39dfeeab4ee6edded39ffd48e25858637e4765810300227e?s=96&d=mm&r=g\",\"contentUrl\":\"https:\\\/\\\/secure.gravatar.com\\\/avatar\\\/392b4cc8fbfeb00b39dfeeab4ee6edded39ffd48e25858637e4765810300227e?s=96&d=mm&r=g\",\"caption\":\"Developer\"},\"url\":\"https:\\\/\\\/qtmm.org\\\/qt\\\/author\\\/Developer\\\/\"}]}<\/script>\n<!-- \/ Yoast SEO plugin. -->","yoast_head_json":{"title":"Meclis prezidium\u0131 2014 senesi yanvar 16-da qabul etilgen qanunlarn\u0131 acele l\u00e2\u011fv etmek ve meydan\u011fa kelgen vaziyetni\u00f1 bar\u0131\u015f\u0131ql\u0131 \u00e7ezilmesine do\u011frult\u0131l\u011fan qararlarn\u0131 almaq maqsad\u0131nen Ukraina Yuqar\u0131 \u015euras\u0131n\u0131\u00f1 nevbetten t\u0131\u015f sessiyas\u0131n\u0131\u00f1 \u00e7a\u011f\u0131r\u0131lmas\u0131n\u0131 talap - \u041c\u0435\u0434\u0436\u043b\u0456\u0441","robots":{"index":"index","follow":"follow","max-snippet":"max-snippet:-1","max-image-preview":"max-image-preview:large","max-video-preview":"max-video-preview:-1"},"canonical":"https:\/\/qtmm.org\/qt\/meclis-prezidiumi-2014-senesi-yanvar-16-da-qabul-etilgen-qanunlarni-acele-lagv-etmek-ve-meydanga-kelgen-vaziyetnin-barisiqli-cezilmesine-dogrultilgan-qararlarni-almaq-maqsadinen-ukraina-yuqari-surasin\/","og_locale":"en_US","og_type":"article","og_title":"Meclis prezidium\u0131 2014 senesi yanvar 16-da qabul etilgen qanunlarn\u0131 acele l\u00e2\u011fv etmek ve meydan\u011fa kelgen vaziyetni\u00f1 bar\u0131\u015f\u0131ql\u0131 \u00e7ezilmesine do\u011frult\u0131l\u011fan qararlarn\u0131 almaq maqsad\u0131nen Ukraina Yuqar\u0131 \u015euras\u0131n\u0131\u00f1 nevbetten t\u0131\u015f sessiyas\u0131n\u0131\u00f1 \u00e7a\u011f\u0131r\u0131lmas\u0131n\u0131 talap - \u041c\u0435\u0434\u0436\u043b\u0456\u0441","og_description":"Q\u0131r\u0131mtatar halq\u0131 Meclisini\u00f1 Beyanat\u0131 \u00dcrmetli vatanda\u015flar! Ukraina ve on\u0131\u00f1 sakinleri mustaqillik il\u00e2n etilgen so\u00f1 e\u00f1 tel\u00fckeli ve facial\u0131 k\u00fcnlerni ya\u015famaqta. Ukraina Prezidenti ve \u00dck\u00fcmeti devletni\u00f1 t\u0131\u015fq\u0131 siyasiy y\u00f6neli\u015fini kesen-kes de\u00f1i\u015ftirgenleri neticesinde y\u00fcz bergen siyasiy inq\u0131raz cemiyet ve akimiyet aras\u0131nda a\u00e7\u0131q ve k\u00fc\u00e7 ile qapa-qar\u015f\u0131l\u0131q basq\u0131\u00e7\u0131na ke\u00e7ti. Kiyevde t\u0131n\u00e7 toplant\u0131 i\u015ftirak\u00e7ileri ve \u0130\u00e7ki i\u015fler nazirligini\u00f1 mahsus [&hellip;]","og_url":"https:\/\/qtmm.org\/qt\/meclis-prezidiumi-2014-senesi-yanvar-16-da-qabul-etilgen-qanunlarni-acele-lagv-etmek-ve-meydanga-kelgen-vaziyetnin-barisiqli-cezilmesine-dogrultilgan-qararlarni-almaq-maqsadinen-ukraina-yuqari-surasin\/","og_site_name":"\u041c\u0435\u0434\u0436\u043b\u0456\u0441","article_publisher":"https:\/\/www.facebook.com\/qtmm.info\/","article_published_time":"2014-01-21T14:04:00+00:00","article_modified_time":"2022-01-27T14:05:32+00:00","og_image":[{"width":650,"height":374,"url":"https:\/\/qtmm.org\/wp-content\/uploads\/2022\/01\/1_151.jpeg","type":"image\/jpeg"}],"author":"Developer","twitter_card":"summary_large_image","twitter_misc":{"Written by":"Developer","Est. reading time":"1 minute"},"schema":{"@context":"https:\/\/schema.org","@graph":[{"@type":"Article","@id":"https:\/\/qtmm.org\/qt\/meclis-prezidiumi-2014-senesi-yanvar-16-da-qabul-etilgen-qanunlarni-acele-lagv-etmek-ve-meydanga-kelgen-vaziyetnin-barisiqli-cezilmesine-dogrultilgan-qararlarni-almaq-maqsadinen-ukraina-yuqari-surasin\/#article","isPartOf":{"@id":"https:\/\/qtmm.org\/qt\/meclis-prezidiumi-2014-senesi-yanvar-16-da-qabul-etilgen-qanunlarni-acele-lagv-etmek-ve-meydanga-kelgen-vaziyetnin-barisiqli-cezilmesine-dogrultilgan-qararlarni-almaq-maqsadinen-ukraina-yuqari-surasin\/"},"author":{"name":"Developer","@id":"https:\/\/qtmm.org\/qt\/#\/schema\/person\/de562469f971dec226ac06e60bbf74a7"},"headline":"Meclis prezidium\u0131 2014 senesi yanvar 16-da qabul etilgen qanunlarn\u0131 acele l\u00e2\u011fv etmek ve meydan\u011fa kelgen vaziyetni\u00f1 bar\u0131\u015f\u0131ql\u0131 \u00e7ezilmesine do\u011frult\u0131l\u011fan qararlarn\u0131 almaq maqsad\u0131nen Ukraina Yuqar\u0131 \u015euras\u0131n\u0131\u00f1 nevbetten t\u0131\u015f sessiyas\u0131n\u0131\u00f1 \u00e7a\u011f\u0131r\u0131lmas\u0131n\u0131 talap","datePublished":"2014-01-21T14:04:00+00:00","dateModified":"2022-01-27T14:05:32+00:00","mainEntityOfPage":{"@id":"https:\/\/qtmm.org\/qt\/meclis-prezidiumi-2014-senesi-yanvar-16-da-qabul-etilgen-qanunlarni-acele-lagv-etmek-ve-meydanga-kelgen-vaziyetnin-barisiqli-cezilmesine-dogrultilgan-qararlarni-almaq-maqsadinen-ukraina-yuqari-surasin\/"},"wordCount":278,"commentCount":0,"publisher":{"@id":"https:\/\/qtmm.org\/qt\/#organization"},"image":{"@id":"https:\/\/qtmm.org\/qt\/meclis-prezidiumi-2014-senesi-yanvar-16-da-qabul-etilgen-qanunlarni-acele-lagv-etmek-ve-meydanga-kelgen-vaziyetnin-barisiqli-cezilmesine-dogrultilgan-qararlarni-almaq-maqsadinen-ukraina-yuqari-surasin\/#primaryimage"},"thumbnailUrl":"https:\/\/qtmm.org\/wp-content\/uploads\/2022\/01\/1_151.jpeg","articleSection":["Haberler"],"inLanguage":"qt","potentialAction":[{"@type":"CommentAction","name":"Comment","target":["https:\/\/qtmm.org\/qt\/meclis-prezidiumi-2014-senesi-yanvar-16-da-qabul-etilgen-qanunlarni-acele-lagv-etmek-ve-meydanga-kelgen-vaziyetnin-barisiqli-cezilmesine-dogrultilgan-qararlarni-almaq-maqsadinen-ukraina-yuqari-surasin\/#respond"]}]},{"@type":"WebPage","@id":"https:\/\/qtmm.org\/qt\/meclis-prezidiumi-2014-senesi-yanvar-16-da-qabul-etilgen-qanunlarni-acele-lagv-etmek-ve-meydanga-kelgen-vaziyetnin-barisiqli-cezilmesine-dogrultilgan-qararlarni-almaq-maqsadinen-ukraina-yuqari-surasin\/","url":"https:\/\/qtmm.org\/qt\/meclis-prezidiumi-2014-senesi-yanvar-16-da-qabul-etilgen-qanunlarni-acele-lagv-etmek-ve-meydanga-kelgen-vaziyetnin-barisiqli-cezilmesine-dogrultilgan-qararlarni-almaq-maqsadinen-ukraina-yuqari-surasin\/","name":"Meclis prezidium\u0131 2014 senesi yanvar 16-da qabul etilgen qanunlarn\u0131 acele l\u00e2\u011fv etmek ve meydan\u011fa kelgen vaziyetni\u00f1 bar\u0131\u015f\u0131ql\u0131 \u00e7ezilmesine do\u011frult\u0131l\u011fan qararlarn\u0131 almaq maqsad\u0131nen Ukraina Yuqar\u0131 \u015euras\u0131n\u0131\u00f1 nevbetten t\u0131\u015f sessiyas\u0131n\u0131\u00f1 \u00e7a\u011f\u0131r\u0131lmas\u0131n\u0131 talap - \u041c\u0435\u0434\u0436\u043b\u0456\u0441","isPartOf":{"@id":"https:\/\/qtmm.org\/qt\/#website"},"primaryImageOfPage":{"@id":"https:\/\/qtmm.org\/qt\/meclis-prezidiumi-2014-senesi-yanvar-16-da-qabul-etilgen-qanunlarni-acele-lagv-etmek-ve-meydanga-kelgen-vaziyetnin-barisiqli-cezilmesine-dogrultilgan-qararlarni-almaq-maqsadinen-ukraina-yuqari-surasin\/#primaryimage"},"image":{"@id":"https:\/\/qtmm.org\/qt\/meclis-prezidiumi-2014-senesi-yanvar-16-da-qabul-etilgen-qanunlarni-acele-lagv-etmek-ve-meydanga-kelgen-vaziyetnin-barisiqli-cezilmesine-dogrultilgan-qararlarni-almaq-maqsadinen-ukraina-yuqari-surasin\/#primaryimage"},"thumbnailUrl":"https:\/\/qtmm.org\/wp-content\/uploads\/2022\/01\/1_151.jpeg","datePublished":"2014-01-21T14:04:00+00:00","dateModified":"2022-01-27T14:05:32+00:00","breadcrumb":{"@id":"https:\/\/qtmm.org\/qt\/meclis-prezidiumi-2014-senesi-yanvar-16-da-qabul-etilgen-qanunlarni-acele-lagv-etmek-ve-meydanga-kelgen-vaziyetnin-barisiqli-cezilmesine-dogrultilgan-qararlarni-almaq-maqsadinen-ukraina-yuqari-surasin\/#breadcrumb"},"inLanguage":"qt","potentialAction":[{"@type":"ReadAction","target":["https:\/\/qtmm.org\/qt\/meclis-prezidiumi-2014-senesi-yanvar-16-da-qabul-etilgen-qanunlarni-acele-lagv-etmek-ve-meydanga-kelgen-vaziyetnin-barisiqli-cezilmesine-dogrultilgan-qararlarni-almaq-maqsadinen-ukraina-yuqari-surasin\/"]}]},{"@type":"ImageObject","inLanguage":"qt","@id":"https:\/\/qtmm.org\/qt\/meclis-prezidiumi-2014-senesi-yanvar-16-da-qabul-etilgen-qanunlarni-acele-lagv-etmek-ve-meydanga-kelgen-vaziyetnin-barisiqli-cezilmesine-dogrultilgan-qararlarni-almaq-maqsadinen-ukraina-yuqari-surasin\/#primaryimage","url":"https:\/\/qtmm.org\/wp-content\/uploads\/2022\/01\/1_151.jpeg","contentUrl":"https:\/\/qtmm.org\/wp-content\/uploads\/2022\/01\/1_151.jpeg","width":650,"height":374},{"@type":"BreadcrumbList","@id":"https:\/\/qtmm.org\/qt\/meclis-prezidiumi-2014-senesi-yanvar-16-da-qabul-etilgen-qanunlarni-acele-lagv-etmek-ve-meydanga-kelgen-vaziyetnin-barisiqli-cezilmesine-dogrultilgan-qararlarni-almaq-maqsadinen-ukraina-yuqari-surasin\/#breadcrumb","itemListElement":[{"@type":"ListItem","position":1,"name":"\u0413\u043e\u043b\u043e\u0432\u043d\u0430","item":"https:\/\/qtmm.org\/qt\/"},{"@type":"ListItem","position":2,"name":"Meclis prezidium\u0131 2014 senesi yanvar 16-da qabul etilgen qanunlarn\u0131 acele l\u00e2\u011fv etmek ve meydan\u011fa kelgen vaziyetni\u00f1 bar\u0131\u015f\u0131ql\u0131 \u00e7ezilmesine do\u011frult\u0131l\u011fan qararlarn\u0131 almaq maqsad\u0131nen Ukraina Yuqar\u0131 \u015euras\u0131n\u0131\u00f1 nevbetten t\u0131\u015f sessiyas\u0131n\u0131\u00f1 \u00e7a\u011f\u0131r\u0131lmas\u0131n\u0131 talap"}]},{"@type":"WebSite","@id":"https:\/\/qtmm.org\/qt\/#website","url":"https:\/\/qtmm.org\/qt\/","name":"\u041c\u0435\u0434\u0436\u043b\u0456\u0441","description":"","publisher":{"@id":"https:\/\/qtmm.org\/qt\/#organization"},"potentialAction":[{"@type":"SearchAction","target":{"@type":"EntryPoint","urlTemplate":"https:\/\/qtmm.org\/qt\/?s={search_term_string}"},"query-input":{"@type":"PropertyValueSpecification","valueRequired":true,"valueName":"search_term_string"}}],"inLanguage":"qt"},{"@type":"Organization","@id":"https:\/\/qtmm.org\/qt\/#organization","name":"\u041c\u0435\u0434\u0436\u043b\u0456\u0441","url":"https:\/\/qtmm.org\/qt\/","logo":{"@type":"ImageObject","inLanguage":"qt","@id":"https:\/\/qtmm.org\/qt\/#\/schema\/logo\/image\/","url":"https:\/\/qtmm.org\/wp-content\/uploads\/2024\/12\/ua-mejlis-logo-rgb.svg","contentUrl":"https:\/\/qtmm.org\/wp-content\/uploads\/2024\/12\/ua-mejlis-logo-rgb.svg","caption":"\u041c\u0435\u0434\u0436\u043b\u0456\u0441"},"image":{"@id":"https:\/\/qtmm.org\/qt\/#\/schema\/logo\/image\/"},"sameAs":["https:\/\/www.facebook.com\/qtmm.info\/"]},{"@type":"Person","@id":"https:\/\/qtmm.org\/qt\/#\/schema\/person\/de562469f971dec226ac06e60bbf74a7","name":"Developer","image":{"@type":"ImageObject","inLanguage":"qt","@id":"https:\/\/secure.gravatar.com\/avatar\/392b4cc8fbfeb00b39dfeeab4ee6edded39ffd48e25858637e4765810300227e?s=96&d=mm&r=g","url":"https:\/\/secure.gravatar.com\/avatar\/392b4cc8fbfeb00b39dfeeab4ee6edded39ffd48e25858637e4765810300227e?s=96&d=mm&r=g","contentUrl":"https:\/\/secure.gravatar.com\/avatar\/392b4cc8fbfeb00b39dfeeab4ee6edded39ffd48e25858637e4765810300227e?s=96&d=mm&r=g","caption":"Developer"},"url":"https:\/\/qtmm.org\/qt\/author\/Developer\/"}]}},"_links":{"self":[{"href":"https:\/\/qtmm.org\/qt\/wp-json\/wp\/v2\/posts\/42670","targetHints":{"allow":["GET"]}}],"collection":[{"href":"https:\/\/qtmm.org\/qt\/wp-json\/wp\/v2\/posts"}],"about":[{"href":"https:\/\/qtmm.org\/qt\/wp-json\/wp\/v2\/types\/post"}],"author":[{"embeddable":true,"href":"https:\/\/qtmm.org\/qt\/wp-json\/wp\/v2\/users\/1"}],"replies":[{"embeddable":true,"href":"https:\/\/qtmm.org\/qt\/wp-json\/wp\/v2\/comments?post=42670"}],"version-history":[{"count":1,"href":"https:\/\/qtmm.org\/qt\/wp-json\/wp\/v2\/posts\/42670\/revisions"}],"predecessor-version":[{"id":42679,"href":"https:\/\/qtmm.org\/qt\/wp-json\/wp\/v2\/posts\/42670\/revisions\/42679"}],"wp:featuredmedia":[{"embeddable":true,"href":"https:\/\/qtmm.org\/qt\/wp-json\/wp\/v2\/media\/42675"}],"wp:attachment":[{"href":"https:\/\/qtmm.org\/qt\/wp-json\/wp\/v2\/media?parent=42670"}],"wp:term":[{"taxonomy":"category","embeddable":true,"href":"https:\/\/qtmm.org\/qt\/wp-json\/wp\/v2\/categories?post=42670"},{"taxonomy":"post_tag","embeddable":true,"href":"https:\/\/qtmm.org\/qt\/wp-json\/wp\/v2\/tags?post=42670"}],"curies":[{"name":"wp","href":"https:\/\/api.w.org\/{rel}","templated":true}]}}