




{"id":42656,"date":"2014-01-20T17:02:00","date_gmt":"2014-01-20T14:02:00","guid":{"rendered":"http:\/\/qtmm.org\/?p=42656"},"modified":"2022-01-27T17:04:10","modified_gmt":"2022-01-27T14:04:10","slug":"meclis-yolbascilarinin-cankoy-qurman-ve-seytler-regionlarinda-toplasuvlari","status":"publish","type":"post","link":"https:\/\/qtmm.org\/qt\/meclis-yolbascilarinin-cankoy-qurman-ve-seytler-regionlarinda-toplasuvlari\/","title":{"rendered":"Meclis yolba\u015f\u00e7\u0131lar\u0131n\u0131\u00f1 Cank\u00f6y, Qurman ve Seytler regionlar\u0131nda topla\u015fuvlar\u0131"},"content":{"rendered":"\n<p>18-19 yanvar k\u00fcnleri Meclis yolba\u015f\u00e7\u0131lar\u0131 ve Meclis idare reislerini\u00f1 Cank\u00f6y, Qurman ve Seytler regionlar\u0131ndan saylan\u011fan Qurultay deputatlar\u0131, yerli milliy idare organlar\u0131n\u0131\u00f1 reisleri, yerli \u015furalarn\u0131\u00f1 deputatlar\u0131 ve musulman cemiyetlerini\u00f1 reisleri ile birlikte regionlarara topla\u015fuvlar\u0131 ol\u0131p ke\u00e7ti.<\/p>\n\n\n\n<figure class=\"wp-block-image size-full\"><img loading=\"lazy\" decoding=\"async\" width=\"800\" height=\"600\" src=\"http:\/\/qtmm.org\/wp-content\/uploads\/2022\/01\/img_4604.jpeg\" alt=\"\" class=\"wp-image-42657\" srcset=\"https:\/\/qtmm.org\/wp-content\/uploads\/2022\/01\/img_4604.jpeg 800w, https:\/\/qtmm.org\/wp-content\/uploads\/2022\/01\/img_4604-300x225.jpeg 300w, https:\/\/qtmm.org\/wp-content\/uploads\/2022\/01\/img_4604-768x576.jpeg 768w\" sizes=\"auto, (max-width: 800px) 100vw, 800px\" \/><\/figure>\n\n\n\n<p>Topla\u015fuvlarn\u0131\u00f1 i\u015finde Milliy Meclis reisi Refat \u00c7ubarov, Meclis idare reberleri &#8211; Zaur Smirnov, Ayder Acimambetov, Emine Avamileva, Seydamet Yagyayev, K\u00e2tibiyet ba\u015f\u0131 Dil\u00e2ver Akiyev, Meclis azalar\u0131 Dinara Seytgaziyeva ve \u015eevket Kaybullayev, Qurultay Tefti\u015f komissiyas\u0131n\u0131\u00f1 reisi Ali \u00d6zenba\u015f, Qurultay Merkeziy saylav komissiyas\u0131n\u0131\u00f1 ba\u015f\u0131 Zair Smedl\u00e2yev, Q\u0131r\u0131m musulmanlar\u0131 m\u00fcftiyini\u00f1 muavini Ayder \u0130smailov, Cank\u00f6y, Qurman, Seytler ve Alu\u015fta regional meclislerni\u00f1 reisleri Rustem Ennanov, U\u00e7kun Devlet\u015fayev, Mustafa Salman ve Enver Arpatl\u0131 i\u015ftirak ettiler.<\/p>\n\n\n\n<figure class=\"wp-block-image size-full\"><img loading=\"lazy\" decoding=\"async\" width=\"800\" height=\"600\" src=\"http:\/\/qtmm.org\/wp-content\/uploads\/2022\/01\/img_4665.jpeg\" alt=\"\" class=\"wp-image-42661\" srcset=\"https:\/\/qtmm.org\/wp-content\/uploads\/2022\/01\/img_4665.jpeg 800w, https:\/\/qtmm.org\/wp-content\/uploads\/2022\/01\/img_4665-300x225.jpeg 300w, https:\/\/qtmm.org\/wp-content\/uploads\/2022\/01\/img_4665-768x576.jpeg 768w\" sizes=\"auto, (max-width: 800px) 100vw, 800px\" \/><\/figure>\n\n\n\n<p>Qurman qasabas\u0131ndaki Medeniyet evinde ol\u0131p ke\u00e7ken topla\u015fuv &#8220;Ant etkenmen&#8221; q\u0131r\u0131mtatar milliy ve Ukraina devlet gimnlerinden ba\u015flan\u0131p, dua oquld\u0131. Bundan so\u00f1 &#8220;Elmaz&#8221; ansambli artistlerini\u00f1 icras\u0131nda q\u0131r\u0131mtatar y\u0131r ve oyunlar\u0131 icra etildi.<\/p>\n\n\n\n<p>Topla\u015fuvn\u0131 a\u00e7qan Meclis reisi Refat \u00c7ubarov gen\u00e7 sanat\u00e7\u0131lar\u011fa b\u00f6yle s\u0131caq qar\u015f\u0131la\u011fanlar\u0131 ve meraql\u0131 kontsert programmalar\u0131 i\u00e7\u00fcn te\u015fekk\u00fcr bildirdi.<\/p>\n\n\n\n<p>&#8220;Bizim, al\u0131n\u011fan qararlar \u00e7er\u00e7ivesinde ke\u00e7irdigimiz, regionlarara topla\u015fuvlar\u0131m\u0131zn\u0131\u00f1 maqsad\u0131 regionlarda dialogn\u0131 a\u00e7\u0131q yapmaq ki, biz biri-birimizni e\u015fiteyik, fikir payla\u015fay\u0131q ve halq\u0131m\u0131z o\u011frunda birlik ol\u0131p \u00e7al\u0131\u015fay\u0131q&#8221;, &#8211; dedi Refat \u00c7ubarov. O, bun\u0131\u00f1 kibi de regional meclis reisleri ve azalar\u0131ndan i\u015fke \u00fcst-ustten yana\u015fmamaq, al\u0131n\u011fan qararlar i\u00e7\u00fcn mes\u00fcliet ta\u015f\u0131maq, yerlerde i\u015fni planl\u0131 \u015fekilde yap\u0131p, esabatlar bermekni rica etti.<\/p>\n\n\n\n<p>\u00d6z nevbetinde Meclis reisini\u00f1 muavini Zaur Smirnov regional ve yerli meclislerni\u00f1 topla\u015fuvlar\u0131n\u0131 muntazam s\u00fcrette ke\u00e7irmekni tevsiye etti. &#8220;Topla\u015fuv ve k\u00f6r\u00fc\u015f\u00fcvler devam\u0131nda bizge faaliyet plan\u0131n\u0131 muzakere etmek, regionda a\u011f\u0131mdaki vaziyetni talil etmek zarur, &#8211; dedi Z. Smirnov. \u2013 Amma e\u00f1 m\u00fcimi bizlerni milliy idare organlar\u0131na sayla\u011fan semetde\u015flerimiz \u00f6g\u00fcnde esabat bermemizdir&#8221;.<\/p>\n\n\n\n<p>Ana tilinde tasilni\u00f1 vaziyeti, q\u0131r\u0131mtatar tilini\u00f1 \u00e7e\u015fit saalarda qullan\u0131lmas\u0131, bun\u0131\u00f1 kibi de yerlerde q\u0131r\u0131mtatar tilinde oqut\u0131l\u011fan s\u0131n\u0131flarn\u0131\u00f1 say\u0131s\u0131n\u0131 \u00e7oqla\u015ft\u0131rmaq boyunci i\u015fni quvetlendirmek aqq\u0131nda idare reisi Emine Avamileva aytt\u0131.<\/p>\n\n\n\n<p>Bundan da \u011fayr\u0131 E. Avamileva regional meclislerni\u00f1 reislerine balalar\u0131n\u0131 q\u0131r\u0131mtatar s\u0131n\u0131flar\u0131na ya da milliy ba\u011f\u00e7alar\u011fa bermege istegen ana-babalar\u011fa ariza n\u00fcm\u00fcnelerini, Q\u0131r\u0131mn\u0131\u00f1 devlet ve cemaat \u00f6m\u00fcrini\u00f1 b\u00fct\u00fcn saalar\u0131na q\u0131r\u0131mtatar tilini tadbiq et\u00fcv meseleleri boyunca Q\u0131r\u0131m qanunlar\u0131n\u0131\u00f1 edas\u0131n\u0131 monitoring yapmaq i\u00e7\u00fcn anketalarn\u0131\u00f1 formalar\u0131n\u0131 berdi.<\/p>\n\n\n\n<p>Meclis K\u00e2tibiyetini\u00f1 i\u015fi, bun\u0131\u00f1 kibi de regionlarda ol\u0131p ke\u00e7ken vaqialar aqq\u0131nda haberdar etmek ve daimiy dialogn\u0131\u00f1 zarurl\u0131\u011f\u0131, semetde\u015flerimizni milliy ne\u015firlerge abune et\u00fcv aqq\u0131nda K\u00e2tibiyet ba\u015f\u0131 Dil\u00e2ver Akiyev s\u00f6yledi.<\/p>\n\n\n\n<p>Yanvar 18-19 k\u00fcnleri ol\u0131p ke\u00e7ken topla\u015fuvlarda semetde\u015flerimizden t\u00fc\u015fken teklif ve sualler esasen 2014 senesi q\u0131r\u0131mtatar halq\u0131n\u0131\u00f1 aqlar\u0131n\u0131 tiklev boyunca halqara forum ke\u00e7irilmesi, q\u0131r\u0131mtatar halq\u0131 s\u00fcrg\u00fcniligi\u00f1 70 y\u0131ll\u0131\u011f\u0131, \u0130smail Gasprinskiy vefat\u0131n\u0131\u00f1 100 y\u0131ll\u0131\u011f\u0131, 1 Qurultay reisi, Q\u0131r\u0131m musulmanlar\u0131n\u0131\u00f1 m\u00fcftiyi Noman \u00c7elebicihan \u00f6ld\u00fcrilmesini\u00f1 96 y\u0131ll\u0131\u011f\u0131nen ba\u011fl\u0131 tedbirler aqq\u0131nda edi.<\/p>\n\n\n\n<p>\u00d6z nevbetinde Cank\u00f6y regional meclisi \u015fu regionn\u0131\u00f1 B\u00fcy\u00fck Sonaq k\u00f6y\u00fcnde d\u00fcnya\u011fa kelgen Noman \u00c7elebicihan \u00f6m\u00fcri ve faaliyetine ba\u011f\u0131\u015flan\u011fan tedbirlerni ke\u00e7irmek te\u015febb\u00fcsinen \u00e7\u0131qt\u0131.<br><br>Merkeziy saylav komissiyas\u0131n\u0131\u00f1 reisi Z. Smedl\u00e2yev topla\u015fuv i\u015ftirak\u00e7ilerine muracaat eterken, q\u0131r\u0131mtatar halq\u0131 soyq\u0131r\u0131m\u0131n\u0131\u00f1 70 y\u0131ll\u0131\u011f\u0131 ile ba\u011fl\u0131 matem merasimlerinde regional ve yerli meclisler birligi ve tertip-nizaml\u0131l\u0131\u011f\u0131n\u0131 numay\u0131\u015f etmek kerekler, dedi.<br><br>Topla\u015fuvda i\u015ftirak etken semetde\u015fler yerlerde, \u015fu c\u00fcmleden medreselerde q\u0131r\u0131mtatar tili kurslar\u0131n\u0131 te\u015fkil etmek teklifinde bulun\u0131p, M\u00fcftiy muavini Ayder \u0130smailov\u011fa Aqmescitteki Balalar hastahanesini\u00f1 onkologiya b\u00f6l\u00fcgine m\u00fcftilik vekillerini muntazam s\u00fcrette yollap, olar hasta balalar i\u00e7\u00fcn dua oqumalar\u0131 ricas\u0131nen muracaat ettiler.<br><br>Meclis reisi Refat \u00c7ubarov, \u00fc\u00e7 regionda \u00f6tkerilgen topla\u015fuvlarn\u0131\u00f1 neticelerine yek\u00fcn \u00e7ekip, regional ve yerli meclislerni\u00f1 a\u011f\u0131mdaki faaliyetini muzakere et\u00fcvde k\u00f6sterilgen aktivlik ve te\u015fkil\u00e2t\u00e7\u0131l\u0131qn\u0131\u00f1 y\u00fcksek seviyesi i\u00e7\u00fcn te\u015fekk\u00fcr bildirdi.<\/p>\n","protected":false},"excerpt":{"rendered":"<p>18-19 yanvar k\u00fcnleri Meclis yolba\u015f\u00e7\u0131lar\u0131 ve Meclis idare reislerini\u00f1 Cank\u00f6y, Qurman ve Seytler regionlar\u0131ndan saylan\u011fan Qurultay deputatlar\u0131, yerli milliy idare organlar\u0131n\u0131\u00f1 reisleri, yerli \u015furalarn\u0131\u00f1 deputatlar\u0131 ve musulman cemiyetlerini\u00f1 reisleri ile birlikte regionlarara topla\u015fuvlar\u0131 ol\u0131p ke\u00e7ti. Topla\u015fuvlarn\u0131\u00f1 i\u015finde Milliy Meclis reisi Refat \u00c7ubarov, Meclis idare reberleri &#8211; Zaur Smirnov, Ayder Acimambetov, Emine Avamileva, Seydamet Yagyayev, K\u00e2tibiyet [&hellip;]<\/p>\n","protected":false},"author":1,"featured_media":42665,"comment_status":"open","ping_status":"open","sticky":false,"template":"","format":"standard","meta":{"inline_featured_image":false,"footnotes":""},"categories":[265],"tags":[],"class_list":["post-42656","post","type-post","status-publish","format-standard","has-post-thumbnail","hentry","category-haberler"],"acf":[],"yoast_head":"<!-- This site is optimized with the Yoast SEO plugin v27.4 - https:\/\/yoast.com\/product\/yoast-seo-wordpress\/ -->\n<title>Meclis yolba\u015f\u00e7\u0131lar\u0131n\u0131\u00f1 Cank\u00f6y, Qurman ve Seytler regionlar\u0131nda topla\u015fuvlar\u0131 - \u041c\u0435\u0434\u0436\u043b\u0456\u0441<\/title>\n<meta name=\"robots\" content=\"index, follow, max-snippet:-1, max-image-preview:large, max-video-preview:-1\" \/>\n<link rel=\"canonical\" href=\"https:\/\/qtmm.org\/qt\/meclis-yolbascilarinin-cankoy-qurman-ve-seytler-regionlarinda-toplasuvlari\/\" \/>\n<meta property=\"og:locale\" content=\"en_US\" \/>\n<meta property=\"og:type\" content=\"article\" \/>\n<meta property=\"og:title\" content=\"Meclis yolba\u015f\u00e7\u0131lar\u0131n\u0131\u00f1 Cank\u00f6y, Qurman ve Seytler regionlar\u0131nda topla\u015fuvlar\u0131 - \u041c\u0435\u0434\u0436\u043b\u0456\u0441\" \/>\n<meta property=\"og:description\" content=\"18-19 yanvar k\u00fcnleri Meclis yolba\u015f\u00e7\u0131lar\u0131 ve Meclis idare reislerini\u00f1 Cank\u00f6y, Qurman ve Seytler regionlar\u0131ndan saylan\u011fan Qurultay deputatlar\u0131, yerli milliy idare organlar\u0131n\u0131\u00f1 reisleri, yerli \u015furalarn\u0131\u00f1 deputatlar\u0131 ve musulman cemiyetlerini\u00f1 reisleri ile birlikte regionlarara topla\u015fuvlar\u0131 ol\u0131p ke\u00e7ti. Topla\u015fuvlarn\u0131\u00f1 i\u015finde Milliy Meclis reisi Refat \u00c7ubarov, Meclis idare reberleri &#8211; Zaur Smirnov, Ayder Acimambetov, Emine Avamileva, Seydamet Yagyayev, K\u00e2tibiyet [&hellip;]\" \/>\n<meta property=\"og:url\" content=\"https:\/\/qtmm.org\/qt\/meclis-yolbascilarinin-cankoy-qurman-ve-seytler-regionlarinda-toplasuvlari\/\" \/>\n<meta property=\"og:site_name\" content=\"\u041c\u0435\u0434\u0436\u043b\u0456\u0441\" \/>\n<meta property=\"article:publisher\" content=\"https:\/\/www.facebook.com\/qtmm.info\/\" \/>\n<meta property=\"article:published_time\" content=\"2014-01-20T14:02:00+00:00\" \/>\n<meta property=\"article:modified_time\" content=\"2022-01-27T14:04:10+00:00\" \/>\n<meta property=\"og:image\" content=\"https:\/\/qtmm.org\/wp-content\/uploads\/2022\/01\/img_4691.jpeg\" \/>\n\t<meta property=\"og:image:width\" content=\"800\" \/>\n\t<meta property=\"og:image:height\" content=\"600\" \/>\n\t<meta property=\"og:image:type\" content=\"image\/jpeg\" \/>\n<meta name=\"author\" content=\"Developer\" \/>\n<meta name=\"twitter:card\" content=\"summary_large_image\" \/>\n<meta name=\"twitter:label1\" content=\"Written by\" \/>\n\t<meta name=\"twitter:data1\" content=\"Developer\" \/>\n\t<meta name=\"twitter:label2\" content=\"Est. reading time\" \/>\n\t<meta name=\"twitter:data2\" content=\"4 minutes\" \/>\n<script type=\"application\/ld+json\" class=\"yoast-schema-graph\">{\"@context\":\"https:\\\/\\\/schema.org\",\"@graph\":[{\"@type\":\"Article\",\"@id\":\"https:\\\/\\\/qtmm.org\\\/qt\\\/meclis-yolbascilarinin-cankoy-qurman-ve-seytler-regionlarinda-toplasuvlari\\\/#article\",\"isPartOf\":{\"@id\":\"https:\\\/\\\/qtmm.org\\\/qt\\\/meclis-yolbascilarinin-cankoy-qurman-ve-seytler-regionlarinda-toplasuvlari\\\/\"},\"author\":{\"name\":\"Developer\",\"@id\":\"https:\\\/\\\/qtmm.org\\\/qt\\\/#\\\/schema\\\/person\\\/de562469f971dec226ac06e60bbf74a7\"},\"headline\":\"Meclis yolba\u015f\u00e7\u0131lar\u0131n\u0131\u00f1 Cank\u00f6y, Qurman ve Seytler regionlar\u0131nda topla\u015fuvlar\u0131\",\"datePublished\":\"2014-01-20T14:02:00+00:00\",\"dateModified\":\"2022-01-27T14:04:10+00:00\",\"mainEntityOfPage\":{\"@id\":\"https:\\\/\\\/qtmm.org\\\/qt\\\/meclis-yolbascilarinin-cankoy-qurman-ve-seytler-regionlarinda-toplasuvlari\\\/\"},\"wordCount\":749,\"commentCount\":0,\"publisher\":{\"@id\":\"https:\\\/\\\/qtmm.org\\\/qt\\\/#organization\"},\"image\":{\"@id\":\"https:\\\/\\\/qtmm.org\\\/qt\\\/meclis-yolbascilarinin-cankoy-qurman-ve-seytler-regionlarinda-toplasuvlari\\\/#primaryimage\"},\"thumbnailUrl\":\"https:\\\/\\\/qtmm.org\\\/wp-content\\\/uploads\\\/2022\\\/01\\\/img_4691.jpeg\",\"articleSection\":[\"Haberler\"],\"inLanguage\":\"qt\",\"potentialAction\":[{\"@type\":\"CommentAction\",\"name\":\"Comment\",\"target\":[\"https:\\\/\\\/qtmm.org\\\/qt\\\/meclis-yolbascilarinin-cankoy-qurman-ve-seytler-regionlarinda-toplasuvlari\\\/#respond\"]}]},{\"@type\":\"WebPage\",\"@id\":\"https:\\\/\\\/qtmm.org\\\/qt\\\/meclis-yolbascilarinin-cankoy-qurman-ve-seytler-regionlarinda-toplasuvlari\\\/\",\"url\":\"https:\\\/\\\/qtmm.org\\\/qt\\\/meclis-yolbascilarinin-cankoy-qurman-ve-seytler-regionlarinda-toplasuvlari\\\/\",\"name\":\"Meclis yolba\u015f\u00e7\u0131lar\u0131n\u0131\u00f1 Cank\u00f6y, Qurman ve Seytler regionlar\u0131nda topla\u015fuvlar\u0131 - \u041c\u0435\u0434\u0436\u043b\u0456\u0441\",\"isPartOf\":{\"@id\":\"https:\\\/\\\/qtmm.org\\\/qt\\\/#website\"},\"primaryImageOfPage\":{\"@id\":\"https:\\\/\\\/qtmm.org\\\/qt\\\/meclis-yolbascilarinin-cankoy-qurman-ve-seytler-regionlarinda-toplasuvlari\\\/#primaryimage\"},\"image\":{\"@id\":\"https:\\\/\\\/qtmm.org\\\/qt\\\/meclis-yolbascilarinin-cankoy-qurman-ve-seytler-regionlarinda-toplasuvlari\\\/#primaryimage\"},\"thumbnailUrl\":\"https:\\\/\\\/qtmm.org\\\/wp-content\\\/uploads\\\/2022\\\/01\\\/img_4691.jpeg\",\"datePublished\":\"2014-01-20T14:02:00+00:00\",\"dateModified\":\"2022-01-27T14:04:10+00:00\",\"breadcrumb\":{\"@id\":\"https:\\\/\\\/qtmm.org\\\/qt\\\/meclis-yolbascilarinin-cankoy-qurman-ve-seytler-regionlarinda-toplasuvlari\\\/#breadcrumb\"},\"inLanguage\":\"qt\",\"potentialAction\":[{\"@type\":\"ReadAction\",\"target\":[\"https:\\\/\\\/qtmm.org\\\/qt\\\/meclis-yolbascilarinin-cankoy-qurman-ve-seytler-regionlarinda-toplasuvlari\\\/\"]}]},{\"@type\":\"ImageObject\",\"inLanguage\":\"qt\",\"@id\":\"https:\\\/\\\/qtmm.org\\\/qt\\\/meclis-yolbascilarinin-cankoy-qurman-ve-seytler-regionlarinda-toplasuvlari\\\/#primaryimage\",\"url\":\"https:\\\/\\\/qtmm.org\\\/wp-content\\\/uploads\\\/2022\\\/01\\\/img_4691.jpeg\",\"contentUrl\":\"https:\\\/\\\/qtmm.org\\\/wp-content\\\/uploads\\\/2022\\\/01\\\/img_4691.jpeg\",\"width\":800,\"height\":600},{\"@type\":\"BreadcrumbList\",\"@id\":\"https:\\\/\\\/qtmm.org\\\/qt\\\/meclis-yolbascilarinin-cankoy-qurman-ve-seytler-regionlarinda-toplasuvlari\\\/#breadcrumb\",\"itemListElement\":[{\"@type\":\"ListItem\",\"position\":1,\"name\":\"\u0413\u043e\u043b\u043e\u0432\u043d\u0430\",\"item\":\"https:\\\/\\\/qtmm.org\\\/qt\\\/\"},{\"@type\":\"ListItem\",\"position\":2,\"name\":\"Meclis yolba\u015f\u00e7\u0131lar\u0131n\u0131\u00f1 Cank\u00f6y, Qurman ve Seytler regionlar\u0131nda topla\u015fuvlar\u0131\"}]},{\"@type\":\"WebSite\",\"@id\":\"https:\\\/\\\/qtmm.org\\\/qt\\\/#website\",\"url\":\"https:\\\/\\\/qtmm.org\\\/qt\\\/\",\"name\":\"\u041c\u0435\u0434\u0436\u043b\u0456\u0441\",\"description\":\"\",\"publisher\":{\"@id\":\"https:\\\/\\\/qtmm.org\\\/qt\\\/#organization\"},\"potentialAction\":[{\"@type\":\"SearchAction\",\"target\":{\"@type\":\"EntryPoint\",\"urlTemplate\":\"https:\\\/\\\/qtmm.org\\\/qt\\\/?s={search_term_string}\"},\"query-input\":{\"@type\":\"PropertyValueSpecification\",\"valueRequired\":true,\"valueName\":\"search_term_string\"}}],\"inLanguage\":\"qt\"},{\"@type\":\"Organization\",\"@id\":\"https:\\\/\\\/qtmm.org\\\/qt\\\/#organization\",\"name\":\"\u041c\u0435\u0434\u0436\u043b\u0456\u0441\",\"url\":\"https:\\\/\\\/qtmm.org\\\/qt\\\/\",\"logo\":{\"@type\":\"ImageObject\",\"inLanguage\":\"qt\",\"@id\":\"https:\\\/\\\/qtmm.org\\\/qt\\\/#\\\/schema\\\/logo\\\/image\\\/\",\"url\":\"https:\\\/\\\/qtmm.org\\\/wp-content\\\/uploads\\\/2024\\\/12\\\/ua-mejlis-logo-rgb.svg\",\"contentUrl\":\"https:\\\/\\\/qtmm.org\\\/wp-content\\\/uploads\\\/2024\\\/12\\\/ua-mejlis-logo-rgb.svg\",\"caption\":\"\u041c\u0435\u0434\u0436\u043b\u0456\u0441\"},\"image\":{\"@id\":\"https:\\\/\\\/qtmm.org\\\/qt\\\/#\\\/schema\\\/logo\\\/image\\\/\"},\"sameAs\":[\"https:\\\/\\\/www.facebook.com\\\/qtmm.info\\\/\"]},{\"@type\":\"Person\",\"@id\":\"https:\\\/\\\/qtmm.org\\\/qt\\\/#\\\/schema\\\/person\\\/de562469f971dec226ac06e60bbf74a7\",\"name\":\"Developer\",\"image\":{\"@type\":\"ImageObject\",\"inLanguage\":\"qt\",\"@id\":\"https:\\\/\\\/secure.gravatar.com\\\/avatar\\\/392b4cc8fbfeb00b39dfeeab4ee6edded39ffd48e25858637e4765810300227e?s=96&d=mm&r=g\",\"url\":\"https:\\\/\\\/secure.gravatar.com\\\/avatar\\\/392b4cc8fbfeb00b39dfeeab4ee6edded39ffd48e25858637e4765810300227e?s=96&d=mm&r=g\",\"contentUrl\":\"https:\\\/\\\/secure.gravatar.com\\\/avatar\\\/392b4cc8fbfeb00b39dfeeab4ee6edded39ffd48e25858637e4765810300227e?s=96&d=mm&r=g\",\"caption\":\"Developer\"},\"url\":\"https:\\\/\\\/qtmm.org\\\/qt\\\/author\\\/Developer\\\/\"}]}<\/script>\n<!-- \/ Yoast SEO plugin. -->","yoast_head_json":{"title":"Meclis yolba\u015f\u00e7\u0131lar\u0131n\u0131\u00f1 Cank\u00f6y, Qurman ve Seytler regionlar\u0131nda topla\u015fuvlar\u0131 - \u041c\u0435\u0434\u0436\u043b\u0456\u0441","robots":{"index":"index","follow":"follow","max-snippet":"max-snippet:-1","max-image-preview":"max-image-preview:large","max-video-preview":"max-video-preview:-1"},"canonical":"https:\/\/qtmm.org\/qt\/meclis-yolbascilarinin-cankoy-qurman-ve-seytler-regionlarinda-toplasuvlari\/","og_locale":"en_US","og_type":"article","og_title":"Meclis yolba\u015f\u00e7\u0131lar\u0131n\u0131\u00f1 Cank\u00f6y, Qurman ve Seytler regionlar\u0131nda topla\u015fuvlar\u0131 - \u041c\u0435\u0434\u0436\u043b\u0456\u0441","og_description":"18-19 yanvar k\u00fcnleri Meclis yolba\u015f\u00e7\u0131lar\u0131 ve Meclis idare reislerini\u00f1 Cank\u00f6y, Qurman ve Seytler regionlar\u0131ndan saylan\u011fan Qurultay deputatlar\u0131, yerli milliy idare organlar\u0131n\u0131\u00f1 reisleri, yerli \u015furalarn\u0131\u00f1 deputatlar\u0131 ve musulman cemiyetlerini\u00f1 reisleri ile birlikte regionlarara topla\u015fuvlar\u0131 ol\u0131p ke\u00e7ti. Topla\u015fuvlarn\u0131\u00f1 i\u015finde Milliy Meclis reisi Refat \u00c7ubarov, Meclis idare reberleri &#8211; Zaur Smirnov, Ayder Acimambetov, Emine Avamileva, Seydamet Yagyayev, K\u00e2tibiyet [&hellip;]","og_url":"https:\/\/qtmm.org\/qt\/meclis-yolbascilarinin-cankoy-qurman-ve-seytler-regionlarinda-toplasuvlari\/","og_site_name":"\u041c\u0435\u0434\u0436\u043b\u0456\u0441","article_publisher":"https:\/\/www.facebook.com\/qtmm.info\/","article_published_time":"2014-01-20T14:02:00+00:00","article_modified_time":"2022-01-27T14:04:10+00:00","og_image":[{"width":800,"height":600,"url":"https:\/\/qtmm.org\/wp-content\/uploads\/2022\/01\/img_4691.jpeg","type":"image\/jpeg"}],"author":"Developer","twitter_card":"summary_large_image","twitter_misc":{"Written by":"Developer","Est. reading time":"4 minutes"},"schema":{"@context":"https:\/\/schema.org","@graph":[{"@type":"Article","@id":"https:\/\/qtmm.org\/qt\/meclis-yolbascilarinin-cankoy-qurman-ve-seytler-regionlarinda-toplasuvlari\/#article","isPartOf":{"@id":"https:\/\/qtmm.org\/qt\/meclis-yolbascilarinin-cankoy-qurman-ve-seytler-regionlarinda-toplasuvlari\/"},"author":{"name":"Developer","@id":"https:\/\/qtmm.org\/qt\/#\/schema\/person\/de562469f971dec226ac06e60bbf74a7"},"headline":"Meclis yolba\u015f\u00e7\u0131lar\u0131n\u0131\u00f1 Cank\u00f6y, Qurman ve Seytler regionlar\u0131nda topla\u015fuvlar\u0131","datePublished":"2014-01-20T14:02:00+00:00","dateModified":"2022-01-27T14:04:10+00:00","mainEntityOfPage":{"@id":"https:\/\/qtmm.org\/qt\/meclis-yolbascilarinin-cankoy-qurman-ve-seytler-regionlarinda-toplasuvlari\/"},"wordCount":749,"commentCount":0,"publisher":{"@id":"https:\/\/qtmm.org\/qt\/#organization"},"image":{"@id":"https:\/\/qtmm.org\/qt\/meclis-yolbascilarinin-cankoy-qurman-ve-seytler-regionlarinda-toplasuvlari\/#primaryimage"},"thumbnailUrl":"https:\/\/qtmm.org\/wp-content\/uploads\/2022\/01\/img_4691.jpeg","articleSection":["Haberler"],"inLanguage":"qt","potentialAction":[{"@type":"CommentAction","name":"Comment","target":["https:\/\/qtmm.org\/qt\/meclis-yolbascilarinin-cankoy-qurman-ve-seytler-regionlarinda-toplasuvlari\/#respond"]}]},{"@type":"WebPage","@id":"https:\/\/qtmm.org\/qt\/meclis-yolbascilarinin-cankoy-qurman-ve-seytler-regionlarinda-toplasuvlari\/","url":"https:\/\/qtmm.org\/qt\/meclis-yolbascilarinin-cankoy-qurman-ve-seytler-regionlarinda-toplasuvlari\/","name":"Meclis yolba\u015f\u00e7\u0131lar\u0131n\u0131\u00f1 Cank\u00f6y, Qurman ve Seytler regionlar\u0131nda topla\u015fuvlar\u0131 - \u041c\u0435\u0434\u0436\u043b\u0456\u0441","isPartOf":{"@id":"https:\/\/qtmm.org\/qt\/#website"},"primaryImageOfPage":{"@id":"https:\/\/qtmm.org\/qt\/meclis-yolbascilarinin-cankoy-qurman-ve-seytler-regionlarinda-toplasuvlari\/#primaryimage"},"image":{"@id":"https:\/\/qtmm.org\/qt\/meclis-yolbascilarinin-cankoy-qurman-ve-seytler-regionlarinda-toplasuvlari\/#primaryimage"},"thumbnailUrl":"https:\/\/qtmm.org\/wp-content\/uploads\/2022\/01\/img_4691.jpeg","datePublished":"2014-01-20T14:02:00+00:00","dateModified":"2022-01-27T14:04:10+00:00","breadcrumb":{"@id":"https:\/\/qtmm.org\/qt\/meclis-yolbascilarinin-cankoy-qurman-ve-seytler-regionlarinda-toplasuvlari\/#breadcrumb"},"inLanguage":"qt","potentialAction":[{"@type":"ReadAction","target":["https:\/\/qtmm.org\/qt\/meclis-yolbascilarinin-cankoy-qurman-ve-seytler-regionlarinda-toplasuvlari\/"]}]},{"@type":"ImageObject","inLanguage":"qt","@id":"https:\/\/qtmm.org\/qt\/meclis-yolbascilarinin-cankoy-qurman-ve-seytler-regionlarinda-toplasuvlari\/#primaryimage","url":"https:\/\/qtmm.org\/wp-content\/uploads\/2022\/01\/img_4691.jpeg","contentUrl":"https:\/\/qtmm.org\/wp-content\/uploads\/2022\/01\/img_4691.jpeg","width":800,"height":600},{"@type":"BreadcrumbList","@id":"https:\/\/qtmm.org\/qt\/meclis-yolbascilarinin-cankoy-qurman-ve-seytler-regionlarinda-toplasuvlari\/#breadcrumb","itemListElement":[{"@type":"ListItem","position":1,"name":"\u0413\u043e\u043b\u043e\u0432\u043d\u0430","item":"https:\/\/qtmm.org\/qt\/"},{"@type":"ListItem","position":2,"name":"Meclis yolba\u015f\u00e7\u0131lar\u0131n\u0131\u00f1 Cank\u00f6y, Qurman ve Seytler regionlar\u0131nda topla\u015fuvlar\u0131"}]},{"@type":"WebSite","@id":"https:\/\/qtmm.org\/qt\/#website","url":"https:\/\/qtmm.org\/qt\/","name":"\u041c\u0435\u0434\u0436\u043b\u0456\u0441","description":"","publisher":{"@id":"https:\/\/qtmm.org\/qt\/#organization"},"potentialAction":[{"@type":"SearchAction","target":{"@type":"EntryPoint","urlTemplate":"https:\/\/qtmm.org\/qt\/?s={search_term_string}"},"query-input":{"@type":"PropertyValueSpecification","valueRequired":true,"valueName":"search_term_string"}}],"inLanguage":"qt"},{"@type":"Organization","@id":"https:\/\/qtmm.org\/qt\/#organization","name":"\u041c\u0435\u0434\u0436\u043b\u0456\u0441","url":"https:\/\/qtmm.org\/qt\/","logo":{"@type":"ImageObject","inLanguage":"qt","@id":"https:\/\/qtmm.org\/qt\/#\/schema\/logo\/image\/","url":"https:\/\/qtmm.org\/wp-content\/uploads\/2024\/12\/ua-mejlis-logo-rgb.svg","contentUrl":"https:\/\/qtmm.org\/wp-content\/uploads\/2024\/12\/ua-mejlis-logo-rgb.svg","caption":"\u041c\u0435\u0434\u0436\u043b\u0456\u0441"},"image":{"@id":"https:\/\/qtmm.org\/qt\/#\/schema\/logo\/image\/"},"sameAs":["https:\/\/www.facebook.com\/qtmm.info\/"]},{"@type":"Person","@id":"https:\/\/qtmm.org\/qt\/#\/schema\/person\/de562469f971dec226ac06e60bbf74a7","name":"Developer","image":{"@type":"ImageObject","inLanguage":"qt","@id":"https:\/\/secure.gravatar.com\/avatar\/392b4cc8fbfeb00b39dfeeab4ee6edded39ffd48e25858637e4765810300227e?s=96&d=mm&r=g","url":"https:\/\/secure.gravatar.com\/avatar\/392b4cc8fbfeb00b39dfeeab4ee6edded39ffd48e25858637e4765810300227e?s=96&d=mm&r=g","contentUrl":"https:\/\/secure.gravatar.com\/avatar\/392b4cc8fbfeb00b39dfeeab4ee6edded39ffd48e25858637e4765810300227e?s=96&d=mm&r=g","caption":"Developer"},"url":"https:\/\/qtmm.org\/qt\/author\/Developer\/"}]}},"_links":{"self":[{"href":"https:\/\/qtmm.org\/qt\/wp-json\/wp\/v2\/posts\/42656","targetHints":{"allow":["GET"]}}],"collection":[{"href":"https:\/\/qtmm.org\/qt\/wp-json\/wp\/v2\/posts"}],"about":[{"href":"https:\/\/qtmm.org\/qt\/wp-json\/wp\/v2\/types\/post"}],"author":[{"embeddable":true,"href":"https:\/\/qtmm.org\/qt\/wp-json\/wp\/v2\/users\/1"}],"replies":[{"embeddable":true,"href":"https:\/\/qtmm.org\/qt\/wp-json\/wp\/v2\/comments?post=42656"}],"version-history":[{"count":1,"href":"https:\/\/qtmm.org\/qt\/wp-json\/wp\/v2\/posts\/42656\/revisions"}],"predecessor-version":[{"id":42669,"href":"https:\/\/qtmm.org\/qt\/wp-json\/wp\/v2\/posts\/42656\/revisions\/42669"}],"wp:featuredmedia":[{"embeddable":true,"href":"https:\/\/qtmm.org\/qt\/wp-json\/wp\/v2\/media\/42665"}],"wp:attachment":[{"href":"https:\/\/qtmm.org\/qt\/wp-json\/wp\/v2\/media?parent=42656"}],"wp:term":[{"taxonomy":"category","embeddable":true,"href":"https:\/\/qtmm.org\/qt\/wp-json\/wp\/v2\/categories?post=42656"},{"taxonomy":"post_tag","embeddable":true,"href":"https:\/\/qtmm.org\/qt\/wp-json\/wp\/v2\/tags?post=42656"}],"curies":[{"name":"wp","href":"https:\/\/api.w.org\/{rel}","templated":true}]}}