




{"id":42654,"date":"2014-01-17T17:01:00","date_gmt":"2014-01-17T14:01:00","guid":{"rendered":"http:\/\/qtmm.org\/?p=42654"},"modified":"2022-01-27T17:02:26","modified_gmt":"2022-01-27T14:02:26","slug":"ukrain-uquqqorcalayicilari-qirimtatar-halqi-milliy-areketinin-faal-istirakcisi-zampira-asanovanin-vefati-munasebetinen-onin-yaqinlari-ve-soy-aqrabalarina-taziye-bildirdiler","status":"publish","type":"post","link":"https:\/\/qtmm.org\/qt\/ukrain-uquqqorcalayicilari-qirimtatar-halqi-milliy-areketinin-faal-istirakcisi-zampira-asanovanin-vefati-munasebetinen-onin-yaqinlari-ve-soy-aqrabalarina-taziye-bildirdiler\/","title":{"rendered":"Ukrain uquqqor\u00e7alay\u0131c\u0131lar\u0131 Q\u0131r\u0131mtatar halq\u0131 milliy areketini\u00f1 faal i\u015ftirak\u00e7isi Zampira Asanovan\u0131\u00f1 vefat\u0131 munasebetinen on\u0131\u00f1 yaq\u0131nlar\u0131 ve soy-aqrabalar\u0131na taziye bildirdiler"},"content":{"rendered":"\n<p class=\"has-text-align-right\"><strong>Q\u0131r\u0131mtatar halq\u0131 Meclisini\u00f1 reisi<br>Refat \u00c7ubarov\u011fa<br><br>Meclisni\u00f1 T\u0131\u015fq\u0131 al\u00e2qalar b\u00f6l\u00fcgini\u00f1 ba\u015f\u0131<br>Ali Hamzinge<\/strong><\/p>\n\n\n\n<p><br><br>Ukrain uquqqor\u00e7alay\u0131c\u0131lar\u0131 Q\u0131r\u0131mtatar halq\u0131 milliy areketini\u00f1 faal i\u015ftirak\u00e7isi Zampira Asanovan\u0131\u00f1 vefat\u0131 munasebetinen on\u0131\u00f1 yaq\u0131nlar\u0131 ve soy-aqrabalar\u0131na taziye bildireler<\/p>\n\n\n\n<p>Biz Zampira Asanovan\u0131 1969 senesi Moskvada &#8220;Q\u0131r\u0131mn\u0131 q\u0131r\u0131mtatarlar\u011fa qaytar\u0131\u00f1\u0131z!&#8221;, &#8220;General Grigorenko azat etilsin!&#8221; kibi \u015fiarlarnen yap\u0131l\u011fan numay\u0131\u015fn\u0131\u00f1 te\u015febb\u00fcs\u00e7isi ve i\u015ftirak\u00e7isi olaraq hat\u0131rlaym\u0131z. Bizim qalplerimizde ve hat\u0131ram\u0131zda o daima \u00f6z halq\u0131n\u0131\u00f1 ces\u00fcr ve yorulma\u011fa bilmegen k\u00fcre\u015f\u00e7isi olaraq saqlan\u0131p qalacaq.<\/p>\n\n\n\n<p>Q\u0131r\u0131mtarlarn\u0131\u00f1 yan\u0131\u011f\u0131n\u0131 payla\u015fam\u0131z.<\/p>\n\n\n\n<p><br><strong><em>\u00d6les \u015eev\u00e7enko, Yevgeniy Sverst\u00fck, Vasiliy \u00d6vsiyenko,<\/em><\/strong><\/p>\n\n\n\n<p><strong><em>\u0130osif Zisels, Miroslav Marinovi\u00e7.<\/em><\/strong><\/p>\n","protected":false},"excerpt":{"rendered":"<p>Q\u0131r\u0131mtatar halq\u0131 Meclisini\u00f1 reisiRefat \u00c7ubarov\u011fa Meclisni\u00f1 T\u0131\u015fq\u0131 al\u00e2qalar b\u00f6l\u00fcgini\u00f1 ba\u015f\u0131Ali Hamzinge Ukrain uquqqor\u00e7alay\u0131c\u0131lar\u0131 Q\u0131r\u0131mtatar halq\u0131 milliy areketini\u00f1 faal i\u015ftirak\u00e7isi Zampira Asanovan\u0131\u00f1 vefat\u0131 munasebetinen on\u0131\u00f1 yaq\u0131nlar\u0131 ve soy-aqrabalar\u0131na taziye bildireler Biz Zampira Asanovan\u0131 1969 senesi Moskvada &#8220;Q\u0131r\u0131mn\u0131 q\u0131r\u0131mtatarlar\u011fa qaytar\u0131\u00f1\u0131z!&#8221;, &#8220;General Grigorenko azat etilsin!&#8221; kibi \u015fiarlarnen yap\u0131l\u011fan numay\u0131\u015fn\u0131\u00f1 te\u015febb\u00fcs\u00e7isi ve i\u015ftirak\u00e7isi olaraq hat\u0131rlaym\u0131z. Bizim qalplerimizde ve hat\u0131ram\u0131zda [&hellip;]<\/p>\n","protected":false},"author":1,"featured_media":0,"comment_status":"open","ping_status":"open","sticky":false,"template":"","format":"standard","meta":{"inline_featured_image":false,"footnotes":""},"categories":[265],"tags":[],"class_list":["post-42654","post","type-post","status-publish","format-standard","hentry","category-haberler"],"acf":[],"yoast_head":"<!-- This site is optimized with the Yoast SEO plugin v27.4 - https:\/\/yoast.com\/product\/yoast-seo-wordpress\/ -->\n<title>Ukrain uquqqor\u00e7alay\u0131c\u0131lar\u0131 Q\u0131r\u0131mtatar halq\u0131 milliy areketini\u00f1 faal i\u015ftirak\u00e7isi Zampira Asanovan\u0131\u00f1 vefat\u0131 munasebetinen on\u0131\u00f1 yaq\u0131nlar\u0131 ve soy-aqrabalar\u0131na taziye bildirdiler - \u041c\u0435\u0434\u0436\u043b\u0456\u0441<\/title>\n<meta name=\"robots\" content=\"index, follow, max-snippet:-1, max-image-preview:large, max-video-preview:-1\" \/>\n<link rel=\"canonical\" href=\"https:\/\/qtmm.org\/qt\/ukrain-uquqqorcalayicilari-qirimtatar-halqi-milliy-areketinin-faal-istirakcisi-zampira-asanovanin-vefati-munasebetinen-onin-yaqinlari-ve-soy-aqrabalarina-taziye-bildirdiler\/\" \/>\n<meta property=\"og:locale\" content=\"en_US\" \/>\n<meta property=\"og:type\" content=\"article\" \/>\n<meta property=\"og:title\" content=\"Ukrain uquqqor\u00e7alay\u0131c\u0131lar\u0131 Q\u0131r\u0131mtatar halq\u0131 milliy areketini\u00f1 faal i\u015ftirak\u00e7isi Zampira Asanovan\u0131\u00f1 vefat\u0131 munasebetinen on\u0131\u00f1 yaq\u0131nlar\u0131 ve soy-aqrabalar\u0131na taziye bildirdiler - \u041c\u0435\u0434\u0436\u043b\u0456\u0441\" \/>\n<meta property=\"og:description\" content=\"Q\u0131r\u0131mtatar halq\u0131 Meclisini\u00f1 reisiRefat \u00c7ubarov\u011fa Meclisni\u00f1 T\u0131\u015fq\u0131 al\u00e2qalar b\u00f6l\u00fcgini\u00f1 ba\u015f\u0131Ali Hamzinge Ukrain uquqqor\u00e7alay\u0131c\u0131lar\u0131 Q\u0131r\u0131mtatar halq\u0131 milliy areketini\u00f1 faal i\u015ftirak\u00e7isi Zampira Asanovan\u0131\u00f1 vefat\u0131 munasebetinen on\u0131\u00f1 yaq\u0131nlar\u0131 ve soy-aqrabalar\u0131na taziye bildireler Biz Zampira Asanovan\u0131 1969 senesi Moskvada &#8220;Q\u0131r\u0131mn\u0131 q\u0131r\u0131mtatarlar\u011fa qaytar\u0131\u00f1\u0131z!&#8221;, &#8220;General Grigorenko azat etilsin!&#8221; kibi \u015fiarlarnen yap\u0131l\u011fan numay\u0131\u015fn\u0131\u00f1 te\u015febb\u00fcs\u00e7isi ve i\u015ftirak\u00e7isi olaraq hat\u0131rlaym\u0131z. Bizim qalplerimizde ve hat\u0131ram\u0131zda [&hellip;]\" \/>\n<meta property=\"og:url\" content=\"https:\/\/qtmm.org\/qt\/ukrain-uquqqorcalayicilari-qirimtatar-halqi-milliy-areketinin-faal-istirakcisi-zampira-asanovanin-vefati-munasebetinen-onin-yaqinlari-ve-soy-aqrabalarina-taziye-bildirdiler\/\" \/>\n<meta property=\"og:site_name\" content=\"\u041c\u0435\u0434\u0436\u043b\u0456\u0441\" \/>\n<meta property=\"article:publisher\" content=\"https:\/\/www.facebook.com\/qtmm.info\/\" \/>\n<meta property=\"article:published_time\" content=\"2014-01-17T14:01:00+00:00\" \/>\n<meta property=\"article:modified_time\" content=\"2022-01-27T14:02:26+00:00\" \/>\n<meta name=\"author\" content=\"Developer\" \/>\n<meta name=\"twitter:card\" content=\"summary_large_image\" \/>\n<meta name=\"twitter:label1\" content=\"Written by\" \/>\n\t<meta name=\"twitter:data1\" content=\"Developer\" \/>\n\t<meta name=\"twitter:label2\" content=\"Est. reading time\" \/>\n\t<meta name=\"twitter:data2\" content=\"1 minute\" \/>\n<script type=\"application\/ld+json\" class=\"yoast-schema-graph\">{\"@context\":\"https:\\\/\\\/schema.org\",\"@graph\":[{\"@type\":\"Article\",\"@id\":\"https:\\\/\\\/qtmm.org\\\/qt\\\/ukrain-uquqqorcalayicilari-qirimtatar-halqi-milliy-areketinin-faal-istirakcisi-zampira-asanovanin-vefati-munasebetinen-onin-yaqinlari-ve-soy-aqrabalarina-taziye-bildirdiler\\\/#article\",\"isPartOf\":{\"@id\":\"https:\\\/\\\/qtmm.org\\\/qt\\\/ukrain-uquqqorcalayicilari-qirimtatar-halqi-milliy-areketinin-faal-istirakcisi-zampira-asanovanin-vefati-munasebetinen-onin-yaqinlari-ve-soy-aqrabalarina-taziye-bildirdiler\\\/\"},\"author\":{\"name\":\"Developer\",\"@id\":\"https:\\\/\\\/qtmm.org\\\/qt\\\/#\\\/schema\\\/person\\\/de562469f971dec226ac06e60bbf74a7\"},\"headline\":\"Ukrain uquqqor\u00e7alay\u0131c\u0131lar\u0131 Q\u0131r\u0131mtatar halq\u0131 milliy areketini\u00f1 faal i\u015ftirak\u00e7isi Zampira Asanovan\u0131\u00f1 vefat\u0131 munasebetinen on\u0131\u00f1 yaq\u0131nlar\u0131 ve soy-aqrabalar\u0131na taziye bildirdiler\",\"datePublished\":\"2014-01-17T14:01:00+00:00\",\"dateModified\":\"2022-01-27T14:02:26+00:00\",\"mainEntityOfPage\":{\"@id\":\"https:\\\/\\\/qtmm.org\\\/qt\\\/ukrain-uquqqorcalayicilari-qirimtatar-halqi-milliy-areketinin-faal-istirakcisi-zampira-asanovanin-vefati-munasebetinen-onin-yaqinlari-ve-soy-aqrabalarina-taziye-bildirdiler\\\/\"},\"wordCount\":154,\"commentCount\":0,\"publisher\":{\"@id\":\"https:\\\/\\\/qtmm.org\\\/qt\\\/#organization\"},\"articleSection\":[\"Haberler\"],\"inLanguage\":\"qt\",\"potentialAction\":[{\"@type\":\"CommentAction\",\"name\":\"Comment\",\"target\":[\"https:\\\/\\\/qtmm.org\\\/qt\\\/ukrain-uquqqorcalayicilari-qirimtatar-halqi-milliy-areketinin-faal-istirakcisi-zampira-asanovanin-vefati-munasebetinen-onin-yaqinlari-ve-soy-aqrabalarina-taziye-bildirdiler\\\/#respond\"]}]},{\"@type\":\"WebPage\",\"@id\":\"https:\\\/\\\/qtmm.org\\\/qt\\\/ukrain-uquqqorcalayicilari-qirimtatar-halqi-milliy-areketinin-faal-istirakcisi-zampira-asanovanin-vefati-munasebetinen-onin-yaqinlari-ve-soy-aqrabalarina-taziye-bildirdiler\\\/\",\"url\":\"https:\\\/\\\/qtmm.org\\\/qt\\\/ukrain-uquqqorcalayicilari-qirimtatar-halqi-milliy-areketinin-faal-istirakcisi-zampira-asanovanin-vefati-munasebetinen-onin-yaqinlari-ve-soy-aqrabalarina-taziye-bildirdiler\\\/\",\"name\":\"Ukrain uquqqor\u00e7alay\u0131c\u0131lar\u0131 Q\u0131r\u0131mtatar halq\u0131 milliy areketini\u00f1 faal i\u015ftirak\u00e7isi Zampira Asanovan\u0131\u00f1 vefat\u0131 munasebetinen on\u0131\u00f1 yaq\u0131nlar\u0131 ve soy-aqrabalar\u0131na taziye bildirdiler - \u041c\u0435\u0434\u0436\u043b\u0456\u0441\",\"isPartOf\":{\"@id\":\"https:\\\/\\\/qtmm.org\\\/qt\\\/#website\"},\"datePublished\":\"2014-01-17T14:01:00+00:00\",\"dateModified\":\"2022-01-27T14:02:26+00:00\",\"breadcrumb\":{\"@id\":\"https:\\\/\\\/qtmm.org\\\/qt\\\/ukrain-uquqqorcalayicilari-qirimtatar-halqi-milliy-areketinin-faal-istirakcisi-zampira-asanovanin-vefati-munasebetinen-onin-yaqinlari-ve-soy-aqrabalarina-taziye-bildirdiler\\\/#breadcrumb\"},\"inLanguage\":\"qt\",\"potentialAction\":[{\"@type\":\"ReadAction\",\"target\":[\"https:\\\/\\\/qtmm.org\\\/qt\\\/ukrain-uquqqorcalayicilari-qirimtatar-halqi-milliy-areketinin-faal-istirakcisi-zampira-asanovanin-vefati-munasebetinen-onin-yaqinlari-ve-soy-aqrabalarina-taziye-bildirdiler\\\/\"]}]},{\"@type\":\"BreadcrumbList\",\"@id\":\"https:\\\/\\\/qtmm.org\\\/qt\\\/ukrain-uquqqorcalayicilari-qirimtatar-halqi-milliy-areketinin-faal-istirakcisi-zampira-asanovanin-vefati-munasebetinen-onin-yaqinlari-ve-soy-aqrabalarina-taziye-bildirdiler\\\/#breadcrumb\",\"itemListElement\":[{\"@type\":\"ListItem\",\"position\":1,\"name\":\"\u0413\u043e\u043b\u043e\u0432\u043d\u0430\",\"item\":\"https:\\\/\\\/qtmm.org\\\/qt\\\/\"},{\"@type\":\"ListItem\",\"position\":2,\"name\":\"Ukrain uquqqor\u00e7alay\u0131c\u0131lar\u0131 Q\u0131r\u0131mtatar halq\u0131 milliy areketini\u00f1 faal i\u015ftirak\u00e7isi Zampira Asanovan\u0131\u00f1 vefat\u0131 munasebetinen on\u0131\u00f1 yaq\u0131nlar\u0131 ve soy-aqrabalar\u0131na taziye bildirdiler\"}]},{\"@type\":\"WebSite\",\"@id\":\"https:\\\/\\\/qtmm.org\\\/qt\\\/#website\",\"url\":\"https:\\\/\\\/qtmm.org\\\/qt\\\/\",\"name\":\"\u041c\u0435\u0434\u0436\u043b\u0456\u0441\",\"description\":\"\",\"publisher\":{\"@id\":\"https:\\\/\\\/qtmm.org\\\/qt\\\/#organization\"},\"potentialAction\":[{\"@type\":\"SearchAction\",\"target\":{\"@type\":\"EntryPoint\",\"urlTemplate\":\"https:\\\/\\\/qtmm.org\\\/qt\\\/?s={search_term_string}\"},\"query-input\":{\"@type\":\"PropertyValueSpecification\",\"valueRequired\":true,\"valueName\":\"search_term_string\"}}],\"inLanguage\":\"qt\"},{\"@type\":\"Organization\",\"@id\":\"https:\\\/\\\/qtmm.org\\\/qt\\\/#organization\",\"name\":\"\u041c\u0435\u0434\u0436\u043b\u0456\u0441\",\"url\":\"https:\\\/\\\/qtmm.org\\\/qt\\\/\",\"logo\":{\"@type\":\"ImageObject\",\"inLanguage\":\"qt\",\"@id\":\"https:\\\/\\\/qtmm.org\\\/qt\\\/#\\\/schema\\\/logo\\\/image\\\/\",\"url\":\"https:\\\/\\\/qtmm.org\\\/wp-content\\\/uploads\\\/2024\\\/12\\\/ua-mejlis-logo-rgb.svg\",\"contentUrl\":\"https:\\\/\\\/qtmm.org\\\/wp-content\\\/uploads\\\/2024\\\/12\\\/ua-mejlis-logo-rgb.svg\",\"caption\":\"\u041c\u0435\u0434\u0436\u043b\u0456\u0441\"},\"image\":{\"@id\":\"https:\\\/\\\/qtmm.org\\\/qt\\\/#\\\/schema\\\/logo\\\/image\\\/\"},\"sameAs\":[\"https:\\\/\\\/www.facebook.com\\\/qtmm.info\\\/\"]},{\"@type\":\"Person\",\"@id\":\"https:\\\/\\\/qtmm.org\\\/qt\\\/#\\\/schema\\\/person\\\/de562469f971dec226ac06e60bbf74a7\",\"name\":\"Developer\",\"image\":{\"@type\":\"ImageObject\",\"inLanguage\":\"qt\",\"@id\":\"https:\\\/\\\/secure.gravatar.com\\\/avatar\\\/392b4cc8fbfeb00b39dfeeab4ee6edded39ffd48e25858637e4765810300227e?s=96&d=mm&r=g\",\"url\":\"https:\\\/\\\/secure.gravatar.com\\\/avatar\\\/392b4cc8fbfeb00b39dfeeab4ee6edded39ffd48e25858637e4765810300227e?s=96&d=mm&r=g\",\"contentUrl\":\"https:\\\/\\\/secure.gravatar.com\\\/avatar\\\/392b4cc8fbfeb00b39dfeeab4ee6edded39ffd48e25858637e4765810300227e?s=96&d=mm&r=g\",\"caption\":\"Developer\"},\"url\":\"https:\\\/\\\/qtmm.org\\\/qt\\\/author\\\/Developer\\\/\"}]}<\/script>\n<!-- \/ Yoast SEO plugin. -->","yoast_head_json":{"title":"Ukrain uquqqor\u00e7alay\u0131c\u0131lar\u0131 Q\u0131r\u0131mtatar halq\u0131 milliy areketini\u00f1 faal i\u015ftirak\u00e7isi Zampira Asanovan\u0131\u00f1 vefat\u0131 munasebetinen on\u0131\u00f1 yaq\u0131nlar\u0131 ve soy-aqrabalar\u0131na taziye bildirdiler - \u041c\u0435\u0434\u0436\u043b\u0456\u0441","robots":{"index":"index","follow":"follow","max-snippet":"max-snippet:-1","max-image-preview":"max-image-preview:large","max-video-preview":"max-video-preview:-1"},"canonical":"https:\/\/qtmm.org\/qt\/ukrain-uquqqorcalayicilari-qirimtatar-halqi-milliy-areketinin-faal-istirakcisi-zampira-asanovanin-vefati-munasebetinen-onin-yaqinlari-ve-soy-aqrabalarina-taziye-bildirdiler\/","og_locale":"en_US","og_type":"article","og_title":"Ukrain uquqqor\u00e7alay\u0131c\u0131lar\u0131 Q\u0131r\u0131mtatar halq\u0131 milliy areketini\u00f1 faal i\u015ftirak\u00e7isi Zampira Asanovan\u0131\u00f1 vefat\u0131 munasebetinen on\u0131\u00f1 yaq\u0131nlar\u0131 ve soy-aqrabalar\u0131na taziye bildirdiler - \u041c\u0435\u0434\u0436\u043b\u0456\u0441","og_description":"Q\u0131r\u0131mtatar halq\u0131 Meclisini\u00f1 reisiRefat \u00c7ubarov\u011fa Meclisni\u00f1 T\u0131\u015fq\u0131 al\u00e2qalar b\u00f6l\u00fcgini\u00f1 ba\u015f\u0131Ali Hamzinge Ukrain uquqqor\u00e7alay\u0131c\u0131lar\u0131 Q\u0131r\u0131mtatar halq\u0131 milliy areketini\u00f1 faal i\u015ftirak\u00e7isi Zampira Asanovan\u0131\u00f1 vefat\u0131 munasebetinen on\u0131\u00f1 yaq\u0131nlar\u0131 ve soy-aqrabalar\u0131na taziye bildireler Biz Zampira Asanovan\u0131 1969 senesi Moskvada &#8220;Q\u0131r\u0131mn\u0131 q\u0131r\u0131mtatarlar\u011fa qaytar\u0131\u00f1\u0131z!&#8221;, &#8220;General Grigorenko azat etilsin!&#8221; kibi \u015fiarlarnen yap\u0131l\u011fan numay\u0131\u015fn\u0131\u00f1 te\u015febb\u00fcs\u00e7isi ve i\u015ftirak\u00e7isi olaraq hat\u0131rlaym\u0131z. Bizim qalplerimizde ve hat\u0131ram\u0131zda [&hellip;]","og_url":"https:\/\/qtmm.org\/qt\/ukrain-uquqqorcalayicilari-qirimtatar-halqi-milliy-areketinin-faal-istirakcisi-zampira-asanovanin-vefati-munasebetinen-onin-yaqinlari-ve-soy-aqrabalarina-taziye-bildirdiler\/","og_site_name":"\u041c\u0435\u0434\u0436\u043b\u0456\u0441","article_publisher":"https:\/\/www.facebook.com\/qtmm.info\/","article_published_time":"2014-01-17T14:01:00+00:00","article_modified_time":"2022-01-27T14:02:26+00:00","author":"Developer","twitter_card":"summary_large_image","twitter_misc":{"Written by":"Developer","Est. reading time":"1 minute"},"schema":{"@context":"https:\/\/schema.org","@graph":[{"@type":"Article","@id":"https:\/\/qtmm.org\/qt\/ukrain-uquqqorcalayicilari-qirimtatar-halqi-milliy-areketinin-faal-istirakcisi-zampira-asanovanin-vefati-munasebetinen-onin-yaqinlari-ve-soy-aqrabalarina-taziye-bildirdiler\/#article","isPartOf":{"@id":"https:\/\/qtmm.org\/qt\/ukrain-uquqqorcalayicilari-qirimtatar-halqi-milliy-areketinin-faal-istirakcisi-zampira-asanovanin-vefati-munasebetinen-onin-yaqinlari-ve-soy-aqrabalarina-taziye-bildirdiler\/"},"author":{"name":"Developer","@id":"https:\/\/qtmm.org\/qt\/#\/schema\/person\/de562469f971dec226ac06e60bbf74a7"},"headline":"Ukrain uquqqor\u00e7alay\u0131c\u0131lar\u0131 Q\u0131r\u0131mtatar halq\u0131 milliy areketini\u00f1 faal i\u015ftirak\u00e7isi Zampira Asanovan\u0131\u00f1 vefat\u0131 munasebetinen on\u0131\u00f1 yaq\u0131nlar\u0131 ve soy-aqrabalar\u0131na taziye bildirdiler","datePublished":"2014-01-17T14:01:00+00:00","dateModified":"2022-01-27T14:02:26+00:00","mainEntityOfPage":{"@id":"https:\/\/qtmm.org\/qt\/ukrain-uquqqorcalayicilari-qirimtatar-halqi-milliy-areketinin-faal-istirakcisi-zampira-asanovanin-vefati-munasebetinen-onin-yaqinlari-ve-soy-aqrabalarina-taziye-bildirdiler\/"},"wordCount":154,"commentCount":0,"publisher":{"@id":"https:\/\/qtmm.org\/qt\/#organization"},"articleSection":["Haberler"],"inLanguage":"qt","potentialAction":[{"@type":"CommentAction","name":"Comment","target":["https:\/\/qtmm.org\/qt\/ukrain-uquqqorcalayicilari-qirimtatar-halqi-milliy-areketinin-faal-istirakcisi-zampira-asanovanin-vefati-munasebetinen-onin-yaqinlari-ve-soy-aqrabalarina-taziye-bildirdiler\/#respond"]}]},{"@type":"WebPage","@id":"https:\/\/qtmm.org\/qt\/ukrain-uquqqorcalayicilari-qirimtatar-halqi-milliy-areketinin-faal-istirakcisi-zampira-asanovanin-vefati-munasebetinen-onin-yaqinlari-ve-soy-aqrabalarina-taziye-bildirdiler\/","url":"https:\/\/qtmm.org\/qt\/ukrain-uquqqorcalayicilari-qirimtatar-halqi-milliy-areketinin-faal-istirakcisi-zampira-asanovanin-vefati-munasebetinen-onin-yaqinlari-ve-soy-aqrabalarina-taziye-bildirdiler\/","name":"Ukrain uquqqor\u00e7alay\u0131c\u0131lar\u0131 Q\u0131r\u0131mtatar halq\u0131 milliy areketini\u00f1 faal i\u015ftirak\u00e7isi Zampira Asanovan\u0131\u00f1 vefat\u0131 munasebetinen on\u0131\u00f1 yaq\u0131nlar\u0131 ve soy-aqrabalar\u0131na taziye bildirdiler - \u041c\u0435\u0434\u0436\u043b\u0456\u0441","isPartOf":{"@id":"https:\/\/qtmm.org\/qt\/#website"},"datePublished":"2014-01-17T14:01:00+00:00","dateModified":"2022-01-27T14:02:26+00:00","breadcrumb":{"@id":"https:\/\/qtmm.org\/qt\/ukrain-uquqqorcalayicilari-qirimtatar-halqi-milliy-areketinin-faal-istirakcisi-zampira-asanovanin-vefati-munasebetinen-onin-yaqinlari-ve-soy-aqrabalarina-taziye-bildirdiler\/#breadcrumb"},"inLanguage":"qt","potentialAction":[{"@type":"ReadAction","target":["https:\/\/qtmm.org\/qt\/ukrain-uquqqorcalayicilari-qirimtatar-halqi-milliy-areketinin-faal-istirakcisi-zampira-asanovanin-vefati-munasebetinen-onin-yaqinlari-ve-soy-aqrabalarina-taziye-bildirdiler\/"]}]},{"@type":"BreadcrumbList","@id":"https:\/\/qtmm.org\/qt\/ukrain-uquqqorcalayicilari-qirimtatar-halqi-milliy-areketinin-faal-istirakcisi-zampira-asanovanin-vefati-munasebetinen-onin-yaqinlari-ve-soy-aqrabalarina-taziye-bildirdiler\/#breadcrumb","itemListElement":[{"@type":"ListItem","position":1,"name":"\u0413\u043e\u043b\u043e\u0432\u043d\u0430","item":"https:\/\/qtmm.org\/qt\/"},{"@type":"ListItem","position":2,"name":"Ukrain uquqqor\u00e7alay\u0131c\u0131lar\u0131 Q\u0131r\u0131mtatar halq\u0131 milliy areketini\u00f1 faal i\u015ftirak\u00e7isi Zampira Asanovan\u0131\u00f1 vefat\u0131 munasebetinen on\u0131\u00f1 yaq\u0131nlar\u0131 ve soy-aqrabalar\u0131na taziye bildirdiler"}]},{"@type":"WebSite","@id":"https:\/\/qtmm.org\/qt\/#website","url":"https:\/\/qtmm.org\/qt\/","name":"\u041c\u0435\u0434\u0436\u043b\u0456\u0441","description":"","publisher":{"@id":"https:\/\/qtmm.org\/qt\/#organization"},"potentialAction":[{"@type":"SearchAction","target":{"@type":"EntryPoint","urlTemplate":"https:\/\/qtmm.org\/qt\/?s={search_term_string}"},"query-input":{"@type":"PropertyValueSpecification","valueRequired":true,"valueName":"search_term_string"}}],"inLanguage":"qt"},{"@type":"Organization","@id":"https:\/\/qtmm.org\/qt\/#organization","name":"\u041c\u0435\u0434\u0436\u043b\u0456\u0441","url":"https:\/\/qtmm.org\/qt\/","logo":{"@type":"ImageObject","inLanguage":"qt","@id":"https:\/\/qtmm.org\/qt\/#\/schema\/logo\/image\/","url":"https:\/\/qtmm.org\/wp-content\/uploads\/2024\/12\/ua-mejlis-logo-rgb.svg","contentUrl":"https:\/\/qtmm.org\/wp-content\/uploads\/2024\/12\/ua-mejlis-logo-rgb.svg","caption":"\u041c\u0435\u0434\u0436\u043b\u0456\u0441"},"image":{"@id":"https:\/\/qtmm.org\/qt\/#\/schema\/logo\/image\/"},"sameAs":["https:\/\/www.facebook.com\/qtmm.info\/"]},{"@type":"Person","@id":"https:\/\/qtmm.org\/qt\/#\/schema\/person\/de562469f971dec226ac06e60bbf74a7","name":"Developer","image":{"@type":"ImageObject","inLanguage":"qt","@id":"https:\/\/secure.gravatar.com\/avatar\/392b4cc8fbfeb00b39dfeeab4ee6edded39ffd48e25858637e4765810300227e?s=96&d=mm&r=g","url":"https:\/\/secure.gravatar.com\/avatar\/392b4cc8fbfeb00b39dfeeab4ee6edded39ffd48e25858637e4765810300227e?s=96&d=mm&r=g","contentUrl":"https:\/\/secure.gravatar.com\/avatar\/392b4cc8fbfeb00b39dfeeab4ee6edded39ffd48e25858637e4765810300227e?s=96&d=mm&r=g","caption":"Developer"},"url":"https:\/\/qtmm.org\/qt\/author\/Developer\/"}]}},"_links":{"self":[{"href":"https:\/\/qtmm.org\/qt\/wp-json\/wp\/v2\/posts\/42654","targetHints":{"allow":["GET"]}}],"collection":[{"href":"https:\/\/qtmm.org\/qt\/wp-json\/wp\/v2\/posts"}],"about":[{"href":"https:\/\/qtmm.org\/qt\/wp-json\/wp\/v2\/types\/post"}],"author":[{"embeddable":true,"href":"https:\/\/qtmm.org\/qt\/wp-json\/wp\/v2\/users\/1"}],"replies":[{"embeddable":true,"href":"https:\/\/qtmm.org\/qt\/wp-json\/wp\/v2\/comments?post=42654"}],"version-history":[{"count":1,"href":"https:\/\/qtmm.org\/qt\/wp-json\/wp\/v2\/posts\/42654\/revisions"}],"predecessor-version":[{"id":42655,"href":"https:\/\/qtmm.org\/qt\/wp-json\/wp\/v2\/posts\/42654\/revisions\/42655"}],"wp:attachment":[{"href":"https:\/\/qtmm.org\/qt\/wp-json\/wp\/v2\/media?parent=42654"}],"wp:term":[{"taxonomy":"category","embeddable":true,"href":"https:\/\/qtmm.org\/qt\/wp-json\/wp\/v2\/categories?post=42654"},{"taxonomy":"post_tag","embeddable":true,"href":"https:\/\/qtmm.org\/qt\/wp-json\/wp\/v2\/tags?post=42654"}],"curies":[{"name":"wp","href":"https:\/\/api.w.org\/{rel}","templated":true}]}}