




{"id":42572,"date":"2014-01-17T16:56:00","date_gmt":"2014-01-17T13:56:00","guid":{"rendered":"http:\/\/qtmm.org\/?p=42572"},"modified":"2022-01-27T17:01:43","modified_gmt":"2022-01-27T14:01:43","slug":"qirimtatar-halqi-belli-uquqqorcalayici-qirimtatar-halqi-milliy-areketinin-veterani-zampira-asanovanen-vedalasti","status":"publish","type":"post","link":"https:\/\/qtmm.org\/qt\/qirimtatar-halqi-belli-uquqqorcalayici-qirimtatar-halqi-milliy-areketinin-veterani-zampira-asanovanen-vedalasti\/","title":{"rendered":"Q\u0131r\u0131mtatar halq\u0131 belli uquqqor\u00e7alay\u0131c\u0131, q\u0131r\u0131mtatar halq\u0131 milliy areketini\u00f1 veteran\u0131 Zampira Asanovanen vedala\u015ft\u0131"},"content":{"rendered":"\n<p>Devaml\u0131 hastal\u0131qtan so\u00f1 2014 senesi yanvar 16 k\u00fcn\u00fc 72 ya\u015f\u0131nda halq\u0131m\u0131zn\u0131\u00f1 sad\u0131q q\u0131z\u0131, belli uquqqor\u00e7alay\u0131c\u0131, q\u0131r\u0131mtatar halq\u0131 milliy areketini\u00f1 veteran\u0131 Zampira Asanova vefat etti.<\/p>\n\n\n\n<p>B\u00fct\u00fcn \u00f6m\u00fcrini halq\u0131n\u0131\u00f1 milliy tiklen\u00fcvine, tarihiy Vatan\u0131 Q\u0131r\u0131m\u011fa qaytar\u0131lmas\u0131 i\u00e7\u00fcn k\u00fcre\u015fke ba\u011f\u0131\u015fla\u011fan Zampira Asanovanen vedala\u015fuv merasimi 2014 senesi yanvar 17 k\u00fcn\u00fc Aqmescitte Kebir camide cuma namaz\u0131ndan so\u00f1 ol\u0131p ke\u00e7ti.<\/p>\n\n\n\n<figure class=\"wp-block-image size-full\"><img loading=\"lazy\" decoding=\"async\" width=\"800\" height=\"600\" src=\"http:\/\/qtmm.org\/wp-content\/uploads\/2022\/01\/lyudi_1.jpeg\" alt=\"\" class=\"wp-image-42573\" srcset=\"https:\/\/qtmm.org\/wp-content\/uploads\/2022\/01\/lyudi_1.jpeg 800w, https:\/\/qtmm.org\/wp-content\/uploads\/2022\/01\/lyudi_1-300x225.jpeg 300w, https:\/\/qtmm.org\/wp-content\/uploads\/2022\/01\/lyudi_1-768x576.jpeg 768w\" sizes=\"auto, (max-width: 800px) 100vw, 800px\" \/><\/figure>\n\n\n\n<p>Bir \u00e7oqlar\u0131 i\u00e7\u00fcn aqiqiy arqada\u015f, dost ve oca ol\u011fan Zampira Asanovan\u0131 so\u00f1ki yol\u011fa oz\u011farmaq i\u00e7\u00fcn Kebir camige on\u0131\u00f1 aqrabalar\u0131, milliy areket i\u015ftirak\u00e7ileri, Ukraina halq deputat\u0131, q\u0131r\u0131mtatar halq\u0131n\u0131\u00f1 lideri Mustafa Cemilev, Meclis reisi Refat \u00c7ubarov, \u0130stanbul q\u0131r\u0131mtatar dernegini\u00f1 ba\u015f\u0131 Cel\u00e2l \u0130\u00e7ten, Meclis azalar\u0131, QMPU rektor\u0131 Fevzi Yaqubov, Ukraina millet\u00e7iler kongressi Q\u0131r\u0131m te\u015fkil\u00e2t\u0131n\u0131\u00f1 reisi Vasiliy Ov\u00e7aruk, q\u0131r\u0131mtatar ve ukrain cemaat te\u015fkil\u00e2tlar\u0131n\u0131\u00f1 vekilleri keldiler. Kebir camide cuma namaz\u0131ndan so\u00f1 Zampira Asanovan\u0131\u00f1 cenazesi q\u0131l\u0131nd\u0131.<\/p>\n\n\n\n<figure class=\"wp-block-image size-full\"><img loading=\"lazy\" decoding=\"async\" width=\"800\" height=\"600\" src=\"http:\/\/qtmm.org\/wp-content\/uploads\/2022\/01\/namaz2.jpeg\" alt=\"\" class=\"wp-image-42577\" srcset=\"https:\/\/qtmm.org\/wp-content\/uploads\/2022\/01\/namaz2.jpeg 800w, https:\/\/qtmm.org\/wp-content\/uploads\/2022\/01\/namaz2-300x225.jpeg 300w, https:\/\/qtmm.org\/wp-content\/uploads\/2022\/01\/namaz2-768x576.jpeg 768w\" sizes=\"auto, (max-width: 800px) 100vw, 800px\" \/><\/figure>\n\n\n\n<figure class=\"wp-block-image size-full\"><img loading=\"lazy\" decoding=\"async\" width=\"800\" height=\"600\" src=\"http:\/\/qtmm.org\/wp-content\/uploads\/2022\/01\/namaz_1.jpeg\" alt=\"\" class=\"wp-image-42581\" srcset=\"https:\/\/qtmm.org\/wp-content\/uploads\/2022\/01\/namaz_1.jpeg 800w, https:\/\/qtmm.org\/wp-content\/uploads\/2022\/01\/namaz_1-300x225.jpeg 300w, https:\/\/qtmm.org\/wp-content\/uploads\/2022\/01\/namaz_1-768x576.jpeg 768w\" sizes=\"auto, (max-width: 800px) 100vw, 800px\" \/><\/figure>\n\n\n\n<p>Mustafa Cemilev Q\u0131r\u0131m musulmanlar\u0131n\u0131\u00f1 M\u00fcftiyi haci Emirali Ablayev, ve Meclis azas\u0131 Riza \u015eevkiyev ile birlikte Zampira Asanovan\u0131\u00f1 ustb\u00fcni q\u0131r\u0131mtatar bayra\u011f\u0131 ile orttiler.<\/p>\n\n\n\n<figure class=\"wp-block-image size-full\"><img loading=\"lazy\" decoding=\"async\" width=\"800\" height=\"600\" src=\"http:\/\/qtmm.org\/wp-content\/uploads\/2022\/01\/dzhenaze_namaz_1.jpeg\" alt=\"\" class=\"wp-image-42585\" srcset=\"https:\/\/qtmm.org\/wp-content\/uploads\/2022\/01\/dzhenaze_namaz_1.jpeg 800w, https:\/\/qtmm.org\/wp-content\/uploads\/2022\/01\/dzhenaze_namaz_1-300x225.jpeg 300w, https:\/\/qtmm.org\/wp-content\/uploads\/2022\/01\/dzhenaze_namaz_1-768x576.jpeg 768w\" sizes=\"auto, (max-width: 800px) 100vw, 800px\" \/><\/figure>\n\n\n\n<figure class=\"wp-block-image size-full\"><img loading=\"lazy\" decoding=\"async\" width=\"800\" height=\"600\" src=\"http:\/\/qtmm.org\/wp-content\/uploads\/2022\/01\/dzhenaze_namaz_3.jpeg\" alt=\"\" class=\"wp-image-42593\" srcset=\"https:\/\/qtmm.org\/wp-content\/uploads\/2022\/01\/dzhenaze_namaz_3.jpeg 800w, https:\/\/qtmm.org\/wp-content\/uploads\/2022\/01\/dzhenaze_namaz_3-300x225.jpeg 300w, https:\/\/qtmm.org\/wp-content\/uploads\/2022\/01\/dzhenaze_namaz_3-768x576.jpeg 768w\" sizes=\"auto, (max-width: 800px) 100vw, 800px\" \/><\/figure>\n\n\n\n<p>&#8220;Zampira Asanova q\u0131r\u0131mtatar halq\u0131n\u0131\u00f1 Vatan\u011fa qaytuv i\u00e7\u00fcn k\u00fcre\u015fini\u00f1 e\u00f1 faal i\u015ftirak\u00e7ilerinden biri edi, &#8211; dedi Mustafa Cemilev, cenaze merasiminde \u00e7\u0131q\u0131\u015fta bulun\u0131rken. &#8211; O, daima k\u00fcre\u015fti ve q\u0131r\u0131mtatar halq\u0131n\u0131\u00f1 aqlar\u0131n\u0131 talap etti, halq k\u00fcre\u015fine b\u00fct\u00fcn barl\u0131\u011f\u0131nen h\u0131zmet etti&#8221;. Zampira Asanova ya\u015f uquqqor\u00e7alay\u0131c\u0131lar i\u00e7\u00fcn \u00f6rnek olabilir, dedi Mustafa Cemilev.<\/p>\n\n\n\n<figure class=\"wp-block-image size-full\"><img loading=\"lazy\" decoding=\"async\" width=\"800\" height=\"600\" src=\"http:\/\/qtmm.org\/wp-content\/uploads\/2022\/01\/flag.jpeg\" alt=\"\" class=\"wp-image-42597\" srcset=\"https:\/\/qtmm.org\/wp-content\/uploads\/2022\/01\/flag.jpeg 800w, https:\/\/qtmm.org\/wp-content\/uploads\/2022\/01\/flag-300x225.jpeg 300w, https:\/\/qtmm.org\/wp-content\/uploads\/2022\/01\/flag-768x576.jpeg 768w\" sizes=\"auto, (max-width: 800px) 100vw, 800px\" \/><\/figure>\n\n\n\n<p>\u0130stanbul q\u0131r\u0131mtatar dernegini\u00f1 ba\u015f\u0131 Cel\u00e2l \u0130\u00e7ten Zampira Asanovan\u0131\u00f1 q\u0131r\u0131mtatarlarn\u0131\u00f1 aqlar\u0131n\u0131 \u011fayr\u0131dan tiklev i\u015fine qo\u015fqan b\u00fcy\u00fck issesini ayr\u0131ca qayd etip, halq on\u0131\u00f1 yapqan h\u0131zmetlerini unutmayca\u011f\u0131na eminligini bildirdi.<\/p>\n\n\n\n<figure class=\"wp-block-image size-full\"><img loading=\"lazy\" decoding=\"async\" width=\"800\" height=\"600\" src=\"http:\/\/qtmm.org\/wp-content\/uploads\/2022\/01\/md_1.jpeg\" alt=\"\" class=\"wp-image-42601\" srcset=\"https:\/\/qtmm.org\/wp-content\/uploads\/2022\/01\/md_1.jpeg 800w, https:\/\/qtmm.org\/wp-content\/uploads\/2022\/01\/md_1-300x225.jpeg 300w, https:\/\/qtmm.org\/wp-content\/uploads\/2022\/01\/md_1-768x576.jpeg 768w\" sizes=\"auto, (max-width: 800px) 100vw, 800px\" \/><\/figure>\n\n\n\n<p>Zampira han\u0131mn\u0131\u00f1 eki do\u011fmu\u015f a\u011fas\u0131 QMPU rektor\u0131 Fevzi Yaqubov Zampira ekim olmaqn\u0131 arzu etip tibbiyat institut\u0131n\u0131 bitirdi, amma , milliy areket saflar\u0131na qo\u015ful\u011fan so\u00f1 b\u00fct\u00fcn siyasiy-i\u00e7timaiy tedbirlerde faal qatna\u015ft\u0131, Meclisni\u00f1 birinci reisi Mustafa Cemilevge yaq\u0131ndan qoltutqan\u0131n\u0131 aytt\u0131.<\/p>\n\n\n\n<figure class=\"wp-block-image size-full\"><img loading=\"lazy\" decoding=\"async\" width=\"800\" height=\"600\" src=\"http:\/\/qtmm.org\/wp-content\/uploads\/2022\/01\/ichten.jpeg\" alt=\"\" class=\"wp-image-42605\" srcset=\"https:\/\/qtmm.org\/wp-content\/uploads\/2022\/01\/ichten.jpeg 800w, https:\/\/qtmm.org\/wp-content\/uploads\/2022\/01\/ichten-300x225.jpeg 300w, https:\/\/qtmm.org\/wp-content\/uploads\/2022\/01\/ichten-768x576.jpeg 768w\" sizes=\"auto, (max-width: 800px) 100vw, 800px\" \/><\/figure>\n\n\n\n<p>Ukraina millet\u00e7iler kongressi Q\u0131r\u0131m te\u015fkil\u00e2t\u0131n\u0131\u00f1 reisi Vasiliy Ov\u00e7aruk q\u0131r\u0131mtatar halq\u0131na Zampira Asanovan\u0131\u00f1 vefat\u0131 munasebetinen taziye bildirerek, on\u0131 q\u0131r\u0131mtatar halq\u0131n\u0131\u00f1 ulu ve munasip q\u0131z\u0131, on\u0131\u00f1 aqiqiy vekilidir, dedi.<\/p>\n\n\n\n<figure class=\"wp-block-image size-full\"><img loading=\"lazy\" decoding=\"async\" width=\"800\" height=\"600\" src=\"http:\/\/qtmm.org\/wp-content\/uploads\/2022\/01\/yakubov.jpeg\" alt=\"\" class=\"wp-image-42609\" srcset=\"https:\/\/qtmm.org\/wp-content\/uploads\/2022\/01\/yakubov.jpeg 800w, https:\/\/qtmm.org\/wp-content\/uploads\/2022\/01\/yakubov-300x225.jpeg 300w, https:\/\/qtmm.org\/wp-content\/uploads\/2022\/01\/yakubov-768x576.jpeg 768w\" sizes=\"auto, (max-width: 800px) 100vw, 800px\" \/><\/figure>\n\n\n\n<figure class=\"wp-block-image size-full\"><img loading=\"lazy\" decoding=\"async\" width=\"800\" height=\"600\" src=\"http:\/\/qtmm.org\/wp-content\/uploads\/2022\/01\/ovcharuk.jpeg\" alt=\"\" class=\"wp-image-42613\" srcset=\"https:\/\/qtmm.org\/wp-content\/uploads\/2022\/01\/ovcharuk.jpeg 800w, https:\/\/qtmm.org\/wp-content\/uploads\/2022\/01\/ovcharuk-300x225.jpeg 300w, https:\/\/qtmm.org\/wp-content\/uploads\/2022\/01\/ovcharuk-768x576.jpeg 768w\" sizes=\"auto, (max-width: 800px) 100vw, 800px\" \/><\/figure>\n\n\n\n<p>&#8220;O,daima ukrain uquqqor\u00e7ay\u0131c\u0131lar\u0131nen dost olaraq, eki halq aras\u0131nda al\u00e2qalarn\u0131\u00f1 qaviyle\u015fmesine h\u0131zmet etti&#8221;, &#8211; dedi Ov\u00e7aruk.<\/p>\n\n\n\n<figure class=\"wp-block-image size-full\"><img loading=\"lazy\" decoding=\"async\" width=\"800\" height=\"600\" src=\"http:\/\/qtmm.org\/wp-content\/uploads\/2022\/01\/alchikvo.jpeg\" alt=\"\" class=\"wp-image-42617\" srcset=\"https:\/\/qtmm.org\/wp-content\/uploads\/2022\/01\/alchikvo.jpeg 800w, https:\/\/qtmm.org\/wp-content\/uploads\/2022\/01\/alchikvo-300x225.jpeg 300w, https:\/\/qtmm.org\/wp-content\/uploads\/2022\/01\/alchikvo-768x576.jpeg 768w\" sizes=\"auto, (max-width: 800px) 100vw, 800px\" \/><\/figure>\n\n\n\n<p>Q\u0131r\u0131mtatar halq\u0131 milliy areketini\u00f1 veteranlar\u0131 ad\u0131ndan \u00e7\u0131q\u0131\u015fta bulun\u011fan Arsen Al\u00e7ikov Zampira han\u0131mn\u0131\u00f1 \u015fu s\u00f6zlerini hat\u0131rlatt\u0131: &#8220;Biz \u00f6z topra\u011f\u0131m\u0131z\u011fa saip olma\u011fance ve milliy bayra\u011f\u0131m\u0131z e\u00f1 y\u00fckseklerde yelpiremegence biz toqtamamaq kerekmiz&#8221;.<\/p>\n\n\n\n<figure class=\"wp-block-image size-full\"><img loading=\"lazy\" decoding=\"async\" width=\"800\" height=\"600\" src=\"http:\/\/qtmm.org\/wp-content\/uploads\/2022\/01\/vynos.jpeg\" alt=\"\" class=\"wp-image-42621\" srcset=\"https:\/\/qtmm.org\/wp-content\/uploads\/2022\/01\/vynos.jpeg 800w, https:\/\/qtmm.org\/wp-content\/uploads\/2022\/01\/vynos-300x225.jpeg 300w, https:\/\/qtmm.org\/wp-content\/uploads\/2022\/01\/vynos-768x576.jpeg 768w\" sizes=\"auto, (max-width: 800px) 100vw, 800px\" \/><\/figure>\n\n\n\n<figure class=\"wp-block-image size-full\"><img loading=\"lazy\" decoding=\"async\" width=\"800\" height=\"600\" src=\"http:\/\/qtmm.org\/wp-content\/uploads\/2022\/01\/vynos_2.jpeg\" alt=\"\" class=\"wp-image-42625\" srcset=\"https:\/\/qtmm.org\/wp-content\/uploads\/2022\/01\/vynos_2.jpeg 800w, https:\/\/qtmm.org\/wp-content\/uploads\/2022\/01\/vynos_2-300x225.jpeg 300w, https:\/\/qtmm.org\/wp-content\/uploads\/2022\/01\/vynos_2-768x576.jpeg 768w\" sizes=\"auto, (max-width: 800px) 100vw, 800px\" \/><\/figure>\n\n\n\n<p>Cenaze merasiminden so\u00f1 cemaat merhumeni &#8220;Abdal&#8221; mezarl\u0131\u011f\u0131na qadar oz\u011far\u0131p, anda defn etti.<\/p>\n\n\n\n<figure class=\"wp-block-gallery columns-3 is-cropped wp-block-gallery-1 is-layout-flex wp-block-gallery-is-layout-flex\"><ul class=\"blocks-gallery-grid\"><li class=\"blocks-gallery-item\"><figure><a href=\"http:\/\/qtmm.org\/wp-content\/uploads\/2022\/01\/vynos_3.jpeg\"><img loading=\"lazy\" decoding=\"async\" width=\"800\" height=\"600\" src=\"http:\/\/qtmm.org\/wp-content\/uploads\/2022\/01\/vynos_3.jpeg\" alt=\"\" data-id=\"42629\" data-full-url=\"http:\/\/qtmm.org\/wp-content\/uploads\/2022\/01\/vynos_3.jpeg\" data-link=\"http:\/\/qtmm.org\/qt\/?attachment_id=42629\" class=\"wp-image-42629\" srcset=\"https:\/\/qtmm.org\/wp-content\/uploads\/2022\/01\/vynos_3.jpeg 800w, https:\/\/qtmm.org\/wp-content\/uploads\/2022\/01\/vynos_3-300x225.jpeg 300w, https:\/\/qtmm.org\/wp-content\/uploads\/2022\/01\/vynos_3-768x576.jpeg 768w\" sizes=\"auto, (max-width: 800px) 100vw, 800px\" \/><\/a><\/figure><\/li><li class=\"blocks-gallery-item\"><figure><a href=\"http:\/\/qtmm.org\/wp-content\/uploads\/2022\/01\/vynos_4.jpeg\"><img loading=\"lazy\" decoding=\"async\" width=\"800\" height=\"600\" src=\"http:\/\/qtmm.org\/wp-content\/uploads\/2022\/01\/vynos_4.jpeg\" alt=\"\" data-id=\"42633\" data-full-url=\"http:\/\/qtmm.org\/wp-content\/uploads\/2022\/01\/vynos_4.jpeg\" data-link=\"http:\/\/qtmm.org\/qt\/?attachment_id=42633\" class=\"wp-image-42633\" srcset=\"https:\/\/qtmm.org\/wp-content\/uploads\/2022\/01\/vynos_4.jpeg 800w, https:\/\/qtmm.org\/wp-content\/uploads\/2022\/01\/vynos_4-300x225.jpeg 300w, https:\/\/qtmm.org\/wp-content\/uploads\/2022\/01\/vynos_4-768x576.jpeg 768w\" sizes=\"auto, (max-width: 800px) 100vw, 800px\" \/><\/a><\/figure><\/li><li class=\"blocks-gallery-item\"><figure><a href=\"http:\/\/qtmm.org\/wp-content\/uploads\/2022\/01\/vyenos_5.jpeg\"><img loading=\"lazy\" decoding=\"async\" width=\"800\" height=\"600\" src=\"http:\/\/qtmm.org\/wp-content\/uploads\/2022\/01\/vyenos_5.jpeg\" alt=\"\" data-id=\"42637\" data-full-url=\"http:\/\/qtmm.org\/wp-content\/uploads\/2022\/01\/vyenos_5.jpeg\" data-link=\"http:\/\/qtmm.org\/qt\/?attachment_id=42637\" class=\"wp-image-42637\" srcset=\"https:\/\/qtmm.org\/wp-content\/uploads\/2022\/01\/vyenos_5.jpeg 800w, https:\/\/qtmm.org\/wp-content\/uploads\/2022\/01\/vyenos_5-300x225.jpeg 300w, https:\/\/qtmm.org\/wp-content\/uploads\/2022\/01\/vyenos_5-768x576.jpeg 768w\" sizes=\"auto, (max-width: 800px) 100vw, 800px\" \/><\/a><\/figure><\/li><li class=\"blocks-gallery-item\"><figure><a href=\"http:\/\/qtmm.org\/wp-content\/uploads\/2022\/01\/vynos_6.jpeg\"><img loading=\"lazy\" decoding=\"async\" width=\"800\" height=\"600\" src=\"http:\/\/qtmm.org\/wp-content\/uploads\/2022\/01\/vynos_6.jpeg\" alt=\"\" data-id=\"42641\" data-full-url=\"http:\/\/qtmm.org\/wp-content\/uploads\/2022\/01\/vynos_6.jpeg\" data-link=\"http:\/\/qtmm.org\/qt\/?attachment_id=42641\" class=\"wp-image-42641\" srcset=\"https:\/\/qtmm.org\/wp-content\/uploads\/2022\/01\/vynos_6.jpeg 800w, https:\/\/qtmm.org\/wp-content\/uploads\/2022\/01\/vynos_6-300x225.jpeg 300w, https:\/\/qtmm.org\/wp-content\/uploads\/2022\/01\/vynos_6-768x576.jpeg 768w\" sizes=\"auto, (max-width: 800px) 100vw, 800px\" \/><\/a><\/figure><\/li><li class=\"blocks-gallery-item\"><figure><a href=\"http:\/\/qtmm.org\/wp-content\/uploads\/2022\/01\/mezarlyk_1.jpeg\"><img loading=\"lazy\" decoding=\"async\" width=\"800\" height=\"600\" src=\"http:\/\/qtmm.org\/wp-content\/uploads\/2022\/01\/mezarlyk_1.jpeg\" alt=\"\" data-id=\"42645\" data-full-url=\"http:\/\/qtmm.org\/wp-content\/uploads\/2022\/01\/mezarlyk_1.jpeg\" data-link=\"http:\/\/qtmm.org\/qt\/?attachment_id=42645\" class=\"wp-image-42645\" srcset=\"https:\/\/qtmm.org\/wp-content\/uploads\/2022\/01\/mezarlyk_1.jpeg 800w, https:\/\/qtmm.org\/wp-content\/uploads\/2022\/01\/mezarlyk_1-300x225.jpeg 300w, https:\/\/qtmm.org\/wp-content\/uploads\/2022\/01\/mezarlyk_1-768x576.jpeg 768w\" sizes=\"auto, (max-width: 800px) 100vw, 800px\" \/><\/a><\/figure><\/li><li class=\"blocks-gallery-item\"><figure><a href=\"http:\/\/qtmm.org\/wp-content\/uploads\/2022\/01\/mezarlyk2.jpeg\"><img loading=\"lazy\" decoding=\"async\" width=\"800\" height=\"600\" src=\"http:\/\/qtmm.org\/wp-content\/uploads\/2022\/01\/mezarlyk2.jpeg\" alt=\"\" data-id=\"42649\" data-full-url=\"http:\/\/qtmm.org\/wp-content\/uploads\/2022\/01\/mezarlyk2.jpeg\" data-link=\"http:\/\/qtmm.org\/qt\/?attachment_id=42649\" class=\"wp-image-42649\" srcset=\"https:\/\/qtmm.org\/wp-content\/uploads\/2022\/01\/mezarlyk2.jpeg 800w, https:\/\/qtmm.org\/wp-content\/uploads\/2022\/01\/mezarlyk2-300x225.jpeg 300w, https:\/\/qtmm.org\/wp-content\/uploads\/2022\/01\/mezarlyk2-768x576.jpeg 768w\" sizes=\"auto, (max-width: 800px) 100vw, 800px\" \/><\/a><\/figure><\/li><\/ul><\/figure>\n","protected":false},"excerpt":{"rendered":"<p>Devaml\u0131 hastal\u0131qtan so\u00f1 2014 senesi yanvar 16 k\u00fcn\u00fc 72 ya\u015f\u0131nda halq\u0131m\u0131zn\u0131\u00f1 sad\u0131q q\u0131z\u0131, belli uquqqor\u00e7alay\u0131c\u0131, q\u0131r\u0131mtatar halq\u0131 milliy areketini\u00f1 veteran\u0131 Zampira Asanova vefat etti. B\u00fct\u00fcn \u00f6m\u00fcrini halq\u0131n\u0131\u00f1 milliy tiklen\u00fcvine, tarihiy Vatan\u0131 Q\u0131r\u0131m\u011fa qaytar\u0131lmas\u0131 i\u00e7\u00fcn k\u00fcre\u015fke ba\u011f\u0131\u015fla\u011fan Zampira Asanovanen vedala\u015fuv merasimi 2014 senesi yanvar 17 k\u00fcn\u00fc Aqmescitte Kebir camide cuma namaz\u0131ndan so\u00f1 ol\u0131p ke\u00e7ti. Bir \u00e7oqlar\u0131 [&hellip;]<\/p>\n","protected":false},"author":1,"featured_media":42589,"comment_status":"open","ping_status":"open","sticky":false,"template":"","format":"standard","meta":{"inline_featured_image":false,"footnotes":""},"categories":[265],"tags":[],"class_list":["post-42572","post","type-post","status-publish","format-standard","has-post-thumbnail","hentry","category-haberler"],"acf":[],"yoast_head":"<!-- This site is optimized with the Yoast SEO plugin v27.4 - https:\/\/yoast.com\/product\/yoast-seo-wordpress\/ -->\n<title>Q\u0131r\u0131mtatar halq\u0131 belli uquqqor\u00e7alay\u0131c\u0131, q\u0131r\u0131mtatar halq\u0131 milliy areketini\u00f1 veteran\u0131 Zampira Asanovanen vedala\u015ft\u0131 - \u041c\u0435\u0434\u0436\u043b\u0456\u0441<\/title>\n<meta name=\"robots\" content=\"index, follow, max-snippet:-1, max-image-preview:large, max-video-preview:-1\" \/>\n<link rel=\"canonical\" href=\"https:\/\/qtmm.org\/qt\/qirimtatar-halqi-belli-uquqqorcalayici-qirimtatar-halqi-milliy-areketinin-veterani-zampira-asanovanen-vedalasti\/\" \/>\n<meta property=\"og:locale\" content=\"en_US\" \/>\n<meta property=\"og:type\" content=\"article\" \/>\n<meta property=\"og:title\" content=\"Q\u0131r\u0131mtatar halq\u0131 belli uquqqor\u00e7alay\u0131c\u0131, q\u0131r\u0131mtatar halq\u0131 milliy areketini\u00f1 veteran\u0131 Zampira Asanovanen vedala\u015ft\u0131 - \u041c\u0435\u0434\u0436\u043b\u0456\u0441\" \/>\n<meta property=\"og:description\" content=\"Devaml\u0131 hastal\u0131qtan so\u00f1 2014 senesi yanvar 16 k\u00fcn\u00fc 72 ya\u015f\u0131nda halq\u0131m\u0131zn\u0131\u00f1 sad\u0131q q\u0131z\u0131, belli uquqqor\u00e7alay\u0131c\u0131, q\u0131r\u0131mtatar halq\u0131 milliy areketini\u00f1 veteran\u0131 Zampira Asanova vefat etti. B\u00fct\u00fcn \u00f6m\u00fcrini halq\u0131n\u0131\u00f1 milliy tiklen\u00fcvine, tarihiy Vatan\u0131 Q\u0131r\u0131m\u011fa qaytar\u0131lmas\u0131 i\u00e7\u00fcn k\u00fcre\u015fke ba\u011f\u0131\u015fla\u011fan Zampira Asanovanen vedala\u015fuv merasimi 2014 senesi yanvar 17 k\u00fcn\u00fc Aqmescitte Kebir camide cuma namaz\u0131ndan so\u00f1 ol\u0131p ke\u00e7ti. Bir \u00e7oqlar\u0131 [&hellip;]\" \/>\n<meta property=\"og:url\" content=\"https:\/\/qtmm.org\/qt\/qirimtatar-halqi-belli-uquqqorcalayici-qirimtatar-halqi-milliy-areketinin-veterani-zampira-asanovanen-vedalasti\/\" \/>\n<meta property=\"og:site_name\" content=\"\u041c\u0435\u0434\u0436\u043b\u0456\u0441\" \/>\n<meta property=\"article:publisher\" content=\"https:\/\/www.facebook.com\/qtmm.info\/\" \/>\n<meta property=\"article:published_time\" content=\"2014-01-17T13:56:00+00:00\" \/>\n<meta property=\"article:modified_time\" content=\"2022-01-27T14:01:43+00:00\" \/>\n<meta property=\"og:image\" content=\"https:\/\/qtmm.org\/wp-content\/uploads\/2022\/01\/dzhenaze_namaz_2.jpeg\" \/>\n\t<meta property=\"og:image:width\" content=\"800\" \/>\n\t<meta property=\"og:image:height\" content=\"600\" \/>\n\t<meta property=\"og:image:type\" content=\"image\/jpeg\" \/>\n<meta name=\"author\" content=\"Developer\" \/>\n<meta name=\"twitter:card\" content=\"summary_large_image\" \/>\n<meta name=\"twitter:label1\" content=\"Written by\" \/>\n\t<meta name=\"twitter:data1\" content=\"Developer\" \/>\n\t<meta name=\"twitter:label2\" content=\"Est. reading time\" \/>\n\t<meta name=\"twitter:data2\" content=\"2 minutes\" \/>\n<script type=\"application\/ld+json\" class=\"yoast-schema-graph\">{\"@context\":\"https:\\\/\\\/schema.org\",\"@graph\":[{\"@type\":\"Article\",\"@id\":\"https:\\\/\\\/qtmm.org\\\/qt\\\/qirimtatar-halqi-belli-uquqqorcalayici-qirimtatar-halqi-milliy-areketinin-veterani-zampira-asanovanen-vedalasti\\\/#article\",\"isPartOf\":{\"@id\":\"https:\\\/\\\/qtmm.org\\\/qt\\\/qirimtatar-halqi-belli-uquqqorcalayici-qirimtatar-halqi-milliy-areketinin-veterani-zampira-asanovanen-vedalasti\\\/\"},\"author\":{\"name\":\"Developer\",\"@id\":\"https:\\\/\\\/qtmm.org\\\/qt\\\/#\\\/schema\\\/person\\\/de562469f971dec226ac06e60bbf74a7\"},\"headline\":\"Q\u0131r\u0131mtatar halq\u0131 belli uquqqor\u00e7alay\u0131c\u0131, q\u0131r\u0131mtatar halq\u0131 milliy areketini\u00f1 veteran\u0131 Zampira Asanovanen vedala\u015ft\u0131\",\"datePublished\":\"2014-01-17T13:56:00+00:00\",\"dateModified\":\"2022-01-27T14:01:43+00:00\",\"mainEntityOfPage\":{\"@id\":\"https:\\\/\\\/qtmm.org\\\/qt\\\/qirimtatar-halqi-belli-uquqqorcalayici-qirimtatar-halqi-milliy-areketinin-veterani-zampira-asanovanen-vedalasti\\\/\"},\"wordCount\":514,\"commentCount\":0,\"publisher\":{\"@id\":\"https:\\\/\\\/qtmm.org\\\/qt\\\/#organization\"},\"image\":{\"@id\":\"https:\\\/\\\/qtmm.org\\\/qt\\\/qirimtatar-halqi-belli-uquqqorcalayici-qirimtatar-halqi-milliy-areketinin-veterani-zampira-asanovanen-vedalasti\\\/#primaryimage\"},\"thumbnailUrl\":\"https:\\\/\\\/qtmm.org\\\/wp-content\\\/uploads\\\/2022\\\/01\\\/dzhenaze_namaz_2.jpeg\",\"articleSection\":[\"Haberler\"],\"inLanguage\":\"qt\",\"potentialAction\":[{\"@type\":\"CommentAction\",\"name\":\"Comment\",\"target\":[\"https:\\\/\\\/qtmm.org\\\/qt\\\/qirimtatar-halqi-belli-uquqqorcalayici-qirimtatar-halqi-milliy-areketinin-veterani-zampira-asanovanen-vedalasti\\\/#respond\"]}]},{\"@type\":\"WebPage\",\"@id\":\"https:\\\/\\\/qtmm.org\\\/qt\\\/qirimtatar-halqi-belli-uquqqorcalayici-qirimtatar-halqi-milliy-areketinin-veterani-zampira-asanovanen-vedalasti\\\/\",\"url\":\"https:\\\/\\\/qtmm.org\\\/qt\\\/qirimtatar-halqi-belli-uquqqorcalayici-qirimtatar-halqi-milliy-areketinin-veterani-zampira-asanovanen-vedalasti\\\/\",\"name\":\"Q\u0131r\u0131mtatar halq\u0131 belli uquqqor\u00e7alay\u0131c\u0131, q\u0131r\u0131mtatar halq\u0131 milliy areketini\u00f1 veteran\u0131 Zampira Asanovanen vedala\u015ft\u0131 - \u041c\u0435\u0434\u0436\u043b\u0456\u0441\",\"isPartOf\":{\"@id\":\"https:\\\/\\\/qtmm.org\\\/qt\\\/#website\"},\"primaryImageOfPage\":{\"@id\":\"https:\\\/\\\/qtmm.org\\\/qt\\\/qirimtatar-halqi-belli-uquqqorcalayici-qirimtatar-halqi-milliy-areketinin-veterani-zampira-asanovanen-vedalasti\\\/#primaryimage\"},\"image\":{\"@id\":\"https:\\\/\\\/qtmm.org\\\/qt\\\/qirimtatar-halqi-belli-uquqqorcalayici-qirimtatar-halqi-milliy-areketinin-veterani-zampira-asanovanen-vedalasti\\\/#primaryimage\"},\"thumbnailUrl\":\"https:\\\/\\\/qtmm.org\\\/wp-content\\\/uploads\\\/2022\\\/01\\\/dzhenaze_namaz_2.jpeg\",\"datePublished\":\"2014-01-17T13:56:00+00:00\",\"dateModified\":\"2022-01-27T14:01:43+00:00\",\"breadcrumb\":{\"@id\":\"https:\\\/\\\/qtmm.org\\\/qt\\\/qirimtatar-halqi-belli-uquqqorcalayici-qirimtatar-halqi-milliy-areketinin-veterani-zampira-asanovanen-vedalasti\\\/#breadcrumb\"},\"inLanguage\":\"qt\",\"potentialAction\":[{\"@type\":\"ReadAction\",\"target\":[\"https:\\\/\\\/qtmm.org\\\/qt\\\/qirimtatar-halqi-belli-uquqqorcalayici-qirimtatar-halqi-milliy-areketinin-veterani-zampira-asanovanen-vedalasti\\\/\"]}]},{\"@type\":\"ImageObject\",\"inLanguage\":\"qt\",\"@id\":\"https:\\\/\\\/qtmm.org\\\/qt\\\/qirimtatar-halqi-belli-uquqqorcalayici-qirimtatar-halqi-milliy-areketinin-veterani-zampira-asanovanen-vedalasti\\\/#primaryimage\",\"url\":\"https:\\\/\\\/qtmm.org\\\/wp-content\\\/uploads\\\/2022\\\/01\\\/dzhenaze_namaz_2.jpeg\",\"contentUrl\":\"https:\\\/\\\/qtmm.org\\\/wp-content\\\/uploads\\\/2022\\\/01\\\/dzhenaze_namaz_2.jpeg\",\"width\":800,\"height\":600},{\"@type\":\"BreadcrumbList\",\"@id\":\"https:\\\/\\\/qtmm.org\\\/qt\\\/qirimtatar-halqi-belli-uquqqorcalayici-qirimtatar-halqi-milliy-areketinin-veterani-zampira-asanovanen-vedalasti\\\/#breadcrumb\",\"itemListElement\":[{\"@type\":\"ListItem\",\"position\":1,\"name\":\"\u0413\u043e\u043b\u043e\u0432\u043d\u0430\",\"item\":\"https:\\\/\\\/qtmm.org\\\/qt\\\/\"},{\"@type\":\"ListItem\",\"position\":2,\"name\":\"Q\u0131r\u0131mtatar halq\u0131 belli uquqqor\u00e7alay\u0131c\u0131, q\u0131r\u0131mtatar halq\u0131 milliy areketini\u00f1 veteran\u0131 Zampira Asanovanen vedala\u015ft\u0131\"}]},{\"@type\":\"WebSite\",\"@id\":\"https:\\\/\\\/qtmm.org\\\/qt\\\/#website\",\"url\":\"https:\\\/\\\/qtmm.org\\\/qt\\\/\",\"name\":\"\u041c\u0435\u0434\u0436\u043b\u0456\u0441\",\"description\":\"\",\"publisher\":{\"@id\":\"https:\\\/\\\/qtmm.org\\\/qt\\\/#organization\"},\"potentialAction\":[{\"@type\":\"SearchAction\",\"target\":{\"@type\":\"EntryPoint\",\"urlTemplate\":\"https:\\\/\\\/qtmm.org\\\/qt\\\/?s={search_term_string}\"},\"query-input\":{\"@type\":\"PropertyValueSpecification\",\"valueRequired\":true,\"valueName\":\"search_term_string\"}}],\"inLanguage\":\"qt\"},{\"@type\":\"Organization\",\"@id\":\"https:\\\/\\\/qtmm.org\\\/qt\\\/#organization\",\"name\":\"\u041c\u0435\u0434\u0436\u043b\u0456\u0441\",\"url\":\"https:\\\/\\\/qtmm.org\\\/qt\\\/\",\"logo\":{\"@type\":\"ImageObject\",\"inLanguage\":\"qt\",\"@id\":\"https:\\\/\\\/qtmm.org\\\/qt\\\/#\\\/schema\\\/logo\\\/image\\\/\",\"url\":\"https:\\\/\\\/qtmm.org\\\/wp-content\\\/uploads\\\/2024\\\/12\\\/ua-mejlis-logo-rgb.svg\",\"contentUrl\":\"https:\\\/\\\/qtmm.org\\\/wp-content\\\/uploads\\\/2024\\\/12\\\/ua-mejlis-logo-rgb.svg\",\"caption\":\"\u041c\u0435\u0434\u0436\u043b\u0456\u0441\"},\"image\":{\"@id\":\"https:\\\/\\\/qtmm.org\\\/qt\\\/#\\\/schema\\\/logo\\\/image\\\/\"},\"sameAs\":[\"https:\\\/\\\/www.facebook.com\\\/qtmm.info\\\/\"]},{\"@type\":\"Person\",\"@id\":\"https:\\\/\\\/qtmm.org\\\/qt\\\/#\\\/schema\\\/person\\\/de562469f971dec226ac06e60bbf74a7\",\"name\":\"Developer\",\"image\":{\"@type\":\"ImageObject\",\"inLanguage\":\"qt\",\"@id\":\"https:\\\/\\\/secure.gravatar.com\\\/avatar\\\/392b4cc8fbfeb00b39dfeeab4ee6edded39ffd48e25858637e4765810300227e?s=96&d=mm&r=g\",\"url\":\"https:\\\/\\\/secure.gravatar.com\\\/avatar\\\/392b4cc8fbfeb00b39dfeeab4ee6edded39ffd48e25858637e4765810300227e?s=96&d=mm&r=g\",\"contentUrl\":\"https:\\\/\\\/secure.gravatar.com\\\/avatar\\\/392b4cc8fbfeb00b39dfeeab4ee6edded39ffd48e25858637e4765810300227e?s=96&d=mm&r=g\",\"caption\":\"Developer\"},\"url\":\"https:\\\/\\\/qtmm.org\\\/qt\\\/author\\\/Developer\\\/\"}]}<\/script>\n<!-- \/ Yoast SEO plugin. -->","yoast_head_json":{"title":"Q\u0131r\u0131mtatar halq\u0131 belli uquqqor\u00e7alay\u0131c\u0131, q\u0131r\u0131mtatar halq\u0131 milliy areketini\u00f1 veteran\u0131 Zampira Asanovanen vedala\u015ft\u0131 - \u041c\u0435\u0434\u0436\u043b\u0456\u0441","robots":{"index":"index","follow":"follow","max-snippet":"max-snippet:-1","max-image-preview":"max-image-preview:large","max-video-preview":"max-video-preview:-1"},"canonical":"https:\/\/qtmm.org\/qt\/qirimtatar-halqi-belli-uquqqorcalayici-qirimtatar-halqi-milliy-areketinin-veterani-zampira-asanovanen-vedalasti\/","og_locale":"en_US","og_type":"article","og_title":"Q\u0131r\u0131mtatar halq\u0131 belli uquqqor\u00e7alay\u0131c\u0131, q\u0131r\u0131mtatar halq\u0131 milliy areketini\u00f1 veteran\u0131 Zampira Asanovanen vedala\u015ft\u0131 - \u041c\u0435\u0434\u0436\u043b\u0456\u0441","og_description":"Devaml\u0131 hastal\u0131qtan so\u00f1 2014 senesi yanvar 16 k\u00fcn\u00fc 72 ya\u015f\u0131nda halq\u0131m\u0131zn\u0131\u00f1 sad\u0131q q\u0131z\u0131, belli uquqqor\u00e7alay\u0131c\u0131, q\u0131r\u0131mtatar halq\u0131 milliy areketini\u00f1 veteran\u0131 Zampira Asanova vefat etti. B\u00fct\u00fcn \u00f6m\u00fcrini halq\u0131n\u0131\u00f1 milliy tiklen\u00fcvine, tarihiy Vatan\u0131 Q\u0131r\u0131m\u011fa qaytar\u0131lmas\u0131 i\u00e7\u00fcn k\u00fcre\u015fke ba\u011f\u0131\u015fla\u011fan Zampira Asanovanen vedala\u015fuv merasimi 2014 senesi yanvar 17 k\u00fcn\u00fc Aqmescitte Kebir camide cuma namaz\u0131ndan so\u00f1 ol\u0131p ke\u00e7ti. Bir \u00e7oqlar\u0131 [&hellip;]","og_url":"https:\/\/qtmm.org\/qt\/qirimtatar-halqi-belli-uquqqorcalayici-qirimtatar-halqi-milliy-areketinin-veterani-zampira-asanovanen-vedalasti\/","og_site_name":"\u041c\u0435\u0434\u0436\u043b\u0456\u0441","article_publisher":"https:\/\/www.facebook.com\/qtmm.info\/","article_published_time":"2014-01-17T13:56:00+00:00","article_modified_time":"2022-01-27T14:01:43+00:00","og_image":[{"width":800,"height":600,"url":"https:\/\/qtmm.org\/wp-content\/uploads\/2022\/01\/dzhenaze_namaz_2.jpeg","type":"image\/jpeg"}],"author":"Developer","twitter_card":"summary_large_image","twitter_misc":{"Written by":"Developer","Est. reading time":"2 minutes"},"schema":{"@context":"https:\/\/schema.org","@graph":[{"@type":"Article","@id":"https:\/\/qtmm.org\/qt\/qirimtatar-halqi-belli-uquqqorcalayici-qirimtatar-halqi-milliy-areketinin-veterani-zampira-asanovanen-vedalasti\/#article","isPartOf":{"@id":"https:\/\/qtmm.org\/qt\/qirimtatar-halqi-belli-uquqqorcalayici-qirimtatar-halqi-milliy-areketinin-veterani-zampira-asanovanen-vedalasti\/"},"author":{"name":"Developer","@id":"https:\/\/qtmm.org\/qt\/#\/schema\/person\/de562469f971dec226ac06e60bbf74a7"},"headline":"Q\u0131r\u0131mtatar halq\u0131 belli uquqqor\u00e7alay\u0131c\u0131, q\u0131r\u0131mtatar halq\u0131 milliy areketini\u00f1 veteran\u0131 Zampira Asanovanen vedala\u015ft\u0131","datePublished":"2014-01-17T13:56:00+00:00","dateModified":"2022-01-27T14:01:43+00:00","mainEntityOfPage":{"@id":"https:\/\/qtmm.org\/qt\/qirimtatar-halqi-belli-uquqqorcalayici-qirimtatar-halqi-milliy-areketinin-veterani-zampira-asanovanen-vedalasti\/"},"wordCount":514,"commentCount":0,"publisher":{"@id":"https:\/\/qtmm.org\/qt\/#organization"},"image":{"@id":"https:\/\/qtmm.org\/qt\/qirimtatar-halqi-belli-uquqqorcalayici-qirimtatar-halqi-milliy-areketinin-veterani-zampira-asanovanen-vedalasti\/#primaryimage"},"thumbnailUrl":"https:\/\/qtmm.org\/wp-content\/uploads\/2022\/01\/dzhenaze_namaz_2.jpeg","articleSection":["Haberler"],"inLanguage":"qt","potentialAction":[{"@type":"CommentAction","name":"Comment","target":["https:\/\/qtmm.org\/qt\/qirimtatar-halqi-belli-uquqqorcalayici-qirimtatar-halqi-milliy-areketinin-veterani-zampira-asanovanen-vedalasti\/#respond"]}]},{"@type":"WebPage","@id":"https:\/\/qtmm.org\/qt\/qirimtatar-halqi-belli-uquqqorcalayici-qirimtatar-halqi-milliy-areketinin-veterani-zampira-asanovanen-vedalasti\/","url":"https:\/\/qtmm.org\/qt\/qirimtatar-halqi-belli-uquqqorcalayici-qirimtatar-halqi-milliy-areketinin-veterani-zampira-asanovanen-vedalasti\/","name":"Q\u0131r\u0131mtatar halq\u0131 belli uquqqor\u00e7alay\u0131c\u0131, q\u0131r\u0131mtatar halq\u0131 milliy areketini\u00f1 veteran\u0131 Zampira Asanovanen vedala\u015ft\u0131 - \u041c\u0435\u0434\u0436\u043b\u0456\u0441","isPartOf":{"@id":"https:\/\/qtmm.org\/qt\/#website"},"primaryImageOfPage":{"@id":"https:\/\/qtmm.org\/qt\/qirimtatar-halqi-belli-uquqqorcalayici-qirimtatar-halqi-milliy-areketinin-veterani-zampira-asanovanen-vedalasti\/#primaryimage"},"image":{"@id":"https:\/\/qtmm.org\/qt\/qirimtatar-halqi-belli-uquqqorcalayici-qirimtatar-halqi-milliy-areketinin-veterani-zampira-asanovanen-vedalasti\/#primaryimage"},"thumbnailUrl":"https:\/\/qtmm.org\/wp-content\/uploads\/2022\/01\/dzhenaze_namaz_2.jpeg","datePublished":"2014-01-17T13:56:00+00:00","dateModified":"2022-01-27T14:01:43+00:00","breadcrumb":{"@id":"https:\/\/qtmm.org\/qt\/qirimtatar-halqi-belli-uquqqorcalayici-qirimtatar-halqi-milliy-areketinin-veterani-zampira-asanovanen-vedalasti\/#breadcrumb"},"inLanguage":"qt","potentialAction":[{"@type":"ReadAction","target":["https:\/\/qtmm.org\/qt\/qirimtatar-halqi-belli-uquqqorcalayici-qirimtatar-halqi-milliy-areketinin-veterani-zampira-asanovanen-vedalasti\/"]}]},{"@type":"ImageObject","inLanguage":"qt","@id":"https:\/\/qtmm.org\/qt\/qirimtatar-halqi-belli-uquqqorcalayici-qirimtatar-halqi-milliy-areketinin-veterani-zampira-asanovanen-vedalasti\/#primaryimage","url":"https:\/\/qtmm.org\/wp-content\/uploads\/2022\/01\/dzhenaze_namaz_2.jpeg","contentUrl":"https:\/\/qtmm.org\/wp-content\/uploads\/2022\/01\/dzhenaze_namaz_2.jpeg","width":800,"height":600},{"@type":"BreadcrumbList","@id":"https:\/\/qtmm.org\/qt\/qirimtatar-halqi-belli-uquqqorcalayici-qirimtatar-halqi-milliy-areketinin-veterani-zampira-asanovanen-vedalasti\/#breadcrumb","itemListElement":[{"@type":"ListItem","position":1,"name":"\u0413\u043e\u043b\u043e\u0432\u043d\u0430","item":"https:\/\/qtmm.org\/qt\/"},{"@type":"ListItem","position":2,"name":"Q\u0131r\u0131mtatar halq\u0131 belli uquqqor\u00e7alay\u0131c\u0131, q\u0131r\u0131mtatar halq\u0131 milliy areketini\u00f1 veteran\u0131 Zampira Asanovanen vedala\u015ft\u0131"}]},{"@type":"WebSite","@id":"https:\/\/qtmm.org\/qt\/#website","url":"https:\/\/qtmm.org\/qt\/","name":"\u041c\u0435\u0434\u0436\u043b\u0456\u0441","description":"","publisher":{"@id":"https:\/\/qtmm.org\/qt\/#organization"},"potentialAction":[{"@type":"SearchAction","target":{"@type":"EntryPoint","urlTemplate":"https:\/\/qtmm.org\/qt\/?s={search_term_string}"},"query-input":{"@type":"PropertyValueSpecification","valueRequired":true,"valueName":"search_term_string"}}],"inLanguage":"qt"},{"@type":"Organization","@id":"https:\/\/qtmm.org\/qt\/#organization","name":"\u041c\u0435\u0434\u0436\u043b\u0456\u0441","url":"https:\/\/qtmm.org\/qt\/","logo":{"@type":"ImageObject","inLanguage":"qt","@id":"https:\/\/qtmm.org\/qt\/#\/schema\/logo\/image\/","url":"https:\/\/qtmm.org\/wp-content\/uploads\/2024\/12\/ua-mejlis-logo-rgb.svg","contentUrl":"https:\/\/qtmm.org\/wp-content\/uploads\/2024\/12\/ua-mejlis-logo-rgb.svg","caption":"\u041c\u0435\u0434\u0436\u043b\u0456\u0441"},"image":{"@id":"https:\/\/qtmm.org\/qt\/#\/schema\/logo\/image\/"},"sameAs":["https:\/\/www.facebook.com\/qtmm.info\/"]},{"@type":"Person","@id":"https:\/\/qtmm.org\/qt\/#\/schema\/person\/de562469f971dec226ac06e60bbf74a7","name":"Developer","image":{"@type":"ImageObject","inLanguage":"qt","@id":"https:\/\/secure.gravatar.com\/avatar\/392b4cc8fbfeb00b39dfeeab4ee6edded39ffd48e25858637e4765810300227e?s=96&d=mm&r=g","url":"https:\/\/secure.gravatar.com\/avatar\/392b4cc8fbfeb00b39dfeeab4ee6edded39ffd48e25858637e4765810300227e?s=96&d=mm&r=g","contentUrl":"https:\/\/secure.gravatar.com\/avatar\/392b4cc8fbfeb00b39dfeeab4ee6edded39ffd48e25858637e4765810300227e?s=96&d=mm&r=g","caption":"Developer"},"url":"https:\/\/qtmm.org\/qt\/author\/Developer\/"}]}},"_links":{"self":[{"href":"https:\/\/qtmm.org\/qt\/wp-json\/wp\/v2\/posts\/42572","targetHints":{"allow":["GET"]}}],"collection":[{"href":"https:\/\/qtmm.org\/qt\/wp-json\/wp\/v2\/posts"}],"about":[{"href":"https:\/\/qtmm.org\/qt\/wp-json\/wp\/v2\/types\/post"}],"author":[{"embeddable":true,"href":"https:\/\/qtmm.org\/qt\/wp-json\/wp\/v2\/users\/1"}],"replies":[{"embeddable":true,"href":"https:\/\/qtmm.org\/qt\/wp-json\/wp\/v2\/comments?post=42572"}],"version-history":[{"count":1,"href":"https:\/\/qtmm.org\/qt\/wp-json\/wp\/v2\/posts\/42572\/revisions"}],"predecessor-version":[{"id":42653,"href":"https:\/\/qtmm.org\/qt\/wp-json\/wp\/v2\/posts\/42572\/revisions\/42653"}],"wp:featuredmedia":[{"embeddable":true,"href":"https:\/\/qtmm.org\/qt\/wp-json\/wp\/v2\/media\/42589"}],"wp:attachment":[{"href":"https:\/\/qtmm.org\/qt\/wp-json\/wp\/v2\/media?parent=42572"}],"wp:term":[{"taxonomy":"category","embeddable":true,"href":"https:\/\/qtmm.org\/qt\/wp-json\/wp\/v2\/categories?post=42572"},{"taxonomy":"post_tag","embeddable":true,"href":"https:\/\/qtmm.org\/qt\/wp-json\/wp\/v2\/tags?post=42572"}],"curies":[{"name":"wp","href":"https:\/\/api.w.org\/{rel}","templated":true}]}}