




{"id":42554,"date":"2014-01-17T16:53:00","date_gmt":"2014-01-17T13:53:00","guid":{"rendered":"http:\/\/qtmm.org\/?p=42554"},"modified":"2022-01-27T16:56:28","modified_gmt":"2022-01-27T13:56:28","slug":"meclis-azasi-abduraman-egiz-strasburgda-avropa-parlamenti-pan-avropa-isci-gruppasinin-sessiyasinda-ciqista-bulundi","status":"publish","type":"post","link":"https:\/\/qtmm.org\/qt\/meclis-azasi-abduraman-egiz-strasburgda-avropa-parlamenti-pan-avropa-isci-gruppasinin-sessiyasinda-ciqista-bulundi\/","title":{"rendered":"Meclis azas\u0131 Abduraman Egiz Strasburgda Avropa Parlamenti Pan-Avropa \u0130\u015f\u00e7i gruppas\u0131n\u0131\u00f1 sessiyas\u0131nda \u00e7\u0131q\u0131\u015fta bulund\u0131"},"content":{"rendered":"\n<p>2014 senesi yanvar 14 \u00a0k\u00fcn\u00fc Meclis azas\u0131 Abduraman Egiz Strasburgda Avropa Parlamenti Pan-Avropa \u0130\u015f\u00e7i gruppas\u0131n\u0131\u00f1 sessiyas\u0131nda Halqara forum ke\u00e7irilmesine Ukraina \u00fck\u00fcmetine qoltutuvda halqara cemaat\u00e7\u0131l\u0131q i\u015ftirakini\u00f1 m\u00fcimligi husus\u0131nda maruzanen \u00e7\u0131q\u0131\u015fta bulund\u0131.<\/p>\n\n\n\n<figure class=\"wp-block-image size-full\"><img loading=\"lazy\" decoding=\"async\" width=\"650\" height=\"492\" src=\"http:\/\/qtmm.org\/wp-content\/uploads\/2022\/01\/2_4.jpeg\" alt=\"\" class=\"wp-image-42555\" srcset=\"https:\/\/qtmm.org\/wp-content\/uploads\/2022\/01\/2_4.jpeg 650w, https:\/\/qtmm.org\/wp-content\/uploads\/2022\/01\/2_4-300x227.jpeg 300w\" sizes=\"auto, (max-width: 650px) 100vw, 650px\" \/><\/figure>\n\n\n\n<p>Ondan so\u00f1 \u00a0A.Egiz deputatlarn\u0131\u00f1 suallerine cevap berdi.<\/p>\n\n\n\n<figure class=\"wp-block-image size-full\"><img loading=\"lazy\" decoding=\"async\" width=\"650\" height=\"419\" src=\"http:\/\/qtmm.org\/wp-content\/uploads\/2022\/01\/4_1-2.jpeg\" alt=\"\" class=\"wp-image-42559\" srcset=\"https:\/\/qtmm.org\/wp-content\/uploads\/2022\/01\/4_1-2.jpeg 650w, https:\/\/qtmm.org\/wp-content\/uploads\/2022\/01\/4_1-2-300x193.jpeg 300w\" sizes=\"auto, (max-width: 650px) 100vw, 650px\" \/><\/figure>\n\n\n\n<figure class=\"wp-block-image size-full\"><img loading=\"lazy\" decoding=\"async\" width=\"650\" height=\"365\" src=\"http:\/\/qtmm.org\/wp-content\/uploads\/2022\/01\/3_1.jpeg\" alt=\"\" class=\"wp-image-42563\" srcset=\"https:\/\/qtmm.org\/wp-content\/uploads\/2022\/01\/3_1.jpeg 650w, https:\/\/qtmm.org\/wp-content\/uploads\/2022\/01\/3_1-300x168.jpeg 300w\" sizes=\"auto, (max-width: 650px) 100vw, 650px\" \/><\/figure>\n\n\n\n<p>Munaqa\u015falar devam\u0131nda deputatlar \u00a0q\u0131r\u0131mtatar halq\u0131 s\u00fcrg\u00fcnligini\u00f1 aqibetini yoq et\u00fcv i\u015finde Avropa Parlamenti \u00a0nas\u0131l i\u015ftirak etebilecegini muzakere ettiler.<\/p>\n\n\n\n<p>Bun\u0131\u00f1 kibi de \u00a0Ukraina\u011fa Q\u0131r\u0131mn\u0131\u00f1 tam\u0131r halq\u0131 rastkelgen m\u00fcim ve acele problemlerni \u00e7ez\u00fcv o\u011frunda leyhalar\u0131n\u0131 amelge ke\u00e7ir\u00fcv te\u015febb\u00fcslerine qoltutuv mehanizmleri teklif olund\u0131.<\/p>\n","protected":false},"excerpt":{"rendered":"<p>2014 senesi yanvar 14 \u00a0k\u00fcn\u00fc Meclis azas\u0131 Abduraman Egiz Strasburgda Avropa Parlamenti Pan-Avropa \u0130\u015f\u00e7i gruppas\u0131n\u0131\u00f1 sessiyas\u0131nda Halqara forum ke\u00e7irilmesine Ukraina \u00fck\u00fcmetine qoltutuvda halqara cemaat\u00e7\u0131l\u0131q i\u015ftirakini\u00f1 m\u00fcimligi husus\u0131nda maruzanen \u00e7\u0131q\u0131\u015fta bulund\u0131. Ondan so\u00f1 \u00a0A.Egiz deputatlarn\u0131\u00f1 suallerine cevap berdi. Munaqa\u015falar devam\u0131nda deputatlar \u00a0q\u0131r\u0131mtatar halq\u0131 s\u00fcrg\u00fcnligini\u00f1 aqibetini yoq et\u00fcv i\u015finde Avropa Parlamenti \u00a0nas\u0131l i\u015ftirak etebilecegini muzakere ettiler. Bun\u0131\u00f1 [&hellip;]<\/p>\n","protected":false},"author":1,"featured_media":42567,"comment_status":"open","ping_status":"open","sticky":false,"template":"","format":"standard","meta":{"inline_featured_image":false,"footnotes":""},"categories":[265],"tags":[],"class_list":["post-42554","post","type-post","status-publish","format-standard","has-post-thumbnail","hentry","category-haberler"],"acf":[],"yoast_head":"<!-- This site is optimized with the Yoast SEO plugin v27.4 - https:\/\/yoast.com\/product\/yoast-seo-wordpress\/ -->\n<title>Meclis azas\u0131 Abduraman Egiz Strasburgda Avropa Parlamenti Pan-Avropa \u0130\u015f\u00e7i gruppas\u0131n\u0131\u00f1 sessiyas\u0131nda \u00e7\u0131q\u0131\u015fta bulund\u0131 - \u041c\u0435\u0434\u0436\u043b\u0456\u0441<\/title>\n<meta name=\"robots\" content=\"index, follow, max-snippet:-1, max-image-preview:large, max-video-preview:-1\" \/>\n<link rel=\"canonical\" href=\"https:\/\/qtmm.org\/qt\/meclis-azasi-abduraman-egiz-strasburgda-avropa-parlamenti-pan-avropa-isci-gruppasinin-sessiyasinda-ciqista-bulundi\/\" \/>\n<meta property=\"og:locale\" content=\"en_US\" \/>\n<meta property=\"og:type\" content=\"article\" \/>\n<meta property=\"og:title\" content=\"Meclis azas\u0131 Abduraman Egiz Strasburgda Avropa Parlamenti Pan-Avropa \u0130\u015f\u00e7i gruppas\u0131n\u0131\u00f1 sessiyas\u0131nda \u00e7\u0131q\u0131\u015fta bulund\u0131 - \u041c\u0435\u0434\u0436\u043b\u0456\u0441\" \/>\n<meta property=\"og:description\" content=\"2014 senesi yanvar 14 \u00a0k\u00fcn\u00fc Meclis azas\u0131 Abduraman Egiz Strasburgda Avropa Parlamenti Pan-Avropa \u0130\u015f\u00e7i gruppas\u0131n\u0131\u00f1 sessiyas\u0131nda Halqara forum ke\u00e7irilmesine Ukraina \u00fck\u00fcmetine qoltutuvda halqara cemaat\u00e7\u0131l\u0131q i\u015ftirakini\u00f1 m\u00fcimligi husus\u0131nda maruzanen \u00e7\u0131q\u0131\u015fta bulund\u0131. Ondan so\u00f1 \u00a0A.Egiz deputatlarn\u0131\u00f1 suallerine cevap berdi. Munaqa\u015falar devam\u0131nda deputatlar \u00a0q\u0131r\u0131mtatar halq\u0131 s\u00fcrg\u00fcnligini\u00f1 aqibetini yoq et\u00fcv i\u015finde Avropa Parlamenti \u00a0nas\u0131l i\u015ftirak etebilecegini muzakere ettiler. Bun\u0131\u00f1 [&hellip;]\" \/>\n<meta property=\"og:url\" content=\"https:\/\/qtmm.org\/qt\/meclis-azasi-abduraman-egiz-strasburgda-avropa-parlamenti-pan-avropa-isci-gruppasinin-sessiyasinda-ciqista-bulundi\/\" \/>\n<meta property=\"og:site_name\" content=\"\u041c\u0435\u0434\u0436\u043b\u0456\u0441\" \/>\n<meta property=\"article:publisher\" content=\"https:\/\/www.facebook.com\/qtmm.info\/\" \/>\n<meta property=\"article:published_time\" content=\"2014-01-17T13:53:00+00:00\" \/>\n<meta property=\"article:modified_time\" content=\"2022-01-27T13:56:28+00:00\" \/>\n<meta property=\"og:image\" content=\"https:\/\/qtmm.org\/wp-content\/uploads\/2022\/01\/1-1.jpeg\" \/>\n\t<meta property=\"og:image:width\" content=\"650\" \/>\n\t<meta property=\"og:image:height\" content=\"332\" \/>\n\t<meta property=\"og:image:type\" content=\"image\/jpeg\" \/>\n<meta name=\"author\" content=\"Developer\" \/>\n<meta name=\"twitter:card\" content=\"summary_large_image\" \/>\n<meta name=\"twitter:label1\" content=\"Written by\" \/>\n\t<meta name=\"twitter:data1\" content=\"Developer\" \/>\n\t<meta name=\"twitter:label2\" content=\"Est. reading time\" \/>\n\t<meta name=\"twitter:data2\" content=\"1 minute\" \/>\n<script type=\"application\/ld+json\" class=\"yoast-schema-graph\">{\"@context\":\"https:\\\/\\\/schema.org\",\"@graph\":[{\"@type\":\"Article\",\"@id\":\"https:\\\/\\\/qtmm.org\\\/qt\\\/meclis-azasi-abduraman-egiz-strasburgda-avropa-parlamenti-pan-avropa-isci-gruppasinin-sessiyasinda-ciqista-bulundi\\\/#article\",\"isPartOf\":{\"@id\":\"https:\\\/\\\/qtmm.org\\\/qt\\\/meclis-azasi-abduraman-egiz-strasburgda-avropa-parlamenti-pan-avropa-isci-gruppasinin-sessiyasinda-ciqista-bulundi\\\/\"},\"author\":{\"name\":\"Developer\",\"@id\":\"https:\\\/\\\/qtmm.org\\\/qt\\\/#\\\/schema\\\/person\\\/de562469f971dec226ac06e60bbf74a7\"},\"headline\":\"Meclis azas\u0131 Abduraman Egiz Strasburgda Avropa Parlamenti Pan-Avropa \u0130\u015f\u00e7i gruppas\u0131n\u0131\u00f1 sessiyas\u0131nda \u00e7\u0131q\u0131\u015fta bulund\u0131\",\"datePublished\":\"2014-01-17T13:53:00+00:00\",\"dateModified\":\"2022-01-27T13:56:28+00:00\",\"mainEntityOfPage\":{\"@id\":\"https:\\\/\\\/qtmm.org\\\/qt\\\/meclis-azasi-abduraman-egiz-strasburgda-avropa-parlamenti-pan-avropa-isci-gruppasinin-sessiyasinda-ciqista-bulundi\\\/\"},\"wordCount\":124,\"commentCount\":0,\"publisher\":{\"@id\":\"https:\\\/\\\/qtmm.org\\\/qt\\\/#organization\"},\"image\":{\"@id\":\"https:\\\/\\\/qtmm.org\\\/qt\\\/meclis-azasi-abduraman-egiz-strasburgda-avropa-parlamenti-pan-avropa-isci-gruppasinin-sessiyasinda-ciqista-bulundi\\\/#primaryimage\"},\"thumbnailUrl\":\"https:\\\/\\\/qtmm.org\\\/wp-content\\\/uploads\\\/2022\\\/01\\\/1-1.jpeg\",\"articleSection\":[\"Haberler\"],\"inLanguage\":\"qt\",\"potentialAction\":[{\"@type\":\"CommentAction\",\"name\":\"Comment\",\"target\":[\"https:\\\/\\\/qtmm.org\\\/qt\\\/meclis-azasi-abduraman-egiz-strasburgda-avropa-parlamenti-pan-avropa-isci-gruppasinin-sessiyasinda-ciqista-bulundi\\\/#respond\"]}]},{\"@type\":\"WebPage\",\"@id\":\"https:\\\/\\\/qtmm.org\\\/qt\\\/meclis-azasi-abduraman-egiz-strasburgda-avropa-parlamenti-pan-avropa-isci-gruppasinin-sessiyasinda-ciqista-bulundi\\\/\",\"url\":\"https:\\\/\\\/qtmm.org\\\/qt\\\/meclis-azasi-abduraman-egiz-strasburgda-avropa-parlamenti-pan-avropa-isci-gruppasinin-sessiyasinda-ciqista-bulundi\\\/\",\"name\":\"Meclis azas\u0131 Abduraman Egiz Strasburgda Avropa Parlamenti Pan-Avropa \u0130\u015f\u00e7i gruppas\u0131n\u0131\u00f1 sessiyas\u0131nda \u00e7\u0131q\u0131\u015fta bulund\u0131 - \u041c\u0435\u0434\u0436\u043b\u0456\u0441\",\"isPartOf\":{\"@id\":\"https:\\\/\\\/qtmm.org\\\/qt\\\/#website\"},\"primaryImageOfPage\":{\"@id\":\"https:\\\/\\\/qtmm.org\\\/qt\\\/meclis-azasi-abduraman-egiz-strasburgda-avropa-parlamenti-pan-avropa-isci-gruppasinin-sessiyasinda-ciqista-bulundi\\\/#primaryimage\"},\"image\":{\"@id\":\"https:\\\/\\\/qtmm.org\\\/qt\\\/meclis-azasi-abduraman-egiz-strasburgda-avropa-parlamenti-pan-avropa-isci-gruppasinin-sessiyasinda-ciqista-bulundi\\\/#primaryimage\"},\"thumbnailUrl\":\"https:\\\/\\\/qtmm.org\\\/wp-content\\\/uploads\\\/2022\\\/01\\\/1-1.jpeg\",\"datePublished\":\"2014-01-17T13:53:00+00:00\",\"dateModified\":\"2022-01-27T13:56:28+00:00\",\"breadcrumb\":{\"@id\":\"https:\\\/\\\/qtmm.org\\\/qt\\\/meclis-azasi-abduraman-egiz-strasburgda-avropa-parlamenti-pan-avropa-isci-gruppasinin-sessiyasinda-ciqista-bulundi\\\/#breadcrumb\"},\"inLanguage\":\"qt\",\"potentialAction\":[{\"@type\":\"ReadAction\",\"target\":[\"https:\\\/\\\/qtmm.org\\\/qt\\\/meclis-azasi-abduraman-egiz-strasburgda-avropa-parlamenti-pan-avropa-isci-gruppasinin-sessiyasinda-ciqista-bulundi\\\/\"]}]},{\"@type\":\"ImageObject\",\"inLanguage\":\"qt\",\"@id\":\"https:\\\/\\\/qtmm.org\\\/qt\\\/meclis-azasi-abduraman-egiz-strasburgda-avropa-parlamenti-pan-avropa-isci-gruppasinin-sessiyasinda-ciqista-bulundi\\\/#primaryimage\",\"url\":\"https:\\\/\\\/qtmm.org\\\/wp-content\\\/uploads\\\/2022\\\/01\\\/1-1.jpeg\",\"contentUrl\":\"https:\\\/\\\/qtmm.org\\\/wp-content\\\/uploads\\\/2022\\\/01\\\/1-1.jpeg\",\"width\":650,\"height\":332,\"caption\":\"Paneuropean Working Group of the EPP-group Abduraman EGIZ \\\"70 years of neglect: The Crimean Tatars in Ukraine\\\"\"},{\"@type\":\"BreadcrumbList\",\"@id\":\"https:\\\/\\\/qtmm.org\\\/qt\\\/meclis-azasi-abduraman-egiz-strasburgda-avropa-parlamenti-pan-avropa-isci-gruppasinin-sessiyasinda-ciqista-bulundi\\\/#breadcrumb\",\"itemListElement\":[{\"@type\":\"ListItem\",\"position\":1,\"name\":\"\u0413\u043e\u043b\u043e\u0432\u043d\u0430\",\"item\":\"https:\\\/\\\/qtmm.org\\\/qt\\\/\"},{\"@type\":\"ListItem\",\"position\":2,\"name\":\"Meclis azas\u0131 Abduraman Egiz Strasburgda Avropa Parlamenti Pan-Avropa \u0130\u015f\u00e7i gruppas\u0131n\u0131\u00f1 sessiyas\u0131nda \u00e7\u0131q\u0131\u015fta bulund\u0131\"}]},{\"@type\":\"WebSite\",\"@id\":\"https:\\\/\\\/qtmm.org\\\/qt\\\/#website\",\"url\":\"https:\\\/\\\/qtmm.org\\\/qt\\\/\",\"name\":\"\u041c\u0435\u0434\u0436\u043b\u0456\u0441\",\"description\":\"\",\"publisher\":{\"@id\":\"https:\\\/\\\/qtmm.org\\\/qt\\\/#organization\"},\"potentialAction\":[{\"@type\":\"SearchAction\",\"target\":{\"@type\":\"EntryPoint\",\"urlTemplate\":\"https:\\\/\\\/qtmm.org\\\/qt\\\/?s={search_term_string}\"},\"query-input\":{\"@type\":\"PropertyValueSpecification\",\"valueRequired\":true,\"valueName\":\"search_term_string\"}}],\"inLanguage\":\"qt\"},{\"@type\":\"Organization\",\"@id\":\"https:\\\/\\\/qtmm.org\\\/qt\\\/#organization\",\"name\":\"\u041c\u0435\u0434\u0436\u043b\u0456\u0441\",\"url\":\"https:\\\/\\\/qtmm.org\\\/qt\\\/\",\"logo\":{\"@type\":\"ImageObject\",\"inLanguage\":\"qt\",\"@id\":\"https:\\\/\\\/qtmm.org\\\/qt\\\/#\\\/schema\\\/logo\\\/image\\\/\",\"url\":\"https:\\\/\\\/qtmm.org\\\/wp-content\\\/uploads\\\/2024\\\/12\\\/ua-mejlis-logo-rgb.svg\",\"contentUrl\":\"https:\\\/\\\/qtmm.org\\\/wp-content\\\/uploads\\\/2024\\\/12\\\/ua-mejlis-logo-rgb.svg\",\"caption\":\"\u041c\u0435\u0434\u0436\u043b\u0456\u0441\"},\"image\":{\"@id\":\"https:\\\/\\\/qtmm.org\\\/qt\\\/#\\\/schema\\\/logo\\\/image\\\/\"},\"sameAs\":[\"https:\\\/\\\/www.facebook.com\\\/qtmm.info\\\/\"]},{\"@type\":\"Person\",\"@id\":\"https:\\\/\\\/qtmm.org\\\/qt\\\/#\\\/schema\\\/person\\\/de562469f971dec226ac06e60bbf74a7\",\"name\":\"Developer\",\"image\":{\"@type\":\"ImageObject\",\"inLanguage\":\"qt\",\"@id\":\"https:\\\/\\\/secure.gravatar.com\\\/avatar\\\/392b4cc8fbfeb00b39dfeeab4ee6edded39ffd48e25858637e4765810300227e?s=96&d=mm&r=g\",\"url\":\"https:\\\/\\\/secure.gravatar.com\\\/avatar\\\/392b4cc8fbfeb00b39dfeeab4ee6edded39ffd48e25858637e4765810300227e?s=96&d=mm&r=g\",\"contentUrl\":\"https:\\\/\\\/secure.gravatar.com\\\/avatar\\\/392b4cc8fbfeb00b39dfeeab4ee6edded39ffd48e25858637e4765810300227e?s=96&d=mm&r=g\",\"caption\":\"Developer\"},\"url\":\"https:\\\/\\\/qtmm.org\\\/qt\\\/author\\\/Developer\\\/\"}]}<\/script>\n<!-- \/ Yoast SEO plugin. -->","yoast_head_json":{"title":"Meclis azas\u0131 Abduraman Egiz Strasburgda Avropa Parlamenti Pan-Avropa \u0130\u015f\u00e7i gruppas\u0131n\u0131\u00f1 sessiyas\u0131nda \u00e7\u0131q\u0131\u015fta bulund\u0131 - \u041c\u0435\u0434\u0436\u043b\u0456\u0441","robots":{"index":"index","follow":"follow","max-snippet":"max-snippet:-1","max-image-preview":"max-image-preview:large","max-video-preview":"max-video-preview:-1"},"canonical":"https:\/\/qtmm.org\/qt\/meclis-azasi-abduraman-egiz-strasburgda-avropa-parlamenti-pan-avropa-isci-gruppasinin-sessiyasinda-ciqista-bulundi\/","og_locale":"en_US","og_type":"article","og_title":"Meclis azas\u0131 Abduraman Egiz Strasburgda Avropa Parlamenti Pan-Avropa \u0130\u015f\u00e7i gruppas\u0131n\u0131\u00f1 sessiyas\u0131nda \u00e7\u0131q\u0131\u015fta bulund\u0131 - \u041c\u0435\u0434\u0436\u043b\u0456\u0441","og_description":"2014 senesi yanvar 14 \u00a0k\u00fcn\u00fc Meclis azas\u0131 Abduraman Egiz Strasburgda Avropa Parlamenti Pan-Avropa \u0130\u015f\u00e7i gruppas\u0131n\u0131\u00f1 sessiyas\u0131nda Halqara forum ke\u00e7irilmesine Ukraina \u00fck\u00fcmetine qoltutuvda halqara cemaat\u00e7\u0131l\u0131q i\u015ftirakini\u00f1 m\u00fcimligi husus\u0131nda maruzanen \u00e7\u0131q\u0131\u015fta bulund\u0131. Ondan so\u00f1 \u00a0A.Egiz deputatlarn\u0131\u00f1 suallerine cevap berdi. Munaqa\u015falar devam\u0131nda deputatlar \u00a0q\u0131r\u0131mtatar halq\u0131 s\u00fcrg\u00fcnligini\u00f1 aqibetini yoq et\u00fcv i\u015finde Avropa Parlamenti \u00a0nas\u0131l i\u015ftirak etebilecegini muzakere ettiler. Bun\u0131\u00f1 [&hellip;]","og_url":"https:\/\/qtmm.org\/qt\/meclis-azasi-abduraman-egiz-strasburgda-avropa-parlamenti-pan-avropa-isci-gruppasinin-sessiyasinda-ciqista-bulundi\/","og_site_name":"\u041c\u0435\u0434\u0436\u043b\u0456\u0441","article_publisher":"https:\/\/www.facebook.com\/qtmm.info\/","article_published_time":"2014-01-17T13:53:00+00:00","article_modified_time":"2022-01-27T13:56:28+00:00","og_image":[{"width":650,"height":332,"url":"https:\/\/qtmm.org\/wp-content\/uploads\/2022\/01\/1-1.jpeg","type":"image\/jpeg"}],"author":"Developer","twitter_card":"summary_large_image","twitter_misc":{"Written by":"Developer","Est. reading time":"1 minute"},"schema":{"@context":"https:\/\/schema.org","@graph":[{"@type":"Article","@id":"https:\/\/qtmm.org\/qt\/meclis-azasi-abduraman-egiz-strasburgda-avropa-parlamenti-pan-avropa-isci-gruppasinin-sessiyasinda-ciqista-bulundi\/#article","isPartOf":{"@id":"https:\/\/qtmm.org\/qt\/meclis-azasi-abduraman-egiz-strasburgda-avropa-parlamenti-pan-avropa-isci-gruppasinin-sessiyasinda-ciqista-bulundi\/"},"author":{"name":"Developer","@id":"https:\/\/qtmm.org\/qt\/#\/schema\/person\/de562469f971dec226ac06e60bbf74a7"},"headline":"Meclis azas\u0131 Abduraman Egiz Strasburgda Avropa Parlamenti Pan-Avropa \u0130\u015f\u00e7i gruppas\u0131n\u0131\u00f1 sessiyas\u0131nda \u00e7\u0131q\u0131\u015fta bulund\u0131","datePublished":"2014-01-17T13:53:00+00:00","dateModified":"2022-01-27T13:56:28+00:00","mainEntityOfPage":{"@id":"https:\/\/qtmm.org\/qt\/meclis-azasi-abduraman-egiz-strasburgda-avropa-parlamenti-pan-avropa-isci-gruppasinin-sessiyasinda-ciqista-bulundi\/"},"wordCount":124,"commentCount":0,"publisher":{"@id":"https:\/\/qtmm.org\/qt\/#organization"},"image":{"@id":"https:\/\/qtmm.org\/qt\/meclis-azasi-abduraman-egiz-strasburgda-avropa-parlamenti-pan-avropa-isci-gruppasinin-sessiyasinda-ciqista-bulundi\/#primaryimage"},"thumbnailUrl":"https:\/\/qtmm.org\/wp-content\/uploads\/2022\/01\/1-1.jpeg","articleSection":["Haberler"],"inLanguage":"qt","potentialAction":[{"@type":"CommentAction","name":"Comment","target":["https:\/\/qtmm.org\/qt\/meclis-azasi-abduraman-egiz-strasburgda-avropa-parlamenti-pan-avropa-isci-gruppasinin-sessiyasinda-ciqista-bulundi\/#respond"]}]},{"@type":"WebPage","@id":"https:\/\/qtmm.org\/qt\/meclis-azasi-abduraman-egiz-strasburgda-avropa-parlamenti-pan-avropa-isci-gruppasinin-sessiyasinda-ciqista-bulundi\/","url":"https:\/\/qtmm.org\/qt\/meclis-azasi-abduraman-egiz-strasburgda-avropa-parlamenti-pan-avropa-isci-gruppasinin-sessiyasinda-ciqista-bulundi\/","name":"Meclis azas\u0131 Abduraman Egiz Strasburgda Avropa Parlamenti Pan-Avropa \u0130\u015f\u00e7i gruppas\u0131n\u0131\u00f1 sessiyas\u0131nda \u00e7\u0131q\u0131\u015fta bulund\u0131 - \u041c\u0435\u0434\u0436\u043b\u0456\u0441","isPartOf":{"@id":"https:\/\/qtmm.org\/qt\/#website"},"primaryImageOfPage":{"@id":"https:\/\/qtmm.org\/qt\/meclis-azasi-abduraman-egiz-strasburgda-avropa-parlamenti-pan-avropa-isci-gruppasinin-sessiyasinda-ciqista-bulundi\/#primaryimage"},"image":{"@id":"https:\/\/qtmm.org\/qt\/meclis-azasi-abduraman-egiz-strasburgda-avropa-parlamenti-pan-avropa-isci-gruppasinin-sessiyasinda-ciqista-bulundi\/#primaryimage"},"thumbnailUrl":"https:\/\/qtmm.org\/wp-content\/uploads\/2022\/01\/1-1.jpeg","datePublished":"2014-01-17T13:53:00+00:00","dateModified":"2022-01-27T13:56:28+00:00","breadcrumb":{"@id":"https:\/\/qtmm.org\/qt\/meclis-azasi-abduraman-egiz-strasburgda-avropa-parlamenti-pan-avropa-isci-gruppasinin-sessiyasinda-ciqista-bulundi\/#breadcrumb"},"inLanguage":"qt","potentialAction":[{"@type":"ReadAction","target":["https:\/\/qtmm.org\/qt\/meclis-azasi-abduraman-egiz-strasburgda-avropa-parlamenti-pan-avropa-isci-gruppasinin-sessiyasinda-ciqista-bulundi\/"]}]},{"@type":"ImageObject","inLanguage":"qt","@id":"https:\/\/qtmm.org\/qt\/meclis-azasi-abduraman-egiz-strasburgda-avropa-parlamenti-pan-avropa-isci-gruppasinin-sessiyasinda-ciqista-bulundi\/#primaryimage","url":"https:\/\/qtmm.org\/wp-content\/uploads\/2022\/01\/1-1.jpeg","contentUrl":"https:\/\/qtmm.org\/wp-content\/uploads\/2022\/01\/1-1.jpeg","width":650,"height":332,"caption":"Paneuropean Working Group of the EPP-group Abduraman EGIZ \"70 years of neglect: The Crimean Tatars in Ukraine\""},{"@type":"BreadcrumbList","@id":"https:\/\/qtmm.org\/qt\/meclis-azasi-abduraman-egiz-strasburgda-avropa-parlamenti-pan-avropa-isci-gruppasinin-sessiyasinda-ciqista-bulundi\/#breadcrumb","itemListElement":[{"@type":"ListItem","position":1,"name":"\u0413\u043e\u043b\u043e\u0432\u043d\u0430","item":"https:\/\/qtmm.org\/qt\/"},{"@type":"ListItem","position":2,"name":"Meclis azas\u0131 Abduraman Egiz Strasburgda Avropa Parlamenti Pan-Avropa \u0130\u015f\u00e7i gruppas\u0131n\u0131\u00f1 sessiyas\u0131nda \u00e7\u0131q\u0131\u015fta bulund\u0131"}]},{"@type":"WebSite","@id":"https:\/\/qtmm.org\/qt\/#website","url":"https:\/\/qtmm.org\/qt\/","name":"\u041c\u0435\u0434\u0436\u043b\u0456\u0441","description":"","publisher":{"@id":"https:\/\/qtmm.org\/qt\/#organization"},"potentialAction":[{"@type":"SearchAction","target":{"@type":"EntryPoint","urlTemplate":"https:\/\/qtmm.org\/qt\/?s={search_term_string}"},"query-input":{"@type":"PropertyValueSpecification","valueRequired":true,"valueName":"search_term_string"}}],"inLanguage":"qt"},{"@type":"Organization","@id":"https:\/\/qtmm.org\/qt\/#organization","name":"\u041c\u0435\u0434\u0436\u043b\u0456\u0441","url":"https:\/\/qtmm.org\/qt\/","logo":{"@type":"ImageObject","inLanguage":"qt","@id":"https:\/\/qtmm.org\/qt\/#\/schema\/logo\/image\/","url":"https:\/\/qtmm.org\/wp-content\/uploads\/2024\/12\/ua-mejlis-logo-rgb.svg","contentUrl":"https:\/\/qtmm.org\/wp-content\/uploads\/2024\/12\/ua-mejlis-logo-rgb.svg","caption":"\u041c\u0435\u0434\u0436\u043b\u0456\u0441"},"image":{"@id":"https:\/\/qtmm.org\/qt\/#\/schema\/logo\/image\/"},"sameAs":["https:\/\/www.facebook.com\/qtmm.info\/"]},{"@type":"Person","@id":"https:\/\/qtmm.org\/qt\/#\/schema\/person\/de562469f971dec226ac06e60bbf74a7","name":"Developer","image":{"@type":"ImageObject","inLanguage":"qt","@id":"https:\/\/secure.gravatar.com\/avatar\/392b4cc8fbfeb00b39dfeeab4ee6edded39ffd48e25858637e4765810300227e?s=96&d=mm&r=g","url":"https:\/\/secure.gravatar.com\/avatar\/392b4cc8fbfeb00b39dfeeab4ee6edded39ffd48e25858637e4765810300227e?s=96&d=mm&r=g","contentUrl":"https:\/\/secure.gravatar.com\/avatar\/392b4cc8fbfeb00b39dfeeab4ee6edded39ffd48e25858637e4765810300227e?s=96&d=mm&r=g","caption":"Developer"},"url":"https:\/\/qtmm.org\/qt\/author\/Developer\/"}]}},"_links":{"self":[{"href":"https:\/\/qtmm.org\/qt\/wp-json\/wp\/v2\/posts\/42554","targetHints":{"allow":["GET"]}}],"collection":[{"href":"https:\/\/qtmm.org\/qt\/wp-json\/wp\/v2\/posts"}],"about":[{"href":"https:\/\/qtmm.org\/qt\/wp-json\/wp\/v2\/types\/post"}],"author":[{"embeddable":true,"href":"https:\/\/qtmm.org\/qt\/wp-json\/wp\/v2\/users\/1"}],"replies":[{"embeddable":true,"href":"https:\/\/qtmm.org\/qt\/wp-json\/wp\/v2\/comments?post=42554"}],"version-history":[{"count":1,"href":"https:\/\/qtmm.org\/qt\/wp-json\/wp\/v2\/posts\/42554\/revisions"}],"predecessor-version":[{"id":42571,"href":"https:\/\/qtmm.org\/qt\/wp-json\/wp\/v2\/posts\/42554\/revisions\/42571"}],"wp:featuredmedia":[{"embeddable":true,"href":"https:\/\/qtmm.org\/qt\/wp-json\/wp\/v2\/media\/42567"}],"wp:attachment":[{"href":"https:\/\/qtmm.org\/qt\/wp-json\/wp\/v2\/media?parent=42554"}],"wp:term":[{"taxonomy":"category","embeddable":true,"href":"https:\/\/qtmm.org\/qt\/wp-json\/wp\/v2\/categories?post=42554"},{"taxonomy":"post_tag","embeddable":true,"href":"https:\/\/qtmm.org\/qt\/wp-json\/wp\/v2\/tags?post=42554"}],"curies":[{"name":"wp","href":"https:\/\/api.w.org\/{rel}","templated":true}]}}