




{"id":42535,"date":"2014-01-16T16:49:00","date_gmt":"2014-01-16T13:49:00","guid":{"rendered":"http:\/\/qtmm.org\/?p=42535"},"modified":"2022-01-27T16:51:44","modified_gmt":"2022-01-27T13:51:44","slug":"elvida-cesur-zampira-hanim","status":"publish","type":"post","link":"https:\/\/qtmm.org\/qt\/elvida-cesur-zampira-hanim\/","title":{"rendered":"Elvida, ces\u00fcr Zampira han\u0131m!"},"content":{"rendered":"\n<p>So\u00f1ki as\u0131r devam\u0131nda Q\u0131r\u0131m ve Ye\u015fil adam\u0131zdan t\u0131\u015fta ol\u011fan me\u015faqatl\u0131 tarihiy vaqialar halq\u0131m\u0131zn\u0131\u00f1 ba\u015f\u0131na de\u015fetli, aq\u0131l\u011fa s\u0131\u011fma\u011fan m\u00fcsibetler ketirmeknen beraber, on\u0131 adalet, milliy degerlik, tiklen\u00fcv&nbsp; ve inki\u015faf o\u011frunda k\u00fcre\u015f yoluna \u00e7\u0131qard\u0131. Y\u00fczlernen qaramanlar\u0131m\u0131z, k\u00f6r\u00fcmli yetek\u00e7ilerimiz, bi\u00f1lernen cemaat erbaplar\u0131m\u0131z peyda old\u0131.<\/p>\n\n\n\n<p>Bu k\u00fcre\u015fte, \u015fu c\u00fcmleden s\u00fcrg\u00fcnlik devirde ba\u015fla\u011fan misilsiz Vatan davas\u0131nda Q\u0131r\u0131mn\u0131\u00f1 qad\u0131n-q\u0131zlar\u0131, \u015f\u00fcbesiz, \u00e7oq m\u00fcim ve emiyetli yer ald\u0131lar. Olarn\u0131\u00f1 aras\u0131nda Zampira Asan Bekmambet q\u0131z\u0131 ayr\u0131ca turmaqta.<\/p>\n\n\n\n<p>Amma endi, bu ces\u00fcr safda\u015f\u0131m\u0131z, milliy areketimizni\u00f1 e\u00f1 parlaq s\u0131malar\u0131ndan birisini\u00f1 ad\u0131n\u0131 biz, bi\u00f1 teess\u00fcf ki, ke\u00e7mi\u015f zamanda aytmaq mecburindemiz. 16-yanvar gecesi, devaml\u0131 hastal\u0131qtan so\u00f1 on\u0131\u00f1 y\u00fcregi uruvdan toqtad\u0131.<\/p>\n\n\n\n<p>Zampira Asan 1941 senesi 26-aprelde Aqme\u00e7et (bug\u00fcn \u00c7ernomorsk) rayon\u0131 Bay-Q\u0131yat k\u00f6y\u00fcnde d\u00fcnya\u011fa keldi. Halq\u0131m\u0131z s\u00fcrg\u00fcn etilgende olarn\u0131\u00f1 qorantas\u0131 \u00d6zbekistann\u0131\u00f1 Fer\u011fana vil\u00e2yetine t\u00fc\u015fe.<\/p>\n\n\n\n<figure class=\"wp-block-image size-full\"><img loading=\"lazy\" decoding=\"async\" width=\"650\" height=\"310\" src=\"http:\/\/qtmm.org\/wp-content\/uploads\/2022\/01\/zampira_hanim_asanova1.jpeg\" alt=\"\" class=\"wp-image-42536\" srcset=\"https:\/\/qtmm.org\/wp-content\/uploads\/2022\/01\/zampira_hanim_asanova1.jpeg 650w, https:\/\/qtmm.org\/wp-content\/uploads\/2022\/01\/zampira_hanim_asanova1-300x143.jpeg 300w\" sizes=\"auto, (max-width: 650px) 100vw, 650px\" \/><\/figure>\n\n\n\n<p>O y\u0131llar\u0131 vatanperverlik ruhunda terbiye tek qoranta\u011fa ba\u011fl\u0131 edi. Zampira han\u0131m tatalar\u0131, qarda\u015f\u0131 ile tolus\u0131nen b\u00f6yle do\u011fru terbiye k\u00f6rdiler. Olar episi daa aliy oquv yurtlarda tasil al\u011fan devirlerinde milliy areketke qo\u015fuld\u0131lar ve \u00f6m\u00fcr boyu on\u0131\u00f1 saf\u0131nda bulund\u0131lar.<br><br>Kenceleri Par\u0131q Asanov 1967 senesi, avgust Ta\u015fkent vaqialar\u0131nda faal i\u015ftiraq etip ve ba\u015fqa ya\u015flar\u0131m\u0131z s\u0131ras\u0131nda milisler \u00fcc\u00fcmi ve k\u00f6tegine o\u011frap, eki bu\u00e7uq y\u0131l\u011fa cezalan\u011fan edi. Azat etilgen so\u00f1, \u00e7oqqa barmay, 1973 senesi, yani otuz ya\u015f\u0131na kelgende, \u015fu k\u00f6tekni\u00f1 yaralar\u0131 aqibetinde \u015feit ketti.<br><br>Moskva tibbiyat institut\u0131nda ekimlik zenaat\u0131n\u0131 menimsegen Zampira 1960 seneleri endi tek \u00f6z aqranlar\u0131 aras\u0131nda degil, \u00fcyken nesil taraf\u0131ndan da tan\u0131l\u011fan belli te\u015febb\u00fcs\u00e7ilerden biri old\u0131. Bun\u0131\u00f1 delili \u2013 1967 senesi Yu. Andropov ve Sovetler Birligini\u00f1 diger yolba\u015f\u00e7\u0131lar\u0131 vekillerimizni qabul et\u00fcvde on\u0131\u00f1 i\u015ftiraki.<br><br>1969 senesi iy\u00fcnde Moskvada kommunist ve i\u015f\u00e7i firqalarn\u0131\u00f1 nufuzl\u0131 halqara mu\u015faveresi \u00f6tkerilmesini\u00f1 ekinci k\u00fcn\u00fc, paytahtn\u0131\u00f1 merkezindeki Mayakovskiy ad\u0131na meydan\u0131na &#8220;Kommunist\u0131, vernite Kr\u0131m kr\u0131mskim tataram!&#8221;, &#8220;Prekratit goneniya na kr\u0131mskih tatar!&#8221; ve daa ba\u015fqa siyasiy \u015fiarlarnen be\u015f vata\u015fda\u015f\u0131m\u0131z: Enver Ametov, Re\u015fat Cemilev, Ayder Zeytullayev, \u0130braim Holapov ve Zampira Asanova \u00e7\u0131qqan edi.<br><br>Er ki\u015filer aktsiyan\u0131\u00f1 so\u00f1u nenen bitecegini k\u00f6z \u00f6g\u00fcne al\u0131p, \u011fayet havfl\u0131 ol\u011fan\u0131 sebebinden aralar\u0131ndaki yek\u00e2ne qad\u0131nn\u0131 meydan\u011fa \u00e7\u0131qmama\u011fa yalvard\u0131lar, l\u00e2kin k\u00f6ndirmediler. Bu ces\u00fcr tarihiy aktsiya on\u0131\u00f1 ad\u0131n\u0131 daa da belli etti. &nbsp;<br><br>Zampira Asan halq\u0131m\u0131zn\u0131\u00f1 meselesi \u00e7ezilmesini, o\u00f1a nisbeten adalet tiklenmesini qay\u011f\u0131r\u011fan P. Grigorenko, A. Saharov, A. K\u00f6sterin, P. Yakir kibi ve ba\u015fqa me\u015fur uquqqor\u00e7alay\u0131c\u0131lar ile yaq\u0131ndan tan\u0131\u015f ol\u0131p, olarnen beraber bir s\u0131ra m\u00fcim vesiqalarn\u0131 az\u0131rlamaqta, imzalamaqta qatna\u015ft\u0131.<br>O, Milliy areketimiz bu ceetten demokratik usullar, printsiplerge esaslan\u011fan\u0131n\u0131\u00f1, meselemizni halqara cemaat\u00e7\u0131l\u0131qqa bildirmekni\u00f1 ve bu y\u00f6neli\u015fte usanmay \u00e7al\u0131\u015fmaqn\u0131\u00f1 iz\u00e7en tarafdar\u0131 edi.<br><br>1980 senelerini\u00f1 ekinci yar\u0131s\u0131ndan ba\u015flap Zampira han\u0131mn\u0131\u00f1 cemaat faaliyeti Q\u0131r\u0131mda ke\u00e7mekte. Bu devirdeki k\u00fctleviy avdet imk\u00e2n\u0131 mecburiy a\u00e7\u0131lmas\u0131, yerle\u015fmek, ev-mesken qurmaq i\u00e7\u00fcn topraq, yasaqqa baqmay, al\u0131nmas\u0131, diniy, medeniy, tasil meseleleri \u00e7ezilmesini\u00f1 talap etilmesi, siyasiy aq-uquqlar\u0131m\u0131z tiklenmesi o\u011frunda yap\u0131l\u011fan b\u00fct\u00fcn areketler ve tedbirlerde on\u0131\u00f1 i\u015ftiraki ve degerli issesini k\u00f6rmek m\u00fcmk\u00fcn.<br><br>O, halq\u0131m\u0131zn\u0131\u00f1 vek\u00e2letli qurumlar\u0131na ol\u011fan saylavlarda i\u00e7 bir vaqt\u0131 \u00f6z namzetini k\u00f6stermedi ve olarn\u0131\u00f1 azas\u0131 olmad\u0131. Amma milliy \u00f6m\u00fcrden t\u0131\u015fta \u00f6z\u00fcni tutmad\u0131 ve i\u00e7 bir vaq\u0131t on\u0131\u00f1 \u00e7etteki k\u00f6zeticisi degil edi. Aksine \u2013 yerini daima \u00f6g s\u0131rada al\u0131p, \u00f6z fikiri, noqtai nazar\u0131n\u0131 \u00e7oq faal ve samimiy \u015fekilde bildirmege t\u0131r\u0131\u015ft\u0131. Em de kimse: on\u0131\u00f1&nbsp; meram\u0131 \u015fahsiy menfaatqa esaslana edi, dep, ayt\u0131p olamaz. \u00c7\u00fcnki bu olmad\u0131. Bir direm! On\u0131 az bu\u00e7\u0131q tan\u0131\u011fanlar bile: o qad\u0131n tek milletini, dinini, Vatan\u0131n\u0131 qay\u011f\u0131ra edi.<br><br>Aqiqaten, Zampira aptemiz \u011fayet milletperver, saf imanl\u0131, adaletsever, a\u00e7\u0131q-do\u011frul\u0131qn\u0131, feraset-oqmu\u015fl\u0131l\u0131qn\u0131&nbsp; birinci yerge qoy\u011fan, qopayl\u0131q, ekiyuzlik, sahtek\u00e2rl\u0131qqa i\u00e7 de dayanma\u011fan, so\u00f1 derecede al\u00e7aqg\u00f6\u00f1\u00fclli, \u015fahsen \u00f6z\u00fc i\u00e7\u00fcn bir \u015fey istemegen ve beklemegen insan edi.<br>O, \u00f6yle de bizim hat\u0131ram\u0131zda daima ya\u015faycaq.<br><br>Zampira Asan vefat etkeni munasebetinen on\u0131\u00f1 tatalar\u0131 M\u00fcr\u015fide ve Semade han\u0131mlar\u011fa, diger yaq\u0131nlar\u0131na teren taziye bildiremiz ve ba\u015f sa\u011fl\u0131\u011f\u0131 tileymiz.<\/p>\n\n\n\n<p class=\"has-text-align-center\"><br><strong>Meslekde\u015fimiz, safda\u015f\u0131m\u0131z Zampira apte Allan\u0131\u00f1 rahmetinde olsun!<br><br>Milliy Meclis azalar\u0131.<\/strong><\/p>\n\n\n\n<figure class=\"wp-block-image size-full\"><img loading=\"lazy\" decoding=\"async\" width=\"650\" height=\"335\" src=\"http:\/\/qtmm.org\/wp-content\/uploads\/2022\/01\/img_0334.jpeg\" alt=\"\" class=\"wp-image-42544\" srcset=\"https:\/\/qtmm.org\/wp-content\/uploads\/2022\/01\/img_0334.jpeg 650w, https:\/\/qtmm.org\/wp-content\/uploads\/2022\/01\/img_0334-300x155.jpeg 300w\" sizes=\"auto, (max-width: 650px) 100vw, 650px\" \/><\/figure>\n\n\n\n<figure class=\"wp-block-image size-full\"><img loading=\"lazy\" decoding=\"async\" width=\"650\" height=\"438\" src=\"http:\/\/qtmm.org\/wp-content\/uploads\/2022\/01\/img_0382.jpeg\" alt=\"\" class=\"wp-image-42548\" srcset=\"https:\/\/qtmm.org\/wp-content\/uploads\/2022\/01\/img_0382.jpeg 650w, https:\/\/qtmm.org\/wp-content\/uploads\/2022\/01\/img_0382-300x202.jpeg 300w\" sizes=\"auto, (max-width: 650px) 100vw, 650px\" \/><\/figure>\n","protected":false},"excerpt":{"rendered":"<p>So\u00f1ki as\u0131r devam\u0131nda Q\u0131r\u0131m ve Ye\u015fil adam\u0131zdan t\u0131\u015fta ol\u011fan me\u015faqatl\u0131 tarihiy vaqialar halq\u0131m\u0131zn\u0131\u00f1 ba\u015f\u0131na de\u015fetli, aq\u0131l\u011fa s\u0131\u011fma\u011fan m\u00fcsibetler ketirmeknen beraber, on\u0131 adalet, milliy degerlik, tiklen\u00fcv&nbsp; ve inki\u015faf o\u011frunda k\u00fcre\u015f yoluna \u00e7\u0131qard\u0131. Y\u00fczlernen qaramanlar\u0131m\u0131z, k\u00f6r\u00fcmli yetek\u00e7ilerimiz, bi\u00f1lernen cemaat erbaplar\u0131m\u0131z peyda old\u0131. Bu k\u00fcre\u015fte, \u015fu c\u00fcmleden s\u00fcrg\u00fcnlik devirde ba\u015fla\u011fan misilsiz Vatan davas\u0131nda Q\u0131r\u0131mn\u0131\u00f1 qad\u0131n-q\u0131zlar\u0131, \u015f\u00fcbesiz, \u00e7oq m\u00fcim [&hellip;]<\/p>\n","protected":false},"author":1,"featured_media":42540,"comment_status":"open","ping_status":"open","sticky":false,"template":"","format":"standard","meta":{"inline_featured_image":false,"footnotes":""},"categories":[265],"tags":[],"class_list":["post-42535","post","type-post","status-publish","format-standard","has-post-thumbnail","hentry","category-haberler"],"acf":[],"yoast_head":"<!-- This site is optimized with the Yoast SEO plugin v27.4 - https:\/\/yoast.com\/product\/yoast-seo-wordpress\/ -->\n<title>Elvida, ces\u00fcr Zampira han\u0131m! - \u041c\u0435\u0434\u0436\u043b\u0456\u0441<\/title>\n<meta name=\"robots\" content=\"index, follow, max-snippet:-1, max-image-preview:large, max-video-preview:-1\" \/>\n<link rel=\"canonical\" href=\"https:\/\/qtmm.org\/qt\/elvida-cesur-zampira-hanim\/\" \/>\n<meta property=\"og:locale\" content=\"en_US\" \/>\n<meta property=\"og:type\" content=\"article\" \/>\n<meta property=\"og:title\" content=\"Elvida, ces\u00fcr Zampira han\u0131m! - \u041c\u0435\u0434\u0436\u043b\u0456\u0441\" \/>\n<meta property=\"og:description\" content=\"So\u00f1ki as\u0131r devam\u0131nda Q\u0131r\u0131m ve Ye\u015fil adam\u0131zdan t\u0131\u015fta ol\u011fan me\u015faqatl\u0131 tarihiy vaqialar halq\u0131m\u0131zn\u0131\u00f1 ba\u015f\u0131na de\u015fetli, aq\u0131l\u011fa s\u0131\u011fma\u011fan m\u00fcsibetler ketirmeknen beraber, on\u0131 adalet, milliy degerlik, tiklen\u00fcv&nbsp; ve inki\u015faf o\u011frunda k\u00fcre\u015f yoluna \u00e7\u0131qard\u0131. Y\u00fczlernen qaramanlar\u0131m\u0131z, k\u00f6r\u00fcmli yetek\u00e7ilerimiz, bi\u00f1lernen cemaat erbaplar\u0131m\u0131z peyda old\u0131. Bu k\u00fcre\u015fte, \u015fu c\u00fcmleden s\u00fcrg\u00fcnlik devirde ba\u015fla\u011fan misilsiz Vatan davas\u0131nda Q\u0131r\u0131mn\u0131\u00f1 qad\u0131n-q\u0131zlar\u0131, \u015f\u00fcbesiz, \u00e7oq m\u00fcim [&hellip;]\" \/>\n<meta property=\"og:url\" content=\"https:\/\/qtmm.org\/qt\/elvida-cesur-zampira-hanim\/\" \/>\n<meta property=\"og:site_name\" content=\"\u041c\u0435\u0434\u0436\u043b\u0456\u0441\" \/>\n<meta property=\"article:publisher\" content=\"https:\/\/www.facebook.com\/qtmm.info\/\" \/>\n<meta property=\"article:published_time\" content=\"2014-01-16T13:49:00+00:00\" \/>\n<meta property=\"article:modified_time\" content=\"2022-01-27T13:51:44+00:00\" \/>\n<meta property=\"og:image\" content=\"https:\/\/qtmm.org\/wp-content\/uploads\/2022\/01\/img_0182.jpeg\" \/>\n\t<meta property=\"og:image:width\" content=\"650\" \/>\n\t<meta property=\"og:image:height\" content=\"385\" \/>\n\t<meta property=\"og:image:type\" content=\"image\/jpeg\" \/>\n<meta name=\"author\" content=\"Developer\" \/>\n<meta name=\"twitter:card\" content=\"summary_large_image\" \/>\n<meta name=\"twitter:label1\" content=\"Written by\" \/>\n\t<meta name=\"twitter:data1\" content=\"Developer\" \/>\n\t<meta name=\"twitter:label2\" content=\"Est. reading time\" \/>\n\t<meta name=\"twitter:data2\" content=\"4 minutes\" \/>\n<script type=\"application\/ld+json\" class=\"yoast-schema-graph\">{\"@context\":\"https:\\\/\\\/schema.org\",\"@graph\":[{\"@type\":\"Article\",\"@id\":\"https:\\\/\\\/qtmm.org\\\/qt\\\/elvida-cesur-zampira-hanim\\\/#article\",\"isPartOf\":{\"@id\":\"https:\\\/\\\/qtmm.org\\\/qt\\\/elvida-cesur-zampira-hanim\\\/\"},\"author\":{\"name\":\"Developer\",\"@id\":\"https:\\\/\\\/qtmm.org\\\/qt\\\/#\\\/schema\\\/person\\\/de562469f971dec226ac06e60bbf74a7\"},\"headline\":\"Elvida, ces\u00fcr Zampira han\u0131m!\",\"datePublished\":\"2014-01-16T13:49:00+00:00\",\"dateModified\":\"2022-01-27T13:51:44+00:00\",\"mainEntityOfPage\":{\"@id\":\"https:\\\/\\\/qtmm.org\\\/qt\\\/elvida-cesur-zampira-hanim\\\/\"},\"wordCount\":819,\"commentCount\":0,\"publisher\":{\"@id\":\"https:\\\/\\\/qtmm.org\\\/qt\\\/#organization\"},\"image\":{\"@id\":\"https:\\\/\\\/qtmm.org\\\/qt\\\/elvida-cesur-zampira-hanim\\\/#primaryimage\"},\"thumbnailUrl\":\"https:\\\/\\\/qtmm.org\\\/wp-content\\\/uploads\\\/2022\\\/01\\\/img_0182.jpeg\",\"articleSection\":[\"Haberler\"],\"inLanguage\":\"qt\",\"potentialAction\":[{\"@type\":\"CommentAction\",\"name\":\"Comment\",\"target\":[\"https:\\\/\\\/qtmm.org\\\/qt\\\/elvida-cesur-zampira-hanim\\\/#respond\"]}]},{\"@type\":\"WebPage\",\"@id\":\"https:\\\/\\\/qtmm.org\\\/qt\\\/elvida-cesur-zampira-hanim\\\/\",\"url\":\"https:\\\/\\\/qtmm.org\\\/qt\\\/elvida-cesur-zampira-hanim\\\/\",\"name\":\"Elvida, ces\u00fcr Zampira han\u0131m! - \u041c\u0435\u0434\u0436\u043b\u0456\u0441\",\"isPartOf\":{\"@id\":\"https:\\\/\\\/qtmm.org\\\/qt\\\/#website\"},\"primaryImageOfPage\":{\"@id\":\"https:\\\/\\\/qtmm.org\\\/qt\\\/elvida-cesur-zampira-hanim\\\/#primaryimage\"},\"image\":{\"@id\":\"https:\\\/\\\/qtmm.org\\\/qt\\\/elvida-cesur-zampira-hanim\\\/#primaryimage\"},\"thumbnailUrl\":\"https:\\\/\\\/qtmm.org\\\/wp-content\\\/uploads\\\/2022\\\/01\\\/img_0182.jpeg\",\"datePublished\":\"2014-01-16T13:49:00+00:00\",\"dateModified\":\"2022-01-27T13:51:44+00:00\",\"breadcrumb\":{\"@id\":\"https:\\\/\\\/qtmm.org\\\/qt\\\/elvida-cesur-zampira-hanim\\\/#breadcrumb\"},\"inLanguage\":\"qt\",\"potentialAction\":[{\"@type\":\"ReadAction\",\"target\":[\"https:\\\/\\\/qtmm.org\\\/qt\\\/elvida-cesur-zampira-hanim\\\/\"]}]},{\"@type\":\"ImageObject\",\"inLanguage\":\"qt\",\"@id\":\"https:\\\/\\\/qtmm.org\\\/qt\\\/elvida-cesur-zampira-hanim\\\/#primaryimage\",\"url\":\"https:\\\/\\\/qtmm.org\\\/wp-content\\\/uploads\\\/2022\\\/01\\\/img_0182.jpeg\",\"contentUrl\":\"https:\\\/\\\/qtmm.org\\\/wp-content\\\/uploads\\\/2022\\\/01\\\/img_0182.jpeg\",\"width\":650,\"height\":385},{\"@type\":\"BreadcrumbList\",\"@id\":\"https:\\\/\\\/qtmm.org\\\/qt\\\/elvida-cesur-zampira-hanim\\\/#breadcrumb\",\"itemListElement\":[{\"@type\":\"ListItem\",\"position\":1,\"name\":\"\u0413\u043e\u043b\u043e\u0432\u043d\u0430\",\"item\":\"https:\\\/\\\/qtmm.org\\\/qt\\\/\"},{\"@type\":\"ListItem\",\"position\":2,\"name\":\"Elvida, ces\u00fcr Zampira han\u0131m!\"}]},{\"@type\":\"WebSite\",\"@id\":\"https:\\\/\\\/qtmm.org\\\/qt\\\/#website\",\"url\":\"https:\\\/\\\/qtmm.org\\\/qt\\\/\",\"name\":\"\u041c\u0435\u0434\u0436\u043b\u0456\u0441\",\"description\":\"\",\"publisher\":{\"@id\":\"https:\\\/\\\/qtmm.org\\\/qt\\\/#organization\"},\"potentialAction\":[{\"@type\":\"SearchAction\",\"target\":{\"@type\":\"EntryPoint\",\"urlTemplate\":\"https:\\\/\\\/qtmm.org\\\/qt\\\/?s={search_term_string}\"},\"query-input\":{\"@type\":\"PropertyValueSpecification\",\"valueRequired\":true,\"valueName\":\"search_term_string\"}}],\"inLanguage\":\"qt\"},{\"@type\":\"Organization\",\"@id\":\"https:\\\/\\\/qtmm.org\\\/qt\\\/#organization\",\"name\":\"\u041c\u0435\u0434\u0436\u043b\u0456\u0441\",\"url\":\"https:\\\/\\\/qtmm.org\\\/qt\\\/\",\"logo\":{\"@type\":\"ImageObject\",\"inLanguage\":\"qt\",\"@id\":\"https:\\\/\\\/qtmm.org\\\/qt\\\/#\\\/schema\\\/logo\\\/image\\\/\",\"url\":\"https:\\\/\\\/qtmm.org\\\/wp-content\\\/uploads\\\/2024\\\/12\\\/ua-mejlis-logo-rgb.svg\",\"contentUrl\":\"https:\\\/\\\/qtmm.org\\\/wp-content\\\/uploads\\\/2024\\\/12\\\/ua-mejlis-logo-rgb.svg\",\"caption\":\"\u041c\u0435\u0434\u0436\u043b\u0456\u0441\"},\"image\":{\"@id\":\"https:\\\/\\\/qtmm.org\\\/qt\\\/#\\\/schema\\\/logo\\\/image\\\/\"},\"sameAs\":[\"https:\\\/\\\/www.facebook.com\\\/qtmm.info\\\/\"]},{\"@type\":\"Person\",\"@id\":\"https:\\\/\\\/qtmm.org\\\/qt\\\/#\\\/schema\\\/person\\\/de562469f971dec226ac06e60bbf74a7\",\"name\":\"Developer\",\"image\":{\"@type\":\"ImageObject\",\"inLanguage\":\"qt\",\"@id\":\"https:\\\/\\\/secure.gravatar.com\\\/avatar\\\/392b4cc8fbfeb00b39dfeeab4ee6edded39ffd48e25858637e4765810300227e?s=96&d=mm&r=g\",\"url\":\"https:\\\/\\\/secure.gravatar.com\\\/avatar\\\/392b4cc8fbfeb00b39dfeeab4ee6edded39ffd48e25858637e4765810300227e?s=96&d=mm&r=g\",\"contentUrl\":\"https:\\\/\\\/secure.gravatar.com\\\/avatar\\\/392b4cc8fbfeb00b39dfeeab4ee6edded39ffd48e25858637e4765810300227e?s=96&d=mm&r=g\",\"caption\":\"Developer\"},\"url\":\"https:\\\/\\\/qtmm.org\\\/qt\\\/author\\\/Developer\\\/\"}]}<\/script>\n<!-- \/ Yoast SEO plugin. -->","yoast_head_json":{"title":"Elvida, ces\u00fcr Zampira han\u0131m! - \u041c\u0435\u0434\u0436\u043b\u0456\u0441","robots":{"index":"index","follow":"follow","max-snippet":"max-snippet:-1","max-image-preview":"max-image-preview:large","max-video-preview":"max-video-preview:-1"},"canonical":"https:\/\/qtmm.org\/qt\/elvida-cesur-zampira-hanim\/","og_locale":"en_US","og_type":"article","og_title":"Elvida, ces\u00fcr Zampira han\u0131m! - \u041c\u0435\u0434\u0436\u043b\u0456\u0441","og_description":"So\u00f1ki as\u0131r devam\u0131nda Q\u0131r\u0131m ve Ye\u015fil adam\u0131zdan t\u0131\u015fta ol\u011fan me\u015faqatl\u0131 tarihiy vaqialar halq\u0131m\u0131zn\u0131\u00f1 ba\u015f\u0131na de\u015fetli, aq\u0131l\u011fa s\u0131\u011fma\u011fan m\u00fcsibetler ketirmeknen beraber, on\u0131 adalet, milliy degerlik, tiklen\u00fcv&nbsp; ve inki\u015faf o\u011frunda k\u00fcre\u015f yoluna \u00e7\u0131qard\u0131. Y\u00fczlernen qaramanlar\u0131m\u0131z, k\u00f6r\u00fcmli yetek\u00e7ilerimiz, bi\u00f1lernen cemaat erbaplar\u0131m\u0131z peyda old\u0131. Bu k\u00fcre\u015fte, \u015fu c\u00fcmleden s\u00fcrg\u00fcnlik devirde ba\u015fla\u011fan misilsiz Vatan davas\u0131nda Q\u0131r\u0131mn\u0131\u00f1 qad\u0131n-q\u0131zlar\u0131, \u015f\u00fcbesiz, \u00e7oq m\u00fcim [&hellip;]","og_url":"https:\/\/qtmm.org\/qt\/elvida-cesur-zampira-hanim\/","og_site_name":"\u041c\u0435\u0434\u0436\u043b\u0456\u0441","article_publisher":"https:\/\/www.facebook.com\/qtmm.info\/","article_published_time":"2014-01-16T13:49:00+00:00","article_modified_time":"2022-01-27T13:51:44+00:00","og_image":[{"width":650,"height":385,"url":"https:\/\/qtmm.org\/wp-content\/uploads\/2022\/01\/img_0182.jpeg","type":"image\/jpeg"}],"author":"Developer","twitter_card":"summary_large_image","twitter_misc":{"Written by":"Developer","Est. reading time":"4 minutes"},"schema":{"@context":"https:\/\/schema.org","@graph":[{"@type":"Article","@id":"https:\/\/qtmm.org\/qt\/elvida-cesur-zampira-hanim\/#article","isPartOf":{"@id":"https:\/\/qtmm.org\/qt\/elvida-cesur-zampira-hanim\/"},"author":{"name":"Developer","@id":"https:\/\/qtmm.org\/qt\/#\/schema\/person\/de562469f971dec226ac06e60bbf74a7"},"headline":"Elvida, ces\u00fcr Zampira han\u0131m!","datePublished":"2014-01-16T13:49:00+00:00","dateModified":"2022-01-27T13:51:44+00:00","mainEntityOfPage":{"@id":"https:\/\/qtmm.org\/qt\/elvida-cesur-zampira-hanim\/"},"wordCount":819,"commentCount":0,"publisher":{"@id":"https:\/\/qtmm.org\/qt\/#organization"},"image":{"@id":"https:\/\/qtmm.org\/qt\/elvida-cesur-zampira-hanim\/#primaryimage"},"thumbnailUrl":"https:\/\/qtmm.org\/wp-content\/uploads\/2022\/01\/img_0182.jpeg","articleSection":["Haberler"],"inLanguage":"qt","potentialAction":[{"@type":"CommentAction","name":"Comment","target":["https:\/\/qtmm.org\/qt\/elvida-cesur-zampira-hanim\/#respond"]}]},{"@type":"WebPage","@id":"https:\/\/qtmm.org\/qt\/elvida-cesur-zampira-hanim\/","url":"https:\/\/qtmm.org\/qt\/elvida-cesur-zampira-hanim\/","name":"Elvida, ces\u00fcr Zampira han\u0131m! - \u041c\u0435\u0434\u0436\u043b\u0456\u0441","isPartOf":{"@id":"https:\/\/qtmm.org\/qt\/#website"},"primaryImageOfPage":{"@id":"https:\/\/qtmm.org\/qt\/elvida-cesur-zampira-hanim\/#primaryimage"},"image":{"@id":"https:\/\/qtmm.org\/qt\/elvida-cesur-zampira-hanim\/#primaryimage"},"thumbnailUrl":"https:\/\/qtmm.org\/wp-content\/uploads\/2022\/01\/img_0182.jpeg","datePublished":"2014-01-16T13:49:00+00:00","dateModified":"2022-01-27T13:51:44+00:00","breadcrumb":{"@id":"https:\/\/qtmm.org\/qt\/elvida-cesur-zampira-hanim\/#breadcrumb"},"inLanguage":"qt","potentialAction":[{"@type":"ReadAction","target":["https:\/\/qtmm.org\/qt\/elvida-cesur-zampira-hanim\/"]}]},{"@type":"ImageObject","inLanguage":"qt","@id":"https:\/\/qtmm.org\/qt\/elvida-cesur-zampira-hanim\/#primaryimage","url":"https:\/\/qtmm.org\/wp-content\/uploads\/2022\/01\/img_0182.jpeg","contentUrl":"https:\/\/qtmm.org\/wp-content\/uploads\/2022\/01\/img_0182.jpeg","width":650,"height":385},{"@type":"BreadcrumbList","@id":"https:\/\/qtmm.org\/qt\/elvida-cesur-zampira-hanim\/#breadcrumb","itemListElement":[{"@type":"ListItem","position":1,"name":"\u0413\u043e\u043b\u043e\u0432\u043d\u0430","item":"https:\/\/qtmm.org\/qt\/"},{"@type":"ListItem","position":2,"name":"Elvida, ces\u00fcr Zampira han\u0131m!"}]},{"@type":"WebSite","@id":"https:\/\/qtmm.org\/qt\/#website","url":"https:\/\/qtmm.org\/qt\/","name":"\u041c\u0435\u0434\u0436\u043b\u0456\u0441","description":"","publisher":{"@id":"https:\/\/qtmm.org\/qt\/#organization"},"potentialAction":[{"@type":"SearchAction","target":{"@type":"EntryPoint","urlTemplate":"https:\/\/qtmm.org\/qt\/?s={search_term_string}"},"query-input":{"@type":"PropertyValueSpecification","valueRequired":true,"valueName":"search_term_string"}}],"inLanguage":"qt"},{"@type":"Organization","@id":"https:\/\/qtmm.org\/qt\/#organization","name":"\u041c\u0435\u0434\u0436\u043b\u0456\u0441","url":"https:\/\/qtmm.org\/qt\/","logo":{"@type":"ImageObject","inLanguage":"qt","@id":"https:\/\/qtmm.org\/qt\/#\/schema\/logo\/image\/","url":"https:\/\/qtmm.org\/wp-content\/uploads\/2024\/12\/ua-mejlis-logo-rgb.svg","contentUrl":"https:\/\/qtmm.org\/wp-content\/uploads\/2024\/12\/ua-mejlis-logo-rgb.svg","caption":"\u041c\u0435\u0434\u0436\u043b\u0456\u0441"},"image":{"@id":"https:\/\/qtmm.org\/qt\/#\/schema\/logo\/image\/"},"sameAs":["https:\/\/www.facebook.com\/qtmm.info\/"]},{"@type":"Person","@id":"https:\/\/qtmm.org\/qt\/#\/schema\/person\/de562469f971dec226ac06e60bbf74a7","name":"Developer","image":{"@type":"ImageObject","inLanguage":"qt","@id":"https:\/\/secure.gravatar.com\/avatar\/392b4cc8fbfeb00b39dfeeab4ee6edded39ffd48e25858637e4765810300227e?s=96&d=mm&r=g","url":"https:\/\/secure.gravatar.com\/avatar\/392b4cc8fbfeb00b39dfeeab4ee6edded39ffd48e25858637e4765810300227e?s=96&d=mm&r=g","contentUrl":"https:\/\/secure.gravatar.com\/avatar\/392b4cc8fbfeb00b39dfeeab4ee6edded39ffd48e25858637e4765810300227e?s=96&d=mm&r=g","caption":"Developer"},"url":"https:\/\/qtmm.org\/qt\/author\/Developer\/"}]}},"_links":{"self":[{"href":"https:\/\/qtmm.org\/qt\/wp-json\/wp\/v2\/posts\/42535","targetHints":{"allow":["GET"]}}],"collection":[{"href":"https:\/\/qtmm.org\/qt\/wp-json\/wp\/v2\/posts"}],"about":[{"href":"https:\/\/qtmm.org\/qt\/wp-json\/wp\/v2\/types\/post"}],"author":[{"embeddable":true,"href":"https:\/\/qtmm.org\/qt\/wp-json\/wp\/v2\/users\/1"}],"replies":[{"embeddable":true,"href":"https:\/\/qtmm.org\/qt\/wp-json\/wp\/v2\/comments?post=42535"}],"version-history":[{"count":1,"href":"https:\/\/qtmm.org\/qt\/wp-json\/wp\/v2\/posts\/42535\/revisions"}],"predecessor-version":[{"id":42552,"href":"https:\/\/qtmm.org\/qt\/wp-json\/wp\/v2\/posts\/42535\/revisions\/42552"}],"wp:featuredmedia":[{"embeddable":true,"href":"https:\/\/qtmm.org\/qt\/wp-json\/wp\/v2\/media\/42540"}],"wp:attachment":[{"href":"https:\/\/qtmm.org\/qt\/wp-json\/wp\/v2\/media?parent=42535"}],"wp:term":[{"taxonomy":"category","embeddable":true,"href":"https:\/\/qtmm.org\/qt\/wp-json\/wp\/v2\/categories?post=42535"},{"taxonomy":"post_tag","embeddable":true,"href":"https:\/\/qtmm.org\/qt\/wp-json\/wp\/v2\/tags?post=42535"}],"curies":[{"name":"wp","href":"https:\/\/api.w.org\/{rel}","templated":true}]}}