




{"id":42513,"date":"2014-01-16T16:47:00","date_gmt":"2014-01-16T13:47:00","guid":{"rendered":"http:\/\/qtmm.org\/?p=42513"},"modified":"2022-01-27T16:49:37","modified_gmt":"2022-01-27T13:49:37","slug":"meclis-reisi-refat-cubarov-qirimtatar-halqi-boyle-istidatli-ocalarnen-gururlana-olarnin-sayesinde-biz-eminmiz-ve-qirimtatar-tilini-saqlap-qaluv-ve-inkisafi-ogrunda-areketlerimizni-quvetlendiremiz","status":"publish","type":"post","link":"https:\/\/qtmm.org\/qt\/meclis-reisi-refat-cubarov-qirimtatar-halqi-boyle-istidatli-ocalarnen-gururlana-olarnin-sayesinde-biz-eminmiz-ve-qirimtatar-tilini-saqlap-qaluv-ve-inkisafi-ogrunda-areketlerimizni-quvetlendiremiz\/","title":{"rendered":"Meclis reisi Refat \u00c7ubarov: Q\u0131r\u0131mtatar halq\u0131 b\u00f6yle istidatl\u0131 ocalarnen \u011fururlana. Olarn\u0131\u00f1 sayesinde biz eminmiz ve q\u0131r\u0131mtatar tilini saqlap qaluv ve inki\u015faf\u0131 o\u011frunda areketlerimizni quvetlendiremiz"},"content":{"rendered":"\n<p>15-16 yanvar k\u00fcnleri Aqmescitteki E\u015fref \u015eemi zade ad\u0131na ukrain ve q\u0131r\u0131mtatar tilinde oqut\u0131l\u011fan 42 sanl\u0131 mektepte &#8220;2014 y\u0131l\u0131 ocas\u0131&#8221; B\u00fct\u00fcnukrain tur\u0131n\u0131\u00f1 &#8220;Q\u0131r\u0131mtatar tili&#8221; nominatsiyas\u0131nda yek\u00fcnleyinci tur\u0131 \u00f6tkerildi.<\/p>\n\n\n\n<p>Meclis idaresini\u00f1 ba\u015f\u0131 Emine Avamilevan\u0131\u00f1 bildirgenine k\u00f6re bu y\u0131l\u0131 &#8220;2014 y\u0131l\u0131 ocas\u0131&#8221; B\u00fct\u00fcnukrain tur\u0131n\u0131\u00f1 &#8220;Q\u0131r\u0131mtatar tili&#8221; nominatsiyas\u0131nda ba\u015flan\u011f\u0131\u00e7 s\u0131n\u0131flarda q\u0131r\u0131mtatar tili dersini bergen ocalar ilk sefer i\u015ftirak etmekteler.<\/p>\n\n\n\n<p>2014 senesi B\u00fct\u00fcnukrain yar\u0131\u015f\u0131nda \u015fu yar\u0131\u015fn\u0131\u00f1 \u015feer ve rayon basq\u0131\u00e7lar\u0131nda \u011falip \u00e7\u0131qqan Kezlev, Aqmescit, Ba\u011f\u00e7asaray, Qarasuvbazar, Cank\u00f6y, Qurman ve Aqmescit rayonlar\u0131ndan 7 nefer ba\u015flan\u011f\u0131\u00e7 s\u0131n\u0131f ocalar\u0131 cumhuriyet basq\u0131\u00e7\u0131na ke\u00e7tiler, &#8220;Yar\u0131\u015fn\u0131\u00f1 birinci k\u00fcn\u00fc yanvar 15-te i\u015ftirak\u00e7iler j\u00fcri eyyetine \u00f6z pedagogik tecribelerini taqdim ettiler, test s\u0131navlar\u0131n\u0131 ke\u00e7tiler ve ustal\u0131qlar\u0131n\u0131 numay\u0131\u015f ettiler&#8221;, &#8211; dep ik\u00e2ye ete Emine Avamileva.<\/p>\n\n\n\n<p>\u00d6z nevbetinde j\u00fcri reisi, filologiya ilimleri namzeti, Q\u0131r\u0131m m\u00fcendislik-pedagogika universitetini\u00f1 ocas\u0131 Fera Seferova qayd etti ki, yar\u0131\u015fn\u0131\u00f1 ekinci k\u00fcn\u00fc er bir i\u015ftirak\u00e7i ocal\u0131q ustal\u0131\u011f\u0131n\u0131 tan\u0131\u015f olma\u011fan s\u0131n\u0131fta q\u0131r\u0131mtatar tili dersinde k\u00f6sterip, ke\u00e7irgen dersini \u00f6z\u00fc talil etti. &#8220;Yar\u0131\u015f\u00e7\u0131lar y\u00fcksek seviyede professional ustal\u0131qn\u0131, pedagogik meselelerni \u00e7ezmekni\u00f1 ya\u00f1\u0131 \u011faye ve usullar\u0131n\u0131 ara\u015ft\u0131ruv qabiliyetlerini numay\u0131\u015f ettiler&#8221;, &#8211; dedi j\u00fcri reisi.<\/p>\n\n\n\n<p>&#8220;2014 y\u0131l\u0131 ocas\u0131&#8221; B\u00fct\u00fcnukrain tur\u0131n\u0131\u00f1 cumhuriyet basq\u0131\u00e7\u0131nda birinci yerni Aqmescitteki 29 sanl\u0131 mektep ocas\u0131 Zamira Mametova, ekinci yerni Aqmecit rayon\u0131 Dobroye k\u00f6y mektebini\u00f1 ocas\u0131 Mayya Canql\u0131\u00e7, \u00fc\u00e7\u00fcnci yerni ise Ba\u011f\u00e7asaray 5 sanl\u0131 ba\u015flan\u011f\u0131\u00e7 mektep ocas\u0131 Albina Emiraliyeva qazand\u0131lar.<\/p>\n\n\n\n<p>Bundan da \u011fayr\u0131, yar\u0131\u015f i\u015ftirak\u00e7ileri Qarasuvbazar rayon\u0131 Vi\u015fennoye k\u00f6y mektebini\u00f1 ocas\u0131 Elzara \u00dcseinova, Cank\u00f6y rayon\u0131 Pobednoye k\u00f6y mektebini\u00f1 ocas\u0131 Anjela Yusupova, Kezlevdeki 18 sanl\u0131 mektep ocas\u0131 G\u00fcl\u015fide Suyunova, B\u00fcy\u00fck Onlar milliy mektebini\u00f1 ocas\u0131 Fatime Abl\u00e2yeva da taqdirlendiler.<\/p>\n\n\n\n<p>Q\u0131r\u0131mda pek \u00e7oq say\u0131da olma\u011fan, angileri ana-babalar, cemaat\u00e7\u0131l\u0131q, q\u0131r\u0131mtatar halq\u0131 milliy idare organlar\u0131n\u0131\u00f1 fedak\u00e2rl\u0131\u011f\u0131 sayesinde a\u00e7\u0131l\u011fan milliy mekteplerni\u00f1 birinde ke\u00e7irilgen &#8220;2014 y\u0131l\u0131 ocas\u0131&#8221; B\u00fct\u00fcnukrain tur\u0131n\u0131\u00f1 &#8220;Q\u0131r\u0131mtatar tili&#8221; nominatsiyas\u0131 \u011faliplerini hay\u0131rlamaq i\u00e7\u00fcn Meclis reisi Refat \u00c7ubarov, on\u0131\u00f1 muavinleri Ahtem \u00c7iygoz ve Nariman Cel\u00e2l, Meclisni\u00f1 q\u0131r\u0131mtatar tilinde tasil ve q\u0131r\u0131mtatar tilini Q\u0131r\u0131mn\u0131\u00f1 devlet ve cemaat saalar\u0131na tadbiq et\u00fcv meseleleri boyunca idare reisi Emine Avamileva, Aqmescit regional meclis reisi Lemar Yunusov, Aqmescit, Ba\u011f\u00e7asaray, Qurman ve Qarasuvbazar rayonlar\u0131 \u015feer ve rayon \u015furalar\u0131n\u0131\u00f1 q\u0131r\u0131mtatar tilinde tasil meselelerini nezaret etken deputatlar\u0131 keldiler.<\/p>\n\n\n\n<p>Q\u0131r\u0131m Yuqar\u0131 \u015euras\u0131n\u0131\u00f1 deputat\u0131 Enver Abduraimov, Q\u0131r\u0131m Tasil nazirini\u00f1 muavini Lemara Selendili, j\u00fcri reisi Fera Seferova ve mektep direktor\u0131 Eskender Tarpandan ibaret prezidium i\u00e7\u00fcn sanada qoyul\u011fan masa yar\u0131\u015f \u011falipleri i\u00e7\u00fcn bayram programmas\u0131n\u0131 az\u0131rla\u011fan 42-nci mektep talebelerini\u00f1 g\u00f6\u00f1\u00fcllerini q\u0131rd\u0131. \u00c7\u00fcnki balalar milliy oyunlarn\u0131 sanan\u0131\u00f1 bir k\u00f6\u015fesinde s\u0131q\u0131l\u0131p, areketlerini s\u0131\u00f1\u0131rla\u011fan\u0131 alda icra etmek zoruna qald\u0131lar. Ne i\u00e7\u00fcn sanada &#8220;masa&#8221; qoyul\u011fan\u0131n\u0131 mektep direktor\u0131 a\u00f1lat\u0131p olamad\u0131.<\/p>\n\n\n\n<p>Refat \u00c7ubarov Nariman Cel\u00e2l , Emine Avamileva ve yerli \u015furalarn\u0131\u00f1 deputatlar\u0131 ile birlikte yar\u0131\u015f \u011falipleri ve i\u015ftirak\u00e7ilerine Meclisni\u00f1 fahriy yarl\u0131qlar\u0131, hat\u0131ra bah\u015f\u0131\u015flar\u0131, c\u00fcmleden &#8220;Mustafa Cemilevni\u00f1 alt\u0131nc\u0131 mahkemesi&#8221; kitab\u0131, yar\u0131\u015f logotipi ve tam\u011fa ol\u011fan filcanlar, &#8220;ATR&#8221; televizion kanal\u0131 ve &#8220;Meydan&#8221; radois\u0131ndan bah\u015f\u0131\u015flar berdiler. Bundan da \u011fayr\u0131 Meclis ad\u0131ndan Aqmescit \u015feer \u015furas\u0131ndaki &#8220;Qurultay-Ruh&#8221; fraktsiyas\u0131n\u0131\u00f1 deputat\u0131 Sad\u0131h Tabah ad\u0131ndan yar\u0131\u015f i\u015ftirak\u00e7ilerine para muk\u00e2fatlar\u0131 berildi.<\/p>\n\n\n\n<figure class=\"wp-block-image size-full\"><img loading=\"lazy\" decoding=\"async\" width=\"650\" height=\"404\" src=\"http:\/\/qtmm.org\/wp-content\/uploads\/2022\/01\/img_4341.jpeg\" alt=\"\" class=\"wp-image-42518\" srcset=\"https:\/\/qtmm.org\/wp-content\/uploads\/2022\/01\/img_4341.jpeg 650w, https:\/\/qtmm.org\/wp-content\/uploads\/2022\/01\/img_4341-300x186.jpeg 300w\" sizes=\"auto, (max-width: 650px) 100vw, 650px\" \/><\/figure>\n\n\n\n<p>&#8220;Yar\u0131\u015fn\u0131\u00f1 \u00e7oqdegerli \u011falipleri ve i\u015ftirak\u00e7ileri, musafir ve dostlar, bug\u00fcn m\u0131nda bayram ve biz siyaset aqq\u0131nda aytmaq niyetimiz yoqt\u0131r, amma \u00f6z\u00fc\u00f1iz a\u00f1lays\u0131\u00f1\u0131z ki, ana tilinde tasil sistemas\u0131n\u0131 qor\u00e7alav ve inki\u015faf ettir\u00fcv i\u00e7\u00fcn yapqan areketlerimizni\u00f1 \u00f6z\u00fc endi b\u00fcy\u00fck siyasettir, &#8211; dedi Meclis reisi Refat \u00c7ubarov. \u2013 Men b\u00f6yle m\u00fcim ve zarur yar\u0131\u015f \u011faliplerini hay\u0131rlama\u011fa isteyim. \u0130nsanl\u0131q tarih\u0131nda \u00f6z tilini coy\u011fan halqlar da so\u00f1undan \u011fay\u0131p ol\u011fan\u0131n\u0131\u00f1 bir \u00e7oq misallerini ketirmek m\u00fcmk\u00fcn. 50 y\u0131l devam\u0131nda halq\u0131m\u0131z milliy mektep ve ana tili ocalar\u0131ndan marum edi. Vatan\u0131m\u0131z\u011fa qaytqan so\u00f1 biz beraberlikte pek b\u00fcy\u00fck bir i\u015f yapt\u0131q, l\u00e2kin, do\u011frus\u0131n\u0131 s\u00f6ylesem, q\u0131r\u0131mtatar halq\u0131n\u0131\u00f1 kelecegini teminlemek i\u00e7\u00fcn daa pek \u00e7oq i\u015f yapmaq kerekmiz&#8221;.<\/p>\n\n\n\n<figure class=\"wp-block-image size-full\"><img loading=\"lazy\" decoding=\"async\" width=\"650\" height=\"399\" src=\"http:\/\/qtmm.org\/wp-content\/uploads\/2022\/01\/img_4382.jpeg\" alt=\"\" class=\"wp-image-42522\" srcset=\"https:\/\/qtmm.org\/wp-content\/uploads\/2022\/01\/img_4382.jpeg 650w, https:\/\/qtmm.org\/wp-content\/uploads\/2022\/01\/img_4382-300x184.jpeg 300w\" sizes=\"auto, (max-width: 650px) 100vw, 650px\" \/><\/figure>\n\n\n\n<p>Meclis reisi ana-babalar\u011fa te\u015fekk\u00fcr bildirirken, milliy tasil sistemas\u0131n\u0131\u00f1 saqlan\u0131p qalmas\u0131 ve inki\u015faf\u0131na salmaql\u0131 isse qo\u015fqan &#8220;Maarif\u00e7i&#8221; birle\u015fmesini\u00f1 h\u0131zmetini ayr\u0131ca qayd etti.<\/p>\n\n\n\n<figure class=\"wp-block-image size-full\"><img loading=\"lazy\" decoding=\"async\" width=\"650\" height=\"405\" src=\"http:\/\/qtmm.org\/wp-content\/uploads\/2022\/01\/img_4317.jpeg\" alt=\"\" class=\"wp-image-42526\" srcset=\"https:\/\/qtmm.org\/wp-content\/uploads\/2022\/01\/img_4317.jpeg 650w, https:\/\/qtmm.org\/wp-content\/uploads\/2022\/01\/img_4317-300x187.jpeg 300w\" sizes=\"auto, (max-width: 650px) 100vw, 650px\" \/><\/figure>\n\n\n\n<p>&#8220;Men bun\u0131\u00f1 kibi \u015fun\u0131 da qayd etmege isterdim ki, Q\u0131r\u0131mda i\u00e7 bir mektep, i\u00e7 bir s\u0131n\u0131f Milliy Meclis ya da regional meclislerni\u00f1 yard\u0131m\u0131s\u0131z, semetde\u015flerimizni\u00f1 fedaiyligi, ana-babalar, ocalar ve vatanperverlerni\u00f1 k\u00fcre\u015fisiz a\u00e7\u0131lmad\u0131&#8221;, &#8211; dedi R. \u00c7ubarov.<\/p>\n\n\n\n<p>&#8220;2014 y\u0131l\u0131 ocas\u0131&#8221; B\u00fct\u00fcnukrain tur\u0131n\u0131\u00f1 &#8220;Q\u0131r\u0131mtatar tili&#8221; nominatsiyas\u0131 \u011falipleri ve i\u015ftirak\u00e7ilerine h\u0131tap eterek, Meclis reisi &#8220;Q\u0131r\u0131mtatar halq\u0131 b\u00f6yle istidatl\u0131 ocalarnen \u011fururlana. Olarn\u0131\u00f1 sayesinde biz eminmiz ve q\u0131r\u0131mtatar tilini saqlap qaluv ve inki\u015faf\u0131 o\u011frunda areketlerimizni quvetlendiremiz&#8221; dedi ve ocalar\u011fa kelecekte de q\u0131r\u0131mtatar halq\u0131 milliy idare organlar\u0131nen s\u0131q\u0131 i\u015fbirlikte \u00e7al\u0131\u015fmaqn\u0131 tevsiye etti.<\/p>\n\n\n\n<figure class=\"wp-block-image size-full\"><img loading=\"lazy\" decoding=\"async\" width=\"650\" height=\"291\" src=\"http:\/\/qtmm.org\/wp-content\/uploads\/2022\/01\/img_4384.jpeg\" alt=\"\" class=\"wp-image-42530\" srcset=\"https:\/\/qtmm.org\/wp-content\/uploads\/2022\/01\/img_4384.jpeg 650w, https:\/\/qtmm.org\/wp-content\/uploads\/2022\/01\/img_4384-300x134.jpeg 300w\" sizes=\"auto, (max-width: 650px) 100vw, 650px\" \/><\/figure>\n","protected":false},"excerpt":{"rendered":"<p>15-16 yanvar k\u00fcnleri Aqmescitteki E\u015fref \u015eemi zade ad\u0131na ukrain ve q\u0131r\u0131mtatar tilinde oqut\u0131l\u011fan 42 sanl\u0131 mektepte &#8220;2014 y\u0131l\u0131 ocas\u0131&#8221; B\u00fct\u00fcnukrain tur\u0131n\u0131\u00f1 &#8220;Q\u0131r\u0131mtatar tili&#8221; nominatsiyas\u0131nda yek\u00fcnleyinci tur\u0131 \u00f6tkerildi. Meclis idaresini\u00f1 ba\u015f\u0131 Emine Avamilevan\u0131\u00f1 bildirgenine k\u00f6re bu y\u0131l\u0131 &#8220;2014 y\u0131l\u0131 ocas\u0131&#8221; B\u00fct\u00fcnukrain tur\u0131n\u0131\u00f1 &#8220;Q\u0131r\u0131mtatar tili&#8221; nominatsiyas\u0131nda ba\u015flan\u011f\u0131\u00e7 s\u0131n\u0131flarda q\u0131r\u0131mtatar tili dersini bergen ocalar ilk sefer i\u015ftirak etmekteler. [&hellip;]<\/p>\n","protected":false},"author":1,"featured_media":42514,"comment_status":"open","ping_status":"open","sticky":false,"template":"","format":"standard","meta":{"inline_featured_image":false,"footnotes":""},"categories":[265],"tags":[],"class_list":["post-42513","post","type-post","status-publish","format-standard","has-post-thumbnail","hentry","category-haberler"],"acf":[],"yoast_head":"<!-- This site is optimized with the Yoast SEO plugin v27.4 - https:\/\/yoast.com\/product\/yoast-seo-wordpress\/ -->\n<title>Meclis reisi Refat \u00c7ubarov: Q\u0131r\u0131mtatar halq\u0131 b\u00f6yle istidatl\u0131 ocalarnen \u011fururlana. Olarn\u0131\u00f1 sayesinde biz eminmiz ve q\u0131r\u0131mtatar tilini saqlap qaluv ve inki\u015faf\u0131 o\u011frunda areketlerimizni quvetlendiremiz - \u041c\u0435\u0434\u0436\u043b\u0456\u0441<\/title>\n<meta name=\"robots\" content=\"index, follow, max-snippet:-1, max-image-preview:large, max-video-preview:-1\" \/>\n<link rel=\"canonical\" href=\"https:\/\/qtmm.org\/qt\/meclis-reisi-refat-cubarov-qirimtatar-halqi-boyle-istidatli-ocalarnen-gururlana-olarnin-sayesinde-biz-eminmiz-ve-qirimtatar-tilini-saqlap-qaluv-ve-inkisafi-ogrunda-areketlerimizni-quvetlendiremiz\/\" \/>\n<meta property=\"og:locale\" content=\"en_US\" \/>\n<meta property=\"og:type\" content=\"article\" \/>\n<meta property=\"og:title\" content=\"Meclis reisi Refat \u00c7ubarov: Q\u0131r\u0131mtatar halq\u0131 b\u00f6yle istidatl\u0131 ocalarnen \u011fururlana. Olarn\u0131\u00f1 sayesinde biz eminmiz ve q\u0131r\u0131mtatar tilini saqlap qaluv ve inki\u015faf\u0131 o\u011frunda areketlerimizni quvetlendiremiz - \u041c\u0435\u0434\u0436\u043b\u0456\u0441\" \/>\n<meta property=\"og:description\" content=\"15-16 yanvar k\u00fcnleri Aqmescitteki E\u015fref \u015eemi zade ad\u0131na ukrain ve q\u0131r\u0131mtatar tilinde oqut\u0131l\u011fan 42 sanl\u0131 mektepte &#8220;2014 y\u0131l\u0131 ocas\u0131&#8221; B\u00fct\u00fcnukrain tur\u0131n\u0131\u00f1 &#8220;Q\u0131r\u0131mtatar tili&#8221; nominatsiyas\u0131nda yek\u00fcnleyinci tur\u0131 \u00f6tkerildi. Meclis idaresini\u00f1 ba\u015f\u0131 Emine Avamilevan\u0131\u00f1 bildirgenine k\u00f6re bu y\u0131l\u0131 &#8220;2014 y\u0131l\u0131 ocas\u0131&#8221; B\u00fct\u00fcnukrain tur\u0131n\u0131\u00f1 &#8220;Q\u0131r\u0131mtatar tili&#8221; nominatsiyas\u0131nda ba\u015flan\u011f\u0131\u00e7 s\u0131n\u0131flarda q\u0131r\u0131mtatar tili dersini bergen ocalar ilk sefer i\u015ftirak etmekteler. [&hellip;]\" \/>\n<meta property=\"og:url\" content=\"https:\/\/qtmm.org\/qt\/meclis-reisi-refat-cubarov-qirimtatar-halqi-boyle-istidatli-ocalarnen-gururlana-olarnin-sayesinde-biz-eminmiz-ve-qirimtatar-tilini-saqlap-qaluv-ve-inkisafi-ogrunda-areketlerimizni-quvetlendiremiz\/\" \/>\n<meta property=\"og:site_name\" content=\"\u041c\u0435\u0434\u0436\u043b\u0456\u0441\" \/>\n<meta property=\"article:publisher\" content=\"https:\/\/www.facebook.com\/qtmm.info\/\" \/>\n<meta property=\"article:published_time\" content=\"2014-01-16T13:47:00+00:00\" \/>\n<meta property=\"article:modified_time\" content=\"2022-01-27T13:49:37+00:00\" \/>\n<meta property=\"og:image\" content=\"https:\/\/qtmm.org\/wp-content\/uploads\/2022\/01\/img_4279.jpeg\" \/>\n\t<meta property=\"og:image:width\" content=\"650\" \/>\n\t<meta property=\"og:image:height\" content=\"383\" \/>\n\t<meta property=\"og:image:type\" content=\"image\/jpeg\" \/>\n<meta name=\"author\" content=\"Developer\" \/>\n<meta name=\"twitter:card\" content=\"summary_large_image\" \/>\n<meta name=\"twitter:label1\" content=\"Written by\" \/>\n\t<meta name=\"twitter:data1\" content=\"Developer\" \/>\n\t<meta name=\"twitter:label2\" content=\"Est. reading time\" \/>\n\t<meta name=\"twitter:data2\" content=\"5 minutes\" \/>\n<script type=\"application\/ld+json\" class=\"yoast-schema-graph\">{\"@context\":\"https:\\\/\\\/schema.org\",\"@graph\":[{\"@type\":\"Article\",\"@id\":\"https:\\\/\\\/qtmm.org\\\/qt\\\/meclis-reisi-refat-cubarov-qirimtatar-halqi-boyle-istidatli-ocalarnen-gururlana-olarnin-sayesinde-biz-eminmiz-ve-qirimtatar-tilini-saqlap-qaluv-ve-inkisafi-ogrunda-areketlerimizni-quvetlendiremiz\\\/#article\",\"isPartOf\":{\"@id\":\"https:\\\/\\\/qtmm.org\\\/qt\\\/meclis-reisi-refat-cubarov-qirimtatar-halqi-boyle-istidatli-ocalarnen-gururlana-olarnin-sayesinde-biz-eminmiz-ve-qirimtatar-tilini-saqlap-qaluv-ve-inkisafi-ogrunda-areketlerimizni-quvetlendiremiz\\\/\"},\"author\":{\"name\":\"Developer\",\"@id\":\"https:\\\/\\\/qtmm.org\\\/qt\\\/#\\\/schema\\\/person\\\/de562469f971dec226ac06e60bbf74a7\"},\"headline\":\"Meclis reisi Refat \u00c7ubarov: Q\u0131r\u0131mtatar halq\u0131 b\u00f6yle istidatl\u0131 ocalarnen \u011fururlana. Olarn\u0131\u00f1 sayesinde biz eminmiz ve q\u0131r\u0131mtatar tilini saqlap qaluv ve inki\u015faf\u0131 o\u011frunda areketlerimizni quvetlendiremiz\",\"datePublished\":\"2014-01-16T13:47:00+00:00\",\"dateModified\":\"2022-01-27T13:49:37+00:00\",\"mainEntityOfPage\":{\"@id\":\"https:\\\/\\\/qtmm.org\\\/qt\\\/meclis-reisi-refat-cubarov-qirimtatar-halqi-boyle-istidatli-ocalarnen-gururlana-olarnin-sayesinde-biz-eminmiz-ve-qirimtatar-tilini-saqlap-qaluv-ve-inkisafi-ogrunda-areketlerimizni-quvetlendiremiz\\\/\"},\"wordCount\":951,\"commentCount\":0,\"publisher\":{\"@id\":\"https:\\\/\\\/qtmm.org\\\/qt\\\/#organization\"},\"image\":{\"@id\":\"https:\\\/\\\/qtmm.org\\\/qt\\\/meclis-reisi-refat-cubarov-qirimtatar-halqi-boyle-istidatli-ocalarnen-gururlana-olarnin-sayesinde-biz-eminmiz-ve-qirimtatar-tilini-saqlap-qaluv-ve-inkisafi-ogrunda-areketlerimizni-quvetlendiremiz\\\/#primaryimage\"},\"thumbnailUrl\":\"https:\\\/\\\/qtmm.org\\\/wp-content\\\/uploads\\\/2022\\\/01\\\/img_4279.jpeg\",\"articleSection\":[\"Haberler\"],\"inLanguage\":\"qt\",\"potentialAction\":[{\"@type\":\"CommentAction\",\"name\":\"Comment\",\"target\":[\"https:\\\/\\\/qtmm.org\\\/qt\\\/meclis-reisi-refat-cubarov-qirimtatar-halqi-boyle-istidatli-ocalarnen-gururlana-olarnin-sayesinde-biz-eminmiz-ve-qirimtatar-tilini-saqlap-qaluv-ve-inkisafi-ogrunda-areketlerimizni-quvetlendiremiz\\\/#respond\"]}]},{\"@type\":\"WebPage\",\"@id\":\"https:\\\/\\\/qtmm.org\\\/qt\\\/meclis-reisi-refat-cubarov-qirimtatar-halqi-boyle-istidatli-ocalarnen-gururlana-olarnin-sayesinde-biz-eminmiz-ve-qirimtatar-tilini-saqlap-qaluv-ve-inkisafi-ogrunda-areketlerimizni-quvetlendiremiz\\\/\",\"url\":\"https:\\\/\\\/qtmm.org\\\/qt\\\/meclis-reisi-refat-cubarov-qirimtatar-halqi-boyle-istidatli-ocalarnen-gururlana-olarnin-sayesinde-biz-eminmiz-ve-qirimtatar-tilini-saqlap-qaluv-ve-inkisafi-ogrunda-areketlerimizni-quvetlendiremiz\\\/\",\"name\":\"Meclis reisi Refat \u00c7ubarov: Q\u0131r\u0131mtatar halq\u0131 b\u00f6yle istidatl\u0131 ocalarnen \u011fururlana. Olarn\u0131\u00f1 sayesinde biz eminmiz ve q\u0131r\u0131mtatar tilini saqlap qaluv ve inki\u015faf\u0131 o\u011frunda areketlerimizni quvetlendiremiz - \u041c\u0435\u0434\u0436\u043b\u0456\u0441\",\"isPartOf\":{\"@id\":\"https:\\\/\\\/qtmm.org\\\/qt\\\/#website\"},\"primaryImageOfPage\":{\"@id\":\"https:\\\/\\\/qtmm.org\\\/qt\\\/meclis-reisi-refat-cubarov-qirimtatar-halqi-boyle-istidatli-ocalarnen-gururlana-olarnin-sayesinde-biz-eminmiz-ve-qirimtatar-tilini-saqlap-qaluv-ve-inkisafi-ogrunda-areketlerimizni-quvetlendiremiz\\\/#primaryimage\"},\"image\":{\"@id\":\"https:\\\/\\\/qtmm.org\\\/qt\\\/meclis-reisi-refat-cubarov-qirimtatar-halqi-boyle-istidatli-ocalarnen-gururlana-olarnin-sayesinde-biz-eminmiz-ve-qirimtatar-tilini-saqlap-qaluv-ve-inkisafi-ogrunda-areketlerimizni-quvetlendiremiz\\\/#primaryimage\"},\"thumbnailUrl\":\"https:\\\/\\\/qtmm.org\\\/wp-content\\\/uploads\\\/2022\\\/01\\\/img_4279.jpeg\",\"datePublished\":\"2014-01-16T13:47:00+00:00\",\"dateModified\":\"2022-01-27T13:49:37+00:00\",\"breadcrumb\":{\"@id\":\"https:\\\/\\\/qtmm.org\\\/qt\\\/meclis-reisi-refat-cubarov-qirimtatar-halqi-boyle-istidatli-ocalarnen-gururlana-olarnin-sayesinde-biz-eminmiz-ve-qirimtatar-tilini-saqlap-qaluv-ve-inkisafi-ogrunda-areketlerimizni-quvetlendiremiz\\\/#breadcrumb\"},\"inLanguage\":\"qt\",\"potentialAction\":[{\"@type\":\"ReadAction\",\"target\":[\"https:\\\/\\\/qtmm.org\\\/qt\\\/meclis-reisi-refat-cubarov-qirimtatar-halqi-boyle-istidatli-ocalarnen-gururlana-olarnin-sayesinde-biz-eminmiz-ve-qirimtatar-tilini-saqlap-qaluv-ve-inkisafi-ogrunda-areketlerimizni-quvetlendiremiz\\\/\"]}]},{\"@type\":\"ImageObject\",\"inLanguage\":\"qt\",\"@id\":\"https:\\\/\\\/qtmm.org\\\/qt\\\/meclis-reisi-refat-cubarov-qirimtatar-halqi-boyle-istidatli-ocalarnen-gururlana-olarnin-sayesinde-biz-eminmiz-ve-qirimtatar-tilini-saqlap-qaluv-ve-inkisafi-ogrunda-areketlerimizni-quvetlendiremiz\\\/#primaryimage\",\"url\":\"https:\\\/\\\/qtmm.org\\\/wp-content\\\/uploads\\\/2022\\\/01\\\/img_4279.jpeg\",\"contentUrl\":\"https:\\\/\\\/qtmm.org\\\/wp-content\\\/uploads\\\/2022\\\/01\\\/img_4279.jpeg\",\"width\":650,\"height\":383},{\"@type\":\"BreadcrumbList\",\"@id\":\"https:\\\/\\\/qtmm.org\\\/qt\\\/meclis-reisi-refat-cubarov-qirimtatar-halqi-boyle-istidatli-ocalarnen-gururlana-olarnin-sayesinde-biz-eminmiz-ve-qirimtatar-tilini-saqlap-qaluv-ve-inkisafi-ogrunda-areketlerimizni-quvetlendiremiz\\\/#breadcrumb\",\"itemListElement\":[{\"@type\":\"ListItem\",\"position\":1,\"name\":\"\u0413\u043e\u043b\u043e\u0432\u043d\u0430\",\"item\":\"https:\\\/\\\/qtmm.org\\\/qt\\\/\"},{\"@type\":\"ListItem\",\"position\":2,\"name\":\"Meclis reisi Refat \u00c7ubarov: Q\u0131r\u0131mtatar halq\u0131 b\u00f6yle istidatl\u0131 ocalarnen \u011fururlana. Olarn\u0131\u00f1 sayesinde biz eminmiz ve q\u0131r\u0131mtatar tilini saqlap qaluv ve inki\u015faf\u0131 o\u011frunda areketlerimizni quvetlendiremiz\"}]},{\"@type\":\"WebSite\",\"@id\":\"https:\\\/\\\/qtmm.org\\\/qt\\\/#website\",\"url\":\"https:\\\/\\\/qtmm.org\\\/qt\\\/\",\"name\":\"\u041c\u0435\u0434\u0436\u043b\u0456\u0441\",\"description\":\"\",\"publisher\":{\"@id\":\"https:\\\/\\\/qtmm.org\\\/qt\\\/#organization\"},\"potentialAction\":[{\"@type\":\"SearchAction\",\"target\":{\"@type\":\"EntryPoint\",\"urlTemplate\":\"https:\\\/\\\/qtmm.org\\\/qt\\\/?s={search_term_string}\"},\"query-input\":{\"@type\":\"PropertyValueSpecification\",\"valueRequired\":true,\"valueName\":\"search_term_string\"}}],\"inLanguage\":\"qt\"},{\"@type\":\"Organization\",\"@id\":\"https:\\\/\\\/qtmm.org\\\/qt\\\/#organization\",\"name\":\"\u041c\u0435\u0434\u0436\u043b\u0456\u0441\",\"url\":\"https:\\\/\\\/qtmm.org\\\/qt\\\/\",\"logo\":{\"@type\":\"ImageObject\",\"inLanguage\":\"qt\",\"@id\":\"https:\\\/\\\/qtmm.org\\\/qt\\\/#\\\/schema\\\/logo\\\/image\\\/\",\"url\":\"https:\\\/\\\/qtmm.org\\\/wp-content\\\/uploads\\\/2024\\\/12\\\/ua-mejlis-logo-rgb.svg\",\"contentUrl\":\"https:\\\/\\\/qtmm.org\\\/wp-content\\\/uploads\\\/2024\\\/12\\\/ua-mejlis-logo-rgb.svg\",\"caption\":\"\u041c\u0435\u0434\u0436\u043b\u0456\u0441\"},\"image\":{\"@id\":\"https:\\\/\\\/qtmm.org\\\/qt\\\/#\\\/schema\\\/logo\\\/image\\\/\"},\"sameAs\":[\"https:\\\/\\\/www.facebook.com\\\/qtmm.info\\\/\"]},{\"@type\":\"Person\",\"@id\":\"https:\\\/\\\/qtmm.org\\\/qt\\\/#\\\/schema\\\/person\\\/de562469f971dec226ac06e60bbf74a7\",\"name\":\"Developer\",\"image\":{\"@type\":\"ImageObject\",\"inLanguage\":\"qt\",\"@id\":\"https:\\\/\\\/secure.gravatar.com\\\/avatar\\\/392b4cc8fbfeb00b39dfeeab4ee6edded39ffd48e25858637e4765810300227e?s=96&d=mm&r=g\",\"url\":\"https:\\\/\\\/secure.gravatar.com\\\/avatar\\\/392b4cc8fbfeb00b39dfeeab4ee6edded39ffd48e25858637e4765810300227e?s=96&d=mm&r=g\",\"contentUrl\":\"https:\\\/\\\/secure.gravatar.com\\\/avatar\\\/392b4cc8fbfeb00b39dfeeab4ee6edded39ffd48e25858637e4765810300227e?s=96&d=mm&r=g\",\"caption\":\"Developer\"},\"url\":\"https:\\\/\\\/qtmm.org\\\/qt\\\/author\\\/Developer\\\/\"}]}<\/script>\n<!-- \/ Yoast SEO plugin. -->","yoast_head_json":{"title":"Meclis reisi Refat \u00c7ubarov: Q\u0131r\u0131mtatar halq\u0131 b\u00f6yle istidatl\u0131 ocalarnen \u011fururlana. Olarn\u0131\u00f1 sayesinde biz eminmiz ve q\u0131r\u0131mtatar tilini saqlap qaluv ve inki\u015faf\u0131 o\u011frunda areketlerimizni quvetlendiremiz - \u041c\u0435\u0434\u0436\u043b\u0456\u0441","robots":{"index":"index","follow":"follow","max-snippet":"max-snippet:-1","max-image-preview":"max-image-preview:large","max-video-preview":"max-video-preview:-1"},"canonical":"https:\/\/qtmm.org\/qt\/meclis-reisi-refat-cubarov-qirimtatar-halqi-boyle-istidatli-ocalarnen-gururlana-olarnin-sayesinde-biz-eminmiz-ve-qirimtatar-tilini-saqlap-qaluv-ve-inkisafi-ogrunda-areketlerimizni-quvetlendiremiz\/","og_locale":"en_US","og_type":"article","og_title":"Meclis reisi Refat \u00c7ubarov: Q\u0131r\u0131mtatar halq\u0131 b\u00f6yle istidatl\u0131 ocalarnen \u011fururlana. Olarn\u0131\u00f1 sayesinde biz eminmiz ve q\u0131r\u0131mtatar tilini saqlap qaluv ve inki\u015faf\u0131 o\u011frunda areketlerimizni quvetlendiremiz - \u041c\u0435\u0434\u0436\u043b\u0456\u0441","og_description":"15-16 yanvar k\u00fcnleri Aqmescitteki E\u015fref \u015eemi zade ad\u0131na ukrain ve q\u0131r\u0131mtatar tilinde oqut\u0131l\u011fan 42 sanl\u0131 mektepte &#8220;2014 y\u0131l\u0131 ocas\u0131&#8221; B\u00fct\u00fcnukrain tur\u0131n\u0131\u00f1 &#8220;Q\u0131r\u0131mtatar tili&#8221; nominatsiyas\u0131nda yek\u00fcnleyinci tur\u0131 \u00f6tkerildi. Meclis idaresini\u00f1 ba\u015f\u0131 Emine Avamilevan\u0131\u00f1 bildirgenine k\u00f6re bu y\u0131l\u0131 &#8220;2014 y\u0131l\u0131 ocas\u0131&#8221; B\u00fct\u00fcnukrain tur\u0131n\u0131\u00f1 &#8220;Q\u0131r\u0131mtatar tili&#8221; nominatsiyas\u0131nda ba\u015flan\u011f\u0131\u00e7 s\u0131n\u0131flarda q\u0131r\u0131mtatar tili dersini bergen ocalar ilk sefer i\u015ftirak etmekteler. [&hellip;]","og_url":"https:\/\/qtmm.org\/qt\/meclis-reisi-refat-cubarov-qirimtatar-halqi-boyle-istidatli-ocalarnen-gururlana-olarnin-sayesinde-biz-eminmiz-ve-qirimtatar-tilini-saqlap-qaluv-ve-inkisafi-ogrunda-areketlerimizni-quvetlendiremiz\/","og_site_name":"\u041c\u0435\u0434\u0436\u043b\u0456\u0441","article_publisher":"https:\/\/www.facebook.com\/qtmm.info\/","article_published_time":"2014-01-16T13:47:00+00:00","article_modified_time":"2022-01-27T13:49:37+00:00","og_image":[{"width":650,"height":383,"url":"https:\/\/qtmm.org\/wp-content\/uploads\/2022\/01\/img_4279.jpeg","type":"image\/jpeg"}],"author":"Developer","twitter_card":"summary_large_image","twitter_misc":{"Written by":"Developer","Est. reading time":"5 minutes"},"schema":{"@context":"https:\/\/schema.org","@graph":[{"@type":"Article","@id":"https:\/\/qtmm.org\/qt\/meclis-reisi-refat-cubarov-qirimtatar-halqi-boyle-istidatli-ocalarnen-gururlana-olarnin-sayesinde-biz-eminmiz-ve-qirimtatar-tilini-saqlap-qaluv-ve-inkisafi-ogrunda-areketlerimizni-quvetlendiremiz\/#article","isPartOf":{"@id":"https:\/\/qtmm.org\/qt\/meclis-reisi-refat-cubarov-qirimtatar-halqi-boyle-istidatli-ocalarnen-gururlana-olarnin-sayesinde-biz-eminmiz-ve-qirimtatar-tilini-saqlap-qaluv-ve-inkisafi-ogrunda-areketlerimizni-quvetlendiremiz\/"},"author":{"name":"Developer","@id":"https:\/\/qtmm.org\/qt\/#\/schema\/person\/de562469f971dec226ac06e60bbf74a7"},"headline":"Meclis reisi Refat \u00c7ubarov: Q\u0131r\u0131mtatar halq\u0131 b\u00f6yle istidatl\u0131 ocalarnen \u011fururlana. Olarn\u0131\u00f1 sayesinde biz eminmiz ve q\u0131r\u0131mtatar tilini saqlap qaluv ve inki\u015faf\u0131 o\u011frunda areketlerimizni quvetlendiremiz","datePublished":"2014-01-16T13:47:00+00:00","dateModified":"2022-01-27T13:49:37+00:00","mainEntityOfPage":{"@id":"https:\/\/qtmm.org\/qt\/meclis-reisi-refat-cubarov-qirimtatar-halqi-boyle-istidatli-ocalarnen-gururlana-olarnin-sayesinde-biz-eminmiz-ve-qirimtatar-tilini-saqlap-qaluv-ve-inkisafi-ogrunda-areketlerimizni-quvetlendiremiz\/"},"wordCount":951,"commentCount":0,"publisher":{"@id":"https:\/\/qtmm.org\/qt\/#organization"},"image":{"@id":"https:\/\/qtmm.org\/qt\/meclis-reisi-refat-cubarov-qirimtatar-halqi-boyle-istidatli-ocalarnen-gururlana-olarnin-sayesinde-biz-eminmiz-ve-qirimtatar-tilini-saqlap-qaluv-ve-inkisafi-ogrunda-areketlerimizni-quvetlendiremiz\/#primaryimage"},"thumbnailUrl":"https:\/\/qtmm.org\/wp-content\/uploads\/2022\/01\/img_4279.jpeg","articleSection":["Haberler"],"inLanguage":"qt","potentialAction":[{"@type":"CommentAction","name":"Comment","target":["https:\/\/qtmm.org\/qt\/meclis-reisi-refat-cubarov-qirimtatar-halqi-boyle-istidatli-ocalarnen-gururlana-olarnin-sayesinde-biz-eminmiz-ve-qirimtatar-tilini-saqlap-qaluv-ve-inkisafi-ogrunda-areketlerimizni-quvetlendiremiz\/#respond"]}]},{"@type":"WebPage","@id":"https:\/\/qtmm.org\/qt\/meclis-reisi-refat-cubarov-qirimtatar-halqi-boyle-istidatli-ocalarnen-gururlana-olarnin-sayesinde-biz-eminmiz-ve-qirimtatar-tilini-saqlap-qaluv-ve-inkisafi-ogrunda-areketlerimizni-quvetlendiremiz\/","url":"https:\/\/qtmm.org\/qt\/meclis-reisi-refat-cubarov-qirimtatar-halqi-boyle-istidatli-ocalarnen-gururlana-olarnin-sayesinde-biz-eminmiz-ve-qirimtatar-tilini-saqlap-qaluv-ve-inkisafi-ogrunda-areketlerimizni-quvetlendiremiz\/","name":"Meclis reisi Refat \u00c7ubarov: Q\u0131r\u0131mtatar halq\u0131 b\u00f6yle istidatl\u0131 ocalarnen \u011fururlana. Olarn\u0131\u00f1 sayesinde biz eminmiz ve q\u0131r\u0131mtatar tilini saqlap qaluv ve inki\u015faf\u0131 o\u011frunda areketlerimizni quvetlendiremiz - \u041c\u0435\u0434\u0436\u043b\u0456\u0441","isPartOf":{"@id":"https:\/\/qtmm.org\/qt\/#website"},"primaryImageOfPage":{"@id":"https:\/\/qtmm.org\/qt\/meclis-reisi-refat-cubarov-qirimtatar-halqi-boyle-istidatli-ocalarnen-gururlana-olarnin-sayesinde-biz-eminmiz-ve-qirimtatar-tilini-saqlap-qaluv-ve-inkisafi-ogrunda-areketlerimizni-quvetlendiremiz\/#primaryimage"},"image":{"@id":"https:\/\/qtmm.org\/qt\/meclis-reisi-refat-cubarov-qirimtatar-halqi-boyle-istidatli-ocalarnen-gururlana-olarnin-sayesinde-biz-eminmiz-ve-qirimtatar-tilini-saqlap-qaluv-ve-inkisafi-ogrunda-areketlerimizni-quvetlendiremiz\/#primaryimage"},"thumbnailUrl":"https:\/\/qtmm.org\/wp-content\/uploads\/2022\/01\/img_4279.jpeg","datePublished":"2014-01-16T13:47:00+00:00","dateModified":"2022-01-27T13:49:37+00:00","breadcrumb":{"@id":"https:\/\/qtmm.org\/qt\/meclis-reisi-refat-cubarov-qirimtatar-halqi-boyle-istidatli-ocalarnen-gururlana-olarnin-sayesinde-biz-eminmiz-ve-qirimtatar-tilini-saqlap-qaluv-ve-inkisafi-ogrunda-areketlerimizni-quvetlendiremiz\/#breadcrumb"},"inLanguage":"qt","potentialAction":[{"@type":"ReadAction","target":["https:\/\/qtmm.org\/qt\/meclis-reisi-refat-cubarov-qirimtatar-halqi-boyle-istidatli-ocalarnen-gururlana-olarnin-sayesinde-biz-eminmiz-ve-qirimtatar-tilini-saqlap-qaluv-ve-inkisafi-ogrunda-areketlerimizni-quvetlendiremiz\/"]}]},{"@type":"ImageObject","inLanguage":"qt","@id":"https:\/\/qtmm.org\/qt\/meclis-reisi-refat-cubarov-qirimtatar-halqi-boyle-istidatli-ocalarnen-gururlana-olarnin-sayesinde-biz-eminmiz-ve-qirimtatar-tilini-saqlap-qaluv-ve-inkisafi-ogrunda-areketlerimizni-quvetlendiremiz\/#primaryimage","url":"https:\/\/qtmm.org\/wp-content\/uploads\/2022\/01\/img_4279.jpeg","contentUrl":"https:\/\/qtmm.org\/wp-content\/uploads\/2022\/01\/img_4279.jpeg","width":650,"height":383},{"@type":"BreadcrumbList","@id":"https:\/\/qtmm.org\/qt\/meclis-reisi-refat-cubarov-qirimtatar-halqi-boyle-istidatli-ocalarnen-gururlana-olarnin-sayesinde-biz-eminmiz-ve-qirimtatar-tilini-saqlap-qaluv-ve-inkisafi-ogrunda-areketlerimizni-quvetlendiremiz\/#breadcrumb","itemListElement":[{"@type":"ListItem","position":1,"name":"\u0413\u043e\u043b\u043e\u0432\u043d\u0430","item":"https:\/\/qtmm.org\/qt\/"},{"@type":"ListItem","position":2,"name":"Meclis reisi Refat \u00c7ubarov: Q\u0131r\u0131mtatar halq\u0131 b\u00f6yle istidatl\u0131 ocalarnen \u011fururlana. Olarn\u0131\u00f1 sayesinde biz eminmiz ve q\u0131r\u0131mtatar tilini saqlap qaluv ve inki\u015faf\u0131 o\u011frunda areketlerimizni quvetlendiremiz"}]},{"@type":"WebSite","@id":"https:\/\/qtmm.org\/qt\/#website","url":"https:\/\/qtmm.org\/qt\/","name":"\u041c\u0435\u0434\u0436\u043b\u0456\u0441","description":"","publisher":{"@id":"https:\/\/qtmm.org\/qt\/#organization"},"potentialAction":[{"@type":"SearchAction","target":{"@type":"EntryPoint","urlTemplate":"https:\/\/qtmm.org\/qt\/?s={search_term_string}"},"query-input":{"@type":"PropertyValueSpecification","valueRequired":true,"valueName":"search_term_string"}}],"inLanguage":"qt"},{"@type":"Organization","@id":"https:\/\/qtmm.org\/qt\/#organization","name":"\u041c\u0435\u0434\u0436\u043b\u0456\u0441","url":"https:\/\/qtmm.org\/qt\/","logo":{"@type":"ImageObject","inLanguage":"qt","@id":"https:\/\/qtmm.org\/qt\/#\/schema\/logo\/image\/","url":"https:\/\/qtmm.org\/wp-content\/uploads\/2024\/12\/ua-mejlis-logo-rgb.svg","contentUrl":"https:\/\/qtmm.org\/wp-content\/uploads\/2024\/12\/ua-mejlis-logo-rgb.svg","caption":"\u041c\u0435\u0434\u0436\u043b\u0456\u0441"},"image":{"@id":"https:\/\/qtmm.org\/qt\/#\/schema\/logo\/image\/"},"sameAs":["https:\/\/www.facebook.com\/qtmm.info\/"]},{"@type":"Person","@id":"https:\/\/qtmm.org\/qt\/#\/schema\/person\/de562469f971dec226ac06e60bbf74a7","name":"Developer","image":{"@type":"ImageObject","inLanguage":"qt","@id":"https:\/\/secure.gravatar.com\/avatar\/392b4cc8fbfeb00b39dfeeab4ee6edded39ffd48e25858637e4765810300227e?s=96&d=mm&r=g","url":"https:\/\/secure.gravatar.com\/avatar\/392b4cc8fbfeb00b39dfeeab4ee6edded39ffd48e25858637e4765810300227e?s=96&d=mm&r=g","contentUrl":"https:\/\/secure.gravatar.com\/avatar\/392b4cc8fbfeb00b39dfeeab4ee6edded39ffd48e25858637e4765810300227e?s=96&d=mm&r=g","caption":"Developer"},"url":"https:\/\/qtmm.org\/qt\/author\/Developer\/"}]}},"_links":{"self":[{"href":"https:\/\/qtmm.org\/qt\/wp-json\/wp\/v2\/posts\/42513","targetHints":{"allow":["GET"]}}],"collection":[{"href":"https:\/\/qtmm.org\/qt\/wp-json\/wp\/v2\/posts"}],"about":[{"href":"https:\/\/qtmm.org\/qt\/wp-json\/wp\/v2\/types\/post"}],"author":[{"embeddable":true,"href":"https:\/\/qtmm.org\/qt\/wp-json\/wp\/v2\/users\/1"}],"replies":[{"embeddable":true,"href":"https:\/\/qtmm.org\/qt\/wp-json\/wp\/v2\/comments?post=42513"}],"version-history":[{"count":1,"href":"https:\/\/qtmm.org\/qt\/wp-json\/wp\/v2\/posts\/42513\/revisions"}],"predecessor-version":[{"id":42534,"href":"https:\/\/qtmm.org\/qt\/wp-json\/wp\/v2\/posts\/42513\/revisions\/42534"}],"wp:featuredmedia":[{"embeddable":true,"href":"https:\/\/qtmm.org\/qt\/wp-json\/wp\/v2\/media\/42514"}],"wp:attachment":[{"href":"https:\/\/qtmm.org\/qt\/wp-json\/wp\/v2\/media?parent=42513"}],"wp:term":[{"taxonomy":"category","embeddable":true,"href":"https:\/\/qtmm.org\/qt\/wp-json\/wp\/v2\/categories?post=42513"},{"taxonomy":"post_tag","embeddable":true,"href":"https:\/\/qtmm.org\/qt\/wp-json\/wp\/v2\/tags?post=42513"}],"curies":[{"name":"wp","href":"https:\/\/api.w.org\/{rel}","templated":true}]}}