




{"id":42507,"date":"2014-01-16T16:46:00","date_gmt":"2014-01-16T13:46:00","guid":{"rendered":"http:\/\/qtmm.org\/?p=42507"},"modified":"2022-01-27T16:47:22","modified_gmt":"2022-01-27T13:47:22","slug":"alusta-civarinda-surgunlik-qurbanlarinin-abidesini-qirdilar","status":"publish","type":"post","link":"https:\/\/qtmm.org\/qt\/alusta-civarinda-surgunlik-qurbanlarinin-abidesini-qirdilar\/","title":{"rendered":"Alu\u015fta civar\u0131nda s\u00fcrg\u00fcnlik qurbanlar\u0131n\u0131\u00f1 abidesini q\u0131rd\u0131lar"},"content":{"rendered":"\n<p>Bellisiz aydutlar Alu\u015fta civar\u0131ndaki Ulu \u00dczen k\u00f6y\u00fcnde s\u00fcrg\u00fcnlik qurbanlar\u0131n\u0131\u00f1 abidesini parlad\u0131lar. Aydutlarn\u0131 tutma\u011fa yard\u0131m etkenlerge para muk\u00e2fat\u0131 i\u015fand\u0131r\u0131la. B u aqta Alu\u015fta regional meclis reisi E.Arpatl\u0131n\u0131\u00f1 s\u00f6zlerine esaslan\u0131p&nbsp;<a href=\"http:\/\/15minut.org\/\" target=\"_blank\" rel=\"noreferrer noopener\">&#8220;15 minut&#8221; sayt\u0131 bildire<\/a>.<\/p>\n\n\n\n<p>&#8220;Ulu \u00dczendeki abide 2010 sene &#8220;Ulu \u00dczen&#8221; B\u00fct\u00fcnq\u0131r\u0131m cemaat te\u015fkil\u00e2t\u0131n\u0131\u00f1 k\u00fc\u00e7\u00fcnen qoyul\u011fan edi, &#8211; dey Arpatl\u0131. \u2013 Abide ne vaq\u0131t bozul\u011fan\u0131, tam belli degil, amma haberni yanvar 16 k\u00fcn\u00fc ald\u0131q&#8221;.<br><br>Alu\u015fta regional meclis reisi abideni bir k\u00fcn evelsi q\u0131r\u011fanlar\u0131n\u0131 tahmin ete. Haber al\u011fan\u0131nen Arpatl\u0131 K\u00fc\u00e7\u00fck \u00dczen k\u00f6y \u015furas\u0131n\u0131\u00f1 ba\u015f\u0131 Sergey Tra\u00e7uk, Tel\u00fckesizlik h\u0131zmeti ve militsiya hadimlerinen beraber adise y\u00fcz bergen yerge bard\u0131.<\/p>\n\n\n\n<p>Uquqqor\u00e7alayc\u0131lar zarur taqiqat areketlerini ke\u00e7irip, vaqian\u0131 tertipke k\u00f6re resmiyle\u015ftirdiler. Regional meclis reisi Alu\u015fta militsiyas\u0131 yolba\u015f\u00e7\u0131lar\u0131nen k\u00f6r\u00fc\u015fmek niyetinde.<br><br>Bu cinayetni yapqan insanlarn\u0131 k\u00f6stereceklerge Arpatl\u0131 para muk\u00e2fat\u0131 bermekni i\u015fand\u0131rd\u0131. &#8220;Regional meclis reisi olaraq men cinayet\u00e7ilerni tapma\u011fa yard\u0131m etken mal\u00fcmat i\u00e7\u00fcn 5 bi\u00f1 grivn\u00e2 bermege vade etem&#8221;, &#8211; dedi o.<\/p>\n\n\n\n<p>Enver Arpatl\u0131n\u0131\u00f1 telefon\u0131:&nbsp;<a href=\"tel:%2B38%20050%20053%202512\" target=\"_blank\" rel=\"noreferrer noopener\">+38 050 053 2512<\/a><\/p>\n\n\n\n<p>Regional meclis reisi vandall\u0131qn\u0131 kimler yapabilecegi aqq\u0131ndaki sualge cevap berip olamad\u0131.<\/p>\n\n\n\n<figure class=\"wp-block-image size-full\"><img loading=\"lazy\" decoding=\"async\" width=\"650\" height=\"599\" src=\"http:\/\/qtmm.org\/wp-content\/uploads\/2022\/01\/img_1742_kopiya.jpeg\" alt=\"\" class=\"wp-image-42508\" srcset=\"https:\/\/qtmm.org\/wp-content\/uploads\/2022\/01\/img_1742_kopiya.jpeg 650w, https:\/\/qtmm.org\/wp-content\/uploads\/2022\/01\/img_1742_kopiya-300x276.jpeg 300w\" sizes=\"auto, (max-width: 650px) 100vw, 650px\" \/><\/figure>\n\n\n\n<p>Ulu-\u00dczen &#8211; \u2014B\u00fcy\u00fck Alu\u015fta civar\u0131nda K\u00fc\u00e7\u00fck \u00dczen k\u00f6y \u015furas\u0131n\u0131\u00f1 erk\u00e2n\u0131na kirgen k\u00f6y. Q\u0131r\u0131mn\u0131\u00f1 cen\u00fcbiy-\u015farqiy yal\u0131s\u0131nda, Alu\u015ftadan 15 kilometrde Haphal car\u0131 i\u00e7inde, Cur-cur \u015fell\u00e2lesi yan\u0131nda, Demirci ve Qarabi yayl\u00e2larn\u0131\u00f1 aras\u0131nda yerle\u015fken. 2001 senesini\u00f1 mal\u00fcmatlar\u0131na k\u00f6re k\u00f6y ealisi 289 candan ibarettir.<\/p>\n\n\n\n<p>1944 senesine qadan k\u00f6yde q\u0131r\u0131mtatarlar ya\u015fay edi. Olarn\u0131 s\u00fcrg\u00fcn etken so\u00f1 k\u00f6yde bir rus qorantas\u0131 qala. Amma avgust 12-de sovet akimiyeti Q\u0131r\u0131m\u011fa ba\u015fqa yerlerden insanlarn\u0131 k\u00f6\u00e7\u00fcrmek qarar\u0131n\u0131 al\u011fan so\u00f1, Alu\u015fta rayon\u0131na Krasnodar vil\u00e2yetinden ge kelip 7500 insan k\u00f6\u00e7\u00fcrildi.<br>1945 senesi avugst 21-de Rusiye Federatsiyas\u0131 Yuqar\u0131 \u015euras\u0131 Prehidium\u0131n\u0131\u00f1 ferman\u0131na k\u00f6re k\u00f6yni\u00f1 Ulu-\u00dczen ad\u0131 Generalskoye dep de\u00f1i\u015ftirildi.<\/p>\n","protected":false},"excerpt":{"rendered":"<p>Bellisiz aydutlar Alu\u015fta civar\u0131ndaki Ulu \u00dczen k\u00f6y\u00fcnde s\u00fcrg\u00fcnlik qurbanlar\u0131n\u0131\u00f1 abidesini parlad\u0131lar. Aydutlarn\u0131 tutma\u011fa yard\u0131m etkenlerge para muk\u00e2fat\u0131 i\u015fand\u0131r\u0131la. B u aqta Alu\u015fta regional meclis reisi E.Arpatl\u0131n\u0131\u00f1 s\u00f6zlerine esaslan\u0131p&nbsp;&#8220;15 minut&#8221; sayt\u0131 bildire. &#8220;Ulu \u00dczendeki abide 2010 sene &#8220;Ulu \u00dczen&#8221; B\u00fct\u00fcnq\u0131r\u0131m cemaat te\u015fkil\u00e2t\u0131n\u0131\u00f1 k\u00fc\u00e7\u00fcnen qoyul\u011fan edi, &#8211; dey Arpatl\u0131. \u2013 Abide ne vaq\u0131t bozul\u011fan\u0131, tam belli degil, [&hellip;]<\/p>\n","protected":false},"author":1,"featured_media":0,"comment_status":"open","ping_status":"open","sticky":false,"template":"","format":"standard","meta":{"inline_featured_image":false,"footnotes":""},"categories":[265],"tags":[],"class_list":["post-42507","post","type-post","status-publish","format-standard","hentry","category-haberler"],"acf":[],"yoast_head":"<!-- This site is optimized with the Yoast SEO plugin v27.4 - https:\/\/yoast.com\/product\/yoast-seo-wordpress\/ -->\n<title>Alu\u015fta civar\u0131nda s\u00fcrg\u00fcnlik qurbanlar\u0131n\u0131\u00f1 abidesini q\u0131rd\u0131lar - \u041c\u0435\u0434\u0436\u043b\u0456\u0441<\/title>\n<meta name=\"robots\" content=\"index, follow, max-snippet:-1, max-image-preview:large, max-video-preview:-1\" \/>\n<link rel=\"canonical\" href=\"https:\/\/qtmm.org\/qt\/alusta-civarinda-surgunlik-qurbanlarinin-abidesini-qirdilar\/\" \/>\n<meta property=\"og:locale\" content=\"en_US\" \/>\n<meta property=\"og:type\" content=\"article\" \/>\n<meta property=\"og:title\" content=\"Alu\u015fta civar\u0131nda s\u00fcrg\u00fcnlik qurbanlar\u0131n\u0131\u00f1 abidesini q\u0131rd\u0131lar - \u041c\u0435\u0434\u0436\u043b\u0456\u0441\" \/>\n<meta property=\"og:description\" content=\"Bellisiz aydutlar Alu\u015fta civar\u0131ndaki Ulu \u00dczen k\u00f6y\u00fcnde s\u00fcrg\u00fcnlik qurbanlar\u0131n\u0131\u00f1 abidesini parlad\u0131lar. Aydutlarn\u0131 tutma\u011fa yard\u0131m etkenlerge para muk\u00e2fat\u0131 i\u015fand\u0131r\u0131la. B u aqta Alu\u015fta regional meclis reisi E.Arpatl\u0131n\u0131\u00f1 s\u00f6zlerine esaslan\u0131p&nbsp;&#8220;15 minut&#8221; sayt\u0131 bildire. &#8220;Ulu \u00dczendeki abide 2010 sene &#8220;Ulu \u00dczen&#8221; B\u00fct\u00fcnq\u0131r\u0131m cemaat te\u015fkil\u00e2t\u0131n\u0131\u00f1 k\u00fc\u00e7\u00fcnen qoyul\u011fan edi, &#8211; dey Arpatl\u0131. \u2013 Abide ne vaq\u0131t bozul\u011fan\u0131, tam belli degil, [&hellip;]\" \/>\n<meta property=\"og:url\" content=\"https:\/\/qtmm.org\/qt\/alusta-civarinda-surgunlik-qurbanlarinin-abidesini-qirdilar\/\" \/>\n<meta property=\"og:site_name\" content=\"\u041c\u0435\u0434\u0436\u043b\u0456\u0441\" \/>\n<meta property=\"article:publisher\" content=\"https:\/\/www.facebook.com\/qtmm.info\/\" \/>\n<meta property=\"article:published_time\" content=\"2014-01-16T13:46:00+00:00\" \/>\n<meta property=\"article:modified_time\" content=\"2022-01-27T13:47:22+00:00\" \/>\n<meta property=\"og:image\" content=\"https:\/\/qtmm.org\/wp-content\/uploads\/2022\/01\/img_1742_kopiya.jpeg\" \/>\n\t<meta property=\"og:image:width\" content=\"650\" \/>\n\t<meta property=\"og:image:height\" content=\"599\" \/>\n\t<meta property=\"og:image:type\" content=\"image\/jpeg\" \/>\n<meta name=\"author\" content=\"Developer\" \/>\n<meta name=\"twitter:card\" content=\"summary_large_image\" \/>\n<meta name=\"twitter:label1\" content=\"Written by\" \/>\n\t<meta name=\"twitter:data1\" content=\"Developer\" \/>\n\t<meta name=\"twitter:label2\" content=\"Est. reading time\" \/>\n\t<meta name=\"twitter:data2\" content=\"2 minutes\" \/>\n<script type=\"application\/ld+json\" class=\"yoast-schema-graph\">{\"@context\":\"https:\\\/\\\/schema.org\",\"@graph\":[{\"@type\":\"Article\",\"@id\":\"https:\\\/\\\/qtmm.org\\\/qt\\\/alusta-civarinda-surgunlik-qurbanlarinin-abidesini-qirdilar\\\/#article\",\"isPartOf\":{\"@id\":\"https:\\\/\\\/qtmm.org\\\/qt\\\/alusta-civarinda-surgunlik-qurbanlarinin-abidesini-qirdilar\\\/\"},\"author\":{\"name\":\"Developer\",\"@id\":\"https:\\\/\\\/qtmm.org\\\/qt\\\/#\\\/schema\\\/person\\\/de562469f971dec226ac06e60bbf74a7\"},\"headline\":\"Alu\u015fta civar\u0131nda s\u00fcrg\u00fcnlik qurbanlar\u0131n\u0131\u00f1 abidesini q\u0131rd\u0131lar\",\"datePublished\":\"2014-01-16T13:46:00+00:00\",\"dateModified\":\"2022-01-27T13:47:22+00:00\",\"mainEntityOfPage\":{\"@id\":\"https:\\\/\\\/qtmm.org\\\/qt\\\/alusta-civarinda-surgunlik-qurbanlarinin-abidesini-qirdilar\\\/\"},\"wordCount\":374,\"commentCount\":0,\"publisher\":{\"@id\":\"https:\\\/\\\/qtmm.org\\\/qt\\\/#organization\"},\"image\":{\"@id\":\"https:\\\/\\\/qtmm.org\\\/qt\\\/alusta-civarinda-surgunlik-qurbanlarinin-abidesini-qirdilar\\\/#primaryimage\"},\"thumbnailUrl\":\"http:\\\/\\\/qtmm.org\\\/wp-content\\\/uploads\\\/2022\\\/01\\\/img_1742_kopiya.jpeg\",\"articleSection\":[\"Haberler\"],\"inLanguage\":\"qt\",\"potentialAction\":[{\"@type\":\"CommentAction\",\"name\":\"Comment\",\"target\":[\"https:\\\/\\\/qtmm.org\\\/qt\\\/alusta-civarinda-surgunlik-qurbanlarinin-abidesini-qirdilar\\\/#respond\"]}]},{\"@type\":\"WebPage\",\"@id\":\"https:\\\/\\\/qtmm.org\\\/qt\\\/alusta-civarinda-surgunlik-qurbanlarinin-abidesini-qirdilar\\\/\",\"url\":\"https:\\\/\\\/qtmm.org\\\/qt\\\/alusta-civarinda-surgunlik-qurbanlarinin-abidesini-qirdilar\\\/\",\"name\":\"Alu\u015fta civar\u0131nda s\u00fcrg\u00fcnlik qurbanlar\u0131n\u0131\u00f1 abidesini q\u0131rd\u0131lar - \u041c\u0435\u0434\u0436\u043b\u0456\u0441\",\"isPartOf\":{\"@id\":\"https:\\\/\\\/qtmm.org\\\/qt\\\/#website\"},\"primaryImageOfPage\":{\"@id\":\"https:\\\/\\\/qtmm.org\\\/qt\\\/alusta-civarinda-surgunlik-qurbanlarinin-abidesini-qirdilar\\\/#primaryimage\"},\"image\":{\"@id\":\"https:\\\/\\\/qtmm.org\\\/qt\\\/alusta-civarinda-surgunlik-qurbanlarinin-abidesini-qirdilar\\\/#primaryimage\"},\"thumbnailUrl\":\"http:\\\/\\\/qtmm.org\\\/wp-content\\\/uploads\\\/2022\\\/01\\\/img_1742_kopiya.jpeg\",\"datePublished\":\"2014-01-16T13:46:00+00:00\",\"dateModified\":\"2022-01-27T13:47:22+00:00\",\"breadcrumb\":{\"@id\":\"https:\\\/\\\/qtmm.org\\\/qt\\\/alusta-civarinda-surgunlik-qurbanlarinin-abidesini-qirdilar\\\/#breadcrumb\"},\"inLanguage\":\"qt\",\"potentialAction\":[{\"@type\":\"ReadAction\",\"target\":[\"https:\\\/\\\/qtmm.org\\\/qt\\\/alusta-civarinda-surgunlik-qurbanlarinin-abidesini-qirdilar\\\/\"]}]},{\"@type\":\"ImageObject\",\"inLanguage\":\"qt\",\"@id\":\"https:\\\/\\\/qtmm.org\\\/qt\\\/alusta-civarinda-surgunlik-qurbanlarinin-abidesini-qirdilar\\\/#primaryimage\",\"url\":\"http:\\\/\\\/qtmm.org\\\/wp-content\\\/uploads\\\/2022\\\/01\\\/img_1742_kopiya.jpeg\",\"contentUrl\":\"http:\\\/\\\/qtmm.org\\\/wp-content\\\/uploads\\\/2022\\\/01\\\/img_1742_kopiya.jpeg\"},{\"@type\":\"BreadcrumbList\",\"@id\":\"https:\\\/\\\/qtmm.org\\\/qt\\\/alusta-civarinda-surgunlik-qurbanlarinin-abidesini-qirdilar\\\/#breadcrumb\",\"itemListElement\":[{\"@type\":\"ListItem\",\"position\":1,\"name\":\"\u0413\u043e\u043b\u043e\u0432\u043d\u0430\",\"item\":\"https:\\\/\\\/qtmm.org\\\/qt\\\/\"},{\"@type\":\"ListItem\",\"position\":2,\"name\":\"Alu\u015fta civar\u0131nda s\u00fcrg\u00fcnlik qurbanlar\u0131n\u0131\u00f1 abidesini q\u0131rd\u0131lar\"}]},{\"@type\":\"WebSite\",\"@id\":\"https:\\\/\\\/qtmm.org\\\/qt\\\/#website\",\"url\":\"https:\\\/\\\/qtmm.org\\\/qt\\\/\",\"name\":\"\u041c\u0435\u0434\u0436\u043b\u0456\u0441\",\"description\":\"\",\"publisher\":{\"@id\":\"https:\\\/\\\/qtmm.org\\\/qt\\\/#organization\"},\"potentialAction\":[{\"@type\":\"SearchAction\",\"target\":{\"@type\":\"EntryPoint\",\"urlTemplate\":\"https:\\\/\\\/qtmm.org\\\/qt\\\/?s={search_term_string}\"},\"query-input\":{\"@type\":\"PropertyValueSpecification\",\"valueRequired\":true,\"valueName\":\"search_term_string\"}}],\"inLanguage\":\"qt\"},{\"@type\":\"Organization\",\"@id\":\"https:\\\/\\\/qtmm.org\\\/qt\\\/#organization\",\"name\":\"\u041c\u0435\u0434\u0436\u043b\u0456\u0441\",\"url\":\"https:\\\/\\\/qtmm.org\\\/qt\\\/\",\"logo\":{\"@type\":\"ImageObject\",\"inLanguage\":\"qt\",\"@id\":\"https:\\\/\\\/qtmm.org\\\/qt\\\/#\\\/schema\\\/logo\\\/image\\\/\",\"url\":\"https:\\\/\\\/qtmm.org\\\/wp-content\\\/uploads\\\/2024\\\/12\\\/ua-mejlis-logo-rgb.svg\",\"contentUrl\":\"https:\\\/\\\/qtmm.org\\\/wp-content\\\/uploads\\\/2024\\\/12\\\/ua-mejlis-logo-rgb.svg\",\"caption\":\"\u041c\u0435\u0434\u0436\u043b\u0456\u0441\"},\"image\":{\"@id\":\"https:\\\/\\\/qtmm.org\\\/qt\\\/#\\\/schema\\\/logo\\\/image\\\/\"},\"sameAs\":[\"https:\\\/\\\/www.facebook.com\\\/qtmm.info\\\/\"]},{\"@type\":\"Person\",\"@id\":\"https:\\\/\\\/qtmm.org\\\/qt\\\/#\\\/schema\\\/person\\\/de562469f971dec226ac06e60bbf74a7\",\"name\":\"Developer\",\"image\":{\"@type\":\"ImageObject\",\"inLanguage\":\"qt\",\"@id\":\"https:\\\/\\\/secure.gravatar.com\\\/avatar\\\/392b4cc8fbfeb00b39dfeeab4ee6edded39ffd48e25858637e4765810300227e?s=96&d=mm&r=g\",\"url\":\"https:\\\/\\\/secure.gravatar.com\\\/avatar\\\/392b4cc8fbfeb00b39dfeeab4ee6edded39ffd48e25858637e4765810300227e?s=96&d=mm&r=g\",\"contentUrl\":\"https:\\\/\\\/secure.gravatar.com\\\/avatar\\\/392b4cc8fbfeb00b39dfeeab4ee6edded39ffd48e25858637e4765810300227e?s=96&d=mm&r=g\",\"caption\":\"Developer\"},\"url\":\"https:\\\/\\\/qtmm.org\\\/qt\\\/author\\\/Developer\\\/\"}]}<\/script>\n<!-- \/ Yoast SEO plugin. -->","yoast_head_json":{"title":"Alu\u015fta civar\u0131nda s\u00fcrg\u00fcnlik qurbanlar\u0131n\u0131\u00f1 abidesini q\u0131rd\u0131lar - \u041c\u0435\u0434\u0436\u043b\u0456\u0441","robots":{"index":"index","follow":"follow","max-snippet":"max-snippet:-1","max-image-preview":"max-image-preview:large","max-video-preview":"max-video-preview:-1"},"canonical":"https:\/\/qtmm.org\/qt\/alusta-civarinda-surgunlik-qurbanlarinin-abidesini-qirdilar\/","og_locale":"en_US","og_type":"article","og_title":"Alu\u015fta civar\u0131nda s\u00fcrg\u00fcnlik qurbanlar\u0131n\u0131\u00f1 abidesini q\u0131rd\u0131lar - \u041c\u0435\u0434\u0436\u043b\u0456\u0441","og_description":"Bellisiz aydutlar Alu\u015fta civar\u0131ndaki Ulu \u00dczen k\u00f6y\u00fcnde s\u00fcrg\u00fcnlik qurbanlar\u0131n\u0131\u00f1 abidesini parlad\u0131lar. Aydutlarn\u0131 tutma\u011fa yard\u0131m etkenlerge para muk\u00e2fat\u0131 i\u015fand\u0131r\u0131la. B u aqta Alu\u015fta regional meclis reisi E.Arpatl\u0131n\u0131\u00f1 s\u00f6zlerine esaslan\u0131p&nbsp;&#8220;15 minut&#8221; sayt\u0131 bildire. &#8220;Ulu \u00dczendeki abide 2010 sene &#8220;Ulu \u00dczen&#8221; B\u00fct\u00fcnq\u0131r\u0131m cemaat te\u015fkil\u00e2t\u0131n\u0131\u00f1 k\u00fc\u00e7\u00fcnen qoyul\u011fan edi, &#8211; dey Arpatl\u0131. \u2013 Abide ne vaq\u0131t bozul\u011fan\u0131, tam belli degil, [&hellip;]","og_url":"https:\/\/qtmm.org\/qt\/alusta-civarinda-surgunlik-qurbanlarinin-abidesini-qirdilar\/","og_site_name":"\u041c\u0435\u0434\u0436\u043b\u0456\u0441","article_publisher":"https:\/\/www.facebook.com\/qtmm.info\/","article_published_time":"2014-01-16T13:46:00+00:00","article_modified_time":"2022-01-27T13:47:22+00:00","og_image":[{"width":650,"height":599,"url":"https:\/\/qtmm.org\/wp-content\/uploads\/2022\/01\/img_1742_kopiya.jpeg","type":"image\/jpeg"}],"author":"Developer","twitter_card":"summary_large_image","twitter_misc":{"Written by":"Developer","Est. reading time":"2 minutes"},"schema":{"@context":"https:\/\/schema.org","@graph":[{"@type":"Article","@id":"https:\/\/qtmm.org\/qt\/alusta-civarinda-surgunlik-qurbanlarinin-abidesini-qirdilar\/#article","isPartOf":{"@id":"https:\/\/qtmm.org\/qt\/alusta-civarinda-surgunlik-qurbanlarinin-abidesini-qirdilar\/"},"author":{"name":"Developer","@id":"https:\/\/qtmm.org\/qt\/#\/schema\/person\/de562469f971dec226ac06e60bbf74a7"},"headline":"Alu\u015fta civar\u0131nda s\u00fcrg\u00fcnlik qurbanlar\u0131n\u0131\u00f1 abidesini q\u0131rd\u0131lar","datePublished":"2014-01-16T13:46:00+00:00","dateModified":"2022-01-27T13:47:22+00:00","mainEntityOfPage":{"@id":"https:\/\/qtmm.org\/qt\/alusta-civarinda-surgunlik-qurbanlarinin-abidesini-qirdilar\/"},"wordCount":374,"commentCount":0,"publisher":{"@id":"https:\/\/qtmm.org\/qt\/#organization"},"image":{"@id":"https:\/\/qtmm.org\/qt\/alusta-civarinda-surgunlik-qurbanlarinin-abidesini-qirdilar\/#primaryimage"},"thumbnailUrl":"http:\/\/qtmm.org\/wp-content\/uploads\/2022\/01\/img_1742_kopiya.jpeg","articleSection":["Haberler"],"inLanguage":"qt","potentialAction":[{"@type":"CommentAction","name":"Comment","target":["https:\/\/qtmm.org\/qt\/alusta-civarinda-surgunlik-qurbanlarinin-abidesini-qirdilar\/#respond"]}]},{"@type":"WebPage","@id":"https:\/\/qtmm.org\/qt\/alusta-civarinda-surgunlik-qurbanlarinin-abidesini-qirdilar\/","url":"https:\/\/qtmm.org\/qt\/alusta-civarinda-surgunlik-qurbanlarinin-abidesini-qirdilar\/","name":"Alu\u015fta civar\u0131nda s\u00fcrg\u00fcnlik qurbanlar\u0131n\u0131\u00f1 abidesini q\u0131rd\u0131lar - \u041c\u0435\u0434\u0436\u043b\u0456\u0441","isPartOf":{"@id":"https:\/\/qtmm.org\/qt\/#website"},"primaryImageOfPage":{"@id":"https:\/\/qtmm.org\/qt\/alusta-civarinda-surgunlik-qurbanlarinin-abidesini-qirdilar\/#primaryimage"},"image":{"@id":"https:\/\/qtmm.org\/qt\/alusta-civarinda-surgunlik-qurbanlarinin-abidesini-qirdilar\/#primaryimage"},"thumbnailUrl":"http:\/\/qtmm.org\/wp-content\/uploads\/2022\/01\/img_1742_kopiya.jpeg","datePublished":"2014-01-16T13:46:00+00:00","dateModified":"2022-01-27T13:47:22+00:00","breadcrumb":{"@id":"https:\/\/qtmm.org\/qt\/alusta-civarinda-surgunlik-qurbanlarinin-abidesini-qirdilar\/#breadcrumb"},"inLanguage":"qt","potentialAction":[{"@type":"ReadAction","target":["https:\/\/qtmm.org\/qt\/alusta-civarinda-surgunlik-qurbanlarinin-abidesini-qirdilar\/"]}]},{"@type":"ImageObject","inLanguage":"qt","@id":"https:\/\/qtmm.org\/qt\/alusta-civarinda-surgunlik-qurbanlarinin-abidesini-qirdilar\/#primaryimage","url":"http:\/\/qtmm.org\/wp-content\/uploads\/2022\/01\/img_1742_kopiya.jpeg","contentUrl":"http:\/\/qtmm.org\/wp-content\/uploads\/2022\/01\/img_1742_kopiya.jpeg"},{"@type":"BreadcrumbList","@id":"https:\/\/qtmm.org\/qt\/alusta-civarinda-surgunlik-qurbanlarinin-abidesini-qirdilar\/#breadcrumb","itemListElement":[{"@type":"ListItem","position":1,"name":"\u0413\u043e\u043b\u043e\u0432\u043d\u0430","item":"https:\/\/qtmm.org\/qt\/"},{"@type":"ListItem","position":2,"name":"Alu\u015fta civar\u0131nda s\u00fcrg\u00fcnlik qurbanlar\u0131n\u0131\u00f1 abidesini q\u0131rd\u0131lar"}]},{"@type":"WebSite","@id":"https:\/\/qtmm.org\/qt\/#website","url":"https:\/\/qtmm.org\/qt\/","name":"\u041c\u0435\u0434\u0436\u043b\u0456\u0441","description":"","publisher":{"@id":"https:\/\/qtmm.org\/qt\/#organization"},"potentialAction":[{"@type":"SearchAction","target":{"@type":"EntryPoint","urlTemplate":"https:\/\/qtmm.org\/qt\/?s={search_term_string}"},"query-input":{"@type":"PropertyValueSpecification","valueRequired":true,"valueName":"search_term_string"}}],"inLanguage":"qt"},{"@type":"Organization","@id":"https:\/\/qtmm.org\/qt\/#organization","name":"\u041c\u0435\u0434\u0436\u043b\u0456\u0441","url":"https:\/\/qtmm.org\/qt\/","logo":{"@type":"ImageObject","inLanguage":"qt","@id":"https:\/\/qtmm.org\/qt\/#\/schema\/logo\/image\/","url":"https:\/\/qtmm.org\/wp-content\/uploads\/2024\/12\/ua-mejlis-logo-rgb.svg","contentUrl":"https:\/\/qtmm.org\/wp-content\/uploads\/2024\/12\/ua-mejlis-logo-rgb.svg","caption":"\u041c\u0435\u0434\u0436\u043b\u0456\u0441"},"image":{"@id":"https:\/\/qtmm.org\/qt\/#\/schema\/logo\/image\/"},"sameAs":["https:\/\/www.facebook.com\/qtmm.info\/"]},{"@type":"Person","@id":"https:\/\/qtmm.org\/qt\/#\/schema\/person\/de562469f971dec226ac06e60bbf74a7","name":"Developer","image":{"@type":"ImageObject","inLanguage":"qt","@id":"https:\/\/secure.gravatar.com\/avatar\/392b4cc8fbfeb00b39dfeeab4ee6edded39ffd48e25858637e4765810300227e?s=96&d=mm&r=g","url":"https:\/\/secure.gravatar.com\/avatar\/392b4cc8fbfeb00b39dfeeab4ee6edded39ffd48e25858637e4765810300227e?s=96&d=mm&r=g","contentUrl":"https:\/\/secure.gravatar.com\/avatar\/392b4cc8fbfeb00b39dfeeab4ee6edded39ffd48e25858637e4765810300227e?s=96&d=mm&r=g","caption":"Developer"},"url":"https:\/\/qtmm.org\/qt\/author\/Developer\/"}]}},"_links":{"self":[{"href":"https:\/\/qtmm.org\/qt\/wp-json\/wp\/v2\/posts\/42507","targetHints":{"allow":["GET"]}}],"collection":[{"href":"https:\/\/qtmm.org\/qt\/wp-json\/wp\/v2\/posts"}],"about":[{"href":"https:\/\/qtmm.org\/qt\/wp-json\/wp\/v2\/types\/post"}],"author":[{"embeddable":true,"href":"https:\/\/qtmm.org\/qt\/wp-json\/wp\/v2\/users\/1"}],"replies":[{"embeddable":true,"href":"https:\/\/qtmm.org\/qt\/wp-json\/wp\/v2\/comments?post=42507"}],"version-history":[{"count":1,"href":"https:\/\/qtmm.org\/qt\/wp-json\/wp\/v2\/posts\/42507\/revisions"}],"predecessor-version":[{"id":42512,"href":"https:\/\/qtmm.org\/qt\/wp-json\/wp\/v2\/posts\/42507\/revisions\/42512"}],"wp:attachment":[{"href":"https:\/\/qtmm.org\/qt\/wp-json\/wp\/v2\/media?parent=42507"}],"wp:term":[{"taxonomy":"category","embeddable":true,"href":"https:\/\/qtmm.org\/qt\/wp-json\/wp\/v2\/categories?post=42507"},{"taxonomy":"post_tag","embeddable":true,"href":"https:\/\/qtmm.org\/qt\/wp-json\/wp\/v2\/tags?post=42507"}],"curies":[{"name":"wp","href":"https:\/\/api.w.org\/{rel}","templated":true}]}}