




{"id":42473,"date":"2014-01-15T16:37:00","date_gmt":"2014-01-15T13:37:00","guid":{"rendered":"http:\/\/qtmm.org\/?p=42473"},"modified":"2022-01-27T16:40:24","modified_gmt":"2022-01-27T13:40:24","slug":"refat-cubarov-qirim-sevgisi-sergisi-ayret-ve-sevinc-menbasidir","status":"publish","type":"post","link":"https:\/\/qtmm.org\/qt\/refat-cubarov-qirim-sevgisi-sergisi-ayret-ve-sevinc-menbasidir\/","title":{"rendered":"Refat \u00c7ubarov: \u00abQ\u0131r\u0131m sevgisi\u00bb sergisi ayret ve sevin\u00e7 menbas\u0131d\u0131r\u00bb"},"content":{"rendered":"\n<p>2014 senesi yanvar 15 k\u00fcn\u00fc Aqmescitte &#8220;Q\u0131r\u0131m sevgisi&#8221; sergisi a\u00e7\u0131ld\u0131. Tedbir \u00e7e\u015fit janrlarda icat etken, q\u0131r\u0131mtatarlarn\u0131\u00f1 halq sanat\u0131na, yar\u0131madan\u0131\u00f1 unikal tarih\u0131 ve medeniyetine sevgi beslegen, \u00e7e\u015fit ya\u015f ve \u00e7e\u015fit milletlerge mens\u00fcp ressamlarn\u0131\u00f1 te\u015febb\u00fcsi ile te\u015fkil etildi.<\/p>\n\n\n\n<p>&#8220;Q\u0131r\u0131m \u00fcsl\u00fcbi&#8221; leyhas\u0131 \u00e7er\u00e7ivesinde a\u00e7\u0131l\u011fan sergi te\u015fkil\u00e2t\u00e7\u0131lar\u0131n\u0131\u00f1 bildirgenine k\u00f6re Q\u0131r\u0131mn\u0131\u00f1 tarih\u0131 ve medeniyetine sevgi ve meraq olar\u011fa bug\u00fcnki \u015faraitlerde Q\u0131r\u0131m tam\u0131r halq\u0131n\u0131\u00f1 qadimiy ananelerini \u011fayr\u0131dan tiklemek ve inki\u015faf ettirmek imk\u00e2n\u0131n\u0131 bere.<\/p>\n\n\n\n<p>Sergi leyhas\u0131n\u0131\u00f1 m\u00fcellifi, belli ressam Mamut \u00c7urlu taraf\u0131ndan na\u011f\u0131\u015f\u00e7\u0131l\u0131q variyetini \u00f6gren\u00fcv boyunca pek b\u00fcy\u00fck i\u015f yap\u0131ld\u0131, na\u011f\u0131\u015flar tilini\u00f1 s\u0131rlar\u0131 a\u00e7\u0131ld\u0131.<\/p>\n\n\n\n<p>Sergide Meclis reisi Refat \u00c7ubarov, Meclis azalar\u0131 \u015eevket Qaybullayev, Qurultay Tefti\u015f komissiyas\u0131n\u0131\u00f1 reisi Ali \u00d6zenba\u015f, ressamlar, sanatk\u00e2rlar ve Q\u0131r\u0131m cemaat\u00e7\u0131l\u0131\u011f\u0131 i\u015ftirak etti.<\/p>\n\n\n\n<figure class=\"wp-block-image size-full\"><img loading=\"lazy\" decoding=\"async\" width=\"650\" height=\"475\" src=\"http:\/\/qtmm.org\/wp-content\/uploads\/2022\/01\/img_4188.jpeg\" alt=\"\" class=\"wp-image-42478\" srcset=\"https:\/\/qtmm.org\/wp-content\/uploads\/2022\/01\/img_4188.jpeg 650w, https:\/\/qtmm.org\/wp-content\/uploads\/2022\/01\/img_4188-300x219.jpeg 300w\" sizes=\"auto, (max-width: 650px) 100vw, 650px\" \/><\/figure>\n\n\n\n<p>&#8220;Bug\u00fcn \u011fayet ayd\u0131n bir k\u00fcn, em bu yal\u0131\u00f1\u0131z t\u0131\u015fta k\u00fcne\u015fli ve s\u0131caq ava ol\u011fan\u0131 sebebinden degil, &#8211; dedi Meclis reisi Refat \u00c7ubarov. \u2013 Er angi sergi ve ya da er angi mevzu qalplerge bu qadar quvan\u00e7 ba\u011f\u0131\u015flap olamaz. S\u0131q\u0131 allarda, ayret duy\u011fus\u0131 yan\u0131nda nas\u0131ld\u0131r bir keder, tel\u00e2\u015f da ola. Amma bug\u00fcn bu salonda men hayret ve i\u00e7imdeki sevin\u00e7ten \u011fayr\u0131 i\u00e7 bir \u015fey sezmeyim&#8221;<\/p>\n\n\n\n<p>Meclis reisi Q\u0131r\u0131mn\u0131\u00f1 kelecegi taqdim etilgen, Q\u0131r\u0131m sakinlerini bir ara\u011fa ketirgen bu sergini\u00f1 b\u00fcy\u00fck emiyetini qayd etti. Meclis yolba\u015f\u00e7\u0131s\u0131 sergi musafirleri ve i\u015ftirak\u00e7ilerinden b\u00f6yle sergiler birle\u015ftirgeni ve demek b\u00f6yle tedbirlerni\u00f1 s\u0131q\u00e7a ve er yerde ke\u00e7irmek tekliflerini e\u015fitkenini de aytt\u0131.<\/p>\n\n\n\n<figure class=\"wp-block-image size-full\"><img loading=\"lazy\" decoding=\"async\" width=\"650\" height=\"400\" src=\"http:\/\/qtmm.org\/wp-content\/uploads\/2022\/01\/img_4214.jpeg\" alt=\"\" class=\"wp-image-42482\" srcset=\"https:\/\/qtmm.org\/wp-content\/uploads\/2022\/01\/img_4214.jpeg 650w, https:\/\/qtmm.org\/wp-content\/uploads\/2022\/01\/img_4214-300x185.jpeg 300w\" sizes=\"auto, (max-width: 650px) 100vw, 650px\" \/><\/figure>\n\n\n\n<p>Refat \u00c7ubarov sergi te\u015fkil\u00e2t\u00e7\u0131lar\u0131na ve bilhassa, tedbirge kelgen ve icatk\u00e2rlarn\u0131\u00f1 eserlerinden ilham al\u011fan seyircilerge te\u015fekk\u00fcrlerini bildirdi.<\/p>\n\n\n\n<p>\u00d6z nevbetinde Mamut \u00c7urlu sergi \u00fczerinde \u00e7al\u0131\u015fqan er bir m\u00fcellif ile tan\u0131\u015f etip, sergide 40 ustan\u0131\u00f1 i\u015fi taqdim olun\u011fan\u0131n\u0131 aytt\u0131.<\/p>\n\n\n\n<figure class=\"wp-block-gallery columns-3 is-cropped wp-block-gallery-1 is-layout-flex wp-block-gallery-is-layout-flex\"><ul class=\"blocks-gallery-grid\"><li class=\"blocks-gallery-item\"><figure><a href=\"http:\/\/qtmm.org\/wp-content\/uploads\/2022\/01\/img_4228.jpeg\"><img loading=\"lazy\" decoding=\"async\" width=\"650\" height=\"465\" src=\"http:\/\/qtmm.org\/wp-content\/uploads\/2022\/01\/img_4228.jpeg\" alt=\"\" data-id=\"42486\" data-full-url=\"http:\/\/qtmm.org\/wp-content\/uploads\/2022\/01\/img_4228.jpeg\" data-link=\"http:\/\/qtmm.org\/qt\/?attachment_id=42486\" class=\"wp-image-42486\" srcset=\"https:\/\/qtmm.org\/wp-content\/uploads\/2022\/01\/img_4228.jpeg 650w, https:\/\/qtmm.org\/wp-content\/uploads\/2022\/01\/img_4228-300x215.jpeg 300w\" sizes=\"auto, (max-width: 650px) 100vw, 650px\" \/><\/a><\/figure><\/li><li class=\"blocks-gallery-item\"><figure><a href=\"http:\/\/qtmm.org\/wp-content\/uploads\/2022\/01\/img_4222.jpeg\"><img loading=\"lazy\" decoding=\"async\" width=\"650\" height=\"550\" src=\"http:\/\/qtmm.org\/wp-content\/uploads\/2022\/01\/img_4222.jpeg\" alt=\"\" data-id=\"42490\" data-full-url=\"http:\/\/qtmm.org\/wp-content\/uploads\/2022\/01\/img_4222.jpeg\" data-link=\"http:\/\/qtmm.org\/qt\/?attachment_id=42490\" class=\"wp-image-42490\" srcset=\"https:\/\/qtmm.org\/wp-content\/uploads\/2022\/01\/img_4222.jpeg 650w, https:\/\/qtmm.org\/wp-content\/uploads\/2022\/01\/img_4222-300x254.jpeg 300w\" sizes=\"auto, (max-width: 650px) 100vw, 650px\" \/><\/a><\/figure><\/li><li class=\"blocks-gallery-item\"><figure><a href=\"http:\/\/qtmm.org\/wp-content\/uploads\/2022\/01\/img_4229.jpeg\"><img loading=\"lazy\" decoding=\"async\" width=\"650\" height=\"465\" src=\"http:\/\/qtmm.org\/wp-content\/uploads\/2022\/01\/img_4229.jpeg\" alt=\"\" data-id=\"42494\" data-full-url=\"http:\/\/qtmm.org\/wp-content\/uploads\/2022\/01\/img_4229.jpeg\" data-link=\"http:\/\/qtmm.org\/qt\/?attachment_id=42494\" class=\"wp-image-42494\" srcset=\"https:\/\/qtmm.org\/wp-content\/uploads\/2022\/01\/img_4229.jpeg 650w, https:\/\/qtmm.org\/wp-content\/uploads\/2022\/01\/img_4229-300x215.jpeg 300w\" sizes=\"auto, (max-width: 650px) 100vw, 650px\" \/><\/a><\/figure><\/li><li class=\"blocks-gallery-item\"><figure><a href=\"http:\/\/qtmm.org\/wp-content\/uploads\/2022\/01\/img_4237.jpeg\"><img loading=\"lazy\" decoding=\"async\" width=\"650\" height=\"528\" src=\"http:\/\/qtmm.org\/wp-content\/uploads\/2022\/01\/img_4237.jpeg\" alt=\"\" data-id=\"42498\" data-full-url=\"http:\/\/qtmm.org\/wp-content\/uploads\/2022\/01\/img_4237.jpeg\" data-link=\"http:\/\/qtmm.org\/qt\/?attachment_id=42498\" class=\"wp-image-42498\" srcset=\"https:\/\/qtmm.org\/wp-content\/uploads\/2022\/01\/img_4237.jpeg 650w, https:\/\/qtmm.org\/wp-content\/uploads\/2022\/01\/img_4237-300x244.jpeg 300w\" sizes=\"auto, (max-width: 650px) 100vw, 650px\" \/><\/a><\/figure><\/li><li class=\"blocks-gallery-item\"><figure><a href=\"http:\/\/qtmm.org\/wp-content\/uploads\/2022\/01\/img_4233.jpeg\"><img loading=\"lazy\" decoding=\"async\" width=\"650\" height=\"702\" src=\"http:\/\/qtmm.org\/wp-content\/uploads\/2022\/01\/img_4233.jpeg\" alt=\"\" data-id=\"42502\" data-full-url=\"http:\/\/qtmm.org\/wp-content\/uploads\/2022\/01\/img_4233.jpeg\" data-link=\"http:\/\/qtmm.org\/qt\/?attachment_id=42502\" class=\"wp-image-42502\" srcset=\"https:\/\/qtmm.org\/wp-content\/uploads\/2022\/01\/img_4233.jpeg 650w, https:\/\/qtmm.org\/wp-content\/uploads\/2022\/01\/img_4233-278x300.jpeg 278w\" sizes=\"auto, (max-width: 650px) 100vw, 650px\" \/><\/a><\/figure><\/li><\/ul><\/figure>\n","protected":false},"excerpt":{"rendered":"<p>2014 senesi yanvar 15 k\u00fcn\u00fc Aqmescitte &#8220;Q\u0131r\u0131m sevgisi&#8221; sergisi a\u00e7\u0131ld\u0131. Tedbir \u00e7e\u015fit janrlarda icat etken, q\u0131r\u0131mtatarlarn\u0131\u00f1 halq sanat\u0131na, yar\u0131madan\u0131\u00f1 unikal tarih\u0131 ve medeniyetine sevgi beslegen, \u00e7e\u015fit ya\u015f ve \u00e7e\u015fit milletlerge mens\u00fcp ressamlarn\u0131\u00f1 te\u015febb\u00fcsi ile te\u015fkil etildi. &#8220;Q\u0131r\u0131m \u00fcsl\u00fcbi&#8221; leyhas\u0131 \u00e7er\u00e7ivesinde a\u00e7\u0131l\u011fan sergi te\u015fkil\u00e2t\u00e7\u0131lar\u0131n\u0131\u00f1 bildirgenine k\u00f6re Q\u0131r\u0131mn\u0131\u00f1 tarih\u0131 ve medeniyetine sevgi ve meraq olar\u011fa bug\u00fcnki \u015faraitlerde [&hellip;]<\/p>\n","protected":false},"author":1,"featured_media":42474,"comment_status":"open","ping_status":"open","sticky":false,"template":"","format":"standard","meta":{"inline_featured_image":false,"footnotes":""},"categories":[265],"tags":[],"class_list":["post-42473","post","type-post","status-publish","format-standard","has-post-thumbnail","hentry","category-haberler"],"acf":[],"yoast_head":"<!-- This site is optimized with the Yoast SEO plugin v27.4 - https:\/\/yoast.com\/product\/yoast-seo-wordpress\/ -->\n<title>Refat \u00c7ubarov: \u00abQ\u0131r\u0131m sevgisi\u00bb sergisi ayret ve sevin\u00e7 menbas\u0131d\u0131r\u00bb - \u041c\u0435\u0434\u0436\u043b\u0456\u0441<\/title>\n<meta name=\"robots\" content=\"index, follow, max-snippet:-1, max-image-preview:large, max-video-preview:-1\" \/>\n<link rel=\"canonical\" href=\"https:\/\/qtmm.org\/qt\/refat-cubarov-qirim-sevgisi-sergisi-ayret-ve-sevinc-menbasidir\/\" \/>\n<meta property=\"og:locale\" content=\"en_US\" \/>\n<meta property=\"og:type\" content=\"article\" \/>\n<meta property=\"og:title\" content=\"Refat \u00c7ubarov: \u00abQ\u0131r\u0131m sevgisi\u00bb sergisi ayret ve sevin\u00e7 menbas\u0131d\u0131r\u00bb - \u041c\u0435\u0434\u0436\u043b\u0456\u0441\" \/>\n<meta property=\"og:description\" content=\"2014 senesi yanvar 15 k\u00fcn\u00fc Aqmescitte &#8220;Q\u0131r\u0131m sevgisi&#8221; sergisi a\u00e7\u0131ld\u0131. Tedbir \u00e7e\u015fit janrlarda icat etken, q\u0131r\u0131mtatarlarn\u0131\u00f1 halq sanat\u0131na, yar\u0131madan\u0131\u00f1 unikal tarih\u0131 ve medeniyetine sevgi beslegen, \u00e7e\u015fit ya\u015f ve \u00e7e\u015fit milletlerge mens\u00fcp ressamlarn\u0131\u00f1 te\u015febb\u00fcsi ile te\u015fkil etildi. &#8220;Q\u0131r\u0131m \u00fcsl\u00fcbi&#8221; leyhas\u0131 \u00e7er\u00e7ivesinde a\u00e7\u0131l\u011fan sergi te\u015fkil\u00e2t\u00e7\u0131lar\u0131n\u0131\u00f1 bildirgenine k\u00f6re Q\u0131r\u0131mn\u0131\u00f1 tarih\u0131 ve medeniyetine sevgi ve meraq olar\u011fa bug\u00fcnki \u015faraitlerde [&hellip;]\" \/>\n<meta property=\"og:url\" content=\"https:\/\/qtmm.org\/qt\/refat-cubarov-qirim-sevgisi-sergisi-ayret-ve-sevinc-menbasidir\/\" \/>\n<meta property=\"og:site_name\" content=\"\u041c\u0435\u0434\u0436\u043b\u0456\u0441\" \/>\n<meta property=\"article:publisher\" content=\"https:\/\/www.facebook.com\/qtmm.info\/\" \/>\n<meta property=\"article:published_time\" content=\"2014-01-15T13:37:00+00:00\" \/>\n<meta property=\"article:modified_time\" content=\"2022-01-27T13:40:24+00:00\" \/>\n<meta property=\"og:image\" content=\"https:\/\/qtmm.org\/wp-content\/uploads\/2022\/01\/img_4200.jpeg\" \/>\n\t<meta property=\"og:image:width\" content=\"650\" \/>\n\t<meta property=\"og:image:height\" content=\"443\" \/>\n\t<meta property=\"og:image:type\" content=\"image\/jpeg\" \/>\n<meta name=\"author\" content=\"Developer\" \/>\n<meta name=\"twitter:card\" content=\"summary_large_image\" \/>\n<meta name=\"twitter:label1\" content=\"Written by\" \/>\n\t<meta name=\"twitter:data1\" content=\"Developer\" \/>\n\t<meta name=\"twitter:label2\" content=\"Est. reading time\" \/>\n\t<meta name=\"twitter:data2\" content=\"2 minutes\" \/>\n<script type=\"application\/ld+json\" class=\"yoast-schema-graph\">{\"@context\":\"https:\\\/\\\/schema.org\",\"@graph\":[{\"@type\":\"Article\",\"@id\":\"https:\\\/\\\/qtmm.org\\\/qt\\\/refat-cubarov-qirim-sevgisi-sergisi-ayret-ve-sevinc-menbasidir\\\/#article\",\"isPartOf\":{\"@id\":\"https:\\\/\\\/qtmm.org\\\/qt\\\/refat-cubarov-qirim-sevgisi-sergisi-ayret-ve-sevinc-menbasidir\\\/\"},\"author\":{\"name\":\"Developer\",\"@id\":\"https:\\\/\\\/qtmm.org\\\/qt\\\/#\\\/schema\\\/person\\\/de562469f971dec226ac06e60bbf74a7\"},\"headline\":\"Refat \u00c7ubarov: \u00abQ\u0131r\u0131m sevgisi\u00bb sergisi ayret ve sevin\u00e7 menbas\u0131d\u0131r\u00bb\",\"datePublished\":\"2014-01-15T13:37:00+00:00\",\"dateModified\":\"2022-01-27T13:40:24+00:00\",\"mainEntityOfPage\":{\"@id\":\"https:\\\/\\\/qtmm.org\\\/qt\\\/refat-cubarov-qirim-sevgisi-sergisi-ayret-ve-sevinc-menbasidir\\\/\"},\"wordCount\":360,\"commentCount\":0,\"publisher\":{\"@id\":\"https:\\\/\\\/qtmm.org\\\/qt\\\/#organization\"},\"image\":{\"@id\":\"https:\\\/\\\/qtmm.org\\\/qt\\\/refat-cubarov-qirim-sevgisi-sergisi-ayret-ve-sevinc-menbasidir\\\/#primaryimage\"},\"thumbnailUrl\":\"https:\\\/\\\/qtmm.org\\\/wp-content\\\/uploads\\\/2022\\\/01\\\/img_4200.jpeg\",\"articleSection\":[\"Haberler\"],\"inLanguage\":\"qt\",\"potentialAction\":[{\"@type\":\"CommentAction\",\"name\":\"Comment\",\"target\":[\"https:\\\/\\\/qtmm.org\\\/qt\\\/refat-cubarov-qirim-sevgisi-sergisi-ayret-ve-sevinc-menbasidir\\\/#respond\"]}]},{\"@type\":\"WebPage\",\"@id\":\"https:\\\/\\\/qtmm.org\\\/qt\\\/refat-cubarov-qirim-sevgisi-sergisi-ayret-ve-sevinc-menbasidir\\\/\",\"url\":\"https:\\\/\\\/qtmm.org\\\/qt\\\/refat-cubarov-qirim-sevgisi-sergisi-ayret-ve-sevinc-menbasidir\\\/\",\"name\":\"Refat \u00c7ubarov: \u00abQ\u0131r\u0131m sevgisi\u00bb sergisi ayret ve sevin\u00e7 menbas\u0131d\u0131r\u00bb - \u041c\u0435\u0434\u0436\u043b\u0456\u0441\",\"isPartOf\":{\"@id\":\"https:\\\/\\\/qtmm.org\\\/qt\\\/#website\"},\"primaryImageOfPage\":{\"@id\":\"https:\\\/\\\/qtmm.org\\\/qt\\\/refat-cubarov-qirim-sevgisi-sergisi-ayret-ve-sevinc-menbasidir\\\/#primaryimage\"},\"image\":{\"@id\":\"https:\\\/\\\/qtmm.org\\\/qt\\\/refat-cubarov-qirim-sevgisi-sergisi-ayret-ve-sevinc-menbasidir\\\/#primaryimage\"},\"thumbnailUrl\":\"https:\\\/\\\/qtmm.org\\\/wp-content\\\/uploads\\\/2022\\\/01\\\/img_4200.jpeg\",\"datePublished\":\"2014-01-15T13:37:00+00:00\",\"dateModified\":\"2022-01-27T13:40:24+00:00\",\"breadcrumb\":{\"@id\":\"https:\\\/\\\/qtmm.org\\\/qt\\\/refat-cubarov-qirim-sevgisi-sergisi-ayret-ve-sevinc-menbasidir\\\/#breadcrumb\"},\"inLanguage\":\"qt\",\"potentialAction\":[{\"@type\":\"ReadAction\",\"target\":[\"https:\\\/\\\/qtmm.org\\\/qt\\\/refat-cubarov-qirim-sevgisi-sergisi-ayret-ve-sevinc-menbasidir\\\/\"]}]},{\"@type\":\"ImageObject\",\"inLanguage\":\"qt\",\"@id\":\"https:\\\/\\\/qtmm.org\\\/qt\\\/refat-cubarov-qirim-sevgisi-sergisi-ayret-ve-sevinc-menbasidir\\\/#primaryimage\",\"url\":\"https:\\\/\\\/qtmm.org\\\/wp-content\\\/uploads\\\/2022\\\/01\\\/img_4200.jpeg\",\"contentUrl\":\"https:\\\/\\\/qtmm.org\\\/wp-content\\\/uploads\\\/2022\\\/01\\\/img_4200.jpeg\",\"width\":650,\"height\":443},{\"@type\":\"BreadcrumbList\",\"@id\":\"https:\\\/\\\/qtmm.org\\\/qt\\\/refat-cubarov-qirim-sevgisi-sergisi-ayret-ve-sevinc-menbasidir\\\/#breadcrumb\",\"itemListElement\":[{\"@type\":\"ListItem\",\"position\":1,\"name\":\"\u0413\u043e\u043b\u043e\u0432\u043d\u0430\",\"item\":\"https:\\\/\\\/qtmm.org\\\/qt\\\/\"},{\"@type\":\"ListItem\",\"position\":2,\"name\":\"Refat \u00c7ubarov: \u00abQ\u0131r\u0131m sevgisi\u00bb sergisi ayret ve sevin\u00e7 menbas\u0131d\u0131r\u00bb\"}]},{\"@type\":\"WebSite\",\"@id\":\"https:\\\/\\\/qtmm.org\\\/qt\\\/#website\",\"url\":\"https:\\\/\\\/qtmm.org\\\/qt\\\/\",\"name\":\"\u041c\u0435\u0434\u0436\u043b\u0456\u0441\",\"description\":\"\",\"publisher\":{\"@id\":\"https:\\\/\\\/qtmm.org\\\/qt\\\/#organization\"},\"potentialAction\":[{\"@type\":\"SearchAction\",\"target\":{\"@type\":\"EntryPoint\",\"urlTemplate\":\"https:\\\/\\\/qtmm.org\\\/qt\\\/?s={search_term_string}\"},\"query-input\":{\"@type\":\"PropertyValueSpecification\",\"valueRequired\":true,\"valueName\":\"search_term_string\"}}],\"inLanguage\":\"qt\"},{\"@type\":\"Organization\",\"@id\":\"https:\\\/\\\/qtmm.org\\\/qt\\\/#organization\",\"name\":\"\u041c\u0435\u0434\u0436\u043b\u0456\u0441\",\"url\":\"https:\\\/\\\/qtmm.org\\\/qt\\\/\",\"logo\":{\"@type\":\"ImageObject\",\"inLanguage\":\"qt\",\"@id\":\"https:\\\/\\\/qtmm.org\\\/qt\\\/#\\\/schema\\\/logo\\\/image\\\/\",\"url\":\"https:\\\/\\\/qtmm.org\\\/wp-content\\\/uploads\\\/2024\\\/12\\\/ua-mejlis-logo-rgb.svg\",\"contentUrl\":\"https:\\\/\\\/qtmm.org\\\/wp-content\\\/uploads\\\/2024\\\/12\\\/ua-mejlis-logo-rgb.svg\",\"caption\":\"\u041c\u0435\u0434\u0436\u043b\u0456\u0441\"},\"image\":{\"@id\":\"https:\\\/\\\/qtmm.org\\\/qt\\\/#\\\/schema\\\/logo\\\/image\\\/\"},\"sameAs\":[\"https:\\\/\\\/www.facebook.com\\\/qtmm.info\\\/\"]},{\"@type\":\"Person\",\"@id\":\"https:\\\/\\\/qtmm.org\\\/qt\\\/#\\\/schema\\\/person\\\/de562469f971dec226ac06e60bbf74a7\",\"name\":\"Developer\",\"image\":{\"@type\":\"ImageObject\",\"inLanguage\":\"qt\",\"@id\":\"https:\\\/\\\/secure.gravatar.com\\\/avatar\\\/392b4cc8fbfeb00b39dfeeab4ee6edded39ffd48e25858637e4765810300227e?s=96&d=mm&r=g\",\"url\":\"https:\\\/\\\/secure.gravatar.com\\\/avatar\\\/392b4cc8fbfeb00b39dfeeab4ee6edded39ffd48e25858637e4765810300227e?s=96&d=mm&r=g\",\"contentUrl\":\"https:\\\/\\\/secure.gravatar.com\\\/avatar\\\/392b4cc8fbfeb00b39dfeeab4ee6edded39ffd48e25858637e4765810300227e?s=96&d=mm&r=g\",\"caption\":\"Developer\"},\"url\":\"https:\\\/\\\/qtmm.org\\\/qt\\\/author\\\/Developer\\\/\"}]}<\/script>\n<!-- \/ Yoast SEO plugin. -->","yoast_head_json":{"title":"Refat \u00c7ubarov: \u00abQ\u0131r\u0131m sevgisi\u00bb sergisi ayret ve sevin\u00e7 menbas\u0131d\u0131r\u00bb - \u041c\u0435\u0434\u0436\u043b\u0456\u0441","robots":{"index":"index","follow":"follow","max-snippet":"max-snippet:-1","max-image-preview":"max-image-preview:large","max-video-preview":"max-video-preview:-1"},"canonical":"https:\/\/qtmm.org\/qt\/refat-cubarov-qirim-sevgisi-sergisi-ayret-ve-sevinc-menbasidir\/","og_locale":"en_US","og_type":"article","og_title":"Refat \u00c7ubarov: \u00abQ\u0131r\u0131m sevgisi\u00bb sergisi ayret ve sevin\u00e7 menbas\u0131d\u0131r\u00bb - \u041c\u0435\u0434\u0436\u043b\u0456\u0441","og_description":"2014 senesi yanvar 15 k\u00fcn\u00fc Aqmescitte &#8220;Q\u0131r\u0131m sevgisi&#8221; sergisi a\u00e7\u0131ld\u0131. Tedbir \u00e7e\u015fit janrlarda icat etken, q\u0131r\u0131mtatarlarn\u0131\u00f1 halq sanat\u0131na, yar\u0131madan\u0131\u00f1 unikal tarih\u0131 ve medeniyetine sevgi beslegen, \u00e7e\u015fit ya\u015f ve \u00e7e\u015fit milletlerge mens\u00fcp ressamlarn\u0131\u00f1 te\u015febb\u00fcsi ile te\u015fkil etildi. &#8220;Q\u0131r\u0131m \u00fcsl\u00fcbi&#8221; leyhas\u0131 \u00e7er\u00e7ivesinde a\u00e7\u0131l\u011fan sergi te\u015fkil\u00e2t\u00e7\u0131lar\u0131n\u0131\u00f1 bildirgenine k\u00f6re Q\u0131r\u0131mn\u0131\u00f1 tarih\u0131 ve medeniyetine sevgi ve meraq olar\u011fa bug\u00fcnki \u015faraitlerde [&hellip;]","og_url":"https:\/\/qtmm.org\/qt\/refat-cubarov-qirim-sevgisi-sergisi-ayret-ve-sevinc-menbasidir\/","og_site_name":"\u041c\u0435\u0434\u0436\u043b\u0456\u0441","article_publisher":"https:\/\/www.facebook.com\/qtmm.info\/","article_published_time":"2014-01-15T13:37:00+00:00","article_modified_time":"2022-01-27T13:40:24+00:00","og_image":[{"width":650,"height":443,"url":"https:\/\/qtmm.org\/wp-content\/uploads\/2022\/01\/img_4200.jpeg","type":"image\/jpeg"}],"author":"Developer","twitter_card":"summary_large_image","twitter_misc":{"Written by":"Developer","Est. reading time":"2 minutes"},"schema":{"@context":"https:\/\/schema.org","@graph":[{"@type":"Article","@id":"https:\/\/qtmm.org\/qt\/refat-cubarov-qirim-sevgisi-sergisi-ayret-ve-sevinc-menbasidir\/#article","isPartOf":{"@id":"https:\/\/qtmm.org\/qt\/refat-cubarov-qirim-sevgisi-sergisi-ayret-ve-sevinc-menbasidir\/"},"author":{"name":"Developer","@id":"https:\/\/qtmm.org\/qt\/#\/schema\/person\/de562469f971dec226ac06e60bbf74a7"},"headline":"Refat \u00c7ubarov: \u00abQ\u0131r\u0131m sevgisi\u00bb sergisi ayret ve sevin\u00e7 menbas\u0131d\u0131r\u00bb","datePublished":"2014-01-15T13:37:00+00:00","dateModified":"2022-01-27T13:40:24+00:00","mainEntityOfPage":{"@id":"https:\/\/qtmm.org\/qt\/refat-cubarov-qirim-sevgisi-sergisi-ayret-ve-sevinc-menbasidir\/"},"wordCount":360,"commentCount":0,"publisher":{"@id":"https:\/\/qtmm.org\/qt\/#organization"},"image":{"@id":"https:\/\/qtmm.org\/qt\/refat-cubarov-qirim-sevgisi-sergisi-ayret-ve-sevinc-menbasidir\/#primaryimage"},"thumbnailUrl":"https:\/\/qtmm.org\/wp-content\/uploads\/2022\/01\/img_4200.jpeg","articleSection":["Haberler"],"inLanguage":"qt","potentialAction":[{"@type":"CommentAction","name":"Comment","target":["https:\/\/qtmm.org\/qt\/refat-cubarov-qirim-sevgisi-sergisi-ayret-ve-sevinc-menbasidir\/#respond"]}]},{"@type":"WebPage","@id":"https:\/\/qtmm.org\/qt\/refat-cubarov-qirim-sevgisi-sergisi-ayret-ve-sevinc-menbasidir\/","url":"https:\/\/qtmm.org\/qt\/refat-cubarov-qirim-sevgisi-sergisi-ayret-ve-sevinc-menbasidir\/","name":"Refat \u00c7ubarov: \u00abQ\u0131r\u0131m sevgisi\u00bb sergisi ayret ve sevin\u00e7 menbas\u0131d\u0131r\u00bb - \u041c\u0435\u0434\u0436\u043b\u0456\u0441","isPartOf":{"@id":"https:\/\/qtmm.org\/qt\/#website"},"primaryImageOfPage":{"@id":"https:\/\/qtmm.org\/qt\/refat-cubarov-qirim-sevgisi-sergisi-ayret-ve-sevinc-menbasidir\/#primaryimage"},"image":{"@id":"https:\/\/qtmm.org\/qt\/refat-cubarov-qirim-sevgisi-sergisi-ayret-ve-sevinc-menbasidir\/#primaryimage"},"thumbnailUrl":"https:\/\/qtmm.org\/wp-content\/uploads\/2022\/01\/img_4200.jpeg","datePublished":"2014-01-15T13:37:00+00:00","dateModified":"2022-01-27T13:40:24+00:00","breadcrumb":{"@id":"https:\/\/qtmm.org\/qt\/refat-cubarov-qirim-sevgisi-sergisi-ayret-ve-sevinc-menbasidir\/#breadcrumb"},"inLanguage":"qt","potentialAction":[{"@type":"ReadAction","target":["https:\/\/qtmm.org\/qt\/refat-cubarov-qirim-sevgisi-sergisi-ayret-ve-sevinc-menbasidir\/"]}]},{"@type":"ImageObject","inLanguage":"qt","@id":"https:\/\/qtmm.org\/qt\/refat-cubarov-qirim-sevgisi-sergisi-ayret-ve-sevinc-menbasidir\/#primaryimage","url":"https:\/\/qtmm.org\/wp-content\/uploads\/2022\/01\/img_4200.jpeg","contentUrl":"https:\/\/qtmm.org\/wp-content\/uploads\/2022\/01\/img_4200.jpeg","width":650,"height":443},{"@type":"BreadcrumbList","@id":"https:\/\/qtmm.org\/qt\/refat-cubarov-qirim-sevgisi-sergisi-ayret-ve-sevinc-menbasidir\/#breadcrumb","itemListElement":[{"@type":"ListItem","position":1,"name":"\u0413\u043e\u043b\u043e\u0432\u043d\u0430","item":"https:\/\/qtmm.org\/qt\/"},{"@type":"ListItem","position":2,"name":"Refat \u00c7ubarov: \u00abQ\u0131r\u0131m sevgisi\u00bb sergisi ayret ve sevin\u00e7 menbas\u0131d\u0131r\u00bb"}]},{"@type":"WebSite","@id":"https:\/\/qtmm.org\/qt\/#website","url":"https:\/\/qtmm.org\/qt\/","name":"\u041c\u0435\u0434\u0436\u043b\u0456\u0441","description":"","publisher":{"@id":"https:\/\/qtmm.org\/qt\/#organization"},"potentialAction":[{"@type":"SearchAction","target":{"@type":"EntryPoint","urlTemplate":"https:\/\/qtmm.org\/qt\/?s={search_term_string}"},"query-input":{"@type":"PropertyValueSpecification","valueRequired":true,"valueName":"search_term_string"}}],"inLanguage":"qt"},{"@type":"Organization","@id":"https:\/\/qtmm.org\/qt\/#organization","name":"\u041c\u0435\u0434\u0436\u043b\u0456\u0441","url":"https:\/\/qtmm.org\/qt\/","logo":{"@type":"ImageObject","inLanguage":"qt","@id":"https:\/\/qtmm.org\/qt\/#\/schema\/logo\/image\/","url":"https:\/\/qtmm.org\/wp-content\/uploads\/2024\/12\/ua-mejlis-logo-rgb.svg","contentUrl":"https:\/\/qtmm.org\/wp-content\/uploads\/2024\/12\/ua-mejlis-logo-rgb.svg","caption":"\u041c\u0435\u0434\u0436\u043b\u0456\u0441"},"image":{"@id":"https:\/\/qtmm.org\/qt\/#\/schema\/logo\/image\/"},"sameAs":["https:\/\/www.facebook.com\/qtmm.info\/"]},{"@type":"Person","@id":"https:\/\/qtmm.org\/qt\/#\/schema\/person\/de562469f971dec226ac06e60bbf74a7","name":"Developer","image":{"@type":"ImageObject","inLanguage":"qt","@id":"https:\/\/secure.gravatar.com\/avatar\/392b4cc8fbfeb00b39dfeeab4ee6edded39ffd48e25858637e4765810300227e?s=96&d=mm&r=g","url":"https:\/\/secure.gravatar.com\/avatar\/392b4cc8fbfeb00b39dfeeab4ee6edded39ffd48e25858637e4765810300227e?s=96&d=mm&r=g","contentUrl":"https:\/\/secure.gravatar.com\/avatar\/392b4cc8fbfeb00b39dfeeab4ee6edded39ffd48e25858637e4765810300227e?s=96&d=mm&r=g","caption":"Developer"},"url":"https:\/\/qtmm.org\/qt\/author\/Developer\/"}]}},"_links":{"self":[{"href":"https:\/\/qtmm.org\/qt\/wp-json\/wp\/v2\/posts\/42473","targetHints":{"allow":["GET"]}}],"collection":[{"href":"https:\/\/qtmm.org\/qt\/wp-json\/wp\/v2\/posts"}],"about":[{"href":"https:\/\/qtmm.org\/qt\/wp-json\/wp\/v2\/types\/post"}],"author":[{"embeddable":true,"href":"https:\/\/qtmm.org\/qt\/wp-json\/wp\/v2\/users\/1"}],"replies":[{"embeddable":true,"href":"https:\/\/qtmm.org\/qt\/wp-json\/wp\/v2\/comments?post=42473"}],"version-history":[{"count":1,"href":"https:\/\/qtmm.org\/qt\/wp-json\/wp\/v2\/posts\/42473\/revisions"}],"predecessor-version":[{"id":42506,"href":"https:\/\/qtmm.org\/qt\/wp-json\/wp\/v2\/posts\/42473\/revisions\/42506"}],"wp:featuredmedia":[{"embeddable":true,"href":"https:\/\/qtmm.org\/qt\/wp-json\/wp\/v2\/media\/42474"}],"wp:attachment":[{"href":"https:\/\/qtmm.org\/qt\/wp-json\/wp\/v2\/media?parent=42473"}],"wp:term":[{"taxonomy":"category","embeddable":true,"href":"https:\/\/qtmm.org\/qt\/wp-json\/wp\/v2\/categories?post=42473"},{"taxonomy":"post_tag","embeddable":true,"href":"https:\/\/qtmm.org\/qt\/wp-json\/wp\/v2\/tags?post=42473"}],"curies":[{"name":"wp","href":"https:\/\/api.w.org\/{rel}","templated":true}]}}