




{"id":42467,"date":"2014-01-15T16:35:00","date_gmt":"2014-01-15T13:35:00","guid":{"rendered":"http:\/\/qtmm.org\/?p=42467"},"modified":"2022-01-27T16:37:07","modified_gmt":"2022-01-27T13:37:07","slug":"bagcasarayda-devlet-saray-memuriy-medeniy-merkezi-meydanga-ketirilecek","status":"publish","type":"post","link":"https:\/\/qtmm.org\/qt\/bagcasarayda-devlet-saray-memuriy-medeniy-merkezi-meydanga-ketirilecek\/","title":{"rendered":"Ba\u011f\u00e7asarayda \u00abDevlet-Saray\u00bb memuriy-medeniy merkezi meydan\u011fa ketirilecek"},"content":{"rendered":"\n<p>2014 senesi yanvar 13 k\u00fcn\u00fc Ba\u011f\u00e7asarayda Meclis yolba\u015f\u00e7\u0131lar\u0131 taraf\u0131ndan te\u015fkil\u00e2tland\u0131r\u0131l\u011fan q\u0131r\u0131mtatar halq\u0131 tarih\u0131 ve medeniyeti yadik\u00e2rl\u0131qlar\u0131n\u0131\u00f1 vaziyeti boyunca topla\u015fuv \u00f6tkerildi.<\/p>\n\n\n\n<p>Onda Ukraina halq deputat\u0131 Mustafa Cemilev, Q\u0131r\u0131m musulmanlar\u0131n\u0131\u00f1 m\u00fcftisi haci Emirali Ablayev, Ba\u011f\u00e7asaray regional meclis azalar\u0131, &#8220;Q\u0131r\u0131m&#8221; fond\u0131&#8221; hayriye te\u015fkil\u00e2t\u0131n\u0131\u00f1 direktolr\u0131 Riza \u015eevqiyev, &#8220;Lari\u015fes&#8221; Q\u0131r\u0131m tarihiy m\u00fczeyini\u00f1 quruc\u0131s\u0131 G\u00fclliver Altin i\u015ftirak ettiler.<\/p>\n\n\n\n<p>K\u00f6r\u00fc\u015f\u00fcv devam\u0131nda &#8220;Q\u0131r\u0131m fond\u0131&#8221; taraf\u0131ndan i\u015flenilgen &#8220;Devlet-Saray&#8221; memuriy-medeniy merkezini\u00f1 leyhas\u0131 tafsil\u00e2tl\u0131 muzakere etildi.<\/p>\n\n\n\n<p>Mezk\u00fcr leyha \u0130smail Gasprinskiyni\u00f1 ad\u0131nen ba\u011fl\u0131 tarihiy binada &#8220;Lari\u015fes&#8221; tarihiy m\u00fczey, mu\u015favereler salon\u0131, resmiy delegatsiyalarn\u0131 qabul et\u00fcv salon\u0131, bun\u0131\u00f1 kibi de Q\u0131r\u0131m musulmanlar\u0131 diniy idaresi ve &#8220;Q\u0131r\u0131m fond\u0131n\u0131\u00f1&#8221; memuriy odalar\u0131n\u0131 k\u00f6zde tuta.<\/p>\n\n\n\n<p>\u0130\u015fbu leyhan\u0131\u00f1 amelge ke\u00e7irilmesi q\u0131r\u0131mtatar halq\u0131 s\u00fcrg\u00fcnligini\u00f1 70 y\u0131ll\u0131\u011f\u0131na bir s\u0131ra tedbirlerni y\u00fcksek seviyede \u00f6tkermek, ukrain ve \u00e7etel delegatsiyalar\u0131n\u0131\u00f1 k\u00f6r\u00fc\u015f\u00fcvlerini informatsion ve te\u015fkil\u00e2tiy ceetten teminlemek, keni\u015f cemaat\u00e7\u0131l\u0131qn\u0131\u00f1 diqqat\u0131n\u0131 q\u0131r\u0131mtatarlarn\u0131\u00f1 tarihiy merkezi ol\u011fan Ba\u011f\u00e7asaray\u011fa celp etmek imk\u00e2n\u0131n\u0131 berecek.<\/p>\n\n\n\n<p>Memuriy-medeniy merkezni meydan\u011fa ketirmek \u011fayesini ker\u00e7ekle\u015ftirmek i\u00e7\u00fcn &#8220;Q\u0131r\u0131m fond\u0131&#8221; bir s\u0131ra i\u015f adamlar\u0131na muracaat etti. Bug\u00fcnde-bug\u00fcn bu leyha\u011fa Meclis reisini\u00f1 muavini Aslan \u00d6mer K\u0131r\u0131ml\u0131 qoltutma\u011fa raz\u0131 old\u0131.<\/p>\n\n\n\n<p>Tamir i\u015fleri \u015fu seneni\u00f1 yanvar ay\u0131nda ba\u015flanaca\u011f\u0131 beklenilmekte.<\/p>\n\n\n\n<p><em><strong>Mal\u00fcmat i\u00e7\u00fcn<\/strong><\/em>:\u00a0<em>&#8220;Devlet-Saray&#8221; medeniy kompleksi Ba\u011f\u00e7asarayn\u0131\u00f1 Sala\u00e7\u0131q maallesinde, Q\u0131r\u0131m hanl\u0131\u011f\u0131n\u0131\u00f1 birinci paytaht\u0131n\u0131\u00f1 saray\u0131 ol\u011fan Q\u0131rq yerde yerle\u015fkendir. Saray kompleksinden bug\u00fcnde-bug\u00fcn Mengli Geray hann\u0131\u00f1 ailesine mens\u00fcp on sekiz can, \u015fu c\u00fcmleden Haci Geray da defn etilgen d\u00fcrbe k\u00f6r\u00fcnmekte. D\u00fcrbe yan\u0131nda 15-nci as\u0131r\u011fa ait cami binas\u0131 bar. Bu yerde Q\u0131r\u0131mda saqlan\u0131p qal\u011fan yek\u00e2ne oquv m\u00fcessisesi &#8220;Z\u0131nc\u0131rl\u0131&#8221; medresesi de tura. Q\u0131r\u0131m hanl\u0131\u011f\u0131n\u0131\u00f1 in\u015faatlar\u0131ndan \u011fayr\u0131 bu yerde q\u0131r\u0131mtatarlarn\u0131\u00f1 ulu m\u00fctefekkiri, yaz\u0131c\u0131, na\u015f\u0131r \u0130. Gasprinskiy (1851-1914), Amet \u00d6zenba\u015fl\u0131 qabirleri ve bun\u0131\u00f1 kibi de Z\u0131nc\u0131rl\u0131 medreseni\u00f1 ya\u00f1\u0131 (1909) binas\u0131 da bulunmaqta<\/em><\/p>\n","protected":false},"excerpt":{"rendered":"<p>2014 senesi yanvar 13 k\u00fcn\u00fc Ba\u011f\u00e7asarayda Meclis yolba\u015f\u00e7\u0131lar\u0131 taraf\u0131ndan te\u015fkil\u00e2tland\u0131r\u0131l\u011fan q\u0131r\u0131mtatar halq\u0131 tarih\u0131 ve medeniyeti yadik\u00e2rl\u0131qlar\u0131n\u0131\u00f1 vaziyeti boyunca topla\u015fuv \u00f6tkerildi. Onda Ukraina halq deputat\u0131 Mustafa Cemilev, Q\u0131r\u0131m musulmanlar\u0131n\u0131\u00f1 m\u00fcftisi haci Emirali Ablayev, Ba\u011f\u00e7asaray regional meclis azalar\u0131, &#8220;Q\u0131r\u0131m&#8221; fond\u0131&#8221; hayriye te\u015fkil\u00e2t\u0131n\u0131\u00f1 direktolr\u0131 Riza \u015eevqiyev, &#8220;Lari\u015fes&#8221; Q\u0131r\u0131m tarihiy m\u00fczeyini\u00f1 quruc\u0131s\u0131 G\u00fclliver Altin i\u015ftirak ettiler. K\u00f6r\u00fc\u015f\u00fcv devam\u0131nda &#8220;Q\u0131r\u0131m [&hellip;]<\/p>\n","protected":false},"author":1,"featured_media":42468,"comment_status":"open","ping_status":"open","sticky":false,"template":"","format":"standard","meta":{"inline_featured_image":false,"footnotes":""},"categories":[265],"tags":[],"class_list":["post-42467","post","type-post","status-publish","format-standard","has-post-thumbnail","hentry","category-haberler"],"acf":[],"yoast_head":"<!-- This site is optimized with the Yoast SEO plugin v27.4 - https:\/\/yoast.com\/product\/yoast-seo-wordpress\/ -->\n<title>Ba\u011f\u00e7asarayda \u00abDevlet-Saray\u00bb memuriy-medeniy merkezi meydan\u011fa ketirilecek - \u041c\u0435\u0434\u0436\u043b\u0456\u0441<\/title>\n<meta name=\"robots\" content=\"index, follow, max-snippet:-1, max-image-preview:large, max-video-preview:-1\" \/>\n<link rel=\"canonical\" href=\"https:\/\/qtmm.org\/qt\/bagcasarayda-devlet-saray-memuriy-medeniy-merkezi-meydanga-ketirilecek\/\" \/>\n<meta property=\"og:locale\" content=\"en_US\" \/>\n<meta property=\"og:type\" content=\"article\" \/>\n<meta property=\"og:title\" content=\"Ba\u011f\u00e7asarayda \u00abDevlet-Saray\u00bb memuriy-medeniy merkezi meydan\u011fa ketirilecek - \u041c\u0435\u0434\u0436\u043b\u0456\u0441\" \/>\n<meta property=\"og:description\" content=\"2014 senesi yanvar 13 k\u00fcn\u00fc Ba\u011f\u00e7asarayda Meclis yolba\u015f\u00e7\u0131lar\u0131 taraf\u0131ndan te\u015fkil\u00e2tland\u0131r\u0131l\u011fan q\u0131r\u0131mtatar halq\u0131 tarih\u0131 ve medeniyeti yadik\u00e2rl\u0131qlar\u0131n\u0131\u00f1 vaziyeti boyunca topla\u015fuv \u00f6tkerildi. Onda Ukraina halq deputat\u0131 Mustafa Cemilev, Q\u0131r\u0131m musulmanlar\u0131n\u0131\u00f1 m\u00fcftisi haci Emirali Ablayev, Ba\u011f\u00e7asaray regional meclis azalar\u0131, &#8220;Q\u0131r\u0131m&#8221; fond\u0131&#8221; hayriye te\u015fkil\u00e2t\u0131n\u0131\u00f1 direktolr\u0131 Riza \u015eevqiyev, &#8220;Lari\u015fes&#8221; Q\u0131r\u0131m tarihiy m\u00fczeyini\u00f1 quruc\u0131s\u0131 G\u00fclliver Altin i\u015ftirak ettiler. K\u00f6r\u00fc\u015f\u00fcv devam\u0131nda &#8220;Q\u0131r\u0131m [&hellip;]\" \/>\n<meta property=\"og:url\" content=\"https:\/\/qtmm.org\/qt\/bagcasarayda-devlet-saray-memuriy-medeniy-merkezi-meydanga-ketirilecek\/\" \/>\n<meta property=\"og:site_name\" content=\"\u041c\u0435\u0434\u0436\u043b\u0456\u0441\" \/>\n<meta property=\"article:publisher\" content=\"https:\/\/www.facebook.com\/qtmm.info\/\" \/>\n<meta property=\"article:published_time\" content=\"2014-01-15T13:35:00+00:00\" \/>\n<meta property=\"article:modified_time\" content=\"2022-01-27T13:37:07+00:00\" \/>\n<meta property=\"og:image\" content=\"https:\/\/qtmm.org\/wp-content\/uploads\/2022\/01\/larishes_2.jpeg\" \/>\n\t<meta property=\"og:image:width\" content=\"650\" \/>\n\t<meta property=\"og:image:height\" content=\"435\" \/>\n\t<meta property=\"og:image:type\" content=\"image\/jpeg\" \/>\n<meta name=\"author\" content=\"Developer\" \/>\n<meta name=\"twitter:card\" content=\"summary_large_image\" \/>\n<meta name=\"twitter:label1\" content=\"Written by\" \/>\n\t<meta name=\"twitter:data1\" content=\"Developer\" \/>\n\t<meta name=\"twitter:label2\" content=\"Est. reading time\" \/>\n\t<meta name=\"twitter:data2\" content=\"2 minutes\" \/>\n<script type=\"application\/ld+json\" class=\"yoast-schema-graph\">{\"@context\":\"https:\\\/\\\/schema.org\",\"@graph\":[{\"@type\":\"Article\",\"@id\":\"https:\\\/\\\/qtmm.org\\\/qt\\\/bagcasarayda-devlet-saray-memuriy-medeniy-merkezi-meydanga-ketirilecek\\\/#article\",\"isPartOf\":{\"@id\":\"https:\\\/\\\/qtmm.org\\\/qt\\\/bagcasarayda-devlet-saray-memuriy-medeniy-merkezi-meydanga-ketirilecek\\\/\"},\"author\":{\"name\":\"Developer\",\"@id\":\"https:\\\/\\\/qtmm.org\\\/qt\\\/#\\\/schema\\\/person\\\/de562469f971dec226ac06e60bbf74a7\"},\"headline\":\"Ba\u011f\u00e7asarayda \u00abDevlet-Saray\u00bb memuriy-medeniy merkezi meydan\u011fa ketirilecek\",\"datePublished\":\"2014-01-15T13:35:00+00:00\",\"dateModified\":\"2022-01-27T13:37:07+00:00\",\"mainEntityOfPage\":{\"@id\":\"https:\\\/\\\/qtmm.org\\\/qt\\\/bagcasarayda-devlet-saray-memuriy-medeniy-merkezi-meydanga-ketirilecek\\\/\"},\"wordCount\":395,\"commentCount\":0,\"publisher\":{\"@id\":\"https:\\\/\\\/qtmm.org\\\/qt\\\/#organization\"},\"image\":{\"@id\":\"https:\\\/\\\/qtmm.org\\\/qt\\\/bagcasarayda-devlet-saray-memuriy-medeniy-merkezi-meydanga-ketirilecek\\\/#primaryimage\"},\"thumbnailUrl\":\"https:\\\/\\\/qtmm.org\\\/wp-content\\\/uploads\\\/2022\\\/01\\\/larishes_2.jpeg\",\"articleSection\":[\"Haberler\"],\"inLanguage\":\"qt\",\"potentialAction\":[{\"@type\":\"CommentAction\",\"name\":\"Comment\",\"target\":[\"https:\\\/\\\/qtmm.org\\\/qt\\\/bagcasarayda-devlet-saray-memuriy-medeniy-merkezi-meydanga-ketirilecek\\\/#respond\"]}]},{\"@type\":\"WebPage\",\"@id\":\"https:\\\/\\\/qtmm.org\\\/qt\\\/bagcasarayda-devlet-saray-memuriy-medeniy-merkezi-meydanga-ketirilecek\\\/\",\"url\":\"https:\\\/\\\/qtmm.org\\\/qt\\\/bagcasarayda-devlet-saray-memuriy-medeniy-merkezi-meydanga-ketirilecek\\\/\",\"name\":\"Ba\u011f\u00e7asarayda \u00abDevlet-Saray\u00bb memuriy-medeniy merkezi meydan\u011fa ketirilecek - \u041c\u0435\u0434\u0436\u043b\u0456\u0441\",\"isPartOf\":{\"@id\":\"https:\\\/\\\/qtmm.org\\\/qt\\\/#website\"},\"primaryImageOfPage\":{\"@id\":\"https:\\\/\\\/qtmm.org\\\/qt\\\/bagcasarayda-devlet-saray-memuriy-medeniy-merkezi-meydanga-ketirilecek\\\/#primaryimage\"},\"image\":{\"@id\":\"https:\\\/\\\/qtmm.org\\\/qt\\\/bagcasarayda-devlet-saray-memuriy-medeniy-merkezi-meydanga-ketirilecek\\\/#primaryimage\"},\"thumbnailUrl\":\"https:\\\/\\\/qtmm.org\\\/wp-content\\\/uploads\\\/2022\\\/01\\\/larishes_2.jpeg\",\"datePublished\":\"2014-01-15T13:35:00+00:00\",\"dateModified\":\"2022-01-27T13:37:07+00:00\",\"breadcrumb\":{\"@id\":\"https:\\\/\\\/qtmm.org\\\/qt\\\/bagcasarayda-devlet-saray-memuriy-medeniy-merkezi-meydanga-ketirilecek\\\/#breadcrumb\"},\"inLanguage\":\"qt\",\"potentialAction\":[{\"@type\":\"ReadAction\",\"target\":[\"https:\\\/\\\/qtmm.org\\\/qt\\\/bagcasarayda-devlet-saray-memuriy-medeniy-merkezi-meydanga-ketirilecek\\\/\"]}]},{\"@type\":\"ImageObject\",\"inLanguage\":\"qt\",\"@id\":\"https:\\\/\\\/qtmm.org\\\/qt\\\/bagcasarayda-devlet-saray-memuriy-medeniy-merkezi-meydanga-ketirilecek\\\/#primaryimage\",\"url\":\"https:\\\/\\\/qtmm.org\\\/wp-content\\\/uploads\\\/2022\\\/01\\\/larishes_2.jpeg\",\"contentUrl\":\"https:\\\/\\\/qtmm.org\\\/wp-content\\\/uploads\\\/2022\\\/01\\\/larishes_2.jpeg\",\"width\":650,\"height\":435},{\"@type\":\"BreadcrumbList\",\"@id\":\"https:\\\/\\\/qtmm.org\\\/qt\\\/bagcasarayda-devlet-saray-memuriy-medeniy-merkezi-meydanga-ketirilecek\\\/#breadcrumb\",\"itemListElement\":[{\"@type\":\"ListItem\",\"position\":1,\"name\":\"\u0413\u043e\u043b\u043e\u0432\u043d\u0430\",\"item\":\"https:\\\/\\\/qtmm.org\\\/qt\\\/\"},{\"@type\":\"ListItem\",\"position\":2,\"name\":\"Ba\u011f\u00e7asarayda \u00abDevlet-Saray\u00bb memuriy-medeniy merkezi meydan\u011fa ketirilecek\"}]},{\"@type\":\"WebSite\",\"@id\":\"https:\\\/\\\/qtmm.org\\\/qt\\\/#website\",\"url\":\"https:\\\/\\\/qtmm.org\\\/qt\\\/\",\"name\":\"\u041c\u0435\u0434\u0436\u043b\u0456\u0441\",\"description\":\"\",\"publisher\":{\"@id\":\"https:\\\/\\\/qtmm.org\\\/qt\\\/#organization\"},\"potentialAction\":[{\"@type\":\"SearchAction\",\"target\":{\"@type\":\"EntryPoint\",\"urlTemplate\":\"https:\\\/\\\/qtmm.org\\\/qt\\\/?s={search_term_string}\"},\"query-input\":{\"@type\":\"PropertyValueSpecification\",\"valueRequired\":true,\"valueName\":\"search_term_string\"}}],\"inLanguage\":\"qt\"},{\"@type\":\"Organization\",\"@id\":\"https:\\\/\\\/qtmm.org\\\/qt\\\/#organization\",\"name\":\"\u041c\u0435\u0434\u0436\u043b\u0456\u0441\",\"url\":\"https:\\\/\\\/qtmm.org\\\/qt\\\/\",\"logo\":{\"@type\":\"ImageObject\",\"inLanguage\":\"qt\",\"@id\":\"https:\\\/\\\/qtmm.org\\\/qt\\\/#\\\/schema\\\/logo\\\/image\\\/\",\"url\":\"https:\\\/\\\/qtmm.org\\\/wp-content\\\/uploads\\\/2024\\\/12\\\/ua-mejlis-logo-rgb.svg\",\"contentUrl\":\"https:\\\/\\\/qtmm.org\\\/wp-content\\\/uploads\\\/2024\\\/12\\\/ua-mejlis-logo-rgb.svg\",\"caption\":\"\u041c\u0435\u0434\u0436\u043b\u0456\u0441\"},\"image\":{\"@id\":\"https:\\\/\\\/qtmm.org\\\/qt\\\/#\\\/schema\\\/logo\\\/image\\\/\"},\"sameAs\":[\"https:\\\/\\\/www.facebook.com\\\/qtmm.info\\\/\"]},{\"@type\":\"Person\",\"@id\":\"https:\\\/\\\/qtmm.org\\\/qt\\\/#\\\/schema\\\/person\\\/de562469f971dec226ac06e60bbf74a7\",\"name\":\"Developer\",\"image\":{\"@type\":\"ImageObject\",\"inLanguage\":\"qt\",\"@id\":\"https:\\\/\\\/secure.gravatar.com\\\/avatar\\\/392b4cc8fbfeb00b39dfeeab4ee6edded39ffd48e25858637e4765810300227e?s=96&d=mm&r=g\",\"url\":\"https:\\\/\\\/secure.gravatar.com\\\/avatar\\\/392b4cc8fbfeb00b39dfeeab4ee6edded39ffd48e25858637e4765810300227e?s=96&d=mm&r=g\",\"contentUrl\":\"https:\\\/\\\/secure.gravatar.com\\\/avatar\\\/392b4cc8fbfeb00b39dfeeab4ee6edded39ffd48e25858637e4765810300227e?s=96&d=mm&r=g\",\"caption\":\"Developer\"},\"url\":\"https:\\\/\\\/qtmm.org\\\/qt\\\/author\\\/Developer\\\/\"}]}<\/script>\n<!-- \/ Yoast SEO plugin. -->","yoast_head_json":{"title":"Ba\u011f\u00e7asarayda \u00abDevlet-Saray\u00bb memuriy-medeniy merkezi meydan\u011fa ketirilecek - \u041c\u0435\u0434\u0436\u043b\u0456\u0441","robots":{"index":"index","follow":"follow","max-snippet":"max-snippet:-1","max-image-preview":"max-image-preview:large","max-video-preview":"max-video-preview:-1"},"canonical":"https:\/\/qtmm.org\/qt\/bagcasarayda-devlet-saray-memuriy-medeniy-merkezi-meydanga-ketirilecek\/","og_locale":"en_US","og_type":"article","og_title":"Ba\u011f\u00e7asarayda \u00abDevlet-Saray\u00bb memuriy-medeniy merkezi meydan\u011fa ketirilecek - \u041c\u0435\u0434\u0436\u043b\u0456\u0441","og_description":"2014 senesi yanvar 13 k\u00fcn\u00fc Ba\u011f\u00e7asarayda Meclis yolba\u015f\u00e7\u0131lar\u0131 taraf\u0131ndan te\u015fkil\u00e2tland\u0131r\u0131l\u011fan q\u0131r\u0131mtatar halq\u0131 tarih\u0131 ve medeniyeti yadik\u00e2rl\u0131qlar\u0131n\u0131\u00f1 vaziyeti boyunca topla\u015fuv \u00f6tkerildi. Onda Ukraina halq deputat\u0131 Mustafa Cemilev, Q\u0131r\u0131m musulmanlar\u0131n\u0131\u00f1 m\u00fcftisi haci Emirali Ablayev, Ba\u011f\u00e7asaray regional meclis azalar\u0131, &#8220;Q\u0131r\u0131m&#8221; fond\u0131&#8221; hayriye te\u015fkil\u00e2t\u0131n\u0131\u00f1 direktolr\u0131 Riza \u015eevqiyev, &#8220;Lari\u015fes&#8221; Q\u0131r\u0131m tarihiy m\u00fczeyini\u00f1 quruc\u0131s\u0131 G\u00fclliver Altin i\u015ftirak ettiler. K\u00f6r\u00fc\u015f\u00fcv devam\u0131nda &#8220;Q\u0131r\u0131m [&hellip;]","og_url":"https:\/\/qtmm.org\/qt\/bagcasarayda-devlet-saray-memuriy-medeniy-merkezi-meydanga-ketirilecek\/","og_site_name":"\u041c\u0435\u0434\u0436\u043b\u0456\u0441","article_publisher":"https:\/\/www.facebook.com\/qtmm.info\/","article_published_time":"2014-01-15T13:35:00+00:00","article_modified_time":"2022-01-27T13:37:07+00:00","og_image":[{"width":650,"height":435,"url":"https:\/\/qtmm.org\/wp-content\/uploads\/2022\/01\/larishes_2.jpeg","type":"image\/jpeg"}],"author":"Developer","twitter_card":"summary_large_image","twitter_misc":{"Written by":"Developer","Est. reading time":"2 minutes"},"schema":{"@context":"https:\/\/schema.org","@graph":[{"@type":"Article","@id":"https:\/\/qtmm.org\/qt\/bagcasarayda-devlet-saray-memuriy-medeniy-merkezi-meydanga-ketirilecek\/#article","isPartOf":{"@id":"https:\/\/qtmm.org\/qt\/bagcasarayda-devlet-saray-memuriy-medeniy-merkezi-meydanga-ketirilecek\/"},"author":{"name":"Developer","@id":"https:\/\/qtmm.org\/qt\/#\/schema\/person\/de562469f971dec226ac06e60bbf74a7"},"headline":"Ba\u011f\u00e7asarayda \u00abDevlet-Saray\u00bb memuriy-medeniy merkezi meydan\u011fa ketirilecek","datePublished":"2014-01-15T13:35:00+00:00","dateModified":"2022-01-27T13:37:07+00:00","mainEntityOfPage":{"@id":"https:\/\/qtmm.org\/qt\/bagcasarayda-devlet-saray-memuriy-medeniy-merkezi-meydanga-ketirilecek\/"},"wordCount":395,"commentCount":0,"publisher":{"@id":"https:\/\/qtmm.org\/qt\/#organization"},"image":{"@id":"https:\/\/qtmm.org\/qt\/bagcasarayda-devlet-saray-memuriy-medeniy-merkezi-meydanga-ketirilecek\/#primaryimage"},"thumbnailUrl":"https:\/\/qtmm.org\/wp-content\/uploads\/2022\/01\/larishes_2.jpeg","articleSection":["Haberler"],"inLanguage":"qt","potentialAction":[{"@type":"CommentAction","name":"Comment","target":["https:\/\/qtmm.org\/qt\/bagcasarayda-devlet-saray-memuriy-medeniy-merkezi-meydanga-ketirilecek\/#respond"]}]},{"@type":"WebPage","@id":"https:\/\/qtmm.org\/qt\/bagcasarayda-devlet-saray-memuriy-medeniy-merkezi-meydanga-ketirilecek\/","url":"https:\/\/qtmm.org\/qt\/bagcasarayda-devlet-saray-memuriy-medeniy-merkezi-meydanga-ketirilecek\/","name":"Ba\u011f\u00e7asarayda \u00abDevlet-Saray\u00bb memuriy-medeniy merkezi meydan\u011fa ketirilecek - \u041c\u0435\u0434\u0436\u043b\u0456\u0441","isPartOf":{"@id":"https:\/\/qtmm.org\/qt\/#website"},"primaryImageOfPage":{"@id":"https:\/\/qtmm.org\/qt\/bagcasarayda-devlet-saray-memuriy-medeniy-merkezi-meydanga-ketirilecek\/#primaryimage"},"image":{"@id":"https:\/\/qtmm.org\/qt\/bagcasarayda-devlet-saray-memuriy-medeniy-merkezi-meydanga-ketirilecek\/#primaryimage"},"thumbnailUrl":"https:\/\/qtmm.org\/wp-content\/uploads\/2022\/01\/larishes_2.jpeg","datePublished":"2014-01-15T13:35:00+00:00","dateModified":"2022-01-27T13:37:07+00:00","breadcrumb":{"@id":"https:\/\/qtmm.org\/qt\/bagcasarayda-devlet-saray-memuriy-medeniy-merkezi-meydanga-ketirilecek\/#breadcrumb"},"inLanguage":"qt","potentialAction":[{"@type":"ReadAction","target":["https:\/\/qtmm.org\/qt\/bagcasarayda-devlet-saray-memuriy-medeniy-merkezi-meydanga-ketirilecek\/"]}]},{"@type":"ImageObject","inLanguage":"qt","@id":"https:\/\/qtmm.org\/qt\/bagcasarayda-devlet-saray-memuriy-medeniy-merkezi-meydanga-ketirilecek\/#primaryimage","url":"https:\/\/qtmm.org\/wp-content\/uploads\/2022\/01\/larishes_2.jpeg","contentUrl":"https:\/\/qtmm.org\/wp-content\/uploads\/2022\/01\/larishes_2.jpeg","width":650,"height":435},{"@type":"BreadcrumbList","@id":"https:\/\/qtmm.org\/qt\/bagcasarayda-devlet-saray-memuriy-medeniy-merkezi-meydanga-ketirilecek\/#breadcrumb","itemListElement":[{"@type":"ListItem","position":1,"name":"\u0413\u043e\u043b\u043e\u0432\u043d\u0430","item":"https:\/\/qtmm.org\/qt\/"},{"@type":"ListItem","position":2,"name":"Ba\u011f\u00e7asarayda \u00abDevlet-Saray\u00bb memuriy-medeniy merkezi meydan\u011fa ketirilecek"}]},{"@type":"WebSite","@id":"https:\/\/qtmm.org\/qt\/#website","url":"https:\/\/qtmm.org\/qt\/","name":"\u041c\u0435\u0434\u0436\u043b\u0456\u0441","description":"","publisher":{"@id":"https:\/\/qtmm.org\/qt\/#organization"},"potentialAction":[{"@type":"SearchAction","target":{"@type":"EntryPoint","urlTemplate":"https:\/\/qtmm.org\/qt\/?s={search_term_string}"},"query-input":{"@type":"PropertyValueSpecification","valueRequired":true,"valueName":"search_term_string"}}],"inLanguage":"qt"},{"@type":"Organization","@id":"https:\/\/qtmm.org\/qt\/#organization","name":"\u041c\u0435\u0434\u0436\u043b\u0456\u0441","url":"https:\/\/qtmm.org\/qt\/","logo":{"@type":"ImageObject","inLanguage":"qt","@id":"https:\/\/qtmm.org\/qt\/#\/schema\/logo\/image\/","url":"https:\/\/qtmm.org\/wp-content\/uploads\/2024\/12\/ua-mejlis-logo-rgb.svg","contentUrl":"https:\/\/qtmm.org\/wp-content\/uploads\/2024\/12\/ua-mejlis-logo-rgb.svg","caption":"\u041c\u0435\u0434\u0436\u043b\u0456\u0441"},"image":{"@id":"https:\/\/qtmm.org\/qt\/#\/schema\/logo\/image\/"},"sameAs":["https:\/\/www.facebook.com\/qtmm.info\/"]},{"@type":"Person","@id":"https:\/\/qtmm.org\/qt\/#\/schema\/person\/de562469f971dec226ac06e60bbf74a7","name":"Developer","image":{"@type":"ImageObject","inLanguage":"qt","@id":"https:\/\/secure.gravatar.com\/avatar\/392b4cc8fbfeb00b39dfeeab4ee6edded39ffd48e25858637e4765810300227e?s=96&d=mm&r=g","url":"https:\/\/secure.gravatar.com\/avatar\/392b4cc8fbfeb00b39dfeeab4ee6edded39ffd48e25858637e4765810300227e?s=96&d=mm&r=g","contentUrl":"https:\/\/secure.gravatar.com\/avatar\/392b4cc8fbfeb00b39dfeeab4ee6edded39ffd48e25858637e4765810300227e?s=96&d=mm&r=g","caption":"Developer"},"url":"https:\/\/qtmm.org\/qt\/author\/Developer\/"}]}},"_links":{"self":[{"href":"https:\/\/qtmm.org\/qt\/wp-json\/wp\/v2\/posts\/42467","targetHints":{"allow":["GET"]}}],"collection":[{"href":"https:\/\/qtmm.org\/qt\/wp-json\/wp\/v2\/posts"}],"about":[{"href":"https:\/\/qtmm.org\/qt\/wp-json\/wp\/v2\/types\/post"}],"author":[{"embeddable":true,"href":"https:\/\/qtmm.org\/qt\/wp-json\/wp\/v2\/users\/1"}],"replies":[{"embeddable":true,"href":"https:\/\/qtmm.org\/qt\/wp-json\/wp\/v2\/comments?post=42467"}],"version-history":[{"count":1,"href":"https:\/\/qtmm.org\/qt\/wp-json\/wp\/v2\/posts\/42467\/revisions"}],"predecessor-version":[{"id":42472,"href":"https:\/\/qtmm.org\/qt\/wp-json\/wp\/v2\/posts\/42467\/revisions\/42472"}],"wp:featuredmedia":[{"embeddable":true,"href":"https:\/\/qtmm.org\/qt\/wp-json\/wp\/v2\/media\/42468"}],"wp:attachment":[{"href":"https:\/\/qtmm.org\/qt\/wp-json\/wp\/v2\/media?parent=42467"}],"wp:term":[{"taxonomy":"category","embeddable":true,"href":"https:\/\/qtmm.org\/qt\/wp-json\/wp\/v2\/categories?post=42467"},{"taxonomy":"post_tag","embeddable":true,"href":"https:\/\/qtmm.org\/qt\/wp-json\/wp\/v2\/tags?post=42467"}],"curies":[{"name":"wp","href":"https:\/\/api.w.org\/{rel}","templated":true}]}}