




{"id":42453,"date":"2014-01-15T16:32:00","date_gmt":"2014-01-15T13:32:00","guid":{"rendered":"http:\/\/qtmm.org\/?p=42453"},"modified":"2022-01-27T16:35:22","modified_gmt":"2022-01-27T13:35:22","slug":"abduraman-egiznin-avropa-parlamentinde-isi","status":"publish","type":"post","link":"https:\/\/qtmm.org\/qt\/abduraman-egiznin-avropa-parlamentinde-isi\/","title":{"rendered":"Abduraman Egizni\u00f1 Avropa parlamentinde i\u015fi"},"content":{"rendered":"\n<p>Strasburgda i\u015f ziyaretinen bulun\u011fan Meclis azas\u0131 Abduraman Egiz Avropa Parlamentini\u00f1 &#8220;Pan-Avropa i\u015f gruppas\u0131n\u0131\u00f1&#8221; topla\u015fuv\u0131nda i\u015ftirak etmekte. Topla\u015fuv devam\u0131nda 2014 senesi yanvar 14 k\u00fcn\u00fc A. Egiz q\u0131r\u0131mtatar halq\u0131n\u0131\u00f1 vaziyeti aqq\u0131nda maruzanen \u00e7\u0131q\u0131\u015ft\u0131 bulund\u0131.<\/p>\n\n\n\n<p>Ziyaret devam\u0131nda Abduraman Egiz Avropa Parlamentini\u00f1 deputatlar\u0131 Bernd Posselt, Pol R\u00fcbik, t\u0131\u015fq\u0131 al\u00e2qalar komitetini\u00f1 ba\u015f\u0131 Elmar Brok, Tunne Kelam, Antonio Kansian, Edvard Kukan, Yan Olbriht, Lazlo Toke\u015f, Emine Bozkurt, Enesa Vaydere, Zdravka B\u00fcjik, Elizabet Jegl ile k\u00f6r\u00fc\u015f\u00fcvler ke\u00e7irdi.<\/p>\n\n\n\n<figure class=\"wp-block-image size-full\"><img loading=\"lazy\" decoding=\"async\" width=\"650\" height=\"347\" src=\"http:\/\/qtmm.org\/wp-content\/uploads\/2022\/01\/image_1.jpeg\" alt=\"\" class=\"wp-image-42458\" srcset=\"https:\/\/qtmm.org\/wp-content\/uploads\/2022\/01\/image_1.jpeg 650w, https:\/\/qtmm.org\/wp-content\/uploads\/2022\/01\/image_1-300x160.jpeg 300w\" sizes=\"auto, (max-width: 650px) 100vw, 650px\" \/><\/figure>\n\n\n\n<p>K\u00f6r\u00fc\u015f\u00fcv i\u015ftirak\u00e7ileri q\u0131r\u0131mtatar halq\u0131 meselesini\u00f1 \u00e7eziminde halqara cemaat\u00e7\u0131l\u0131q taraf\u0131ndan k\u00f6r\u00fclecek \u00e7are ve s\u00fcrg\u00fcnlik aqibetlerini yoq et\u00fcvde Ukraina\u011fa Avropa Parlamenti deputatlar\u0131n\u0131\u00f1 i\u015ftiraki muzakere etildi.<\/p>\n\n\n\n<figure class=\"wp-block-image size-full\"><img loading=\"lazy\" decoding=\"async\" width=\"650\" height=\"380\" src=\"http:\/\/qtmm.org\/wp-content\/uploads\/2022\/01\/image_1_2.jpeg\" alt=\"\" class=\"wp-image-42462\" srcset=\"https:\/\/qtmm.org\/wp-content\/uploads\/2022\/01\/image_1_2.jpeg 650w, https:\/\/qtmm.org\/wp-content\/uploads\/2022\/01\/image_1_2-300x175.jpeg 300w\" sizes=\"auto, (max-width: 650px) 100vw, 650px\" \/><\/figure>\n\n\n\n<p>Bun\u0131\u00f1 kibi de k\u00f6r\u00fc\u015f\u00fcvler vaqt\u0131nda Q\u0131r\u0131mn\u0131\u00f1 tam\u0131r halq\u0131 rastkelgen ke\u00e7iktirilmeycek problemlerni\u00f1 \u00e7ezimi o\u011frunda leyhalarn\u0131 amelge ke\u00e7ir\u00fcv imk\u00e2nlar\u0131 da muzakere olund\u0131.<\/p>\n","protected":false},"excerpt":{"rendered":"<p>Strasburgda i\u015f ziyaretinen bulun\u011fan Meclis azas\u0131 Abduraman Egiz Avropa Parlamentini\u00f1 &#8220;Pan-Avropa i\u015f gruppas\u0131n\u0131\u00f1&#8221; topla\u015fuv\u0131nda i\u015ftirak etmekte. Topla\u015fuv devam\u0131nda 2014 senesi yanvar 14 k\u00fcn\u00fc A. Egiz q\u0131r\u0131mtatar halq\u0131n\u0131\u00f1 vaziyeti aqq\u0131nda maruzanen \u00e7\u0131q\u0131\u015ft\u0131 bulund\u0131. Ziyaret devam\u0131nda Abduraman Egiz Avropa Parlamentini\u00f1 deputatlar\u0131 Bernd Posselt, Pol R\u00fcbik, t\u0131\u015fq\u0131 al\u00e2qalar komitetini\u00f1 ba\u015f\u0131 Elmar Brok, Tunne Kelam, Antonio Kansian, Edvard Kukan, [&hellip;]<\/p>\n","protected":false},"author":1,"featured_media":42454,"comment_status":"open","ping_status":"open","sticky":false,"template":"","format":"standard","meta":{"inline_featured_image":false,"footnotes":""},"categories":[265],"tags":[],"class_list":["post-42453","post","type-post","status-publish","format-standard","has-post-thumbnail","hentry","category-haberler"],"acf":[],"yoast_head":"<!-- This site is optimized with the Yoast SEO plugin v27.4 - https:\/\/yoast.com\/product\/yoast-seo-wordpress\/ -->\n<title>Abduraman Egizni\u00f1 Avropa parlamentinde i\u015fi - \u041c\u0435\u0434\u0436\u043b\u0456\u0441<\/title>\n<meta name=\"robots\" content=\"index, follow, max-snippet:-1, max-image-preview:large, max-video-preview:-1\" \/>\n<link rel=\"canonical\" href=\"https:\/\/qtmm.org\/qt\/abduraman-egiznin-avropa-parlamentinde-isi\/\" \/>\n<meta property=\"og:locale\" content=\"en_US\" \/>\n<meta property=\"og:type\" content=\"article\" \/>\n<meta property=\"og:title\" content=\"Abduraman Egizni\u00f1 Avropa parlamentinde i\u015fi - \u041c\u0435\u0434\u0436\u043b\u0456\u0441\" \/>\n<meta property=\"og:description\" content=\"Strasburgda i\u015f ziyaretinen bulun\u011fan Meclis azas\u0131 Abduraman Egiz Avropa Parlamentini\u00f1 &#8220;Pan-Avropa i\u015f gruppas\u0131n\u0131\u00f1&#8221; topla\u015fuv\u0131nda i\u015ftirak etmekte. Topla\u015fuv devam\u0131nda 2014 senesi yanvar 14 k\u00fcn\u00fc A. Egiz q\u0131r\u0131mtatar halq\u0131n\u0131\u00f1 vaziyeti aqq\u0131nda maruzanen \u00e7\u0131q\u0131\u015ft\u0131 bulund\u0131. Ziyaret devam\u0131nda Abduraman Egiz Avropa Parlamentini\u00f1 deputatlar\u0131 Bernd Posselt, Pol R\u00fcbik, t\u0131\u015fq\u0131 al\u00e2qalar komitetini\u00f1 ba\u015f\u0131 Elmar Brok, Tunne Kelam, Antonio Kansian, Edvard Kukan, [&hellip;]\" \/>\n<meta property=\"og:url\" content=\"https:\/\/qtmm.org\/qt\/abduraman-egiznin-avropa-parlamentinde-isi\/\" \/>\n<meta property=\"og:site_name\" content=\"\u041c\u0435\u0434\u0436\u043b\u0456\u0441\" \/>\n<meta property=\"article:publisher\" content=\"https:\/\/www.facebook.com\/qtmm.info\/\" \/>\n<meta property=\"article:published_time\" content=\"2014-01-15T13:32:00+00:00\" \/>\n<meta property=\"article:modified_time\" content=\"2022-01-27T13:35:22+00:00\" \/>\n<meta property=\"og:image\" content=\"https:\/\/qtmm.org\/wp-content\/uploads\/2022\/01\/image_5.jpeg\" \/>\n\t<meta property=\"og:image:width\" content=\"650\" \/>\n\t<meta property=\"og:image:height\" content=\"445\" \/>\n\t<meta property=\"og:image:type\" content=\"image\/jpeg\" \/>\n<meta name=\"author\" content=\"Developer\" \/>\n<meta name=\"twitter:card\" content=\"summary_large_image\" \/>\n<meta name=\"twitter:label1\" content=\"Written by\" \/>\n\t<meta name=\"twitter:data1\" content=\"Developer\" \/>\n\t<meta name=\"twitter:label2\" content=\"Est. reading time\" \/>\n\t<meta name=\"twitter:data2\" content=\"1 minute\" \/>\n<script type=\"application\/ld+json\" class=\"yoast-schema-graph\">{\"@context\":\"https:\\\/\\\/schema.org\",\"@graph\":[{\"@type\":\"Article\",\"@id\":\"https:\\\/\\\/qtmm.org\\\/qt\\\/abduraman-egiznin-avropa-parlamentinde-isi\\\/#article\",\"isPartOf\":{\"@id\":\"https:\\\/\\\/qtmm.org\\\/qt\\\/abduraman-egiznin-avropa-parlamentinde-isi\\\/\"},\"author\":{\"name\":\"Developer\",\"@id\":\"https:\\\/\\\/qtmm.org\\\/qt\\\/#\\\/schema\\\/person\\\/de562469f971dec226ac06e60bbf74a7\"},\"headline\":\"Abduraman Egizni\u00f1 Avropa parlamentinde i\u015fi\",\"datePublished\":\"2014-01-15T13:32:00+00:00\",\"dateModified\":\"2022-01-27T13:35:22+00:00\",\"mainEntityOfPage\":{\"@id\":\"https:\\\/\\\/qtmm.org\\\/qt\\\/abduraman-egiznin-avropa-parlamentinde-isi\\\/\"},\"wordCount\":166,\"commentCount\":0,\"publisher\":{\"@id\":\"https:\\\/\\\/qtmm.org\\\/qt\\\/#organization\"},\"image\":{\"@id\":\"https:\\\/\\\/qtmm.org\\\/qt\\\/abduraman-egiznin-avropa-parlamentinde-isi\\\/#primaryimage\"},\"thumbnailUrl\":\"https:\\\/\\\/qtmm.org\\\/wp-content\\\/uploads\\\/2022\\\/01\\\/image_5.jpeg\",\"articleSection\":[\"Haberler\"],\"inLanguage\":\"qt\",\"potentialAction\":[{\"@type\":\"CommentAction\",\"name\":\"Comment\",\"target\":[\"https:\\\/\\\/qtmm.org\\\/qt\\\/abduraman-egiznin-avropa-parlamentinde-isi\\\/#respond\"]}]},{\"@type\":\"WebPage\",\"@id\":\"https:\\\/\\\/qtmm.org\\\/qt\\\/abduraman-egiznin-avropa-parlamentinde-isi\\\/\",\"url\":\"https:\\\/\\\/qtmm.org\\\/qt\\\/abduraman-egiznin-avropa-parlamentinde-isi\\\/\",\"name\":\"Abduraman Egizni\u00f1 Avropa parlamentinde i\u015fi - \u041c\u0435\u0434\u0436\u043b\u0456\u0441\",\"isPartOf\":{\"@id\":\"https:\\\/\\\/qtmm.org\\\/qt\\\/#website\"},\"primaryImageOfPage\":{\"@id\":\"https:\\\/\\\/qtmm.org\\\/qt\\\/abduraman-egiznin-avropa-parlamentinde-isi\\\/#primaryimage\"},\"image\":{\"@id\":\"https:\\\/\\\/qtmm.org\\\/qt\\\/abduraman-egiznin-avropa-parlamentinde-isi\\\/#primaryimage\"},\"thumbnailUrl\":\"https:\\\/\\\/qtmm.org\\\/wp-content\\\/uploads\\\/2022\\\/01\\\/image_5.jpeg\",\"datePublished\":\"2014-01-15T13:32:00+00:00\",\"dateModified\":\"2022-01-27T13:35:22+00:00\",\"breadcrumb\":{\"@id\":\"https:\\\/\\\/qtmm.org\\\/qt\\\/abduraman-egiznin-avropa-parlamentinde-isi\\\/#breadcrumb\"},\"inLanguage\":\"qt\",\"potentialAction\":[{\"@type\":\"ReadAction\",\"target\":[\"https:\\\/\\\/qtmm.org\\\/qt\\\/abduraman-egiznin-avropa-parlamentinde-isi\\\/\"]}]},{\"@type\":\"ImageObject\",\"inLanguage\":\"qt\",\"@id\":\"https:\\\/\\\/qtmm.org\\\/qt\\\/abduraman-egiznin-avropa-parlamentinde-isi\\\/#primaryimage\",\"url\":\"https:\\\/\\\/qtmm.org\\\/wp-content\\\/uploads\\\/2022\\\/01\\\/image_5.jpeg\",\"contentUrl\":\"https:\\\/\\\/qtmm.org\\\/wp-content\\\/uploads\\\/2022\\\/01\\\/image_5.jpeg\",\"width\":650,\"height\":445},{\"@type\":\"BreadcrumbList\",\"@id\":\"https:\\\/\\\/qtmm.org\\\/qt\\\/abduraman-egiznin-avropa-parlamentinde-isi\\\/#breadcrumb\",\"itemListElement\":[{\"@type\":\"ListItem\",\"position\":1,\"name\":\"\u0413\u043e\u043b\u043e\u0432\u043d\u0430\",\"item\":\"https:\\\/\\\/qtmm.org\\\/qt\\\/\"},{\"@type\":\"ListItem\",\"position\":2,\"name\":\"Abduraman Egizni\u00f1 Avropa parlamentinde i\u015fi\"}]},{\"@type\":\"WebSite\",\"@id\":\"https:\\\/\\\/qtmm.org\\\/qt\\\/#website\",\"url\":\"https:\\\/\\\/qtmm.org\\\/qt\\\/\",\"name\":\"\u041c\u0435\u0434\u0436\u043b\u0456\u0441\",\"description\":\"\",\"publisher\":{\"@id\":\"https:\\\/\\\/qtmm.org\\\/qt\\\/#organization\"},\"potentialAction\":[{\"@type\":\"SearchAction\",\"target\":{\"@type\":\"EntryPoint\",\"urlTemplate\":\"https:\\\/\\\/qtmm.org\\\/qt\\\/?s={search_term_string}\"},\"query-input\":{\"@type\":\"PropertyValueSpecification\",\"valueRequired\":true,\"valueName\":\"search_term_string\"}}],\"inLanguage\":\"qt\"},{\"@type\":\"Organization\",\"@id\":\"https:\\\/\\\/qtmm.org\\\/qt\\\/#organization\",\"name\":\"\u041c\u0435\u0434\u0436\u043b\u0456\u0441\",\"url\":\"https:\\\/\\\/qtmm.org\\\/qt\\\/\",\"logo\":{\"@type\":\"ImageObject\",\"inLanguage\":\"qt\",\"@id\":\"https:\\\/\\\/qtmm.org\\\/qt\\\/#\\\/schema\\\/logo\\\/image\\\/\",\"url\":\"https:\\\/\\\/qtmm.org\\\/wp-content\\\/uploads\\\/2024\\\/12\\\/ua-mejlis-logo-rgb.svg\",\"contentUrl\":\"https:\\\/\\\/qtmm.org\\\/wp-content\\\/uploads\\\/2024\\\/12\\\/ua-mejlis-logo-rgb.svg\",\"caption\":\"\u041c\u0435\u0434\u0436\u043b\u0456\u0441\"},\"image\":{\"@id\":\"https:\\\/\\\/qtmm.org\\\/qt\\\/#\\\/schema\\\/logo\\\/image\\\/\"},\"sameAs\":[\"https:\\\/\\\/www.facebook.com\\\/qtmm.info\\\/\"]},{\"@type\":\"Person\",\"@id\":\"https:\\\/\\\/qtmm.org\\\/qt\\\/#\\\/schema\\\/person\\\/de562469f971dec226ac06e60bbf74a7\",\"name\":\"Developer\",\"image\":{\"@type\":\"ImageObject\",\"inLanguage\":\"qt\",\"@id\":\"https:\\\/\\\/secure.gravatar.com\\\/avatar\\\/392b4cc8fbfeb00b39dfeeab4ee6edded39ffd48e25858637e4765810300227e?s=96&d=mm&r=g\",\"url\":\"https:\\\/\\\/secure.gravatar.com\\\/avatar\\\/392b4cc8fbfeb00b39dfeeab4ee6edded39ffd48e25858637e4765810300227e?s=96&d=mm&r=g\",\"contentUrl\":\"https:\\\/\\\/secure.gravatar.com\\\/avatar\\\/392b4cc8fbfeb00b39dfeeab4ee6edded39ffd48e25858637e4765810300227e?s=96&d=mm&r=g\",\"caption\":\"Developer\"},\"url\":\"https:\\\/\\\/qtmm.org\\\/qt\\\/author\\\/Developer\\\/\"}]}<\/script>\n<!-- \/ Yoast SEO plugin. -->","yoast_head_json":{"title":"Abduraman Egizni\u00f1 Avropa parlamentinde i\u015fi - \u041c\u0435\u0434\u0436\u043b\u0456\u0441","robots":{"index":"index","follow":"follow","max-snippet":"max-snippet:-1","max-image-preview":"max-image-preview:large","max-video-preview":"max-video-preview:-1"},"canonical":"https:\/\/qtmm.org\/qt\/abduraman-egiznin-avropa-parlamentinde-isi\/","og_locale":"en_US","og_type":"article","og_title":"Abduraman Egizni\u00f1 Avropa parlamentinde i\u015fi - \u041c\u0435\u0434\u0436\u043b\u0456\u0441","og_description":"Strasburgda i\u015f ziyaretinen bulun\u011fan Meclis azas\u0131 Abduraman Egiz Avropa Parlamentini\u00f1 &#8220;Pan-Avropa i\u015f gruppas\u0131n\u0131\u00f1&#8221; topla\u015fuv\u0131nda i\u015ftirak etmekte. Topla\u015fuv devam\u0131nda 2014 senesi yanvar 14 k\u00fcn\u00fc A. Egiz q\u0131r\u0131mtatar halq\u0131n\u0131\u00f1 vaziyeti aqq\u0131nda maruzanen \u00e7\u0131q\u0131\u015ft\u0131 bulund\u0131. Ziyaret devam\u0131nda Abduraman Egiz Avropa Parlamentini\u00f1 deputatlar\u0131 Bernd Posselt, Pol R\u00fcbik, t\u0131\u015fq\u0131 al\u00e2qalar komitetini\u00f1 ba\u015f\u0131 Elmar Brok, Tunne Kelam, Antonio Kansian, Edvard Kukan, [&hellip;]","og_url":"https:\/\/qtmm.org\/qt\/abduraman-egiznin-avropa-parlamentinde-isi\/","og_site_name":"\u041c\u0435\u0434\u0436\u043b\u0456\u0441","article_publisher":"https:\/\/www.facebook.com\/qtmm.info\/","article_published_time":"2014-01-15T13:32:00+00:00","article_modified_time":"2022-01-27T13:35:22+00:00","og_image":[{"width":650,"height":445,"url":"https:\/\/qtmm.org\/wp-content\/uploads\/2022\/01\/image_5.jpeg","type":"image\/jpeg"}],"author":"Developer","twitter_card":"summary_large_image","twitter_misc":{"Written by":"Developer","Est. reading time":"1 minute"},"schema":{"@context":"https:\/\/schema.org","@graph":[{"@type":"Article","@id":"https:\/\/qtmm.org\/qt\/abduraman-egiznin-avropa-parlamentinde-isi\/#article","isPartOf":{"@id":"https:\/\/qtmm.org\/qt\/abduraman-egiznin-avropa-parlamentinde-isi\/"},"author":{"name":"Developer","@id":"https:\/\/qtmm.org\/qt\/#\/schema\/person\/de562469f971dec226ac06e60bbf74a7"},"headline":"Abduraman Egizni\u00f1 Avropa parlamentinde i\u015fi","datePublished":"2014-01-15T13:32:00+00:00","dateModified":"2022-01-27T13:35:22+00:00","mainEntityOfPage":{"@id":"https:\/\/qtmm.org\/qt\/abduraman-egiznin-avropa-parlamentinde-isi\/"},"wordCount":166,"commentCount":0,"publisher":{"@id":"https:\/\/qtmm.org\/qt\/#organization"},"image":{"@id":"https:\/\/qtmm.org\/qt\/abduraman-egiznin-avropa-parlamentinde-isi\/#primaryimage"},"thumbnailUrl":"https:\/\/qtmm.org\/wp-content\/uploads\/2022\/01\/image_5.jpeg","articleSection":["Haberler"],"inLanguage":"qt","potentialAction":[{"@type":"CommentAction","name":"Comment","target":["https:\/\/qtmm.org\/qt\/abduraman-egiznin-avropa-parlamentinde-isi\/#respond"]}]},{"@type":"WebPage","@id":"https:\/\/qtmm.org\/qt\/abduraman-egiznin-avropa-parlamentinde-isi\/","url":"https:\/\/qtmm.org\/qt\/abduraman-egiznin-avropa-parlamentinde-isi\/","name":"Abduraman Egizni\u00f1 Avropa parlamentinde i\u015fi - \u041c\u0435\u0434\u0436\u043b\u0456\u0441","isPartOf":{"@id":"https:\/\/qtmm.org\/qt\/#website"},"primaryImageOfPage":{"@id":"https:\/\/qtmm.org\/qt\/abduraman-egiznin-avropa-parlamentinde-isi\/#primaryimage"},"image":{"@id":"https:\/\/qtmm.org\/qt\/abduraman-egiznin-avropa-parlamentinde-isi\/#primaryimage"},"thumbnailUrl":"https:\/\/qtmm.org\/wp-content\/uploads\/2022\/01\/image_5.jpeg","datePublished":"2014-01-15T13:32:00+00:00","dateModified":"2022-01-27T13:35:22+00:00","breadcrumb":{"@id":"https:\/\/qtmm.org\/qt\/abduraman-egiznin-avropa-parlamentinde-isi\/#breadcrumb"},"inLanguage":"qt","potentialAction":[{"@type":"ReadAction","target":["https:\/\/qtmm.org\/qt\/abduraman-egiznin-avropa-parlamentinde-isi\/"]}]},{"@type":"ImageObject","inLanguage":"qt","@id":"https:\/\/qtmm.org\/qt\/abduraman-egiznin-avropa-parlamentinde-isi\/#primaryimage","url":"https:\/\/qtmm.org\/wp-content\/uploads\/2022\/01\/image_5.jpeg","contentUrl":"https:\/\/qtmm.org\/wp-content\/uploads\/2022\/01\/image_5.jpeg","width":650,"height":445},{"@type":"BreadcrumbList","@id":"https:\/\/qtmm.org\/qt\/abduraman-egiznin-avropa-parlamentinde-isi\/#breadcrumb","itemListElement":[{"@type":"ListItem","position":1,"name":"\u0413\u043e\u043b\u043e\u0432\u043d\u0430","item":"https:\/\/qtmm.org\/qt\/"},{"@type":"ListItem","position":2,"name":"Abduraman Egizni\u00f1 Avropa parlamentinde i\u015fi"}]},{"@type":"WebSite","@id":"https:\/\/qtmm.org\/qt\/#website","url":"https:\/\/qtmm.org\/qt\/","name":"\u041c\u0435\u0434\u0436\u043b\u0456\u0441","description":"","publisher":{"@id":"https:\/\/qtmm.org\/qt\/#organization"},"potentialAction":[{"@type":"SearchAction","target":{"@type":"EntryPoint","urlTemplate":"https:\/\/qtmm.org\/qt\/?s={search_term_string}"},"query-input":{"@type":"PropertyValueSpecification","valueRequired":true,"valueName":"search_term_string"}}],"inLanguage":"qt"},{"@type":"Organization","@id":"https:\/\/qtmm.org\/qt\/#organization","name":"\u041c\u0435\u0434\u0436\u043b\u0456\u0441","url":"https:\/\/qtmm.org\/qt\/","logo":{"@type":"ImageObject","inLanguage":"qt","@id":"https:\/\/qtmm.org\/qt\/#\/schema\/logo\/image\/","url":"https:\/\/qtmm.org\/wp-content\/uploads\/2024\/12\/ua-mejlis-logo-rgb.svg","contentUrl":"https:\/\/qtmm.org\/wp-content\/uploads\/2024\/12\/ua-mejlis-logo-rgb.svg","caption":"\u041c\u0435\u0434\u0436\u043b\u0456\u0441"},"image":{"@id":"https:\/\/qtmm.org\/qt\/#\/schema\/logo\/image\/"},"sameAs":["https:\/\/www.facebook.com\/qtmm.info\/"]},{"@type":"Person","@id":"https:\/\/qtmm.org\/qt\/#\/schema\/person\/de562469f971dec226ac06e60bbf74a7","name":"Developer","image":{"@type":"ImageObject","inLanguage":"qt","@id":"https:\/\/secure.gravatar.com\/avatar\/392b4cc8fbfeb00b39dfeeab4ee6edded39ffd48e25858637e4765810300227e?s=96&d=mm&r=g","url":"https:\/\/secure.gravatar.com\/avatar\/392b4cc8fbfeb00b39dfeeab4ee6edded39ffd48e25858637e4765810300227e?s=96&d=mm&r=g","contentUrl":"https:\/\/secure.gravatar.com\/avatar\/392b4cc8fbfeb00b39dfeeab4ee6edded39ffd48e25858637e4765810300227e?s=96&d=mm&r=g","caption":"Developer"},"url":"https:\/\/qtmm.org\/qt\/author\/Developer\/"}]}},"_links":{"self":[{"href":"https:\/\/qtmm.org\/qt\/wp-json\/wp\/v2\/posts\/42453","targetHints":{"allow":["GET"]}}],"collection":[{"href":"https:\/\/qtmm.org\/qt\/wp-json\/wp\/v2\/posts"}],"about":[{"href":"https:\/\/qtmm.org\/qt\/wp-json\/wp\/v2\/types\/post"}],"author":[{"embeddable":true,"href":"https:\/\/qtmm.org\/qt\/wp-json\/wp\/v2\/users\/1"}],"replies":[{"embeddable":true,"href":"https:\/\/qtmm.org\/qt\/wp-json\/wp\/v2\/comments?post=42453"}],"version-history":[{"count":1,"href":"https:\/\/qtmm.org\/qt\/wp-json\/wp\/v2\/posts\/42453\/revisions"}],"predecessor-version":[{"id":42466,"href":"https:\/\/qtmm.org\/qt\/wp-json\/wp\/v2\/posts\/42453\/revisions\/42466"}],"wp:featuredmedia":[{"embeddable":true,"href":"https:\/\/qtmm.org\/qt\/wp-json\/wp\/v2\/media\/42454"}],"wp:attachment":[{"href":"https:\/\/qtmm.org\/qt\/wp-json\/wp\/v2\/media?parent=42453"}],"wp:term":[{"taxonomy":"category","embeddable":true,"href":"https:\/\/qtmm.org\/qt\/wp-json\/wp\/v2\/categories?post=42453"},{"taxonomy":"post_tag","embeddable":true,"href":"https:\/\/qtmm.org\/qt\/wp-json\/wp\/v2\/tags?post=42453"}],"curies":[{"name":"wp","href":"https:\/\/api.w.org\/{rel}","templated":true}]}}