




{"id":42447,"date":"2014-01-14T16:31:00","date_gmt":"2014-01-14T13:31:00","guid":{"rendered":"http:\/\/qtmm.org\/?p=42447"},"modified":"2022-01-27T16:32:40","modified_gmt":"2022-01-27T13:32:40","slug":"mecliste-semetdeslerimizge-mesken-evlerini-qullanuvga-teslim-etuv-isinde-yardim-etmek-boyunca-yani-tesebbusler-amelge-kecirile","status":"publish","type":"post","link":"https:\/\/qtmm.org\/qt\/mecliste-semetdeslerimizge-mesken-evlerini-qullanuvga-teslim-etuv-isinde-yardim-etmek-boyunca-yani-tesebbusler-amelge-kecirile\/","title":{"rendered":"Mecliste semetde\u015flerimizge mesken evlerini qullanuv\u011fa teslim et\u00fcv i\u015finde yard\u0131m etmek boyunca ya\u00f1\u0131 te\u015febb\u00fcsler amelge ke\u00e7irile"},"content":{"rendered":"\n<p>2014 senesi yanvar 12 k\u00fcn\u00fc Meclis reberlerini\u00f1 regional ve yerli meclisler, yerli \u015furalarn\u0131\u00f1 deputatlar\u0131 ve Aqme\u00e7it region\u0131ndan 6 \u00e7a\u011f\u0131r\u0131l\u0131\u015f Qurultay\u011fa saylan\u011fan delegatlar ile \u00f6tkerilgen topla\u015fuvdan so\u00f1 Meclis reisi Refat \u00c7ubarov ve Meclisni\u00f1 q\u0131r\u0131mtatar milliy areketi veteranlar\u0131, cemaat te\u015fkil\u00e2tlar\u0131nen ba\u011flanuv idaresi ba\u015f\u0131n\u0131\u00f1 muavini Dinara Seyitgaziyeva Aqme\u00e7it regional meclis reisi \u015eevket Smailov\u011fa Yar\u0131l\u011fa\u00e7 k\u00f6y\u00fcnde \u00fc\u00e7 q\u0131r\u0131mtatar ailesine evlerini\u00f1 qullanuv\u011fa kirsetilgeni aqq\u0131nda qararlarn\u0131 taqdim ettiler.<\/p>\n\n\n\n<p>Vesiqalarn\u0131 berirken Dinara Seyitgaziyeva \u015eevket Smailov ve bun\u0131\u00f1 kibi de Yar\u0131l\u011fa\u00e7 k\u00f6y meclisini\u00f1 reisi Fikret Smailov\u011fa zarur vesiqalarn\u0131 az\u0131rlavda k\u00f6stergen yard\u0131mlar\u0131 ve faal i\u015fleri i\u00e7\u00fcn te\u015fekk\u00fcr bildirip, \u00e7\u00fcnki ayn\u0131 bu yard\u0131m sayesinde \u015fu \u00fc\u00e7 mesken evni qullanuv\u011fa ber\u00fcvde q\u0131y\u0131nl\u0131qlar ye\u00f1ildi.<\/p>\n\n\n\n<p>\u0130dare reisini\u00f1 muavini qayd etti ki, Meclis ya\u00f1\u0131 erk\u00e2n\u0131n\u0131\u00f1 insanlar\u011fa evlerni qullanuv\u011fa ber\u00fcv boyunca meselelerde konsultatsiya bermek kibi ya\u00f1\u0131 te\u015febb\u00fcsi \u00f6z evlerini pek az masraflar esab\u0131na qanunla\u015ft\u0131rmaq imk\u00e2n\u0131n\u0131 berir.<\/p>\n\n\n\n<p>&#8220;Biz konsultatsiyalar ke\u00e7iremiz ve insanlarn\u0131 ait qanunlar ve vesiqalarn\u0131 az\u0131rlav tertibinen tan\u0131\u015f etemiz, &#8211; dedi Seyitgaziyeva. \u2013 Bizim vazifemiz insanlar\u0131m\u0131zn\u0131 topraqn\u0131 nas\u0131l hususiyle\u015ftirmek, evlerni resmiyle\u015ftirmek meselelerinden haberdar etmektir. Bu mesele esasen Vatan\u011fa qayt\u0131p eV qur\u011fan halq\u0131m\u0131zn\u0131\u00f1 b\u00fcy\u00fck bir q\u0131sm\u0131na aittir&#8221;.<\/p>\n\n\n\n<p>Dinara Seyitgaziyeva qayd etti ki, Meclisni\u00f1 q\u0131r\u0131mtatar milliy areketi veteranlar\u0131, cemaat te\u015fkil\u00e2tlar\u0131nen ba\u011flanuv idaresi q\u0131r\u0131mtatar halq\u0131 milliy areketini\u00f1 veteranlar\u0131 ve umumen, 1944 senesi may\u0131s 18-de s\u00fcrg\u00fcnlikke o\u011frat\u0131l\u011fanlarn\u0131\u00f1 episine evlerini qullanuv\u011fa kirset\u00fcv i\u015finde yard\u0131m bermege az\u0131r. Bundan da \u011fayr\u0131 semetde\u015flerimizni\u00f1 esas problemleri s\u0131ras\u0131na 16 ya\u015f\u0131n\u0131 toldur\u011fan balalar\u0131n\u0131\u00f1 cedvelge al\u0131nma\u011fan\u0131, evlerge elektrik ve gaz a\u011flar\u0131n\u0131 ke\u00e7ir\u00fcvnen ba\u011fl\u0131 meseleler kirmekte.<\/p>\n\n\n\n<p>Semetde\u015flerimiz bedava konsultatsiya almalar\u0131 i\u00e7\u00fcn \u0130dare regional meclisler ile ait i\u015f al\u0131p baracaq ve Meclisni\u00f1 merkeziy ofisinde tasdiqlan\u011fan cedvel boyunca (ayn\u0131\u00f1 birinci ve so\u00f1ki bazarertesi k\u00fcnleri) vatanda\u015flarn\u0131 qabul etecek.<\/p>\n","protected":false},"excerpt":{"rendered":"<p>2014 senesi yanvar 12 k\u00fcn\u00fc Meclis reberlerini\u00f1 regional ve yerli meclisler, yerli \u015furalarn\u0131\u00f1 deputatlar\u0131 ve Aqme\u00e7it region\u0131ndan 6 \u00e7a\u011f\u0131r\u0131l\u0131\u015f Qurultay\u011fa saylan\u011fan delegatlar ile \u00f6tkerilgen topla\u015fuvdan so\u00f1 Meclis reisi Refat \u00c7ubarov ve Meclisni\u00f1 q\u0131r\u0131mtatar milliy areketi veteranlar\u0131, cemaat te\u015fkil\u00e2tlar\u0131nen ba\u011flanuv idaresi ba\u015f\u0131n\u0131\u00f1 muavini Dinara Seyitgaziyeva Aqme\u00e7it regional meclis reisi \u015eevket Smailov\u011fa Yar\u0131l\u011fa\u00e7 k\u00f6y\u00fcnde \u00fc\u00e7 q\u0131r\u0131mtatar ailesine [&hellip;]<\/p>\n","protected":false},"author":1,"featured_media":42448,"comment_status":"open","ping_status":"open","sticky":false,"template":"","format":"standard","meta":{"inline_featured_image":false,"footnotes":""},"categories":[265],"tags":[],"class_list":["post-42447","post","type-post","status-publish","format-standard","has-post-thumbnail","hentry","category-haberler"],"acf":[],"yoast_head":"<!-- This site is optimized with the Yoast SEO plugin v27.4 - https:\/\/yoast.com\/product\/yoast-seo-wordpress\/ -->\n<title>Mecliste semetde\u015flerimizge mesken evlerini qullanuv\u011fa teslim et\u00fcv i\u015finde yard\u0131m etmek boyunca ya\u00f1\u0131 te\u015febb\u00fcsler amelge ke\u00e7irile - \u041c\u0435\u0434\u0436\u043b\u0456\u0441<\/title>\n<meta name=\"robots\" content=\"index, follow, max-snippet:-1, max-image-preview:large, max-video-preview:-1\" \/>\n<link rel=\"canonical\" href=\"https:\/\/qtmm.org\/qt\/mecliste-semetdeslerimizge-mesken-evlerini-qullanuvga-teslim-etuv-isinde-yardim-etmek-boyunca-yani-tesebbusler-amelge-kecirile\/\" \/>\n<meta property=\"og:locale\" content=\"en_US\" \/>\n<meta property=\"og:type\" content=\"article\" \/>\n<meta property=\"og:title\" content=\"Mecliste semetde\u015flerimizge mesken evlerini qullanuv\u011fa teslim et\u00fcv i\u015finde yard\u0131m etmek boyunca ya\u00f1\u0131 te\u015febb\u00fcsler amelge ke\u00e7irile - \u041c\u0435\u0434\u0436\u043b\u0456\u0441\" \/>\n<meta property=\"og:description\" content=\"2014 senesi yanvar 12 k\u00fcn\u00fc Meclis reberlerini\u00f1 regional ve yerli meclisler, yerli \u015furalarn\u0131\u00f1 deputatlar\u0131 ve Aqme\u00e7it region\u0131ndan 6 \u00e7a\u011f\u0131r\u0131l\u0131\u015f Qurultay\u011fa saylan\u011fan delegatlar ile \u00f6tkerilgen topla\u015fuvdan so\u00f1 Meclis reisi Refat \u00c7ubarov ve Meclisni\u00f1 q\u0131r\u0131mtatar milliy areketi veteranlar\u0131, cemaat te\u015fkil\u00e2tlar\u0131nen ba\u011flanuv idaresi ba\u015f\u0131n\u0131\u00f1 muavini Dinara Seyitgaziyeva Aqme\u00e7it regional meclis reisi \u015eevket Smailov\u011fa Yar\u0131l\u011fa\u00e7 k\u00f6y\u00fcnde \u00fc\u00e7 q\u0131r\u0131mtatar ailesine [&hellip;]\" \/>\n<meta property=\"og:url\" content=\"https:\/\/qtmm.org\/qt\/mecliste-semetdeslerimizge-mesken-evlerini-qullanuvga-teslim-etuv-isinde-yardim-etmek-boyunca-yani-tesebbusler-amelge-kecirile\/\" \/>\n<meta property=\"og:site_name\" content=\"\u041c\u0435\u0434\u0436\u043b\u0456\u0441\" \/>\n<meta property=\"article:publisher\" content=\"https:\/\/www.facebook.com\/qtmm.info\/\" \/>\n<meta property=\"article:published_time\" content=\"2014-01-14T13:31:00+00:00\" \/>\n<meta property=\"article:modified_time\" content=\"2022-01-27T13:32:40+00:00\" \/>\n<meta property=\"og:image\" content=\"https:\/\/qtmm.org\/wp-content\/uploads\/2022\/01\/chernomorskoe.jpeg\" \/>\n\t<meta property=\"og:image:width\" content=\"650\" \/>\n\t<meta property=\"og:image:height\" content=\"360\" \/>\n\t<meta property=\"og:image:type\" content=\"image\/jpeg\" \/>\n<meta name=\"author\" content=\"Developer\" \/>\n<meta name=\"twitter:card\" content=\"summary_large_image\" \/>\n<meta name=\"twitter:label1\" content=\"Written by\" \/>\n\t<meta name=\"twitter:data1\" content=\"Developer\" \/>\n\t<meta name=\"twitter:label2\" content=\"Est. reading time\" \/>\n\t<meta name=\"twitter:data2\" content=\"2 minutes\" \/>\n<script type=\"application\/ld+json\" class=\"yoast-schema-graph\">{\"@context\":\"https:\\\/\\\/schema.org\",\"@graph\":[{\"@type\":\"Article\",\"@id\":\"https:\\\/\\\/qtmm.org\\\/qt\\\/mecliste-semetdeslerimizge-mesken-evlerini-qullanuvga-teslim-etuv-isinde-yardim-etmek-boyunca-yani-tesebbusler-amelge-kecirile\\\/#article\",\"isPartOf\":{\"@id\":\"https:\\\/\\\/qtmm.org\\\/qt\\\/mecliste-semetdeslerimizge-mesken-evlerini-qullanuvga-teslim-etuv-isinde-yardim-etmek-boyunca-yani-tesebbusler-amelge-kecirile\\\/\"},\"author\":{\"name\":\"Developer\",\"@id\":\"https:\\\/\\\/qtmm.org\\\/qt\\\/#\\\/schema\\\/person\\\/de562469f971dec226ac06e60bbf74a7\"},\"headline\":\"Mecliste semetde\u015flerimizge mesken evlerini qullanuv\u011fa teslim et\u00fcv i\u015finde yard\u0131m etmek boyunca ya\u00f1\u0131 te\u015febb\u00fcsler amelge ke\u00e7irile\",\"datePublished\":\"2014-01-14T13:31:00+00:00\",\"dateModified\":\"2022-01-27T13:32:40+00:00\",\"mainEntityOfPage\":{\"@id\":\"https:\\\/\\\/qtmm.org\\\/qt\\\/mecliste-semetdeslerimizge-mesken-evlerini-qullanuvga-teslim-etuv-isinde-yardim-etmek-boyunca-yani-tesebbusler-amelge-kecirile\\\/\"},\"wordCount\":382,\"commentCount\":0,\"publisher\":{\"@id\":\"https:\\\/\\\/qtmm.org\\\/qt\\\/#organization\"},\"image\":{\"@id\":\"https:\\\/\\\/qtmm.org\\\/qt\\\/mecliste-semetdeslerimizge-mesken-evlerini-qullanuvga-teslim-etuv-isinde-yardim-etmek-boyunca-yani-tesebbusler-amelge-kecirile\\\/#primaryimage\"},\"thumbnailUrl\":\"https:\\\/\\\/qtmm.org\\\/wp-content\\\/uploads\\\/2022\\\/01\\\/chernomorskoe.jpeg\",\"articleSection\":[\"Haberler\"],\"inLanguage\":\"qt\",\"potentialAction\":[{\"@type\":\"CommentAction\",\"name\":\"Comment\",\"target\":[\"https:\\\/\\\/qtmm.org\\\/qt\\\/mecliste-semetdeslerimizge-mesken-evlerini-qullanuvga-teslim-etuv-isinde-yardim-etmek-boyunca-yani-tesebbusler-amelge-kecirile\\\/#respond\"]}]},{\"@type\":\"WebPage\",\"@id\":\"https:\\\/\\\/qtmm.org\\\/qt\\\/mecliste-semetdeslerimizge-mesken-evlerini-qullanuvga-teslim-etuv-isinde-yardim-etmek-boyunca-yani-tesebbusler-amelge-kecirile\\\/\",\"url\":\"https:\\\/\\\/qtmm.org\\\/qt\\\/mecliste-semetdeslerimizge-mesken-evlerini-qullanuvga-teslim-etuv-isinde-yardim-etmek-boyunca-yani-tesebbusler-amelge-kecirile\\\/\",\"name\":\"Mecliste semetde\u015flerimizge mesken evlerini qullanuv\u011fa teslim et\u00fcv i\u015finde yard\u0131m etmek boyunca ya\u00f1\u0131 te\u015febb\u00fcsler amelge ke\u00e7irile - \u041c\u0435\u0434\u0436\u043b\u0456\u0441\",\"isPartOf\":{\"@id\":\"https:\\\/\\\/qtmm.org\\\/qt\\\/#website\"},\"primaryImageOfPage\":{\"@id\":\"https:\\\/\\\/qtmm.org\\\/qt\\\/mecliste-semetdeslerimizge-mesken-evlerini-qullanuvga-teslim-etuv-isinde-yardim-etmek-boyunca-yani-tesebbusler-amelge-kecirile\\\/#primaryimage\"},\"image\":{\"@id\":\"https:\\\/\\\/qtmm.org\\\/qt\\\/mecliste-semetdeslerimizge-mesken-evlerini-qullanuvga-teslim-etuv-isinde-yardim-etmek-boyunca-yani-tesebbusler-amelge-kecirile\\\/#primaryimage\"},\"thumbnailUrl\":\"https:\\\/\\\/qtmm.org\\\/wp-content\\\/uploads\\\/2022\\\/01\\\/chernomorskoe.jpeg\",\"datePublished\":\"2014-01-14T13:31:00+00:00\",\"dateModified\":\"2022-01-27T13:32:40+00:00\",\"breadcrumb\":{\"@id\":\"https:\\\/\\\/qtmm.org\\\/qt\\\/mecliste-semetdeslerimizge-mesken-evlerini-qullanuvga-teslim-etuv-isinde-yardim-etmek-boyunca-yani-tesebbusler-amelge-kecirile\\\/#breadcrumb\"},\"inLanguage\":\"qt\",\"potentialAction\":[{\"@type\":\"ReadAction\",\"target\":[\"https:\\\/\\\/qtmm.org\\\/qt\\\/mecliste-semetdeslerimizge-mesken-evlerini-qullanuvga-teslim-etuv-isinde-yardim-etmek-boyunca-yani-tesebbusler-amelge-kecirile\\\/\"]}]},{\"@type\":\"ImageObject\",\"inLanguage\":\"qt\",\"@id\":\"https:\\\/\\\/qtmm.org\\\/qt\\\/mecliste-semetdeslerimizge-mesken-evlerini-qullanuvga-teslim-etuv-isinde-yardim-etmek-boyunca-yani-tesebbusler-amelge-kecirile\\\/#primaryimage\",\"url\":\"https:\\\/\\\/qtmm.org\\\/wp-content\\\/uploads\\\/2022\\\/01\\\/chernomorskoe.jpeg\",\"contentUrl\":\"https:\\\/\\\/qtmm.org\\\/wp-content\\\/uploads\\\/2022\\\/01\\\/chernomorskoe.jpeg\",\"width\":650,\"height\":360},{\"@type\":\"BreadcrumbList\",\"@id\":\"https:\\\/\\\/qtmm.org\\\/qt\\\/mecliste-semetdeslerimizge-mesken-evlerini-qullanuvga-teslim-etuv-isinde-yardim-etmek-boyunca-yani-tesebbusler-amelge-kecirile\\\/#breadcrumb\",\"itemListElement\":[{\"@type\":\"ListItem\",\"position\":1,\"name\":\"\u0413\u043e\u043b\u043e\u0432\u043d\u0430\",\"item\":\"https:\\\/\\\/qtmm.org\\\/qt\\\/\"},{\"@type\":\"ListItem\",\"position\":2,\"name\":\"Mecliste semetde\u015flerimizge mesken evlerini qullanuv\u011fa teslim et\u00fcv i\u015finde yard\u0131m etmek boyunca ya\u00f1\u0131 te\u015febb\u00fcsler amelge ke\u00e7irile\"}]},{\"@type\":\"WebSite\",\"@id\":\"https:\\\/\\\/qtmm.org\\\/qt\\\/#website\",\"url\":\"https:\\\/\\\/qtmm.org\\\/qt\\\/\",\"name\":\"\u041c\u0435\u0434\u0436\u043b\u0456\u0441\",\"description\":\"\",\"publisher\":{\"@id\":\"https:\\\/\\\/qtmm.org\\\/qt\\\/#organization\"},\"potentialAction\":[{\"@type\":\"SearchAction\",\"target\":{\"@type\":\"EntryPoint\",\"urlTemplate\":\"https:\\\/\\\/qtmm.org\\\/qt\\\/?s={search_term_string}\"},\"query-input\":{\"@type\":\"PropertyValueSpecification\",\"valueRequired\":true,\"valueName\":\"search_term_string\"}}],\"inLanguage\":\"qt\"},{\"@type\":\"Organization\",\"@id\":\"https:\\\/\\\/qtmm.org\\\/qt\\\/#organization\",\"name\":\"\u041c\u0435\u0434\u0436\u043b\u0456\u0441\",\"url\":\"https:\\\/\\\/qtmm.org\\\/qt\\\/\",\"logo\":{\"@type\":\"ImageObject\",\"inLanguage\":\"qt\",\"@id\":\"https:\\\/\\\/qtmm.org\\\/qt\\\/#\\\/schema\\\/logo\\\/image\\\/\",\"url\":\"https:\\\/\\\/qtmm.org\\\/wp-content\\\/uploads\\\/2024\\\/12\\\/ua-mejlis-logo-rgb.svg\",\"contentUrl\":\"https:\\\/\\\/qtmm.org\\\/wp-content\\\/uploads\\\/2024\\\/12\\\/ua-mejlis-logo-rgb.svg\",\"caption\":\"\u041c\u0435\u0434\u0436\u043b\u0456\u0441\"},\"image\":{\"@id\":\"https:\\\/\\\/qtmm.org\\\/qt\\\/#\\\/schema\\\/logo\\\/image\\\/\"},\"sameAs\":[\"https:\\\/\\\/www.facebook.com\\\/qtmm.info\\\/\"]},{\"@type\":\"Person\",\"@id\":\"https:\\\/\\\/qtmm.org\\\/qt\\\/#\\\/schema\\\/person\\\/de562469f971dec226ac06e60bbf74a7\",\"name\":\"Developer\",\"image\":{\"@type\":\"ImageObject\",\"inLanguage\":\"qt\",\"@id\":\"https:\\\/\\\/secure.gravatar.com\\\/avatar\\\/392b4cc8fbfeb00b39dfeeab4ee6edded39ffd48e25858637e4765810300227e?s=96&d=mm&r=g\",\"url\":\"https:\\\/\\\/secure.gravatar.com\\\/avatar\\\/392b4cc8fbfeb00b39dfeeab4ee6edded39ffd48e25858637e4765810300227e?s=96&d=mm&r=g\",\"contentUrl\":\"https:\\\/\\\/secure.gravatar.com\\\/avatar\\\/392b4cc8fbfeb00b39dfeeab4ee6edded39ffd48e25858637e4765810300227e?s=96&d=mm&r=g\",\"caption\":\"Developer\"},\"url\":\"https:\\\/\\\/qtmm.org\\\/qt\\\/author\\\/Developer\\\/\"}]}<\/script>\n<!-- \/ Yoast SEO plugin. -->","yoast_head_json":{"title":"Mecliste semetde\u015flerimizge mesken evlerini qullanuv\u011fa teslim et\u00fcv i\u015finde yard\u0131m etmek boyunca ya\u00f1\u0131 te\u015febb\u00fcsler amelge ke\u00e7irile - \u041c\u0435\u0434\u0436\u043b\u0456\u0441","robots":{"index":"index","follow":"follow","max-snippet":"max-snippet:-1","max-image-preview":"max-image-preview:large","max-video-preview":"max-video-preview:-1"},"canonical":"https:\/\/qtmm.org\/qt\/mecliste-semetdeslerimizge-mesken-evlerini-qullanuvga-teslim-etuv-isinde-yardim-etmek-boyunca-yani-tesebbusler-amelge-kecirile\/","og_locale":"en_US","og_type":"article","og_title":"Mecliste semetde\u015flerimizge mesken evlerini qullanuv\u011fa teslim et\u00fcv i\u015finde yard\u0131m etmek boyunca ya\u00f1\u0131 te\u015febb\u00fcsler amelge ke\u00e7irile - \u041c\u0435\u0434\u0436\u043b\u0456\u0441","og_description":"2014 senesi yanvar 12 k\u00fcn\u00fc Meclis reberlerini\u00f1 regional ve yerli meclisler, yerli \u015furalarn\u0131\u00f1 deputatlar\u0131 ve Aqme\u00e7it region\u0131ndan 6 \u00e7a\u011f\u0131r\u0131l\u0131\u015f Qurultay\u011fa saylan\u011fan delegatlar ile \u00f6tkerilgen topla\u015fuvdan so\u00f1 Meclis reisi Refat \u00c7ubarov ve Meclisni\u00f1 q\u0131r\u0131mtatar milliy areketi veteranlar\u0131, cemaat te\u015fkil\u00e2tlar\u0131nen ba\u011flanuv idaresi ba\u015f\u0131n\u0131\u00f1 muavini Dinara Seyitgaziyeva Aqme\u00e7it regional meclis reisi \u015eevket Smailov\u011fa Yar\u0131l\u011fa\u00e7 k\u00f6y\u00fcnde \u00fc\u00e7 q\u0131r\u0131mtatar ailesine [&hellip;]","og_url":"https:\/\/qtmm.org\/qt\/mecliste-semetdeslerimizge-mesken-evlerini-qullanuvga-teslim-etuv-isinde-yardim-etmek-boyunca-yani-tesebbusler-amelge-kecirile\/","og_site_name":"\u041c\u0435\u0434\u0436\u043b\u0456\u0441","article_publisher":"https:\/\/www.facebook.com\/qtmm.info\/","article_published_time":"2014-01-14T13:31:00+00:00","article_modified_time":"2022-01-27T13:32:40+00:00","og_image":[{"width":650,"height":360,"url":"https:\/\/qtmm.org\/wp-content\/uploads\/2022\/01\/chernomorskoe.jpeg","type":"image\/jpeg"}],"author":"Developer","twitter_card":"summary_large_image","twitter_misc":{"Written by":"Developer","Est. reading time":"2 minutes"},"schema":{"@context":"https:\/\/schema.org","@graph":[{"@type":"Article","@id":"https:\/\/qtmm.org\/qt\/mecliste-semetdeslerimizge-mesken-evlerini-qullanuvga-teslim-etuv-isinde-yardim-etmek-boyunca-yani-tesebbusler-amelge-kecirile\/#article","isPartOf":{"@id":"https:\/\/qtmm.org\/qt\/mecliste-semetdeslerimizge-mesken-evlerini-qullanuvga-teslim-etuv-isinde-yardim-etmek-boyunca-yani-tesebbusler-amelge-kecirile\/"},"author":{"name":"Developer","@id":"https:\/\/qtmm.org\/qt\/#\/schema\/person\/de562469f971dec226ac06e60bbf74a7"},"headline":"Mecliste semetde\u015flerimizge mesken evlerini qullanuv\u011fa teslim et\u00fcv i\u015finde yard\u0131m etmek boyunca ya\u00f1\u0131 te\u015febb\u00fcsler amelge ke\u00e7irile","datePublished":"2014-01-14T13:31:00+00:00","dateModified":"2022-01-27T13:32:40+00:00","mainEntityOfPage":{"@id":"https:\/\/qtmm.org\/qt\/mecliste-semetdeslerimizge-mesken-evlerini-qullanuvga-teslim-etuv-isinde-yardim-etmek-boyunca-yani-tesebbusler-amelge-kecirile\/"},"wordCount":382,"commentCount":0,"publisher":{"@id":"https:\/\/qtmm.org\/qt\/#organization"},"image":{"@id":"https:\/\/qtmm.org\/qt\/mecliste-semetdeslerimizge-mesken-evlerini-qullanuvga-teslim-etuv-isinde-yardim-etmek-boyunca-yani-tesebbusler-amelge-kecirile\/#primaryimage"},"thumbnailUrl":"https:\/\/qtmm.org\/wp-content\/uploads\/2022\/01\/chernomorskoe.jpeg","articleSection":["Haberler"],"inLanguage":"qt","potentialAction":[{"@type":"CommentAction","name":"Comment","target":["https:\/\/qtmm.org\/qt\/mecliste-semetdeslerimizge-mesken-evlerini-qullanuvga-teslim-etuv-isinde-yardim-etmek-boyunca-yani-tesebbusler-amelge-kecirile\/#respond"]}]},{"@type":"WebPage","@id":"https:\/\/qtmm.org\/qt\/mecliste-semetdeslerimizge-mesken-evlerini-qullanuvga-teslim-etuv-isinde-yardim-etmek-boyunca-yani-tesebbusler-amelge-kecirile\/","url":"https:\/\/qtmm.org\/qt\/mecliste-semetdeslerimizge-mesken-evlerini-qullanuvga-teslim-etuv-isinde-yardim-etmek-boyunca-yani-tesebbusler-amelge-kecirile\/","name":"Mecliste semetde\u015flerimizge mesken evlerini qullanuv\u011fa teslim et\u00fcv i\u015finde yard\u0131m etmek boyunca ya\u00f1\u0131 te\u015febb\u00fcsler amelge ke\u00e7irile - \u041c\u0435\u0434\u0436\u043b\u0456\u0441","isPartOf":{"@id":"https:\/\/qtmm.org\/qt\/#website"},"primaryImageOfPage":{"@id":"https:\/\/qtmm.org\/qt\/mecliste-semetdeslerimizge-mesken-evlerini-qullanuvga-teslim-etuv-isinde-yardim-etmek-boyunca-yani-tesebbusler-amelge-kecirile\/#primaryimage"},"image":{"@id":"https:\/\/qtmm.org\/qt\/mecliste-semetdeslerimizge-mesken-evlerini-qullanuvga-teslim-etuv-isinde-yardim-etmek-boyunca-yani-tesebbusler-amelge-kecirile\/#primaryimage"},"thumbnailUrl":"https:\/\/qtmm.org\/wp-content\/uploads\/2022\/01\/chernomorskoe.jpeg","datePublished":"2014-01-14T13:31:00+00:00","dateModified":"2022-01-27T13:32:40+00:00","breadcrumb":{"@id":"https:\/\/qtmm.org\/qt\/mecliste-semetdeslerimizge-mesken-evlerini-qullanuvga-teslim-etuv-isinde-yardim-etmek-boyunca-yani-tesebbusler-amelge-kecirile\/#breadcrumb"},"inLanguage":"qt","potentialAction":[{"@type":"ReadAction","target":["https:\/\/qtmm.org\/qt\/mecliste-semetdeslerimizge-mesken-evlerini-qullanuvga-teslim-etuv-isinde-yardim-etmek-boyunca-yani-tesebbusler-amelge-kecirile\/"]}]},{"@type":"ImageObject","inLanguage":"qt","@id":"https:\/\/qtmm.org\/qt\/mecliste-semetdeslerimizge-mesken-evlerini-qullanuvga-teslim-etuv-isinde-yardim-etmek-boyunca-yani-tesebbusler-amelge-kecirile\/#primaryimage","url":"https:\/\/qtmm.org\/wp-content\/uploads\/2022\/01\/chernomorskoe.jpeg","contentUrl":"https:\/\/qtmm.org\/wp-content\/uploads\/2022\/01\/chernomorskoe.jpeg","width":650,"height":360},{"@type":"BreadcrumbList","@id":"https:\/\/qtmm.org\/qt\/mecliste-semetdeslerimizge-mesken-evlerini-qullanuvga-teslim-etuv-isinde-yardim-etmek-boyunca-yani-tesebbusler-amelge-kecirile\/#breadcrumb","itemListElement":[{"@type":"ListItem","position":1,"name":"\u0413\u043e\u043b\u043e\u0432\u043d\u0430","item":"https:\/\/qtmm.org\/qt\/"},{"@type":"ListItem","position":2,"name":"Mecliste semetde\u015flerimizge mesken evlerini qullanuv\u011fa teslim et\u00fcv i\u015finde yard\u0131m etmek boyunca ya\u00f1\u0131 te\u015febb\u00fcsler amelge ke\u00e7irile"}]},{"@type":"WebSite","@id":"https:\/\/qtmm.org\/qt\/#website","url":"https:\/\/qtmm.org\/qt\/","name":"\u041c\u0435\u0434\u0436\u043b\u0456\u0441","description":"","publisher":{"@id":"https:\/\/qtmm.org\/qt\/#organization"},"potentialAction":[{"@type":"SearchAction","target":{"@type":"EntryPoint","urlTemplate":"https:\/\/qtmm.org\/qt\/?s={search_term_string}"},"query-input":{"@type":"PropertyValueSpecification","valueRequired":true,"valueName":"search_term_string"}}],"inLanguage":"qt"},{"@type":"Organization","@id":"https:\/\/qtmm.org\/qt\/#organization","name":"\u041c\u0435\u0434\u0436\u043b\u0456\u0441","url":"https:\/\/qtmm.org\/qt\/","logo":{"@type":"ImageObject","inLanguage":"qt","@id":"https:\/\/qtmm.org\/qt\/#\/schema\/logo\/image\/","url":"https:\/\/qtmm.org\/wp-content\/uploads\/2024\/12\/ua-mejlis-logo-rgb.svg","contentUrl":"https:\/\/qtmm.org\/wp-content\/uploads\/2024\/12\/ua-mejlis-logo-rgb.svg","caption":"\u041c\u0435\u0434\u0436\u043b\u0456\u0441"},"image":{"@id":"https:\/\/qtmm.org\/qt\/#\/schema\/logo\/image\/"},"sameAs":["https:\/\/www.facebook.com\/qtmm.info\/"]},{"@type":"Person","@id":"https:\/\/qtmm.org\/qt\/#\/schema\/person\/de562469f971dec226ac06e60bbf74a7","name":"Developer","image":{"@type":"ImageObject","inLanguage":"qt","@id":"https:\/\/secure.gravatar.com\/avatar\/392b4cc8fbfeb00b39dfeeab4ee6edded39ffd48e25858637e4765810300227e?s=96&d=mm&r=g","url":"https:\/\/secure.gravatar.com\/avatar\/392b4cc8fbfeb00b39dfeeab4ee6edded39ffd48e25858637e4765810300227e?s=96&d=mm&r=g","contentUrl":"https:\/\/secure.gravatar.com\/avatar\/392b4cc8fbfeb00b39dfeeab4ee6edded39ffd48e25858637e4765810300227e?s=96&d=mm&r=g","caption":"Developer"},"url":"https:\/\/qtmm.org\/qt\/author\/Developer\/"}]}},"_links":{"self":[{"href":"https:\/\/qtmm.org\/qt\/wp-json\/wp\/v2\/posts\/42447","targetHints":{"allow":["GET"]}}],"collection":[{"href":"https:\/\/qtmm.org\/qt\/wp-json\/wp\/v2\/posts"}],"about":[{"href":"https:\/\/qtmm.org\/qt\/wp-json\/wp\/v2\/types\/post"}],"author":[{"embeddable":true,"href":"https:\/\/qtmm.org\/qt\/wp-json\/wp\/v2\/users\/1"}],"replies":[{"embeddable":true,"href":"https:\/\/qtmm.org\/qt\/wp-json\/wp\/v2\/comments?post=42447"}],"version-history":[{"count":1,"href":"https:\/\/qtmm.org\/qt\/wp-json\/wp\/v2\/posts\/42447\/revisions"}],"predecessor-version":[{"id":42452,"href":"https:\/\/qtmm.org\/qt\/wp-json\/wp\/v2\/posts\/42447\/revisions\/42452"}],"wp:featuredmedia":[{"embeddable":true,"href":"https:\/\/qtmm.org\/qt\/wp-json\/wp\/v2\/media\/42448"}],"wp:attachment":[{"href":"https:\/\/qtmm.org\/qt\/wp-json\/wp\/v2\/media?parent=42447"}],"wp:term":[{"taxonomy":"category","embeddable":true,"href":"https:\/\/qtmm.org\/qt\/wp-json\/wp\/v2\/categories?post=42447"},{"taxonomy":"post_tag","embeddable":true,"href":"https:\/\/qtmm.org\/qt\/wp-json\/wp\/v2\/tags?post=42447"}],"curies":[{"name":"wp","href":"https:\/\/api.w.org\/{rel}","templated":true}]}}