




{"id":42445,"date":"2014-01-14T16:30:00","date_gmt":"2014-01-14T13:30:00","guid":{"rendered":"http:\/\/qtmm.org\/?p=42445"},"modified":"2022-01-27T16:31:12","modified_gmt":"2022-01-27T13:31:12","slug":"trakayda-qarli-korusuv-istirakcilerine-resmiy-sekilde-ukrainada-qirimtatarlarnin-vaziyeti-aqqinda-muracaat-berildi","status":"publish","type":"post","link":"https:\/\/qtmm.org\/qt\/trakayda-qarli-korusuv-istirakcilerine-resmiy-sekilde-ukrainada-qirimtatarlarnin-vaziyeti-aqqinda-muracaat-berildi\/","title":{"rendered":"Trakayda \u00abQarl\u0131 k\u00f6r\u00fc\u015f\u00fcv\u00bb i\u015ftirak\u00e7ilerine resmiy \u015fekilde Ukrainada q\u0131r\u0131mtatarlarn\u0131\u00f1 vaziyeti aqq\u0131nda muracaat berildi"},"content":{"rendered":"\n<p>2014 senesi yanvar 9 k\u00fcn\u00fc Q\u0131r\u0131mtatar halq\u0131 Meclisini\u00f1 Litvaniyadaki temsilcisi Adas Yakubauskas Liitvaniya T\u0131\u015fq\u0131 i\u015fler nazirliginde bulun\u0131p, Litvaniya T\u0131\u015fq\u0131 i\u015fler nazirini\u00f1 mesleat\u00e7\u0131s\u0131na Meclis temsilciligi ad\u0131ndan Trakay \u015feerinde ekspertler ve strateglerni\u00f1 &#8220;Qarl\u0131 k\u00f6r\u00fc\u015f\u00fcv&#8221; adl\u0131 halqara k\u00f6r\u00fc\u015f\u00fcv i\u015ftirak\u00e7ilerine muracaatn\u0131 berdi.<\/p>\n\n\n\n<p>Bu sene halqara tedbirde belli \u00e7etelli ve litvaniyal\u0131 siyaset\u00e7iler, \u00e7inovnikler ve ekspertler, c\u00fcmleden Estoniya, Romaniya, Slovakiya, \u0130sve\u00e7re t\u0131\u015fq\u0131 i\u015fler nazirleri, AQ\u015e devlet k\u00e2tibini\u00f1 avropa ve avroasiya i\u015fleri muavini, NATOda Avropa Birligi ba\u015f k\u00e2tibini\u00f1 muavini, NATO m\u00fctehass\u0131slar\u0131, \u015eimaliy ve Balt\u0131q devletleri halqara analitik ve tedqiqat merkezlerini\u00f1 hadimleri i\u015ftirak ettiler.<\/p>\n\n\n\n<p>Meclis temsilciligi bergen muracaatta q\u0131r\u0131mtatar halq\u0131n\u0131\u00f1 Ukrainada vaziyeti talil etilgen.<br><br><em><strong>Mal\u00fcmat i\u00e7\u00fcn:<\/strong>&nbsp;&#8220;Qarl\u0131 k\u00f6r\u00fc\u015f\u00fcv&#8221; &#8211; Litvaniya T\u0131\u015fq\u0131 i\u015fler nazirligi te\u015fkil\u00e2tland\u0131r\u011fan ananeviy halqara k\u00f6r\u00fc\u015f\u00fcvdir. Tedbir i\u015ftirak\u00e7ileri 2014 senesi tel\u00fckesizlik siyaseti meselelerini, NATOn\u0131\u00f1 sammiti, Viln\u00fcs sammitinden so\u00f1 Avropa Birligini\u00f1 \u015farqiy ortaql\u0131q meseleleri muzakere etildi. So\u00f1ki mesele munasebetinen tedbirge Ukrainada muhalifet areketini\u00f1 yetek\u00e7ilerinden biri, Ukraina halq deputat\u0131 P\u00f6tr Poro\u015fenko keldi.<\/em><\/p>\n","protected":false},"excerpt":{"rendered":"<p>2014 senesi yanvar 9 k\u00fcn\u00fc Q\u0131r\u0131mtatar halq\u0131 Meclisini\u00f1 Litvaniyadaki temsilcisi Adas Yakubauskas Liitvaniya T\u0131\u015fq\u0131 i\u015fler nazirliginde bulun\u0131p, Litvaniya T\u0131\u015fq\u0131 i\u015fler nazirini\u00f1 mesleat\u00e7\u0131s\u0131na Meclis temsilciligi ad\u0131ndan Trakay \u015feerinde ekspertler ve strateglerni\u00f1 &#8220;Qarl\u0131 k\u00f6r\u00fc\u015f\u00fcv&#8221; adl\u0131 halqara k\u00f6r\u00fc\u015f\u00fcv i\u015ftirak\u00e7ilerine muracaatn\u0131 berdi. Bu sene halqara tedbirde belli \u00e7etelli ve litvaniyal\u0131 siyaset\u00e7iler, \u00e7inovnikler ve ekspertler, c\u00fcmleden Estoniya, Romaniya, Slovakiya, \u0130sve\u00e7re [&hellip;]<\/p>\n","protected":false},"author":1,"featured_media":0,"comment_status":"open","ping_status":"open","sticky":false,"template":"","format":"standard","meta":{"inline_featured_image":false,"footnotes":""},"categories":[265],"tags":[],"class_list":["post-42445","post","type-post","status-publish","format-standard","hentry","category-haberler"],"acf":[],"yoast_head":"<!-- This site is optimized with the Yoast SEO plugin v27.4 - https:\/\/yoast.com\/product\/yoast-seo-wordpress\/ -->\n<title>Trakayda \u00abQarl\u0131 k\u00f6r\u00fc\u015f\u00fcv\u00bb i\u015ftirak\u00e7ilerine resmiy \u015fekilde Ukrainada q\u0131r\u0131mtatarlarn\u0131\u00f1 vaziyeti aqq\u0131nda muracaat berildi - \u041c\u0435\u0434\u0436\u043b\u0456\u0441<\/title>\n<meta name=\"robots\" content=\"index, follow, max-snippet:-1, max-image-preview:large, max-video-preview:-1\" \/>\n<link rel=\"canonical\" href=\"https:\/\/qtmm.org\/qt\/trakayda-qarli-korusuv-istirakcilerine-resmiy-sekilde-ukrainada-qirimtatarlarnin-vaziyeti-aqqinda-muracaat-berildi\/\" \/>\n<meta property=\"og:locale\" content=\"en_US\" \/>\n<meta property=\"og:type\" content=\"article\" \/>\n<meta property=\"og:title\" content=\"Trakayda \u00abQarl\u0131 k\u00f6r\u00fc\u015f\u00fcv\u00bb i\u015ftirak\u00e7ilerine resmiy \u015fekilde Ukrainada q\u0131r\u0131mtatarlarn\u0131\u00f1 vaziyeti aqq\u0131nda muracaat berildi - \u041c\u0435\u0434\u0436\u043b\u0456\u0441\" \/>\n<meta property=\"og:description\" content=\"2014 senesi yanvar 9 k\u00fcn\u00fc Q\u0131r\u0131mtatar halq\u0131 Meclisini\u00f1 Litvaniyadaki temsilcisi Adas Yakubauskas Liitvaniya T\u0131\u015fq\u0131 i\u015fler nazirliginde bulun\u0131p, Litvaniya T\u0131\u015fq\u0131 i\u015fler nazirini\u00f1 mesleat\u00e7\u0131s\u0131na Meclis temsilciligi ad\u0131ndan Trakay \u015feerinde ekspertler ve strateglerni\u00f1 &#8220;Qarl\u0131 k\u00f6r\u00fc\u015f\u00fcv&#8221; adl\u0131 halqara k\u00f6r\u00fc\u015f\u00fcv i\u015ftirak\u00e7ilerine muracaatn\u0131 berdi. Bu sene halqara tedbirde belli \u00e7etelli ve litvaniyal\u0131 siyaset\u00e7iler, \u00e7inovnikler ve ekspertler, c\u00fcmleden Estoniya, Romaniya, Slovakiya, \u0130sve\u00e7re [&hellip;]\" \/>\n<meta property=\"og:url\" content=\"https:\/\/qtmm.org\/qt\/trakayda-qarli-korusuv-istirakcilerine-resmiy-sekilde-ukrainada-qirimtatarlarnin-vaziyeti-aqqinda-muracaat-berildi\/\" \/>\n<meta property=\"og:site_name\" content=\"\u041c\u0435\u0434\u0436\u043b\u0456\u0441\" \/>\n<meta property=\"article:publisher\" content=\"https:\/\/www.facebook.com\/qtmm.info\/\" \/>\n<meta property=\"article:published_time\" content=\"2014-01-14T13:30:00+00:00\" \/>\n<meta property=\"article:modified_time\" content=\"2022-01-27T13:31:12+00:00\" \/>\n<meta name=\"author\" content=\"Developer\" \/>\n<meta name=\"twitter:card\" content=\"summary_large_image\" \/>\n<meta name=\"twitter:label1\" content=\"Written by\" \/>\n\t<meta name=\"twitter:data1\" content=\"Developer\" \/>\n\t<meta name=\"twitter:label2\" content=\"Est. reading time\" \/>\n\t<meta name=\"twitter:data2\" content=\"1 minute\" \/>\n<script type=\"application\/ld+json\" class=\"yoast-schema-graph\">{\"@context\":\"https:\\\/\\\/schema.org\",\"@graph\":[{\"@type\":\"Article\",\"@id\":\"https:\\\/\\\/qtmm.org\\\/qt\\\/trakayda-qarli-korusuv-istirakcilerine-resmiy-sekilde-ukrainada-qirimtatarlarnin-vaziyeti-aqqinda-muracaat-berildi\\\/#article\",\"isPartOf\":{\"@id\":\"https:\\\/\\\/qtmm.org\\\/qt\\\/trakayda-qarli-korusuv-istirakcilerine-resmiy-sekilde-ukrainada-qirimtatarlarnin-vaziyeti-aqqinda-muracaat-berildi\\\/\"},\"author\":{\"name\":\"Developer\",\"@id\":\"https:\\\/\\\/qtmm.org\\\/qt\\\/#\\\/schema\\\/person\\\/de562469f971dec226ac06e60bbf74a7\"},\"headline\":\"Trakayda \u00abQarl\u0131 k\u00f6r\u00fc\u015f\u00fcv\u00bb i\u015ftirak\u00e7ilerine resmiy \u015fekilde Ukrainada q\u0131r\u0131mtatarlarn\u0131\u00f1 vaziyeti aqq\u0131nda muracaat berildi\",\"datePublished\":\"2014-01-14T13:30:00+00:00\",\"dateModified\":\"2022-01-27T13:31:12+00:00\",\"mainEntityOfPage\":{\"@id\":\"https:\\\/\\\/qtmm.org\\\/qt\\\/trakayda-qarli-korusuv-istirakcilerine-resmiy-sekilde-ukrainada-qirimtatarlarnin-vaziyeti-aqqinda-muracaat-berildi\\\/\"},\"wordCount\":213,\"commentCount\":0,\"publisher\":{\"@id\":\"https:\\\/\\\/qtmm.org\\\/qt\\\/#organization\"},\"articleSection\":[\"Haberler\"],\"inLanguage\":\"qt\",\"potentialAction\":[{\"@type\":\"CommentAction\",\"name\":\"Comment\",\"target\":[\"https:\\\/\\\/qtmm.org\\\/qt\\\/trakayda-qarli-korusuv-istirakcilerine-resmiy-sekilde-ukrainada-qirimtatarlarnin-vaziyeti-aqqinda-muracaat-berildi\\\/#respond\"]}]},{\"@type\":\"WebPage\",\"@id\":\"https:\\\/\\\/qtmm.org\\\/qt\\\/trakayda-qarli-korusuv-istirakcilerine-resmiy-sekilde-ukrainada-qirimtatarlarnin-vaziyeti-aqqinda-muracaat-berildi\\\/\",\"url\":\"https:\\\/\\\/qtmm.org\\\/qt\\\/trakayda-qarli-korusuv-istirakcilerine-resmiy-sekilde-ukrainada-qirimtatarlarnin-vaziyeti-aqqinda-muracaat-berildi\\\/\",\"name\":\"Trakayda \u00abQarl\u0131 k\u00f6r\u00fc\u015f\u00fcv\u00bb i\u015ftirak\u00e7ilerine resmiy \u015fekilde Ukrainada q\u0131r\u0131mtatarlarn\u0131\u00f1 vaziyeti aqq\u0131nda muracaat berildi - \u041c\u0435\u0434\u0436\u043b\u0456\u0441\",\"isPartOf\":{\"@id\":\"https:\\\/\\\/qtmm.org\\\/qt\\\/#website\"},\"datePublished\":\"2014-01-14T13:30:00+00:00\",\"dateModified\":\"2022-01-27T13:31:12+00:00\",\"breadcrumb\":{\"@id\":\"https:\\\/\\\/qtmm.org\\\/qt\\\/trakayda-qarli-korusuv-istirakcilerine-resmiy-sekilde-ukrainada-qirimtatarlarnin-vaziyeti-aqqinda-muracaat-berildi\\\/#breadcrumb\"},\"inLanguage\":\"qt\",\"potentialAction\":[{\"@type\":\"ReadAction\",\"target\":[\"https:\\\/\\\/qtmm.org\\\/qt\\\/trakayda-qarli-korusuv-istirakcilerine-resmiy-sekilde-ukrainada-qirimtatarlarnin-vaziyeti-aqqinda-muracaat-berildi\\\/\"]}]},{\"@type\":\"BreadcrumbList\",\"@id\":\"https:\\\/\\\/qtmm.org\\\/qt\\\/trakayda-qarli-korusuv-istirakcilerine-resmiy-sekilde-ukrainada-qirimtatarlarnin-vaziyeti-aqqinda-muracaat-berildi\\\/#breadcrumb\",\"itemListElement\":[{\"@type\":\"ListItem\",\"position\":1,\"name\":\"\u0413\u043e\u043b\u043e\u0432\u043d\u0430\",\"item\":\"https:\\\/\\\/qtmm.org\\\/qt\\\/\"},{\"@type\":\"ListItem\",\"position\":2,\"name\":\"Trakayda \u00abQarl\u0131 k\u00f6r\u00fc\u015f\u00fcv\u00bb i\u015ftirak\u00e7ilerine resmiy \u015fekilde Ukrainada q\u0131r\u0131mtatarlarn\u0131\u00f1 vaziyeti aqq\u0131nda muracaat berildi\"}]},{\"@type\":\"WebSite\",\"@id\":\"https:\\\/\\\/qtmm.org\\\/qt\\\/#website\",\"url\":\"https:\\\/\\\/qtmm.org\\\/qt\\\/\",\"name\":\"\u041c\u0435\u0434\u0436\u043b\u0456\u0441\",\"description\":\"\",\"publisher\":{\"@id\":\"https:\\\/\\\/qtmm.org\\\/qt\\\/#organization\"},\"potentialAction\":[{\"@type\":\"SearchAction\",\"target\":{\"@type\":\"EntryPoint\",\"urlTemplate\":\"https:\\\/\\\/qtmm.org\\\/qt\\\/?s={search_term_string}\"},\"query-input\":{\"@type\":\"PropertyValueSpecification\",\"valueRequired\":true,\"valueName\":\"search_term_string\"}}],\"inLanguage\":\"qt\"},{\"@type\":\"Organization\",\"@id\":\"https:\\\/\\\/qtmm.org\\\/qt\\\/#organization\",\"name\":\"\u041c\u0435\u0434\u0436\u043b\u0456\u0441\",\"url\":\"https:\\\/\\\/qtmm.org\\\/qt\\\/\",\"logo\":{\"@type\":\"ImageObject\",\"inLanguage\":\"qt\",\"@id\":\"https:\\\/\\\/qtmm.org\\\/qt\\\/#\\\/schema\\\/logo\\\/image\\\/\",\"url\":\"https:\\\/\\\/qtmm.org\\\/wp-content\\\/uploads\\\/2024\\\/12\\\/ua-mejlis-logo-rgb.svg\",\"contentUrl\":\"https:\\\/\\\/qtmm.org\\\/wp-content\\\/uploads\\\/2024\\\/12\\\/ua-mejlis-logo-rgb.svg\",\"caption\":\"\u041c\u0435\u0434\u0436\u043b\u0456\u0441\"},\"image\":{\"@id\":\"https:\\\/\\\/qtmm.org\\\/qt\\\/#\\\/schema\\\/logo\\\/image\\\/\"},\"sameAs\":[\"https:\\\/\\\/www.facebook.com\\\/qtmm.info\\\/\"]},{\"@type\":\"Person\",\"@id\":\"https:\\\/\\\/qtmm.org\\\/qt\\\/#\\\/schema\\\/person\\\/de562469f971dec226ac06e60bbf74a7\",\"name\":\"Developer\",\"image\":{\"@type\":\"ImageObject\",\"inLanguage\":\"qt\",\"@id\":\"https:\\\/\\\/secure.gravatar.com\\\/avatar\\\/392b4cc8fbfeb00b39dfeeab4ee6edded39ffd48e25858637e4765810300227e?s=96&d=mm&r=g\",\"url\":\"https:\\\/\\\/secure.gravatar.com\\\/avatar\\\/392b4cc8fbfeb00b39dfeeab4ee6edded39ffd48e25858637e4765810300227e?s=96&d=mm&r=g\",\"contentUrl\":\"https:\\\/\\\/secure.gravatar.com\\\/avatar\\\/392b4cc8fbfeb00b39dfeeab4ee6edded39ffd48e25858637e4765810300227e?s=96&d=mm&r=g\",\"caption\":\"Developer\"},\"url\":\"https:\\\/\\\/qtmm.org\\\/qt\\\/author\\\/Developer\\\/\"}]}<\/script>\n<!-- \/ Yoast SEO plugin. -->","yoast_head_json":{"title":"Trakayda \u00abQarl\u0131 k\u00f6r\u00fc\u015f\u00fcv\u00bb i\u015ftirak\u00e7ilerine resmiy \u015fekilde Ukrainada q\u0131r\u0131mtatarlarn\u0131\u00f1 vaziyeti aqq\u0131nda muracaat berildi - \u041c\u0435\u0434\u0436\u043b\u0456\u0441","robots":{"index":"index","follow":"follow","max-snippet":"max-snippet:-1","max-image-preview":"max-image-preview:large","max-video-preview":"max-video-preview:-1"},"canonical":"https:\/\/qtmm.org\/qt\/trakayda-qarli-korusuv-istirakcilerine-resmiy-sekilde-ukrainada-qirimtatarlarnin-vaziyeti-aqqinda-muracaat-berildi\/","og_locale":"en_US","og_type":"article","og_title":"Trakayda \u00abQarl\u0131 k\u00f6r\u00fc\u015f\u00fcv\u00bb i\u015ftirak\u00e7ilerine resmiy \u015fekilde Ukrainada q\u0131r\u0131mtatarlarn\u0131\u00f1 vaziyeti aqq\u0131nda muracaat berildi - \u041c\u0435\u0434\u0436\u043b\u0456\u0441","og_description":"2014 senesi yanvar 9 k\u00fcn\u00fc Q\u0131r\u0131mtatar halq\u0131 Meclisini\u00f1 Litvaniyadaki temsilcisi Adas Yakubauskas Liitvaniya T\u0131\u015fq\u0131 i\u015fler nazirliginde bulun\u0131p, Litvaniya T\u0131\u015fq\u0131 i\u015fler nazirini\u00f1 mesleat\u00e7\u0131s\u0131na Meclis temsilciligi ad\u0131ndan Trakay \u015feerinde ekspertler ve strateglerni\u00f1 &#8220;Qarl\u0131 k\u00f6r\u00fc\u015f\u00fcv&#8221; adl\u0131 halqara k\u00f6r\u00fc\u015f\u00fcv i\u015ftirak\u00e7ilerine muracaatn\u0131 berdi. Bu sene halqara tedbirde belli \u00e7etelli ve litvaniyal\u0131 siyaset\u00e7iler, \u00e7inovnikler ve ekspertler, c\u00fcmleden Estoniya, Romaniya, Slovakiya, \u0130sve\u00e7re [&hellip;]","og_url":"https:\/\/qtmm.org\/qt\/trakayda-qarli-korusuv-istirakcilerine-resmiy-sekilde-ukrainada-qirimtatarlarnin-vaziyeti-aqqinda-muracaat-berildi\/","og_site_name":"\u041c\u0435\u0434\u0436\u043b\u0456\u0441","article_publisher":"https:\/\/www.facebook.com\/qtmm.info\/","article_published_time":"2014-01-14T13:30:00+00:00","article_modified_time":"2022-01-27T13:31:12+00:00","author":"Developer","twitter_card":"summary_large_image","twitter_misc":{"Written by":"Developer","Est. reading time":"1 minute"},"schema":{"@context":"https:\/\/schema.org","@graph":[{"@type":"Article","@id":"https:\/\/qtmm.org\/qt\/trakayda-qarli-korusuv-istirakcilerine-resmiy-sekilde-ukrainada-qirimtatarlarnin-vaziyeti-aqqinda-muracaat-berildi\/#article","isPartOf":{"@id":"https:\/\/qtmm.org\/qt\/trakayda-qarli-korusuv-istirakcilerine-resmiy-sekilde-ukrainada-qirimtatarlarnin-vaziyeti-aqqinda-muracaat-berildi\/"},"author":{"name":"Developer","@id":"https:\/\/qtmm.org\/qt\/#\/schema\/person\/de562469f971dec226ac06e60bbf74a7"},"headline":"Trakayda \u00abQarl\u0131 k\u00f6r\u00fc\u015f\u00fcv\u00bb i\u015ftirak\u00e7ilerine resmiy \u015fekilde Ukrainada q\u0131r\u0131mtatarlarn\u0131\u00f1 vaziyeti aqq\u0131nda muracaat berildi","datePublished":"2014-01-14T13:30:00+00:00","dateModified":"2022-01-27T13:31:12+00:00","mainEntityOfPage":{"@id":"https:\/\/qtmm.org\/qt\/trakayda-qarli-korusuv-istirakcilerine-resmiy-sekilde-ukrainada-qirimtatarlarnin-vaziyeti-aqqinda-muracaat-berildi\/"},"wordCount":213,"commentCount":0,"publisher":{"@id":"https:\/\/qtmm.org\/qt\/#organization"},"articleSection":["Haberler"],"inLanguage":"qt","potentialAction":[{"@type":"CommentAction","name":"Comment","target":["https:\/\/qtmm.org\/qt\/trakayda-qarli-korusuv-istirakcilerine-resmiy-sekilde-ukrainada-qirimtatarlarnin-vaziyeti-aqqinda-muracaat-berildi\/#respond"]}]},{"@type":"WebPage","@id":"https:\/\/qtmm.org\/qt\/trakayda-qarli-korusuv-istirakcilerine-resmiy-sekilde-ukrainada-qirimtatarlarnin-vaziyeti-aqqinda-muracaat-berildi\/","url":"https:\/\/qtmm.org\/qt\/trakayda-qarli-korusuv-istirakcilerine-resmiy-sekilde-ukrainada-qirimtatarlarnin-vaziyeti-aqqinda-muracaat-berildi\/","name":"Trakayda \u00abQarl\u0131 k\u00f6r\u00fc\u015f\u00fcv\u00bb i\u015ftirak\u00e7ilerine resmiy \u015fekilde Ukrainada q\u0131r\u0131mtatarlarn\u0131\u00f1 vaziyeti aqq\u0131nda muracaat berildi - \u041c\u0435\u0434\u0436\u043b\u0456\u0441","isPartOf":{"@id":"https:\/\/qtmm.org\/qt\/#website"},"datePublished":"2014-01-14T13:30:00+00:00","dateModified":"2022-01-27T13:31:12+00:00","breadcrumb":{"@id":"https:\/\/qtmm.org\/qt\/trakayda-qarli-korusuv-istirakcilerine-resmiy-sekilde-ukrainada-qirimtatarlarnin-vaziyeti-aqqinda-muracaat-berildi\/#breadcrumb"},"inLanguage":"qt","potentialAction":[{"@type":"ReadAction","target":["https:\/\/qtmm.org\/qt\/trakayda-qarli-korusuv-istirakcilerine-resmiy-sekilde-ukrainada-qirimtatarlarnin-vaziyeti-aqqinda-muracaat-berildi\/"]}]},{"@type":"BreadcrumbList","@id":"https:\/\/qtmm.org\/qt\/trakayda-qarli-korusuv-istirakcilerine-resmiy-sekilde-ukrainada-qirimtatarlarnin-vaziyeti-aqqinda-muracaat-berildi\/#breadcrumb","itemListElement":[{"@type":"ListItem","position":1,"name":"\u0413\u043e\u043b\u043e\u0432\u043d\u0430","item":"https:\/\/qtmm.org\/qt\/"},{"@type":"ListItem","position":2,"name":"Trakayda \u00abQarl\u0131 k\u00f6r\u00fc\u015f\u00fcv\u00bb i\u015ftirak\u00e7ilerine resmiy \u015fekilde Ukrainada q\u0131r\u0131mtatarlarn\u0131\u00f1 vaziyeti aqq\u0131nda muracaat berildi"}]},{"@type":"WebSite","@id":"https:\/\/qtmm.org\/qt\/#website","url":"https:\/\/qtmm.org\/qt\/","name":"\u041c\u0435\u0434\u0436\u043b\u0456\u0441","description":"","publisher":{"@id":"https:\/\/qtmm.org\/qt\/#organization"},"potentialAction":[{"@type":"SearchAction","target":{"@type":"EntryPoint","urlTemplate":"https:\/\/qtmm.org\/qt\/?s={search_term_string}"},"query-input":{"@type":"PropertyValueSpecification","valueRequired":true,"valueName":"search_term_string"}}],"inLanguage":"qt"},{"@type":"Organization","@id":"https:\/\/qtmm.org\/qt\/#organization","name":"\u041c\u0435\u0434\u0436\u043b\u0456\u0441","url":"https:\/\/qtmm.org\/qt\/","logo":{"@type":"ImageObject","inLanguage":"qt","@id":"https:\/\/qtmm.org\/qt\/#\/schema\/logo\/image\/","url":"https:\/\/qtmm.org\/wp-content\/uploads\/2024\/12\/ua-mejlis-logo-rgb.svg","contentUrl":"https:\/\/qtmm.org\/wp-content\/uploads\/2024\/12\/ua-mejlis-logo-rgb.svg","caption":"\u041c\u0435\u0434\u0436\u043b\u0456\u0441"},"image":{"@id":"https:\/\/qtmm.org\/qt\/#\/schema\/logo\/image\/"},"sameAs":["https:\/\/www.facebook.com\/qtmm.info\/"]},{"@type":"Person","@id":"https:\/\/qtmm.org\/qt\/#\/schema\/person\/de562469f971dec226ac06e60bbf74a7","name":"Developer","image":{"@type":"ImageObject","inLanguage":"qt","@id":"https:\/\/secure.gravatar.com\/avatar\/392b4cc8fbfeb00b39dfeeab4ee6edded39ffd48e25858637e4765810300227e?s=96&d=mm&r=g","url":"https:\/\/secure.gravatar.com\/avatar\/392b4cc8fbfeb00b39dfeeab4ee6edded39ffd48e25858637e4765810300227e?s=96&d=mm&r=g","contentUrl":"https:\/\/secure.gravatar.com\/avatar\/392b4cc8fbfeb00b39dfeeab4ee6edded39ffd48e25858637e4765810300227e?s=96&d=mm&r=g","caption":"Developer"},"url":"https:\/\/qtmm.org\/qt\/author\/Developer\/"}]}},"_links":{"self":[{"href":"https:\/\/qtmm.org\/qt\/wp-json\/wp\/v2\/posts\/42445","targetHints":{"allow":["GET"]}}],"collection":[{"href":"https:\/\/qtmm.org\/qt\/wp-json\/wp\/v2\/posts"}],"about":[{"href":"https:\/\/qtmm.org\/qt\/wp-json\/wp\/v2\/types\/post"}],"author":[{"embeddable":true,"href":"https:\/\/qtmm.org\/qt\/wp-json\/wp\/v2\/users\/1"}],"replies":[{"embeddable":true,"href":"https:\/\/qtmm.org\/qt\/wp-json\/wp\/v2\/comments?post=42445"}],"version-history":[{"count":1,"href":"https:\/\/qtmm.org\/qt\/wp-json\/wp\/v2\/posts\/42445\/revisions"}],"predecessor-version":[{"id":42446,"href":"https:\/\/qtmm.org\/qt\/wp-json\/wp\/v2\/posts\/42445\/revisions\/42446"}],"wp:attachment":[{"href":"https:\/\/qtmm.org\/qt\/wp-json\/wp\/v2\/media?parent=42445"}],"wp:term":[{"taxonomy":"category","embeddable":true,"href":"https:\/\/qtmm.org\/qt\/wp-json\/wp\/v2\/categories?post=42445"},{"taxonomy":"post_tag","embeddable":true,"href":"https:\/\/qtmm.org\/qt\/wp-json\/wp\/v2\/tags?post=42445"}],"curies":[{"name":"wp","href":"https:\/\/api.w.org\/{rel}","templated":true}]}}