




{"id":42399,"date":"2014-01-13T16:26:00","date_gmt":"2014-01-13T13:26:00","guid":{"rendered":"http:\/\/qtmm.org\/?p=42399"},"modified":"2022-01-27T16:30:30","modified_gmt":"2022-01-27T13:30:30","slug":"meclis-yolbsacilari-ve-meclis-idareleri-reberlerinin-kezlev-regioninda-korusuvi","status":"publish","type":"post","link":"https:\/\/qtmm.org\/qt\/meclis-yolbsacilari-ve-meclis-idareleri-reberlerinin-kezlev-regioninda-korusuvi\/","title":{"rendered":"Meclis yolb\u015fa\u00e7\u0131lar\u0131 ve Meclis idareleri reberlerini\u00f1 Kezlev region\u0131nda k\u00f6r\u00fc\u015f\u00fcvi"},"content":{"rendered":"\n<p>2014 senesi yanvar 11 k\u00fcn\u00fc Meclis yolba\u015f\u00e7\u0131lar\u0131 ve idare reberlerini\u00f1 Kezlev region\u0131ndan Qurultay delegatlar\u0131, yerli idare organlar\u0131n\u0131\u00f1 reisleri, yerli \u015furalar deputatlar\u0131 ve musulman cemiyetlerini\u00f1 reisleri ile regional k\u00f6r\u00fc\u015f\u00fcvi ol\u0131p ke\u00e7ti.<\/p>\n\n\n\n<figure class=\"wp-block-image size-full\"><img loading=\"lazy\" decoding=\"async\" width=\"650\" height=\"364\" src=\"http:\/\/qtmm.org\/wp-content\/uploads\/2022\/01\/1_149.jpeg\" alt=\"\" class=\"wp-image-42400\" srcset=\"https:\/\/qtmm.org\/wp-content\/uploads\/2022\/01\/1_149.jpeg 650w, https:\/\/qtmm.org\/wp-content\/uploads\/2022\/01\/1_149-300x168.jpeg 300w\" sizes=\"auto, (max-width: 650px) 100vw, 650px\" \/><\/figure>\n\n\n\n<p>Topla\u015fuvda Meclis reisi Refat \u00c7ubarov, reis muavinleri Zaur Smirnov, Ayder Acimambetov, Aslan \u00d6mer Q\u0131r\u0131ml\u0131, Nariman Cel\u00e2l, Ahtem \u00c7iygoz, Meclis idare ve h\u0131zmetlerini\u00f1 reberleri Seydamet Yagyayev, Bekir Mamutov ve Gayana Y\u00fcksel, Meclis azalar\u0131 Dinara Seytgaziyeva, Zeynur Yakubov, \u0130braim \u00c7egertma, Qurultay tefti\u015f komissiyas\u0131n\u0131\u00f1 reisi Ali \u00d6zenba\u015f, bun\u0131\u00f1 kibi de Kezlev regional meclis reisi Suleyman Abdullayev i\u015ftirak ettiler.<\/p>\n\n\n\n<p>Topla\u015fuv devam\u0131nda Meclis reisi Refat \u00c7ubarov toplan\u011fanlarn\u0131 2013 senesi dekabr ay\u0131nda Q\u0131r\u0131mn\u0131\u00f1 11 region\u0131nda \u00f6tkerilgen topla\u015fuvlar aqq\u0131nda mal\u00fcmat berip, \u015fu topla\u015fuvlarda Meclis idare ve h\u0131zmetlerinen, olarn\u0131\u00f1 vazifeleri ve vek\u00e2letlerinen tan\u0131\u015f etilgeni, regional meclislerni\u00f1 faaliyeti boyunca fikir payla\u015f\u0131l\u011fan\u0131n\u0131 bildirdi.<\/p>\n\n\n\n<figure class=\"wp-block-image size-full\"><img loading=\"lazy\" decoding=\"async\" width=\"650\" height=\"376\" src=\"http:\/\/qtmm.org\/wp-content\/uploads\/2022\/01\/3_119.jpeg\" alt=\"\" class=\"wp-image-42408\" srcset=\"https:\/\/qtmm.org\/wp-content\/uploads\/2022\/01\/3_119.jpeg 650w, https:\/\/qtmm.org\/wp-content\/uploads\/2022\/01\/3_119-300x174.jpeg 300w\" sizes=\"auto, (max-width: 650px) 100vw, 650px\" \/><\/figure>\n\n\n\n<p>&#8220;Birlikte semereli \u00e7al\u0131\u015fuv ve daimiy dialog milliy idare organlar\u0131n\u0131\u00f1 halq ile \u00e7al\u0131\u015fuv\u0131n\u0131\u00f1 esas\u0131d\u0131r&#8221;, &#8211; dep qayd etti R. \u00c7ubarov. Meclis reisini\u00f1 aytqan\u0131na k\u00f6re regionlarara k\u00f6r\u00fc\u015f\u00fcvlerni\u00f1 neticesi olaraq Aqmescitte b\u00fct\u00fcn regionlar vekillerini\u00f1 i\u015ftirakinde keni\u015f k\u00f6r\u00fc\u015f\u00fcv ke\u00e7irilip, onda milliy idare organlarn\u0131\u00f1 2014 senesine faaliyetini\u00f1 esas y\u00f6neli\u015fleri baq\u0131lacaq ve i\u015flenecek.<\/p>\n\n\n\n<p>Meclis reisini\u00f1 muavini Zaur Smirnov Kezlev regional meclis reisi ve azalar\u0131n\u0131\u00f1 diqqat\u0131n\u0131 \u00f6z faaliyetini planla\u015ft\u0131rmaq ve ke\u00e7irilgen tedbirlerni\u00f1 neticeleri boyunca muntazam s\u00fcrette esabat bermek zarurl\u0131\u011f\u0131na celp etti.<\/p>\n\n\n\n<figure class=\"wp-block-image size-full\"><img loading=\"lazy\" decoding=\"async\" width=\"650\" height=\"492\" src=\"http:\/\/qtmm.org\/wp-content\/uploads\/2022\/01\/4_107.jpeg\" alt=\"\" class=\"wp-image-42412\" srcset=\"https:\/\/qtmm.org\/wp-content\/uploads\/2022\/01\/4_107.jpeg 650w, https:\/\/qtmm.org\/wp-content\/uploads\/2022\/01\/4_107-300x227.jpeg 300w\" sizes=\"auto, (max-width: 650px) 100vw, 650px\" \/><\/figure>\n\n\n\n<p>Meclis idare ve h\u0131zmetlerini\u00f1 reberleri Kezlev region\u0131 aktivinen qonu\u015f\u0131rkenler, semetde\u015flerimiz aras\u0131nda milliy ne\u015firlerge abune olmaqn\u0131 te\u015fviq etmek kerekligini de qayd ettiler. &#8220;Bizim milliy gazetalar\u0131m\u0131z ve mecmualar\u0131m\u0131z, televideniye, radio ve internet ne\u015firler \u2013 bu sizi\u00f1 minberi\u00f1izdir, &#8211; dedi Meclisni\u00f1 medeniyet, tarih ve maneviy \u00f6m\u00fcr idaresini\u00f1 ba\u015f\u0131 Bekir Mamutov. \u2013 Yaz\u0131\u00f1\u0131z, telefon a\u00e7\u0131\u00f1\u0131z, ik\u00e2ye eti\u00f1iz, semetde\u015flerimiz \u00f6m\u00fcrinde ol\u011fan vaqialar aqq\u0131nda haber eti\u00f1iz, teklif ve fikirleri\u00f1iznen payla\u015f\u0131\u00f1\u0131z&#8221;.<\/p>\n\n\n\n<figure class=\"wp-block-image size-full\"><img loading=\"lazy\" decoding=\"async\" width=\"656\" height=\"364\" src=\"http:\/\/qtmm.org\/wp-content\/uploads\/2022\/01\/18.jpeg\" alt=\"\" class=\"wp-image-42416\" srcset=\"https:\/\/qtmm.org\/wp-content\/uploads\/2022\/01\/18.jpeg 656w, https:\/\/qtmm.org\/wp-content\/uploads\/2022\/01\/18-300x166.jpeg 300w\" sizes=\"auto, (max-width: 656px) 100vw, 656px\" \/><\/figure>\n\n\n\n<p>Meclis reisini\u00f1 muavinleri Ahtem \u00c7iygoz ve Ayder Acimambetov Kezlev region\u0131ndaki semetde\u015flerge \u015fun\u0131 haber ettiler ki, Q\u0131r\u0131mtatar halq\u0131 tarihiy vatan\u0131ndan s\u00fcrg\u00fcn etilgenini\u00f1 70-nci y\u0131ld\u00f6n\u00fcmi arfesinde 2013 senesini\u00f1 dekabr 10-ndan q\u0131r\u0131mtatarlarn\u0131\u00f1 siyasiy aktsiyas\u0131 ba\u015fland\u0131. On\u0131\u00f1 ba\u015f maqsad\u0131 q\u0131r\u0131mtatar halq\u0131 aqlar\u0131n\u0131\u00f1 \u011fayr\u0131dan tiklenmenmesidir.<\/p>\n\n\n\n<p>&#8220;Endi \u00e7oq vaq\u0131tt\u0131r ki devlet reberleri taraf\u0131ndan bu saada yap\u0131c\u0131, konkret bir qararlarn\u0131 k\u00f6rmeymiz, &#8211; dedi \u00c7iygoz. \u2013 \u015eu sebepten biz halq\u0131m\u0131z problemlerini\u00f1 adaletli ve obyektiv \u00e7ezilmesi o\u011frunda faal \u00e7arelerge ke\u00e7mege mecburm\u0131z&#8221;.<br><br>\u00d6z nevbetinde Aslan \u00d6mer Q\u0131r\u0131ml\u0131 \u00f6z idaresini\u00f1 i\u015fi aqq\u0131nda ayt\u0131rken, milliy idare organlar sistemas\u0131nda birinci kere qurul\u011fan m\u00fcessiseni\u00f1 ba\u015f vazifesi q\u0131r\u0131mtatar halq\u0131 iqtisadiyat\u0131 inki\u015faf\u0131n\u0131\u00f1, potentsial\u0131 ve istiqballeri strategiyas\u0131n\u0131 i\u015flemektir, dedi. &#8220;\u0130daremiz b\u00fct\u00fcn regional meclisler, regionn\u0131\u00f1 i\u015f adamlar\u0131 ile \u00e7al\u0131\u015fma\u011fa az\u0131r ve a\u00e7\u0131qt\u0131r, &#8211; dep qayd etti A.O.K\u0131r\u0131ml\u0131.<\/p>\n\n\n\n<figure class=\"wp-block-image size-full\"><img loading=\"lazy\" decoding=\"async\" width=\"650\" height=\"397\" src=\"http:\/\/qtmm.org\/wp-content\/uploads\/2022\/01\/17.jpeg\" alt=\"\" class=\"wp-image-42420\" srcset=\"https:\/\/qtmm.org\/wp-content\/uploads\/2022\/01\/17.jpeg 650w, https:\/\/qtmm.org\/wp-content\/uploads\/2022\/01\/17-300x183.jpeg 300w\" sizes=\"auto, (max-width: 650px) 100vw, 650px\" \/><\/figure>\n\n\n\n<p>Regionlarara k\u00f6r\u00fc\u015f\u00fcv devam\u0131nda regional meclis ve on\u0131\u00f1 temsilciliklerini\u00f1 faaliyetine ait a\u011f\u0131mdaki problemler boyunca fikir payla\u015f\u0131ld\u0131. Regional meclisni\u00f1 topla\u015fuvlar\u0131n\u0131 muntazam ke\u00e7irmek, saylavc\u0131lar \u00f6g\u00fcnde esabat bermek zarurl\u0131\u011f\u0131 qayd etilip, regional mecliske faqat hat\u0131ra k\u00fcnlerinde degil de, er k\u00fcn aktiv olmaq tevsiye etildi.<\/p>\n\n\n\n<figure class=\"wp-block-image size-full\"><img loading=\"lazy\" decoding=\"async\" width=\"650\" height=\"209\" src=\"http:\/\/qtmm.org\/wp-content\/uploads\/2022\/01\/dsc_0240.jpeg\" alt=\"\" class=\"wp-image-42424\" srcset=\"https:\/\/qtmm.org\/wp-content\/uploads\/2022\/01\/dsc_0240.jpeg 650w, https:\/\/qtmm.org\/wp-content\/uploads\/2022\/01\/dsc_0240-300x96.jpeg 300w\" sizes=\"auto, (max-width: 650px) 100vw, 650px\" \/><\/figure>\n\n\n\n<p>K\u00f6r\u00fc\u015f\u00fcvni\u00f1 yek\u00fcninde Meclis reisi Meclis ve idare reberleri dialog ve halqn\u0131\u00f1 taqdirinen ba\u011fl\u0131 meselelerni\u00f1 birlikte \u00e7ezilmesi i\u00e7\u00fcn i\u00e7\u00fcn daima a\u00e7\u0131q ol\u011fan\u0131na diqqatn\u0131 celp etti. Refat \u00c7ubarov \u015fun\u0131 da qayd etti ki, er bir q\u0131r\u0131mtatar\u0131 Ukraina vatanda\u015f\u0131 olaraq cumhuriyet ve devlet \u00fck\u00fcmeti vekillerinden akimiyet bergen vek\u00e2letleri ve imk\u00e2nlar\u0131 \u00e7er\u00e7ivesinde \u00f6z problemlerini\u00f1 \u00e7ezimini talap etmege aql\u0131d\u0131r.<\/p>\n\n\n\n<figure class=\"wp-block-gallery columns-2 is-cropped wp-block-gallery-1 is-layout-flex wp-block-gallery-is-layout-flex\"><ul class=\"blocks-gallery-grid\"><li class=\"blocks-gallery-item\"><figure><a href=\"http:\/\/qtmm.org\/wp-content\/uploads\/2022\/01\/dsc_0221.jpeg\"><img loading=\"lazy\" decoding=\"async\" width=\"650\" height=\"376\" src=\"http:\/\/qtmm.org\/wp-content\/uploads\/2022\/01\/dsc_0221.jpeg\" alt=\"\" data-id=\"42428\" data-full-url=\"http:\/\/qtmm.org\/wp-content\/uploads\/2022\/01\/dsc_0221.jpeg\" data-link=\"http:\/\/qtmm.org\/qt\/?attachment_id=42428\" class=\"wp-image-42428\" srcset=\"https:\/\/qtmm.org\/wp-content\/uploads\/2022\/01\/dsc_0221.jpeg 650w, https:\/\/qtmm.org\/wp-content\/uploads\/2022\/01\/dsc_0221-300x174.jpeg 300w\" sizes=\"auto, (max-width: 650px) 100vw, 650px\" \/><\/a><\/figure><\/li><li class=\"blocks-gallery-item\"><figure><a href=\"http:\/\/qtmm.org\/wp-content\/uploads\/2022\/01\/dsc_0222.jpeg\"><img loading=\"lazy\" decoding=\"async\" width=\"650\" height=\"375\" src=\"http:\/\/qtmm.org\/wp-content\/uploads\/2022\/01\/dsc_0222.jpeg\" alt=\"\" data-id=\"42432\" data-full-url=\"http:\/\/qtmm.org\/wp-content\/uploads\/2022\/01\/dsc_0222.jpeg\" data-link=\"http:\/\/qtmm.org\/qt\/?attachment_id=42432\" class=\"wp-image-42432\" srcset=\"https:\/\/qtmm.org\/wp-content\/uploads\/2022\/01\/dsc_0222.jpeg 650w, https:\/\/qtmm.org\/wp-content\/uploads\/2022\/01\/dsc_0222-300x173.jpeg 300w\" sizes=\"auto, (max-width: 650px) 100vw, 650px\" \/><\/a><\/figure><\/li><li class=\"blocks-gallery-item\"><figure><a href=\"http:\/\/qtmm.org\/wp-content\/uploads\/2022\/01\/dsc_0230_1.jpeg\"><img loading=\"lazy\" decoding=\"async\" width=\"650\" height=\"385\" src=\"http:\/\/qtmm.org\/wp-content\/uploads\/2022\/01\/dsc_0230_1.jpeg\" alt=\"\" data-id=\"42436\" data-full-url=\"http:\/\/qtmm.org\/wp-content\/uploads\/2022\/01\/dsc_0230_1.jpeg\" data-link=\"http:\/\/qtmm.org\/qt\/?attachment_id=42436\" class=\"wp-image-42436\" srcset=\"https:\/\/qtmm.org\/wp-content\/uploads\/2022\/01\/dsc_0230_1.jpeg 650w, https:\/\/qtmm.org\/wp-content\/uploads\/2022\/01\/dsc_0230_1-300x178.jpeg 300w\" sizes=\"auto, (max-width: 650px) 100vw, 650px\" \/><\/a><\/figure><\/li><li class=\"blocks-gallery-item\"><figure><a href=\"http:\/\/qtmm.org\/wp-content\/uploads\/2022\/01\/dsc_0223.jpeg\"><img loading=\"lazy\" decoding=\"async\" width=\"650\" height=\"348\" src=\"http:\/\/qtmm.org\/wp-content\/uploads\/2022\/01\/dsc_0223.jpeg\" alt=\"\" data-id=\"42440\" data-full-url=\"http:\/\/qtmm.org\/wp-content\/uploads\/2022\/01\/dsc_0223.jpeg\" data-link=\"http:\/\/qtmm.org\/qt\/?attachment_id=42440\" class=\"wp-image-42440\" srcset=\"https:\/\/qtmm.org\/wp-content\/uploads\/2022\/01\/dsc_0223.jpeg 650w, https:\/\/qtmm.org\/wp-content\/uploads\/2022\/01\/dsc_0223-300x161.jpeg 300w\" sizes=\"auto, (max-width: 650px) 100vw, 650px\" \/><\/a><\/figure><\/li><\/ul><\/figure>\n","protected":false},"excerpt":{"rendered":"<p>2014 senesi yanvar 11 k\u00fcn\u00fc Meclis yolba\u015f\u00e7\u0131lar\u0131 ve idare reberlerini\u00f1 Kezlev region\u0131ndan Qurultay delegatlar\u0131, yerli idare organlar\u0131n\u0131\u00f1 reisleri, yerli \u015furalar deputatlar\u0131 ve musulman cemiyetlerini\u00f1 reisleri ile regional k\u00f6r\u00fc\u015f\u00fcvi ol\u0131p ke\u00e7ti. Topla\u015fuvda Meclis reisi Refat \u00c7ubarov, reis muavinleri Zaur Smirnov, Ayder Acimambetov, Aslan \u00d6mer Q\u0131r\u0131ml\u0131, Nariman Cel\u00e2l, Ahtem \u00c7iygoz, Meclis idare ve h\u0131zmetlerini\u00f1 reberleri Seydamet Yagyayev, [&hellip;]<\/p>\n","protected":false},"author":1,"featured_media":42404,"comment_status":"open","ping_status":"open","sticky":false,"template":"","format":"standard","meta":{"inline_featured_image":false,"footnotes":""},"categories":[265],"tags":[],"class_list":["post-42399","post","type-post","status-publish","format-standard","has-post-thumbnail","hentry","category-haberler"],"acf":[],"yoast_head":"<!-- This site is optimized with the Yoast SEO plugin v27.4 - https:\/\/yoast.com\/product\/yoast-seo-wordpress\/ -->\n<title>Meclis yolb\u015fa\u00e7\u0131lar\u0131 ve Meclis idareleri reberlerini\u00f1 Kezlev region\u0131nda k\u00f6r\u00fc\u015f\u00fcvi - \u041c\u0435\u0434\u0436\u043b\u0456\u0441<\/title>\n<meta name=\"robots\" content=\"index, follow, max-snippet:-1, max-image-preview:large, max-video-preview:-1\" \/>\n<link rel=\"canonical\" href=\"https:\/\/qtmm.org\/qt\/meclis-yolbsacilari-ve-meclis-idareleri-reberlerinin-kezlev-regioninda-korusuvi\/\" \/>\n<meta property=\"og:locale\" content=\"en_US\" \/>\n<meta property=\"og:type\" content=\"article\" \/>\n<meta property=\"og:title\" content=\"Meclis yolb\u015fa\u00e7\u0131lar\u0131 ve Meclis idareleri reberlerini\u00f1 Kezlev region\u0131nda k\u00f6r\u00fc\u015f\u00fcvi - \u041c\u0435\u0434\u0436\u043b\u0456\u0441\" \/>\n<meta property=\"og:description\" content=\"2014 senesi yanvar 11 k\u00fcn\u00fc Meclis yolba\u015f\u00e7\u0131lar\u0131 ve idare reberlerini\u00f1 Kezlev region\u0131ndan Qurultay delegatlar\u0131, yerli idare organlar\u0131n\u0131\u00f1 reisleri, yerli \u015furalar deputatlar\u0131 ve musulman cemiyetlerini\u00f1 reisleri ile regional k\u00f6r\u00fc\u015f\u00fcvi ol\u0131p ke\u00e7ti. Topla\u015fuvda Meclis reisi Refat \u00c7ubarov, reis muavinleri Zaur Smirnov, Ayder Acimambetov, Aslan \u00d6mer Q\u0131r\u0131ml\u0131, Nariman Cel\u00e2l, Ahtem \u00c7iygoz, Meclis idare ve h\u0131zmetlerini\u00f1 reberleri Seydamet Yagyayev, [&hellip;]\" \/>\n<meta property=\"og:url\" content=\"https:\/\/qtmm.org\/qt\/meclis-yolbsacilari-ve-meclis-idareleri-reberlerinin-kezlev-regioninda-korusuvi\/\" \/>\n<meta property=\"og:site_name\" content=\"\u041c\u0435\u0434\u0436\u043b\u0456\u0441\" \/>\n<meta property=\"article:publisher\" content=\"https:\/\/www.facebook.com\/qtmm.info\/\" \/>\n<meta property=\"article:published_time\" content=\"2014-01-13T13:26:00+00:00\" \/>\n<meta property=\"article:modified_time\" content=\"2022-01-27T13:30:30+00:00\" \/>\n<meta property=\"og:image\" content=\"https:\/\/qtmm.org\/wp-content\/uploads\/2022\/01\/2_153.jpeg\" \/>\n\t<meta property=\"og:image:width\" content=\"650\" \/>\n\t<meta property=\"og:image:height\" content=\"392\" \/>\n\t<meta property=\"og:image:type\" content=\"image\/jpeg\" \/>\n<meta name=\"author\" content=\"Developer\" \/>\n<meta name=\"twitter:card\" content=\"summary_large_image\" \/>\n<meta name=\"twitter:label1\" content=\"Written by\" \/>\n\t<meta name=\"twitter:data1\" content=\"Developer\" \/>\n\t<meta name=\"twitter:label2\" content=\"Est. reading time\" \/>\n\t<meta name=\"twitter:data2\" content=\"3 minutes\" \/>\n<script type=\"application\/ld+json\" class=\"yoast-schema-graph\">{\"@context\":\"https:\\\/\\\/schema.org\",\"@graph\":[{\"@type\":\"Article\",\"@id\":\"https:\\\/\\\/qtmm.org\\\/qt\\\/meclis-yolbsacilari-ve-meclis-idareleri-reberlerinin-kezlev-regioninda-korusuvi\\\/#article\",\"isPartOf\":{\"@id\":\"https:\\\/\\\/qtmm.org\\\/qt\\\/meclis-yolbsacilari-ve-meclis-idareleri-reberlerinin-kezlev-regioninda-korusuvi\\\/\"},\"author\":{\"name\":\"Developer\",\"@id\":\"https:\\\/\\\/qtmm.org\\\/qt\\\/#\\\/schema\\\/person\\\/de562469f971dec226ac06e60bbf74a7\"},\"headline\":\"Meclis yolb\u015fa\u00e7\u0131lar\u0131 ve Meclis idareleri reberlerini\u00f1 Kezlev region\u0131nda k\u00f6r\u00fc\u015f\u00fcvi\",\"datePublished\":\"2014-01-13T13:26:00+00:00\",\"dateModified\":\"2022-01-27T13:30:30+00:00\",\"mainEntityOfPage\":{\"@id\":\"https:\\\/\\\/qtmm.org\\\/qt\\\/meclis-yolbsacilari-ve-meclis-idareleri-reberlerinin-kezlev-regioninda-korusuvi\\\/\"},\"wordCount\":644,\"commentCount\":0,\"publisher\":{\"@id\":\"https:\\\/\\\/qtmm.org\\\/qt\\\/#organization\"},\"image\":{\"@id\":\"https:\\\/\\\/qtmm.org\\\/qt\\\/meclis-yolbsacilari-ve-meclis-idareleri-reberlerinin-kezlev-regioninda-korusuvi\\\/#primaryimage\"},\"thumbnailUrl\":\"https:\\\/\\\/qtmm.org\\\/wp-content\\\/uploads\\\/2022\\\/01\\\/2_153.jpeg\",\"articleSection\":[\"Haberler\"],\"inLanguage\":\"qt\",\"potentialAction\":[{\"@type\":\"CommentAction\",\"name\":\"Comment\",\"target\":[\"https:\\\/\\\/qtmm.org\\\/qt\\\/meclis-yolbsacilari-ve-meclis-idareleri-reberlerinin-kezlev-regioninda-korusuvi\\\/#respond\"]}]},{\"@type\":\"WebPage\",\"@id\":\"https:\\\/\\\/qtmm.org\\\/qt\\\/meclis-yolbsacilari-ve-meclis-idareleri-reberlerinin-kezlev-regioninda-korusuvi\\\/\",\"url\":\"https:\\\/\\\/qtmm.org\\\/qt\\\/meclis-yolbsacilari-ve-meclis-idareleri-reberlerinin-kezlev-regioninda-korusuvi\\\/\",\"name\":\"Meclis yolb\u015fa\u00e7\u0131lar\u0131 ve Meclis idareleri reberlerini\u00f1 Kezlev region\u0131nda k\u00f6r\u00fc\u015f\u00fcvi - \u041c\u0435\u0434\u0436\u043b\u0456\u0441\",\"isPartOf\":{\"@id\":\"https:\\\/\\\/qtmm.org\\\/qt\\\/#website\"},\"primaryImageOfPage\":{\"@id\":\"https:\\\/\\\/qtmm.org\\\/qt\\\/meclis-yolbsacilari-ve-meclis-idareleri-reberlerinin-kezlev-regioninda-korusuvi\\\/#primaryimage\"},\"image\":{\"@id\":\"https:\\\/\\\/qtmm.org\\\/qt\\\/meclis-yolbsacilari-ve-meclis-idareleri-reberlerinin-kezlev-regioninda-korusuvi\\\/#primaryimage\"},\"thumbnailUrl\":\"https:\\\/\\\/qtmm.org\\\/wp-content\\\/uploads\\\/2022\\\/01\\\/2_153.jpeg\",\"datePublished\":\"2014-01-13T13:26:00+00:00\",\"dateModified\":\"2022-01-27T13:30:30+00:00\",\"breadcrumb\":{\"@id\":\"https:\\\/\\\/qtmm.org\\\/qt\\\/meclis-yolbsacilari-ve-meclis-idareleri-reberlerinin-kezlev-regioninda-korusuvi\\\/#breadcrumb\"},\"inLanguage\":\"qt\",\"potentialAction\":[{\"@type\":\"ReadAction\",\"target\":[\"https:\\\/\\\/qtmm.org\\\/qt\\\/meclis-yolbsacilari-ve-meclis-idareleri-reberlerinin-kezlev-regioninda-korusuvi\\\/\"]}]},{\"@type\":\"ImageObject\",\"inLanguage\":\"qt\",\"@id\":\"https:\\\/\\\/qtmm.org\\\/qt\\\/meclis-yolbsacilari-ve-meclis-idareleri-reberlerinin-kezlev-regioninda-korusuvi\\\/#primaryimage\",\"url\":\"https:\\\/\\\/qtmm.org\\\/wp-content\\\/uploads\\\/2022\\\/01\\\/2_153.jpeg\",\"contentUrl\":\"https:\\\/\\\/qtmm.org\\\/wp-content\\\/uploads\\\/2022\\\/01\\\/2_153.jpeg\",\"width\":650,\"height\":392},{\"@type\":\"BreadcrumbList\",\"@id\":\"https:\\\/\\\/qtmm.org\\\/qt\\\/meclis-yolbsacilari-ve-meclis-idareleri-reberlerinin-kezlev-regioninda-korusuvi\\\/#breadcrumb\",\"itemListElement\":[{\"@type\":\"ListItem\",\"position\":1,\"name\":\"\u0413\u043e\u043b\u043e\u0432\u043d\u0430\",\"item\":\"https:\\\/\\\/qtmm.org\\\/qt\\\/\"},{\"@type\":\"ListItem\",\"position\":2,\"name\":\"Meclis yolb\u015fa\u00e7\u0131lar\u0131 ve Meclis idareleri reberlerini\u00f1 Kezlev region\u0131nda k\u00f6r\u00fc\u015f\u00fcvi\"}]},{\"@type\":\"WebSite\",\"@id\":\"https:\\\/\\\/qtmm.org\\\/qt\\\/#website\",\"url\":\"https:\\\/\\\/qtmm.org\\\/qt\\\/\",\"name\":\"\u041c\u0435\u0434\u0436\u043b\u0456\u0441\",\"description\":\"\",\"publisher\":{\"@id\":\"https:\\\/\\\/qtmm.org\\\/qt\\\/#organization\"},\"potentialAction\":[{\"@type\":\"SearchAction\",\"target\":{\"@type\":\"EntryPoint\",\"urlTemplate\":\"https:\\\/\\\/qtmm.org\\\/qt\\\/?s={search_term_string}\"},\"query-input\":{\"@type\":\"PropertyValueSpecification\",\"valueRequired\":true,\"valueName\":\"search_term_string\"}}],\"inLanguage\":\"qt\"},{\"@type\":\"Organization\",\"@id\":\"https:\\\/\\\/qtmm.org\\\/qt\\\/#organization\",\"name\":\"\u041c\u0435\u0434\u0436\u043b\u0456\u0441\",\"url\":\"https:\\\/\\\/qtmm.org\\\/qt\\\/\",\"logo\":{\"@type\":\"ImageObject\",\"inLanguage\":\"qt\",\"@id\":\"https:\\\/\\\/qtmm.org\\\/qt\\\/#\\\/schema\\\/logo\\\/image\\\/\",\"url\":\"https:\\\/\\\/qtmm.org\\\/wp-content\\\/uploads\\\/2024\\\/12\\\/ua-mejlis-logo-rgb.svg\",\"contentUrl\":\"https:\\\/\\\/qtmm.org\\\/wp-content\\\/uploads\\\/2024\\\/12\\\/ua-mejlis-logo-rgb.svg\",\"caption\":\"\u041c\u0435\u0434\u0436\u043b\u0456\u0441\"},\"image\":{\"@id\":\"https:\\\/\\\/qtmm.org\\\/qt\\\/#\\\/schema\\\/logo\\\/image\\\/\"},\"sameAs\":[\"https:\\\/\\\/www.facebook.com\\\/qtmm.info\\\/\"]},{\"@type\":\"Person\",\"@id\":\"https:\\\/\\\/qtmm.org\\\/qt\\\/#\\\/schema\\\/person\\\/de562469f971dec226ac06e60bbf74a7\",\"name\":\"Developer\",\"image\":{\"@type\":\"ImageObject\",\"inLanguage\":\"qt\",\"@id\":\"https:\\\/\\\/secure.gravatar.com\\\/avatar\\\/392b4cc8fbfeb00b39dfeeab4ee6edded39ffd48e25858637e4765810300227e?s=96&d=mm&r=g\",\"url\":\"https:\\\/\\\/secure.gravatar.com\\\/avatar\\\/392b4cc8fbfeb00b39dfeeab4ee6edded39ffd48e25858637e4765810300227e?s=96&d=mm&r=g\",\"contentUrl\":\"https:\\\/\\\/secure.gravatar.com\\\/avatar\\\/392b4cc8fbfeb00b39dfeeab4ee6edded39ffd48e25858637e4765810300227e?s=96&d=mm&r=g\",\"caption\":\"Developer\"},\"url\":\"https:\\\/\\\/qtmm.org\\\/qt\\\/author\\\/Developer\\\/\"}]}<\/script>\n<!-- \/ Yoast SEO plugin. -->","yoast_head_json":{"title":"Meclis yolb\u015fa\u00e7\u0131lar\u0131 ve Meclis idareleri reberlerini\u00f1 Kezlev region\u0131nda k\u00f6r\u00fc\u015f\u00fcvi - \u041c\u0435\u0434\u0436\u043b\u0456\u0441","robots":{"index":"index","follow":"follow","max-snippet":"max-snippet:-1","max-image-preview":"max-image-preview:large","max-video-preview":"max-video-preview:-1"},"canonical":"https:\/\/qtmm.org\/qt\/meclis-yolbsacilari-ve-meclis-idareleri-reberlerinin-kezlev-regioninda-korusuvi\/","og_locale":"en_US","og_type":"article","og_title":"Meclis yolb\u015fa\u00e7\u0131lar\u0131 ve Meclis idareleri reberlerini\u00f1 Kezlev region\u0131nda k\u00f6r\u00fc\u015f\u00fcvi - \u041c\u0435\u0434\u0436\u043b\u0456\u0441","og_description":"2014 senesi yanvar 11 k\u00fcn\u00fc Meclis yolba\u015f\u00e7\u0131lar\u0131 ve idare reberlerini\u00f1 Kezlev region\u0131ndan Qurultay delegatlar\u0131, yerli idare organlar\u0131n\u0131\u00f1 reisleri, yerli \u015furalar deputatlar\u0131 ve musulman cemiyetlerini\u00f1 reisleri ile regional k\u00f6r\u00fc\u015f\u00fcvi ol\u0131p ke\u00e7ti. Topla\u015fuvda Meclis reisi Refat \u00c7ubarov, reis muavinleri Zaur Smirnov, Ayder Acimambetov, Aslan \u00d6mer Q\u0131r\u0131ml\u0131, Nariman Cel\u00e2l, Ahtem \u00c7iygoz, Meclis idare ve h\u0131zmetlerini\u00f1 reberleri Seydamet Yagyayev, [&hellip;]","og_url":"https:\/\/qtmm.org\/qt\/meclis-yolbsacilari-ve-meclis-idareleri-reberlerinin-kezlev-regioninda-korusuvi\/","og_site_name":"\u041c\u0435\u0434\u0436\u043b\u0456\u0441","article_publisher":"https:\/\/www.facebook.com\/qtmm.info\/","article_published_time":"2014-01-13T13:26:00+00:00","article_modified_time":"2022-01-27T13:30:30+00:00","og_image":[{"width":650,"height":392,"url":"https:\/\/qtmm.org\/wp-content\/uploads\/2022\/01\/2_153.jpeg","type":"image\/jpeg"}],"author":"Developer","twitter_card":"summary_large_image","twitter_misc":{"Written by":"Developer","Est. reading time":"3 minutes"},"schema":{"@context":"https:\/\/schema.org","@graph":[{"@type":"Article","@id":"https:\/\/qtmm.org\/qt\/meclis-yolbsacilari-ve-meclis-idareleri-reberlerinin-kezlev-regioninda-korusuvi\/#article","isPartOf":{"@id":"https:\/\/qtmm.org\/qt\/meclis-yolbsacilari-ve-meclis-idareleri-reberlerinin-kezlev-regioninda-korusuvi\/"},"author":{"name":"Developer","@id":"https:\/\/qtmm.org\/qt\/#\/schema\/person\/de562469f971dec226ac06e60bbf74a7"},"headline":"Meclis yolb\u015fa\u00e7\u0131lar\u0131 ve Meclis idareleri reberlerini\u00f1 Kezlev region\u0131nda k\u00f6r\u00fc\u015f\u00fcvi","datePublished":"2014-01-13T13:26:00+00:00","dateModified":"2022-01-27T13:30:30+00:00","mainEntityOfPage":{"@id":"https:\/\/qtmm.org\/qt\/meclis-yolbsacilari-ve-meclis-idareleri-reberlerinin-kezlev-regioninda-korusuvi\/"},"wordCount":644,"commentCount":0,"publisher":{"@id":"https:\/\/qtmm.org\/qt\/#organization"},"image":{"@id":"https:\/\/qtmm.org\/qt\/meclis-yolbsacilari-ve-meclis-idareleri-reberlerinin-kezlev-regioninda-korusuvi\/#primaryimage"},"thumbnailUrl":"https:\/\/qtmm.org\/wp-content\/uploads\/2022\/01\/2_153.jpeg","articleSection":["Haberler"],"inLanguage":"qt","potentialAction":[{"@type":"CommentAction","name":"Comment","target":["https:\/\/qtmm.org\/qt\/meclis-yolbsacilari-ve-meclis-idareleri-reberlerinin-kezlev-regioninda-korusuvi\/#respond"]}]},{"@type":"WebPage","@id":"https:\/\/qtmm.org\/qt\/meclis-yolbsacilari-ve-meclis-idareleri-reberlerinin-kezlev-regioninda-korusuvi\/","url":"https:\/\/qtmm.org\/qt\/meclis-yolbsacilari-ve-meclis-idareleri-reberlerinin-kezlev-regioninda-korusuvi\/","name":"Meclis yolb\u015fa\u00e7\u0131lar\u0131 ve Meclis idareleri reberlerini\u00f1 Kezlev region\u0131nda k\u00f6r\u00fc\u015f\u00fcvi - \u041c\u0435\u0434\u0436\u043b\u0456\u0441","isPartOf":{"@id":"https:\/\/qtmm.org\/qt\/#website"},"primaryImageOfPage":{"@id":"https:\/\/qtmm.org\/qt\/meclis-yolbsacilari-ve-meclis-idareleri-reberlerinin-kezlev-regioninda-korusuvi\/#primaryimage"},"image":{"@id":"https:\/\/qtmm.org\/qt\/meclis-yolbsacilari-ve-meclis-idareleri-reberlerinin-kezlev-regioninda-korusuvi\/#primaryimage"},"thumbnailUrl":"https:\/\/qtmm.org\/wp-content\/uploads\/2022\/01\/2_153.jpeg","datePublished":"2014-01-13T13:26:00+00:00","dateModified":"2022-01-27T13:30:30+00:00","breadcrumb":{"@id":"https:\/\/qtmm.org\/qt\/meclis-yolbsacilari-ve-meclis-idareleri-reberlerinin-kezlev-regioninda-korusuvi\/#breadcrumb"},"inLanguage":"qt","potentialAction":[{"@type":"ReadAction","target":["https:\/\/qtmm.org\/qt\/meclis-yolbsacilari-ve-meclis-idareleri-reberlerinin-kezlev-regioninda-korusuvi\/"]}]},{"@type":"ImageObject","inLanguage":"qt","@id":"https:\/\/qtmm.org\/qt\/meclis-yolbsacilari-ve-meclis-idareleri-reberlerinin-kezlev-regioninda-korusuvi\/#primaryimage","url":"https:\/\/qtmm.org\/wp-content\/uploads\/2022\/01\/2_153.jpeg","contentUrl":"https:\/\/qtmm.org\/wp-content\/uploads\/2022\/01\/2_153.jpeg","width":650,"height":392},{"@type":"BreadcrumbList","@id":"https:\/\/qtmm.org\/qt\/meclis-yolbsacilari-ve-meclis-idareleri-reberlerinin-kezlev-regioninda-korusuvi\/#breadcrumb","itemListElement":[{"@type":"ListItem","position":1,"name":"\u0413\u043e\u043b\u043e\u0432\u043d\u0430","item":"https:\/\/qtmm.org\/qt\/"},{"@type":"ListItem","position":2,"name":"Meclis yolb\u015fa\u00e7\u0131lar\u0131 ve Meclis idareleri reberlerini\u00f1 Kezlev region\u0131nda k\u00f6r\u00fc\u015f\u00fcvi"}]},{"@type":"WebSite","@id":"https:\/\/qtmm.org\/qt\/#website","url":"https:\/\/qtmm.org\/qt\/","name":"\u041c\u0435\u0434\u0436\u043b\u0456\u0441","description":"","publisher":{"@id":"https:\/\/qtmm.org\/qt\/#organization"},"potentialAction":[{"@type":"SearchAction","target":{"@type":"EntryPoint","urlTemplate":"https:\/\/qtmm.org\/qt\/?s={search_term_string}"},"query-input":{"@type":"PropertyValueSpecification","valueRequired":true,"valueName":"search_term_string"}}],"inLanguage":"qt"},{"@type":"Organization","@id":"https:\/\/qtmm.org\/qt\/#organization","name":"\u041c\u0435\u0434\u0436\u043b\u0456\u0441","url":"https:\/\/qtmm.org\/qt\/","logo":{"@type":"ImageObject","inLanguage":"qt","@id":"https:\/\/qtmm.org\/qt\/#\/schema\/logo\/image\/","url":"https:\/\/qtmm.org\/wp-content\/uploads\/2024\/12\/ua-mejlis-logo-rgb.svg","contentUrl":"https:\/\/qtmm.org\/wp-content\/uploads\/2024\/12\/ua-mejlis-logo-rgb.svg","caption":"\u041c\u0435\u0434\u0436\u043b\u0456\u0441"},"image":{"@id":"https:\/\/qtmm.org\/qt\/#\/schema\/logo\/image\/"},"sameAs":["https:\/\/www.facebook.com\/qtmm.info\/"]},{"@type":"Person","@id":"https:\/\/qtmm.org\/qt\/#\/schema\/person\/de562469f971dec226ac06e60bbf74a7","name":"Developer","image":{"@type":"ImageObject","inLanguage":"qt","@id":"https:\/\/secure.gravatar.com\/avatar\/392b4cc8fbfeb00b39dfeeab4ee6edded39ffd48e25858637e4765810300227e?s=96&d=mm&r=g","url":"https:\/\/secure.gravatar.com\/avatar\/392b4cc8fbfeb00b39dfeeab4ee6edded39ffd48e25858637e4765810300227e?s=96&d=mm&r=g","contentUrl":"https:\/\/secure.gravatar.com\/avatar\/392b4cc8fbfeb00b39dfeeab4ee6edded39ffd48e25858637e4765810300227e?s=96&d=mm&r=g","caption":"Developer"},"url":"https:\/\/qtmm.org\/qt\/author\/Developer\/"}]}},"_links":{"self":[{"href":"https:\/\/qtmm.org\/qt\/wp-json\/wp\/v2\/posts\/42399","targetHints":{"allow":["GET"]}}],"collection":[{"href":"https:\/\/qtmm.org\/qt\/wp-json\/wp\/v2\/posts"}],"about":[{"href":"https:\/\/qtmm.org\/qt\/wp-json\/wp\/v2\/types\/post"}],"author":[{"embeddable":true,"href":"https:\/\/qtmm.org\/qt\/wp-json\/wp\/v2\/users\/1"}],"replies":[{"embeddable":true,"href":"https:\/\/qtmm.org\/qt\/wp-json\/wp\/v2\/comments?post=42399"}],"version-history":[{"count":1,"href":"https:\/\/qtmm.org\/qt\/wp-json\/wp\/v2\/posts\/42399\/revisions"}],"predecessor-version":[{"id":42444,"href":"https:\/\/qtmm.org\/qt\/wp-json\/wp\/v2\/posts\/42399\/revisions\/42444"}],"wp:featuredmedia":[{"embeddable":true,"href":"https:\/\/qtmm.org\/qt\/wp-json\/wp\/v2\/media\/42404"}],"wp:attachment":[{"href":"https:\/\/qtmm.org\/qt\/wp-json\/wp\/v2\/media?parent=42399"}],"wp:term":[{"taxonomy":"category","embeddable":true,"href":"https:\/\/qtmm.org\/qt\/wp-json\/wp\/v2\/categories?post=42399"},{"taxonomy":"post_tag","embeddable":true,"href":"https:\/\/qtmm.org\/qt\/wp-json\/wp\/v2\/tags?post=42399"}],"curies":[{"name":"wp","href":"https:\/\/api.w.org\/{rel}","templated":true}]}}