




{"id":42365,"date":"2014-01-13T16:22:00","date_gmt":"2014-01-13T13:22:00","guid":{"rendered":"http:\/\/qtmm.org\/?p=42365"},"modified":"2022-01-27T16:25:55","modified_gmt":"2022-01-27T13:25:55","slug":"meclis-katibiyetinin-basi-dilaver-akiyev-qirimtatar-halqinin-meclisi-ukrainani-demokratlastiruv-ogrundaki-butun-qararlarga-daima-qoltutti","status":"publish","type":"post","link":"https:\/\/qtmm.org\/qt\/meclis-katibiyetinin-basi-dilaver-akiyev-qirimtatar-halqinin-meclisi-ukrainani-demokratlastiruv-ogrundaki-butun-qararlarga-daima-qoltutti\/","title":{"rendered":"Meclis K\u00e2tibiyetini\u00f1 ba\u015f\u0131 Dil\u00e2ver Akiyev: \u00abQ\u0131r\u0131mtatar halq\u0131n\u0131\u00f1 meclisi Ukrainan\u0131 demokratla\u015ft\u0131ruv o\u011frundaki b\u00fct\u00fcn qararlar\u011fa daima qoltutt\u0131\u00bb"},"content":{"rendered":"\n<p>Ke\u00e7ken tatil k\u00fcnleri Harkovda ol\u0131p ke\u00e7ken Ukraina Yevromaydanlar forum\u0131nda memleketni\u00f1 er bir \u015feerindeki Yevromaydanlar vekilleri i\u015ftirak ettiler. Bu aqta forum\u011fa k\u00f6zetici s\u0131fat\u0131nda davet olun\u011fan Meclis K\u00e2tibiyetini\u00f1 ba\u015f\u0131 Dil\u00e2ver Akiyev bildirdi.<\/p>\n\n\n\n<figure class=\"wp-block-image size-full\"><img loading=\"lazy\" decoding=\"async\" width=\"650\" height=\"353\" src=\"http:\/\/qtmm.org\/wp-content\/uploads\/2022\/01\/akiev_dilyaver.jpeg\" alt=\"\" class=\"wp-image-42366\" srcset=\"https:\/\/qtmm.org\/wp-content\/uploads\/2022\/01\/akiev_dilyaver.jpeg 650w, https:\/\/qtmm.org\/wp-content\/uploads\/2022\/01\/akiev_dilyaver-300x163.jpeg 300w\" sizes=\"auto, (max-width: 650px) 100vw, 650px\" \/><\/figure>\n\n\n\n<p>Forumda bun\u0131\u00f1 kibi de &#8220;\u0406nstitut gromad\u00e2nskogo susp\u0456lstva&#8221; te\u015fkil\u00e2t\u0131n\u0131\u00f1 ba\u015f\u0131 Rustem Abl\u00e2tif ve &#8220;Ya\u015flar \u015furas\u0131&#8221; gen\u00e7ler te\u015fkil\u00e2t\u0131n\u0131\u00f1 azas\u0131 Ali Ametov bulund\u0131lar. \u015eun\u0131 qayd etmeli ki, Meclis delegatsiyas\u0131 forum\u011fa k\u00f6zeticiler s\u0131fat\u0131nda davet etildiler.<\/p>\n\n\n\n<figure class=\"wp-block-image size-full\"><img loading=\"lazy\" decoding=\"async\" width=\"650\" height=\"343\" src=\"http:\/\/qtmm.org\/wp-content\/uploads\/2022\/01\/rde9vjrkt0e.jpeg\" alt=\"\" class=\"wp-image-42370\" srcset=\"https:\/\/qtmm.org\/wp-content\/uploads\/2022\/01\/rde9vjrkt0e.jpeg 650w, https:\/\/qtmm.org\/wp-content\/uploads\/2022\/01\/rde9vjrkt0e-300x158.jpeg 300w\" sizes=\"auto, (max-width: 650px) 100vw, 650px\" \/><\/figure>\n\n\n\n<p>D.Akiyevni\u00f1 aytqan\u0131na k\u00f6re Yevromaydanlar forum\u0131n\u0131 ke\u00e7irmek i\u00e7\u00fcn te\u015fkil\u00e2t\u00e7\u0131lar\u011fa bina bermediler. &#8220;Neticede Forumn\u0131\u00f1 i\u015fini Harkov \u015feerindeki kilsede ba\u015flama\u011fa mecbur old\u0131q, &#8211; dey Akiyev. \u2013 Kilsege kirgenimiznen qararnen 30 &#8220;titu\u015fkalar&#8221; bina\u011fa \u00fcc\u00fcm etmege t\u0131r\u0131\u015ft\u0131lar. Amma te\u015fkil\u00e2t\u00e7\u0131lar qap\u0131larn\u0131 qapat\u0131p, fesat\u00e7\u0131larn\u0131 i\u00e7eri kirsetmediler&#8221;.<\/p>\n\n\n\n<figure class=\"wp-block-image size-full\"><img loading=\"lazy\" decoding=\"async\" width=\"650\" height=\"492\" src=\"http:\/\/qtmm.org\/wp-content\/uploads\/2022\/01\/dsc_6520.jpeg\" alt=\"\" class=\"wp-image-42374\" srcset=\"https:\/\/qtmm.org\/wp-content\/uploads\/2022\/01\/dsc_6520.jpeg 650w, https:\/\/qtmm.org\/wp-content\/uploads\/2022\/01\/dsc_6520-300x227.jpeg 300w\" sizes=\"auto, (max-width: 650px) 100vw, 650px\" \/><\/figure>\n\n\n\n<p>Dil\u00e2ver Akiyev \u015fun\u0131 da qayd etti ki, forum i\u015fini\u00f1 \u00e7er\u00e7ivesinde o\u00f1a Meclis ad\u0131ndan \u00e7\u0131q\u0131\u015f yapmaq i\u00e7\u00fcn s\u00f6z berildi. &#8220;Q\u0131r\u0131mtatar halq\u0131n\u0131\u00f1 meclisi Ukrainan\u0131 demokratla\u015ft\u0131ruv ve Ukrainan\u0131\u00f1 yevrointegratsiya o\u011frundaki b\u00fct\u00fcn qararlar\u011fa daima qoltut\u0131p kelmekte, &#8211; dedi Akiyev ve qayd etti ki, 70 y\u0131l devam\u0131nda q\u0131r\u0131mtatarlar 1944 senesi taptal\u011fan aqlar\u0131 i\u00e7\u00fcn k\u00fcre\u015fni zorbal\u0131qs\u0131z-qans\u0131z usullar ile al\u0131p barmaqtalar.<\/p>\n\n\n\n<figure class=\"wp-block-image size-full\"><img loading=\"lazy\" decoding=\"async\" width=\"650\" height=\"359\" src=\"http:\/\/qtmm.org\/wp-content\/uploads\/2022\/01\/dsc_6498.jpeg\" alt=\"\" class=\"wp-image-42378\" srcset=\"https:\/\/qtmm.org\/wp-content\/uploads\/2022\/01\/dsc_6498.jpeg 650w, https:\/\/qtmm.org\/wp-content\/uploads\/2022\/01\/dsc_6498-300x166.jpeg 300w\" sizes=\"auto, (max-width: 650px) 100vw, 650px\" \/><\/figure>\n\n\n\n<p>Forumn\u0131\u00f1 i\u015fi aqq\u0131nda ik\u00e2ye eterken Meclis K\u00e2tibiyetini\u00f1 ba\u015f\u0131 qayd etti ki, i\u015ftirak\u00e7iler i\u015f format\u0131n\u0131 bir qa\u00e7 profil komitetlerge b\u00f6ldiler \u2013 &#8220;Ukraina mes\u00fclietli demokratiyan\u0131 tesis etmek boyunca areket plan\u0131n\u0131 i\u015flev&#8221;, &#8220;Yevromaydanlar aras\u0131nda al\u00e2qa ve areketlerni koordinirlevni\u00f1 mehanizmlerini quruv&#8221;, Yevromaydanlarn\u0131\u00f1 tel\u00fckesizligi ve qanuniy qor\u00e7alav&#8221;, &#8220;Yevromaydanlarn\u0131 maddiy teminlev sistemas\u0131&#8221;, &#8220;Yevromaydanlarn\u0131\u00f1 zek\u00e2viy ve icadiy i\u015fbirligi&#8221;, &#8220;\u0130nformatsion siyaset koordinatsiyas\u0131. Umumiy informatsion siyaset&#8221;, &#8220;Yevromaydanlarda vatanda\u015flar tasili sistemas\u0131&#8221;.<\/p>\n\n\n\n<figure class=\"wp-block-image size-full\"><img loading=\"lazy\" decoding=\"async\" width=\"650\" height=\"440\" src=\"http:\/\/qtmm.org\/wp-content\/uploads\/2022\/01\/dsc_6492.jpeg\" alt=\"\" class=\"wp-image-42382\" srcset=\"https:\/\/qtmm.org\/wp-content\/uploads\/2022\/01\/dsc_6492.jpeg 650w, https:\/\/qtmm.org\/wp-content\/uploads\/2022\/01\/dsc_6492-300x203.jpeg 300w\" sizes=\"auto, (max-width: 650px) 100vw, 650px\" \/><\/figure>\n\n\n\n<p>&#8220;Komitetlerni\u00f1 i\u015fi Yevromaydan aktivistlerini\u00f1 kelecekte faaliyeti i\u00e7\u00fcn strategiya ve taktik vazifelerni i\u015flep \u00e7\u0131qaruvdan ibaret old\u0131.<\/p>\n\n\n\n<p>Biz rey ber\u00fcvde i\u015ftirak etmedik, \u00e7\u00fcnki k\u00f6zeticiler s\u0131fat\u0131nda qat\u0131ld\u0131q, &#8211; dep qayd etti D. Akiyev. \u2013 Forum yek\u00fcnlengen so\u00f1 b\u00fct\u00fcn i\u015ftirak\u00e7iler s\u0131ranen \u015eev\u00e7enko meydan\u0131na miting olacaq yerge kettiler&#8221;. Dil\u00e2ver Akiyevni\u00f1 aytqan\u0131na k\u00f6re yerli akimiyet planla\u015ft\u0131r\u0131l\u011fan mitingni\u00f1 ke\u00e7irilmesine er t\u00fcrl\u00fc keder etmege t\u0131r\u0131\u015ft\u0131, Harkovn\u0131\u00f1 meydan\u0131 Regionlar partiyas\u0131 tarafdarlar\u0131 taraf\u0131ndan i\u015f\u011fal etildi.<\/p>\n\n\n\n<figure class=\"wp-block-image size-full\"><img loading=\"lazy\" decoding=\"async\" width=\"650\" height=\"435\" src=\"http:\/\/qtmm.org\/wp-content\/uploads\/2022\/01\/dsc_6661.jpeg\" alt=\"\" class=\"wp-image-42386\" srcset=\"https:\/\/qtmm.org\/wp-content\/uploads\/2022\/01\/dsc_6661.jpeg 650w, https:\/\/qtmm.org\/wp-content\/uploads\/2022\/01\/dsc_6661-300x201.jpeg 300w\" sizes=\"auto, (max-width: 650px) 100vw, 650px\" \/><\/figure>\n\n\n\n<p>&#8220;Bundan da \u011fayr\u0131 \u015eev\u00e7enko meydan\u0131 taba keteyatqan Ukraina Yevromaydanlar forum\u0131n\u0131\u00f1 i\u015ftirak\u00e7ilerini yol boyu &#8220;titu\u015fkalar&#8221; taqip etip bard\u0131lar, &#8211; dedi D. Akiyev.<\/p>\n\n\n\n<figure class=\"wp-block-image size-full\"><img loading=\"lazy\" decoding=\"async\" width=\"650\" height=\"328\" src=\"http:\/\/qtmm.org\/wp-content\/uploads\/2022\/01\/piws0xd3iq8.jpeg\" alt=\"\" class=\"wp-image-42390\" srcset=\"https:\/\/qtmm.org\/wp-content\/uploads\/2022\/01\/piws0xd3iq8.jpeg 650w, https:\/\/qtmm.org\/wp-content\/uploads\/2022\/01\/piws0xd3iq8-300x151.jpeg 300w\" sizes=\"auto, (max-width: 650px) 100vw, 650px\" \/><\/figure>\n\n\n\n<p>Forum i\u015ftirak\u00e7ilerini\u00f1 mitingi ep bir ke\u00e7irildi, amma Yaroslav Mudr\u0131y ad\u0131na meydanda ol\u0131p, onda 500-den ziyade insan i\u015ftirak etti. &#8220;Miting ba\u015flan\u011fan\u0131ndan mahsus aletleri ol\u011fan eki araba keldi ve bizim mikrofon\u0131m\u0131zn\u0131\u00f1 sesini kesmek i\u00e7\u00fcn muz\u0131kan\u0131 ba\u011f\u0131rt\u0131p qoyd\u0131lar, &#8211; dep ik\u00e2ye ete D. Akiyev. \u2013 Milislerden ibaret qaravullar olsa da, &#8220;titu\u015fkalar&#8221; \u00fcst\u00fcmizge petardalar att\u0131lar.<\/p>\n\n\n\n<figure class=\"wp-block-image size-full\"><img loading=\"lazy\" decoding=\"async\" width=\"650\" height=\"421\" src=\"http:\/\/qtmm.org\/wp-content\/uploads\/2022\/01\/dsc_6612.jpeg\" alt=\"\" class=\"wp-image-42394\" srcset=\"https:\/\/qtmm.org\/wp-content\/uploads\/2022\/01\/dsc_6612.jpeg 650w, https:\/\/qtmm.org\/wp-content\/uploads\/2022\/01\/dsc_6612-300x194.jpeg 300w\" sizes=\"auto, (max-width: 650px) 100vw, 650px\" \/><\/figure>\n\n\n\n<p>D.Akiyev qayd etkenine k\u00f6re, fesatlar\u011fa baqmadan Yevromaydanlar forum\u0131n\u0131\u00f1 i\u015ftirak\u00e7ileri planla\u015ft\u0131r\u011fan b\u00fct\u00fcn tedbirlerini ke\u00e7irmege muvafaq old\u0131lar.<\/p>\n","protected":false},"excerpt":{"rendered":"<p>Ke\u00e7ken tatil k\u00fcnleri Harkovda ol\u0131p ke\u00e7ken Ukraina Yevromaydanlar forum\u0131nda memleketni\u00f1 er bir \u015feerindeki Yevromaydanlar vekilleri i\u015ftirak ettiler. Bu aqta forum\u011fa k\u00f6zetici s\u0131fat\u0131nda davet olun\u011fan Meclis K\u00e2tibiyetini\u00f1 ba\u015f\u0131 Dil\u00e2ver Akiyev bildirdi. Forumda bun\u0131\u00f1 kibi de &#8220;\u0406nstitut gromad\u00e2nskogo susp\u0456lstva&#8221; te\u015fkil\u00e2t\u0131n\u0131\u00f1 ba\u015f\u0131 Rustem Abl\u00e2tif ve &#8220;Ya\u015flar \u015furas\u0131&#8221; gen\u00e7ler te\u015fkil\u00e2t\u0131n\u0131\u00f1 azas\u0131 Ali Ametov bulund\u0131lar. \u015eun\u0131 qayd etmeli ki, Meclis [&hellip;]<\/p>\n","protected":false},"author":1,"featured_media":0,"comment_status":"open","ping_status":"open","sticky":false,"template":"","format":"standard","meta":{"inline_featured_image":false,"footnotes":""},"categories":[265],"tags":[],"class_list":["post-42365","post","type-post","status-publish","format-standard","hentry","category-haberler"],"acf":[],"yoast_head":"<!-- This site is optimized with the Yoast SEO plugin v27.4 - https:\/\/yoast.com\/product\/yoast-seo-wordpress\/ -->\n<title>Meclis K\u00e2tibiyetini\u00f1 ba\u015f\u0131 Dil\u00e2ver Akiyev: \u00abQ\u0131r\u0131mtatar halq\u0131n\u0131\u00f1 meclisi Ukrainan\u0131 demokratla\u015ft\u0131ruv o\u011frundaki b\u00fct\u00fcn qararlar\u011fa daima qoltutt\u0131\u00bb - \u041c\u0435\u0434\u0436\u043b\u0456\u0441<\/title>\n<meta name=\"robots\" content=\"index, follow, max-snippet:-1, max-image-preview:large, max-video-preview:-1\" \/>\n<link rel=\"canonical\" href=\"https:\/\/qtmm.org\/qt\/meclis-katibiyetinin-basi-dilaver-akiyev-qirimtatar-halqinin-meclisi-ukrainani-demokratlastiruv-ogrundaki-butun-qararlarga-daima-qoltutti\/\" \/>\n<meta property=\"og:locale\" content=\"en_US\" \/>\n<meta property=\"og:type\" content=\"article\" \/>\n<meta property=\"og:title\" content=\"Meclis K\u00e2tibiyetini\u00f1 ba\u015f\u0131 Dil\u00e2ver Akiyev: \u00abQ\u0131r\u0131mtatar halq\u0131n\u0131\u00f1 meclisi Ukrainan\u0131 demokratla\u015ft\u0131ruv o\u011frundaki b\u00fct\u00fcn qararlar\u011fa daima qoltutt\u0131\u00bb - \u041c\u0435\u0434\u0436\u043b\u0456\u0441\" \/>\n<meta property=\"og:description\" content=\"Ke\u00e7ken tatil k\u00fcnleri Harkovda ol\u0131p ke\u00e7ken Ukraina Yevromaydanlar forum\u0131nda memleketni\u00f1 er bir \u015feerindeki Yevromaydanlar vekilleri i\u015ftirak ettiler. Bu aqta forum\u011fa k\u00f6zetici s\u0131fat\u0131nda davet olun\u011fan Meclis K\u00e2tibiyetini\u00f1 ba\u015f\u0131 Dil\u00e2ver Akiyev bildirdi. Forumda bun\u0131\u00f1 kibi de &#8220;\u0406nstitut gromad\u00e2nskogo susp\u0456lstva&#8221; te\u015fkil\u00e2t\u0131n\u0131\u00f1 ba\u015f\u0131 Rustem Abl\u00e2tif ve &#8220;Ya\u015flar \u015furas\u0131&#8221; gen\u00e7ler te\u015fkil\u00e2t\u0131n\u0131\u00f1 azas\u0131 Ali Ametov bulund\u0131lar. \u015eun\u0131 qayd etmeli ki, Meclis [&hellip;]\" \/>\n<meta property=\"og:url\" content=\"https:\/\/qtmm.org\/qt\/meclis-katibiyetinin-basi-dilaver-akiyev-qirimtatar-halqinin-meclisi-ukrainani-demokratlastiruv-ogrundaki-butun-qararlarga-daima-qoltutti\/\" \/>\n<meta property=\"og:site_name\" content=\"\u041c\u0435\u0434\u0436\u043b\u0456\u0441\" \/>\n<meta property=\"article:publisher\" content=\"https:\/\/www.facebook.com\/qtmm.info\/\" \/>\n<meta property=\"article:published_time\" content=\"2014-01-13T13:22:00+00:00\" \/>\n<meta property=\"article:modified_time\" content=\"2022-01-27T13:25:55+00:00\" \/>\n<meta property=\"og:image\" content=\"https:\/\/qtmm.org\/wp-content\/uploads\/2022\/01\/akiev_dilyaver.jpeg\" \/>\n\t<meta property=\"og:image:width\" content=\"650\" \/>\n\t<meta property=\"og:image:height\" content=\"353\" \/>\n\t<meta property=\"og:image:type\" content=\"image\/jpeg\" \/>\n<meta name=\"author\" content=\"Developer\" \/>\n<meta name=\"twitter:card\" content=\"summary_large_image\" \/>\n<meta name=\"twitter:label1\" content=\"Written by\" \/>\n\t<meta name=\"twitter:data1\" content=\"Developer\" \/>\n\t<meta name=\"twitter:label2\" content=\"Est. reading time\" \/>\n\t<meta name=\"twitter:data2\" content=\"3 minutes\" \/>\n<script type=\"application\/ld+json\" class=\"yoast-schema-graph\">{\"@context\":\"https:\\\/\\\/schema.org\",\"@graph\":[{\"@type\":\"Article\",\"@id\":\"https:\\\/\\\/qtmm.org\\\/qt\\\/meclis-katibiyetinin-basi-dilaver-akiyev-qirimtatar-halqinin-meclisi-ukrainani-demokratlastiruv-ogrundaki-butun-qararlarga-daima-qoltutti\\\/#article\",\"isPartOf\":{\"@id\":\"https:\\\/\\\/qtmm.org\\\/qt\\\/meclis-katibiyetinin-basi-dilaver-akiyev-qirimtatar-halqinin-meclisi-ukrainani-demokratlastiruv-ogrundaki-butun-qararlarga-daima-qoltutti\\\/\"},\"author\":{\"name\":\"Developer\",\"@id\":\"https:\\\/\\\/qtmm.org\\\/qt\\\/#\\\/schema\\\/person\\\/de562469f971dec226ac06e60bbf74a7\"},\"headline\":\"Meclis K\u00e2tibiyetini\u00f1 ba\u015f\u0131 Dil\u00e2ver Akiyev: \u00abQ\u0131r\u0131mtatar halq\u0131n\u0131\u00f1 meclisi Ukrainan\u0131 demokratla\u015ft\u0131ruv o\u011frundaki b\u00fct\u00fcn qararlar\u011fa daima qoltutt\u0131\u00bb\",\"datePublished\":\"2014-01-13T13:22:00+00:00\",\"dateModified\":\"2022-01-27T13:25:55+00:00\",\"mainEntityOfPage\":{\"@id\":\"https:\\\/\\\/qtmm.org\\\/qt\\\/meclis-katibiyetinin-basi-dilaver-akiyev-qirimtatar-halqinin-meclisi-ukrainani-demokratlastiruv-ogrundaki-butun-qararlarga-daima-qoltutti\\\/\"},\"wordCount\":561,\"commentCount\":0,\"publisher\":{\"@id\":\"https:\\\/\\\/qtmm.org\\\/qt\\\/#organization\"},\"image\":{\"@id\":\"https:\\\/\\\/qtmm.org\\\/qt\\\/meclis-katibiyetinin-basi-dilaver-akiyev-qirimtatar-halqinin-meclisi-ukrainani-demokratlastiruv-ogrundaki-butun-qararlarga-daima-qoltutti\\\/#primaryimage\"},\"thumbnailUrl\":\"http:\\\/\\\/qtmm.org\\\/wp-content\\\/uploads\\\/2022\\\/01\\\/akiev_dilyaver.jpeg\",\"articleSection\":[\"Haberler\"],\"inLanguage\":\"qt\",\"potentialAction\":[{\"@type\":\"CommentAction\",\"name\":\"Comment\",\"target\":[\"https:\\\/\\\/qtmm.org\\\/qt\\\/meclis-katibiyetinin-basi-dilaver-akiyev-qirimtatar-halqinin-meclisi-ukrainani-demokratlastiruv-ogrundaki-butun-qararlarga-daima-qoltutti\\\/#respond\"]}]},{\"@type\":\"WebPage\",\"@id\":\"https:\\\/\\\/qtmm.org\\\/qt\\\/meclis-katibiyetinin-basi-dilaver-akiyev-qirimtatar-halqinin-meclisi-ukrainani-demokratlastiruv-ogrundaki-butun-qararlarga-daima-qoltutti\\\/\",\"url\":\"https:\\\/\\\/qtmm.org\\\/qt\\\/meclis-katibiyetinin-basi-dilaver-akiyev-qirimtatar-halqinin-meclisi-ukrainani-demokratlastiruv-ogrundaki-butun-qararlarga-daima-qoltutti\\\/\",\"name\":\"Meclis K\u00e2tibiyetini\u00f1 ba\u015f\u0131 Dil\u00e2ver Akiyev: \u00abQ\u0131r\u0131mtatar halq\u0131n\u0131\u00f1 meclisi Ukrainan\u0131 demokratla\u015ft\u0131ruv o\u011frundaki b\u00fct\u00fcn qararlar\u011fa daima qoltutt\u0131\u00bb - \u041c\u0435\u0434\u0436\u043b\u0456\u0441\",\"isPartOf\":{\"@id\":\"https:\\\/\\\/qtmm.org\\\/qt\\\/#website\"},\"primaryImageOfPage\":{\"@id\":\"https:\\\/\\\/qtmm.org\\\/qt\\\/meclis-katibiyetinin-basi-dilaver-akiyev-qirimtatar-halqinin-meclisi-ukrainani-demokratlastiruv-ogrundaki-butun-qararlarga-daima-qoltutti\\\/#primaryimage\"},\"image\":{\"@id\":\"https:\\\/\\\/qtmm.org\\\/qt\\\/meclis-katibiyetinin-basi-dilaver-akiyev-qirimtatar-halqinin-meclisi-ukrainani-demokratlastiruv-ogrundaki-butun-qararlarga-daima-qoltutti\\\/#primaryimage\"},\"thumbnailUrl\":\"http:\\\/\\\/qtmm.org\\\/wp-content\\\/uploads\\\/2022\\\/01\\\/akiev_dilyaver.jpeg\",\"datePublished\":\"2014-01-13T13:22:00+00:00\",\"dateModified\":\"2022-01-27T13:25:55+00:00\",\"breadcrumb\":{\"@id\":\"https:\\\/\\\/qtmm.org\\\/qt\\\/meclis-katibiyetinin-basi-dilaver-akiyev-qirimtatar-halqinin-meclisi-ukrainani-demokratlastiruv-ogrundaki-butun-qararlarga-daima-qoltutti\\\/#breadcrumb\"},\"inLanguage\":\"qt\",\"potentialAction\":[{\"@type\":\"ReadAction\",\"target\":[\"https:\\\/\\\/qtmm.org\\\/qt\\\/meclis-katibiyetinin-basi-dilaver-akiyev-qirimtatar-halqinin-meclisi-ukrainani-demokratlastiruv-ogrundaki-butun-qararlarga-daima-qoltutti\\\/\"]}]},{\"@type\":\"ImageObject\",\"inLanguage\":\"qt\",\"@id\":\"https:\\\/\\\/qtmm.org\\\/qt\\\/meclis-katibiyetinin-basi-dilaver-akiyev-qirimtatar-halqinin-meclisi-ukrainani-demokratlastiruv-ogrundaki-butun-qararlarga-daima-qoltutti\\\/#primaryimage\",\"url\":\"http:\\\/\\\/qtmm.org\\\/wp-content\\\/uploads\\\/2022\\\/01\\\/akiev_dilyaver.jpeg\",\"contentUrl\":\"http:\\\/\\\/qtmm.org\\\/wp-content\\\/uploads\\\/2022\\\/01\\\/akiev_dilyaver.jpeg\"},{\"@type\":\"BreadcrumbList\",\"@id\":\"https:\\\/\\\/qtmm.org\\\/qt\\\/meclis-katibiyetinin-basi-dilaver-akiyev-qirimtatar-halqinin-meclisi-ukrainani-demokratlastiruv-ogrundaki-butun-qararlarga-daima-qoltutti\\\/#breadcrumb\",\"itemListElement\":[{\"@type\":\"ListItem\",\"position\":1,\"name\":\"\u0413\u043e\u043b\u043e\u0432\u043d\u0430\",\"item\":\"https:\\\/\\\/qtmm.org\\\/qt\\\/\"},{\"@type\":\"ListItem\",\"position\":2,\"name\":\"Meclis K\u00e2tibiyetini\u00f1 ba\u015f\u0131 Dil\u00e2ver Akiyev: \u00abQ\u0131r\u0131mtatar halq\u0131n\u0131\u00f1 meclisi Ukrainan\u0131 demokratla\u015ft\u0131ruv o\u011frundaki b\u00fct\u00fcn qararlar\u011fa daima qoltutt\u0131\u00bb\"}]},{\"@type\":\"WebSite\",\"@id\":\"https:\\\/\\\/qtmm.org\\\/qt\\\/#website\",\"url\":\"https:\\\/\\\/qtmm.org\\\/qt\\\/\",\"name\":\"\u041c\u0435\u0434\u0436\u043b\u0456\u0441\",\"description\":\"\",\"publisher\":{\"@id\":\"https:\\\/\\\/qtmm.org\\\/qt\\\/#organization\"},\"potentialAction\":[{\"@type\":\"SearchAction\",\"target\":{\"@type\":\"EntryPoint\",\"urlTemplate\":\"https:\\\/\\\/qtmm.org\\\/qt\\\/?s={search_term_string}\"},\"query-input\":{\"@type\":\"PropertyValueSpecification\",\"valueRequired\":true,\"valueName\":\"search_term_string\"}}],\"inLanguage\":\"qt\"},{\"@type\":\"Organization\",\"@id\":\"https:\\\/\\\/qtmm.org\\\/qt\\\/#organization\",\"name\":\"\u041c\u0435\u0434\u0436\u043b\u0456\u0441\",\"url\":\"https:\\\/\\\/qtmm.org\\\/qt\\\/\",\"logo\":{\"@type\":\"ImageObject\",\"inLanguage\":\"qt\",\"@id\":\"https:\\\/\\\/qtmm.org\\\/qt\\\/#\\\/schema\\\/logo\\\/image\\\/\",\"url\":\"https:\\\/\\\/qtmm.org\\\/wp-content\\\/uploads\\\/2024\\\/12\\\/ua-mejlis-logo-rgb.svg\",\"contentUrl\":\"https:\\\/\\\/qtmm.org\\\/wp-content\\\/uploads\\\/2024\\\/12\\\/ua-mejlis-logo-rgb.svg\",\"caption\":\"\u041c\u0435\u0434\u0436\u043b\u0456\u0441\"},\"image\":{\"@id\":\"https:\\\/\\\/qtmm.org\\\/qt\\\/#\\\/schema\\\/logo\\\/image\\\/\"},\"sameAs\":[\"https:\\\/\\\/www.facebook.com\\\/qtmm.info\\\/\"]},{\"@type\":\"Person\",\"@id\":\"https:\\\/\\\/qtmm.org\\\/qt\\\/#\\\/schema\\\/person\\\/de562469f971dec226ac06e60bbf74a7\",\"name\":\"Developer\",\"image\":{\"@type\":\"ImageObject\",\"inLanguage\":\"qt\",\"@id\":\"https:\\\/\\\/secure.gravatar.com\\\/avatar\\\/392b4cc8fbfeb00b39dfeeab4ee6edded39ffd48e25858637e4765810300227e?s=96&d=mm&r=g\",\"url\":\"https:\\\/\\\/secure.gravatar.com\\\/avatar\\\/392b4cc8fbfeb00b39dfeeab4ee6edded39ffd48e25858637e4765810300227e?s=96&d=mm&r=g\",\"contentUrl\":\"https:\\\/\\\/secure.gravatar.com\\\/avatar\\\/392b4cc8fbfeb00b39dfeeab4ee6edded39ffd48e25858637e4765810300227e?s=96&d=mm&r=g\",\"caption\":\"Developer\"},\"url\":\"https:\\\/\\\/qtmm.org\\\/qt\\\/author\\\/Developer\\\/\"}]}<\/script>\n<!-- \/ Yoast SEO plugin. -->","yoast_head_json":{"title":"Meclis K\u00e2tibiyetini\u00f1 ba\u015f\u0131 Dil\u00e2ver Akiyev: \u00abQ\u0131r\u0131mtatar halq\u0131n\u0131\u00f1 meclisi Ukrainan\u0131 demokratla\u015ft\u0131ruv o\u011frundaki b\u00fct\u00fcn qararlar\u011fa daima qoltutt\u0131\u00bb - \u041c\u0435\u0434\u0436\u043b\u0456\u0441","robots":{"index":"index","follow":"follow","max-snippet":"max-snippet:-1","max-image-preview":"max-image-preview:large","max-video-preview":"max-video-preview:-1"},"canonical":"https:\/\/qtmm.org\/qt\/meclis-katibiyetinin-basi-dilaver-akiyev-qirimtatar-halqinin-meclisi-ukrainani-demokratlastiruv-ogrundaki-butun-qararlarga-daima-qoltutti\/","og_locale":"en_US","og_type":"article","og_title":"Meclis K\u00e2tibiyetini\u00f1 ba\u015f\u0131 Dil\u00e2ver Akiyev: \u00abQ\u0131r\u0131mtatar halq\u0131n\u0131\u00f1 meclisi Ukrainan\u0131 demokratla\u015ft\u0131ruv o\u011frundaki b\u00fct\u00fcn qararlar\u011fa daima qoltutt\u0131\u00bb - \u041c\u0435\u0434\u0436\u043b\u0456\u0441","og_description":"Ke\u00e7ken tatil k\u00fcnleri Harkovda ol\u0131p ke\u00e7ken Ukraina Yevromaydanlar forum\u0131nda memleketni\u00f1 er bir \u015feerindeki Yevromaydanlar vekilleri i\u015ftirak ettiler. Bu aqta forum\u011fa k\u00f6zetici s\u0131fat\u0131nda davet olun\u011fan Meclis K\u00e2tibiyetini\u00f1 ba\u015f\u0131 Dil\u00e2ver Akiyev bildirdi. Forumda bun\u0131\u00f1 kibi de &#8220;\u0406nstitut gromad\u00e2nskogo susp\u0456lstva&#8221; te\u015fkil\u00e2t\u0131n\u0131\u00f1 ba\u015f\u0131 Rustem Abl\u00e2tif ve &#8220;Ya\u015flar \u015furas\u0131&#8221; gen\u00e7ler te\u015fkil\u00e2t\u0131n\u0131\u00f1 azas\u0131 Ali Ametov bulund\u0131lar. \u015eun\u0131 qayd etmeli ki, Meclis [&hellip;]","og_url":"https:\/\/qtmm.org\/qt\/meclis-katibiyetinin-basi-dilaver-akiyev-qirimtatar-halqinin-meclisi-ukrainani-demokratlastiruv-ogrundaki-butun-qararlarga-daima-qoltutti\/","og_site_name":"\u041c\u0435\u0434\u0436\u043b\u0456\u0441","article_publisher":"https:\/\/www.facebook.com\/qtmm.info\/","article_published_time":"2014-01-13T13:22:00+00:00","article_modified_time":"2022-01-27T13:25:55+00:00","og_image":[{"width":650,"height":353,"url":"https:\/\/qtmm.org\/wp-content\/uploads\/2022\/01\/akiev_dilyaver.jpeg","type":"image\/jpeg"}],"author":"Developer","twitter_card":"summary_large_image","twitter_misc":{"Written by":"Developer","Est. reading time":"3 minutes"},"schema":{"@context":"https:\/\/schema.org","@graph":[{"@type":"Article","@id":"https:\/\/qtmm.org\/qt\/meclis-katibiyetinin-basi-dilaver-akiyev-qirimtatar-halqinin-meclisi-ukrainani-demokratlastiruv-ogrundaki-butun-qararlarga-daima-qoltutti\/#article","isPartOf":{"@id":"https:\/\/qtmm.org\/qt\/meclis-katibiyetinin-basi-dilaver-akiyev-qirimtatar-halqinin-meclisi-ukrainani-demokratlastiruv-ogrundaki-butun-qararlarga-daima-qoltutti\/"},"author":{"name":"Developer","@id":"https:\/\/qtmm.org\/qt\/#\/schema\/person\/de562469f971dec226ac06e60bbf74a7"},"headline":"Meclis K\u00e2tibiyetini\u00f1 ba\u015f\u0131 Dil\u00e2ver Akiyev: \u00abQ\u0131r\u0131mtatar halq\u0131n\u0131\u00f1 meclisi Ukrainan\u0131 demokratla\u015ft\u0131ruv o\u011frundaki b\u00fct\u00fcn qararlar\u011fa daima qoltutt\u0131\u00bb","datePublished":"2014-01-13T13:22:00+00:00","dateModified":"2022-01-27T13:25:55+00:00","mainEntityOfPage":{"@id":"https:\/\/qtmm.org\/qt\/meclis-katibiyetinin-basi-dilaver-akiyev-qirimtatar-halqinin-meclisi-ukrainani-demokratlastiruv-ogrundaki-butun-qararlarga-daima-qoltutti\/"},"wordCount":561,"commentCount":0,"publisher":{"@id":"https:\/\/qtmm.org\/qt\/#organization"},"image":{"@id":"https:\/\/qtmm.org\/qt\/meclis-katibiyetinin-basi-dilaver-akiyev-qirimtatar-halqinin-meclisi-ukrainani-demokratlastiruv-ogrundaki-butun-qararlarga-daima-qoltutti\/#primaryimage"},"thumbnailUrl":"http:\/\/qtmm.org\/wp-content\/uploads\/2022\/01\/akiev_dilyaver.jpeg","articleSection":["Haberler"],"inLanguage":"qt","potentialAction":[{"@type":"CommentAction","name":"Comment","target":["https:\/\/qtmm.org\/qt\/meclis-katibiyetinin-basi-dilaver-akiyev-qirimtatar-halqinin-meclisi-ukrainani-demokratlastiruv-ogrundaki-butun-qararlarga-daima-qoltutti\/#respond"]}]},{"@type":"WebPage","@id":"https:\/\/qtmm.org\/qt\/meclis-katibiyetinin-basi-dilaver-akiyev-qirimtatar-halqinin-meclisi-ukrainani-demokratlastiruv-ogrundaki-butun-qararlarga-daima-qoltutti\/","url":"https:\/\/qtmm.org\/qt\/meclis-katibiyetinin-basi-dilaver-akiyev-qirimtatar-halqinin-meclisi-ukrainani-demokratlastiruv-ogrundaki-butun-qararlarga-daima-qoltutti\/","name":"Meclis K\u00e2tibiyetini\u00f1 ba\u015f\u0131 Dil\u00e2ver Akiyev: \u00abQ\u0131r\u0131mtatar halq\u0131n\u0131\u00f1 meclisi Ukrainan\u0131 demokratla\u015ft\u0131ruv o\u011frundaki b\u00fct\u00fcn qararlar\u011fa daima qoltutt\u0131\u00bb - \u041c\u0435\u0434\u0436\u043b\u0456\u0441","isPartOf":{"@id":"https:\/\/qtmm.org\/qt\/#website"},"primaryImageOfPage":{"@id":"https:\/\/qtmm.org\/qt\/meclis-katibiyetinin-basi-dilaver-akiyev-qirimtatar-halqinin-meclisi-ukrainani-demokratlastiruv-ogrundaki-butun-qararlarga-daima-qoltutti\/#primaryimage"},"image":{"@id":"https:\/\/qtmm.org\/qt\/meclis-katibiyetinin-basi-dilaver-akiyev-qirimtatar-halqinin-meclisi-ukrainani-demokratlastiruv-ogrundaki-butun-qararlarga-daima-qoltutti\/#primaryimage"},"thumbnailUrl":"http:\/\/qtmm.org\/wp-content\/uploads\/2022\/01\/akiev_dilyaver.jpeg","datePublished":"2014-01-13T13:22:00+00:00","dateModified":"2022-01-27T13:25:55+00:00","breadcrumb":{"@id":"https:\/\/qtmm.org\/qt\/meclis-katibiyetinin-basi-dilaver-akiyev-qirimtatar-halqinin-meclisi-ukrainani-demokratlastiruv-ogrundaki-butun-qararlarga-daima-qoltutti\/#breadcrumb"},"inLanguage":"qt","potentialAction":[{"@type":"ReadAction","target":["https:\/\/qtmm.org\/qt\/meclis-katibiyetinin-basi-dilaver-akiyev-qirimtatar-halqinin-meclisi-ukrainani-demokratlastiruv-ogrundaki-butun-qararlarga-daima-qoltutti\/"]}]},{"@type":"ImageObject","inLanguage":"qt","@id":"https:\/\/qtmm.org\/qt\/meclis-katibiyetinin-basi-dilaver-akiyev-qirimtatar-halqinin-meclisi-ukrainani-demokratlastiruv-ogrundaki-butun-qararlarga-daima-qoltutti\/#primaryimage","url":"http:\/\/qtmm.org\/wp-content\/uploads\/2022\/01\/akiev_dilyaver.jpeg","contentUrl":"http:\/\/qtmm.org\/wp-content\/uploads\/2022\/01\/akiev_dilyaver.jpeg"},{"@type":"BreadcrumbList","@id":"https:\/\/qtmm.org\/qt\/meclis-katibiyetinin-basi-dilaver-akiyev-qirimtatar-halqinin-meclisi-ukrainani-demokratlastiruv-ogrundaki-butun-qararlarga-daima-qoltutti\/#breadcrumb","itemListElement":[{"@type":"ListItem","position":1,"name":"\u0413\u043e\u043b\u043e\u0432\u043d\u0430","item":"https:\/\/qtmm.org\/qt\/"},{"@type":"ListItem","position":2,"name":"Meclis K\u00e2tibiyetini\u00f1 ba\u015f\u0131 Dil\u00e2ver Akiyev: \u00abQ\u0131r\u0131mtatar halq\u0131n\u0131\u00f1 meclisi Ukrainan\u0131 demokratla\u015ft\u0131ruv o\u011frundaki b\u00fct\u00fcn qararlar\u011fa daima qoltutt\u0131\u00bb"}]},{"@type":"WebSite","@id":"https:\/\/qtmm.org\/qt\/#website","url":"https:\/\/qtmm.org\/qt\/","name":"\u041c\u0435\u0434\u0436\u043b\u0456\u0441","description":"","publisher":{"@id":"https:\/\/qtmm.org\/qt\/#organization"},"potentialAction":[{"@type":"SearchAction","target":{"@type":"EntryPoint","urlTemplate":"https:\/\/qtmm.org\/qt\/?s={search_term_string}"},"query-input":{"@type":"PropertyValueSpecification","valueRequired":true,"valueName":"search_term_string"}}],"inLanguage":"qt"},{"@type":"Organization","@id":"https:\/\/qtmm.org\/qt\/#organization","name":"\u041c\u0435\u0434\u0436\u043b\u0456\u0441","url":"https:\/\/qtmm.org\/qt\/","logo":{"@type":"ImageObject","inLanguage":"qt","@id":"https:\/\/qtmm.org\/qt\/#\/schema\/logo\/image\/","url":"https:\/\/qtmm.org\/wp-content\/uploads\/2024\/12\/ua-mejlis-logo-rgb.svg","contentUrl":"https:\/\/qtmm.org\/wp-content\/uploads\/2024\/12\/ua-mejlis-logo-rgb.svg","caption":"\u041c\u0435\u0434\u0436\u043b\u0456\u0441"},"image":{"@id":"https:\/\/qtmm.org\/qt\/#\/schema\/logo\/image\/"},"sameAs":["https:\/\/www.facebook.com\/qtmm.info\/"]},{"@type":"Person","@id":"https:\/\/qtmm.org\/qt\/#\/schema\/person\/de562469f971dec226ac06e60bbf74a7","name":"Developer","image":{"@type":"ImageObject","inLanguage":"qt","@id":"https:\/\/secure.gravatar.com\/avatar\/392b4cc8fbfeb00b39dfeeab4ee6edded39ffd48e25858637e4765810300227e?s=96&d=mm&r=g","url":"https:\/\/secure.gravatar.com\/avatar\/392b4cc8fbfeb00b39dfeeab4ee6edded39ffd48e25858637e4765810300227e?s=96&d=mm&r=g","contentUrl":"https:\/\/secure.gravatar.com\/avatar\/392b4cc8fbfeb00b39dfeeab4ee6edded39ffd48e25858637e4765810300227e?s=96&d=mm&r=g","caption":"Developer"},"url":"https:\/\/qtmm.org\/qt\/author\/Developer\/"}]}},"_links":{"self":[{"href":"https:\/\/qtmm.org\/qt\/wp-json\/wp\/v2\/posts\/42365","targetHints":{"allow":["GET"]}}],"collection":[{"href":"https:\/\/qtmm.org\/qt\/wp-json\/wp\/v2\/posts"}],"about":[{"href":"https:\/\/qtmm.org\/qt\/wp-json\/wp\/v2\/types\/post"}],"author":[{"embeddable":true,"href":"https:\/\/qtmm.org\/qt\/wp-json\/wp\/v2\/users\/1"}],"replies":[{"embeddable":true,"href":"https:\/\/qtmm.org\/qt\/wp-json\/wp\/v2\/comments?post=42365"}],"version-history":[{"count":1,"href":"https:\/\/qtmm.org\/qt\/wp-json\/wp\/v2\/posts\/42365\/revisions"}],"predecessor-version":[{"id":42398,"href":"https:\/\/qtmm.org\/qt\/wp-json\/wp\/v2\/posts\/42365\/revisions\/42398"}],"wp:attachment":[{"href":"https:\/\/qtmm.org\/qt\/wp-json\/wp\/v2\/media?parent=42365"}],"wp:term":[{"taxonomy":"category","embeddable":true,"href":"https:\/\/qtmm.org\/qt\/wp-json\/wp\/v2\/categories?post=42365"},{"taxonomy":"post_tag","embeddable":true,"href":"https:\/\/qtmm.org\/qt\/wp-json\/wp\/v2\/tags?post=42365"}],"curies":[{"name":"wp","href":"https:\/\/api.w.org\/{rel}","templated":true}]}}