




{"id":42363,"date":"2014-01-13T16:21:00","date_gmt":"2014-01-13T13:21:00","guid":{"rendered":"http:\/\/qtmm.org\/?p=42363"},"modified":"2022-01-27T16:22:04","modified_gmt":"2022-01-27T13:22:04","slug":"meclis-reisi-refat-cubarov-1991-senesi-yanvar-ayinda-litvaniya-mustaqilligi-ve-litvaniya-halqinin-serbestligi-icun-qurban-ketkenlernin-hatirasini-andi","status":"publish","type":"post","link":"https:\/\/qtmm.org\/qt\/meclis-reisi-refat-cubarov-1991-senesi-yanvar-ayinda-litvaniya-mustaqilligi-ve-litvaniya-halqinin-serbestligi-icun-qurban-ketkenlernin-hatirasini-andi\/","title":{"rendered":"Meclis reisi Refat \u00c7ubarov 1991 senesi yanvar ay\u0131nda Litvaniya mustaqilligi ve litvaniya halq\u0131n\u0131\u00f1 serbestligi i\u00e7\u00fcn qurban ketkenlerni\u00f1 hat\u0131ras\u0131n\u0131 a\u00f1d\u0131"},"content":{"rendered":"\n<p class=\"has-text-align-right\"><strong>Litvaniya Cumhuriyetini\u00f1 Prezidenti<\/strong><\/p>\n\n\n\n<p class=\"has-text-align-right\"><strong>Dali Gribauskayte han\u0131m\u011fa<\/strong><br>&nbsp;<\/p>\n\n\n\n<p><br>1991 senesi yanvar ay\u0131nda Litvaniya mustaqilligi ve litvaniya halq\u0131n\u0131\u00f1 serbestligi i\u00e7\u00fcn qurban ketkenlerni Q\u0131r\u0131mtatar halq\u0131n\u0131\u00f1 Meclisi ad\u0131ndan teren say\u011f\u0131 ile a\u00f1maqtam.<\/p>\n\n\n\n<p>Litvaniya halq\u0131n\u0131\u00f1 \u00f6z serbestligi ve mustaqilligi, adalet, birle\u015ftirilgen Avropa \u015faraitinde demokratiya ve eyiqom\u015ful\u0131q ideallar\u0131n\u0131 pekit\u00fcv i\u00e7\u00fcn k\u00fcre\u015fte k\u00f6stergen ces\u00fcrligi ve fedayiligi bar\u0131\u015f\u0131q ve eyilikke t\u0131r\u0131\u015fqan cemi halqlar i\u00e7\u00fcn \u00f6rnek old\u0131.<\/p>\n\n\n\n<p>1991 senesi yanvar ay\u0131n\u0131\u00f1 facial\u0131 k\u00fcnlerinde q\u0131r\u0131mtatarlar diger halqlar s\u0131ras\u0131nda litvaniya halq\u0131na qoltutt\u0131.<\/p>\n\n\n\n<p>Biz siz ile Ukrainan\u0131\u00f1 yevrointegratsion niyetlerini\u00f1 ker\u00e7ekle\u015fmesi o\u011frunda bug\u00fcnki i\u015fbirligimiz ve ortaql\u0131\u011f\u0131m\u0131z\u011fa b\u00fcy\u00fck q\u0131ymet kesemiz.<\/p>\n\n\n\n<p>Litvaniya Cumhuriyetini\u00f1 \u00fck\u00fcmeti ve Seymi Q\u0131r\u0131mtatar halq\u0131 Meclisini\u00f1 q\u0131r\u0131mtatar halq\u0131n\u0131\u00f1 aqlar\u0131n\u0131 tiklev, Ukrainada saqlan\u0131p qalmas\u0131 ve inki\u015faf etmesi i\u00e7\u00fcn halqara forumn\u0131 az\u0131rlav ve ke\u00e7ir\u00fcv te\u015febb\u00fcy\u00fcslerine qoltutqan\u0131 i\u00e7\u00fcn minnetdarm\u0131z.<\/p>\n\n\n\n<p>Litvaniya serbestligi ve mustaqilligi i\u00e7\u00fcn qurban ketken qaramanlar\u011fa \u015fan-\u015ferefler!<br>&nbsp;<\/p>\n\n\n\n<p><em><strong>Refat \u00c7ubarov<br>Q\u0131r\u0131mtatar halq\u0131 Meclisini\u00f1 reisi<\/strong><\/em><\/p>\n","protected":false},"excerpt":{"rendered":"<p>Litvaniya Cumhuriyetini\u00f1 Prezidenti Dali Gribauskayte han\u0131m\u011fa&nbsp; 1991 senesi yanvar ay\u0131nda Litvaniya mustaqilligi ve litvaniya halq\u0131n\u0131\u00f1 serbestligi i\u00e7\u00fcn qurban ketkenlerni Q\u0131r\u0131mtatar halq\u0131n\u0131\u00f1 Meclisi ad\u0131ndan teren say\u011f\u0131 ile a\u00f1maqtam. Litvaniya halq\u0131n\u0131\u00f1 \u00f6z serbestligi ve mustaqilligi, adalet, birle\u015ftirilgen Avropa \u015faraitinde demokratiya ve eyiqom\u015ful\u0131q ideallar\u0131n\u0131 pekit\u00fcv i\u00e7\u00fcn k\u00fcre\u015fte k\u00f6stergen ces\u00fcrligi ve fedayiligi bar\u0131\u015f\u0131q ve eyilikke t\u0131r\u0131\u015fqan cemi halqlar i\u00e7\u00fcn [&hellip;]<\/p>\n","protected":false},"author":1,"featured_media":0,"comment_status":"open","ping_status":"open","sticky":false,"template":"","format":"standard","meta":{"inline_featured_image":false,"footnotes":""},"categories":[265],"tags":[],"class_list":["post-42363","post","type-post","status-publish","format-standard","hentry","category-haberler"],"acf":[],"yoast_head":"<!-- This site is optimized with the Yoast SEO plugin v27.4 - https:\/\/yoast.com\/product\/yoast-seo-wordpress\/ -->\n<title>Meclis reisi Refat \u00c7ubarov 1991 senesi yanvar ay\u0131nda Litvaniya mustaqilligi ve litvaniya halq\u0131n\u0131\u00f1 serbestligi i\u00e7\u00fcn qurban ketkenlerni\u00f1 hat\u0131ras\u0131n\u0131 a\u00f1d\u0131 - \u041c\u0435\u0434\u0436\u043b\u0456\u0441<\/title>\n<meta name=\"robots\" content=\"index, follow, max-snippet:-1, max-image-preview:large, max-video-preview:-1\" \/>\n<link rel=\"canonical\" href=\"https:\/\/qtmm.org\/qt\/meclis-reisi-refat-cubarov-1991-senesi-yanvar-ayinda-litvaniya-mustaqilligi-ve-litvaniya-halqinin-serbestligi-icun-qurban-ketkenlernin-hatirasini-andi\/\" \/>\n<meta property=\"og:locale\" content=\"en_US\" \/>\n<meta property=\"og:type\" content=\"article\" \/>\n<meta property=\"og:title\" content=\"Meclis reisi Refat \u00c7ubarov 1991 senesi yanvar ay\u0131nda Litvaniya mustaqilligi ve litvaniya halq\u0131n\u0131\u00f1 serbestligi i\u00e7\u00fcn qurban ketkenlerni\u00f1 hat\u0131ras\u0131n\u0131 a\u00f1d\u0131 - \u041c\u0435\u0434\u0436\u043b\u0456\u0441\" \/>\n<meta property=\"og:description\" content=\"Litvaniya Cumhuriyetini\u00f1 Prezidenti Dali Gribauskayte han\u0131m\u011fa&nbsp; 1991 senesi yanvar ay\u0131nda Litvaniya mustaqilligi ve litvaniya halq\u0131n\u0131\u00f1 serbestligi i\u00e7\u00fcn qurban ketkenlerni Q\u0131r\u0131mtatar halq\u0131n\u0131\u00f1 Meclisi ad\u0131ndan teren say\u011f\u0131 ile a\u00f1maqtam. Litvaniya halq\u0131n\u0131\u00f1 \u00f6z serbestligi ve mustaqilligi, adalet, birle\u015ftirilgen Avropa \u015faraitinde demokratiya ve eyiqom\u015ful\u0131q ideallar\u0131n\u0131 pekit\u00fcv i\u00e7\u00fcn k\u00fcre\u015fte k\u00f6stergen ces\u00fcrligi ve fedayiligi bar\u0131\u015f\u0131q ve eyilikke t\u0131r\u0131\u015fqan cemi halqlar i\u00e7\u00fcn [&hellip;]\" \/>\n<meta property=\"og:url\" content=\"https:\/\/qtmm.org\/qt\/meclis-reisi-refat-cubarov-1991-senesi-yanvar-ayinda-litvaniya-mustaqilligi-ve-litvaniya-halqinin-serbestligi-icun-qurban-ketkenlernin-hatirasini-andi\/\" \/>\n<meta property=\"og:site_name\" content=\"\u041c\u0435\u0434\u0436\u043b\u0456\u0441\" \/>\n<meta property=\"article:publisher\" content=\"https:\/\/www.facebook.com\/qtmm.info\/\" \/>\n<meta property=\"article:published_time\" content=\"2014-01-13T13:21:00+00:00\" \/>\n<meta property=\"article:modified_time\" content=\"2022-01-27T13:22:04+00:00\" \/>\n<meta name=\"author\" content=\"Developer\" \/>\n<meta name=\"twitter:card\" content=\"summary_large_image\" \/>\n<meta name=\"twitter:label1\" content=\"Written by\" \/>\n\t<meta name=\"twitter:data1\" content=\"Developer\" \/>\n\t<meta name=\"twitter:label2\" content=\"Est. reading time\" \/>\n\t<meta name=\"twitter:data2\" content=\"1 minute\" \/>\n<script type=\"application\/ld+json\" class=\"yoast-schema-graph\">{\"@context\":\"https:\\\/\\\/schema.org\",\"@graph\":[{\"@type\":\"Article\",\"@id\":\"https:\\\/\\\/qtmm.org\\\/qt\\\/meclis-reisi-refat-cubarov-1991-senesi-yanvar-ayinda-litvaniya-mustaqilligi-ve-litvaniya-halqinin-serbestligi-icun-qurban-ketkenlernin-hatirasini-andi\\\/#article\",\"isPartOf\":{\"@id\":\"https:\\\/\\\/qtmm.org\\\/qt\\\/meclis-reisi-refat-cubarov-1991-senesi-yanvar-ayinda-litvaniya-mustaqilligi-ve-litvaniya-halqinin-serbestligi-icun-qurban-ketkenlernin-hatirasini-andi\\\/\"},\"author\":{\"name\":\"Developer\",\"@id\":\"https:\\\/\\\/qtmm.org\\\/qt\\\/#\\\/schema\\\/person\\\/de562469f971dec226ac06e60bbf74a7\"},\"headline\":\"Meclis reisi Refat \u00c7ubarov 1991 senesi yanvar ay\u0131nda Litvaniya mustaqilligi ve litvaniya halq\u0131n\u0131\u00f1 serbestligi i\u00e7\u00fcn qurban ketkenlerni\u00f1 hat\u0131ras\u0131n\u0131 a\u00f1d\u0131\",\"datePublished\":\"2014-01-13T13:21:00+00:00\",\"dateModified\":\"2022-01-27T13:22:04+00:00\",\"mainEntityOfPage\":{\"@id\":\"https:\\\/\\\/qtmm.org\\\/qt\\\/meclis-reisi-refat-cubarov-1991-senesi-yanvar-ayinda-litvaniya-mustaqilligi-ve-litvaniya-halqinin-serbestligi-icun-qurban-ketkenlernin-hatirasini-andi\\\/\"},\"wordCount\":217,\"commentCount\":0,\"publisher\":{\"@id\":\"https:\\\/\\\/qtmm.org\\\/qt\\\/#organization\"},\"articleSection\":[\"Haberler\"],\"inLanguage\":\"qt\",\"potentialAction\":[{\"@type\":\"CommentAction\",\"name\":\"Comment\",\"target\":[\"https:\\\/\\\/qtmm.org\\\/qt\\\/meclis-reisi-refat-cubarov-1991-senesi-yanvar-ayinda-litvaniya-mustaqilligi-ve-litvaniya-halqinin-serbestligi-icun-qurban-ketkenlernin-hatirasini-andi\\\/#respond\"]}]},{\"@type\":\"WebPage\",\"@id\":\"https:\\\/\\\/qtmm.org\\\/qt\\\/meclis-reisi-refat-cubarov-1991-senesi-yanvar-ayinda-litvaniya-mustaqilligi-ve-litvaniya-halqinin-serbestligi-icun-qurban-ketkenlernin-hatirasini-andi\\\/\",\"url\":\"https:\\\/\\\/qtmm.org\\\/qt\\\/meclis-reisi-refat-cubarov-1991-senesi-yanvar-ayinda-litvaniya-mustaqilligi-ve-litvaniya-halqinin-serbestligi-icun-qurban-ketkenlernin-hatirasini-andi\\\/\",\"name\":\"Meclis reisi Refat \u00c7ubarov 1991 senesi yanvar ay\u0131nda Litvaniya mustaqilligi ve litvaniya halq\u0131n\u0131\u00f1 serbestligi i\u00e7\u00fcn qurban ketkenlerni\u00f1 hat\u0131ras\u0131n\u0131 a\u00f1d\u0131 - \u041c\u0435\u0434\u0436\u043b\u0456\u0441\",\"isPartOf\":{\"@id\":\"https:\\\/\\\/qtmm.org\\\/qt\\\/#website\"},\"datePublished\":\"2014-01-13T13:21:00+00:00\",\"dateModified\":\"2022-01-27T13:22:04+00:00\",\"breadcrumb\":{\"@id\":\"https:\\\/\\\/qtmm.org\\\/qt\\\/meclis-reisi-refat-cubarov-1991-senesi-yanvar-ayinda-litvaniya-mustaqilligi-ve-litvaniya-halqinin-serbestligi-icun-qurban-ketkenlernin-hatirasini-andi\\\/#breadcrumb\"},\"inLanguage\":\"qt\",\"potentialAction\":[{\"@type\":\"ReadAction\",\"target\":[\"https:\\\/\\\/qtmm.org\\\/qt\\\/meclis-reisi-refat-cubarov-1991-senesi-yanvar-ayinda-litvaniya-mustaqilligi-ve-litvaniya-halqinin-serbestligi-icun-qurban-ketkenlernin-hatirasini-andi\\\/\"]}]},{\"@type\":\"BreadcrumbList\",\"@id\":\"https:\\\/\\\/qtmm.org\\\/qt\\\/meclis-reisi-refat-cubarov-1991-senesi-yanvar-ayinda-litvaniya-mustaqilligi-ve-litvaniya-halqinin-serbestligi-icun-qurban-ketkenlernin-hatirasini-andi\\\/#breadcrumb\",\"itemListElement\":[{\"@type\":\"ListItem\",\"position\":1,\"name\":\"\u0413\u043e\u043b\u043e\u0432\u043d\u0430\",\"item\":\"https:\\\/\\\/qtmm.org\\\/qt\\\/\"},{\"@type\":\"ListItem\",\"position\":2,\"name\":\"Meclis reisi Refat \u00c7ubarov 1991 senesi yanvar ay\u0131nda Litvaniya mustaqilligi ve litvaniya halq\u0131n\u0131\u00f1 serbestligi i\u00e7\u00fcn qurban ketkenlerni\u00f1 hat\u0131ras\u0131n\u0131 a\u00f1d\u0131\"}]},{\"@type\":\"WebSite\",\"@id\":\"https:\\\/\\\/qtmm.org\\\/qt\\\/#website\",\"url\":\"https:\\\/\\\/qtmm.org\\\/qt\\\/\",\"name\":\"\u041c\u0435\u0434\u0436\u043b\u0456\u0441\",\"description\":\"\",\"publisher\":{\"@id\":\"https:\\\/\\\/qtmm.org\\\/qt\\\/#organization\"},\"potentialAction\":[{\"@type\":\"SearchAction\",\"target\":{\"@type\":\"EntryPoint\",\"urlTemplate\":\"https:\\\/\\\/qtmm.org\\\/qt\\\/?s={search_term_string}\"},\"query-input\":{\"@type\":\"PropertyValueSpecification\",\"valueRequired\":true,\"valueName\":\"search_term_string\"}}],\"inLanguage\":\"qt\"},{\"@type\":\"Organization\",\"@id\":\"https:\\\/\\\/qtmm.org\\\/qt\\\/#organization\",\"name\":\"\u041c\u0435\u0434\u0436\u043b\u0456\u0441\",\"url\":\"https:\\\/\\\/qtmm.org\\\/qt\\\/\",\"logo\":{\"@type\":\"ImageObject\",\"inLanguage\":\"qt\",\"@id\":\"https:\\\/\\\/qtmm.org\\\/qt\\\/#\\\/schema\\\/logo\\\/image\\\/\",\"url\":\"https:\\\/\\\/qtmm.org\\\/wp-content\\\/uploads\\\/2024\\\/12\\\/ua-mejlis-logo-rgb.svg\",\"contentUrl\":\"https:\\\/\\\/qtmm.org\\\/wp-content\\\/uploads\\\/2024\\\/12\\\/ua-mejlis-logo-rgb.svg\",\"caption\":\"\u041c\u0435\u0434\u0436\u043b\u0456\u0441\"},\"image\":{\"@id\":\"https:\\\/\\\/qtmm.org\\\/qt\\\/#\\\/schema\\\/logo\\\/image\\\/\"},\"sameAs\":[\"https:\\\/\\\/www.facebook.com\\\/qtmm.info\\\/\"]},{\"@type\":\"Person\",\"@id\":\"https:\\\/\\\/qtmm.org\\\/qt\\\/#\\\/schema\\\/person\\\/de562469f971dec226ac06e60bbf74a7\",\"name\":\"Developer\",\"image\":{\"@type\":\"ImageObject\",\"inLanguage\":\"qt\",\"@id\":\"https:\\\/\\\/secure.gravatar.com\\\/avatar\\\/392b4cc8fbfeb00b39dfeeab4ee6edded39ffd48e25858637e4765810300227e?s=96&d=mm&r=g\",\"url\":\"https:\\\/\\\/secure.gravatar.com\\\/avatar\\\/392b4cc8fbfeb00b39dfeeab4ee6edded39ffd48e25858637e4765810300227e?s=96&d=mm&r=g\",\"contentUrl\":\"https:\\\/\\\/secure.gravatar.com\\\/avatar\\\/392b4cc8fbfeb00b39dfeeab4ee6edded39ffd48e25858637e4765810300227e?s=96&d=mm&r=g\",\"caption\":\"Developer\"},\"url\":\"https:\\\/\\\/qtmm.org\\\/qt\\\/author\\\/Developer\\\/\"}]}<\/script>\n<!-- \/ Yoast SEO plugin. -->","yoast_head_json":{"title":"Meclis reisi Refat \u00c7ubarov 1991 senesi yanvar ay\u0131nda Litvaniya mustaqilligi ve litvaniya halq\u0131n\u0131\u00f1 serbestligi i\u00e7\u00fcn qurban ketkenlerni\u00f1 hat\u0131ras\u0131n\u0131 a\u00f1d\u0131 - \u041c\u0435\u0434\u0436\u043b\u0456\u0441","robots":{"index":"index","follow":"follow","max-snippet":"max-snippet:-1","max-image-preview":"max-image-preview:large","max-video-preview":"max-video-preview:-1"},"canonical":"https:\/\/qtmm.org\/qt\/meclis-reisi-refat-cubarov-1991-senesi-yanvar-ayinda-litvaniya-mustaqilligi-ve-litvaniya-halqinin-serbestligi-icun-qurban-ketkenlernin-hatirasini-andi\/","og_locale":"en_US","og_type":"article","og_title":"Meclis reisi Refat \u00c7ubarov 1991 senesi yanvar ay\u0131nda Litvaniya mustaqilligi ve litvaniya halq\u0131n\u0131\u00f1 serbestligi i\u00e7\u00fcn qurban ketkenlerni\u00f1 hat\u0131ras\u0131n\u0131 a\u00f1d\u0131 - \u041c\u0435\u0434\u0436\u043b\u0456\u0441","og_description":"Litvaniya Cumhuriyetini\u00f1 Prezidenti Dali Gribauskayte han\u0131m\u011fa&nbsp; 1991 senesi yanvar ay\u0131nda Litvaniya mustaqilligi ve litvaniya halq\u0131n\u0131\u00f1 serbestligi i\u00e7\u00fcn qurban ketkenlerni Q\u0131r\u0131mtatar halq\u0131n\u0131\u00f1 Meclisi ad\u0131ndan teren say\u011f\u0131 ile a\u00f1maqtam. Litvaniya halq\u0131n\u0131\u00f1 \u00f6z serbestligi ve mustaqilligi, adalet, birle\u015ftirilgen Avropa \u015faraitinde demokratiya ve eyiqom\u015ful\u0131q ideallar\u0131n\u0131 pekit\u00fcv i\u00e7\u00fcn k\u00fcre\u015fte k\u00f6stergen ces\u00fcrligi ve fedayiligi bar\u0131\u015f\u0131q ve eyilikke t\u0131r\u0131\u015fqan cemi halqlar i\u00e7\u00fcn [&hellip;]","og_url":"https:\/\/qtmm.org\/qt\/meclis-reisi-refat-cubarov-1991-senesi-yanvar-ayinda-litvaniya-mustaqilligi-ve-litvaniya-halqinin-serbestligi-icun-qurban-ketkenlernin-hatirasini-andi\/","og_site_name":"\u041c\u0435\u0434\u0436\u043b\u0456\u0441","article_publisher":"https:\/\/www.facebook.com\/qtmm.info\/","article_published_time":"2014-01-13T13:21:00+00:00","article_modified_time":"2022-01-27T13:22:04+00:00","author":"Developer","twitter_card":"summary_large_image","twitter_misc":{"Written by":"Developer","Est. reading time":"1 minute"},"schema":{"@context":"https:\/\/schema.org","@graph":[{"@type":"Article","@id":"https:\/\/qtmm.org\/qt\/meclis-reisi-refat-cubarov-1991-senesi-yanvar-ayinda-litvaniya-mustaqilligi-ve-litvaniya-halqinin-serbestligi-icun-qurban-ketkenlernin-hatirasini-andi\/#article","isPartOf":{"@id":"https:\/\/qtmm.org\/qt\/meclis-reisi-refat-cubarov-1991-senesi-yanvar-ayinda-litvaniya-mustaqilligi-ve-litvaniya-halqinin-serbestligi-icun-qurban-ketkenlernin-hatirasini-andi\/"},"author":{"name":"Developer","@id":"https:\/\/qtmm.org\/qt\/#\/schema\/person\/de562469f971dec226ac06e60bbf74a7"},"headline":"Meclis reisi Refat \u00c7ubarov 1991 senesi yanvar ay\u0131nda Litvaniya mustaqilligi ve litvaniya halq\u0131n\u0131\u00f1 serbestligi i\u00e7\u00fcn qurban ketkenlerni\u00f1 hat\u0131ras\u0131n\u0131 a\u00f1d\u0131","datePublished":"2014-01-13T13:21:00+00:00","dateModified":"2022-01-27T13:22:04+00:00","mainEntityOfPage":{"@id":"https:\/\/qtmm.org\/qt\/meclis-reisi-refat-cubarov-1991-senesi-yanvar-ayinda-litvaniya-mustaqilligi-ve-litvaniya-halqinin-serbestligi-icun-qurban-ketkenlernin-hatirasini-andi\/"},"wordCount":217,"commentCount":0,"publisher":{"@id":"https:\/\/qtmm.org\/qt\/#organization"},"articleSection":["Haberler"],"inLanguage":"qt","potentialAction":[{"@type":"CommentAction","name":"Comment","target":["https:\/\/qtmm.org\/qt\/meclis-reisi-refat-cubarov-1991-senesi-yanvar-ayinda-litvaniya-mustaqilligi-ve-litvaniya-halqinin-serbestligi-icun-qurban-ketkenlernin-hatirasini-andi\/#respond"]}]},{"@type":"WebPage","@id":"https:\/\/qtmm.org\/qt\/meclis-reisi-refat-cubarov-1991-senesi-yanvar-ayinda-litvaniya-mustaqilligi-ve-litvaniya-halqinin-serbestligi-icun-qurban-ketkenlernin-hatirasini-andi\/","url":"https:\/\/qtmm.org\/qt\/meclis-reisi-refat-cubarov-1991-senesi-yanvar-ayinda-litvaniya-mustaqilligi-ve-litvaniya-halqinin-serbestligi-icun-qurban-ketkenlernin-hatirasini-andi\/","name":"Meclis reisi Refat \u00c7ubarov 1991 senesi yanvar ay\u0131nda Litvaniya mustaqilligi ve litvaniya halq\u0131n\u0131\u00f1 serbestligi i\u00e7\u00fcn qurban ketkenlerni\u00f1 hat\u0131ras\u0131n\u0131 a\u00f1d\u0131 - \u041c\u0435\u0434\u0436\u043b\u0456\u0441","isPartOf":{"@id":"https:\/\/qtmm.org\/qt\/#website"},"datePublished":"2014-01-13T13:21:00+00:00","dateModified":"2022-01-27T13:22:04+00:00","breadcrumb":{"@id":"https:\/\/qtmm.org\/qt\/meclis-reisi-refat-cubarov-1991-senesi-yanvar-ayinda-litvaniya-mustaqilligi-ve-litvaniya-halqinin-serbestligi-icun-qurban-ketkenlernin-hatirasini-andi\/#breadcrumb"},"inLanguage":"qt","potentialAction":[{"@type":"ReadAction","target":["https:\/\/qtmm.org\/qt\/meclis-reisi-refat-cubarov-1991-senesi-yanvar-ayinda-litvaniya-mustaqilligi-ve-litvaniya-halqinin-serbestligi-icun-qurban-ketkenlernin-hatirasini-andi\/"]}]},{"@type":"BreadcrumbList","@id":"https:\/\/qtmm.org\/qt\/meclis-reisi-refat-cubarov-1991-senesi-yanvar-ayinda-litvaniya-mustaqilligi-ve-litvaniya-halqinin-serbestligi-icun-qurban-ketkenlernin-hatirasini-andi\/#breadcrumb","itemListElement":[{"@type":"ListItem","position":1,"name":"\u0413\u043e\u043b\u043e\u0432\u043d\u0430","item":"https:\/\/qtmm.org\/qt\/"},{"@type":"ListItem","position":2,"name":"Meclis reisi Refat \u00c7ubarov 1991 senesi yanvar ay\u0131nda Litvaniya mustaqilligi ve litvaniya halq\u0131n\u0131\u00f1 serbestligi i\u00e7\u00fcn qurban ketkenlerni\u00f1 hat\u0131ras\u0131n\u0131 a\u00f1d\u0131"}]},{"@type":"WebSite","@id":"https:\/\/qtmm.org\/qt\/#website","url":"https:\/\/qtmm.org\/qt\/","name":"\u041c\u0435\u0434\u0436\u043b\u0456\u0441","description":"","publisher":{"@id":"https:\/\/qtmm.org\/qt\/#organization"},"potentialAction":[{"@type":"SearchAction","target":{"@type":"EntryPoint","urlTemplate":"https:\/\/qtmm.org\/qt\/?s={search_term_string}"},"query-input":{"@type":"PropertyValueSpecification","valueRequired":true,"valueName":"search_term_string"}}],"inLanguage":"qt"},{"@type":"Organization","@id":"https:\/\/qtmm.org\/qt\/#organization","name":"\u041c\u0435\u0434\u0436\u043b\u0456\u0441","url":"https:\/\/qtmm.org\/qt\/","logo":{"@type":"ImageObject","inLanguage":"qt","@id":"https:\/\/qtmm.org\/qt\/#\/schema\/logo\/image\/","url":"https:\/\/qtmm.org\/wp-content\/uploads\/2024\/12\/ua-mejlis-logo-rgb.svg","contentUrl":"https:\/\/qtmm.org\/wp-content\/uploads\/2024\/12\/ua-mejlis-logo-rgb.svg","caption":"\u041c\u0435\u0434\u0436\u043b\u0456\u0441"},"image":{"@id":"https:\/\/qtmm.org\/qt\/#\/schema\/logo\/image\/"},"sameAs":["https:\/\/www.facebook.com\/qtmm.info\/"]},{"@type":"Person","@id":"https:\/\/qtmm.org\/qt\/#\/schema\/person\/de562469f971dec226ac06e60bbf74a7","name":"Developer","image":{"@type":"ImageObject","inLanguage":"qt","@id":"https:\/\/secure.gravatar.com\/avatar\/392b4cc8fbfeb00b39dfeeab4ee6edded39ffd48e25858637e4765810300227e?s=96&d=mm&r=g","url":"https:\/\/secure.gravatar.com\/avatar\/392b4cc8fbfeb00b39dfeeab4ee6edded39ffd48e25858637e4765810300227e?s=96&d=mm&r=g","contentUrl":"https:\/\/secure.gravatar.com\/avatar\/392b4cc8fbfeb00b39dfeeab4ee6edded39ffd48e25858637e4765810300227e?s=96&d=mm&r=g","caption":"Developer"},"url":"https:\/\/qtmm.org\/qt\/author\/Developer\/"}]}},"_links":{"self":[{"href":"https:\/\/qtmm.org\/qt\/wp-json\/wp\/v2\/posts\/42363","targetHints":{"allow":["GET"]}}],"collection":[{"href":"https:\/\/qtmm.org\/qt\/wp-json\/wp\/v2\/posts"}],"about":[{"href":"https:\/\/qtmm.org\/qt\/wp-json\/wp\/v2\/types\/post"}],"author":[{"embeddable":true,"href":"https:\/\/qtmm.org\/qt\/wp-json\/wp\/v2\/users\/1"}],"replies":[{"embeddable":true,"href":"https:\/\/qtmm.org\/qt\/wp-json\/wp\/v2\/comments?post=42363"}],"version-history":[{"count":1,"href":"https:\/\/qtmm.org\/qt\/wp-json\/wp\/v2\/posts\/42363\/revisions"}],"predecessor-version":[{"id":42364,"href":"https:\/\/qtmm.org\/qt\/wp-json\/wp\/v2\/posts\/42363\/revisions\/42364"}],"wp:attachment":[{"href":"https:\/\/qtmm.org\/qt\/wp-json\/wp\/v2\/media?parent=42363"}],"wp:term":[{"taxonomy":"category","embeddable":true,"href":"https:\/\/qtmm.org\/qt\/wp-json\/wp\/v2\/categories?post=42363"},{"taxonomy":"post_tag","embeddable":true,"href":"https:\/\/qtmm.org\/qt\/wp-json\/wp\/v2\/tags?post=42363"}],"curies":[{"name":"wp","href":"https:\/\/api.w.org\/{rel}","templated":true}]}}