




{"id":42349,"date":"2014-01-10T16:19:00","date_gmt":"2014-01-10T13:19:00","guid":{"rendered":"http:\/\/qtmm.org\/?p=42349"},"modified":"2022-01-27T16:21:17","modified_gmt":"2022-01-27T13:21:17","slug":"2014-senesi-yanvar-ayinda-otkerilecek-regionlarara-is-toplasuvlar-cedveli-tasdiqlandi","status":"publish","type":"post","link":"https:\/\/qtmm.org\/qt\/2014-senesi-yanvar-ayinda-otkerilecek-regionlarara-is-toplasuvlar-cedveli-tasdiqlandi\/","title":{"rendered":"2014 senesi yanvar ay\u0131nda \u00f6tkerilecek regionlarara i\u015f topla\u015fuvlar cedveli tasdiqland\u0131"},"content":{"rendered":"\n<p>Q\u0131r\u0131mtatar halq\u0131 Meclisini\u00f1 2014 senesi yanvar 10 k\u00fcn\u00fc \u00f6tkerilgen topla\u015fuv\u0131nda Meclis ve Q\u0131r\u0131m musulmanlar\u0131 diniy idaresini\u00f1 regional ve yerli meclisler, yerli \u015furalarn\u0131\u00f1 deputatlar\u0131 ve VI \u00e7a\u011f\u0131r\u0131l\u0131\u015f Qurultay delegatlar\u0131nen 2014 senesi yanvar ay\u0131nda ke\u00e7irecek seyyar i\u015f topla\u015fuvlar cedveli tasdiqland\u0131.<\/p>\n\n\n\n<p>C\u00fcmleden, Meclis reisini\u00f1 muavini Zaur Smirnov haber etkenine k\u00f6re yanvar 11 k\u00fcn\u00fc Kezlev region\u0131nda, yanvar 12-de \u2013 Aqme\u00e7it region\u0131, yanvar 18-de &#8211; Cank\u00f6y region\u0131, yanvar 19-da \u2013 Qurman ve Seytler regionlar\u0131nda, yanvar 25 k\u00fcn\u00fc \u2013 Aqmescit region\u0131, yanvar 26 k\u00fcn\u00fc \u2013 Or qap\u0131, Aq\u015feyh ve Cur\u00e7\u0131 regionlar\u0131nda, yanvar 31-de ise Ba\u011f\u00e7asaray region\u0131nda topla\u015fuvlar ke\u00e7irilecek.<\/p>\n\n\n\n<p>Bundan da \u011fayr\u0131, topla\u015fuv \u00e7er\u00e7ivesinde Meclis idare ve h\u0131zmetlerini\u00f1 tedbirler plan\u0131 baq\u0131ld\u0131, bun\u0131\u00f1 kibi de q\u0131r\u0131mtatar halq\u0131n\u0131\u00f1 tarih\u0131nda 2014 senesi qayd etilecek emiyetli vaqialarn\u0131 qayd et\u00fcvnen ba\u011fl\u0131 te\u015fkil\u00e2tiy meseleler muzakere etildi.<\/p>\n\n\n\n<figure class=\"wp-block-image size-full\"><img loading=\"lazy\" decoding=\"async\" width=\"650\" height=\"333\" src=\"http:\/\/qtmm.org\/wp-content\/uploads\/2022\/01\/5_66.jpeg\" alt=\"\" class=\"wp-image-42354\" srcset=\"https:\/\/qtmm.org\/wp-content\/uploads\/2022\/01\/5_66.jpeg 650w, https:\/\/qtmm.org\/wp-content\/uploads\/2022\/01\/5_66-300x154.jpeg 300w\" sizes=\"auto, (max-width: 650px) 100vw, 650px\" \/><\/figure>\n\n\n\n<p>Yaq\u0131n k\u00fcnlerde q\u0131r\u0131mtatar halq\u0131n\u0131\u00f1 k\u00f6r\u00fcmli siyasiy ve cemaat erbab\u0131. Qurultayn\u0131\u00f1 birinci reisi Noman \u00c7kelebicihan \u00f6ld\u00fcrilgenini\u00f1 96 y\u0131ll\u0131\u011f\u0131 munasebetinen hat\u0131ra tedbirlerini az\u0131rlav ke ke\u00e7ir\u00fcdv boyunca i\u015f gruppas\u0131n\u0131\u00f1 erk\u00e2n\u0131 tasdiqlanacaq.<\/p>\n\n\n\n<p>Bun\u0131\u00f1 kibi de Meclisni\u00f1 nevbetteki topla\u015fuv\u0131nda q\u0131r\u0131mtatar halq\u0131 soyq\u0131r\u0131m\u0131(s\u00fcrg\u00fcnlikni\u00f1 70 y\u0131ll\u0131\u011f\u0131) qurbanlar\u0131n\u0131\u00f1 hat\u0131ras\u0131na ba\u011f\u0131\u015flan\u011fan matem merasimlerini az\u0131rlav ve \u00f6tker\u00fcv boyunca te\u015fkiliy komitet ve \u0130smail Gasprinskiy vefat\u0131n\u0131\u00f1 100 y\u0131ll\u0131\u011f\u0131na ba\u011f\u0131\u015flan\u011fan hat\u0131ra tedbirlerini az\u0131rlav ve \u00f6tker\u00fcv boyunca te\u015fkiliy komitet erk\u00e2nlar\u0131 tasdiqlanacaq.<\/p>\n\n\n\n<figure class=\"wp-block-image size-full\"><img loading=\"lazy\" decoding=\"async\" width=\"650\" height=\"333\" src=\"http:\/\/qtmm.org\/wp-content\/uploads\/2022\/01\/7_24.jpeg\" alt=\"\" class=\"wp-image-42358\" srcset=\"https:\/\/qtmm.org\/wp-content\/uploads\/2022\/01\/7_24.jpeg 650w, https:\/\/qtmm.org\/wp-content\/uploads\/2022\/01\/7_24-300x154.jpeg 300w\" sizes=\"auto, (max-width: 650px) 100vw, 650px\" \/><\/figure>\n","protected":false},"excerpt":{"rendered":"<p>Q\u0131r\u0131mtatar halq\u0131 Meclisini\u00f1 2014 senesi yanvar 10 k\u00fcn\u00fc \u00f6tkerilgen topla\u015fuv\u0131nda Meclis ve Q\u0131r\u0131m musulmanlar\u0131 diniy idaresini\u00f1 regional ve yerli meclisler, yerli \u015furalarn\u0131\u00f1 deputatlar\u0131 ve VI \u00e7a\u011f\u0131r\u0131l\u0131\u015f Qurultay delegatlar\u0131nen 2014 senesi yanvar ay\u0131nda ke\u00e7irecek seyyar i\u015f topla\u015fuvlar cedveli tasdiqland\u0131. C\u00fcmleden, Meclis reisini\u00f1 muavini Zaur Smirnov haber etkenine k\u00f6re yanvar 11 k\u00fcn\u00fc Kezlev region\u0131nda, yanvar 12-de \u2013 [&hellip;]<\/p>\n","protected":false},"author":1,"featured_media":42350,"comment_status":"open","ping_status":"open","sticky":false,"template":"","format":"standard","meta":{"inline_featured_image":false,"footnotes":""},"categories":[265],"tags":[],"class_list":["post-42349","post","type-post","status-publish","format-standard","has-post-thumbnail","hentry","category-haberler"],"acf":[],"yoast_head":"<!-- This site is optimized with the Yoast SEO plugin v27.4 - https:\/\/yoast.com\/product\/yoast-seo-wordpress\/ -->\n<title>2014 senesi yanvar ay\u0131nda \u00f6tkerilecek regionlarara i\u015f topla\u015fuvlar cedveli tasdiqland\u0131 - \u041c\u0435\u0434\u0436\u043b\u0456\u0441<\/title>\n<meta name=\"robots\" content=\"index, follow, max-snippet:-1, max-image-preview:large, max-video-preview:-1\" \/>\n<link rel=\"canonical\" href=\"https:\/\/qtmm.org\/qt\/2014-senesi-yanvar-ayinda-otkerilecek-regionlarara-is-toplasuvlar-cedveli-tasdiqlandi\/\" \/>\n<meta property=\"og:locale\" content=\"en_US\" \/>\n<meta property=\"og:type\" content=\"article\" \/>\n<meta property=\"og:title\" content=\"2014 senesi yanvar ay\u0131nda \u00f6tkerilecek regionlarara i\u015f topla\u015fuvlar cedveli tasdiqland\u0131 - \u041c\u0435\u0434\u0436\u043b\u0456\u0441\" \/>\n<meta property=\"og:description\" content=\"Q\u0131r\u0131mtatar halq\u0131 Meclisini\u00f1 2014 senesi yanvar 10 k\u00fcn\u00fc \u00f6tkerilgen topla\u015fuv\u0131nda Meclis ve Q\u0131r\u0131m musulmanlar\u0131 diniy idaresini\u00f1 regional ve yerli meclisler, yerli \u015furalarn\u0131\u00f1 deputatlar\u0131 ve VI \u00e7a\u011f\u0131r\u0131l\u0131\u015f Qurultay delegatlar\u0131nen 2014 senesi yanvar ay\u0131nda ke\u00e7irecek seyyar i\u015f topla\u015fuvlar cedveli tasdiqland\u0131. C\u00fcmleden, Meclis reisini\u00f1 muavini Zaur Smirnov haber etkenine k\u00f6re yanvar 11 k\u00fcn\u00fc Kezlev region\u0131nda, yanvar 12-de \u2013 [&hellip;]\" \/>\n<meta property=\"og:url\" content=\"https:\/\/qtmm.org\/qt\/2014-senesi-yanvar-ayinda-otkerilecek-regionlarara-is-toplasuvlar-cedveli-tasdiqlandi\/\" \/>\n<meta property=\"og:site_name\" content=\"\u041c\u0435\u0434\u0436\u043b\u0456\u0441\" \/>\n<meta property=\"article:publisher\" content=\"https:\/\/www.facebook.com\/qtmm.info\/\" \/>\n<meta property=\"article:published_time\" content=\"2014-01-10T13:19:00+00:00\" \/>\n<meta property=\"article:modified_time\" content=\"2022-01-27T13:21:17+00:00\" \/>\n<meta property=\"og:image\" content=\"https:\/\/qtmm.org\/wp-content\/uploads\/2022\/01\/8_19.jpeg\" \/>\n\t<meta property=\"og:image:width\" content=\"650\" \/>\n\t<meta property=\"og:image:height\" content=\"423\" \/>\n\t<meta property=\"og:image:type\" content=\"image\/jpeg\" \/>\n<meta name=\"author\" content=\"Developer\" \/>\n<meta name=\"twitter:card\" content=\"summary_large_image\" \/>\n<meta name=\"twitter:label1\" content=\"Written by\" \/>\n\t<meta name=\"twitter:data1\" content=\"Developer\" \/>\n\t<meta name=\"twitter:label2\" content=\"Est. reading time\" \/>\n\t<meta name=\"twitter:data2\" content=\"1 minute\" \/>\n<script type=\"application\/ld+json\" class=\"yoast-schema-graph\">{\"@context\":\"https:\\\/\\\/schema.org\",\"@graph\":[{\"@type\":\"Article\",\"@id\":\"https:\\\/\\\/qtmm.org\\\/qt\\\/2014-senesi-yanvar-ayinda-otkerilecek-regionlarara-is-toplasuvlar-cedveli-tasdiqlandi\\\/#article\",\"isPartOf\":{\"@id\":\"https:\\\/\\\/qtmm.org\\\/qt\\\/2014-senesi-yanvar-ayinda-otkerilecek-regionlarara-is-toplasuvlar-cedveli-tasdiqlandi\\\/\"},\"author\":{\"name\":\"Developer\",\"@id\":\"https:\\\/\\\/qtmm.org\\\/qt\\\/#\\\/schema\\\/person\\\/de562469f971dec226ac06e60bbf74a7\"},\"headline\":\"2014 senesi yanvar ay\u0131nda \u00f6tkerilecek regionlarara i\u015f topla\u015fuvlar cedveli tasdiqland\u0131\",\"datePublished\":\"2014-01-10T13:19:00+00:00\",\"dateModified\":\"2022-01-27T13:21:17+00:00\",\"mainEntityOfPage\":{\"@id\":\"https:\\\/\\\/qtmm.org\\\/qt\\\/2014-senesi-yanvar-ayinda-otkerilecek-regionlarara-is-toplasuvlar-cedveli-tasdiqlandi\\\/\"},\"wordCount\":270,\"commentCount\":0,\"publisher\":{\"@id\":\"https:\\\/\\\/qtmm.org\\\/qt\\\/#organization\"},\"image\":{\"@id\":\"https:\\\/\\\/qtmm.org\\\/qt\\\/2014-senesi-yanvar-ayinda-otkerilecek-regionlarara-is-toplasuvlar-cedveli-tasdiqlandi\\\/#primaryimage\"},\"thumbnailUrl\":\"https:\\\/\\\/qtmm.org\\\/wp-content\\\/uploads\\\/2022\\\/01\\\/8_19.jpeg\",\"articleSection\":[\"Haberler\"],\"inLanguage\":\"qt\",\"potentialAction\":[{\"@type\":\"CommentAction\",\"name\":\"Comment\",\"target\":[\"https:\\\/\\\/qtmm.org\\\/qt\\\/2014-senesi-yanvar-ayinda-otkerilecek-regionlarara-is-toplasuvlar-cedveli-tasdiqlandi\\\/#respond\"]}]},{\"@type\":\"WebPage\",\"@id\":\"https:\\\/\\\/qtmm.org\\\/qt\\\/2014-senesi-yanvar-ayinda-otkerilecek-regionlarara-is-toplasuvlar-cedveli-tasdiqlandi\\\/\",\"url\":\"https:\\\/\\\/qtmm.org\\\/qt\\\/2014-senesi-yanvar-ayinda-otkerilecek-regionlarara-is-toplasuvlar-cedveli-tasdiqlandi\\\/\",\"name\":\"2014 senesi yanvar ay\u0131nda \u00f6tkerilecek regionlarara i\u015f topla\u015fuvlar cedveli tasdiqland\u0131 - \u041c\u0435\u0434\u0436\u043b\u0456\u0441\",\"isPartOf\":{\"@id\":\"https:\\\/\\\/qtmm.org\\\/qt\\\/#website\"},\"primaryImageOfPage\":{\"@id\":\"https:\\\/\\\/qtmm.org\\\/qt\\\/2014-senesi-yanvar-ayinda-otkerilecek-regionlarara-is-toplasuvlar-cedveli-tasdiqlandi\\\/#primaryimage\"},\"image\":{\"@id\":\"https:\\\/\\\/qtmm.org\\\/qt\\\/2014-senesi-yanvar-ayinda-otkerilecek-regionlarara-is-toplasuvlar-cedveli-tasdiqlandi\\\/#primaryimage\"},\"thumbnailUrl\":\"https:\\\/\\\/qtmm.org\\\/wp-content\\\/uploads\\\/2022\\\/01\\\/8_19.jpeg\",\"datePublished\":\"2014-01-10T13:19:00+00:00\",\"dateModified\":\"2022-01-27T13:21:17+00:00\",\"breadcrumb\":{\"@id\":\"https:\\\/\\\/qtmm.org\\\/qt\\\/2014-senesi-yanvar-ayinda-otkerilecek-regionlarara-is-toplasuvlar-cedveli-tasdiqlandi\\\/#breadcrumb\"},\"inLanguage\":\"qt\",\"potentialAction\":[{\"@type\":\"ReadAction\",\"target\":[\"https:\\\/\\\/qtmm.org\\\/qt\\\/2014-senesi-yanvar-ayinda-otkerilecek-regionlarara-is-toplasuvlar-cedveli-tasdiqlandi\\\/\"]}]},{\"@type\":\"ImageObject\",\"inLanguage\":\"qt\",\"@id\":\"https:\\\/\\\/qtmm.org\\\/qt\\\/2014-senesi-yanvar-ayinda-otkerilecek-regionlarara-is-toplasuvlar-cedveli-tasdiqlandi\\\/#primaryimage\",\"url\":\"https:\\\/\\\/qtmm.org\\\/wp-content\\\/uploads\\\/2022\\\/01\\\/8_19.jpeg\",\"contentUrl\":\"https:\\\/\\\/qtmm.org\\\/wp-content\\\/uploads\\\/2022\\\/01\\\/8_19.jpeg\",\"width\":650,\"height\":423},{\"@type\":\"BreadcrumbList\",\"@id\":\"https:\\\/\\\/qtmm.org\\\/qt\\\/2014-senesi-yanvar-ayinda-otkerilecek-regionlarara-is-toplasuvlar-cedveli-tasdiqlandi\\\/#breadcrumb\",\"itemListElement\":[{\"@type\":\"ListItem\",\"position\":1,\"name\":\"\u0413\u043e\u043b\u043e\u0432\u043d\u0430\",\"item\":\"https:\\\/\\\/qtmm.org\\\/qt\\\/\"},{\"@type\":\"ListItem\",\"position\":2,\"name\":\"2014 senesi yanvar ay\u0131nda \u00f6tkerilecek regionlarara i\u015f topla\u015fuvlar cedveli tasdiqland\u0131\"}]},{\"@type\":\"WebSite\",\"@id\":\"https:\\\/\\\/qtmm.org\\\/qt\\\/#website\",\"url\":\"https:\\\/\\\/qtmm.org\\\/qt\\\/\",\"name\":\"\u041c\u0435\u0434\u0436\u043b\u0456\u0441\",\"description\":\"\",\"publisher\":{\"@id\":\"https:\\\/\\\/qtmm.org\\\/qt\\\/#organization\"},\"potentialAction\":[{\"@type\":\"SearchAction\",\"target\":{\"@type\":\"EntryPoint\",\"urlTemplate\":\"https:\\\/\\\/qtmm.org\\\/qt\\\/?s={search_term_string}\"},\"query-input\":{\"@type\":\"PropertyValueSpecification\",\"valueRequired\":true,\"valueName\":\"search_term_string\"}}],\"inLanguage\":\"qt\"},{\"@type\":\"Organization\",\"@id\":\"https:\\\/\\\/qtmm.org\\\/qt\\\/#organization\",\"name\":\"\u041c\u0435\u0434\u0436\u043b\u0456\u0441\",\"url\":\"https:\\\/\\\/qtmm.org\\\/qt\\\/\",\"logo\":{\"@type\":\"ImageObject\",\"inLanguage\":\"qt\",\"@id\":\"https:\\\/\\\/qtmm.org\\\/qt\\\/#\\\/schema\\\/logo\\\/image\\\/\",\"url\":\"https:\\\/\\\/qtmm.org\\\/wp-content\\\/uploads\\\/2024\\\/12\\\/ua-mejlis-logo-rgb.svg\",\"contentUrl\":\"https:\\\/\\\/qtmm.org\\\/wp-content\\\/uploads\\\/2024\\\/12\\\/ua-mejlis-logo-rgb.svg\",\"caption\":\"\u041c\u0435\u0434\u0436\u043b\u0456\u0441\"},\"image\":{\"@id\":\"https:\\\/\\\/qtmm.org\\\/qt\\\/#\\\/schema\\\/logo\\\/image\\\/\"},\"sameAs\":[\"https:\\\/\\\/www.facebook.com\\\/qtmm.info\\\/\"]},{\"@type\":\"Person\",\"@id\":\"https:\\\/\\\/qtmm.org\\\/qt\\\/#\\\/schema\\\/person\\\/de562469f971dec226ac06e60bbf74a7\",\"name\":\"Developer\",\"image\":{\"@type\":\"ImageObject\",\"inLanguage\":\"qt\",\"@id\":\"https:\\\/\\\/secure.gravatar.com\\\/avatar\\\/392b4cc8fbfeb00b39dfeeab4ee6edded39ffd48e25858637e4765810300227e?s=96&d=mm&r=g\",\"url\":\"https:\\\/\\\/secure.gravatar.com\\\/avatar\\\/392b4cc8fbfeb00b39dfeeab4ee6edded39ffd48e25858637e4765810300227e?s=96&d=mm&r=g\",\"contentUrl\":\"https:\\\/\\\/secure.gravatar.com\\\/avatar\\\/392b4cc8fbfeb00b39dfeeab4ee6edded39ffd48e25858637e4765810300227e?s=96&d=mm&r=g\",\"caption\":\"Developer\"},\"url\":\"https:\\\/\\\/qtmm.org\\\/qt\\\/author\\\/Developer\\\/\"}]}<\/script>\n<!-- \/ Yoast SEO plugin. -->","yoast_head_json":{"title":"2014 senesi yanvar ay\u0131nda \u00f6tkerilecek regionlarara i\u015f topla\u015fuvlar cedveli tasdiqland\u0131 - \u041c\u0435\u0434\u0436\u043b\u0456\u0441","robots":{"index":"index","follow":"follow","max-snippet":"max-snippet:-1","max-image-preview":"max-image-preview:large","max-video-preview":"max-video-preview:-1"},"canonical":"https:\/\/qtmm.org\/qt\/2014-senesi-yanvar-ayinda-otkerilecek-regionlarara-is-toplasuvlar-cedveli-tasdiqlandi\/","og_locale":"en_US","og_type":"article","og_title":"2014 senesi yanvar ay\u0131nda \u00f6tkerilecek regionlarara i\u015f topla\u015fuvlar cedveli tasdiqland\u0131 - \u041c\u0435\u0434\u0436\u043b\u0456\u0441","og_description":"Q\u0131r\u0131mtatar halq\u0131 Meclisini\u00f1 2014 senesi yanvar 10 k\u00fcn\u00fc \u00f6tkerilgen topla\u015fuv\u0131nda Meclis ve Q\u0131r\u0131m musulmanlar\u0131 diniy idaresini\u00f1 regional ve yerli meclisler, yerli \u015furalarn\u0131\u00f1 deputatlar\u0131 ve VI \u00e7a\u011f\u0131r\u0131l\u0131\u015f Qurultay delegatlar\u0131nen 2014 senesi yanvar ay\u0131nda ke\u00e7irecek seyyar i\u015f topla\u015fuvlar cedveli tasdiqland\u0131. C\u00fcmleden, Meclis reisini\u00f1 muavini Zaur Smirnov haber etkenine k\u00f6re yanvar 11 k\u00fcn\u00fc Kezlev region\u0131nda, yanvar 12-de \u2013 [&hellip;]","og_url":"https:\/\/qtmm.org\/qt\/2014-senesi-yanvar-ayinda-otkerilecek-regionlarara-is-toplasuvlar-cedveli-tasdiqlandi\/","og_site_name":"\u041c\u0435\u0434\u0436\u043b\u0456\u0441","article_publisher":"https:\/\/www.facebook.com\/qtmm.info\/","article_published_time":"2014-01-10T13:19:00+00:00","article_modified_time":"2022-01-27T13:21:17+00:00","og_image":[{"width":650,"height":423,"url":"https:\/\/qtmm.org\/wp-content\/uploads\/2022\/01\/8_19.jpeg","type":"image\/jpeg"}],"author":"Developer","twitter_card":"summary_large_image","twitter_misc":{"Written by":"Developer","Est. reading time":"1 minute"},"schema":{"@context":"https:\/\/schema.org","@graph":[{"@type":"Article","@id":"https:\/\/qtmm.org\/qt\/2014-senesi-yanvar-ayinda-otkerilecek-regionlarara-is-toplasuvlar-cedveli-tasdiqlandi\/#article","isPartOf":{"@id":"https:\/\/qtmm.org\/qt\/2014-senesi-yanvar-ayinda-otkerilecek-regionlarara-is-toplasuvlar-cedveli-tasdiqlandi\/"},"author":{"name":"Developer","@id":"https:\/\/qtmm.org\/qt\/#\/schema\/person\/de562469f971dec226ac06e60bbf74a7"},"headline":"2014 senesi yanvar ay\u0131nda \u00f6tkerilecek regionlarara i\u015f topla\u015fuvlar cedveli tasdiqland\u0131","datePublished":"2014-01-10T13:19:00+00:00","dateModified":"2022-01-27T13:21:17+00:00","mainEntityOfPage":{"@id":"https:\/\/qtmm.org\/qt\/2014-senesi-yanvar-ayinda-otkerilecek-regionlarara-is-toplasuvlar-cedveli-tasdiqlandi\/"},"wordCount":270,"commentCount":0,"publisher":{"@id":"https:\/\/qtmm.org\/qt\/#organization"},"image":{"@id":"https:\/\/qtmm.org\/qt\/2014-senesi-yanvar-ayinda-otkerilecek-regionlarara-is-toplasuvlar-cedveli-tasdiqlandi\/#primaryimage"},"thumbnailUrl":"https:\/\/qtmm.org\/wp-content\/uploads\/2022\/01\/8_19.jpeg","articleSection":["Haberler"],"inLanguage":"qt","potentialAction":[{"@type":"CommentAction","name":"Comment","target":["https:\/\/qtmm.org\/qt\/2014-senesi-yanvar-ayinda-otkerilecek-regionlarara-is-toplasuvlar-cedveli-tasdiqlandi\/#respond"]}]},{"@type":"WebPage","@id":"https:\/\/qtmm.org\/qt\/2014-senesi-yanvar-ayinda-otkerilecek-regionlarara-is-toplasuvlar-cedveli-tasdiqlandi\/","url":"https:\/\/qtmm.org\/qt\/2014-senesi-yanvar-ayinda-otkerilecek-regionlarara-is-toplasuvlar-cedveli-tasdiqlandi\/","name":"2014 senesi yanvar ay\u0131nda \u00f6tkerilecek regionlarara i\u015f topla\u015fuvlar cedveli tasdiqland\u0131 - \u041c\u0435\u0434\u0436\u043b\u0456\u0441","isPartOf":{"@id":"https:\/\/qtmm.org\/qt\/#website"},"primaryImageOfPage":{"@id":"https:\/\/qtmm.org\/qt\/2014-senesi-yanvar-ayinda-otkerilecek-regionlarara-is-toplasuvlar-cedveli-tasdiqlandi\/#primaryimage"},"image":{"@id":"https:\/\/qtmm.org\/qt\/2014-senesi-yanvar-ayinda-otkerilecek-regionlarara-is-toplasuvlar-cedveli-tasdiqlandi\/#primaryimage"},"thumbnailUrl":"https:\/\/qtmm.org\/wp-content\/uploads\/2022\/01\/8_19.jpeg","datePublished":"2014-01-10T13:19:00+00:00","dateModified":"2022-01-27T13:21:17+00:00","breadcrumb":{"@id":"https:\/\/qtmm.org\/qt\/2014-senesi-yanvar-ayinda-otkerilecek-regionlarara-is-toplasuvlar-cedveli-tasdiqlandi\/#breadcrumb"},"inLanguage":"qt","potentialAction":[{"@type":"ReadAction","target":["https:\/\/qtmm.org\/qt\/2014-senesi-yanvar-ayinda-otkerilecek-regionlarara-is-toplasuvlar-cedveli-tasdiqlandi\/"]}]},{"@type":"ImageObject","inLanguage":"qt","@id":"https:\/\/qtmm.org\/qt\/2014-senesi-yanvar-ayinda-otkerilecek-regionlarara-is-toplasuvlar-cedveli-tasdiqlandi\/#primaryimage","url":"https:\/\/qtmm.org\/wp-content\/uploads\/2022\/01\/8_19.jpeg","contentUrl":"https:\/\/qtmm.org\/wp-content\/uploads\/2022\/01\/8_19.jpeg","width":650,"height":423},{"@type":"BreadcrumbList","@id":"https:\/\/qtmm.org\/qt\/2014-senesi-yanvar-ayinda-otkerilecek-regionlarara-is-toplasuvlar-cedveli-tasdiqlandi\/#breadcrumb","itemListElement":[{"@type":"ListItem","position":1,"name":"\u0413\u043e\u043b\u043e\u0432\u043d\u0430","item":"https:\/\/qtmm.org\/qt\/"},{"@type":"ListItem","position":2,"name":"2014 senesi yanvar ay\u0131nda \u00f6tkerilecek regionlarara i\u015f topla\u015fuvlar cedveli tasdiqland\u0131"}]},{"@type":"WebSite","@id":"https:\/\/qtmm.org\/qt\/#website","url":"https:\/\/qtmm.org\/qt\/","name":"\u041c\u0435\u0434\u0436\u043b\u0456\u0441","description":"","publisher":{"@id":"https:\/\/qtmm.org\/qt\/#organization"},"potentialAction":[{"@type":"SearchAction","target":{"@type":"EntryPoint","urlTemplate":"https:\/\/qtmm.org\/qt\/?s={search_term_string}"},"query-input":{"@type":"PropertyValueSpecification","valueRequired":true,"valueName":"search_term_string"}}],"inLanguage":"qt"},{"@type":"Organization","@id":"https:\/\/qtmm.org\/qt\/#organization","name":"\u041c\u0435\u0434\u0436\u043b\u0456\u0441","url":"https:\/\/qtmm.org\/qt\/","logo":{"@type":"ImageObject","inLanguage":"qt","@id":"https:\/\/qtmm.org\/qt\/#\/schema\/logo\/image\/","url":"https:\/\/qtmm.org\/wp-content\/uploads\/2024\/12\/ua-mejlis-logo-rgb.svg","contentUrl":"https:\/\/qtmm.org\/wp-content\/uploads\/2024\/12\/ua-mejlis-logo-rgb.svg","caption":"\u041c\u0435\u0434\u0436\u043b\u0456\u0441"},"image":{"@id":"https:\/\/qtmm.org\/qt\/#\/schema\/logo\/image\/"},"sameAs":["https:\/\/www.facebook.com\/qtmm.info\/"]},{"@type":"Person","@id":"https:\/\/qtmm.org\/qt\/#\/schema\/person\/de562469f971dec226ac06e60bbf74a7","name":"Developer","image":{"@type":"ImageObject","inLanguage":"qt","@id":"https:\/\/secure.gravatar.com\/avatar\/392b4cc8fbfeb00b39dfeeab4ee6edded39ffd48e25858637e4765810300227e?s=96&d=mm&r=g","url":"https:\/\/secure.gravatar.com\/avatar\/392b4cc8fbfeb00b39dfeeab4ee6edded39ffd48e25858637e4765810300227e?s=96&d=mm&r=g","contentUrl":"https:\/\/secure.gravatar.com\/avatar\/392b4cc8fbfeb00b39dfeeab4ee6edded39ffd48e25858637e4765810300227e?s=96&d=mm&r=g","caption":"Developer"},"url":"https:\/\/qtmm.org\/qt\/author\/Developer\/"}]}},"_links":{"self":[{"href":"https:\/\/qtmm.org\/qt\/wp-json\/wp\/v2\/posts\/42349","targetHints":{"allow":["GET"]}}],"collection":[{"href":"https:\/\/qtmm.org\/qt\/wp-json\/wp\/v2\/posts"}],"about":[{"href":"https:\/\/qtmm.org\/qt\/wp-json\/wp\/v2\/types\/post"}],"author":[{"embeddable":true,"href":"https:\/\/qtmm.org\/qt\/wp-json\/wp\/v2\/users\/1"}],"replies":[{"embeddable":true,"href":"https:\/\/qtmm.org\/qt\/wp-json\/wp\/v2\/comments?post=42349"}],"version-history":[{"count":1,"href":"https:\/\/qtmm.org\/qt\/wp-json\/wp\/v2\/posts\/42349\/revisions"}],"predecessor-version":[{"id":42362,"href":"https:\/\/qtmm.org\/qt\/wp-json\/wp\/v2\/posts\/42349\/revisions\/42362"}],"wp:featuredmedia":[{"embeddable":true,"href":"https:\/\/qtmm.org\/qt\/wp-json\/wp\/v2\/media\/42350"}],"wp:attachment":[{"href":"https:\/\/qtmm.org\/qt\/wp-json\/wp\/v2\/media?parent=42349"}],"wp:term":[{"taxonomy":"category","embeddable":true,"href":"https:\/\/qtmm.org\/qt\/wp-json\/wp\/v2\/categories?post=42349"},{"taxonomy":"post_tag","embeddable":true,"href":"https:\/\/qtmm.org\/qt\/wp-json\/wp\/v2\/tags?post=42349"}],"curies":[{"name":"wp","href":"https:\/\/api.w.org\/{rel}","templated":true}]}}