




{"id":42343,"date":"2014-01-09T16:18:00","date_gmt":"2014-01-09T13:18:00","guid":{"rendered":"http:\/\/qtmm.org\/?p=42343"},"modified":"2022-01-27T16:19:28","modified_gmt":"2022-01-27T13:19:28","slug":"davali-hatirlamamizni-rica-ettiler-sarqiy-qirim-hatira-kitabi-boyunca-is-hususinda-taqiqat-devam-ettirilecek","status":"publish","type":"post","link":"https:\/\/qtmm.org\/qt\/davali-hatirlamamizni-rica-ettiler-sarqiy-qirim-hatira-kitabi-boyunca-is-hususinda-taqiqat-devam-ettirilecek\/","title":{"rendered":"Daval\u0131 \u00abHat\u0131rlamam\u0131zn\u0131 rica ettiler\u00bb \u015earqiy Q\u0131r\u0131m hat\u0131ra kitab\u0131&#8221; boyunca i\u015f husus\u0131nda taqiqat devam ettirilecek"},"content":{"rendered":"\n<p>Mahkemede davac\u0131 Meclis reisi, Q\u0131r\u0131m Yuqar\u0131 \u015euras\u0131n\u0131\u00f1 deputat\u0131 Refat \u00c7ubarovn\u0131\u00f1 menfaatlar\u0131n\u0131 temsil etken Meclis adliye idaresini\u00f1 ba\u015f\u0131 Teyfuq \u011eafarovn\u0131\u00f1 bildirgenine k\u00f6re 2014 senesi yanvar 9 k\u00fcn\u00fc \u0130sl\u00e2m Terek rayon mahkemesinde mezk\u00fcr fakt boyunca cinaiy i\u015fni\u00f1 qanuns\u0131z qapat\u0131l\u011fan\u0131 aqq\u0131nda mesele boyunca dava a\u00e7t\u0131lar.<\/p>\n\n\n\n<p>&#8220;Hat\u0131rlamam\u0131zn\u0131 rica ettiler&#8221; \u015earqiy Q\u0131r\u0131m hat\u0131ra kitab\u0131 milletlerara dava qoz\u011fa\u011fan\u0131 fakt\u0131 boyunca i\u015f husus\u0131nda taqiqat devam ettirilecek&#8221;, dedi T.\u011eafarov.<\/p>\n\n\n\n<p>Belli ki, Refat \u00c7ubarovn\u0131\u00f1 deputatl\u0131q sorav\u0131na binaen Q\u0131r\u0131m prokuraturas\u0131 &#8220;Hat\u0131rlamam\u0131zn\u0131 rica ettiler&#8221; \u015earqiy Q\u0131r\u0131m hat\u0131ra kitab\u0131 Ukraina Cinaiy kodeksini\u00f1 161-nci madde 1-nci q\u0131sm\u0131 boyunca (milletlerara dava qoz\u011fa\u011fan\u0131) i\u00e7\u00fcn cinaiy i\u015f a\u00e7qan edi. &#8220;Bu i\u015f boyunca taqiqat so\u00f1unace yap\u0131lmad\u0131, dep sayam\u0131z, &#8211; dep a\u00f1latt\u0131 T. \u011eafarov. \u2013 \u00c7\u00fcnki ekspertiza sadece kitap m\u00fcellifi V. \u015eir\u015fovn\u0131\u00f1 a\u00f1latmalar\u0131 esas\u0131nda yap\u0131ld\u0131&#8221;.<\/p>\n\n\n\n<p>Teyfuq \u011eafarov emin ki, tekrar ekspertizan\u0131 kitap m\u00fcellifi i\u015faret ettigi tarihiy devirdeki faktlar\u011fa obyektiv izaat bergen tarih\u00e7\u0131 m\u00fctehass\u0131slar aras\u0131nda sorav ke\u00e7irilgen so\u00f1 yap\u0131labilir. Meclis adliye idaresini\u00f1 ba\u015f\u0131 Teyfuq \u011eafarov bildirgenine k\u00f6re o, kitapta yer al\u011fan sahte faktlarn\u0131 fa\u015f et\u00fcv i\u015fine tarih\u00e7\u0131larn\u0131 celp etmek maqsad\u0131nda.<\/p>\n\n\n\n<p><em><strong>Hat\u0131rlatam\u0131z ki,<\/strong>\u0130sl\u00e2m Terek rayon\u0131nda b\u00fccet sermiyalar\u0131na q\u0131r\u0131mtatar halq\u0131n\u0131\u00f1 1944 senesi may\u0131s 18 s\u00fcrg\u00fcnligini aqla\u011fan ve milliy, \u0131rqiy ve diniy dava, nefret ve du\u015fmanl\u0131q qoz\u011fayabilgen s\u00f6zler yer al\u011fan, Vladimir ve Mariya \u015eir\u015fovlar tertip etken &#8220;Hat\u0131rlamam\u0131zn\u0131 rica ettiler&#8221; \u015earqiy Q\u0131r\u0131m hat\u0131ra kitab\u0131 ne\u015fir etildi.<\/em><\/p>\n\n\n\n<p><em>M\u00fcelliflerni\u00f1 fikrince bu kitapqa oquv qullanma status\u0131 berilip, \u0130sl\u00e2m Terek rayon\u0131n\u0131\u00f1 mektepleri ve k\u00fct\u00fcphanelerinde tarqat\u0131lmas\u0131 kerek.<\/em><\/p>\n\n\n\n<p><em>2013 senesi avgust 12-de Daval\u0131 &#8220;Hat\u0131rlamam\u0131zn\u0131 rica ettiler&#8221; \u015earqiy Q\u0131r\u0131m hat\u0131ra kitab\u0131&#8221;na qar\u015f\u0131 umumq\u0131r\u0131m mitingi ke\u00e7irilip, on\u0131\u00f1 i\u015ftirak\u00e7ileri kitap m\u00fcellifi Vladimir \u015eir\u015fovn\u0131 \u0130sl\u00e2m Terek rayon\u0131n\u0131\u00f1 fahriy sakini unvan\u0131ndan mahrum etilmesi ve \u0130sl\u00e2m Terek rayon devlet memuriyetini\u00f1 ba\u015f\u0131 \u00d6leg G\u043erdeyevni istifa\u011fa \u00e7\u0131qarmaqn\u0131 talap ettiler.<\/em><\/p>\n","protected":false},"excerpt":{"rendered":"<p>Mahkemede davac\u0131 Meclis reisi, Q\u0131r\u0131m Yuqar\u0131 \u015euras\u0131n\u0131\u00f1 deputat\u0131 Refat \u00c7ubarovn\u0131\u00f1 menfaatlar\u0131n\u0131 temsil etken Meclis adliye idaresini\u00f1 ba\u015f\u0131 Teyfuq \u011eafarovn\u0131\u00f1 bildirgenine k\u00f6re 2014 senesi yanvar 9 k\u00fcn\u00fc \u0130sl\u00e2m Terek rayon mahkemesinde mezk\u00fcr fakt boyunca cinaiy i\u015fni\u00f1 qanuns\u0131z qapat\u0131l\u011fan\u0131 aqq\u0131nda mesele boyunca dava a\u00e7t\u0131lar. &#8220;Hat\u0131rlamam\u0131zn\u0131 rica ettiler&#8221; \u015earqiy Q\u0131r\u0131m hat\u0131ra kitab\u0131 milletlerara dava qoz\u011fa\u011fan\u0131 fakt\u0131 boyunca i\u015f [&hellip;]<\/p>\n","protected":false},"author":1,"featured_media":42344,"comment_status":"open","ping_status":"open","sticky":false,"template":"","format":"standard","meta":{"inline_featured_image":false,"footnotes":""},"categories":[265],"tags":[],"class_list":["post-42343","post","type-post","status-publish","format-standard","has-post-thumbnail","hentry","category-haberler"],"acf":[],"yoast_head":"<!-- This site is optimized with the Yoast SEO plugin v27.4 - https:\/\/yoast.com\/product\/yoast-seo-wordpress\/ -->\n<title>Daval\u0131 \u00abHat\u0131rlamam\u0131zn\u0131 rica ettiler\u00bb \u015earqiy Q\u0131r\u0131m hat\u0131ra kitab\u0131&quot; boyunca i\u015f husus\u0131nda taqiqat devam ettirilecek - \u041c\u0435\u0434\u0436\u043b\u0456\u0441<\/title>\n<meta name=\"robots\" content=\"index, follow, max-snippet:-1, max-image-preview:large, max-video-preview:-1\" \/>\n<link rel=\"canonical\" href=\"https:\/\/qtmm.org\/qt\/davali-hatirlamamizni-rica-ettiler-sarqiy-qirim-hatira-kitabi-boyunca-is-hususinda-taqiqat-devam-ettirilecek\/\" \/>\n<meta property=\"og:locale\" content=\"en_US\" \/>\n<meta property=\"og:type\" content=\"article\" \/>\n<meta property=\"og:title\" content=\"Daval\u0131 \u00abHat\u0131rlamam\u0131zn\u0131 rica ettiler\u00bb \u015earqiy Q\u0131r\u0131m hat\u0131ra kitab\u0131&quot; boyunca i\u015f husus\u0131nda taqiqat devam ettirilecek - \u041c\u0435\u0434\u0436\u043b\u0456\u0441\" \/>\n<meta property=\"og:description\" content=\"Mahkemede davac\u0131 Meclis reisi, Q\u0131r\u0131m Yuqar\u0131 \u015euras\u0131n\u0131\u00f1 deputat\u0131 Refat \u00c7ubarovn\u0131\u00f1 menfaatlar\u0131n\u0131 temsil etken Meclis adliye idaresini\u00f1 ba\u015f\u0131 Teyfuq \u011eafarovn\u0131\u00f1 bildirgenine k\u00f6re 2014 senesi yanvar 9 k\u00fcn\u00fc \u0130sl\u00e2m Terek rayon mahkemesinde mezk\u00fcr fakt boyunca cinaiy i\u015fni\u00f1 qanuns\u0131z qapat\u0131l\u011fan\u0131 aqq\u0131nda mesele boyunca dava a\u00e7t\u0131lar. &#8220;Hat\u0131rlamam\u0131zn\u0131 rica ettiler&#8221; \u015earqiy Q\u0131r\u0131m hat\u0131ra kitab\u0131 milletlerara dava qoz\u011fa\u011fan\u0131 fakt\u0131 boyunca i\u015f [&hellip;]\" \/>\n<meta property=\"og:url\" content=\"https:\/\/qtmm.org\/qt\/davali-hatirlamamizni-rica-ettiler-sarqiy-qirim-hatira-kitabi-boyunca-is-hususinda-taqiqat-devam-ettirilecek\/\" \/>\n<meta property=\"og:site_name\" content=\"\u041c\u0435\u0434\u0436\u043b\u0456\u0441\" \/>\n<meta property=\"article:publisher\" content=\"https:\/\/www.facebook.com\/qtmm.info\/\" \/>\n<meta property=\"article:published_time\" content=\"2014-01-09T13:18:00+00:00\" \/>\n<meta property=\"article:modified_time\" content=\"2022-01-27T13:19:28+00:00\" \/>\n<meta property=\"og:image\" content=\"https:\/\/qtmm.org\/wp-content\/uploads\/2022\/01\/image_09_01_14_13_51.jpeg\" \/>\n\t<meta property=\"og:image:width\" content=\"650\" \/>\n\t<meta property=\"og:image:height\" content=\"449\" \/>\n\t<meta property=\"og:image:type\" content=\"image\/jpeg\" \/>\n<meta name=\"author\" content=\"Developer\" \/>\n<meta name=\"twitter:card\" content=\"summary_large_image\" \/>\n<meta name=\"twitter:label1\" content=\"Written by\" \/>\n\t<meta name=\"twitter:data1\" content=\"Developer\" \/>\n\t<meta name=\"twitter:label2\" content=\"Est. reading time\" \/>\n\t<meta name=\"twitter:data2\" content=\"2 minutes\" \/>\n<script type=\"application\/ld+json\" class=\"yoast-schema-graph\">{\"@context\":\"https:\\\/\\\/schema.org\",\"@graph\":[{\"@type\":\"Article\",\"@id\":\"https:\\\/\\\/qtmm.org\\\/qt\\\/davali-hatirlamamizni-rica-ettiler-sarqiy-qirim-hatira-kitabi-boyunca-is-hususinda-taqiqat-devam-ettirilecek\\\/#article\",\"isPartOf\":{\"@id\":\"https:\\\/\\\/qtmm.org\\\/qt\\\/davali-hatirlamamizni-rica-ettiler-sarqiy-qirim-hatira-kitabi-boyunca-is-hususinda-taqiqat-devam-ettirilecek\\\/\"},\"author\":{\"name\":\"Developer\",\"@id\":\"https:\\\/\\\/qtmm.org\\\/qt\\\/#\\\/schema\\\/person\\\/de562469f971dec226ac06e60bbf74a7\"},\"headline\":\"Daval\u0131 \u00abHat\u0131rlamam\u0131zn\u0131 rica ettiler\u00bb \u015earqiy Q\u0131r\u0131m hat\u0131ra kitab\u0131&#8221; boyunca i\u015f husus\u0131nda taqiqat devam ettirilecek\",\"datePublished\":\"2014-01-09T13:18:00+00:00\",\"dateModified\":\"2022-01-27T13:19:28+00:00\",\"mainEntityOfPage\":{\"@id\":\"https:\\\/\\\/qtmm.org\\\/qt\\\/davali-hatirlamamizni-rica-ettiler-sarqiy-qirim-hatira-kitabi-boyunca-is-hususinda-taqiqat-devam-ettirilecek\\\/\"},\"wordCount\":443,\"commentCount\":0,\"publisher\":{\"@id\":\"https:\\\/\\\/qtmm.org\\\/qt\\\/#organization\"},\"image\":{\"@id\":\"https:\\\/\\\/qtmm.org\\\/qt\\\/davali-hatirlamamizni-rica-ettiler-sarqiy-qirim-hatira-kitabi-boyunca-is-hususinda-taqiqat-devam-ettirilecek\\\/#primaryimage\"},\"thumbnailUrl\":\"https:\\\/\\\/qtmm.org\\\/wp-content\\\/uploads\\\/2022\\\/01\\\/image_09_01_14_13_51.jpeg\",\"articleSection\":[\"Haberler\"],\"inLanguage\":\"qt\",\"potentialAction\":[{\"@type\":\"CommentAction\",\"name\":\"Comment\",\"target\":[\"https:\\\/\\\/qtmm.org\\\/qt\\\/davali-hatirlamamizni-rica-ettiler-sarqiy-qirim-hatira-kitabi-boyunca-is-hususinda-taqiqat-devam-ettirilecek\\\/#respond\"]}]},{\"@type\":\"WebPage\",\"@id\":\"https:\\\/\\\/qtmm.org\\\/qt\\\/davali-hatirlamamizni-rica-ettiler-sarqiy-qirim-hatira-kitabi-boyunca-is-hususinda-taqiqat-devam-ettirilecek\\\/\",\"url\":\"https:\\\/\\\/qtmm.org\\\/qt\\\/davali-hatirlamamizni-rica-ettiler-sarqiy-qirim-hatira-kitabi-boyunca-is-hususinda-taqiqat-devam-ettirilecek\\\/\",\"name\":\"Daval\u0131 \u00abHat\u0131rlamam\u0131zn\u0131 rica ettiler\u00bb \u015earqiy Q\u0131r\u0131m hat\u0131ra kitab\u0131\\\" boyunca i\u015f husus\u0131nda taqiqat devam ettirilecek - \u041c\u0435\u0434\u0436\u043b\u0456\u0441\",\"isPartOf\":{\"@id\":\"https:\\\/\\\/qtmm.org\\\/qt\\\/#website\"},\"primaryImageOfPage\":{\"@id\":\"https:\\\/\\\/qtmm.org\\\/qt\\\/davali-hatirlamamizni-rica-ettiler-sarqiy-qirim-hatira-kitabi-boyunca-is-hususinda-taqiqat-devam-ettirilecek\\\/#primaryimage\"},\"image\":{\"@id\":\"https:\\\/\\\/qtmm.org\\\/qt\\\/davali-hatirlamamizni-rica-ettiler-sarqiy-qirim-hatira-kitabi-boyunca-is-hususinda-taqiqat-devam-ettirilecek\\\/#primaryimage\"},\"thumbnailUrl\":\"https:\\\/\\\/qtmm.org\\\/wp-content\\\/uploads\\\/2022\\\/01\\\/image_09_01_14_13_51.jpeg\",\"datePublished\":\"2014-01-09T13:18:00+00:00\",\"dateModified\":\"2022-01-27T13:19:28+00:00\",\"breadcrumb\":{\"@id\":\"https:\\\/\\\/qtmm.org\\\/qt\\\/davali-hatirlamamizni-rica-ettiler-sarqiy-qirim-hatira-kitabi-boyunca-is-hususinda-taqiqat-devam-ettirilecek\\\/#breadcrumb\"},\"inLanguage\":\"qt\",\"potentialAction\":[{\"@type\":\"ReadAction\",\"target\":[\"https:\\\/\\\/qtmm.org\\\/qt\\\/davali-hatirlamamizni-rica-ettiler-sarqiy-qirim-hatira-kitabi-boyunca-is-hususinda-taqiqat-devam-ettirilecek\\\/\"]}]},{\"@type\":\"ImageObject\",\"inLanguage\":\"qt\",\"@id\":\"https:\\\/\\\/qtmm.org\\\/qt\\\/davali-hatirlamamizni-rica-ettiler-sarqiy-qirim-hatira-kitabi-boyunca-is-hususinda-taqiqat-devam-ettirilecek\\\/#primaryimage\",\"url\":\"https:\\\/\\\/qtmm.org\\\/wp-content\\\/uploads\\\/2022\\\/01\\\/image_09_01_14_13_51.jpeg\",\"contentUrl\":\"https:\\\/\\\/qtmm.org\\\/wp-content\\\/uploads\\\/2022\\\/01\\\/image_09_01_14_13_51.jpeg\",\"width\":650,\"height\":449},{\"@type\":\"BreadcrumbList\",\"@id\":\"https:\\\/\\\/qtmm.org\\\/qt\\\/davali-hatirlamamizni-rica-ettiler-sarqiy-qirim-hatira-kitabi-boyunca-is-hususinda-taqiqat-devam-ettirilecek\\\/#breadcrumb\",\"itemListElement\":[{\"@type\":\"ListItem\",\"position\":1,\"name\":\"\u0413\u043e\u043b\u043e\u0432\u043d\u0430\",\"item\":\"https:\\\/\\\/qtmm.org\\\/qt\\\/\"},{\"@type\":\"ListItem\",\"position\":2,\"name\":\"Daval\u0131 \u00abHat\u0131rlamam\u0131zn\u0131 rica ettiler\u00bb \u015earqiy Q\u0131r\u0131m hat\u0131ra kitab\u0131&#8221; boyunca i\u015f husus\u0131nda taqiqat devam ettirilecek\"}]},{\"@type\":\"WebSite\",\"@id\":\"https:\\\/\\\/qtmm.org\\\/qt\\\/#website\",\"url\":\"https:\\\/\\\/qtmm.org\\\/qt\\\/\",\"name\":\"\u041c\u0435\u0434\u0436\u043b\u0456\u0441\",\"description\":\"\",\"publisher\":{\"@id\":\"https:\\\/\\\/qtmm.org\\\/qt\\\/#organization\"},\"potentialAction\":[{\"@type\":\"SearchAction\",\"target\":{\"@type\":\"EntryPoint\",\"urlTemplate\":\"https:\\\/\\\/qtmm.org\\\/qt\\\/?s={search_term_string}\"},\"query-input\":{\"@type\":\"PropertyValueSpecification\",\"valueRequired\":true,\"valueName\":\"search_term_string\"}}],\"inLanguage\":\"qt\"},{\"@type\":\"Organization\",\"@id\":\"https:\\\/\\\/qtmm.org\\\/qt\\\/#organization\",\"name\":\"\u041c\u0435\u0434\u0436\u043b\u0456\u0441\",\"url\":\"https:\\\/\\\/qtmm.org\\\/qt\\\/\",\"logo\":{\"@type\":\"ImageObject\",\"inLanguage\":\"qt\",\"@id\":\"https:\\\/\\\/qtmm.org\\\/qt\\\/#\\\/schema\\\/logo\\\/image\\\/\",\"url\":\"https:\\\/\\\/qtmm.org\\\/wp-content\\\/uploads\\\/2024\\\/12\\\/ua-mejlis-logo-rgb.svg\",\"contentUrl\":\"https:\\\/\\\/qtmm.org\\\/wp-content\\\/uploads\\\/2024\\\/12\\\/ua-mejlis-logo-rgb.svg\",\"caption\":\"\u041c\u0435\u0434\u0436\u043b\u0456\u0441\"},\"image\":{\"@id\":\"https:\\\/\\\/qtmm.org\\\/qt\\\/#\\\/schema\\\/logo\\\/image\\\/\"},\"sameAs\":[\"https:\\\/\\\/www.facebook.com\\\/qtmm.info\\\/\"]},{\"@type\":\"Person\",\"@id\":\"https:\\\/\\\/qtmm.org\\\/qt\\\/#\\\/schema\\\/person\\\/de562469f971dec226ac06e60bbf74a7\",\"name\":\"Developer\",\"image\":{\"@type\":\"ImageObject\",\"inLanguage\":\"qt\",\"@id\":\"https:\\\/\\\/secure.gravatar.com\\\/avatar\\\/392b4cc8fbfeb00b39dfeeab4ee6edded39ffd48e25858637e4765810300227e?s=96&d=mm&r=g\",\"url\":\"https:\\\/\\\/secure.gravatar.com\\\/avatar\\\/392b4cc8fbfeb00b39dfeeab4ee6edded39ffd48e25858637e4765810300227e?s=96&d=mm&r=g\",\"contentUrl\":\"https:\\\/\\\/secure.gravatar.com\\\/avatar\\\/392b4cc8fbfeb00b39dfeeab4ee6edded39ffd48e25858637e4765810300227e?s=96&d=mm&r=g\",\"caption\":\"Developer\"},\"url\":\"https:\\\/\\\/qtmm.org\\\/qt\\\/author\\\/Developer\\\/\"}]}<\/script>\n<!-- \/ Yoast SEO plugin. -->","yoast_head_json":{"title":"Daval\u0131 \u00abHat\u0131rlamam\u0131zn\u0131 rica ettiler\u00bb \u015earqiy Q\u0131r\u0131m hat\u0131ra kitab\u0131\" boyunca i\u015f husus\u0131nda taqiqat devam ettirilecek - \u041c\u0435\u0434\u0436\u043b\u0456\u0441","robots":{"index":"index","follow":"follow","max-snippet":"max-snippet:-1","max-image-preview":"max-image-preview:large","max-video-preview":"max-video-preview:-1"},"canonical":"https:\/\/qtmm.org\/qt\/davali-hatirlamamizni-rica-ettiler-sarqiy-qirim-hatira-kitabi-boyunca-is-hususinda-taqiqat-devam-ettirilecek\/","og_locale":"en_US","og_type":"article","og_title":"Daval\u0131 \u00abHat\u0131rlamam\u0131zn\u0131 rica ettiler\u00bb \u015earqiy Q\u0131r\u0131m hat\u0131ra kitab\u0131\" boyunca i\u015f husus\u0131nda taqiqat devam ettirilecek - \u041c\u0435\u0434\u0436\u043b\u0456\u0441","og_description":"Mahkemede davac\u0131 Meclis reisi, Q\u0131r\u0131m Yuqar\u0131 \u015euras\u0131n\u0131\u00f1 deputat\u0131 Refat \u00c7ubarovn\u0131\u00f1 menfaatlar\u0131n\u0131 temsil etken Meclis adliye idaresini\u00f1 ba\u015f\u0131 Teyfuq \u011eafarovn\u0131\u00f1 bildirgenine k\u00f6re 2014 senesi yanvar 9 k\u00fcn\u00fc \u0130sl\u00e2m Terek rayon mahkemesinde mezk\u00fcr fakt boyunca cinaiy i\u015fni\u00f1 qanuns\u0131z qapat\u0131l\u011fan\u0131 aqq\u0131nda mesele boyunca dava a\u00e7t\u0131lar. &#8220;Hat\u0131rlamam\u0131zn\u0131 rica ettiler&#8221; \u015earqiy Q\u0131r\u0131m hat\u0131ra kitab\u0131 milletlerara dava qoz\u011fa\u011fan\u0131 fakt\u0131 boyunca i\u015f [&hellip;]","og_url":"https:\/\/qtmm.org\/qt\/davali-hatirlamamizni-rica-ettiler-sarqiy-qirim-hatira-kitabi-boyunca-is-hususinda-taqiqat-devam-ettirilecek\/","og_site_name":"\u041c\u0435\u0434\u0436\u043b\u0456\u0441","article_publisher":"https:\/\/www.facebook.com\/qtmm.info\/","article_published_time":"2014-01-09T13:18:00+00:00","article_modified_time":"2022-01-27T13:19:28+00:00","og_image":[{"width":650,"height":449,"url":"https:\/\/qtmm.org\/wp-content\/uploads\/2022\/01\/image_09_01_14_13_51.jpeg","type":"image\/jpeg"}],"author":"Developer","twitter_card":"summary_large_image","twitter_misc":{"Written by":"Developer","Est. reading time":"2 minutes"},"schema":{"@context":"https:\/\/schema.org","@graph":[{"@type":"Article","@id":"https:\/\/qtmm.org\/qt\/davali-hatirlamamizni-rica-ettiler-sarqiy-qirim-hatira-kitabi-boyunca-is-hususinda-taqiqat-devam-ettirilecek\/#article","isPartOf":{"@id":"https:\/\/qtmm.org\/qt\/davali-hatirlamamizni-rica-ettiler-sarqiy-qirim-hatira-kitabi-boyunca-is-hususinda-taqiqat-devam-ettirilecek\/"},"author":{"name":"Developer","@id":"https:\/\/qtmm.org\/qt\/#\/schema\/person\/de562469f971dec226ac06e60bbf74a7"},"headline":"Daval\u0131 \u00abHat\u0131rlamam\u0131zn\u0131 rica ettiler\u00bb \u015earqiy Q\u0131r\u0131m hat\u0131ra kitab\u0131&#8221; boyunca i\u015f husus\u0131nda taqiqat devam ettirilecek","datePublished":"2014-01-09T13:18:00+00:00","dateModified":"2022-01-27T13:19:28+00:00","mainEntityOfPage":{"@id":"https:\/\/qtmm.org\/qt\/davali-hatirlamamizni-rica-ettiler-sarqiy-qirim-hatira-kitabi-boyunca-is-hususinda-taqiqat-devam-ettirilecek\/"},"wordCount":443,"commentCount":0,"publisher":{"@id":"https:\/\/qtmm.org\/qt\/#organization"},"image":{"@id":"https:\/\/qtmm.org\/qt\/davali-hatirlamamizni-rica-ettiler-sarqiy-qirim-hatira-kitabi-boyunca-is-hususinda-taqiqat-devam-ettirilecek\/#primaryimage"},"thumbnailUrl":"https:\/\/qtmm.org\/wp-content\/uploads\/2022\/01\/image_09_01_14_13_51.jpeg","articleSection":["Haberler"],"inLanguage":"qt","potentialAction":[{"@type":"CommentAction","name":"Comment","target":["https:\/\/qtmm.org\/qt\/davali-hatirlamamizni-rica-ettiler-sarqiy-qirim-hatira-kitabi-boyunca-is-hususinda-taqiqat-devam-ettirilecek\/#respond"]}]},{"@type":"WebPage","@id":"https:\/\/qtmm.org\/qt\/davali-hatirlamamizni-rica-ettiler-sarqiy-qirim-hatira-kitabi-boyunca-is-hususinda-taqiqat-devam-ettirilecek\/","url":"https:\/\/qtmm.org\/qt\/davali-hatirlamamizni-rica-ettiler-sarqiy-qirim-hatira-kitabi-boyunca-is-hususinda-taqiqat-devam-ettirilecek\/","name":"Daval\u0131 \u00abHat\u0131rlamam\u0131zn\u0131 rica ettiler\u00bb \u015earqiy Q\u0131r\u0131m hat\u0131ra kitab\u0131\" boyunca i\u015f husus\u0131nda taqiqat devam ettirilecek - \u041c\u0435\u0434\u0436\u043b\u0456\u0441","isPartOf":{"@id":"https:\/\/qtmm.org\/qt\/#website"},"primaryImageOfPage":{"@id":"https:\/\/qtmm.org\/qt\/davali-hatirlamamizni-rica-ettiler-sarqiy-qirim-hatira-kitabi-boyunca-is-hususinda-taqiqat-devam-ettirilecek\/#primaryimage"},"image":{"@id":"https:\/\/qtmm.org\/qt\/davali-hatirlamamizni-rica-ettiler-sarqiy-qirim-hatira-kitabi-boyunca-is-hususinda-taqiqat-devam-ettirilecek\/#primaryimage"},"thumbnailUrl":"https:\/\/qtmm.org\/wp-content\/uploads\/2022\/01\/image_09_01_14_13_51.jpeg","datePublished":"2014-01-09T13:18:00+00:00","dateModified":"2022-01-27T13:19:28+00:00","breadcrumb":{"@id":"https:\/\/qtmm.org\/qt\/davali-hatirlamamizni-rica-ettiler-sarqiy-qirim-hatira-kitabi-boyunca-is-hususinda-taqiqat-devam-ettirilecek\/#breadcrumb"},"inLanguage":"qt","potentialAction":[{"@type":"ReadAction","target":["https:\/\/qtmm.org\/qt\/davali-hatirlamamizni-rica-ettiler-sarqiy-qirim-hatira-kitabi-boyunca-is-hususinda-taqiqat-devam-ettirilecek\/"]}]},{"@type":"ImageObject","inLanguage":"qt","@id":"https:\/\/qtmm.org\/qt\/davali-hatirlamamizni-rica-ettiler-sarqiy-qirim-hatira-kitabi-boyunca-is-hususinda-taqiqat-devam-ettirilecek\/#primaryimage","url":"https:\/\/qtmm.org\/wp-content\/uploads\/2022\/01\/image_09_01_14_13_51.jpeg","contentUrl":"https:\/\/qtmm.org\/wp-content\/uploads\/2022\/01\/image_09_01_14_13_51.jpeg","width":650,"height":449},{"@type":"BreadcrumbList","@id":"https:\/\/qtmm.org\/qt\/davali-hatirlamamizni-rica-ettiler-sarqiy-qirim-hatira-kitabi-boyunca-is-hususinda-taqiqat-devam-ettirilecek\/#breadcrumb","itemListElement":[{"@type":"ListItem","position":1,"name":"\u0413\u043e\u043b\u043e\u0432\u043d\u0430","item":"https:\/\/qtmm.org\/qt\/"},{"@type":"ListItem","position":2,"name":"Daval\u0131 \u00abHat\u0131rlamam\u0131zn\u0131 rica ettiler\u00bb \u015earqiy Q\u0131r\u0131m hat\u0131ra kitab\u0131&#8221; boyunca i\u015f husus\u0131nda taqiqat devam ettirilecek"}]},{"@type":"WebSite","@id":"https:\/\/qtmm.org\/qt\/#website","url":"https:\/\/qtmm.org\/qt\/","name":"\u041c\u0435\u0434\u0436\u043b\u0456\u0441","description":"","publisher":{"@id":"https:\/\/qtmm.org\/qt\/#organization"},"potentialAction":[{"@type":"SearchAction","target":{"@type":"EntryPoint","urlTemplate":"https:\/\/qtmm.org\/qt\/?s={search_term_string}"},"query-input":{"@type":"PropertyValueSpecification","valueRequired":true,"valueName":"search_term_string"}}],"inLanguage":"qt"},{"@type":"Organization","@id":"https:\/\/qtmm.org\/qt\/#organization","name":"\u041c\u0435\u0434\u0436\u043b\u0456\u0441","url":"https:\/\/qtmm.org\/qt\/","logo":{"@type":"ImageObject","inLanguage":"qt","@id":"https:\/\/qtmm.org\/qt\/#\/schema\/logo\/image\/","url":"https:\/\/qtmm.org\/wp-content\/uploads\/2024\/12\/ua-mejlis-logo-rgb.svg","contentUrl":"https:\/\/qtmm.org\/wp-content\/uploads\/2024\/12\/ua-mejlis-logo-rgb.svg","caption":"\u041c\u0435\u0434\u0436\u043b\u0456\u0441"},"image":{"@id":"https:\/\/qtmm.org\/qt\/#\/schema\/logo\/image\/"},"sameAs":["https:\/\/www.facebook.com\/qtmm.info\/"]},{"@type":"Person","@id":"https:\/\/qtmm.org\/qt\/#\/schema\/person\/de562469f971dec226ac06e60bbf74a7","name":"Developer","image":{"@type":"ImageObject","inLanguage":"qt","@id":"https:\/\/secure.gravatar.com\/avatar\/392b4cc8fbfeb00b39dfeeab4ee6edded39ffd48e25858637e4765810300227e?s=96&d=mm&r=g","url":"https:\/\/secure.gravatar.com\/avatar\/392b4cc8fbfeb00b39dfeeab4ee6edded39ffd48e25858637e4765810300227e?s=96&d=mm&r=g","contentUrl":"https:\/\/secure.gravatar.com\/avatar\/392b4cc8fbfeb00b39dfeeab4ee6edded39ffd48e25858637e4765810300227e?s=96&d=mm&r=g","caption":"Developer"},"url":"https:\/\/qtmm.org\/qt\/author\/Developer\/"}]}},"_links":{"self":[{"href":"https:\/\/qtmm.org\/qt\/wp-json\/wp\/v2\/posts\/42343","targetHints":{"allow":["GET"]}}],"collection":[{"href":"https:\/\/qtmm.org\/qt\/wp-json\/wp\/v2\/posts"}],"about":[{"href":"https:\/\/qtmm.org\/qt\/wp-json\/wp\/v2\/types\/post"}],"author":[{"embeddable":true,"href":"https:\/\/qtmm.org\/qt\/wp-json\/wp\/v2\/users\/1"}],"replies":[{"embeddable":true,"href":"https:\/\/qtmm.org\/qt\/wp-json\/wp\/v2\/comments?post=42343"}],"version-history":[{"count":1,"href":"https:\/\/qtmm.org\/qt\/wp-json\/wp\/v2\/posts\/42343\/revisions"}],"predecessor-version":[{"id":42348,"href":"https:\/\/qtmm.org\/qt\/wp-json\/wp\/v2\/posts\/42343\/revisions\/42348"}],"wp:featuredmedia":[{"embeddable":true,"href":"https:\/\/qtmm.org\/qt\/wp-json\/wp\/v2\/media\/42344"}],"wp:attachment":[{"href":"https:\/\/qtmm.org\/qt\/wp-json\/wp\/v2\/media?parent=42343"}],"wp:term":[{"taxonomy":"category","embeddable":true,"href":"https:\/\/qtmm.org\/qt\/wp-json\/wp\/v2\/categories?post=42343"},{"taxonomy":"post_tag","embeddable":true,"href":"https:\/\/qtmm.org\/qt\/wp-json\/wp\/v2\/tags?post=42343"}],"curies":[{"name":"wp","href":"https:\/\/api.w.org\/{rel}","templated":true}]}}