




{"id":42313,"date":"2014-01-08T16:15:00","date_gmt":"2014-01-08T13:15:00","guid":{"rendered":"http:\/\/qtmm.org\/?p=42313"},"modified":"2022-01-27T16:18:31","modified_gmt":"2022-01-27T13:18:31","slug":"riza-sevkiyev-balalarni-sportqa-celp-etuv-bugunde-bugun-muim-ve-alicenap-istir","status":"publish","type":"post","link":"https:\/\/qtmm.org\/qt\/riza-sevkiyev-balalarni-sportqa-celp-etuv-bugunde-bugun-muim-ve-alicenap-istir\/","title":{"rendered":"Riza \u015eevkiyev: \u00abBalalarn\u0131 sportqa celp et\u00fcv \u2013 bug\u00fcnde-bug\u00fcn m\u00fcim ve alicenap i\u015ftir\u00bb"},"content":{"rendered":"\n<p>2014 s. Yanvar 8 k\u00fcn\u00fc Aqmescite &#8220;Kaza\u00e7ye dvoyeborye&#8221; boyunca d\u00fcnya \u00e7empionat\u0131n\u0131\u00f1 \u011faliplerine muk\u00e2fatlar berildi. Gen\u00e7 \u00e7empionlarn\u0131 elde etken muvafaqiyetlerinen &#8220;Q\u0131r\u0131m fond\u0131&#8221; hayriye te\u015fkil\u00e2t\u0131n\u0131\u00f1 ba\u015f direktor\u0131, Meclis azas\u0131 Riza \u015eevqiyev hay\u0131rlad\u0131.<\/p>\n\n\n\n<p>2013 senesini\u00f1 so\u00f1unda Harkov \u015feerinde ol\u0131p ke\u00e7ken d\u00fcnya \u00e7empionat\u0131nda &#8220;D\u00fclber&#8221; sport klub\u0131n\u0131\u00f1 azalar\u0131 7 medal qazand\u0131lar \u2013 Timur Karametov ve Siyar Qad\u0131yev tun\u00e7, Dannil Primak, Emil Topalov, Alan Saiydov ve Osman Babayev &#8211; k\u00fcm\u00fc\u015f, alt\u0131n medalni ise q\u0131z bala Aleksandra Mitina elde etti.<\/p>\n\n\n\n<p>Olarn\u0131\u00f1 episi sportn\u0131\u00f1 &#8220;Kaza\u00e7ye dvoyeborye&#8221; ad\u0131nen birle\u015ftirilgen \u00e7e\u015fit \u015fekillerinde &#8211; kikboksing, MMA, MixFight i\u015ftirak eteler.<\/p>\n\n\n\n<p>&#8220;Men sizni m\u0131nda sel\u00e2mlamaqtan sevin\u00e7 duyam, &#8211; dedi Riza \u015eevqiyev sport\u00e7\u0131lar, ana-babalar ve trenerlerine h\u0131tap eterek. &#8211; Sizi\u00f1 ma\u015falla\u00f1\u0131z bar, men sizi\u00f1 \u011falebe ve qazan\u00e7lar\u0131\u00f1\u0131znen \u011fururlanam. Q\u0131r\u0131mtatar halq\u0131n\u0131\u00f1 Meclisi ve &#8220;Q\u0131r\u0131m fond\u0131&#8221; hayriye te\u015fkil\u00e2t\u0131n\u0131\u00f1 ad\u0131ndan bu y\u00fcksek muk\u00e2fatlar\u0131\u00f1\u0131znen hay\u0131rlama\u011fa isteyim. Riza \u015eevkiyev sport\u00e7\u0131larn\u0131 fahriy yarl\u0131qlar ve para muk\u00e2fatlar\u0131nen taqdirlep, tatl\u0131larnen s\u0131ylad\u0131.<\/p>\n\n\n\n<figure class=\"wp-block-image size-full\"><img loading=\"lazy\" decoding=\"async\" width=\"650\" height=\"474\" src=\"http:\/\/qtmm.org\/wp-content\/uploads\/2022\/01\/img_4105.jpeg\" alt=\"\" class=\"wp-image-42318\" srcset=\"https:\/\/qtmm.org\/wp-content\/uploads\/2022\/01\/img_4105.jpeg 650w, https:\/\/qtmm.org\/wp-content\/uploads\/2022\/01\/img_4105-300x219.jpeg 300w\" sizes=\"auto, (max-width: 650px) 100vw, 650px\" \/><\/figure>\n\n\n\n<p>&#8220;Ke\u00e7ken sefer biz balalar\u011fa yar\u0131\u015fqa barma\u011fa yard\u0131m etken edik, bu sefer ise muk\u00e2fat ve bah\u015f\u0131\u015flar berdik, &#8211; dey R. \u015eevqiyev. \u2013 Biz imk\u00e2n\u0131m\u0131z ol\u011fan\u0131 qadar yard\u0131mc\u0131 olma\u011fa t\u0131r\u0131\u015fam\u0131z, epimiz aza\u00e7\u0131q olsa da destek bersek, sezilirli bir yard\u0131m olur.<\/p>\n\n\n\n<figure class=\"wp-block-image size-full\"><img loading=\"lazy\" decoding=\"async\" width=\"650\" height=\"440\" src=\"http:\/\/qtmm.org\/wp-content\/uploads\/2022\/01\/img_4106.jpeg\" alt=\"\" class=\"wp-image-42322\" srcset=\"https:\/\/qtmm.org\/wp-content\/uploads\/2022\/01\/img_4106.jpeg 650w, https:\/\/qtmm.org\/wp-content\/uploads\/2022\/01\/img_4106-300x203.jpeg 300w\" sizes=\"auto, (max-width: 650px) 100vw, 650px\" \/><\/figure>\n\n\n\n<p>&#8220;Balalarn\u0131 sportqa celp et\u00fcv \u2013 bug\u00fcnde-bug\u00fcn m\u00fcim ve alicenap i\u015ftir. Bu olarn\u0131 afyonc\u0131l\u0131q ve h\u0131rs\u0131zl\u0131q ilerilegen soqaqlardan \u00e7etle\u015ftirir&#8221;<\/p>\n\n\n\n<p>Gen\u00e7 sport\u00e7\u0131larn\u0131\u00f1 treneri Nariman Sel\u00e2metov ise \u00f6z nevbetinde &#8220;Q\u0131r\u0131m fond\u0131&#8221; hayriye te\u015fkil\u00e2t\u0131n\u0131\u00f1 ba\u015f direktor\u0131, Meclis azas\u0131 Riza \u015eevqiyevge qoltutuv\u0131 i\u00e7\u00fcn te\u015fekk\u00fcr bildirdi.<\/p>\n\n\n\n<figure class=\"wp-block-gallery columns-2 is-cropped wp-block-gallery-1 is-layout-flex wp-block-gallery-is-layout-flex\"><ul class=\"blocks-gallery-grid\"><li class=\"blocks-gallery-item\"><figure><a href=\"http:\/\/qtmm.org\/wp-content\/uploads\/2022\/01\/img_4097.jpeg\"><img loading=\"lazy\" decoding=\"async\" width=\"650\" height=\"492\" src=\"http:\/\/qtmm.org\/wp-content\/uploads\/2022\/01\/img_4097.jpeg\" alt=\"\" data-id=\"42326\" data-full-url=\"http:\/\/qtmm.org\/wp-content\/uploads\/2022\/01\/img_4097.jpeg\" data-link=\"http:\/\/qtmm.org\/qt\/?attachment_id=42326\" class=\"wp-image-42326\" srcset=\"https:\/\/qtmm.org\/wp-content\/uploads\/2022\/01\/img_4097.jpeg 650w, https:\/\/qtmm.org\/wp-content\/uploads\/2022\/01\/img_4097-300x227.jpeg 300w\" sizes=\"auto, (max-width: 650px) 100vw, 650px\" \/><\/a><\/figure><\/li><li class=\"blocks-gallery-item\"><figure><a href=\"http:\/\/qtmm.org\/wp-content\/uploads\/2022\/01\/img_4098.jpeg\"><img loading=\"lazy\" decoding=\"async\" width=\"650\" height=\"467\" src=\"http:\/\/qtmm.org\/wp-content\/uploads\/2022\/01\/img_4098.jpeg\" alt=\"\" data-id=\"42330\" data-full-url=\"http:\/\/qtmm.org\/wp-content\/uploads\/2022\/01\/img_4098.jpeg\" data-link=\"http:\/\/qtmm.org\/qt\/?attachment_id=42330\" class=\"wp-image-42330\" srcset=\"https:\/\/qtmm.org\/wp-content\/uploads\/2022\/01\/img_4098.jpeg 650w, https:\/\/qtmm.org\/wp-content\/uploads\/2022\/01\/img_4098-300x216.jpeg 300w\" sizes=\"auto, (max-width: 650px) 100vw, 650px\" \/><\/a><\/figure><\/li><li class=\"blocks-gallery-item\"><figure><a href=\"http:\/\/qtmm.org\/wp-content\/uploads\/2022\/01\/img_4100.jpeg\"><img loading=\"lazy\" decoding=\"async\" width=\"657\" height=\"440\" src=\"http:\/\/qtmm.org\/wp-content\/uploads\/2022\/01\/img_4100.jpeg\" alt=\"\" data-id=\"42334\" data-full-url=\"http:\/\/qtmm.org\/wp-content\/uploads\/2022\/01\/img_4100.jpeg\" data-link=\"http:\/\/qtmm.org\/qt\/?attachment_id=42334\" class=\"wp-image-42334\" srcset=\"https:\/\/qtmm.org\/wp-content\/uploads\/2022\/01\/img_4100.jpeg 657w, https:\/\/qtmm.org\/wp-content\/uploads\/2022\/01\/img_4100-300x201.jpeg 300w\" sizes=\"auto, (max-width: 657px) 100vw, 657px\" \/><\/a><\/figure><\/li><li class=\"blocks-gallery-item\"><figure><a href=\"http:\/\/qtmm.org\/wp-content\/uploads\/2022\/01\/img_4093.jpeg\"><img loading=\"lazy\" decoding=\"async\" width=\"650\" height=\"442\" src=\"http:\/\/qtmm.org\/wp-content\/uploads\/2022\/01\/img_4093.jpeg\" alt=\"\" data-id=\"42338\" data-full-url=\"http:\/\/qtmm.org\/wp-content\/uploads\/2022\/01\/img_4093.jpeg\" data-link=\"http:\/\/qtmm.org\/qt\/?attachment_id=42338\" class=\"wp-image-42338\" srcset=\"https:\/\/qtmm.org\/wp-content\/uploads\/2022\/01\/img_4093.jpeg 650w, https:\/\/qtmm.org\/wp-content\/uploads\/2022\/01\/img_4093-300x204.jpeg 300w\" sizes=\"auto, (max-width: 650px) 100vw, 650px\" \/><\/a><\/figure><\/li><\/ul><\/figure>\n","protected":false},"excerpt":{"rendered":"<p>2014 s. Yanvar 8 k\u00fcn\u00fc Aqmescite &#8220;Kaza\u00e7ye dvoyeborye&#8221; boyunca d\u00fcnya \u00e7empionat\u0131n\u0131\u00f1 \u011faliplerine muk\u00e2fatlar berildi. Gen\u00e7 \u00e7empionlarn\u0131 elde etken muvafaqiyetlerinen &#8220;Q\u0131r\u0131m fond\u0131&#8221; hayriye te\u015fkil\u00e2t\u0131n\u0131\u00f1 ba\u015f direktor\u0131, Meclis azas\u0131 Riza \u015eevqiyev hay\u0131rlad\u0131. 2013 senesini\u00f1 so\u00f1unda Harkov \u015feerinde ol\u0131p ke\u00e7ken d\u00fcnya \u00e7empionat\u0131nda &#8220;D\u00fclber&#8221; sport klub\u0131n\u0131\u00f1 azalar\u0131 7 medal qazand\u0131lar \u2013 Timur Karametov ve Siyar Qad\u0131yev tun\u00e7, Dannil Primak, [&hellip;]<\/p>\n","protected":false},"author":1,"featured_media":42314,"comment_status":"open","ping_status":"open","sticky":false,"template":"","format":"standard","meta":{"inline_featured_image":false,"footnotes":""},"categories":[265],"tags":[],"class_list":["post-42313","post","type-post","status-publish","format-standard","has-post-thumbnail","hentry","category-haberler"],"acf":[],"yoast_head":"<!-- This site is optimized with the Yoast SEO plugin v27.4 - https:\/\/yoast.com\/product\/yoast-seo-wordpress\/ -->\n<title>Riza \u015eevkiyev: \u00abBalalarn\u0131 sportqa celp et\u00fcv \u2013 bug\u00fcnde-bug\u00fcn m\u00fcim ve alicenap i\u015ftir\u00bb - \u041c\u0435\u0434\u0436\u043b\u0456\u0441<\/title>\n<meta name=\"robots\" content=\"index, follow, max-snippet:-1, max-image-preview:large, max-video-preview:-1\" \/>\n<link rel=\"canonical\" href=\"https:\/\/qtmm.org\/qt\/riza-sevkiyev-balalarni-sportqa-celp-etuv-bugunde-bugun-muim-ve-alicenap-istir\/\" \/>\n<meta property=\"og:locale\" content=\"en_US\" \/>\n<meta property=\"og:type\" content=\"article\" \/>\n<meta property=\"og:title\" content=\"Riza \u015eevkiyev: \u00abBalalarn\u0131 sportqa celp et\u00fcv \u2013 bug\u00fcnde-bug\u00fcn m\u00fcim ve alicenap i\u015ftir\u00bb - \u041c\u0435\u0434\u0436\u043b\u0456\u0441\" \/>\n<meta property=\"og:description\" content=\"2014 s. Yanvar 8 k\u00fcn\u00fc Aqmescite &#8220;Kaza\u00e7ye dvoyeborye&#8221; boyunca d\u00fcnya \u00e7empionat\u0131n\u0131\u00f1 \u011faliplerine muk\u00e2fatlar berildi. Gen\u00e7 \u00e7empionlarn\u0131 elde etken muvafaqiyetlerinen &#8220;Q\u0131r\u0131m fond\u0131&#8221; hayriye te\u015fkil\u00e2t\u0131n\u0131\u00f1 ba\u015f direktor\u0131, Meclis azas\u0131 Riza \u015eevqiyev hay\u0131rlad\u0131. 2013 senesini\u00f1 so\u00f1unda Harkov \u015feerinde ol\u0131p ke\u00e7ken d\u00fcnya \u00e7empionat\u0131nda &#8220;D\u00fclber&#8221; sport klub\u0131n\u0131\u00f1 azalar\u0131 7 medal qazand\u0131lar \u2013 Timur Karametov ve Siyar Qad\u0131yev tun\u00e7, Dannil Primak, [&hellip;]\" \/>\n<meta property=\"og:url\" content=\"https:\/\/qtmm.org\/qt\/riza-sevkiyev-balalarni-sportqa-celp-etuv-bugunde-bugun-muim-ve-alicenap-istir\/\" \/>\n<meta property=\"og:site_name\" content=\"\u041c\u0435\u0434\u0436\u043b\u0456\u0441\" \/>\n<meta property=\"article:publisher\" content=\"https:\/\/www.facebook.com\/qtmm.info\/\" \/>\n<meta property=\"article:published_time\" content=\"2014-01-08T13:15:00+00:00\" \/>\n<meta property=\"article:modified_time\" content=\"2022-01-27T13:18:31+00:00\" \/>\n<meta property=\"og:image\" content=\"https:\/\/qtmm.org\/wp-content\/uploads\/2022\/01\/img_4086.jpeg\" \/>\n\t<meta property=\"og:image:width\" content=\"650\" \/>\n\t<meta property=\"og:image:height\" content=\"402\" \/>\n\t<meta property=\"og:image:type\" content=\"image\/jpeg\" \/>\n<meta name=\"author\" content=\"Developer\" \/>\n<meta name=\"twitter:card\" content=\"summary_large_image\" \/>\n<meta name=\"twitter:label1\" content=\"Written by\" \/>\n\t<meta name=\"twitter:data1\" content=\"Developer\" \/>\n\t<meta name=\"twitter:label2\" content=\"Est. reading time\" \/>\n\t<meta name=\"twitter:data2\" content=\"2 minutes\" \/>\n<script type=\"application\/ld+json\" class=\"yoast-schema-graph\">{\"@context\":\"https:\\\/\\\/schema.org\",\"@graph\":[{\"@type\":\"Article\",\"@id\":\"https:\\\/\\\/qtmm.org\\\/qt\\\/riza-sevkiyev-balalarni-sportqa-celp-etuv-bugunde-bugun-muim-ve-alicenap-istir\\\/#article\",\"isPartOf\":{\"@id\":\"https:\\\/\\\/qtmm.org\\\/qt\\\/riza-sevkiyev-balalarni-sportqa-celp-etuv-bugunde-bugun-muim-ve-alicenap-istir\\\/\"},\"author\":{\"name\":\"Developer\",\"@id\":\"https:\\\/\\\/qtmm.org\\\/qt\\\/#\\\/schema\\\/person\\\/de562469f971dec226ac06e60bbf74a7\"},\"headline\":\"Riza \u015eevkiyev: \u00abBalalarn\u0131 sportqa celp et\u00fcv \u2013 bug\u00fcnde-bug\u00fcn m\u00fcim ve alicenap i\u015ftir\u00bb\",\"datePublished\":\"2014-01-08T13:15:00+00:00\",\"dateModified\":\"2022-01-27T13:18:31+00:00\",\"mainEntityOfPage\":{\"@id\":\"https:\\\/\\\/qtmm.org\\\/qt\\\/riza-sevkiyev-balalarni-sportqa-celp-etuv-bugunde-bugun-muim-ve-alicenap-istir\\\/\"},\"wordCount\":321,\"commentCount\":0,\"publisher\":{\"@id\":\"https:\\\/\\\/qtmm.org\\\/qt\\\/#organization\"},\"image\":{\"@id\":\"https:\\\/\\\/qtmm.org\\\/qt\\\/riza-sevkiyev-balalarni-sportqa-celp-etuv-bugunde-bugun-muim-ve-alicenap-istir\\\/#primaryimage\"},\"thumbnailUrl\":\"https:\\\/\\\/qtmm.org\\\/wp-content\\\/uploads\\\/2022\\\/01\\\/img_4086.jpeg\",\"articleSection\":[\"Haberler\"],\"inLanguage\":\"qt\",\"potentialAction\":[{\"@type\":\"CommentAction\",\"name\":\"Comment\",\"target\":[\"https:\\\/\\\/qtmm.org\\\/qt\\\/riza-sevkiyev-balalarni-sportqa-celp-etuv-bugunde-bugun-muim-ve-alicenap-istir\\\/#respond\"]}]},{\"@type\":\"WebPage\",\"@id\":\"https:\\\/\\\/qtmm.org\\\/qt\\\/riza-sevkiyev-balalarni-sportqa-celp-etuv-bugunde-bugun-muim-ve-alicenap-istir\\\/\",\"url\":\"https:\\\/\\\/qtmm.org\\\/qt\\\/riza-sevkiyev-balalarni-sportqa-celp-etuv-bugunde-bugun-muim-ve-alicenap-istir\\\/\",\"name\":\"Riza \u015eevkiyev: \u00abBalalarn\u0131 sportqa celp et\u00fcv \u2013 bug\u00fcnde-bug\u00fcn m\u00fcim ve alicenap i\u015ftir\u00bb - \u041c\u0435\u0434\u0436\u043b\u0456\u0441\",\"isPartOf\":{\"@id\":\"https:\\\/\\\/qtmm.org\\\/qt\\\/#website\"},\"primaryImageOfPage\":{\"@id\":\"https:\\\/\\\/qtmm.org\\\/qt\\\/riza-sevkiyev-balalarni-sportqa-celp-etuv-bugunde-bugun-muim-ve-alicenap-istir\\\/#primaryimage\"},\"image\":{\"@id\":\"https:\\\/\\\/qtmm.org\\\/qt\\\/riza-sevkiyev-balalarni-sportqa-celp-etuv-bugunde-bugun-muim-ve-alicenap-istir\\\/#primaryimage\"},\"thumbnailUrl\":\"https:\\\/\\\/qtmm.org\\\/wp-content\\\/uploads\\\/2022\\\/01\\\/img_4086.jpeg\",\"datePublished\":\"2014-01-08T13:15:00+00:00\",\"dateModified\":\"2022-01-27T13:18:31+00:00\",\"breadcrumb\":{\"@id\":\"https:\\\/\\\/qtmm.org\\\/qt\\\/riza-sevkiyev-balalarni-sportqa-celp-etuv-bugunde-bugun-muim-ve-alicenap-istir\\\/#breadcrumb\"},\"inLanguage\":\"qt\",\"potentialAction\":[{\"@type\":\"ReadAction\",\"target\":[\"https:\\\/\\\/qtmm.org\\\/qt\\\/riza-sevkiyev-balalarni-sportqa-celp-etuv-bugunde-bugun-muim-ve-alicenap-istir\\\/\"]}]},{\"@type\":\"ImageObject\",\"inLanguage\":\"qt\",\"@id\":\"https:\\\/\\\/qtmm.org\\\/qt\\\/riza-sevkiyev-balalarni-sportqa-celp-etuv-bugunde-bugun-muim-ve-alicenap-istir\\\/#primaryimage\",\"url\":\"https:\\\/\\\/qtmm.org\\\/wp-content\\\/uploads\\\/2022\\\/01\\\/img_4086.jpeg\",\"contentUrl\":\"https:\\\/\\\/qtmm.org\\\/wp-content\\\/uploads\\\/2022\\\/01\\\/img_4086.jpeg\",\"width\":650,\"height\":402},{\"@type\":\"BreadcrumbList\",\"@id\":\"https:\\\/\\\/qtmm.org\\\/qt\\\/riza-sevkiyev-balalarni-sportqa-celp-etuv-bugunde-bugun-muim-ve-alicenap-istir\\\/#breadcrumb\",\"itemListElement\":[{\"@type\":\"ListItem\",\"position\":1,\"name\":\"\u0413\u043e\u043b\u043e\u0432\u043d\u0430\",\"item\":\"https:\\\/\\\/qtmm.org\\\/qt\\\/\"},{\"@type\":\"ListItem\",\"position\":2,\"name\":\"Riza \u015eevkiyev: \u00abBalalarn\u0131 sportqa celp et\u00fcv \u2013 bug\u00fcnde-bug\u00fcn m\u00fcim ve alicenap i\u015ftir\u00bb\"}]},{\"@type\":\"WebSite\",\"@id\":\"https:\\\/\\\/qtmm.org\\\/qt\\\/#website\",\"url\":\"https:\\\/\\\/qtmm.org\\\/qt\\\/\",\"name\":\"\u041c\u0435\u0434\u0436\u043b\u0456\u0441\",\"description\":\"\",\"publisher\":{\"@id\":\"https:\\\/\\\/qtmm.org\\\/qt\\\/#organization\"},\"potentialAction\":[{\"@type\":\"SearchAction\",\"target\":{\"@type\":\"EntryPoint\",\"urlTemplate\":\"https:\\\/\\\/qtmm.org\\\/qt\\\/?s={search_term_string}\"},\"query-input\":{\"@type\":\"PropertyValueSpecification\",\"valueRequired\":true,\"valueName\":\"search_term_string\"}}],\"inLanguage\":\"qt\"},{\"@type\":\"Organization\",\"@id\":\"https:\\\/\\\/qtmm.org\\\/qt\\\/#organization\",\"name\":\"\u041c\u0435\u0434\u0436\u043b\u0456\u0441\",\"url\":\"https:\\\/\\\/qtmm.org\\\/qt\\\/\",\"logo\":{\"@type\":\"ImageObject\",\"inLanguage\":\"qt\",\"@id\":\"https:\\\/\\\/qtmm.org\\\/qt\\\/#\\\/schema\\\/logo\\\/image\\\/\",\"url\":\"https:\\\/\\\/qtmm.org\\\/wp-content\\\/uploads\\\/2024\\\/12\\\/ua-mejlis-logo-rgb.svg\",\"contentUrl\":\"https:\\\/\\\/qtmm.org\\\/wp-content\\\/uploads\\\/2024\\\/12\\\/ua-mejlis-logo-rgb.svg\",\"caption\":\"\u041c\u0435\u0434\u0436\u043b\u0456\u0441\"},\"image\":{\"@id\":\"https:\\\/\\\/qtmm.org\\\/qt\\\/#\\\/schema\\\/logo\\\/image\\\/\"},\"sameAs\":[\"https:\\\/\\\/www.facebook.com\\\/qtmm.info\\\/\"]},{\"@type\":\"Person\",\"@id\":\"https:\\\/\\\/qtmm.org\\\/qt\\\/#\\\/schema\\\/person\\\/de562469f971dec226ac06e60bbf74a7\",\"name\":\"Developer\",\"image\":{\"@type\":\"ImageObject\",\"inLanguage\":\"qt\",\"@id\":\"https:\\\/\\\/secure.gravatar.com\\\/avatar\\\/392b4cc8fbfeb00b39dfeeab4ee6edded39ffd48e25858637e4765810300227e?s=96&d=mm&r=g\",\"url\":\"https:\\\/\\\/secure.gravatar.com\\\/avatar\\\/392b4cc8fbfeb00b39dfeeab4ee6edded39ffd48e25858637e4765810300227e?s=96&d=mm&r=g\",\"contentUrl\":\"https:\\\/\\\/secure.gravatar.com\\\/avatar\\\/392b4cc8fbfeb00b39dfeeab4ee6edded39ffd48e25858637e4765810300227e?s=96&d=mm&r=g\",\"caption\":\"Developer\"},\"url\":\"https:\\\/\\\/qtmm.org\\\/qt\\\/author\\\/Developer\\\/\"}]}<\/script>\n<!-- \/ Yoast SEO plugin. -->","yoast_head_json":{"title":"Riza \u015eevkiyev: \u00abBalalarn\u0131 sportqa celp et\u00fcv \u2013 bug\u00fcnde-bug\u00fcn m\u00fcim ve alicenap i\u015ftir\u00bb - \u041c\u0435\u0434\u0436\u043b\u0456\u0441","robots":{"index":"index","follow":"follow","max-snippet":"max-snippet:-1","max-image-preview":"max-image-preview:large","max-video-preview":"max-video-preview:-1"},"canonical":"https:\/\/qtmm.org\/qt\/riza-sevkiyev-balalarni-sportqa-celp-etuv-bugunde-bugun-muim-ve-alicenap-istir\/","og_locale":"en_US","og_type":"article","og_title":"Riza \u015eevkiyev: \u00abBalalarn\u0131 sportqa celp et\u00fcv \u2013 bug\u00fcnde-bug\u00fcn m\u00fcim ve alicenap i\u015ftir\u00bb - \u041c\u0435\u0434\u0436\u043b\u0456\u0441","og_description":"2014 s. Yanvar 8 k\u00fcn\u00fc Aqmescite &#8220;Kaza\u00e7ye dvoyeborye&#8221; boyunca d\u00fcnya \u00e7empionat\u0131n\u0131\u00f1 \u011faliplerine muk\u00e2fatlar berildi. Gen\u00e7 \u00e7empionlarn\u0131 elde etken muvafaqiyetlerinen &#8220;Q\u0131r\u0131m fond\u0131&#8221; hayriye te\u015fkil\u00e2t\u0131n\u0131\u00f1 ba\u015f direktor\u0131, Meclis azas\u0131 Riza \u015eevqiyev hay\u0131rlad\u0131. 2013 senesini\u00f1 so\u00f1unda Harkov \u015feerinde ol\u0131p ke\u00e7ken d\u00fcnya \u00e7empionat\u0131nda &#8220;D\u00fclber&#8221; sport klub\u0131n\u0131\u00f1 azalar\u0131 7 medal qazand\u0131lar \u2013 Timur Karametov ve Siyar Qad\u0131yev tun\u00e7, Dannil Primak, [&hellip;]","og_url":"https:\/\/qtmm.org\/qt\/riza-sevkiyev-balalarni-sportqa-celp-etuv-bugunde-bugun-muim-ve-alicenap-istir\/","og_site_name":"\u041c\u0435\u0434\u0436\u043b\u0456\u0441","article_publisher":"https:\/\/www.facebook.com\/qtmm.info\/","article_published_time":"2014-01-08T13:15:00+00:00","article_modified_time":"2022-01-27T13:18:31+00:00","og_image":[{"width":650,"height":402,"url":"https:\/\/qtmm.org\/wp-content\/uploads\/2022\/01\/img_4086.jpeg","type":"image\/jpeg"}],"author":"Developer","twitter_card":"summary_large_image","twitter_misc":{"Written by":"Developer","Est. reading time":"2 minutes"},"schema":{"@context":"https:\/\/schema.org","@graph":[{"@type":"Article","@id":"https:\/\/qtmm.org\/qt\/riza-sevkiyev-balalarni-sportqa-celp-etuv-bugunde-bugun-muim-ve-alicenap-istir\/#article","isPartOf":{"@id":"https:\/\/qtmm.org\/qt\/riza-sevkiyev-balalarni-sportqa-celp-etuv-bugunde-bugun-muim-ve-alicenap-istir\/"},"author":{"name":"Developer","@id":"https:\/\/qtmm.org\/qt\/#\/schema\/person\/de562469f971dec226ac06e60bbf74a7"},"headline":"Riza \u015eevkiyev: \u00abBalalarn\u0131 sportqa celp et\u00fcv \u2013 bug\u00fcnde-bug\u00fcn m\u00fcim ve alicenap i\u015ftir\u00bb","datePublished":"2014-01-08T13:15:00+00:00","dateModified":"2022-01-27T13:18:31+00:00","mainEntityOfPage":{"@id":"https:\/\/qtmm.org\/qt\/riza-sevkiyev-balalarni-sportqa-celp-etuv-bugunde-bugun-muim-ve-alicenap-istir\/"},"wordCount":321,"commentCount":0,"publisher":{"@id":"https:\/\/qtmm.org\/qt\/#organization"},"image":{"@id":"https:\/\/qtmm.org\/qt\/riza-sevkiyev-balalarni-sportqa-celp-etuv-bugunde-bugun-muim-ve-alicenap-istir\/#primaryimage"},"thumbnailUrl":"https:\/\/qtmm.org\/wp-content\/uploads\/2022\/01\/img_4086.jpeg","articleSection":["Haberler"],"inLanguage":"qt","potentialAction":[{"@type":"CommentAction","name":"Comment","target":["https:\/\/qtmm.org\/qt\/riza-sevkiyev-balalarni-sportqa-celp-etuv-bugunde-bugun-muim-ve-alicenap-istir\/#respond"]}]},{"@type":"WebPage","@id":"https:\/\/qtmm.org\/qt\/riza-sevkiyev-balalarni-sportqa-celp-etuv-bugunde-bugun-muim-ve-alicenap-istir\/","url":"https:\/\/qtmm.org\/qt\/riza-sevkiyev-balalarni-sportqa-celp-etuv-bugunde-bugun-muim-ve-alicenap-istir\/","name":"Riza \u015eevkiyev: \u00abBalalarn\u0131 sportqa celp et\u00fcv \u2013 bug\u00fcnde-bug\u00fcn m\u00fcim ve alicenap i\u015ftir\u00bb - \u041c\u0435\u0434\u0436\u043b\u0456\u0441","isPartOf":{"@id":"https:\/\/qtmm.org\/qt\/#website"},"primaryImageOfPage":{"@id":"https:\/\/qtmm.org\/qt\/riza-sevkiyev-balalarni-sportqa-celp-etuv-bugunde-bugun-muim-ve-alicenap-istir\/#primaryimage"},"image":{"@id":"https:\/\/qtmm.org\/qt\/riza-sevkiyev-balalarni-sportqa-celp-etuv-bugunde-bugun-muim-ve-alicenap-istir\/#primaryimage"},"thumbnailUrl":"https:\/\/qtmm.org\/wp-content\/uploads\/2022\/01\/img_4086.jpeg","datePublished":"2014-01-08T13:15:00+00:00","dateModified":"2022-01-27T13:18:31+00:00","breadcrumb":{"@id":"https:\/\/qtmm.org\/qt\/riza-sevkiyev-balalarni-sportqa-celp-etuv-bugunde-bugun-muim-ve-alicenap-istir\/#breadcrumb"},"inLanguage":"qt","potentialAction":[{"@type":"ReadAction","target":["https:\/\/qtmm.org\/qt\/riza-sevkiyev-balalarni-sportqa-celp-etuv-bugunde-bugun-muim-ve-alicenap-istir\/"]}]},{"@type":"ImageObject","inLanguage":"qt","@id":"https:\/\/qtmm.org\/qt\/riza-sevkiyev-balalarni-sportqa-celp-etuv-bugunde-bugun-muim-ve-alicenap-istir\/#primaryimage","url":"https:\/\/qtmm.org\/wp-content\/uploads\/2022\/01\/img_4086.jpeg","contentUrl":"https:\/\/qtmm.org\/wp-content\/uploads\/2022\/01\/img_4086.jpeg","width":650,"height":402},{"@type":"BreadcrumbList","@id":"https:\/\/qtmm.org\/qt\/riza-sevkiyev-balalarni-sportqa-celp-etuv-bugunde-bugun-muim-ve-alicenap-istir\/#breadcrumb","itemListElement":[{"@type":"ListItem","position":1,"name":"\u0413\u043e\u043b\u043e\u0432\u043d\u0430","item":"https:\/\/qtmm.org\/qt\/"},{"@type":"ListItem","position":2,"name":"Riza \u015eevkiyev: \u00abBalalarn\u0131 sportqa celp et\u00fcv \u2013 bug\u00fcnde-bug\u00fcn m\u00fcim ve alicenap i\u015ftir\u00bb"}]},{"@type":"WebSite","@id":"https:\/\/qtmm.org\/qt\/#website","url":"https:\/\/qtmm.org\/qt\/","name":"\u041c\u0435\u0434\u0436\u043b\u0456\u0441","description":"","publisher":{"@id":"https:\/\/qtmm.org\/qt\/#organization"},"potentialAction":[{"@type":"SearchAction","target":{"@type":"EntryPoint","urlTemplate":"https:\/\/qtmm.org\/qt\/?s={search_term_string}"},"query-input":{"@type":"PropertyValueSpecification","valueRequired":true,"valueName":"search_term_string"}}],"inLanguage":"qt"},{"@type":"Organization","@id":"https:\/\/qtmm.org\/qt\/#organization","name":"\u041c\u0435\u0434\u0436\u043b\u0456\u0441","url":"https:\/\/qtmm.org\/qt\/","logo":{"@type":"ImageObject","inLanguage":"qt","@id":"https:\/\/qtmm.org\/qt\/#\/schema\/logo\/image\/","url":"https:\/\/qtmm.org\/wp-content\/uploads\/2024\/12\/ua-mejlis-logo-rgb.svg","contentUrl":"https:\/\/qtmm.org\/wp-content\/uploads\/2024\/12\/ua-mejlis-logo-rgb.svg","caption":"\u041c\u0435\u0434\u0436\u043b\u0456\u0441"},"image":{"@id":"https:\/\/qtmm.org\/qt\/#\/schema\/logo\/image\/"},"sameAs":["https:\/\/www.facebook.com\/qtmm.info\/"]},{"@type":"Person","@id":"https:\/\/qtmm.org\/qt\/#\/schema\/person\/de562469f971dec226ac06e60bbf74a7","name":"Developer","image":{"@type":"ImageObject","inLanguage":"qt","@id":"https:\/\/secure.gravatar.com\/avatar\/392b4cc8fbfeb00b39dfeeab4ee6edded39ffd48e25858637e4765810300227e?s=96&d=mm&r=g","url":"https:\/\/secure.gravatar.com\/avatar\/392b4cc8fbfeb00b39dfeeab4ee6edded39ffd48e25858637e4765810300227e?s=96&d=mm&r=g","contentUrl":"https:\/\/secure.gravatar.com\/avatar\/392b4cc8fbfeb00b39dfeeab4ee6edded39ffd48e25858637e4765810300227e?s=96&d=mm&r=g","caption":"Developer"},"url":"https:\/\/qtmm.org\/qt\/author\/Developer\/"}]}},"_links":{"self":[{"href":"https:\/\/qtmm.org\/qt\/wp-json\/wp\/v2\/posts\/42313","targetHints":{"allow":["GET"]}}],"collection":[{"href":"https:\/\/qtmm.org\/qt\/wp-json\/wp\/v2\/posts"}],"about":[{"href":"https:\/\/qtmm.org\/qt\/wp-json\/wp\/v2\/types\/post"}],"author":[{"embeddable":true,"href":"https:\/\/qtmm.org\/qt\/wp-json\/wp\/v2\/users\/1"}],"replies":[{"embeddable":true,"href":"https:\/\/qtmm.org\/qt\/wp-json\/wp\/v2\/comments?post=42313"}],"version-history":[{"count":1,"href":"https:\/\/qtmm.org\/qt\/wp-json\/wp\/v2\/posts\/42313\/revisions"}],"predecessor-version":[{"id":42342,"href":"https:\/\/qtmm.org\/qt\/wp-json\/wp\/v2\/posts\/42313\/revisions\/42342"}],"wp:featuredmedia":[{"embeddable":true,"href":"https:\/\/qtmm.org\/qt\/wp-json\/wp\/v2\/media\/42314"}],"wp:attachment":[{"href":"https:\/\/qtmm.org\/qt\/wp-json\/wp\/v2\/media?parent=42313"}],"wp:term":[{"taxonomy":"category","embeddable":true,"href":"https:\/\/qtmm.org\/qt\/wp-json\/wp\/v2\/categories?post=42313"},{"taxonomy":"post_tag","embeddable":true,"href":"https:\/\/qtmm.org\/qt\/wp-json\/wp\/v2\/tags?post=42313"}],"curies":[{"name":"wp","href":"https:\/\/api.w.org\/{rel}","templated":true}]}}