




{"id":42305,"date":"2014-01-05T16:13:00","date_gmt":"2014-01-05T13:13:00","guid":{"rendered":"http:\/\/qtmm.org\/?p=42305"},"modified":"2022-01-27T16:14:23","modified_gmt":"2022-01-27T13:14:23","slug":"yanvar-6-kunu-genclik-ansambli-yevromaydan-istirakcilerini-yani-yil-ve-isa-mesih-doggan-kunu-ile-hayirlaycaq","status":"publish","type":"post","link":"https:\/\/qtmm.org\/qt\/yanvar-6-kunu-genclik-ansambli-yevromaydan-istirakcilerini-yani-yil-ve-isa-mesih-doggan-kunu-ile-hayirlaycaq\/","title":{"rendered":"Yanvar 6 k\u00fcn\u00fc \u00abGen\u00e7lik\u00bb ansambli Yevromaydan i\u015ftirak\u00e7ilerini Ya\u00f1\u0131 y\u0131l ve \u0130sa Mesih do\u011f\u011fan k\u00fcn\u00fc ile hay\u0131rlaycaq"},"content":{"rendered":"\n<p>&#8220;Gen\u00e7lik&#8221; ansamblini\u00f1 istidatl\u0131 ve gen\u00e7 davulc\u0131lar\u0131 Yevromaydan i\u015ftirak\u00e7ilerini Ya\u00f1\u0131 2014 y\u0131l ve \u0130sa Mesih do\u011f\u011fan k\u00fcn\u00fc ile hay\u0131rlaycaq<br>Semetde\u015fler ile beraber Q\u0131r\u0131mdan Kiyevge yol al\u011fan Meclis reisini\u00f1 muavini Ahtem \u00c7iygozni\u00f1 bildirgenine k\u00f6re &#8220;Gen\u00e7lik&#8221; ansamblini\u00f1 sanat\u00e7\u0131lar\u0131 Yevromaydanda olarn\u0131 pek s\u0131caq qar\u015f\u0131lap al\u011fanlar\u0131ndan pek memn\u00fcn qal\u0131p, dekabr 16-da yapqan \u00e7\u0131q\u0131\u015flar\u0131 vaqt\u0131nda tekrarlanmaz teessurat al\u011fanlar.<\/p>\n\n\n\n<p>&#8220;Balalar suvuq ava, akimiyetni\u00f1 er t\u00fcrl\u00fc basq\u0131s\u0131na baqmadan \u00f6z devletlerini\u00f1 demokratik degerliklerini Yevromaydanda qor\u00e7ala\u011fan Ukraina vatanda\u015flar\u0131, \u00f6z yurtun\u0131\u00f1 vatanperverlerini kene ho\u015fnut eteceklerinen pek \u011fururlanalar&#8221;, &#8211; dey Ahtem \u00c7iygoz.<\/p>\n\n\n\n<p>Hat\u0131rlatam\u0131z ki, 2013 senesi dekabr 16 k\u00fcn\u00fc &#8220;Gen\u00e7lik&#8221; ansamblini\u00f1 istidatl\u0131 \u00e7al\u011f\u0131c\u0131lar\u0131 Kiyevde Yevromaydanda g\u00fcrdeli bir \u00e7\u0131q\u0131\u015f yap\u0131p, er kesni ayrette qald\u0131rd\u0131lar.<\/p>\n\n\n\n<figure class=\"wp-block-image size-full\"><img loading=\"lazy\" decoding=\"async\" width=\"650\" height=\"448\" src=\"http:\/\/qtmm.org\/wp-content\/uploads\/2022\/01\/genchlik_16_dekabrya_2.jpeg\" alt=\"\" class=\"wp-image-42306\" srcset=\"https:\/\/qtmm.org\/wp-content\/uploads\/2022\/01\/genchlik_16_dekabrya_2.jpeg 650w, https:\/\/qtmm.org\/wp-content\/uploads\/2022\/01\/genchlik_16_dekabrya_2-300x207.jpeg 300w\" sizes=\"auto, (max-width: 650px) 100vw, 650px\" \/><\/figure>\n\n\n\n<figure class=\"wp-block-embed is-type-video is-provider-youtube wp-block-embed-youtube wp-embed-aspect-16-9 wp-has-aspect-ratio\"><div class=\"wp-block-embed__wrapper\">\n<iframe loading=\"lazy\" title=\"\u041a\u0440\u044b\u043c\u0441\u043a\u0438\u0435 \u0442\u0430\u0442\u0430\u0440\u044b \u0436\u0433\u0443\u0442 \u043d\u0430 \u041c\u0430\u0439\u0434\u0430\u043d\u0435\" width=\"640\" height=\"360\" src=\"https:\/\/www.youtube.com\/embed\/9r0c_TXShNE?feature=oembed\" frameborder=\"0\" allow=\"accelerometer; autoplay; clipboard-write; encrypted-media; gyroscope; picture-in-picture; web-share\" referrerpolicy=\"strict-origin-when-cross-origin\" allowfullscreen><\/iframe>\n<\/div><\/figure>\n","protected":false},"excerpt":{"rendered":"<p>&#8220;Gen\u00e7lik&#8221; ansamblini\u00f1 istidatl\u0131 ve gen\u00e7 davulc\u0131lar\u0131 Yevromaydan i\u015ftirak\u00e7ilerini Ya\u00f1\u0131 2014 y\u0131l ve \u0130sa Mesih do\u011f\u011fan k\u00fcn\u00fc ile hay\u0131rlaycaqSemetde\u015fler ile beraber Q\u0131r\u0131mdan Kiyevge yol al\u011fan Meclis reisini\u00f1 muavini Ahtem \u00c7iygozni\u00f1 bildirgenine k\u00f6re &#8220;Gen\u00e7lik&#8221; ansamblini\u00f1 sanat\u00e7\u0131lar\u0131 Yevromaydanda olarn\u0131 pek s\u0131caq qar\u015f\u0131lap al\u011fanlar\u0131ndan pek memn\u00fcn qal\u0131p, dekabr 16-da yapqan \u00e7\u0131q\u0131\u015flar\u0131 vaqt\u0131nda tekrarlanmaz teessurat al\u011fanlar. &#8220;Balalar suvuq ava, akimiyetni\u00f1 [&hellip;]<\/p>\n","protected":false},"author":1,"featured_media":0,"comment_status":"open","ping_status":"open","sticky":false,"template":"","format":"standard","meta":{"inline_featured_image":false,"footnotes":""},"categories":[265],"tags":[],"class_list":["post-42305","post","type-post","status-publish","format-standard","hentry","category-haberler"],"acf":[],"yoast_head":"<!-- This site is optimized with the Yoast SEO plugin v27.4 - https:\/\/yoast.com\/product\/yoast-seo-wordpress\/ -->\n<title>Yanvar 6 k\u00fcn\u00fc \u00abGen\u00e7lik\u00bb ansambli Yevromaydan i\u015ftirak\u00e7ilerini Ya\u00f1\u0131 y\u0131l ve \u0130sa Mesih do\u011f\u011fan k\u00fcn\u00fc ile hay\u0131rlaycaq - \u041c\u0435\u0434\u0436\u043b\u0456\u0441<\/title>\n<meta name=\"robots\" content=\"index, follow, max-snippet:-1, max-image-preview:large, max-video-preview:-1\" \/>\n<link rel=\"canonical\" href=\"https:\/\/qtmm.org\/qt\/yanvar-6-kunu-genclik-ansambli-yevromaydan-istirakcilerini-yani-yil-ve-isa-mesih-doggan-kunu-ile-hayirlaycaq\/\" \/>\n<meta property=\"og:locale\" content=\"en_US\" \/>\n<meta property=\"og:type\" content=\"article\" \/>\n<meta property=\"og:title\" content=\"Yanvar 6 k\u00fcn\u00fc \u00abGen\u00e7lik\u00bb ansambli Yevromaydan i\u015ftirak\u00e7ilerini Ya\u00f1\u0131 y\u0131l ve \u0130sa Mesih do\u011f\u011fan k\u00fcn\u00fc ile hay\u0131rlaycaq - \u041c\u0435\u0434\u0436\u043b\u0456\u0441\" \/>\n<meta property=\"og:description\" content=\"&#8220;Gen\u00e7lik&#8221; ansamblini\u00f1 istidatl\u0131 ve gen\u00e7 davulc\u0131lar\u0131 Yevromaydan i\u015ftirak\u00e7ilerini Ya\u00f1\u0131 2014 y\u0131l ve \u0130sa Mesih do\u011f\u011fan k\u00fcn\u00fc ile hay\u0131rlaycaqSemetde\u015fler ile beraber Q\u0131r\u0131mdan Kiyevge yol al\u011fan Meclis reisini\u00f1 muavini Ahtem \u00c7iygozni\u00f1 bildirgenine k\u00f6re &#8220;Gen\u00e7lik&#8221; ansamblini\u00f1 sanat\u00e7\u0131lar\u0131 Yevromaydanda olarn\u0131 pek s\u0131caq qar\u015f\u0131lap al\u011fanlar\u0131ndan pek memn\u00fcn qal\u0131p, dekabr 16-da yapqan \u00e7\u0131q\u0131\u015flar\u0131 vaqt\u0131nda tekrarlanmaz teessurat al\u011fanlar. &#8220;Balalar suvuq ava, akimiyetni\u00f1 [&hellip;]\" \/>\n<meta property=\"og:url\" content=\"https:\/\/qtmm.org\/qt\/yanvar-6-kunu-genclik-ansambli-yevromaydan-istirakcilerini-yani-yil-ve-isa-mesih-doggan-kunu-ile-hayirlaycaq\/\" \/>\n<meta property=\"og:site_name\" content=\"\u041c\u0435\u0434\u0436\u043b\u0456\u0441\" \/>\n<meta property=\"article:publisher\" content=\"https:\/\/www.facebook.com\/qtmm.info\/\" \/>\n<meta property=\"article:published_time\" content=\"2014-01-05T13:13:00+00:00\" \/>\n<meta property=\"article:modified_time\" content=\"2022-01-27T13:14:23+00:00\" \/>\n<meta property=\"og:image\" content=\"https:\/\/qtmm.org\/wp-content\/uploads\/2022\/01\/genchlik_16_dekabrya_2.jpeg\" \/>\n\t<meta property=\"og:image:width\" content=\"650\" \/>\n\t<meta property=\"og:image:height\" content=\"448\" \/>\n\t<meta property=\"og:image:type\" content=\"image\/jpeg\" \/>\n<meta name=\"author\" content=\"Developer\" \/>\n<meta name=\"twitter:card\" content=\"summary_large_image\" \/>\n<meta name=\"twitter:label1\" content=\"Written by\" \/>\n\t<meta name=\"twitter:data1\" content=\"Developer\" \/>\n\t<meta name=\"twitter:label2\" content=\"Est. reading time\" \/>\n\t<meta name=\"twitter:data2\" content=\"1 minute\" \/>\n<script type=\"application\/ld+json\" class=\"yoast-schema-graph\">{\"@context\":\"https:\\\/\\\/schema.org\",\"@graph\":[{\"@type\":\"Article\",\"@id\":\"https:\\\/\\\/qtmm.org\\\/qt\\\/yanvar-6-kunu-genclik-ansambli-yevromaydan-istirakcilerini-yani-yil-ve-isa-mesih-doggan-kunu-ile-hayirlaycaq\\\/#article\",\"isPartOf\":{\"@id\":\"https:\\\/\\\/qtmm.org\\\/qt\\\/yanvar-6-kunu-genclik-ansambli-yevromaydan-istirakcilerini-yani-yil-ve-isa-mesih-doggan-kunu-ile-hayirlaycaq\\\/\"},\"author\":{\"name\":\"Developer\",\"@id\":\"https:\\\/\\\/qtmm.org\\\/qt\\\/#\\\/schema\\\/person\\\/de562469f971dec226ac06e60bbf74a7\"},\"headline\":\"Yanvar 6 k\u00fcn\u00fc \u00abGen\u00e7lik\u00bb ansambli Yevromaydan i\u015ftirak\u00e7ilerini Ya\u00f1\u0131 y\u0131l ve \u0130sa Mesih do\u011f\u011fan k\u00fcn\u00fc ile hay\u0131rlaycaq\",\"datePublished\":\"2014-01-05T13:13:00+00:00\",\"dateModified\":\"2022-01-27T13:14:23+00:00\",\"mainEntityOfPage\":{\"@id\":\"https:\\\/\\\/qtmm.org\\\/qt\\\/yanvar-6-kunu-genclik-ansambli-yevromaydan-istirakcilerini-yani-yil-ve-isa-mesih-doggan-kunu-ile-hayirlaycaq\\\/\"},\"wordCount\":167,\"commentCount\":0,\"publisher\":{\"@id\":\"https:\\\/\\\/qtmm.org\\\/qt\\\/#organization\"},\"image\":{\"@id\":\"https:\\\/\\\/qtmm.org\\\/qt\\\/yanvar-6-kunu-genclik-ansambli-yevromaydan-istirakcilerini-yani-yil-ve-isa-mesih-doggan-kunu-ile-hayirlaycaq\\\/#primaryimage\"},\"thumbnailUrl\":\"http:\\\/\\\/qtmm.org\\\/wp-content\\\/uploads\\\/2022\\\/01\\\/genchlik_16_dekabrya_2.jpeg\",\"articleSection\":[\"Haberler\"],\"inLanguage\":\"qt\",\"potentialAction\":[{\"@type\":\"CommentAction\",\"name\":\"Comment\",\"target\":[\"https:\\\/\\\/qtmm.org\\\/qt\\\/yanvar-6-kunu-genclik-ansambli-yevromaydan-istirakcilerini-yani-yil-ve-isa-mesih-doggan-kunu-ile-hayirlaycaq\\\/#respond\"]}]},{\"@type\":\"WebPage\",\"@id\":\"https:\\\/\\\/qtmm.org\\\/qt\\\/yanvar-6-kunu-genclik-ansambli-yevromaydan-istirakcilerini-yani-yil-ve-isa-mesih-doggan-kunu-ile-hayirlaycaq\\\/\",\"url\":\"https:\\\/\\\/qtmm.org\\\/qt\\\/yanvar-6-kunu-genclik-ansambli-yevromaydan-istirakcilerini-yani-yil-ve-isa-mesih-doggan-kunu-ile-hayirlaycaq\\\/\",\"name\":\"Yanvar 6 k\u00fcn\u00fc \u00abGen\u00e7lik\u00bb ansambli Yevromaydan i\u015ftirak\u00e7ilerini Ya\u00f1\u0131 y\u0131l ve \u0130sa Mesih do\u011f\u011fan k\u00fcn\u00fc ile hay\u0131rlaycaq - \u041c\u0435\u0434\u0436\u043b\u0456\u0441\",\"isPartOf\":{\"@id\":\"https:\\\/\\\/qtmm.org\\\/qt\\\/#website\"},\"primaryImageOfPage\":{\"@id\":\"https:\\\/\\\/qtmm.org\\\/qt\\\/yanvar-6-kunu-genclik-ansambli-yevromaydan-istirakcilerini-yani-yil-ve-isa-mesih-doggan-kunu-ile-hayirlaycaq\\\/#primaryimage\"},\"image\":{\"@id\":\"https:\\\/\\\/qtmm.org\\\/qt\\\/yanvar-6-kunu-genclik-ansambli-yevromaydan-istirakcilerini-yani-yil-ve-isa-mesih-doggan-kunu-ile-hayirlaycaq\\\/#primaryimage\"},\"thumbnailUrl\":\"http:\\\/\\\/qtmm.org\\\/wp-content\\\/uploads\\\/2022\\\/01\\\/genchlik_16_dekabrya_2.jpeg\",\"datePublished\":\"2014-01-05T13:13:00+00:00\",\"dateModified\":\"2022-01-27T13:14:23+00:00\",\"breadcrumb\":{\"@id\":\"https:\\\/\\\/qtmm.org\\\/qt\\\/yanvar-6-kunu-genclik-ansambli-yevromaydan-istirakcilerini-yani-yil-ve-isa-mesih-doggan-kunu-ile-hayirlaycaq\\\/#breadcrumb\"},\"inLanguage\":\"qt\",\"potentialAction\":[{\"@type\":\"ReadAction\",\"target\":[\"https:\\\/\\\/qtmm.org\\\/qt\\\/yanvar-6-kunu-genclik-ansambli-yevromaydan-istirakcilerini-yani-yil-ve-isa-mesih-doggan-kunu-ile-hayirlaycaq\\\/\"]}]},{\"@type\":\"ImageObject\",\"inLanguage\":\"qt\",\"@id\":\"https:\\\/\\\/qtmm.org\\\/qt\\\/yanvar-6-kunu-genclik-ansambli-yevromaydan-istirakcilerini-yani-yil-ve-isa-mesih-doggan-kunu-ile-hayirlaycaq\\\/#primaryimage\",\"url\":\"http:\\\/\\\/qtmm.org\\\/wp-content\\\/uploads\\\/2022\\\/01\\\/genchlik_16_dekabrya_2.jpeg\",\"contentUrl\":\"http:\\\/\\\/qtmm.org\\\/wp-content\\\/uploads\\\/2022\\\/01\\\/genchlik_16_dekabrya_2.jpeg\"},{\"@type\":\"BreadcrumbList\",\"@id\":\"https:\\\/\\\/qtmm.org\\\/qt\\\/yanvar-6-kunu-genclik-ansambli-yevromaydan-istirakcilerini-yani-yil-ve-isa-mesih-doggan-kunu-ile-hayirlaycaq\\\/#breadcrumb\",\"itemListElement\":[{\"@type\":\"ListItem\",\"position\":1,\"name\":\"\u0413\u043e\u043b\u043e\u0432\u043d\u0430\",\"item\":\"https:\\\/\\\/qtmm.org\\\/qt\\\/\"},{\"@type\":\"ListItem\",\"position\":2,\"name\":\"Yanvar 6 k\u00fcn\u00fc \u00abGen\u00e7lik\u00bb ansambli Yevromaydan i\u015ftirak\u00e7ilerini Ya\u00f1\u0131 y\u0131l ve \u0130sa Mesih do\u011f\u011fan k\u00fcn\u00fc ile hay\u0131rlaycaq\"}]},{\"@type\":\"WebSite\",\"@id\":\"https:\\\/\\\/qtmm.org\\\/qt\\\/#website\",\"url\":\"https:\\\/\\\/qtmm.org\\\/qt\\\/\",\"name\":\"\u041c\u0435\u0434\u0436\u043b\u0456\u0441\",\"description\":\"\",\"publisher\":{\"@id\":\"https:\\\/\\\/qtmm.org\\\/qt\\\/#organization\"},\"potentialAction\":[{\"@type\":\"SearchAction\",\"target\":{\"@type\":\"EntryPoint\",\"urlTemplate\":\"https:\\\/\\\/qtmm.org\\\/qt\\\/?s={search_term_string}\"},\"query-input\":{\"@type\":\"PropertyValueSpecification\",\"valueRequired\":true,\"valueName\":\"search_term_string\"}}],\"inLanguage\":\"qt\"},{\"@type\":\"Organization\",\"@id\":\"https:\\\/\\\/qtmm.org\\\/qt\\\/#organization\",\"name\":\"\u041c\u0435\u0434\u0436\u043b\u0456\u0441\",\"url\":\"https:\\\/\\\/qtmm.org\\\/qt\\\/\",\"logo\":{\"@type\":\"ImageObject\",\"inLanguage\":\"qt\",\"@id\":\"https:\\\/\\\/qtmm.org\\\/qt\\\/#\\\/schema\\\/logo\\\/image\\\/\",\"url\":\"https:\\\/\\\/qtmm.org\\\/wp-content\\\/uploads\\\/2024\\\/12\\\/ua-mejlis-logo-rgb.svg\",\"contentUrl\":\"https:\\\/\\\/qtmm.org\\\/wp-content\\\/uploads\\\/2024\\\/12\\\/ua-mejlis-logo-rgb.svg\",\"caption\":\"\u041c\u0435\u0434\u0436\u043b\u0456\u0441\"},\"image\":{\"@id\":\"https:\\\/\\\/qtmm.org\\\/qt\\\/#\\\/schema\\\/logo\\\/image\\\/\"},\"sameAs\":[\"https:\\\/\\\/www.facebook.com\\\/qtmm.info\\\/\"]},{\"@type\":\"Person\",\"@id\":\"https:\\\/\\\/qtmm.org\\\/qt\\\/#\\\/schema\\\/person\\\/de562469f971dec226ac06e60bbf74a7\",\"name\":\"Developer\",\"image\":{\"@type\":\"ImageObject\",\"inLanguage\":\"qt\",\"@id\":\"https:\\\/\\\/secure.gravatar.com\\\/avatar\\\/392b4cc8fbfeb00b39dfeeab4ee6edded39ffd48e25858637e4765810300227e?s=96&d=mm&r=g\",\"url\":\"https:\\\/\\\/secure.gravatar.com\\\/avatar\\\/392b4cc8fbfeb00b39dfeeab4ee6edded39ffd48e25858637e4765810300227e?s=96&d=mm&r=g\",\"contentUrl\":\"https:\\\/\\\/secure.gravatar.com\\\/avatar\\\/392b4cc8fbfeb00b39dfeeab4ee6edded39ffd48e25858637e4765810300227e?s=96&d=mm&r=g\",\"caption\":\"Developer\"},\"url\":\"https:\\\/\\\/qtmm.org\\\/qt\\\/author\\\/Developer\\\/\"}]}<\/script>\n<!-- \/ Yoast SEO plugin. -->","yoast_head_json":{"title":"Yanvar 6 k\u00fcn\u00fc \u00abGen\u00e7lik\u00bb ansambli Yevromaydan i\u015ftirak\u00e7ilerini Ya\u00f1\u0131 y\u0131l ve \u0130sa Mesih do\u011f\u011fan k\u00fcn\u00fc ile hay\u0131rlaycaq - \u041c\u0435\u0434\u0436\u043b\u0456\u0441","robots":{"index":"index","follow":"follow","max-snippet":"max-snippet:-1","max-image-preview":"max-image-preview:large","max-video-preview":"max-video-preview:-1"},"canonical":"https:\/\/qtmm.org\/qt\/yanvar-6-kunu-genclik-ansambli-yevromaydan-istirakcilerini-yani-yil-ve-isa-mesih-doggan-kunu-ile-hayirlaycaq\/","og_locale":"en_US","og_type":"article","og_title":"Yanvar 6 k\u00fcn\u00fc \u00abGen\u00e7lik\u00bb ansambli Yevromaydan i\u015ftirak\u00e7ilerini Ya\u00f1\u0131 y\u0131l ve \u0130sa Mesih do\u011f\u011fan k\u00fcn\u00fc ile hay\u0131rlaycaq - \u041c\u0435\u0434\u0436\u043b\u0456\u0441","og_description":"&#8220;Gen\u00e7lik&#8221; ansamblini\u00f1 istidatl\u0131 ve gen\u00e7 davulc\u0131lar\u0131 Yevromaydan i\u015ftirak\u00e7ilerini Ya\u00f1\u0131 2014 y\u0131l ve \u0130sa Mesih do\u011f\u011fan k\u00fcn\u00fc ile hay\u0131rlaycaqSemetde\u015fler ile beraber Q\u0131r\u0131mdan Kiyevge yol al\u011fan Meclis reisini\u00f1 muavini Ahtem \u00c7iygozni\u00f1 bildirgenine k\u00f6re &#8220;Gen\u00e7lik&#8221; ansamblini\u00f1 sanat\u00e7\u0131lar\u0131 Yevromaydanda olarn\u0131 pek s\u0131caq qar\u015f\u0131lap al\u011fanlar\u0131ndan pek memn\u00fcn qal\u0131p, dekabr 16-da yapqan \u00e7\u0131q\u0131\u015flar\u0131 vaqt\u0131nda tekrarlanmaz teessurat al\u011fanlar. &#8220;Balalar suvuq ava, akimiyetni\u00f1 [&hellip;]","og_url":"https:\/\/qtmm.org\/qt\/yanvar-6-kunu-genclik-ansambli-yevromaydan-istirakcilerini-yani-yil-ve-isa-mesih-doggan-kunu-ile-hayirlaycaq\/","og_site_name":"\u041c\u0435\u0434\u0436\u043b\u0456\u0441","article_publisher":"https:\/\/www.facebook.com\/qtmm.info\/","article_published_time":"2014-01-05T13:13:00+00:00","article_modified_time":"2022-01-27T13:14:23+00:00","og_image":[{"width":650,"height":448,"url":"https:\/\/qtmm.org\/wp-content\/uploads\/2022\/01\/genchlik_16_dekabrya_2.jpeg","type":"image\/jpeg"}],"author":"Developer","twitter_card":"summary_large_image","twitter_misc":{"Written by":"Developer","Est. reading time":"1 minute"},"schema":{"@context":"https:\/\/schema.org","@graph":[{"@type":"Article","@id":"https:\/\/qtmm.org\/qt\/yanvar-6-kunu-genclik-ansambli-yevromaydan-istirakcilerini-yani-yil-ve-isa-mesih-doggan-kunu-ile-hayirlaycaq\/#article","isPartOf":{"@id":"https:\/\/qtmm.org\/qt\/yanvar-6-kunu-genclik-ansambli-yevromaydan-istirakcilerini-yani-yil-ve-isa-mesih-doggan-kunu-ile-hayirlaycaq\/"},"author":{"name":"Developer","@id":"https:\/\/qtmm.org\/qt\/#\/schema\/person\/de562469f971dec226ac06e60bbf74a7"},"headline":"Yanvar 6 k\u00fcn\u00fc \u00abGen\u00e7lik\u00bb ansambli Yevromaydan i\u015ftirak\u00e7ilerini Ya\u00f1\u0131 y\u0131l ve \u0130sa Mesih do\u011f\u011fan k\u00fcn\u00fc ile hay\u0131rlaycaq","datePublished":"2014-01-05T13:13:00+00:00","dateModified":"2022-01-27T13:14:23+00:00","mainEntityOfPage":{"@id":"https:\/\/qtmm.org\/qt\/yanvar-6-kunu-genclik-ansambli-yevromaydan-istirakcilerini-yani-yil-ve-isa-mesih-doggan-kunu-ile-hayirlaycaq\/"},"wordCount":167,"commentCount":0,"publisher":{"@id":"https:\/\/qtmm.org\/qt\/#organization"},"image":{"@id":"https:\/\/qtmm.org\/qt\/yanvar-6-kunu-genclik-ansambli-yevromaydan-istirakcilerini-yani-yil-ve-isa-mesih-doggan-kunu-ile-hayirlaycaq\/#primaryimage"},"thumbnailUrl":"http:\/\/qtmm.org\/wp-content\/uploads\/2022\/01\/genchlik_16_dekabrya_2.jpeg","articleSection":["Haberler"],"inLanguage":"qt","potentialAction":[{"@type":"CommentAction","name":"Comment","target":["https:\/\/qtmm.org\/qt\/yanvar-6-kunu-genclik-ansambli-yevromaydan-istirakcilerini-yani-yil-ve-isa-mesih-doggan-kunu-ile-hayirlaycaq\/#respond"]}]},{"@type":"WebPage","@id":"https:\/\/qtmm.org\/qt\/yanvar-6-kunu-genclik-ansambli-yevromaydan-istirakcilerini-yani-yil-ve-isa-mesih-doggan-kunu-ile-hayirlaycaq\/","url":"https:\/\/qtmm.org\/qt\/yanvar-6-kunu-genclik-ansambli-yevromaydan-istirakcilerini-yani-yil-ve-isa-mesih-doggan-kunu-ile-hayirlaycaq\/","name":"Yanvar 6 k\u00fcn\u00fc \u00abGen\u00e7lik\u00bb ansambli Yevromaydan i\u015ftirak\u00e7ilerini Ya\u00f1\u0131 y\u0131l ve \u0130sa Mesih do\u011f\u011fan k\u00fcn\u00fc ile hay\u0131rlaycaq - \u041c\u0435\u0434\u0436\u043b\u0456\u0441","isPartOf":{"@id":"https:\/\/qtmm.org\/qt\/#website"},"primaryImageOfPage":{"@id":"https:\/\/qtmm.org\/qt\/yanvar-6-kunu-genclik-ansambli-yevromaydan-istirakcilerini-yani-yil-ve-isa-mesih-doggan-kunu-ile-hayirlaycaq\/#primaryimage"},"image":{"@id":"https:\/\/qtmm.org\/qt\/yanvar-6-kunu-genclik-ansambli-yevromaydan-istirakcilerini-yani-yil-ve-isa-mesih-doggan-kunu-ile-hayirlaycaq\/#primaryimage"},"thumbnailUrl":"http:\/\/qtmm.org\/wp-content\/uploads\/2022\/01\/genchlik_16_dekabrya_2.jpeg","datePublished":"2014-01-05T13:13:00+00:00","dateModified":"2022-01-27T13:14:23+00:00","breadcrumb":{"@id":"https:\/\/qtmm.org\/qt\/yanvar-6-kunu-genclik-ansambli-yevromaydan-istirakcilerini-yani-yil-ve-isa-mesih-doggan-kunu-ile-hayirlaycaq\/#breadcrumb"},"inLanguage":"qt","potentialAction":[{"@type":"ReadAction","target":["https:\/\/qtmm.org\/qt\/yanvar-6-kunu-genclik-ansambli-yevromaydan-istirakcilerini-yani-yil-ve-isa-mesih-doggan-kunu-ile-hayirlaycaq\/"]}]},{"@type":"ImageObject","inLanguage":"qt","@id":"https:\/\/qtmm.org\/qt\/yanvar-6-kunu-genclik-ansambli-yevromaydan-istirakcilerini-yani-yil-ve-isa-mesih-doggan-kunu-ile-hayirlaycaq\/#primaryimage","url":"http:\/\/qtmm.org\/wp-content\/uploads\/2022\/01\/genchlik_16_dekabrya_2.jpeg","contentUrl":"http:\/\/qtmm.org\/wp-content\/uploads\/2022\/01\/genchlik_16_dekabrya_2.jpeg"},{"@type":"BreadcrumbList","@id":"https:\/\/qtmm.org\/qt\/yanvar-6-kunu-genclik-ansambli-yevromaydan-istirakcilerini-yani-yil-ve-isa-mesih-doggan-kunu-ile-hayirlaycaq\/#breadcrumb","itemListElement":[{"@type":"ListItem","position":1,"name":"\u0413\u043e\u043b\u043e\u0432\u043d\u0430","item":"https:\/\/qtmm.org\/qt\/"},{"@type":"ListItem","position":2,"name":"Yanvar 6 k\u00fcn\u00fc \u00abGen\u00e7lik\u00bb ansambli Yevromaydan i\u015ftirak\u00e7ilerini Ya\u00f1\u0131 y\u0131l ve \u0130sa Mesih do\u011f\u011fan k\u00fcn\u00fc ile hay\u0131rlaycaq"}]},{"@type":"WebSite","@id":"https:\/\/qtmm.org\/qt\/#website","url":"https:\/\/qtmm.org\/qt\/","name":"\u041c\u0435\u0434\u0436\u043b\u0456\u0441","description":"","publisher":{"@id":"https:\/\/qtmm.org\/qt\/#organization"},"potentialAction":[{"@type":"SearchAction","target":{"@type":"EntryPoint","urlTemplate":"https:\/\/qtmm.org\/qt\/?s={search_term_string}"},"query-input":{"@type":"PropertyValueSpecification","valueRequired":true,"valueName":"search_term_string"}}],"inLanguage":"qt"},{"@type":"Organization","@id":"https:\/\/qtmm.org\/qt\/#organization","name":"\u041c\u0435\u0434\u0436\u043b\u0456\u0441","url":"https:\/\/qtmm.org\/qt\/","logo":{"@type":"ImageObject","inLanguage":"qt","@id":"https:\/\/qtmm.org\/qt\/#\/schema\/logo\/image\/","url":"https:\/\/qtmm.org\/wp-content\/uploads\/2024\/12\/ua-mejlis-logo-rgb.svg","contentUrl":"https:\/\/qtmm.org\/wp-content\/uploads\/2024\/12\/ua-mejlis-logo-rgb.svg","caption":"\u041c\u0435\u0434\u0436\u043b\u0456\u0441"},"image":{"@id":"https:\/\/qtmm.org\/qt\/#\/schema\/logo\/image\/"},"sameAs":["https:\/\/www.facebook.com\/qtmm.info\/"]},{"@type":"Person","@id":"https:\/\/qtmm.org\/qt\/#\/schema\/person\/de562469f971dec226ac06e60bbf74a7","name":"Developer","image":{"@type":"ImageObject","inLanguage":"qt","@id":"https:\/\/secure.gravatar.com\/avatar\/392b4cc8fbfeb00b39dfeeab4ee6edded39ffd48e25858637e4765810300227e?s=96&d=mm&r=g","url":"https:\/\/secure.gravatar.com\/avatar\/392b4cc8fbfeb00b39dfeeab4ee6edded39ffd48e25858637e4765810300227e?s=96&d=mm&r=g","contentUrl":"https:\/\/secure.gravatar.com\/avatar\/392b4cc8fbfeb00b39dfeeab4ee6edded39ffd48e25858637e4765810300227e?s=96&d=mm&r=g","caption":"Developer"},"url":"https:\/\/qtmm.org\/qt\/author\/Developer\/"}]}},"_links":{"self":[{"href":"https:\/\/qtmm.org\/qt\/wp-json\/wp\/v2\/posts\/42305","targetHints":{"allow":["GET"]}}],"collection":[{"href":"https:\/\/qtmm.org\/qt\/wp-json\/wp\/v2\/posts"}],"about":[{"href":"https:\/\/qtmm.org\/qt\/wp-json\/wp\/v2\/types\/post"}],"author":[{"embeddable":true,"href":"https:\/\/qtmm.org\/qt\/wp-json\/wp\/v2\/users\/1"}],"replies":[{"embeddable":true,"href":"https:\/\/qtmm.org\/qt\/wp-json\/wp\/v2\/comments?post=42305"}],"version-history":[{"count":1,"href":"https:\/\/qtmm.org\/qt\/wp-json\/wp\/v2\/posts\/42305\/revisions"}],"predecessor-version":[{"id":42310,"href":"https:\/\/qtmm.org\/qt\/wp-json\/wp\/v2\/posts\/42305\/revisions\/42310"}],"wp:attachment":[{"href":"https:\/\/qtmm.org\/qt\/wp-json\/wp\/v2\/media?parent=42305"}],"wp:term":[{"taxonomy":"category","embeddable":true,"href":"https:\/\/qtmm.org\/qt\/wp-json\/wp\/v2\/categories?post=42305"},{"taxonomy":"post_tag","embeddable":true,"href":"https:\/\/qtmm.org\/qt\/wp-json\/wp\/v2\/tags?post=42305"}],"curies":[{"name":"wp","href":"https:\/\/api.w.org\/{rel}","templated":true}]}}