




{"id":42299,"date":"2014-01-05T15:52:00","date_gmt":"2014-01-05T12:52:00","guid":{"rendered":"http:\/\/qtmm.org\/?p=42299"},"modified":"2022-01-27T15:53:20","modified_gmt":"2022-01-27T12:53:20","slug":"elvida-safdasimiz-adnan-bey","status":"publish","type":"post","link":"https:\/\/qtmm.org\/qt\/elvida-safdasimiz-adnan-bey\/","title":{"rendered":"Elvida, safda\u015f\u0131m\u0131z Adnan bey &#8230;"},"content":{"rendered":"\n<p>T\u00fcrkiyeni\u00f1 b\u00fcy\u00fck ve belli \u015feerlerinden biri \u2013 Bursadan qara haber keldi.<\/p>\n\n\n\n<p>Bursa q\u0131r\u0131mtatar dernegine \u00e7oq y\u0131llar devam\u0131nda yetek\u00e7ilik yapqan, bun\u0131\u00f1nen beraber milliy areketimizni\u00f1 faal i\u015ftirak\u00e7isi, Q\u0131r\u0131mn\u0131\u00f1 aqiqiy vatanperveri, ecdatlar\u0131 \u00d6zenba\u015f k\u00f6y\u00fcnden ol\u011fan Adnan Suyen apans\u0131zdan vefat etti.<\/p>\n\n\n\n<p>Y\u00fcregi inqiraz neticesinde bug\u00fcn, 5 ocaqta (yanvar) uruvdan toqta\u011fan dostum\u0131z, safda\u015f\u0131m\u0131z ale daa 59 ya\u015f\u0131nda edi.<\/p>\n\n\n\n<p>Ya\u015fl\u0131\u011f\u0131ndan milliy davam\u0131z\u011fa qo\u015ful\u011fan Adnan bey q\u0131sqa vaq\u0131t i\u00e7inde T\u00fcrkiyedeki q\u0131r\u0131mtatar diasporas\u0131n\u0131\u00f1 k\u00f6r\u00fcmli faali ve birazdan Bursa dernegini\u00f1 yolba\u015f\u00e7\u0131s\u0131 old\u0131.<\/p>\n\n\n\n<figure class=\"wp-block-image size-full\"><img loading=\"lazy\" decoding=\"async\" width=\"650\" height=\"471\" src=\"http:\/\/qtmm.org\/wp-content\/uploads\/2022\/01\/adnan_s_yen.jpeg\" alt=\"\" class=\"wp-image-42300\" srcset=\"https:\/\/qtmm.org\/wp-content\/uploads\/2022\/01\/adnan_s_yen.jpeg 650w, https:\/\/qtmm.org\/wp-content\/uploads\/2022\/01\/adnan_s_yen-300x217.jpeg 300w\" sizes=\"auto, (max-width: 650px) 100vw, 650px\" \/><\/figure>\n\n\n\n<p>1990 senelerini\u00f1 ortalar\u0131ndan T\u00fcrkiyeni\u00f1 aliy okuv yurtlar\u0131na, \u015fu c\u00fcmleden Bursa\u011fa y\u00fcksek tasil almaq i\u00e7\u00fcn Q\u0131r\u0131mdan kelgen gen\u00e7lerge er taraflama ve samimiy yard\u0131m etti, atta babal\u0131q yapt\u0131, desek de do\u011fru olur.<\/p>\n\n\n\n<p>Defalarca Q\u0131r\u0131m\u011fa kelip, m\u0131nda da \u00e7e\u015fit milliy saalarda cemaat\u0131m\u0131zn\u0131\u00f1 i\u015flerinde qolundan kelgen areketlerini becermege t\u0131r\u0131\u015ft\u0131. Qurban-Bayram k\u00fcnleri ekseriyetle Q\u0131r\u0131mda bulun\u0131p, vatanda\u015flar\u0131m\u0131z toplu ya\u015fa\u011fan yerlerde dernek ad\u0131ndan nice-nice qurbanlar \u00e7ald\u0131rtt\u0131.<\/p>\n\n\n\n<p>So\u00f1ki y\u0131llar\u0131 Q\u0131r\u0131mda Qurultay qarar\u0131nen qayd etilgen Milliy bayraq k\u00fcn\u00fc keni\u015f ve tantanal\u0131 derecede \u00f6tkerilmesinde A. Suyenni\u00f1 issesi \u00e7oq sezerli old\u0131, \u00e7\u00fcnki Ukrainada e\u00f1 b\u00fcy\u00fck \u00f6l\u00e7\u00fcvli ol\u011fan bizim milliy bayraq Bursada on\u0131\u00f1 qoltutuv\u0131nen az\u0131rlan\u0131p, Q\u0131r\u0131m\u011fa yetkizildi.<\/p>\n\n\n\n<p>O, te\u015febb\u00fcs\u00e7i ve yolba\u015f\u00e7\u0131l\u0131q yapqan, diaspora aras\u0131nda keni\u015f darqal\u011fan &#8220;Qal\u011fay&#8221; mecmuan\u0131\u00f1 m\u00fcndericeli i\u00e7timaiy-yar\u0131qland\u0131ruv ne\u015firge \u00e7evirilmesi de fedak\u00e2r milliy faaliyetni\u00f1 k\u00f6stergi\u00e7i old\u0131.<\/p>\n\n\n\n<p>Matem k\u00fcn\u00fcmiz 18-may\u0131sta Aqmescitte, milletinen olmaqn\u0131 Adnan bey \u00f6z borcu dep tan\u0131y edi. Ke\u00e7ken y\u0131l\u0131, de\u015fetli s\u00fcrg\u00fcnlikni\u00f1 69 y\u0131ll\u0131\u011f\u0131na, dersi\u00f1, bizim meydan\u0131m\u0131z\u011fa so\u00f1ki sefer kelgenini sezip, s\u00f6z sorad\u0131 ve, er vaq\u0131ttaki kibi, halq\u0131m\u0131z\u011fa nisbeten \u011furur duy\u011fular ile tolu salmaql\u0131 ve eyecanl\u0131 \u00e7\u0131q\u0131\u015fta bulund\u0131.<\/p>\n\n\n\n<p>\u0130sl\u00e2m-Terek rayon\u0131n\u0131\u00f1 K\u00f6le\u00e7-Mescit k\u00f6y\u00fcnde Bursa dernegi cami quraca\u011f\u0131 aqta qararn\u0131 11 aral\u0131qta (dekabr) m\u0131nda kelip, cemaat \u00f6g\u00fcnde seslendirgen dernekni\u00f1 yetek\u00e7isi \u00e7oq al\u011f\u0131\u015flar qazan\u011fan edi.<\/p>\n\n\n\n<p>Adnan Suyenni\u00f1 parlaq hat\u0131ras\u0131 aram\u0131zda daima ya\u015far.<\/p>\n\n\n\n<p>On\u0131\u00f1 \u00f6m\u00fcr arqada\u015f\u0131 Yasemin han\u0131m\u011fa, \u00fc\u00e7 evl\u00e2d\u0131 ve torunlar\u0131na teren taziye bildiremiz. C\u00fcmle yaq\u0131nlar\u0131na ba\u015f sa\u011fl\u0131\u011f\u0131 tileymiz.<\/p>\n\n\n\n<p class=\"has-text-align-center\"><strong>Alla rahmet eylesin!<\/strong><\/p>\n\n\n\n<p class=\"has-text-align-right\"><em><strong>Q\u0131r\u0131mtatar Milliy Meclisi<\/strong><\/em><br>&nbsp;<\/p>\n","protected":false},"excerpt":{"rendered":"<p>T\u00fcrkiyeni\u00f1 b\u00fcy\u00fck ve belli \u015feerlerinden biri \u2013 Bursadan qara haber keldi. Bursa q\u0131r\u0131mtatar dernegine \u00e7oq y\u0131llar devam\u0131nda yetek\u00e7ilik yapqan, bun\u0131\u00f1nen beraber milliy areketimizni\u00f1 faal i\u015ftirak\u00e7isi, Q\u0131r\u0131mn\u0131\u00f1 aqiqiy vatanperveri, ecdatlar\u0131 \u00d6zenba\u015f k\u00f6y\u00fcnden ol\u011fan Adnan Suyen apans\u0131zdan vefat etti. Y\u00fcregi inqiraz neticesinde bug\u00fcn, 5 ocaqta (yanvar) uruvdan toqta\u011fan dostum\u0131z, safda\u015f\u0131m\u0131z ale daa 59 ya\u015f\u0131nda edi. Ya\u015fl\u0131\u011f\u0131ndan milliy [&hellip;]<\/p>\n","protected":false},"author":1,"featured_media":0,"comment_status":"open","ping_status":"open","sticky":false,"template":"","format":"standard","meta":{"inline_featured_image":false,"footnotes":""},"categories":[265],"tags":[],"class_list":["post-42299","post","type-post","status-publish","format-standard","hentry","category-haberler"],"acf":[],"yoast_head":"<!-- This site is optimized with the Yoast SEO plugin v27.4 - https:\/\/yoast.com\/product\/yoast-seo-wordpress\/ -->\n<title>Elvida, safda\u015f\u0131m\u0131z Adnan bey ... - \u041c\u0435\u0434\u0436\u043b\u0456\u0441<\/title>\n<meta name=\"robots\" content=\"index, follow, max-snippet:-1, max-image-preview:large, max-video-preview:-1\" \/>\n<link rel=\"canonical\" href=\"https:\/\/qtmm.org\/qt\/elvida-safdasimiz-adnan-bey\/\" \/>\n<meta property=\"og:locale\" content=\"en_US\" \/>\n<meta property=\"og:type\" content=\"article\" \/>\n<meta property=\"og:title\" content=\"Elvida, safda\u015f\u0131m\u0131z Adnan bey ... - \u041c\u0435\u0434\u0436\u043b\u0456\u0441\" \/>\n<meta property=\"og:description\" content=\"T\u00fcrkiyeni\u00f1 b\u00fcy\u00fck ve belli \u015feerlerinden biri \u2013 Bursadan qara haber keldi. Bursa q\u0131r\u0131mtatar dernegine \u00e7oq y\u0131llar devam\u0131nda yetek\u00e7ilik yapqan, bun\u0131\u00f1nen beraber milliy areketimizni\u00f1 faal i\u015ftirak\u00e7isi, Q\u0131r\u0131mn\u0131\u00f1 aqiqiy vatanperveri, ecdatlar\u0131 \u00d6zenba\u015f k\u00f6y\u00fcnden ol\u011fan Adnan Suyen apans\u0131zdan vefat etti. Y\u00fcregi inqiraz neticesinde bug\u00fcn, 5 ocaqta (yanvar) uruvdan toqta\u011fan dostum\u0131z, safda\u015f\u0131m\u0131z ale daa 59 ya\u015f\u0131nda edi. Ya\u015fl\u0131\u011f\u0131ndan milliy [&hellip;]\" \/>\n<meta property=\"og:url\" content=\"https:\/\/qtmm.org\/qt\/elvida-safdasimiz-adnan-bey\/\" \/>\n<meta property=\"og:site_name\" content=\"\u041c\u0435\u0434\u0436\u043b\u0456\u0441\" \/>\n<meta property=\"article:publisher\" content=\"https:\/\/www.facebook.com\/qtmm.info\/\" \/>\n<meta property=\"article:published_time\" content=\"2014-01-05T12:52:00+00:00\" \/>\n<meta property=\"article:modified_time\" content=\"2022-01-27T12:53:20+00:00\" \/>\n<meta property=\"og:image\" content=\"https:\/\/qtmm.org\/wp-content\/uploads\/2022\/01\/adnan_s_yen.jpeg\" \/>\n\t<meta property=\"og:image:width\" content=\"650\" \/>\n\t<meta property=\"og:image:height\" content=\"471\" \/>\n\t<meta property=\"og:image:type\" content=\"image\/jpeg\" \/>\n<meta name=\"author\" content=\"Developer\" \/>\n<meta name=\"twitter:card\" content=\"summary_large_image\" \/>\n<meta name=\"twitter:label1\" content=\"Written by\" \/>\n\t<meta name=\"twitter:data1\" content=\"Developer\" \/>\n\t<meta name=\"twitter:label2\" content=\"Est. reading time\" \/>\n\t<meta name=\"twitter:data2\" content=\"2 minutes\" \/>\n<script type=\"application\/ld+json\" class=\"yoast-schema-graph\">{\"@context\":\"https:\\\/\\\/schema.org\",\"@graph\":[{\"@type\":\"Article\",\"@id\":\"https:\\\/\\\/qtmm.org\\\/qt\\\/elvida-safdasimiz-adnan-bey\\\/#article\",\"isPartOf\":{\"@id\":\"https:\\\/\\\/qtmm.org\\\/qt\\\/elvida-safdasimiz-adnan-bey\\\/\"},\"author\":{\"name\":\"Developer\",\"@id\":\"https:\\\/\\\/qtmm.org\\\/qt\\\/#\\\/schema\\\/person\\\/de562469f971dec226ac06e60bbf74a7\"},\"headline\":\"Elvida, safda\u015f\u0131m\u0131z Adnan bey &#8230;\",\"datePublished\":\"2014-01-05T12:52:00+00:00\",\"dateModified\":\"2022-01-27T12:53:20+00:00\",\"mainEntityOfPage\":{\"@id\":\"https:\\\/\\\/qtmm.org\\\/qt\\\/elvida-safdasimiz-adnan-bey\\\/\"},\"wordCount\":440,\"commentCount\":0,\"publisher\":{\"@id\":\"https:\\\/\\\/qtmm.org\\\/qt\\\/#organization\"},\"image\":{\"@id\":\"https:\\\/\\\/qtmm.org\\\/qt\\\/elvida-safdasimiz-adnan-bey\\\/#primaryimage\"},\"thumbnailUrl\":\"http:\\\/\\\/qtmm.org\\\/wp-content\\\/uploads\\\/2022\\\/01\\\/adnan_s_yen.jpeg\",\"articleSection\":[\"Haberler\"],\"inLanguage\":\"qt\",\"potentialAction\":[{\"@type\":\"CommentAction\",\"name\":\"Comment\",\"target\":[\"https:\\\/\\\/qtmm.org\\\/qt\\\/elvida-safdasimiz-adnan-bey\\\/#respond\"]}]},{\"@type\":\"WebPage\",\"@id\":\"https:\\\/\\\/qtmm.org\\\/qt\\\/elvida-safdasimiz-adnan-bey\\\/\",\"url\":\"https:\\\/\\\/qtmm.org\\\/qt\\\/elvida-safdasimiz-adnan-bey\\\/\",\"name\":\"Elvida, safda\u015f\u0131m\u0131z Adnan bey ... - \u041c\u0435\u0434\u0436\u043b\u0456\u0441\",\"isPartOf\":{\"@id\":\"https:\\\/\\\/qtmm.org\\\/qt\\\/#website\"},\"primaryImageOfPage\":{\"@id\":\"https:\\\/\\\/qtmm.org\\\/qt\\\/elvida-safdasimiz-adnan-bey\\\/#primaryimage\"},\"image\":{\"@id\":\"https:\\\/\\\/qtmm.org\\\/qt\\\/elvida-safdasimiz-adnan-bey\\\/#primaryimage\"},\"thumbnailUrl\":\"http:\\\/\\\/qtmm.org\\\/wp-content\\\/uploads\\\/2022\\\/01\\\/adnan_s_yen.jpeg\",\"datePublished\":\"2014-01-05T12:52:00+00:00\",\"dateModified\":\"2022-01-27T12:53:20+00:00\",\"breadcrumb\":{\"@id\":\"https:\\\/\\\/qtmm.org\\\/qt\\\/elvida-safdasimiz-adnan-bey\\\/#breadcrumb\"},\"inLanguage\":\"qt\",\"potentialAction\":[{\"@type\":\"ReadAction\",\"target\":[\"https:\\\/\\\/qtmm.org\\\/qt\\\/elvida-safdasimiz-adnan-bey\\\/\"]}]},{\"@type\":\"ImageObject\",\"inLanguage\":\"qt\",\"@id\":\"https:\\\/\\\/qtmm.org\\\/qt\\\/elvida-safdasimiz-adnan-bey\\\/#primaryimage\",\"url\":\"http:\\\/\\\/qtmm.org\\\/wp-content\\\/uploads\\\/2022\\\/01\\\/adnan_s_yen.jpeg\",\"contentUrl\":\"http:\\\/\\\/qtmm.org\\\/wp-content\\\/uploads\\\/2022\\\/01\\\/adnan_s_yen.jpeg\"},{\"@type\":\"BreadcrumbList\",\"@id\":\"https:\\\/\\\/qtmm.org\\\/qt\\\/elvida-safdasimiz-adnan-bey\\\/#breadcrumb\",\"itemListElement\":[{\"@type\":\"ListItem\",\"position\":1,\"name\":\"\u0413\u043e\u043b\u043e\u0432\u043d\u0430\",\"item\":\"https:\\\/\\\/qtmm.org\\\/qt\\\/\"},{\"@type\":\"ListItem\",\"position\":2,\"name\":\"Elvida, safda\u015f\u0131m\u0131z Adnan bey &#8230;\"}]},{\"@type\":\"WebSite\",\"@id\":\"https:\\\/\\\/qtmm.org\\\/qt\\\/#website\",\"url\":\"https:\\\/\\\/qtmm.org\\\/qt\\\/\",\"name\":\"\u041c\u0435\u0434\u0436\u043b\u0456\u0441\",\"description\":\"\",\"publisher\":{\"@id\":\"https:\\\/\\\/qtmm.org\\\/qt\\\/#organization\"},\"potentialAction\":[{\"@type\":\"SearchAction\",\"target\":{\"@type\":\"EntryPoint\",\"urlTemplate\":\"https:\\\/\\\/qtmm.org\\\/qt\\\/?s={search_term_string}\"},\"query-input\":{\"@type\":\"PropertyValueSpecification\",\"valueRequired\":true,\"valueName\":\"search_term_string\"}}],\"inLanguage\":\"qt\"},{\"@type\":\"Organization\",\"@id\":\"https:\\\/\\\/qtmm.org\\\/qt\\\/#organization\",\"name\":\"\u041c\u0435\u0434\u0436\u043b\u0456\u0441\",\"url\":\"https:\\\/\\\/qtmm.org\\\/qt\\\/\",\"logo\":{\"@type\":\"ImageObject\",\"inLanguage\":\"qt\",\"@id\":\"https:\\\/\\\/qtmm.org\\\/qt\\\/#\\\/schema\\\/logo\\\/image\\\/\",\"url\":\"https:\\\/\\\/qtmm.org\\\/wp-content\\\/uploads\\\/2024\\\/12\\\/ua-mejlis-logo-rgb.svg\",\"contentUrl\":\"https:\\\/\\\/qtmm.org\\\/wp-content\\\/uploads\\\/2024\\\/12\\\/ua-mejlis-logo-rgb.svg\",\"caption\":\"\u041c\u0435\u0434\u0436\u043b\u0456\u0441\"},\"image\":{\"@id\":\"https:\\\/\\\/qtmm.org\\\/qt\\\/#\\\/schema\\\/logo\\\/image\\\/\"},\"sameAs\":[\"https:\\\/\\\/www.facebook.com\\\/qtmm.info\\\/\"]},{\"@type\":\"Person\",\"@id\":\"https:\\\/\\\/qtmm.org\\\/qt\\\/#\\\/schema\\\/person\\\/de562469f971dec226ac06e60bbf74a7\",\"name\":\"Developer\",\"image\":{\"@type\":\"ImageObject\",\"inLanguage\":\"qt\",\"@id\":\"https:\\\/\\\/secure.gravatar.com\\\/avatar\\\/392b4cc8fbfeb00b39dfeeab4ee6edded39ffd48e25858637e4765810300227e?s=96&d=mm&r=g\",\"url\":\"https:\\\/\\\/secure.gravatar.com\\\/avatar\\\/392b4cc8fbfeb00b39dfeeab4ee6edded39ffd48e25858637e4765810300227e?s=96&d=mm&r=g\",\"contentUrl\":\"https:\\\/\\\/secure.gravatar.com\\\/avatar\\\/392b4cc8fbfeb00b39dfeeab4ee6edded39ffd48e25858637e4765810300227e?s=96&d=mm&r=g\",\"caption\":\"Developer\"},\"url\":\"https:\\\/\\\/qtmm.org\\\/qt\\\/author\\\/Developer\\\/\"}]}<\/script>\n<!-- \/ Yoast SEO plugin. -->","yoast_head_json":{"title":"Elvida, safda\u015f\u0131m\u0131z Adnan bey ... - \u041c\u0435\u0434\u0436\u043b\u0456\u0441","robots":{"index":"index","follow":"follow","max-snippet":"max-snippet:-1","max-image-preview":"max-image-preview:large","max-video-preview":"max-video-preview:-1"},"canonical":"https:\/\/qtmm.org\/qt\/elvida-safdasimiz-adnan-bey\/","og_locale":"en_US","og_type":"article","og_title":"Elvida, safda\u015f\u0131m\u0131z Adnan bey ... - \u041c\u0435\u0434\u0436\u043b\u0456\u0441","og_description":"T\u00fcrkiyeni\u00f1 b\u00fcy\u00fck ve belli \u015feerlerinden biri \u2013 Bursadan qara haber keldi. Bursa q\u0131r\u0131mtatar dernegine \u00e7oq y\u0131llar devam\u0131nda yetek\u00e7ilik yapqan, bun\u0131\u00f1nen beraber milliy areketimizni\u00f1 faal i\u015ftirak\u00e7isi, Q\u0131r\u0131mn\u0131\u00f1 aqiqiy vatanperveri, ecdatlar\u0131 \u00d6zenba\u015f k\u00f6y\u00fcnden ol\u011fan Adnan Suyen apans\u0131zdan vefat etti. Y\u00fcregi inqiraz neticesinde bug\u00fcn, 5 ocaqta (yanvar) uruvdan toqta\u011fan dostum\u0131z, safda\u015f\u0131m\u0131z ale daa 59 ya\u015f\u0131nda edi. Ya\u015fl\u0131\u011f\u0131ndan milliy [&hellip;]","og_url":"https:\/\/qtmm.org\/qt\/elvida-safdasimiz-adnan-bey\/","og_site_name":"\u041c\u0435\u0434\u0436\u043b\u0456\u0441","article_publisher":"https:\/\/www.facebook.com\/qtmm.info\/","article_published_time":"2014-01-05T12:52:00+00:00","article_modified_time":"2022-01-27T12:53:20+00:00","og_image":[{"width":650,"height":471,"url":"https:\/\/qtmm.org\/wp-content\/uploads\/2022\/01\/adnan_s_yen.jpeg","type":"image\/jpeg"}],"author":"Developer","twitter_card":"summary_large_image","twitter_misc":{"Written by":"Developer","Est. reading time":"2 minutes"},"schema":{"@context":"https:\/\/schema.org","@graph":[{"@type":"Article","@id":"https:\/\/qtmm.org\/qt\/elvida-safdasimiz-adnan-bey\/#article","isPartOf":{"@id":"https:\/\/qtmm.org\/qt\/elvida-safdasimiz-adnan-bey\/"},"author":{"name":"Developer","@id":"https:\/\/qtmm.org\/qt\/#\/schema\/person\/de562469f971dec226ac06e60bbf74a7"},"headline":"Elvida, safda\u015f\u0131m\u0131z Adnan bey &#8230;","datePublished":"2014-01-05T12:52:00+00:00","dateModified":"2022-01-27T12:53:20+00:00","mainEntityOfPage":{"@id":"https:\/\/qtmm.org\/qt\/elvida-safdasimiz-adnan-bey\/"},"wordCount":440,"commentCount":0,"publisher":{"@id":"https:\/\/qtmm.org\/qt\/#organization"},"image":{"@id":"https:\/\/qtmm.org\/qt\/elvida-safdasimiz-adnan-bey\/#primaryimage"},"thumbnailUrl":"http:\/\/qtmm.org\/wp-content\/uploads\/2022\/01\/adnan_s_yen.jpeg","articleSection":["Haberler"],"inLanguage":"qt","potentialAction":[{"@type":"CommentAction","name":"Comment","target":["https:\/\/qtmm.org\/qt\/elvida-safdasimiz-adnan-bey\/#respond"]}]},{"@type":"WebPage","@id":"https:\/\/qtmm.org\/qt\/elvida-safdasimiz-adnan-bey\/","url":"https:\/\/qtmm.org\/qt\/elvida-safdasimiz-adnan-bey\/","name":"Elvida, safda\u015f\u0131m\u0131z Adnan bey ... - \u041c\u0435\u0434\u0436\u043b\u0456\u0441","isPartOf":{"@id":"https:\/\/qtmm.org\/qt\/#website"},"primaryImageOfPage":{"@id":"https:\/\/qtmm.org\/qt\/elvida-safdasimiz-adnan-bey\/#primaryimage"},"image":{"@id":"https:\/\/qtmm.org\/qt\/elvida-safdasimiz-adnan-bey\/#primaryimage"},"thumbnailUrl":"http:\/\/qtmm.org\/wp-content\/uploads\/2022\/01\/adnan_s_yen.jpeg","datePublished":"2014-01-05T12:52:00+00:00","dateModified":"2022-01-27T12:53:20+00:00","breadcrumb":{"@id":"https:\/\/qtmm.org\/qt\/elvida-safdasimiz-adnan-bey\/#breadcrumb"},"inLanguage":"qt","potentialAction":[{"@type":"ReadAction","target":["https:\/\/qtmm.org\/qt\/elvida-safdasimiz-adnan-bey\/"]}]},{"@type":"ImageObject","inLanguage":"qt","@id":"https:\/\/qtmm.org\/qt\/elvida-safdasimiz-adnan-bey\/#primaryimage","url":"http:\/\/qtmm.org\/wp-content\/uploads\/2022\/01\/adnan_s_yen.jpeg","contentUrl":"http:\/\/qtmm.org\/wp-content\/uploads\/2022\/01\/adnan_s_yen.jpeg"},{"@type":"BreadcrumbList","@id":"https:\/\/qtmm.org\/qt\/elvida-safdasimiz-adnan-bey\/#breadcrumb","itemListElement":[{"@type":"ListItem","position":1,"name":"\u0413\u043e\u043b\u043e\u0432\u043d\u0430","item":"https:\/\/qtmm.org\/qt\/"},{"@type":"ListItem","position":2,"name":"Elvida, safda\u015f\u0131m\u0131z Adnan bey &#8230;"}]},{"@type":"WebSite","@id":"https:\/\/qtmm.org\/qt\/#website","url":"https:\/\/qtmm.org\/qt\/","name":"\u041c\u0435\u0434\u0436\u043b\u0456\u0441","description":"","publisher":{"@id":"https:\/\/qtmm.org\/qt\/#organization"},"potentialAction":[{"@type":"SearchAction","target":{"@type":"EntryPoint","urlTemplate":"https:\/\/qtmm.org\/qt\/?s={search_term_string}"},"query-input":{"@type":"PropertyValueSpecification","valueRequired":true,"valueName":"search_term_string"}}],"inLanguage":"qt"},{"@type":"Organization","@id":"https:\/\/qtmm.org\/qt\/#organization","name":"\u041c\u0435\u0434\u0436\u043b\u0456\u0441","url":"https:\/\/qtmm.org\/qt\/","logo":{"@type":"ImageObject","inLanguage":"qt","@id":"https:\/\/qtmm.org\/qt\/#\/schema\/logo\/image\/","url":"https:\/\/qtmm.org\/wp-content\/uploads\/2024\/12\/ua-mejlis-logo-rgb.svg","contentUrl":"https:\/\/qtmm.org\/wp-content\/uploads\/2024\/12\/ua-mejlis-logo-rgb.svg","caption":"\u041c\u0435\u0434\u0436\u043b\u0456\u0441"},"image":{"@id":"https:\/\/qtmm.org\/qt\/#\/schema\/logo\/image\/"},"sameAs":["https:\/\/www.facebook.com\/qtmm.info\/"]},{"@type":"Person","@id":"https:\/\/qtmm.org\/qt\/#\/schema\/person\/de562469f971dec226ac06e60bbf74a7","name":"Developer","image":{"@type":"ImageObject","inLanguage":"qt","@id":"https:\/\/secure.gravatar.com\/avatar\/392b4cc8fbfeb00b39dfeeab4ee6edded39ffd48e25858637e4765810300227e?s=96&d=mm&r=g","url":"https:\/\/secure.gravatar.com\/avatar\/392b4cc8fbfeb00b39dfeeab4ee6edded39ffd48e25858637e4765810300227e?s=96&d=mm&r=g","contentUrl":"https:\/\/secure.gravatar.com\/avatar\/392b4cc8fbfeb00b39dfeeab4ee6edded39ffd48e25858637e4765810300227e?s=96&d=mm&r=g","caption":"Developer"},"url":"https:\/\/qtmm.org\/qt\/author\/Developer\/"}]}},"_links":{"self":[{"href":"https:\/\/qtmm.org\/qt\/wp-json\/wp\/v2\/posts\/42299","targetHints":{"allow":["GET"]}}],"collection":[{"href":"https:\/\/qtmm.org\/qt\/wp-json\/wp\/v2\/posts"}],"about":[{"href":"https:\/\/qtmm.org\/qt\/wp-json\/wp\/v2\/types\/post"}],"author":[{"embeddable":true,"href":"https:\/\/qtmm.org\/qt\/wp-json\/wp\/v2\/users\/1"}],"replies":[{"embeddable":true,"href":"https:\/\/qtmm.org\/qt\/wp-json\/wp\/v2\/comments?post=42299"}],"version-history":[{"count":1,"href":"https:\/\/qtmm.org\/qt\/wp-json\/wp\/v2\/posts\/42299\/revisions"}],"predecessor-version":[{"id":42304,"href":"https:\/\/qtmm.org\/qt\/wp-json\/wp\/v2\/posts\/42299\/revisions\/42304"}],"wp:attachment":[{"href":"https:\/\/qtmm.org\/qt\/wp-json\/wp\/v2\/media?parent=42299"}],"wp:term":[{"taxonomy":"category","embeddable":true,"href":"https:\/\/qtmm.org\/qt\/wp-json\/wp\/v2\/categories?post=42299"},{"taxonomy":"post_tag","embeddable":true,"href":"https:\/\/qtmm.org\/qt\/wp-json\/wp\/v2\/tags?post=42299"}],"curies":[{"name":"wp","href":"https:\/\/api.w.org\/{rel}","templated":true}]}}