




{"id":42269,"date":"2013-12-27T15:48:00","date_gmt":"2013-12-27T12:48:00","guid":{"rendered":"http:\/\/qtmm.org\/?p=42269"},"modified":"2022-01-27T15:51:33","modified_gmt":"2022-01-27T12:51:33","slug":"armanciq-balalar-mecmuasi-oz-qorantasi-aqqinda-ana-tilinde-yazilgan-en-yahsi-ikaye-icun-yarisinin-galiplerini-mecliste-taqdirlediler","status":"publish","type":"post","link":"https:\/\/qtmm.org\/qt\/armanciq-balalar-mecmuasi-oz-qorantasi-aqqinda-ana-tilinde-yazilgan-en-yahsi-ikaye-icun-yarisinin-galiplerini-mecliste-taqdirlediler\/","title":{"rendered":"\u00abArman\u00e7\u0131q\u00bb balalar mecmuas\u0131 \u00f6z qorantas\u0131 aqq\u0131nda ana tilinde yaz\u0131l\u011fan e\u00f1 yah\u015f\u0131 ik\u00e2ye i\u00e7\u00fcn yar\u0131\u015f\u0131n\u0131\u00f1 \u011faliplerini Mecliste taqdirlediler"},"content":{"rendered":"\n<p>Q\u0131r\u0131mtatar tilinde \u00e7\u0131qqan yek\u00e2ne &#8220;Arman\u00e7\u0131q&#8221; balalar mecmuas\u0131 \u00f6z qorantas\u0131 aqq\u0131nda ana tilinde yaz\u0131l\u011fan e\u00f1 yah\u015f\u0131 ik\u00e2ye yar\u0131\u015f\u0131n\u0131\u00f1 neticelerine yek\u00fcn \u00e7ekti. Mecmua ba\u015f muarriri Ediye M\u00fcslimovan\u0131\u00f1 s\u00f6ylegenine k\u00f6re yar\u0131\u015fta i\u015ftirak etmege istegenlerni\u00f1 pek \u00e7oq oluv\u0131 bala ne\u015firini\u00f1 muarririyetini \u011fayet quvand\u0131rd\u0131.<\/p>\n\n\n\n<figure class=\"wp-block-image size-full\"><img loading=\"lazy\" decoding=\"async\" width=\"650\" height=\"448\" src=\"http:\/\/qtmm.org\/wp-content\/uploads\/2022\/01\/img_4172.jpeg\" alt=\"\" class=\"wp-image-42270\" srcset=\"https:\/\/qtmm.org\/wp-content\/uploads\/2022\/01\/img_4172.jpeg 650w, https:\/\/qtmm.org\/wp-content\/uploads\/2022\/01\/img_4172-300x207.jpeg 300w\" sizes=\"auto, (max-width: 650px) 100vw, 650px\" \/><\/figure>\n\n\n\n<p>&#8220;Yar\u0131\u015fta faqat q\u0131r\u0131mtatar balalar\u0131 degil de, ba\u015fqa millet vekilleri de i\u015ftirak ettiler, &#8211; dedi E. M\u00fcslimova. \u2013 \u0130\u015fte, e\u00f1 yah\u015f\u0131 ik\u00e2ye yaz\u011fan m\u00fcelliflerden biri Sudaq milliy mektepni\u00f1 3-nci s\u0131n\u0131f talebesi Darina Kril&#8221;.<br><br>B\u00fct\u00fcn ik\u00e2yeler mecmuan\u0131\u00f1 kelecek sanlar\u0131nda bas\u0131lacaq. &#8220;Bu bizim birinci yar\u0131\u015f\u0131m\u0131z edi, amma \u011fayelerimiz pek \u00e7oq ve biz bu ananeni devam etmek meram\u0131ndam\u0131z, &#8211; dey E. M\u00fcslimova. \u2013 Kollektivimiz balalar taraf\u0131ndan mecmuam\u0131z\u011fa diqqat ve meraq k\u00f6stergenlerine pek sevine, balalar bizge acayip resimler, q\u0131r\u0131mtatar tilinde \u015fiir ve ik\u00e2yeler yollamaqtalar&#8221;.<\/p>\n\n\n\n<p>Dekabr 27 k\u00fcn\u00fc Meclis ofisinde &#8220;Arman\u00e7\u0131q&#8221;.mecmuas\u0131 il\u00e2n etken yar\u0131\u015fn\u0131\u00f1 \u011faliplerini muk\u00e2fatlav merasimi \u00f6tkerildi.<\/p>\n\n\n\n<figure class=\"wp-block-image size-full\"><img loading=\"lazy\" decoding=\"async\" width=\"650\" height=\"374\" src=\"http:\/\/qtmm.org\/wp-content\/uploads\/2022\/01\/img_4190.jpeg\" alt=\"\" class=\"wp-image-42278\" srcset=\"https:\/\/qtmm.org\/wp-content\/uploads\/2022\/01\/img_4190.jpeg 650w, https:\/\/qtmm.org\/wp-content\/uploads\/2022\/01\/img_4190-300x173.jpeg 300w\" sizes=\"auto, (max-width: 650px) 100vw, 650px\" \/><\/figure>\n\n\n\n<p>Meclis reisi Refat \u00c7ubarov ve mecmuan\u0131\u00f1 ba\u015f muarriri Ediye M\u00fcslimova e\u00f1 yah\u015f\u0131, dep tan\u0131l\u011fan be\u015f ik\u00e2yeni\u00f1 m\u00fcelliflerine plan\u015fet ve Meclisni\u00f1 \u015feref yarl\u0131qlar\u0131 berdiler, yar\u0131\u015fn\u0131\u00f1 daa on i\u015ftirak\u00e7isi ise &#8220;Arman\u00e7\u0131q&#8221; mecmuas\u0131n\u0131\u00f1 logotipi ol\u011fan bardaqlarnen taqdirlediler.<\/p>\n\n\n\n<p>Talebelerge \u00f6z bilgilerini a\u015fla\u011fan istidatl\u0131 ocalar da diqqats\u0131z qalmad\u0131lar. Refat \u00c7ubarov Eski Q\u0131r\u0131m milliy mektebini\u00f1 ocalar\u0131 Lenura Abdullayeva ve M\u00fcmine Abl\u00e2limova\u011fa, bun\u0131\u00f1 kibi de Sudaq milliy mektebini\u00f1 ocas\u0131 Lenura Suleymanova\u011fa Meclisni\u00f1 Fahriy yarl\u0131qlar\u0131 ve &#8220;Mustafa Cemilevni\u00f1 alt\u0131nc\u0131 mahkemesi&#8221; kitab\u0131n\u0131 taqdim etti.<\/p>\n\n\n\n<figure class=\"wp-block-image size-full\"><img loading=\"lazy\" decoding=\"async\" width=\"650\" height=\"409\" src=\"http:\/\/qtmm.org\/wp-content\/uploads\/2022\/01\/img_4203.jpeg\" alt=\"\" class=\"wp-image-42282\" srcset=\"https:\/\/qtmm.org\/wp-content\/uploads\/2022\/01\/img_4203.jpeg 650w, https:\/\/qtmm.org\/wp-content\/uploads\/2022\/01\/img_4203-300x189.jpeg 300w\" sizes=\"auto, (max-width: 650px) 100vw, 650px\" \/><\/figure>\n\n\n\n<p>&#8220;Q\u0131r\u0131mtatar halq\u0131n\u0131\u00f1 Meclisi siz kibi nufuzl\u0131 ve fahriy musafirlerni qabul etkeninen pek \u011fururlana, &#8211; dedi Meclis reisi Refat \u00c7ubarov, yar\u0131\u015f i\u015ftirak\u00e7ilerine muracaat eterek. \u2013 Siz milletimiznin kelecegisi\u00f1iz ve \u00f6z \u011falebeleri\u00f1iznen bun\u0131 tasdiqlays\u0131\u00f1\u0131z.<\/p>\n\n\n\n<p>Er biri\u00f1iz ana tilini ve halqn\u0131 sevesiz, aileviy ananelerni qor\u00e7alay ve k\u00fctesi\u00f1iz&#8221;. Meclis reisi yar\u0131\u015f te\u015fkil\u00e2t\u00e7\u0131lar\u0131 ve balalarn\u0131\u00f1 istidat\u0131n\u0131 inki\u015faf ettir\u00fcvge, ana tiline sevgi a\u015flav\u011fa yard\u0131m etkenleri i\u00e7\u00fcn ana-babalar ve ocalar\u011fa te\u015fekk\u00fcr bildirdi.<\/p>\n\n\n\n<p>Ya\u015f m\u00fcelliflerni zaferlerinen hay\u0131rla\u011fan mecmua ba\u015f muarriri Ediye M\u00fcslimova yar\u0131\u015f i\u015ftirak\u00e7ileri aras\u0131ndan kelecekte jurnalistler, milliy gazeta ve mecmualarn\u0131\u00f1 muarrirleri yeti\u015fecegine eminlik bildirdi.<\/p>\n\n\n\n<p>&#8220;Men eminim ki, kelecekte bizim balalar\u0131m\u0131z, angi milletke mens\u00fcp ol\u011fanlar\u0131ndan qatiy nazar, \u00f6z istidatlar\u0131n\u0131 k\u00f6sterirler. Biz ise olar aqq\u0131nda &#8220;Arman\u00e7\u0131q&#8221;ta ik\u00e2ye etermiz&#8221;, &#8211; dep qayd etti Ediye M\u00fcslimova.<\/p>\n\n\n\n<figure class=\"wp-block-image size-full\"><img loading=\"lazy\" decoding=\"async\" width=\"650\" height=\"400\" src=\"http:\/\/qtmm.org\/wp-content\/uploads\/2022\/01\/img_4213.jpeg\" alt=\"\" class=\"wp-image-42286\" srcset=\"https:\/\/qtmm.org\/wp-content\/uploads\/2022\/01\/img_4213.jpeg 650w, https:\/\/qtmm.org\/wp-content\/uploads\/2022\/01\/img_4213-300x185.jpeg 300w\" sizes=\"auto, (max-width: 650px) 100vw, 650px\" \/><\/figure>\n\n\n\n<p>Bun\u0131\u00f1 kibi de balalarn\u0131 ye\u00f1i\u015flerinen Meclisni\u00f1 Q\u0131r\u0131mtatar tilinde tasil meseleleri ve q\u0131r\u0131mtatar tilini Q\u0131r\u0131mn\u0131\u00f1 devlet ve cemaat \u00f6m\u00fcrinde tadbiq et\u00fcv boyunca idaresini\u00f1 ba\u015f\u0131 Emine Avamileva ve &#8220;Fidan\u00e7\u0131q&#8221; balalar inki\u015faf\u0131 merkezini\u00f1 tesis\u00e7isi de hay\u0131rlad\u0131.<\/p>\n\n\n\n<figure class=\"wp-block-image size-full\"><img loading=\"lazy\" decoding=\"async\" width=\"650\" height=\"454\" src=\"http:\/\/qtmm.org\/wp-content\/uploads\/2022\/01\/photo_5-1.jpeg\" alt=\"\" class=\"wp-image-42290\" srcset=\"https:\/\/qtmm.org\/wp-content\/uploads\/2022\/01\/photo_5-1.jpeg 650w, https:\/\/qtmm.org\/wp-content\/uploads\/2022\/01\/photo_5-1-300x210.jpeg 300w\" sizes=\"auto, (max-width: 650px) 100vw, 650px\" \/><\/figure>\n\n\n\n<p>Tedbirden so\u00f1 balalar i\u00e7\u00fcn tatl\u0131 sofra donat\u0131ld\u0131.<br><br><em><strong>A\u015fa\u011f\u0131da yar\u0131\u015f \u011faliplerinini cedvelini taqdim etemiz:<\/strong><\/em><br><br><strong>Emirali Nuraliyev<\/strong>, Eski Q\u0131r\u0131m milliy mektepni\u00f1 4-nci s\u0131n\u0131f talebesi;<br><br><strong>Elmaz Abseutova<\/strong>, Qurman rayon\u0131 Petrovka k\u00f6y mektebini\u00f1 5-nci s\u0131n\u0131f talebesi;<br><br><strong>Totay Amzayeva<\/strong>, Sudaq milliy mektepni\u00f1 3-A s\u0131n\u0131f talebesi;<br><br><strong>\u0130sl\u00e2m Rustemov<\/strong>, Eski Q\u0131r\u0131m milliy mektepni\u00f1 3-nci s\u0131n\u0131f talebesi;<br><br><strong>Emine Asanova<\/strong>, Sudaq milliy mektebi;<br><br><strong>Bekir Ablayev<\/strong>, Kefe<br><br><strong>Diana Bel\u00e2lova<\/strong>, Sudaq;<br><br><strong>Emine \u00dcseinova<\/strong>, Sudak;<br><br><strong>Zera Temirgaziyeva<\/strong>, Aqmescit;<br><br><strong>Feride Suleymanova<\/strong>, Sudaq;<br><br><strong>Fatima Seithalilova<\/strong>, Taraqta\u015f, Sudaq rayon\u0131;<br><br><strong>Sabina Saydametova<\/strong>, \u0130\u00e7ki;<br><br><strong>Darina Kril<\/strong>, Sudaq;<br><br><strong>Elvina Kerimova<\/strong>, Sudaq;<br><br><strong>Ahtem Arap<\/strong>, \u0130\u00e7ki.<\/p>\n\n\n\n<figure class=\"wp-block-image size-full\"><img loading=\"lazy\" decoding=\"async\" width=\"650\" height=\"437\" src=\"http:\/\/qtmm.org\/wp-content\/uploads\/2022\/01\/img_4158.jpeg\" alt=\"\" class=\"wp-image-42294\" srcset=\"https:\/\/qtmm.org\/wp-content\/uploads\/2022\/01\/img_4158.jpeg 650w, https:\/\/qtmm.org\/wp-content\/uploads\/2022\/01\/img_4158-300x202.jpeg 300w\" sizes=\"auto, (max-width: 650px) 100vw, 650px\" \/><\/figure>\n","protected":false},"excerpt":{"rendered":"<p>Q\u0131r\u0131mtatar tilinde \u00e7\u0131qqan yek\u00e2ne &#8220;Arman\u00e7\u0131q&#8221; balalar mecmuas\u0131 \u00f6z qorantas\u0131 aqq\u0131nda ana tilinde yaz\u0131l\u011fan e\u00f1 yah\u015f\u0131 ik\u00e2ye yar\u0131\u015f\u0131n\u0131\u00f1 neticelerine yek\u00fcn \u00e7ekti. Mecmua ba\u015f muarriri Ediye M\u00fcslimovan\u0131\u00f1 s\u00f6ylegenine k\u00f6re yar\u0131\u015fta i\u015ftirak etmege istegenlerni\u00f1 pek \u00e7oq oluv\u0131 bala ne\u015firini\u00f1 muarririyetini \u011fayet quvand\u0131rd\u0131. &#8220;Yar\u0131\u015fta faqat q\u0131r\u0131mtatar balalar\u0131 degil de, ba\u015fqa millet vekilleri de i\u015ftirak ettiler, &#8211; dedi E. M\u00fcslimova. [&hellip;]<\/p>\n","protected":false},"author":1,"featured_media":42274,"comment_status":"open","ping_status":"open","sticky":false,"template":"","format":"standard","meta":{"inline_featured_image":false,"footnotes":""},"categories":[265],"tags":[],"class_list":["post-42269","post","type-post","status-publish","format-standard","has-post-thumbnail","hentry","category-haberler"],"acf":[],"yoast_head":"<!-- This site is optimized with the Yoast SEO plugin v27.4 - https:\/\/yoast.com\/product\/yoast-seo-wordpress\/ -->\n<title>\u00abArman\u00e7\u0131q\u00bb balalar mecmuas\u0131 \u00f6z qorantas\u0131 aqq\u0131nda ana tilinde yaz\u0131l\u011fan e\u00f1 yah\u015f\u0131 ik\u00e2ye i\u00e7\u00fcn yar\u0131\u015f\u0131n\u0131\u00f1 \u011faliplerini Mecliste taqdirlediler - \u041c\u0435\u0434\u0436\u043b\u0456\u0441<\/title>\n<meta name=\"robots\" content=\"index, follow, max-snippet:-1, max-image-preview:large, max-video-preview:-1\" \/>\n<link rel=\"canonical\" href=\"https:\/\/qtmm.org\/qt\/armanciq-balalar-mecmuasi-oz-qorantasi-aqqinda-ana-tilinde-yazilgan-en-yahsi-ikaye-icun-yarisinin-galiplerini-mecliste-taqdirlediler\/\" \/>\n<meta property=\"og:locale\" content=\"en_US\" \/>\n<meta property=\"og:type\" content=\"article\" \/>\n<meta property=\"og:title\" content=\"\u00abArman\u00e7\u0131q\u00bb balalar mecmuas\u0131 \u00f6z qorantas\u0131 aqq\u0131nda ana tilinde yaz\u0131l\u011fan e\u00f1 yah\u015f\u0131 ik\u00e2ye i\u00e7\u00fcn yar\u0131\u015f\u0131n\u0131\u00f1 \u011faliplerini Mecliste taqdirlediler - \u041c\u0435\u0434\u0436\u043b\u0456\u0441\" \/>\n<meta property=\"og:description\" content=\"Q\u0131r\u0131mtatar tilinde \u00e7\u0131qqan yek\u00e2ne &#8220;Arman\u00e7\u0131q&#8221; balalar mecmuas\u0131 \u00f6z qorantas\u0131 aqq\u0131nda ana tilinde yaz\u0131l\u011fan e\u00f1 yah\u015f\u0131 ik\u00e2ye yar\u0131\u015f\u0131n\u0131\u00f1 neticelerine yek\u00fcn \u00e7ekti. Mecmua ba\u015f muarriri Ediye M\u00fcslimovan\u0131\u00f1 s\u00f6ylegenine k\u00f6re yar\u0131\u015fta i\u015ftirak etmege istegenlerni\u00f1 pek \u00e7oq oluv\u0131 bala ne\u015firini\u00f1 muarririyetini \u011fayet quvand\u0131rd\u0131. &#8220;Yar\u0131\u015fta faqat q\u0131r\u0131mtatar balalar\u0131 degil de, ba\u015fqa millet vekilleri de i\u015ftirak ettiler, &#8211; dedi E. M\u00fcslimova. [&hellip;]\" \/>\n<meta property=\"og:url\" content=\"https:\/\/qtmm.org\/qt\/armanciq-balalar-mecmuasi-oz-qorantasi-aqqinda-ana-tilinde-yazilgan-en-yahsi-ikaye-icun-yarisinin-galiplerini-mecliste-taqdirlediler\/\" \/>\n<meta property=\"og:site_name\" content=\"\u041c\u0435\u0434\u0436\u043b\u0456\u0441\" \/>\n<meta property=\"article:publisher\" content=\"https:\/\/www.facebook.com\/qtmm.info\/\" \/>\n<meta property=\"article:published_time\" content=\"2013-12-27T12:48:00+00:00\" \/>\n<meta property=\"article:modified_time\" content=\"2022-01-27T12:51:33+00:00\" \/>\n<meta property=\"og:image\" content=\"https:\/\/qtmm.org\/wp-content\/uploads\/2022\/01\/img_4180.jpeg\" \/>\n\t<meta property=\"og:image:width\" content=\"650\" \/>\n\t<meta property=\"og:image:height\" content=\"498\" \/>\n\t<meta property=\"og:image:type\" content=\"image\/jpeg\" \/>\n<meta name=\"author\" content=\"Developer\" \/>\n<meta name=\"twitter:card\" content=\"summary_large_image\" \/>\n<meta name=\"twitter:label1\" content=\"Written by\" \/>\n\t<meta name=\"twitter:data1\" content=\"Developer\" \/>\n\t<meta name=\"twitter:label2\" content=\"Est. reading time\" \/>\n\t<meta name=\"twitter:data2\" content=\"3 minutes\" \/>\n<script type=\"application\/ld+json\" class=\"yoast-schema-graph\">{\"@context\":\"https:\\\/\\\/schema.org\",\"@graph\":[{\"@type\":\"Article\",\"@id\":\"https:\\\/\\\/qtmm.org\\\/qt\\\/armanciq-balalar-mecmuasi-oz-qorantasi-aqqinda-ana-tilinde-yazilgan-en-yahsi-ikaye-icun-yarisinin-galiplerini-mecliste-taqdirlediler\\\/#article\",\"isPartOf\":{\"@id\":\"https:\\\/\\\/qtmm.org\\\/qt\\\/armanciq-balalar-mecmuasi-oz-qorantasi-aqqinda-ana-tilinde-yazilgan-en-yahsi-ikaye-icun-yarisinin-galiplerini-mecliste-taqdirlediler\\\/\"},\"author\":{\"name\":\"Developer\",\"@id\":\"https:\\\/\\\/qtmm.org\\\/qt\\\/#\\\/schema\\\/person\\\/de562469f971dec226ac06e60bbf74a7\"},\"headline\":\"\u00abArman\u00e7\u0131q\u00bb balalar mecmuas\u0131 \u00f6z qorantas\u0131 aqq\u0131nda ana tilinde yaz\u0131l\u011fan e\u00f1 yah\u015f\u0131 ik\u00e2ye i\u00e7\u00fcn yar\u0131\u015f\u0131n\u0131\u00f1 \u011faliplerini Mecliste taqdirlediler\",\"datePublished\":\"2013-12-27T12:48:00+00:00\",\"dateModified\":\"2022-01-27T12:51:33+00:00\",\"mainEntityOfPage\":{\"@id\":\"https:\\\/\\\/qtmm.org\\\/qt\\\/armanciq-balalar-mecmuasi-oz-qorantasi-aqqinda-ana-tilinde-yazilgan-en-yahsi-ikaye-icun-yarisinin-galiplerini-mecliste-taqdirlediler\\\/\"},\"wordCount\":615,\"commentCount\":0,\"publisher\":{\"@id\":\"https:\\\/\\\/qtmm.org\\\/qt\\\/#organization\"},\"image\":{\"@id\":\"https:\\\/\\\/qtmm.org\\\/qt\\\/armanciq-balalar-mecmuasi-oz-qorantasi-aqqinda-ana-tilinde-yazilgan-en-yahsi-ikaye-icun-yarisinin-galiplerini-mecliste-taqdirlediler\\\/#primaryimage\"},\"thumbnailUrl\":\"https:\\\/\\\/qtmm.org\\\/wp-content\\\/uploads\\\/2022\\\/01\\\/img_4180.jpeg\",\"articleSection\":[\"Haberler\"],\"inLanguage\":\"qt\",\"potentialAction\":[{\"@type\":\"CommentAction\",\"name\":\"Comment\",\"target\":[\"https:\\\/\\\/qtmm.org\\\/qt\\\/armanciq-balalar-mecmuasi-oz-qorantasi-aqqinda-ana-tilinde-yazilgan-en-yahsi-ikaye-icun-yarisinin-galiplerini-mecliste-taqdirlediler\\\/#respond\"]}]},{\"@type\":\"WebPage\",\"@id\":\"https:\\\/\\\/qtmm.org\\\/qt\\\/armanciq-balalar-mecmuasi-oz-qorantasi-aqqinda-ana-tilinde-yazilgan-en-yahsi-ikaye-icun-yarisinin-galiplerini-mecliste-taqdirlediler\\\/\",\"url\":\"https:\\\/\\\/qtmm.org\\\/qt\\\/armanciq-balalar-mecmuasi-oz-qorantasi-aqqinda-ana-tilinde-yazilgan-en-yahsi-ikaye-icun-yarisinin-galiplerini-mecliste-taqdirlediler\\\/\",\"name\":\"\u00abArman\u00e7\u0131q\u00bb balalar mecmuas\u0131 \u00f6z qorantas\u0131 aqq\u0131nda ana tilinde yaz\u0131l\u011fan e\u00f1 yah\u015f\u0131 ik\u00e2ye i\u00e7\u00fcn yar\u0131\u015f\u0131n\u0131\u00f1 \u011faliplerini Mecliste taqdirlediler - \u041c\u0435\u0434\u0436\u043b\u0456\u0441\",\"isPartOf\":{\"@id\":\"https:\\\/\\\/qtmm.org\\\/qt\\\/#website\"},\"primaryImageOfPage\":{\"@id\":\"https:\\\/\\\/qtmm.org\\\/qt\\\/armanciq-balalar-mecmuasi-oz-qorantasi-aqqinda-ana-tilinde-yazilgan-en-yahsi-ikaye-icun-yarisinin-galiplerini-mecliste-taqdirlediler\\\/#primaryimage\"},\"image\":{\"@id\":\"https:\\\/\\\/qtmm.org\\\/qt\\\/armanciq-balalar-mecmuasi-oz-qorantasi-aqqinda-ana-tilinde-yazilgan-en-yahsi-ikaye-icun-yarisinin-galiplerini-mecliste-taqdirlediler\\\/#primaryimage\"},\"thumbnailUrl\":\"https:\\\/\\\/qtmm.org\\\/wp-content\\\/uploads\\\/2022\\\/01\\\/img_4180.jpeg\",\"datePublished\":\"2013-12-27T12:48:00+00:00\",\"dateModified\":\"2022-01-27T12:51:33+00:00\",\"breadcrumb\":{\"@id\":\"https:\\\/\\\/qtmm.org\\\/qt\\\/armanciq-balalar-mecmuasi-oz-qorantasi-aqqinda-ana-tilinde-yazilgan-en-yahsi-ikaye-icun-yarisinin-galiplerini-mecliste-taqdirlediler\\\/#breadcrumb\"},\"inLanguage\":\"qt\",\"potentialAction\":[{\"@type\":\"ReadAction\",\"target\":[\"https:\\\/\\\/qtmm.org\\\/qt\\\/armanciq-balalar-mecmuasi-oz-qorantasi-aqqinda-ana-tilinde-yazilgan-en-yahsi-ikaye-icun-yarisinin-galiplerini-mecliste-taqdirlediler\\\/\"]}]},{\"@type\":\"ImageObject\",\"inLanguage\":\"qt\",\"@id\":\"https:\\\/\\\/qtmm.org\\\/qt\\\/armanciq-balalar-mecmuasi-oz-qorantasi-aqqinda-ana-tilinde-yazilgan-en-yahsi-ikaye-icun-yarisinin-galiplerini-mecliste-taqdirlediler\\\/#primaryimage\",\"url\":\"https:\\\/\\\/qtmm.org\\\/wp-content\\\/uploads\\\/2022\\\/01\\\/img_4180.jpeg\",\"contentUrl\":\"https:\\\/\\\/qtmm.org\\\/wp-content\\\/uploads\\\/2022\\\/01\\\/img_4180.jpeg\",\"width\":650,\"height\":498},{\"@type\":\"BreadcrumbList\",\"@id\":\"https:\\\/\\\/qtmm.org\\\/qt\\\/armanciq-balalar-mecmuasi-oz-qorantasi-aqqinda-ana-tilinde-yazilgan-en-yahsi-ikaye-icun-yarisinin-galiplerini-mecliste-taqdirlediler\\\/#breadcrumb\",\"itemListElement\":[{\"@type\":\"ListItem\",\"position\":1,\"name\":\"\u0413\u043e\u043b\u043e\u0432\u043d\u0430\",\"item\":\"https:\\\/\\\/qtmm.org\\\/qt\\\/\"},{\"@type\":\"ListItem\",\"position\":2,\"name\":\"\u00abArman\u00e7\u0131q\u00bb balalar mecmuas\u0131 \u00f6z qorantas\u0131 aqq\u0131nda ana tilinde yaz\u0131l\u011fan e\u00f1 yah\u015f\u0131 ik\u00e2ye i\u00e7\u00fcn yar\u0131\u015f\u0131n\u0131\u00f1 \u011faliplerini Mecliste taqdirlediler\"}]},{\"@type\":\"WebSite\",\"@id\":\"https:\\\/\\\/qtmm.org\\\/qt\\\/#website\",\"url\":\"https:\\\/\\\/qtmm.org\\\/qt\\\/\",\"name\":\"\u041c\u0435\u0434\u0436\u043b\u0456\u0441\",\"description\":\"\",\"publisher\":{\"@id\":\"https:\\\/\\\/qtmm.org\\\/qt\\\/#organization\"},\"potentialAction\":[{\"@type\":\"SearchAction\",\"target\":{\"@type\":\"EntryPoint\",\"urlTemplate\":\"https:\\\/\\\/qtmm.org\\\/qt\\\/?s={search_term_string}\"},\"query-input\":{\"@type\":\"PropertyValueSpecification\",\"valueRequired\":true,\"valueName\":\"search_term_string\"}}],\"inLanguage\":\"qt\"},{\"@type\":\"Organization\",\"@id\":\"https:\\\/\\\/qtmm.org\\\/qt\\\/#organization\",\"name\":\"\u041c\u0435\u0434\u0436\u043b\u0456\u0441\",\"url\":\"https:\\\/\\\/qtmm.org\\\/qt\\\/\",\"logo\":{\"@type\":\"ImageObject\",\"inLanguage\":\"qt\",\"@id\":\"https:\\\/\\\/qtmm.org\\\/qt\\\/#\\\/schema\\\/logo\\\/image\\\/\",\"url\":\"https:\\\/\\\/qtmm.org\\\/wp-content\\\/uploads\\\/2024\\\/12\\\/ua-mejlis-logo-rgb.svg\",\"contentUrl\":\"https:\\\/\\\/qtmm.org\\\/wp-content\\\/uploads\\\/2024\\\/12\\\/ua-mejlis-logo-rgb.svg\",\"caption\":\"\u041c\u0435\u0434\u0436\u043b\u0456\u0441\"},\"image\":{\"@id\":\"https:\\\/\\\/qtmm.org\\\/qt\\\/#\\\/schema\\\/logo\\\/image\\\/\"},\"sameAs\":[\"https:\\\/\\\/www.facebook.com\\\/qtmm.info\\\/\"]},{\"@type\":\"Person\",\"@id\":\"https:\\\/\\\/qtmm.org\\\/qt\\\/#\\\/schema\\\/person\\\/de562469f971dec226ac06e60bbf74a7\",\"name\":\"Developer\",\"image\":{\"@type\":\"ImageObject\",\"inLanguage\":\"qt\",\"@id\":\"https:\\\/\\\/secure.gravatar.com\\\/avatar\\\/392b4cc8fbfeb00b39dfeeab4ee6edded39ffd48e25858637e4765810300227e?s=96&d=mm&r=g\",\"url\":\"https:\\\/\\\/secure.gravatar.com\\\/avatar\\\/392b4cc8fbfeb00b39dfeeab4ee6edded39ffd48e25858637e4765810300227e?s=96&d=mm&r=g\",\"contentUrl\":\"https:\\\/\\\/secure.gravatar.com\\\/avatar\\\/392b4cc8fbfeb00b39dfeeab4ee6edded39ffd48e25858637e4765810300227e?s=96&d=mm&r=g\",\"caption\":\"Developer\"},\"url\":\"https:\\\/\\\/qtmm.org\\\/qt\\\/author\\\/Developer\\\/\"}]}<\/script>\n<!-- \/ Yoast SEO plugin. -->","yoast_head_json":{"title":"\u00abArman\u00e7\u0131q\u00bb balalar mecmuas\u0131 \u00f6z qorantas\u0131 aqq\u0131nda ana tilinde yaz\u0131l\u011fan e\u00f1 yah\u015f\u0131 ik\u00e2ye i\u00e7\u00fcn yar\u0131\u015f\u0131n\u0131\u00f1 \u011faliplerini Mecliste taqdirlediler - \u041c\u0435\u0434\u0436\u043b\u0456\u0441","robots":{"index":"index","follow":"follow","max-snippet":"max-snippet:-1","max-image-preview":"max-image-preview:large","max-video-preview":"max-video-preview:-1"},"canonical":"https:\/\/qtmm.org\/qt\/armanciq-balalar-mecmuasi-oz-qorantasi-aqqinda-ana-tilinde-yazilgan-en-yahsi-ikaye-icun-yarisinin-galiplerini-mecliste-taqdirlediler\/","og_locale":"en_US","og_type":"article","og_title":"\u00abArman\u00e7\u0131q\u00bb balalar mecmuas\u0131 \u00f6z qorantas\u0131 aqq\u0131nda ana tilinde yaz\u0131l\u011fan e\u00f1 yah\u015f\u0131 ik\u00e2ye i\u00e7\u00fcn yar\u0131\u015f\u0131n\u0131\u00f1 \u011faliplerini Mecliste taqdirlediler - \u041c\u0435\u0434\u0436\u043b\u0456\u0441","og_description":"Q\u0131r\u0131mtatar tilinde \u00e7\u0131qqan yek\u00e2ne &#8220;Arman\u00e7\u0131q&#8221; balalar mecmuas\u0131 \u00f6z qorantas\u0131 aqq\u0131nda ana tilinde yaz\u0131l\u011fan e\u00f1 yah\u015f\u0131 ik\u00e2ye yar\u0131\u015f\u0131n\u0131\u00f1 neticelerine yek\u00fcn \u00e7ekti. Mecmua ba\u015f muarriri Ediye M\u00fcslimovan\u0131\u00f1 s\u00f6ylegenine k\u00f6re yar\u0131\u015fta i\u015ftirak etmege istegenlerni\u00f1 pek \u00e7oq oluv\u0131 bala ne\u015firini\u00f1 muarririyetini \u011fayet quvand\u0131rd\u0131. &#8220;Yar\u0131\u015fta faqat q\u0131r\u0131mtatar balalar\u0131 degil de, ba\u015fqa millet vekilleri de i\u015ftirak ettiler, &#8211; dedi E. M\u00fcslimova. [&hellip;]","og_url":"https:\/\/qtmm.org\/qt\/armanciq-balalar-mecmuasi-oz-qorantasi-aqqinda-ana-tilinde-yazilgan-en-yahsi-ikaye-icun-yarisinin-galiplerini-mecliste-taqdirlediler\/","og_site_name":"\u041c\u0435\u0434\u0436\u043b\u0456\u0441","article_publisher":"https:\/\/www.facebook.com\/qtmm.info\/","article_published_time":"2013-12-27T12:48:00+00:00","article_modified_time":"2022-01-27T12:51:33+00:00","og_image":[{"width":650,"height":498,"url":"https:\/\/qtmm.org\/wp-content\/uploads\/2022\/01\/img_4180.jpeg","type":"image\/jpeg"}],"author":"Developer","twitter_card":"summary_large_image","twitter_misc":{"Written by":"Developer","Est. reading time":"3 minutes"},"schema":{"@context":"https:\/\/schema.org","@graph":[{"@type":"Article","@id":"https:\/\/qtmm.org\/qt\/armanciq-balalar-mecmuasi-oz-qorantasi-aqqinda-ana-tilinde-yazilgan-en-yahsi-ikaye-icun-yarisinin-galiplerini-mecliste-taqdirlediler\/#article","isPartOf":{"@id":"https:\/\/qtmm.org\/qt\/armanciq-balalar-mecmuasi-oz-qorantasi-aqqinda-ana-tilinde-yazilgan-en-yahsi-ikaye-icun-yarisinin-galiplerini-mecliste-taqdirlediler\/"},"author":{"name":"Developer","@id":"https:\/\/qtmm.org\/qt\/#\/schema\/person\/de562469f971dec226ac06e60bbf74a7"},"headline":"\u00abArman\u00e7\u0131q\u00bb balalar mecmuas\u0131 \u00f6z qorantas\u0131 aqq\u0131nda ana tilinde yaz\u0131l\u011fan e\u00f1 yah\u015f\u0131 ik\u00e2ye i\u00e7\u00fcn yar\u0131\u015f\u0131n\u0131\u00f1 \u011faliplerini Mecliste taqdirlediler","datePublished":"2013-12-27T12:48:00+00:00","dateModified":"2022-01-27T12:51:33+00:00","mainEntityOfPage":{"@id":"https:\/\/qtmm.org\/qt\/armanciq-balalar-mecmuasi-oz-qorantasi-aqqinda-ana-tilinde-yazilgan-en-yahsi-ikaye-icun-yarisinin-galiplerini-mecliste-taqdirlediler\/"},"wordCount":615,"commentCount":0,"publisher":{"@id":"https:\/\/qtmm.org\/qt\/#organization"},"image":{"@id":"https:\/\/qtmm.org\/qt\/armanciq-balalar-mecmuasi-oz-qorantasi-aqqinda-ana-tilinde-yazilgan-en-yahsi-ikaye-icun-yarisinin-galiplerini-mecliste-taqdirlediler\/#primaryimage"},"thumbnailUrl":"https:\/\/qtmm.org\/wp-content\/uploads\/2022\/01\/img_4180.jpeg","articleSection":["Haberler"],"inLanguage":"qt","potentialAction":[{"@type":"CommentAction","name":"Comment","target":["https:\/\/qtmm.org\/qt\/armanciq-balalar-mecmuasi-oz-qorantasi-aqqinda-ana-tilinde-yazilgan-en-yahsi-ikaye-icun-yarisinin-galiplerini-mecliste-taqdirlediler\/#respond"]}]},{"@type":"WebPage","@id":"https:\/\/qtmm.org\/qt\/armanciq-balalar-mecmuasi-oz-qorantasi-aqqinda-ana-tilinde-yazilgan-en-yahsi-ikaye-icun-yarisinin-galiplerini-mecliste-taqdirlediler\/","url":"https:\/\/qtmm.org\/qt\/armanciq-balalar-mecmuasi-oz-qorantasi-aqqinda-ana-tilinde-yazilgan-en-yahsi-ikaye-icun-yarisinin-galiplerini-mecliste-taqdirlediler\/","name":"\u00abArman\u00e7\u0131q\u00bb balalar mecmuas\u0131 \u00f6z qorantas\u0131 aqq\u0131nda ana tilinde yaz\u0131l\u011fan e\u00f1 yah\u015f\u0131 ik\u00e2ye i\u00e7\u00fcn yar\u0131\u015f\u0131n\u0131\u00f1 \u011faliplerini Mecliste taqdirlediler - \u041c\u0435\u0434\u0436\u043b\u0456\u0441","isPartOf":{"@id":"https:\/\/qtmm.org\/qt\/#website"},"primaryImageOfPage":{"@id":"https:\/\/qtmm.org\/qt\/armanciq-balalar-mecmuasi-oz-qorantasi-aqqinda-ana-tilinde-yazilgan-en-yahsi-ikaye-icun-yarisinin-galiplerini-mecliste-taqdirlediler\/#primaryimage"},"image":{"@id":"https:\/\/qtmm.org\/qt\/armanciq-balalar-mecmuasi-oz-qorantasi-aqqinda-ana-tilinde-yazilgan-en-yahsi-ikaye-icun-yarisinin-galiplerini-mecliste-taqdirlediler\/#primaryimage"},"thumbnailUrl":"https:\/\/qtmm.org\/wp-content\/uploads\/2022\/01\/img_4180.jpeg","datePublished":"2013-12-27T12:48:00+00:00","dateModified":"2022-01-27T12:51:33+00:00","breadcrumb":{"@id":"https:\/\/qtmm.org\/qt\/armanciq-balalar-mecmuasi-oz-qorantasi-aqqinda-ana-tilinde-yazilgan-en-yahsi-ikaye-icun-yarisinin-galiplerini-mecliste-taqdirlediler\/#breadcrumb"},"inLanguage":"qt","potentialAction":[{"@type":"ReadAction","target":["https:\/\/qtmm.org\/qt\/armanciq-balalar-mecmuasi-oz-qorantasi-aqqinda-ana-tilinde-yazilgan-en-yahsi-ikaye-icun-yarisinin-galiplerini-mecliste-taqdirlediler\/"]}]},{"@type":"ImageObject","inLanguage":"qt","@id":"https:\/\/qtmm.org\/qt\/armanciq-balalar-mecmuasi-oz-qorantasi-aqqinda-ana-tilinde-yazilgan-en-yahsi-ikaye-icun-yarisinin-galiplerini-mecliste-taqdirlediler\/#primaryimage","url":"https:\/\/qtmm.org\/wp-content\/uploads\/2022\/01\/img_4180.jpeg","contentUrl":"https:\/\/qtmm.org\/wp-content\/uploads\/2022\/01\/img_4180.jpeg","width":650,"height":498},{"@type":"BreadcrumbList","@id":"https:\/\/qtmm.org\/qt\/armanciq-balalar-mecmuasi-oz-qorantasi-aqqinda-ana-tilinde-yazilgan-en-yahsi-ikaye-icun-yarisinin-galiplerini-mecliste-taqdirlediler\/#breadcrumb","itemListElement":[{"@type":"ListItem","position":1,"name":"\u0413\u043e\u043b\u043e\u0432\u043d\u0430","item":"https:\/\/qtmm.org\/qt\/"},{"@type":"ListItem","position":2,"name":"\u00abArman\u00e7\u0131q\u00bb balalar mecmuas\u0131 \u00f6z qorantas\u0131 aqq\u0131nda ana tilinde yaz\u0131l\u011fan e\u00f1 yah\u015f\u0131 ik\u00e2ye i\u00e7\u00fcn yar\u0131\u015f\u0131n\u0131\u00f1 \u011faliplerini Mecliste taqdirlediler"}]},{"@type":"WebSite","@id":"https:\/\/qtmm.org\/qt\/#website","url":"https:\/\/qtmm.org\/qt\/","name":"\u041c\u0435\u0434\u0436\u043b\u0456\u0441","description":"","publisher":{"@id":"https:\/\/qtmm.org\/qt\/#organization"},"potentialAction":[{"@type":"SearchAction","target":{"@type":"EntryPoint","urlTemplate":"https:\/\/qtmm.org\/qt\/?s={search_term_string}"},"query-input":{"@type":"PropertyValueSpecification","valueRequired":true,"valueName":"search_term_string"}}],"inLanguage":"qt"},{"@type":"Organization","@id":"https:\/\/qtmm.org\/qt\/#organization","name":"\u041c\u0435\u0434\u0436\u043b\u0456\u0441","url":"https:\/\/qtmm.org\/qt\/","logo":{"@type":"ImageObject","inLanguage":"qt","@id":"https:\/\/qtmm.org\/qt\/#\/schema\/logo\/image\/","url":"https:\/\/qtmm.org\/wp-content\/uploads\/2024\/12\/ua-mejlis-logo-rgb.svg","contentUrl":"https:\/\/qtmm.org\/wp-content\/uploads\/2024\/12\/ua-mejlis-logo-rgb.svg","caption":"\u041c\u0435\u0434\u0436\u043b\u0456\u0441"},"image":{"@id":"https:\/\/qtmm.org\/qt\/#\/schema\/logo\/image\/"},"sameAs":["https:\/\/www.facebook.com\/qtmm.info\/"]},{"@type":"Person","@id":"https:\/\/qtmm.org\/qt\/#\/schema\/person\/de562469f971dec226ac06e60bbf74a7","name":"Developer","image":{"@type":"ImageObject","inLanguage":"qt","@id":"https:\/\/secure.gravatar.com\/avatar\/392b4cc8fbfeb00b39dfeeab4ee6edded39ffd48e25858637e4765810300227e?s=96&d=mm&r=g","url":"https:\/\/secure.gravatar.com\/avatar\/392b4cc8fbfeb00b39dfeeab4ee6edded39ffd48e25858637e4765810300227e?s=96&d=mm&r=g","contentUrl":"https:\/\/secure.gravatar.com\/avatar\/392b4cc8fbfeb00b39dfeeab4ee6edded39ffd48e25858637e4765810300227e?s=96&d=mm&r=g","caption":"Developer"},"url":"https:\/\/qtmm.org\/qt\/author\/Developer\/"}]}},"_links":{"self":[{"href":"https:\/\/qtmm.org\/qt\/wp-json\/wp\/v2\/posts\/42269","targetHints":{"allow":["GET"]}}],"collection":[{"href":"https:\/\/qtmm.org\/qt\/wp-json\/wp\/v2\/posts"}],"about":[{"href":"https:\/\/qtmm.org\/qt\/wp-json\/wp\/v2\/types\/post"}],"author":[{"embeddable":true,"href":"https:\/\/qtmm.org\/qt\/wp-json\/wp\/v2\/users\/1"}],"replies":[{"embeddable":true,"href":"https:\/\/qtmm.org\/qt\/wp-json\/wp\/v2\/comments?post=42269"}],"version-history":[{"count":1,"href":"https:\/\/qtmm.org\/qt\/wp-json\/wp\/v2\/posts\/42269\/revisions"}],"predecessor-version":[{"id":42298,"href":"https:\/\/qtmm.org\/qt\/wp-json\/wp\/v2\/posts\/42269\/revisions\/42298"}],"wp:featuredmedia":[{"embeddable":true,"href":"https:\/\/qtmm.org\/qt\/wp-json\/wp\/v2\/media\/42274"}],"wp:attachment":[{"href":"https:\/\/qtmm.org\/qt\/wp-json\/wp\/v2\/media?parent=42269"}],"wp:term":[{"taxonomy":"category","embeddable":true,"href":"https:\/\/qtmm.org\/qt\/wp-json\/wp\/v2\/categories?post=42269"},{"taxonomy":"post_tag","embeddable":true,"href":"https:\/\/qtmm.org\/qt\/wp-json\/wp\/v2\/tags?post=42269"}],"curies":[{"name":"wp","href":"https:\/\/api.w.org\/{rel}","templated":true}]}}