




{"id":42135,"date":"2013-12-26T13:46:00","date_gmt":"2013-12-26T10:46:00","guid":{"rendered":"http:\/\/qtmm.org\/?p=42135"},"modified":"2022-01-27T13:52:38","modified_gmt":"2022-01-27T10:52:38","slug":"2014-senesi-yunesko-imayesi-altinda-ulu-qirimtatar-mutefekkiri-ismail-gasprinskiy-hatirasina-bagislangan-tedbirler-kecirilecek","status":"publish","type":"post","link":"https:\/\/qtmm.org\/qt\/2014-senesi-yunesko-imayesi-altinda-ulu-qirimtatar-mutefekkiri-ismail-gasprinskiy-hatirasina-bagislangan-tedbirler-kecirilecek\/","title":{"rendered":"2014 senesi Y\u00dcNESKO imayesi alt\u0131nda ulu q\u0131r\u0131mtatar m\u00fctefekkiri \u0130smail Gasprinskiy hat\u0131ras\u0131na ba\u011f\u0131\u015flan\u011fan tedbirler ke\u00e7irilecek"},"content":{"rendered":"\n<p>2013 senesi dekabr 26 Meclis yolba\u015f\u00e7\u0131lar\u0131 ve Meclis idare reberlerini\u00f1 Aqyar region\u0131ndan saylan\u011fan Qurultay delegatlar\u0131, yerli milliy idare organlar\u0131, yerli \u015furalarn\u0131\u00f1 deputatlar\u0131 ve musulman cemiyetlerini\u00f1 reislerinen regionlarara topla\u015fuv\u0131 ol\u0131p ke\u00e7ti.<\/p>\n\n\n\n<p>Topla\u015fuvda Meclis reisini\u00f1 muavinleri Zaur Smirnov ve Ayder Acimambetov, Meclis idare ve h\u0131zmetlerini\u00f1 reberleri Emine Avamileva, Teyfuk Gafarov ve Gayana Y\u00fcksel, Meclis azalar\u0131 Dinara Seytgaziyeva, Qurultay Tefti\u015f komissiyas\u0131n\u0131\u00f1 ba\u015f\u0131 Ali \u00d6zenba\u015f, M\u00fcftiy muavini Ayder \u0130smailov, Aqyar regional meclis reisi Enver Mamutdinov ve Alu\u015fta regional meclis reisi Enver Arpatl\u0131 i\u015ftirak ettiler.<\/p>\n\n\n\n<p>&#8220;Bu seneni\u00f1 dekabr ay\u0131nda Refat \u00c7ubarov Meclisni\u00f1 idare ve h\u0131zmetlerini\u00f1 reberleri, Tefti\u015f komissiyas\u0131n\u0131\u00f1 reisi ve M\u00fcftiyat hadimlerinen birlikte Q\u0131r\u0131mn\u0131\u00f1 on region\u0131nda topla\u015fuvlar ke\u00e7irdiler, &#8211; dedi topla\u015fuvn\u0131\u00f1 ba\u015f\u0131nda Meclis reisini\u00f1 muavini Zaur Smirnov. \u2013 B\u00f6yle topla\u015fuvlar pek m\u00fcim ve epimiz i\u00e7\u00fcn faydal\u0131d\u0131r. 2014 senesini\u00f1 yanvar ay\u0131nda bun\u0131\u00f1 kibi k\u00f6r\u00fc\u015f\u00fcvler Q\u0131r\u0131mn\u0131\u00f1 qal\u011fan regionlar\u0131nda da ke\u00e7irilecek. Bizim ba\u015f vazifemiz milliy meseleni deklarativ \u015fekilde muzakere etmekten halq menfaat\u0131 o\u011frunda keyfiyetli ve faydal\u0131 neticege ke\u00e7mektir&#8221;.<\/p>\n\n\n\n<figure class=\"wp-block-image size-full\"><img loading=\"lazy\" decoding=\"async\" width=\"654\" height=\"354\" src=\"http:\/\/qtmm.org\/wp-content\/uploads\/2022\/01\/img_4053.jpeg\" alt=\"\" class=\"wp-image-42136\" srcset=\"https:\/\/qtmm.org\/wp-content\/uploads\/2022\/01\/img_4053.jpeg 654w, https:\/\/qtmm.org\/wp-content\/uploads\/2022\/01\/img_4053-300x162.jpeg 300w\" sizes=\"auto, (max-width: 654px) 100vw, 654px\" \/><\/figure>\n\n\n\n<p>Z. Smirnovn\u0131\u00f1 aytqan\u0131na k\u00f6re seyyar topla\u015fuvlar ke\u00e7irilgen so\u00f1 Aqmescitte b\u00fct\u00fcn regionlar vekillerini\u00f1 i\u015ftirakinde keni\u015fletilgen k\u00f6r\u00fc\u015f\u00fcvni \u00f6tkermek planla\u015ft\u0131r\u0131la. Onda q\u0131r\u0131mtatarlar milliy idare organlar\u0131n\u0131\u00f1 2014 senesine faaliyetini\u00f1 strategiyas\u0131 baq\u0131lacaq.<\/p>\n\n\n\n<p>Zaur Smirnov Aqyar regional meclis aktivini i\u015fni tertip ile al\u0131p barmaq i\u00e7\u00fcn zarur vesiqalarn\u0131\u00f1 tasdiqlan\u011fan \u015fekillerinen tan\u0131\u015f etti.<\/p>\n\n\n\n<p>\u00d6z nevbetinde Meclis idare reberi Emine Avamileva topla\u015fuv i\u015ftirak\u00e7ilerine Y\u00dcNESKO 2014 senesini ulu q\u0131r\u0131mtatar m\u00fctefekkiri \u0130smail Gasprinskiyni\u00f1 hat\u0131ra y\u0131l\u0131 olaraq il\u00e2n etkenini bildirip, regional meclisni\u00f1 i\u015f plan\u0131na b\u00fcy\u00fck alimni\u00f1 hat\u0131ras\u0131na ba\u011f\u0131\u015flan\u011fan tedbirlerni kirsetmekni tevsiye etti.<\/p>\n\n\n\n<figure class=\"wp-block-image size-full\"><img loading=\"lazy\" decoding=\"async\" width=\"650\" height=\"380\" src=\"http:\/\/qtmm.org\/wp-content\/uploads\/2022\/01\/img_4054_1.jpeg\" alt=\"\" class=\"wp-image-42140\" srcset=\"https:\/\/qtmm.org\/wp-content\/uploads\/2022\/01\/img_4054_1.jpeg 650w, https:\/\/qtmm.org\/wp-content\/uploads\/2022\/01\/img_4054_1-300x175.jpeg 300w\" sizes=\"auto, (max-width: 650px) 100vw, 650px\" \/><\/figure>\n\n\n\n<p>&#8220;Tasil, til ve ne\u015friyat boyunca b\u00f6l\u00fckleri ol\u011fan idaremiz 2014 senesine keni\u015fletilgen i\u015f plan\u0131n\u0131 az\u0131rlad\u0131, &#8211; dedi Avamileva. \u2013 Biz regionlardan da bu taqvimge kirsetilecek vaqia ve hat\u0131ra k\u00fcnlerini\u00f1 cedvelini bekleymiz&#8221;<\/p>\n\n\n\n<figure class=\"wp-block-image size-full\"><img loading=\"lazy\" decoding=\"async\" width=\"650\" height=\"417\" src=\"http:\/\/qtmm.org\/wp-content\/uploads\/2022\/01\/img_4068.jpeg\" alt=\"\" class=\"wp-image-42144\" srcset=\"https:\/\/qtmm.org\/wp-content\/uploads\/2022\/01\/img_4068.jpeg 650w, https:\/\/qtmm.org\/wp-content\/uploads\/2022\/01\/img_4068-300x192.jpeg 300w\" sizes=\"auto, (max-width: 650px) 100vw, 650px\" \/><\/figure>\n\n\n\n<p>Milliy devriy ne\u015firlerge qoltutmaq, regionlardaki vaqialardan haberdar etmek kerekligi aqq\u0131nda Meclisni\u00f1 Milliy k\u00fctleviy matbuat vastalar\u0131n\u0131\u00f1 inki\u015faf\u0131 idaresini\u00f1 ba\u015f\u0131 Gayana Y\u00fcksel ik\u00e2ye etti. On\u0131\u00f1 aytqan\u0131na k\u00f6re, bu maqsadnen reberligi alt\u0131ndaki idare 2014 senesi regional meclisler i\u00e7\u00fcn k\u00fctleviy matbuat vastalar\u0131nen ve cemaat\u00e7\u0131l\u0131q vekillerinen \u00e7al\u0131\u015fuv al\u0131\u015fq\u0131nl\u0131\u011f\u0131n\u0131 a\u015flamaq boyunca seminar trening ke\u00e7irmek niyetinde.<\/p>\n\n\n\n<p>\u00d6z imk\u00e2nlar\u0131na k\u00f6re ve milliy ruhn\u0131\u00f1 y\u00fcksek seviyesi sayesinde Aqyar region\u0131nda ya\u015fa\u011fan 5000 q\u0131r\u0131mtatar\u0131 Q\u0131r\u0131mtatar medeniyetini \u011fayr\u0131dan tiklev merkezini meydan\u011fa ketirip, &#8220;Aqyar dal\u011fas\u0131&#8221; yay\u0131n\u0131n\u0131 az\u0131rlaylar. Eki bala ansambli \u00e7al\u0131\u015fa. L\u00e2kin problemler de yoq degil, \u015fu c\u00fcmleden Aqyarda al\u00e2 daa milliy mektep a\u00e7\u0131lmad\u0131.<\/p>\n\n\n\n<figure class=\"wp-block-image size-full\"><img loading=\"lazy\" decoding=\"async\" width=\"655\" height=\"337\" src=\"http:\/\/qtmm.org\/wp-content\/uploads\/2022\/01\/img_4039.jpeg\" alt=\"\" class=\"wp-image-42148\" srcset=\"https:\/\/qtmm.org\/wp-content\/uploads\/2022\/01\/img_4039.jpeg 655w, https:\/\/qtmm.org\/wp-content\/uploads\/2022\/01\/img_4039-300x154.jpeg 300w\" sizes=\"auto, (max-width: 655px) 100vw, 655px\" \/><\/figure>\n\n\n\n<p>&#8220;2014 senesi &#8220;Muniver&#8221; mustaqil diniy te\u015fkil\u00e2tn\u0131\u00f1 te\u015febb\u00fcsi ve meclisimizni\u00f1 qoltutuv\u0131nda biz Aqyardaki yek\u00e2ne camini\u00f1 100 y\u0131ll\u0131\u011f\u0131na ba\u011f\u0131\u015flan\u011fan tedbirler ke\u00e7irecekmiz&#8221;, &#8211; dey Aqyar regional meclis reisi Enver Mamutdinov<\/p>\n\n\n\n<p>&#8220;Muniver&#8221; mustaqil diniy te\u015fkil\u00e2tn\u0131\u00f1 reisi Enver Resulevni\u00f1 daveti ile Meclis yolba\u015f\u00e7\u0131lar\u0131 ve idare reberleri Aqyarn\u0131\u00f1 b\u00fcy\u00fck camisini ziyaret ettiler. &#8220;Arbiy arhiv yerle\u015ftirilgen camini\u00f1 halq\u0131m\u0131z\u011fa qaytar\u0131lmas\u0131n\u0131 biz 1990 senesinden berli talap etemiz, &#8211; dep ik\u00e2ye ete Enver Resulev. \u2013 T\u00fcrkiyeni\u00f1 yard\u0131m\u0131 sayesinde 1994 senesi camini restavratsiya yapt\u0131q, medrese a\u00e7t\u0131q. Bug\u00fcnde-bug\u00fcn onda 20 sohta oqumaqta&#8221;.<\/p>\n\n\n\n<figure class=\"wp-block-image size-full\"><img loading=\"lazy\" decoding=\"async\" width=\"650\" height=\"855\" src=\"http:\/\/qtmm.org\/wp-content\/uploads\/2022\/01\/img_4123.jpeg\" alt=\"\" class=\"wp-image-42152\" srcset=\"https:\/\/qtmm.org\/wp-content\/uploads\/2022\/01\/img_4123.jpeg 650w, https:\/\/qtmm.org\/wp-content\/uploads\/2022\/01\/img_4123-228x300.jpeg 228w\" sizes=\"auto, (max-width: 650px) 100vw, 650px\" \/><\/figure>\n\n\n\n<p>E.Resulevni\u00f1 bildirgenine k\u00f6re camide 300 adam s\u0131\u011fabile. &#8220;Yaq\u0131n arada mahsus s\u0131mar\u0131\u015f boyunca yasal\u011fan camini\u00f1 kiri\u015f qap\u0131lar\u0131 da qoyulacaq, &#8211; dey Aqyar camisini\u00f1 \u011fayr\u0131dan tiklenmesi ve \u00e7al\u0131\u015fmas\u0131 i\u00e7\u00fcn \u00e7oq y\u0131llardan berli k\u00fc\u00e7\u00fcni sarf etip kelgen E. Resulev.<\/p>\n\n\n\n<p>Meclis reisini\u00f1 muavini Zaur Smirnov Meclis ad\u0131ndan Aqyar regional meclis reisi ve &#8220;Muniver&#8221; din cemiyetini\u00f1 reisi Enver Resulevge q\u0131r\u0131mtatar halq\u0131n\u0131\u00f1 maneviy ve medeniy degerliklerine k\u00f6stergen ayr\u0131ca diqqat\u0131 ve qay\u011f\u0131ruv\u0131 i\u00e7\u00fcn te\u015fekk\u00fcr bildirip, Q\u0131r\u0131m musulmanlar\u0131 diniy idaresinen s\u0131q\u0131 ba\u011f tut\u0131p \u00e7al\u0131\u015fmas\u0131 regionda diniy stabillikni teminlep, sahte diniy aq\u0131mlar\u011fa yol bermeycegini qayd etti.<\/p>\n\n\n\n<figure class=\"wp-block-gallery columns-3 is-cropped wp-block-gallery-1 is-layout-flex wp-block-gallery-is-layout-flex\"><ul class=\"blocks-gallery-grid\"><li class=\"blocks-gallery-item\"><figure><a href=\"http:\/\/qtmm.org\/wp-content\/uploads\/2022\/01\/52bfd75f2f640.jpeg\"><img loading=\"lazy\" decoding=\"async\" width=\"640\" height=\"480\" src=\"http:\/\/qtmm.org\/wp-content\/uploads\/2022\/01\/52bfd75f2f640.jpeg\" alt=\"\" data-id=\"42156\" data-full-url=\"http:\/\/qtmm.org\/wp-content\/uploads\/2022\/01\/52bfd75f2f640.jpeg\" data-link=\"http:\/\/qtmm.org\/qt\/?attachment_id=42156\" class=\"wp-image-42156\" srcset=\"https:\/\/qtmm.org\/wp-content\/uploads\/2022\/01\/52bfd75f2f640.jpeg 640w, https:\/\/qtmm.org\/wp-content\/uploads\/2022\/01\/52bfd75f2f640-300x225.jpeg 300w\" sizes=\"auto, (max-width: 640px) 100vw, 640px\" \/><\/a><\/figure><\/li><li class=\"blocks-gallery-item\"><figure><a href=\"http:\/\/qtmm.org\/wp-content\/uploads\/2022\/01\/52bfd75f5f381.jpeg\"><img loading=\"lazy\" decoding=\"async\" width=\"640\" height=\"480\" src=\"http:\/\/qtmm.org\/wp-content\/uploads\/2022\/01\/52bfd75f5f381.jpeg\" alt=\"\" data-id=\"42160\" data-full-url=\"http:\/\/qtmm.org\/wp-content\/uploads\/2022\/01\/52bfd75f5f381.jpeg\" data-link=\"http:\/\/qtmm.org\/qt\/?attachment_id=42160\" class=\"wp-image-42160\" srcset=\"https:\/\/qtmm.org\/wp-content\/uploads\/2022\/01\/52bfd75f5f381.jpeg 640w, https:\/\/qtmm.org\/wp-content\/uploads\/2022\/01\/52bfd75f5f381-300x225.jpeg 300w\" sizes=\"auto, (max-width: 640px) 100vw, 640px\" \/><\/a><\/figure><\/li><li class=\"blocks-gallery-item\"><figure><a href=\"http:\/\/qtmm.org\/wp-content\/uploads\/2022\/01\/52bfd75f8f73d.jpeg\"><img loading=\"lazy\" decoding=\"async\" width=\"640\" height=\"480\" src=\"http:\/\/qtmm.org\/wp-content\/uploads\/2022\/01\/52bfd75f8f73d.jpeg\" alt=\"\" data-id=\"42164\" data-full-url=\"http:\/\/qtmm.org\/wp-content\/uploads\/2022\/01\/52bfd75f8f73d.jpeg\" data-link=\"http:\/\/qtmm.org\/qt\/?attachment_id=42164\" class=\"wp-image-42164\" srcset=\"https:\/\/qtmm.org\/wp-content\/uploads\/2022\/01\/52bfd75f8f73d.jpeg 640w, https:\/\/qtmm.org\/wp-content\/uploads\/2022\/01\/52bfd75f8f73d-300x225.jpeg 300w\" sizes=\"auto, (max-width: 640px) 100vw, 640px\" \/><\/a><\/figure><\/li><li class=\"blocks-gallery-item\"><figure><a href=\"http:\/\/qtmm.org\/wp-content\/uploads\/2022\/01\/52bfd75f772ac.jpeg\"><img loading=\"lazy\" decoding=\"async\" width=\"640\" height=\"480\" src=\"http:\/\/qtmm.org\/wp-content\/uploads\/2022\/01\/52bfd75f772ac.jpeg\" alt=\"\" data-id=\"42168\" data-full-url=\"http:\/\/qtmm.org\/wp-content\/uploads\/2022\/01\/52bfd75f772ac.jpeg\" data-link=\"http:\/\/qtmm.org\/qt\/?attachment_id=42168\" class=\"wp-image-42168\" srcset=\"https:\/\/qtmm.org\/wp-content\/uploads\/2022\/01\/52bfd75f772ac.jpeg 640w, https:\/\/qtmm.org\/wp-content\/uploads\/2022\/01\/52bfd75f772ac-300x225.jpeg 300w\" sizes=\"auto, (max-width: 640px) 100vw, 640px\" \/><\/a><\/figure><\/li><li class=\"blocks-gallery-item\"><figure><a href=\"http:\/\/qtmm.org\/wp-content\/uploads\/2022\/01\/52bfd75f4752f.jpeg\"><img loading=\"lazy\" decoding=\"async\" width=\"640\" height=\"480\" src=\"http:\/\/qtmm.org\/wp-content\/uploads\/2022\/01\/52bfd75f4752f.jpeg\" alt=\"\" data-id=\"42172\" data-full-url=\"http:\/\/qtmm.org\/wp-content\/uploads\/2022\/01\/52bfd75f4752f.jpeg\" data-link=\"http:\/\/qtmm.org\/qt\/?attachment_id=42172\" class=\"wp-image-42172\" srcset=\"https:\/\/qtmm.org\/wp-content\/uploads\/2022\/01\/52bfd75f4752f.jpeg 640w, https:\/\/qtmm.org\/wp-content\/uploads\/2022\/01\/52bfd75f4752f-300x225.jpeg 300w\" sizes=\"auto, (max-width: 640px) 100vw, 640px\" \/><\/a><\/figure><\/li><li class=\"blocks-gallery-item\"><figure><a href=\"http:\/\/qtmm.org\/wp-content\/uploads\/2022\/01\/52bfd75fa7990.jpeg\"><img loading=\"lazy\" decoding=\"async\" width=\"640\" height=\"480\" src=\"http:\/\/qtmm.org\/wp-content\/uploads\/2022\/01\/52bfd75fa7990.jpeg\" alt=\"\" data-id=\"42176\" data-full-url=\"http:\/\/qtmm.org\/wp-content\/uploads\/2022\/01\/52bfd75fa7990.jpeg\" data-link=\"http:\/\/qtmm.org\/qt\/?attachment_id=42176\" class=\"wp-image-42176\" srcset=\"https:\/\/qtmm.org\/wp-content\/uploads\/2022\/01\/52bfd75fa7990.jpeg 640w, https:\/\/qtmm.org\/wp-content\/uploads\/2022\/01\/52bfd75fa7990-300x225.jpeg 300w\" sizes=\"auto, (max-width: 640px) 100vw, 640px\" \/><\/a><\/figure><\/li><li class=\"blocks-gallery-item\"><figure><a href=\"http:\/\/qtmm.org\/wp-content\/uploads\/2022\/01\/52bfd75fbf93e.jpeg\"><img loading=\"lazy\" decoding=\"async\" width=\"640\" height=\"480\" src=\"http:\/\/qtmm.org\/wp-content\/uploads\/2022\/01\/52bfd75fbf93e.jpeg\" alt=\"\" data-id=\"42180\" data-full-url=\"http:\/\/qtmm.org\/wp-content\/uploads\/2022\/01\/52bfd75fbf93e.jpeg\" data-link=\"http:\/\/qtmm.org\/qt\/?attachment_id=42180\" class=\"wp-image-42180\" srcset=\"https:\/\/qtmm.org\/wp-content\/uploads\/2022\/01\/52bfd75fbf93e.jpeg 640w, https:\/\/qtmm.org\/wp-content\/uploads\/2022\/01\/52bfd75fbf93e-300x225.jpeg 300w\" sizes=\"auto, (max-width: 640px) 100vw, 640px\" \/><\/a><\/figure><\/li><li class=\"blocks-gallery-item\"><figure><a href=\"http:\/\/qtmm.org\/wp-content\/uploads\/2022\/01\/52bfd75fd87c9.jpeg\"><img loading=\"lazy\" decoding=\"async\" width=\"640\" height=\"480\" src=\"http:\/\/qtmm.org\/wp-content\/uploads\/2022\/01\/52bfd75fd87c9.jpeg\" alt=\"\" data-id=\"42184\" data-full-url=\"http:\/\/qtmm.org\/wp-content\/uploads\/2022\/01\/52bfd75fd87c9.jpeg\" data-link=\"http:\/\/qtmm.org\/qt\/?attachment_id=42184\" class=\"wp-image-42184\" srcset=\"https:\/\/qtmm.org\/wp-content\/uploads\/2022\/01\/52bfd75fd87c9.jpeg 640w, https:\/\/qtmm.org\/wp-content\/uploads\/2022\/01\/52bfd75fd87c9-300x225.jpeg 300w\" sizes=\"auto, (max-width: 640px) 100vw, 640px\" \/><\/a><\/figure><\/li><li class=\"blocks-gallery-item\"><figure><a href=\"http:\/\/qtmm.org\/wp-content\/uploads\/2022\/01\/52bfd75ff0db2.jpeg\"><img loading=\"lazy\" decoding=\"async\" width=\"640\" height=\"480\" src=\"http:\/\/qtmm.org\/wp-content\/uploads\/2022\/01\/52bfd75ff0db2.jpeg\" alt=\"\" data-id=\"42188\" data-full-url=\"http:\/\/qtmm.org\/wp-content\/uploads\/2022\/01\/52bfd75ff0db2.jpeg\" data-link=\"http:\/\/qtmm.org\/qt\/?attachment_id=42188\" class=\"wp-image-42188\" srcset=\"https:\/\/qtmm.org\/wp-content\/uploads\/2022\/01\/52bfd75ff0db2.jpeg 640w, https:\/\/qtmm.org\/wp-content\/uploads\/2022\/01\/52bfd75ff0db2-300x225.jpeg 300w\" sizes=\"auto, (max-width: 640px) 100vw, 640px\" \/><\/a><\/figure><\/li><li class=\"blocks-gallery-item\"><figure><a href=\"http:\/\/qtmm.org\/wp-content\/uploads\/2022\/01\/52bfd703c0c8a.jpeg\"><img loading=\"lazy\" decoding=\"async\" width=\"640\" height=\"480\" src=\"http:\/\/qtmm.org\/wp-content\/uploads\/2022\/01\/52bfd703c0c8a.jpeg\" alt=\"\" data-id=\"42192\" data-full-url=\"http:\/\/qtmm.org\/wp-content\/uploads\/2022\/01\/52bfd703c0c8a.jpeg\" data-link=\"http:\/\/qtmm.org\/qt\/?attachment_id=42192\" class=\"wp-image-42192\" srcset=\"https:\/\/qtmm.org\/wp-content\/uploads\/2022\/01\/52bfd703c0c8a.jpeg 640w, https:\/\/qtmm.org\/wp-content\/uploads\/2022\/01\/52bfd703c0c8a-300x225.jpeg 300w\" sizes=\"auto, (max-width: 640px) 100vw, 640px\" \/><\/a><\/figure><\/li><li class=\"blocks-gallery-item\"><figure><a href=\"http:\/\/qtmm.org\/wp-content\/uploads\/2022\/01\/52bfd703d9891.jpeg\"><img loading=\"lazy\" decoding=\"async\" width=\"640\" height=\"480\" src=\"http:\/\/qtmm.org\/wp-content\/uploads\/2022\/01\/52bfd703d9891.jpeg\" alt=\"\" data-id=\"42196\" data-full-url=\"http:\/\/qtmm.org\/wp-content\/uploads\/2022\/01\/52bfd703d9891.jpeg\" data-link=\"http:\/\/qtmm.org\/qt\/?attachment_id=42196\" class=\"wp-image-42196\" srcset=\"https:\/\/qtmm.org\/wp-content\/uploads\/2022\/01\/52bfd703d9891.jpeg 640w, https:\/\/qtmm.org\/wp-content\/uploads\/2022\/01\/52bfd703d9891-300x225.jpeg 300w\" sizes=\"auto, (max-width: 640px) 100vw, 640px\" \/><\/a><\/figure><\/li><li class=\"blocks-gallery-item\"><figure><a href=\"http:\/\/qtmm.org\/wp-content\/uploads\/2022\/01\/52bfd703f21ec.jpeg\"><img loading=\"lazy\" decoding=\"async\" width=\"640\" height=\"480\" src=\"http:\/\/qtmm.org\/wp-content\/uploads\/2022\/01\/52bfd703f21ec.jpeg\" alt=\"\" data-id=\"42200\" data-full-url=\"http:\/\/qtmm.org\/wp-content\/uploads\/2022\/01\/52bfd703f21ec.jpeg\" data-link=\"http:\/\/qtmm.org\/qt\/?attachment_id=42200\" class=\"wp-image-42200\" srcset=\"https:\/\/qtmm.org\/wp-content\/uploads\/2022\/01\/52bfd703f21ec.jpeg 640w, https:\/\/qtmm.org\/wp-content\/uploads\/2022\/01\/52bfd703f21ec-300x225.jpeg 300w\" sizes=\"auto, (max-width: 640px) 100vw, 640px\" \/><\/a><\/figure><\/li><li class=\"blocks-gallery-item\"><figure><a href=\"http:\/\/qtmm.org\/wp-content\/uploads\/2022\/01\/52bfd704a6392.jpeg\"><img loading=\"lazy\" decoding=\"async\" width=\"640\" height=\"480\" src=\"http:\/\/qtmm.org\/wp-content\/uploads\/2022\/01\/52bfd704a6392.jpeg\" alt=\"\" data-id=\"42204\" data-full-url=\"http:\/\/qtmm.org\/wp-content\/uploads\/2022\/01\/52bfd704a6392.jpeg\" data-link=\"http:\/\/qtmm.org\/qt\/?attachment_id=42204\" class=\"wp-image-42204\" srcset=\"https:\/\/qtmm.org\/wp-content\/uploads\/2022\/01\/52bfd704a6392.jpeg 640w, https:\/\/qtmm.org\/wp-content\/uploads\/2022\/01\/52bfd704a6392-300x225.jpeg 300w\" sizes=\"auto, (max-width: 640px) 100vw, 640px\" \/><\/a><\/figure><\/li><li class=\"blocks-gallery-item\"><figure><a href=\"http:\/\/qtmm.org\/wp-content\/uploads\/2022\/01\/52bfd704be8f4.jpeg\"><img loading=\"lazy\" decoding=\"async\" width=\"640\" height=\"480\" src=\"http:\/\/qtmm.org\/wp-content\/uploads\/2022\/01\/52bfd704be8f4.jpeg\" alt=\"\" data-id=\"42208\" data-full-url=\"http:\/\/qtmm.org\/wp-content\/uploads\/2022\/01\/52bfd704be8f4.jpeg\" data-link=\"http:\/\/qtmm.org\/qt\/?attachment_id=42208\" class=\"wp-image-42208\" srcset=\"https:\/\/qtmm.org\/wp-content\/uploads\/2022\/01\/52bfd704be8f4.jpeg 640w, https:\/\/qtmm.org\/wp-content\/uploads\/2022\/01\/52bfd704be8f4-300x225.jpeg 300w\" sizes=\"auto, (max-width: 640px) 100vw, 640px\" \/><\/a><\/figure><\/li><li class=\"blocks-gallery-item\"><figure><a href=\"http:\/\/qtmm.org\/wp-content\/uploads\/2022\/01\/52bfd704d6895.jpeg\"><img loading=\"lazy\" decoding=\"async\" width=\"640\" height=\"480\" src=\"http:\/\/qtmm.org\/wp-content\/uploads\/2022\/01\/52bfd704d6895.jpeg\" alt=\"\" data-id=\"42212\" data-full-url=\"http:\/\/qtmm.org\/wp-content\/uploads\/2022\/01\/52bfd704d6895.jpeg\" data-link=\"http:\/\/qtmm.org\/qt\/?attachment_id=42212\" class=\"wp-image-42212\" srcset=\"https:\/\/qtmm.org\/wp-content\/uploads\/2022\/01\/52bfd704d6895.jpeg 640w, https:\/\/qtmm.org\/wp-content\/uploads\/2022\/01\/52bfd704d6895-300x225.jpeg 300w\" sizes=\"auto, (max-width: 640px) 100vw, 640px\" \/><\/a><\/figure><\/li><li class=\"blocks-gallery-item\"><figure><a href=\"http:\/\/qtmm.org\/wp-content\/uploads\/2022\/01\/52bfd760aa7a1.jpeg\"><img loading=\"lazy\" decoding=\"async\" width=\"640\" height=\"480\" src=\"http:\/\/qtmm.org\/wp-content\/uploads\/2022\/01\/52bfd760aa7a1.jpeg\" alt=\"\" data-id=\"42216\" data-full-url=\"http:\/\/qtmm.org\/wp-content\/uploads\/2022\/01\/52bfd760aa7a1.jpeg\" data-link=\"http:\/\/qtmm.org\/qt\/?attachment_id=42216\" class=\"wp-image-42216\" srcset=\"https:\/\/qtmm.org\/wp-content\/uploads\/2022\/01\/52bfd760aa7a1.jpeg 640w, https:\/\/qtmm.org\/wp-content\/uploads\/2022\/01\/52bfd760aa7a1-300x225.jpeg 300w\" sizes=\"auto, (max-width: 640px) 100vw, 640px\" \/><\/a><\/figure><\/li><li class=\"blocks-gallery-item\"><figure><a href=\"http:\/\/qtmm.org\/wp-content\/uploads\/2022\/01\/52bfd7042f590.jpeg\"><img loading=\"lazy\" decoding=\"async\" width=\"640\" height=\"480\" src=\"http:\/\/qtmm.org\/wp-content\/uploads\/2022\/01\/52bfd7042f590.jpeg\" alt=\"\" data-id=\"42220\" data-full-url=\"http:\/\/qtmm.org\/wp-content\/uploads\/2022\/01\/52bfd7042f590.jpeg\" data-link=\"http:\/\/qtmm.org\/qt\/?attachment_id=42220\" class=\"wp-image-42220\" srcset=\"https:\/\/qtmm.org\/wp-content\/uploads\/2022\/01\/52bfd7042f590.jpeg 640w, https:\/\/qtmm.org\/wp-content\/uploads\/2022\/01\/52bfd7042f590-300x225.jpeg 300w\" sizes=\"auto, (max-width: 640px) 100vw, 640px\" \/><\/a><\/figure><\/li><li class=\"blocks-gallery-item\"><figure><a href=\"http:\/\/qtmm.org\/wp-content\/uploads\/2022\/01\/52bfd7045ffb6.jpeg\"><img loading=\"lazy\" decoding=\"async\" width=\"640\" height=\"480\" src=\"http:\/\/qtmm.org\/wp-content\/uploads\/2022\/01\/52bfd7045ffb6.jpeg\" alt=\"\" data-id=\"42224\" data-full-url=\"http:\/\/qtmm.org\/wp-content\/uploads\/2022\/01\/52bfd7045ffb6.jpeg\" data-link=\"http:\/\/qtmm.org\/qt\/?attachment_id=42224\" class=\"wp-image-42224\" srcset=\"https:\/\/qtmm.org\/wp-content\/uploads\/2022\/01\/52bfd7045ffb6.jpeg 640w, https:\/\/qtmm.org\/wp-content\/uploads\/2022\/01\/52bfd7045ffb6-300x225.jpeg 300w\" sizes=\"auto, (max-width: 640px) 100vw, 640px\" \/><\/a><\/figure><\/li><li class=\"blocks-gallery-item\"><figure><a href=\"http:\/\/qtmm.org\/wp-content\/uploads\/2022\/01\/52bfd7048f13c.jpeg\"><img loading=\"lazy\" decoding=\"async\" width=\"640\" height=\"480\" src=\"http:\/\/qtmm.org\/wp-content\/uploads\/2022\/01\/52bfd7048f13c.jpeg\" alt=\"\" data-id=\"42228\" data-full-url=\"http:\/\/qtmm.org\/wp-content\/uploads\/2022\/01\/52bfd7048f13c.jpeg\" data-link=\"http:\/\/qtmm.org\/qt\/?attachment_id=42228\" class=\"wp-image-42228\" srcset=\"https:\/\/qtmm.org\/wp-content\/uploads\/2022\/01\/52bfd7048f13c.jpeg 640w, https:\/\/qtmm.org\/wp-content\/uploads\/2022\/01\/52bfd7048f13c-300x225.jpeg 300w\" sizes=\"auto, (max-width: 640px) 100vw, 640px\" \/><\/a><\/figure><\/li><li class=\"blocks-gallery-item\"><figure><a href=\"http:\/\/qtmm.org\/wp-content\/uploads\/2022\/01\/52bfd7602ee1f.jpeg\"><img loading=\"lazy\" decoding=\"async\" width=\"640\" height=\"480\" src=\"http:\/\/qtmm.org\/wp-content\/uploads\/2022\/01\/52bfd7602ee1f.jpeg\" alt=\"\" data-id=\"42232\" data-full-url=\"http:\/\/qtmm.org\/wp-content\/uploads\/2022\/01\/52bfd7602ee1f.jpeg\" data-link=\"http:\/\/qtmm.org\/qt\/?attachment_id=42232\" class=\"wp-image-42232\" srcset=\"https:\/\/qtmm.org\/wp-content\/uploads\/2022\/01\/52bfd7602ee1f.jpeg 640w, https:\/\/qtmm.org\/wp-content\/uploads\/2022\/01\/52bfd7602ee1f-300x225.jpeg 300w\" sizes=\"auto, (max-width: 640px) 100vw, 640px\" \/><\/a><\/figure><\/li><li class=\"blocks-gallery-item\"><figure><a href=\"http:\/\/qtmm.org\/wp-content\/uploads\/2022\/01\/52bfd7607a3d4.jpeg\"><img loading=\"lazy\" decoding=\"async\" width=\"640\" height=\"480\" src=\"http:\/\/qtmm.org\/wp-content\/uploads\/2022\/01\/52bfd7607a3d4.jpeg\" alt=\"\" data-id=\"42236\" data-full-url=\"http:\/\/qtmm.org\/wp-content\/uploads\/2022\/01\/52bfd7607a3d4.jpeg\" data-link=\"http:\/\/qtmm.org\/qt\/?attachment_id=42236\" class=\"wp-image-42236\" srcset=\"https:\/\/qtmm.org\/wp-content\/uploads\/2022\/01\/52bfd7607a3d4.jpeg 640w, https:\/\/qtmm.org\/wp-content\/uploads\/2022\/01\/52bfd7607a3d4-300x225.jpeg 300w\" sizes=\"auto, (max-width: 640px) 100vw, 640px\" \/><\/a><\/figure><\/li><li class=\"blocks-gallery-item\"><figure><a href=\"http:\/\/qtmm.org\/wp-content\/uploads\/2022\/01\/52bfd70447d0b.jpeg\"><img loading=\"lazy\" decoding=\"async\" width=\"640\" height=\"480\" src=\"http:\/\/qtmm.org\/wp-content\/uploads\/2022\/01\/52bfd70447d0b.jpeg\" alt=\"\" data-id=\"42240\" data-full-url=\"http:\/\/qtmm.org\/wp-content\/uploads\/2022\/01\/52bfd70447d0b.jpeg\" data-link=\"http:\/\/qtmm.org\/qt\/?attachment_id=42240\" class=\"wp-image-42240\" srcset=\"https:\/\/qtmm.org\/wp-content\/uploads\/2022\/01\/52bfd70447d0b.jpeg 640w, https:\/\/qtmm.org\/wp-content\/uploads\/2022\/01\/52bfd70447d0b-300x225.jpeg 300w\" sizes=\"auto, (max-width: 640px) 100vw, 640px\" \/><\/a><\/figure><\/li><li class=\"blocks-gallery-item\"><figure><a href=\"http:\/\/qtmm.org\/wp-content\/uploads\/2022\/01\/52bfd76014bcc.jpeg\"><img loading=\"lazy\" decoding=\"async\" width=\"640\" height=\"480\" src=\"http:\/\/qtmm.org\/wp-content\/uploads\/2022\/01\/52bfd76014bcc.jpeg\" alt=\"\" data-id=\"42244\" data-full-url=\"http:\/\/qtmm.org\/wp-content\/uploads\/2022\/01\/52bfd76014bcc.jpeg\" data-link=\"http:\/\/qtmm.org\/qt\/?attachment_id=42244\" class=\"wp-image-42244\" srcset=\"https:\/\/qtmm.org\/wp-content\/uploads\/2022\/01\/52bfd76014bcc.jpeg 640w, https:\/\/qtmm.org\/wp-content\/uploads\/2022\/01\/52bfd76014bcc-300x225.jpeg 300w\" sizes=\"auto, (max-width: 640px) 100vw, 640px\" \/><\/a><\/figure><\/li><li class=\"blocks-gallery-item\"><figure><a href=\"http:\/\/qtmm.org\/wp-content\/uploads\/2022\/01\/52bfd76049dd2.jpeg\"><img loading=\"lazy\" decoding=\"async\" width=\"640\" height=\"480\" src=\"http:\/\/qtmm.org\/wp-content\/uploads\/2022\/01\/52bfd76049dd2.jpeg\" alt=\"\" data-id=\"42248\" data-full-url=\"http:\/\/qtmm.org\/wp-content\/uploads\/2022\/01\/52bfd76049dd2.jpeg\" data-link=\"http:\/\/qtmm.org\/qt\/?attachment_id=42248\" class=\"wp-image-42248\" srcset=\"https:\/\/qtmm.org\/wp-content\/uploads\/2022\/01\/52bfd76049dd2.jpeg 640w, https:\/\/qtmm.org\/wp-content\/uploads\/2022\/01\/52bfd76049dd2-300x225.jpeg 300w\" sizes=\"auto, (max-width: 640px) 100vw, 640px\" \/><\/a><\/figure><\/li><li class=\"blocks-gallery-item\"><figure><a href=\"http:\/\/qtmm.org\/wp-content\/uploads\/2022\/01\/52bfd760918d3.jpeg\"><img loading=\"lazy\" decoding=\"async\" width=\"640\" height=\"480\" src=\"http:\/\/qtmm.org\/wp-content\/uploads\/2022\/01\/52bfd760918d3.jpeg\" alt=\"\" data-id=\"42252\" data-full-url=\"http:\/\/qtmm.org\/wp-content\/uploads\/2022\/01\/52bfd760918d3.jpeg\" data-link=\"http:\/\/qtmm.org\/qt\/?attachment_id=42252\" class=\"wp-image-42252\" srcset=\"https:\/\/qtmm.org\/wp-content\/uploads\/2022\/01\/52bfd760918d3.jpeg 640w, https:\/\/qtmm.org\/wp-content\/uploads\/2022\/01\/52bfd760918d3-300x225.jpeg 300w\" sizes=\"auto, (max-width: 640px) 100vw, 640px\" \/><\/a><\/figure><\/li><li class=\"blocks-gallery-item\"><figure><a href=\"http:\/\/qtmm.org\/wp-content\/uploads\/2022\/01\/52bfd7047801f.jpeg\"><img loading=\"lazy\" decoding=\"async\" width=\"640\" height=\"480\" src=\"http:\/\/qtmm.org\/wp-content\/uploads\/2022\/01\/52bfd7047801f.jpeg\" alt=\"\" data-id=\"42256\" data-full-url=\"http:\/\/qtmm.org\/wp-content\/uploads\/2022\/01\/52bfd7047801f.jpeg\" data-link=\"http:\/\/qtmm.org\/qt\/?attachment_id=42256\" class=\"wp-image-42256\" srcset=\"https:\/\/qtmm.org\/wp-content\/uploads\/2022\/01\/52bfd7047801f.jpeg 640w, https:\/\/qtmm.org\/wp-content\/uploads\/2022\/01\/52bfd7047801f-300x225.jpeg 300w\" sizes=\"auto, (max-width: 640px) 100vw, 640px\" \/><\/a><\/figure><\/li><li class=\"blocks-gallery-item\"><figure><a href=\"http:\/\/qtmm.org\/wp-content\/uploads\/2022\/01\/52bfd70417412.jpeg\"><img loading=\"lazy\" decoding=\"async\" width=\"640\" height=\"480\" src=\"http:\/\/qtmm.org\/wp-content\/uploads\/2022\/01\/52bfd70417412.jpeg\" alt=\"\" data-id=\"42260\" data-full-url=\"http:\/\/qtmm.org\/wp-content\/uploads\/2022\/01\/52bfd70417412.jpeg\" data-link=\"http:\/\/qtmm.org\/qt\/?attachment_id=42260\" class=\"wp-image-42260\" srcset=\"https:\/\/qtmm.org\/wp-content\/uploads\/2022\/01\/52bfd70417412.jpeg 640w, https:\/\/qtmm.org\/wp-content\/uploads\/2022\/01\/52bfd70417412-300x225.jpeg 300w\" sizes=\"auto, (max-width: 640px) 100vw, 640px\" \/><\/a><\/figure><\/li><li class=\"blocks-gallery-item\"><figure><a href=\"http:\/\/qtmm.org\/wp-content\/uploads\/2022\/01\/52bfd76063041.jpeg\"><img loading=\"lazy\" decoding=\"async\" width=\"640\" height=\"480\" src=\"http:\/\/qtmm.org\/wp-content\/uploads\/2022\/01\/52bfd76063041.jpeg\" alt=\"\" data-id=\"42264\" data-full-url=\"http:\/\/qtmm.org\/wp-content\/uploads\/2022\/01\/52bfd76063041.jpeg\" data-link=\"http:\/\/qtmm.org\/qt\/?attachment_id=42264\" class=\"wp-image-42264\" srcset=\"https:\/\/qtmm.org\/wp-content\/uploads\/2022\/01\/52bfd76063041.jpeg 640w, https:\/\/qtmm.org\/wp-content\/uploads\/2022\/01\/52bfd76063041-300x225.jpeg 300w\" sizes=\"auto, (max-width: 640px) 100vw, 640px\" \/><\/a><\/figure><\/li><\/ul><\/figure>\n","protected":false},"excerpt":{"rendered":"<p>2013 senesi dekabr 26 Meclis yolba\u015f\u00e7\u0131lar\u0131 ve Meclis idare reberlerini\u00f1 Aqyar region\u0131ndan saylan\u011fan Qurultay delegatlar\u0131, yerli milliy idare organlar\u0131, yerli \u015furalarn\u0131\u00f1 deputatlar\u0131 ve musulman cemiyetlerini\u00f1 reislerinen regionlarara topla\u015fuv\u0131 ol\u0131p ke\u00e7ti. Topla\u015fuvda Meclis reisini\u00f1 muavinleri Zaur Smirnov ve Ayder Acimambetov, Meclis idare ve h\u0131zmetlerini\u00f1 reberleri Emine Avamileva, Teyfuk Gafarov ve Gayana Y\u00fcksel, Meclis azalar\u0131 Dinara Seytgaziyeva, [&hellip;]<\/p>\n","protected":false},"author":1,"featured_media":42248,"comment_status":"open","ping_status":"open","sticky":false,"template":"","format":"standard","meta":{"inline_featured_image":false,"footnotes":""},"categories":[265],"tags":[],"class_list":["post-42135","post","type-post","status-publish","format-standard","has-post-thumbnail","hentry","category-haberler"],"acf":[],"yoast_head":"<!-- This site is optimized with the Yoast SEO plugin v27.4 - https:\/\/yoast.com\/product\/yoast-seo-wordpress\/ -->\n<title>2014 senesi Y\u00dcNESKO imayesi alt\u0131nda ulu q\u0131r\u0131mtatar m\u00fctefekkiri \u0130smail Gasprinskiy hat\u0131ras\u0131na ba\u011f\u0131\u015flan\u011fan tedbirler ke\u00e7irilecek - \u041c\u0435\u0434\u0436\u043b\u0456\u0441<\/title>\n<meta name=\"robots\" content=\"index, follow, max-snippet:-1, max-image-preview:large, max-video-preview:-1\" \/>\n<link rel=\"canonical\" href=\"https:\/\/qtmm.org\/qt\/2014-senesi-yunesko-imayesi-altinda-ulu-qirimtatar-mutefekkiri-ismail-gasprinskiy-hatirasina-bagislangan-tedbirler-kecirilecek\/\" \/>\n<meta property=\"og:locale\" content=\"en_US\" \/>\n<meta property=\"og:type\" content=\"article\" \/>\n<meta property=\"og:title\" content=\"2014 senesi Y\u00dcNESKO imayesi alt\u0131nda ulu q\u0131r\u0131mtatar m\u00fctefekkiri \u0130smail Gasprinskiy hat\u0131ras\u0131na ba\u011f\u0131\u015flan\u011fan tedbirler ke\u00e7irilecek - \u041c\u0435\u0434\u0436\u043b\u0456\u0441\" \/>\n<meta property=\"og:description\" content=\"2013 senesi dekabr 26 Meclis yolba\u015f\u00e7\u0131lar\u0131 ve Meclis idare reberlerini\u00f1 Aqyar region\u0131ndan saylan\u011fan Qurultay delegatlar\u0131, yerli milliy idare organlar\u0131, yerli \u015furalarn\u0131\u00f1 deputatlar\u0131 ve musulman cemiyetlerini\u00f1 reislerinen regionlarara topla\u015fuv\u0131 ol\u0131p ke\u00e7ti. Topla\u015fuvda Meclis reisini\u00f1 muavinleri Zaur Smirnov ve Ayder Acimambetov, Meclis idare ve h\u0131zmetlerini\u00f1 reberleri Emine Avamileva, Teyfuk Gafarov ve Gayana Y\u00fcksel, Meclis azalar\u0131 Dinara Seytgaziyeva, [&hellip;]\" \/>\n<meta property=\"og:url\" content=\"https:\/\/qtmm.org\/qt\/2014-senesi-yunesko-imayesi-altinda-ulu-qirimtatar-mutefekkiri-ismail-gasprinskiy-hatirasina-bagislangan-tedbirler-kecirilecek\/\" \/>\n<meta property=\"og:site_name\" content=\"\u041c\u0435\u0434\u0436\u043b\u0456\u0441\" \/>\n<meta property=\"article:publisher\" content=\"https:\/\/www.facebook.com\/qtmm.info\/\" \/>\n<meta property=\"article:published_time\" content=\"2013-12-26T10:46:00+00:00\" \/>\n<meta property=\"article:modified_time\" content=\"2022-01-27T10:52:38+00:00\" \/>\n<meta property=\"og:image\" content=\"https:\/\/qtmm.org\/wp-content\/uploads\/2022\/01\/52bfd76049dd2.jpeg\" \/>\n\t<meta property=\"og:image:width\" content=\"640\" \/>\n\t<meta property=\"og:image:height\" content=\"480\" \/>\n\t<meta property=\"og:image:type\" content=\"image\/jpeg\" \/>\n<meta name=\"author\" content=\"Developer\" \/>\n<meta name=\"twitter:card\" content=\"summary_large_image\" \/>\n<meta name=\"twitter:label1\" content=\"Written by\" \/>\n\t<meta name=\"twitter:data1\" content=\"Developer\" \/>\n\t<meta name=\"twitter:label2\" content=\"Est. reading time\" \/>\n\t<meta name=\"twitter:data2\" content=\"3 minutes\" \/>\n<script type=\"application\/ld+json\" class=\"yoast-schema-graph\">{\"@context\":\"https:\\\/\\\/schema.org\",\"@graph\":[{\"@type\":\"Article\",\"@id\":\"https:\\\/\\\/qtmm.org\\\/qt\\\/2014-senesi-yunesko-imayesi-altinda-ulu-qirimtatar-mutefekkiri-ismail-gasprinskiy-hatirasina-bagislangan-tedbirler-kecirilecek\\\/#article\",\"isPartOf\":{\"@id\":\"https:\\\/\\\/qtmm.org\\\/qt\\\/2014-senesi-yunesko-imayesi-altinda-ulu-qirimtatar-mutefekkiri-ismail-gasprinskiy-hatirasina-bagislangan-tedbirler-kecirilecek\\\/\"},\"author\":{\"name\":\"Developer\",\"@id\":\"https:\\\/\\\/qtmm.org\\\/qt\\\/#\\\/schema\\\/person\\\/de562469f971dec226ac06e60bbf74a7\"},\"headline\":\"2014 senesi Y\u00dcNESKO imayesi alt\u0131nda ulu q\u0131r\u0131mtatar m\u00fctefekkiri \u0130smail Gasprinskiy hat\u0131ras\u0131na ba\u011f\u0131\u015flan\u011fan tedbirler ke\u00e7irilecek\",\"datePublished\":\"2013-12-26T10:46:00+00:00\",\"dateModified\":\"2022-01-27T10:52:38+00:00\",\"mainEntityOfPage\":{\"@id\":\"https:\\\/\\\/qtmm.org\\\/qt\\\/2014-senesi-yunesko-imayesi-altinda-ulu-qirimtatar-mutefekkiri-ismail-gasprinskiy-hatirasina-bagislangan-tedbirler-kecirilecek\\\/\"},\"wordCount\":712,\"commentCount\":0,\"publisher\":{\"@id\":\"https:\\\/\\\/qtmm.org\\\/qt\\\/#organization\"},\"image\":{\"@id\":\"https:\\\/\\\/qtmm.org\\\/qt\\\/2014-senesi-yunesko-imayesi-altinda-ulu-qirimtatar-mutefekkiri-ismail-gasprinskiy-hatirasina-bagislangan-tedbirler-kecirilecek\\\/#primaryimage\"},\"thumbnailUrl\":\"https:\\\/\\\/qtmm.org\\\/wp-content\\\/uploads\\\/2022\\\/01\\\/52bfd76049dd2.jpeg\",\"articleSection\":[\"Haberler\"],\"inLanguage\":\"qt\",\"potentialAction\":[{\"@type\":\"CommentAction\",\"name\":\"Comment\",\"target\":[\"https:\\\/\\\/qtmm.org\\\/qt\\\/2014-senesi-yunesko-imayesi-altinda-ulu-qirimtatar-mutefekkiri-ismail-gasprinskiy-hatirasina-bagislangan-tedbirler-kecirilecek\\\/#respond\"]}]},{\"@type\":\"WebPage\",\"@id\":\"https:\\\/\\\/qtmm.org\\\/qt\\\/2014-senesi-yunesko-imayesi-altinda-ulu-qirimtatar-mutefekkiri-ismail-gasprinskiy-hatirasina-bagislangan-tedbirler-kecirilecek\\\/\",\"url\":\"https:\\\/\\\/qtmm.org\\\/qt\\\/2014-senesi-yunesko-imayesi-altinda-ulu-qirimtatar-mutefekkiri-ismail-gasprinskiy-hatirasina-bagislangan-tedbirler-kecirilecek\\\/\",\"name\":\"2014 senesi Y\u00dcNESKO imayesi alt\u0131nda ulu q\u0131r\u0131mtatar m\u00fctefekkiri \u0130smail Gasprinskiy hat\u0131ras\u0131na ba\u011f\u0131\u015flan\u011fan tedbirler ke\u00e7irilecek - \u041c\u0435\u0434\u0436\u043b\u0456\u0441\",\"isPartOf\":{\"@id\":\"https:\\\/\\\/qtmm.org\\\/qt\\\/#website\"},\"primaryImageOfPage\":{\"@id\":\"https:\\\/\\\/qtmm.org\\\/qt\\\/2014-senesi-yunesko-imayesi-altinda-ulu-qirimtatar-mutefekkiri-ismail-gasprinskiy-hatirasina-bagislangan-tedbirler-kecirilecek\\\/#primaryimage\"},\"image\":{\"@id\":\"https:\\\/\\\/qtmm.org\\\/qt\\\/2014-senesi-yunesko-imayesi-altinda-ulu-qirimtatar-mutefekkiri-ismail-gasprinskiy-hatirasina-bagislangan-tedbirler-kecirilecek\\\/#primaryimage\"},\"thumbnailUrl\":\"https:\\\/\\\/qtmm.org\\\/wp-content\\\/uploads\\\/2022\\\/01\\\/52bfd76049dd2.jpeg\",\"datePublished\":\"2013-12-26T10:46:00+00:00\",\"dateModified\":\"2022-01-27T10:52:38+00:00\",\"breadcrumb\":{\"@id\":\"https:\\\/\\\/qtmm.org\\\/qt\\\/2014-senesi-yunesko-imayesi-altinda-ulu-qirimtatar-mutefekkiri-ismail-gasprinskiy-hatirasina-bagislangan-tedbirler-kecirilecek\\\/#breadcrumb\"},\"inLanguage\":\"qt\",\"potentialAction\":[{\"@type\":\"ReadAction\",\"target\":[\"https:\\\/\\\/qtmm.org\\\/qt\\\/2014-senesi-yunesko-imayesi-altinda-ulu-qirimtatar-mutefekkiri-ismail-gasprinskiy-hatirasina-bagislangan-tedbirler-kecirilecek\\\/\"]}]},{\"@type\":\"ImageObject\",\"inLanguage\":\"qt\",\"@id\":\"https:\\\/\\\/qtmm.org\\\/qt\\\/2014-senesi-yunesko-imayesi-altinda-ulu-qirimtatar-mutefekkiri-ismail-gasprinskiy-hatirasina-bagislangan-tedbirler-kecirilecek\\\/#primaryimage\",\"url\":\"https:\\\/\\\/qtmm.org\\\/wp-content\\\/uploads\\\/2022\\\/01\\\/52bfd76049dd2.jpeg\",\"contentUrl\":\"https:\\\/\\\/qtmm.org\\\/wp-content\\\/uploads\\\/2022\\\/01\\\/52bfd76049dd2.jpeg\",\"width\":640,\"height\":480},{\"@type\":\"BreadcrumbList\",\"@id\":\"https:\\\/\\\/qtmm.org\\\/qt\\\/2014-senesi-yunesko-imayesi-altinda-ulu-qirimtatar-mutefekkiri-ismail-gasprinskiy-hatirasina-bagislangan-tedbirler-kecirilecek\\\/#breadcrumb\",\"itemListElement\":[{\"@type\":\"ListItem\",\"position\":1,\"name\":\"\u0413\u043e\u043b\u043e\u0432\u043d\u0430\",\"item\":\"https:\\\/\\\/qtmm.org\\\/qt\\\/\"},{\"@type\":\"ListItem\",\"position\":2,\"name\":\"2014 senesi Y\u00dcNESKO imayesi alt\u0131nda ulu q\u0131r\u0131mtatar m\u00fctefekkiri \u0130smail Gasprinskiy hat\u0131ras\u0131na ba\u011f\u0131\u015flan\u011fan tedbirler ke\u00e7irilecek\"}]},{\"@type\":\"WebSite\",\"@id\":\"https:\\\/\\\/qtmm.org\\\/qt\\\/#website\",\"url\":\"https:\\\/\\\/qtmm.org\\\/qt\\\/\",\"name\":\"\u041c\u0435\u0434\u0436\u043b\u0456\u0441\",\"description\":\"\",\"publisher\":{\"@id\":\"https:\\\/\\\/qtmm.org\\\/qt\\\/#organization\"},\"potentialAction\":[{\"@type\":\"SearchAction\",\"target\":{\"@type\":\"EntryPoint\",\"urlTemplate\":\"https:\\\/\\\/qtmm.org\\\/qt\\\/?s={search_term_string}\"},\"query-input\":{\"@type\":\"PropertyValueSpecification\",\"valueRequired\":true,\"valueName\":\"search_term_string\"}}],\"inLanguage\":\"qt\"},{\"@type\":\"Organization\",\"@id\":\"https:\\\/\\\/qtmm.org\\\/qt\\\/#organization\",\"name\":\"\u041c\u0435\u0434\u0436\u043b\u0456\u0441\",\"url\":\"https:\\\/\\\/qtmm.org\\\/qt\\\/\",\"logo\":{\"@type\":\"ImageObject\",\"inLanguage\":\"qt\",\"@id\":\"https:\\\/\\\/qtmm.org\\\/qt\\\/#\\\/schema\\\/logo\\\/image\\\/\",\"url\":\"https:\\\/\\\/qtmm.org\\\/wp-content\\\/uploads\\\/2024\\\/12\\\/ua-mejlis-logo-rgb.svg\",\"contentUrl\":\"https:\\\/\\\/qtmm.org\\\/wp-content\\\/uploads\\\/2024\\\/12\\\/ua-mejlis-logo-rgb.svg\",\"caption\":\"\u041c\u0435\u0434\u0436\u043b\u0456\u0441\"},\"image\":{\"@id\":\"https:\\\/\\\/qtmm.org\\\/qt\\\/#\\\/schema\\\/logo\\\/image\\\/\"},\"sameAs\":[\"https:\\\/\\\/www.facebook.com\\\/qtmm.info\\\/\"]},{\"@type\":\"Person\",\"@id\":\"https:\\\/\\\/qtmm.org\\\/qt\\\/#\\\/schema\\\/person\\\/de562469f971dec226ac06e60bbf74a7\",\"name\":\"Developer\",\"image\":{\"@type\":\"ImageObject\",\"inLanguage\":\"qt\",\"@id\":\"https:\\\/\\\/secure.gravatar.com\\\/avatar\\\/392b4cc8fbfeb00b39dfeeab4ee6edded39ffd48e25858637e4765810300227e?s=96&d=mm&r=g\",\"url\":\"https:\\\/\\\/secure.gravatar.com\\\/avatar\\\/392b4cc8fbfeb00b39dfeeab4ee6edded39ffd48e25858637e4765810300227e?s=96&d=mm&r=g\",\"contentUrl\":\"https:\\\/\\\/secure.gravatar.com\\\/avatar\\\/392b4cc8fbfeb00b39dfeeab4ee6edded39ffd48e25858637e4765810300227e?s=96&d=mm&r=g\",\"caption\":\"Developer\"},\"url\":\"https:\\\/\\\/qtmm.org\\\/qt\\\/author\\\/Developer\\\/\"}]}<\/script>\n<!-- \/ Yoast SEO plugin. -->","yoast_head_json":{"title":"2014 senesi Y\u00dcNESKO imayesi alt\u0131nda ulu q\u0131r\u0131mtatar m\u00fctefekkiri \u0130smail Gasprinskiy hat\u0131ras\u0131na ba\u011f\u0131\u015flan\u011fan tedbirler ke\u00e7irilecek - \u041c\u0435\u0434\u0436\u043b\u0456\u0441","robots":{"index":"index","follow":"follow","max-snippet":"max-snippet:-1","max-image-preview":"max-image-preview:large","max-video-preview":"max-video-preview:-1"},"canonical":"https:\/\/qtmm.org\/qt\/2014-senesi-yunesko-imayesi-altinda-ulu-qirimtatar-mutefekkiri-ismail-gasprinskiy-hatirasina-bagislangan-tedbirler-kecirilecek\/","og_locale":"en_US","og_type":"article","og_title":"2014 senesi Y\u00dcNESKO imayesi alt\u0131nda ulu q\u0131r\u0131mtatar m\u00fctefekkiri \u0130smail Gasprinskiy hat\u0131ras\u0131na ba\u011f\u0131\u015flan\u011fan tedbirler ke\u00e7irilecek - \u041c\u0435\u0434\u0436\u043b\u0456\u0441","og_description":"2013 senesi dekabr 26 Meclis yolba\u015f\u00e7\u0131lar\u0131 ve Meclis idare reberlerini\u00f1 Aqyar region\u0131ndan saylan\u011fan Qurultay delegatlar\u0131, yerli milliy idare organlar\u0131, yerli \u015furalarn\u0131\u00f1 deputatlar\u0131 ve musulman cemiyetlerini\u00f1 reislerinen regionlarara topla\u015fuv\u0131 ol\u0131p ke\u00e7ti. Topla\u015fuvda Meclis reisini\u00f1 muavinleri Zaur Smirnov ve Ayder Acimambetov, Meclis idare ve h\u0131zmetlerini\u00f1 reberleri Emine Avamileva, Teyfuk Gafarov ve Gayana Y\u00fcksel, Meclis azalar\u0131 Dinara Seytgaziyeva, [&hellip;]","og_url":"https:\/\/qtmm.org\/qt\/2014-senesi-yunesko-imayesi-altinda-ulu-qirimtatar-mutefekkiri-ismail-gasprinskiy-hatirasina-bagislangan-tedbirler-kecirilecek\/","og_site_name":"\u041c\u0435\u0434\u0436\u043b\u0456\u0441","article_publisher":"https:\/\/www.facebook.com\/qtmm.info\/","article_published_time":"2013-12-26T10:46:00+00:00","article_modified_time":"2022-01-27T10:52:38+00:00","og_image":[{"width":640,"height":480,"url":"https:\/\/qtmm.org\/wp-content\/uploads\/2022\/01\/52bfd76049dd2.jpeg","type":"image\/jpeg"}],"author":"Developer","twitter_card":"summary_large_image","twitter_misc":{"Written by":"Developer","Est. reading time":"3 minutes"},"schema":{"@context":"https:\/\/schema.org","@graph":[{"@type":"Article","@id":"https:\/\/qtmm.org\/qt\/2014-senesi-yunesko-imayesi-altinda-ulu-qirimtatar-mutefekkiri-ismail-gasprinskiy-hatirasina-bagislangan-tedbirler-kecirilecek\/#article","isPartOf":{"@id":"https:\/\/qtmm.org\/qt\/2014-senesi-yunesko-imayesi-altinda-ulu-qirimtatar-mutefekkiri-ismail-gasprinskiy-hatirasina-bagislangan-tedbirler-kecirilecek\/"},"author":{"name":"Developer","@id":"https:\/\/qtmm.org\/qt\/#\/schema\/person\/de562469f971dec226ac06e60bbf74a7"},"headline":"2014 senesi Y\u00dcNESKO imayesi alt\u0131nda ulu q\u0131r\u0131mtatar m\u00fctefekkiri \u0130smail Gasprinskiy hat\u0131ras\u0131na ba\u011f\u0131\u015flan\u011fan tedbirler ke\u00e7irilecek","datePublished":"2013-12-26T10:46:00+00:00","dateModified":"2022-01-27T10:52:38+00:00","mainEntityOfPage":{"@id":"https:\/\/qtmm.org\/qt\/2014-senesi-yunesko-imayesi-altinda-ulu-qirimtatar-mutefekkiri-ismail-gasprinskiy-hatirasina-bagislangan-tedbirler-kecirilecek\/"},"wordCount":712,"commentCount":0,"publisher":{"@id":"https:\/\/qtmm.org\/qt\/#organization"},"image":{"@id":"https:\/\/qtmm.org\/qt\/2014-senesi-yunesko-imayesi-altinda-ulu-qirimtatar-mutefekkiri-ismail-gasprinskiy-hatirasina-bagislangan-tedbirler-kecirilecek\/#primaryimage"},"thumbnailUrl":"https:\/\/qtmm.org\/wp-content\/uploads\/2022\/01\/52bfd76049dd2.jpeg","articleSection":["Haberler"],"inLanguage":"qt","potentialAction":[{"@type":"CommentAction","name":"Comment","target":["https:\/\/qtmm.org\/qt\/2014-senesi-yunesko-imayesi-altinda-ulu-qirimtatar-mutefekkiri-ismail-gasprinskiy-hatirasina-bagislangan-tedbirler-kecirilecek\/#respond"]}]},{"@type":"WebPage","@id":"https:\/\/qtmm.org\/qt\/2014-senesi-yunesko-imayesi-altinda-ulu-qirimtatar-mutefekkiri-ismail-gasprinskiy-hatirasina-bagislangan-tedbirler-kecirilecek\/","url":"https:\/\/qtmm.org\/qt\/2014-senesi-yunesko-imayesi-altinda-ulu-qirimtatar-mutefekkiri-ismail-gasprinskiy-hatirasina-bagislangan-tedbirler-kecirilecek\/","name":"2014 senesi Y\u00dcNESKO imayesi alt\u0131nda ulu q\u0131r\u0131mtatar m\u00fctefekkiri \u0130smail Gasprinskiy hat\u0131ras\u0131na ba\u011f\u0131\u015flan\u011fan tedbirler ke\u00e7irilecek - \u041c\u0435\u0434\u0436\u043b\u0456\u0441","isPartOf":{"@id":"https:\/\/qtmm.org\/qt\/#website"},"primaryImageOfPage":{"@id":"https:\/\/qtmm.org\/qt\/2014-senesi-yunesko-imayesi-altinda-ulu-qirimtatar-mutefekkiri-ismail-gasprinskiy-hatirasina-bagislangan-tedbirler-kecirilecek\/#primaryimage"},"image":{"@id":"https:\/\/qtmm.org\/qt\/2014-senesi-yunesko-imayesi-altinda-ulu-qirimtatar-mutefekkiri-ismail-gasprinskiy-hatirasina-bagislangan-tedbirler-kecirilecek\/#primaryimage"},"thumbnailUrl":"https:\/\/qtmm.org\/wp-content\/uploads\/2022\/01\/52bfd76049dd2.jpeg","datePublished":"2013-12-26T10:46:00+00:00","dateModified":"2022-01-27T10:52:38+00:00","breadcrumb":{"@id":"https:\/\/qtmm.org\/qt\/2014-senesi-yunesko-imayesi-altinda-ulu-qirimtatar-mutefekkiri-ismail-gasprinskiy-hatirasina-bagislangan-tedbirler-kecirilecek\/#breadcrumb"},"inLanguage":"qt","potentialAction":[{"@type":"ReadAction","target":["https:\/\/qtmm.org\/qt\/2014-senesi-yunesko-imayesi-altinda-ulu-qirimtatar-mutefekkiri-ismail-gasprinskiy-hatirasina-bagislangan-tedbirler-kecirilecek\/"]}]},{"@type":"ImageObject","inLanguage":"qt","@id":"https:\/\/qtmm.org\/qt\/2014-senesi-yunesko-imayesi-altinda-ulu-qirimtatar-mutefekkiri-ismail-gasprinskiy-hatirasina-bagislangan-tedbirler-kecirilecek\/#primaryimage","url":"https:\/\/qtmm.org\/wp-content\/uploads\/2022\/01\/52bfd76049dd2.jpeg","contentUrl":"https:\/\/qtmm.org\/wp-content\/uploads\/2022\/01\/52bfd76049dd2.jpeg","width":640,"height":480},{"@type":"BreadcrumbList","@id":"https:\/\/qtmm.org\/qt\/2014-senesi-yunesko-imayesi-altinda-ulu-qirimtatar-mutefekkiri-ismail-gasprinskiy-hatirasina-bagislangan-tedbirler-kecirilecek\/#breadcrumb","itemListElement":[{"@type":"ListItem","position":1,"name":"\u0413\u043e\u043b\u043e\u0432\u043d\u0430","item":"https:\/\/qtmm.org\/qt\/"},{"@type":"ListItem","position":2,"name":"2014 senesi Y\u00dcNESKO imayesi alt\u0131nda ulu q\u0131r\u0131mtatar m\u00fctefekkiri \u0130smail Gasprinskiy hat\u0131ras\u0131na ba\u011f\u0131\u015flan\u011fan tedbirler ke\u00e7irilecek"}]},{"@type":"WebSite","@id":"https:\/\/qtmm.org\/qt\/#website","url":"https:\/\/qtmm.org\/qt\/","name":"\u041c\u0435\u0434\u0436\u043b\u0456\u0441","description":"","publisher":{"@id":"https:\/\/qtmm.org\/qt\/#organization"},"potentialAction":[{"@type":"SearchAction","target":{"@type":"EntryPoint","urlTemplate":"https:\/\/qtmm.org\/qt\/?s={search_term_string}"},"query-input":{"@type":"PropertyValueSpecification","valueRequired":true,"valueName":"search_term_string"}}],"inLanguage":"qt"},{"@type":"Organization","@id":"https:\/\/qtmm.org\/qt\/#organization","name":"\u041c\u0435\u0434\u0436\u043b\u0456\u0441","url":"https:\/\/qtmm.org\/qt\/","logo":{"@type":"ImageObject","inLanguage":"qt","@id":"https:\/\/qtmm.org\/qt\/#\/schema\/logo\/image\/","url":"https:\/\/qtmm.org\/wp-content\/uploads\/2024\/12\/ua-mejlis-logo-rgb.svg","contentUrl":"https:\/\/qtmm.org\/wp-content\/uploads\/2024\/12\/ua-mejlis-logo-rgb.svg","caption":"\u041c\u0435\u0434\u0436\u043b\u0456\u0441"},"image":{"@id":"https:\/\/qtmm.org\/qt\/#\/schema\/logo\/image\/"},"sameAs":["https:\/\/www.facebook.com\/qtmm.info\/"]},{"@type":"Person","@id":"https:\/\/qtmm.org\/qt\/#\/schema\/person\/de562469f971dec226ac06e60bbf74a7","name":"Developer","image":{"@type":"ImageObject","inLanguage":"qt","@id":"https:\/\/secure.gravatar.com\/avatar\/392b4cc8fbfeb00b39dfeeab4ee6edded39ffd48e25858637e4765810300227e?s=96&d=mm&r=g","url":"https:\/\/secure.gravatar.com\/avatar\/392b4cc8fbfeb00b39dfeeab4ee6edded39ffd48e25858637e4765810300227e?s=96&d=mm&r=g","contentUrl":"https:\/\/secure.gravatar.com\/avatar\/392b4cc8fbfeb00b39dfeeab4ee6edded39ffd48e25858637e4765810300227e?s=96&d=mm&r=g","caption":"Developer"},"url":"https:\/\/qtmm.org\/qt\/author\/Developer\/"}]}},"_links":{"self":[{"href":"https:\/\/qtmm.org\/qt\/wp-json\/wp\/v2\/posts\/42135","targetHints":{"allow":["GET"]}}],"collection":[{"href":"https:\/\/qtmm.org\/qt\/wp-json\/wp\/v2\/posts"}],"about":[{"href":"https:\/\/qtmm.org\/qt\/wp-json\/wp\/v2\/types\/post"}],"author":[{"embeddable":true,"href":"https:\/\/qtmm.org\/qt\/wp-json\/wp\/v2\/users\/1"}],"replies":[{"embeddable":true,"href":"https:\/\/qtmm.org\/qt\/wp-json\/wp\/v2\/comments?post=42135"}],"version-history":[{"count":1,"href":"https:\/\/qtmm.org\/qt\/wp-json\/wp\/v2\/posts\/42135\/revisions"}],"predecessor-version":[{"id":42268,"href":"https:\/\/qtmm.org\/qt\/wp-json\/wp\/v2\/posts\/42135\/revisions\/42268"}],"wp:featuredmedia":[{"embeddable":true,"href":"https:\/\/qtmm.org\/qt\/wp-json\/wp\/v2\/media\/42248"}],"wp:attachment":[{"href":"https:\/\/qtmm.org\/qt\/wp-json\/wp\/v2\/media?parent=42135"}],"wp:term":[{"taxonomy":"category","embeddable":true,"href":"https:\/\/qtmm.org\/qt\/wp-json\/wp\/v2\/categories?post=42135"},{"taxonomy":"post_tag","embeddable":true,"href":"https:\/\/qtmm.org\/qt\/wp-json\/wp\/v2\/tags?post=42135"}],"curies":[{"name":"wp","href":"https:\/\/api.w.org\/{rel}","templated":true}]}}