




{"id":42121,"date":"2013-12-26T13:45:00","date_gmt":"2013-12-26T10:45:00","guid":{"rendered":"http:\/\/qtmm.org\/?p=42121"},"modified":"2022-01-27T13:46:36","modified_gmt":"2022-01-27T10:46:36","slug":"meclis-idaresinin-basi-emine-avamileva-bulganaq-koy-meclisnin-aktivi-ile-korusti","status":"publish","type":"post","link":"https:\/\/qtmm.org\/qt\/meclis-idaresinin-basi-emine-avamileva-bulganaq-koy-meclisnin-aktivi-ile-korusti\/","title":{"rendered":"Meclis idaresini\u00f1 ba\u015f\u0131 Emine Avamileva Bul\u011fanaq k\u00f6y meclisni\u00f1 aktivi ile k\u00f6r\u00fc\u015fti"},"content":{"rendered":"\n<p>Dekabr 25 k\u00fcn\u00fc Aqmescit rayon\u0131n\u0131\u00f1 Bul\u011fanaq k\u00f6y\u00fcnde Meclisni\u00f1 Q\u0131r\u0131mtatar tilinde tasil meseleleri ve q\u0131r\u0131mtatar tilini Q\u0131r\u0131mn\u0131\u00f1 devlet ve cemaat saalar\u0131na tadbiq et\u00fcv idaresini\u00f1 ba\u015f\u0131 Emine Avamileva yerli meclisni\u00f1 aktivi ile k\u00f6r\u00fc\u015fti.<\/p>\n\n\n\n<p>K\u00f6r\u00fc\u015f\u00fcvde idare azalar\u0131 \u2013 q\u0131r\u0131mtatar tilinde ilmiy, oquv qullanmalar\u0131 ve bediiy edebiyatn\u0131 ne\u015firge az\u0131rlav ve ne\u015fir et\u00fcv b\u00f6l\u00fcgini\u00f1 ba\u015f\u0131 \u0130braim \u00c7egertma, q\u0131r\u0131mtatar tilinde tasil meseleleri boyunca b\u00f6l\u00fck ba\u015f\u0131, pedagogika ilimleri namzeti Enise Abibullayeva, Bul\u011fanaq yerli meclis reisi Aziz Sad\u0131kov ve azalar\u0131 Ridvan Saliyev ve Remzi \u00c2yayev i\u015ftirak ettiler. Yerli meclis reisi Aziz Sad\u0131kovn\u0131\u00f1 aytqan\u0131na k\u00f6re Bul\u011fanaq k\u00f6y \u015furas\u0131nda 6 bi\u00f1 adam ya\u015fap, olardan 2145 ki\u015fi yani ealini\u00f1 33 fay\u0131z\u0131n\u0131 q\u0131r\u0131mtatarlar te\u015fkil ete. &#8220;Yerli \u015furan\u0131\u00f1 34 deputat\u0131ndan 10 neferi bizim semetde\u015flerimiz.<\/p>\n\n\n\n<p>Bul\u011fanaqta q\u0131r\u0131mtatar tilinde oqut\u0131l\u011fan mektep bar, Qamber k\u00f6y\u00fcnde tek ba\u015flan\u011f\u0131\u00e7 mektep bar. Can c\u00fcrek k\u00f6y\u00fcndeki ba\u015flan\u011f\u0131\u00e7 mektep ise bu y\u0131l qapat\u0131ld\u0131, &#8211; dey Aziz Sad\u0131qov. On\u0131\u00f1 bildirgenine k\u00f6re 2011 senesi Q\u0131r\u0131mtatar halq\u0131n\u0131\u00f1 matem k\u00fcn\u00fc arfesinde yerli meclis, deputatlar ve k\u00f6y sakinlerini\u00f1 areketleri sayesinde k\u00f6yge kiri\u015fte on\u0131\u00f1 eski ad\u0131 yaz\u0131l\u011fan direk qoyuld\u0131.<\/p>\n\n\n\n<figure class=\"wp-block-image size-full\"><img loading=\"lazy\" decoding=\"async\" width=\"650\" height=\"393\" src=\"http:\/\/qtmm.org\/wp-content\/uploads\/2022\/01\/img_0567_2.jpeg\" alt=\"\" class=\"wp-image-42126\" srcset=\"https:\/\/qtmm.org\/wp-content\/uploads\/2022\/01\/img_0567_2.jpeg 650w, https:\/\/qtmm.org\/wp-content\/uploads\/2022\/01\/img_0567_2-300x181.jpeg 300w\" sizes=\"auto, (max-width: 650px) 100vw, 650px\" \/><\/figure>\n\n\n\n<p>\u0130\u015f k\u00f6r\u00fc\u015f\u00fcvini\u00f1 devam\u0131nda taraflar ana tilinde tasil uquq\u0131n\u0131 ker\u00e7ekle\u015ftir\u00fcv saas\u0131nda Meclis idaresi ve yerli meclis aras\u0131ndaki i\u015fbirlik meseleleri, q\u0131r\u0131mtatar tilini\u00f1 epsi saalarda qullan\u0131lmas\u0131na dair ve diger te\u015fkiliy meselelerni muzakere ettiler.<\/p>\n\n\n\n<p>Bul\u011fanaq k\u00f6y\u00fcne ziyaret \u00e7er\u00e7ivesinde i\u015f k\u00f6r\u00fc\u015f\u00fcvini\u00f1 i\u015ftirak\u00e7ileri Bul\u011fanaqtak mektepni\u00f1 yolba\u015f\u00e7\u0131lar\u0131 ve ocalar\u0131nen k\u00f6r\u00fc\u015ftiler. Mektepte 257 talebe oquy, ba\u015flan\u011f\u0131\u00e7 mektepni\u00f1 4 s\u0131n\u0131f\u0131 mevcut. K\u00f6r\u00fc\u015f\u00fcv i\u015ftirak\u00e7ileri q\u0131r\u0131mtatar tilinde oqutuv usullar\u0131 ve birlikteki leyhalarn\u0131 amelge ke\u00e7ir\u00fcv imk\u00e2nlar\u0131n\u0131 da baq\u0131p \u00e7\u0131qt\u0131lar.<\/p>\n\n\n\n<figure class=\"wp-block-image size-full\"><img loading=\"lazy\" decoding=\"async\" width=\"650\" height=\"350\" src=\"http:\/\/qtmm.org\/wp-content\/uploads\/2022\/01\/img_0563.jpeg\" alt=\"\" class=\"wp-image-42130\" srcset=\"https:\/\/qtmm.org\/wp-content\/uploads\/2022\/01\/img_0563.jpeg 650w, https:\/\/qtmm.org\/wp-content\/uploads\/2022\/01\/img_0563-300x162.jpeg 300w\" sizes=\"auto, (max-width: 650px) 100vw, 650px\" \/><\/figure>\n","protected":false},"excerpt":{"rendered":"<p>Dekabr 25 k\u00fcn\u00fc Aqmescit rayon\u0131n\u0131\u00f1 Bul\u011fanaq k\u00f6y\u00fcnde Meclisni\u00f1 Q\u0131r\u0131mtatar tilinde tasil meseleleri ve q\u0131r\u0131mtatar tilini Q\u0131r\u0131mn\u0131\u00f1 devlet ve cemaat saalar\u0131na tadbiq et\u00fcv idaresini\u00f1 ba\u015f\u0131 Emine Avamileva yerli meclisni\u00f1 aktivi ile k\u00f6r\u00fc\u015fti. K\u00f6r\u00fc\u015f\u00fcvde idare azalar\u0131 \u2013 q\u0131r\u0131mtatar tilinde ilmiy, oquv qullanmalar\u0131 ve bediiy edebiyatn\u0131 ne\u015firge az\u0131rlav ve ne\u015fir et\u00fcv b\u00f6l\u00fcgini\u00f1 ba\u015f\u0131 \u0130braim \u00c7egertma, q\u0131r\u0131mtatar tilinde tasil [&hellip;]<\/p>\n","protected":false},"author":1,"featured_media":42122,"comment_status":"open","ping_status":"open","sticky":false,"template":"","format":"standard","meta":{"inline_featured_image":false,"footnotes":""},"categories":[265],"tags":[],"class_list":["post-42121","post","type-post","status-publish","format-standard","has-post-thumbnail","hentry","category-haberler"],"acf":[],"yoast_head":"<!-- This site is optimized with the Yoast SEO plugin v27.4 - https:\/\/yoast.com\/product\/yoast-seo-wordpress\/ -->\n<title>Meclis idaresini\u00f1 ba\u015f\u0131 Emine Avamileva Bul\u011fanaq k\u00f6y meclisni\u00f1 aktivi ile k\u00f6r\u00fc\u015fti - \u041c\u0435\u0434\u0436\u043b\u0456\u0441<\/title>\n<meta name=\"robots\" content=\"index, follow, max-snippet:-1, max-image-preview:large, max-video-preview:-1\" \/>\n<link rel=\"canonical\" href=\"https:\/\/qtmm.org\/qt\/meclis-idaresinin-basi-emine-avamileva-bulganaq-koy-meclisnin-aktivi-ile-korusti\/\" \/>\n<meta property=\"og:locale\" content=\"en_US\" \/>\n<meta property=\"og:type\" content=\"article\" \/>\n<meta property=\"og:title\" content=\"Meclis idaresini\u00f1 ba\u015f\u0131 Emine Avamileva Bul\u011fanaq k\u00f6y meclisni\u00f1 aktivi ile k\u00f6r\u00fc\u015fti - \u041c\u0435\u0434\u0436\u043b\u0456\u0441\" \/>\n<meta property=\"og:description\" content=\"Dekabr 25 k\u00fcn\u00fc Aqmescit rayon\u0131n\u0131\u00f1 Bul\u011fanaq k\u00f6y\u00fcnde Meclisni\u00f1 Q\u0131r\u0131mtatar tilinde tasil meseleleri ve q\u0131r\u0131mtatar tilini Q\u0131r\u0131mn\u0131\u00f1 devlet ve cemaat saalar\u0131na tadbiq et\u00fcv idaresini\u00f1 ba\u015f\u0131 Emine Avamileva yerli meclisni\u00f1 aktivi ile k\u00f6r\u00fc\u015fti. K\u00f6r\u00fc\u015f\u00fcvde idare azalar\u0131 \u2013 q\u0131r\u0131mtatar tilinde ilmiy, oquv qullanmalar\u0131 ve bediiy edebiyatn\u0131 ne\u015firge az\u0131rlav ve ne\u015fir et\u00fcv b\u00f6l\u00fcgini\u00f1 ba\u015f\u0131 \u0130braim \u00c7egertma, q\u0131r\u0131mtatar tilinde tasil [&hellip;]\" \/>\n<meta property=\"og:url\" content=\"https:\/\/qtmm.org\/qt\/meclis-idaresinin-basi-emine-avamileva-bulganaq-koy-meclisnin-aktivi-ile-korusti\/\" \/>\n<meta property=\"og:site_name\" content=\"\u041c\u0435\u0434\u0436\u043b\u0456\u0441\" \/>\n<meta property=\"article:publisher\" content=\"https:\/\/www.facebook.com\/qtmm.info\/\" \/>\n<meta property=\"article:published_time\" content=\"2013-12-26T10:45:00+00:00\" \/>\n<meta property=\"article:modified_time\" content=\"2022-01-27T10:46:36+00:00\" \/>\n<meta property=\"og:image\" content=\"https:\/\/qtmm.org\/wp-content\/uploads\/2022\/01\/img_0566.jpeg\" \/>\n\t<meta property=\"og:image:width\" content=\"650\" \/>\n\t<meta property=\"og:image:height\" content=\"455\" \/>\n\t<meta property=\"og:image:type\" content=\"image\/jpeg\" \/>\n<meta name=\"author\" content=\"Developer\" \/>\n<meta name=\"twitter:card\" content=\"summary_large_image\" \/>\n<meta name=\"twitter:label1\" content=\"Written by\" \/>\n\t<meta name=\"twitter:data1\" content=\"Developer\" \/>\n\t<meta name=\"twitter:label2\" content=\"Est. reading time\" \/>\n\t<meta name=\"twitter:data2\" content=\"2 minutes\" \/>\n<script type=\"application\/ld+json\" class=\"yoast-schema-graph\">{\"@context\":\"https:\\\/\\\/schema.org\",\"@graph\":[{\"@type\":\"Article\",\"@id\":\"https:\\\/\\\/qtmm.org\\\/qt\\\/meclis-idaresinin-basi-emine-avamileva-bulganaq-koy-meclisnin-aktivi-ile-korusti\\\/#article\",\"isPartOf\":{\"@id\":\"https:\\\/\\\/qtmm.org\\\/qt\\\/meclis-idaresinin-basi-emine-avamileva-bulganaq-koy-meclisnin-aktivi-ile-korusti\\\/\"},\"author\":{\"name\":\"Developer\",\"@id\":\"https:\\\/\\\/qtmm.org\\\/qt\\\/#\\\/schema\\\/person\\\/de562469f971dec226ac06e60bbf74a7\"},\"headline\":\"Meclis idaresini\u00f1 ba\u015f\u0131 Emine Avamileva Bul\u011fanaq k\u00f6y meclisni\u00f1 aktivi ile k\u00f6r\u00fc\u015fti\",\"datePublished\":\"2013-12-26T10:45:00+00:00\",\"dateModified\":\"2022-01-27T10:46:36+00:00\",\"mainEntityOfPage\":{\"@id\":\"https:\\\/\\\/qtmm.org\\\/qt\\\/meclis-idaresinin-basi-emine-avamileva-bulganaq-koy-meclisnin-aktivi-ile-korusti\\\/\"},\"wordCount\":348,\"commentCount\":0,\"publisher\":{\"@id\":\"https:\\\/\\\/qtmm.org\\\/qt\\\/#organization\"},\"image\":{\"@id\":\"https:\\\/\\\/qtmm.org\\\/qt\\\/meclis-idaresinin-basi-emine-avamileva-bulganaq-koy-meclisnin-aktivi-ile-korusti\\\/#primaryimage\"},\"thumbnailUrl\":\"https:\\\/\\\/qtmm.org\\\/wp-content\\\/uploads\\\/2022\\\/01\\\/img_0566.jpeg\",\"articleSection\":[\"Haberler\"],\"inLanguage\":\"qt\",\"potentialAction\":[{\"@type\":\"CommentAction\",\"name\":\"Comment\",\"target\":[\"https:\\\/\\\/qtmm.org\\\/qt\\\/meclis-idaresinin-basi-emine-avamileva-bulganaq-koy-meclisnin-aktivi-ile-korusti\\\/#respond\"]}]},{\"@type\":\"WebPage\",\"@id\":\"https:\\\/\\\/qtmm.org\\\/qt\\\/meclis-idaresinin-basi-emine-avamileva-bulganaq-koy-meclisnin-aktivi-ile-korusti\\\/\",\"url\":\"https:\\\/\\\/qtmm.org\\\/qt\\\/meclis-idaresinin-basi-emine-avamileva-bulganaq-koy-meclisnin-aktivi-ile-korusti\\\/\",\"name\":\"Meclis idaresini\u00f1 ba\u015f\u0131 Emine Avamileva Bul\u011fanaq k\u00f6y meclisni\u00f1 aktivi ile k\u00f6r\u00fc\u015fti - \u041c\u0435\u0434\u0436\u043b\u0456\u0441\",\"isPartOf\":{\"@id\":\"https:\\\/\\\/qtmm.org\\\/qt\\\/#website\"},\"primaryImageOfPage\":{\"@id\":\"https:\\\/\\\/qtmm.org\\\/qt\\\/meclis-idaresinin-basi-emine-avamileva-bulganaq-koy-meclisnin-aktivi-ile-korusti\\\/#primaryimage\"},\"image\":{\"@id\":\"https:\\\/\\\/qtmm.org\\\/qt\\\/meclis-idaresinin-basi-emine-avamileva-bulganaq-koy-meclisnin-aktivi-ile-korusti\\\/#primaryimage\"},\"thumbnailUrl\":\"https:\\\/\\\/qtmm.org\\\/wp-content\\\/uploads\\\/2022\\\/01\\\/img_0566.jpeg\",\"datePublished\":\"2013-12-26T10:45:00+00:00\",\"dateModified\":\"2022-01-27T10:46:36+00:00\",\"breadcrumb\":{\"@id\":\"https:\\\/\\\/qtmm.org\\\/qt\\\/meclis-idaresinin-basi-emine-avamileva-bulganaq-koy-meclisnin-aktivi-ile-korusti\\\/#breadcrumb\"},\"inLanguage\":\"qt\",\"potentialAction\":[{\"@type\":\"ReadAction\",\"target\":[\"https:\\\/\\\/qtmm.org\\\/qt\\\/meclis-idaresinin-basi-emine-avamileva-bulganaq-koy-meclisnin-aktivi-ile-korusti\\\/\"]}]},{\"@type\":\"ImageObject\",\"inLanguage\":\"qt\",\"@id\":\"https:\\\/\\\/qtmm.org\\\/qt\\\/meclis-idaresinin-basi-emine-avamileva-bulganaq-koy-meclisnin-aktivi-ile-korusti\\\/#primaryimage\",\"url\":\"https:\\\/\\\/qtmm.org\\\/wp-content\\\/uploads\\\/2022\\\/01\\\/img_0566.jpeg\",\"contentUrl\":\"https:\\\/\\\/qtmm.org\\\/wp-content\\\/uploads\\\/2022\\\/01\\\/img_0566.jpeg\",\"width\":650,\"height\":455},{\"@type\":\"BreadcrumbList\",\"@id\":\"https:\\\/\\\/qtmm.org\\\/qt\\\/meclis-idaresinin-basi-emine-avamileva-bulganaq-koy-meclisnin-aktivi-ile-korusti\\\/#breadcrumb\",\"itemListElement\":[{\"@type\":\"ListItem\",\"position\":1,\"name\":\"\u0413\u043e\u043b\u043e\u0432\u043d\u0430\",\"item\":\"https:\\\/\\\/qtmm.org\\\/qt\\\/\"},{\"@type\":\"ListItem\",\"position\":2,\"name\":\"Meclis idaresini\u00f1 ba\u015f\u0131 Emine Avamileva Bul\u011fanaq k\u00f6y meclisni\u00f1 aktivi ile k\u00f6r\u00fc\u015fti\"}]},{\"@type\":\"WebSite\",\"@id\":\"https:\\\/\\\/qtmm.org\\\/qt\\\/#website\",\"url\":\"https:\\\/\\\/qtmm.org\\\/qt\\\/\",\"name\":\"\u041c\u0435\u0434\u0436\u043b\u0456\u0441\",\"description\":\"\",\"publisher\":{\"@id\":\"https:\\\/\\\/qtmm.org\\\/qt\\\/#organization\"},\"potentialAction\":[{\"@type\":\"SearchAction\",\"target\":{\"@type\":\"EntryPoint\",\"urlTemplate\":\"https:\\\/\\\/qtmm.org\\\/qt\\\/?s={search_term_string}\"},\"query-input\":{\"@type\":\"PropertyValueSpecification\",\"valueRequired\":true,\"valueName\":\"search_term_string\"}}],\"inLanguage\":\"qt\"},{\"@type\":\"Organization\",\"@id\":\"https:\\\/\\\/qtmm.org\\\/qt\\\/#organization\",\"name\":\"\u041c\u0435\u0434\u0436\u043b\u0456\u0441\",\"url\":\"https:\\\/\\\/qtmm.org\\\/qt\\\/\",\"logo\":{\"@type\":\"ImageObject\",\"inLanguage\":\"qt\",\"@id\":\"https:\\\/\\\/qtmm.org\\\/qt\\\/#\\\/schema\\\/logo\\\/image\\\/\",\"url\":\"https:\\\/\\\/qtmm.org\\\/wp-content\\\/uploads\\\/2024\\\/12\\\/ua-mejlis-logo-rgb.svg\",\"contentUrl\":\"https:\\\/\\\/qtmm.org\\\/wp-content\\\/uploads\\\/2024\\\/12\\\/ua-mejlis-logo-rgb.svg\",\"caption\":\"\u041c\u0435\u0434\u0436\u043b\u0456\u0441\"},\"image\":{\"@id\":\"https:\\\/\\\/qtmm.org\\\/qt\\\/#\\\/schema\\\/logo\\\/image\\\/\"},\"sameAs\":[\"https:\\\/\\\/www.facebook.com\\\/qtmm.info\\\/\"]},{\"@type\":\"Person\",\"@id\":\"https:\\\/\\\/qtmm.org\\\/qt\\\/#\\\/schema\\\/person\\\/de562469f971dec226ac06e60bbf74a7\",\"name\":\"Developer\",\"image\":{\"@type\":\"ImageObject\",\"inLanguage\":\"qt\",\"@id\":\"https:\\\/\\\/secure.gravatar.com\\\/avatar\\\/392b4cc8fbfeb00b39dfeeab4ee6edded39ffd48e25858637e4765810300227e?s=96&d=mm&r=g\",\"url\":\"https:\\\/\\\/secure.gravatar.com\\\/avatar\\\/392b4cc8fbfeb00b39dfeeab4ee6edded39ffd48e25858637e4765810300227e?s=96&d=mm&r=g\",\"contentUrl\":\"https:\\\/\\\/secure.gravatar.com\\\/avatar\\\/392b4cc8fbfeb00b39dfeeab4ee6edded39ffd48e25858637e4765810300227e?s=96&d=mm&r=g\",\"caption\":\"Developer\"},\"url\":\"https:\\\/\\\/qtmm.org\\\/qt\\\/author\\\/Developer\\\/\"}]}<\/script>\n<!-- \/ Yoast SEO plugin. -->","yoast_head_json":{"title":"Meclis idaresini\u00f1 ba\u015f\u0131 Emine Avamileva Bul\u011fanaq k\u00f6y meclisni\u00f1 aktivi ile k\u00f6r\u00fc\u015fti - \u041c\u0435\u0434\u0436\u043b\u0456\u0441","robots":{"index":"index","follow":"follow","max-snippet":"max-snippet:-1","max-image-preview":"max-image-preview:large","max-video-preview":"max-video-preview:-1"},"canonical":"https:\/\/qtmm.org\/qt\/meclis-idaresinin-basi-emine-avamileva-bulganaq-koy-meclisnin-aktivi-ile-korusti\/","og_locale":"en_US","og_type":"article","og_title":"Meclis idaresini\u00f1 ba\u015f\u0131 Emine Avamileva Bul\u011fanaq k\u00f6y meclisni\u00f1 aktivi ile k\u00f6r\u00fc\u015fti - \u041c\u0435\u0434\u0436\u043b\u0456\u0441","og_description":"Dekabr 25 k\u00fcn\u00fc Aqmescit rayon\u0131n\u0131\u00f1 Bul\u011fanaq k\u00f6y\u00fcnde Meclisni\u00f1 Q\u0131r\u0131mtatar tilinde tasil meseleleri ve q\u0131r\u0131mtatar tilini Q\u0131r\u0131mn\u0131\u00f1 devlet ve cemaat saalar\u0131na tadbiq et\u00fcv idaresini\u00f1 ba\u015f\u0131 Emine Avamileva yerli meclisni\u00f1 aktivi ile k\u00f6r\u00fc\u015fti. K\u00f6r\u00fc\u015f\u00fcvde idare azalar\u0131 \u2013 q\u0131r\u0131mtatar tilinde ilmiy, oquv qullanmalar\u0131 ve bediiy edebiyatn\u0131 ne\u015firge az\u0131rlav ve ne\u015fir et\u00fcv b\u00f6l\u00fcgini\u00f1 ba\u015f\u0131 \u0130braim \u00c7egertma, q\u0131r\u0131mtatar tilinde tasil [&hellip;]","og_url":"https:\/\/qtmm.org\/qt\/meclis-idaresinin-basi-emine-avamileva-bulganaq-koy-meclisnin-aktivi-ile-korusti\/","og_site_name":"\u041c\u0435\u0434\u0436\u043b\u0456\u0441","article_publisher":"https:\/\/www.facebook.com\/qtmm.info\/","article_published_time":"2013-12-26T10:45:00+00:00","article_modified_time":"2022-01-27T10:46:36+00:00","og_image":[{"width":650,"height":455,"url":"https:\/\/qtmm.org\/wp-content\/uploads\/2022\/01\/img_0566.jpeg","type":"image\/jpeg"}],"author":"Developer","twitter_card":"summary_large_image","twitter_misc":{"Written by":"Developer","Est. reading time":"2 minutes"},"schema":{"@context":"https:\/\/schema.org","@graph":[{"@type":"Article","@id":"https:\/\/qtmm.org\/qt\/meclis-idaresinin-basi-emine-avamileva-bulganaq-koy-meclisnin-aktivi-ile-korusti\/#article","isPartOf":{"@id":"https:\/\/qtmm.org\/qt\/meclis-idaresinin-basi-emine-avamileva-bulganaq-koy-meclisnin-aktivi-ile-korusti\/"},"author":{"name":"Developer","@id":"https:\/\/qtmm.org\/qt\/#\/schema\/person\/de562469f971dec226ac06e60bbf74a7"},"headline":"Meclis idaresini\u00f1 ba\u015f\u0131 Emine Avamileva Bul\u011fanaq k\u00f6y meclisni\u00f1 aktivi ile k\u00f6r\u00fc\u015fti","datePublished":"2013-12-26T10:45:00+00:00","dateModified":"2022-01-27T10:46:36+00:00","mainEntityOfPage":{"@id":"https:\/\/qtmm.org\/qt\/meclis-idaresinin-basi-emine-avamileva-bulganaq-koy-meclisnin-aktivi-ile-korusti\/"},"wordCount":348,"commentCount":0,"publisher":{"@id":"https:\/\/qtmm.org\/qt\/#organization"},"image":{"@id":"https:\/\/qtmm.org\/qt\/meclis-idaresinin-basi-emine-avamileva-bulganaq-koy-meclisnin-aktivi-ile-korusti\/#primaryimage"},"thumbnailUrl":"https:\/\/qtmm.org\/wp-content\/uploads\/2022\/01\/img_0566.jpeg","articleSection":["Haberler"],"inLanguage":"qt","potentialAction":[{"@type":"CommentAction","name":"Comment","target":["https:\/\/qtmm.org\/qt\/meclis-idaresinin-basi-emine-avamileva-bulganaq-koy-meclisnin-aktivi-ile-korusti\/#respond"]}]},{"@type":"WebPage","@id":"https:\/\/qtmm.org\/qt\/meclis-idaresinin-basi-emine-avamileva-bulganaq-koy-meclisnin-aktivi-ile-korusti\/","url":"https:\/\/qtmm.org\/qt\/meclis-idaresinin-basi-emine-avamileva-bulganaq-koy-meclisnin-aktivi-ile-korusti\/","name":"Meclis idaresini\u00f1 ba\u015f\u0131 Emine Avamileva Bul\u011fanaq k\u00f6y meclisni\u00f1 aktivi ile k\u00f6r\u00fc\u015fti - \u041c\u0435\u0434\u0436\u043b\u0456\u0441","isPartOf":{"@id":"https:\/\/qtmm.org\/qt\/#website"},"primaryImageOfPage":{"@id":"https:\/\/qtmm.org\/qt\/meclis-idaresinin-basi-emine-avamileva-bulganaq-koy-meclisnin-aktivi-ile-korusti\/#primaryimage"},"image":{"@id":"https:\/\/qtmm.org\/qt\/meclis-idaresinin-basi-emine-avamileva-bulganaq-koy-meclisnin-aktivi-ile-korusti\/#primaryimage"},"thumbnailUrl":"https:\/\/qtmm.org\/wp-content\/uploads\/2022\/01\/img_0566.jpeg","datePublished":"2013-12-26T10:45:00+00:00","dateModified":"2022-01-27T10:46:36+00:00","breadcrumb":{"@id":"https:\/\/qtmm.org\/qt\/meclis-idaresinin-basi-emine-avamileva-bulganaq-koy-meclisnin-aktivi-ile-korusti\/#breadcrumb"},"inLanguage":"qt","potentialAction":[{"@type":"ReadAction","target":["https:\/\/qtmm.org\/qt\/meclis-idaresinin-basi-emine-avamileva-bulganaq-koy-meclisnin-aktivi-ile-korusti\/"]}]},{"@type":"ImageObject","inLanguage":"qt","@id":"https:\/\/qtmm.org\/qt\/meclis-idaresinin-basi-emine-avamileva-bulganaq-koy-meclisnin-aktivi-ile-korusti\/#primaryimage","url":"https:\/\/qtmm.org\/wp-content\/uploads\/2022\/01\/img_0566.jpeg","contentUrl":"https:\/\/qtmm.org\/wp-content\/uploads\/2022\/01\/img_0566.jpeg","width":650,"height":455},{"@type":"BreadcrumbList","@id":"https:\/\/qtmm.org\/qt\/meclis-idaresinin-basi-emine-avamileva-bulganaq-koy-meclisnin-aktivi-ile-korusti\/#breadcrumb","itemListElement":[{"@type":"ListItem","position":1,"name":"\u0413\u043e\u043b\u043e\u0432\u043d\u0430","item":"https:\/\/qtmm.org\/qt\/"},{"@type":"ListItem","position":2,"name":"Meclis idaresini\u00f1 ba\u015f\u0131 Emine Avamileva Bul\u011fanaq k\u00f6y meclisni\u00f1 aktivi ile k\u00f6r\u00fc\u015fti"}]},{"@type":"WebSite","@id":"https:\/\/qtmm.org\/qt\/#website","url":"https:\/\/qtmm.org\/qt\/","name":"\u041c\u0435\u0434\u0436\u043b\u0456\u0441","description":"","publisher":{"@id":"https:\/\/qtmm.org\/qt\/#organization"},"potentialAction":[{"@type":"SearchAction","target":{"@type":"EntryPoint","urlTemplate":"https:\/\/qtmm.org\/qt\/?s={search_term_string}"},"query-input":{"@type":"PropertyValueSpecification","valueRequired":true,"valueName":"search_term_string"}}],"inLanguage":"qt"},{"@type":"Organization","@id":"https:\/\/qtmm.org\/qt\/#organization","name":"\u041c\u0435\u0434\u0436\u043b\u0456\u0441","url":"https:\/\/qtmm.org\/qt\/","logo":{"@type":"ImageObject","inLanguage":"qt","@id":"https:\/\/qtmm.org\/qt\/#\/schema\/logo\/image\/","url":"https:\/\/qtmm.org\/wp-content\/uploads\/2024\/12\/ua-mejlis-logo-rgb.svg","contentUrl":"https:\/\/qtmm.org\/wp-content\/uploads\/2024\/12\/ua-mejlis-logo-rgb.svg","caption":"\u041c\u0435\u0434\u0436\u043b\u0456\u0441"},"image":{"@id":"https:\/\/qtmm.org\/qt\/#\/schema\/logo\/image\/"},"sameAs":["https:\/\/www.facebook.com\/qtmm.info\/"]},{"@type":"Person","@id":"https:\/\/qtmm.org\/qt\/#\/schema\/person\/de562469f971dec226ac06e60bbf74a7","name":"Developer","image":{"@type":"ImageObject","inLanguage":"qt","@id":"https:\/\/secure.gravatar.com\/avatar\/392b4cc8fbfeb00b39dfeeab4ee6edded39ffd48e25858637e4765810300227e?s=96&d=mm&r=g","url":"https:\/\/secure.gravatar.com\/avatar\/392b4cc8fbfeb00b39dfeeab4ee6edded39ffd48e25858637e4765810300227e?s=96&d=mm&r=g","contentUrl":"https:\/\/secure.gravatar.com\/avatar\/392b4cc8fbfeb00b39dfeeab4ee6edded39ffd48e25858637e4765810300227e?s=96&d=mm&r=g","caption":"Developer"},"url":"https:\/\/qtmm.org\/qt\/author\/Developer\/"}]}},"_links":{"self":[{"href":"https:\/\/qtmm.org\/qt\/wp-json\/wp\/v2\/posts\/42121","targetHints":{"allow":["GET"]}}],"collection":[{"href":"https:\/\/qtmm.org\/qt\/wp-json\/wp\/v2\/posts"}],"about":[{"href":"https:\/\/qtmm.org\/qt\/wp-json\/wp\/v2\/types\/post"}],"author":[{"embeddable":true,"href":"https:\/\/qtmm.org\/qt\/wp-json\/wp\/v2\/users\/1"}],"replies":[{"embeddable":true,"href":"https:\/\/qtmm.org\/qt\/wp-json\/wp\/v2\/comments?post=42121"}],"version-history":[{"count":1,"href":"https:\/\/qtmm.org\/qt\/wp-json\/wp\/v2\/posts\/42121\/revisions"}],"predecessor-version":[{"id":42134,"href":"https:\/\/qtmm.org\/qt\/wp-json\/wp\/v2\/posts\/42121\/revisions\/42134"}],"wp:featuredmedia":[{"embeddable":true,"href":"https:\/\/qtmm.org\/qt\/wp-json\/wp\/v2\/media\/42122"}],"wp:attachment":[{"href":"https:\/\/qtmm.org\/qt\/wp-json\/wp\/v2\/media?parent=42121"}],"wp:term":[{"taxonomy":"category","embeddable":true,"href":"https:\/\/qtmm.org\/qt\/wp-json\/wp\/v2\/categories?post=42121"},{"taxonomy":"post_tag","embeddable":true,"href":"https:\/\/qtmm.org\/qt\/wp-json\/wp\/v2\/tags?post=42121"}],"curies":[{"name":"wp","href":"https:\/\/api.w.org\/{rel}","templated":true}]}}