




{"id":42115,"date":"2013-12-25T13:44:00","date_gmt":"2013-12-25T10:44:00","guid":{"rendered":"http:\/\/qtmm.org\/?p=42115"},"modified":"2022-01-27T13:45:08","modified_gmt":"2022-01-27T10:45:08","slug":"ukraina-halq-deputati-mustafa-cemilev-2014-senesine-ukraina-devlet-buceti-aqqinda-ukraina-qanuni-leyhasina-tekliflerini-yolladi","status":"publish","type":"post","link":"https:\/\/qtmm.org\/qt\/ukraina-halq-deputati-mustafa-cemilev-2014-senesine-ukraina-devlet-buceti-aqqinda-ukraina-qanuni-leyhasina-tekliflerini-yolladi\/","title":{"rendered":"Ukraina halq deputat\u0131 Mustafa Cemilev \u00ab2014 senesine Ukraina devlet b\u00fcceti aqq\u0131nda\u00bb Ukraina qanun\u0131 leyhas\u0131na tekliflerini yollad\u0131"},"content":{"rendered":"\n<p>2013 senesi dekabr 19 k\u00fcn\u00fc Ukraina \u00fck\u00fcmeti&nbsp; Ukraina Yuqar\u0131 \u015euras\u0131na &#8220;2014 senesine Ukraina&nbsp; devlet b\u00fcceti aqq\u0131nda&#8221; Ukraina qanun\u0131 leyhas\u0131n\u0131 kirsetti.&nbsp;<\/p>\n\n\n\n<p>Milliy mens\u00fcpligi boyunca s\u00fcrg\u00fcn etilip, Ukraina\u011fa qaytqan q\u0131r\u0131mtatar halq\u0131n\u0131\u00f1 qaytar\u0131luv\u0131 ve yerle\u015ftiril\u00fcvi boyunca tedbirlerni finansirlevni\u00f1 b\u00fccette seviyesi yeterli olma\u011fan\u0131 munasebetinen\u00a0 Ukraina halq deputat\u0131 Mustafa Cemilev Ukraina Yuqar\u0131 \u015euras\u0131n\u0131\u00f1 B\u00fccet meseleleri boyunca komitetni\u00f1 reisi\u00a0 YE. Geller ve Ukraina ba\u015f naziri N. Azarov\u011fa deputat sorav\u0131n\u0131 yollad\u0131.<\/p>\n\n\n\n<p>Onda Mustafa Cemilev c\u00fcmleden qayd etti ki, so\u00f1ki y\u0131llar devam\u0131nda&nbsp; Ukraina devlet b\u00fcceti&nbsp; q\u0131r\u0131mtatar halq\u0131n\u0131\u00f1 qaytar\u0131luv\u0131 ve yerle\u015ftiril\u00fcvi boyunca tedbirlerge&nbsp; aman-aman 150 million grivn\u00e2n\u0131 bermedi, 2014 senesini\u00f1 b\u00fccetinde planla\u015ft\u0131r\u0131lghan masraflar&nbsp; Devlet programmas\u0131nda belgilengen masraflarn\u0131\u00f1 ancaq 2,47 fay\u0131z\u0131n\u0131 te\u015fkil ete.&nbsp;<\/p>\n\n\n\n<p>Ukraina halq deputat\u0131&nbsp; Cemilev 2014 senesini\u00f1 b\u00fccetini\u00f1 mezk\u00fcr maddelerge ay\u0131r\u0131lacaq sermiyalarn\u0131 208 million grivn\u00e2\u011fa qadar artt\u0131rmaqn\u0131 teklif etti.&nbsp;<\/p>\n\n\n\n<p>Halq deputat\u0131&nbsp; \u00e7inovnikler tedbirlerni\u00f1 finansirlenmemesi ve bun\u0131\u00f1 iqtisadiy aqibetleri&nbsp; i\u00e7\u00fcn \u015fahsen cevapk\u00e2r ol\u011fanlar\u0131n\u0131&nbsp; qayd etti.<\/p>\n\n\n\n<p>Muracaatn\u0131\u00f1 tolu metini ile\u00a0saytta tan\u0131\u015f olmaq m\u00fcmk\u00fcn.<\/p>\n\n\n\n<p class=\"has-text-align-right\"><em><strong>Ukraina halq deputat\u0131\u00a0 Mustafa Cemilevni\u00f1 resmiy sayt\u0131n\u0131\u00f1<\/strong><\/em><\/p>\n\n\n\n<p class=\"has-text-align-right\"><em><strong>mal\u00fcmat\u0131 esas\u0131nda<\/strong><\/em><\/p>\n","protected":false},"excerpt":{"rendered":"<p>2013 senesi dekabr 19 k\u00fcn\u00fc Ukraina \u00fck\u00fcmeti&nbsp; Ukraina Yuqar\u0131 \u015euras\u0131na &#8220;2014 senesine Ukraina&nbsp; devlet b\u00fcceti aqq\u0131nda&#8221; Ukraina qanun\u0131 leyhas\u0131n\u0131 kirsetti.&nbsp; Milliy mens\u00fcpligi boyunca s\u00fcrg\u00fcn etilip, Ukraina\u011fa qaytqan q\u0131r\u0131mtatar halq\u0131n\u0131\u00f1 qaytar\u0131luv\u0131 ve yerle\u015ftiril\u00fcvi boyunca tedbirlerni finansirlevni\u00f1 b\u00fccette seviyesi yeterli olma\u011fan\u0131 munasebetinen\u00a0 Ukraina halq deputat\u0131 Mustafa Cemilev Ukraina Yuqar\u0131 \u015euras\u0131n\u0131\u00f1 B\u00fccet meseleleri boyunca komitetni\u00f1 reisi\u00a0 YE. Geller [&hellip;]<\/p>\n","protected":false},"author":1,"featured_media":42116,"comment_status":"open","ping_status":"open","sticky":false,"template":"","format":"standard","meta":{"inline_featured_image":false,"footnotes":""},"categories":[265],"tags":[],"class_list":["post-42115","post","type-post","status-publish","format-standard","has-post-thumbnail","hentry","category-haberler"],"acf":[],"yoast_head":"<!-- This site is optimized with the Yoast SEO plugin v27.4 - https:\/\/yoast.com\/product\/yoast-seo-wordpress\/ -->\n<title>Ukraina halq deputat\u0131 Mustafa Cemilev \u00ab2014 senesine Ukraina devlet b\u00fcceti aqq\u0131nda\u00bb Ukraina qanun\u0131 leyhas\u0131na tekliflerini yollad\u0131 - \u041c\u0435\u0434\u0436\u043b\u0456\u0441<\/title>\n<meta name=\"robots\" content=\"index, follow, max-snippet:-1, max-image-preview:large, max-video-preview:-1\" \/>\n<link rel=\"canonical\" href=\"https:\/\/qtmm.org\/qt\/ukraina-halq-deputati-mustafa-cemilev-2014-senesine-ukraina-devlet-buceti-aqqinda-ukraina-qanuni-leyhasina-tekliflerini-yolladi\/\" \/>\n<meta property=\"og:locale\" content=\"en_US\" \/>\n<meta property=\"og:type\" content=\"article\" \/>\n<meta property=\"og:title\" content=\"Ukraina halq deputat\u0131 Mustafa Cemilev \u00ab2014 senesine Ukraina devlet b\u00fcceti aqq\u0131nda\u00bb Ukraina qanun\u0131 leyhas\u0131na tekliflerini yollad\u0131 - \u041c\u0435\u0434\u0436\u043b\u0456\u0441\" \/>\n<meta property=\"og:description\" content=\"2013 senesi dekabr 19 k\u00fcn\u00fc Ukraina \u00fck\u00fcmeti&nbsp; Ukraina Yuqar\u0131 \u015euras\u0131na &#8220;2014 senesine Ukraina&nbsp; devlet b\u00fcceti aqq\u0131nda&#8221; Ukraina qanun\u0131 leyhas\u0131n\u0131 kirsetti.&nbsp; Milliy mens\u00fcpligi boyunca s\u00fcrg\u00fcn etilip, Ukraina\u011fa qaytqan q\u0131r\u0131mtatar halq\u0131n\u0131\u00f1 qaytar\u0131luv\u0131 ve yerle\u015ftiril\u00fcvi boyunca tedbirlerni finansirlevni\u00f1 b\u00fccette seviyesi yeterli olma\u011fan\u0131 munasebetinen\u00a0 Ukraina halq deputat\u0131 Mustafa Cemilev Ukraina Yuqar\u0131 \u015euras\u0131n\u0131\u00f1 B\u00fccet meseleleri boyunca komitetni\u00f1 reisi\u00a0 YE. Geller [&hellip;]\" \/>\n<meta property=\"og:url\" content=\"https:\/\/qtmm.org\/qt\/ukraina-halq-deputati-mustafa-cemilev-2014-senesine-ukraina-devlet-buceti-aqqinda-ukraina-qanuni-leyhasina-tekliflerini-yolladi\/\" \/>\n<meta property=\"og:site_name\" content=\"\u041c\u0435\u0434\u0436\u043b\u0456\u0441\" \/>\n<meta property=\"article:publisher\" content=\"https:\/\/www.facebook.com\/qtmm.info\/\" \/>\n<meta property=\"article:published_time\" content=\"2013-12-25T10:44:00+00:00\" \/>\n<meta property=\"article:modified_time\" content=\"2022-01-27T10:45:08+00:00\" \/>\n<meta property=\"og:image\" content=\"https:\/\/qtmm.org\/wp-content\/uploads\/2022\/01\/nardep_dzhemilev_1.jpeg\" \/>\n\t<meta property=\"og:image:width\" content=\"670\" \/>\n\t<meta property=\"og:image:height\" content=\"310\" \/>\n\t<meta property=\"og:image:type\" content=\"image\/jpeg\" \/>\n<meta name=\"author\" content=\"Developer\" \/>\n<meta name=\"twitter:card\" content=\"summary_large_image\" \/>\n<meta name=\"twitter:label1\" content=\"Written by\" \/>\n\t<meta name=\"twitter:data1\" content=\"Developer\" \/>\n\t<meta name=\"twitter:label2\" content=\"Est. reading time\" \/>\n\t<meta name=\"twitter:data2\" content=\"1 minute\" \/>\n<script type=\"application\/ld+json\" class=\"yoast-schema-graph\">{\"@context\":\"https:\\\/\\\/schema.org\",\"@graph\":[{\"@type\":\"Article\",\"@id\":\"https:\\\/\\\/qtmm.org\\\/qt\\\/ukraina-halq-deputati-mustafa-cemilev-2014-senesine-ukraina-devlet-buceti-aqqinda-ukraina-qanuni-leyhasina-tekliflerini-yolladi\\\/#article\",\"isPartOf\":{\"@id\":\"https:\\\/\\\/qtmm.org\\\/qt\\\/ukraina-halq-deputati-mustafa-cemilev-2014-senesine-ukraina-devlet-buceti-aqqinda-ukraina-qanuni-leyhasina-tekliflerini-yolladi\\\/\"},\"author\":{\"name\":\"Developer\",\"@id\":\"https:\\\/\\\/qtmm.org\\\/qt\\\/#\\\/schema\\\/person\\\/de562469f971dec226ac06e60bbf74a7\"},\"headline\":\"Ukraina halq deputat\u0131 Mustafa Cemilev \u00ab2014 senesine Ukraina devlet b\u00fcceti aqq\u0131nda\u00bb Ukraina qanun\u0131 leyhas\u0131na tekliflerini yollad\u0131\",\"datePublished\":\"2013-12-25T10:44:00+00:00\",\"dateModified\":\"2022-01-27T10:45:08+00:00\",\"mainEntityOfPage\":{\"@id\":\"https:\\\/\\\/qtmm.org\\\/qt\\\/ukraina-halq-deputati-mustafa-cemilev-2014-senesine-ukraina-devlet-buceti-aqqinda-ukraina-qanuni-leyhasina-tekliflerini-yolladi\\\/\"},\"wordCount\":233,\"commentCount\":0,\"publisher\":{\"@id\":\"https:\\\/\\\/qtmm.org\\\/qt\\\/#organization\"},\"image\":{\"@id\":\"https:\\\/\\\/qtmm.org\\\/qt\\\/ukraina-halq-deputati-mustafa-cemilev-2014-senesine-ukraina-devlet-buceti-aqqinda-ukraina-qanuni-leyhasina-tekliflerini-yolladi\\\/#primaryimage\"},\"thumbnailUrl\":\"https:\\\/\\\/qtmm.org\\\/wp-content\\\/uploads\\\/2022\\\/01\\\/nardep_dzhemilev_1.jpeg\",\"articleSection\":[\"Haberler\"],\"inLanguage\":\"qt\",\"potentialAction\":[{\"@type\":\"CommentAction\",\"name\":\"Comment\",\"target\":[\"https:\\\/\\\/qtmm.org\\\/qt\\\/ukraina-halq-deputati-mustafa-cemilev-2014-senesine-ukraina-devlet-buceti-aqqinda-ukraina-qanuni-leyhasina-tekliflerini-yolladi\\\/#respond\"]}]},{\"@type\":\"WebPage\",\"@id\":\"https:\\\/\\\/qtmm.org\\\/qt\\\/ukraina-halq-deputati-mustafa-cemilev-2014-senesine-ukraina-devlet-buceti-aqqinda-ukraina-qanuni-leyhasina-tekliflerini-yolladi\\\/\",\"url\":\"https:\\\/\\\/qtmm.org\\\/qt\\\/ukraina-halq-deputati-mustafa-cemilev-2014-senesine-ukraina-devlet-buceti-aqqinda-ukraina-qanuni-leyhasina-tekliflerini-yolladi\\\/\",\"name\":\"Ukraina halq deputat\u0131 Mustafa Cemilev \u00ab2014 senesine Ukraina devlet b\u00fcceti aqq\u0131nda\u00bb Ukraina qanun\u0131 leyhas\u0131na tekliflerini yollad\u0131 - \u041c\u0435\u0434\u0436\u043b\u0456\u0441\",\"isPartOf\":{\"@id\":\"https:\\\/\\\/qtmm.org\\\/qt\\\/#website\"},\"primaryImageOfPage\":{\"@id\":\"https:\\\/\\\/qtmm.org\\\/qt\\\/ukraina-halq-deputati-mustafa-cemilev-2014-senesine-ukraina-devlet-buceti-aqqinda-ukraina-qanuni-leyhasina-tekliflerini-yolladi\\\/#primaryimage\"},\"image\":{\"@id\":\"https:\\\/\\\/qtmm.org\\\/qt\\\/ukraina-halq-deputati-mustafa-cemilev-2014-senesine-ukraina-devlet-buceti-aqqinda-ukraina-qanuni-leyhasina-tekliflerini-yolladi\\\/#primaryimage\"},\"thumbnailUrl\":\"https:\\\/\\\/qtmm.org\\\/wp-content\\\/uploads\\\/2022\\\/01\\\/nardep_dzhemilev_1.jpeg\",\"datePublished\":\"2013-12-25T10:44:00+00:00\",\"dateModified\":\"2022-01-27T10:45:08+00:00\",\"breadcrumb\":{\"@id\":\"https:\\\/\\\/qtmm.org\\\/qt\\\/ukraina-halq-deputati-mustafa-cemilev-2014-senesine-ukraina-devlet-buceti-aqqinda-ukraina-qanuni-leyhasina-tekliflerini-yolladi\\\/#breadcrumb\"},\"inLanguage\":\"qt\",\"potentialAction\":[{\"@type\":\"ReadAction\",\"target\":[\"https:\\\/\\\/qtmm.org\\\/qt\\\/ukraina-halq-deputati-mustafa-cemilev-2014-senesine-ukraina-devlet-buceti-aqqinda-ukraina-qanuni-leyhasina-tekliflerini-yolladi\\\/\"]}]},{\"@type\":\"ImageObject\",\"inLanguage\":\"qt\",\"@id\":\"https:\\\/\\\/qtmm.org\\\/qt\\\/ukraina-halq-deputati-mustafa-cemilev-2014-senesine-ukraina-devlet-buceti-aqqinda-ukraina-qanuni-leyhasina-tekliflerini-yolladi\\\/#primaryimage\",\"url\":\"https:\\\/\\\/qtmm.org\\\/wp-content\\\/uploads\\\/2022\\\/01\\\/nardep_dzhemilev_1.jpeg\",\"contentUrl\":\"https:\\\/\\\/qtmm.org\\\/wp-content\\\/uploads\\\/2022\\\/01\\\/nardep_dzhemilev_1.jpeg\",\"width\":670,\"height\":310},{\"@type\":\"BreadcrumbList\",\"@id\":\"https:\\\/\\\/qtmm.org\\\/qt\\\/ukraina-halq-deputati-mustafa-cemilev-2014-senesine-ukraina-devlet-buceti-aqqinda-ukraina-qanuni-leyhasina-tekliflerini-yolladi\\\/#breadcrumb\",\"itemListElement\":[{\"@type\":\"ListItem\",\"position\":1,\"name\":\"\u0413\u043e\u043b\u043e\u0432\u043d\u0430\",\"item\":\"https:\\\/\\\/qtmm.org\\\/qt\\\/\"},{\"@type\":\"ListItem\",\"position\":2,\"name\":\"Ukraina halq deputat\u0131 Mustafa Cemilev \u00ab2014 senesine Ukraina devlet b\u00fcceti aqq\u0131nda\u00bb Ukraina qanun\u0131 leyhas\u0131na tekliflerini yollad\u0131\"}]},{\"@type\":\"WebSite\",\"@id\":\"https:\\\/\\\/qtmm.org\\\/qt\\\/#website\",\"url\":\"https:\\\/\\\/qtmm.org\\\/qt\\\/\",\"name\":\"\u041c\u0435\u0434\u0436\u043b\u0456\u0441\",\"description\":\"\",\"publisher\":{\"@id\":\"https:\\\/\\\/qtmm.org\\\/qt\\\/#organization\"},\"potentialAction\":[{\"@type\":\"SearchAction\",\"target\":{\"@type\":\"EntryPoint\",\"urlTemplate\":\"https:\\\/\\\/qtmm.org\\\/qt\\\/?s={search_term_string}\"},\"query-input\":{\"@type\":\"PropertyValueSpecification\",\"valueRequired\":true,\"valueName\":\"search_term_string\"}}],\"inLanguage\":\"qt\"},{\"@type\":\"Organization\",\"@id\":\"https:\\\/\\\/qtmm.org\\\/qt\\\/#organization\",\"name\":\"\u041c\u0435\u0434\u0436\u043b\u0456\u0441\",\"url\":\"https:\\\/\\\/qtmm.org\\\/qt\\\/\",\"logo\":{\"@type\":\"ImageObject\",\"inLanguage\":\"qt\",\"@id\":\"https:\\\/\\\/qtmm.org\\\/qt\\\/#\\\/schema\\\/logo\\\/image\\\/\",\"url\":\"https:\\\/\\\/qtmm.org\\\/wp-content\\\/uploads\\\/2024\\\/12\\\/ua-mejlis-logo-rgb.svg\",\"contentUrl\":\"https:\\\/\\\/qtmm.org\\\/wp-content\\\/uploads\\\/2024\\\/12\\\/ua-mejlis-logo-rgb.svg\",\"caption\":\"\u041c\u0435\u0434\u0436\u043b\u0456\u0441\"},\"image\":{\"@id\":\"https:\\\/\\\/qtmm.org\\\/qt\\\/#\\\/schema\\\/logo\\\/image\\\/\"},\"sameAs\":[\"https:\\\/\\\/www.facebook.com\\\/qtmm.info\\\/\"]},{\"@type\":\"Person\",\"@id\":\"https:\\\/\\\/qtmm.org\\\/qt\\\/#\\\/schema\\\/person\\\/de562469f971dec226ac06e60bbf74a7\",\"name\":\"Developer\",\"image\":{\"@type\":\"ImageObject\",\"inLanguage\":\"qt\",\"@id\":\"https:\\\/\\\/secure.gravatar.com\\\/avatar\\\/392b4cc8fbfeb00b39dfeeab4ee6edded39ffd48e25858637e4765810300227e?s=96&d=mm&r=g\",\"url\":\"https:\\\/\\\/secure.gravatar.com\\\/avatar\\\/392b4cc8fbfeb00b39dfeeab4ee6edded39ffd48e25858637e4765810300227e?s=96&d=mm&r=g\",\"contentUrl\":\"https:\\\/\\\/secure.gravatar.com\\\/avatar\\\/392b4cc8fbfeb00b39dfeeab4ee6edded39ffd48e25858637e4765810300227e?s=96&d=mm&r=g\",\"caption\":\"Developer\"},\"url\":\"https:\\\/\\\/qtmm.org\\\/qt\\\/author\\\/Developer\\\/\"}]}<\/script>\n<!-- \/ Yoast SEO plugin. -->","yoast_head_json":{"title":"Ukraina halq deputat\u0131 Mustafa Cemilev \u00ab2014 senesine Ukraina devlet b\u00fcceti aqq\u0131nda\u00bb Ukraina qanun\u0131 leyhas\u0131na tekliflerini yollad\u0131 - \u041c\u0435\u0434\u0436\u043b\u0456\u0441","robots":{"index":"index","follow":"follow","max-snippet":"max-snippet:-1","max-image-preview":"max-image-preview:large","max-video-preview":"max-video-preview:-1"},"canonical":"https:\/\/qtmm.org\/qt\/ukraina-halq-deputati-mustafa-cemilev-2014-senesine-ukraina-devlet-buceti-aqqinda-ukraina-qanuni-leyhasina-tekliflerini-yolladi\/","og_locale":"en_US","og_type":"article","og_title":"Ukraina halq deputat\u0131 Mustafa Cemilev \u00ab2014 senesine Ukraina devlet b\u00fcceti aqq\u0131nda\u00bb Ukraina qanun\u0131 leyhas\u0131na tekliflerini yollad\u0131 - \u041c\u0435\u0434\u0436\u043b\u0456\u0441","og_description":"2013 senesi dekabr 19 k\u00fcn\u00fc Ukraina \u00fck\u00fcmeti&nbsp; Ukraina Yuqar\u0131 \u015euras\u0131na &#8220;2014 senesine Ukraina&nbsp; devlet b\u00fcceti aqq\u0131nda&#8221; Ukraina qanun\u0131 leyhas\u0131n\u0131 kirsetti.&nbsp; Milliy mens\u00fcpligi boyunca s\u00fcrg\u00fcn etilip, Ukraina\u011fa qaytqan q\u0131r\u0131mtatar halq\u0131n\u0131\u00f1 qaytar\u0131luv\u0131 ve yerle\u015ftiril\u00fcvi boyunca tedbirlerni finansirlevni\u00f1 b\u00fccette seviyesi yeterli olma\u011fan\u0131 munasebetinen\u00a0 Ukraina halq deputat\u0131 Mustafa Cemilev Ukraina Yuqar\u0131 \u015euras\u0131n\u0131\u00f1 B\u00fccet meseleleri boyunca komitetni\u00f1 reisi\u00a0 YE. Geller [&hellip;]","og_url":"https:\/\/qtmm.org\/qt\/ukraina-halq-deputati-mustafa-cemilev-2014-senesine-ukraina-devlet-buceti-aqqinda-ukraina-qanuni-leyhasina-tekliflerini-yolladi\/","og_site_name":"\u041c\u0435\u0434\u0436\u043b\u0456\u0441","article_publisher":"https:\/\/www.facebook.com\/qtmm.info\/","article_published_time":"2013-12-25T10:44:00+00:00","article_modified_time":"2022-01-27T10:45:08+00:00","og_image":[{"width":670,"height":310,"url":"https:\/\/qtmm.org\/wp-content\/uploads\/2022\/01\/nardep_dzhemilev_1.jpeg","type":"image\/jpeg"}],"author":"Developer","twitter_card":"summary_large_image","twitter_misc":{"Written by":"Developer","Est. reading time":"1 minute"},"schema":{"@context":"https:\/\/schema.org","@graph":[{"@type":"Article","@id":"https:\/\/qtmm.org\/qt\/ukraina-halq-deputati-mustafa-cemilev-2014-senesine-ukraina-devlet-buceti-aqqinda-ukraina-qanuni-leyhasina-tekliflerini-yolladi\/#article","isPartOf":{"@id":"https:\/\/qtmm.org\/qt\/ukraina-halq-deputati-mustafa-cemilev-2014-senesine-ukraina-devlet-buceti-aqqinda-ukraina-qanuni-leyhasina-tekliflerini-yolladi\/"},"author":{"name":"Developer","@id":"https:\/\/qtmm.org\/qt\/#\/schema\/person\/de562469f971dec226ac06e60bbf74a7"},"headline":"Ukraina halq deputat\u0131 Mustafa Cemilev \u00ab2014 senesine Ukraina devlet b\u00fcceti aqq\u0131nda\u00bb Ukraina qanun\u0131 leyhas\u0131na tekliflerini yollad\u0131","datePublished":"2013-12-25T10:44:00+00:00","dateModified":"2022-01-27T10:45:08+00:00","mainEntityOfPage":{"@id":"https:\/\/qtmm.org\/qt\/ukraina-halq-deputati-mustafa-cemilev-2014-senesine-ukraina-devlet-buceti-aqqinda-ukraina-qanuni-leyhasina-tekliflerini-yolladi\/"},"wordCount":233,"commentCount":0,"publisher":{"@id":"https:\/\/qtmm.org\/qt\/#organization"},"image":{"@id":"https:\/\/qtmm.org\/qt\/ukraina-halq-deputati-mustafa-cemilev-2014-senesine-ukraina-devlet-buceti-aqqinda-ukraina-qanuni-leyhasina-tekliflerini-yolladi\/#primaryimage"},"thumbnailUrl":"https:\/\/qtmm.org\/wp-content\/uploads\/2022\/01\/nardep_dzhemilev_1.jpeg","articleSection":["Haberler"],"inLanguage":"qt","potentialAction":[{"@type":"CommentAction","name":"Comment","target":["https:\/\/qtmm.org\/qt\/ukraina-halq-deputati-mustafa-cemilev-2014-senesine-ukraina-devlet-buceti-aqqinda-ukraina-qanuni-leyhasina-tekliflerini-yolladi\/#respond"]}]},{"@type":"WebPage","@id":"https:\/\/qtmm.org\/qt\/ukraina-halq-deputati-mustafa-cemilev-2014-senesine-ukraina-devlet-buceti-aqqinda-ukraina-qanuni-leyhasina-tekliflerini-yolladi\/","url":"https:\/\/qtmm.org\/qt\/ukraina-halq-deputati-mustafa-cemilev-2014-senesine-ukraina-devlet-buceti-aqqinda-ukraina-qanuni-leyhasina-tekliflerini-yolladi\/","name":"Ukraina halq deputat\u0131 Mustafa Cemilev \u00ab2014 senesine Ukraina devlet b\u00fcceti aqq\u0131nda\u00bb Ukraina qanun\u0131 leyhas\u0131na tekliflerini yollad\u0131 - \u041c\u0435\u0434\u0436\u043b\u0456\u0441","isPartOf":{"@id":"https:\/\/qtmm.org\/qt\/#website"},"primaryImageOfPage":{"@id":"https:\/\/qtmm.org\/qt\/ukraina-halq-deputati-mustafa-cemilev-2014-senesine-ukraina-devlet-buceti-aqqinda-ukraina-qanuni-leyhasina-tekliflerini-yolladi\/#primaryimage"},"image":{"@id":"https:\/\/qtmm.org\/qt\/ukraina-halq-deputati-mustafa-cemilev-2014-senesine-ukraina-devlet-buceti-aqqinda-ukraina-qanuni-leyhasina-tekliflerini-yolladi\/#primaryimage"},"thumbnailUrl":"https:\/\/qtmm.org\/wp-content\/uploads\/2022\/01\/nardep_dzhemilev_1.jpeg","datePublished":"2013-12-25T10:44:00+00:00","dateModified":"2022-01-27T10:45:08+00:00","breadcrumb":{"@id":"https:\/\/qtmm.org\/qt\/ukraina-halq-deputati-mustafa-cemilev-2014-senesine-ukraina-devlet-buceti-aqqinda-ukraina-qanuni-leyhasina-tekliflerini-yolladi\/#breadcrumb"},"inLanguage":"qt","potentialAction":[{"@type":"ReadAction","target":["https:\/\/qtmm.org\/qt\/ukraina-halq-deputati-mustafa-cemilev-2014-senesine-ukraina-devlet-buceti-aqqinda-ukraina-qanuni-leyhasina-tekliflerini-yolladi\/"]}]},{"@type":"ImageObject","inLanguage":"qt","@id":"https:\/\/qtmm.org\/qt\/ukraina-halq-deputati-mustafa-cemilev-2014-senesine-ukraina-devlet-buceti-aqqinda-ukraina-qanuni-leyhasina-tekliflerini-yolladi\/#primaryimage","url":"https:\/\/qtmm.org\/wp-content\/uploads\/2022\/01\/nardep_dzhemilev_1.jpeg","contentUrl":"https:\/\/qtmm.org\/wp-content\/uploads\/2022\/01\/nardep_dzhemilev_1.jpeg","width":670,"height":310},{"@type":"BreadcrumbList","@id":"https:\/\/qtmm.org\/qt\/ukraina-halq-deputati-mustafa-cemilev-2014-senesine-ukraina-devlet-buceti-aqqinda-ukraina-qanuni-leyhasina-tekliflerini-yolladi\/#breadcrumb","itemListElement":[{"@type":"ListItem","position":1,"name":"\u0413\u043e\u043b\u043e\u0432\u043d\u0430","item":"https:\/\/qtmm.org\/qt\/"},{"@type":"ListItem","position":2,"name":"Ukraina halq deputat\u0131 Mustafa Cemilev \u00ab2014 senesine Ukraina devlet b\u00fcceti aqq\u0131nda\u00bb Ukraina qanun\u0131 leyhas\u0131na tekliflerini yollad\u0131"}]},{"@type":"WebSite","@id":"https:\/\/qtmm.org\/qt\/#website","url":"https:\/\/qtmm.org\/qt\/","name":"\u041c\u0435\u0434\u0436\u043b\u0456\u0441","description":"","publisher":{"@id":"https:\/\/qtmm.org\/qt\/#organization"},"potentialAction":[{"@type":"SearchAction","target":{"@type":"EntryPoint","urlTemplate":"https:\/\/qtmm.org\/qt\/?s={search_term_string}"},"query-input":{"@type":"PropertyValueSpecification","valueRequired":true,"valueName":"search_term_string"}}],"inLanguage":"qt"},{"@type":"Organization","@id":"https:\/\/qtmm.org\/qt\/#organization","name":"\u041c\u0435\u0434\u0436\u043b\u0456\u0441","url":"https:\/\/qtmm.org\/qt\/","logo":{"@type":"ImageObject","inLanguage":"qt","@id":"https:\/\/qtmm.org\/qt\/#\/schema\/logo\/image\/","url":"https:\/\/qtmm.org\/wp-content\/uploads\/2024\/12\/ua-mejlis-logo-rgb.svg","contentUrl":"https:\/\/qtmm.org\/wp-content\/uploads\/2024\/12\/ua-mejlis-logo-rgb.svg","caption":"\u041c\u0435\u0434\u0436\u043b\u0456\u0441"},"image":{"@id":"https:\/\/qtmm.org\/qt\/#\/schema\/logo\/image\/"},"sameAs":["https:\/\/www.facebook.com\/qtmm.info\/"]},{"@type":"Person","@id":"https:\/\/qtmm.org\/qt\/#\/schema\/person\/de562469f971dec226ac06e60bbf74a7","name":"Developer","image":{"@type":"ImageObject","inLanguage":"qt","@id":"https:\/\/secure.gravatar.com\/avatar\/392b4cc8fbfeb00b39dfeeab4ee6edded39ffd48e25858637e4765810300227e?s=96&d=mm&r=g","url":"https:\/\/secure.gravatar.com\/avatar\/392b4cc8fbfeb00b39dfeeab4ee6edded39ffd48e25858637e4765810300227e?s=96&d=mm&r=g","contentUrl":"https:\/\/secure.gravatar.com\/avatar\/392b4cc8fbfeb00b39dfeeab4ee6edded39ffd48e25858637e4765810300227e?s=96&d=mm&r=g","caption":"Developer"},"url":"https:\/\/qtmm.org\/qt\/author\/Developer\/"}]}},"_links":{"self":[{"href":"https:\/\/qtmm.org\/qt\/wp-json\/wp\/v2\/posts\/42115","targetHints":{"allow":["GET"]}}],"collection":[{"href":"https:\/\/qtmm.org\/qt\/wp-json\/wp\/v2\/posts"}],"about":[{"href":"https:\/\/qtmm.org\/qt\/wp-json\/wp\/v2\/types\/post"}],"author":[{"embeddable":true,"href":"https:\/\/qtmm.org\/qt\/wp-json\/wp\/v2\/users\/1"}],"replies":[{"embeddable":true,"href":"https:\/\/qtmm.org\/qt\/wp-json\/wp\/v2\/comments?post=42115"}],"version-history":[{"count":1,"href":"https:\/\/qtmm.org\/qt\/wp-json\/wp\/v2\/posts\/42115\/revisions"}],"predecessor-version":[{"id":42120,"href":"https:\/\/qtmm.org\/qt\/wp-json\/wp\/v2\/posts\/42115\/revisions\/42120"}],"wp:featuredmedia":[{"embeddable":true,"href":"https:\/\/qtmm.org\/qt\/wp-json\/wp\/v2\/media\/42116"}],"wp:attachment":[{"href":"https:\/\/qtmm.org\/qt\/wp-json\/wp\/v2\/media?parent=42115"}],"wp:term":[{"taxonomy":"category","embeddable":true,"href":"https:\/\/qtmm.org\/qt\/wp-json\/wp\/v2\/categories?post=42115"},{"taxonomy":"post_tag","embeddable":true,"href":"https:\/\/qtmm.org\/qt\/wp-json\/wp\/v2\/tags?post=42115"}],"curies":[{"name":"wp","href":"https:\/\/api.w.org\/{rel}","templated":true}]}}