




{"id":42093,"date":"2013-12-25T13:41:00","date_gmt":"2013-12-25T10:41:00","guid":{"rendered":"http:\/\/qtmm.org\/?p=42093"},"modified":"2022-01-27T13:43:57","modified_gmt":"2022-01-27T10:43:57","slug":"refat-cubarov-qirim-yuqari-surasindaki-parlament-coqlugi-olarnin-fikirinden-farqli-fikirlerni-bildirgen-deputatlarnin-pozitsiyasini-da-esapqa-almaq-borclu","status":"publish","type":"post","link":"https:\/\/qtmm.org\/qt\/refat-cubarov-qirim-yuqari-surasindaki-parlament-coqlugi-olarnin-fikirinden-farqli-fikirlerni-bildirgen-deputatlarnin-pozitsiyasini-da-esapqa-almaq-borclu\/","title":{"rendered":"Refat \u00c7ubarov: Q\u0131r\u0131m Yuqar\u0131 \u015euras\u0131ndaki parlament \u00e7oqlu\u011f\u0131 olarn\u0131\u00f1 fikirinden farql\u0131 fikirlerni bildirgen deputatlarn\u0131\u00f1 pozitsiyas\u0131n\u0131 da esapqa almaq borclu"},"content":{"rendered":"\n<p>2013 senesi dekabr 25 k\u00fcn\u00fc Q\u0131r\u0131m parlamentini\u00f1 deputatlar\u0131 2013 senesinde Q\u0131r\u0131m Yuqar\u0131 \u015euras\u0131 alt\u0131nc\u0131 \u00e7a\u011f\u0131r\u0131l\u0131\u015f VII sessiyas\u0131n\u0131\u00f1 so\u00f1ki topla\u015fuv\u0131n\u0131 ke\u00e7irdiler.<\/p>\n\n\n\n<figure class=\"wp-block-image size-full\"><img loading=\"lazy\" decoding=\"async\" width=\"650\" height=\"259\" src=\"http:\/\/qtmm.org\/wp-content\/uploads\/2022\/01\/arvi0032.jpeg\" alt=\"\" class=\"wp-image-42094\" srcset=\"https:\/\/qtmm.org\/wp-content\/uploads\/2022\/01\/arvi0032.jpeg 650w, https:\/\/qtmm.org\/wp-content\/uploads\/2022\/01\/arvi0032-300x120.jpeg 300w\" sizes=\"auto, (max-width: 650px) 100vw, 650px\" \/><\/figure>\n\n\n\n<p>Topla\u015fuvn\u0131\u00f1 ba\u015f\u0131nda &#8220;Qurultay-Ruh&#8221; fraktsiyas\u0131n\u0131\u00f1 ba\u015f\u0131 Refat \u00c7ubarov sessiya salon\u0131nda, on\u0131\u00f1 fikrince, Ukraina qanunlar\u0131n\u0131 boz\u011fan plakatlar as\u0131l\u011fan\u0131na naraz\u0131l\u0131\u011f\u0131n\u0131 bildirdi.<\/p>\n\n\n\n<figure class=\"wp-block-image size-full\"><img loading=\"lazy\" decoding=\"async\" width=\"650\" height=\"287\" src=\"http:\/\/qtmm.org\/wp-content\/uploads\/2022\/01\/arvi0033.jpeg\" alt=\"\" class=\"wp-image-42098\" srcset=\"https:\/\/qtmm.org\/wp-content\/uploads\/2022\/01\/arvi0033.jpeg 650w, https:\/\/qtmm.org\/wp-content\/uploads\/2022\/01\/arvi0033-300x132.jpeg 300w\" sizes=\"auto, (max-width: 650px) 100vw, 650px\" \/><\/figure>\n\n\n\n<p>C\u00fcmleden, sessiya salon\u0131n\u0131\u00f1 divarlar\u0131nda &#8220;Yanukovi\u00e7 \u2013Q\u0131r\u0131m-Rusiye&#8221;, &#8220;Q\u0131r\u0131m G\u00fcmr\u00fck birligini\u00f1 tarafdar\u0131&#8221;, bun\u0131\u00f1 kibi de &#8220;Banderac\u0131lar\u011fa Q\u0131r\u0131mda yol yoq!&#8221; ve &#8220;Svoboda&#8221; birle\u015fmesi cevapqa \u00e7ekilsin&#8221; kibi \u015fiarlar as\u0131l\u0131 edi.<\/p>\n\n\n\n<p>Refat \u00c7ubarov Q\u0131r\u0131m parlamentini\u00f1 ba\u015f\u0131 Vladimir Konstantinovdan mezk\u00fcr \u015fiarlarn\u0131 asma\u011fa kim izin bergenini sorad\u0131. &#8220;Men m\u0131nda Ukrainan\u0131\u00f1 devlet menfaatlar\u0131na ve Ukraina Prezidenti Yanukovi\u00e7 resmen il\u00e2n etken Ukraina y\u00f6neli\u015fine z\u0131t eki plakatn\u0131 k\u00f6rmektem, &#8211; dedi \u00c7ubarov ve &#8220;Yanukovi\u00e7 \u2013Q\u0131r\u0131m-Rusiye&#8221;, \u015fiar\u0131, on\u0131\u00f1 fikirine k\u00f6re, i\u00e7 olma\u011fanda &#8220;Yanukovi\u00e7-Ukraina&#8221; dep yaz\u0131lmas\u0131 kerek edi.<\/p>\n\n\n\n<figure class=\"wp-block-image size-full\"><img loading=\"lazy\" decoding=\"async\" width=\"650\" height=\"373\" src=\"http:\/\/qtmm.org\/wp-content\/uploads\/2022\/01\/arvi0036.jpeg\" alt=\"\" class=\"wp-image-42102\" srcset=\"https:\/\/qtmm.org\/wp-content\/uploads\/2022\/01\/arvi0036.jpeg 650w, https:\/\/qtmm.org\/wp-content\/uploads\/2022\/01\/arvi0036-300x172.jpeg 300w\" sizes=\"auto, (max-width: 650px) 100vw, 650px\" \/><\/figure>\n\n\n\n<p>Q\u0131r\u0131m Yuqar\u0131 \u015euras\u0131n\u0131\u00f1 deputat\u0131 R. \u00c7ubarov Q\u0131r\u0131m parlamentini\u00f1 reisine &#8220;\u00f6z\u00fcni\u00f1 ayr\u0131 isteklerini Ukraina Prezidenti ve devletni\u00f1 kurs\u0131na uy\u011fun alda ifade etmesini tevsiye etti. &#8220;Bu plakatlarn\u0131 asma\u011fa kim izin bergenini ma\u00f1a a\u00f1latmalar\u0131n\u0131, prokuratura ve Ukraina Tel\u00fckesizlik h\u0131zmetini ise \u00f6z vazifelerini eda etmelerini rica etem&#8221;, &#8211; dedi \u00c7ubarov.<\/p>\n\n\n\n<p>Q\u0131r\u0131m spikeri deputat \u00c7ubarov\u011fa bu salon deputatlar salon\u0131 ol\u011fan\u0131n\u0131 aytqanda \u00c7ubarov &#8220;Ya men de deputat\u0131m. Kelecek sefer men asqan \u015feylerni nas\u0131l al\u0131r ekensi\u00f1iz men baqar\u0131m&#8221;, &#8211; dedi a\u00e7uvnen \u00c7ubarov ve Konstantinov\u011fa \u00f6z\u00fcni\u00f1 konkret vazifesini eda etmesini tenbiyeledi. Q\u0131r\u0131m parlamentini\u00f1 sessiyas\u0131nda \u00e7\u0131q\u0131\u015fta bulun\u011fan Refat \u00c7ubarov fraktsiyadaki zenaatda\u015flar\u0131 ve kendi ad\u0131ndan Ukrainan\u0131\u00f1 \u011farp adetlerini k\u00fctken hristian vatanda\u015flar\u0131n\u0131 Hristos do\u011fum\u0131 ve keleyatqan ya\u00f1\u0131 y\u0131l bayram\u0131nen hay\u0131rlad\u0131.<\/p>\n\n\n\n<p>&#8220;Ayn\u0131 zamanda siyasiy-i\u00e7timaiy vaziyet \u00f6yle ki, do\u011frus\u0131n\u0131 aytqanda, bayram keyfi degil de keder duy\u011fus\u0131 bar&#8221;, &#8211; qayd etti \u00c7ubarov. &#8220;Kurultay-Ruh&#8221; fraktsiyas\u0131n\u0131\u00f1 ba\u015f\u0131 emin ki, Q\u0131r\u0131mda ker\u00e7ek dialog olmadan, \u015fu c\u00fcmleden siyasiy \u00e7oqluq ve siyasiy azl\u0131q aras\u0131nda, g\u00fcya cemaat bar\u0131\u015f\u0131\u011f\u0131 mevcut diye k\u00f6steri\u015f yapabermek inq\u0131raz ile yek\u00fcnlenebilir.<br><br>&#8220;Zenaatda\u015flar, \u00e7oqmilletli ve \u00e7oqdinli cemiyette, Q\u0131r\u0131m cemiyeti ise ayn\u0131 b\u00f6yle cemiyettir, o qadar \u00e7oq mesele bar ki, angileri sadece qol k\u00f6ter\u00fcvnen, olsun \u00e7oqluqn\u0131\u00f1 qol k\u00f6termesinen, \u00e7ezilmegenini a\u00f1lama\u011fa \u00e7a\u011f\u0131ram sizni, &#8211; dedi R. \u00c7ubarov. \u2013 \u015eun\u0131\u00f1 i\u00e7\u00fcn de er bir normal demokratik devlette cemiyetni\u00f1 er bir azas\u0131n\u0131\u00f1 aqlar\u0131n\u0131 musaviy \u015fekilde qor\u00e7ala\u011fan ve teminlegen bir \u00e7oq qanunlar ve usullar tesis etile. Bu pek m\u00fcimdir&#8221;.<\/p>\n\n\n\n<p>R. \u00c7ubarovn\u0131\u00f1 s\u00f6zlerine k\u00f6re 2013 senesi Q\u0131r\u0131m Yuqar\u0131 \u015euras\u0131 \u00f6z faaliyetinde b\u00fcy\u00fck ya\u00f1l\u0131\u015flardan birini yapt\u0131.<\/p>\n\n\n\n<figure class=\"wp-block-image size-full\"><img loading=\"lazy\" decoding=\"async\" width=\"650\" height=\"416\" src=\"http:\/\/qtmm.org\/wp-content\/uploads\/2022\/01\/chubarov_25.12.2013_3.jpg\" alt=\"\" class=\"wp-image-42110\" srcset=\"https:\/\/qtmm.org\/wp-content\/uploads\/2022\/01\/chubarov_25.12.2013_3.jpg 650w, https:\/\/qtmm.org\/wp-content\/uploads\/2022\/01\/chubarov_25.12.2013_3-300x192.jpg 300w\" sizes=\"auto, (max-width: 650px) 100vw, 650px\" \/><\/figure>\n\n\n\n<p>&#8220;Q\u0131ymetli meslekde\u015fler, sizler i\u015f odas\u0131 Yuqar\u0131 \u015eurada olma\u011fan bir insann\u0131\u00f1 emiri ile daimiy komissiyalarn\u0131\u00f1 birini\u00f1 erk\u00e2n\u0131n\u0131 de\u00f1i\u015ftirmek i\u00e7\u00fcn \u00e7oqluq ol\u0131p rey berdi\u00f1iz, &#8211; dep a\u00f1latt\u0131 \u00c7ubarov. \u2013 Albu ki, biz ba\u015f\u0131nda er angi fraktsiya, olsun e\u00f1 az say\u0131l\u0131, Prezidiumda temsil etilmesi imk\u00e2n\u0131na malik olaca\u011f\u0131 aqq\u0131nda a\u00f1la\u015fqan edik. \u00d6yle de old\u0131. So\u00f1ra siz bizim raz\u0131l\u0131\u011f\u0131m\u0131zn\u0131 bile soramadan, &#8220;Qurultay-Ruh&#8221; fraktsiyas\u0131 ile i\u00e7 bir t\u00fcrl\u00fc s\u00f6yle\u015f\u00fcvler ke\u00e7irmeden fraktsiyam\u0131zn\u0131\u00f1 azas\u0131n\u0131 \u00e7oqu\u00f1\u0131z\u011fa as\u0131l\u0131 ile yaq\u0131nca soyuna de\u00f1i\u015ftirdi\u00f1iz&#8221;<\/p>\n\n\n\n<p>Q\u0131r\u0131m Yuqar\u0131 \u015euras\u0131n\u0131\u00f1 ba\u015f\u0131 ve deputat korpus\u0131na h\u0131tap eterek Refat \u00c7ubarov Q\u0131r\u0131m Yuqar\u0131 \u015euras\u0131n\u0131\u00f1 Milletlerara meseleler boyunca daimiy komissiyas\u0131n\u0131\u00f1 reisi boyunca mesele \u011fayr\u0131dan baq\u0131lmas\u0131 kerek dedi ve parlamentteki \u00e7oqluq Yuqar\u0131 \u015eurada olarn\u0131\u00f1 fikirinden farql\u0131 fikirlerni ifade etken deputatlarn\u0131\u00f1 pozitsiyas\u0131n\u0131 da esapqa almaqn\u0131 tevsiye etti. &#8220;Bu deputatlarn\u0131 da Ukrainan\u0131\u00f1 vatanda\u015flar\u0131 ol\u011fan Q\u0131r\u0131m sakinleri saylad\u0131lar&#8221;- dep qayd etti R. \u00c7ubarov.<\/p>\n\n\n\n<p class=\"has-text-align-right\"><br><br><em>QMC YU\u015e matbuat merkezini\u00f1 fotolar\u0131<\/em><\/p>\n\n\n\n<figure class=\"wp-block-image\"><img decoding=\"async\" src=\"https:\/\/mail.google.com\/mail\/u\/0\/images\/cleardot.gif\" alt=\"\"\/><\/figure>\n","protected":false},"excerpt":{"rendered":"<p>2013 senesi dekabr 25 k\u00fcn\u00fc Q\u0131r\u0131m parlamentini\u00f1 deputatlar\u0131 2013 senesinde Q\u0131r\u0131m Yuqar\u0131 \u015euras\u0131 alt\u0131nc\u0131 \u00e7a\u011f\u0131r\u0131l\u0131\u015f VII sessiyas\u0131n\u0131\u00f1 so\u00f1ki topla\u015fuv\u0131n\u0131 ke\u00e7irdiler. Topla\u015fuvn\u0131\u00f1 ba\u015f\u0131nda &#8220;Qurultay-Ruh&#8221; fraktsiyas\u0131n\u0131\u00f1 ba\u015f\u0131 Refat \u00c7ubarov sessiya salon\u0131nda, on\u0131\u00f1 fikrince, Ukraina qanunlar\u0131n\u0131 boz\u011fan plakatlar as\u0131l\u011fan\u0131na naraz\u0131l\u0131\u011f\u0131n\u0131 bildirdi. C\u00fcmleden, sessiya salon\u0131n\u0131\u00f1 divarlar\u0131nda &#8220;Yanukovi\u00e7 \u2013Q\u0131r\u0131m-Rusiye&#8221;, &#8220;Q\u0131r\u0131m G\u00fcmr\u00fck birligini\u00f1 tarafdar\u0131&#8221;, bun\u0131\u00f1 kibi de &#8220;Banderac\u0131lar\u011fa Q\u0131r\u0131mda yol yoq!&#8221; [&hellip;]<\/p>\n","protected":false},"author":1,"featured_media":42106,"comment_status":"open","ping_status":"open","sticky":false,"template":"","format":"standard","meta":{"inline_featured_image":false,"footnotes":""},"categories":[265],"tags":[],"class_list":["post-42093","post","type-post","status-publish","format-standard","has-post-thumbnail","hentry","category-haberler"],"acf":[],"yoast_head":"<!-- This site is optimized with the Yoast SEO plugin v27.4 - https:\/\/yoast.com\/product\/yoast-seo-wordpress\/ -->\n<title>Refat \u00c7ubarov: Q\u0131r\u0131m Yuqar\u0131 \u015euras\u0131ndaki parlament \u00e7oqlu\u011f\u0131 olarn\u0131\u00f1 fikirinden farql\u0131 fikirlerni bildirgen deputatlarn\u0131\u00f1 pozitsiyas\u0131n\u0131 da esapqa almaq borclu - \u041c\u0435\u0434\u0436\u043b\u0456\u0441<\/title>\n<meta name=\"robots\" content=\"index, follow, max-snippet:-1, max-image-preview:large, max-video-preview:-1\" \/>\n<link rel=\"canonical\" href=\"https:\/\/qtmm.org\/qt\/refat-cubarov-qirim-yuqari-surasindaki-parlament-coqlugi-olarnin-fikirinden-farqli-fikirlerni-bildirgen-deputatlarnin-pozitsiyasini-da-esapqa-almaq-borclu\/\" \/>\n<meta property=\"og:locale\" content=\"en_US\" \/>\n<meta property=\"og:type\" content=\"article\" \/>\n<meta property=\"og:title\" content=\"Refat \u00c7ubarov: Q\u0131r\u0131m Yuqar\u0131 \u015euras\u0131ndaki parlament \u00e7oqlu\u011f\u0131 olarn\u0131\u00f1 fikirinden farql\u0131 fikirlerni bildirgen deputatlarn\u0131\u00f1 pozitsiyas\u0131n\u0131 da esapqa almaq borclu - \u041c\u0435\u0434\u0436\u043b\u0456\u0441\" \/>\n<meta property=\"og:description\" content=\"2013 senesi dekabr 25 k\u00fcn\u00fc Q\u0131r\u0131m parlamentini\u00f1 deputatlar\u0131 2013 senesinde Q\u0131r\u0131m Yuqar\u0131 \u015euras\u0131 alt\u0131nc\u0131 \u00e7a\u011f\u0131r\u0131l\u0131\u015f VII sessiyas\u0131n\u0131\u00f1 so\u00f1ki topla\u015fuv\u0131n\u0131 ke\u00e7irdiler. Topla\u015fuvn\u0131\u00f1 ba\u015f\u0131nda &#8220;Qurultay-Ruh&#8221; fraktsiyas\u0131n\u0131\u00f1 ba\u015f\u0131 Refat \u00c7ubarov sessiya salon\u0131nda, on\u0131\u00f1 fikrince, Ukraina qanunlar\u0131n\u0131 boz\u011fan plakatlar as\u0131l\u011fan\u0131na naraz\u0131l\u0131\u011f\u0131n\u0131 bildirdi. C\u00fcmleden, sessiya salon\u0131n\u0131\u00f1 divarlar\u0131nda &#8220;Yanukovi\u00e7 \u2013Q\u0131r\u0131m-Rusiye&#8221;, &#8220;Q\u0131r\u0131m G\u00fcmr\u00fck birligini\u00f1 tarafdar\u0131&#8221;, bun\u0131\u00f1 kibi de &#8220;Banderac\u0131lar\u011fa Q\u0131r\u0131mda yol yoq!&#8221; [&hellip;]\" \/>\n<meta property=\"og:url\" content=\"https:\/\/qtmm.org\/qt\/refat-cubarov-qirim-yuqari-surasindaki-parlament-coqlugi-olarnin-fikirinden-farqli-fikirlerni-bildirgen-deputatlarnin-pozitsiyasini-da-esapqa-almaq-borclu\/\" \/>\n<meta property=\"og:site_name\" content=\"\u041c\u0435\u0434\u0436\u043b\u0456\u0441\" \/>\n<meta property=\"article:publisher\" content=\"https:\/\/www.facebook.com\/qtmm.info\/\" \/>\n<meta property=\"article:published_time\" content=\"2013-12-25T10:41:00+00:00\" \/>\n<meta property=\"article:modified_time\" content=\"2022-01-27T10:43:57+00:00\" \/>\n<meta property=\"og:image\" content=\"https:\/\/qtmm.org\/wp-content\/uploads\/2022\/01\/arvi0035.jpeg\" \/>\n\t<meta property=\"og:image:width\" content=\"650\" \/>\n\t<meta property=\"og:image:height\" content=\"373\" \/>\n\t<meta property=\"og:image:type\" content=\"image\/jpeg\" \/>\n<meta name=\"author\" content=\"Developer\" \/>\n<meta name=\"twitter:card\" content=\"summary_large_image\" \/>\n<meta name=\"twitter:label1\" content=\"Written by\" \/>\n\t<meta name=\"twitter:data1\" content=\"Developer\" \/>\n\t<meta name=\"twitter:label2\" content=\"Est. reading time\" \/>\n\t<meta name=\"twitter:data2\" content=\"3 minutes\" \/>\n<script type=\"application\/ld+json\" class=\"yoast-schema-graph\">{\"@context\":\"https:\\\/\\\/schema.org\",\"@graph\":[{\"@type\":\"Article\",\"@id\":\"https:\\\/\\\/qtmm.org\\\/qt\\\/refat-cubarov-qirim-yuqari-surasindaki-parlament-coqlugi-olarnin-fikirinden-farqli-fikirlerni-bildirgen-deputatlarnin-pozitsiyasini-da-esapqa-almaq-borclu\\\/#article\",\"isPartOf\":{\"@id\":\"https:\\\/\\\/qtmm.org\\\/qt\\\/refat-cubarov-qirim-yuqari-surasindaki-parlament-coqlugi-olarnin-fikirinden-farqli-fikirlerni-bildirgen-deputatlarnin-pozitsiyasini-da-esapqa-almaq-borclu\\\/\"},\"author\":{\"name\":\"Developer\",\"@id\":\"https:\\\/\\\/qtmm.org\\\/qt\\\/#\\\/schema\\\/person\\\/de562469f971dec226ac06e60bbf74a7\"},\"headline\":\"Refat \u00c7ubarov: Q\u0131r\u0131m Yuqar\u0131 \u015euras\u0131ndaki parlament \u00e7oqlu\u011f\u0131 olarn\u0131\u00f1 fikirinden farql\u0131 fikirlerni bildirgen deputatlarn\u0131\u00f1 pozitsiyas\u0131n\u0131 da esapqa almaq borclu\",\"datePublished\":\"2013-12-25T10:41:00+00:00\",\"dateModified\":\"2022-01-27T10:43:57+00:00\",\"mainEntityOfPage\":{\"@id\":\"https:\\\/\\\/qtmm.org\\\/qt\\\/refat-cubarov-qirim-yuqari-surasindaki-parlament-coqlugi-olarnin-fikirinden-farqli-fikirlerni-bildirgen-deputatlarnin-pozitsiyasini-da-esapqa-almaq-borclu\\\/\"},\"wordCount\":685,\"commentCount\":0,\"publisher\":{\"@id\":\"https:\\\/\\\/qtmm.org\\\/qt\\\/#organization\"},\"image\":{\"@id\":\"https:\\\/\\\/qtmm.org\\\/qt\\\/refat-cubarov-qirim-yuqari-surasindaki-parlament-coqlugi-olarnin-fikirinden-farqli-fikirlerni-bildirgen-deputatlarnin-pozitsiyasini-da-esapqa-almaq-borclu\\\/#primaryimage\"},\"thumbnailUrl\":\"https:\\\/\\\/qtmm.org\\\/wp-content\\\/uploads\\\/2022\\\/01\\\/arvi0035.jpeg\",\"articleSection\":[\"Haberler\"],\"inLanguage\":\"qt\",\"potentialAction\":[{\"@type\":\"CommentAction\",\"name\":\"Comment\",\"target\":[\"https:\\\/\\\/qtmm.org\\\/qt\\\/refat-cubarov-qirim-yuqari-surasindaki-parlament-coqlugi-olarnin-fikirinden-farqli-fikirlerni-bildirgen-deputatlarnin-pozitsiyasini-da-esapqa-almaq-borclu\\\/#respond\"]}]},{\"@type\":\"WebPage\",\"@id\":\"https:\\\/\\\/qtmm.org\\\/qt\\\/refat-cubarov-qirim-yuqari-surasindaki-parlament-coqlugi-olarnin-fikirinden-farqli-fikirlerni-bildirgen-deputatlarnin-pozitsiyasini-da-esapqa-almaq-borclu\\\/\",\"url\":\"https:\\\/\\\/qtmm.org\\\/qt\\\/refat-cubarov-qirim-yuqari-surasindaki-parlament-coqlugi-olarnin-fikirinden-farqli-fikirlerni-bildirgen-deputatlarnin-pozitsiyasini-da-esapqa-almaq-borclu\\\/\",\"name\":\"Refat \u00c7ubarov: Q\u0131r\u0131m Yuqar\u0131 \u015euras\u0131ndaki parlament \u00e7oqlu\u011f\u0131 olarn\u0131\u00f1 fikirinden farql\u0131 fikirlerni bildirgen deputatlarn\u0131\u00f1 pozitsiyas\u0131n\u0131 da esapqa almaq borclu - \u041c\u0435\u0434\u0436\u043b\u0456\u0441\",\"isPartOf\":{\"@id\":\"https:\\\/\\\/qtmm.org\\\/qt\\\/#website\"},\"primaryImageOfPage\":{\"@id\":\"https:\\\/\\\/qtmm.org\\\/qt\\\/refat-cubarov-qirim-yuqari-surasindaki-parlament-coqlugi-olarnin-fikirinden-farqli-fikirlerni-bildirgen-deputatlarnin-pozitsiyasini-da-esapqa-almaq-borclu\\\/#primaryimage\"},\"image\":{\"@id\":\"https:\\\/\\\/qtmm.org\\\/qt\\\/refat-cubarov-qirim-yuqari-surasindaki-parlament-coqlugi-olarnin-fikirinden-farqli-fikirlerni-bildirgen-deputatlarnin-pozitsiyasini-da-esapqa-almaq-borclu\\\/#primaryimage\"},\"thumbnailUrl\":\"https:\\\/\\\/qtmm.org\\\/wp-content\\\/uploads\\\/2022\\\/01\\\/arvi0035.jpeg\",\"datePublished\":\"2013-12-25T10:41:00+00:00\",\"dateModified\":\"2022-01-27T10:43:57+00:00\",\"breadcrumb\":{\"@id\":\"https:\\\/\\\/qtmm.org\\\/qt\\\/refat-cubarov-qirim-yuqari-surasindaki-parlament-coqlugi-olarnin-fikirinden-farqli-fikirlerni-bildirgen-deputatlarnin-pozitsiyasini-da-esapqa-almaq-borclu\\\/#breadcrumb\"},\"inLanguage\":\"qt\",\"potentialAction\":[{\"@type\":\"ReadAction\",\"target\":[\"https:\\\/\\\/qtmm.org\\\/qt\\\/refat-cubarov-qirim-yuqari-surasindaki-parlament-coqlugi-olarnin-fikirinden-farqli-fikirlerni-bildirgen-deputatlarnin-pozitsiyasini-da-esapqa-almaq-borclu\\\/\"]}]},{\"@type\":\"ImageObject\",\"inLanguage\":\"qt\",\"@id\":\"https:\\\/\\\/qtmm.org\\\/qt\\\/refat-cubarov-qirim-yuqari-surasindaki-parlament-coqlugi-olarnin-fikirinden-farqli-fikirlerni-bildirgen-deputatlarnin-pozitsiyasini-da-esapqa-almaq-borclu\\\/#primaryimage\",\"url\":\"https:\\\/\\\/qtmm.org\\\/wp-content\\\/uploads\\\/2022\\\/01\\\/arvi0035.jpeg\",\"contentUrl\":\"https:\\\/\\\/qtmm.org\\\/wp-content\\\/uploads\\\/2022\\\/01\\\/arvi0035.jpeg\",\"width\":650,\"height\":373},{\"@type\":\"BreadcrumbList\",\"@id\":\"https:\\\/\\\/qtmm.org\\\/qt\\\/refat-cubarov-qirim-yuqari-surasindaki-parlament-coqlugi-olarnin-fikirinden-farqli-fikirlerni-bildirgen-deputatlarnin-pozitsiyasini-da-esapqa-almaq-borclu\\\/#breadcrumb\",\"itemListElement\":[{\"@type\":\"ListItem\",\"position\":1,\"name\":\"\u0413\u043e\u043b\u043e\u0432\u043d\u0430\",\"item\":\"https:\\\/\\\/qtmm.org\\\/qt\\\/\"},{\"@type\":\"ListItem\",\"position\":2,\"name\":\"Refat \u00c7ubarov: Q\u0131r\u0131m Yuqar\u0131 \u015euras\u0131ndaki parlament \u00e7oqlu\u011f\u0131 olarn\u0131\u00f1 fikirinden farql\u0131 fikirlerni bildirgen deputatlarn\u0131\u00f1 pozitsiyas\u0131n\u0131 da esapqa almaq borclu\"}]},{\"@type\":\"WebSite\",\"@id\":\"https:\\\/\\\/qtmm.org\\\/qt\\\/#website\",\"url\":\"https:\\\/\\\/qtmm.org\\\/qt\\\/\",\"name\":\"\u041c\u0435\u0434\u0436\u043b\u0456\u0441\",\"description\":\"\",\"publisher\":{\"@id\":\"https:\\\/\\\/qtmm.org\\\/qt\\\/#organization\"},\"potentialAction\":[{\"@type\":\"SearchAction\",\"target\":{\"@type\":\"EntryPoint\",\"urlTemplate\":\"https:\\\/\\\/qtmm.org\\\/qt\\\/?s={search_term_string}\"},\"query-input\":{\"@type\":\"PropertyValueSpecification\",\"valueRequired\":true,\"valueName\":\"search_term_string\"}}],\"inLanguage\":\"qt\"},{\"@type\":\"Organization\",\"@id\":\"https:\\\/\\\/qtmm.org\\\/qt\\\/#organization\",\"name\":\"\u041c\u0435\u0434\u0436\u043b\u0456\u0441\",\"url\":\"https:\\\/\\\/qtmm.org\\\/qt\\\/\",\"logo\":{\"@type\":\"ImageObject\",\"inLanguage\":\"qt\",\"@id\":\"https:\\\/\\\/qtmm.org\\\/qt\\\/#\\\/schema\\\/logo\\\/image\\\/\",\"url\":\"https:\\\/\\\/qtmm.org\\\/wp-content\\\/uploads\\\/2024\\\/12\\\/ua-mejlis-logo-rgb.svg\",\"contentUrl\":\"https:\\\/\\\/qtmm.org\\\/wp-content\\\/uploads\\\/2024\\\/12\\\/ua-mejlis-logo-rgb.svg\",\"caption\":\"\u041c\u0435\u0434\u0436\u043b\u0456\u0441\"},\"image\":{\"@id\":\"https:\\\/\\\/qtmm.org\\\/qt\\\/#\\\/schema\\\/logo\\\/image\\\/\"},\"sameAs\":[\"https:\\\/\\\/www.facebook.com\\\/qtmm.info\\\/\"]},{\"@type\":\"Person\",\"@id\":\"https:\\\/\\\/qtmm.org\\\/qt\\\/#\\\/schema\\\/person\\\/de562469f971dec226ac06e60bbf74a7\",\"name\":\"Developer\",\"image\":{\"@type\":\"ImageObject\",\"inLanguage\":\"qt\",\"@id\":\"https:\\\/\\\/secure.gravatar.com\\\/avatar\\\/392b4cc8fbfeb00b39dfeeab4ee6edded39ffd48e25858637e4765810300227e?s=96&d=mm&r=g\",\"url\":\"https:\\\/\\\/secure.gravatar.com\\\/avatar\\\/392b4cc8fbfeb00b39dfeeab4ee6edded39ffd48e25858637e4765810300227e?s=96&d=mm&r=g\",\"contentUrl\":\"https:\\\/\\\/secure.gravatar.com\\\/avatar\\\/392b4cc8fbfeb00b39dfeeab4ee6edded39ffd48e25858637e4765810300227e?s=96&d=mm&r=g\",\"caption\":\"Developer\"},\"url\":\"https:\\\/\\\/qtmm.org\\\/qt\\\/author\\\/Developer\\\/\"}]}<\/script>\n<!-- \/ Yoast SEO plugin. -->","yoast_head_json":{"title":"Refat \u00c7ubarov: Q\u0131r\u0131m Yuqar\u0131 \u015euras\u0131ndaki parlament \u00e7oqlu\u011f\u0131 olarn\u0131\u00f1 fikirinden farql\u0131 fikirlerni bildirgen deputatlarn\u0131\u00f1 pozitsiyas\u0131n\u0131 da esapqa almaq borclu - \u041c\u0435\u0434\u0436\u043b\u0456\u0441","robots":{"index":"index","follow":"follow","max-snippet":"max-snippet:-1","max-image-preview":"max-image-preview:large","max-video-preview":"max-video-preview:-1"},"canonical":"https:\/\/qtmm.org\/qt\/refat-cubarov-qirim-yuqari-surasindaki-parlament-coqlugi-olarnin-fikirinden-farqli-fikirlerni-bildirgen-deputatlarnin-pozitsiyasini-da-esapqa-almaq-borclu\/","og_locale":"en_US","og_type":"article","og_title":"Refat \u00c7ubarov: Q\u0131r\u0131m Yuqar\u0131 \u015euras\u0131ndaki parlament \u00e7oqlu\u011f\u0131 olarn\u0131\u00f1 fikirinden farql\u0131 fikirlerni bildirgen deputatlarn\u0131\u00f1 pozitsiyas\u0131n\u0131 da esapqa almaq borclu - \u041c\u0435\u0434\u0436\u043b\u0456\u0441","og_description":"2013 senesi dekabr 25 k\u00fcn\u00fc Q\u0131r\u0131m parlamentini\u00f1 deputatlar\u0131 2013 senesinde Q\u0131r\u0131m Yuqar\u0131 \u015euras\u0131 alt\u0131nc\u0131 \u00e7a\u011f\u0131r\u0131l\u0131\u015f VII sessiyas\u0131n\u0131\u00f1 so\u00f1ki topla\u015fuv\u0131n\u0131 ke\u00e7irdiler. Topla\u015fuvn\u0131\u00f1 ba\u015f\u0131nda &#8220;Qurultay-Ruh&#8221; fraktsiyas\u0131n\u0131\u00f1 ba\u015f\u0131 Refat \u00c7ubarov sessiya salon\u0131nda, on\u0131\u00f1 fikrince, Ukraina qanunlar\u0131n\u0131 boz\u011fan plakatlar as\u0131l\u011fan\u0131na naraz\u0131l\u0131\u011f\u0131n\u0131 bildirdi. C\u00fcmleden, sessiya salon\u0131n\u0131\u00f1 divarlar\u0131nda &#8220;Yanukovi\u00e7 \u2013Q\u0131r\u0131m-Rusiye&#8221;, &#8220;Q\u0131r\u0131m G\u00fcmr\u00fck birligini\u00f1 tarafdar\u0131&#8221;, bun\u0131\u00f1 kibi de &#8220;Banderac\u0131lar\u011fa Q\u0131r\u0131mda yol yoq!&#8221; [&hellip;]","og_url":"https:\/\/qtmm.org\/qt\/refat-cubarov-qirim-yuqari-surasindaki-parlament-coqlugi-olarnin-fikirinden-farqli-fikirlerni-bildirgen-deputatlarnin-pozitsiyasini-da-esapqa-almaq-borclu\/","og_site_name":"\u041c\u0435\u0434\u0436\u043b\u0456\u0441","article_publisher":"https:\/\/www.facebook.com\/qtmm.info\/","article_published_time":"2013-12-25T10:41:00+00:00","article_modified_time":"2022-01-27T10:43:57+00:00","og_image":[{"width":650,"height":373,"url":"https:\/\/qtmm.org\/wp-content\/uploads\/2022\/01\/arvi0035.jpeg","type":"image\/jpeg"}],"author":"Developer","twitter_card":"summary_large_image","twitter_misc":{"Written by":"Developer","Est. reading time":"3 minutes"},"schema":{"@context":"https:\/\/schema.org","@graph":[{"@type":"Article","@id":"https:\/\/qtmm.org\/qt\/refat-cubarov-qirim-yuqari-surasindaki-parlament-coqlugi-olarnin-fikirinden-farqli-fikirlerni-bildirgen-deputatlarnin-pozitsiyasini-da-esapqa-almaq-borclu\/#article","isPartOf":{"@id":"https:\/\/qtmm.org\/qt\/refat-cubarov-qirim-yuqari-surasindaki-parlament-coqlugi-olarnin-fikirinden-farqli-fikirlerni-bildirgen-deputatlarnin-pozitsiyasini-da-esapqa-almaq-borclu\/"},"author":{"name":"Developer","@id":"https:\/\/qtmm.org\/qt\/#\/schema\/person\/de562469f971dec226ac06e60bbf74a7"},"headline":"Refat \u00c7ubarov: Q\u0131r\u0131m Yuqar\u0131 \u015euras\u0131ndaki parlament \u00e7oqlu\u011f\u0131 olarn\u0131\u00f1 fikirinden farql\u0131 fikirlerni bildirgen deputatlarn\u0131\u00f1 pozitsiyas\u0131n\u0131 da esapqa almaq borclu","datePublished":"2013-12-25T10:41:00+00:00","dateModified":"2022-01-27T10:43:57+00:00","mainEntityOfPage":{"@id":"https:\/\/qtmm.org\/qt\/refat-cubarov-qirim-yuqari-surasindaki-parlament-coqlugi-olarnin-fikirinden-farqli-fikirlerni-bildirgen-deputatlarnin-pozitsiyasini-da-esapqa-almaq-borclu\/"},"wordCount":685,"commentCount":0,"publisher":{"@id":"https:\/\/qtmm.org\/qt\/#organization"},"image":{"@id":"https:\/\/qtmm.org\/qt\/refat-cubarov-qirim-yuqari-surasindaki-parlament-coqlugi-olarnin-fikirinden-farqli-fikirlerni-bildirgen-deputatlarnin-pozitsiyasini-da-esapqa-almaq-borclu\/#primaryimage"},"thumbnailUrl":"https:\/\/qtmm.org\/wp-content\/uploads\/2022\/01\/arvi0035.jpeg","articleSection":["Haberler"],"inLanguage":"qt","potentialAction":[{"@type":"CommentAction","name":"Comment","target":["https:\/\/qtmm.org\/qt\/refat-cubarov-qirim-yuqari-surasindaki-parlament-coqlugi-olarnin-fikirinden-farqli-fikirlerni-bildirgen-deputatlarnin-pozitsiyasini-da-esapqa-almaq-borclu\/#respond"]}]},{"@type":"WebPage","@id":"https:\/\/qtmm.org\/qt\/refat-cubarov-qirim-yuqari-surasindaki-parlament-coqlugi-olarnin-fikirinden-farqli-fikirlerni-bildirgen-deputatlarnin-pozitsiyasini-da-esapqa-almaq-borclu\/","url":"https:\/\/qtmm.org\/qt\/refat-cubarov-qirim-yuqari-surasindaki-parlament-coqlugi-olarnin-fikirinden-farqli-fikirlerni-bildirgen-deputatlarnin-pozitsiyasini-da-esapqa-almaq-borclu\/","name":"Refat \u00c7ubarov: Q\u0131r\u0131m Yuqar\u0131 \u015euras\u0131ndaki parlament \u00e7oqlu\u011f\u0131 olarn\u0131\u00f1 fikirinden farql\u0131 fikirlerni bildirgen deputatlarn\u0131\u00f1 pozitsiyas\u0131n\u0131 da esapqa almaq borclu - \u041c\u0435\u0434\u0436\u043b\u0456\u0441","isPartOf":{"@id":"https:\/\/qtmm.org\/qt\/#website"},"primaryImageOfPage":{"@id":"https:\/\/qtmm.org\/qt\/refat-cubarov-qirim-yuqari-surasindaki-parlament-coqlugi-olarnin-fikirinden-farqli-fikirlerni-bildirgen-deputatlarnin-pozitsiyasini-da-esapqa-almaq-borclu\/#primaryimage"},"image":{"@id":"https:\/\/qtmm.org\/qt\/refat-cubarov-qirim-yuqari-surasindaki-parlament-coqlugi-olarnin-fikirinden-farqli-fikirlerni-bildirgen-deputatlarnin-pozitsiyasini-da-esapqa-almaq-borclu\/#primaryimage"},"thumbnailUrl":"https:\/\/qtmm.org\/wp-content\/uploads\/2022\/01\/arvi0035.jpeg","datePublished":"2013-12-25T10:41:00+00:00","dateModified":"2022-01-27T10:43:57+00:00","breadcrumb":{"@id":"https:\/\/qtmm.org\/qt\/refat-cubarov-qirim-yuqari-surasindaki-parlament-coqlugi-olarnin-fikirinden-farqli-fikirlerni-bildirgen-deputatlarnin-pozitsiyasini-da-esapqa-almaq-borclu\/#breadcrumb"},"inLanguage":"qt","potentialAction":[{"@type":"ReadAction","target":["https:\/\/qtmm.org\/qt\/refat-cubarov-qirim-yuqari-surasindaki-parlament-coqlugi-olarnin-fikirinden-farqli-fikirlerni-bildirgen-deputatlarnin-pozitsiyasini-da-esapqa-almaq-borclu\/"]}]},{"@type":"ImageObject","inLanguage":"qt","@id":"https:\/\/qtmm.org\/qt\/refat-cubarov-qirim-yuqari-surasindaki-parlament-coqlugi-olarnin-fikirinden-farqli-fikirlerni-bildirgen-deputatlarnin-pozitsiyasini-da-esapqa-almaq-borclu\/#primaryimage","url":"https:\/\/qtmm.org\/wp-content\/uploads\/2022\/01\/arvi0035.jpeg","contentUrl":"https:\/\/qtmm.org\/wp-content\/uploads\/2022\/01\/arvi0035.jpeg","width":650,"height":373},{"@type":"BreadcrumbList","@id":"https:\/\/qtmm.org\/qt\/refat-cubarov-qirim-yuqari-surasindaki-parlament-coqlugi-olarnin-fikirinden-farqli-fikirlerni-bildirgen-deputatlarnin-pozitsiyasini-da-esapqa-almaq-borclu\/#breadcrumb","itemListElement":[{"@type":"ListItem","position":1,"name":"\u0413\u043e\u043b\u043e\u0432\u043d\u0430","item":"https:\/\/qtmm.org\/qt\/"},{"@type":"ListItem","position":2,"name":"Refat \u00c7ubarov: Q\u0131r\u0131m Yuqar\u0131 \u015euras\u0131ndaki parlament \u00e7oqlu\u011f\u0131 olarn\u0131\u00f1 fikirinden farql\u0131 fikirlerni bildirgen deputatlarn\u0131\u00f1 pozitsiyas\u0131n\u0131 da esapqa almaq borclu"}]},{"@type":"WebSite","@id":"https:\/\/qtmm.org\/qt\/#website","url":"https:\/\/qtmm.org\/qt\/","name":"\u041c\u0435\u0434\u0436\u043b\u0456\u0441","description":"","publisher":{"@id":"https:\/\/qtmm.org\/qt\/#organization"},"potentialAction":[{"@type":"SearchAction","target":{"@type":"EntryPoint","urlTemplate":"https:\/\/qtmm.org\/qt\/?s={search_term_string}"},"query-input":{"@type":"PropertyValueSpecification","valueRequired":true,"valueName":"search_term_string"}}],"inLanguage":"qt"},{"@type":"Organization","@id":"https:\/\/qtmm.org\/qt\/#organization","name":"\u041c\u0435\u0434\u0436\u043b\u0456\u0441","url":"https:\/\/qtmm.org\/qt\/","logo":{"@type":"ImageObject","inLanguage":"qt","@id":"https:\/\/qtmm.org\/qt\/#\/schema\/logo\/image\/","url":"https:\/\/qtmm.org\/wp-content\/uploads\/2024\/12\/ua-mejlis-logo-rgb.svg","contentUrl":"https:\/\/qtmm.org\/wp-content\/uploads\/2024\/12\/ua-mejlis-logo-rgb.svg","caption":"\u041c\u0435\u0434\u0436\u043b\u0456\u0441"},"image":{"@id":"https:\/\/qtmm.org\/qt\/#\/schema\/logo\/image\/"},"sameAs":["https:\/\/www.facebook.com\/qtmm.info\/"]},{"@type":"Person","@id":"https:\/\/qtmm.org\/qt\/#\/schema\/person\/de562469f971dec226ac06e60bbf74a7","name":"Developer","image":{"@type":"ImageObject","inLanguage":"qt","@id":"https:\/\/secure.gravatar.com\/avatar\/392b4cc8fbfeb00b39dfeeab4ee6edded39ffd48e25858637e4765810300227e?s=96&d=mm&r=g","url":"https:\/\/secure.gravatar.com\/avatar\/392b4cc8fbfeb00b39dfeeab4ee6edded39ffd48e25858637e4765810300227e?s=96&d=mm&r=g","contentUrl":"https:\/\/secure.gravatar.com\/avatar\/392b4cc8fbfeb00b39dfeeab4ee6edded39ffd48e25858637e4765810300227e?s=96&d=mm&r=g","caption":"Developer"},"url":"https:\/\/qtmm.org\/qt\/author\/Developer\/"}]}},"_links":{"self":[{"href":"https:\/\/qtmm.org\/qt\/wp-json\/wp\/v2\/posts\/42093","targetHints":{"allow":["GET"]}}],"collection":[{"href":"https:\/\/qtmm.org\/qt\/wp-json\/wp\/v2\/posts"}],"about":[{"href":"https:\/\/qtmm.org\/qt\/wp-json\/wp\/v2\/types\/post"}],"author":[{"embeddable":true,"href":"https:\/\/qtmm.org\/qt\/wp-json\/wp\/v2\/users\/1"}],"replies":[{"embeddable":true,"href":"https:\/\/qtmm.org\/qt\/wp-json\/wp\/v2\/comments?post=42093"}],"version-history":[{"count":1,"href":"https:\/\/qtmm.org\/qt\/wp-json\/wp\/v2\/posts\/42093\/revisions"}],"predecessor-version":[{"id":42114,"href":"https:\/\/qtmm.org\/qt\/wp-json\/wp\/v2\/posts\/42093\/revisions\/42114"}],"wp:featuredmedia":[{"embeddable":true,"href":"https:\/\/qtmm.org\/qt\/wp-json\/wp\/v2\/media\/42106"}],"wp:attachment":[{"href":"https:\/\/qtmm.org\/qt\/wp-json\/wp\/v2\/media?parent=42093"}],"wp:term":[{"taxonomy":"category","embeddable":true,"href":"https:\/\/qtmm.org\/qt\/wp-json\/wp\/v2\/categories?post=42093"},{"taxonomy":"post_tag","embeddable":true,"href":"https:\/\/qtmm.org\/qt\/wp-json\/wp\/v2\/tags?post=42093"}],"curies":[{"name":"wp","href":"https:\/\/api.w.org\/{rel}","templated":true}]}}