




{"id":42071,"date":"2013-12-25T13:39:00","date_gmt":"2013-12-25T10:39:00","guid":{"rendered":"http:\/\/qtmm.org\/?p=42071"},"modified":"2022-01-27T13:41:21","modified_gmt":"2022-01-27T10:41:21","slug":"meclis-reisi-103-yasli-selime-memetovani-doggan-kununen-hayirladi","status":"publish","type":"post","link":"https:\/\/qtmm.org\/qt\/meclis-reisi-103-yasli-selime-memetovani-doggan-kununen-hayirladi\/","title":{"rendered":"Meclis reisi 103 ya\u015fl\u0131 Selime Memetovan\u0131 do\u011f\u011fan k\u00fcn\u00fcnen hay\u0131rlad\u0131"},"content":{"rendered":"\n<p>2013 senesi dekabr 25 k\u00fcn\u00fc Aqmescit rayon\u0131nda ya\u015fa\u011fan Selime Memetova 103 ya\u015f\u0131n\u0131 toldurd\u0131.<\/p>\n\n\n\n<figure class=\"wp-block-image size-full\"><img loading=\"lazy\" decoding=\"async\" width=\"650\" height=\"293\" src=\"http:\/\/qtmm.org\/wp-content\/uploads\/2022\/01\/img_4017.jpeg\" alt=\"\" class=\"wp-image-42072\" srcset=\"https:\/\/qtmm.org\/wp-content\/uploads\/2022\/01\/img_4017.jpeg 650w, https:\/\/qtmm.org\/wp-content\/uploads\/2022\/01\/img_4017-300x135.jpeg 300w\" sizes=\"auto, (max-width: 650px) 100vw, 650px\" \/><\/figure>\n\n\n\n<p>Selime bita k\u00fc\u00e7\u00fck o\u011flun\u0131\u00f1 ailesinen beraber ya\u015fa\u011fan Aqmescit rayon\u0131ndaki Yuqar\u0131 Asma k\u00f6y\u00fcne on\u0131 103 ya\u015f\u0131nen hay\u0131rlamaq i\u00e7\u00fcn Meclis reisi Refat \u00c7ubarov, Meclis Prezidium\u0131n\u0131\u00f1 azas\u0131 Sad\u0131h Tabah, Be\u015fterek k\u00f6y meclisini\u00f1 reisi Nariman Abdurahmanov, soy-aqrabalar\u0131 ve qom\u015fular\u0131 keldiler.<\/p>\n\n\n\n<figure class=\"wp-block-image size-full\"><img loading=\"lazy\" decoding=\"async\" width=\"650\" height=\"279\" src=\"http:\/\/qtmm.org\/wp-content\/uploads\/2022\/01\/img_4018.jpeg\" alt=\"\" class=\"wp-image-42076\" srcset=\"https:\/\/qtmm.org\/wp-content\/uploads\/2022\/01\/img_4018.jpeg 650w, https:\/\/qtmm.org\/wp-content\/uploads\/2022\/01\/img_4018-300x129.jpeg 300w\" sizes=\"auto, (max-width: 650px) 100vw, 650px\" \/><\/figure>\n\n\n\n<p>Selime bita 1910 senesi Ba\u011f\u00e7asaray rayon\u0131n\u0131\u00f1 Kermen\u00e7ik k\u00f6y\u00fcnde do\u011fd\u0131. Kence o\u011flu \u0130san\u0131\u00f1 aytqan\u0131na k\u00f6re Selime bita 9 balal\u0131 aileni\u00f1 e\u00f1 b\u00fcy\u00fcgi eken.<\/p>\n\n\n\n<p>&#8220;S\u00fcrg\u00fcnlikni\u00f1 birinci y\u0131llar\u0131nda anam bir \u00e7oq semetde\u015fler s\u0131ras\u0131nda Uralda a\u011f\u0131r \u015faraitlerde da\u011f kesken, &#8211; ik\u00e2ye ete \u0130sa bey. \u2013 O aptemnen ekimizni, torunlar\u0131 ve torun\u00e7elerini halqqa, Vatan\u011fa, dinge sevgi ruhunda terbiyeledi. On\u0131\u00f1 yan\u0131nda kimdir yalan aytsa, aldatsa ya da \u00f6\u015fek tarqatsa pek a\u00e7uvlana edi&#8221;.<\/p>\n\n\n\n<figure class=\"wp-block-image size-full\"><img loading=\"lazy\" decoding=\"async\" width=\"650\" height=\"440\" src=\"http:\/\/qtmm.org\/wp-content\/uploads\/2022\/01\/img_4029.jpeg\" alt=\"\" class=\"wp-image-42080\" srcset=\"https:\/\/qtmm.org\/wp-content\/uploads\/2022\/01\/img_4029.jpeg 650w, https:\/\/qtmm.org\/wp-content\/uploads\/2022\/01\/img_4029-300x203.jpeg 300w\" sizes=\"auto, (max-width: 650px) 100vw, 650px\" \/><\/figure>\n\n\n\n<p>Musafirlernen birlikte Selime bita da qave i\u00e7ip, \u00e7oq \u015faqala\u015ft\u0131 ve eski q\u0131r\u0131mtatar y\u0131rlar\u0131n\u0131 icra etip er kesni ho\u015fnut etti.<\/p>\n\n\n\n<figure class=\"wp-block-image size-full\"><img loading=\"lazy\" decoding=\"async\" width=\"650\" height=\"378\" src=\"http:\/\/qtmm.org\/wp-content\/uploads\/2022\/01\/img_4021.jpeg\" alt=\"\" class=\"wp-image-42084\" srcset=\"https:\/\/qtmm.org\/wp-content\/uploads\/2022\/01\/img_4021.jpeg 650w, https:\/\/qtmm.org\/wp-content\/uploads\/2022\/01\/img_4021-300x174.jpeg 300w\" sizes=\"auto, (max-width: 650px) 100vw, 650px\" \/><\/figure>\n\n\n\n<p>Hay\u0131rlama\u011fa kelgenlerge te\u015fekk\u00fcr bildirgen Selime bita musafirlerge Vatanda uzun y\u0131llar bahtl\u0131-\u00e7astl\u0131 ya\u015famaqn\u0131 tiledi.<\/p>\n\n\n\n<figure class=\"wp-block-image size-full\"><img loading=\"lazy\" decoding=\"async\" width=\"650\" height=\"350\" src=\"http:\/\/qtmm.org\/wp-content\/uploads\/2022\/01\/img_4052.jpeg\" alt=\"\" class=\"wp-image-42088\" srcset=\"https:\/\/qtmm.org\/wp-content\/uploads\/2022\/01\/img_4052.jpeg 650w, https:\/\/qtmm.org\/wp-content\/uploads\/2022\/01\/img_4052-300x162.jpeg 300w\" sizes=\"auto, (max-width: 650px) 100vw, 650px\" \/><\/figure>\n","protected":false},"excerpt":{"rendered":"<p>2013 senesi dekabr 25 k\u00fcn\u00fc Aqmescit rayon\u0131nda ya\u015fa\u011fan Selime Memetova 103 ya\u015f\u0131n\u0131 toldurd\u0131. Selime bita k\u00fc\u00e7\u00fck o\u011flun\u0131\u00f1 ailesinen beraber ya\u015fa\u011fan Aqmescit rayon\u0131ndaki Yuqar\u0131 Asma k\u00f6y\u00fcne on\u0131 103 ya\u015f\u0131nen hay\u0131rlamaq i\u00e7\u00fcn Meclis reisi Refat \u00c7ubarov, Meclis Prezidium\u0131n\u0131\u00f1 azas\u0131 Sad\u0131h Tabah, Be\u015fterek k\u00f6y meclisini\u00f1 reisi Nariman Abdurahmanov, soy-aqrabalar\u0131 ve qom\u015fular\u0131 keldiler. Selime bita 1910 senesi Ba\u011f\u00e7asaray rayon\u0131n\u0131\u00f1 [&hellip;]<\/p>\n","protected":false},"author":1,"featured_media":0,"comment_status":"open","ping_status":"open","sticky":false,"template":"","format":"standard","meta":{"inline_featured_image":false,"footnotes":""},"categories":[265],"tags":[],"class_list":["post-42071","post","type-post","status-publish","format-standard","hentry","category-haberler"],"acf":[],"yoast_head":"<!-- This site is optimized with the Yoast SEO plugin v27.4 - https:\/\/yoast.com\/product\/yoast-seo-wordpress\/ -->\n<title>Meclis reisi 103 ya\u015fl\u0131 Selime Memetovan\u0131 do\u011f\u011fan k\u00fcn\u00fcnen hay\u0131rlad\u0131 - \u041c\u0435\u0434\u0436\u043b\u0456\u0441<\/title>\n<meta name=\"robots\" content=\"index, follow, max-snippet:-1, max-image-preview:large, max-video-preview:-1\" \/>\n<link rel=\"canonical\" href=\"https:\/\/qtmm.org\/qt\/meclis-reisi-103-yasli-selime-memetovani-doggan-kununen-hayirladi\/\" \/>\n<meta property=\"og:locale\" content=\"en_US\" \/>\n<meta property=\"og:type\" content=\"article\" \/>\n<meta property=\"og:title\" content=\"Meclis reisi 103 ya\u015fl\u0131 Selime Memetovan\u0131 do\u011f\u011fan k\u00fcn\u00fcnen hay\u0131rlad\u0131 - \u041c\u0435\u0434\u0436\u043b\u0456\u0441\" \/>\n<meta property=\"og:description\" content=\"2013 senesi dekabr 25 k\u00fcn\u00fc Aqmescit rayon\u0131nda ya\u015fa\u011fan Selime Memetova 103 ya\u015f\u0131n\u0131 toldurd\u0131. Selime bita k\u00fc\u00e7\u00fck o\u011flun\u0131\u00f1 ailesinen beraber ya\u015fa\u011fan Aqmescit rayon\u0131ndaki Yuqar\u0131 Asma k\u00f6y\u00fcne on\u0131 103 ya\u015f\u0131nen hay\u0131rlamaq i\u00e7\u00fcn Meclis reisi Refat \u00c7ubarov, Meclis Prezidium\u0131n\u0131\u00f1 azas\u0131 Sad\u0131h Tabah, Be\u015fterek k\u00f6y meclisini\u00f1 reisi Nariman Abdurahmanov, soy-aqrabalar\u0131 ve qom\u015fular\u0131 keldiler. Selime bita 1910 senesi Ba\u011f\u00e7asaray rayon\u0131n\u0131\u00f1 [&hellip;]\" \/>\n<meta property=\"og:url\" content=\"https:\/\/qtmm.org\/qt\/meclis-reisi-103-yasli-selime-memetovani-doggan-kununen-hayirladi\/\" \/>\n<meta property=\"og:site_name\" content=\"\u041c\u0435\u0434\u0436\u043b\u0456\u0441\" \/>\n<meta property=\"article:publisher\" content=\"https:\/\/www.facebook.com\/qtmm.info\/\" \/>\n<meta property=\"article:published_time\" content=\"2013-12-25T10:39:00+00:00\" \/>\n<meta property=\"article:modified_time\" content=\"2022-01-27T10:41:21+00:00\" \/>\n<meta property=\"og:image\" content=\"https:\/\/qtmm.org\/wp-content\/uploads\/2022\/01\/img_4017.jpeg\" \/>\n\t<meta property=\"og:image:width\" content=\"650\" \/>\n\t<meta property=\"og:image:height\" content=\"293\" \/>\n\t<meta property=\"og:image:type\" content=\"image\/jpeg\" \/>\n<meta name=\"author\" content=\"Developer\" \/>\n<meta name=\"twitter:card\" content=\"summary_large_image\" \/>\n<meta name=\"twitter:label1\" content=\"Written by\" \/>\n\t<meta name=\"twitter:data1\" content=\"Developer\" \/>\n\t<meta name=\"twitter:label2\" content=\"Est. reading time\" \/>\n\t<meta name=\"twitter:data2\" content=\"1 minute\" \/>\n<script type=\"application\/ld+json\" class=\"yoast-schema-graph\">{\"@context\":\"https:\\\/\\\/schema.org\",\"@graph\":[{\"@type\":\"Article\",\"@id\":\"https:\\\/\\\/qtmm.org\\\/qt\\\/meclis-reisi-103-yasli-selime-memetovani-doggan-kununen-hayirladi\\\/#article\",\"isPartOf\":{\"@id\":\"https:\\\/\\\/qtmm.org\\\/qt\\\/meclis-reisi-103-yasli-selime-memetovani-doggan-kununen-hayirladi\\\/\"},\"author\":{\"name\":\"Developer\",\"@id\":\"https:\\\/\\\/qtmm.org\\\/qt\\\/#\\\/schema\\\/person\\\/de562469f971dec226ac06e60bbf74a7\"},\"headline\":\"Meclis reisi 103 ya\u015fl\u0131 Selime Memetovan\u0131 do\u011f\u011fan k\u00fcn\u00fcnen hay\u0131rlad\u0131\",\"datePublished\":\"2013-12-25T10:39:00+00:00\",\"dateModified\":\"2022-01-27T10:41:21+00:00\",\"mainEntityOfPage\":{\"@id\":\"https:\\\/\\\/qtmm.org\\\/qt\\\/meclis-reisi-103-yasli-selime-memetovani-doggan-kununen-hayirladi\\\/\"},\"wordCount\":212,\"commentCount\":0,\"publisher\":{\"@id\":\"https:\\\/\\\/qtmm.org\\\/qt\\\/#organization\"},\"image\":{\"@id\":\"https:\\\/\\\/qtmm.org\\\/qt\\\/meclis-reisi-103-yasli-selime-memetovani-doggan-kununen-hayirladi\\\/#primaryimage\"},\"thumbnailUrl\":\"http:\\\/\\\/qtmm.org\\\/wp-content\\\/uploads\\\/2022\\\/01\\\/img_4017.jpeg\",\"articleSection\":[\"Haberler\"],\"inLanguage\":\"qt\",\"potentialAction\":[{\"@type\":\"CommentAction\",\"name\":\"Comment\",\"target\":[\"https:\\\/\\\/qtmm.org\\\/qt\\\/meclis-reisi-103-yasli-selime-memetovani-doggan-kununen-hayirladi\\\/#respond\"]}]},{\"@type\":\"WebPage\",\"@id\":\"https:\\\/\\\/qtmm.org\\\/qt\\\/meclis-reisi-103-yasli-selime-memetovani-doggan-kununen-hayirladi\\\/\",\"url\":\"https:\\\/\\\/qtmm.org\\\/qt\\\/meclis-reisi-103-yasli-selime-memetovani-doggan-kununen-hayirladi\\\/\",\"name\":\"Meclis reisi 103 ya\u015fl\u0131 Selime Memetovan\u0131 do\u011f\u011fan k\u00fcn\u00fcnen hay\u0131rlad\u0131 - \u041c\u0435\u0434\u0436\u043b\u0456\u0441\",\"isPartOf\":{\"@id\":\"https:\\\/\\\/qtmm.org\\\/qt\\\/#website\"},\"primaryImageOfPage\":{\"@id\":\"https:\\\/\\\/qtmm.org\\\/qt\\\/meclis-reisi-103-yasli-selime-memetovani-doggan-kununen-hayirladi\\\/#primaryimage\"},\"image\":{\"@id\":\"https:\\\/\\\/qtmm.org\\\/qt\\\/meclis-reisi-103-yasli-selime-memetovani-doggan-kununen-hayirladi\\\/#primaryimage\"},\"thumbnailUrl\":\"http:\\\/\\\/qtmm.org\\\/wp-content\\\/uploads\\\/2022\\\/01\\\/img_4017.jpeg\",\"datePublished\":\"2013-12-25T10:39:00+00:00\",\"dateModified\":\"2022-01-27T10:41:21+00:00\",\"breadcrumb\":{\"@id\":\"https:\\\/\\\/qtmm.org\\\/qt\\\/meclis-reisi-103-yasli-selime-memetovani-doggan-kununen-hayirladi\\\/#breadcrumb\"},\"inLanguage\":\"qt\",\"potentialAction\":[{\"@type\":\"ReadAction\",\"target\":[\"https:\\\/\\\/qtmm.org\\\/qt\\\/meclis-reisi-103-yasli-selime-memetovani-doggan-kununen-hayirladi\\\/\"]}]},{\"@type\":\"ImageObject\",\"inLanguage\":\"qt\",\"@id\":\"https:\\\/\\\/qtmm.org\\\/qt\\\/meclis-reisi-103-yasli-selime-memetovani-doggan-kununen-hayirladi\\\/#primaryimage\",\"url\":\"http:\\\/\\\/qtmm.org\\\/wp-content\\\/uploads\\\/2022\\\/01\\\/img_4017.jpeg\",\"contentUrl\":\"http:\\\/\\\/qtmm.org\\\/wp-content\\\/uploads\\\/2022\\\/01\\\/img_4017.jpeg\"},{\"@type\":\"BreadcrumbList\",\"@id\":\"https:\\\/\\\/qtmm.org\\\/qt\\\/meclis-reisi-103-yasli-selime-memetovani-doggan-kununen-hayirladi\\\/#breadcrumb\",\"itemListElement\":[{\"@type\":\"ListItem\",\"position\":1,\"name\":\"\u0413\u043e\u043b\u043e\u0432\u043d\u0430\",\"item\":\"https:\\\/\\\/qtmm.org\\\/qt\\\/\"},{\"@type\":\"ListItem\",\"position\":2,\"name\":\"Meclis reisi 103 ya\u015fl\u0131 Selime Memetovan\u0131 do\u011f\u011fan k\u00fcn\u00fcnen hay\u0131rlad\u0131\"}]},{\"@type\":\"WebSite\",\"@id\":\"https:\\\/\\\/qtmm.org\\\/qt\\\/#website\",\"url\":\"https:\\\/\\\/qtmm.org\\\/qt\\\/\",\"name\":\"\u041c\u0435\u0434\u0436\u043b\u0456\u0441\",\"description\":\"\",\"publisher\":{\"@id\":\"https:\\\/\\\/qtmm.org\\\/qt\\\/#organization\"},\"potentialAction\":[{\"@type\":\"SearchAction\",\"target\":{\"@type\":\"EntryPoint\",\"urlTemplate\":\"https:\\\/\\\/qtmm.org\\\/qt\\\/?s={search_term_string}\"},\"query-input\":{\"@type\":\"PropertyValueSpecification\",\"valueRequired\":true,\"valueName\":\"search_term_string\"}}],\"inLanguage\":\"qt\"},{\"@type\":\"Organization\",\"@id\":\"https:\\\/\\\/qtmm.org\\\/qt\\\/#organization\",\"name\":\"\u041c\u0435\u0434\u0436\u043b\u0456\u0441\",\"url\":\"https:\\\/\\\/qtmm.org\\\/qt\\\/\",\"logo\":{\"@type\":\"ImageObject\",\"inLanguage\":\"qt\",\"@id\":\"https:\\\/\\\/qtmm.org\\\/qt\\\/#\\\/schema\\\/logo\\\/image\\\/\",\"url\":\"https:\\\/\\\/qtmm.org\\\/wp-content\\\/uploads\\\/2024\\\/12\\\/ua-mejlis-logo-rgb.svg\",\"contentUrl\":\"https:\\\/\\\/qtmm.org\\\/wp-content\\\/uploads\\\/2024\\\/12\\\/ua-mejlis-logo-rgb.svg\",\"caption\":\"\u041c\u0435\u0434\u0436\u043b\u0456\u0441\"},\"image\":{\"@id\":\"https:\\\/\\\/qtmm.org\\\/qt\\\/#\\\/schema\\\/logo\\\/image\\\/\"},\"sameAs\":[\"https:\\\/\\\/www.facebook.com\\\/qtmm.info\\\/\"]},{\"@type\":\"Person\",\"@id\":\"https:\\\/\\\/qtmm.org\\\/qt\\\/#\\\/schema\\\/person\\\/de562469f971dec226ac06e60bbf74a7\",\"name\":\"Developer\",\"image\":{\"@type\":\"ImageObject\",\"inLanguage\":\"qt\",\"@id\":\"https:\\\/\\\/secure.gravatar.com\\\/avatar\\\/392b4cc8fbfeb00b39dfeeab4ee6edded39ffd48e25858637e4765810300227e?s=96&d=mm&r=g\",\"url\":\"https:\\\/\\\/secure.gravatar.com\\\/avatar\\\/392b4cc8fbfeb00b39dfeeab4ee6edded39ffd48e25858637e4765810300227e?s=96&d=mm&r=g\",\"contentUrl\":\"https:\\\/\\\/secure.gravatar.com\\\/avatar\\\/392b4cc8fbfeb00b39dfeeab4ee6edded39ffd48e25858637e4765810300227e?s=96&d=mm&r=g\",\"caption\":\"Developer\"},\"url\":\"https:\\\/\\\/qtmm.org\\\/qt\\\/author\\\/Developer\\\/\"}]}<\/script>\n<!-- \/ Yoast SEO plugin. -->","yoast_head_json":{"title":"Meclis reisi 103 ya\u015fl\u0131 Selime Memetovan\u0131 do\u011f\u011fan k\u00fcn\u00fcnen hay\u0131rlad\u0131 - \u041c\u0435\u0434\u0436\u043b\u0456\u0441","robots":{"index":"index","follow":"follow","max-snippet":"max-snippet:-1","max-image-preview":"max-image-preview:large","max-video-preview":"max-video-preview:-1"},"canonical":"https:\/\/qtmm.org\/qt\/meclis-reisi-103-yasli-selime-memetovani-doggan-kununen-hayirladi\/","og_locale":"en_US","og_type":"article","og_title":"Meclis reisi 103 ya\u015fl\u0131 Selime Memetovan\u0131 do\u011f\u011fan k\u00fcn\u00fcnen hay\u0131rlad\u0131 - \u041c\u0435\u0434\u0436\u043b\u0456\u0441","og_description":"2013 senesi dekabr 25 k\u00fcn\u00fc Aqmescit rayon\u0131nda ya\u015fa\u011fan Selime Memetova 103 ya\u015f\u0131n\u0131 toldurd\u0131. Selime bita k\u00fc\u00e7\u00fck o\u011flun\u0131\u00f1 ailesinen beraber ya\u015fa\u011fan Aqmescit rayon\u0131ndaki Yuqar\u0131 Asma k\u00f6y\u00fcne on\u0131 103 ya\u015f\u0131nen hay\u0131rlamaq i\u00e7\u00fcn Meclis reisi Refat \u00c7ubarov, Meclis Prezidium\u0131n\u0131\u00f1 azas\u0131 Sad\u0131h Tabah, Be\u015fterek k\u00f6y meclisini\u00f1 reisi Nariman Abdurahmanov, soy-aqrabalar\u0131 ve qom\u015fular\u0131 keldiler. Selime bita 1910 senesi Ba\u011f\u00e7asaray rayon\u0131n\u0131\u00f1 [&hellip;]","og_url":"https:\/\/qtmm.org\/qt\/meclis-reisi-103-yasli-selime-memetovani-doggan-kununen-hayirladi\/","og_site_name":"\u041c\u0435\u0434\u0436\u043b\u0456\u0441","article_publisher":"https:\/\/www.facebook.com\/qtmm.info\/","article_published_time":"2013-12-25T10:39:00+00:00","article_modified_time":"2022-01-27T10:41:21+00:00","og_image":[{"width":650,"height":293,"url":"https:\/\/qtmm.org\/wp-content\/uploads\/2022\/01\/img_4017.jpeg","type":"image\/jpeg"}],"author":"Developer","twitter_card":"summary_large_image","twitter_misc":{"Written by":"Developer","Est. reading time":"1 minute"},"schema":{"@context":"https:\/\/schema.org","@graph":[{"@type":"Article","@id":"https:\/\/qtmm.org\/qt\/meclis-reisi-103-yasli-selime-memetovani-doggan-kununen-hayirladi\/#article","isPartOf":{"@id":"https:\/\/qtmm.org\/qt\/meclis-reisi-103-yasli-selime-memetovani-doggan-kununen-hayirladi\/"},"author":{"name":"Developer","@id":"https:\/\/qtmm.org\/qt\/#\/schema\/person\/de562469f971dec226ac06e60bbf74a7"},"headline":"Meclis reisi 103 ya\u015fl\u0131 Selime Memetovan\u0131 do\u011f\u011fan k\u00fcn\u00fcnen hay\u0131rlad\u0131","datePublished":"2013-12-25T10:39:00+00:00","dateModified":"2022-01-27T10:41:21+00:00","mainEntityOfPage":{"@id":"https:\/\/qtmm.org\/qt\/meclis-reisi-103-yasli-selime-memetovani-doggan-kununen-hayirladi\/"},"wordCount":212,"commentCount":0,"publisher":{"@id":"https:\/\/qtmm.org\/qt\/#organization"},"image":{"@id":"https:\/\/qtmm.org\/qt\/meclis-reisi-103-yasli-selime-memetovani-doggan-kununen-hayirladi\/#primaryimage"},"thumbnailUrl":"http:\/\/qtmm.org\/wp-content\/uploads\/2022\/01\/img_4017.jpeg","articleSection":["Haberler"],"inLanguage":"qt","potentialAction":[{"@type":"CommentAction","name":"Comment","target":["https:\/\/qtmm.org\/qt\/meclis-reisi-103-yasli-selime-memetovani-doggan-kununen-hayirladi\/#respond"]}]},{"@type":"WebPage","@id":"https:\/\/qtmm.org\/qt\/meclis-reisi-103-yasli-selime-memetovani-doggan-kununen-hayirladi\/","url":"https:\/\/qtmm.org\/qt\/meclis-reisi-103-yasli-selime-memetovani-doggan-kununen-hayirladi\/","name":"Meclis reisi 103 ya\u015fl\u0131 Selime Memetovan\u0131 do\u011f\u011fan k\u00fcn\u00fcnen hay\u0131rlad\u0131 - \u041c\u0435\u0434\u0436\u043b\u0456\u0441","isPartOf":{"@id":"https:\/\/qtmm.org\/qt\/#website"},"primaryImageOfPage":{"@id":"https:\/\/qtmm.org\/qt\/meclis-reisi-103-yasli-selime-memetovani-doggan-kununen-hayirladi\/#primaryimage"},"image":{"@id":"https:\/\/qtmm.org\/qt\/meclis-reisi-103-yasli-selime-memetovani-doggan-kununen-hayirladi\/#primaryimage"},"thumbnailUrl":"http:\/\/qtmm.org\/wp-content\/uploads\/2022\/01\/img_4017.jpeg","datePublished":"2013-12-25T10:39:00+00:00","dateModified":"2022-01-27T10:41:21+00:00","breadcrumb":{"@id":"https:\/\/qtmm.org\/qt\/meclis-reisi-103-yasli-selime-memetovani-doggan-kununen-hayirladi\/#breadcrumb"},"inLanguage":"qt","potentialAction":[{"@type":"ReadAction","target":["https:\/\/qtmm.org\/qt\/meclis-reisi-103-yasli-selime-memetovani-doggan-kununen-hayirladi\/"]}]},{"@type":"ImageObject","inLanguage":"qt","@id":"https:\/\/qtmm.org\/qt\/meclis-reisi-103-yasli-selime-memetovani-doggan-kununen-hayirladi\/#primaryimage","url":"http:\/\/qtmm.org\/wp-content\/uploads\/2022\/01\/img_4017.jpeg","contentUrl":"http:\/\/qtmm.org\/wp-content\/uploads\/2022\/01\/img_4017.jpeg"},{"@type":"BreadcrumbList","@id":"https:\/\/qtmm.org\/qt\/meclis-reisi-103-yasli-selime-memetovani-doggan-kununen-hayirladi\/#breadcrumb","itemListElement":[{"@type":"ListItem","position":1,"name":"\u0413\u043e\u043b\u043e\u0432\u043d\u0430","item":"https:\/\/qtmm.org\/qt\/"},{"@type":"ListItem","position":2,"name":"Meclis reisi 103 ya\u015fl\u0131 Selime Memetovan\u0131 do\u011f\u011fan k\u00fcn\u00fcnen hay\u0131rlad\u0131"}]},{"@type":"WebSite","@id":"https:\/\/qtmm.org\/qt\/#website","url":"https:\/\/qtmm.org\/qt\/","name":"\u041c\u0435\u0434\u0436\u043b\u0456\u0441","description":"","publisher":{"@id":"https:\/\/qtmm.org\/qt\/#organization"},"potentialAction":[{"@type":"SearchAction","target":{"@type":"EntryPoint","urlTemplate":"https:\/\/qtmm.org\/qt\/?s={search_term_string}"},"query-input":{"@type":"PropertyValueSpecification","valueRequired":true,"valueName":"search_term_string"}}],"inLanguage":"qt"},{"@type":"Organization","@id":"https:\/\/qtmm.org\/qt\/#organization","name":"\u041c\u0435\u0434\u0436\u043b\u0456\u0441","url":"https:\/\/qtmm.org\/qt\/","logo":{"@type":"ImageObject","inLanguage":"qt","@id":"https:\/\/qtmm.org\/qt\/#\/schema\/logo\/image\/","url":"https:\/\/qtmm.org\/wp-content\/uploads\/2024\/12\/ua-mejlis-logo-rgb.svg","contentUrl":"https:\/\/qtmm.org\/wp-content\/uploads\/2024\/12\/ua-mejlis-logo-rgb.svg","caption":"\u041c\u0435\u0434\u0436\u043b\u0456\u0441"},"image":{"@id":"https:\/\/qtmm.org\/qt\/#\/schema\/logo\/image\/"},"sameAs":["https:\/\/www.facebook.com\/qtmm.info\/"]},{"@type":"Person","@id":"https:\/\/qtmm.org\/qt\/#\/schema\/person\/de562469f971dec226ac06e60bbf74a7","name":"Developer","image":{"@type":"ImageObject","inLanguage":"qt","@id":"https:\/\/secure.gravatar.com\/avatar\/392b4cc8fbfeb00b39dfeeab4ee6edded39ffd48e25858637e4765810300227e?s=96&d=mm&r=g","url":"https:\/\/secure.gravatar.com\/avatar\/392b4cc8fbfeb00b39dfeeab4ee6edded39ffd48e25858637e4765810300227e?s=96&d=mm&r=g","contentUrl":"https:\/\/secure.gravatar.com\/avatar\/392b4cc8fbfeb00b39dfeeab4ee6edded39ffd48e25858637e4765810300227e?s=96&d=mm&r=g","caption":"Developer"},"url":"https:\/\/qtmm.org\/qt\/author\/Developer\/"}]}},"_links":{"self":[{"href":"https:\/\/qtmm.org\/qt\/wp-json\/wp\/v2\/posts\/42071","targetHints":{"allow":["GET"]}}],"collection":[{"href":"https:\/\/qtmm.org\/qt\/wp-json\/wp\/v2\/posts"}],"about":[{"href":"https:\/\/qtmm.org\/qt\/wp-json\/wp\/v2\/types\/post"}],"author":[{"embeddable":true,"href":"https:\/\/qtmm.org\/qt\/wp-json\/wp\/v2\/users\/1"}],"replies":[{"embeddable":true,"href":"https:\/\/qtmm.org\/qt\/wp-json\/wp\/v2\/comments?post=42071"}],"version-history":[{"count":1,"href":"https:\/\/qtmm.org\/qt\/wp-json\/wp\/v2\/posts\/42071\/revisions"}],"predecessor-version":[{"id":42092,"href":"https:\/\/qtmm.org\/qt\/wp-json\/wp\/v2\/posts\/42071\/revisions\/42092"}],"wp:attachment":[{"href":"https:\/\/qtmm.org\/qt\/wp-json\/wp\/v2\/media?parent=42071"}],"wp:term":[{"taxonomy":"category","embeddable":true,"href":"https:\/\/qtmm.org\/qt\/wp-json\/wp\/v2\/categories?post=42071"},{"taxonomy":"post_tag","embeddable":true,"href":"https:\/\/qtmm.org\/qt\/wp-json\/wp\/v2\/tags?post=42071"}],"curies":[{"name":"wp","href":"https:\/\/api.w.org\/{rel}","templated":true}]}}