




{"id":42065,"date":"2013-12-24T13:38:00","date_gmt":"2013-12-24T10:38:00","guid":{"rendered":"http:\/\/qtmm.org\/?p=42065"},"modified":"2022-01-27T13:39:23","modified_gmt":"2022-01-27T10:39:23","slug":"meclis-reisi-ukrainada-akrreditatsiya-etilgen-diplomatik-korpus-ve-halqara-teskilatlarnin-vekillerini-grigorian-taqvimi-boyunca-hristosnin-doguvi-ile-hayirladi","status":"publish","type":"post","link":"https:\/\/qtmm.org\/qt\/meclis-reisi-ukrainada-akrreditatsiya-etilgen-diplomatik-korpus-ve-halqara-teskilatlarnin-vekillerini-grigorian-taqvimi-boyunca-hristosnin-doguvi-ile-hayirladi\/","title":{"rendered":"Meclis reisi Ukrainada akrreditatsiya etilgen diplomatik korpus ve halqara te\u015fkil\u00e2tlarn\u0131\u00f1 vekillerini grigorian taqvimi boyunca Hristosn\u0131\u00f1 do\u011fuv\u0131 ile hay\u0131rlad\u0131"},"content":{"rendered":"\n<p class=\"has-text-align-right\"><strong>Ukrainadaki \u00e7etel diplomatik temsilciliklerni\u00f1 yolba\u015f\u00e7\u0131lar\u0131 ve hadimlerine<\/strong><\/p>\n\n\n\n<p class=\"has-text-align-right\"><strong>Ukrainadaki halqara qurumlar ve te\u015fkil\u00e2tlar temsilciliklerini\u00f1 yolba\u015f\u00e7\u0131lar\u0131 ve hadimlerine<\/strong><\/p>\n\n\n\n<p class=\"has-text-align-center\"><strong>Say\u011f\u0131l\u0131 han\u0131m ve beyefendiler!<\/strong><\/p>\n\n\n\n<p>Grigorian taqvimi boyunca Hristosn\u0131\u00f1 do\u011fuv\u0131 ile sizlerni, yaq\u0131nlar\u0131\u00f1\u0131z ve aqrabalar\u0131\u00f1\u0131z, memleketleri\u00f1izni\u00f1 \u015fu bayramn\u0131 qayd etken vatanda\u015flar\u0131n\u0131 hay\u0131rlamaqn\u0131 \u015feref dep bilem.<\/p>\n\n\n\n<p>\u0130nsanlar\u011fa nimetini bah\u015f\u0131\u015f etken Y\u00fcce Rabbi insaniyetke ve b\u00fct\u00fcn halqlar\u011fa bar\u0131\u015f\u0131q ve muabbetlikte ya\u015famaq imk\u00e2n\u0131n\u0131 berdi.<\/p>\n\n\n\n<p>\u0130nanam\u0131z ki, Rabbini\u00f1 merhameti ve cemi namusl\u0131 ve adaletli insanlarn\u0131\u00f1, \u00f6z faaliyetlerini d\u00fcnyan\u0131\u00f1 b\u00fct\u00fcn halqlar\u0131 i\u00e7\u00fcn, olarn\u0131\u00f1 milliy ve diniy mens\u00fcpliklerinden qatiy nazar musaviy aq ve imk\u00e2nlar bermek printsiplerine esasland\u0131r\u011fan devletlerni\u00f1 \u00fck\u00fcmetleri, halqara institutsiyalarn\u0131\u00f1 areketleri ile q\u0131r\u0131mtatar halq\u0131n\u0131\u00f1 \u00f6z topra\u011f\u0131 &#8211; Ukraina devleti erk\u00e2n\u0131ndaki Q\u0131r\u0131mda aqlar\u0131n\u0131\u00f1 \u011fayr\u0131dan tiklenir!<\/p>\n\n\n\n<p><strong>Refat \u00c7ubarov<br>Q\u0131r\u0131mtatar halq\u0131 Meclisini\u00f1 reisi<\/strong><\/p>\n","protected":false},"excerpt":{"rendered":"<p>Ukrainadaki \u00e7etel diplomatik temsilciliklerni\u00f1 yolba\u015f\u00e7\u0131lar\u0131 ve hadimlerine Ukrainadaki halqara qurumlar ve te\u015fkil\u00e2tlar temsilciliklerini\u00f1 yolba\u015f\u00e7\u0131lar\u0131 ve hadimlerine Say\u011f\u0131l\u0131 han\u0131m ve beyefendiler! Grigorian taqvimi boyunca Hristosn\u0131\u00f1 do\u011fuv\u0131 ile sizlerni, yaq\u0131nlar\u0131\u00f1\u0131z ve aqrabalar\u0131\u00f1\u0131z, memleketleri\u00f1izni\u00f1 \u015fu bayramn\u0131 qayd etken vatanda\u015flar\u0131n\u0131 hay\u0131rlamaqn\u0131 \u015feref dep bilem. \u0130nsanlar\u011fa nimetini bah\u015f\u0131\u015f etken Y\u00fcce Rabbi insaniyetke ve b\u00fct\u00fcn halqlar\u011fa bar\u0131\u015f\u0131q ve muabbetlikte ya\u015famaq imk\u00e2n\u0131n\u0131 [&hellip;]<\/p>\n","protected":false},"author":1,"featured_media":42066,"comment_status":"open","ping_status":"open","sticky":false,"template":"","format":"standard","meta":{"inline_featured_image":false,"footnotes":""},"categories":[265],"tags":[],"class_list":["post-42065","post","type-post","status-publish","format-standard","has-post-thumbnail","hentry","category-haberler"],"acf":[],"yoast_head":"<!-- This site is optimized with the Yoast SEO plugin v27.4 - https:\/\/yoast.com\/product\/yoast-seo-wordpress\/ -->\n<title>Meclis reisi Ukrainada akrreditatsiya etilgen diplomatik korpus ve halqara te\u015fkil\u00e2tlarn\u0131\u00f1 vekillerini grigorian taqvimi boyunca Hristosn\u0131\u00f1 do\u011fuv\u0131 ile hay\u0131rlad\u0131 - \u041c\u0435\u0434\u0436\u043b\u0456\u0441<\/title>\n<meta name=\"robots\" content=\"index, follow, max-snippet:-1, max-image-preview:large, max-video-preview:-1\" \/>\n<link rel=\"canonical\" href=\"https:\/\/qtmm.org\/qt\/meclis-reisi-ukrainada-akrreditatsiya-etilgen-diplomatik-korpus-ve-halqara-teskilatlarnin-vekillerini-grigorian-taqvimi-boyunca-hristosnin-doguvi-ile-hayirladi\/\" \/>\n<meta property=\"og:locale\" content=\"en_US\" \/>\n<meta property=\"og:type\" content=\"article\" \/>\n<meta property=\"og:title\" content=\"Meclis reisi Ukrainada akrreditatsiya etilgen diplomatik korpus ve halqara te\u015fkil\u00e2tlarn\u0131\u00f1 vekillerini grigorian taqvimi boyunca Hristosn\u0131\u00f1 do\u011fuv\u0131 ile hay\u0131rlad\u0131 - \u041c\u0435\u0434\u0436\u043b\u0456\u0441\" \/>\n<meta property=\"og:description\" content=\"Ukrainadaki \u00e7etel diplomatik temsilciliklerni\u00f1 yolba\u015f\u00e7\u0131lar\u0131 ve hadimlerine Ukrainadaki halqara qurumlar ve te\u015fkil\u00e2tlar temsilciliklerini\u00f1 yolba\u015f\u00e7\u0131lar\u0131 ve hadimlerine Say\u011f\u0131l\u0131 han\u0131m ve beyefendiler! Grigorian taqvimi boyunca Hristosn\u0131\u00f1 do\u011fuv\u0131 ile sizlerni, yaq\u0131nlar\u0131\u00f1\u0131z ve aqrabalar\u0131\u00f1\u0131z, memleketleri\u00f1izni\u00f1 \u015fu bayramn\u0131 qayd etken vatanda\u015flar\u0131n\u0131 hay\u0131rlamaqn\u0131 \u015feref dep bilem. \u0130nsanlar\u011fa nimetini bah\u015f\u0131\u015f etken Y\u00fcce Rabbi insaniyetke ve b\u00fct\u00fcn halqlar\u011fa bar\u0131\u015f\u0131q ve muabbetlikte ya\u015famaq imk\u00e2n\u0131n\u0131 [&hellip;]\" \/>\n<meta property=\"og:url\" content=\"https:\/\/qtmm.org\/qt\/meclis-reisi-ukrainada-akrreditatsiya-etilgen-diplomatik-korpus-ve-halqara-teskilatlarnin-vekillerini-grigorian-taqvimi-boyunca-hristosnin-doguvi-ile-hayirladi\/\" \/>\n<meta property=\"og:site_name\" content=\"\u041c\u0435\u0434\u0436\u043b\u0456\u0441\" \/>\n<meta property=\"article:publisher\" content=\"https:\/\/www.facebook.com\/qtmm.info\/\" \/>\n<meta property=\"article:published_time\" content=\"2013-12-24T10:38:00+00:00\" \/>\n<meta property=\"article:modified_time\" content=\"2022-01-27T10:39:23+00:00\" \/>\n<meta property=\"og:image\" content=\"https:\/\/qtmm.org\/wp-content\/uploads\/2022\/01\/christmas.jpg2_.jpg\" \/>\n\t<meta property=\"og:image:width\" content=\"650\" \/>\n\t<meta property=\"og:image:height\" content=\"410\" \/>\n\t<meta property=\"og:image:type\" content=\"image\/jpeg\" \/>\n<meta name=\"author\" content=\"Developer\" \/>\n<meta name=\"twitter:card\" content=\"summary_large_image\" \/>\n<meta name=\"twitter:label1\" content=\"Written by\" \/>\n\t<meta name=\"twitter:data1\" content=\"Developer\" \/>\n\t<meta name=\"twitter:label2\" content=\"Est. reading time\" \/>\n\t<meta name=\"twitter:data2\" content=\"1 minute\" \/>\n<script type=\"application\/ld+json\" class=\"yoast-schema-graph\">{\"@context\":\"https:\\\/\\\/schema.org\",\"@graph\":[{\"@type\":\"Article\",\"@id\":\"https:\\\/\\\/qtmm.org\\\/qt\\\/meclis-reisi-ukrainada-akrreditatsiya-etilgen-diplomatik-korpus-ve-halqara-teskilatlarnin-vekillerini-grigorian-taqvimi-boyunca-hristosnin-doguvi-ile-hayirladi\\\/#article\",\"isPartOf\":{\"@id\":\"https:\\\/\\\/qtmm.org\\\/qt\\\/meclis-reisi-ukrainada-akrreditatsiya-etilgen-diplomatik-korpus-ve-halqara-teskilatlarnin-vekillerini-grigorian-taqvimi-boyunca-hristosnin-doguvi-ile-hayirladi\\\/\"},\"author\":{\"name\":\"Developer\",\"@id\":\"https:\\\/\\\/qtmm.org\\\/qt\\\/#\\\/schema\\\/person\\\/de562469f971dec226ac06e60bbf74a7\"},\"headline\":\"Meclis reisi Ukrainada akrreditatsiya etilgen diplomatik korpus ve halqara te\u015fkil\u00e2tlarn\u0131\u00f1 vekillerini grigorian taqvimi boyunca Hristosn\u0131\u00f1 do\u011fuv\u0131 ile hay\u0131rlad\u0131\",\"datePublished\":\"2013-12-24T10:38:00+00:00\",\"dateModified\":\"2022-01-27T10:39:23+00:00\",\"mainEntityOfPage\":{\"@id\":\"https:\\\/\\\/qtmm.org\\\/qt\\\/meclis-reisi-ukrainada-akrreditatsiya-etilgen-diplomatik-korpus-ve-halqara-teskilatlarnin-vekillerini-grigorian-taqvimi-boyunca-hristosnin-doguvi-ile-hayirladi\\\/\"},\"wordCount\":175,\"commentCount\":0,\"publisher\":{\"@id\":\"https:\\\/\\\/qtmm.org\\\/qt\\\/#organization\"},\"image\":{\"@id\":\"https:\\\/\\\/qtmm.org\\\/qt\\\/meclis-reisi-ukrainada-akrreditatsiya-etilgen-diplomatik-korpus-ve-halqara-teskilatlarnin-vekillerini-grigorian-taqvimi-boyunca-hristosnin-doguvi-ile-hayirladi\\\/#primaryimage\"},\"thumbnailUrl\":\"https:\\\/\\\/qtmm.org\\\/wp-content\\\/uploads\\\/2022\\\/01\\\/christmas.jpg2_.jpg\",\"articleSection\":[\"Haberler\"],\"inLanguage\":\"qt\",\"potentialAction\":[{\"@type\":\"CommentAction\",\"name\":\"Comment\",\"target\":[\"https:\\\/\\\/qtmm.org\\\/qt\\\/meclis-reisi-ukrainada-akrreditatsiya-etilgen-diplomatik-korpus-ve-halqara-teskilatlarnin-vekillerini-grigorian-taqvimi-boyunca-hristosnin-doguvi-ile-hayirladi\\\/#respond\"]}]},{\"@type\":\"WebPage\",\"@id\":\"https:\\\/\\\/qtmm.org\\\/qt\\\/meclis-reisi-ukrainada-akrreditatsiya-etilgen-diplomatik-korpus-ve-halqara-teskilatlarnin-vekillerini-grigorian-taqvimi-boyunca-hristosnin-doguvi-ile-hayirladi\\\/\",\"url\":\"https:\\\/\\\/qtmm.org\\\/qt\\\/meclis-reisi-ukrainada-akrreditatsiya-etilgen-diplomatik-korpus-ve-halqara-teskilatlarnin-vekillerini-grigorian-taqvimi-boyunca-hristosnin-doguvi-ile-hayirladi\\\/\",\"name\":\"Meclis reisi Ukrainada akrreditatsiya etilgen diplomatik korpus ve halqara te\u015fkil\u00e2tlarn\u0131\u00f1 vekillerini grigorian taqvimi boyunca Hristosn\u0131\u00f1 do\u011fuv\u0131 ile hay\u0131rlad\u0131 - \u041c\u0435\u0434\u0436\u043b\u0456\u0441\",\"isPartOf\":{\"@id\":\"https:\\\/\\\/qtmm.org\\\/qt\\\/#website\"},\"primaryImageOfPage\":{\"@id\":\"https:\\\/\\\/qtmm.org\\\/qt\\\/meclis-reisi-ukrainada-akrreditatsiya-etilgen-diplomatik-korpus-ve-halqara-teskilatlarnin-vekillerini-grigorian-taqvimi-boyunca-hristosnin-doguvi-ile-hayirladi\\\/#primaryimage\"},\"image\":{\"@id\":\"https:\\\/\\\/qtmm.org\\\/qt\\\/meclis-reisi-ukrainada-akrreditatsiya-etilgen-diplomatik-korpus-ve-halqara-teskilatlarnin-vekillerini-grigorian-taqvimi-boyunca-hristosnin-doguvi-ile-hayirladi\\\/#primaryimage\"},\"thumbnailUrl\":\"https:\\\/\\\/qtmm.org\\\/wp-content\\\/uploads\\\/2022\\\/01\\\/christmas.jpg2_.jpg\",\"datePublished\":\"2013-12-24T10:38:00+00:00\",\"dateModified\":\"2022-01-27T10:39:23+00:00\",\"breadcrumb\":{\"@id\":\"https:\\\/\\\/qtmm.org\\\/qt\\\/meclis-reisi-ukrainada-akrreditatsiya-etilgen-diplomatik-korpus-ve-halqara-teskilatlarnin-vekillerini-grigorian-taqvimi-boyunca-hristosnin-doguvi-ile-hayirladi\\\/#breadcrumb\"},\"inLanguage\":\"qt\",\"potentialAction\":[{\"@type\":\"ReadAction\",\"target\":[\"https:\\\/\\\/qtmm.org\\\/qt\\\/meclis-reisi-ukrainada-akrreditatsiya-etilgen-diplomatik-korpus-ve-halqara-teskilatlarnin-vekillerini-grigorian-taqvimi-boyunca-hristosnin-doguvi-ile-hayirladi\\\/\"]}]},{\"@type\":\"ImageObject\",\"inLanguage\":\"qt\",\"@id\":\"https:\\\/\\\/qtmm.org\\\/qt\\\/meclis-reisi-ukrainada-akrreditatsiya-etilgen-diplomatik-korpus-ve-halqara-teskilatlarnin-vekillerini-grigorian-taqvimi-boyunca-hristosnin-doguvi-ile-hayirladi\\\/#primaryimage\",\"url\":\"https:\\\/\\\/qtmm.org\\\/wp-content\\\/uploads\\\/2022\\\/01\\\/christmas.jpg2_.jpg\",\"contentUrl\":\"https:\\\/\\\/qtmm.org\\\/wp-content\\\/uploads\\\/2022\\\/01\\\/christmas.jpg2_.jpg\",\"width\":650,\"height\":410},{\"@type\":\"BreadcrumbList\",\"@id\":\"https:\\\/\\\/qtmm.org\\\/qt\\\/meclis-reisi-ukrainada-akrreditatsiya-etilgen-diplomatik-korpus-ve-halqara-teskilatlarnin-vekillerini-grigorian-taqvimi-boyunca-hristosnin-doguvi-ile-hayirladi\\\/#breadcrumb\",\"itemListElement\":[{\"@type\":\"ListItem\",\"position\":1,\"name\":\"\u0413\u043e\u043b\u043e\u0432\u043d\u0430\",\"item\":\"https:\\\/\\\/qtmm.org\\\/qt\\\/\"},{\"@type\":\"ListItem\",\"position\":2,\"name\":\"Meclis reisi Ukrainada akrreditatsiya etilgen diplomatik korpus ve halqara te\u015fkil\u00e2tlarn\u0131\u00f1 vekillerini grigorian taqvimi boyunca Hristosn\u0131\u00f1 do\u011fuv\u0131 ile hay\u0131rlad\u0131\"}]},{\"@type\":\"WebSite\",\"@id\":\"https:\\\/\\\/qtmm.org\\\/qt\\\/#website\",\"url\":\"https:\\\/\\\/qtmm.org\\\/qt\\\/\",\"name\":\"\u041c\u0435\u0434\u0436\u043b\u0456\u0441\",\"description\":\"\",\"publisher\":{\"@id\":\"https:\\\/\\\/qtmm.org\\\/qt\\\/#organization\"},\"potentialAction\":[{\"@type\":\"SearchAction\",\"target\":{\"@type\":\"EntryPoint\",\"urlTemplate\":\"https:\\\/\\\/qtmm.org\\\/qt\\\/?s={search_term_string}\"},\"query-input\":{\"@type\":\"PropertyValueSpecification\",\"valueRequired\":true,\"valueName\":\"search_term_string\"}}],\"inLanguage\":\"qt\"},{\"@type\":\"Organization\",\"@id\":\"https:\\\/\\\/qtmm.org\\\/qt\\\/#organization\",\"name\":\"\u041c\u0435\u0434\u0436\u043b\u0456\u0441\",\"url\":\"https:\\\/\\\/qtmm.org\\\/qt\\\/\",\"logo\":{\"@type\":\"ImageObject\",\"inLanguage\":\"qt\",\"@id\":\"https:\\\/\\\/qtmm.org\\\/qt\\\/#\\\/schema\\\/logo\\\/image\\\/\",\"url\":\"https:\\\/\\\/qtmm.org\\\/wp-content\\\/uploads\\\/2024\\\/12\\\/ua-mejlis-logo-rgb.svg\",\"contentUrl\":\"https:\\\/\\\/qtmm.org\\\/wp-content\\\/uploads\\\/2024\\\/12\\\/ua-mejlis-logo-rgb.svg\",\"caption\":\"\u041c\u0435\u0434\u0436\u043b\u0456\u0441\"},\"image\":{\"@id\":\"https:\\\/\\\/qtmm.org\\\/qt\\\/#\\\/schema\\\/logo\\\/image\\\/\"},\"sameAs\":[\"https:\\\/\\\/www.facebook.com\\\/qtmm.info\\\/\"]},{\"@type\":\"Person\",\"@id\":\"https:\\\/\\\/qtmm.org\\\/qt\\\/#\\\/schema\\\/person\\\/de562469f971dec226ac06e60bbf74a7\",\"name\":\"Developer\",\"image\":{\"@type\":\"ImageObject\",\"inLanguage\":\"qt\",\"@id\":\"https:\\\/\\\/secure.gravatar.com\\\/avatar\\\/392b4cc8fbfeb00b39dfeeab4ee6edded39ffd48e25858637e4765810300227e?s=96&d=mm&r=g\",\"url\":\"https:\\\/\\\/secure.gravatar.com\\\/avatar\\\/392b4cc8fbfeb00b39dfeeab4ee6edded39ffd48e25858637e4765810300227e?s=96&d=mm&r=g\",\"contentUrl\":\"https:\\\/\\\/secure.gravatar.com\\\/avatar\\\/392b4cc8fbfeb00b39dfeeab4ee6edded39ffd48e25858637e4765810300227e?s=96&d=mm&r=g\",\"caption\":\"Developer\"},\"url\":\"https:\\\/\\\/qtmm.org\\\/qt\\\/author\\\/Developer\\\/\"}]}<\/script>\n<!-- \/ Yoast SEO plugin. -->","yoast_head_json":{"title":"Meclis reisi Ukrainada akrreditatsiya etilgen diplomatik korpus ve halqara te\u015fkil\u00e2tlarn\u0131\u00f1 vekillerini grigorian taqvimi boyunca Hristosn\u0131\u00f1 do\u011fuv\u0131 ile hay\u0131rlad\u0131 - \u041c\u0435\u0434\u0436\u043b\u0456\u0441","robots":{"index":"index","follow":"follow","max-snippet":"max-snippet:-1","max-image-preview":"max-image-preview:large","max-video-preview":"max-video-preview:-1"},"canonical":"https:\/\/qtmm.org\/qt\/meclis-reisi-ukrainada-akrreditatsiya-etilgen-diplomatik-korpus-ve-halqara-teskilatlarnin-vekillerini-grigorian-taqvimi-boyunca-hristosnin-doguvi-ile-hayirladi\/","og_locale":"en_US","og_type":"article","og_title":"Meclis reisi Ukrainada akrreditatsiya etilgen diplomatik korpus ve halqara te\u015fkil\u00e2tlarn\u0131\u00f1 vekillerini grigorian taqvimi boyunca Hristosn\u0131\u00f1 do\u011fuv\u0131 ile hay\u0131rlad\u0131 - \u041c\u0435\u0434\u0436\u043b\u0456\u0441","og_description":"Ukrainadaki \u00e7etel diplomatik temsilciliklerni\u00f1 yolba\u015f\u00e7\u0131lar\u0131 ve hadimlerine Ukrainadaki halqara qurumlar ve te\u015fkil\u00e2tlar temsilciliklerini\u00f1 yolba\u015f\u00e7\u0131lar\u0131 ve hadimlerine Say\u011f\u0131l\u0131 han\u0131m ve beyefendiler! Grigorian taqvimi boyunca Hristosn\u0131\u00f1 do\u011fuv\u0131 ile sizlerni, yaq\u0131nlar\u0131\u00f1\u0131z ve aqrabalar\u0131\u00f1\u0131z, memleketleri\u00f1izni\u00f1 \u015fu bayramn\u0131 qayd etken vatanda\u015flar\u0131n\u0131 hay\u0131rlamaqn\u0131 \u015feref dep bilem. \u0130nsanlar\u011fa nimetini bah\u015f\u0131\u015f etken Y\u00fcce Rabbi insaniyetke ve b\u00fct\u00fcn halqlar\u011fa bar\u0131\u015f\u0131q ve muabbetlikte ya\u015famaq imk\u00e2n\u0131n\u0131 [&hellip;]","og_url":"https:\/\/qtmm.org\/qt\/meclis-reisi-ukrainada-akrreditatsiya-etilgen-diplomatik-korpus-ve-halqara-teskilatlarnin-vekillerini-grigorian-taqvimi-boyunca-hristosnin-doguvi-ile-hayirladi\/","og_site_name":"\u041c\u0435\u0434\u0436\u043b\u0456\u0441","article_publisher":"https:\/\/www.facebook.com\/qtmm.info\/","article_published_time":"2013-12-24T10:38:00+00:00","article_modified_time":"2022-01-27T10:39:23+00:00","og_image":[{"width":650,"height":410,"url":"https:\/\/qtmm.org\/wp-content\/uploads\/2022\/01\/christmas.jpg2_.jpg","type":"image\/jpeg"}],"author":"Developer","twitter_card":"summary_large_image","twitter_misc":{"Written by":"Developer","Est. reading time":"1 minute"},"schema":{"@context":"https:\/\/schema.org","@graph":[{"@type":"Article","@id":"https:\/\/qtmm.org\/qt\/meclis-reisi-ukrainada-akrreditatsiya-etilgen-diplomatik-korpus-ve-halqara-teskilatlarnin-vekillerini-grigorian-taqvimi-boyunca-hristosnin-doguvi-ile-hayirladi\/#article","isPartOf":{"@id":"https:\/\/qtmm.org\/qt\/meclis-reisi-ukrainada-akrreditatsiya-etilgen-diplomatik-korpus-ve-halqara-teskilatlarnin-vekillerini-grigorian-taqvimi-boyunca-hristosnin-doguvi-ile-hayirladi\/"},"author":{"name":"Developer","@id":"https:\/\/qtmm.org\/qt\/#\/schema\/person\/de562469f971dec226ac06e60bbf74a7"},"headline":"Meclis reisi Ukrainada akrreditatsiya etilgen diplomatik korpus ve halqara te\u015fkil\u00e2tlarn\u0131\u00f1 vekillerini grigorian taqvimi boyunca Hristosn\u0131\u00f1 do\u011fuv\u0131 ile hay\u0131rlad\u0131","datePublished":"2013-12-24T10:38:00+00:00","dateModified":"2022-01-27T10:39:23+00:00","mainEntityOfPage":{"@id":"https:\/\/qtmm.org\/qt\/meclis-reisi-ukrainada-akrreditatsiya-etilgen-diplomatik-korpus-ve-halqara-teskilatlarnin-vekillerini-grigorian-taqvimi-boyunca-hristosnin-doguvi-ile-hayirladi\/"},"wordCount":175,"commentCount":0,"publisher":{"@id":"https:\/\/qtmm.org\/qt\/#organization"},"image":{"@id":"https:\/\/qtmm.org\/qt\/meclis-reisi-ukrainada-akrreditatsiya-etilgen-diplomatik-korpus-ve-halqara-teskilatlarnin-vekillerini-grigorian-taqvimi-boyunca-hristosnin-doguvi-ile-hayirladi\/#primaryimage"},"thumbnailUrl":"https:\/\/qtmm.org\/wp-content\/uploads\/2022\/01\/christmas.jpg2_.jpg","articleSection":["Haberler"],"inLanguage":"qt","potentialAction":[{"@type":"CommentAction","name":"Comment","target":["https:\/\/qtmm.org\/qt\/meclis-reisi-ukrainada-akrreditatsiya-etilgen-diplomatik-korpus-ve-halqara-teskilatlarnin-vekillerini-grigorian-taqvimi-boyunca-hristosnin-doguvi-ile-hayirladi\/#respond"]}]},{"@type":"WebPage","@id":"https:\/\/qtmm.org\/qt\/meclis-reisi-ukrainada-akrreditatsiya-etilgen-diplomatik-korpus-ve-halqara-teskilatlarnin-vekillerini-grigorian-taqvimi-boyunca-hristosnin-doguvi-ile-hayirladi\/","url":"https:\/\/qtmm.org\/qt\/meclis-reisi-ukrainada-akrreditatsiya-etilgen-diplomatik-korpus-ve-halqara-teskilatlarnin-vekillerini-grigorian-taqvimi-boyunca-hristosnin-doguvi-ile-hayirladi\/","name":"Meclis reisi Ukrainada akrreditatsiya etilgen diplomatik korpus ve halqara te\u015fkil\u00e2tlarn\u0131\u00f1 vekillerini grigorian taqvimi boyunca Hristosn\u0131\u00f1 do\u011fuv\u0131 ile hay\u0131rlad\u0131 - \u041c\u0435\u0434\u0436\u043b\u0456\u0441","isPartOf":{"@id":"https:\/\/qtmm.org\/qt\/#website"},"primaryImageOfPage":{"@id":"https:\/\/qtmm.org\/qt\/meclis-reisi-ukrainada-akrreditatsiya-etilgen-diplomatik-korpus-ve-halqara-teskilatlarnin-vekillerini-grigorian-taqvimi-boyunca-hristosnin-doguvi-ile-hayirladi\/#primaryimage"},"image":{"@id":"https:\/\/qtmm.org\/qt\/meclis-reisi-ukrainada-akrreditatsiya-etilgen-diplomatik-korpus-ve-halqara-teskilatlarnin-vekillerini-grigorian-taqvimi-boyunca-hristosnin-doguvi-ile-hayirladi\/#primaryimage"},"thumbnailUrl":"https:\/\/qtmm.org\/wp-content\/uploads\/2022\/01\/christmas.jpg2_.jpg","datePublished":"2013-12-24T10:38:00+00:00","dateModified":"2022-01-27T10:39:23+00:00","breadcrumb":{"@id":"https:\/\/qtmm.org\/qt\/meclis-reisi-ukrainada-akrreditatsiya-etilgen-diplomatik-korpus-ve-halqara-teskilatlarnin-vekillerini-grigorian-taqvimi-boyunca-hristosnin-doguvi-ile-hayirladi\/#breadcrumb"},"inLanguage":"qt","potentialAction":[{"@type":"ReadAction","target":["https:\/\/qtmm.org\/qt\/meclis-reisi-ukrainada-akrreditatsiya-etilgen-diplomatik-korpus-ve-halqara-teskilatlarnin-vekillerini-grigorian-taqvimi-boyunca-hristosnin-doguvi-ile-hayirladi\/"]}]},{"@type":"ImageObject","inLanguage":"qt","@id":"https:\/\/qtmm.org\/qt\/meclis-reisi-ukrainada-akrreditatsiya-etilgen-diplomatik-korpus-ve-halqara-teskilatlarnin-vekillerini-grigorian-taqvimi-boyunca-hristosnin-doguvi-ile-hayirladi\/#primaryimage","url":"https:\/\/qtmm.org\/wp-content\/uploads\/2022\/01\/christmas.jpg2_.jpg","contentUrl":"https:\/\/qtmm.org\/wp-content\/uploads\/2022\/01\/christmas.jpg2_.jpg","width":650,"height":410},{"@type":"BreadcrumbList","@id":"https:\/\/qtmm.org\/qt\/meclis-reisi-ukrainada-akrreditatsiya-etilgen-diplomatik-korpus-ve-halqara-teskilatlarnin-vekillerini-grigorian-taqvimi-boyunca-hristosnin-doguvi-ile-hayirladi\/#breadcrumb","itemListElement":[{"@type":"ListItem","position":1,"name":"\u0413\u043e\u043b\u043e\u0432\u043d\u0430","item":"https:\/\/qtmm.org\/qt\/"},{"@type":"ListItem","position":2,"name":"Meclis reisi Ukrainada akrreditatsiya etilgen diplomatik korpus ve halqara te\u015fkil\u00e2tlarn\u0131\u00f1 vekillerini grigorian taqvimi boyunca Hristosn\u0131\u00f1 do\u011fuv\u0131 ile hay\u0131rlad\u0131"}]},{"@type":"WebSite","@id":"https:\/\/qtmm.org\/qt\/#website","url":"https:\/\/qtmm.org\/qt\/","name":"\u041c\u0435\u0434\u0436\u043b\u0456\u0441","description":"","publisher":{"@id":"https:\/\/qtmm.org\/qt\/#organization"},"potentialAction":[{"@type":"SearchAction","target":{"@type":"EntryPoint","urlTemplate":"https:\/\/qtmm.org\/qt\/?s={search_term_string}"},"query-input":{"@type":"PropertyValueSpecification","valueRequired":true,"valueName":"search_term_string"}}],"inLanguage":"qt"},{"@type":"Organization","@id":"https:\/\/qtmm.org\/qt\/#organization","name":"\u041c\u0435\u0434\u0436\u043b\u0456\u0441","url":"https:\/\/qtmm.org\/qt\/","logo":{"@type":"ImageObject","inLanguage":"qt","@id":"https:\/\/qtmm.org\/qt\/#\/schema\/logo\/image\/","url":"https:\/\/qtmm.org\/wp-content\/uploads\/2024\/12\/ua-mejlis-logo-rgb.svg","contentUrl":"https:\/\/qtmm.org\/wp-content\/uploads\/2024\/12\/ua-mejlis-logo-rgb.svg","caption":"\u041c\u0435\u0434\u0436\u043b\u0456\u0441"},"image":{"@id":"https:\/\/qtmm.org\/qt\/#\/schema\/logo\/image\/"},"sameAs":["https:\/\/www.facebook.com\/qtmm.info\/"]},{"@type":"Person","@id":"https:\/\/qtmm.org\/qt\/#\/schema\/person\/de562469f971dec226ac06e60bbf74a7","name":"Developer","image":{"@type":"ImageObject","inLanguage":"qt","@id":"https:\/\/secure.gravatar.com\/avatar\/392b4cc8fbfeb00b39dfeeab4ee6edded39ffd48e25858637e4765810300227e?s=96&d=mm&r=g","url":"https:\/\/secure.gravatar.com\/avatar\/392b4cc8fbfeb00b39dfeeab4ee6edded39ffd48e25858637e4765810300227e?s=96&d=mm&r=g","contentUrl":"https:\/\/secure.gravatar.com\/avatar\/392b4cc8fbfeb00b39dfeeab4ee6edded39ffd48e25858637e4765810300227e?s=96&d=mm&r=g","caption":"Developer"},"url":"https:\/\/qtmm.org\/qt\/author\/Developer\/"}]}},"_links":{"self":[{"href":"https:\/\/qtmm.org\/qt\/wp-json\/wp\/v2\/posts\/42065","targetHints":{"allow":["GET"]}}],"collection":[{"href":"https:\/\/qtmm.org\/qt\/wp-json\/wp\/v2\/posts"}],"about":[{"href":"https:\/\/qtmm.org\/qt\/wp-json\/wp\/v2\/types\/post"}],"author":[{"embeddable":true,"href":"https:\/\/qtmm.org\/qt\/wp-json\/wp\/v2\/users\/1"}],"replies":[{"embeddable":true,"href":"https:\/\/qtmm.org\/qt\/wp-json\/wp\/v2\/comments?post=42065"}],"version-history":[{"count":1,"href":"https:\/\/qtmm.org\/qt\/wp-json\/wp\/v2\/posts\/42065\/revisions"}],"predecessor-version":[{"id":42070,"href":"https:\/\/qtmm.org\/qt\/wp-json\/wp\/v2\/posts\/42065\/revisions\/42070"}],"wp:featuredmedia":[{"embeddable":true,"href":"https:\/\/qtmm.org\/qt\/wp-json\/wp\/v2\/media\/42066"}],"wp:attachment":[{"href":"https:\/\/qtmm.org\/qt\/wp-json\/wp\/v2\/media?parent=42065"}],"wp:term":[{"taxonomy":"category","embeddable":true,"href":"https:\/\/qtmm.org\/qt\/wp-json\/wp\/v2\/categories?post=42065"},{"taxonomy":"post_tag","embeddable":true,"href":"https:\/\/qtmm.org\/qt\/wp-json\/wp\/v2\/tags?post=42065"}],"curies":[{"name":"wp","href":"https:\/\/api.w.org\/{rel}","templated":true}]}}