




{"id":42013,"date":"2013-12-24T13:21:00","date_gmt":"2013-12-24T10:21:00","guid":{"rendered":"http:\/\/qtmm.org\/?p=42013"},"modified":"2022-01-27T13:37:21","modified_gmt":"2022-01-27T10:37:21","slug":"professor-refiq-muzafarovnin-omur-arqadasi-belli-qirimtatar-aliminin-sahsiy-arhivini-meclis-arhivine-bermek-qarari-aqqinda-bildirdi","status":"publish","type":"post","link":"https:\/\/qtmm.org\/qt\/professor-refiq-muzafarovnin-omur-arqadasi-belli-qirimtatar-aliminin-sahsiy-arhivini-meclis-arhivine-bermek-qarari-aqqinda-bildirdi\/","title":{"rendered":"Professor Refiq Muzafarovn\u0131\u00f1 \u00f6m\u00fcr arqada\u015f\u0131 belli q\u0131r\u0131mtatar alimini\u00f1 \u015fahsiy arhivini Meclis arhivine bermek qarar\u0131 aqq\u0131nda bildirdi"},"content":{"rendered":"\n<p>2013 senesi dekabr 24 k\u00fcn\u00fc Q\u0131r\u0131m m\u00fcendislik-pedagogika universitetinde belli folklorc\u0131 alim, professor, q\u0131r\u0131mtatar folklor\u0131n\u0131\u00f1 tedqiqat\u00e7\u0131s\u0131 R. Muzafarov do\u011f\u011fan\u0131n\u0131 85 y\u0131ll\u0131\u011f\u0131na ba\u011f\u0131\u015flan\u011fan ilmiy konferentsiya \u00f6tkerildi.<\/p>\n\n\n\n<figure class=\"wp-block-image size-full\"><img loading=\"lazy\" decoding=\"async\" width=\"650\" height=\"324\" src=\"http:\/\/qtmm.org\/wp-content\/uploads\/2022\/01\/img_1568.jpeg\" alt=\"\" class=\"wp-image-42014\" srcset=\"https:\/\/qtmm.org\/wp-content\/uploads\/2022\/01\/img_1568.jpeg 650w, https:\/\/qtmm.org\/wp-content\/uploads\/2022\/01\/img_1568-300x150.jpeg 300w\" sizes=\"auto, (max-width: 650px) 100vw, 650px\" \/><\/figure>\n\n\n\n<p>QMPU ve Refiq Muzafarov do\u011f\u011fan\u0131n\u0131\u00f1 85 y\u0131ll\u0131\u011f\u0131 munasebetinen hat\u0131ra tedbirlerini ke\u00e7ir\u00fcv boyunca te\u015fkiliy komitet taraf\u0131ndan az\u0131rlan\u011fan konferentsiyada Meclis reisi Refat \u00c7ubarov, QMPU rektor\u0131 Fevzi Yakubov, Meclis azas\u0131, Te\u015fkiliy komitet ba\u015f\u0131 Bekir Mamutov, Qurultay Tefti\u015f komissiyas\u0131n\u0131\u00f1 reisi Ali \u00d6zenba\u015f, Refiq Muzafarovn\u0131\u00f1 qar\u0131s\u0131 &#8211; Azaliya Korotkaya, alimni\u00f1 soy-aqrabalar\u0131 ve zenaatda\u015flar\u0131, QMPU ocalar\u0131 ve studentleri i\u015ftirak ettiler.<\/p>\n\n\n\n<figure class=\"wp-block-image size-full\"><img loading=\"lazy\" decoding=\"async\" width=\"650\" height=\"361\" src=\"http:\/\/qtmm.org\/wp-content\/uploads\/2022\/01\/img_1587.jpeg\" alt=\"\" class=\"wp-image-42018\" srcset=\"https:\/\/qtmm.org\/wp-content\/uploads\/2022\/01\/img_1587.jpeg 650w, https:\/\/qtmm.org\/wp-content\/uploads\/2022\/01\/img_1587-300x167.jpeg 300w\" sizes=\"auto, (max-width: 650px) 100vw, 650px\" \/><\/figure>\n\n\n\n<p>Professor ile tan\u0131\u015fqan\u0131, so\u00f1ra birlikte \u00e7al\u0131\u015fqan\u0131 aqq\u0131nda hat\u0131rlavlar\u0131nen payla\u015fqan Meclis reisi Refat \u00c7ubarov on\u0131 \u00f6z halq\u0131na nisbeten adalet i\u00e7\u00fcn ces\u00fcrane k\u00fcre\u015fken insan olaraq tarif etti.<\/p>\n\n\n\n<p>&#8220;Professor Muzafarov devrimizni\u00f1 parlaq bir \u015fah\u0131s\u0131d\u0131r, q\u0131r\u0131mtatar filologiya ilimine salmaql\u0131 isse qo\u015fqan, Q\u0131r\u0131m ve q\u0131r\u0131mtatar halq\u0131n\u0131\u00f1 tarih\u0131ndan yalan ve iftiran\u0131\u00f1 al\u0131p ta\u015flanmas\u0131 i\u00e7\u00fcn ne k\u00fc\u00e7\u00fc, ne sa\u011fl\u0131\u011f\u0131n\u0131 ayama\u011fan insand\u0131r, &#8211; dep qayd etti R. \u00c7ubarov.- Meclis reisi bun\u0131\u00f1 kibi de hat\u0131rlatt\u0131 ki, 1991 senesi Refik Muzafarov II Qurultay delegat\u0131 olaraq saylan\u011fan. Meclis azas\u0131 olaraq medeniyet, til ve din meselelerini idare etken edi.<\/p>\n\n\n\n<figure class=\"wp-block-image size-full\"><img loading=\"lazy\" decoding=\"async\" width=\"650\" height=\"288\" src=\"http:\/\/qtmm.org\/wp-content\/uploads\/2022\/01\/img_1573.jpeg\" alt=\"\" class=\"wp-image-42022\" srcset=\"https:\/\/qtmm.org\/wp-content\/uploads\/2022\/01\/img_1573.jpeg 650w, https:\/\/qtmm.org\/wp-content\/uploads\/2022\/01\/img_1573-300x133.jpeg 300w\" sizes=\"auto, (max-width: 650px) 100vw, 650px\" \/><\/figure>\n\n\n\n<p>QMPU rektor\u0131, professor Fevzi Yaqubovn\u0131\u00f1 aytqan\u0131na k\u00f6re on\u0131\u00f1 ocas\u0131 ve dostu Refiq Muzafarov q\u0131r\u0131mtatar halq\u0131 milliy areketini\u00f1 i\u015ftirak\u00e7isi ol\u011fan\u0131 i\u00e7\u00fcn \u00e7oq vaq\u0131t devam\u0131nda aqs\u0131mland\u0131. &#8220;SSSR oquv m\u00fcessiselerinde on\u0131 i\u015fke almad\u0131lar, eserlerini derc, tertip etken lu\u011fatlar\u0131n\u0131 ne\u015fir etmediler, ilmiy unvanlar\u0131n\u0131 l\u00e2\u011fv etmege t\u0131r\u0131\u015f\u0131p, matbuatta qaralad\u0131lar, &#8211; dep hat\u0131rlad\u0131 Fevzi Yaqubov. \u2013 Amma o b\u00fct\u00fcn bu eziyetlevlerge baqmadan \u00f6z halq\u0131n\u0131\u00f1 menfaatlar\u0131na sad\u0131q ol\u0131p qald\u0131 ve q\u0131r\u0131mtatar halq\u0131n\u0131\u00f1 tarih\u0131 boyunca q\u0131ymetli eserlerini qald\u0131rd\u0131.<\/p>\n\n\n\n<figure class=\"wp-block-image size-full\"><img loading=\"lazy\" decoding=\"async\" width=\"650\" height=\"313\" src=\"http:\/\/qtmm.org\/wp-content\/uploads\/2022\/01\/img_1571_3.jpeg\" alt=\"\" class=\"wp-image-42026\" srcset=\"https:\/\/qtmm.org\/wp-content\/uploads\/2022\/01\/img_1571_3.jpeg 650w, https:\/\/qtmm.org\/wp-content\/uploads\/2022\/01\/img_1571_3-300x144.jpeg 300w\" sizes=\"auto, (max-width: 650px) 100vw, 650px\" \/><\/figure>\n\n\n\n<p>Refik Muzafarovn\u0131\u00f1 ilmiy faaliyetine ba\u011f\u0131\u015flan\u011fan maruzalarnen \u00e7\u0131q\u0131\u015fta bulun\u011fan Filologiya ilimleri namzetleri, QMPU q\u0131r\u0131mtatar ve t\u00fcrk edebiyat\u0131 kafedras\u0131n\u0131\u00f1 ocalar\u0131 Fera Seferova ve Leniyar Selimova alimni\u00f1 q\u0131r\u0131mtatar ilimini\u00f1 inki\u015faf\u0131na, folklor\u015f\u0131nasl\u0131qqa qo\u015fqan qocaman issesini qayd ettiler. Professor Muzafarovn\u0131\u00f1 refiqas\u0131na muracaat etken Leniyar Selimova alimni\u00f1 elyazmalar\u0131n\u0131 ne\u015firge az\u0131rlavda universitet ocalar\u0131na yard\u0131mc\u0131 olmas\u0131n\u0131 rica etti.<\/p>\n\n\n\n<figure class=\"wp-block-image size-full\"><img loading=\"lazy\" decoding=\"async\" width=\"650\" height=\"347\" src=\"http:\/\/qtmm.org\/wp-content\/uploads\/2022\/01\/img_1580.jpeg\" alt=\"\" class=\"wp-image-42030\" srcset=\"https:\/\/qtmm.org\/wp-content\/uploads\/2022\/01\/img_1580.jpeg 650w, https:\/\/qtmm.org\/wp-content\/uploads\/2022\/01\/img_1580-300x160.jpeg 300w\" sizes=\"auto, (max-width: 650px) 100vw, 650px\" \/><\/figure>\n\n\n\n<p>Belli ki, professor Refiq Muzafarov \u00e7oq y\u0131llar devam\u0131nda hasta ol\u0131p, so\u00f1ra k\u00f6zleri k\u00f6rmedi. 2011 senesi belli q\u0131r\u0131mtatar alimi ve folklorc\u0131s\u0131 vefat etti ve Aqmescitteki Abdal mezarl\u0131\u011f\u0131nda defn etildi. 2013 senesi dekabr 25 k\u00fcn\u00fc saat 14-te on\u0131\u00f1 qabirine ba\u015fta\u015f\u0131 qoyulacaq.<\/p>\n\n\n\n<figure class=\"wp-block-image size-full\"><img loading=\"lazy\" decoding=\"async\" width=\"650\" height=\"377\" src=\"http:\/\/qtmm.org\/wp-content\/uploads\/2022\/01\/img_1589.jpeg\" alt=\"\" class=\"wp-image-42034\" srcset=\"https:\/\/qtmm.org\/wp-content\/uploads\/2022\/01\/img_1589.jpeg 650w, https:\/\/qtmm.org\/wp-content\/uploads\/2022\/01\/img_1589-300x174.jpeg 300w\" sizes=\"auto, (max-width: 650px) 100vw, 650px\" \/><\/figure>\n\n\n\n<p>Refiq Muzafarov ile 50 y\u0131l beraber ya\u015fa\u011fan ve qocas\u0131n\u0131\u00f1 vefat\u0131ndan so\u00f1 \u0130sl\u00e2mn\u0131 qabul etken Azaliya Mihaylovna Meclis, Bekir Mamutovn\u0131\u00f1 reberligindeki te\u015fkiliy komitetke hat\u0131ra tedbirlerini az\u0131rlav, ba\u015fta\u015fn\u0131\u00f1 ve dekabr 25 k\u00fcn\u00fc saat 12-de Aqmescitte 8 mart soqa\u011f\u0131nda professor ya\u015fa\u011fan 4-nci evde qoyulacaq hat\u0131ra tahtas\u0131n\u0131\u00f1 yap\u0131lmas\u0131nda yard\u0131m etkenleri i\u00e7\u00fcn te\u015fekk\u00fcr bildirdi. Bundan da \u011fayr\u0131 professor Muzafarovn\u0131\u00f1 qar\u0131s\u0131 belli q\u0131r\u0131mtatar alimini\u00f1 \u015fahsiy arhivini Meclis arhivine bermek qarar\u0131 aqq\u0131nda bildirdi.<\/p>\n\n\n\n<figure class=\"wp-block-image size-full\"><img loading=\"lazy\" decoding=\"async\" width=\"650\" height=\"344\" src=\"http:\/\/qtmm.org\/wp-content\/uploads\/2022\/01\/img_1604_1.jpeg\" alt=\"\" class=\"wp-image-42038\" srcset=\"https:\/\/qtmm.org\/wp-content\/uploads\/2022\/01\/img_1604_1.jpeg 650w, https:\/\/qtmm.org\/wp-content\/uploads\/2022\/01\/img_1604_1-300x159.jpeg 300w\" sizes=\"auto, (max-width: 650px) 100vw, 650px\" \/><\/figure>\n\n\n\n<p>\u00d6z nevbetinde Meclis reisi Refat \u00c7ubarov Azaliya Mihaylovna\u011fa b\u00f6yle q\u0131ymetli bah\u015f\u0131\u015f\u0131 i\u00e7\u00fcn te\u015fekk\u00fcr bildirip, berilecek arhiv Meclisni\u00f1 medeniyet, tarih ve maneviy \u00f6m\u00fcr meseleleri boyunca idare reisi Bekir Mamutovn\u0131\u00f1 yolba\u015f\u00e7\u0131l\u0131\u011f\u0131nda m\u00fctehass\u0131slar taraf\u0131ndan yaz\u0131p al\u0131nmas\u0131 ve tarif etilmesi kerekligini aytt\u0131.<\/p>\n\n\n\n<figure class=\"wp-block-image size-full\"><img loading=\"lazy\" decoding=\"async\" width=\"650\" height=\"317\" src=\"http:\/\/qtmm.org\/wp-content\/uploads\/2022\/01\/img_1594.jpeg\" alt=\"\" class=\"wp-image-42042\" srcset=\"https:\/\/qtmm.org\/wp-content\/uploads\/2022\/01\/img_1594.jpeg 650w, https:\/\/qtmm.org\/wp-content\/uploads\/2022\/01\/img_1594-300x146.jpeg 300w\" sizes=\"auto, (max-width: 650px) 100vw, 650px\" \/><\/figure>\n\n\n\n<p><strong>Mal\u00fcmat i\u00e7\u00fcn:<\/strong>&nbsp;&nbsp;<em>Refiq Muzafarov 1928 senesi dekabr 27 k\u00fcn\u00fc Aq\u015feyh rayon\u0131n\u0131\u00f1 B\u00fcy\u00fck-As k\u00f6y\u00fcnde d\u00fcnya\u011fa kelgen. 1944 senesi on\u0131\u00f1 ailesi b\u00fct\u00fcn halqnen beraber Ural\u011fa s\u00fcrg\u00fcn etilip, so\u00f1ra olar \u00d6zbekistan\u011fa k\u00f6\u00e7kenler.<\/em><\/p>\n\n\n\n<p><em>1953 senesi orta mektepni m\u00fcddetinden evel bitirgen so\u00f1 o zavoda \u00e7al\u0131\u015fa ve Ta\u015fkent pedinstitut\u0131n\u0131\u00f1 rus tili ve edebiyat\u0131 fakultetinde \u011fiyabiy oquy. 1960 senesi Qazanda q\u0131r\u0131mtatar atalar s\u00f6zleri boyunca namzetlik dissertatsiyas\u0131n\u0131 qor\u00e7alay. 7 y\u0131ldan so\u00f1 Bakuda &#8220;Q\u0131r\u0131mtatarlarn\u0131\u00f1 folklor\u0131 ve on\u0131\u00f1 \u015farqity slav\u00e2nlarn\u0131\u00f1 a\u011fzaki-\u015fiiriy icad\u0131nen al\u00e2qalar\u0131&#8221; mevzus\u0131nda dkotorl\u0131q i\u015fini qor\u00e7alay.<\/em><\/p>\n\n\n\n<figure class=\"wp-block-image size-full\"><img loading=\"lazy\" decoding=\"async\" width=\"650\" height=\"339\" src=\"http:\/\/qtmm.org\/wp-content\/uploads\/2022\/01\/img_1601.jpeg\" alt=\"\" class=\"wp-image-42046\" srcset=\"https:\/\/qtmm.org\/wp-content\/uploads\/2022\/01\/img_1601.jpeg 650w, https:\/\/qtmm.org\/wp-content\/uploads\/2022\/01\/img_1601-300x156.jpeg 300w\" sizes=\"auto, (max-width: 650px) 100vw, 650px\" \/><\/figure>\n\n\n\n<p><em>Professor Muzafarov tertip etken Rus\u00e7a-q\u0131r\u0131mtatar (20000 s\u00f6z) ve Q\u0131r\u0131mtatarca-rus\u00e7a (15000 s\u00f6z) lu\u011fatlarn\u0131 SSSR \u0130limler Akademiyas\u0131 Til\u015f\u0131nasl\u0131q institut\u0131n\u0131\u00f1 t\u00fcrk tiller sektor\u0131 taraf\u0131ndan ne\u015firge tevsiye etile. Amma 1972 senesi &#8220;Trud&#8221; gazetas\u0131nda &#8220;Professor s\u0131navdan ke\u00e7medi&#8221; serleval\u0131 iftira maqalesi bas\u0131l\u011fan so\u00f1 Muzafarov 1975 senesine qadar ocal\u0131q yapmaq aqq\u0131ndan mahrum etile.<\/em><\/p>\n\n\n\n<p><em>Bir qa\u00e7 y\u0131llar devam\u0131nda o\u00f1a Angren, Gorlovsk, Tobolsk pedinstitutlar\u0131nda \u00e7al\u0131\u015fma\u011fa bermeyler, uydurma mana\u00e7\u0131qlarn\u0131 sebep etip i\u015ften bo\u015fatalar, Ta\u015fkent pedagogika institut\u0131n\u0131\u00f1 q\u0131r\u0131mtatar tili ve edebiyat\u0131 kafedras\u0131na i\u015fke almaylar.<\/em><\/p>\n\n\n\n<figure class=\"wp-block-image size-full\"><img loading=\"lazy\" decoding=\"async\" width=\"650\" height=\"346\" src=\"http:\/\/qtmm.org\/wp-content\/uploads\/2022\/01\/img_1600_1.jpeg\" alt=\"\" class=\"wp-image-42050\" srcset=\"https:\/\/qtmm.org\/wp-content\/uploads\/2022\/01\/img_1600_1.jpeg 650w, https:\/\/qtmm.org\/wp-content\/uploads\/2022\/01\/img_1600_1-300x160.jpeg 300w\" sizes=\"auto, (max-width: 650px) 100vw, 650px\" \/><\/figure>\n\n\n\n<p><em>Bu\u00f1a baqmadan R. Muzafarov q\u0131r\u0131mtatarlarn\u0131\u00f1 Ulu Vatan cenki devrinde yapqan yararl\u0131qlar\u0131. Q\u0131r\u0131mdan s\u00fcrg\u00fcn etilgen so\u00f1ki vaziyeti ve q\u0131r\u0131mtatarlar\u011fa qar\u015f\u0131 te\u015fviqat aqq\u0131nda \u011fayet q\u0131ymetli malzeme toplay.<\/em><\/p>\n\n\n\n<p><em>1987 senesi refiqas\u0131 Azaliya ile beraber Q\u0131r\u0131m\u011fa qayta ve Kefe \u015feerinde 1990 -1994 seneleri &#8220;Vatan&#8221; mecmuas\u0131n\u0131\u00f1 36 san\u0131n\u0131 \u00e7\u0131qara<br>1990 senesi okt\u00e2br 8 k\u00fcn\u00fc Q\u0131r\u0131mn\u0131\u00f1 matbuat boyunca vil\u00e2yet idaresi q\u0131r\u0131mtatar alimlerini\u00f1 mustaqil birle\u015fmesi ol\u011fan &#8220;Vatan&#8221; medeniy-yar\u0131qland\u0131ruv ve ilmiy-ara\u015ft\u0131rma merkezini\u00f1 ne\u015fir organ\u0131 ol\u011fan &#8220;Vatan&#8221; jurnal\u0131n\u0131 celvelge ala. Mecmua\u011fa Refiq Muzafarov muarrirlik yapa. Mecmua q\u0131r\u0131mtatarlarn\u0131\u00f1 tarih\u0131, medeniyeti, qom\u015fu ve soyda\u015f halqlarnen al\u00e2qalar\u0131, q\u0131r\u0131mtatar meselesine diqqat ay\u0131ra. On\u0131\u00f1 so\u00f1ki san\u0131 1994 senesi \u00e7\u0131qt\u0131.<br>1995 senesi Aqmescitte alimni\u00f1 \u00e7oq y\u0131ll\u0131q emegi ve ara\u015ft\u0131rmalar\u0131n\u0131\u00f1 mahsul\u0131 ol\u011fan 2 c\u0131ltl\u0131 &#8220;Q\u0131r\u0131mtatar entsiklopediyas\u0131&#8221; d\u00fcnya y\u00fcz\u00fcni k\u00f6rdi.<\/em><\/p>\n\n\n\n<figure class=\"wp-block-image size-full\"><img loading=\"lazy\" decoding=\"async\" width=\"650\" height=\"284\" src=\"http:\/\/qtmm.org\/wp-content\/uploads\/2022\/01\/img_1597.jpeg\" alt=\"\" class=\"wp-image-42054\" srcset=\"https:\/\/qtmm.org\/wp-content\/uploads\/2022\/01\/img_1597.jpeg 650w, https:\/\/qtmm.org\/wp-content\/uploads\/2022\/01\/img_1597-300x131.jpeg 300w\" sizes=\"auto, (max-width: 650px) 100vw, 650px\" \/><\/figure>\n\n\n\n<p><em>Refik Muzafarov &#8220;Rus-t\u00fcrk folklor al\u00e2qalar\u0131&#8221;, &#8220;Yaqutlarn\u0131\u00f1 ikmetli ibareleri&#8221;, &#8220;Tatar folklor\u0131n\u0131\u00f1 zemaneviy vaziyeti&#8221;, &#8220;T\u00fcrk tilli halqlar folklor\u0131n\u0131\u00f1 \u00f6\u00e7erkleri&#8221;, &#8220;Q\u0131r\u0131mtatar folklor rus edebiyat\u0131nda&#8221; serleval\u0131 ilmiy maqalelerni\u00f1 m\u00fcellifidir.<br><br>2011 senesi dekabr 20 k\u00fcn\u00fc devaml\u0131 hastal\u0131qtan so\u00f1 Refiq Muzafarov vefat etti.<\/em><\/p>\n","protected":false},"excerpt":{"rendered":"<p>2013 senesi dekabr 24 k\u00fcn\u00fc Q\u0131r\u0131m m\u00fcendislik-pedagogika universitetinde belli folklorc\u0131 alim, professor, q\u0131r\u0131mtatar folklor\u0131n\u0131\u00f1 tedqiqat\u00e7\u0131s\u0131 R. Muzafarov do\u011f\u011fan\u0131n\u0131 85 y\u0131ll\u0131\u011f\u0131na ba\u011f\u0131\u015flan\u011fan ilmiy konferentsiya \u00f6tkerildi. QMPU ve Refiq Muzafarov do\u011f\u011fan\u0131n\u0131\u00f1 85 y\u0131ll\u0131\u011f\u0131 munasebetinen hat\u0131ra tedbirlerini ke\u00e7ir\u00fcv boyunca te\u015fkiliy komitet taraf\u0131ndan az\u0131rlan\u011fan konferentsiyada Meclis reisi Refat \u00c7ubarov, QMPU rektor\u0131 Fevzi Yakubov, Meclis azas\u0131, Te\u015fkiliy komitet ba\u015f\u0131 Bekir [&hellip;]<\/p>\n","protected":false},"author":1,"featured_media":0,"comment_status":"open","ping_status":"open","sticky":false,"template":"","format":"standard","meta":{"inline_featured_image":false,"footnotes":""},"categories":[265],"tags":[],"class_list":["post-42013","post","type-post","status-publish","format-standard","hentry","category-haberler"],"acf":[],"yoast_head":"<!-- This site is optimized with the Yoast SEO plugin v27.4 - https:\/\/yoast.com\/product\/yoast-seo-wordpress\/ -->\n<title>Professor Refiq Muzafarovn\u0131\u00f1 \u00f6m\u00fcr arqada\u015f\u0131 belli q\u0131r\u0131mtatar alimini\u00f1 \u015fahsiy arhivini Meclis arhivine bermek qarar\u0131 aqq\u0131nda bildirdi - \u041c\u0435\u0434\u0436\u043b\u0456\u0441<\/title>\n<meta name=\"robots\" content=\"index, follow, max-snippet:-1, max-image-preview:large, max-video-preview:-1\" \/>\n<link rel=\"canonical\" href=\"https:\/\/qtmm.org\/qt\/professor-refiq-muzafarovnin-omur-arqadasi-belli-qirimtatar-aliminin-sahsiy-arhivini-meclis-arhivine-bermek-qarari-aqqinda-bildirdi\/\" \/>\n<meta property=\"og:locale\" content=\"en_US\" \/>\n<meta property=\"og:type\" content=\"article\" \/>\n<meta property=\"og:title\" content=\"Professor Refiq Muzafarovn\u0131\u00f1 \u00f6m\u00fcr arqada\u015f\u0131 belli q\u0131r\u0131mtatar alimini\u00f1 \u015fahsiy arhivini Meclis arhivine bermek qarar\u0131 aqq\u0131nda bildirdi - \u041c\u0435\u0434\u0436\u043b\u0456\u0441\" \/>\n<meta property=\"og:description\" content=\"2013 senesi dekabr 24 k\u00fcn\u00fc Q\u0131r\u0131m m\u00fcendislik-pedagogika universitetinde belli folklorc\u0131 alim, professor, q\u0131r\u0131mtatar folklor\u0131n\u0131\u00f1 tedqiqat\u00e7\u0131s\u0131 R. Muzafarov do\u011f\u011fan\u0131n\u0131 85 y\u0131ll\u0131\u011f\u0131na ba\u011f\u0131\u015flan\u011fan ilmiy konferentsiya \u00f6tkerildi. QMPU ve Refiq Muzafarov do\u011f\u011fan\u0131n\u0131\u00f1 85 y\u0131ll\u0131\u011f\u0131 munasebetinen hat\u0131ra tedbirlerini ke\u00e7ir\u00fcv boyunca te\u015fkiliy komitet taraf\u0131ndan az\u0131rlan\u011fan konferentsiyada Meclis reisi Refat \u00c7ubarov, QMPU rektor\u0131 Fevzi Yakubov, Meclis azas\u0131, Te\u015fkiliy komitet ba\u015f\u0131 Bekir [&hellip;]\" \/>\n<meta property=\"og:url\" content=\"https:\/\/qtmm.org\/qt\/professor-refiq-muzafarovnin-omur-arqadasi-belli-qirimtatar-aliminin-sahsiy-arhivini-meclis-arhivine-bermek-qarari-aqqinda-bildirdi\/\" \/>\n<meta property=\"og:site_name\" content=\"\u041c\u0435\u0434\u0436\u043b\u0456\u0441\" \/>\n<meta property=\"article:publisher\" content=\"https:\/\/www.facebook.com\/qtmm.info\/\" \/>\n<meta property=\"article:published_time\" content=\"2013-12-24T10:21:00+00:00\" \/>\n<meta property=\"article:modified_time\" content=\"2022-01-27T10:37:21+00:00\" \/>\n<meta property=\"og:image\" content=\"https:\/\/qtmm.org\/wp-content\/uploads\/2022\/01\/img_1568.jpeg\" \/>\n\t<meta property=\"og:image:width\" content=\"650\" \/>\n\t<meta property=\"og:image:height\" content=\"324\" \/>\n\t<meta property=\"og:image:type\" content=\"image\/jpeg\" \/>\n<meta name=\"author\" content=\"Developer\" \/>\n<meta name=\"twitter:card\" content=\"summary_large_image\" \/>\n<meta name=\"twitter:label1\" content=\"Written by\" \/>\n\t<meta name=\"twitter:data1\" content=\"Developer\" \/>\n\t<meta name=\"twitter:label2\" content=\"Est. reading time\" \/>\n\t<meta name=\"twitter:data2\" content=\"5 minutes\" \/>\n<script type=\"application\/ld+json\" class=\"yoast-schema-graph\">{\"@context\":\"https:\\\/\\\/schema.org\",\"@graph\":[{\"@type\":\"Article\",\"@id\":\"https:\\\/\\\/qtmm.org\\\/qt\\\/professor-refiq-muzafarovnin-omur-arqadasi-belli-qirimtatar-aliminin-sahsiy-arhivini-meclis-arhivine-bermek-qarari-aqqinda-bildirdi\\\/#article\",\"isPartOf\":{\"@id\":\"https:\\\/\\\/qtmm.org\\\/qt\\\/professor-refiq-muzafarovnin-omur-arqadasi-belli-qirimtatar-aliminin-sahsiy-arhivini-meclis-arhivine-bermek-qarari-aqqinda-bildirdi\\\/\"},\"author\":{\"name\":\"Developer\",\"@id\":\"https:\\\/\\\/qtmm.org\\\/qt\\\/#\\\/schema\\\/person\\\/de562469f971dec226ac06e60bbf74a7\"},\"headline\":\"Professor Refiq Muzafarovn\u0131\u00f1 \u00f6m\u00fcr arqada\u015f\u0131 belli q\u0131r\u0131mtatar alimini\u00f1 \u015fahsiy arhivini Meclis arhivine bermek qarar\u0131 aqq\u0131nda bildirdi\",\"datePublished\":\"2013-12-24T10:21:00+00:00\",\"dateModified\":\"2022-01-27T10:37:21+00:00\",\"mainEntityOfPage\":{\"@id\":\"https:\\\/\\\/qtmm.org\\\/qt\\\/professor-refiq-muzafarovnin-omur-arqadasi-belli-qirimtatar-aliminin-sahsiy-arhivini-meclis-arhivine-bermek-qarari-aqqinda-bildirdi\\\/\"},\"wordCount\":1036,\"commentCount\":0,\"publisher\":{\"@id\":\"https:\\\/\\\/qtmm.org\\\/qt\\\/#organization\"},\"image\":{\"@id\":\"https:\\\/\\\/qtmm.org\\\/qt\\\/professor-refiq-muzafarovnin-omur-arqadasi-belli-qirimtatar-aliminin-sahsiy-arhivini-meclis-arhivine-bermek-qarari-aqqinda-bildirdi\\\/#primaryimage\"},\"thumbnailUrl\":\"http:\\\/\\\/qtmm.org\\\/wp-content\\\/uploads\\\/2022\\\/01\\\/img_1568.jpeg\",\"articleSection\":[\"Haberler\"],\"inLanguage\":\"qt\",\"potentialAction\":[{\"@type\":\"CommentAction\",\"name\":\"Comment\",\"target\":[\"https:\\\/\\\/qtmm.org\\\/qt\\\/professor-refiq-muzafarovnin-omur-arqadasi-belli-qirimtatar-aliminin-sahsiy-arhivini-meclis-arhivine-bermek-qarari-aqqinda-bildirdi\\\/#respond\"]}]},{\"@type\":\"WebPage\",\"@id\":\"https:\\\/\\\/qtmm.org\\\/qt\\\/professor-refiq-muzafarovnin-omur-arqadasi-belli-qirimtatar-aliminin-sahsiy-arhivini-meclis-arhivine-bermek-qarari-aqqinda-bildirdi\\\/\",\"url\":\"https:\\\/\\\/qtmm.org\\\/qt\\\/professor-refiq-muzafarovnin-omur-arqadasi-belli-qirimtatar-aliminin-sahsiy-arhivini-meclis-arhivine-bermek-qarari-aqqinda-bildirdi\\\/\",\"name\":\"Professor Refiq Muzafarovn\u0131\u00f1 \u00f6m\u00fcr arqada\u015f\u0131 belli q\u0131r\u0131mtatar alimini\u00f1 \u015fahsiy arhivini Meclis arhivine bermek qarar\u0131 aqq\u0131nda bildirdi - \u041c\u0435\u0434\u0436\u043b\u0456\u0441\",\"isPartOf\":{\"@id\":\"https:\\\/\\\/qtmm.org\\\/qt\\\/#website\"},\"primaryImageOfPage\":{\"@id\":\"https:\\\/\\\/qtmm.org\\\/qt\\\/professor-refiq-muzafarovnin-omur-arqadasi-belli-qirimtatar-aliminin-sahsiy-arhivini-meclis-arhivine-bermek-qarari-aqqinda-bildirdi\\\/#primaryimage\"},\"image\":{\"@id\":\"https:\\\/\\\/qtmm.org\\\/qt\\\/professor-refiq-muzafarovnin-omur-arqadasi-belli-qirimtatar-aliminin-sahsiy-arhivini-meclis-arhivine-bermek-qarari-aqqinda-bildirdi\\\/#primaryimage\"},\"thumbnailUrl\":\"http:\\\/\\\/qtmm.org\\\/wp-content\\\/uploads\\\/2022\\\/01\\\/img_1568.jpeg\",\"datePublished\":\"2013-12-24T10:21:00+00:00\",\"dateModified\":\"2022-01-27T10:37:21+00:00\",\"breadcrumb\":{\"@id\":\"https:\\\/\\\/qtmm.org\\\/qt\\\/professor-refiq-muzafarovnin-omur-arqadasi-belli-qirimtatar-aliminin-sahsiy-arhivini-meclis-arhivine-bermek-qarari-aqqinda-bildirdi\\\/#breadcrumb\"},\"inLanguage\":\"qt\",\"potentialAction\":[{\"@type\":\"ReadAction\",\"target\":[\"https:\\\/\\\/qtmm.org\\\/qt\\\/professor-refiq-muzafarovnin-omur-arqadasi-belli-qirimtatar-aliminin-sahsiy-arhivini-meclis-arhivine-bermek-qarari-aqqinda-bildirdi\\\/\"]}]},{\"@type\":\"ImageObject\",\"inLanguage\":\"qt\",\"@id\":\"https:\\\/\\\/qtmm.org\\\/qt\\\/professor-refiq-muzafarovnin-omur-arqadasi-belli-qirimtatar-aliminin-sahsiy-arhivini-meclis-arhivine-bermek-qarari-aqqinda-bildirdi\\\/#primaryimage\",\"url\":\"http:\\\/\\\/qtmm.org\\\/wp-content\\\/uploads\\\/2022\\\/01\\\/img_1568.jpeg\",\"contentUrl\":\"http:\\\/\\\/qtmm.org\\\/wp-content\\\/uploads\\\/2022\\\/01\\\/img_1568.jpeg\"},{\"@type\":\"BreadcrumbList\",\"@id\":\"https:\\\/\\\/qtmm.org\\\/qt\\\/professor-refiq-muzafarovnin-omur-arqadasi-belli-qirimtatar-aliminin-sahsiy-arhivini-meclis-arhivine-bermek-qarari-aqqinda-bildirdi\\\/#breadcrumb\",\"itemListElement\":[{\"@type\":\"ListItem\",\"position\":1,\"name\":\"\u0413\u043e\u043b\u043e\u0432\u043d\u0430\",\"item\":\"https:\\\/\\\/qtmm.org\\\/qt\\\/\"},{\"@type\":\"ListItem\",\"position\":2,\"name\":\"Professor Refiq Muzafarovn\u0131\u00f1 \u00f6m\u00fcr arqada\u015f\u0131 belli q\u0131r\u0131mtatar alimini\u00f1 \u015fahsiy arhivini Meclis arhivine bermek qarar\u0131 aqq\u0131nda bildirdi\"}]},{\"@type\":\"WebSite\",\"@id\":\"https:\\\/\\\/qtmm.org\\\/qt\\\/#website\",\"url\":\"https:\\\/\\\/qtmm.org\\\/qt\\\/\",\"name\":\"\u041c\u0435\u0434\u0436\u043b\u0456\u0441\",\"description\":\"\",\"publisher\":{\"@id\":\"https:\\\/\\\/qtmm.org\\\/qt\\\/#organization\"},\"potentialAction\":[{\"@type\":\"SearchAction\",\"target\":{\"@type\":\"EntryPoint\",\"urlTemplate\":\"https:\\\/\\\/qtmm.org\\\/qt\\\/?s={search_term_string}\"},\"query-input\":{\"@type\":\"PropertyValueSpecification\",\"valueRequired\":true,\"valueName\":\"search_term_string\"}}],\"inLanguage\":\"qt\"},{\"@type\":\"Organization\",\"@id\":\"https:\\\/\\\/qtmm.org\\\/qt\\\/#organization\",\"name\":\"\u041c\u0435\u0434\u0436\u043b\u0456\u0441\",\"url\":\"https:\\\/\\\/qtmm.org\\\/qt\\\/\",\"logo\":{\"@type\":\"ImageObject\",\"inLanguage\":\"qt\",\"@id\":\"https:\\\/\\\/qtmm.org\\\/qt\\\/#\\\/schema\\\/logo\\\/image\\\/\",\"url\":\"https:\\\/\\\/qtmm.org\\\/wp-content\\\/uploads\\\/2024\\\/12\\\/ua-mejlis-logo-rgb.svg\",\"contentUrl\":\"https:\\\/\\\/qtmm.org\\\/wp-content\\\/uploads\\\/2024\\\/12\\\/ua-mejlis-logo-rgb.svg\",\"caption\":\"\u041c\u0435\u0434\u0436\u043b\u0456\u0441\"},\"image\":{\"@id\":\"https:\\\/\\\/qtmm.org\\\/qt\\\/#\\\/schema\\\/logo\\\/image\\\/\"},\"sameAs\":[\"https:\\\/\\\/www.facebook.com\\\/qtmm.info\\\/\"]},{\"@type\":\"Person\",\"@id\":\"https:\\\/\\\/qtmm.org\\\/qt\\\/#\\\/schema\\\/person\\\/de562469f971dec226ac06e60bbf74a7\",\"name\":\"Developer\",\"image\":{\"@type\":\"ImageObject\",\"inLanguage\":\"qt\",\"@id\":\"https:\\\/\\\/secure.gravatar.com\\\/avatar\\\/392b4cc8fbfeb00b39dfeeab4ee6edded39ffd48e25858637e4765810300227e?s=96&d=mm&r=g\",\"url\":\"https:\\\/\\\/secure.gravatar.com\\\/avatar\\\/392b4cc8fbfeb00b39dfeeab4ee6edded39ffd48e25858637e4765810300227e?s=96&d=mm&r=g\",\"contentUrl\":\"https:\\\/\\\/secure.gravatar.com\\\/avatar\\\/392b4cc8fbfeb00b39dfeeab4ee6edded39ffd48e25858637e4765810300227e?s=96&d=mm&r=g\",\"caption\":\"Developer\"},\"url\":\"https:\\\/\\\/qtmm.org\\\/qt\\\/author\\\/Developer\\\/\"}]}<\/script>\n<!-- \/ Yoast SEO plugin. -->","yoast_head_json":{"title":"Professor Refiq Muzafarovn\u0131\u00f1 \u00f6m\u00fcr arqada\u015f\u0131 belli q\u0131r\u0131mtatar alimini\u00f1 \u015fahsiy arhivini Meclis arhivine bermek qarar\u0131 aqq\u0131nda bildirdi - \u041c\u0435\u0434\u0436\u043b\u0456\u0441","robots":{"index":"index","follow":"follow","max-snippet":"max-snippet:-1","max-image-preview":"max-image-preview:large","max-video-preview":"max-video-preview:-1"},"canonical":"https:\/\/qtmm.org\/qt\/professor-refiq-muzafarovnin-omur-arqadasi-belli-qirimtatar-aliminin-sahsiy-arhivini-meclis-arhivine-bermek-qarari-aqqinda-bildirdi\/","og_locale":"en_US","og_type":"article","og_title":"Professor Refiq Muzafarovn\u0131\u00f1 \u00f6m\u00fcr arqada\u015f\u0131 belli q\u0131r\u0131mtatar alimini\u00f1 \u015fahsiy arhivini Meclis arhivine bermek qarar\u0131 aqq\u0131nda bildirdi - \u041c\u0435\u0434\u0436\u043b\u0456\u0441","og_description":"2013 senesi dekabr 24 k\u00fcn\u00fc Q\u0131r\u0131m m\u00fcendislik-pedagogika universitetinde belli folklorc\u0131 alim, professor, q\u0131r\u0131mtatar folklor\u0131n\u0131\u00f1 tedqiqat\u00e7\u0131s\u0131 R. Muzafarov do\u011f\u011fan\u0131n\u0131 85 y\u0131ll\u0131\u011f\u0131na ba\u011f\u0131\u015flan\u011fan ilmiy konferentsiya \u00f6tkerildi. QMPU ve Refiq Muzafarov do\u011f\u011fan\u0131n\u0131\u00f1 85 y\u0131ll\u0131\u011f\u0131 munasebetinen hat\u0131ra tedbirlerini ke\u00e7ir\u00fcv boyunca te\u015fkiliy komitet taraf\u0131ndan az\u0131rlan\u011fan konferentsiyada Meclis reisi Refat \u00c7ubarov, QMPU rektor\u0131 Fevzi Yakubov, Meclis azas\u0131, Te\u015fkiliy komitet ba\u015f\u0131 Bekir [&hellip;]","og_url":"https:\/\/qtmm.org\/qt\/professor-refiq-muzafarovnin-omur-arqadasi-belli-qirimtatar-aliminin-sahsiy-arhivini-meclis-arhivine-bermek-qarari-aqqinda-bildirdi\/","og_site_name":"\u041c\u0435\u0434\u0436\u043b\u0456\u0441","article_publisher":"https:\/\/www.facebook.com\/qtmm.info\/","article_published_time":"2013-12-24T10:21:00+00:00","article_modified_time":"2022-01-27T10:37:21+00:00","og_image":[{"width":650,"height":324,"url":"https:\/\/qtmm.org\/wp-content\/uploads\/2022\/01\/img_1568.jpeg","type":"image\/jpeg"}],"author":"Developer","twitter_card":"summary_large_image","twitter_misc":{"Written by":"Developer","Est. reading time":"5 minutes"},"schema":{"@context":"https:\/\/schema.org","@graph":[{"@type":"Article","@id":"https:\/\/qtmm.org\/qt\/professor-refiq-muzafarovnin-omur-arqadasi-belli-qirimtatar-aliminin-sahsiy-arhivini-meclis-arhivine-bermek-qarari-aqqinda-bildirdi\/#article","isPartOf":{"@id":"https:\/\/qtmm.org\/qt\/professor-refiq-muzafarovnin-omur-arqadasi-belli-qirimtatar-aliminin-sahsiy-arhivini-meclis-arhivine-bermek-qarari-aqqinda-bildirdi\/"},"author":{"name":"Developer","@id":"https:\/\/qtmm.org\/qt\/#\/schema\/person\/de562469f971dec226ac06e60bbf74a7"},"headline":"Professor Refiq Muzafarovn\u0131\u00f1 \u00f6m\u00fcr arqada\u015f\u0131 belli q\u0131r\u0131mtatar alimini\u00f1 \u015fahsiy arhivini Meclis arhivine bermek qarar\u0131 aqq\u0131nda bildirdi","datePublished":"2013-12-24T10:21:00+00:00","dateModified":"2022-01-27T10:37:21+00:00","mainEntityOfPage":{"@id":"https:\/\/qtmm.org\/qt\/professor-refiq-muzafarovnin-omur-arqadasi-belli-qirimtatar-aliminin-sahsiy-arhivini-meclis-arhivine-bermek-qarari-aqqinda-bildirdi\/"},"wordCount":1036,"commentCount":0,"publisher":{"@id":"https:\/\/qtmm.org\/qt\/#organization"},"image":{"@id":"https:\/\/qtmm.org\/qt\/professor-refiq-muzafarovnin-omur-arqadasi-belli-qirimtatar-aliminin-sahsiy-arhivini-meclis-arhivine-bermek-qarari-aqqinda-bildirdi\/#primaryimage"},"thumbnailUrl":"http:\/\/qtmm.org\/wp-content\/uploads\/2022\/01\/img_1568.jpeg","articleSection":["Haberler"],"inLanguage":"qt","potentialAction":[{"@type":"CommentAction","name":"Comment","target":["https:\/\/qtmm.org\/qt\/professor-refiq-muzafarovnin-omur-arqadasi-belli-qirimtatar-aliminin-sahsiy-arhivini-meclis-arhivine-bermek-qarari-aqqinda-bildirdi\/#respond"]}]},{"@type":"WebPage","@id":"https:\/\/qtmm.org\/qt\/professor-refiq-muzafarovnin-omur-arqadasi-belli-qirimtatar-aliminin-sahsiy-arhivini-meclis-arhivine-bermek-qarari-aqqinda-bildirdi\/","url":"https:\/\/qtmm.org\/qt\/professor-refiq-muzafarovnin-omur-arqadasi-belli-qirimtatar-aliminin-sahsiy-arhivini-meclis-arhivine-bermek-qarari-aqqinda-bildirdi\/","name":"Professor Refiq Muzafarovn\u0131\u00f1 \u00f6m\u00fcr arqada\u015f\u0131 belli q\u0131r\u0131mtatar alimini\u00f1 \u015fahsiy arhivini Meclis arhivine bermek qarar\u0131 aqq\u0131nda bildirdi - \u041c\u0435\u0434\u0436\u043b\u0456\u0441","isPartOf":{"@id":"https:\/\/qtmm.org\/qt\/#website"},"primaryImageOfPage":{"@id":"https:\/\/qtmm.org\/qt\/professor-refiq-muzafarovnin-omur-arqadasi-belli-qirimtatar-aliminin-sahsiy-arhivini-meclis-arhivine-bermek-qarari-aqqinda-bildirdi\/#primaryimage"},"image":{"@id":"https:\/\/qtmm.org\/qt\/professor-refiq-muzafarovnin-omur-arqadasi-belli-qirimtatar-aliminin-sahsiy-arhivini-meclis-arhivine-bermek-qarari-aqqinda-bildirdi\/#primaryimage"},"thumbnailUrl":"http:\/\/qtmm.org\/wp-content\/uploads\/2022\/01\/img_1568.jpeg","datePublished":"2013-12-24T10:21:00+00:00","dateModified":"2022-01-27T10:37:21+00:00","breadcrumb":{"@id":"https:\/\/qtmm.org\/qt\/professor-refiq-muzafarovnin-omur-arqadasi-belli-qirimtatar-aliminin-sahsiy-arhivini-meclis-arhivine-bermek-qarari-aqqinda-bildirdi\/#breadcrumb"},"inLanguage":"qt","potentialAction":[{"@type":"ReadAction","target":["https:\/\/qtmm.org\/qt\/professor-refiq-muzafarovnin-omur-arqadasi-belli-qirimtatar-aliminin-sahsiy-arhivini-meclis-arhivine-bermek-qarari-aqqinda-bildirdi\/"]}]},{"@type":"ImageObject","inLanguage":"qt","@id":"https:\/\/qtmm.org\/qt\/professor-refiq-muzafarovnin-omur-arqadasi-belli-qirimtatar-aliminin-sahsiy-arhivini-meclis-arhivine-bermek-qarari-aqqinda-bildirdi\/#primaryimage","url":"http:\/\/qtmm.org\/wp-content\/uploads\/2022\/01\/img_1568.jpeg","contentUrl":"http:\/\/qtmm.org\/wp-content\/uploads\/2022\/01\/img_1568.jpeg"},{"@type":"BreadcrumbList","@id":"https:\/\/qtmm.org\/qt\/professor-refiq-muzafarovnin-omur-arqadasi-belli-qirimtatar-aliminin-sahsiy-arhivini-meclis-arhivine-bermek-qarari-aqqinda-bildirdi\/#breadcrumb","itemListElement":[{"@type":"ListItem","position":1,"name":"\u0413\u043e\u043b\u043e\u0432\u043d\u0430","item":"https:\/\/qtmm.org\/qt\/"},{"@type":"ListItem","position":2,"name":"Professor Refiq Muzafarovn\u0131\u00f1 \u00f6m\u00fcr arqada\u015f\u0131 belli q\u0131r\u0131mtatar alimini\u00f1 \u015fahsiy arhivini Meclis arhivine bermek qarar\u0131 aqq\u0131nda bildirdi"}]},{"@type":"WebSite","@id":"https:\/\/qtmm.org\/qt\/#website","url":"https:\/\/qtmm.org\/qt\/","name":"\u041c\u0435\u0434\u0436\u043b\u0456\u0441","description":"","publisher":{"@id":"https:\/\/qtmm.org\/qt\/#organization"},"potentialAction":[{"@type":"SearchAction","target":{"@type":"EntryPoint","urlTemplate":"https:\/\/qtmm.org\/qt\/?s={search_term_string}"},"query-input":{"@type":"PropertyValueSpecification","valueRequired":true,"valueName":"search_term_string"}}],"inLanguage":"qt"},{"@type":"Organization","@id":"https:\/\/qtmm.org\/qt\/#organization","name":"\u041c\u0435\u0434\u0436\u043b\u0456\u0441","url":"https:\/\/qtmm.org\/qt\/","logo":{"@type":"ImageObject","inLanguage":"qt","@id":"https:\/\/qtmm.org\/qt\/#\/schema\/logo\/image\/","url":"https:\/\/qtmm.org\/wp-content\/uploads\/2024\/12\/ua-mejlis-logo-rgb.svg","contentUrl":"https:\/\/qtmm.org\/wp-content\/uploads\/2024\/12\/ua-mejlis-logo-rgb.svg","caption":"\u041c\u0435\u0434\u0436\u043b\u0456\u0441"},"image":{"@id":"https:\/\/qtmm.org\/qt\/#\/schema\/logo\/image\/"},"sameAs":["https:\/\/www.facebook.com\/qtmm.info\/"]},{"@type":"Person","@id":"https:\/\/qtmm.org\/qt\/#\/schema\/person\/de562469f971dec226ac06e60bbf74a7","name":"Developer","image":{"@type":"ImageObject","inLanguage":"qt","@id":"https:\/\/secure.gravatar.com\/avatar\/392b4cc8fbfeb00b39dfeeab4ee6edded39ffd48e25858637e4765810300227e?s=96&d=mm&r=g","url":"https:\/\/secure.gravatar.com\/avatar\/392b4cc8fbfeb00b39dfeeab4ee6edded39ffd48e25858637e4765810300227e?s=96&d=mm&r=g","contentUrl":"https:\/\/secure.gravatar.com\/avatar\/392b4cc8fbfeb00b39dfeeab4ee6edded39ffd48e25858637e4765810300227e?s=96&d=mm&r=g","caption":"Developer"},"url":"https:\/\/qtmm.org\/qt\/author\/Developer\/"}]}},"_links":{"self":[{"href":"https:\/\/qtmm.org\/qt\/wp-json\/wp\/v2\/posts\/42013","targetHints":{"allow":["GET"]}}],"collection":[{"href":"https:\/\/qtmm.org\/qt\/wp-json\/wp\/v2\/posts"}],"about":[{"href":"https:\/\/qtmm.org\/qt\/wp-json\/wp\/v2\/types\/post"}],"author":[{"embeddable":true,"href":"https:\/\/qtmm.org\/qt\/wp-json\/wp\/v2\/users\/1"}],"replies":[{"embeddable":true,"href":"https:\/\/qtmm.org\/qt\/wp-json\/wp\/v2\/comments?post=42013"}],"version-history":[{"count":1,"href":"https:\/\/qtmm.org\/qt\/wp-json\/wp\/v2\/posts\/42013\/revisions"}],"predecessor-version":[{"id":42058,"href":"https:\/\/qtmm.org\/qt\/wp-json\/wp\/v2\/posts\/42013\/revisions\/42058"}],"wp:attachment":[{"href":"https:\/\/qtmm.org\/qt\/wp-json\/wp\/v2\/media?parent=42013"}],"wp:term":[{"taxonomy":"category","embeddable":true,"href":"https:\/\/qtmm.org\/qt\/wp-json\/wp\/v2\/categories?post=42013"},{"taxonomy":"post_tag","embeddable":true,"href":"https:\/\/qtmm.org\/qt\/wp-json\/wp\/v2\/tags?post=42013"}],"curies":[{"name":"wp","href":"https:\/\/api.w.org\/{rel}","templated":true}]}}