




{"id":42007,"date":"2013-12-23T13:20:00","date_gmt":"2013-12-23T10:20:00","guid":{"rendered":"http:\/\/qtmm.org\/?p=42007"},"modified":"2022-01-27T13:21:24","modified_gmt":"2022-01-27T10:21:24","slug":"aslan-omer-qirimli-operatsion-meselelerni-cezmek-ve-semereli-faaliyet-kostermek-maqsadinda-idare-is-adamlari-dairelerinen-siqi-isbirlik-quracaq","status":"publish","type":"post","link":"https:\/\/qtmm.org\/qt\/aslan-omer-qirimli-operatsion-meselelerni-cezmek-ve-semereli-faaliyet-kostermek-maqsadinda-idare-is-adamlari-dairelerinen-siqi-isbirlik-quracaq\/","title":{"rendered":"Aslan \u00d6mer Q\u0131r\u0131ml\u0131: Operatsion meselelerni \u00e7ezmek ve semereli faaliyet k\u00f6stermek maqsad\u0131nda idare i\u015f adamlar\u0131 dairelerinen s\u0131q\u0131 i\u015fbirlik quracaq"},"content":{"rendered":"\n<p>2013 senesi dekabr 23 k\u00fcn\u00fc Meclisni\u00f1 T\u0131\u015fq\u0131 iqtisadiy al\u00e2qalar, yat\u0131r\u0131m ve milliy iqtisadiyat inki\u015faf\u0131 boyunca idaresini\u00f1 birinci topla\u015fuv\u0131 ol\u0131p ke\u00e7ti.<\/p>\n\n\n\n<p>Topla\u015fuv devam\u0131nda idareni\u00f1 te\u015fkiliy qurum\u0131 ve faaliyetini\u00f1 esas y\u00f6neli\u015fleri muzakere etildi.<\/p>\n\n\n\n<p>Meclis qarar\u0131 ile yolba\u015f\u00e7\u0131 olaraq tasdiqlan\u011fan Meclis reisini\u00f1 muavini Aslan \u00d6mer Q\u0131r\u0131ml\u0131 reberligindeki idare erk\u00e2n\u0131na Meclis azas\u0131 Remzi \u0130lyasov, Qurultay delegat\u0131 Server Abibullayev, Meclis azas\u0131 Emine Avamileva ve Q\u0131r\u0131m Halqara Biznes Birle\u015fmesini\u00f1 icra direktor\u0131 Vilor Osmanov kirsetildiler.<\/p>\n\n\n\n<figure class=\"wp-block-image size-full\"><img loading=\"lazy\" decoding=\"async\" width=\"650\" height=\"319\" src=\"http:\/\/qtmm.org\/wp-content\/uploads\/2022\/01\/zasedaniye.jpeg\" alt=\"\" class=\"wp-image-42008\" srcset=\"https:\/\/qtmm.org\/wp-content\/uploads\/2022\/01\/zasedaniye.jpeg 650w, https:\/\/qtmm.org\/wp-content\/uploads\/2022\/01\/zasedaniye-300x147.jpeg 300w\" sizes=\"auto, (max-width: 650px) 100vw, 650px\" \/><\/figure>\n\n\n\n<p>&#8220;Operatsion meselelerni \u00e7ezmek ve semereli faaliyet k\u00f6stermek maqsad\u0131nda idare &nbsp;i\u015f adamlar\u0131 dairelerinen s\u0131q\u0131 i\u015fbirlik qurma\u011fa t\u0131r\u0131\u015facaq, &#8211; dedi idareni\u00f1 ba\u015f\u0131 Aslan \u00d6mer Q\u0131r\u0131ml\u0131.<\/p>\n\n\n\n<p>Belgilengen maqsadlarn\u0131 ker\u00e7ekle\u015ftir\u00fcv yolunda yap\u0131l\u011fan ilk ad\u0131m olaraq idareni\u00f1 i\u015fine\u00a0Q\u0131r\u0131m Halqara Biznes Birle\u015fmesini\u00a0celp etmek qarar\u0131 al\u0131nd\u0131.<\/p>\n\n\n\n<p>\u0130dare azalar\u0131n\u0131\u00f1 bildirgenine k\u00f6re &nbsp;\u0130dare ve Birle\u015fme aras\u0131nda strategik ortaql\u0131q aqq\u0131nda a\u00f1la\u015fma imzaland\u0131.<\/p>\n\n\n\n<p>\u0130dareni\u00f1 nevbetteki tolpla\u015fuv\u0131 2013 senesi yanvar 23-te ke\u00e7irilecek.<\/p>\n","protected":false},"excerpt":{"rendered":"<p>2013 senesi dekabr 23 k\u00fcn\u00fc Meclisni\u00f1 T\u0131\u015fq\u0131 iqtisadiy al\u00e2qalar, yat\u0131r\u0131m ve milliy iqtisadiyat inki\u015faf\u0131 boyunca idaresini\u00f1 birinci topla\u015fuv\u0131 ol\u0131p ke\u00e7ti. Topla\u015fuv devam\u0131nda idareni\u00f1 te\u015fkiliy qurum\u0131 ve faaliyetini\u00f1 esas y\u00f6neli\u015fleri muzakere etildi. Meclis qarar\u0131 ile yolba\u015f\u00e7\u0131 olaraq tasdiqlan\u011fan Meclis reisini\u00f1 muavini Aslan \u00d6mer Q\u0131r\u0131ml\u0131 reberligindeki idare erk\u00e2n\u0131na Meclis azas\u0131 Remzi \u0130lyasov, Qurultay delegat\u0131 Server Abibullayev, Meclis [&hellip;]<\/p>\n","protected":false},"author":1,"featured_media":0,"comment_status":"open","ping_status":"open","sticky":false,"template":"","format":"standard","meta":{"inline_featured_image":false,"footnotes":""},"categories":[265],"tags":[],"class_list":["post-42007","post","type-post","status-publish","format-standard","hentry","category-haberler"],"acf":[],"yoast_head":"<!-- This site is optimized with the Yoast SEO plugin v27.4 - https:\/\/yoast.com\/product\/yoast-seo-wordpress\/ -->\n<title>Aslan \u00d6mer Q\u0131r\u0131ml\u0131: Operatsion meselelerni \u00e7ezmek ve semereli faaliyet k\u00f6stermek maqsad\u0131nda idare i\u015f adamlar\u0131 dairelerinen s\u0131q\u0131 i\u015fbirlik quracaq - \u041c\u0435\u0434\u0436\u043b\u0456\u0441<\/title>\n<meta name=\"robots\" content=\"index, follow, max-snippet:-1, max-image-preview:large, max-video-preview:-1\" \/>\n<link rel=\"canonical\" href=\"https:\/\/qtmm.org\/qt\/aslan-omer-qirimli-operatsion-meselelerni-cezmek-ve-semereli-faaliyet-kostermek-maqsadinda-idare-is-adamlari-dairelerinen-siqi-isbirlik-quracaq\/\" \/>\n<meta property=\"og:locale\" content=\"en_US\" \/>\n<meta property=\"og:type\" content=\"article\" \/>\n<meta property=\"og:title\" content=\"Aslan \u00d6mer Q\u0131r\u0131ml\u0131: Operatsion meselelerni \u00e7ezmek ve semereli faaliyet k\u00f6stermek maqsad\u0131nda idare i\u015f adamlar\u0131 dairelerinen s\u0131q\u0131 i\u015fbirlik quracaq - \u041c\u0435\u0434\u0436\u043b\u0456\u0441\" \/>\n<meta property=\"og:description\" content=\"2013 senesi dekabr 23 k\u00fcn\u00fc Meclisni\u00f1 T\u0131\u015fq\u0131 iqtisadiy al\u00e2qalar, yat\u0131r\u0131m ve milliy iqtisadiyat inki\u015faf\u0131 boyunca idaresini\u00f1 birinci topla\u015fuv\u0131 ol\u0131p ke\u00e7ti. Topla\u015fuv devam\u0131nda idareni\u00f1 te\u015fkiliy qurum\u0131 ve faaliyetini\u00f1 esas y\u00f6neli\u015fleri muzakere etildi. Meclis qarar\u0131 ile yolba\u015f\u00e7\u0131 olaraq tasdiqlan\u011fan Meclis reisini\u00f1 muavini Aslan \u00d6mer Q\u0131r\u0131ml\u0131 reberligindeki idare erk\u00e2n\u0131na Meclis azas\u0131 Remzi \u0130lyasov, Qurultay delegat\u0131 Server Abibullayev, Meclis [&hellip;]\" \/>\n<meta property=\"og:url\" content=\"https:\/\/qtmm.org\/qt\/aslan-omer-qirimli-operatsion-meselelerni-cezmek-ve-semereli-faaliyet-kostermek-maqsadinda-idare-is-adamlari-dairelerinen-siqi-isbirlik-quracaq\/\" \/>\n<meta property=\"og:site_name\" content=\"\u041c\u0435\u0434\u0436\u043b\u0456\u0441\" \/>\n<meta property=\"article:publisher\" content=\"https:\/\/www.facebook.com\/qtmm.info\/\" \/>\n<meta property=\"article:published_time\" content=\"2013-12-23T10:20:00+00:00\" \/>\n<meta property=\"article:modified_time\" content=\"2022-01-27T10:21:24+00:00\" \/>\n<meta property=\"og:image\" content=\"https:\/\/qtmm.org\/wp-content\/uploads\/2022\/01\/zasedaniye.jpeg\" \/>\n\t<meta property=\"og:image:width\" content=\"650\" \/>\n\t<meta property=\"og:image:height\" content=\"319\" \/>\n\t<meta property=\"og:image:type\" content=\"image\/jpeg\" \/>\n<meta name=\"author\" content=\"Developer\" \/>\n<meta name=\"twitter:card\" content=\"summary_large_image\" \/>\n<meta name=\"twitter:label1\" content=\"Written by\" \/>\n\t<meta name=\"twitter:data1\" content=\"Developer\" \/>\n\t<meta name=\"twitter:label2\" content=\"Est. reading time\" \/>\n\t<meta name=\"twitter:data2\" content=\"1 minute\" \/>\n<script type=\"application\/ld+json\" class=\"yoast-schema-graph\">{\"@context\":\"https:\\\/\\\/schema.org\",\"@graph\":[{\"@type\":\"Article\",\"@id\":\"https:\\\/\\\/qtmm.org\\\/qt\\\/aslan-omer-qirimli-operatsion-meselelerni-cezmek-ve-semereli-faaliyet-kostermek-maqsadinda-idare-is-adamlari-dairelerinen-siqi-isbirlik-quracaq\\\/#article\",\"isPartOf\":{\"@id\":\"https:\\\/\\\/qtmm.org\\\/qt\\\/aslan-omer-qirimli-operatsion-meselelerni-cezmek-ve-semereli-faaliyet-kostermek-maqsadinda-idare-is-adamlari-dairelerinen-siqi-isbirlik-quracaq\\\/\"},\"author\":{\"name\":\"Developer\",\"@id\":\"https:\\\/\\\/qtmm.org\\\/qt\\\/#\\\/schema\\\/person\\\/de562469f971dec226ac06e60bbf74a7\"},\"headline\":\"Aslan \u00d6mer Q\u0131r\u0131ml\u0131: Operatsion meselelerni \u00e7ezmek ve semereli faaliyet k\u00f6stermek maqsad\u0131nda idare i\u015f adamlar\u0131 dairelerinen s\u0131q\u0131 i\u015fbirlik quracaq\",\"datePublished\":\"2013-12-23T10:20:00+00:00\",\"dateModified\":\"2022-01-27T10:21:24+00:00\",\"mainEntityOfPage\":{\"@id\":\"https:\\\/\\\/qtmm.org\\\/qt\\\/aslan-omer-qirimli-operatsion-meselelerni-cezmek-ve-semereli-faaliyet-kostermek-maqsadinda-idare-is-adamlari-dairelerinen-siqi-isbirlik-quracaq\\\/\"},\"wordCount\":205,\"commentCount\":0,\"publisher\":{\"@id\":\"https:\\\/\\\/qtmm.org\\\/qt\\\/#organization\"},\"image\":{\"@id\":\"https:\\\/\\\/qtmm.org\\\/qt\\\/aslan-omer-qirimli-operatsion-meselelerni-cezmek-ve-semereli-faaliyet-kostermek-maqsadinda-idare-is-adamlari-dairelerinen-siqi-isbirlik-quracaq\\\/#primaryimage\"},\"thumbnailUrl\":\"http:\\\/\\\/qtmm.org\\\/wp-content\\\/uploads\\\/2022\\\/01\\\/zasedaniye.jpeg\",\"articleSection\":[\"Haberler\"],\"inLanguage\":\"qt\",\"potentialAction\":[{\"@type\":\"CommentAction\",\"name\":\"Comment\",\"target\":[\"https:\\\/\\\/qtmm.org\\\/qt\\\/aslan-omer-qirimli-operatsion-meselelerni-cezmek-ve-semereli-faaliyet-kostermek-maqsadinda-idare-is-adamlari-dairelerinen-siqi-isbirlik-quracaq\\\/#respond\"]}]},{\"@type\":\"WebPage\",\"@id\":\"https:\\\/\\\/qtmm.org\\\/qt\\\/aslan-omer-qirimli-operatsion-meselelerni-cezmek-ve-semereli-faaliyet-kostermek-maqsadinda-idare-is-adamlari-dairelerinen-siqi-isbirlik-quracaq\\\/\",\"url\":\"https:\\\/\\\/qtmm.org\\\/qt\\\/aslan-omer-qirimli-operatsion-meselelerni-cezmek-ve-semereli-faaliyet-kostermek-maqsadinda-idare-is-adamlari-dairelerinen-siqi-isbirlik-quracaq\\\/\",\"name\":\"Aslan \u00d6mer Q\u0131r\u0131ml\u0131: Operatsion meselelerni \u00e7ezmek ve semereli faaliyet k\u00f6stermek maqsad\u0131nda idare i\u015f adamlar\u0131 dairelerinen s\u0131q\u0131 i\u015fbirlik quracaq - \u041c\u0435\u0434\u0436\u043b\u0456\u0441\",\"isPartOf\":{\"@id\":\"https:\\\/\\\/qtmm.org\\\/qt\\\/#website\"},\"primaryImageOfPage\":{\"@id\":\"https:\\\/\\\/qtmm.org\\\/qt\\\/aslan-omer-qirimli-operatsion-meselelerni-cezmek-ve-semereli-faaliyet-kostermek-maqsadinda-idare-is-adamlari-dairelerinen-siqi-isbirlik-quracaq\\\/#primaryimage\"},\"image\":{\"@id\":\"https:\\\/\\\/qtmm.org\\\/qt\\\/aslan-omer-qirimli-operatsion-meselelerni-cezmek-ve-semereli-faaliyet-kostermek-maqsadinda-idare-is-adamlari-dairelerinen-siqi-isbirlik-quracaq\\\/#primaryimage\"},\"thumbnailUrl\":\"http:\\\/\\\/qtmm.org\\\/wp-content\\\/uploads\\\/2022\\\/01\\\/zasedaniye.jpeg\",\"datePublished\":\"2013-12-23T10:20:00+00:00\",\"dateModified\":\"2022-01-27T10:21:24+00:00\",\"breadcrumb\":{\"@id\":\"https:\\\/\\\/qtmm.org\\\/qt\\\/aslan-omer-qirimli-operatsion-meselelerni-cezmek-ve-semereli-faaliyet-kostermek-maqsadinda-idare-is-adamlari-dairelerinen-siqi-isbirlik-quracaq\\\/#breadcrumb\"},\"inLanguage\":\"qt\",\"potentialAction\":[{\"@type\":\"ReadAction\",\"target\":[\"https:\\\/\\\/qtmm.org\\\/qt\\\/aslan-omer-qirimli-operatsion-meselelerni-cezmek-ve-semereli-faaliyet-kostermek-maqsadinda-idare-is-adamlari-dairelerinen-siqi-isbirlik-quracaq\\\/\"]}]},{\"@type\":\"ImageObject\",\"inLanguage\":\"qt\",\"@id\":\"https:\\\/\\\/qtmm.org\\\/qt\\\/aslan-omer-qirimli-operatsion-meselelerni-cezmek-ve-semereli-faaliyet-kostermek-maqsadinda-idare-is-adamlari-dairelerinen-siqi-isbirlik-quracaq\\\/#primaryimage\",\"url\":\"http:\\\/\\\/qtmm.org\\\/wp-content\\\/uploads\\\/2022\\\/01\\\/zasedaniye.jpeg\",\"contentUrl\":\"http:\\\/\\\/qtmm.org\\\/wp-content\\\/uploads\\\/2022\\\/01\\\/zasedaniye.jpeg\"},{\"@type\":\"BreadcrumbList\",\"@id\":\"https:\\\/\\\/qtmm.org\\\/qt\\\/aslan-omer-qirimli-operatsion-meselelerni-cezmek-ve-semereli-faaliyet-kostermek-maqsadinda-idare-is-adamlari-dairelerinen-siqi-isbirlik-quracaq\\\/#breadcrumb\",\"itemListElement\":[{\"@type\":\"ListItem\",\"position\":1,\"name\":\"\u0413\u043e\u043b\u043e\u0432\u043d\u0430\",\"item\":\"https:\\\/\\\/qtmm.org\\\/qt\\\/\"},{\"@type\":\"ListItem\",\"position\":2,\"name\":\"Aslan \u00d6mer Q\u0131r\u0131ml\u0131: Operatsion meselelerni \u00e7ezmek ve semereli faaliyet k\u00f6stermek maqsad\u0131nda idare i\u015f adamlar\u0131 dairelerinen s\u0131q\u0131 i\u015fbirlik quracaq\"}]},{\"@type\":\"WebSite\",\"@id\":\"https:\\\/\\\/qtmm.org\\\/qt\\\/#website\",\"url\":\"https:\\\/\\\/qtmm.org\\\/qt\\\/\",\"name\":\"\u041c\u0435\u0434\u0436\u043b\u0456\u0441\",\"description\":\"\",\"publisher\":{\"@id\":\"https:\\\/\\\/qtmm.org\\\/qt\\\/#organization\"},\"potentialAction\":[{\"@type\":\"SearchAction\",\"target\":{\"@type\":\"EntryPoint\",\"urlTemplate\":\"https:\\\/\\\/qtmm.org\\\/qt\\\/?s={search_term_string}\"},\"query-input\":{\"@type\":\"PropertyValueSpecification\",\"valueRequired\":true,\"valueName\":\"search_term_string\"}}],\"inLanguage\":\"qt\"},{\"@type\":\"Organization\",\"@id\":\"https:\\\/\\\/qtmm.org\\\/qt\\\/#organization\",\"name\":\"\u041c\u0435\u0434\u0436\u043b\u0456\u0441\",\"url\":\"https:\\\/\\\/qtmm.org\\\/qt\\\/\",\"logo\":{\"@type\":\"ImageObject\",\"inLanguage\":\"qt\",\"@id\":\"https:\\\/\\\/qtmm.org\\\/qt\\\/#\\\/schema\\\/logo\\\/image\\\/\",\"url\":\"https:\\\/\\\/qtmm.org\\\/wp-content\\\/uploads\\\/2024\\\/12\\\/ua-mejlis-logo-rgb.svg\",\"contentUrl\":\"https:\\\/\\\/qtmm.org\\\/wp-content\\\/uploads\\\/2024\\\/12\\\/ua-mejlis-logo-rgb.svg\",\"caption\":\"\u041c\u0435\u0434\u0436\u043b\u0456\u0441\"},\"image\":{\"@id\":\"https:\\\/\\\/qtmm.org\\\/qt\\\/#\\\/schema\\\/logo\\\/image\\\/\"},\"sameAs\":[\"https:\\\/\\\/www.facebook.com\\\/qtmm.info\\\/\"]},{\"@type\":\"Person\",\"@id\":\"https:\\\/\\\/qtmm.org\\\/qt\\\/#\\\/schema\\\/person\\\/de562469f971dec226ac06e60bbf74a7\",\"name\":\"Developer\",\"image\":{\"@type\":\"ImageObject\",\"inLanguage\":\"qt\",\"@id\":\"https:\\\/\\\/secure.gravatar.com\\\/avatar\\\/392b4cc8fbfeb00b39dfeeab4ee6edded39ffd48e25858637e4765810300227e?s=96&d=mm&r=g\",\"url\":\"https:\\\/\\\/secure.gravatar.com\\\/avatar\\\/392b4cc8fbfeb00b39dfeeab4ee6edded39ffd48e25858637e4765810300227e?s=96&d=mm&r=g\",\"contentUrl\":\"https:\\\/\\\/secure.gravatar.com\\\/avatar\\\/392b4cc8fbfeb00b39dfeeab4ee6edded39ffd48e25858637e4765810300227e?s=96&d=mm&r=g\",\"caption\":\"Developer\"},\"url\":\"https:\\\/\\\/qtmm.org\\\/qt\\\/author\\\/Developer\\\/\"}]}<\/script>\n<!-- \/ Yoast SEO plugin. -->","yoast_head_json":{"title":"Aslan \u00d6mer Q\u0131r\u0131ml\u0131: Operatsion meselelerni \u00e7ezmek ve semereli faaliyet k\u00f6stermek maqsad\u0131nda idare i\u015f adamlar\u0131 dairelerinen s\u0131q\u0131 i\u015fbirlik quracaq - \u041c\u0435\u0434\u0436\u043b\u0456\u0441","robots":{"index":"index","follow":"follow","max-snippet":"max-snippet:-1","max-image-preview":"max-image-preview:large","max-video-preview":"max-video-preview:-1"},"canonical":"https:\/\/qtmm.org\/qt\/aslan-omer-qirimli-operatsion-meselelerni-cezmek-ve-semereli-faaliyet-kostermek-maqsadinda-idare-is-adamlari-dairelerinen-siqi-isbirlik-quracaq\/","og_locale":"en_US","og_type":"article","og_title":"Aslan \u00d6mer Q\u0131r\u0131ml\u0131: Operatsion meselelerni \u00e7ezmek ve semereli faaliyet k\u00f6stermek maqsad\u0131nda idare i\u015f adamlar\u0131 dairelerinen s\u0131q\u0131 i\u015fbirlik quracaq - \u041c\u0435\u0434\u0436\u043b\u0456\u0441","og_description":"2013 senesi dekabr 23 k\u00fcn\u00fc Meclisni\u00f1 T\u0131\u015fq\u0131 iqtisadiy al\u00e2qalar, yat\u0131r\u0131m ve milliy iqtisadiyat inki\u015faf\u0131 boyunca idaresini\u00f1 birinci topla\u015fuv\u0131 ol\u0131p ke\u00e7ti. Topla\u015fuv devam\u0131nda idareni\u00f1 te\u015fkiliy qurum\u0131 ve faaliyetini\u00f1 esas y\u00f6neli\u015fleri muzakere etildi. Meclis qarar\u0131 ile yolba\u015f\u00e7\u0131 olaraq tasdiqlan\u011fan Meclis reisini\u00f1 muavini Aslan \u00d6mer Q\u0131r\u0131ml\u0131 reberligindeki idare erk\u00e2n\u0131na Meclis azas\u0131 Remzi \u0130lyasov, Qurultay delegat\u0131 Server Abibullayev, Meclis [&hellip;]","og_url":"https:\/\/qtmm.org\/qt\/aslan-omer-qirimli-operatsion-meselelerni-cezmek-ve-semereli-faaliyet-kostermek-maqsadinda-idare-is-adamlari-dairelerinen-siqi-isbirlik-quracaq\/","og_site_name":"\u041c\u0435\u0434\u0436\u043b\u0456\u0441","article_publisher":"https:\/\/www.facebook.com\/qtmm.info\/","article_published_time":"2013-12-23T10:20:00+00:00","article_modified_time":"2022-01-27T10:21:24+00:00","og_image":[{"width":650,"height":319,"url":"https:\/\/qtmm.org\/wp-content\/uploads\/2022\/01\/zasedaniye.jpeg","type":"image\/jpeg"}],"author":"Developer","twitter_card":"summary_large_image","twitter_misc":{"Written by":"Developer","Est. reading time":"1 minute"},"schema":{"@context":"https:\/\/schema.org","@graph":[{"@type":"Article","@id":"https:\/\/qtmm.org\/qt\/aslan-omer-qirimli-operatsion-meselelerni-cezmek-ve-semereli-faaliyet-kostermek-maqsadinda-idare-is-adamlari-dairelerinen-siqi-isbirlik-quracaq\/#article","isPartOf":{"@id":"https:\/\/qtmm.org\/qt\/aslan-omer-qirimli-operatsion-meselelerni-cezmek-ve-semereli-faaliyet-kostermek-maqsadinda-idare-is-adamlari-dairelerinen-siqi-isbirlik-quracaq\/"},"author":{"name":"Developer","@id":"https:\/\/qtmm.org\/qt\/#\/schema\/person\/de562469f971dec226ac06e60bbf74a7"},"headline":"Aslan \u00d6mer Q\u0131r\u0131ml\u0131: Operatsion meselelerni \u00e7ezmek ve semereli faaliyet k\u00f6stermek maqsad\u0131nda idare i\u015f adamlar\u0131 dairelerinen s\u0131q\u0131 i\u015fbirlik quracaq","datePublished":"2013-12-23T10:20:00+00:00","dateModified":"2022-01-27T10:21:24+00:00","mainEntityOfPage":{"@id":"https:\/\/qtmm.org\/qt\/aslan-omer-qirimli-operatsion-meselelerni-cezmek-ve-semereli-faaliyet-kostermek-maqsadinda-idare-is-adamlari-dairelerinen-siqi-isbirlik-quracaq\/"},"wordCount":205,"commentCount":0,"publisher":{"@id":"https:\/\/qtmm.org\/qt\/#organization"},"image":{"@id":"https:\/\/qtmm.org\/qt\/aslan-omer-qirimli-operatsion-meselelerni-cezmek-ve-semereli-faaliyet-kostermek-maqsadinda-idare-is-adamlari-dairelerinen-siqi-isbirlik-quracaq\/#primaryimage"},"thumbnailUrl":"http:\/\/qtmm.org\/wp-content\/uploads\/2022\/01\/zasedaniye.jpeg","articleSection":["Haberler"],"inLanguage":"qt","potentialAction":[{"@type":"CommentAction","name":"Comment","target":["https:\/\/qtmm.org\/qt\/aslan-omer-qirimli-operatsion-meselelerni-cezmek-ve-semereli-faaliyet-kostermek-maqsadinda-idare-is-adamlari-dairelerinen-siqi-isbirlik-quracaq\/#respond"]}]},{"@type":"WebPage","@id":"https:\/\/qtmm.org\/qt\/aslan-omer-qirimli-operatsion-meselelerni-cezmek-ve-semereli-faaliyet-kostermek-maqsadinda-idare-is-adamlari-dairelerinen-siqi-isbirlik-quracaq\/","url":"https:\/\/qtmm.org\/qt\/aslan-omer-qirimli-operatsion-meselelerni-cezmek-ve-semereli-faaliyet-kostermek-maqsadinda-idare-is-adamlari-dairelerinen-siqi-isbirlik-quracaq\/","name":"Aslan \u00d6mer Q\u0131r\u0131ml\u0131: Operatsion meselelerni \u00e7ezmek ve semereli faaliyet k\u00f6stermek maqsad\u0131nda idare i\u015f adamlar\u0131 dairelerinen s\u0131q\u0131 i\u015fbirlik quracaq - \u041c\u0435\u0434\u0436\u043b\u0456\u0441","isPartOf":{"@id":"https:\/\/qtmm.org\/qt\/#website"},"primaryImageOfPage":{"@id":"https:\/\/qtmm.org\/qt\/aslan-omer-qirimli-operatsion-meselelerni-cezmek-ve-semereli-faaliyet-kostermek-maqsadinda-idare-is-adamlari-dairelerinen-siqi-isbirlik-quracaq\/#primaryimage"},"image":{"@id":"https:\/\/qtmm.org\/qt\/aslan-omer-qirimli-operatsion-meselelerni-cezmek-ve-semereli-faaliyet-kostermek-maqsadinda-idare-is-adamlari-dairelerinen-siqi-isbirlik-quracaq\/#primaryimage"},"thumbnailUrl":"http:\/\/qtmm.org\/wp-content\/uploads\/2022\/01\/zasedaniye.jpeg","datePublished":"2013-12-23T10:20:00+00:00","dateModified":"2022-01-27T10:21:24+00:00","breadcrumb":{"@id":"https:\/\/qtmm.org\/qt\/aslan-omer-qirimli-operatsion-meselelerni-cezmek-ve-semereli-faaliyet-kostermek-maqsadinda-idare-is-adamlari-dairelerinen-siqi-isbirlik-quracaq\/#breadcrumb"},"inLanguage":"qt","potentialAction":[{"@type":"ReadAction","target":["https:\/\/qtmm.org\/qt\/aslan-omer-qirimli-operatsion-meselelerni-cezmek-ve-semereli-faaliyet-kostermek-maqsadinda-idare-is-adamlari-dairelerinen-siqi-isbirlik-quracaq\/"]}]},{"@type":"ImageObject","inLanguage":"qt","@id":"https:\/\/qtmm.org\/qt\/aslan-omer-qirimli-operatsion-meselelerni-cezmek-ve-semereli-faaliyet-kostermek-maqsadinda-idare-is-adamlari-dairelerinen-siqi-isbirlik-quracaq\/#primaryimage","url":"http:\/\/qtmm.org\/wp-content\/uploads\/2022\/01\/zasedaniye.jpeg","contentUrl":"http:\/\/qtmm.org\/wp-content\/uploads\/2022\/01\/zasedaniye.jpeg"},{"@type":"BreadcrumbList","@id":"https:\/\/qtmm.org\/qt\/aslan-omer-qirimli-operatsion-meselelerni-cezmek-ve-semereli-faaliyet-kostermek-maqsadinda-idare-is-adamlari-dairelerinen-siqi-isbirlik-quracaq\/#breadcrumb","itemListElement":[{"@type":"ListItem","position":1,"name":"\u0413\u043e\u043b\u043e\u0432\u043d\u0430","item":"https:\/\/qtmm.org\/qt\/"},{"@type":"ListItem","position":2,"name":"Aslan \u00d6mer Q\u0131r\u0131ml\u0131: Operatsion meselelerni \u00e7ezmek ve semereli faaliyet k\u00f6stermek maqsad\u0131nda idare i\u015f adamlar\u0131 dairelerinen s\u0131q\u0131 i\u015fbirlik quracaq"}]},{"@type":"WebSite","@id":"https:\/\/qtmm.org\/qt\/#website","url":"https:\/\/qtmm.org\/qt\/","name":"\u041c\u0435\u0434\u0436\u043b\u0456\u0441","description":"","publisher":{"@id":"https:\/\/qtmm.org\/qt\/#organization"},"potentialAction":[{"@type":"SearchAction","target":{"@type":"EntryPoint","urlTemplate":"https:\/\/qtmm.org\/qt\/?s={search_term_string}"},"query-input":{"@type":"PropertyValueSpecification","valueRequired":true,"valueName":"search_term_string"}}],"inLanguage":"qt"},{"@type":"Organization","@id":"https:\/\/qtmm.org\/qt\/#organization","name":"\u041c\u0435\u0434\u0436\u043b\u0456\u0441","url":"https:\/\/qtmm.org\/qt\/","logo":{"@type":"ImageObject","inLanguage":"qt","@id":"https:\/\/qtmm.org\/qt\/#\/schema\/logo\/image\/","url":"https:\/\/qtmm.org\/wp-content\/uploads\/2024\/12\/ua-mejlis-logo-rgb.svg","contentUrl":"https:\/\/qtmm.org\/wp-content\/uploads\/2024\/12\/ua-mejlis-logo-rgb.svg","caption":"\u041c\u0435\u0434\u0436\u043b\u0456\u0441"},"image":{"@id":"https:\/\/qtmm.org\/qt\/#\/schema\/logo\/image\/"},"sameAs":["https:\/\/www.facebook.com\/qtmm.info\/"]},{"@type":"Person","@id":"https:\/\/qtmm.org\/qt\/#\/schema\/person\/de562469f971dec226ac06e60bbf74a7","name":"Developer","image":{"@type":"ImageObject","inLanguage":"qt","@id":"https:\/\/secure.gravatar.com\/avatar\/392b4cc8fbfeb00b39dfeeab4ee6edded39ffd48e25858637e4765810300227e?s=96&d=mm&r=g","url":"https:\/\/secure.gravatar.com\/avatar\/392b4cc8fbfeb00b39dfeeab4ee6edded39ffd48e25858637e4765810300227e?s=96&d=mm&r=g","contentUrl":"https:\/\/secure.gravatar.com\/avatar\/392b4cc8fbfeb00b39dfeeab4ee6edded39ffd48e25858637e4765810300227e?s=96&d=mm&r=g","caption":"Developer"},"url":"https:\/\/qtmm.org\/qt\/author\/Developer\/"}]}},"_links":{"self":[{"href":"https:\/\/qtmm.org\/qt\/wp-json\/wp\/v2\/posts\/42007","targetHints":{"allow":["GET"]}}],"collection":[{"href":"https:\/\/qtmm.org\/qt\/wp-json\/wp\/v2\/posts"}],"about":[{"href":"https:\/\/qtmm.org\/qt\/wp-json\/wp\/v2\/types\/post"}],"author":[{"embeddable":true,"href":"https:\/\/qtmm.org\/qt\/wp-json\/wp\/v2\/users\/1"}],"replies":[{"embeddable":true,"href":"https:\/\/qtmm.org\/qt\/wp-json\/wp\/v2\/comments?post=42007"}],"version-history":[{"count":1,"href":"https:\/\/qtmm.org\/qt\/wp-json\/wp\/v2\/posts\/42007\/revisions"}],"predecessor-version":[{"id":42012,"href":"https:\/\/qtmm.org\/qt\/wp-json\/wp\/v2\/posts\/42007\/revisions\/42012"}],"wp:attachment":[{"href":"https:\/\/qtmm.org\/qt\/wp-json\/wp\/v2\/media?parent=42007"}],"wp:term":[{"taxonomy":"category","embeddable":true,"href":"https:\/\/qtmm.org\/qt\/wp-json\/wp\/v2\/categories?post=42007"},{"taxonomy":"post_tag","embeddable":true,"href":"https:\/\/qtmm.org\/qt\/wp-json\/wp\/v2\/tags?post=42007"}],"curies":[{"name":"wp","href":"https:\/\/api.w.org\/{rel}","templated":true}]}}