




{"id":41949,"date":"2013-12-23T12:48:00","date_gmt":"2013-12-23T09:48:00","guid":{"rendered":"http:\/\/qtmm.org\/?p=41949"},"modified":"2022-01-27T12:51:42","modified_gmt":"2022-01-27T09:51:42","slug":"zaur-smirnov-bizim-vazifemiz-faaliyetimiznin-semeresini-kotermek-isimizge-ise-halq-qiymet-keser","status":"publish","type":"post","link":"https:\/\/qtmm.org\/qt\/zaur-smirnov-bizim-vazifemiz-faaliyetimiznin-semeresini-kotermek-isimizge-ise-halq-qiymet-keser\/","title":{"rendered":"Zaur Smirnov: Bizim vazifemiz faaliyetimizni\u00f1 semeresini k\u00f6termek, i\u015fimizge ise halq q\u0131ymet keser"},"content":{"rendered":"\n<p>Dekabr 22 k\u00fcn\u00fc Meclis yolba\u015f\u00e7\u0131lar\u0131 ve idare reberlerini\u00f1 Sudaq region\u0131ndan saylan\u011fan Qurultay delegatlar\u0131, yerli milliy idare organlar\u0131 reberleri, yerli \u015furalarn\u0131\u00f1 deputatlar\u0131 ve musulman cemiyetlerini\u00f1 reislerinen topla\u015fuv\u0131 ol\u0131p ke\u00e7ti.<\/p>\n\n\n\n<p>Topla\u015fuvda Meclis yolba\u015f\u00e7\u0131lar\u0131 ve idare reberleri Zaur Smirnov, Ayder Acimambetov, Seydamet Ya\u011fyayev, Emine Avamileva, Meclis reisini\u00f1 muavini Ahtem \u00c7iygoz, Meclis azalar\u0131 Dinara Seytgaziyeva, \u015eevket Kaybulayev, G\u00fclnara Bekirova, Qurultay Tefti\u015f komissiyas\u0131n\u0131\u00f1 reisi Ali \u00d6zenba\u015f, Alu\u015fta regional meclis reisi Enver Arpatl\u0131, Sudaq regional meclis reisi \u0130lver Ametov ve Sudaq \u015feer \u015furas\u0131 milletlerara munasebetler b\u00f6l\u00fcgini\u00f1 ba\u015f\u0131 Ruslan Emiraliyev i\u015ftirak ettiler.<\/p>\n\n\n\n<figure class=\"wp-block-image size-full\"><img loading=\"lazy\" decoding=\"async\" width=\"650\" height=\"332\" src=\"http:\/\/qtmm.org\/wp-content\/uploads\/2022\/01\/img_1402.jpeg\" alt=\"\" class=\"wp-image-41954\" srcset=\"https:\/\/qtmm.org\/wp-content\/uploads\/2022\/01\/img_1402.jpeg 650w, https:\/\/qtmm.org\/wp-content\/uploads\/2022\/01\/img_1402-300x153.jpeg 300w\" sizes=\"auto, (max-width: 650px) 100vw, 650px\" \/><\/figure>\n\n\n\n<p>Topla\u015fuvn\u0131\u00f1 ba\u015f\u0131nda Meclis reisi Refat \u00c7ubarov topla\u015fuv i\u015ftirak\u00e7ileri &#8211; milliy idare organlar\u0131 reisleri ve azalar\u0131na h\u0131tap eterek, qayd etti ki i\u015fke mes\u00fclietli yana\u015fmadan ve daimiy al\u00e2qa qurmadan semereli faaliyet k\u00f6stermekni\u00f1 imk\u00e2n\u0131 yoqt\u0131r. &#8220;Er bir yerli meclis q\u0131r\u0131mtatar milliy qurum\u0131n\u0131\u00f1 temeli ve terkibiy q\u0131sm\u0131d\u0131r&#8221;, dedi R. \u00c7ubarov.<\/p>\n\n\n\n<figure class=\"wp-block-image size-full\"><img loading=\"lazy\" decoding=\"async\" width=\"650\" height=\"418\" src=\"http:\/\/qtmm.org\/wp-content\/uploads\/2022\/01\/img_1405.jpeg\" alt=\"\" class=\"wp-image-41958\" srcset=\"https:\/\/qtmm.org\/wp-content\/uploads\/2022\/01\/img_1405.jpeg 650w, https:\/\/qtmm.org\/wp-content\/uploads\/2022\/01\/img_1405-300x193.jpeg 300w\" sizes=\"auto, (max-width: 650px) 100vw, 650px\" \/><\/figure>\n\n\n\n<p>Meclis yolba\u015f\u00e7\u0131lar\u0131 ve idare reberlerini taqdim eterek Refat \u00c7ubarov Sudaq regional meclis reisi \u0130lver Ametov\u011fa Meclisni\u00f1 er bir b\u00f6l\u00fcginen ba\u011f qurmaq i\u00e7\u00fcn mes\u00fclietli \u015fah\u0131slarn\u0131 tayinlemekni tevsiye etti. Topla\u015fuvda Meclis idare ve h\u0131zmetleri i\u015fini\u00f1 hususiyetleri qayd etilip, bulardan baz\u0131lar\u0131 vek\u00e2letli organda birinci kere qurul\u011fan\u0131 da ayt\u0131ld\u0131.<\/p>\n\n\n\n<figure class=\"wp-block-image size-full\"><img loading=\"lazy\" decoding=\"async\" width=\"656\" height=\"416\" src=\"http:\/\/qtmm.org\/wp-content\/uploads\/2022\/01\/img_1412.jpeg\" alt=\"\" class=\"wp-image-41962\" srcset=\"https:\/\/qtmm.org\/wp-content\/uploads\/2022\/01\/img_1412.jpeg 656w, https:\/\/qtmm.org\/wp-content\/uploads\/2022\/01\/img_1412-300x190.jpeg 300w\" sizes=\"auto, (max-width: 656px) 100vw, 656px\" \/><\/figure>\n\n\n\n<p>Meclis reisini\u00f1 muavini, \u0130dare reberi Zaur Smirnov yerli meclisler \u00f6z i\u015fine mes\u00fclietli yana\u015fmalar\u0131 kerekligini qayd etip: &#8220;Bizim vazifemiz faaliyetimizni\u00f1 semeresini k\u00f6termek, i\u015fimizge ise halq q\u0131ymet keser&#8221;, dedi.<\/p>\n\n\n\n<figure class=\"wp-block-image size-full\"><img loading=\"lazy\" decoding=\"async\" width=\"650\" height=\"357\" src=\"http:\/\/qtmm.org\/wp-content\/uploads\/2022\/01\/img_1433.jpeg\" alt=\"\" class=\"wp-image-41966\" srcset=\"https:\/\/qtmm.org\/wp-content\/uploads\/2022\/01\/img_1433.jpeg 650w, https:\/\/qtmm.org\/wp-content\/uploads\/2022\/01\/img_1433-300x165.jpeg 300w\" sizes=\"auto, (max-width: 650px) 100vw, 650px\" \/><\/figure>\n\n\n\n<p>&#8220;Q\u0131r\u0131mn\u0131\u00f1 regionlar\u0131nda meclislerni\u00f1 faaliyetini aktivle\u015ftir\u00fcv boyunca teklifleri\u00f1izni bekleymiz. &#8211; dedi Meclis reisini\u00f1 muavini Ahtem \u00c7iygoz ve topla\u015fuv i\u015ftirak\u00e7ilerini\u00f1 diqqat\u0131n\u0131 Meclis endi dekabr 10 k\u00fcn\u00fc q\u0131r\u0131mtatar halq\u0131 s\u00fcrg\u00fcnligini\u00f1 70 y\u0131ll\u0131\u011f\u0131na ba\u011f\u0131\u015flan\u011fan umumq\u0131r\u0131m siyasiy-i\u00e7timaiy tedbirlerni ba\u015fla\u011fan\u0131 aqq\u0131nda il\u00e2n etkenini bildirdi.<\/p>\n\n\n\n<p>Bundan da \u011fayr\u0131 Meclis idarelerini\u00f1 reberleri regional ve yerli meclislerge semetde\u015fler \u00f6g\u00fcnde esabat bermek \u015fekillerini k\u00f6zde tutmaq, \u00f6z topla\u015fuvlar\u0131na yerli akimiyet vekillerini de davet etmekni tevsiye ettiler. \u00c7\u00fcnki bu bir \u00e7oq meselelerni\u00f1 m\u00fcsbet \u00e7ezimini teminler.<\/p>\n\n\n\n<figure class=\"wp-block-image size-full\"><img loading=\"lazy\" decoding=\"async\" width=\"650\" height=\"399\" src=\"http:\/\/qtmm.org\/wp-content\/uploads\/2022\/01\/img_1444.jpeg\" alt=\"\" class=\"wp-image-41970\" srcset=\"https:\/\/qtmm.org\/wp-content\/uploads\/2022\/01\/img_1444.jpeg 650w, https:\/\/qtmm.org\/wp-content\/uploads\/2022\/01\/img_1444-300x184.jpeg 300w\" sizes=\"auto, (max-width: 650px) 100vw, 650px\" \/><\/figure>\n\n\n\n<p>\u00d6z taraf\u0131ndan Sudaq regional meclis reisi \u0130lver Ametov k\u00fcndelik i\u015fni m\u00fckemmelle\u015ftir\u00fcvde bu topla\u015fuvn\u0131\u00f1 b\u00fcy\u00fck faydas\u0131n\u0131 qayd eterek, regional meclis yerlerde pek faal \u00e7al\u0131\u015fqan\u0131n\u0131 da s\u00f6yledi. C\u00fcmleden, Ayserez yerli meclisni\u00f1 reisi Zarema Emiraliyeva 1944 senesi may\u0131s 19 qurbanlar\u0131 hat\u0131ras\u0131na k\u00f6yde hat\u0131ra ta\u015f\u0131 qoymaq aqq\u0131nda k\u00f6y \u015furas\u0131na ariza bergen. &#8220;Birlikteki areketlerimiz sayesinde Toqluq k\u00f6y\u00fcnde cami qurd\u0131q, Taraqta\u015ftaki camini tamir ettik, &#8211; dedi \u0130lver Ametov.<\/p>\n\n\n\n<p><strong>Hat\u0131rlatam\u0131z ki<\/strong>,\u00a0<em>nevbetteki keni\u015fletilgen topla\u015fuv dekabr 26 k\u00fcn\u00fc Aqyarda \u00f6tkerilecek.<\/em><\/p>\n\n\n\n<figure class=\"wp-block-image size-full\"><img loading=\"lazy\" decoding=\"async\" width=\"650\" height=\"358\" src=\"http:\/\/qtmm.org\/wp-content\/uploads\/2022\/01\/img_1417.jpeg\" alt=\"\" class=\"wp-image-41974\" srcset=\"https:\/\/qtmm.org\/wp-content\/uploads\/2022\/01\/img_1417.jpeg 650w, https:\/\/qtmm.org\/wp-content\/uploads\/2022\/01\/img_1417-300x165.jpeg 300w\" sizes=\"auto, (max-width: 650px) 100vw, 650px\" \/><\/figure>\n\n\n\n<figure class=\"wp-block-image size-full\"><img loading=\"lazy\" decoding=\"async\" width=\"650\" height=\"335\" src=\"http:\/\/qtmm.org\/wp-content\/uploads\/2022\/01\/img_1424.jpeg\" alt=\"\" class=\"wp-image-41978\" srcset=\"https:\/\/qtmm.org\/wp-content\/uploads\/2022\/01\/img_1424.jpeg 650w, https:\/\/qtmm.org\/wp-content\/uploads\/2022\/01\/img_1424-300x155.jpeg 300w\" sizes=\"auto, (max-width: 650px) 100vw, 650px\" \/><\/figure>\n\n\n\n<figure class=\"wp-block-image size-full\"><img loading=\"lazy\" decoding=\"async\" width=\"650\" height=\"473\" src=\"http:\/\/qtmm.org\/wp-content\/uploads\/2022\/01\/img_1430.jpeg\" alt=\"\" class=\"wp-image-41982\" srcset=\"https:\/\/qtmm.org\/wp-content\/uploads\/2022\/01\/img_1430.jpeg 650w, https:\/\/qtmm.org\/wp-content\/uploads\/2022\/01\/img_1430-300x218.jpeg 300w\" sizes=\"auto, (max-width: 650px) 100vw, 650px\" \/><\/figure>\n\n\n\n<figure class=\"wp-block-image size-full\"><img loading=\"lazy\" decoding=\"async\" width=\"650\" height=\"339\" src=\"http:\/\/qtmm.org\/wp-content\/uploads\/2022\/01\/img_1431.jpeg\" alt=\"\" class=\"wp-image-41986\" srcset=\"https:\/\/qtmm.org\/wp-content\/uploads\/2022\/01\/img_1431.jpeg 650w, https:\/\/qtmm.org\/wp-content\/uploads\/2022\/01\/img_1431-300x156.jpeg 300w\" sizes=\"auto, (max-width: 650px) 100vw, 650px\" \/><\/figure>\n\n\n\n<figure class=\"wp-block-image size-full\"><img loading=\"lazy\" decoding=\"async\" width=\"650\" height=\"336\" src=\"http:\/\/qtmm.org\/wp-content\/uploads\/2022\/01\/img_1465.jpeg\" alt=\"\" class=\"wp-image-41990\" srcset=\"https:\/\/qtmm.org\/wp-content\/uploads\/2022\/01\/img_1465.jpeg 650w, https:\/\/qtmm.org\/wp-content\/uploads\/2022\/01\/img_1465-300x155.jpeg 300w\" sizes=\"auto, (max-width: 650px) 100vw, 650px\" \/><\/figure>\n\n\n\n<figure class=\"wp-block-image size-full\"><img loading=\"lazy\" decoding=\"async\" width=\"650\" height=\"377\" src=\"http:\/\/qtmm.org\/wp-content\/uploads\/2022\/01\/img_1447.jpeg\" alt=\"\" class=\"wp-image-41994\" srcset=\"https:\/\/qtmm.org\/wp-content\/uploads\/2022\/01\/img_1447.jpeg 650w, https:\/\/qtmm.org\/wp-content\/uploads\/2022\/01\/img_1447-300x174.jpeg 300w\" sizes=\"auto, (max-width: 650px) 100vw, 650px\" \/><\/figure>\n\n\n\n<figure class=\"wp-block-image size-full\"><img loading=\"lazy\" decoding=\"async\" width=\"650\" height=\"324\" src=\"http:\/\/qtmm.org\/wp-content\/uploads\/2022\/01\/img_1453.jpeg\" alt=\"\" class=\"wp-image-41998\" srcset=\"https:\/\/qtmm.org\/wp-content\/uploads\/2022\/01\/img_1453.jpeg 650w, https:\/\/qtmm.org\/wp-content\/uploads\/2022\/01\/img_1453-300x150.jpeg 300w\" sizes=\"auto, (max-width: 650px) 100vw, 650px\" \/><\/figure>\n\n\n\n<figure class=\"wp-block-image size-full\"><img loading=\"lazy\" decoding=\"async\" width=\"650\" height=\"378\" src=\"http:\/\/qtmm.org\/wp-content\/uploads\/2022\/01\/img_1459.jpeg\" alt=\"\" class=\"wp-image-42002\" srcset=\"https:\/\/qtmm.org\/wp-content\/uploads\/2022\/01\/img_1459.jpeg 650w, https:\/\/qtmm.org\/wp-content\/uploads\/2022\/01\/img_1459-300x174.jpeg 300w\" sizes=\"auto, (max-width: 650px) 100vw, 650px\" \/><\/figure>\n","protected":false},"excerpt":{"rendered":"<p>Dekabr 22 k\u00fcn\u00fc Meclis yolba\u015f\u00e7\u0131lar\u0131 ve idare reberlerini\u00f1 Sudaq region\u0131ndan saylan\u011fan Qurultay delegatlar\u0131, yerli milliy idare organlar\u0131 reberleri, yerli \u015furalarn\u0131\u00f1 deputatlar\u0131 ve musulman cemiyetlerini\u00f1 reislerinen topla\u015fuv\u0131 ol\u0131p ke\u00e7ti. Topla\u015fuvda Meclis yolba\u015f\u00e7\u0131lar\u0131 ve idare reberleri Zaur Smirnov, Ayder Acimambetov, Seydamet Ya\u011fyayev, Emine Avamileva, Meclis reisini\u00f1 muavini Ahtem \u00c7iygoz, Meclis azalar\u0131 Dinara Seytgaziyeva, \u015eevket Kaybulayev, G\u00fclnara Bekirova, [&hellip;]<\/p>\n","protected":false},"author":1,"featured_media":41950,"comment_status":"open","ping_status":"open","sticky":false,"template":"","format":"standard","meta":{"inline_featured_image":false,"footnotes":""},"categories":[265],"tags":[],"class_list":["post-41949","post","type-post","status-publish","format-standard","has-post-thumbnail","hentry","category-haberler"],"acf":[],"yoast_head":"<!-- This site is optimized with the Yoast SEO plugin v27.4 - https:\/\/yoast.com\/product\/yoast-seo-wordpress\/ -->\n<title>Zaur Smirnov: Bizim vazifemiz faaliyetimizni\u00f1 semeresini k\u00f6termek, i\u015fimizge ise halq q\u0131ymet keser - \u041c\u0435\u0434\u0436\u043b\u0456\u0441<\/title>\n<meta name=\"robots\" content=\"index, follow, max-snippet:-1, max-image-preview:large, max-video-preview:-1\" \/>\n<link rel=\"canonical\" href=\"https:\/\/qtmm.org\/qt\/zaur-smirnov-bizim-vazifemiz-faaliyetimiznin-semeresini-kotermek-isimizge-ise-halq-qiymet-keser\/\" \/>\n<meta property=\"og:locale\" content=\"en_US\" \/>\n<meta property=\"og:type\" content=\"article\" \/>\n<meta property=\"og:title\" content=\"Zaur Smirnov: Bizim vazifemiz faaliyetimizni\u00f1 semeresini k\u00f6termek, i\u015fimizge ise halq q\u0131ymet keser - \u041c\u0435\u0434\u0436\u043b\u0456\u0441\" \/>\n<meta property=\"og:description\" content=\"Dekabr 22 k\u00fcn\u00fc Meclis yolba\u015f\u00e7\u0131lar\u0131 ve idare reberlerini\u00f1 Sudaq region\u0131ndan saylan\u011fan Qurultay delegatlar\u0131, yerli milliy idare organlar\u0131 reberleri, yerli \u015furalarn\u0131\u00f1 deputatlar\u0131 ve musulman cemiyetlerini\u00f1 reislerinen topla\u015fuv\u0131 ol\u0131p ke\u00e7ti. Topla\u015fuvda Meclis yolba\u015f\u00e7\u0131lar\u0131 ve idare reberleri Zaur Smirnov, Ayder Acimambetov, Seydamet Ya\u011fyayev, Emine Avamileva, Meclis reisini\u00f1 muavini Ahtem \u00c7iygoz, Meclis azalar\u0131 Dinara Seytgaziyeva, \u015eevket Kaybulayev, G\u00fclnara Bekirova, [&hellip;]\" \/>\n<meta property=\"og:url\" content=\"https:\/\/qtmm.org\/qt\/zaur-smirnov-bizim-vazifemiz-faaliyetimiznin-semeresini-kotermek-isimizge-ise-halq-qiymet-keser\/\" \/>\n<meta property=\"og:site_name\" content=\"\u041c\u0435\u0434\u0436\u043b\u0456\u0441\" \/>\n<meta property=\"article:publisher\" content=\"https:\/\/www.facebook.com\/qtmm.info\/\" \/>\n<meta property=\"article:published_time\" content=\"2013-12-23T09:48:00+00:00\" \/>\n<meta property=\"article:modified_time\" content=\"2022-01-27T09:51:42+00:00\" \/>\n<meta property=\"og:image\" content=\"https:\/\/qtmm.org\/wp-content\/uploads\/2022\/01\/img_1398.jpeg\" \/>\n\t<meta property=\"og:image:width\" content=\"650\" \/>\n\t<meta property=\"og:image:height\" content=\"365\" \/>\n\t<meta property=\"og:image:type\" content=\"image\/jpeg\" \/>\n<meta name=\"author\" content=\"Developer\" \/>\n<meta name=\"twitter:card\" content=\"summary_large_image\" \/>\n<meta name=\"twitter:label1\" content=\"Written by\" \/>\n\t<meta name=\"twitter:data1\" content=\"Developer\" \/>\n\t<meta name=\"twitter:label2\" content=\"Est. reading time\" \/>\n\t<meta name=\"twitter:data2\" content=\"2 minutes\" \/>\n<script type=\"application\/ld+json\" class=\"yoast-schema-graph\">{\"@context\":\"https:\\\/\\\/schema.org\",\"@graph\":[{\"@type\":\"Article\",\"@id\":\"https:\\\/\\\/qtmm.org\\\/qt\\\/zaur-smirnov-bizim-vazifemiz-faaliyetimiznin-semeresini-kotermek-isimizge-ise-halq-qiymet-keser\\\/#article\",\"isPartOf\":{\"@id\":\"https:\\\/\\\/qtmm.org\\\/qt\\\/zaur-smirnov-bizim-vazifemiz-faaliyetimiznin-semeresini-kotermek-isimizge-ise-halq-qiymet-keser\\\/\"},\"author\":{\"name\":\"Developer\",\"@id\":\"https:\\\/\\\/qtmm.org\\\/qt\\\/#\\\/schema\\\/person\\\/de562469f971dec226ac06e60bbf74a7\"},\"headline\":\"Zaur Smirnov: Bizim vazifemiz faaliyetimizni\u00f1 semeresini k\u00f6termek, i\u015fimizge ise halq q\u0131ymet keser\",\"datePublished\":\"2013-12-23T09:48:00+00:00\",\"dateModified\":\"2022-01-27T09:51:42+00:00\",\"mainEntityOfPage\":{\"@id\":\"https:\\\/\\\/qtmm.org\\\/qt\\\/zaur-smirnov-bizim-vazifemiz-faaliyetimiznin-semeresini-kotermek-isimizge-ise-halq-qiymet-keser\\\/\"},\"wordCount\":476,\"commentCount\":0,\"publisher\":{\"@id\":\"https:\\\/\\\/qtmm.org\\\/qt\\\/#organization\"},\"image\":{\"@id\":\"https:\\\/\\\/qtmm.org\\\/qt\\\/zaur-smirnov-bizim-vazifemiz-faaliyetimiznin-semeresini-kotermek-isimizge-ise-halq-qiymet-keser\\\/#primaryimage\"},\"thumbnailUrl\":\"https:\\\/\\\/qtmm.org\\\/wp-content\\\/uploads\\\/2022\\\/01\\\/img_1398.jpeg\",\"articleSection\":[\"Haberler\"],\"inLanguage\":\"qt\",\"potentialAction\":[{\"@type\":\"CommentAction\",\"name\":\"Comment\",\"target\":[\"https:\\\/\\\/qtmm.org\\\/qt\\\/zaur-smirnov-bizim-vazifemiz-faaliyetimiznin-semeresini-kotermek-isimizge-ise-halq-qiymet-keser\\\/#respond\"]}]},{\"@type\":\"WebPage\",\"@id\":\"https:\\\/\\\/qtmm.org\\\/qt\\\/zaur-smirnov-bizim-vazifemiz-faaliyetimiznin-semeresini-kotermek-isimizge-ise-halq-qiymet-keser\\\/\",\"url\":\"https:\\\/\\\/qtmm.org\\\/qt\\\/zaur-smirnov-bizim-vazifemiz-faaliyetimiznin-semeresini-kotermek-isimizge-ise-halq-qiymet-keser\\\/\",\"name\":\"Zaur Smirnov: Bizim vazifemiz faaliyetimizni\u00f1 semeresini k\u00f6termek, i\u015fimizge ise halq q\u0131ymet keser - \u041c\u0435\u0434\u0436\u043b\u0456\u0441\",\"isPartOf\":{\"@id\":\"https:\\\/\\\/qtmm.org\\\/qt\\\/#website\"},\"primaryImageOfPage\":{\"@id\":\"https:\\\/\\\/qtmm.org\\\/qt\\\/zaur-smirnov-bizim-vazifemiz-faaliyetimiznin-semeresini-kotermek-isimizge-ise-halq-qiymet-keser\\\/#primaryimage\"},\"image\":{\"@id\":\"https:\\\/\\\/qtmm.org\\\/qt\\\/zaur-smirnov-bizim-vazifemiz-faaliyetimiznin-semeresini-kotermek-isimizge-ise-halq-qiymet-keser\\\/#primaryimage\"},\"thumbnailUrl\":\"https:\\\/\\\/qtmm.org\\\/wp-content\\\/uploads\\\/2022\\\/01\\\/img_1398.jpeg\",\"datePublished\":\"2013-12-23T09:48:00+00:00\",\"dateModified\":\"2022-01-27T09:51:42+00:00\",\"breadcrumb\":{\"@id\":\"https:\\\/\\\/qtmm.org\\\/qt\\\/zaur-smirnov-bizim-vazifemiz-faaliyetimiznin-semeresini-kotermek-isimizge-ise-halq-qiymet-keser\\\/#breadcrumb\"},\"inLanguage\":\"qt\",\"potentialAction\":[{\"@type\":\"ReadAction\",\"target\":[\"https:\\\/\\\/qtmm.org\\\/qt\\\/zaur-smirnov-bizim-vazifemiz-faaliyetimiznin-semeresini-kotermek-isimizge-ise-halq-qiymet-keser\\\/\"]}]},{\"@type\":\"ImageObject\",\"inLanguage\":\"qt\",\"@id\":\"https:\\\/\\\/qtmm.org\\\/qt\\\/zaur-smirnov-bizim-vazifemiz-faaliyetimiznin-semeresini-kotermek-isimizge-ise-halq-qiymet-keser\\\/#primaryimage\",\"url\":\"https:\\\/\\\/qtmm.org\\\/wp-content\\\/uploads\\\/2022\\\/01\\\/img_1398.jpeg\",\"contentUrl\":\"https:\\\/\\\/qtmm.org\\\/wp-content\\\/uploads\\\/2022\\\/01\\\/img_1398.jpeg\",\"width\":650,\"height\":365},{\"@type\":\"BreadcrumbList\",\"@id\":\"https:\\\/\\\/qtmm.org\\\/qt\\\/zaur-smirnov-bizim-vazifemiz-faaliyetimiznin-semeresini-kotermek-isimizge-ise-halq-qiymet-keser\\\/#breadcrumb\",\"itemListElement\":[{\"@type\":\"ListItem\",\"position\":1,\"name\":\"\u0413\u043e\u043b\u043e\u0432\u043d\u0430\",\"item\":\"https:\\\/\\\/qtmm.org\\\/qt\\\/\"},{\"@type\":\"ListItem\",\"position\":2,\"name\":\"Zaur Smirnov: Bizim vazifemiz faaliyetimizni\u00f1 semeresini k\u00f6termek, i\u015fimizge ise halq q\u0131ymet keser\"}]},{\"@type\":\"WebSite\",\"@id\":\"https:\\\/\\\/qtmm.org\\\/qt\\\/#website\",\"url\":\"https:\\\/\\\/qtmm.org\\\/qt\\\/\",\"name\":\"\u041c\u0435\u0434\u0436\u043b\u0456\u0441\",\"description\":\"\",\"publisher\":{\"@id\":\"https:\\\/\\\/qtmm.org\\\/qt\\\/#organization\"},\"potentialAction\":[{\"@type\":\"SearchAction\",\"target\":{\"@type\":\"EntryPoint\",\"urlTemplate\":\"https:\\\/\\\/qtmm.org\\\/qt\\\/?s={search_term_string}\"},\"query-input\":{\"@type\":\"PropertyValueSpecification\",\"valueRequired\":true,\"valueName\":\"search_term_string\"}}],\"inLanguage\":\"qt\"},{\"@type\":\"Organization\",\"@id\":\"https:\\\/\\\/qtmm.org\\\/qt\\\/#organization\",\"name\":\"\u041c\u0435\u0434\u0436\u043b\u0456\u0441\",\"url\":\"https:\\\/\\\/qtmm.org\\\/qt\\\/\",\"logo\":{\"@type\":\"ImageObject\",\"inLanguage\":\"qt\",\"@id\":\"https:\\\/\\\/qtmm.org\\\/qt\\\/#\\\/schema\\\/logo\\\/image\\\/\",\"url\":\"https:\\\/\\\/qtmm.org\\\/wp-content\\\/uploads\\\/2024\\\/12\\\/ua-mejlis-logo-rgb.svg\",\"contentUrl\":\"https:\\\/\\\/qtmm.org\\\/wp-content\\\/uploads\\\/2024\\\/12\\\/ua-mejlis-logo-rgb.svg\",\"caption\":\"\u041c\u0435\u0434\u0436\u043b\u0456\u0441\"},\"image\":{\"@id\":\"https:\\\/\\\/qtmm.org\\\/qt\\\/#\\\/schema\\\/logo\\\/image\\\/\"},\"sameAs\":[\"https:\\\/\\\/www.facebook.com\\\/qtmm.info\\\/\"]},{\"@type\":\"Person\",\"@id\":\"https:\\\/\\\/qtmm.org\\\/qt\\\/#\\\/schema\\\/person\\\/de562469f971dec226ac06e60bbf74a7\",\"name\":\"Developer\",\"image\":{\"@type\":\"ImageObject\",\"inLanguage\":\"qt\",\"@id\":\"https:\\\/\\\/secure.gravatar.com\\\/avatar\\\/392b4cc8fbfeb00b39dfeeab4ee6edded39ffd48e25858637e4765810300227e?s=96&d=mm&r=g\",\"url\":\"https:\\\/\\\/secure.gravatar.com\\\/avatar\\\/392b4cc8fbfeb00b39dfeeab4ee6edded39ffd48e25858637e4765810300227e?s=96&d=mm&r=g\",\"contentUrl\":\"https:\\\/\\\/secure.gravatar.com\\\/avatar\\\/392b4cc8fbfeb00b39dfeeab4ee6edded39ffd48e25858637e4765810300227e?s=96&d=mm&r=g\",\"caption\":\"Developer\"},\"url\":\"https:\\\/\\\/qtmm.org\\\/qt\\\/author\\\/Developer\\\/\"}]}<\/script>\n<!-- \/ Yoast SEO plugin. -->","yoast_head_json":{"title":"Zaur Smirnov: Bizim vazifemiz faaliyetimizni\u00f1 semeresini k\u00f6termek, i\u015fimizge ise halq q\u0131ymet keser - \u041c\u0435\u0434\u0436\u043b\u0456\u0441","robots":{"index":"index","follow":"follow","max-snippet":"max-snippet:-1","max-image-preview":"max-image-preview:large","max-video-preview":"max-video-preview:-1"},"canonical":"https:\/\/qtmm.org\/qt\/zaur-smirnov-bizim-vazifemiz-faaliyetimiznin-semeresini-kotermek-isimizge-ise-halq-qiymet-keser\/","og_locale":"en_US","og_type":"article","og_title":"Zaur Smirnov: Bizim vazifemiz faaliyetimizni\u00f1 semeresini k\u00f6termek, i\u015fimizge ise halq q\u0131ymet keser - \u041c\u0435\u0434\u0436\u043b\u0456\u0441","og_description":"Dekabr 22 k\u00fcn\u00fc Meclis yolba\u015f\u00e7\u0131lar\u0131 ve idare reberlerini\u00f1 Sudaq region\u0131ndan saylan\u011fan Qurultay delegatlar\u0131, yerli milliy idare organlar\u0131 reberleri, yerli \u015furalarn\u0131\u00f1 deputatlar\u0131 ve musulman cemiyetlerini\u00f1 reislerinen topla\u015fuv\u0131 ol\u0131p ke\u00e7ti. Topla\u015fuvda Meclis yolba\u015f\u00e7\u0131lar\u0131 ve idare reberleri Zaur Smirnov, Ayder Acimambetov, Seydamet Ya\u011fyayev, Emine Avamileva, Meclis reisini\u00f1 muavini Ahtem \u00c7iygoz, Meclis azalar\u0131 Dinara Seytgaziyeva, \u015eevket Kaybulayev, G\u00fclnara Bekirova, [&hellip;]","og_url":"https:\/\/qtmm.org\/qt\/zaur-smirnov-bizim-vazifemiz-faaliyetimiznin-semeresini-kotermek-isimizge-ise-halq-qiymet-keser\/","og_site_name":"\u041c\u0435\u0434\u0436\u043b\u0456\u0441","article_publisher":"https:\/\/www.facebook.com\/qtmm.info\/","article_published_time":"2013-12-23T09:48:00+00:00","article_modified_time":"2022-01-27T09:51:42+00:00","og_image":[{"width":650,"height":365,"url":"https:\/\/qtmm.org\/wp-content\/uploads\/2022\/01\/img_1398.jpeg","type":"image\/jpeg"}],"author":"Developer","twitter_card":"summary_large_image","twitter_misc":{"Written by":"Developer","Est. reading time":"2 minutes"},"schema":{"@context":"https:\/\/schema.org","@graph":[{"@type":"Article","@id":"https:\/\/qtmm.org\/qt\/zaur-smirnov-bizim-vazifemiz-faaliyetimiznin-semeresini-kotermek-isimizge-ise-halq-qiymet-keser\/#article","isPartOf":{"@id":"https:\/\/qtmm.org\/qt\/zaur-smirnov-bizim-vazifemiz-faaliyetimiznin-semeresini-kotermek-isimizge-ise-halq-qiymet-keser\/"},"author":{"name":"Developer","@id":"https:\/\/qtmm.org\/qt\/#\/schema\/person\/de562469f971dec226ac06e60bbf74a7"},"headline":"Zaur Smirnov: Bizim vazifemiz faaliyetimizni\u00f1 semeresini k\u00f6termek, i\u015fimizge ise halq q\u0131ymet keser","datePublished":"2013-12-23T09:48:00+00:00","dateModified":"2022-01-27T09:51:42+00:00","mainEntityOfPage":{"@id":"https:\/\/qtmm.org\/qt\/zaur-smirnov-bizim-vazifemiz-faaliyetimiznin-semeresini-kotermek-isimizge-ise-halq-qiymet-keser\/"},"wordCount":476,"commentCount":0,"publisher":{"@id":"https:\/\/qtmm.org\/qt\/#organization"},"image":{"@id":"https:\/\/qtmm.org\/qt\/zaur-smirnov-bizim-vazifemiz-faaliyetimiznin-semeresini-kotermek-isimizge-ise-halq-qiymet-keser\/#primaryimage"},"thumbnailUrl":"https:\/\/qtmm.org\/wp-content\/uploads\/2022\/01\/img_1398.jpeg","articleSection":["Haberler"],"inLanguage":"qt","potentialAction":[{"@type":"CommentAction","name":"Comment","target":["https:\/\/qtmm.org\/qt\/zaur-smirnov-bizim-vazifemiz-faaliyetimiznin-semeresini-kotermek-isimizge-ise-halq-qiymet-keser\/#respond"]}]},{"@type":"WebPage","@id":"https:\/\/qtmm.org\/qt\/zaur-smirnov-bizim-vazifemiz-faaliyetimiznin-semeresini-kotermek-isimizge-ise-halq-qiymet-keser\/","url":"https:\/\/qtmm.org\/qt\/zaur-smirnov-bizim-vazifemiz-faaliyetimiznin-semeresini-kotermek-isimizge-ise-halq-qiymet-keser\/","name":"Zaur Smirnov: Bizim vazifemiz faaliyetimizni\u00f1 semeresini k\u00f6termek, i\u015fimizge ise halq q\u0131ymet keser - \u041c\u0435\u0434\u0436\u043b\u0456\u0441","isPartOf":{"@id":"https:\/\/qtmm.org\/qt\/#website"},"primaryImageOfPage":{"@id":"https:\/\/qtmm.org\/qt\/zaur-smirnov-bizim-vazifemiz-faaliyetimiznin-semeresini-kotermek-isimizge-ise-halq-qiymet-keser\/#primaryimage"},"image":{"@id":"https:\/\/qtmm.org\/qt\/zaur-smirnov-bizim-vazifemiz-faaliyetimiznin-semeresini-kotermek-isimizge-ise-halq-qiymet-keser\/#primaryimage"},"thumbnailUrl":"https:\/\/qtmm.org\/wp-content\/uploads\/2022\/01\/img_1398.jpeg","datePublished":"2013-12-23T09:48:00+00:00","dateModified":"2022-01-27T09:51:42+00:00","breadcrumb":{"@id":"https:\/\/qtmm.org\/qt\/zaur-smirnov-bizim-vazifemiz-faaliyetimiznin-semeresini-kotermek-isimizge-ise-halq-qiymet-keser\/#breadcrumb"},"inLanguage":"qt","potentialAction":[{"@type":"ReadAction","target":["https:\/\/qtmm.org\/qt\/zaur-smirnov-bizim-vazifemiz-faaliyetimiznin-semeresini-kotermek-isimizge-ise-halq-qiymet-keser\/"]}]},{"@type":"ImageObject","inLanguage":"qt","@id":"https:\/\/qtmm.org\/qt\/zaur-smirnov-bizim-vazifemiz-faaliyetimiznin-semeresini-kotermek-isimizge-ise-halq-qiymet-keser\/#primaryimage","url":"https:\/\/qtmm.org\/wp-content\/uploads\/2022\/01\/img_1398.jpeg","contentUrl":"https:\/\/qtmm.org\/wp-content\/uploads\/2022\/01\/img_1398.jpeg","width":650,"height":365},{"@type":"BreadcrumbList","@id":"https:\/\/qtmm.org\/qt\/zaur-smirnov-bizim-vazifemiz-faaliyetimiznin-semeresini-kotermek-isimizge-ise-halq-qiymet-keser\/#breadcrumb","itemListElement":[{"@type":"ListItem","position":1,"name":"\u0413\u043e\u043b\u043e\u0432\u043d\u0430","item":"https:\/\/qtmm.org\/qt\/"},{"@type":"ListItem","position":2,"name":"Zaur Smirnov: Bizim vazifemiz faaliyetimizni\u00f1 semeresini k\u00f6termek, i\u015fimizge ise halq q\u0131ymet keser"}]},{"@type":"WebSite","@id":"https:\/\/qtmm.org\/qt\/#website","url":"https:\/\/qtmm.org\/qt\/","name":"\u041c\u0435\u0434\u0436\u043b\u0456\u0441","description":"","publisher":{"@id":"https:\/\/qtmm.org\/qt\/#organization"},"potentialAction":[{"@type":"SearchAction","target":{"@type":"EntryPoint","urlTemplate":"https:\/\/qtmm.org\/qt\/?s={search_term_string}"},"query-input":{"@type":"PropertyValueSpecification","valueRequired":true,"valueName":"search_term_string"}}],"inLanguage":"qt"},{"@type":"Organization","@id":"https:\/\/qtmm.org\/qt\/#organization","name":"\u041c\u0435\u0434\u0436\u043b\u0456\u0441","url":"https:\/\/qtmm.org\/qt\/","logo":{"@type":"ImageObject","inLanguage":"qt","@id":"https:\/\/qtmm.org\/qt\/#\/schema\/logo\/image\/","url":"https:\/\/qtmm.org\/wp-content\/uploads\/2024\/12\/ua-mejlis-logo-rgb.svg","contentUrl":"https:\/\/qtmm.org\/wp-content\/uploads\/2024\/12\/ua-mejlis-logo-rgb.svg","caption":"\u041c\u0435\u0434\u0436\u043b\u0456\u0441"},"image":{"@id":"https:\/\/qtmm.org\/qt\/#\/schema\/logo\/image\/"},"sameAs":["https:\/\/www.facebook.com\/qtmm.info\/"]},{"@type":"Person","@id":"https:\/\/qtmm.org\/qt\/#\/schema\/person\/de562469f971dec226ac06e60bbf74a7","name":"Developer","image":{"@type":"ImageObject","inLanguage":"qt","@id":"https:\/\/secure.gravatar.com\/avatar\/392b4cc8fbfeb00b39dfeeab4ee6edded39ffd48e25858637e4765810300227e?s=96&d=mm&r=g","url":"https:\/\/secure.gravatar.com\/avatar\/392b4cc8fbfeb00b39dfeeab4ee6edded39ffd48e25858637e4765810300227e?s=96&d=mm&r=g","contentUrl":"https:\/\/secure.gravatar.com\/avatar\/392b4cc8fbfeb00b39dfeeab4ee6edded39ffd48e25858637e4765810300227e?s=96&d=mm&r=g","caption":"Developer"},"url":"https:\/\/qtmm.org\/qt\/author\/Developer\/"}]}},"_links":{"self":[{"href":"https:\/\/qtmm.org\/qt\/wp-json\/wp\/v2\/posts\/41949","targetHints":{"allow":["GET"]}}],"collection":[{"href":"https:\/\/qtmm.org\/qt\/wp-json\/wp\/v2\/posts"}],"about":[{"href":"https:\/\/qtmm.org\/qt\/wp-json\/wp\/v2\/types\/post"}],"author":[{"embeddable":true,"href":"https:\/\/qtmm.org\/qt\/wp-json\/wp\/v2\/users\/1"}],"replies":[{"embeddable":true,"href":"https:\/\/qtmm.org\/qt\/wp-json\/wp\/v2\/comments?post=41949"}],"version-history":[{"count":1,"href":"https:\/\/qtmm.org\/qt\/wp-json\/wp\/v2\/posts\/41949\/revisions"}],"predecessor-version":[{"id":42006,"href":"https:\/\/qtmm.org\/qt\/wp-json\/wp\/v2\/posts\/41949\/revisions\/42006"}],"wp:featuredmedia":[{"embeddable":true,"href":"https:\/\/qtmm.org\/qt\/wp-json\/wp\/v2\/media\/41950"}],"wp:attachment":[{"href":"https:\/\/qtmm.org\/qt\/wp-json\/wp\/v2\/media?parent=41949"}],"wp:term":[{"taxonomy":"category","embeddable":true,"href":"https:\/\/qtmm.org\/qt\/wp-json\/wp\/v2\/categories?post=41949"},{"taxonomy":"post_tag","embeddable":true,"href":"https:\/\/qtmm.org\/qt\/wp-json\/wp\/v2\/tags?post=41949"}],"curies":[{"name":"wp","href":"https:\/\/api.w.org\/{rel}","templated":true}]}}