




{"id":41931,"date":"2013-12-22T12:46:00","date_gmt":"2013-12-22T09:46:00","guid":{"rendered":"http:\/\/qtmm.org\/?p=41931"},"modified":"2022-01-27T12:47:52","modified_gmt":"2022-01-27T09:47:52","slug":"ilver-ametov-kollektsiya-toplamaq-gayesi-babamnin-bardagindan-baslandi","status":"publish","type":"post","link":"https:\/\/qtmm.org\/qt\/ilver-ametov-kollektsiya-toplamaq-gayesi-babamnin-bardagindan-baslandi\/","title":{"rendered":"\u0130lver Ametov: Kollektsiya toplamaq \u011fayesi babamn\u0131\u00f1 barda\u011f\u0131ndan ba\u015fland\u0131"},"content":{"rendered":"\n<p>2013 senesi dekabr 22 k\u00fcn\u00fc Meclis yolba\u015f\u00e7\u0131lar\u0131n\u0131\u00f1 Sudaq region\u0131nda topla\u015fuv\u0131 bitken so\u00f1 Meclis reisi Refat \u00c7ubarov ve Meclisni\u00f1 idare ve h\u0131zmet reberleri Sudaq regional meclis yolba\u015f\u00e7\u0131s\u0131n\u0131\u00f1 daveti ile q\u0131r\u0131mtatar halq\u0131 tarih\u0131n\u0131\u00f1 \u015fahsiy m\u00fczeyini ziyaret ettiler.<\/p>\n\n\n\n<figure class=\"wp-block-image size-full\"><img loading=\"lazy\" decoding=\"async\" width=\"650\" height=\"382\" src=\"http:\/\/qtmm.org\/wp-content\/uploads\/2022\/01\/img_1493.jpeg\" alt=\"\" class=\"wp-image-41932\" srcset=\"https:\/\/qtmm.org\/wp-content\/uploads\/2022\/01\/img_1493.jpeg 650w, https:\/\/qtmm.org\/wp-content\/uploads\/2022\/01\/img_1493-300x176.jpeg 300w\" sizes=\"auto, (max-width: 650px) 100vw, 650px\" \/><\/figure>\n\n\n\n<p>On\u0131 \u0130lver Ametov Asret soqa\u011f\u0131nda \u00f6z evinde a\u00e7t\u0131 Q\u0131r\u0131mtatar halq\u0131 milliy areketi i\u015ftirak\u00e7ilerinden biri \u0130lver Ametov eki y\u0131l evelsi semetde\u015fleri ve Sudaq musafirleri i\u00e7\u00fcn q\u0131r\u0131mtatar halq\u0131 ve on\u0131\u00f1 milliy areketi aqq\u0131nda tarif etken nadir, unikal e\u015fyalardan ibaret hususiy kollektsiyas\u0131ndan ibaret m\u00fczeyini a\u00e7maq qarar\u0131n\u0131 ald\u0131. Bu eksponatlarn\u0131 \u0130lver Ametov \u00e7oq y\u0131llar devam\u0131nda toplap, bu i\u015fnni bug\u00fcn de devam etmekte.<\/p>\n\n\n\n<p>&#8220;Er \u015fey bardaqtan ba\u015fland\u0131. On\u0131 babam 1944 senesi may\u0131s 18 gecesi bo\u011fdaynen toldur\u011fan, &#8211; dep ik\u00e2ye ete \u0130lver Ametov m\u00fczeyge kelgenlerge. \u2013 Bardaqn\u0131\u00f1 i\u00e7indeki bo\u011fday yolda ve s\u00fcrg\u00fcnlikni\u00f1 birinci k\u00fcnlerinde qorantam\u0131zn\u0131\u00f1 can\u0131n\u0131 saqlap qald\u0131. 50 y\u0131ldan so\u00f1 bu bardaq ailemiznen beraber kene babamn\u0131\u00f1 do\u011f\u011fan yerine qayt\u0131p keldi.<\/p>\n\n\n\n<figure class=\"wp-block-image size-full\"><img loading=\"lazy\" decoding=\"async\" width=\"650\" height=\"405\" src=\"http:\/\/qtmm.org\/wp-content\/uploads\/2022\/01\/img_1495.jpeg\" alt=\"\" class=\"wp-image-41936\" srcset=\"https:\/\/qtmm.org\/wp-content\/uploads\/2022\/01\/img_1495.jpeg 650w, https:\/\/qtmm.org\/wp-content\/uploads\/2022\/01\/img_1495-300x187.jpeg 300w\" sizes=\"auto, (max-width: 650px) 100vw, 650px\" \/><\/figure>\n\n\n\n<p>As\u0131l\u0131nda, ayn\u0131 \u015fu bardaq kollektsiyamn\u0131\u00f1 ilk eksponat\u0131 old\u0131&#8221;. \u0130lver a\u011fan\u0131\u00f1 kollektsiyas\u0131nda bir \u00e7oq original, \u015fu c\u00fcmleden orta as\u0131rlar\u011fa ait e\u015fyalarn\u0131 k\u00f6rmek m\u00fcmk\u00fcn. M\u0131nda milliy sil\u00e2lar, \u00e7\u00f6lmek\u00e7ilik mahsulat\u0131, ilvanlar, foto ve turmu\u015f e\u015fyalar\u0131 ve atta orta as\u0131r askeri urbas\u0131n\u0131\u00f1 kopiyas\u0131 da bar.<\/p>\n\n\n\n<p>&#8220;M\u00fczeyde halq\u0131m\u0131zn\u0131\u00f1 Vatan\u011fa qaytmas\u0131nda, milliy areketimizde &#8220;yard\u0131mc\u0131lar\u0131m\u0131z&#8221; ol\u011fan e\u015fyalar da bar, &#8211; ik\u00e2ye ete \u0130lver Ametov ve milliy areket arhivine kirgen \u00e7oqtan-\u00e7oq m\u00fcim vesiqalarn\u0131 basqan, \u00e7oqla\u015ft\u0131r\u011fan ma\u015finkan\u0131 k\u00f6stere. M\u00fczey musafirleri q\u0131r\u0131mtatar halq\u0131 hat\u0131ras\u0131n\u0131\u00f1 bir q\u0131sm\u0131 olacaq q\u0131ymetli kollektsiyan\u0131 topla\u011fan \u0130lver Ametov\u011fa ayret ve minnetdarl\u0131q s\u00f6zlerini bildirdiler.<\/p>\n\n\n\n<p>&#8220;Men m\u00fczeyime kelgen ve Q\u0131r\u0131m tam\u0131r halq\u0131n\u0131\u00f1 tarih\u0131nen tan\u0131\u015f olma\u011fa istegen er bir musafirge sevinem, &#8211; dey \u0130lver Ametov.<\/p>\n\n\n\n<p>Sudaq regional meclis reisi halq\u0131n\u0131\u00f1 yal\u0131\u00f1\u0131z siyasiy-i\u00e7timaiy \u00f6m\u00fcrinde faaliyet k\u00f6ster\u00fcvnen s\u0131\u00f1\u0131rlanmadan \u00f6z evini\u00f1 qar\u015f\u0131s\u0131nda balalar i\u00e7\u00fcn oyun meydan\u0131n\u0131 da qurd\u0131.<\/p>\n\n\n\n<figure class=\"wp-block-image size-full\"><img loading=\"lazy\" decoding=\"async\" width=\"650\" height=\"325\" src=\"http:\/\/qtmm.org\/wp-content\/uploads\/2022\/01\/img_1477.jpeg\" alt=\"\" class=\"wp-image-41944\" srcset=\"https:\/\/qtmm.org\/wp-content\/uploads\/2022\/01\/img_1477.jpeg 650w, https:\/\/qtmm.org\/wp-content\/uploads\/2022\/01\/img_1477-300x150.jpeg 300w\" sizes=\"auto, (max-width: 650px) 100vw, 650px\" \/><\/figure>\n","protected":false},"excerpt":{"rendered":"<p>2013 senesi dekabr 22 k\u00fcn\u00fc Meclis yolba\u015f\u00e7\u0131lar\u0131n\u0131\u00f1 Sudaq region\u0131nda topla\u015fuv\u0131 bitken so\u00f1 Meclis reisi Refat \u00c7ubarov ve Meclisni\u00f1 idare ve h\u0131zmet reberleri Sudaq regional meclis yolba\u015f\u00e7\u0131s\u0131n\u0131\u00f1 daveti ile q\u0131r\u0131mtatar halq\u0131 tarih\u0131n\u0131\u00f1 \u015fahsiy m\u00fczeyini ziyaret ettiler. On\u0131 \u0130lver Ametov Asret soqa\u011f\u0131nda \u00f6z evinde a\u00e7t\u0131 Q\u0131r\u0131mtatar halq\u0131 milliy areketi i\u015ftirak\u00e7ilerinden biri \u0130lver Ametov eki y\u0131l evelsi semetde\u015fleri [&hellip;]<\/p>\n","protected":false},"author":1,"featured_media":41940,"comment_status":"open","ping_status":"open","sticky":false,"template":"","format":"standard","meta":{"inline_featured_image":false,"footnotes":""},"categories":[265],"tags":[],"class_list":["post-41931","post","type-post","status-publish","format-standard","has-post-thumbnail","hentry","category-haberler"],"acf":[],"yoast_head":"<!-- This site is optimized with the Yoast SEO plugin v27.4 - https:\/\/yoast.com\/product\/yoast-seo-wordpress\/ -->\n<title>\u0130lver Ametov: Kollektsiya toplamaq \u011fayesi babamn\u0131\u00f1 barda\u011f\u0131ndan ba\u015fland\u0131 - \u041c\u0435\u0434\u0436\u043b\u0456\u0441<\/title>\n<meta name=\"robots\" content=\"index, follow, max-snippet:-1, max-image-preview:large, max-video-preview:-1\" \/>\n<link rel=\"canonical\" href=\"https:\/\/qtmm.org\/qt\/ilver-ametov-kollektsiya-toplamaq-gayesi-babamnin-bardagindan-baslandi\/\" \/>\n<meta property=\"og:locale\" content=\"en_US\" \/>\n<meta property=\"og:type\" content=\"article\" \/>\n<meta property=\"og:title\" content=\"\u0130lver Ametov: Kollektsiya toplamaq \u011fayesi babamn\u0131\u00f1 barda\u011f\u0131ndan ba\u015fland\u0131 - \u041c\u0435\u0434\u0436\u043b\u0456\u0441\" \/>\n<meta property=\"og:description\" content=\"2013 senesi dekabr 22 k\u00fcn\u00fc Meclis yolba\u015f\u00e7\u0131lar\u0131n\u0131\u00f1 Sudaq region\u0131nda topla\u015fuv\u0131 bitken so\u00f1 Meclis reisi Refat \u00c7ubarov ve Meclisni\u00f1 idare ve h\u0131zmet reberleri Sudaq regional meclis yolba\u015f\u00e7\u0131s\u0131n\u0131\u00f1 daveti ile q\u0131r\u0131mtatar halq\u0131 tarih\u0131n\u0131\u00f1 \u015fahsiy m\u00fczeyini ziyaret ettiler. On\u0131 \u0130lver Ametov Asret soqa\u011f\u0131nda \u00f6z evinde a\u00e7t\u0131 Q\u0131r\u0131mtatar halq\u0131 milliy areketi i\u015ftirak\u00e7ilerinden biri \u0130lver Ametov eki y\u0131l evelsi semetde\u015fleri [&hellip;]\" \/>\n<meta property=\"og:url\" content=\"https:\/\/qtmm.org\/qt\/ilver-ametov-kollektsiya-toplamaq-gayesi-babamnin-bardagindan-baslandi\/\" \/>\n<meta property=\"og:site_name\" content=\"\u041c\u0435\u0434\u0436\u043b\u0456\u0441\" \/>\n<meta property=\"article:publisher\" content=\"https:\/\/www.facebook.com\/qtmm.info\/\" \/>\n<meta property=\"article:published_time\" content=\"2013-12-22T09:46:00+00:00\" \/>\n<meta property=\"article:modified_time\" content=\"2022-01-27T09:47:52+00:00\" \/>\n<meta property=\"og:image\" content=\"https:\/\/qtmm.org\/wp-content\/uploads\/2022\/01\/img_1520.jpeg\" \/>\n\t<meta property=\"og:image:width\" content=\"650\" \/>\n\t<meta property=\"og:image:height\" content=\"435\" \/>\n\t<meta property=\"og:image:type\" content=\"image\/jpeg\" \/>\n<meta name=\"author\" content=\"Developer\" \/>\n<meta name=\"twitter:card\" content=\"summary_large_image\" \/>\n<meta name=\"twitter:label1\" content=\"Written by\" \/>\n\t<meta name=\"twitter:data1\" content=\"Developer\" \/>\n\t<meta name=\"twitter:label2\" content=\"Est. reading time\" \/>\n\t<meta name=\"twitter:data2\" content=\"2 minutes\" \/>\n<script type=\"application\/ld+json\" class=\"yoast-schema-graph\">{\"@context\":\"https:\\\/\\\/schema.org\",\"@graph\":[{\"@type\":\"Article\",\"@id\":\"https:\\\/\\\/qtmm.org\\\/qt\\\/ilver-ametov-kollektsiya-toplamaq-gayesi-babamnin-bardagindan-baslandi\\\/#article\",\"isPartOf\":{\"@id\":\"https:\\\/\\\/qtmm.org\\\/qt\\\/ilver-ametov-kollektsiya-toplamaq-gayesi-babamnin-bardagindan-baslandi\\\/\"},\"author\":{\"name\":\"Developer\",\"@id\":\"https:\\\/\\\/qtmm.org\\\/qt\\\/#\\\/schema\\\/person\\\/de562469f971dec226ac06e60bbf74a7\"},\"headline\":\"\u0130lver Ametov: Kollektsiya toplamaq \u011fayesi babamn\u0131\u00f1 barda\u011f\u0131ndan ba\u015fland\u0131\",\"datePublished\":\"2013-12-22T09:46:00+00:00\",\"dateModified\":\"2022-01-27T09:47:52+00:00\",\"mainEntityOfPage\":{\"@id\":\"https:\\\/\\\/qtmm.org\\\/qt\\\/ilver-ametov-kollektsiya-toplamaq-gayesi-babamnin-bardagindan-baslandi\\\/\"},\"wordCount\":384,\"commentCount\":0,\"publisher\":{\"@id\":\"https:\\\/\\\/qtmm.org\\\/qt\\\/#organization\"},\"image\":{\"@id\":\"https:\\\/\\\/qtmm.org\\\/qt\\\/ilver-ametov-kollektsiya-toplamaq-gayesi-babamnin-bardagindan-baslandi\\\/#primaryimage\"},\"thumbnailUrl\":\"https:\\\/\\\/qtmm.org\\\/wp-content\\\/uploads\\\/2022\\\/01\\\/img_1520.jpeg\",\"articleSection\":[\"Haberler\"],\"inLanguage\":\"qt\",\"potentialAction\":[{\"@type\":\"CommentAction\",\"name\":\"Comment\",\"target\":[\"https:\\\/\\\/qtmm.org\\\/qt\\\/ilver-ametov-kollektsiya-toplamaq-gayesi-babamnin-bardagindan-baslandi\\\/#respond\"]}]},{\"@type\":\"WebPage\",\"@id\":\"https:\\\/\\\/qtmm.org\\\/qt\\\/ilver-ametov-kollektsiya-toplamaq-gayesi-babamnin-bardagindan-baslandi\\\/\",\"url\":\"https:\\\/\\\/qtmm.org\\\/qt\\\/ilver-ametov-kollektsiya-toplamaq-gayesi-babamnin-bardagindan-baslandi\\\/\",\"name\":\"\u0130lver Ametov: Kollektsiya toplamaq \u011fayesi babamn\u0131\u00f1 barda\u011f\u0131ndan ba\u015fland\u0131 - \u041c\u0435\u0434\u0436\u043b\u0456\u0441\",\"isPartOf\":{\"@id\":\"https:\\\/\\\/qtmm.org\\\/qt\\\/#website\"},\"primaryImageOfPage\":{\"@id\":\"https:\\\/\\\/qtmm.org\\\/qt\\\/ilver-ametov-kollektsiya-toplamaq-gayesi-babamnin-bardagindan-baslandi\\\/#primaryimage\"},\"image\":{\"@id\":\"https:\\\/\\\/qtmm.org\\\/qt\\\/ilver-ametov-kollektsiya-toplamaq-gayesi-babamnin-bardagindan-baslandi\\\/#primaryimage\"},\"thumbnailUrl\":\"https:\\\/\\\/qtmm.org\\\/wp-content\\\/uploads\\\/2022\\\/01\\\/img_1520.jpeg\",\"datePublished\":\"2013-12-22T09:46:00+00:00\",\"dateModified\":\"2022-01-27T09:47:52+00:00\",\"breadcrumb\":{\"@id\":\"https:\\\/\\\/qtmm.org\\\/qt\\\/ilver-ametov-kollektsiya-toplamaq-gayesi-babamnin-bardagindan-baslandi\\\/#breadcrumb\"},\"inLanguage\":\"qt\",\"potentialAction\":[{\"@type\":\"ReadAction\",\"target\":[\"https:\\\/\\\/qtmm.org\\\/qt\\\/ilver-ametov-kollektsiya-toplamaq-gayesi-babamnin-bardagindan-baslandi\\\/\"]}]},{\"@type\":\"ImageObject\",\"inLanguage\":\"qt\",\"@id\":\"https:\\\/\\\/qtmm.org\\\/qt\\\/ilver-ametov-kollektsiya-toplamaq-gayesi-babamnin-bardagindan-baslandi\\\/#primaryimage\",\"url\":\"https:\\\/\\\/qtmm.org\\\/wp-content\\\/uploads\\\/2022\\\/01\\\/img_1520.jpeg\",\"contentUrl\":\"https:\\\/\\\/qtmm.org\\\/wp-content\\\/uploads\\\/2022\\\/01\\\/img_1520.jpeg\",\"width\":650,\"height\":435},{\"@type\":\"BreadcrumbList\",\"@id\":\"https:\\\/\\\/qtmm.org\\\/qt\\\/ilver-ametov-kollektsiya-toplamaq-gayesi-babamnin-bardagindan-baslandi\\\/#breadcrumb\",\"itemListElement\":[{\"@type\":\"ListItem\",\"position\":1,\"name\":\"\u0413\u043e\u043b\u043e\u0432\u043d\u0430\",\"item\":\"https:\\\/\\\/qtmm.org\\\/qt\\\/\"},{\"@type\":\"ListItem\",\"position\":2,\"name\":\"\u0130lver Ametov: Kollektsiya toplamaq \u011fayesi babamn\u0131\u00f1 barda\u011f\u0131ndan ba\u015fland\u0131\"}]},{\"@type\":\"WebSite\",\"@id\":\"https:\\\/\\\/qtmm.org\\\/qt\\\/#website\",\"url\":\"https:\\\/\\\/qtmm.org\\\/qt\\\/\",\"name\":\"\u041c\u0435\u0434\u0436\u043b\u0456\u0441\",\"description\":\"\",\"publisher\":{\"@id\":\"https:\\\/\\\/qtmm.org\\\/qt\\\/#organization\"},\"potentialAction\":[{\"@type\":\"SearchAction\",\"target\":{\"@type\":\"EntryPoint\",\"urlTemplate\":\"https:\\\/\\\/qtmm.org\\\/qt\\\/?s={search_term_string}\"},\"query-input\":{\"@type\":\"PropertyValueSpecification\",\"valueRequired\":true,\"valueName\":\"search_term_string\"}}],\"inLanguage\":\"qt\"},{\"@type\":\"Organization\",\"@id\":\"https:\\\/\\\/qtmm.org\\\/qt\\\/#organization\",\"name\":\"\u041c\u0435\u0434\u0436\u043b\u0456\u0441\",\"url\":\"https:\\\/\\\/qtmm.org\\\/qt\\\/\",\"logo\":{\"@type\":\"ImageObject\",\"inLanguage\":\"qt\",\"@id\":\"https:\\\/\\\/qtmm.org\\\/qt\\\/#\\\/schema\\\/logo\\\/image\\\/\",\"url\":\"https:\\\/\\\/qtmm.org\\\/wp-content\\\/uploads\\\/2024\\\/12\\\/ua-mejlis-logo-rgb.svg\",\"contentUrl\":\"https:\\\/\\\/qtmm.org\\\/wp-content\\\/uploads\\\/2024\\\/12\\\/ua-mejlis-logo-rgb.svg\",\"caption\":\"\u041c\u0435\u0434\u0436\u043b\u0456\u0441\"},\"image\":{\"@id\":\"https:\\\/\\\/qtmm.org\\\/qt\\\/#\\\/schema\\\/logo\\\/image\\\/\"},\"sameAs\":[\"https:\\\/\\\/www.facebook.com\\\/qtmm.info\\\/\"]},{\"@type\":\"Person\",\"@id\":\"https:\\\/\\\/qtmm.org\\\/qt\\\/#\\\/schema\\\/person\\\/de562469f971dec226ac06e60bbf74a7\",\"name\":\"Developer\",\"image\":{\"@type\":\"ImageObject\",\"inLanguage\":\"qt\",\"@id\":\"https:\\\/\\\/secure.gravatar.com\\\/avatar\\\/392b4cc8fbfeb00b39dfeeab4ee6edded39ffd48e25858637e4765810300227e?s=96&d=mm&r=g\",\"url\":\"https:\\\/\\\/secure.gravatar.com\\\/avatar\\\/392b4cc8fbfeb00b39dfeeab4ee6edded39ffd48e25858637e4765810300227e?s=96&d=mm&r=g\",\"contentUrl\":\"https:\\\/\\\/secure.gravatar.com\\\/avatar\\\/392b4cc8fbfeb00b39dfeeab4ee6edded39ffd48e25858637e4765810300227e?s=96&d=mm&r=g\",\"caption\":\"Developer\"},\"url\":\"https:\\\/\\\/qtmm.org\\\/qt\\\/author\\\/Developer\\\/\"}]}<\/script>\n<!-- \/ Yoast SEO plugin. -->","yoast_head_json":{"title":"\u0130lver Ametov: Kollektsiya toplamaq \u011fayesi babamn\u0131\u00f1 barda\u011f\u0131ndan ba\u015fland\u0131 - \u041c\u0435\u0434\u0436\u043b\u0456\u0441","robots":{"index":"index","follow":"follow","max-snippet":"max-snippet:-1","max-image-preview":"max-image-preview:large","max-video-preview":"max-video-preview:-1"},"canonical":"https:\/\/qtmm.org\/qt\/ilver-ametov-kollektsiya-toplamaq-gayesi-babamnin-bardagindan-baslandi\/","og_locale":"en_US","og_type":"article","og_title":"\u0130lver Ametov: Kollektsiya toplamaq \u011fayesi babamn\u0131\u00f1 barda\u011f\u0131ndan ba\u015fland\u0131 - \u041c\u0435\u0434\u0436\u043b\u0456\u0441","og_description":"2013 senesi dekabr 22 k\u00fcn\u00fc Meclis yolba\u015f\u00e7\u0131lar\u0131n\u0131\u00f1 Sudaq region\u0131nda topla\u015fuv\u0131 bitken so\u00f1 Meclis reisi Refat \u00c7ubarov ve Meclisni\u00f1 idare ve h\u0131zmet reberleri Sudaq regional meclis yolba\u015f\u00e7\u0131s\u0131n\u0131\u00f1 daveti ile q\u0131r\u0131mtatar halq\u0131 tarih\u0131n\u0131\u00f1 \u015fahsiy m\u00fczeyini ziyaret ettiler. On\u0131 \u0130lver Ametov Asret soqa\u011f\u0131nda \u00f6z evinde a\u00e7t\u0131 Q\u0131r\u0131mtatar halq\u0131 milliy areketi i\u015ftirak\u00e7ilerinden biri \u0130lver Ametov eki y\u0131l evelsi semetde\u015fleri [&hellip;]","og_url":"https:\/\/qtmm.org\/qt\/ilver-ametov-kollektsiya-toplamaq-gayesi-babamnin-bardagindan-baslandi\/","og_site_name":"\u041c\u0435\u0434\u0436\u043b\u0456\u0441","article_publisher":"https:\/\/www.facebook.com\/qtmm.info\/","article_published_time":"2013-12-22T09:46:00+00:00","article_modified_time":"2022-01-27T09:47:52+00:00","og_image":[{"width":650,"height":435,"url":"https:\/\/qtmm.org\/wp-content\/uploads\/2022\/01\/img_1520.jpeg","type":"image\/jpeg"}],"author":"Developer","twitter_card":"summary_large_image","twitter_misc":{"Written by":"Developer","Est. reading time":"2 minutes"},"schema":{"@context":"https:\/\/schema.org","@graph":[{"@type":"Article","@id":"https:\/\/qtmm.org\/qt\/ilver-ametov-kollektsiya-toplamaq-gayesi-babamnin-bardagindan-baslandi\/#article","isPartOf":{"@id":"https:\/\/qtmm.org\/qt\/ilver-ametov-kollektsiya-toplamaq-gayesi-babamnin-bardagindan-baslandi\/"},"author":{"name":"Developer","@id":"https:\/\/qtmm.org\/qt\/#\/schema\/person\/de562469f971dec226ac06e60bbf74a7"},"headline":"\u0130lver Ametov: Kollektsiya toplamaq \u011fayesi babamn\u0131\u00f1 barda\u011f\u0131ndan ba\u015fland\u0131","datePublished":"2013-12-22T09:46:00+00:00","dateModified":"2022-01-27T09:47:52+00:00","mainEntityOfPage":{"@id":"https:\/\/qtmm.org\/qt\/ilver-ametov-kollektsiya-toplamaq-gayesi-babamnin-bardagindan-baslandi\/"},"wordCount":384,"commentCount":0,"publisher":{"@id":"https:\/\/qtmm.org\/qt\/#organization"},"image":{"@id":"https:\/\/qtmm.org\/qt\/ilver-ametov-kollektsiya-toplamaq-gayesi-babamnin-bardagindan-baslandi\/#primaryimage"},"thumbnailUrl":"https:\/\/qtmm.org\/wp-content\/uploads\/2022\/01\/img_1520.jpeg","articleSection":["Haberler"],"inLanguage":"qt","potentialAction":[{"@type":"CommentAction","name":"Comment","target":["https:\/\/qtmm.org\/qt\/ilver-ametov-kollektsiya-toplamaq-gayesi-babamnin-bardagindan-baslandi\/#respond"]}]},{"@type":"WebPage","@id":"https:\/\/qtmm.org\/qt\/ilver-ametov-kollektsiya-toplamaq-gayesi-babamnin-bardagindan-baslandi\/","url":"https:\/\/qtmm.org\/qt\/ilver-ametov-kollektsiya-toplamaq-gayesi-babamnin-bardagindan-baslandi\/","name":"\u0130lver Ametov: Kollektsiya toplamaq \u011fayesi babamn\u0131\u00f1 barda\u011f\u0131ndan ba\u015fland\u0131 - \u041c\u0435\u0434\u0436\u043b\u0456\u0441","isPartOf":{"@id":"https:\/\/qtmm.org\/qt\/#website"},"primaryImageOfPage":{"@id":"https:\/\/qtmm.org\/qt\/ilver-ametov-kollektsiya-toplamaq-gayesi-babamnin-bardagindan-baslandi\/#primaryimage"},"image":{"@id":"https:\/\/qtmm.org\/qt\/ilver-ametov-kollektsiya-toplamaq-gayesi-babamnin-bardagindan-baslandi\/#primaryimage"},"thumbnailUrl":"https:\/\/qtmm.org\/wp-content\/uploads\/2022\/01\/img_1520.jpeg","datePublished":"2013-12-22T09:46:00+00:00","dateModified":"2022-01-27T09:47:52+00:00","breadcrumb":{"@id":"https:\/\/qtmm.org\/qt\/ilver-ametov-kollektsiya-toplamaq-gayesi-babamnin-bardagindan-baslandi\/#breadcrumb"},"inLanguage":"qt","potentialAction":[{"@type":"ReadAction","target":["https:\/\/qtmm.org\/qt\/ilver-ametov-kollektsiya-toplamaq-gayesi-babamnin-bardagindan-baslandi\/"]}]},{"@type":"ImageObject","inLanguage":"qt","@id":"https:\/\/qtmm.org\/qt\/ilver-ametov-kollektsiya-toplamaq-gayesi-babamnin-bardagindan-baslandi\/#primaryimage","url":"https:\/\/qtmm.org\/wp-content\/uploads\/2022\/01\/img_1520.jpeg","contentUrl":"https:\/\/qtmm.org\/wp-content\/uploads\/2022\/01\/img_1520.jpeg","width":650,"height":435},{"@type":"BreadcrumbList","@id":"https:\/\/qtmm.org\/qt\/ilver-ametov-kollektsiya-toplamaq-gayesi-babamnin-bardagindan-baslandi\/#breadcrumb","itemListElement":[{"@type":"ListItem","position":1,"name":"\u0413\u043e\u043b\u043e\u0432\u043d\u0430","item":"https:\/\/qtmm.org\/qt\/"},{"@type":"ListItem","position":2,"name":"\u0130lver Ametov: Kollektsiya toplamaq \u011fayesi babamn\u0131\u00f1 barda\u011f\u0131ndan ba\u015fland\u0131"}]},{"@type":"WebSite","@id":"https:\/\/qtmm.org\/qt\/#website","url":"https:\/\/qtmm.org\/qt\/","name":"\u041c\u0435\u0434\u0436\u043b\u0456\u0441","description":"","publisher":{"@id":"https:\/\/qtmm.org\/qt\/#organization"},"potentialAction":[{"@type":"SearchAction","target":{"@type":"EntryPoint","urlTemplate":"https:\/\/qtmm.org\/qt\/?s={search_term_string}"},"query-input":{"@type":"PropertyValueSpecification","valueRequired":true,"valueName":"search_term_string"}}],"inLanguage":"qt"},{"@type":"Organization","@id":"https:\/\/qtmm.org\/qt\/#organization","name":"\u041c\u0435\u0434\u0436\u043b\u0456\u0441","url":"https:\/\/qtmm.org\/qt\/","logo":{"@type":"ImageObject","inLanguage":"qt","@id":"https:\/\/qtmm.org\/qt\/#\/schema\/logo\/image\/","url":"https:\/\/qtmm.org\/wp-content\/uploads\/2024\/12\/ua-mejlis-logo-rgb.svg","contentUrl":"https:\/\/qtmm.org\/wp-content\/uploads\/2024\/12\/ua-mejlis-logo-rgb.svg","caption":"\u041c\u0435\u0434\u0436\u043b\u0456\u0441"},"image":{"@id":"https:\/\/qtmm.org\/qt\/#\/schema\/logo\/image\/"},"sameAs":["https:\/\/www.facebook.com\/qtmm.info\/"]},{"@type":"Person","@id":"https:\/\/qtmm.org\/qt\/#\/schema\/person\/de562469f971dec226ac06e60bbf74a7","name":"Developer","image":{"@type":"ImageObject","inLanguage":"qt","@id":"https:\/\/secure.gravatar.com\/avatar\/392b4cc8fbfeb00b39dfeeab4ee6edded39ffd48e25858637e4765810300227e?s=96&d=mm&r=g","url":"https:\/\/secure.gravatar.com\/avatar\/392b4cc8fbfeb00b39dfeeab4ee6edded39ffd48e25858637e4765810300227e?s=96&d=mm&r=g","contentUrl":"https:\/\/secure.gravatar.com\/avatar\/392b4cc8fbfeb00b39dfeeab4ee6edded39ffd48e25858637e4765810300227e?s=96&d=mm&r=g","caption":"Developer"},"url":"https:\/\/qtmm.org\/qt\/author\/Developer\/"}]}},"_links":{"self":[{"href":"https:\/\/qtmm.org\/qt\/wp-json\/wp\/v2\/posts\/41931","targetHints":{"allow":["GET"]}}],"collection":[{"href":"https:\/\/qtmm.org\/qt\/wp-json\/wp\/v2\/posts"}],"about":[{"href":"https:\/\/qtmm.org\/qt\/wp-json\/wp\/v2\/types\/post"}],"author":[{"embeddable":true,"href":"https:\/\/qtmm.org\/qt\/wp-json\/wp\/v2\/users\/1"}],"replies":[{"embeddable":true,"href":"https:\/\/qtmm.org\/qt\/wp-json\/wp\/v2\/comments?post=41931"}],"version-history":[{"count":1,"href":"https:\/\/qtmm.org\/qt\/wp-json\/wp\/v2\/posts\/41931\/revisions"}],"predecessor-version":[{"id":41948,"href":"https:\/\/qtmm.org\/qt\/wp-json\/wp\/v2\/posts\/41931\/revisions\/41948"}],"wp:featuredmedia":[{"embeddable":true,"href":"https:\/\/qtmm.org\/qt\/wp-json\/wp\/v2\/media\/41940"}],"wp:attachment":[{"href":"https:\/\/qtmm.org\/qt\/wp-json\/wp\/v2\/media?parent=41931"}],"wp:term":[{"taxonomy":"category","embeddable":true,"href":"https:\/\/qtmm.org\/qt\/wp-json\/wp\/v2\/categories?post=41931"},{"taxonomy":"post_tag","embeddable":true,"href":"https:\/\/qtmm.org\/qt\/wp-json\/wp\/v2\/tags?post=41931"}],"curies":[{"name":"wp","href":"https:\/\/api.w.org\/{rel}","templated":true}]}}