




{"id":41901,"date":"2013-12-21T12:43:00","date_gmt":"2013-12-21T09:43:00","guid":{"rendered":"http:\/\/qtmm.org\/?p=41901"},"modified":"2022-01-27T12:46:10","modified_gmt":"2022-01-27T09:46:10","slug":"yedi-quyu-regional-meclisinin-reisi-olaraq-lenur-ablazimov-saylandi","status":"publish","type":"post","link":"https:\/\/qtmm.org\/qt\/yedi-quyu-regional-meclisinin-reisi-olaraq-lenur-ablazimov-saylandi\/","title":{"rendered":"Yedi Quyu regional meclisini\u00f1 reisi olaraq Lenur Abl\u00e2zimov sayland\u0131"},"content":{"rendered":"\n<p>Q\u0131r\u0131mtatar halq\u0131 Meclisini\u00f1\u00a0<em><strong>2013 s. Dekabr 6-da al\u0131n\u011fan \u2116 06 &#8220;Yedi Quyu(Lenin) regional konferentsiyas\u0131 aqq\u0131nda&#8221;<\/strong><\/em>\u00a0qarar\u0131 eda etilerek dekabr 21 k\u00fcn\u00fc Yedi Quyu regional meclis reisini saylav boyunca regional konferentsiyas\u0131 \u00f6tkerildi.<\/p>\n\n\n\n<figure class=\"wp-block-image size-full\"><img loading=\"lazy\" decoding=\"async\" width=\"650\" height=\"325\" src=\"http:\/\/qtmm.org\/wp-content\/uploads\/2022\/01\/img_1291.jpeg\" alt=\"\" class=\"wp-image-41902\" srcset=\"https:\/\/qtmm.org\/wp-content\/uploads\/2022\/01\/img_1291.jpeg 650w, https:\/\/qtmm.org\/wp-content\/uploads\/2022\/01\/img_1291-300x150.jpeg 300w\" sizes=\"auto, (max-width: 650px) 100vw, 650px\" \/><\/figure>\n\n\n\n<p>Qurultay Merkeziy saylav komissiyas\u0131n\u0131\u00f1 reisi Zair Smedl\u00e2yev al\u0131p bar\u011fan konferentsiyan\u0131\u00f1 i\u015finde 24 yerli meclisni temsil etken 93 delegat i\u015ftirak etti.<\/p>\n\n\n\n<figure class=\"wp-block-image size-full\"><img loading=\"lazy\" decoding=\"async\" width=\"650\" height=\"325\" src=\"http:\/\/qtmm.org\/wp-content\/uploads\/2022\/01\/img_1286.jpeg\" alt=\"\" class=\"wp-image-41906\" srcset=\"https:\/\/qtmm.org\/wp-content\/uploads\/2022\/01\/img_1286.jpeg 650w, https:\/\/qtmm.org\/wp-content\/uploads\/2022\/01\/img_1286-300x150.jpeg 300w\" sizes=\"auto, (max-width: 650px) 100vw, 650px\" \/><\/figure>\n\n\n\n<p>Konferentsiyada Q\u0131r\u0131mtatar halq\u0131 Meclisini\u00f1 reisi Refat \u00c7ubarov, on\u0131\u00f1 muavinleri Zaur Smirnov ve Ayder Acimambetov, Meclisni\u00f1 idare yolba\u015f\u00e7\u0131lar\u0131 Emine Avamileva ve Seydamet Ya\u011fyayev, Qurultay Tefti\u015f komissiyas\u0131n\u0131\u00f1 reisi Ali \u00d6zenba\u015f, Meclis azas\u0131 G\u00fclnara Bekirova, Alu\u015fta regional meclis reisi Enver Arpatl\u0131, Lenin ve Keri\u00e7 b\u00f6lgesinden saylan\u011fan Qurultay delegatlar\u0131 ve regionn\u0131\u00f1 qartlar\u0131 i\u015ftirak ettiler.<\/p>\n\n\n\n<figure class=\"wp-block-image size-full\"><img loading=\"lazy\" decoding=\"async\" width=\"650\" height=\"325\" src=\"http:\/\/qtmm.org\/wp-content\/uploads\/2022\/01\/img_1283.jpeg\" alt=\"\" class=\"wp-image-41910\" srcset=\"https:\/\/qtmm.org\/wp-content\/uploads\/2022\/01\/img_1283.jpeg 650w, https:\/\/qtmm.org\/wp-content\/uploads\/2022\/01\/img_1283-300x150.jpeg 300w\" sizes=\"auto, (max-width: 650px) 100vw, 650px\" \/><\/figure>\n\n\n\n<p>Konferentsiya delegatlar\u0131 taraf\u0131ndan tasdiqlan\u011fan k\u00fcn tertibini muzakere et\u00fcv devam\u0131nda Yedi quyu region\u0131 milliy idare organ\u0131n\u0131\u00f1 yolba\u015f\u00e7\u0131s\u0131 vazifesine \u0130braim Bormambetov ve Lenur Abl\u00e2zimovn\u0131\u00f1 namzetleri k\u00f6sterildi. Namzetlerni\u00f1 ekisi de konferentsiya delegatlar\u0131 \u00f6g\u00fcnde \u00e7\u0131q\u0131\u015fta bulun\u0131p, berilgen suallerge tafsil\u00e2tl\u0131 cevap qaytard\u0131lar.<\/p>\n\n\n\n<figure class=\"wp-block-image size-full\"><img loading=\"lazy\" decoding=\"async\" width=\"650\" height=\"237\" src=\"http:\/\/qtmm.org\/wp-content\/uploads\/2022\/01\/img_1294.jpeg\" alt=\"\" class=\"wp-image-41914\" srcset=\"https:\/\/qtmm.org\/wp-content\/uploads\/2022\/01\/img_1294.jpeg 650w, https:\/\/qtmm.org\/wp-content\/uploads\/2022\/01\/img_1294-300x109.jpeg 300w\" sizes=\"auto, (max-width: 650px) 100vw, 650px\" \/><\/figure>\n\n\n\n<p>Regional meclis reisini saylav boyunca esap komissiyas\u0131n\u0131\u00f1 reisi Venera Faz\u0131lova esap komissiya topla\u015fuv\u0131n\u0131\u00f1 qarar\u0131n\u0131 seslendirip, konferentsiya delegatlar\u0131n\u0131 b\u00fclleten blank\u0131, gizli rey ber\u00fcv tertibinen tan\u0131\u015f etti.<\/p>\n\n\n\n<figure class=\"wp-block-image size-full\"><img loading=\"lazy\" decoding=\"async\" width=\"650\" height=\"470\" src=\"http:\/\/qtmm.org\/wp-content\/uploads\/2022\/01\/img_1339.jpeg\" alt=\"\" class=\"wp-image-41918\" srcset=\"https:\/\/qtmm.org\/wp-content\/uploads\/2022\/01\/img_1339.jpeg 650w, https:\/\/qtmm.org\/wp-content\/uploads\/2022\/01\/img_1339-300x217.jpeg 300w\" sizes=\"auto, (max-width: 650px) 100vw, 650px\" \/><\/figure>\n\n\n\n<p>Gizli rey ber\u00fcv neticeleri boyunca konferentsiyan\u0131\u00f1 50 delegat\u0131 Lenur Abl\u00e2zimov, 43-i ise \u0130braim Bormambetovn\u0131\u00f1 namzetine qoltutt\u0131lar. B\u00f6yleliknen, rey ber\u00fcv neticelerine k\u00f6re Yedi Quyu regional meclisini\u00f1 reisi olaraq Lenur Abl\u00e2zimov sayland\u0131.<\/p>\n\n\n\n<figure class=\"wp-block-image size-full\"><img loading=\"lazy\" decoding=\"async\" width=\"650\" height=\"322\" src=\"http:\/\/qtmm.org\/wp-content\/uploads\/2022\/01\/img_1358.jpeg\" alt=\"\" class=\"wp-image-41922\" srcset=\"https:\/\/qtmm.org\/wp-content\/uploads\/2022\/01\/img_1358.jpeg 650w, https:\/\/qtmm.org\/wp-content\/uploads\/2022\/01\/img_1358-300x149.jpeg 300w\" sizes=\"auto, (max-width: 650px) 100vw, 650px\" \/><\/figure>\n\n\n\n<p>Merkeziy saylav komissiyas\u0131n\u0131\u00f1 reisi Zair Smedl\u00e2yev konferentsiya delegatlar\u0131na \u015fun\u0131 hat\u0131rlatt\u0131 ki, &#8220;Q\u0131r\u0131mtatar halq\u0131 milliy idare organlar\u0131 aqq\u0131nda nizam&#8221;\u011fa binaen 24 yerli meclis reisleri avtomatik s\u00fcrette Yedi quyu regional meclisni\u00f1 azalar\u0131 olalar, regional meclisni\u00f1 reisi ise regional meclis erk\u00e2n\u0131na yerli meclislerni\u00f1 umumiy say\u0131s\u0131ndan 1\/3 namzetlerni qo\u015fma\u011fa aqq\u0131 bar.<\/p>\n\n\n\n<p>B\u00f6yleliknen regional meclisni\u00f1 ya\u00f1\u0131 reisi Lenur Abl\u00e2zimovn\u0131\u00f1 teklifi boyunca regional meclis erk\u00e2n\u0131na 7 aza, \u015fu c\u00fcmleden \u0130braim Bormambetov ve sab\u0131q reisi Elvira Akimova da kirsetildiler.<\/p>\n\n\n\n<figure class=\"wp-block-image size-full\"><img loading=\"lazy\" decoding=\"async\" width=\"650\" height=\"315\" src=\"http:\/\/qtmm.org\/wp-content\/uploads\/2022\/01\/img_1364.jpeg\" alt=\"\" class=\"wp-image-41926\" srcset=\"https:\/\/qtmm.org\/wp-content\/uploads\/2022\/01\/img_1364.jpeg 650w, https:\/\/qtmm.org\/wp-content\/uploads\/2022\/01\/img_1364-300x145.jpeg 300w\" sizes=\"auto, (max-width: 650px) 100vw, 650px\" \/><\/figure>\n\n\n\n<p>Yedi quyu regional konferentsiya i\u015ftirak\u00e7ileri ve ya\u00f1\u0131 reiske h\u0131tap eterek Milliy Meclis reisi Refat \u00c7ubarov \u011falipni hay\u0131rlad\u0131 ve i\u015ftirak\u00e7ilerge yah\u015f\u0131 te\u015fkil etilgen saylav i\u00e7\u00fcn te\u015fekk\u00fcr bildirdi.<\/p>\n\n\n\n<p>Meclis reisi regional meclisni\u00f1 ya\u00f1\u0131 reisi regionda meclis faaliyetini\u00f1 semereliligini artt\u0131raca\u011f\u0131na \u00fcm\u00fct bildirip, meclis azalar\u0131na ise Qurultay ve Meclisni\u00f1 qararlar\u0131na esaslanaraq semetde\u015flernen daa ziyade aktiv \u00e7al\u0131\u015fmaqn\u0131 tevsiye etti.<br><br><strong>Mal\u00fcmat i\u00e7\u00fcn:<\/strong>&nbsp;<em>2012 senesi mart ay\u0131nda Lenin regional meclis reisi olaraq Elvira Akimova sayland\u0131, amma aileviy sebepler ve sa\u011fl\u0131\u011f\u0131n\u0131\u00f1 vaziyetine k\u00f6re 2013 senesi noyabr 12 k\u00fcn\u00fc Elvira Akimova Milliy Mecliske ariza ile muracaat etip, on\u0131 Yedi quyu regional meclis reisi vazifesinden azat etmelerini rica etti.<\/em><\/p>\n","protected":false},"excerpt":{"rendered":"<p>Q\u0131r\u0131mtatar halq\u0131 Meclisini\u00f1\u00a02013 s. Dekabr 6-da al\u0131n\u011fan \u2116 06 &#8220;Yedi Quyu(Lenin) regional konferentsiyas\u0131 aqq\u0131nda&#8221;\u00a0qarar\u0131 eda etilerek dekabr 21 k\u00fcn\u00fc Yedi Quyu regional meclis reisini saylav boyunca regional konferentsiyas\u0131 \u00f6tkerildi. Qurultay Merkeziy saylav komissiyas\u0131n\u0131\u00f1 reisi Zair Smedl\u00e2yev al\u0131p bar\u011fan konferentsiyan\u0131\u00f1 i\u015finde 24 yerli meclisni temsil etken 93 delegat i\u015ftirak etti. Konferentsiyada Q\u0131r\u0131mtatar halq\u0131 Meclisini\u00f1 reisi Refat [&hellip;]<\/p>\n","protected":false},"author":1,"featured_media":0,"comment_status":"open","ping_status":"open","sticky":false,"template":"","format":"standard","meta":{"inline_featured_image":false,"footnotes":""},"categories":[265],"tags":[],"class_list":["post-41901","post","type-post","status-publish","format-standard","hentry","category-haberler"],"acf":[],"yoast_head":"<!-- This site is optimized with the Yoast SEO plugin v27.4 - https:\/\/yoast.com\/product\/yoast-seo-wordpress\/ -->\n<title>Yedi Quyu regional meclisini\u00f1 reisi olaraq Lenur Abl\u00e2zimov sayland\u0131 - \u041c\u0435\u0434\u0436\u043b\u0456\u0441<\/title>\n<meta name=\"robots\" content=\"index, follow, max-snippet:-1, max-image-preview:large, max-video-preview:-1\" \/>\n<link rel=\"canonical\" href=\"https:\/\/qtmm.org\/qt\/yedi-quyu-regional-meclisinin-reisi-olaraq-lenur-ablazimov-saylandi\/\" \/>\n<meta property=\"og:locale\" content=\"en_US\" \/>\n<meta property=\"og:type\" content=\"article\" \/>\n<meta property=\"og:title\" content=\"Yedi Quyu regional meclisini\u00f1 reisi olaraq Lenur Abl\u00e2zimov sayland\u0131 - \u041c\u0435\u0434\u0436\u043b\u0456\u0441\" \/>\n<meta property=\"og:description\" content=\"Q\u0131r\u0131mtatar halq\u0131 Meclisini\u00f1\u00a02013 s. Dekabr 6-da al\u0131n\u011fan \u2116 06 &#8220;Yedi Quyu(Lenin) regional konferentsiyas\u0131 aqq\u0131nda&#8221;\u00a0qarar\u0131 eda etilerek dekabr 21 k\u00fcn\u00fc Yedi Quyu regional meclis reisini saylav boyunca regional konferentsiyas\u0131 \u00f6tkerildi. Qurultay Merkeziy saylav komissiyas\u0131n\u0131\u00f1 reisi Zair Smedl\u00e2yev al\u0131p bar\u011fan konferentsiyan\u0131\u00f1 i\u015finde 24 yerli meclisni temsil etken 93 delegat i\u015ftirak etti. Konferentsiyada Q\u0131r\u0131mtatar halq\u0131 Meclisini\u00f1 reisi Refat [&hellip;]\" \/>\n<meta property=\"og:url\" content=\"https:\/\/qtmm.org\/qt\/yedi-quyu-regional-meclisinin-reisi-olaraq-lenur-ablazimov-saylandi\/\" \/>\n<meta property=\"og:site_name\" content=\"\u041c\u0435\u0434\u0436\u043b\u0456\u0441\" \/>\n<meta property=\"article:publisher\" content=\"https:\/\/www.facebook.com\/qtmm.info\/\" \/>\n<meta property=\"article:published_time\" content=\"2013-12-21T09:43:00+00:00\" \/>\n<meta property=\"article:modified_time\" content=\"2022-01-27T09:46:10+00:00\" \/>\n<meta property=\"og:image\" content=\"https:\/\/qtmm.org\/wp-content\/uploads\/2022\/01\/img_1291.jpeg\" \/>\n\t<meta property=\"og:image:width\" content=\"650\" \/>\n\t<meta property=\"og:image:height\" content=\"325\" \/>\n\t<meta property=\"og:image:type\" content=\"image\/jpeg\" \/>\n<meta name=\"author\" content=\"Developer\" \/>\n<meta name=\"twitter:card\" content=\"summary_large_image\" \/>\n<meta name=\"twitter:label1\" content=\"Written by\" \/>\n\t<meta name=\"twitter:data1\" content=\"Developer\" \/>\n\t<meta name=\"twitter:label2\" content=\"Est. reading time\" \/>\n\t<meta name=\"twitter:data2\" content=\"2 minutes\" \/>\n<script type=\"application\/ld+json\" class=\"yoast-schema-graph\">{\"@context\":\"https:\\\/\\\/schema.org\",\"@graph\":[{\"@type\":\"Article\",\"@id\":\"https:\\\/\\\/qtmm.org\\\/qt\\\/yedi-quyu-regional-meclisinin-reisi-olaraq-lenur-ablazimov-saylandi\\\/#article\",\"isPartOf\":{\"@id\":\"https:\\\/\\\/qtmm.org\\\/qt\\\/yedi-quyu-regional-meclisinin-reisi-olaraq-lenur-ablazimov-saylandi\\\/\"},\"author\":{\"name\":\"Developer\",\"@id\":\"https:\\\/\\\/qtmm.org\\\/qt\\\/#\\\/schema\\\/person\\\/de562469f971dec226ac06e60bbf74a7\"},\"headline\":\"Yedi Quyu regional meclisini\u00f1 reisi olaraq Lenur Abl\u00e2zimov sayland\u0131\",\"datePublished\":\"2013-12-21T09:43:00+00:00\",\"dateModified\":\"2022-01-27T09:46:10+00:00\",\"mainEntityOfPage\":{\"@id\":\"https:\\\/\\\/qtmm.org\\\/qt\\\/yedi-quyu-regional-meclisinin-reisi-olaraq-lenur-ablazimov-saylandi\\\/\"},\"wordCount\":459,\"commentCount\":0,\"publisher\":{\"@id\":\"https:\\\/\\\/qtmm.org\\\/qt\\\/#organization\"},\"image\":{\"@id\":\"https:\\\/\\\/qtmm.org\\\/qt\\\/yedi-quyu-regional-meclisinin-reisi-olaraq-lenur-ablazimov-saylandi\\\/#primaryimage\"},\"thumbnailUrl\":\"http:\\\/\\\/qtmm.org\\\/wp-content\\\/uploads\\\/2022\\\/01\\\/img_1291.jpeg\",\"articleSection\":[\"Haberler\"],\"inLanguage\":\"qt\",\"potentialAction\":[{\"@type\":\"CommentAction\",\"name\":\"Comment\",\"target\":[\"https:\\\/\\\/qtmm.org\\\/qt\\\/yedi-quyu-regional-meclisinin-reisi-olaraq-lenur-ablazimov-saylandi\\\/#respond\"]}]},{\"@type\":\"WebPage\",\"@id\":\"https:\\\/\\\/qtmm.org\\\/qt\\\/yedi-quyu-regional-meclisinin-reisi-olaraq-lenur-ablazimov-saylandi\\\/\",\"url\":\"https:\\\/\\\/qtmm.org\\\/qt\\\/yedi-quyu-regional-meclisinin-reisi-olaraq-lenur-ablazimov-saylandi\\\/\",\"name\":\"Yedi Quyu regional meclisini\u00f1 reisi olaraq Lenur Abl\u00e2zimov sayland\u0131 - \u041c\u0435\u0434\u0436\u043b\u0456\u0441\",\"isPartOf\":{\"@id\":\"https:\\\/\\\/qtmm.org\\\/qt\\\/#website\"},\"primaryImageOfPage\":{\"@id\":\"https:\\\/\\\/qtmm.org\\\/qt\\\/yedi-quyu-regional-meclisinin-reisi-olaraq-lenur-ablazimov-saylandi\\\/#primaryimage\"},\"image\":{\"@id\":\"https:\\\/\\\/qtmm.org\\\/qt\\\/yedi-quyu-regional-meclisinin-reisi-olaraq-lenur-ablazimov-saylandi\\\/#primaryimage\"},\"thumbnailUrl\":\"http:\\\/\\\/qtmm.org\\\/wp-content\\\/uploads\\\/2022\\\/01\\\/img_1291.jpeg\",\"datePublished\":\"2013-12-21T09:43:00+00:00\",\"dateModified\":\"2022-01-27T09:46:10+00:00\",\"breadcrumb\":{\"@id\":\"https:\\\/\\\/qtmm.org\\\/qt\\\/yedi-quyu-regional-meclisinin-reisi-olaraq-lenur-ablazimov-saylandi\\\/#breadcrumb\"},\"inLanguage\":\"qt\",\"potentialAction\":[{\"@type\":\"ReadAction\",\"target\":[\"https:\\\/\\\/qtmm.org\\\/qt\\\/yedi-quyu-regional-meclisinin-reisi-olaraq-lenur-ablazimov-saylandi\\\/\"]}]},{\"@type\":\"ImageObject\",\"inLanguage\":\"qt\",\"@id\":\"https:\\\/\\\/qtmm.org\\\/qt\\\/yedi-quyu-regional-meclisinin-reisi-olaraq-lenur-ablazimov-saylandi\\\/#primaryimage\",\"url\":\"http:\\\/\\\/qtmm.org\\\/wp-content\\\/uploads\\\/2022\\\/01\\\/img_1291.jpeg\",\"contentUrl\":\"http:\\\/\\\/qtmm.org\\\/wp-content\\\/uploads\\\/2022\\\/01\\\/img_1291.jpeg\"},{\"@type\":\"BreadcrumbList\",\"@id\":\"https:\\\/\\\/qtmm.org\\\/qt\\\/yedi-quyu-regional-meclisinin-reisi-olaraq-lenur-ablazimov-saylandi\\\/#breadcrumb\",\"itemListElement\":[{\"@type\":\"ListItem\",\"position\":1,\"name\":\"\u0413\u043e\u043b\u043e\u0432\u043d\u0430\",\"item\":\"https:\\\/\\\/qtmm.org\\\/qt\\\/\"},{\"@type\":\"ListItem\",\"position\":2,\"name\":\"Yedi Quyu regional meclisini\u00f1 reisi olaraq Lenur Abl\u00e2zimov sayland\u0131\"}]},{\"@type\":\"WebSite\",\"@id\":\"https:\\\/\\\/qtmm.org\\\/qt\\\/#website\",\"url\":\"https:\\\/\\\/qtmm.org\\\/qt\\\/\",\"name\":\"\u041c\u0435\u0434\u0436\u043b\u0456\u0441\",\"description\":\"\",\"publisher\":{\"@id\":\"https:\\\/\\\/qtmm.org\\\/qt\\\/#organization\"},\"potentialAction\":[{\"@type\":\"SearchAction\",\"target\":{\"@type\":\"EntryPoint\",\"urlTemplate\":\"https:\\\/\\\/qtmm.org\\\/qt\\\/?s={search_term_string}\"},\"query-input\":{\"@type\":\"PropertyValueSpecification\",\"valueRequired\":true,\"valueName\":\"search_term_string\"}}],\"inLanguage\":\"qt\"},{\"@type\":\"Organization\",\"@id\":\"https:\\\/\\\/qtmm.org\\\/qt\\\/#organization\",\"name\":\"\u041c\u0435\u0434\u0436\u043b\u0456\u0441\",\"url\":\"https:\\\/\\\/qtmm.org\\\/qt\\\/\",\"logo\":{\"@type\":\"ImageObject\",\"inLanguage\":\"qt\",\"@id\":\"https:\\\/\\\/qtmm.org\\\/qt\\\/#\\\/schema\\\/logo\\\/image\\\/\",\"url\":\"https:\\\/\\\/qtmm.org\\\/wp-content\\\/uploads\\\/2024\\\/12\\\/ua-mejlis-logo-rgb.svg\",\"contentUrl\":\"https:\\\/\\\/qtmm.org\\\/wp-content\\\/uploads\\\/2024\\\/12\\\/ua-mejlis-logo-rgb.svg\",\"caption\":\"\u041c\u0435\u0434\u0436\u043b\u0456\u0441\"},\"image\":{\"@id\":\"https:\\\/\\\/qtmm.org\\\/qt\\\/#\\\/schema\\\/logo\\\/image\\\/\"},\"sameAs\":[\"https:\\\/\\\/www.facebook.com\\\/qtmm.info\\\/\"]},{\"@type\":\"Person\",\"@id\":\"https:\\\/\\\/qtmm.org\\\/qt\\\/#\\\/schema\\\/person\\\/de562469f971dec226ac06e60bbf74a7\",\"name\":\"Developer\",\"image\":{\"@type\":\"ImageObject\",\"inLanguage\":\"qt\",\"@id\":\"https:\\\/\\\/secure.gravatar.com\\\/avatar\\\/392b4cc8fbfeb00b39dfeeab4ee6edded39ffd48e25858637e4765810300227e?s=96&d=mm&r=g\",\"url\":\"https:\\\/\\\/secure.gravatar.com\\\/avatar\\\/392b4cc8fbfeb00b39dfeeab4ee6edded39ffd48e25858637e4765810300227e?s=96&d=mm&r=g\",\"contentUrl\":\"https:\\\/\\\/secure.gravatar.com\\\/avatar\\\/392b4cc8fbfeb00b39dfeeab4ee6edded39ffd48e25858637e4765810300227e?s=96&d=mm&r=g\",\"caption\":\"Developer\"},\"url\":\"https:\\\/\\\/qtmm.org\\\/qt\\\/author\\\/Developer\\\/\"}]}<\/script>\n<!-- \/ Yoast SEO plugin. -->","yoast_head_json":{"title":"Yedi Quyu regional meclisini\u00f1 reisi olaraq Lenur Abl\u00e2zimov sayland\u0131 - \u041c\u0435\u0434\u0436\u043b\u0456\u0441","robots":{"index":"index","follow":"follow","max-snippet":"max-snippet:-1","max-image-preview":"max-image-preview:large","max-video-preview":"max-video-preview:-1"},"canonical":"https:\/\/qtmm.org\/qt\/yedi-quyu-regional-meclisinin-reisi-olaraq-lenur-ablazimov-saylandi\/","og_locale":"en_US","og_type":"article","og_title":"Yedi Quyu regional meclisini\u00f1 reisi olaraq Lenur Abl\u00e2zimov sayland\u0131 - \u041c\u0435\u0434\u0436\u043b\u0456\u0441","og_description":"Q\u0131r\u0131mtatar halq\u0131 Meclisini\u00f1\u00a02013 s. Dekabr 6-da al\u0131n\u011fan \u2116 06 &#8220;Yedi Quyu(Lenin) regional konferentsiyas\u0131 aqq\u0131nda&#8221;\u00a0qarar\u0131 eda etilerek dekabr 21 k\u00fcn\u00fc Yedi Quyu regional meclis reisini saylav boyunca regional konferentsiyas\u0131 \u00f6tkerildi. Qurultay Merkeziy saylav komissiyas\u0131n\u0131\u00f1 reisi Zair Smedl\u00e2yev al\u0131p bar\u011fan konferentsiyan\u0131\u00f1 i\u015finde 24 yerli meclisni temsil etken 93 delegat i\u015ftirak etti. Konferentsiyada Q\u0131r\u0131mtatar halq\u0131 Meclisini\u00f1 reisi Refat [&hellip;]","og_url":"https:\/\/qtmm.org\/qt\/yedi-quyu-regional-meclisinin-reisi-olaraq-lenur-ablazimov-saylandi\/","og_site_name":"\u041c\u0435\u0434\u0436\u043b\u0456\u0441","article_publisher":"https:\/\/www.facebook.com\/qtmm.info\/","article_published_time":"2013-12-21T09:43:00+00:00","article_modified_time":"2022-01-27T09:46:10+00:00","og_image":[{"width":650,"height":325,"url":"https:\/\/qtmm.org\/wp-content\/uploads\/2022\/01\/img_1291.jpeg","type":"image\/jpeg"}],"author":"Developer","twitter_card":"summary_large_image","twitter_misc":{"Written by":"Developer","Est. reading time":"2 minutes"},"schema":{"@context":"https:\/\/schema.org","@graph":[{"@type":"Article","@id":"https:\/\/qtmm.org\/qt\/yedi-quyu-regional-meclisinin-reisi-olaraq-lenur-ablazimov-saylandi\/#article","isPartOf":{"@id":"https:\/\/qtmm.org\/qt\/yedi-quyu-regional-meclisinin-reisi-olaraq-lenur-ablazimov-saylandi\/"},"author":{"name":"Developer","@id":"https:\/\/qtmm.org\/qt\/#\/schema\/person\/de562469f971dec226ac06e60bbf74a7"},"headline":"Yedi Quyu regional meclisini\u00f1 reisi olaraq Lenur Abl\u00e2zimov sayland\u0131","datePublished":"2013-12-21T09:43:00+00:00","dateModified":"2022-01-27T09:46:10+00:00","mainEntityOfPage":{"@id":"https:\/\/qtmm.org\/qt\/yedi-quyu-regional-meclisinin-reisi-olaraq-lenur-ablazimov-saylandi\/"},"wordCount":459,"commentCount":0,"publisher":{"@id":"https:\/\/qtmm.org\/qt\/#organization"},"image":{"@id":"https:\/\/qtmm.org\/qt\/yedi-quyu-regional-meclisinin-reisi-olaraq-lenur-ablazimov-saylandi\/#primaryimage"},"thumbnailUrl":"http:\/\/qtmm.org\/wp-content\/uploads\/2022\/01\/img_1291.jpeg","articleSection":["Haberler"],"inLanguage":"qt","potentialAction":[{"@type":"CommentAction","name":"Comment","target":["https:\/\/qtmm.org\/qt\/yedi-quyu-regional-meclisinin-reisi-olaraq-lenur-ablazimov-saylandi\/#respond"]}]},{"@type":"WebPage","@id":"https:\/\/qtmm.org\/qt\/yedi-quyu-regional-meclisinin-reisi-olaraq-lenur-ablazimov-saylandi\/","url":"https:\/\/qtmm.org\/qt\/yedi-quyu-regional-meclisinin-reisi-olaraq-lenur-ablazimov-saylandi\/","name":"Yedi Quyu regional meclisini\u00f1 reisi olaraq Lenur Abl\u00e2zimov sayland\u0131 - \u041c\u0435\u0434\u0436\u043b\u0456\u0441","isPartOf":{"@id":"https:\/\/qtmm.org\/qt\/#website"},"primaryImageOfPage":{"@id":"https:\/\/qtmm.org\/qt\/yedi-quyu-regional-meclisinin-reisi-olaraq-lenur-ablazimov-saylandi\/#primaryimage"},"image":{"@id":"https:\/\/qtmm.org\/qt\/yedi-quyu-regional-meclisinin-reisi-olaraq-lenur-ablazimov-saylandi\/#primaryimage"},"thumbnailUrl":"http:\/\/qtmm.org\/wp-content\/uploads\/2022\/01\/img_1291.jpeg","datePublished":"2013-12-21T09:43:00+00:00","dateModified":"2022-01-27T09:46:10+00:00","breadcrumb":{"@id":"https:\/\/qtmm.org\/qt\/yedi-quyu-regional-meclisinin-reisi-olaraq-lenur-ablazimov-saylandi\/#breadcrumb"},"inLanguage":"qt","potentialAction":[{"@type":"ReadAction","target":["https:\/\/qtmm.org\/qt\/yedi-quyu-regional-meclisinin-reisi-olaraq-lenur-ablazimov-saylandi\/"]}]},{"@type":"ImageObject","inLanguage":"qt","@id":"https:\/\/qtmm.org\/qt\/yedi-quyu-regional-meclisinin-reisi-olaraq-lenur-ablazimov-saylandi\/#primaryimage","url":"http:\/\/qtmm.org\/wp-content\/uploads\/2022\/01\/img_1291.jpeg","contentUrl":"http:\/\/qtmm.org\/wp-content\/uploads\/2022\/01\/img_1291.jpeg"},{"@type":"BreadcrumbList","@id":"https:\/\/qtmm.org\/qt\/yedi-quyu-regional-meclisinin-reisi-olaraq-lenur-ablazimov-saylandi\/#breadcrumb","itemListElement":[{"@type":"ListItem","position":1,"name":"\u0413\u043e\u043b\u043e\u0432\u043d\u0430","item":"https:\/\/qtmm.org\/qt\/"},{"@type":"ListItem","position":2,"name":"Yedi Quyu regional meclisini\u00f1 reisi olaraq Lenur Abl\u00e2zimov sayland\u0131"}]},{"@type":"WebSite","@id":"https:\/\/qtmm.org\/qt\/#website","url":"https:\/\/qtmm.org\/qt\/","name":"\u041c\u0435\u0434\u0436\u043b\u0456\u0441","description":"","publisher":{"@id":"https:\/\/qtmm.org\/qt\/#organization"},"potentialAction":[{"@type":"SearchAction","target":{"@type":"EntryPoint","urlTemplate":"https:\/\/qtmm.org\/qt\/?s={search_term_string}"},"query-input":{"@type":"PropertyValueSpecification","valueRequired":true,"valueName":"search_term_string"}}],"inLanguage":"qt"},{"@type":"Organization","@id":"https:\/\/qtmm.org\/qt\/#organization","name":"\u041c\u0435\u0434\u0436\u043b\u0456\u0441","url":"https:\/\/qtmm.org\/qt\/","logo":{"@type":"ImageObject","inLanguage":"qt","@id":"https:\/\/qtmm.org\/qt\/#\/schema\/logo\/image\/","url":"https:\/\/qtmm.org\/wp-content\/uploads\/2024\/12\/ua-mejlis-logo-rgb.svg","contentUrl":"https:\/\/qtmm.org\/wp-content\/uploads\/2024\/12\/ua-mejlis-logo-rgb.svg","caption":"\u041c\u0435\u0434\u0436\u043b\u0456\u0441"},"image":{"@id":"https:\/\/qtmm.org\/qt\/#\/schema\/logo\/image\/"},"sameAs":["https:\/\/www.facebook.com\/qtmm.info\/"]},{"@type":"Person","@id":"https:\/\/qtmm.org\/qt\/#\/schema\/person\/de562469f971dec226ac06e60bbf74a7","name":"Developer","image":{"@type":"ImageObject","inLanguage":"qt","@id":"https:\/\/secure.gravatar.com\/avatar\/392b4cc8fbfeb00b39dfeeab4ee6edded39ffd48e25858637e4765810300227e?s=96&d=mm&r=g","url":"https:\/\/secure.gravatar.com\/avatar\/392b4cc8fbfeb00b39dfeeab4ee6edded39ffd48e25858637e4765810300227e?s=96&d=mm&r=g","contentUrl":"https:\/\/secure.gravatar.com\/avatar\/392b4cc8fbfeb00b39dfeeab4ee6edded39ffd48e25858637e4765810300227e?s=96&d=mm&r=g","caption":"Developer"},"url":"https:\/\/qtmm.org\/qt\/author\/Developer\/"}]}},"_links":{"self":[{"href":"https:\/\/qtmm.org\/qt\/wp-json\/wp\/v2\/posts\/41901","targetHints":{"allow":["GET"]}}],"collection":[{"href":"https:\/\/qtmm.org\/qt\/wp-json\/wp\/v2\/posts"}],"about":[{"href":"https:\/\/qtmm.org\/qt\/wp-json\/wp\/v2\/types\/post"}],"author":[{"embeddable":true,"href":"https:\/\/qtmm.org\/qt\/wp-json\/wp\/v2\/users\/1"}],"replies":[{"embeddable":true,"href":"https:\/\/qtmm.org\/qt\/wp-json\/wp\/v2\/comments?post=41901"}],"version-history":[{"count":1,"href":"https:\/\/qtmm.org\/qt\/wp-json\/wp\/v2\/posts\/41901\/revisions"}],"predecessor-version":[{"id":41930,"href":"https:\/\/qtmm.org\/qt\/wp-json\/wp\/v2\/posts\/41901\/revisions\/41930"}],"wp:attachment":[{"href":"https:\/\/qtmm.org\/qt\/wp-json\/wp\/v2\/media?parent=41901"}],"wp:term":[{"taxonomy":"category","embeddable":true,"href":"https:\/\/qtmm.org\/qt\/wp-json\/wp\/v2\/categories?post=41901"},{"taxonomy":"post_tag","embeddable":true,"href":"https:\/\/qtmm.org\/qt\/wp-json\/wp\/v2\/tags?post=41901"}],"curies":[{"name":"wp","href":"https:\/\/api.w.org\/{rel}","templated":true}]}}