




{"id":41859,"date":"2013-12-21T12:40:00","date_gmt":"2013-12-21T09:40:00","guid":{"rendered":"http:\/\/qtmm.org\/?p=41859"},"modified":"2022-01-27T12:43:43","modified_gmt":"2022-01-27T09:43:43","slug":"meclis-reisi-refat-cubarov-bizim-vazifemiz-tenqidden-konkret-tekliflerge-kecmek","status":"publish","type":"post","link":"https:\/\/qtmm.org\/qt\/meclis-reisi-refat-cubarov-bizim-vazifemiz-tenqidden-konkret-tekliflerge-kecmek\/","title":{"rendered":"Meclis reisi Refat \u00c7ubarov: Bizim vazifemiz tenqidden konkret tekliflerge ke\u00e7mek"},"content":{"rendered":"\n<p>2013 senesi dekabr 21 k\u00fcn\u00fc Meclis yolba\u015f\u00e7\u0131lar\u0131 ve idare reberlerini\u00f1 Yedi Quyu (Lenin rayon\u0131), Ker\u00e7 ve Kefe \u015feerlerinden saylan\u011fan Qurultay delegatlar\u0131, yerli idare organlar\u0131, yerli \u015furalarn\u0131\u00f1 deputatlar\u0131 ve musulman cemiyetlerini\u00f1 reisleri ile topla\u015fuv\u0131 ol\u0131p ke\u00e7ti.<br>Topla\u015fuvda Meclis reisi Refat \u00c7ubarov, Meclis idare ve h\u0131zmetlerini\u00f1 ba\u015f\u0131<\/p>\n\n\n\n<figure class=\"wp-block-image size-full\"><img loading=\"lazy\" decoding=\"async\" width=\"650\" height=\"355\" src=\"http:\/\/qtmm.org\/wp-content\/uploads\/2022\/01\/img_1367.jpeg\" alt=\"\" class=\"wp-image-41860\" srcset=\"https:\/\/qtmm.org\/wp-content\/uploads\/2022\/01\/img_1367.jpeg 650w, https:\/\/qtmm.org\/wp-content\/uploads\/2022\/01\/img_1367-300x164.jpeg 300w\" sizes=\"auto, (max-width: 650px) 100vw, 650px\" \/><\/figure>\n\n\n\n<p>Zaur Smirnov, Ayder Acimambetov, Seydamet Ya\u011fyayev, Emine Avamileva, Meclis azas\u0131 G\u00fclnara Bekirova, Qurultay Tefti\u015f komissiyas\u0131n\u0131\u00f1 reisi Ali \u00d6zenba\u015f, Alu\u015fta regional meclis reisi Enver Arpatl\u0131, Q\u0131r\u0131m musulmanlar\u0131 M\u00fcftiyini\u00f1 yard\u0131mc\u0131s\u0131 Enver Noga\u015fev, bun\u0131\u00f1 kibi de Yedi quyu regional meclisni\u00f1 ya\u00f1\u0131 saylan\u011fan reisi Lenur Abl\u00e2zimov, Kefe regional meclisini\u00f1 reisi \u0130braim Murasov ve Keri\u00e7 regional meclis reisini\u00f1 muavini Esat Batalov i\u015ftirak ettiler.<\/p>\n\n\n\n<figure class=\"wp-block-image size-full\"><img loading=\"lazy\" decoding=\"async\" width=\"650\" height=\"279\" src=\"http:\/\/qtmm.org\/wp-content\/uploads\/2022\/01\/img_1366.jpeg\" alt=\"\" class=\"wp-image-41864\" srcset=\"https:\/\/qtmm.org\/wp-content\/uploads\/2022\/01\/img_1366.jpeg 650w, https:\/\/qtmm.org\/wp-content\/uploads\/2022\/01\/img_1366-300x129.jpeg 300w\" sizes=\"auto, (max-width: 650px) 100vw, 650px\" \/><\/figure>\n\n\n\n<p>Regionlarara topla\u015fuv devam\u0131nda Meclis reisi Refat \u00c7ubarov regional ve yerli meclis vekillerini kendilerine avale etilgen vazifelerni eda et\u00fcvde aktiv ve mes\u00fclietli olma\u011fa \u00e7a\u011f\u0131rd\u0131. Meclis reisi R. \u00c7ubarov \u015fun\u0131 qayd etti ki, milliy idare organlar\u0131 azalar\u0131n\u0131\u00f1 vazifesi semetde\u015flernen k\u00f6r\u00fc\u015f\u00fcvler ke\u00e7irmek, k\u00f6r\u00fc\u015f\u00fcv ve topla\u015fuvlarn\u0131\u00f1 protokollar\u0131n\u0131 al\u0131p barmaq ve yap\u0131l\u011fan i\u015f aqq\u0131nda region sakinlerini muntazam s\u00fcrette haberdar etmektir.<\/p>\n\n\n\n<figure class=\"wp-block-image size-full\"><img loading=\"lazy\" decoding=\"async\" width=\"650\" height=\"362\" src=\"http:\/\/qtmm.org\/wp-content\/uploads\/2022\/01\/img_1368_1.jpeg\" alt=\"\" class=\"wp-image-41868\" srcset=\"https:\/\/qtmm.org\/wp-content\/uploads\/2022\/01\/img_1368_1.jpeg 650w, https:\/\/qtmm.org\/wp-content\/uploads\/2022\/01\/img_1368_1-300x167.jpeg 300w\" sizes=\"auto, (max-width: 650px) 100vw, 650px\" \/><\/figure>\n\n\n\n<p>&#8220;Er bir regional ve yerli meclisni\u00f1 belli bir devirge, semetde\u015flernen keli\u015filgen konkret i\u015f plan\u0131 olmas\u0131 kerek, &#8211; dedi R. \u00c7ubarov. &#8211; Bizim vazifemiz tenqidden konkret tekliflerge ke\u00e7mek, halq menfaatlar\u0131 o\u011frunda birle\u015fip \u00e7al\u0131\u015fmaqt\u0131r. Bu ise halq\u0131m\u0131z birligi ve inki\u015faf\u0131n\u0131\u00f1 reinidir&#8221;<\/p>\n\n\n\n<figure class=\"wp-block-image size-full\"><img loading=\"lazy\" decoding=\"async\" width=\"650\" height=\"337\" src=\"http:\/\/qtmm.org\/wp-content\/uploads\/2022\/01\/img_1372.jpeg\" alt=\"\" class=\"wp-image-41872\" srcset=\"https:\/\/qtmm.org\/wp-content\/uploads\/2022\/01\/img_1372.jpeg 650w, https:\/\/qtmm.org\/wp-content\/uploads\/2022\/01\/img_1372-300x156.jpeg 300w\" sizes=\"auto, (max-width: 650px) 100vw, 650px\" \/><\/figure>\n\n\n\n<p>\u00d6z nevbetinde Meclis idare ve h\u0131zmetlerini\u00f1 yolba\u015f\u00e7\u0131lar\u0131 topla\u015fuv i\u015ftirak\u00e7ilerini faaliyetlerini\u00f1 esas vazifeleri ve y\u00f6neli\u015flerinen tan\u0131\u015f etip, Milliy Mecliste semetde\u015flerni qabul et\u00fcv cedvelini de bildirdiler.<\/p>\n\n\n\n<p>Meclis reisini\u00f1 muavini Zaur Smirnov regional ve yerli meclis reislerini\u00f1 diqqat\u0131n\u0131 olarn\u0131\u00f1 i\u015flerini m\u00fckemmelle\u015ftirecek bir s\u0131ra te\u015fkil\u00e2tiy tedbirlerge celp etti. C\u00fcmleden Milliy idare organlar\u0131, Q\u0131r\u0131mn\u0131\u00f1 devlet ve icra akimiyeti, yerli idare organlar\u0131, b\u00fct\u00fcn seviyelerdeki \u015furalarn\u0131\u00f1 deputatlar\u0131nen \u00e7al\u0131\u015fuv idaresine berilecek alt\u0131 tasdiqlan\u011fan forma, olarn\u0131 tolduruv tertibi ve ber\u00fcv m\u00fcddetlerini seslendirdi.<\/p>\n\n\n\n<figure class=\"wp-block-image size-full\"><img loading=\"lazy\" decoding=\"async\" width=\"650\" height=\"324\" src=\"http:\/\/qtmm.org\/wp-content\/uploads\/2022\/01\/img_1377.jpeg\" alt=\"\" class=\"wp-image-41876\" srcset=\"https:\/\/qtmm.org\/wp-content\/uploads\/2022\/01\/img_1377.jpeg 650w, https:\/\/qtmm.org\/wp-content\/uploads\/2022\/01\/img_1377-300x150.jpeg 300w\" sizes=\"auto, (max-width: 650px) 100vw, 650px\" \/><\/figure>\n\n\n\n<p>Q\u0131r\u0131mtatarlar s\u00fcrg\u00fcnligi aqq\u0131nda hat\u0131rlavlarn\u0131 toplav i\u015fini devam ettir\u00fcv, &#8220;Unutma&#8221; aktsiyas\u0131n\u0131\u00f1 emiyeti. Ukraina Yuqar\u0131 \u015euras\u0131n\u0131 q\u0131r\u0131mtatar halq\u0131n\u0131\u00f1 aqlar\u0131n\u0131 \u011fayr\u0131dan tiklemek ve ait qanunn\u0131\u00a0<a rel=\"noreferrer noopener\" href=\"https:\/\/secure.avaaz.org\/ru\/petition\/Verhovnaya_Rada_Ukrainy_Vosstanovlenie_prav_krymskih_tatar_i_prinyatie_sootvetstvuyushchego_zakona\/?fbdm\" target=\"_blank\">qabul etmege \u00e7a\u011f\u0131r\u011fan muracaatqa qoltutuv<\/a>\u00a0aqq\u0131nda Q\u0131r\u0131mtatar halq\u0131 milliy areket veteranlar\u0131, cemaat te\u015fkil\u00e2tlar\u0131nen ba\u011flanuv idaresini\u00f1 ba\u015f\u0131 Ayder Acimambetov aytt\u0131.<\/p>\n\n\n\n<figure class=\"wp-block-image size-full\"><img loading=\"lazy\" decoding=\"async\" width=\"650\" height=\"216\" src=\"http:\/\/qtmm.org\/wp-content\/uploads\/2022\/01\/img_1386_1.jpeg\" alt=\"\" class=\"wp-image-41880\" srcset=\"https:\/\/qtmm.org\/wp-content\/uploads\/2022\/01\/img_1386_1.jpeg 650w, https:\/\/qtmm.org\/wp-content\/uploads\/2022\/01\/img_1386_1-300x100.jpeg 300w\" sizes=\"auto, (max-width: 650px) 100vw, 650px\" \/><\/figure>\n\n\n\n<p>&#8220;2014 senesi may\u0131s 18 k\u00fcn\u00fc SSSR kommunist rejimi taraf\u0131ndan halq\u0131m\u0131z\u011fa nisbeten yap\u0131l\u011fan soyq\u0131r\u0131mn\u0131\u00f1 70 y\u0131ll\u0131\u011f\u0131 qayd etilecek, &#8211; dep hat\u0131rlatt\u0131 Ayder Acimambetov. \u2013 Ukraina devleti q\u0131r\u0131mtatar halq\u0131n\u0131\u00f1 i\u00e7timaiy, siyasiy, sotsial ve medeniy aqlar\u0131n\u0131\u00f1 \u011fayr\u0131dan tiklenmesi aqq\u0131nda i\u00e7 bir qanun qabul etmedi. Ve bu mustaqil Ukraina \u00e7er\u00e7ivesinde q\u0131r\u0131mtatarlar aqs\u0131mlanmas\u0131n\u0131\u00f1 sebebidir&#8221;. On\u0131\u00f1 aytqan\u0131na k\u00f6re muracaatn\u0131\u00f1 ba\u015f maqsadlar\u0131ndan biri Ukraina Prezidenti ve Ukraina Yuqar\u0131 \u015euras\u0131ndan 2014 senesi may\u0131s ay\u0131na qadar q\u0131r\u0131mtatar halq\u0131n\u0131\u00f1 1944 senesi may\u0131s 18-de s\u00fcrg\u00fcn etilmesini a\u00e7\u0131qtan-a\u00e7\u0131qtan qaralamaqn\u0131 talap et\u00fcvdir.<\/p>\n\n\n\n<figure class=\"wp-block-image size-full\"><img loading=\"lazy\" decoding=\"async\" width=\"650\" height=\"337\" src=\"http:\/\/qtmm.org\/wp-content\/uploads\/2022\/01\/img_1384.jpeg\" alt=\"\" class=\"wp-image-41884\" srcset=\"https:\/\/qtmm.org\/wp-content\/uploads\/2022\/01\/img_1384.jpeg 650w, https:\/\/qtmm.org\/wp-content\/uploads\/2022\/01\/img_1384-300x156.jpeg 300w\" sizes=\"auto, (max-width: 650px) 100vw, 650px\" \/><\/figure>\n\n\n\n<p>&#8220;Bundan da \u011fayr\u0131 biz q\u0131r\u0131mtatar halq\u0131n\u0131\u00f1 qaytar\u0131lmas\u0131, yerle\u015ftirilmesi ve aqlar\u0131n\u0131\u00f1 \u011fayr\u0131dan tiklenmesi boyunca qanunlar, \u015fu c\u00fcmleden q\u0131r\u0131mtatarlarn\u0131\u00f1 parlamentte vek\u00e2letligini teminlegen qanuniy mehanizmlerni k\u00f6zde tutqan &#8220;Q\u0131r\u0131m Yuqar\u0131 \u015euras\u0131 ve yerli \u015furalarn\u0131\u00f1 deputatlar\u0131n\u0131 saylav aqq\u0131nda&#8221; qanunn\u0131\u00f1 qabul etilmesini talap etemiz&#8221;.<\/p>\n\n\n\n<figure class=\"wp-block-image size-full\"><img loading=\"lazy\" decoding=\"async\" width=\"650\" height=\"232\" src=\"http:\/\/qtmm.org\/wp-content\/uploads\/2022\/01\/img_1388_1.jpeg\" alt=\"\" class=\"wp-image-41888\" srcset=\"https:\/\/qtmm.org\/wp-content\/uploads\/2022\/01\/img_1388_1.jpeg 650w, https:\/\/qtmm.org\/wp-content\/uploads\/2022\/01\/img_1388_1-300x107.jpeg 300w\" sizes=\"auto, (max-width: 650px) 100vw, 650px\" \/><\/figure>\n\n\n\n<p>\u00d6z nevbetinde topla\u015fuv i\u015ftirak\u00e7ileri topla\u015fuvda seslendirilgen mesele ve tevsiyeler boyunca semetde\u015flerimiz aras\u0131nda a\u00f1latuv i\u015fini al\u0131p barma\u011fa az\u0131rl\u0131qlar\u0131n\u0131 bildirip, k\u00f6y ve qasabalarda milliy ne\u015firlerge abune kampaniyas\u0131na qoltutmaq zarurl\u0131\u011f\u0131n\u0131 qayd ettiler.<\/p>\n\n\n\n<p><strong>Hat\u0131rlatam\u0131z ki<\/strong>,\u00a0<em>nevbetteki keni\u015fletilgen topla\u015fuv 2013 senesi dekabr 26 k\u00fcn\u00fc Aqyarda \u00f6tkerilecek.<\/em><\/p>\n\n\n\n<figure class=\"wp-block-image size-full\"><img loading=\"lazy\" decoding=\"async\" width=\"650\" height=\"332\" src=\"http:\/\/qtmm.org\/wp-content\/uploads\/2022\/01\/img_1381_1.jpeg\" alt=\"\" class=\"wp-image-41892\" srcset=\"https:\/\/qtmm.org\/wp-content\/uploads\/2022\/01\/img_1381_1.jpeg 650w, https:\/\/qtmm.org\/wp-content\/uploads\/2022\/01\/img_1381_1-300x153.jpeg 300w\" sizes=\"auto, (max-width: 650px) 100vw, 650px\" \/><\/figure>\n\n\n\n<figure class=\"wp-block-image size-full\"><img loading=\"lazy\" decoding=\"async\" width=\"650\" height=\"276\" src=\"http:\/\/qtmm.org\/wp-content\/uploads\/2022\/01\/img_1390.jpeg\" alt=\"\" class=\"wp-image-41896\" srcset=\"https:\/\/qtmm.org\/wp-content\/uploads\/2022\/01\/img_1390.jpeg 650w, https:\/\/qtmm.org\/wp-content\/uploads\/2022\/01\/img_1390-300x127.jpeg 300w\" sizes=\"auto, (max-width: 650px) 100vw, 650px\" \/><\/figure>\n","protected":false},"excerpt":{"rendered":"<p>2013 senesi dekabr 21 k\u00fcn\u00fc Meclis yolba\u015f\u00e7\u0131lar\u0131 ve idare reberlerini\u00f1 Yedi Quyu (Lenin rayon\u0131), Ker\u00e7 ve Kefe \u015feerlerinden saylan\u011fan Qurultay delegatlar\u0131, yerli idare organlar\u0131, yerli \u015furalarn\u0131\u00f1 deputatlar\u0131 ve musulman cemiyetlerini\u00f1 reisleri ile topla\u015fuv\u0131 ol\u0131p ke\u00e7ti.Topla\u015fuvda Meclis reisi Refat \u00c7ubarov, Meclis idare ve h\u0131zmetlerini\u00f1 ba\u015f\u0131 Zaur Smirnov, Ayder Acimambetov, Seydamet Ya\u011fyayev, Emine Avamileva, Meclis azas\u0131 G\u00fclnara [&hellip;]<\/p>\n","protected":false},"author":1,"featured_media":0,"comment_status":"open","ping_status":"open","sticky":false,"template":"","format":"standard","meta":{"inline_featured_image":false,"footnotes":""},"categories":[265],"tags":[],"class_list":["post-41859","post","type-post","status-publish","format-standard","hentry","category-haberler"],"acf":[],"yoast_head":"<!-- This site is optimized with the Yoast SEO plugin v27.4 - https:\/\/yoast.com\/product\/yoast-seo-wordpress\/ -->\n<title>Meclis reisi Refat \u00c7ubarov: Bizim vazifemiz tenqidden konkret tekliflerge ke\u00e7mek - \u041c\u0435\u0434\u0436\u043b\u0456\u0441<\/title>\n<meta name=\"robots\" content=\"index, follow, max-snippet:-1, max-image-preview:large, max-video-preview:-1\" \/>\n<link rel=\"canonical\" href=\"https:\/\/qtmm.org\/qt\/meclis-reisi-refat-cubarov-bizim-vazifemiz-tenqidden-konkret-tekliflerge-kecmek\/\" \/>\n<meta property=\"og:locale\" content=\"en_US\" \/>\n<meta property=\"og:type\" content=\"article\" \/>\n<meta property=\"og:title\" content=\"Meclis reisi Refat \u00c7ubarov: Bizim vazifemiz tenqidden konkret tekliflerge ke\u00e7mek - \u041c\u0435\u0434\u0436\u043b\u0456\u0441\" \/>\n<meta property=\"og:description\" content=\"2013 senesi dekabr 21 k\u00fcn\u00fc Meclis yolba\u015f\u00e7\u0131lar\u0131 ve idare reberlerini\u00f1 Yedi Quyu (Lenin rayon\u0131), Ker\u00e7 ve Kefe \u015feerlerinden saylan\u011fan Qurultay delegatlar\u0131, yerli idare organlar\u0131, yerli \u015furalarn\u0131\u00f1 deputatlar\u0131 ve musulman cemiyetlerini\u00f1 reisleri ile topla\u015fuv\u0131 ol\u0131p ke\u00e7ti.Topla\u015fuvda Meclis reisi Refat \u00c7ubarov, Meclis idare ve h\u0131zmetlerini\u00f1 ba\u015f\u0131 Zaur Smirnov, Ayder Acimambetov, Seydamet Ya\u011fyayev, Emine Avamileva, Meclis azas\u0131 G\u00fclnara [&hellip;]\" \/>\n<meta property=\"og:url\" content=\"https:\/\/qtmm.org\/qt\/meclis-reisi-refat-cubarov-bizim-vazifemiz-tenqidden-konkret-tekliflerge-kecmek\/\" \/>\n<meta property=\"og:site_name\" content=\"\u041c\u0435\u0434\u0436\u043b\u0456\u0441\" \/>\n<meta property=\"article:publisher\" content=\"https:\/\/www.facebook.com\/qtmm.info\/\" \/>\n<meta property=\"article:published_time\" content=\"2013-12-21T09:40:00+00:00\" \/>\n<meta property=\"article:modified_time\" content=\"2022-01-27T09:43:43+00:00\" \/>\n<meta property=\"og:image\" content=\"https:\/\/qtmm.org\/wp-content\/uploads\/2022\/01\/img_1367.jpeg\" \/>\n\t<meta property=\"og:image:width\" content=\"650\" \/>\n\t<meta property=\"og:image:height\" content=\"355\" \/>\n\t<meta property=\"og:image:type\" content=\"image\/jpeg\" \/>\n<meta name=\"author\" content=\"Developer\" \/>\n<meta name=\"twitter:card\" content=\"summary_large_image\" \/>\n<meta name=\"twitter:label1\" content=\"Written by\" \/>\n\t<meta name=\"twitter:data1\" content=\"Developer\" \/>\n\t<meta name=\"twitter:label2\" content=\"Est. reading time\" \/>\n\t<meta name=\"twitter:data2\" content=\"3 minutes\" \/>\n<script type=\"application\/ld+json\" class=\"yoast-schema-graph\">{\"@context\":\"https:\\\/\\\/schema.org\",\"@graph\":[{\"@type\":\"Article\",\"@id\":\"https:\\\/\\\/qtmm.org\\\/qt\\\/meclis-reisi-refat-cubarov-bizim-vazifemiz-tenqidden-konkret-tekliflerge-kecmek\\\/#article\",\"isPartOf\":{\"@id\":\"https:\\\/\\\/qtmm.org\\\/qt\\\/meclis-reisi-refat-cubarov-bizim-vazifemiz-tenqidden-konkret-tekliflerge-kecmek\\\/\"},\"author\":{\"name\":\"Developer\",\"@id\":\"https:\\\/\\\/qtmm.org\\\/qt\\\/#\\\/schema\\\/person\\\/de562469f971dec226ac06e60bbf74a7\"},\"headline\":\"Meclis reisi Refat \u00c7ubarov: Bizim vazifemiz tenqidden konkret tekliflerge ke\u00e7mek\",\"datePublished\":\"2013-12-21T09:40:00+00:00\",\"dateModified\":\"2022-01-27T09:43:43+00:00\",\"mainEntityOfPage\":{\"@id\":\"https:\\\/\\\/qtmm.org\\\/qt\\\/meclis-reisi-refat-cubarov-bizim-vazifemiz-tenqidden-konkret-tekliflerge-kecmek\\\/\"},\"wordCount\":649,\"commentCount\":0,\"publisher\":{\"@id\":\"https:\\\/\\\/qtmm.org\\\/qt\\\/#organization\"},\"image\":{\"@id\":\"https:\\\/\\\/qtmm.org\\\/qt\\\/meclis-reisi-refat-cubarov-bizim-vazifemiz-tenqidden-konkret-tekliflerge-kecmek\\\/#primaryimage\"},\"thumbnailUrl\":\"http:\\\/\\\/qtmm.org\\\/wp-content\\\/uploads\\\/2022\\\/01\\\/img_1367.jpeg\",\"articleSection\":[\"Haberler\"],\"inLanguage\":\"qt\",\"potentialAction\":[{\"@type\":\"CommentAction\",\"name\":\"Comment\",\"target\":[\"https:\\\/\\\/qtmm.org\\\/qt\\\/meclis-reisi-refat-cubarov-bizim-vazifemiz-tenqidden-konkret-tekliflerge-kecmek\\\/#respond\"]}]},{\"@type\":\"WebPage\",\"@id\":\"https:\\\/\\\/qtmm.org\\\/qt\\\/meclis-reisi-refat-cubarov-bizim-vazifemiz-tenqidden-konkret-tekliflerge-kecmek\\\/\",\"url\":\"https:\\\/\\\/qtmm.org\\\/qt\\\/meclis-reisi-refat-cubarov-bizim-vazifemiz-tenqidden-konkret-tekliflerge-kecmek\\\/\",\"name\":\"Meclis reisi Refat \u00c7ubarov: Bizim vazifemiz tenqidden konkret tekliflerge ke\u00e7mek - \u041c\u0435\u0434\u0436\u043b\u0456\u0441\",\"isPartOf\":{\"@id\":\"https:\\\/\\\/qtmm.org\\\/qt\\\/#website\"},\"primaryImageOfPage\":{\"@id\":\"https:\\\/\\\/qtmm.org\\\/qt\\\/meclis-reisi-refat-cubarov-bizim-vazifemiz-tenqidden-konkret-tekliflerge-kecmek\\\/#primaryimage\"},\"image\":{\"@id\":\"https:\\\/\\\/qtmm.org\\\/qt\\\/meclis-reisi-refat-cubarov-bizim-vazifemiz-tenqidden-konkret-tekliflerge-kecmek\\\/#primaryimage\"},\"thumbnailUrl\":\"http:\\\/\\\/qtmm.org\\\/wp-content\\\/uploads\\\/2022\\\/01\\\/img_1367.jpeg\",\"datePublished\":\"2013-12-21T09:40:00+00:00\",\"dateModified\":\"2022-01-27T09:43:43+00:00\",\"breadcrumb\":{\"@id\":\"https:\\\/\\\/qtmm.org\\\/qt\\\/meclis-reisi-refat-cubarov-bizim-vazifemiz-tenqidden-konkret-tekliflerge-kecmek\\\/#breadcrumb\"},\"inLanguage\":\"qt\",\"potentialAction\":[{\"@type\":\"ReadAction\",\"target\":[\"https:\\\/\\\/qtmm.org\\\/qt\\\/meclis-reisi-refat-cubarov-bizim-vazifemiz-tenqidden-konkret-tekliflerge-kecmek\\\/\"]}]},{\"@type\":\"ImageObject\",\"inLanguage\":\"qt\",\"@id\":\"https:\\\/\\\/qtmm.org\\\/qt\\\/meclis-reisi-refat-cubarov-bizim-vazifemiz-tenqidden-konkret-tekliflerge-kecmek\\\/#primaryimage\",\"url\":\"http:\\\/\\\/qtmm.org\\\/wp-content\\\/uploads\\\/2022\\\/01\\\/img_1367.jpeg\",\"contentUrl\":\"http:\\\/\\\/qtmm.org\\\/wp-content\\\/uploads\\\/2022\\\/01\\\/img_1367.jpeg\"},{\"@type\":\"BreadcrumbList\",\"@id\":\"https:\\\/\\\/qtmm.org\\\/qt\\\/meclis-reisi-refat-cubarov-bizim-vazifemiz-tenqidden-konkret-tekliflerge-kecmek\\\/#breadcrumb\",\"itemListElement\":[{\"@type\":\"ListItem\",\"position\":1,\"name\":\"\u0413\u043e\u043b\u043e\u0432\u043d\u0430\",\"item\":\"https:\\\/\\\/qtmm.org\\\/qt\\\/\"},{\"@type\":\"ListItem\",\"position\":2,\"name\":\"Meclis reisi Refat \u00c7ubarov: Bizim vazifemiz tenqidden konkret tekliflerge ke\u00e7mek\"}]},{\"@type\":\"WebSite\",\"@id\":\"https:\\\/\\\/qtmm.org\\\/qt\\\/#website\",\"url\":\"https:\\\/\\\/qtmm.org\\\/qt\\\/\",\"name\":\"\u041c\u0435\u0434\u0436\u043b\u0456\u0441\",\"description\":\"\",\"publisher\":{\"@id\":\"https:\\\/\\\/qtmm.org\\\/qt\\\/#organization\"},\"potentialAction\":[{\"@type\":\"SearchAction\",\"target\":{\"@type\":\"EntryPoint\",\"urlTemplate\":\"https:\\\/\\\/qtmm.org\\\/qt\\\/?s={search_term_string}\"},\"query-input\":{\"@type\":\"PropertyValueSpecification\",\"valueRequired\":true,\"valueName\":\"search_term_string\"}}],\"inLanguage\":\"qt\"},{\"@type\":\"Organization\",\"@id\":\"https:\\\/\\\/qtmm.org\\\/qt\\\/#organization\",\"name\":\"\u041c\u0435\u0434\u0436\u043b\u0456\u0441\",\"url\":\"https:\\\/\\\/qtmm.org\\\/qt\\\/\",\"logo\":{\"@type\":\"ImageObject\",\"inLanguage\":\"qt\",\"@id\":\"https:\\\/\\\/qtmm.org\\\/qt\\\/#\\\/schema\\\/logo\\\/image\\\/\",\"url\":\"https:\\\/\\\/qtmm.org\\\/wp-content\\\/uploads\\\/2024\\\/12\\\/ua-mejlis-logo-rgb.svg\",\"contentUrl\":\"https:\\\/\\\/qtmm.org\\\/wp-content\\\/uploads\\\/2024\\\/12\\\/ua-mejlis-logo-rgb.svg\",\"caption\":\"\u041c\u0435\u0434\u0436\u043b\u0456\u0441\"},\"image\":{\"@id\":\"https:\\\/\\\/qtmm.org\\\/qt\\\/#\\\/schema\\\/logo\\\/image\\\/\"},\"sameAs\":[\"https:\\\/\\\/www.facebook.com\\\/qtmm.info\\\/\"]},{\"@type\":\"Person\",\"@id\":\"https:\\\/\\\/qtmm.org\\\/qt\\\/#\\\/schema\\\/person\\\/de562469f971dec226ac06e60bbf74a7\",\"name\":\"Developer\",\"image\":{\"@type\":\"ImageObject\",\"inLanguage\":\"qt\",\"@id\":\"https:\\\/\\\/secure.gravatar.com\\\/avatar\\\/392b4cc8fbfeb00b39dfeeab4ee6edded39ffd48e25858637e4765810300227e?s=96&d=mm&r=g\",\"url\":\"https:\\\/\\\/secure.gravatar.com\\\/avatar\\\/392b4cc8fbfeb00b39dfeeab4ee6edded39ffd48e25858637e4765810300227e?s=96&d=mm&r=g\",\"contentUrl\":\"https:\\\/\\\/secure.gravatar.com\\\/avatar\\\/392b4cc8fbfeb00b39dfeeab4ee6edded39ffd48e25858637e4765810300227e?s=96&d=mm&r=g\",\"caption\":\"Developer\"},\"url\":\"https:\\\/\\\/qtmm.org\\\/qt\\\/author\\\/Developer\\\/\"}]}<\/script>\n<!-- \/ Yoast SEO plugin. -->","yoast_head_json":{"title":"Meclis reisi Refat \u00c7ubarov: Bizim vazifemiz tenqidden konkret tekliflerge ke\u00e7mek - \u041c\u0435\u0434\u0436\u043b\u0456\u0441","robots":{"index":"index","follow":"follow","max-snippet":"max-snippet:-1","max-image-preview":"max-image-preview:large","max-video-preview":"max-video-preview:-1"},"canonical":"https:\/\/qtmm.org\/qt\/meclis-reisi-refat-cubarov-bizim-vazifemiz-tenqidden-konkret-tekliflerge-kecmek\/","og_locale":"en_US","og_type":"article","og_title":"Meclis reisi Refat \u00c7ubarov: Bizim vazifemiz tenqidden konkret tekliflerge ke\u00e7mek - \u041c\u0435\u0434\u0436\u043b\u0456\u0441","og_description":"2013 senesi dekabr 21 k\u00fcn\u00fc Meclis yolba\u015f\u00e7\u0131lar\u0131 ve idare reberlerini\u00f1 Yedi Quyu (Lenin rayon\u0131), Ker\u00e7 ve Kefe \u015feerlerinden saylan\u011fan Qurultay delegatlar\u0131, yerli idare organlar\u0131, yerli \u015furalarn\u0131\u00f1 deputatlar\u0131 ve musulman cemiyetlerini\u00f1 reisleri ile topla\u015fuv\u0131 ol\u0131p ke\u00e7ti.Topla\u015fuvda Meclis reisi Refat \u00c7ubarov, Meclis idare ve h\u0131zmetlerini\u00f1 ba\u015f\u0131 Zaur Smirnov, Ayder Acimambetov, Seydamet Ya\u011fyayev, Emine Avamileva, Meclis azas\u0131 G\u00fclnara [&hellip;]","og_url":"https:\/\/qtmm.org\/qt\/meclis-reisi-refat-cubarov-bizim-vazifemiz-tenqidden-konkret-tekliflerge-kecmek\/","og_site_name":"\u041c\u0435\u0434\u0436\u043b\u0456\u0441","article_publisher":"https:\/\/www.facebook.com\/qtmm.info\/","article_published_time":"2013-12-21T09:40:00+00:00","article_modified_time":"2022-01-27T09:43:43+00:00","og_image":[{"width":650,"height":355,"url":"https:\/\/qtmm.org\/wp-content\/uploads\/2022\/01\/img_1367.jpeg","type":"image\/jpeg"}],"author":"Developer","twitter_card":"summary_large_image","twitter_misc":{"Written by":"Developer","Est. reading time":"3 minutes"},"schema":{"@context":"https:\/\/schema.org","@graph":[{"@type":"Article","@id":"https:\/\/qtmm.org\/qt\/meclis-reisi-refat-cubarov-bizim-vazifemiz-tenqidden-konkret-tekliflerge-kecmek\/#article","isPartOf":{"@id":"https:\/\/qtmm.org\/qt\/meclis-reisi-refat-cubarov-bizim-vazifemiz-tenqidden-konkret-tekliflerge-kecmek\/"},"author":{"name":"Developer","@id":"https:\/\/qtmm.org\/qt\/#\/schema\/person\/de562469f971dec226ac06e60bbf74a7"},"headline":"Meclis reisi Refat \u00c7ubarov: Bizim vazifemiz tenqidden konkret tekliflerge ke\u00e7mek","datePublished":"2013-12-21T09:40:00+00:00","dateModified":"2022-01-27T09:43:43+00:00","mainEntityOfPage":{"@id":"https:\/\/qtmm.org\/qt\/meclis-reisi-refat-cubarov-bizim-vazifemiz-tenqidden-konkret-tekliflerge-kecmek\/"},"wordCount":649,"commentCount":0,"publisher":{"@id":"https:\/\/qtmm.org\/qt\/#organization"},"image":{"@id":"https:\/\/qtmm.org\/qt\/meclis-reisi-refat-cubarov-bizim-vazifemiz-tenqidden-konkret-tekliflerge-kecmek\/#primaryimage"},"thumbnailUrl":"http:\/\/qtmm.org\/wp-content\/uploads\/2022\/01\/img_1367.jpeg","articleSection":["Haberler"],"inLanguage":"qt","potentialAction":[{"@type":"CommentAction","name":"Comment","target":["https:\/\/qtmm.org\/qt\/meclis-reisi-refat-cubarov-bizim-vazifemiz-tenqidden-konkret-tekliflerge-kecmek\/#respond"]}]},{"@type":"WebPage","@id":"https:\/\/qtmm.org\/qt\/meclis-reisi-refat-cubarov-bizim-vazifemiz-tenqidden-konkret-tekliflerge-kecmek\/","url":"https:\/\/qtmm.org\/qt\/meclis-reisi-refat-cubarov-bizim-vazifemiz-tenqidden-konkret-tekliflerge-kecmek\/","name":"Meclis reisi Refat \u00c7ubarov: Bizim vazifemiz tenqidden konkret tekliflerge ke\u00e7mek - \u041c\u0435\u0434\u0436\u043b\u0456\u0441","isPartOf":{"@id":"https:\/\/qtmm.org\/qt\/#website"},"primaryImageOfPage":{"@id":"https:\/\/qtmm.org\/qt\/meclis-reisi-refat-cubarov-bizim-vazifemiz-tenqidden-konkret-tekliflerge-kecmek\/#primaryimage"},"image":{"@id":"https:\/\/qtmm.org\/qt\/meclis-reisi-refat-cubarov-bizim-vazifemiz-tenqidden-konkret-tekliflerge-kecmek\/#primaryimage"},"thumbnailUrl":"http:\/\/qtmm.org\/wp-content\/uploads\/2022\/01\/img_1367.jpeg","datePublished":"2013-12-21T09:40:00+00:00","dateModified":"2022-01-27T09:43:43+00:00","breadcrumb":{"@id":"https:\/\/qtmm.org\/qt\/meclis-reisi-refat-cubarov-bizim-vazifemiz-tenqidden-konkret-tekliflerge-kecmek\/#breadcrumb"},"inLanguage":"qt","potentialAction":[{"@type":"ReadAction","target":["https:\/\/qtmm.org\/qt\/meclis-reisi-refat-cubarov-bizim-vazifemiz-tenqidden-konkret-tekliflerge-kecmek\/"]}]},{"@type":"ImageObject","inLanguage":"qt","@id":"https:\/\/qtmm.org\/qt\/meclis-reisi-refat-cubarov-bizim-vazifemiz-tenqidden-konkret-tekliflerge-kecmek\/#primaryimage","url":"http:\/\/qtmm.org\/wp-content\/uploads\/2022\/01\/img_1367.jpeg","contentUrl":"http:\/\/qtmm.org\/wp-content\/uploads\/2022\/01\/img_1367.jpeg"},{"@type":"BreadcrumbList","@id":"https:\/\/qtmm.org\/qt\/meclis-reisi-refat-cubarov-bizim-vazifemiz-tenqidden-konkret-tekliflerge-kecmek\/#breadcrumb","itemListElement":[{"@type":"ListItem","position":1,"name":"\u0413\u043e\u043b\u043e\u0432\u043d\u0430","item":"https:\/\/qtmm.org\/qt\/"},{"@type":"ListItem","position":2,"name":"Meclis reisi Refat \u00c7ubarov: Bizim vazifemiz tenqidden konkret tekliflerge ke\u00e7mek"}]},{"@type":"WebSite","@id":"https:\/\/qtmm.org\/qt\/#website","url":"https:\/\/qtmm.org\/qt\/","name":"\u041c\u0435\u0434\u0436\u043b\u0456\u0441","description":"","publisher":{"@id":"https:\/\/qtmm.org\/qt\/#organization"},"potentialAction":[{"@type":"SearchAction","target":{"@type":"EntryPoint","urlTemplate":"https:\/\/qtmm.org\/qt\/?s={search_term_string}"},"query-input":{"@type":"PropertyValueSpecification","valueRequired":true,"valueName":"search_term_string"}}],"inLanguage":"qt"},{"@type":"Organization","@id":"https:\/\/qtmm.org\/qt\/#organization","name":"\u041c\u0435\u0434\u0436\u043b\u0456\u0441","url":"https:\/\/qtmm.org\/qt\/","logo":{"@type":"ImageObject","inLanguage":"qt","@id":"https:\/\/qtmm.org\/qt\/#\/schema\/logo\/image\/","url":"https:\/\/qtmm.org\/wp-content\/uploads\/2024\/12\/ua-mejlis-logo-rgb.svg","contentUrl":"https:\/\/qtmm.org\/wp-content\/uploads\/2024\/12\/ua-mejlis-logo-rgb.svg","caption":"\u041c\u0435\u0434\u0436\u043b\u0456\u0441"},"image":{"@id":"https:\/\/qtmm.org\/qt\/#\/schema\/logo\/image\/"},"sameAs":["https:\/\/www.facebook.com\/qtmm.info\/"]},{"@type":"Person","@id":"https:\/\/qtmm.org\/qt\/#\/schema\/person\/de562469f971dec226ac06e60bbf74a7","name":"Developer","image":{"@type":"ImageObject","inLanguage":"qt","@id":"https:\/\/secure.gravatar.com\/avatar\/392b4cc8fbfeb00b39dfeeab4ee6edded39ffd48e25858637e4765810300227e?s=96&d=mm&r=g","url":"https:\/\/secure.gravatar.com\/avatar\/392b4cc8fbfeb00b39dfeeab4ee6edded39ffd48e25858637e4765810300227e?s=96&d=mm&r=g","contentUrl":"https:\/\/secure.gravatar.com\/avatar\/392b4cc8fbfeb00b39dfeeab4ee6edded39ffd48e25858637e4765810300227e?s=96&d=mm&r=g","caption":"Developer"},"url":"https:\/\/qtmm.org\/qt\/author\/Developer\/"}]}},"_links":{"self":[{"href":"https:\/\/qtmm.org\/qt\/wp-json\/wp\/v2\/posts\/41859","targetHints":{"allow":["GET"]}}],"collection":[{"href":"https:\/\/qtmm.org\/qt\/wp-json\/wp\/v2\/posts"}],"about":[{"href":"https:\/\/qtmm.org\/qt\/wp-json\/wp\/v2\/types\/post"}],"author":[{"embeddable":true,"href":"https:\/\/qtmm.org\/qt\/wp-json\/wp\/v2\/users\/1"}],"replies":[{"embeddable":true,"href":"https:\/\/qtmm.org\/qt\/wp-json\/wp\/v2\/comments?post=41859"}],"version-history":[{"count":1,"href":"https:\/\/qtmm.org\/qt\/wp-json\/wp\/v2\/posts\/41859\/revisions"}],"predecessor-version":[{"id":41900,"href":"https:\/\/qtmm.org\/qt\/wp-json\/wp\/v2\/posts\/41859\/revisions\/41900"}],"wp:attachment":[{"href":"https:\/\/qtmm.org\/qt\/wp-json\/wp\/v2\/media?parent=41859"}],"wp:term":[{"taxonomy":"category","embeddable":true,"href":"https:\/\/qtmm.org\/qt\/wp-json\/wp\/v2\/categories?post=41859"},{"taxonomy":"post_tag","embeddable":true,"href":"https:\/\/qtmm.org\/qt\/wp-json\/wp\/v2\/tags?post=41859"}],"curies":[{"name":"wp","href":"https:\/\/api.w.org\/{rel}","templated":true}]}}