




{"id":41849,"date":"2013-12-20T12:39:00","date_gmt":"2013-12-20T09:39:00","guid":{"rendered":"http:\/\/qtmm.org\/?p=41849"},"modified":"2022-01-27T12:40:34","modified_gmt":"2022-01-27T09:40:34","slug":"refat-cubarov-milliy-tasilni-gayridan-tiklev-ogrunda-qirimtatar-halqi-ilmiy-cemaatcliginin-birlesmesi-zarur","status":"publish","type":"post","link":"https:\/\/qtmm.org\/qt\/refat-cubarov-milliy-tasilni-gayridan-tiklev-ogrunda-qirimtatar-halqi-ilmiy-cemaatcliginin-birlesmesi-zarur\/","title":{"rendered":"Refat \u00c7ubarov: \u00abMilliy tasilni \u011fayr\u0131dan tiklev o\u011frunda q\u0131r\u0131mtatar halq\u0131 ilmiy cemaat\u00e7l\u0131\u011f\u0131n\u0131\u00f1 birle\u015fmesi zarur\u00bb"},"content":{"rendered":"\n<p>Dekabr 20 k\u00fcn\u00fc Q\u0131r\u0131mtatar halq\u0131 Meclisini\u00f1 ofisinde Meclis reisi Refat \u00c7ubarov Tavriya Milliy Universiteti q\u0131r\u0131mtatar ve \u015farq filologiyas\u0131 fakultetini\u00f1 dekan\u0131 professor Ayder Memetov ile k\u00f6r\u00fc\u015fti. Meclisni\u00f1 q\u0131r\u0131mtatar tilinde tasil ve q\u0131r\u0131mtatar tilini Q\u0131r\u0131mn\u0131\u00f1 devlet ve cemaat ayat\u0131na tadbiq et\u00fcv meseleleri boyunca Emine Avamileva da i\u015ftirak etken bu<\/p>\n\n\n\n<p>k\u00f6r\u00fc\u015f\u00fcvde q\u0131r\u0131mtatar ve \u015farq filologiyas\u0131 fakultetini\u00f1 faaliyetine dair meseleler muzakere olund\u0131. C\u00fcmleden, Ayder Memetov tekrar qayd etti ki, reberligindeki fakultetni\u00f1 universitet yolba\u015f\u00e7\u0131lar\u0131 taraf\u0131ndan tarqat\u0131l\u011fan\u0131 taqdirde menfiy aqibetlerge ketiirebilir.<\/p>\n\n\n\n<p>Meclis reisi bun\u0131\u00f1 kibi de q\u0131r\u0131mtatar tilinde oqut\u0131l\u011fan mektepler i\u00e7\u00fcn ocalarn\u0131 az\u0131rlav problemini de muzakere etmekni teklif etti. Birinci nevbette fen ocalar\u0131n\u0131, yani derslerini q\u0131r\u0131mtatar tilinde al\u0131p bar\u011fan tarih, cemiyet, ahl\u00e2q, co\u011frafiya, biologiya, fizika ve diger fen ocalar\u0131n\u0131 az\u0131rlav aqq\u0131nda s\u00f6z y\u00fcrsetildi. Ayder Memetovn\u0131\u00f1 bildirgenine k\u00f6re, milliy mektep ve s\u0131n\u0131flarn\u0131 zarur kadrlarnen teminlemek i\u00e7\u00fcn on\u0131\u00f1 fakulteti bu fen ocalar\u0131n\u0131 az\u0131rlama\u011fa az\u0131r.<br><br>Refat \u00c7ubarov ise Q\u0131r\u0131mtatar halq\u0131n\u0131\u00f1 Meclisi TMU Q\u0131r\u0131mtatar ve \u015farq filologiyas\u0131 fakultetine qoltutma\u011fa az\u0131rl\u0131\u011f\u0131n\u0131 bildirip, Milliy Meclis faaliyetini\u00f1 esas y\u00f6neli\u015flerinden biri ol\u011fan milliy tasilni \u011fayr\u0131dan tiklev o\u011frunda q\u0131r\u0131mtatar halq\u0131n\u0131\u00f1 ilmiy cemaat\u00e7l\u0131\u011f\u0131n\u0131\u00f1 birle\u015fmesi zarurl\u0131\u011f\u0131n\u0131 qayd etti.<\/p>\n\n\n\n<figure class=\"wp-block-image size-full\"><img loading=\"lazy\" decoding=\"async\" width=\"650\" height=\"286\" src=\"http:\/\/qtmm.org\/wp-content\/uploads\/2022\/01\/image2.jpeg\" alt=\"\" class=\"wp-image-41854\" srcset=\"https:\/\/qtmm.org\/wp-content\/uploads\/2022\/01\/image2.jpeg 650w, https:\/\/qtmm.org\/wp-content\/uploads\/2022\/01\/image2-300x132.jpeg 300w\" sizes=\"auto, (max-width: 650px) 100vw, 650px\" \/><\/figure>\n","protected":false},"excerpt":{"rendered":"<p>Dekabr 20 k\u00fcn\u00fc Q\u0131r\u0131mtatar halq\u0131 Meclisini\u00f1 ofisinde Meclis reisi Refat \u00c7ubarov Tavriya Milliy Universiteti q\u0131r\u0131mtatar ve \u015farq filologiyas\u0131 fakultetini\u00f1 dekan\u0131 professor Ayder Memetov ile k\u00f6r\u00fc\u015fti. Meclisni\u00f1 q\u0131r\u0131mtatar tilinde tasil ve q\u0131r\u0131mtatar tilini Q\u0131r\u0131mn\u0131\u00f1 devlet ve cemaat ayat\u0131na tadbiq et\u00fcv meseleleri boyunca Emine Avamileva da i\u015ftirak etken bu k\u00f6r\u00fc\u015f\u00fcvde q\u0131r\u0131mtatar ve \u015farq filologiyas\u0131 fakultetini\u00f1 faaliyetine dair [&hellip;]<\/p>\n","protected":false},"author":1,"featured_media":41850,"comment_status":"open","ping_status":"open","sticky":false,"template":"","format":"standard","meta":{"inline_featured_image":false,"footnotes":""},"categories":[265],"tags":[],"class_list":["post-41849","post","type-post","status-publish","format-standard","has-post-thumbnail","hentry","category-haberler"],"acf":[],"yoast_head":"<!-- This site is optimized with the Yoast SEO plugin v27.4 - https:\/\/yoast.com\/product\/yoast-seo-wordpress\/ -->\n<title>Refat \u00c7ubarov: \u00abMilliy tasilni \u011fayr\u0131dan tiklev o\u011frunda q\u0131r\u0131mtatar halq\u0131 ilmiy cemaat\u00e7l\u0131\u011f\u0131n\u0131\u00f1 birle\u015fmesi zarur\u00bb - \u041c\u0435\u0434\u0436\u043b\u0456\u0441<\/title>\n<meta name=\"robots\" content=\"index, follow, max-snippet:-1, max-image-preview:large, max-video-preview:-1\" \/>\n<link rel=\"canonical\" href=\"https:\/\/qtmm.org\/qt\/refat-cubarov-milliy-tasilni-gayridan-tiklev-ogrunda-qirimtatar-halqi-ilmiy-cemaatcliginin-birlesmesi-zarur\/\" \/>\n<meta property=\"og:locale\" content=\"en_US\" \/>\n<meta property=\"og:type\" content=\"article\" \/>\n<meta property=\"og:title\" content=\"Refat \u00c7ubarov: \u00abMilliy tasilni \u011fayr\u0131dan tiklev o\u011frunda q\u0131r\u0131mtatar halq\u0131 ilmiy cemaat\u00e7l\u0131\u011f\u0131n\u0131\u00f1 birle\u015fmesi zarur\u00bb - \u041c\u0435\u0434\u0436\u043b\u0456\u0441\" \/>\n<meta property=\"og:description\" content=\"Dekabr 20 k\u00fcn\u00fc Q\u0131r\u0131mtatar halq\u0131 Meclisini\u00f1 ofisinde Meclis reisi Refat \u00c7ubarov Tavriya Milliy Universiteti q\u0131r\u0131mtatar ve \u015farq filologiyas\u0131 fakultetini\u00f1 dekan\u0131 professor Ayder Memetov ile k\u00f6r\u00fc\u015fti. Meclisni\u00f1 q\u0131r\u0131mtatar tilinde tasil ve q\u0131r\u0131mtatar tilini Q\u0131r\u0131mn\u0131\u00f1 devlet ve cemaat ayat\u0131na tadbiq et\u00fcv meseleleri boyunca Emine Avamileva da i\u015ftirak etken bu k\u00f6r\u00fc\u015f\u00fcvde q\u0131r\u0131mtatar ve \u015farq filologiyas\u0131 fakultetini\u00f1 faaliyetine dair [&hellip;]\" \/>\n<meta property=\"og:url\" content=\"https:\/\/qtmm.org\/qt\/refat-cubarov-milliy-tasilni-gayridan-tiklev-ogrunda-qirimtatar-halqi-ilmiy-cemaatcliginin-birlesmesi-zarur\/\" \/>\n<meta property=\"og:site_name\" content=\"\u041c\u0435\u0434\u0436\u043b\u0456\u0441\" \/>\n<meta property=\"article:publisher\" content=\"https:\/\/www.facebook.com\/qtmm.info\/\" \/>\n<meta property=\"article:published_time\" content=\"2013-12-20T09:39:00+00:00\" \/>\n<meta property=\"article:modified_time\" content=\"2022-01-27T09:40:34+00:00\" \/>\n<meta property=\"og:image\" content=\"https:\/\/qtmm.org\/wp-content\/uploads\/2022\/01\/image1.jpeg\" \/>\n\t<meta property=\"og:image:width\" content=\"650\" \/>\n\t<meta property=\"og:image:height\" content=\"406\" \/>\n\t<meta property=\"og:image:type\" content=\"image\/jpeg\" \/>\n<meta name=\"author\" content=\"Developer\" \/>\n<meta name=\"twitter:card\" content=\"summary_large_image\" \/>\n<meta name=\"twitter:label1\" content=\"Written by\" \/>\n\t<meta name=\"twitter:data1\" content=\"Developer\" \/>\n\t<meta name=\"twitter:label2\" content=\"Est. reading time\" \/>\n\t<meta name=\"twitter:data2\" content=\"1 minute\" \/>\n<script type=\"application\/ld+json\" class=\"yoast-schema-graph\">{\"@context\":\"https:\\\/\\\/schema.org\",\"@graph\":[{\"@type\":\"Article\",\"@id\":\"https:\\\/\\\/qtmm.org\\\/qt\\\/refat-cubarov-milliy-tasilni-gayridan-tiklev-ogrunda-qirimtatar-halqi-ilmiy-cemaatcliginin-birlesmesi-zarur\\\/#article\",\"isPartOf\":{\"@id\":\"https:\\\/\\\/qtmm.org\\\/qt\\\/refat-cubarov-milliy-tasilni-gayridan-tiklev-ogrunda-qirimtatar-halqi-ilmiy-cemaatcliginin-birlesmesi-zarur\\\/\"},\"author\":{\"name\":\"Developer\",\"@id\":\"https:\\\/\\\/qtmm.org\\\/qt\\\/#\\\/schema\\\/person\\\/de562469f971dec226ac06e60bbf74a7\"},\"headline\":\"Refat \u00c7ubarov: \u00abMilliy tasilni \u011fayr\u0131dan tiklev o\u011frunda q\u0131r\u0131mtatar halq\u0131 ilmiy cemaat\u00e7l\u0131\u011f\u0131n\u0131\u00f1 birle\u015fmesi zarur\u00bb\",\"datePublished\":\"2013-12-20T09:39:00+00:00\",\"dateModified\":\"2022-01-27T09:40:34+00:00\",\"mainEntityOfPage\":{\"@id\":\"https:\\\/\\\/qtmm.org\\\/qt\\\/refat-cubarov-milliy-tasilni-gayridan-tiklev-ogrunda-qirimtatar-halqi-ilmiy-cemaatcliginin-birlesmesi-zarur\\\/\"},\"wordCount\":261,\"commentCount\":0,\"publisher\":{\"@id\":\"https:\\\/\\\/qtmm.org\\\/qt\\\/#organization\"},\"image\":{\"@id\":\"https:\\\/\\\/qtmm.org\\\/qt\\\/refat-cubarov-milliy-tasilni-gayridan-tiklev-ogrunda-qirimtatar-halqi-ilmiy-cemaatcliginin-birlesmesi-zarur\\\/#primaryimage\"},\"thumbnailUrl\":\"https:\\\/\\\/qtmm.org\\\/wp-content\\\/uploads\\\/2022\\\/01\\\/image1.jpeg\",\"articleSection\":[\"Haberler\"],\"inLanguage\":\"qt\",\"potentialAction\":[{\"@type\":\"CommentAction\",\"name\":\"Comment\",\"target\":[\"https:\\\/\\\/qtmm.org\\\/qt\\\/refat-cubarov-milliy-tasilni-gayridan-tiklev-ogrunda-qirimtatar-halqi-ilmiy-cemaatcliginin-birlesmesi-zarur\\\/#respond\"]}]},{\"@type\":\"WebPage\",\"@id\":\"https:\\\/\\\/qtmm.org\\\/qt\\\/refat-cubarov-milliy-tasilni-gayridan-tiklev-ogrunda-qirimtatar-halqi-ilmiy-cemaatcliginin-birlesmesi-zarur\\\/\",\"url\":\"https:\\\/\\\/qtmm.org\\\/qt\\\/refat-cubarov-milliy-tasilni-gayridan-tiklev-ogrunda-qirimtatar-halqi-ilmiy-cemaatcliginin-birlesmesi-zarur\\\/\",\"name\":\"Refat \u00c7ubarov: \u00abMilliy tasilni \u011fayr\u0131dan tiklev o\u011frunda q\u0131r\u0131mtatar halq\u0131 ilmiy cemaat\u00e7l\u0131\u011f\u0131n\u0131\u00f1 birle\u015fmesi zarur\u00bb - \u041c\u0435\u0434\u0436\u043b\u0456\u0441\",\"isPartOf\":{\"@id\":\"https:\\\/\\\/qtmm.org\\\/qt\\\/#website\"},\"primaryImageOfPage\":{\"@id\":\"https:\\\/\\\/qtmm.org\\\/qt\\\/refat-cubarov-milliy-tasilni-gayridan-tiklev-ogrunda-qirimtatar-halqi-ilmiy-cemaatcliginin-birlesmesi-zarur\\\/#primaryimage\"},\"image\":{\"@id\":\"https:\\\/\\\/qtmm.org\\\/qt\\\/refat-cubarov-milliy-tasilni-gayridan-tiklev-ogrunda-qirimtatar-halqi-ilmiy-cemaatcliginin-birlesmesi-zarur\\\/#primaryimage\"},\"thumbnailUrl\":\"https:\\\/\\\/qtmm.org\\\/wp-content\\\/uploads\\\/2022\\\/01\\\/image1.jpeg\",\"datePublished\":\"2013-12-20T09:39:00+00:00\",\"dateModified\":\"2022-01-27T09:40:34+00:00\",\"breadcrumb\":{\"@id\":\"https:\\\/\\\/qtmm.org\\\/qt\\\/refat-cubarov-milliy-tasilni-gayridan-tiklev-ogrunda-qirimtatar-halqi-ilmiy-cemaatcliginin-birlesmesi-zarur\\\/#breadcrumb\"},\"inLanguage\":\"qt\",\"potentialAction\":[{\"@type\":\"ReadAction\",\"target\":[\"https:\\\/\\\/qtmm.org\\\/qt\\\/refat-cubarov-milliy-tasilni-gayridan-tiklev-ogrunda-qirimtatar-halqi-ilmiy-cemaatcliginin-birlesmesi-zarur\\\/\"]}]},{\"@type\":\"ImageObject\",\"inLanguage\":\"qt\",\"@id\":\"https:\\\/\\\/qtmm.org\\\/qt\\\/refat-cubarov-milliy-tasilni-gayridan-tiklev-ogrunda-qirimtatar-halqi-ilmiy-cemaatcliginin-birlesmesi-zarur\\\/#primaryimage\",\"url\":\"https:\\\/\\\/qtmm.org\\\/wp-content\\\/uploads\\\/2022\\\/01\\\/image1.jpeg\",\"contentUrl\":\"https:\\\/\\\/qtmm.org\\\/wp-content\\\/uploads\\\/2022\\\/01\\\/image1.jpeg\",\"width\":650,\"height\":406},{\"@type\":\"BreadcrumbList\",\"@id\":\"https:\\\/\\\/qtmm.org\\\/qt\\\/refat-cubarov-milliy-tasilni-gayridan-tiklev-ogrunda-qirimtatar-halqi-ilmiy-cemaatcliginin-birlesmesi-zarur\\\/#breadcrumb\",\"itemListElement\":[{\"@type\":\"ListItem\",\"position\":1,\"name\":\"\u0413\u043e\u043b\u043e\u0432\u043d\u0430\",\"item\":\"https:\\\/\\\/qtmm.org\\\/qt\\\/\"},{\"@type\":\"ListItem\",\"position\":2,\"name\":\"Refat \u00c7ubarov: \u00abMilliy tasilni \u011fayr\u0131dan tiklev o\u011frunda q\u0131r\u0131mtatar halq\u0131 ilmiy cemaat\u00e7l\u0131\u011f\u0131n\u0131\u00f1 birle\u015fmesi zarur\u00bb\"}]},{\"@type\":\"WebSite\",\"@id\":\"https:\\\/\\\/qtmm.org\\\/qt\\\/#website\",\"url\":\"https:\\\/\\\/qtmm.org\\\/qt\\\/\",\"name\":\"\u041c\u0435\u0434\u0436\u043b\u0456\u0441\",\"description\":\"\",\"publisher\":{\"@id\":\"https:\\\/\\\/qtmm.org\\\/qt\\\/#organization\"},\"potentialAction\":[{\"@type\":\"SearchAction\",\"target\":{\"@type\":\"EntryPoint\",\"urlTemplate\":\"https:\\\/\\\/qtmm.org\\\/qt\\\/?s={search_term_string}\"},\"query-input\":{\"@type\":\"PropertyValueSpecification\",\"valueRequired\":true,\"valueName\":\"search_term_string\"}}],\"inLanguage\":\"qt\"},{\"@type\":\"Organization\",\"@id\":\"https:\\\/\\\/qtmm.org\\\/qt\\\/#organization\",\"name\":\"\u041c\u0435\u0434\u0436\u043b\u0456\u0441\",\"url\":\"https:\\\/\\\/qtmm.org\\\/qt\\\/\",\"logo\":{\"@type\":\"ImageObject\",\"inLanguage\":\"qt\",\"@id\":\"https:\\\/\\\/qtmm.org\\\/qt\\\/#\\\/schema\\\/logo\\\/image\\\/\",\"url\":\"https:\\\/\\\/qtmm.org\\\/wp-content\\\/uploads\\\/2024\\\/12\\\/ua-mejlis-logo-rgb.svg\",\"contentUrl\":\"https:\\\/\\\/qtmm.org\\\/wp-content\\\/uploads\\\/2024\\\/12\\\/ua-mejlis-logo-rgb.svg\",\"caption\":\"\u041c\u0435\u0434\u0436\u043b\u0456\u0441\"},\"image\":{\"@id\":\"https:\\\/\\\/qtmm.org\\\/qt\\\/#\\\/schema\\\/logo\\\/image\\\/\"},\"sameAs\":[\"https:\\\/\\\/www.facebook.com\\\/qtmm.info\\\/\"]},{\"@type\":\"Person\",\"@id\":\"https:\\\/\\\/qtmm.org\\\/qt\\\/#\\\/schema\\\/person\\\/de562469f971dec226ac06e60bbf74a7\",\"name\":\"Developer\",\"image\":{\"@type\":\"ImageObject\",\"inLanguage\":\"qt\",\"@id\":\"https:\\\/\\\/secure.gravatar.com\\\/avatar\\\/392b4cc8fbfeb00b39dfeeab4ee6edded39ffd48e25858637e4765810300227e?s=96&d=mm&r=g\",\"url\":\"https:\\\/\\\/secure.gravatar.com\\\/avatar\\\/392b4cc8fbfeb00b39dfeeab4ee6edded39ffd48e25858637e4765810300227e?s=96&d=mm&r=g\",\"contentUrl\":\"https:\\\/\\\/secure.gravatar.com\\\/avatar\\\/392b4cc8fbfeb00b39dfeeab4ee6edded39ffd48e25858637e4765810300227e?s=96&d=mm&r=g\",\"caption\":\"Developer\"},\"url\":\"https:\\\/\\\/qtmm.org\\\/qt\\\/author\\\/Developer\\\/\"}]}<\/script>\n<!-- \/ Yoast SEO plugin. -->","yoast_head_json":{"title":"Refat \u00c7ubarov: \u00abMilliy tasilni \u011fayr\u0131dan tiklev o\u011frunda q\u0131r\u0131mtatar halq\u0131 ilmiy cemaat\u00e7l\u0131\u011f\u0131n\u0131\u00f1 birle\u015fmesi zarur\u00bb - \u041c\u0435\u0434\u0436\u043b\u0456\u0441","robots":{"index":"index","follow":"follow","max-snippet":"max-snippet:-1","max-image-preview":"max-image-preview:large","max-video-preview":"max-video-preview:-1"},"canonical":"https:\/\/qtmm.org\/qt\/refat-cubarov-milliy-tasilni-gayridan-tiklev-ogrunda-qirimtatar-halqi-ilmiy-cemaatcliginin-birlesmesi-zarur\/","og_locale":"en_US","og_type":"article","og_title":"Refat \u00c7ubarov: \u00abMilliy tasilni \u011fayr\u0131dan tiklev o\u011frunda q\u0131r\u0131mtatar halq\u0131 ilmiy cemaat\u00e7l\u0131\u011f\u0131n\u0131\u00f1 birle\u015fmesi zarur\u00bb - \u041c\u0435\u0434\u0436\u043b\u0456\u0441","og_description":"Dekabr 20 k\u00fcn\u00fc Q\u0131r\u0131mtatar halq\u0131 Meclisini\u00f1 ofisinde Meclis reisi Refat \u00c7ubarov Tavriya Milliy Universiteti q\u0131r\u0131mtatar ve \u015farq filologiyas\u0131 fakultetini\u00f1 dekan\u0131 professor Ayder Memetov ile k\u00f6r\u00fc\u015fti. Meclisni\u00f1 q\u0131r\u0131mtatar tilinde tasil ve q\u0131r\u0131mtatar tilini Q\u0131r\u0131mn\u0131\u00f1 devlet ve cemaat ayat\u0131na tadbiq et\u00fcv meseleleri boyunca Emine Avamileva da i\u015ftirak etken bu k\u00f6r\u00fc\u015f\u00fcvde q\u0131r\u0131mtatar ve \u015farq filologiyas\u0131 fakultetini\u00f1 faaliyetine dair [&hellip;]","og_url":"https:\/\/qtmm.org\/qt\/refat-cubarov-milliy-tasilni-gayridan-tiklev-ogrunda-qirimtatar-halqi-ilmiy-cemaatcliginin-birlesmesi-zarur\/","og_site_name":"\u041c\u0435\u0434\u0436\u043b\u0456\u0441","article_publisher":"https:\/\/www.facebook.com\/qtmm.info\/","article_published_time":"2013-12-20T09:39:00+00:00","article_modified_time":"2022-01-27T09:40:34+00:00","og_image":[{"width":650,"height":406,"url":"https:\/\/qtmm.org\/wp-content\/uploads\/2022\/01\/image1.jpeg","type":"image\/jpeg"}],"author":"Developer","twitter_card":"summary_large_image","twitter_misc":{"Written by":"Developer","Est. reading time":"1 minute"},"schema":{"@context":"https:\/\/schema.org","@graph":[{"@type":"Article","@id":"https:\/\/qtmm.org\/qt\/refat-cubarov-milliy-tasilni-gayridan-tiklev-ogrunda-qirimtatar-halqi-ilmiy-cemaatcliginin-birlesmesi-zarur\/#article","isPartOf":{"@id":"https:\/\/qtmm.org\/qt\/refat-cubarov-milliy-tasilni-gayridan-tiklev-ogrunda-qirimtatar-halqi-ilmiy-cemaatcliginin-birlesmesi-zarur\/"},"author":{"name":"Developer","@id":"https:\/\/qtmm.org\/qt\/#\/schema\/person\/de562469f971dec226ac06e60bbf74a7"},"headline":"Refat \u00c7ubarov: \u00abMilliy tasilni \u011fayr\u0131dan tiklev o\u011frunda q\u0131r\u0131mtatar halq\u0131 ilmiy cemaat\u00e7l\u0131\u011f\u0131n\u0131\u00f1 birle\u015fmesi zarur\u00bb","datePublished":"2013-12-20T09:39:00+00:00","dateModified":"2022-01-27T09:40:34+00:00","mainEntityOfPage":{"@id":"https:\/\/qtmm.org\/qt\/refat-cubarov-milliy-tasilni-gayridan-tiklev-ogrunda-qirimtatar-halqi-ilmiy-cemaatcliginin-birlesmesi-zarur\/"},"wordCount":261,"commentCount":0,"publisher":{"@id":"https:\/\/qtmm.org\/qt\/#organization"},"image":{"@id":"https:\/\/qtmm.org\/qt\/refat-cubarov-milliy-tasilni-gayridan-tiklev-ogrunda-qirimtatar-halqi-ilmiy-cemaatcliginin-birlesmesi-zarur\/#primaryimage"},"thumbnailUrl":"https:\/\/qtmm.org\/wp-content\/uploads\/2022\/01\/image1.jpeg","articleSection":["Haberler"],"inLanguage":"qt","potentialAction":[{"@type":"CommentAction","name":"Comment","target":["https:\/\/qtmm.org\/qt\/refat-cubarov-milliy-tasilni-gayridan-tiklev-ogrunda-qirimtatar-halqi-ilmiy-cemaatcliginin-birlesmesi-zarur\/#respond"]}]},{"@type":"WebPage","@id":"https:\/\/qtmm.org\/qt\/refat-cubarov-milliy-tasilni-gayridan-tiklev-ogrunda-qirimtatar-halqi-ilmiy-cemaatcliginin-birlesmesi-zarur\/","url":"https:\/\/qtmm.org\/qt\/refat-cubarov-milliy-tasilni-gayridan-tiklev-ogrunda-qirimtatar-halqi-ilmiy-cemaatcliginin-birlesmesi-zarur\/","name":"Refat \u00c7ubarov: \u00abMilliy tasilni \u011fayr\u0131dan tiklev o\u011frunda q\u0131r\u0131mtatar halq\u0131 ilmiy cemaat\u00e7l\u0131\u011f\u0131n\u0131\u00f1 birle\u015fmesi zarur\u00bb - \u041c\u0435\u0434\u0436\u043b\u0456\u0441","isPartOf":{"@id":"https:\/\/qtmm.org\/qt\/#website"},"primaryImageOfPage":{"@id":"https:\/\/qtmm.org\/qt\/refat-cubarov-milliy-tasilni-gayridan-tiklev-ogrunda-qirimtatar-halqi-ilmiy-cemaatcliginin-birlesmesi-zarur\/#primaryimage"},"image":{"@id":"https:\/\/qtmm.org\/qt\/refat-cubarov-milliy-tasilni-gayridan-tiklev-ogrunda-qirimtatar-halqi-ilmiy-cemaatcliginin-birlesmesi-zarur\/#primaryimage"},"thumbnailUrl":"https:\/\/qtmm.org\/wp-content\/uploads\/2022\/01\/image1.jpeg","datePublished":"2013-12-20T09:39:00+00:00","dateModified":"2022-01-27T09:40:34+00:00","breadcrumb":{"@id":"https:\/\/qtmm.org\/qt\/refat-cubarov-milliy-tasilni-gayridan-tiklev-ogrunda-qirimtatar-halqi-ilmiy-cemaatcliginin-birlesmesi-zarur\/#breadcrumb"},"inLanguage":"qt","potentialAction":[{"@type":"ReadAction","target":["https:\/\/qtmm.org\/qt\/refat-cubarov-milliy-tasilni-gayridan-tiklev-ogrunda-qirimtatar-halqi-ilmiy-cemaatcliginin-birlesmesi-zarur\/"]}]},{"@type":"ImageObject","inLanguage":"qt","@id":"https:\/\/qtmm.org\/qt\/refat-cubarov-milliy-tasilni-gayridan-tiklev-ogrunda-qirimtatar-halqi-ilmiy-cemaatcliginin-birlesmesi-zarur\/#primaryimage","url":"https:\/\/qtmm.org\/wp-content\/uploads\/2022\/01\/image1.jpeg","contentUrl":"https:\/\/qtmm.org\/wp-content\/uploads\/2022\/01\/image1.jpeg","width":650,"height":406},{"@type":"BreadcrumbList","@id":"https:\/\/qtmm.org\/qt\/refat-cubarov-milliy-tasilni-gayridan-tiklev-ogrunda-qirimtatar-halqi-ilmiy-cemaatcliginin-birlesmesi-zarur\/#breadcrumb","itemListElement":[{"@type":"ListItem","position":1,"name":"\u0413\u043e\u043b\u043e\u0432\u043d\u0430","item":"https:\/\/qtmm.org\/qt\/"},{"@type":"ListItem","position":2,"name":"Refat \u00c7ubarov: \u00abMilliy tasilni \u011fayr\u0131dan tiklev o\u011frunda q\u0131r\u0131mtatar halq\u0131 ilmiy cemaat\u00e7l\u0131\u011f\u0131n\u0131\u00f1 birle\u015fmesi zarur\u00bb"}]},{"@type":"WebSite","@id":"https:\/\/qtmm.org\/qt\/#website","url":"https:\/\/qtmm.org\/qt\/","name":"\u041c\u0435\u0434\u0436\u043b\u0456\u0441","description":"","publisher":{"@id":"https:\/\/qtmm.org\/qt\/#organization"},"potentialAction":[{"@type":"SearchAction","target":{"@type":"EntryPoint","urlTemplate":"https:\/\/qtmm.org\/qt\/?s={search_term_string}"},"query-input":{"@type":"PropertyValueSpecification","valueRequired":true,"valueName":"search_term_string"}}],"inLanguage":"qt"},{"@type":"Organization","@id":"https:\/\/qtmm.org\/qt\/#organization","name":"\u041c\u0435\u0434\u0436\u043b\u0456\u0441","url":"https:\/\/qtmm.org\/qt\/","logo":{"@type":"ImageObject","inLanguage":"qt","@id":"https:\/\/qtmm.org\/qt\/#\/schema\/logo\/image\/","url":"https:\/\/qtmm.org\/wp-content\/uploads\/2024\/12\/ua-mejlis-logo-rgb.svg","contentUrl":"https:\/\/qtmm.org\/wp-content\/uploads\/2024\/12\/ua-mejlis-logo-rgb.svg","caption":"\u041c\u0435\u0434\u0436\u043b\u0456\u0441"},"image":{"@id":"https:\/\/qtmm.org\/qt\/#\/schema\/logo\/image\/"},"sameAs":["https:\/\/www.facebook.com\/qtmm.info\/"]},{"@type":"Person","@id":"https:\/\/qtmm.org\/qt\/#\/schema\/person\/de562469f971dec226ac06e60bbf74a7","name":"Developer","image":{"@type":"ImageObject","inLanguage":"qt","@id":"https:\/\/secure.gravatar.com\/avatar\/392b4cc8fbfeb00b39dfeeab4ee6edded39ffd48e25858637e4765810300227e?s=96&d=mm&r=g","url":"https:\/\/secure.gravatar.com\/avatar\/392b4cc8fbfeb00b39dfeeab4ee6edded39ffd48e25858637e4765810300227e?s=96&d=mm&r=g","contentUrl":"https:\/\/secure.gravatar.com\/avatar\/392b4cc8fbfeb00b39dfeeab4ee6edded39ffd48e25858637e4765810300227e?s=96&d=mm&r=g","caption":"Developer"},"url":"https:\/\/qtmm.org\/qt\/author\/Developer\/"}]}},"_links":{"self":[{"href":"https:\/\/qtmm.org\/qt\/wp-json\/wp\/v2\/posts\/41849","targetHints":{"allow":["GET"]}}],"collection":[{"href":"https:\/\/qtmm.org\/qt\/wp-json\/wp\/v2\/posts"}],"about":[{"href":"https:\/\/qtmm.org\/qt\/wp-json\/wp\/v2\/types\/post"}],"author":[{"embeddable":true,"href":"https:\/\/qtmm.org\/qt\/wp-json\/wp\/v2\/users\/1"}],"replies":[{"embeddable":true,"href":"https:\/\/qtmm.org\/qt\/wp-json\/wp\/v2\/comments?post=41849"}],"version-history":[{"count":1,"href":"https:\/\/qtmm.org\/qt\/wp-json\/wp\/v2\/posts\/41849\/revisions"}],"predecessor-version":[{"id":41858,"href":"https:\/\/qtmm.org\/qt\/wp-json\/wp\/v2\/posts\/41849\/revisions\/41858"}],"wp:featuredmedia":[{"embeddable":true,"href":"https:\/\/qtmm.org\/qt\/wp-json\/wp\/v2\/media\/41850"}],"wp:attachment":[{"href":"https:\/\/qtmm.org\/qt\/wp-json\/wp\/v2\/media?parent=41849"}],"wp:term":[{"taxonomy":"category","embeddable":true,"href":"https:\/\/qtmm.org\/qt\/wp-json\/wp\/v2\/categories?post=41849"},{"taxonomy":"post_tag","embeddable":true,"href":"https:\/\/qtmm.org\/qt\/wp-json\/wp\/v2\/tags?post=41849"}],"curies":[{"name":"wp","href":"https:\/\/api.w.org\/{rel}","templated":true}]}}