




{"id":41847,"date":"2013-12-19T12:38:00","date_gmt":"2013-12-19T09:38:00","guid":{"rendered":"http:\/\/qtmm.org\/?p=41847"},"modified":"2022-01-27T12:39:16","modified_gmt":"2022-01-27T09:39:16","slug":"dekabr-23-kunu-meclisnin-tisqi-iqtisadiy-alaqalar-yatirim-ve-milliy-iqtisadiyatni-inkisaf-ettiruv-idaresi-birinci-teskiliy-toplasuvini-kecirecek","status":"publish","type":"post","link":"https:\/\/qtmm.org\/qt\/dekabr-23-kunu-meclisnin-tisqi-iqtisadiy-alaqalar-yatirim-ve-milliy-iqtisadiyatni-inkisaf-ettiruv-idaresi-birinci-teskiliy-toplasuvini-kecirecek\/","title":{"rendered":"Dekabr 23 k\u00fcn\u00fc Meclisni\u00f1 T\u0131\u015fq\u0131 iqtisadiy al\u00e2qalar, yat\u0131r\u0131m ve milliy iqtisadiyatn\u0131 inki\u015faf ettir\u00fcv idaresi birinci te\u015fkiliy topla\u015fuv\u0131n\u0131 ke\u00e7irecek"},"content":{"rendered":"\n<p>Dekabr 23 k\u00fcn\u00fc Meclisni\u00f1 T\u0131\u015fq\u0131 iqtisadiy al\u00e2qalar, yat\u0131r\u0131m ve milliy iqtisadiyatn\u0131 inki\u015faf ettir\u00fcv idaresini\u00f1 birinci te\u015fkiliy topla\u015fuv\u0131 \u00f6tkerilecek. \u0130dare azalar\u0131 idare faaliyeti boyunca bir s\u0131ra qararlarn\u0131 tasdiqlap, birinci dereceli tedbirlerni belgileycekler.&nbsp;<\/p>\n\n\n\n<p>Topla\u015fuv\u011fa idare i\u015finde muntazam s\u00fcrette i\u015ftirak etmek istegini bildirgen Meclis azalar\u0131 ve cemaat te\u015fkil\u00e2tlar\u0131n\u0131\u00f1 vekilleri davet olunalar.&nbsp;<\/p>\n\n\n\n<p>Topla\u015fuvda i\u015ftirak etmek i\u00e7\u00fcn dekabr 20 k\u00fcn\u00fc saat 12-den 16.00-ge qadar (0652) 70-89-73 vastas\u0131nen yaz\u0131lmaq m\u00fcmk\u00fcn.<\/p>\n","protected":false},"excerpt":{"rendered":"<p>Dekabr 23 k\u00fcn\u00fc Meclisni\u00f1 T\u0131\u015fq\u0131 iqtisadiy al\u00e2qalar, yat\u0131r\u0131m ve milliy iqtisadiyatn\u0131 inki\u015faf ettir\u00fcv idaresini\u00f1 birinci te\u015fkiliy topla\u015fuv\u0131 \u00f6tkerilecek. \u0130dare azalar\u0131 idare faaliyeti boyunca bir s\u0131ra qararlarn\u0131 tasdiqlap, birinci dereceli tedbirlerni belgileycekler.&nbsp; Topla\u015fuv\u011fa idare i\u015finde muntazam s\u00fcrette i\u015ftirak etmek istegini bildirgen Meclis azalar\u0131 ve cemaat te\u015fkil\u00e2tlar\u0131n\u0131\u00f1 vekilleri davet olunalar.&nbsp; Topla\u015fuvda i\u015ftirak etmek i\u00e7\u00fcn dekabr 20 k\u00fcn\u00fc [&hellip;]<\/p>\n","protected":false},"author":1,"featured_media":0,"comment_status":"open","ping_status":"open","sticky":false,"template":"","format":"standard","meta":{"inline_featured_image":false,"footnotes":""},"categories":[265],"tags":[],"class_list":["post-41847","post","type-post","status-publish","format-standard","hentry","category-haberler"],"acf":[],"yoast_head":"<!-- This site is optimized with the Yoast SEO plugin v27.4 - https:\/\/yoast.com\/product\/yoast-seo-wordpress\/ -->\n<title>Dekabr 23 k\u00fcn\u00fc Meclisni\u00f1 T\u0131\u015fq\u0131 iqtisadiy al\u00e2qalar, yat\u0131r\u0131m ve milliy iqtisadiyatn\u0131 inki\u015faf ettir\u00fcv idaresi birinci te\u015fkiliy topla\u015fuv\u0131n\u0131 ke\u00e7irecek - \u041c\u0435\u0434\u0436\u043b\u0456\u0441<\/title>\n<meta name=\"robots\" content=\"index, follow, max-snippet:-1, max-image-preview:large, max-video-preview:-1\" \/>\n<link rel=\"canonical\" href=\"https:\/\/qtmm.org\/qt\/dekabr-23-kunu-meclisnin-tisqi-iqtisadiy-alaqalar-yatirim-ve-milliy-iqtisadiyatni-inkisaf-ettiruv-idaresi-birinci-teskiliy-toplasuvini-kecirecek\/\" \/>\n<meta property=\"og:locale\" content=\"en_US\" \/>\n<meta property=\"og:type\" content=\"article\" \/>\n<meta property=\"og:title\" content=\"Dekabr 23 k\u00fcn\u00fc Meclisni\u00f1 T\u0131\u015fq\u0131 iqtisadiy al\u00e2qalar, yat\u0131r\u0131m ve milliy iqtisadiyatn\u0131 inki\u015faf ettir\u00fcv idaresi birinci te\u015fkiliy topla\u015fuv\u0131n\u0131 ke\u00e7irecek - \u041c\u0435\u0434\u0436\u043b\u0456\u0441\" \/>\n<meta property=\"og:description\" content=\"Dekabr 23 k\u00fcn\u00fc Meclisni\u00f1 T\u0131\u015fq\u0131 iqtisadiy al\u00e2qalar, yat\u0131r\u0131m ve milliy iqtisadiyatn\u0131 inki\u015faf ettir\u00fcv idaresini\u00f1 birinci te\u015fkiliy topla\u015fuv\u0131 \u00f6tkerilecek. \u0130dare azalar\u0131 idare faaliyeti boyunca bir s\u0131ra qararlarn\u0131 tasdiqlap, birinci dereceli tedbirlerni belgileycekler.&nbsp; Topla\u015fuv\u011fa idare i\u015finde muntazam s\u00fcrette i\u015ftirak etmek istegini bildirgen Meclis azalar\u0131 ve cemaat te\u015fkil\u00e2tlar\u0131n\u0131\u00f1 vekilleri davet olunalar.&nbsp; Topla\u015fuvda i\u015ftirak etmek i\u00e7\u00fcn dekabr 20 k\u00fcn\u00fc [&hellip;]\" \/>\n<meta property=\"og:url\" content=\"https:\/\/qtmm.org\/qt\/dekabr-23-kunu-meclisnin-tisqi-iqtisadiy-alaqalar-yatirim-ve-milliy-iqtisadiyatni-inkisaf-ettiruv-idaresi-birinci-teskiliy-toplasuvini-kecirecek\/\" \/>\n<meta property=\"og:site_name\" content=\"\u041c\u0435\u0434\u0436\u043b\u0456\u0441\" \/>\n<meta property=\"article:publisher\" content=\"https:\/\/www.facebook.com\/qtmm.info\/\" \/>\n<meta property=\"article:published_time\" content=\"2013-12-19T09:38:00+00:00\" \/>\n<meta property=\"article:modified_time\" content=\"2022-01-27T09:39:16+00:00\" \/>\n<meta name=\"author\" content=\"Developer\" \/>\n<meta name=\"twitter:card\" content=\"summary_large_image\" \/>\n<meta name=\"twitter:label1\" content=\"Written by\" \/>\n\t<meta name=\"twitter:data1\" content=\"Developer\" \/>\n<script type=\"application\/ld+json\" class=\"yoast-schema-graph\">{\"@context\":\"https:\\\/\\\/schema.org\",\"@graph\":[{\"@type\":\"Article\",\"@id\":\"https:\\\/\\\/qtmm.org\\\/qt\\\/dekabr-23-kunu-meclisnin-tisqi-iqtisadiy-alaqalar-yatirim-ve-milliy-iqtisadiyatni-inkisaf-ettiruv-idaresi-birinci-teskiliy-toplasuvini-kecirecek\\\/#article\",\"isPartOf\":{\"@id\":\"https:\\\/\\\/qtmm.org\\\/qt\\\/dekabr-23-kunu-meclisnin-tisqi-iqtisadiy-alaqalar-yatirim-ve-milliy-iqtisadiyatni-inkisaf-ettiruv-idaresi-birinci-teskiliy-toplasuvini-kecirecek\\\/\"},\"author\":{\"name\":\"Developer\",\"@id\":\"https:\\\/\\\/qtmm.org\\\/qt\\\/#\\\/schema\\\/person\\\/de562469f971dec226ac06e60bbf74a7\"},\"headline\":\"Dekabr 23 k\u00fcn\u00fc Meclisni\u00f1 T\u0131\u015fq\u0131 iqtisadiy al\u00e2qalar, yat\u0131r\u0131m ve milliy iqtisadiyatn\u0131 inki\u015faf ettir\u00fcv idaresi birinci te\u015fkiliy topla\u015fuv\u0131n\u0131 ke\u00e7irecek\",\"datePublished\":\"2013-12-19T09:38:00+00:00\",\"dateModified\":\"2022-01-27T09:39:16+00:00\",\"mainEntityOfPage\":{\"@id\":\"https:\\\/\\\/qtmm.org\\\/qt\\\/dekabr-23-kunu-meclisnin-tisqi-iqtisadiy-alaqalar-yatirim-ve-milliy-iqtisadiyatni-inkisaf-ettiruv-idaresi-birinci-teskiliy-toplasuvini-kecirecek\\\/\"},\"wordCount\":118,\"commentCount\":0,\"publisher\":{\"@id\":\"https:\\\/\\\/qtmm.org\\\/qt\\\/#organization\"},\"articleSection\":[\"Haberler\"],\"inLanguage\":\"qt\",\"potentialAction\":[{\"@type\":\"CommentAction\",\"name\":\"Comment\",\"target\":[\"https:\\\/\\\/qtmm.org\\\/qt\\\/dekabr-23-kunu-meclisnin-tisqi-iqtisadiy-alaqalar-yatirim-ve-milliy-iqtisadiyatni-inkisaf-ettiruv-idaresi-birinci-teskiliy-toplasuvini-kecirecek\\\/#respond\"]}]},{\"@type\":\"WebPage\",\"@id\":\"https:\\\/\\\/qtmm.org\\\/qt\\\/dekabr-23-kunu-meclisnin-tisqi-iqtisadiy-alaqalar-yatirim-ve-milliy-iqtisadiyatni-inkisaf-ettiruv-idaresi-birinci-teskiliy-toplasuvini-kecirecek\\\/\",\"url\":\"https:\\\/\\\/qtmm.org\\\/qt\\\/dekabr-23-kunu-meclisnin-tisqi-iqtisadiy-alaqalar-yatirim-ve-milliy-iqtisadiyatni-inkisaf-ettiruv-idaresi-birinci-teskiliy-toplasuvini-kecirecek\\\/\",\"name\":\"Dekabr 23 k\u00fcn\u00fc Meclisni\u00f1 T\u0131\u015fq\u0131 iqtisadiy al\u00e2qalar, yat\u0131r\u0131m ve milliy iqtisadiyatn\u0131 inki\u015faf ettir\u00fcv idaresi birinci te\u015fkiliy topla\u015fuv\u0131n\u0131 ke\u00e7irecek - \u041c\u0435\u0434\u0436\u043b\u0456\u0441\",\"isPartOf\":{\"@id\":\"https:\\\/\\\/qtmm.org\\\/qt\\\/#website\"},\"datePublished\":\"2013-12-19T09:38:00+00:00\",\"dateModified\":\"2022-01-27T09:39:16+00:00\",\"breadcrumb\":{\"@id\":\"https:\\\/\\\/qtmm.org\\\/qt\\\/dekabr-23-kunu-meclisnin-tisqi-iqtisadiy-alaqalar-yatirim-ve-milliy-iqtisadiyatni-inkisaf-ettiruv-idaresi-birinci-teskiliy-toplasuvini-kecirecek\\\/#breadcrumb\"},\"inLanguage\":\"qt\",\"potentialAction\":[{\"@type\":\"ReadAction\",\"target\":[\"https:\\\/\\\/qtmm.org\\\/qt\\\/dekabr-23-kunu-meclisnin-tisqi-iqtisadiy-alaqalar-yatirim-ve-milliy-iqtisadiyatni-inkisaf-ettiruv-idaresi-birinci-teskiliy-toplasuvini-kecirecek\\\/\"]}]},{\"@type\":\"BreadcrumbList\",\"@id\":\"https:\\\/\\\/qtmm.org\\\/qt\\\/dekabr-23-kunu-meclisnin-tisqi-iqtisadiy-alaqalar-yatirim-ve-milliy-iqtisadiyatni-inkisaf-ettiruv-idaresi-birinci-teskiliy-toplasuvini-kecirecek\\\/#breadcrumb\",\"itemListElement\":[{\"@type\":\"ListItem\",\"position\":1,\"name\":\"\u0413\u043e\u043b\u043e\u0432\u043d\u0430\",\"item\":\"https:\\\/\\\/qtmm.org\\\/qt\\\/\"},{\"@type\":\"ListItem\",\"position\":2,\"name\":\"Dekabr 23 k\u00fcn\u00fc Meclisni\u00f1 T\u0131\u015fq\u0131 iqtisadiy al\u00e2qalar, yat\u0131r\u0131m ve milliy iqtisadiyatn\u0131 inki\u015faf ettir\u00fcv idaresi birinci te\u015fkiliy topla\u015fuv\u0131n\u0131 ke\u00e7irecek\"}]},{\"@type\":\"WebSite\",\"@id\":\"https:\\\/\\\/qtmm.org\\\/qt\\\/#website\",\"url\":\"https:\\\/\\\/qtmm.org\\\/qt\\\/\",\"name\":\"\u041c\u0435\u0434\u0436\u043b\u0456\u0441\",\"description\":\"\",\"publisher\":{\"@id\":\"https:\\\/\\\/qtmm.org\\\/qt\\\/#organization\"},\"potentialAction\":[{\"@type\":\"SearchAction\",\"target\":{\"@type\":\"EntryPoint\",\"urlTemplate\":\"https:\\\/\\\/qtmm.org\\\/qt\\\/?s={search_term_string}\"},\"query-input\":{\"@type\":\"PropertyValueSpecification\",\"valueRequired\":true,\"valueName\":\"search_term_string\"}}],\"inLanguage\":\"qt\"},{\"@type\":\"Organization\",\"@id\":\"https:\\\/\\\/qtmm.org\\\/qt\\\/#organization\",\"name\":\"\u041c\u0435\u0434\u0436\u043b\u0456\u0441\",\"url\":\"https:\\\/\\\/qtmm.org\\\/qt\\\/\",\"logo\":{\"@type\":\"ImageObject\",\"inLanguage\":\"qt\",\"@id\":\"https:\\\/\\\/qtmm.org\\\/qt\\\/#\\\/schema\\\/logo\\\/image\\\/\",\"url\":\"https:\\\/\\\/qtmm.org\\\/wp-content\\\/uploads\\\/2024\\\/12\\\/ua-mejlis-logo-rgb.svg\",\"contentUrl\":\"https:\\\/\\\/qtmm.org\\\/wp-content\\\/uploads\\\/2024\\\/12\\\/ua-mejlis-logo-rgb.svg\",\"caption\":\"\u041c\u0435\u0434\u0436\u043b\u0456\u0441\"},\"image\":{\"@id\":\"https:\\\/\\\/qtmm.org\\\/qt\\\/#\\\/schema\\\/logo\\\/image\\\/\"},\"sameAs\":[\"https:\\\/\\\/www.facebook.com\\\/qtmm.info\\\/\"]},{\"@type\":\"Person\",\"@id\":\"https:\\\/\\\/qtmm.org\\\/qt\\\/#\\\/schema\\\/person\\\/de562469f971dec226ac06e60bbf74a7\",\"name\":\"Developer\",\"image\":{\"@type\":\"ImageObject\",\"inLanguage\":\"qt\",\"@id\":\"https:\\\/\\\/secure.gravatar.com\\\/avatar\\\/392b4cc8fbfeb00b39dfeeab4ee6edded39ffd48e25858637e4765810300227e?s=96&d=mm&r=g\",\"url\":\"https:\\\/\\\/secure.gravatar.com\\\/avatar\\\/392b4cc8fbfeb00b39dfeeab4ee6edded39ffd48e25858637e4765810300227e?s=96&d=mm&r=g\",\"contentUrl\":\"https:\\\/\\\/secure.gravatar.com\\\/avatar\\\/392b4cc8fbfeb00b39dfeeab4ee6edded39ffd48e25858637e4765810300227e?s=96&d=mm&r=g\",\"caption\":\"Developer\"},\"url\":\"https:\\\/\\\/qtmm.org\\\/qt\\\/author\\\/Developer\\\/\"}]}<\/script>\n<!-- \/ Yoast SEO plugin. -->","yoast_head_json":{"title":"Dekabr 23 k\u00fcn\u00fc Meclisni\u00f1 T\u0131\u015fq\u0131 iqtisadiy al\u00e2qalar, yat\u0131r\u0131m ve milliy iqtisadiyatn\u0131 inki\u015faf ettir\u00fcv idaresi birinci te\u015fkiliy topla\u015fuv\u0131n\u0131 ke\u00e7irecek - \u041c\u0435\u0434\u0436\u043b\u0456\u0441","robots":{"index":"index","follow":"follow","max-snippet":"max-snippet:-1","max-image-preview":"max-image-preview:large","max-video-preview":"max-video-preview:-1"},"canonical":"https:\/\/qtmm.org\/qt\/dekabr-23-kunu-meclisnin-tisqi-iqtisadiy-alaqalar-yatirim-ve-milliy-iqtisadiyatni-inkisaf-ettiruv-idaresi-birinci-teskiliy-toplasuvini-kecirecek\/","og_locale":"en_US","og_type":"article","og_title":"Dekabr 23 k\u00fcn\u00fc Meclisni\u00f1 T\u0131\u015fq\u0131 iqtisadiy al\u00e2qalar, yat\u0131r\u0131m ve milliy iqtisadiyatn\u0131 inki\u015faf ettir\u00fcv idaresi birinci te\u015fkiliy topla\u015fuv\u0131n\u0131 ke\u00e7irecek - \u041c\u0435\u0434\u0436\u043b\u0456\u0441","og_description":"Dekabr 23 k\u00fcn\u00fc Meclisni\u00f1 T\u0131\u015fq\u0131 iqtisadiy al\u00e2qalar, yat\u0131r\u0131m ve milliy iqtisadiyatn\u0131 inki\u015faf ettir\u00fcv idaresini\u00f1 birinci te\u015fkiliy topla\u015fuv\u0131 \u00f6tkerilecek. \u0130dare azalar\u0131 idare faaliyeti boyunca bir s\u0131ra qararlarn\u0131 tasdiqlap, birinci dereceli tedbirlerni belgileycekler.&nbsp; Topla\u015fuv\u011fa idare i\u015finde muntazam s\u00fcrette i\u015ftirak etmek istegini bildirgen Meclis azalar\u0131 ve cemaat te\u015fkil\u00e2tlar\u0131n\u0131\u00f1 vekilleri davet olunalar.&nbsp; Topla\u015fuvda i\u015ftirak etmek i\u00e7\u00fcn dekabr 20 k\u00fcn\u00fc [&hellip;]","og_url":"https:\/\/qtmm.org\/qt\/dekabr-23-kunu-meclisnin-tisqi-iqtisadiy-alaqalar-yatirim-ve-milliy-iqtisadiyatni-inkisaf-ettiruv-idaresi-birinci-teskiliy-toplasuvini-kecirecek\/","og_site_name":"\u041c\u0435\u0434\u0436\u043b\u0456\u0441","article_publisher":"https:\/\/www.facebook.com\/qtmm.info\/","article_published_time":"2013-12-19T09:38:00+00:00","article_modified_time":"2022-01-27T09:39:16+00:00","author":"Developer","twitter_card":"summary_large_image","twitter_misc":{"Written by":"Developer"},"schema":{"@context":"https:\/\/schema.org","@graph":[{"@type":"Article","@id":"https:\/\/qtmm.org\/qt\/dekabr-23-kunu-meclisnin-tisqi-iqtisadiy-alaqalar-yatirim-ve-milliy-iqtisadiyatni-inkisaf-ettiruv-idaresi-birinci-teskiliy-toplasuvini-kecirecek\/#article","isPartOf":{"@id":"https:\/\/qtmm.org\/qt\/dekabr-23-kunu-meclisnin-tisqi-iqtisadiy-alaqalar-yatirim-ve-milliy-iqtisadiyatni-inkisaf-ettiruv-idaresi-birinci-teskiliy-toplasuvini-kecirecek\/"},"author":{"name":"Developer","@id":"https:\/\/qtmm.org\/qt\/#\/schema\/person\/de562469f971dec226ac06e60bbf74a7"},"headline":"Dekabr 23 k\u00fcn\u00fc Meclisni\u00f1 T\u0131\u015fq\u0131 iqtisadiy al\u00e2qalar, yat\u0131r\u0131m ve milliy iqtisadiyatn\u0131 inki\u015faf ettir\u00fcv idaresi birinci te\u015fkiliy topla\u015fuv\u0131n\u0131 ke\u00e7irecek","datePublished":"2013-12-19T09:38:00+00:00","dateModified":"2022-01-27T09:39:16+00:00","mainEntityOfPage":{"@id":"https:\/\/qtmm.org\/qt\/dekabr-23-kunu-meclisnin-tisqi-iqtisadiy-alaqalar-yatirim-ve-milliy-iqtisadiyatni-inkisaf-ettiruv-idaresi-birinci-teskiliy-toplasuvini-kecirecek\/"},"wordCount":118,"commentCount":0,"publisher":{"@id":"https:\/\/qtmm.org\/qt\/#organization"},"articleSection":["Haberler"],"inLanguage":"qt","potentialAction":[{"@type":"CommentAction","name":"Comment","target":["https:\/\/qtmm.org\/qt\/dekabr-23-kunu-meclisnin-tisqi-iqtisadiy-alaqalar-yatirim-ve-milliy-iqtisadiyatni-inkisaf-ettiruv-idaresi-birinci-teskiliy-toplasuvini-kecirecek\/#respond"]}]},{"@type":"WebPage","@id":"https:\/\/qtmm.org\/qt\/dekabr-23-kunu-meclisnin-tisqi-iqtisadiy-alaqalar-yatirim-ve-milliy-iqtisadiyatni-inkisaf-ettiruv-idaresi-birinci-teskiliy-toplasuvini-kecirecek\/","url":"https:\/\/qtmm.org\/qt\/dekabr-23-kunu-meclisnin-tisqi-iqtisadiy-alaqalar-yatirim-ve-milliy-iqtisadiyatni-inkisaf-ettiruv-idaresi-birinci-teskiliy-toplasuvini-kecirecek\/","name":"Dekabr 23 k\u00fcn\u00fc Meclisni\u00f1 T\u0131\u015fq\u0131 iqtisadiy al\u00e2qalar, yat\u0131r\u0131m ve milliy iqtisadiyatn\u0131 inki\u015faf ettir\u00fcv idaresi birinci te\u015fkiliy topla\u015fuv\u0131n\u0131 ke\u00e7irecek - \u041c\u0435\u0434\u0436\u043b\u0456\u0441","isPartOf":{"@id":"https:\/\/qtmm.org\/qt\/#website"},"datePublished":"2013-12-19T09:38:00+00:00","dateModified":"2022-01-27T09:39:16+00:00","breadcrumb":{"@id":"https:\/\/qtmm.org\/qt\/dekabr-23-kunu-meclisnin-tisqi-iqtisadiy-alaqalar-yatirim-ve-milliy-iqtisadiyatni-inkisaf-ettiruv-idaresi-birinci-teskiliy-toplasuvini-kecirecek\/#breadcrumb"},"inLanguage":"qt","potentialAction":[{"@type":"ReadAction","target":["https:\/\/qtmm.org\/qt\/dekabr-23-kunu-meclisnin-tisqi-iqtisadiy-alaqalar-yatirim-ve-milliy-iqtisadiyatni-inkisaf-ettiruv-idaresi-birinci-teskiliy-toplasuvini-kecirecek\/"]}]},{"@type":"BreadcrumbList","@id":"https:\/\/qtmm.org\/qt\/dekabr-23-kunu-meclisnin-tisqi-iqtisadiy-alaqalar-yatirim-ve-milliy-iqtisadiyatni-inkisaf-ettiruv-idaresi-birinci-teskiliy-toplasuvini-kecirecek\/#breadcrumb","itemListElement":[{"@type":"ListItem","position":1,"name":"\u0413\u043e\u043b\u043e\u0432\u043d\u0430","item":"https:\/\/qtmm.org\/qt\/"},{"@type":"ListItem","position":2,"name":"Dekabr 23 k\u00fcn\u00fc Meclisni\u00f1 T\u0131\u015fq\u0131 iqtisadiy al\u00e2qalar, yat\u0131r\u0131m ve milliy iqtisadiyatn\u0131 inki\u015faf ettir\u00fcv idaresi birinci te\u015fkiliy topla\u015fuv\u0131n\u0131 ke\u00e7irecek"}]},{"@type":"WebSite","@id":"https:\/\/qtmm.org\/qt\/#website","url":"https:\/\/qtmm.org\/qt\/","name":"\u041c\u0435\u0434\u0436\u043b\u0456\u0441","description":"","publisher":{"@id":"https:\/\/qtmm.org\/qt\/#organization"},"potentialAction":[{"@type":"SearchAction","target":{"@type":"EntryPoint","urlTemplate":"https:\/\/qtmm.org\/qt\/?s={search_term_string}"},"query-input":{"@type":"PropertyValueSpecification","valueRequired":true,"valueName":"search_term_string"}}],"inLanguage":"qt"},{"@type":"Organization","@id":"https:\/\/qtmm.org\/qt\/#organization","name":"\u041c\u0435\u0434\u0436\u043b\u0456\u0441","url":"https:\/\/qtmm.org\/qt\/","logo":{"@type":"ImageObject","inLanguage":"qt","@id":"https:\/\/qtmm.org\/qt\/#\/schema\/logo\/image\/","url":"https:\/\/qtmm.org\/wp-content\/uploads\/2024\/12\/ua-mejlis-logo-rgb.svg","contentUrl":"https:\/\/qtmm.org\/wp-content\/uploads\/2024\/12\/ua-mejlis-logo-rgb.svg","caption":"\u041c\u0435\u0434\u0436\u043b\u0456\u0441"},"image":{"@id":"https:\/\/qtmm.org\/qt\/#\/schema\/logo\/image\/"},"sameAs":["https:\/\/www.facebook.com\/qtmm.info\/"]},{"@type":"Person","@id":"https:\/\/qtmm.org\/qt\/#\/schema\/person\/de562469f971dec226ac06e60bbf74a7","name":"Developer","image":{"@type":"ImageObject","inLanguage":"qt","@id":"https:\/\/secure.gravatar.com\/avatar\/392b4cc8fbfeb00b39dfeeab4ee6edded39ffd48e25858637e4765810300227e?s=96&d=mm&r=g","url":"https:\/\/secure.gravatar.com\/avatar\/392b4cc8fbfeb00b39dfeeab4ee6edded39ffd48e25858637e4765810300227e?s=96&d=mm&r=g","contentUrl":"https:\/\/secure.gravatar.com\/avatar\/392b4cc8fbfeb00b39dfeeab4ee6edded39ffd48e25858637e4765810300227e?s=96&d=mm&r=g","caption":"Developer"},"url":"https:\/\/qtmm.org\/qt\/author\/Developer\/"}]}},"_links":{"self":[{"href":"https:\/\/qtmm.org\/qt\/wp-json\/wp\/v2\/posts\/41847","targetHints":{"allow":["GET"]}}],"collection":[{"href":"https:\/\/qtmm.org\/qt\/wp-json\/wp\/v2\/posts"}],"about":[{"href":"https:\/\/qtmm.org\/qt\/wp-json\/wp\/v2\/types\/post"}],"author":[{"embeddable":true,"href":"https:\/\/qtmm.org\/qt\/wp-json\/wp\/v2\/users\/1"}],"replies":[{"embeddable":true,"href":"https:\/\/qtmm.org\/qt\/wp-json\/wp\/v2\/comments?post=41847"}],"version-history":[{"count":1,"href":"https:\/\/qtmm.org\/qt\/wp-json\/wp\/v2\/posts\/41847\/revisions"}],"predecessor-version":[{"id":41848,"href":"https:\/\/qtmm.org\/qt\/wp-json\/wp\/v2\/posts\/41847\/revisions\/41848"}],"wp:attachment":[{"href":"https:\/\/qtmm.org\/qt\/wp-json\/wp\/v2\/media?parent=41847"}],"wp:term":[{"taxonomy":"category","embeddable":true,"href":"https:\/\/qtmm.org\/qt\/wp-json\/wp\/v2\/categories?post=41847"},{"taxonomy":"post_tag","embeddable":true,"href":"https:\/\/qtmm.org\/qt\/wp-json\/wp\/v2\/tags?post=41847"}],"curies":[{"name":"wp","href":"https:\/\/api.w.org\/{rel}","templated":true}]}}