




{"id":41833,"date":"2013-12-18T12:37:00","date_gmt":"2013-12-18T09:37:00","guid":{"rendered":"http:\/\/qtmm.org\/?p=41833"},"modified":"2022-01-27T12:38:37","modified_gmt":"2022-01-27T09:38:37","slug":"mustafa-cemilev-qirimtatarlar-akimiyet-milliy-bayraqlarimizni-yuzsuce-ellerine-tuttirgan-bir-qac-on-tituskalardan-gayri-daima-ukraina-milliy-demokratik-kuclernen-beraber-olacaqlar","status":"publish","type":"post","link":"https:\/\/qtmm.org\/qt\/mustafa-cemilev-qirimtatarlar-akimiyet-milliy-bayraqlarimizni-yuzsuce-ellerine-tuttirgan-bir-qac-on-tituskalardan-gayri-daima-ukraina-milliy-demokratik-kuclernen-beraber-olacaqlar\/","title":{"rendered":"Mustafa Cemilev: Q\u0131r\u0131mtatarlar, akimiyet milliy bayraqlar\u0131m\u0131zn\u0131 y\u00fczs\u00fcce ellerine tutt\u0131r\u011fan bir qa\u00e7 on &#8220;titu\u015fkalardan&#8221; \u011fayr\u0131, daima Ukraina milliy-demokratik k\u00fc\u00e7lernen beraber olacaqlar"},"content":{"rendered":"\n<p>Bu aqta Ukraina halq deputat\u0131, SSSRde \u0130nsan aqlar\u0131 qor\u00e7alav te\u015febb\u00fcs\u00e7i gruppas\u0131n\u0131\u00f1 esas\u00e7\u0131lar\u0131ndan ve azalar\u0131ndan biri, sovet kamplar\u0131n\u0131\u00f1 mahb\u00fcsi, Milliy Meclis reisi (1991-2013 ss.), Mustafa Cemilev Mustaqillik Meydan\u0131nda Kiyevde dekabr 17 k\u00fcn\u00fc yapqan \u00e7\u0131q\u0131\u015f\u0131nda s\u00f6yledi.<\/p>\n\n\n\n<p>A\u015fa\u011f\u0131da M. Cemilev \u00e7\u0131q\u0131\u015f\u0131n\u0131\u00f1 tolu versiyan\u0131n\u0131 ilve etemiz<\/p>\n\n\n\n<p class=\"has-text-align-center\"><strong>Q\u0131ymetli dostlar, vatanda\u015flar ve semetde\u015fler!<\/strong><\/p>\n\n\n\n<p>Men sizi\u00f1 qar\u015f\u0131\u00f1\u0131zda faqat &#8220;Batkiv\u015f\u00e7ina&#8221; fraktsiyas\u0131n\u0131\u00f1 deputat\u0131 olaraq degil de, b\u00fct\u00fcn q\u0131r\u0131mtatarlar taraf\u0131ndan saylan\u011fan aliy vek\u00e2letli organ\u0131 \u2013 q\u0131r\u0131mtatar halq\u0131n\u0131\u00f1 Meclisi ad\u0131ndan \u00e7\u0131q\u0131\u015fta bulunmaqtam. Emin olu\u00f1\u0131z ki, \u00f6z milliy ananelerine sad\u0131q ol\u011fan q\u0131r\u0131mtatar halq\u0131 daima Ukraina milliy demokratik k\u00fc\u00e7lernen beraberdir. Tabiiy ki, bir qa\u00e7 on &#8220;titu\u015fkalardan&#8221; \u011fayr\u0131, yaz\u0131q olar bizde de bar, olarn\u0131 m\u0131nda \u00f6z mitingine akimiyet ketirdi ve y\u00fczs\u00fczlerce ellerine milliy bayraqlar\u0131m\u0131zn\u0131 tutt\u0131rd\u0131. Bizde olar\u011fa &#8220;sebatu\u015fki&#8221; deyler. Yevromaydan ve Ukrainan\u0131\u00f1 Avropa yoluna Q\u0131r\u0131m musulmanlar\u0131n\u0131\u00f1 diniy idaresi de a\u00e7\u0131q qoltutmaqta.<\/p>\n\n\n\n<p>Bug\u00fcn Meydan\u011fa eyecan, say\u011f\u0131 ve \u00fcm\u00fct ile yal\u0131\u00f1\u0131z b\u00fct\u00fcn Ukraina degil de, mubal\u00e2\u011fas\u0131z demek m\u00fcmk\u00fcn, b\u00fct\u00fcn d\u00fcnya baqmaqta. Bug\u00fcn siz bizim bel\u00e2l\u0131 devletimiz Ukrainan\u0131\u00f1 \u015ferefi ve namus\u0131n\u0131 qor\u00e7alamaqtas\u0131\u00f1\u0131z. Devletimiz Avropa demokratik devletler s\u0131ras\u0131na kirecegi ya da evelki totalitar imperiyas\u0131n\u0131 \u011fayr\u0131dan tiklemek arzus\u0131nen ya\u015fa\u011fan qom\u015fu devletni\u00f1 il\u00e2vesi olaca\u011f\u0131 bizim ces\u00fcrligimizge ba\u011fl\u0131d\u0131r.<\/p>\n\n\n\n<figure class=\"wp-block-image size-full\"><img loading=\"lazy\" decoding=\"async\" width=\"650\" height=\"354\" src=\"http:\/\/qtmm.org\/wp-content\/uploads\/2022\/01\/4_106.jpeg\" alt=\"\" class=\"wp-image-41838\" srcset=\"https:\/\/qtmm.org\/wp-content\/uploads\/2022\/01\/4_106.jpeg 650w, https:\/\/qtmm.org\/wp-content\/uploads\/2022\/01\/4_106-300x163.jpeg 300w\" sizes=\"auto, (max-width: 650px) 100vw, 650px\" \/><\/figure>\n\n\n\n<p>\u00dc\u00e7 afta evelsi memleket A\u00e7l\u0131qn\u0131\u00f1 80 y\u0131ll\u0131\u011f\u0131n\u0131 qayd etti. Misli k\u00f6r\u00fclmegen bu vah\u015fiy cinayet aqibetinde a\u00e7l\u0131qtan 5 million vatand\u0131\u015f\u0131m\u0131z el\u00e2k old\u0131. Ebet, aradan \u00e7oq vaq\u0131t ke\u00e7ti, amma k\u00f6zleri\u00f1izni yum\u0131p bir tasavur eti\u00f1iz \u2013 be\u015f million ceset, \u015fu c\u00fcmleden bir bu\u00e7uq-eki million bala\u00e7\u0131qlarn\u0131\u00f1 cesetlerini k\u00f6z \u00f6g\u00fc\u00f1izge ketiri\u00f1iz. Ne i\u00e7\u00fcn old\u0131 bu? Ukrainlerni\u00f1 \u00f6z iqtisadiy ve siyasiy mustaqilliklerine t\u0131r\u0131\u015fuvlar\u0131n\u0131 toqtatmaq, &#8220;ukrain millet\u00e7iligini\u00f1 belkemigini q\u0131rmaq&#8221; i\u00e7\u00fcn yap\u0131ld\u0131. \u00c7\u00fcnki qudretli sovet imperiyas\u0131n\u0131 Ukrainas\u0131z qurmaq m\u00fcmk\u00fcn degil edi. \u0130mperiya ise on\u0131\u00f1 halqlar\u0131na ads\u0131z-esaps\u0131z azap, me\u015faqatlar ketirip, b\u00fct\u00fcn d\u00fcnyada bar\u0131\u015f\u0131qqa tel\u00fcke old\u0131.<\/p>\n\n\n\n<p>Su\u00e7s\u0131z, g\u00fcnahs\u0131z \u00f6ld\u00fcrilgen millionlarn\u0131\u00f1 ruhlar\u0131 bug\u00fcn bizlerge \u00fcm\u00fct ile baqalar, \u00e7\u00fcnki devlet akimiyeti ba\u015f\u0131na kreml cell\u00e2tlar\u0131 taraf\u0131ndan ketirilgen iradesiz yolba\u015f\u00e7\u0131lar bizni demokratik Avropadan qoparma\u011fa ve Ukrainan\u0131 \u00f6z tesiri alt\u0131na alma\u011fa t\u0131r\u0131\u015falar.<\/p>\n\n\n\n<figure class=\"wp-block-image size-full\"><img loading=\"lazy\" decoding=\"async\" width=\"650\" height=\"284\" src=\"http:\/\/qtmm.org\/wp-content\/uploads\/2022\/01\/3_118.jpeg\" alt=\"\" class=\"wp-image-41842\" srcset=\"https:\/\/qtmm.org\/wp-content\/uploads\/2022\/01\/3_118.jpeg 650w, https:\/\/qtmm.org\/wp-content\/uploads\/2022\/01\/3_118-300x131.jpeg 300w\" sizes=\"auto, (max-width: 650px) 100vw, 650px\" \/><\/figure>\n\n\n\n<p>Men Avropa devletleri, Amerika ve Kanada diplomatlar\u0131 ve siyasiy erbaplar\u0131na Meydan\u0131m\u0131z\u011fa ve Ukrainan\u0131\u00f1 Avropa y\u00f6neli\u015fine destek k\u00f6stergenleri i\u00e7\u00fcn te\u015fekk\u00fcr bildirem. Bun\u0131 kibi de sab\u0131q sovet cumhuriyetlerinde, \u015fu c\u00fcmleden Rusiyede, sa\u011f qal\u011fan kommunist rejimi mahb\u00fcslerine Yevromaydan\u011fa qoltutqanlar\u0131 aqq\u0131ndaki beyanatlar\u0131n\u0131 k\u00fctleviy matbuat vastalar\u0131nda tarqatqanlar\u0131 i\u00e7\u00fcn te\u015fekk\u00fcr bildirem.<\/p>\n\n\n\n<p>\u015eus\u0131 quvan\u00e7l\u0131 ki, bu Meydanda bulun\u011fan insanlarn\u0131\u00f1 b\u00fcy\u00fck q\u0131sm\u0131n\u0131 gen\u00e7ler, studentler te\u015fkil ete. Demek, Ukrainan\u0131\u00f1 kelecegi i\u015fan\u00e7l\u0131 qollarda.<\/p>\n\n\n\n<p class=\"has-text-align-center\"><strong>Ya\u015flar\u0131m\u0131z\u011fa \u015fan-\u015ferefler!&nbsp; Ya\u015fas\u0131n Ukraina!<\/strong><\/p>\n","protected":false},"excerpt":{"rendered":"<p>Bu aqta Ukraina halq deputat\u0131, SSSRde \u0130nsan aqlar\u0131 qor\u00e7alav te\u015febb\u00fcs\u00e7i gruppas\u0131n\u0131\u00f1 esas\u00e7\u0131lar\u0131ndan ve azalar\u0131ndan biri, sovet kamplar\u0131n\u0131\u00f1 mahb\u00fcsi, Milliy Meclis reisi (1991-2013 ss.), Mustafa Cemilev Mustaqillik Meydan\u0131nda Kiyevde dekabr 17 k\u00fcn\u00fc yapqan \u00e7\u0131q\u0131\u015f\u0131nda s\u00f6yledi. A\u015fa\u011f\u0131da M. Cemilev \u00e7\u0131q\u0131\u015f\u0131n\u0131\u00f1 tolu versiyan\u0131n\u0131 ilve etemiz Q\u0131ymetli dostlar, vatanda\u015flar ve semetde\u015fler! Men sizi\u00f1 qar\u015f\u0131\u00f1\u0131zda faqat &#8220;Batkiv\u015f\u00e7ina&#8221; fraktsiyas\u0131n\u0131\u00f1 deputat\u0131 olaraq [&hellip;]<\/p>\n","protected":false},"author":1,"featured_media":41834,"comment_status":"open","ping_status":"open","sticky":false,"template":"","format":"standard","meta":{"inline_featured_image":false,"footnotes":""},"categories":[265],"tags":[],"class_list":["post-41833","post","type-post","status-publish","format-standard","has-post-thumbnail","hentry","category-haberler"],"acf":[],"yoast_head":"<!-- This site is optimized with the Yoast SEO plugin v27.4 - https:\/\/yoast.com\/product\/yoast-seo-wordpress\/ -->\n<title>Mustafa Cemilev: Q\u0131r\u0131mtatarlar, akimiyet milliy bayraqlar\u0131m\u0131zn\u0131 y\u00fczs\u00fcce ellerine tutt\u0131r\u011fan bir qa\u00e7 on &quot;titu\u015fkalardan&quot; \u011fayr\u0131, daima Ukraina milliy-demokratik k\u00fc\u00e7lernen beraber olacaqlar - \u041c\u0435\u0434\u0436\u043b\u0456\u0441<\/title>\n<meta name=\"robots\" content=\"index, follow, max-snippet:-1, max-image-preview:large, max-video-preview:-1\" \/>\n<link rel=\"canonical\" href=\"https:\/\/qtmm.org\/qt\/mustafa-cemilev-qirimtatarlar-akimiyet-milliy-bayraqlarimizni-yuzsuce-ellerine-tuttirgan-bir-qac-on-tituskalardan-gayri-daima-ukraina-milliy-demokratik-kuclernen-beraber-olacaqlar\/\" \/>\n<meta property=\"og:locale\" content=\"en_US\" \/>\n<meta property=\"og:type\" content=\"article\" \/>\n<meta property=\"og:title\" content=\"Mustafa Cemilev: Q\u0131r\u0131mtatarlar, akimiyet milliy bayraqlar\u0131m\u0131zn\u0131 y\u00fczs\u00fcce ellerine tutt\u0131r\u011fan bir qa\u00e7 on &quot;titu\u015fkalardan&quot; \u011fayr\u0131, daima Ukraina milliy-demokratik k\u00fc\u00e7lernen beraber olacaqlar - \u041c\u0435\u0434\u0436\u043b\u0456\u0441\" \/>\n<meta property=\"og:description\" content=\"Bu aqta Ukraina halq deputat\u0131, SSSRde \u0130nsan aqlar\u0131 qor\u00e7alav te\u015febb\u00fcs\u00e7i gruppas\u0131n\u0131\u00f1 esas\u00e7\u0131lar\u0131ndan ve azalar\u0131ndan biri, sovet kamplar\u0131n\u0131\u00f1 mahb\u00fcsi, Milliy Meclis reisi (1991-2013 ss.), Mustafa Cemilev Mustaqillik Meydan\u0131nda Kiyevde dekabr 17 k\u00fcn\u00fc yapqan \u00e7\u0131q\u0131\u015f\u0131nda s\u00f6yledi. A\u015fa\u011f\u0131da M. Cemilev \u00e7\u0131q\u0131\u015f\u0131n\u0131\u00f1 tolu versiyan\u0131n\u0131 ilve etemiz Q\u0131ymetli dostlar, vatanda\u015flar ve semetde\u015fler! Men sizi\u00f1 qar\u015f\u0131\u00f1\u0131zda faqat &#8220;Batkiv\u015f\u00e7ina&#8221; fraktsiyas\u0131n\u0131\u00f1 deputat\u0131 olaraq [&hellip;]\" \/>\n<meta property=\"og:url\" content=\"https:\/\/qtmm.org\/qt\/mustafa-cemilev-qirimtatarlar-akimiyet-milliy-bayraqlarimizni-yuzsuce-ellerine-tuttirgan-bir-qac-on-tituskalardan-gayri-daima-ukraina-milliy-demokratik-kuclernen-beraber-olacaqlar\/\" \/>\n<meta property=\"og:site_name\" content=\"\u041c\u0435\u0434\u0436\u043b\u0456\u0441\" \/>\n<meta property=\"article:publisher\" content=\"https:\/\/www.facebook.com\/qtmm.info\/\" \/>\n<meta property=\"article:published_time\" content=\"2013-12-18T09:37:00+00:00\" \/>\n<meta property=\"article:modified_time\" content=\"2022-01-27T09:38:37+00:00\" \/>\n<meta property=\"og:image\" content=\"https:\/\/qtmm.org\/wp-content\/uploads\/2022\/01\/2_152.jpeg\" \/>\n\t<meta property=\"og:image:width\" content=\"650\" \/>\n\t<meta property=\"og:image:height\" content=\"428\" \/>\n\t<meta property=\"og:image:type\" content=\"image\/jpeg\" \/>\n<meta name=\"author\" content=\"Developer\" \/>\n<meta name=\"twitter:card\" content=\"summary_large_image\" \/>\n<meta name=\"twitter:label1\" content=\"Written by\" \/>\n\t<meta name=\"twitter:data1\" content=\"Developer\" \/>\n\t<meta name=\"twitter:label2\" content=\"Est. reading time\" \/>\n\t<meta name=\"twitter:data2\" content=\"3 minutes\" \/>\n<script type=\"application\/ld+json\" class=\"yoast-schema-graph\">{\"@context\":\"https:\\\/\\\/schema.org\",\"@graph\":[{\"@type\":\"Article\",\"@id\":\"https:\\\/\\\/qtmm.org\\\/qt\\\/mustafa-cemilev-qirimtatarlar-akimiyet-milliy-bayraqlarimizni-yuzsuce-ellerine-tuttirgan-bir-qac-on-tituskalardan-gayri-daima-ukraina-milliy-demokratik-kuclernen-beraber-olacaqlar\\\/#article\",\"isPartOf\":{\"@id\":\"https:\\\/\\\/qtmm.org\\\/qt\\\/mustafa-cemilev-qirimtatarlar-akimiyet-milliy-bayraqlarimizni-yuzsuce-ellerine-tuttirgan-bir-qac-on-tituskalardan-gayri-daima-ukraina-milliy-demokratik-kuclernen-beraber-olacaqlar\\\/\"},\"author\":{\"name\":\"Developer\",\"@id\":\"https:\\\/\\\/qtmm.org\\\/qt\\\/#\\\/schema\\\/person\\\/de562469f971dec226ac06e60bbf74a7\"},\"headline\":\"Mustafa Cemilev: Q\u0131r\u0131mtatarlar, akimiyet milliy bayraqlar\u0131m\u0131zn\u0131 y\u00fczs\u00fcce ellerine tutt\u0131r\u011fan bir qa\u00e7 on &#8220;titu\u015fkalardan&#8221; \u011fayr\u0131, daima Ukraina milliy-demokratik k\u00fc\u00e7lernen beraber olacaqlar\",\"datePublished\":\"2013-12-18T09:37:00+00:00\",\"dateModified\":\"2022-01-27T09:38:37+00:00\",\"mainEntityOfPage\":{\"@id\":\"https:\\\/\\\/qtmm.org\\\/qt\\\/mustafa-cemilev-qirimtatarlar-akimiyet-milliy-bayraqlarimizni-yuzsuce-ellerine-tuttirgan-bir-qac-on-tituskalardan-gayri-daima-ukraina-milliy-demokratik-kuclernen-beraber-olacaqlar\\\/\"},\"wordCount\":573,\"commentCount\":0,\"publisher\":{\"@id\":\"https:\\\/\\\/qtmm.org\\\/qt\\\/#organization\"},\"image\":{\"@id\":\"https:\\\/\\\/qtmm.org\\\/qt\\\/mustafa-cemilev-qirimtatarlar-akimiyet-milliy-bayraqlarimizni-yuzsuce-ellerine-tuttirgan-bir-qac-on-tituskalardan-gayri-daima-ukraina-milliy-demokratik-kuclernen-beraber-olacaqlar\\\/#primaryimage\"},\"thumbnailUrl\":\"https:\\\/\\\/qtmm.org\\\/wp-content\\\/uploads\\\/2022\\\/01\\\/2_152.jpeg\",\"articleSection\":[\"Haberler\"],\"inLanguage\":\"qt\",\"potentialAction\":[{\"@type\":\"CommentAction\",\"name\":\"Comment\",\"target\":[\"https:\\\/\\\/qtmm.org\\\/qt\\\/mustafa-cemilev-qirimtatarlar-akimiyet-milliy-bayraqlarimizni-yuzsuce-ellerine-tuttirgan-bir-qac-on-tituskalardan-gayri-daima-ukraina-milliy-demokratik-kuclernen-beraber-olacaqlar\\\/#respond\"]}]},{\"@type\":\"WebPage\",\"@id\":\"https:\\\/\\\/qtmm.org\\\/qt\\\/mustafa-cemilev-qirimtatarlar-akimiyet-milliy-bayraqlarimizni-yuzsuce-ellerine-tuttirgan-bir-qac-on-tituskalardan-gayri-daima-ukraina-milliy-demokratik-kuclernen-beraber-olacaqlar\\\/\",\"url\":\"https:\\\/\\\/qtmm.org\\\/qt\\\/mustafa-cemilev-qirimtatarlar-akimiyet-milliy-bayraqlarimizni-yuzsuce-ellerine-tuttirgan-bir-qac-on-tituskalardan-gayri-daima-ukraina-milliy-demokratik-kuclernen-beraber-olacaqlar\\\/\",\"name\":\"Mustafa Cemilev: Q\u0131r\u0131mtatarlar, akimiyet milliy bayraqlar\u0131m\u0131zn\u0131 y\u00fczs\u00fcce ellerine tutt\u0131r\u011fan bir qa\u00e7 on \\\"titu\u015fkalardan\\\" \u011fayr\u0131, daima Ukraina milliy-demokratik k\u00fc\u00e7lernen beraber olacaqlar - \u041c\u0435\u0434\u0436\u043b\u0456\u0441\",\"isPartOf\":{\"@id\":\"https:\\\/\\\/qtmm.org\\\/qt\\\/#website\"},\"primaryImageOfPage\":{\"@id\":\"https:\\\/\\\/qtmm.org\\\/qt\\\/mustafa-cemilev-qirimtatarlar-akimiyet-milliy-bayraqlarimizni-yuzsuce-ellerine-tuttirgan-bir-qac-on-tituskalardan-gayri-daima-ukraina-milliy-demokratik-kuclernen-beraber-olacaqlar\\\/#primaryimage\"},\"image\":{\"@id\":\"https:\\\/\\\/qtmm.org\\\/qt\\\/mustafa-cemilev-qirimtatarlar-akimiyet-milliy-bayraqlarimizni-yuzsuce-ellerine-tuttirgan-bir-qac-on-tituskalardan-gayri-daima-ukraina-milliy-demokratik-kuclernen-beraber-olacaqlar\\\/#primaryimage\"},\"thumbnailUrl\":\"https:\\\/\\\/qtmm.org\\\/wp-content\\\/uploads\\\/2022\\\/01\\\/2_152.jpeg\",\"datePublished\":\"2013-12-18T09:37:00+00:00\",\"dateModified\":\"2022-01-27T09:38:37+00:00\",\"breadcrumb\":{\"@id\":\"https:\\\/\\\/qtmm.org\\\/qt\\\/mustafa-cemilev-qirimtatarlar-akimiyet-milliy-bayraqlarimizni-yuzsuce-ellerine-tuttirgan-bir-qac-on-tituskalardan-gayri-daima-ukraina-milliy-demokratik-kuclernen-beraber-olacaqlar\\\/#breadcrumb\"},\"inLanguage\":\"qt\",\"potentialAction\":[{\"@type\":\"ReadAction\",\"target\":[\"https:\\\/\\\/qtmm.org\\\/qt\\\/mustafa-cemilev-qirimtatarlar-akimiyet-milliy-bayraqlarimizni-yuzsuce-ellerine-tuttirgan-bir-qac-on-tituskalardan-gayri-daima-ukraina-milliy-demokratik-kuclernen-beraber-olacaqlar\\\/\"]}]},{\"@type\":\"ImageObject\",\"inLanguage\":\"qt\",\"@id\":\"https:\\\/\\\/qtmm.org\\\/qt\\\/mustafa-cemilev-qirimtatarlar-akimiyet-milliy-bayraqlarimizni-yuzsuce-ellerine-tuttirgan-bir-qac-on-tituskalardan-gayri-daima-ukraina-milliy-demokratik-kuclernen-beraber-olacaqlar\\\/#primaryimage\",\"url\":\"https:\\\/\\\/qtmm.org\\\/wp-content\\\/uploads\\\/2022\\\/01\\\/2_152.jpeg\",\"contentUrl\":\"https:\\\/\\\/qtmm.org\\\/wp-content\\\/uploads\\\/2022\\\/01\\\/2_152.jpeg\",\"width\":650,\"height\":428},{\"@type\":\"BreadcrumbList\",\"@id\":\"https:\\\/\\\/qtmm.org\\\/qt\\\/mustafa-cemilev-qirimtatarlar-akimiyet-milliy-bayraqlarimizni-yuzsuce-ellerine-tuttirgan-bir-qac-on-tituskalardan-gayri-daima-ukraina-milliy-demokratik-kuclernen-beraber-olacaqlar\\\/#breadcrumb\",\"itemListElement\":[{\"@type\":\"ListItem\",\"position\":1,\"name\":\"\u0413\u043e\u043b\u043e\u0432\u043d\u0430\",\"item\":\"https:\\\/\\\/qtmm.org\\\/qt\\\/\"},{\"@type\":\"ListItem\",\"position\":2,\"name\":\"Mustafa Cemilev: Q\u0131r\u0131mtatarlar, akimiyet milliy bayraqlar\u0131m\u0131zn\u0131 y\u00fczs\u00fcce ellerine tutt\u0131r\u011fan bir qa\u00e7 on &#8220;titu\u015fkalardan&#8221; \u011fayr\u0131, daima Ukraina milliy-demokratik k\u00fc\u00e7lernen beraber olacaqlar\"}]},{\"@type\":\"WebSite\",\"@id\":\"https:\\\/\\\/qtmm.org\\\/qt\\\/#website\",\"url\":\"https:\\\/\\\/qtmm.org\\\/qt\\\/\",\"name\":\"\u041c\u0435\u0434\u0436\u043b\u0456\u0441\",\"description\":\"\",\"publisher\":{\"@id\":\"https:\\\/\\\/qtmm.org\\\/qt\\\/#organization\"},\"potentialAction\":[{\"@type\":\"SearchAction\",\"target\":{\"@type\":\"EntryPoint\",\"urlTemplate\":\"https:\\\/\\\/qtmm.org\\\/qt\\\/?s={search_term_string}\"},\"query-input\":{\"@type\":\"PropertyValueSpecification\",\"valueRequired\":true,\"valueName\":\"search_term_string\"}}],\"inLanguage\":\"qt\"},{\"@type\":\"Organization\",\"@id\":\"https:\\\/\\\/qtmm.org\\\/qt\\\/#organization\",\"name\":\"\u041c\u0435\u0434\u0436\u043b\u0456\u0441\",\"url\":\"https:\\\/\\\/qtmm.org\\\/qt\\\/\",\"logo\":{\"@type\":\"ImageObject\",\"inLanguage\":\"qt\",\"@id\":\"https:\\\/\\\/qtmm.org\\\/qt\\\/#\\\/schema\\\/logo\\\/image\\\/\",\"url\":\"https:\\\/\\\/qtmm.org\\\/wp-content\\\/uploads\\\/2024\\\/12\\\/ua-mejlis-logo-rgb.svg\",\"contentUrl\":\"https:\\\/\\\/qtmm.org\\\/wp-content\\\/uploads\\\/2024\\\/12\\\/ua-mejlis-logo-rgb.svg\",\"caption\":\"\u041c\u0435\u0434\u0436\u043b\u0456\u0441\"},\"image\":{\"@id\":\"https:\\\/\\\/qtmm.org\\\/qt\\\/#\\\/schema\\\/logo\\\/image\\\/\"},\"sameAs\":[\"https:\\\/\\\/www.facebook.com\\\/qtmm.info\\\/\"]},{\"@type\":\"Person\",\"@id\":\"https:\\\/\\\/qtmm.org\\\/qt\\\/#\\\/schema\\\/person\\\/de562469f971dec226ac06e60bbf74a7\",\"name\":\"Developer\",\"image\":{\"@type\":\"ImageObject\",\"inLanguage\":\"qt\",\"@id\":\"https:\\\/\\\/secure.gravatar.com\\\/avatar\\\/392b4cc8fbfeb00b39dfeeab4ee6edded39ffd48e25858637e4765810300227e?s=96&d=mm&r=g\",\"url\":\"https:\\\/\\\/secure.gravatar.com\\\/avatar\\\/392b4cc8fbfeb00b39dfeeab4ee6edded39ffd48e25858637e4765810300227e?s=96&d=mm&r=g\",\"contentUrl\":\"https:\\\/\\\/secure.gravatar.com\\\/avatar\\\/392b4cc8fbfeb00b39dfeeab4ee6edded39ffd48e25858637e4765810300227e?s=96&d=mm&r=g\",\"caption\":\"Developer\"},\"url\":\"https:\\\/\\\/qtmm.org\\\/qt\\\/author\\\/Developer\\\/\"}]}<\/script>\n<!-- \/ Yoast SEO plugin. -->","yoast_head_json":{"title":"Mustafa Cemilev: Q\u0131r\u0131mtatarlar, akimiyet milliy bayraqlar\u0131m\u0131zn\u0131 y\u00fczs\u00fcce ellerine tutt\u0131r\u011fan bir qa\u00e7 on \"titu\u015fkalardan\" \u011fayr\u0131, daima Ukraina milliy-demokratik k\u00fc\u00e7lernen beraber olacaqlar - \u041c\u0435\u0434\u0436\u043b\u0456\u0441","robots":{"index":"index","follow":"follow","max-snippet":"max-snippet:-1","max-image-preview":"max-image-preview:large","max-video-preview":"max-video-preview:-1"},"canonical":"https:\/\/qtmm.org\/qt\/mustafa-cemilev-qirimtatarlar-akimiyet-milliy-bayraqlarimizni-yuzsuce-ellerine-tuttirgan-bir-qac-on-tituskalardan-gayri-daima-ukraina-milliy-demokratik-kuclernen-beraber-olacaqlar\/","og_locale":"en_US","og_type":"article","og_title":"Mustafa Cemilev: Q\u0131r\u0131mtatarlar, akimiyet milliy bayraqlar\u0131m\u0131zn\u0131 y\u00fczs\u00fcce ellerine tutt\u0131r\u011fan bir qa\u00e7 on \"titu\u015fkalardan\" \u011fayr\u0131, daima Ukraina milliy-demokratik k\u00fc\u00e7lernen beraber olacaqlar - \u041c\u0435\u0434\u0436\u043b\u0456\u0441","og_description":"Bu aqta Ukraina halq deputat\u0131, SSSRde \u0130nsan aqlar\u0131 qor\u00e7alav te\u015febb\u00fcs\u00e7i gruppas\u0131n\u0131\u00f1 esas\u00e7\u0131lar\u0131ndan ve azalar\u0131ndan biri, sovet kamplar\u0131n\u0131\u00f1 mahb\u00fcsi, Milliy Meclis reisi (1991-2013 ss.), Mustafa Cemilev Mustaqillik Meydan\u0131nda Kiyevde dekabr 17 k\u00fcn\u00fc yapqan \u00e7\u0131q\u0131\u015f\u0131nda s\u00f6yledi. A\u015fa\u011f\u0131da M. Cemilev \u00e7\u0131q\u0131\u015f\u0131n\u0131\u00f1 tolu versiyan\u0131n\u0131 ilve etemiz Q\u0131ymetli dostlar, vatanda\u015flar ve semetde\u015fler! Men sizi\u00f1 qar\u015f\u0131\u00f1\u0131zda faqat &#8220;Batkiv\u015f\u00e7ina&#8221; fraktsiyas\u0131n\u0131\u00f1 deputat\u0131 olaraq [&hellip;]","og_url":"https:\/\/qtmm.org\/qt\/mustafa-cemilev-qirimtatarlar-akimiyet-milliy-bayraqlarimizni-yuzsuce-ellerine-tuttirgan-bir-qac-on-tituskalardan-gayri-daima-ukraina-milliy-demokratik-kuclernen-beraber-olacaqlar\/","og_site_name":"\u041c\u0435\u0434\u0436\u043b\u0456\u0441","article_publisher":"https:\/\/www.facebook.com\/qtmm.info\/","article_published_time":"2013-12-18T09:37:00+00:00","article_modified_time":"2022-01-27T09:38:37+00:00","og_image":[{"width":650,"height":428,"url":"https:\/\/qtmm.org\/wp-content\/uploads\/2022\/01\/2_152.jpeg","type":"image\/jpeg"}],"author":"Developer","twitter_card":"summary_large_image","twitter_misc":{"Written by":"Developer","Est. reading time":"3 minutes"},"schema":{"@context":"https:\/\/schema.org","@graph":[{"@type":"Article","@id":"https:\/\/qtmm.org\/qt\/mustafa-cemilev-qirimtatarlar-akimiyet-milliy-bayraqlarimizni-yuzsuce-ellerine-tuttirgan-bir-qac-on-tituskalardan-gayri-daima-ukraina-milliy-demokratik-kuclernen-beraber-olacaqlar\/#article","isPartOf":{"@id":"https:\/\/qtmm.org\/qt\/mustafa-cemilev-qirimtatarlar-akimiyet-milliy-bayraqlarimizni-yuzsuce-ellerine-tuttirgan-bir-qac-on-tituskalardan-gayri-daima-ukraina-milliy-demokratik-kuclernen-beraber-olacaqlar\/"},"author":{"name":"Developer","@id":"https:\/\/qtmm.org\/qt\/#\/schema\/person\/de562469f971dec226ac06e60bbf74a7"},"headline":"Mustafa Cemilev: Q\u0131r\u0131mtatarlar, akimiyet milliy bayraqlar\u0131m\u0131zn\u0131 y\u00fczs\u00fcce ellerine tutt\u0131r\u011fan bir qa\u00e7 on &#8220;titu\u015fkalardan&#8221; \u011fayr\u0131, daima Ukraina milliy-demokratik k\u00fc\u00e7lernen beraber olacaqlar","datePublished":"2013-12-18T09:37:00+00:00","dateModified":"2022-01-27T09:38:37+00:00","mainEntityOfPage":{"@id":"https:\/\/qtmm.org\/qt\/mustafa-cemilev-qirimtatarlar-akimiyet-milliy-bayraqlarimizni-yuzsuce-ellerine-tuttirgan-bir-qac-on-tituskalardan-gayri-daima-ukraina-milliy-demokratik-kuclernen-beraber-olacaqlar\/"},"wordCount":573,"commentCount":0,"publisher":{"@id":"https:\/\/qtmm.org\/qt\/#organization"},"image":{"@id":"https:\/\/qtmm.org\/qt\/mustafa-cemilev-qirimtatarlar-akimiyet-milliy-bayraqlarimizni-yuzsuce-ellerine-tuttirgan-bir-qac-on-tituskalardan-gayri-daima-ukraina-milliy-demokratik-kuclernen-beraber-olacaqlar\/#primaryimage"},"thumbnailUrl":"https:\/\/qtmm.org\/wp-content\/uploads\/2022\/01\/2_152.jpeg","articleSection":["Haberler"],"inLanguage":"qt","potentialAction":[{"@type":"CommentAction","name":"Comment","target":["https:\/\/qtmm.org\/qt\/mustafa-cemilev-qirimtatarlar-akimiyet-milliy-bayraqlarimizni-yuzsuce-ellerine-tuttirgan-bir-qac-on-tituskalardan-gayri-daima-ukraina-milliy-demokratik-kuclernen-beraber-olacaqlar\/#respond"]}]},{"@type":"WebPage","@id":"https:\/\/qtmm.org\/qt\/mustafa-cemilev-qirimtatarlar-akimiyet-milliy-bayraqlarimizni-yuzsuce-ellerine-tuttirgan-bir-qac-on-tituskalardan-gayri-daima-ukraina-milliy-demokratik-kuclernen-beraber-olacaqlar\/","url":"https:\/\/qtmm.org\/qt\/mustafa-cemilev-qirimtatarlar-akimiyet-milliy-bayraqlarimizni-yuzsuce-ellerine-tuttirgan-bir-qac-on-tituskalardan-gayri-daima-ukraina-milliy-demokratik-kuclernen-beraber-olacaqlar\/","name":"Mustafa Cemilev: Q\u0131r\u0131mtatarlar, akimiyet milliy bayraqlar\u0131m\u0131zn\u0131 y\u00fczs\u00fcce ellerine tutt\u0131r\u011fan bir qa\u00e7 on \"titu\u015fkalardan\" \u011fayr\u0131, daima Ukraina milliy-demokratik k\u00fc\u00e7lernen beraber olacaqlar - \u041c\u0435\u0434\u0436\u043b\u0456\u0441","isPartOf":{"@id":"https:\/\/qtmm.org\/qt\/#website"},"primaryImageOfPage":{"@id":"https:\/\/qtmm.org\/qt\/mustafa-cemilev-qirimtatarlar-akimiyet-milliy-bayraqlarimizni-yuzsuce-ellerine-tuttirgan-bir-qac-on-tituskalardan-gayri-daima-ukraina-milliy-demokratik-kuclernen-beraber-olacaqlar\/#primaryimage"},"image":{"@id":"https:\/\/qtmm.org\/qt\/mustafa-cemilev-qirimtatarlar-akimiyet-milliy-bayraqlarimizni-yuzsuce-ellerine-tuttirgan-bir-qac-on-tituskalardan-gayri-daima-ukraina-milliy-demokratik-kuclernen-beraber-olacaqlar\/#primaryimage"},"thumbnailUrl":"https:\/\/qtmm.org\/wp-content\/uploads\/2022\/01\/2_152.jpeg","datePublished":"2013-12-18T09:37:00+00:00","dateModified":"2022-01-27T09:38:37+00:00","breadcrumb":{"@id":"https:\/\/qtmm.org\/qt\/mustafa-cemilev-qirimtatarlar-akimiyet-milliy-bayraqlarimizni-yuzsuce-ellerine-tuttirgan-bir-qac-on-tituskalardan-gayri-daima-ukraina-milliy-demokratik-kuclernen-beraber-olacaqlar\/#breadcrumb"},"inLanguage":"qt","potentialAction":[{"@type":"ReadAction","target":["https:\/\/qtmm.org\/qt\/mustafa-cemilev-qirimtatarlar-akimiyet-milliy-bayraqlarimizni-yuzsuce-ellerine-tuttirgan-bir-qac-on-tituskalardan-gayri-daima-ukraina-milliy-demokratik-kuclernen-beraber-olacaqlar\/"]}]},{"@type":"ImageObject","inLanguage":"qt","@id":"https:\/\/qtmm.org\/qt\/mustafa-cemilev-qirimtatarlar-akimiyet-milliy-bayraqlarimizni-yuzsuce-ellerine-tuttirgan-bir-qac-on-tituskalardan-gayri-daima-ukraina-milliy-demokratik-kuclernen-beraber-olacaqlar\/#primaryimage","url":"https:\/\/qtmm.org\/wp-content\/uploads\/2022\/01\/2_152.jpeg","contentUrl":"https:\/\/qtmm.org\/wp-content\/uploads\/2022\/01\/2_152.jpeg","width":650,"height":428},{"@type":"BreadcrumbList","@id":"https:\/\/qtmm.org\/qt\/mustafa-cemilev-qirimtatarlar-akimiyet-milliy-bayraqlarimizni-yuzsuce-ellerine-tuttirgan-bir-qac-on-tituskalardan-gayri-daima-ukraina-milliy-demokratik-kuclernen-beraber-olacaqlar\/#breadcrumb","itemListElement":[{"@type":"ListItem","position":1,"name":"\u0413\u043e\u043b\u043e\u0432\u043d\u0430","item":"https:\/\/qtmm.org\/qt\/"},{"@type":"ListItem","position":2,"name":"Mustafa Cemilev: Q\u0131r\u0131mtatarlar, akimiyet milliy bayraqlar\u0131m\u0131zn\u0131 y\u00fczs\u00fcce ellerine tutt\u0131r\u011fan bir qa\u00e7 on &#8220;titu\u015fkalardan&#8221; \u011fayr\u0131, daima Ukraina milliy-demokratik k\u00fc\u00e7lernen beraber olacaqlar"}]},{"@type":"WebSite","@id":"https:\/\/qtmm.org\/qt\/#website","url":"https:\/\/qtmm.org\/qt\/","name":"\u041c\u0435\u0434\u0436\u043b\u0456\u0441","description":"","publisher":{"@id":"https:\/\/qtmm.org\/qt\/#organization"},"potentialAction":[{"@type":"SearchAction","target":{"@type":"EntryPoint","urlTemplate":"https:\/\/qtmm.org\/qt\/?s={search_term_string}"},"query-input":{"@type":"PropertyValueSpecification","valueRequired":true,"valueName":"search_term_string"}}],"inLanguage":"qt"},{"@type":"Organization","@id":"https:\/\/qtmm.org\/qt\/#organization","name":"\u041c\u0435\u0434\u0436\u043b\u0456\u0441","url":"https:\/\/qtmm.org\/qt\/","logo":{"@type":"ImageObject","inLanguage":"qt","@id":"https:\/\/qtmm.org\/qt\/#\/schema\/logo\/image\/","url":"https:\/\/qtmm.org\/wp-content\/uploads\/2024\/12\/ua-mejlis-logo-rgb.svg","contentUrl":"https:\/\/qtmm.org\/wp-content\/uploads\/2024\/12\/ua-mejlis-logo-rgb.svg","caption":"\u041c\u0435\u0434\u0436\u043b\u0456\u0441"},"image":{"@id":"https:\/\/qtmm.org\/qt\/#\/schema\/logo\/image\/"},"sameAs":["https:\/\/www.facebook.com\/qtmm.info\/"]},{"@type":"Person","@id":"https:\/\/qtmm.org\/qt\/#\/schema\/person\/de562469f971dec226ac06e60bbf74a7","name":"Developer","image":{"@type":"ImageObject","inLanguage":"qt","@id":"https:\/\/secure.gravatar.com\/avatar\/392b4cc8fbfeb00b39dfeeab4ee6edded39ffd48e25858637e4765810300227e?s=96&d=mm&r=g","url":"https:\/\/secure.gravatar.com\/avatar\/392b4cc8fbfeb00b39dfeeab4ee6edded39ffd48e25858637e4765810300227e?s=96&d=mm&r=g","contentUrl":"https:\/\/secure.gravatar.com\/avatar\/392b4cc8fbfeb00b39dfeeab4ee6edded39ffd48e25858637e4765810300227e?s=96&d=mm&r=g","caption":"Developer"},"url":"https:\/\/qtmm.org\/qt\/author\/Developer\/"}]}},"_links":{"self":[{"href":"https:\/\/qtmm.org\/qt\/wp-json\/wp\/v2\/posts\/41833","targetHints":{"allow":["GET"]}}],"collection":[{"href":"https:\/\/qtmm.org\/qt\/wp-json\/wp\/v2\/posts"}],"about":[{"href":"https:\/\/qtmm.org\/qt\/wp-json\/wp\/v2\/types\/post"}],"author":[{"embeddable":true,"href":"https:\/\/qtmm.org\/qt\/wp-json\/wp\/v2\/users\/1"}],"replies":[{"embeddable":true,"href":"https:\/\/qtmm.org\/qt\/wp-json\/wp\/v2\/comments?post=41833"}],"version-history":[{"count":1,"href":"https:\/\/qtmm.org\/qt\/wp-json\/wp\/v2\/posts\/41833\/revisions"}],"predecessor-version":[{"id":41846,"href":"https:\/\/qtmm.org\/qt\/wp-json\/wp\/v2\/posts\/41833\/revisions\/41846"}],"wp:featuredmedia":[{"embeddable":true,"href":"https:\/\/qtmm.org\/qt\/wp-json\/wp\/v2\/media\/41834"}],"wp:attachment":[{"href":"https:\/\/qtmm.org\/qt\/wp-json\/wp\/v2\/media?parent=41833"}],"wp:term":[{"taxonomy":"category","embeddable":true,"href":"https:\/\/qtmm.org\/qt\/wp-json\/wp\/v2\/categories?post=41833"},{"taxonomy":"post_tag","embeddable":true,"href":"https:\/\/qtmm.org\/qt\/wp-json\/wp\/v2\/tags?post=41833"}],"curies":[{"name":"wp","href":"https:\/\/api.w.org\/{rel}","templated":true}]}}