




{"id":41807,"date":"2013-12-17T12:34:00","date_gmt":"2013-12-17T09:34:00","guid":{"rendered":"http:\/\/qtmm.org\/?p=41807"},"modified":"2022-01-27T12:36:58","modified_gmt":"2022-01-27T09:36:58","slug":"meclis-reisi-cesit-milletlerge-mensup-oqumis-gencler-yaqin-kelecekte-qirimga-bugunki-siyasetci-ve-idarecilerden-daa-yahsi-hizmet-eteceklerine-emin","status":"publish","type":"post","link":"https:\/\/qtmm.org\/qt\/meclis-reisi-cesit-milletlerge-mensup-oqumis-gencler-yaqin-kelecekte-qirimga-bugunki-siyasetci-ve-idarecilerden-daa-yahsi-hizmet-eteceklerine-emin\/","title":{"rendered":"Meclis reisi \u00e7e\u015fit milletlerge mens\u00fcp oqum\u0131\u015f gen\u00e7ler yaq\u0131n kelecekte Q\u0131r\u0131m\u011fa bug\u00fcnki siyaset\u00e7i ve idarecilerden daa yah\u015f\u0131 h\u0131zmet eteceklerine emin"},"content":{"rendered":"\n<p>Dekabr 17 k\u00fcn\u00fc Aqmescitte Ukrain muz\u0131ka teatrinde istidatl\u0131 balalar i\u00e7\u00fcn S\u00fcren litseyini\u00f1 20 y\u0131ll\u0131\u011f\u0131na ba\u011f\u0131\u015flan\u011fan tantanal\u0131 merasim \u00f6tkerildi.<\/p>\n\n\n\n<figure class=\"wp-block-image size-full\"><img loading=\"lazy\" decoding=\"async\" width=\"650\" height=\"336\" src=\"http:\/\/qtmm.org\/wp-content\/uploads\/2022\/01\/img_3978.jpeg\" alt=\"\" class=\"wp-image-41808\" srcset=\"https:\/\/qtmm.org\/wp-content\/uploads\/2022\/01\/img_3978.jpeg 650w, https:\/\/qtmm.org\/wp-content\/uploads\/2022\/01\/img_3978-300x155.jpeg 300w\" sizes=\"auto, (max-width: 650px) 100vw, 650px\" \/><\/figure>\n\n\n\n<p>Faqat Q\u0131r\u0131mda degil de, belki Ukrainadaki e\u00f1 ileri ve kreativ oquv m\u00fcessiselerinden birini\u00f1 bayram\u0131na 800-den ziyade musafir keldi. Olarn\u0131\u00f1 aras\u0131nda Milliy Meclis reisi Refat \u00c7ubarov, Q\u0131r\u0131m m\u00fcendislik-pedagogika universitetini\u00f1 rektor\u0131 Fevzi Yaqubov, cumhuriyet akimiyetini\u00f1 vekilleri, S\u00fcre\u00f1 litseyini\u00f1 direktor\u0131 Memet Kangiyev ve ocalar\u0131 em de \u00e7oqtan-\u00e7oq talebeleri bar edi.<\/p>\n\n\n\n<figure class=\"wp-block-image size-full\"><img loading=\"lazy\" decoding=\"async\" width=\"650\" height=\"281\" src=\"http:\/\/qtmm.org\/wp-content\/uploads\/2022\/01\/img_3968.jpeg\" alt=\"\" class=\"wp-image-41812\" srcset=\"https:\/\/qtmm.org\/wp-content\/uploads\/2022\/01\/img_3968.jpeg 650w, https:\/\/qtmm.org\/wp-content\/uploads\/2022\/01\/img_3968-300x130.jpeg 300w\" sizes=\"auto, (max-width: 650px) 100vw, 650px\" \/><\/figure>\n\n\n\n<p>&#8220;Ba\u015far\u0131 tesadufen olmaz&#8221; &#8211; litsey bayram\u0131n\u0131\u00f1 musafirlerini b\u00f6yle slogan ile qar\u015f\u0131lad\u0131lar. Meclis reisi Refat \u00c7ubarov litseyni 20 y\u0131ll\u0131\u011f\u0131nen hay\u0131rlar eken Q\u0131r\u0131mn\u0131\u00f1 belli bir sebeplerden \u00f6tr\u00fc \u00e7oqmilletli, \u00e7oqdinli, \u00e7oq medeniyetli cemiyeti bar\u0131\u015f\u0131q i\u00e7ersinde ya\u015fama\u011fa istese bug\u00fcnki siyaset\u00e7ilerni\u00f1 yerine kelecek ya\u015f nesilge ayr\u0131ca diqqat bermek kerekligini qayd etti.<\/p>\n\n\n\n<p>&#8220;Bizim borcum\u0131z biri-birimizge say\u011f\u0131 k\u00f6stermek ve qoltutmaqt\u0131r, &#8211; dedi Meclis reisi. \u2013 &#8220;\u0130lerilev birlikte&#8221; kibi belli \u015fiarn\u0131 tekrarlaybermek yeterli degil, on\u0131 \u00f6m\u00fcrge ke\u00e7irmekni\u00f1 vaqt\u0131 \u00e7oqtan keldi&#8221;.<\/p>\n\n\n\n<p>R.\u00c7ubarov emin ki, milletlerara bar\u0131\u015f\u0131q ve \u00f6zara say\u011f\u0131-\u00fcrmet, qom\u015fun\u0131\u00f1 tiline ve medeniyetine say\u011f\u0131 sadece bayram k\u00fcnlerinde k\u00f6sterilmeden, cemiyetni\u00f1 normas\u0131na \u00e7evrilmelidir. &#8220;Biz biri-birimizge bir \u015fekilde do\u011fru ad\u0131mlamaq, \u00f6z aqlar\u0131m\u0131z s\u0131ras\u0131nda qom\u015fular\u0131m\u0131z ve diger millet insanlar\u0131n\u0131\u00f1 da aqlar\u0131n\u0131 tan\u0131mal\u0131m\u0131z. Q\u0131r\u0131mda b\u00f6yle vaziyetni meydan\u011fa ketirebilsek, epimiz raat-raat ya\u015fap ba\u015flarm\u0131z&#8221;, &#8211; dedi Meclis reisi<\/p>\n\n\n\n<p>Devlet ve cumhuriyet akimiyeti organlar\u0131n\u0131\u00f1 vekillerine h\u0131tap eterek, Meclis reisi S\u00fcrendeki litseyge destek bergenleri i\u00e7\u00fcn te\u015fekk\u00fcr bildirip b\u00f6yle teraqqiyatqa Q\u0131r\u0131mn\u0131\u00f1 er bir mektebinde iri\u015filmesi kerekligini qayd etti. &#8220;Bizim balalar\u0131m\u0131z musaviy aq saibi olaraq, ana tilinde tasil almaq imk\u00e2n\u0131na da malik olmal\u0131lar, &#8211; dedi Meclis reisi ve akimiyet organlar\u0131na bir kereden be\u015f tilde ders berilgen S\u00fcren litseyini\u00f1 tecribesini Q\u0131r\u0131mn\u0131\u00f1 er bir mektebinde tadbiq etmege \u00e7a\u011f\u0131rd\u0131.<\/p>\n\n\n\n<p>Meclis reisi bun\u0131\u00f1 kibi de, gimnaziya bayram\u0131nda S\u00fcren litseyinde oqud\u0131qlar\u0131 zaman tan\u0131\u015f ol\u011fan Ya\u015flarn\u0131 rastketirgenini \u011furur ile qayd etti. &#8220;Bug\u00fcn art\u0131q olar endi k\u00fc\u00e7l\u00fc ve \u015fekillengen, yar\u0131n er saada bizim yerimizge kelecek \u015fah\u0131slard\u0131r, &#8211; dedi R. \u00c7ubarov. \u2013 Q\u0131r\u0131mda b\u00f6yle oqum\u0131\u015f, bilgili, em rus, em ukrain, em q\u0131r\u0131mtatar\u0131 ol\u011fan gen\u00e7ler \u00e7oq\u00e7a olmas\u0131 kerek. \u00c7e\u015fit milletlerge mens\u00fcp oqum\u0131\u015f gen\u00e7ler yaq\u0131n kelecekte Q\u0131r\u0131m\u011fa bug\u00fcnki siyaset\u00e7i ve idarecilerden daa yah\u015f\u0131 h\u0131zmet eteceklerine eminim&#8221;.<\/p>\n\n\n\n<figure class=\"wp-block-image size-full\"><img loading=\"lazy\" decoding=\"async\" width=\"650\" height=\"308\" src=\"http:\/\/qtmm.org\/wp-content\/uploads\/2022\/01\/img_3935.jpeg\" alt=\"\" class=\"wp-image-41820\" srcset=\"https:\/\/qtmm.org\/wp-content\/uploads\/2022\/01\/img_3935.jpeg 650w, https:\/\/qtmm.org\/wp-content\/uploads\/2022\/01\/img_3935-300x142.jpeg 300w\" sizes=\"auto, (max-width: 650px) 100vw, 650px\" \/><\/figure>\n\n\n\n<p>\u00d6z nevbetinde S\u00fcren gimnaziyas\u0131n\u0131\u00f1 direktor\u0131 Memet Kangiyev mezunlarn\u0131\u00f1 say\u0131s\u0131 600-n\u0131 art\u0131p, bug\u00fcnde-bug\u00fcn olarn\u0131\u00f1 bir \u00e7oqlar\u0131 d\u00fcnyan\u0131\u00f1 \u00e7e\u015fit yerlerinde reberlik ve y\u00fcksek ihtisasl\u0131 vazifelerde \u00e7al\u0131\u015fqanlar\u0131 aqq\u0131nda aytt\u0131.<\/p>\n\n\n\n<figure class=\"wp-block-image size-full\"><img loading=\"lazy\" decoding=\"async\" width=\"650\" height=\"391\" src=\"http:\/\/qtmm.org\/wp-content\/uploads\/2022\/01\/img_3947.jpeg\" alt=\"\" class=\"wp-image-41824\" srcset=\"https:\/\/qtmm.org\/wp-content\/uploads\/2022\/01\/img_3947.jpeg 650w, https:\/\/qtmm.org\/wp-content\/uploads\/2022\/01\/img_3947-300x180.jpeg 300w\" sizes=\"auto, (max-width: 650px) 100vw, 650px\" \/><\/figure>\n\n\n\n<p>&#8220;20 y\u0131l i\u00e7inde mektebimiz m\u00fcrekkep bir yoln\u0131 ke\u00e7ti, amma men y\u00fcz\u00fcmizge qar\u015f\u0131 esken ruzg\u00e2rdan ve t\u0131rma\u015fmaq zoruna qald\u0131\u011f\u0131m\u0131z tik qayalardan minnetdar\u0131m, \u00e7\u00fcnki tek q\u0131y\u0131nl\u0131qlarn\u0131 ye\u00f1erek bug\u00fcn elde ettigimiz ye\u00f1i\u015fke iri\u015febildik&#8221; \u2013 dedi M. Kangiyev.<\/p>\n\n\n\n<p>Memet Kangiyev \u015fun\u0131 da qayd etti ki, S\u00fcren litseyini\u00f1 hususiyeti eki tilli, bug\u00fcn ise \u00e7oqtilli tasil ve oqutuvn\u0131\u00f1 y\u00fcksek keyfiyetinde degil de, oquv ceryan\u0131n\u0131\u00f1 temeline qoyul\u011fan felsefede yani insan\u011fa nisbeten sevgi, say\u011f\u0131 ve maneviyliktedir&#8221;, &#8211; dedi gimnaziya direktor\u0131 ve litsey ocalar\u0131, talebeleri, mezunlar\u0131, \u00e7oq y\u0131llar devam\u0131nda litseyge yard\u0131m etip kelgen ana-babalar\u011fa te\u015fekk\u00fcrini bildirdi.<\/p>\n\n\n\n<figure class=\"wp-block-image size-full\"><img loading=\"lazy\" decoding=\"async\" width=\"650\" height=\"303\" src=\"http:\/\/qtmm.org\/wp-content\/uploads\/2022\/01\/img_3980.jpeg\" alt=\"\" class=\"wp-image-41828\" srcset=\"https:\/\/qtmm.org\/wp-content\/uploads\/2022\/01\/img_3980.jpeg 650w, https:\/\/qtmm.org\/wp-content\/uploads\/2022\/01\/img_3980-300x140.jpeg 300w\" sizes=\"auto, (max-width: 650px) 100vw, 650px\" \/><\/figure>\n\n\n\n<p><strong>Mal\u00fcmat i\u00e7\u00fcn:<\/strong>&nbsp;<em>S\u00fcren mektep-internat\u0131 1993 senesi a\u00e7\u0131ld\u0131. O vaq\u0131tta on\u0131\u00f1 ad\u0131 &#8220;\u0130stidatl\u0131 balalar i\u00e7\u00fcn 1-111 dereceli mektep-internat&#8221; ol\u0131p, on sekiz y\u0131l i\u00e7inde ad\u0131 \u00fc\u00e7 kere de\u00f1i\u015ftirildi.<\/em><\/p>\n\n\n\n<p><em>M\u00fcessiseni\u00f1 birinci m\u00fcdiri Huseyin Ayd\u0131n old\u0131, 1996 senesi o zaman direktorn\u0131\u00f1 oqutuv-terbiyelev i\u015fi boyunca muavini Memet Kangiyev direktor etip tayinlendi.<\/em><\/p>\n\n\n\n<p><em>Birinci oquv y\u0131l\u0131 gimnaziya 54 talebe qabul etip, olarn\u0131\u00f1 episi d\u00fcnyan\u0131\u00f1 \u00e7e\u015fit universitetlerine, c\u00fcmleden T\u00fcrkiye, Poloniya, Rusiye, Amerikada, oquma\u011fa kirdiler. Gimnaziya talebeleri &#8220;INEPO&#8221;, &#8220;ACCELS&#8221; kibi yar\u0131\u015flarda, olimpiada ve konkurslarda \u011falip \u00e7\u0131qt\u0131lar, Q\u0131r\u0131m Nazirler \u015euras\u0131n\u0131\u00f1 burslar\u0131n\u0131 qazand\u0131lar, alt\u0131n ve k\u00fcm\u00fc\u015f medal saipleri old\u0131lar.<\/em><\/p>\n\n\n\n<p><em>2007 senesi gimnaziya\u011fa B\u00fct\u00fck ukrain seviyesindeki eksperimental oquv m\u00fcessisesi status\u0131 berildi.<\/em><\/p>\n\n\n\n<p><em>2009-2010 senelerde gimnaziya eki defa &#8220;Flagman osviti i nauki Ukra\u0457ni&#8221; entsiklopediyas\u0131na kirsetildi.<\/em><\/p>\n\n\n\n<p><em>2013 y\u0131l\u011fa kelip gimnaziya 600-den ziyade talebe oqutt\u0131. Mezunlarn\u0131\u00f1 episi aliy oquv yurtlar\u0131nda, 90 fay\u0131z\u0131 ise devlet b\u00fcceti esab\u0131na oqud\u0131lar.<br>Gimnaziya ocalar\u0131n\u0131\u00f1 bir \u00e7oqlar\u0131 birinci k\u00fcn\u00fcnden \u00e7al\u0131\u015f\u0131p ba\u015flad\u0131 ve bug\u00fcnge qadar talebelerni oqutuv i\u015fini devam etmekteler.<\/em><\/p>\n","protected":false},"excerpt":{"rendered":"<p>Dekabr 17 k\u00fcn\u00fc Aqmescitte Ukrain muz\u0131ka teatrinde istidatl\u0131 balalar i\u00e7\u00fcn S\u00fcren litseyini\u00f1 20 y\u0131ll\u0131\u011f\u0131na ba\u011f\u0131\u015flan\u011fan tantanal\u0131 merasim \u00f6tkerildi. Faqat Q\u0131r\u0131mda degil de, belki Ukrainadaki e\u00f1 ileri ve kreativ oquv m\u00fcessiselerinden birini\u00f1 bayram\u0131na 800-den ziyade musafir keldi. Olarn\u0131\u00f1 aras\u0131nda Milliy Meclis reisi Refat \u00c7ubarov, Q\u0131r\u0131m m\u00fcendislik-pedagogika universitetini\u00f1 rektor\u0131 Fevzi Yaqubov, cumhuriyet akimiyetini\u00f1 vekilleri, S\u00fcre\u00f1 litseyini\u00f1 direktor\u0131 [&hellip;]<\/p>\n","protected":false},"author":1,"featured_media":41816,"comment_status":"open","ping_status":"open","sticky":false,"template":"","format":"standard","meta":{"inline_featured_image":false,"footnotes":""},"categories":[265],"tags":[],"class_list":["post-41807","post","type-post","status-publish","format-standard","has-post-thumbnail","hentry","category-haberler"],"acf":[],"yoast_head":"<!-- This site is optimized with the Yoast SEO plugin v27.4 - https:\/\/yoast.com\/product\/yoast-seo-wordpress\/ -->\n<title>Meclis reisi \u00e7e\u015fit milletlerge mens\u00fcp oqum\u0131\u015f gen\u00e7ler yaq\u0131n kelecekte Q\u0131r\u0131m\u011fa bug\u00fcnki siyaset\u00e7i ve idarecilerden daa yah\u015f\u0131 h\u0131zmet eteceklerine emin - \u041c\u0435\u0434\u0436\u043b\u0456\u0441<\/title>\n<meta name=\"robots\" content=\"index, follow, max-snippet:-1, max-image-preview:large, max-video-preview:-1\" \/>\n<link rel=\"canonical\" href=\"https:\/\/qtmm.org\/qt\/meclis-reisi-cesit-milletlerge-mensup-oqumis-gencler-yaqin-kelecekte-qirimga-bugunki-siyasetci-ve-idarecilerden-daa-yahsi-hizmet-eteceklerine-emin\/\" \/>\n<meta property=\"og:locale\" content=\"en_US\" \/>\n<meta property=\"og:type\" content=\"article\" \/>\n<meta property=\"og:title\" content=\"Meclis reisi \u00e7e\u015fit milletlerge mens\u00fcp oqum\u0131\u015f gen\u00e7ler yaq\u0131n kelecekte Q\u0131r\u0131m\u011fa bug\u00fcnki siyaset\u00e7i ve idarecilerden daa yah\u015f\u0131 h\u0131zmet eteceklerine emin - \u041c\u0435\u0434\u0436\u043b\u0456\u0441\" \/>\n<meta property=\"og:description\" content=\"Dekabr 17 k\u00fcn\u00fc Aqmescitte Ukrain muz\u0131ka teatrinde istidatl\u0131 balalar i\u00e7\u00fcn S\u00fcren litseyini\u00f1 20 y\u0131ll\u0131\u011f\u0131na ba\u011f\u0131\u015flan\u011fan tantanal\u0131 merasim \u00f6tkerildi. Faqat Q\u0131r\u0131mda degil de, belki Ukrainadaki e\u00f1 ileri ve kreativ oquv m\u00fcessiselerinden birini\u00f1 bayram\u0131na 800-den ziyade musafir keldi. Olarn\u0131\u00f1 aras\u0131nda Milliy Meclis reisi Refat \u00c7ubarov, Q\u0131r\u0131m m\u00fcendislik-pedagogika universitetini\u00f1 rektor\u0131 Fevzi Yaqubov, cumhuriyet akimiyetini\u00f1 vekilleri, S\u00fcre\u00f1 litseyini\u00f1 direktor\u0131 [&hellip;]\" \/>\n<meta property=\"og:url\" content=\"https:\/\/qtmm.org\/qt\/meclis-reisi-cesit-milletlerge-mensup-oqumis-gencler-yaqin-kelecekte-qirimga-bugunki-siyasetci-ve-idarecilerden-daa-yahsi-hizmet-eteceklerine-emin\/\" \/>\n<meta property=\"og:site_name\" content=\"\u041c\u0435\u0434\u0436\u043b\u0456\u0441\" \/>\n<meta property=\"article:publisher\" content=\"https:\/\/www.facebook.com\/qtmm.info\/\" \/>\n<meta property=\"article:published_time\" content=\"2013-12-17T09:34:00+00:00\" \/>\n<meta property=\"article:modified_time\" content=\"2022-01-27T09:36:58+00:00\" \/>\n<meta property=\"og:image\" content=\"https:\/\/qtmm.org\/wp-content\/uploads\/2022\/01\/img_3969.jpeg\" \/>\n\t<meta property=\"og:image:width\" content=\"650\" \/>\n\t<meta property=\"og:image:height\" content=\"486\" \/>\n\t<meta property=\"og:image:type\" content=\"image\/jpeg\" \/>\n<meta name=\"author\" content=\"Developer\" \/>\n<meta name=\"twitter:card\" content=\"summary_large_image\" \/>\n<meta name=\"twitter:label1\" content=\"Written by\" \/>\n\t<meta name=\"twitter:data1\" content=\"Developer\" \/>\n\t<meta name=\"twitter:label2\" content=\"Est. reading time\" \/>\n\t<meta name=\"twitter:data2\" content=\"4 minutes\" \/>\n<script type=\"application\/ld+json\" class=\"yoast-schema-graph\">{\"@context\":\"https:\\\/\\\/schema.org\",\"@graph\":[{\"@type\":\"Article\",\"@id\":\"https:\\\/\\\/qtmm.org\\\/qt\\\/meclis-reisi-cesit-milletlerge-mensup-oqumis-gencler-yaqin-kelecekte-qirimga-bugunki-siyasetci-ve-idarecilerden-daa-yahsi-hizmet-eteceklerine-emin\\\/#article\",\"isPartOf\":{\"@id\":\"https:\\\/\\\/qtmm.org\\\/qt\\\/meclis-reisi-cesit-milletlerge-mensup-oqumis-gencler-yaqin-kelecekte-qirimga-bugunki-siyasetci-ve-idarecilerden-daa-yahsi-hizmet-eteceklerine-emin\\\/\"},\"author\":{\"name\":\"Developer\",\"@id\":\"https:\\\/\\\/qtmm.org\\\/qt\\\/#\\\/schema\\\/person\\\/de562469f971dec226ac06e60bbf74a7\"},\"headline\":\"Meclis reisi \u00e7e\u015fit milletlerge mens\u00fcp oqum\u0131\u015f gen\u00e7ler yaq\u0131n kelecekte Q\u0131r\u0131m\u011fa bug\u00fcnki siyaset\u00e7i ve idarecilerden daa yah\u015f\u0131 h\u0131zmet eteceklerine emin\",\"datePublished\":\"2013-12-17T09:34:00+00:00\",\"dateModified\":\"2022-01-27T09:36:58+00:00\",\"mainEntityOfPage\":{\"@id\":\"https:\\\/\\\/qtmm.org\\\/qt\\\/meclis-reisi-cesit-milletlerge-mensup-oqumis-gencler-yaqin-kelecekte-qirimga-bugunki-siyasetci-ve-idarecilerden-daa-yahsi-hizmet-eteceklerine-emin\\\/\"},\"wordCount\":809,\"commentCount\":0,\"publisher\":{\"@id\":\"https:\\\/\\\/qtmm.org\\\/qt\\\/#organization\"},\"image\":{\"@id\":\"https:\\\/\\\/qtmm.org\\\/qt\\\/meclis-reisi-cesit-milletlerge-mensup-oqumis-gencler-yaqin-kelecekte-qirimga-bugunki-siyasetci-ve-idarecilerden-daa-yahsi-hizmet-eteceklerine-emin\\\/#primaryimage\"},\"thumbnailUrl\":\"https:\\\/\\\/qtmm.org\\\/wp-content\\\/uploads\\\/2022\\\/01\\\/img_3969.jpeg\",\"articleSection\":[\"Haberler\"],\"inLanguage\":\"qt\",\"potentialAction\":[{\"@type\":\"CommentAction\",\"name\":\"Comment\",\"target\":[\"https:\\\/\\\/qtmm.org\\\/qt\\\/meclis-reisi-cesit-milletlerge-mensup-oqumis-gencler-yaqin-kelecekte-qirimga-bugunki-siyasetci-ve-idarecilerden-daa-yahsi-hizmet-eteceklerine-emin\\\/#respond\"]}]},{\"@type\":\"WebPage\",\"@id\":\"https:\\\/\\\/qtmm.org\\\/qt\\\/meclis-reisi-cesit-milletlerge-mensup-oqumis-gencler-yaqin-kelecekte-qirimga-bugunki-siyasetci-ve-idarecilerden-daa-yahsi-hizmet-eteceklerine-emin\\\/\",\"url\":\"https:\\\/\\\/qtmm.org\\\/qt\\\/meclis-reisi-cesit-milletlerge-mensup-oqumis-gencler-yaqin-kelecekte-qirimga-bugunki-siyasetci-ve-idarecilerden-daa-yahsi-hizmet-eteceklerine-emin\\\/\",\"name\":\"Meclis reisi \u00e7e\u015fit milletlerge mens\u00fcp oqum\u0131\u015f gen\u00e7ler yaq\u0131n kelecekte Q\u0131r\u0131m\u011fa bug\u00fcnki siyaset\u00e7i ve idarecilerden daa yah\u015f\u0131 h\u0131zmet eteceklerine emin - \u041c\u0435\u0434\u0436\u043b\u0456\u0441\",\"isPartOf\":{\"@id\":\"https:\\\/\\\/qtmm.org\\\/qt\\\/#website\"},\"primaryImageOfPage\":{\"@id\":\"https:\\\/\\\/qtmm.org\\\/qt\\\/meclis-reisi-cesit-milletlerge-mensup-oqumis-gencler-yaqin-kelecekte-qirimga-bugunki-siyasetci-ve-idarecilerden-daa-yahsi-hizmet-eteceklerine-emin\\\/#primaryimage\"},\"image\":{\"@id\":\"https:\\\/\\\/qtmm.org\\\/qt\\\/meclis-reisi-cesit-milletlerge-mensup-oqumis-gencler-yaqin-kelecekte-qirimga-bugunki-siyasetci-ve-idarecilerden-daa-yahsi-hizmet-eteceklerine-emin\\\/#primaryimage\"},\"thumbnailUrl\":\"https:\\\/\\\/qtmm.org\\\/wp-content\\\/uploads\\\/2022\\\/01\\\/img_3969.jpeg\",\"datePublished\":\"2013-12-17T09:34:00+00:00\",\"dateModified\":\"2022-01-27T09:36:58+00:00\",\"breadcrumb\":{\"@id\":\"https:\\\/\\\/qtmm.org\\\/qt\\\/meclis-reisi-cesit-milletlerge-mensup-oqumis-gencler-yaqin-kelecekte-qirimga-bugunki-siyasetci-ve-idarecilerden-daa-yahsi-hizmet-eteceklerine-emin\\\/#breadcrumb\"},\"inLanguage\":\"qt\",\"potentialAction\":[{\"@type\":\"ReadAction\",\"target\":[\"https:\\\/\\\/qtmm.org\\\/qt\\\/meclis-reisi-cesit-milletlerge-mensup-oqumis-gencler-yaqin-kelecekte-qirimga-bugunki-siyasetci-ve-idarecilerden-daa-yahsi-hizmet-eteceklerine-emin\\\/\"]}]},{\"@type\":\"ImageObject\",\"inLanguage\":\"qt\",\"@id\":\"https:\\\/\\\/qtmm.org\\\/qt\\\/meclis-reisi-cesit-milletlerge-mensup-oqumis-gencler-yaqin-kelecekte-qirimga-bugunki-siyasetci-ve-idarecilerden-daa-yahsi-hizmet-eteceklerine-emin\\\/#primaryimage\",\"url\":\"https:\\\/\\\/qtmm.org\\\/wp-content\\\/uploads\\\/2022\\\/01\\\/img_3969.jpeg\",\"contentUrl\":\"https:\\\/\\\/qtmm.org\\\/wp-content\\\/uploads\\\/2022\\\/01\\\/img_3969.jpeg\",\"width\":650,\"height\":486},{\"@type\":\"BreadcrumbList\",\"@id\":\"https:\\\/\\\/qtmm.org\\\/qt\\\/meclis-reisi-cesit-milletlerge-mensup-oqumis-gencler-yaqin-kelecekte-qirimga-bugunki-siyasetci-ve-idarecilerden-daa-yahsi-hizmet-eteceklerine-emin\\\/#breadcrumb\",\"itemListElement\":[{\"@type\":\"ListItem\",\"position\":1,\"name\":\"\u0413\u043e\u043b\u043e\u0432\u043d\u0430\",\"item\":\"https:\\\/\\\/qtmm.org\\\/qt\\\/\"},{\"@type\":\"ListItem\",\"position\":2,\"name\":\"Meclis reisi \u00e7e\u015fit milletlerge mens\u00fcp oqum\u0131\u015f gen\u00e7ler yaq\u0131n kelecekte Q\u0131r\u0131m\u011fa bug\u00fcnki siyaset\u00e7i ve idarecilerden daa yah\u015f\u0131 h\u0131zmet eteceklerine emin\"}]},{\"@type\":\"WebSite\",\"@id\":\"https:\\\/\\\/qtmm.org\\\/qt\\\/#website\",\"url\":\"https:\\\/\\\/qtmm.org\\\/qt\\\/\",\"name\":\"\u041c\u0435\u0434\u0436\u043b\u0456\u0441\",\"description\":\"\",\"publisher\":{\"@id\":\"https:\\\/\\\/qtmm.org\\\/qt\\\/#organization\"},\"potentialAction\":[{\"@type\":\"SearchAction\",\"target\":{\"@type\":\"EntryPoint\",\"urlTemplate\":\"https:\\\/\\\/qtmm.org\\\/qt\\\/?s={search_term_string}\"},\"query-input\":{\"@type\":\"PropertyValueSpecification\",\"valueRequired\":true,\"valueName\":\"search_term_string\"}}],\"inLanguage\":\"qt\"},{\"@type\":\"Organization\",\"@id\":\"https:\\\/\\\/qtmm.org\\\/qt\\\/#organization\",\"name\":\"\u041c\u0435\u0434\u0436\u043b\u0456\u0441\",\"url\":\"https:\\\/\\\/qtmm.org\\\/qt\\\/\",\"logo\":{\"@type\":\"ImageObject\",\"inLanguage\":\"qt\",\"@id\":\"https:\\\/\\\/qtmm.org\\\/qt\\\/#\\\/schema\\\/logo\\\/image\\\/\",\"url\":\"https:\\\/\\\/qtmm.org\\\/wp-content\\\/uploads\\\/2024\\\/12\\\/ua-mejlis-logo-rgb.svg\",\"contentUrl\":\"https:\\\/\\\/qtmm.org\\\/wp-content\\\/uploads\\\/2024\\\/12\\\/ua-mejlis-logo-rgb.svg\",\"caption\":\"\u041c\u0435\u0434\u0436\u043b\u0456\u0441\"},\"image\":{\"@id\":\"https:\\\/\\\/qtmm.org\\\/qt\\\/#\\\/schema\\\/logo\\\/image\\\/\"},\"sameAs\":[\"https:\\\/\\\/www.facebook.com\\\/qtmm.info\\\/\"]},{\"@type\":\"Person\",\"@id\":\"https:\\\/\\\/qtmm.org\\\/qt\\\/#\\\/schema\\\/person\\\/de562469f971dec226ac06e60bbf74a7\",\"name\":\"Developer\",\"image\":{\"@type\":\"ImageObject\",\"inLanguage\":\"qt\",\"@id\":\"https:\\\/\\\/secure.gravatar.com\\\/avatar\\\/392b4cc8fbfeb00b39dfeeab4ee6edded39ffd48e25858637e4765810300227e?s=96&d=mm&r=g\",\"url\":\"https:\\\/\\\/secure.gravatar.com\\\/avatar\\\/392b4cc8fbfeb00b39dfeeab4ee6edded39ffd48e25858637e4765810300227e?s=96&d=mm&r=g\",\"contentUrl\":\"https:\\\/\\\/secure.gravatar.com\\\/avatar\\\/392b4cc8fbfeb00b39dfeeab4ee6edded39ffd48e25858637e4765810300227e?s=96&d=mm&r=g\",\"caption\":\"Developer\"},\"url\":\"https:\\\/\\\/qtmm.org\\\/qt\\\/author\\\/Developer\\\/\"}]}<\/script>\n<!-- \/ Yoast SEO plugin. -->","yoast_head_json":{"title":"Meclis reisi \u00e7e\u015fit milletlerge mens\u00fcp oqum\u0131\u015f gen\u00e7ler yaq\u0131n kelecekte Q\u0131r\u0131m\u011fa bug\u00fcnki siyaset\u00e7i ve idarecilerden daa yah\u015f\u0131 h\u0131zmet eteceklerine emin - \u041c\u0435\u0434\u0436\u043b\u0456\u0441","robots":{"index":"index","follow":"follow","max-snippet":"max-snippet:-1","max-image-preview":"max-image-preview:large","max-video-preview":"max-video-preview:-1"},"canonical":"https:\/\/qtmm.org\/qt\/meclis-reisi-cesit-milletlerge-mensup-oqumis-gencler-yaqin-kelecekte-qirimga-bugunki-siyasetci-ve-idarecilerden-daa-yahsi-hizmet-eteceklerine-emin\/","og_locale":"en_US","og_type":"article","og_title":"Meclis reisi \u00e7e\u015fit milletlerge mens\u00fcp oqum\u0131\u015f gen\u00e7ler yaq\u0131n kelecekte Q\u0131r\u0131m\u011fa bug\u00fcnki siyaset\u00e7i ve idarecilerden daa yah\u015f\u0131 h\u0131zmet eteceklerine emin - \u041c\u0435\u0434\u0436\u043b\u0456\u0441","og_description":"Dekabr 17 k\u00fcn\u00fc Aqmescitte Ukrain muz\u0131ka teatrinde istidatl\u0131 balalar i\u00e7\u00fcn S\u00fcren litseyini\u00f1 20 y\u0131ll\u0131\u011f\u0131na ba\u011f\u0131\u015flan\u011fan tantanal\u0131 merasim \u00f6tkerildi. Faqat Q\u0131r\u0131mda degil de, belki Ukrainadaki e\u00f1 ileri ve kreativ oquv m\u00fcessiselerinden birini\u00f1 bayram\u0131na 800-den ziyade musafir keldi. Olarn\u0131\u00f1 aras\u0131nda Milliy Meclis reisi Refat \u00c7ubarov, Q\u0131r\u0131m m\u00fcendislik-pedagogika universitetini\u00f1 rektor\u0131 Fevzi Yaqubov, cumhuriyet akimiyetini\u00f1 vekilleri, S\u00fcre\u00f1 litseyini\u00f1 direktor\u0131 [&hellip;]","og_url":"https:\/\/qtmm.org\/qt\/meclis-reisi-cesit-milletlerge-mensup-oqumis-gencler-yaqin-kelecekte-qirimga-bugunki-siyasetci-ve-idarecilerden-daa-yahsi-hizmet-eteceklerine-emin\/","og_site_name":"\u041c\u0435\u0434\u0436\u043b\u0456\u0441","article_publisher":"https:\/\/www.facebook.com\/qtmm.info\/","article_published_time":"2013-12-17T09:34:00+00:00","article_modified_time":"2022-01-27T09:36:58+00:00","og_image":[{"width":650,"height":486,"url":"https:\/\/qtmm.org\/wp-content\/uploads\/2022\/01\/img_3969.jpeg","type":"image\/jpeg"}],"author":"Developer","twitter_card":"summary_large_image","twitter_misc":{"Written by":"Developer","Est. reading time":"4 minutes"},"schema":{"@context":"https:\/\/schema.org","@graph":[{"@type":"Article","@id":"https:\/\/qtmm.org\/qt\/meclis-reisi-cesit-milletlerge-mensup-oqumis-gencler-yaqin-kelecekte-qirimga-bugunki-siyasetci-ve-idarecilerden-daa-yahsi-hizmet-eteceklerine-emin\/#article","isPartOf":{"@id":"https:\/\/qtmm.org\/qt\/meclis-reisi-cesit-milletlerge-mensup-oqumis-gencler-yaqin-kelecekte-qirimga-bugunki-siyasetci-ve-idarecilerden-daa-yahsi-hizmet-eteceklerine-emin\/"},"author":{"name":"Developer","@id":"https:\/\/qtmm.org\/qt\/#\/schema\/person\/de562469f971dec226ac06e60bbf74a7"},"headline":"Meclis reisi \u00e7e\u015fit milletlerge mens\u00fcp oqum\u0131\u015f gen\u00e7ler yaq\u0131n kelecekte Q\u0131r\u0131m\u011fa bug\u00fcnki siyaset\u00e7i ve idarecilerden daa yah\u015f\u0131 h\u0131zmet eteceklerine emin","datePublished":"2013-12-17T09:34:00+00:00","dateModified":"2022-01-27T09:36:58+00:00","mainEntityOfPage":{"@id":"https:\/\/qtmm.org\/qt\/meclis-reisi-cesit-milletlerge-mensup-oqumis-gencler-yaqin-kelecekte-qirimga-bugunki-siyasetci-ve-idarecilerden-daa-yahsi-hizmet-eteceklerine-emin\/"},"wordCount":809,"commentCount":0,"publisher":{"@id":"https:\/\/qtmm.org\/qt\/#organization"},"image":{"@id":"https:\/\/qtmm.org\/qt\/meclis-reisi-cesit-milletlerge-mensup-oqumis-gencler-yaqin-kelecekte-qirimga-bugunki-siyasetci-ve-idarecilerden-daa-yahsi-hizmet-eteceklerine-emin\/#primaryimage"},"thumbnailUrl":"https:\/\/qtmm.org\/wp-content\/uploads\/2022\/01\/img_3969.jpeg","articleSection":["Haberler"],"inLanguage":"qt","potentialAction":[{"@type":"CommentAction","name":"Comment","target":["https:\/\/qtmm.org\/qt\/meclis-reisi-cesit-milletlerge-mensup-oqumis-gencler-yaqin-kelecekte-qirimga-bugunki-siyasetci-ve-idarecilerden-daa-yahsi-hizmet-eteceklerine-emin\/#respond"]}]},{"@type":"WebPage","@id":"https:\/\/qtmm.org\/qt\/meclis-reisi-cesit-milletlerge-mensup-oqumis-gencler-yaqin-kelecekte-qirimga-bugunki-siyasetci-ve-idarecilerden-daa-yahsi-hizmet-eteceklerine-emin\/","url":"https:\/\/qtmm.org\/qt\/meclis-reisi-cesit-milletlerge-mensup-oqumis-gencler-yaqin-kelecekte-qirimga-bugunki-siyasetci-ve-idarecilerden-daa-yahsi-hizmet-eteceklerine-emin\/","name":"Meclis reisi \u00e7e\u015fit milletlerge mens\u00fcp oqum\u0131\u015f gen\u00e7ler yaq\u0131n kelecekte Q\u0131r\u0131m\u011fa bug\u00fcnki siyaset\u00e7i ve idarecilerden daa yah\u015f\u0131 h\u0131zmet eteceklerine emin - \u041c\u0435\u0434\u0436\u043b\u0456\u0441","isPartOf":{"@id":"https:\/\/qtmm.org\/qt\/#website"},"primaryImageOfPage":{"@id":"https:\/\/qtmm.org\/qt\/meclis-reisi-cesit-milletlerge-mensup-oqumis-gencler-yaqin-kelecekte-qirimga-bugunki-siyasetci-ve-idarecilerden-daa-yahsi-hizmet-eteceklerine-emin\/#primaryimage"},"image":{"@id":"https:\/\/qtmm.org\/qt\/meclis-reisi-cesit-milletlerge-mensup-oqumis-gencler-yaqin-kelecekte-qirimga-bugunki-siyasetci-ve-idarecilerden-daa-yahsi-hizmet-eteceklerine-emin\/#primaryimage"},"thumbnailUrl":"https:\/\/qtmm.org\/wp-content\/uploads\/2022\/01\/img_3969.jpeg","datePublished":"2013-12-17T09:34:00+00:00","dateModified":"2022-01-27T09:36:58+00:00","breadcrumb":{"@id":"https:\/\/qtmm.org\/qt\/meclis-reisi-cesit-milletlerge-mensup-oqumis-gencler-yaqin-kelecekte-qirimga-bugunki-siyasetci-ve-idarecilerden-daa-yahsi-hizmet-eteceklerine-emin\/#breadcrumb"},"inLanguage":"qt","potentialAction":[{"@type":"ReadAction","target":["https:\/\/qtmm.org\/qt\/meclis-reisi-cesit-milletlerge-mensup-oqumis-gencler-yaqin-kelecekte-qirimga-bugunki-siyasetci-ve-idarecilerden-daa-yahsi-hizmet-eteceklerine-emin\/"]}]},{"@type":"ImageObject","inLanguage":"qt","@id":"https:\/\/qtmm.org\/qt\/meclis-reisi-cesit-milletlerge-mensup-oqumis-gencler-yaqin-kelecekte-qirimga-bugunki-siyasetci-ve-idarecilerden-daa-yahsi-hizmet-eteceklerine-emin\/#primaryimage","url":"https:\/\/qtmm.org\/wp-content\/uploads\/2022\/01\/img_3969.jpeg","contentUrl":"https:\/\/qtmm.org\/wp-content\/uploads\/2022\/01\/img_3969.jpeg","width":650,"height":486},{"@type":"BreadcrumbList","@id":"https:\/\/qtmm.org\/qt\/meclis-reisi-cesit-milletlerge-mensup-oqumis-gencler-yaqin-kelecekte-qirimga-bugunki-siyasetci-ve-idarecilerden-daa-yahsi-hizmet-eteceklerine-emin\/#breadcrumb","itemListElement":[{"@type":"ListItem","position":1,"name":"\u0413\u043e\u043b\u043e\u0432\u043d\u0430","item":"https:\/\/qtmm.org\/qt\/"},{"@type":"ListItem","position":2,"name":"Meclis reisi \u00e7e\u015fit milletlerge mens\u00fcp oqum\u0131\u015f gen\u00e7ler yaq\u0131n kelecekte Q\u0131r\u0131m\u011fa bug\u00fcnki siyaset\u00e7i ve idarecilerden daa yah\u015f\u0131 h\u0131zmet eteceklerine emin"}]},{"@type":"WebSite","@id":"https:\/\/qtmm.org\/qt\/#website","url":"https:\/\/qtmm.org\/qt\/","name":"\u041c\u0435\u0434\u0436\u043b\u0456\u0441","description":"","publisher":{"@id":"https:\/\/qtmm.org\/qt\/#organization"},"potentialAction":[{"@type":"SearchAction","target":{"@type":"EntryPoint","urlTemplate":"https:\/\/qtmm.org\/qt\/?s={search_term_string}"},"query-input":{"@type":"PropertyValueSpecification","valueRequired":true,"valueName":"search_term_string"}}],"inLanguage":"qt"},{"@type":"Organization","@id":"https:\/\/qtmm.org\/qt\/#organization","name":"\u041c\u0435\u0434\u0436\u043b\u0456\u0441","url":"https:\/\/qtmm.org\/qt\/","logo":{"@type":"ImageObject","inLanguage":"qt","@id":"https:\/\/qtmm.org\/qt\/#\/schema\/logo\/image\/","url":"https:\/\/qtmm.org\/wp-content\/uploads\/2024\/12\/ua-mejlis-logo-rgb.svg","contentUrl":"https:\/\/qtmm.org\/wp-content\/uploads\/2024\/12\/ua-mejlis-logo-rgb.svg","caption":"\u041c\u0435\u0434\u0436\u043b\u0456\u0441"},"image":{"@id":"https:\/\/qtmm.org\/qt\/#\/schema\/logo\/image\/"},"sameAs":["https:\/\/www.facebook.com\/qtmm.info\/"]},{"@type":"Person","@id":"https:\/\/qtmm.org\/qt\/#\/schema\/person\/de562469f971dec226ac06e60bbf74a7","name":"Developer","image":{"@type":"ImageObject","inLanguage":"qt","@id":"https:\/\/secure.gravatar.com\/avatar\/392b4cc8fbfeb00b39dfeeab4ee6edded39ffd48e25858637e4765810300227e?s=96&d=mm&r=g","url":"https:\/\/secure.gravatar.com\/avatar\/392b4cc8fbfeb00b39dfeeab4ee6edded39ffd48e25858637e4765810300227e?s=96&d=mm&r=g","contentUrl":"https:\/\/secure.gravatar.com\/avatar\/392b4cc8fbfeb00b39dfeeab4ee6edded39ffd48e25858637e4765810300227e?s=96&d=mm&r=g","caption":"Developer"},"url":"https:\/\/qtmm.org\/qt\/author\/Developer\/"}]}},"_links":{"self":[{"href":"https:\/\/qtmm.org\/qt\/wp-json\/wp\/v2\/posts\/41807","targetHints":{"allow":["GET"]}}],"collection":[{"href":"https:\/\/qtmm.org\/qt\/wp-json\/wp\/v2\/posts"}],"about":[{"href":"https:\/\/qtmm.org\/qt\/wp-json\/wp\/v2\/types\/post"}],"author":[{"embeddable":true,"href":"https:\/\/qtmm.org\/qt\/wp-json\/wp\/v2\/users\/1"}],"replies":[{"embeddable":true,"href":"https:\/\/qtmm.org\/qt\/wp-json\/wp\/v2\/comments?post=41807"}],"version-history":[{"count":1,"href":"https:\/\/qtmm.org\/qt\/wp-json\/wp\/v2\/posts\/41807\/revisions"}],"predecessor-version":[{"id":41832,"href":"https:\/\/qtmm.org\/qt\/wp-json\/wp\/v2\/posts\/41807\/revisions\/41832"}],"wp:featuredmedia":[{"embeddable":true,"href":"https:\/\/qtmm.org\/qt\/wp-json\/wp\/v2\/media\/41816"}],"wp:attachment":[{"href":"https:\/\/qtmm.org\/qt\/wp-json\/wp\/v2\/media?parent=41807"}],"wp:term":[{"taxonomy":"category","embeddable":true,"href":"https:\/\/qtmm.org\/qt\/wp-json\/wp\/v2\/categories?post=41807"},{"taxonomy":"post_tag","embeddable":true,"href":"https:\/\/qtmm.org\/qt\/wp-json\/wp\/v2\/tags?post=41807"}],"curies":[{"name":"wp","href":"https:\/\/api.w.org\/{rel}","templated":true}]}}