




{"id":41793,"date":"2013-12-17T12:31:00","date_gmt":"2013-12-17T09:31:00","guid":{"rendered":"http:\/\/qtmm.org\/?p=41793"},"modified":"2022-01-27T12:34:06","modified_gmt":"2022-01-27T09:34:06","slug":"meclis-yolbascilari-ve-idare-reberlerinin-regionlarara-toplasuvlari-2014-senesi-yanvarde-yekunlenecek","status":"publish","type":"post","link":"https:\/\/qtmm.org\/qt\/meclis-yolbascilari-ve-idare-reberlerinin-regionlarara-toplasuvlari-2014-senesi-yanvarde-yekunlenecek\/","title":{"rendered":"Meclis yolba\u015f\u00e7\u0131lar\u0131 ve idare reberlerini\u00f1 regionlarara topla\u015fuvlar\u0131 2014 senesi yanvarde yek\u00fcnlenecek"},"content":{"rendered":"\n<p>2014 senesi yanvar Meclis yolba\u015f\u00e7\u0131lar\u0131 ve idare reberlerini\u00f1 Qurultay delegatlar\u0131, yerli milliy idare organ\u0131 reisleri, yerli \u015furalarn\u0131\u00f1 deputatlar\u0131 ve din cemiyetlerini\u00f1 reisleri ile regionlarara topla\u015fuvlar\u0131 Q\u0131r\u0131mn\u0131\u00f1 qal\u011fan regionlar\u0131nda ke\u00e7irilecek.<\/p>\n\n\n\n<figure class=\"wp-block-image size-full\"><img loading=\"lazy\" decoding=\"async\" width=\"650\" height=\"369\" src=\"http:\/\/qtmm.org\/wp-content\/uploads\/2022\/01\/photo_3_5.jpeg\" alt=\"\" class=\"wp-image-41794\" srcset=\"https:\/\/qtmm.org\/wp-content\/uploads\/2022\/01\/photo_3_5.jpeg 650w, https:\/\/qtmm.org\/wp-content\/uploads\/2022\/01\/photo_3_5-300x170.jpeg 300w\" sizes=\"auto, (max-width: 650px) 100vw, 650px\" \/><\/figure>\n\n\n\n<p>Bu qararn\u0131 Meclis reisi Refat \u00c7ubarov Meclis Prezidium\u0131n\u0131\u00f1 dekabr 16 k\u00fcn\u00fc ol\u0131p ke\u00e7ken topla\u015fuv\u0131nda seslendirdi.<\/p>\n\n\n\n<p>Belli ki \u015fu seneni\u00f1 dekabr 7-sinden ba\u015flap alt\u0131 regionda b\u00f6yle topla\u015fuvlar endi ke\u00e7irildi, 2013 senesini\u00f1 so\u00f1una qadar topla\u015fuvlar daa d\u00f6rt regionda \u00f6tkerilmesi planla\u015ft\u0131r\u0131la.<\/p>\n\n\n\n<p>Prezidium topla\u015fuv\u0131n\u0131\u00f1 devam\u0131nda 2014 senesini\u00f1 birinci kvartal\u0131na tedbirler plan\u0131n\u0131 az\u0131rlav meselesi baq\u0131l\u0131p, Qurultay, milliy idare organlar\u0131n\u0131\u00f1 faaliyetini reglamentirlegen vesiqa leyhalar\u0131n\u0131 az\u0131rlav keti\u015fat\u0131 muzakere etildi.<\/p>\n\n\n\n<figure class=\"wp-block-image size-full\"><img loading=\"lazy\" decoding=\"async\" width=\"650\" height=\"399\" src=\"http:\/\/qtmm.org\/wp-content\/uploads\/2022\/01\/photo_1_5.jpeg\" alt=\"\" class=\"wp-image-41802\" srcset=\"https:\/\/qtmm.org\/wp-content\/uploads\/2022\/01\/photo_1_5.jpeg 650w, https:\/\/qtmm.org\/wp-content\/uploads\/2022\/01\/photo_1_5-300x184.jpeg 300w\" sizes=\"auto, (max-width: 650px) 100vw, 650px\" \/><\/figure>\n","protected":false},"excerpt":{"rendered":"<p>2014 senesi yanvar Meclis yolba\u015f\u00e7\u0131lar\u0131 ve idare reberlerini\u00f1 Qurultay delegatlar\u0131, yerli milliy idare organ\u0131 reisleri, yerli \u015furalarn\u0131\u00f1 deputatlar\u0131 ve din cemiyetlerini\u00f1 reisleri ile regionlarara topla\u015fuvlar\u0131 Q\u0131r\u0131mn\u0131\u00f1 qal\u011fan regionlar\u0131nda ke\u00e7irilecek. Bu qararn\u0131 Meclis reisi Refat \u00c7ubarov Meclis Prezidium\u0131n\u0131\u00f1 dekabr 16 k\u00fcn\u00fc ol\u0131p ke\u00e7ken topla\u015fuv\u0131nda seslendirdi. Belli ki \u015fu seneni\u00f1 dekabr 7-sinden ba\u015flap alt\u0131 regionda b\u00f6yle topla\u015fuvlar [&hellip;]<\/p>\n","protected":false},"author":1,"featured_media":41798,"comment_status":"open","ping_status":"open","sticky":false,"template":"","format":"standard","meta":{"inline_featured_image":false,"footnotes":""},"categories":[265],"tags":[],"class_list":["post-41793","post","type-post","status-publish","format-standard","has-post-thumbnail","hentry","category-haberler"],"acf":[],"yoast_head":"<!-- This site is optimized with the Yoast SEO plugin v27.4 - https:\/\/yoast.com\/product\/yoast-seo-wordpress\/ -->\n<title>Meclis yolba\u015f\u00e7\u0131lar\u0131 ve idare reberlerini\u00f1 regionlarara topla\u015fuvlar\u0131 2014 senesi yanvarde yek\u00fcnlenecek - \u041c\u0435\u0434\u0436\u043b\u0456\u0441<\/title>\n<meta name=\"robots\" content=\"index, follow, max-snippet:-1, max-image-preview:large, max-video-preview:-1\" \/>\n<link rel=\"canonical\" href=\"https:\/\/qtmm.org\/qt\/meclis-yolbascilari-ve-idare-reberlerinin-regionlarara-toplasuvlari-2014-senesi-yanvarde-yekunlenecek\/\" \/>\n<meta property=\"og:locale\" content=\"en_US\" \/>\n<meta property=\"og:type\" content=\"article\" \/>\n<meta property=\"og:title\" content=\"Meclis yolba\u015f\u00e7\u0131lar\u0131 ve idare reberlerini\u00f1 regionlarara topla\u015fuvlar\u0131 2014 senesi yanvarde yek\u00fcnlenecek - \u041c\u0435\u0434\u0436\u043b\u0456\u0441\" \/>\n<meta property=\"og:description\" content=\"2014 senesi yanvar Meclis yolba\u015f\u00e7\u0131lar\u0131 ve idare reberlerini\u00f1 Qurultay delegatlar\u0131, yerli milliy idare organ\u0131 reisleri, yerli \u015furalarn\u0131\u00f1 deputatlar\u0131 ve din cemiyetlerini\u00f1 reisleri ile regionlarara topla\u015fuvlar\u0131 Q\u0131r\u0131mn\u0131\u00f1 qal\u011fan regionlar\u0131nda ke\u00e7irilecek. Bu qararn\u0131 Meclis reisi Refat \u00c7ubarov Meclis Prezidium\u0131n\u0131\u00f1 dekabr 16 k\u00fcn\u00fc ol\u0131p ke\u00e7ken topla\u015fuv\u0131nda seslendirdi. Belli ki \u015fu seneni\u00f1 dekabr 7-sinden ba\u015flap alt\u0131 regionda b\u00f6yle topla\u015fuvlar [&hellip;]\" \/>\n<meta property=\"og:url\" content=\"https:\/\/qtmm.org\/qt\/meclis-yolbascilari-ve-idare-reberlerinin-regionlarara-toplasuvlari-2014-senesi-yanvarde-yekunlenecek\/\" \/>\n<meta property=\"og:site_name\" content=\"\u041c\u0435\u0434\u0436\u043b\u0456\u0441\" \/>\n<meta property=\"article:publisher\" content=\"https:\/\/www.facebook.com\/qtmm.info\/\" \/>\n<meta property=\"article:published_time\" content=\"2013-12-17T09:31:00+00:00\" \/>\n<meta property=\"article:modified_time\" content=\"2022-01-27T09:34:06+00:00\" \/>\n<meta property=\"og:image\" content=\"https:\/\/qtmm.org\/wp-content\/uploads\/2022\/01\/photo_5_6.jpeg\" \/>\n\t<meta property=\"og:image:width\" content=\"650\" \/>\n\t<meta property=\"og:image:height\" content=\"416\" \/>\n\t<meta property=\"og:image:type\" content=\"image\/jpeg\" \/>\n<meta name=\"author\" content=\"Developer\" \/>\n<meta name=\"twitter:card\" content=\"summary_large_image\" \/>\n<meta name=\"twitter:label1\" content=\"Written by\" \/>\n\t<meta name=\"twitter:data1\" content=\"Developer\" \/>\n\t<meta name=\"twitter:label2\" content=\"Est. reading time\" \/>\n\t<meta name=\"twitter:data2\" content=\"1 minute\" \/>\n<script type=\"application\/ld+json\" class=\"yoast-schema-graph\">{\"@context\":\"https:\\\/\\\/schema.org\",\"@graph\":[{\"@type\":\"Article\",\"@id\":\"https:\\\/\\\/qtmm.org\\\/qt\\\/meclis-yolbascilari-ve-idare-reberlerinin-regionlarara-toplasuvlari-2014-senesi-yanvarde-yekunlenecek\\\/#article\",\"isPartOf\":{\"@id\":\"https:\\\/\\\/qtmm.org\\\/qt\\\/meclis-yolbascilari-ve-idare-reberlerinin-regionlarara-toplasuvlari-2014-senesi-yanvarde-yekunlenecek\\\/\"},\"author\":{\"name\":\"Developer\",\"@id\":\"https:\\\/\\\/qtmm.org\\\/qt\\\/#\\\/schema\\\/person\\\/de562469f971dec226ac06e60bbf74a7\"},\"headline\":\"Meclis yolba\u015f\u00e7\u0131lar\u0131 ve idare reberlerini\u00f1 regionlarara topla\u015fuvlar\u0131 2014 senesi yanvarde yek\u00fcnlenecek\",\"datePublished\":\"2013-12-17T09:31:00+00:00\",\"dateModified\":\"2022-01-27T09:34:06+00:00\",\"mainEntityOfPage\":{\"@id\":\"https:\\\/\\\/qtmm.org\\\/qt\\\/meclis-yolbascilari-ve-idare-reberlerinin-regionlarara-toplasuvlari-2014-senesi-yanvarde-yekunlenecek\\\/\"},\"wordCount\":135,\"commentCount\":0,\"publisher\":{\"@id\":\"https:\\\/\\\/qtmm.org\\\/qt\\\/#organization\"},\"image\":{\"@id\":\"https:\\\/\\\/qtmm.org\\\/qt\\\/meclis-yolbascilari-ve-idare-reberlerinin-regionlarara-toplasuvlari-2014-senesi-yanvarde-yekunlenecek\\\/#primaryimage\"},\"thumbnailUrl\":\"https:\\\/\\\/qtmm.org\\\/wp-content\\\/uploads\\\/2022\\\/01\\\/photo_5_6.jpeg\",\"articleSection\":[\"Haberler\"],\"inLanguage\":\"qt\",\"potentialAction\":[{\"@type\":\"CommentAction\",\"name\":\"Comment\",\"target\":[\"https:\\\/\\\/qtmm.org\\\/qt\\\/meclis-yolbascilari-ve-idare-reberlerinin-regionlarara-toplasuvlari-2014-senesi-yanvarde-yekunlenecek\\\/#respond\"]}]},{\"@type\":\"WebPage\",\"@id\":\"https:\\\/\\\/qtmm.org\\\/qt\\\/meclis-yolbascilari-ve-idare-reberlerinin-regionlarara-toplasuvlari-2014-senesi-yanvarde-yekunlenecek\\\/\",\"url\":\"https:\\\/\\\/qtmm.org\\\/qt\\\/meclis-yolbascilari-ve-idare-reberlerinin-regionlarara-toplasuvlari-2014-senesi-yanvarde-yekunlenecek\\\/\",\"name\":\"Meclis yolba\u015f\u00e7\u0131lar\u0131 ve idare reberlerini\u00f1 regionlarara topla\u015fuvlar\u0131 2014 senesi yanvarde yek\u00fcnlenecek - \u041c\u0435\u0434\u0436\u043b\u0456\u0441\",\"isPartOf\":{\"@id\":\"https:\\\/\\\/qtmm.org\\\/qt\\\/#website\"},\"primaryImageOfPage\":{\"@id\":\"https:\\\/\\\/qtmm.org\\\/qt\\\/meclis-yolbascilari-ve-idare-reberlerinin-regionlarara-toplasuvlari-2014-senesi-yanvarde-yekunlenecek\\\/#primaryimage\"},\"image\":{\"@id\":\"https:\\\/\\\/qtmm.org\\\/qt\\\/meclis-yolbascilari-ve-idare-reberlerinin-regionlarara-toplasuvlari-2014-senesi-yanvarde-yekunlenecek\\\/#primaryimage\"},\"thumbnailUrl\":\"https:\\\/\\\/qtmm.org\\\/wp-content\\\/uploads\\\/2022\\\/01\\\/photo_5_6.jpeg\",\"datePublished\":\"2013-12-17T09:31:00+00:00\",\"dateModified\":\"2022-01-27T09:34:06+00:00\",\"breadcrumb\":{\"@id\":\"https:\\\/\\\/qtmm.org\\\/qt\\\/meclis-yolbascilari-ve-idare-reberlerinin-regionlarara-toplasuvlari-2014-senesi-yanvarde-yekunlenecek\\\/#breadcrumb\"},\"inLanguage\":\"qt\",\"potentialAction\":[{\"@type\":\"ReadAction\",\"target\":[\"https:\\\/\\\/qtmm.org\\\/qt\\\/meclis-yolbascilari-ve-idare-reberlerinin-regionlarara-toplasuvlari-2014-senesi-yanvarde-yekunlenecek\\\/\"]}]},{\"@type\":\"ImageObject\",\"inLanguage\":\"qt\",\"@id\":\"https:\\\/\\\/qtmm.org\\\/qt\\\/meclis-yolbascilari-ve-idare-reberlerinin-regionlarara-toplasuvlari-2014-senesi-yanvarde-yekunlenecek\\\/#primaryimage\",\"url\":\"https:\\\/\\\/qtmm.org\\\/wp-content\\\/uploads\\\/2022\\\/01\\\/photo_5_6.jpeg\",\"contentUrl\":\"https:\\\/\\\/qtmm.org\\\/wp-content\\\/uploads\\\/2022\\\/01\\\/photo_5_6.jpeg\",\"width\":650,\"height\":416},{\"@type\":\"BreadcrumbList\",\"@id\":\"https:\\\/\\\/qtmm.org\\\/qt\\\/meclis-yolbascilari-ve-idare-reberlerinin-regionlarara-toplasuvlari-2014-senesi-yanvarde-yekunlenecek\\\/#breadcrumb\",\"itemListElement\":[{\"@type\":\"ListItem\",\"position\":1,\"name\":\"\u0413\u043e\u043b\u043e\u0432\u043d\u0430\",\"item\":\"https:\\\/\\\/qtmm.org\\\/qt\\\/\"},{\"@type\":\"ListItem\",\"position\":2,\"name\":\"Meclis yolba\u015f\u00e7\u0131lar\u0131 ve idare reberlerini\u00f1 regionlarara topla\u015fuvlar\u0131 2014 senesi yanvarde yek\u00fcnlenecek\"}]},{\"@type\":\"WebSite\",\"@id\":\"https:\\\/\\\/qtmm.org\\\/qt\\\/#website\",\"url\":\"https:\\\/\\\/qtmm.org\\\/qt\\\/\",\"name\":\"\u041c\u0435\u0434\u0436\u043b\u0456\u0441\",\"description\":\"\",\"publisher\":{\"@id\":\"https:\\\/\\\/qtmm.org\\\/qt\\\/#organization\"},\"potentialAction\":[{\"@type\":\"SearchAction\",\"target\":{\"@type\":\"EntryPoint\",\"urlTemplate\":\"https:\\\/\\\/qtmm.org\\\/qt\\\/?s={search_term_string}\"},\"query-input\":{\"@type\":\"PropertyValueSpecification\",\"valueRequired\":true,\"valueName\":\"search_term_string\"}}],\"inLanguage\":\"qt\"},{\"@type\":\"Organization\",\"@id\":\"https:\\\/\\\/qtmm.org\\\/qt\\\/#organization\",\"name\":\"\u041c\u0435\u0434\u0436\u043b\u0456\u0441\",\"url\":\"https:\\\/\\\/qtmm.org\\\/qt\\\/\",\"logo\":{\"@type\":\"ImageObject\",\"inLanguage\":\"qt\",\"@id\":\"https:\\\/\\\/qtmm.org\\\/qt\\\/#\\\/schema\\\/logo\\\/image\\\/\",\"url\":\"https:\\\/\\\/qtmm.org\\\/wp-content\\\/uploads\\\/2024\\\/12\\\/ua-mejlis-logo-rgb.svg\",\"contentUrl\":\"https:\\\/\\\/qtmm.org\\\/wp-content\\\/uploads\\\/2024\\\/12\\\/ua-mejlis-logo-rgb.svg\",\"caption\":\"\u041c\u0435\u0434\u0436\u043b\u0456\u0441\"},\"image\":{\"@id\":\"https:\\\/\\\/qtmm.org\\\/qt\\\/#\\\/schema\\\/logo\\\/image\\\/\"},\"sameAs\":[\"https:\\\/\\\/www.facebook.com\\\/qtmm.info\\\/\"]},{\"@type\":\"Person\",\"@id\":\"https:\\\/\\\/qtmm.org\\\/qt\\\/#\\\/schema\\\/person\\\/de562469f971dec226ac06e60bbf74a7\",\"name\":\"Developer\",\"image\":{\"@type\":\"ImageObject\",\"inLanguage\":\"qt\",\"@id\":\"https:\\\/\\\/secure.gravatar.com\\\/avatar\\\/392b4cc8fbfeb00b39dfeeab4ee6edded39ffd48e25858637e4765810300227e?s=96&d=mm&r=g\",\"url\":\"https:\\\/\\\/secure.gravatar.com\\\/avatar\\\/392b4cc8fbfeb00b39dfeeab4ee6edded39ffd48e25858637e4765810300227e?s=96&d=mm&r=g\",\"contentUrl\":\"https:\\\/\\\/secure.gravatar.com\\\/avatar\\\/392b4cc8fbfeb00b39dfeeab4ee6edded39ffd48e25858637e4765810300227e?s=96&d=mm&r=g\",\"caption\":\"Developer\"},\"url\":\"https:\\\/\\\/qtmm.org\\\/qt\\\/author\\\/Developer\\\/\"}]}<\/script>\n<!-- \/ Yoast SEO plugin. -->","yoast_head_json":{"title":"Meclis yolba\u015f\u00e7\u0131lar\u0131 ve idare reberlerini\u00f1 regionlarara topla\u015fuvlar\u0131 2014 senesi yanvarde yek\u00fcnlenecek - \u041c\u0435\u0434\u0436\u043b\u0456\u0441","robots":{"index":"index","follow":"follow","max-snippet":"max-snippet:-1","max-image-preview":"max-image-preview:large","max-video-preview":"max-video-preview:-1"},"canonical":"https:\/\/qtmm.org\/qt\/meclis-yolbascilari-ve-idare-reberlerinin-regionlarara-toplasuvlari-2014-senesi-yanvarde-yekunlenecek\/","og_locale":"en_US","og_type":"article","og_title":"Meclis yolba\u015f\u00e7\u0131lar\u0131 ve idare reberlerini\u00f1 regionlarara topla\u015fuvlar\u0131 2014 senesi yanvarde yek\u00fcnlenecek - \u041c\u0435\u0434\u0436\u043b\u0456\u0441","og_description":"2014 senesi yanvar Meclis yolba\u015f\u00e7\u0131lar\u0131 ve idare reberlerini\u00f1 Qurultay delegatlar\u0131, yerli milliy idare organ\u0131 reisleri, yerli \u015furalarn\u0131\u00f1 deputatlar\u0131 ve din cemiyetlerini\u00f1 reisleri ile regionlarara topla\u015fuvlar\u0131 Q\u0131r\u0131mn\u0131\u00f1 qal\u011fan regionlar\u0131nda ke\u00e7irilecek. Bu qararn\u0131 Meclis reisi Refat \u00c7ubarov Meclis Prezidium\u0131n\u0131\u00f1 dekabr 16 k\u00fcn\u00fc ol\u0131p ke\u00e7ken topla\u015fuv\u0131nda seslendirdi. Belli ki \u015fu seneni\u00f1 dekabr 7-sinden ba\u015flap alt\u0131 regionda b\u00f6yle topla\u015fuvlar [&hellip;]","og_url":"https:\/\/qtmm.org\/qt\/meclis-yolbascilari-ve-idare-reberlerinin-regionlarara-toplasuvlari-2014-senesi-yanvarde-yekunlenecek\/","og_site_name":"\u041c\u0435\u0434\u0436\u043b\u0456\u0441","article_publisher":"https:\/\/www.facebook.com\/qtmm.info\/","article_published_time":"2013-12-17T09:31:00+00:00","article_modified_time":"2022-01-27T09:34:06+00:00","og_image":[{"width":650,"height":416,"url":"https:\/\/qtmm.org\/wp-content\/uploads\/2022\/01\/photo_5_6.jpeg","type":"image\/jpeg"}],"author":"Developer","twitter_card":"summary_large_image","twitter_misc":{"Written by":"Developer","Est. reading time":"1 minute"},"schema":{"@context":"https:\/\/schema.org","@graph":[{"@type":"Article","@id":"https:\/\/qtmm.org\/qt\/meclis-yolbascilari-ve-idare-reberlerinin-regionlarara-toplasuvlari-2014-senesi-yanvarde-yekunlenecek\/#article","isPartOf":{"@id":"https:\/\/qtmm.org\/qt\/meclis-yolbascilari-ve-idare-reberlerinin-regionlarara-toplasuvlari-2014-senesi-yanvarde-yekunlenecek\/"},"author":{"name":"Developer","@id":"https:\/\/qtmm.org\/qt\/#\/schema\/person\/de562469f971dec226ac06e60bbf74a7"},"headline":"Meclis yolba\u015f\u00e7\u0131lar\u0131 ve idare reberlerini\u00f1 regionlarara topla\u015fuvlar\u0131 2014 senesi yanvarde yek\u00fcnlenecek","datePublished":"2013-12-17T09:31:00+00:00","dateModified":"2022-01-27T09:34:06+00:00","mainEntityOfPage":{"@id":"https:\/\/qtmm.org\/qt\/meclis-yolbascilari-ve-idare-reberlerinin-regionlarara-toplasuvlari-2014-senesi-yanvarde-yekunlenecek\/"},"wordCount":135,"commentCount":0,"publisher":{"@id":"https:\/\/qtmm.org\/qt\/#organization"},"image":{"@id":"https:\/\/qtmm.org\/qt\/meclis-yolbascilari-ve-idare-reberlerinin-regionlarara-toplasuvlari-2014-senesi-yanvarde-yekunlenecek\/#primaryimage"},"thumbnailUrl":"https:\/\/qtmm.org\/wp-content\/uploads\/2022\/01\/photo_5_6.jpeg","articleSection":["Haberler"],"inLanguage":"qt","potentialAction":[{"@type":"CommentAction","name":"Comment","target":["https:\/\/qtmm.org\/qt\/meclis-yolbascilari-ve-idare-reberlerinin-regionlarara-toplasuvlari-2014-senesi-yanvarde-yekunlenecek\/#respond"]}]},{"@type":"WebPage","@id":"https:\/\/qtmm.org\/qt\/meclis-yolbascilari-ve-idare-reberlerinin-regionlarara-toplasuvlari-2014-senesi-yanvarde-yekunlenecek\/","url":"https:\/\/qtmm.org\/qt\/meclis-yolbascilari-ve-idare-reberlerinin-regionlarara-toplasuvlari-2014-senesi-yanvarde-yekunlenecek\/","name":"Meclis yolba\u015f\u00e7\u0131lar\u0131 ve idare reberlerini\u00f1 regionlarara topla\u015fuvlar\u0131 2014 senesi yanvarde yek\u00fcnlenecek - \u041c\u0435\u0434\u0436\u043b\u0456\u0441","isPartOf":{"@id":"https:\/\/qtmm.org\/qt\/#website"},"primaryImageOfPage":{"@id":"https:\/\/qtmm.org\/qt\/meclis-yolbascilari-ve-idare-reberlerinin-regionlarara-toplasuvlari-2014-senesi-yanvarde-yekunlenecek\/#primaryimage"},"image":{"@id":"https:\/\/qtmm.org\/qt\/meclis-yolbascilari-ve-idare-reberlerinin-regionlarara-toplasuvlari-2014-senesi-yanvarde-yekunlenecek\/#primaryimage"},"thumbnailUrl":"https:\/\/qtmm.org\/wp-content\/uploads\/2022\/01\/photo_5_6.jpeg","datePublished":"2013-12-17T09:31:00+00:00","dateModified":"2022-01-27T09:34:06+00:00","breadcrumb":{"@id":"https:\/\/qtmm.org\/qt\/meclis-yolbascilari-ve-idare-reberlerinin-regionlarara-toplasuvlari-2014-senesi-yanvarde-yekunlenecek\/#breadcrumb"},"inLanguage":"qt","potentialAction":[{"@type":"ReadAction","target":["https:\/\/qtmm.org\/qt\/meclis-yolbascilari-ve-idare-reberlerinin-regionlarara-toplasuvlari-2014-senesi-yanvarde-yekunlenecek\/"]}]},{"@type":"ImageObject","inLanguage":"qt","@id":"https:\/\/qtmm.org\/qt\/meclis-yolbascilari-ve-idare-reberlerinin-regionlarara-toplasuvlari-2014-senesi-yanvarde-yekunlenecek\/#primaryimage","url":"https:\/\/qtmm.org\/wp-content\/uploads\/2022\/01\/photo_5_6.jpeg","contentUrl":"https:\/\/qtmm.org\/wp-content\/uploads\/2022\/01\/photo_5_6.jpeg","width":650,"height":416},{"@type":"BreadcrumbList","@id":"https:\/\/qtmm.org\/qt\/meclis-yolbascilari-ve-idare-reberlerinin-regionlarara-toplasuvlari-2014-senesi-yanvarde-yekunlenecek\/#breadcrumb","itemListElement":[{"@type":"ListItem","position":1,"name":"\u0413\u043e\u043b\u043e\u0432\u043d\u0430","item":"https:\/\/qtmm.org\/qt\/"},{"@type":"ListItem","position":2,"name":"Meclis yolba\u015f\u00e7\u0131lar\u0131 ve idare reberlerini\u00f1 regionlarara topla\u015fuvlar\u0131 2014 senesi yanvarde yek\u00fcnlenecek"}]},{"@type":"WebSite","@id":"https:\/\/qtmm.org\/qt\/#website","url":"https:\/\/qtmm.org\/qt\/","name":"\u041c\u0435\u0434\u0436\u043b\u0456\u0441","description":"","publisher":{"@id":"https:\/\/qtmm.org\/qt\/#organization"},"potentialAction":[{"@type":"SearchAction","target":{"@type":"EntryPoint","urlTemplate":"https:\/\/qtmm.org\/qt\/?s={search_term_string}"},"query-input":{"@type":"PropertyValueSpecification","valueRequired":true,"valueName":"search_term_string"}}],"inLanguage":"qt"},{"@type":"Organization","@id":"https:\/\/qtmm.org\/qt\/#organization","name":"\u041c\u0435\u0434\u0436\u043b\u0456\u0441","url":"https:\/\/qtmm.org\/qt\/","logo":{"@type":"ImageObject","inLanguage":"qt","@id":"https:\/\/qtmm.org\/qt\/#\/schema\/logo\/image\/","url":"https:\/\/qtmm.org\/wp-content\/uploads\/2024\/12\/ua-mejlis-logo-rgb.svg","contentUrl":"https:\/\/qtmm.org\/wp-content\/uploads\/2024\/12\/ua-mejlis-logo-rgb.svg","caption":"\u041c\u0435\u0434\u0436\u043b\u0456\u0441"},"image":{"@id":"https:\/\/qtmm.org\/qt\/#\/schema\/logo\/image\/"},"sameAs":["https:\/\/www.facebook.com\/qtmm.info\/"]},{"@type":"Person","@id":"https:\/\/qtmm.org\/qt\/#\/schema\/person\/de562469f971dec226ac06e60bbf74a7","name":"Developer","image":{"@type":"ImageObject","inLanguage":"qt","@id":"https:\/\/secure.gravatar.com\/avatar\/392b4cc8fbfeb00b39dfeeab4ee6edded39ffd48e25858637e4765810300227e?s=96&d=mm&r=g","url":"https:\/\/secure.gravatar.com\/avatar\/392b4cc8fbfeb00b39dfeeab4ee6edded39ffd48e25858637e4765810300227e?s=96&d=mm&r=g","contentUrl":"https:\/\/secure.gravatar.com\/avatar\/392b4cc8fbfeb00b39dfeeab4ee6edded39ffd48e25858637e4765810300227e?s=96&d=mm&r=g","caption":"Developer"},"url":"https:\/\/qtmm.org\/qt\/author\/Developer\/"}]}},"_links":{"self":[{"href":"https:\/\/qtmm.org\/qt\/wp-json\/wp\/v2\/posts\/41793","targetHints":{"allow":["GET"]}}],"collection":[{"href":"https:\/\/qtmm.org\/qt\/wp-json\/wp\/v2\/posts"}],"about":[{"href":"https:\/\/qtmm.org\/qt\/wp-json\/wp\/v2\/types\/post"}],"author":[{"embeddable":true,"href":"https:\/\/qtmm.org\/qt\/wp-json\/wp\/v2\/users\/1"}],"replies":[{"embeddable":true,"href":"https:\/\/qtmm.org\/qt\/wp-json\/wp\/v2\/comments?post=41793"}],"version-history":[{"count":1,"href":"https:\/\/qtmm.org\/qt\/wp-json\/wp\/v2\/posts\/41793\/revisions"}],"predecessor-version":[{"id":41806,"href":"https:\/\/qtmm.org\/qt\/wp-json\/wp\/v2\/posts\/41793\/revisions\/41806"}],"wp:featuredmedia":[{"embeddable":true,"href":"https:\/\/qtmm.org\/qt\/wp-json\/wp\/v2\/media\/41798"}],"wp:attachment":[{"href":"https:\/\/qtmm.org\/qt\/wp-json\/wp\/v2\/media?parent=41793"}],"wp:term":[{"taxonomy":"category","embeddable":true,"href":"https:\/\/qtmm.org\/qt\/wp-json\/wp\/v2\/categories?post=41793"},{"taxonomy":"post_tag","embeddable":true,"href":"https:\/\/qtmm.org\/qt\/wp-json\/wp\/v2\/tags?post=41793"}],"curies":[{"name":"wp","href":"https:\/\/api.w.org\/{rel}","templated":true}]}}