




{"id":41731,"date":"2013-12-15T12:27:00","date_gmt":"2013-12-15T09:27:00","guid":{"rendered":"http:\/\/qtmm.org\/?p=41731"},"modified":"2022-01-27T12:31:36","modified_gmt":"2022-01-27T09:31:36","slug":"ahtem-ciygoz-halqara-forum-akimiyetnin-qirimtatar-halqi-vekaletli-organina-nisbeten-ayin-oyunlarina-son-ceker","status":"publish","type":"post","link":"https:\/\/qtmm.org\/qt\/ahtem-ciygoz-halqara-forum-akimiyetnin-qirimtatar-halqi-vekaletli-organina-nisbeten-ayin-oyunlarina-son-ceker\/","title":{"rendered":"Ahtem \u00c7iygoz: Halqara forum akimiyetni\u00f1 q\u0131r\u0131mtatar halq\u0131 vek\u00e2letli organ\u0131na nisbeten ay\u0131n-oyunlar\u0131na so\u00f1 \u00e7eker"},"content":{"rendered":"\n<p>Dekabr 15 k\u00fcn\u00fc Meclis yolba\u015f\u00e7\u0131lar\u0131 ve Meclis idare ve h\u0131zmetleri yolba\u015f\u00e7\u0131lar\u0131n\u0131\u00f1 Qarasuvbazar region\u0131nda Qurultay delegatlar\u0131, maalliy milliy idare organlar\u0131n\u0131\u00f1 reisleri, yerli \u015furalarn\u0131\u00f1 deputatlar\u0131 ve musulman cemiyetlerni\u00f1 reislerinen birlikte topla\u015fuvlar\u0131 ol\u0131p ke\u00e7ti.<\/p>\n\n\n\n<figure class=\"wp-block-image size-full\"><img loading=\"lazy\" decoding=\"async\" width=\"650\" height=\"339\" src=\"http:\/\/qtmm.org\/wp-content\/uploads\/2022\/01\/img_3791.jpeg\" alt=\"\" class=\"wp-image-41732\" srcset=\"https:\/\/qtmm.org\/wp-content\/uploads\/2022\/01\/img_3791.jpeg 650w, https:\/\/qtmm.org\/wp-content\/uploads\/2022\/01\/img_3791-300x156.jpeg 300w\" sizes=\"auto, (max-width: 650px) 100vw, 650px\" \/><\/figure>\n\n\n\n<p>Onda Meclis reisini\u00f1 muavinleri Zaur Smirnov, Nariman Cel\u00e2l ve Ahtem \u00c7iygoz, Meclis idare ve h\u0131zmetlerini\u00f1 reberleri \u2013 Seydamet Ya\u011fyayev, Gayana Y\u00fcksel, Bekir Mamutov, Emine Avamileva, Meclis azalar\u0131 Dinara Seytgaziyeva, \u015eevket Qaybulayev, Eskender Bariyev, Qurultay Tefti\u015f komissiyas\u0131n\u0131\u00f1 ba\u015f\u0131 Ali \u00d6zenba\u015f, bun\u0131\u00f1 kibi de Qarasuvbazar regional meclisni\u00f1 reisi Mustafa Asaba i\u015ftirak ettiler.<\/p>\n\n\n\n<figure class=\"wp-block-image size-full\"><img loading=\"lazy\" decoding=\"async\" width=\"650\" height=\"345\" src=\"http:\/\/qtmm.org\/wp-content\/uploads\/2022\/01\/img_3800.jpeg\" alt=\"\" class=\"wp-image-41736\" srcset=\"https:\/\/qtmm.org\/wp-content\/uploads\/2022\/01\/img_3800.jpeg 650w, https:\/\/qtmm.org\/wp-content\/uploads\/2022\/01\/img_3800-300x159.jpeg 300w\" sizes=\"auto, (max-width: 650px) 100vw, 650px\" \/><\/figure>\n\n\n\n<p>Meclis reisini\u00f1 muavini Zaur Smirnovn\u0131\u00f1 haber bergenine k\u00f6re, regionlarara topla\u015fuvda Sudaq region\u0131 vekillerini\u00f1 de i\u015ftiraki k\u00f6zde tutul\u011fan, l\u00e2kin Sudaq region\u0131 delegatsiyas\u0131n\u0131\u00f1 Kiyevge Yevromaydan\u011fa ketkeni sebebinden Sudaqta ayr\u0131ca topla\u015fuv yapmaq qarar\u0131 al\u0131n\u011fan. Topla\u015fuvn\u0131\u00f1 k\u00fcn\u00fc ke\u00e7\u00e7e haber etilecek.<\/p>\n\n\n\n<figure class=\"wp-block-image size-full\"><img loading=\"lazy\" decoding=\"async\" width=\"650\" height=\"333\" src=\"http:\/\/qtmm.org\/wp-content\/uploads\/2022\/01\/img_3806.jpeg\" alt=\"\" class=\"wp-image-41740\" srcset=\"https:\/\/qtmm.org\/wp-content\/uploads\/2022\/01\/img_3806.jpeg 650w, https:\/\/qtmm.org\/wp-content\/uploads\/2022\/01\/img_3806-300x154.jpeg 300w\" sizes=\"auto, (max-width: 650px) 100vw, 650px\" \/><\/figure>\n\n\n\n<p>Bundan da \u011fayr\u0131 Zaur Smirnov \u015fun\u0131 da bildirdi ki, Meclis reisi Refat \u00c7ubarovn\u0131\u00f1 da dekabr 15-te Kiyevdeki &#8220;Halq toplant\u0131s\u0131nda&#8221; \u00e7\u0131q\u0131\u015f\u0131 munasebetinen o, Qarasuvbazardaki topla\u015fuvda i\u015ftirak etip olamad\u0131, amma topla\u015fuv i\u015ftirak\u00e7ilerine mahsuldar \u00e7al\u0131\u015fmalar tileklerini bildirdi.<\/p>\n\n\n\n<p>&#8220;Meclis reisi q\u0131r\u0131mtatar halq\u0131 ad\u0131ndan Ukraina vatanda\u015flar\u0131n\u0131\u00f1 Yevromaydandaki t\u0131n\u00e7 aktsiyas\u0131nda \u00e7\u0131q\u0131\u015fta bulunacaq, &#8211; dedi Smirnov. \u2013 Yaq\u0131n zamanda R. \u00c7ubarov Qarasuvbazar region\u0131n\u0131 m\u0131tlaqa ziyaret etecek&#8221;<\/p>\n\n\n\n<p>K\u00f6r\u00fc\u015f\u00fcv devam\u0131nda Meclis idare ve h\u0131zmetlerini\u00f1 reberleri Qarasuvbazar region\u0131 milliy idare organlar\u0131n\u0131\u00f1 vekillerini \u00f6z b\u00f6l\u00fcklerini\u00f1 faaliyeti ve birinci nevbettteki vazifelerinen tan\u0131\u015f ettiler.<\/p>\n\n\n\n<p>&#8220;\u0130\u015fni tekmillemek ve qoyul\u011fan maqsadlarn\u0131 ker\u00e7ekle\u015ftirmek i\u00e7\u00fcn bizler daima s\u0131q\u0131 dialogda bulunmal\u0131m\u0131z, Milliy Meclis ve on\u0131\u00f1 regional em de yerli vek\u00e2letliklerinen munasebetlerni qurmaq kerekmiz&#8221;, &#8211; dep qayd ettiler \u00e7\u0131q\u0131\u015flar\u0131nda Meclis idare ve h\u0131zmetlerini\u00f1 reberleri<\/p>\n\n\n\n<figure class=\"wp-block-image size-full\"><img loading=\"lazy\" decoding=\"async\" width=\"650\" height=\"431\" src=\"http:\/\/qtmm.org\/wp-content\/uploads\/2022\/01\/img_3828.jpeg\" alt=\"\" class=\"wp-image-41744\" srcset=\"https:\/\/qtmm.org\/wp-content\/uploads\/2022\/01\/img_3828.jpeg 650w, https:\/\/qtmm.org\/wp-content\/uploads\/2022\/01\/img_3828-300x199.jpeg 300w\" sizes=\"auto, (max-width: 650px) 100vw, 650px\" \/><\/figure>\n\n\n\n<p>C\u00fcmleden Gayana Y\u00fcksel regional meclis reislerine Milliy Meclisni\u00f1 er bir idaresinen al\u00e2qa i\u00e7\u00fcn mes\u00fclietli hadimlerni tayinlemek ve daima ba\u011fda bulunmaqn\u0131 ve b\u00f6yleliknen yerli meclislerni\u00f1 faaliyeti ve semetde\u015flerni\u00f1 \u00f6m\u00fcrinde ol\u0131p ke\u00e7ken vaqialar aqq\u0131nda haber berip, k\u00fctleviy matbuat vastalar\u0131na informatsion sebep yaratuvda aktiv olmaqn\u0131 tevsiye etti.<\/p>\n\n\n\n<p>Meclis reisini\u00f1 muavini Ahtem \u00c7iygoz Qarasuvbazar region\u0131 vekillerini dekabr 10-da \u00f6tkerilgen umumq\u0131r\u0131m mitingine qoltutqanlar\u0131 i\u00e7\u00fcn te\u015fekk\u00fcrini bildirdi. &#8220;Bu k\u00fcn\u00fc biz q\u0131r\u0131mtatar halq\u0131 s\u00fcrg\u00fcnligini\u00f1 70 y\u0131ll\u0131\u011f\u0131 ald\u0131ndan Meclis yolba\u015f\u00e7\u0131l\u0131\u011f\u0131nda umumq\u0131r\u0131m tedbirler ba\u015flanmas\u0131n\u0131 il\u00e2n ettik, &#8211; dep qayd etti \u00c7iygoz. &#8211; Bizim esas talaplar\u0131m\u0131z akimiyet i\u00e7\u00fcn ya\u00f1\u0131l\u0131q degil.<\/p>\n\n\n\n<figure class=\"wp-block-image size-full\"><img loading=\"lazy\" decoding=\"async\" width=\"650\" height=\"301\" src=\"http:\/\/qtmm.org\/wp-content\/uploads\/2022\/01\/img_3850.jpeg\" alt=\"\" class=\"wp-image-41748\" srcset=\"https:\/\/qtmm.org\/wp-content\/uploads\/2022\/01\/img_3850.jpeg 650w, https:\/\/qtmm.org\/wp-content\/uploads\/2022\/01\/img_3850-300x139.jpeg 300w\" sizes=\"auto, (max-width: 650px) 100vw, 650px\" \/><\/figure>\n\n\n\n<p>Bular \u2013 halq\u0131m\u0131zn\u0131\u00f1 aqlar\u0131n\u0131 \u011fayr\u0131dan tiklev, Yerle\u015ftir\u00fcv programmas\u0131n\u0131\u00f1 finansirlenmesi, Meclisni\u00f1 Ukrainan\u0131\u00f1 uquqiy alan\u0131na kirsetilmesi ve 2014 senesi may\u0131s 18-ge qadar Halqara forumn\u0131\u00f1 ke\u00e7irilmesidir. Halqara forum ise akimiyetni\u00f1 q\u0131r\u0131mtatarlarn\u0131\u00f1 vek\u00e2letli organ\u0131na nisbeten ay\u0131n oyunlar\u0131na so\u00f1 noqtan\u0131 qoyar&#8221;.<\/p>\n\n\n\n<figure class=\"wp-block-image size-full\"><img loading=\"lazy\" decoding=\"async\" width=\"650\" height=\"343\" src=\"http:\/\/qtmm.org\/wp-content\/uploads\/2022\/01\/img_3831.jpeg\" alt=\"\" class=\"wp-image-41752\" srcset=\"https:\/\/qtmm.org\/wp-content\/uploads\/2022\/01\/img_3831.jpeg 650w, https:\/\/qtmm.org\/wp-content\/uploads\/2022\/01\/img_3831-300x158.jpeg 300w\" sizes=\"auto, (max-width: 650px) 100vw, 650px\" \/><\/figure>\n\n\n\n<p>\u00d6z nevbetinde Qarasuvbazar region\u0131n\u0131\u00f1 vekilleri em Milliy Meclis, em Qarasuvbazar regional meclisni\u00f1 operativ ve semereli \u00e7al\u0131\u015fmas\u0131 istegini bildirdiler. &#8220;Biz Meclis idare ve h\u0131zmetleri reislerini\u00f1 semetde\u015flerimiznen muntazam s\u00fcrette k\u00f6r\u00fc\u015f\u00fcvler ke\u00e7irmek, yap\u0131l\u011fan i\u015fni\u00f1 esabat\u0131n\u0131 bermek ve kelecekke planlarn\u0131 muzakere etmek zarurl\u0131\u011f\u0131 aqq\u0131ndaki fikirlerine qo\u015fulam\u0131z, &#8211; dediler Qurultay delegatlar\u0131, Qarasuvbazar region\u0131 yerli \u015furalarn\u0131\u00f1 deputatlar\u0131. \u2013 Biz Milliy Meclis ve regional meclis taraf\u0131ndan ke\u00e7irilgen epsi tedbirlerde i\u015ftirak etmege az\u0131rm\u0131z&#8221;.<\/p>\n\n\n\n<p>Hat\u0131rlatam\u0131z ki, nevbetteki keni\u015fletilgen i\u015f topla\u015fuv\u0131 dekabr 21-de Keri\u00e7, Kefe \u015feerleri ve Lenin rayon\u0131nda \u00f6tkerilecek.<\/p>\n\n\n\n<figure class=\"wp-block-image size-full\"><img loading=\"lazy\" decoding=\"async\" width=\"650\" height=\"313\" src=\"http:\/\/qtmm.org\/wp-content\/uploads\/2022\/01\/img_3813.jpeg\" alt=\"\" class=\"wp-image-41756\" srcset=\"https:\/\/qtmm.org\/wp-content\/uploads\/2022\/01\/img_3813.jpeg 650w, https:\/\/qtmm.org\/wp-content\/uploads\/2022\/01\/img_3813-300x144.jpeg 300w\" sizes=\"auto, (max-width: 650px) 100vw, 650px\" \/><\/figure>\n\n\n\n<figure class=\"wp-block-image size-full\"><img loading=\"lazy\" decoding=\"async\" width=\"650\" height=\"348\" src=\"http:\/\/qtmm.org\/wp-content\/uploads\/2022\/01\/img_3816.jpeg\" alt=\"\" class=\"wp-image-41760\" srcset=\"https:\/\/qtmm.org\/wp-content\/uploads\/2022\/01\/img_3816.jpeg 650w, https:\/\/qtmm.org\/wp-content\/uploads\/2022\/01\/img_3816-300x161.jpeg 300w\" sizes=\"auto, (max-width: 650px) 100vw, 650px\" \/><\/figure>\n\n\n\n<figure class=\"wp-block-image size-full\"><img loading=\"lazy\" decoding=\"async\" width=\"650\" height=\"340\" src=\"http:\/\/qtmm.org\/wp-content\/uploads\/2022\/01\/img_3820.jpeg\" alt=\"\" class=\"wp-image-41764\" srcset=\"https:\/\/qtmm.org\/wp-content\/uploads\/2022\/01\/img_3820.jpeg 650w, https:\/\/qtmm.org\/wp-content\/uploads\/2022\/01\/img_3820-300x157.jpeg 300w\" sizes=\"auto, (max-width: 650px) 100vw, 650px\" \/><\/figure>\n\n\n\n<figure class=\"wp-block-image size-full\"><img loading=\"lazy\" decoding=\"async\" width=\"650\" height=\"362\" src=\"http:\/\/qtmm.org\/wp-content\/uploads\/2022\/01\/img_3864.jpeg\" alt=\"\" class=\"wp-image-41768\" srcset=\"https:\/\/qtmm.org\/wp-content\/uploads\/2022\/01\/img_3864.jpeg 650w, https:\/\/qtmm.org\/wp-content\/uploads\/2022\/01\/img_3864-300x167.jpeg 300w\" sizes=\"auto, (max-width: 650px) 100vw, 650px\" \/><\/figure>\n\n\n\n<figure class=\"wp-block-image size-full\"><img loading=\"lazy\" decoding=\"async\" width=\"650\" height=\"380\" src=\"http:\/\/qtmm.org\/wp-content\/uploads\/2022\/01\/img_3839_1.jpeg\" alt=\"\" class=\"wp-image-41772\" srcset=\"https:\/\/qtmm.org\/wp-content\/uploads\/2022\/01\/img_3839_1.jpeg 650w, https:\/\/qtmm.org\/wp-content\/uploads\/2022\/01\/img_3839_1-300x175.jpeg 300w\" sizes=\"auto, (max-width: 650px) 100vw, 650px\" \/><\/figure>\n\n\n\n<figure class=\"wp-block-image size-full\"><img loading=\"lazy\" decoding=\"async\" width=\"650\" height=\"319\" src=\"http:\/\/qtmm.org\/wp-content\/uploads\/2022\/01\/img_3841_1.jpeg\" alt=\"\" class=\"wp-image-41776\" srcset=\"https:\/\/qtmm.org\/wp-content\/uploads\/2022\/01\/img_3841_1.jpeg 650w, https:\/\/qtmm.org\/wp-content\/uploads\/2022\/01\/img_3841_1-300x147.jpeg 300w\" sizes=\"auto, (max-width: 650px) 100vw, 650px\" \/><\/figure>\n\n\n\n<figure class=\"wp-block-image size-full\"><img loading=\"lazy\" decoding=\"async\" width=\"650\" height=\"336\" src=\"http:\/\/qtmm.org\/wp-content\/uploads\/2022\/01\/img_3845.jpeg\" alt=\"\" class=\"wp-image-41780\" srcset=\"https:\/\/qtmm.org\/wp-content\/uploads\/2022\/01\/img_3845.jpeg 650w, https:\/\/qtmm.org\/wp-content\/uploads\/2022\/01\/img_3845-300x155.jpeg 300w\" sizes=\"auto, (max-width: 650px) 100vw, 650px\" \/><\/figure>\n\n\n\n<figure class=\"wp-block-image size-full\"><img loading=\"lazy\" decoding=\"async\" width=\"650\" height=\"305\" src=\"http:\/\/qtmm.org\/wp-content\/uploads\/2022\/01\/img_3854.jpeg\" alt=\"\" class=\"wp-image-41784\" srcset=\"https:\/\/qtmm.org\/wp-content\/uploads\/2022\/01\/img_3854.jpeg 650w, https:\/\/qtmm.org\/wp-content\/uploads\/2022\/01\/img_3854-300x141.jpeg 300w\" sizes=\"auto, (max-width: 650px) 100vw, 650px\" \/><\/figure>\n\n\n\n<figure class=\"wp-block-image size-full\"><img loading=\"lazy\" decoding=\"async\" width=\"650\" height=\"327\" src=\"http:\/\/qtmm.org\/wp-content\/uploads\/2022\/01\/img_3858.jpeg\" alt=\"\" class=\"wp-image-41788\" srcset=\"https:\/\/qtmm.org\/wp-content\/uploads\/2022\/01\/img_3858.jpeg 650w, https:\/\/qtmm.org\/wp-content\/uploads\/2022\/01\/img_3858-300x151.jpeg 300w\" sizes=\"auto, (max-width: 650px) 100vw, 650px\" \/><\/figure>\n","protected":false},"excerpt":{"rendered":"<p>Dekabr 15 k\u00fcn\u00fc Meclis yolba\u015f\u00e7\u0131lar\u0131 ve Meclis idare ve h\u0131zmetleri yolba\u015f\u00e7\u0131lar\u0131n\u0131\u00f1 Qarasuvbazar region\u0131nda Qurultay delegatlar\u0131, maalliy milliy idare organlar\u0131n\u0131\u00f1 reisleri, yerli \u015furalarn\u0131\u00f1 deputatlar\u0131 ve musulman cemiyetlerni\u00f1 reislerinen birlikte topla\u015fuvlar\u0131 ol\u0131p ke\u00e7ti. Onda Meclis reisini\u00f1 muavinleri Zaur Smirnov, Nariman Cel\u00e2l ve Ahtem \u00c7iygoz, Meclis idare ve h\u0131zmetlerini\u00f1 reberleri \u2013 Seydamet Ya\u011fyayev, Gayana Y\u00fcksel, Bekir Mamutov, Emine [&hellip;]<\/p>\n","protected":false},"author":1,"featured_media":0,"comment_status":"open","ping_status":"open","sticky":false,"template":"","format":"standard","meta":{"inline_featured_image":false,"footnotes":""},"categories":[265],"tags":[],"class_list":["post-41731","post","type-post","status-publish","format-standard","hentry","category-haberler"],"acf":[],"yoast_head":"<!-- This site is optimized with the Yoast SEO plugin v27.4 - https:\/\/yoast.com\/product\/yoast-seo-wordpress\/ -->\n<title>Ahtem \u00c7iygoz: Halqara forum akimiyetni\u00f1 q\u0131r\u0131mtatar halq\u0131 vek\u00e2letli organ\u0131na nisbeten ay\u0131n-oyunlar\u0131na so\u00f1 \u00e7eker - \u041c\u0435\u0434\u0436\u043b\u0456\u0441<\/title>\n<meta name=\"robots\" content=\"index, follow, max-snippet:-1, max-image-preview:large, max-video-preview:-1\" \/>\n<link rel=\"canonical\" href=\"https:\/\/qtmm.org\/qt\/ahtem-ciygoz-halqara-forum-akimiyetnin-qirimtatar-halqi-vekaletli-organina-nisbeten-ayin-oyunlarina-son-ceker\/\" \/>\n<meta property=\"og:locale\" content=\"en_US\" \/>\n<meta property=\"og:type\" content=\"article\" \/>\n<meta property=\"og:title\" content=\"Ahtem \u00c7iygoz: Halqara forum akimiyetni\u00f1 q\u0131r\u0131mtatar halq\u0131 vek\u00e2letli organ\u0131na nisbeten ay\u0131n-oyunlar\u0131na so\u00f1 \u00e7eker - \u041c\u0435\u0434\u0436\u043b\u0456\u0441\" \/>\n<meta property=\"og:description\" content=\"Dekabr 15 k\u00fcn\u00fc Meclis yolba\u015f\u00e7\u0131lar\u0131 ve Meclis idare ve h\u0131zmetleri yolba\u015f\u00e7\u0131lar\u0131n\u0131\u00f1 Qarasuvbazar region\u0131nda Qurultay delegatlar\u0131, maalliy milliy idare organlar\u0131n\u0131\u00f1 reisleri, yerli \u015furalarn\u0131\u00f1 deputatlar\u0131 ve musulman cemiyetlerni\u00f1 reislerinen birlikte topla\u015fuvlar\u0131 ol\u0131p ke\u00e7ti. Onda Meclis reisini\u00f1 muavinleri Zaur Smirnov, Nariman Cel\u00e2l ve Ahtem \u00c7iygoz, Meclis idare ve h\u0131zmetlerini\u00f1 reberleri \u2013 Seydamet Ya\u011fyayev, Gayana Y\u00fcksel, Bekir Mamutov, Emine [&hellip;]\" \/>\n<meta property=\"og:url\" content=\"https:\/\/qtmm.org\/qt\/ahtem-ciygoz-halqara-forum-akimiyetnin-qirimtatar-halqi-vekaletli-organina-nisbeten-ayin-oyunlarina-son-ceker\/\" \/>\n<meta property=\"og:site_name\" content=\"\u041c\u0435\u0434\u0436\u043b\u0456\u0441\" \/>\n<meta property=\"article:publisher\" content=\"https:\/\/www.facebook.com\/qtmm.info\/\" \/>\n<meta property=\"article:published_time\" content=\"2013-12-15T09:27:00+00:00\" \/>\n<meta property=\"article:modified_time\" content=\"2022-01-27T09:31:36+00:00\" \/>\n<meta property=\"og:image\" content=\"https:\/\/qtmm.org\/wp-content\/uploads\/2022\/01\/img_3791.jpeg\" \/>\n\t<meta property=\"og:image:width\" content=\"650\" \/>\n\t<meta property=\"og:image:height\" content=\"339\" \/>\n\t<meta property=\"og:image:type\" content=\"image\/jpeg\" \/>\n<meta name=\"author\" content=\"Developer\" \/>\n<meta name=\"twitter:card\" content=\"summary_large_image\" \/>\n<meta name=\"twitter:label1\" content=\"Written by\" \/>\n\t<meta name=\"twitter:data1\" content=\"Developer\" \/>\n\t<meta name=\"twitter:label2\" content=\"Est. reading time\" \/>\n\t<meta name=\"twitter:data2\" content=\"3 minutes\" \/>\n<script type=\"application\/ld+json\" class=\"yoast-schema-graph\">{\"@context\":\"https:\\\/\\\/schema.org\",\"@graph\":[{\"@type\":\"Article\",\"@id\":\"https:\\\/\\\/qtmm.org\\\/qt\\\/ahtem-ciygoz-halqara-forum-akimiyetnin-qirimtatar-halqi-vekaletli-organina-nisbeten-ayin-oyunlarina-son-ceker\\\/#article\",\"isPartOf\":{\"@id\":\"https:\\\/\\\/qtmm.org\\\/qt\\\/ahtem-ciygoz-halqara-forum-akimiyetnin-qirimtatar-halqi-vekaletli-organina-nisbeten-ayin-oyunlarina-son-ceker\\\/\"},\"author\":{\"name\":\"Developer\",\"@id\":\"https:\\\/\\\/qtmm.org\\\/qt\\\/#\\\/schema\\\/person\\\/de562469f971dec226ac06e60bbf74a7\"},\"headline\":\"Ahtem \u00c7iygoz: Halqara forum akimiyetni\u00f1 q\u0131r\u0131mtatar halq\u0131 vek\u00e2letli organ\u0131na nisbeten ay\u0131n-oyunlar\u0131na so\u00f1 \u00e7eker\",\"datePublished\":\"2013-12-15T09:27:00+00:00\",\"dateModified\":\"2022-01-27T09:31:36+00:00\",\"mainEntityOfPage\":{\"@id\":\"https:\\\/\\\/qtmm.org\\\/qt\\\/ahtem-ciygoz-halqara-forum-akimiyetnin-qirimtatar-halqi-vekaletli-organina-nisbeten-ayin-oyunlarina-son-ceker\\\/\"},\"wordCount\":597,\"commentCount\":0,\"publisher\":{\"@id\":\"https:\\\/\\\/qtmm.org\\\/qt\\\/#organization\"},\"image\":{\"@id\":\"https:\\\/\\\/qtmm.org\\\/qt\\\/ahtem-ciygoz-halqara-forum-akimiyetnin-qirimtatar-halqi-vekaletli-organina-nisbeten-ayin-oyunlarina-son-ceker\\\/#primaryimage\"},\"thumbnailUrl\":\"http:\\\/\\\/qtmm.org\\\/wp-content\\\/uploads\\\/2022\\\/01\\\/img_3791.jpeg\",\"articleSection\":[\"Haberler\"],\"inLanguage\":\"qt\",\"potentialAction\":[{\"@type\":\"CommentAction\",\"name\":\"Comment\",\"target\":[\"https:\\\/\\\/qtmm.org\\\/qt\\\/ahtem-ciygoz-halqara-forum-akimiyetnin-qirimtatar-halqi-vekaletli-organina-nisbeten-ayin-oyunlarina-son-ceker\\\/#respond\"]}]},{\"@type\":\"WebPage\",\"@id\":\"https:\\\/\\\/qtmm.org\\\/qt\\\/ahtem-ciygoz-halqara-forum-akimiyetnin-qirimtatar-halqi-vekaletli-organina-nisbeten-ayin-oyunlarina-son-ceker\\\/\",\"url\":\"https:\\\/\\\/qtmm.org\\\/qt\\\/ahtem-ciygoz-halqara-forum-akimiyetnin-qirimtatar-halqi-vekaletli-organina-nisbeten-ayin-oyunlarina-son-ceker\\\/\",\"name\":\"Ahtem \u00c7iygoz: Halqara forum akimiyetni\u00f1 q\u0131r\u0131mtatar halq\u0131 vek\u00e2letli organ\u0131na nisbeten ay\u0131n-oyunlar\u0131na so\u00f1 \u00e7eker - \u041c\u0435\u0434\u0436\u043b\u0456\u0441\",\"isPartOf\":{\"@id\":\"https:\\\/\\\/qtmm.org\\\/qt\\\/#website\"},\"primaryImageOfPage\":{\"@id\":\"https:\\\/\\\/qtmm.org\\\/qt\\\/ahtem-ciygoz-halqara-forum-akimiyetnin-qirimtatar-halqi-vekaletli-organina-nisbeten-ayin-oyunlarina-son-ceker\\\/#primaryimage\"},\"image\":{\"@id\":\"https:\\\/\\\/qtmm.org\\\/qt\\\/ahtem-ciygoz-halqara-forum-akimiyetnin-qirimtatar-halqi-vekaletli-organina-nisbeten-ayin-oyunlarina-son-ceker\\\/#primaryimage\"},\"thumbnailUrl\":\"http:\\\/\\\/qtmm.org\\\/wp-content\\\/uploads\\\/2022\\\/01\\\/img_3791.jpeg\",\"datePublished\":\"2013-12-15T09:27:00+00:00\",\"dateModified\":\"2022-01-27T09:31:36+00:00\",\"breadcrumb\":{\"@id\":\"https:\\\/\\\/qtmm.org\\\/qt\\\/ahtem-ciygoz-halqara-forum-akimiyetnin-qirimtatar-halqi-vekaletli-organina-nisbeten-ayin-oyunlarina-son-ceker\\\/#breadcrumb\"},\"inLanguage\":\"qt\",\"potentialAction\":[{\"@type\":\"ReadAction\",\"target\":[\"https:\\\/\\\/qtmm.org\\\/qt\\\/ahtem-ciygoz-halqara-forum-akimiyetnin-qirimtatar-halqi-vekaletli-organina-nisbeten-ayin-oyunlarina-son-ceker\\\/\"]}]},{\"@type\":\"ImageObject\",\"inLanguage\":\"qt\",\"@id\":\"https:\\\/\\\/qtmm.org\\\/qt\\\/ahtem-ciygoz-halqara-forum-akimiyetnin-qirimtatar-halqi-vekaletli-organina-nisbeten-ayin-oyunlarina-son-ceker\\\/#primaryimage\",\"url\":\"http:\\\/\\\/qtmm.org\\\/wp-content\\\/uploads\\\/2022\\\/01\\\/img_3791.jpeg\",\"contentUrl\":\"http:\\\/\\\/qtmm.org\\\/wp-content\\\/uploads\\\/2022\\\/01\\\/img_3791.jpeg\"},{\"@type\":\"BreadcrumbList\",\"@id\":\"https:\\\/\\\/qtmm.org\\\/qt\\\/ahtem-ciygoz-halqara-forum-akimiyetnin-qirimtatar-halqi-vekaletli-organina-nisbeten-ayin-oyunlarina-son-ceker\\\/#breadcrumb\",\"itemListElement\":[{\"@type\":\"ListItem\",\"position\":1,\"name\":\"\u0413\u043e\u043b\u043e\u0432\u043d\u0430\",\"item\":\"https:\\\/\\\/qtmm.org\\\/qt\\\/\"},{\"@type\":\"ListItem\",\"position\":2,\"name\":\"Ahtem \u00c7iygoz: Halqara forum akimiyetni\u00f1 q\u0131r\u0131mtatar halq\u0131 vek\u00e2letli organ\u0131na nisbeten ay\u0131n-oyunlar\u0131na so\u00f1 \u00e7eker\"}]},{\"@type\":\"WebSite\",\"@id\":\"https:\\\/\\\/qtmm.org\\\/qt\\\/#website\",\"url\":\"https:\\\/\\\/qtmm.org\\\/qt\\\/\",\"name\":\"\u041c\u0435\u0434\u0436\u043b\u0456\u0441\",\"description\":\"\",\"publisher\":{\"@id\":\"https:\\\/\\\/qtmm.org\\\/qt\\\/#organization\"},\"potentialAction\":[{\"@type\":\"SearchAction\",\"target\":{\"@type\":\"EntryPoint\",\"urlTemplate\":\"https:\\\/\\\/qtmm.org\\\/qt\\\/?s={search_term_string}\"},\"query-input\":{\"@type\":\"PropertyValueSpecification\",\"valueRequired\":true,\"valueName\":\"search_term_string\"}}],\"inLanguage\":\"qt\"},{\"@type\":\"Organization\",\"@id\":\"https:\\\/\\\/qtmm.org\\\/qt\\\/#organization\",\"name\":\"\u041c\u0435\u0434\u0436\u043b\u0456\u0441\",\"url\":\"https:\\\/\\\/qtmm.org\\\/qt\\\/\",\"logo\":{\"@type\":\"ImageObject\",\"inLanguage\":\"qt\",\"@id\":\"https:\\\/\\\/qtmm.org\\\/qt\\\/#\\\/schema\\\/logo\\\/image\\\/\",\"url\":\"https:\\\/\\\/qtmm.org\\\/wp-content\\\/uploads\\\/2024\\\/12\\\/ua-mejlis-logo-rgb.svg\",\"contentUrl\":\"https:\\\/\\\/qtmm.org\\\/wp-content\\\/uploads\\\/2024\\\/12\\\/ua-mejlis-logo-rgb.svg\",\"caption\":\"\u041c\u0435\u0434\u0436\u043b\u0456\u0441\"},\"image\":{\"@id\":\"https:\\\/\\\/qtmm.org\\\/qt\\\/#\\\/schema\\\/logo\\\/image\\\/\"},\"sameAs\":[\"https:\\\/\\\/www.facebook.com\\\/qtmm.info\\\/\"]},{\"@type\":\"Person\",\"@id\":\"https:\\\/\\\/qtmm.org\\\/qt\\\/#\\\/schema\\\/person\\\/de562469f971dec226ac06e60bbf74a7\",\"name\":\"Developer\",\"image\":{\"@type\":\"ImageObject\",\"inLanguage\":\"qt\",\"@id\":\"https:\\\/\\\/secure.gravatar.com\\\/avatar\\\/392b4cc8fbfeb00b39dfeeab4ee6edded39ffd48e25858637e4765810300227e?s=96&d=mm&r=g\",\"url\":\"https:\\\/\\\/secure.gravatar.com\\\/avatar\\\/392b4cc8fbfeb00b39dfeeab4ee6edded39ffd48e25858637e4765810300227e?s=96&d=mm&r=g\",\"contentUrl\":\"https:\\\/\\\/secure.gravatar.com\\\/avatar\\\/392b4cc8fbfeb00b39dfeeab4ee6edded39ffd48e25858637e4765810300227e?s=96&d=mm&r=g\",\"caption\":\"Developer\"},\"url\":\"https:\\\/\\\/qtmm.org\\\/qt\\\/author\\\/Developer\\\/\"}]}<\/script>\n<!-- \/ Yoast SEO plugin. -->","yoast_head_json":{"title":"Ahtem \u00c7iygoz: Halqara forum akimiyetni\u00f1 q\u0131r\u0131mtatar halq\u0131 vek\u00e2letli organ\u0131na nisbeten ay\u0131n-oyunlar\u0131na so\u00f1 \u00e7eker - \u041c\u0435\u0434\u0436\u043b\u0456\u0441","robots":{"index":"index","follow":"follow","max-snippet":"max-snippet:-1","max-image-preview":"max-image-preview:large","max-video-preview":"max-video-preview:-1"},"canonical":"https:\/\/qtmm.org\/qt\/ahtem-ciygoz-halqara-forum-akimiyetnin-qirimtatar-halqi-vekaletli-organina-nisbeten-ayin-oyunlarina-son-ceker\/","og_locale":"en_US","og_type":"article","og_title":"Ahtem \u00c7iygoz: Halqara forum akimiyetni\u00f1 q\u0131r\u0131mtatar halq\u0131 vek\u00e2letli organ\u0131na nisbeten ay\u0131n-oyunlar\u0131na so\u00f1 \u00e7eker - \u041c\u0435\u0434\u0436\u043b\u0456\u0441","og_description":"Dekabr 15 k\u00fcn\u00fc Meclis yolba\u015f\u00e7\u0131lar\u0131 ve Meclis idare ve h\u0131zmetleri yolba\u015f\u00e7\u0131lar\u0131n\u0131\u00f1 Qarasuvbazar region\u0131nda Qurultay delegatlar\u0131, maalliy milliy idare organlar\u0131n\u0131\u00f1 reisleri, yerli \u015furalarn\u0131\u00f1 deputatlar\u0131 ve musulman cemiyetlerni\u00f1 reislerinen birlikte topla\u015fuvlar\u0131 ol\u0131p ke\u00e7ti. Onda Meclis reisini\u00f1 muavinleri Zaur Smirnov, Nariman Cel\u00e2l ve Ahtem \u00c7iygoz, Meclis idare ve h\u0131zmetlerini\u00f1 reberleri \u2013 Seydamet Ya\u011fyayev, Gayana Y\u00fcksel, Bekir Mamutov, Emine [&hellip;]","og_url":"https:\/\/qtmm.org\/qt\/ahtem-ciygoz-halqara-forum-akimiyetnin-qirimtatar-halqi-vekaletli-organina-nisbeten-ayin-oyunlarina-son-ceker\/","og_site_name":"\u041c\u0435\u0434\u0436\u043b\u0456\u0441","article_publisher":"https:\/\/www.facebook.com\/qtmm.info\/","article_published_time":"2013-12-15T09:27:00+00:00","article_modified_time":"2022-01-27T09:31:36+00:00","og_image":[{"width":650,"height":339,"url":"https:\/\/qtmm.org\/wp-content\/uploads\/2022\/01\/img_3791.jpeg","type":"image\/jpeg"}],"author":"Developer","twitter_card":"summary_large_image","twitter_misc":{"Written by":"Developer","Est. reading time":"3 minutes"},"schema":{"@context":"https:\/\/schema.org","@graph":[{"@type":"Article","@id":"https:\/\/qtmm.org\/qt\/ahtem-ciygoz-halqara-forum-akimiyetnin-qirimtatar-halqi-vekaletli-organina-nisbeten-ayin-oyunlarina-son-ceker\/#article","isPartOf":{"@id":"https:\/\/qtmm.org\/qt\/ahtem-ciygoz-halqara-forum-akimiyetnin-qirimtatar-halqi-vekaletli-organina-nisbeten-ayin-oyunlarina-son-ceker\/"},"author":{"name":"Developer","@id":"https:\/\/qtmm.org\/qt\/#\/schema\/person\/de562469f971dec226ac06e60bbf74a7"},"headline":"Ahtem \u00c7iygoz: Halqara forum akimiyetni\u00f1 q\u0131r\u0131mtatar halq\u0131 vek\u00e2letli organ\u0131na nisbeten ay\u0131n-oyunlar\u0131na so\u00f1 \u00e7eker","datePublished":"2013-12-15T09:27:00+00:00","dateModified":"2022-01-27T09:31:36+00:00","mainEntityOfPage":{"@id":"https:\/\/qtmm.org\/qt\/ahtem-ciygoz-halqara-forum-akimiyetnin-qirimtatar-halqi-vekaletli-organina-nisbeten-ayin-oyunlarina-son-ceker\/"},"wordCount":597,"commentCount":0,"publisher":{"@id":"https:\/\/qtmm.org\/qt\/#organization"},"image":{"@id":"https:\/\/qtmm.org\/qt\/ahtem-ciygoz-halqara-forum-akimiyetnin-qirimtatar-halqi-vekaletli-organina-nisbeten-ayin-oyunlarina-son-ceker\/#primaryimage"},"thumbnailUrl":"http:\/\/qtmm.org\/wp-content\/uploads\/2022\/01\/img_3791.jpeg","articleSection":["Haberler"],"inLanguage":"qt","potentialAction":[{"@type":"CommentAction","name":"Comment","target":["https:\/\/qtmm.org\/qt\/ahtem-ciygoz-halqara-forum-akimiyetnin-qirimtatar-halqi-vekaletli-organina-nisbeten-ayin-oyunlarina-son-ceker\/#respond"]}]},{"@type":"WebPage","@id":"https:\/\/qtmm.org\/qt\/ahtem-ciygoz-halqara-forum-akimiyetnin-qirimtatar-halqi-vekaletli-organina-nisbeten-ayin-oyunlarina-son-ceker\/","url":"https:\/\/qtmm.org\/qt\/ahtem-ciygoz-halqara-forum-akimiyetnin-qirimtatar-halqi-vekaletli-organina-nisbeten-ayin-oyunlarina-son-ceker\/","name":"Ahtem \u00c7iygoz: Halqara forum akimiyetni\u00f1 q\u0131r\u0131mtatar halq\u0131 vek\u00e2letli organ\u0131na nisbeten ay\u0131n-oyunlar\u0131na so\u00f1 \u00e7eker - \u041c\u0435\u0434\u0436\u043b\u0456\u0441","isPartOf":{"@id":"https:\/\/qtmm.org\/qt\/#website"},"primaryImageOfPage":{"@id":"https:\/\/qtmm.org\/qt\/ahtem-ciygoz-halqara-forum-akimiyetnin-qirimtatar-halqi-vekaletli-organina-nisbeten-ayin-oyunlarina-son-ceker\/#primaryimage"},"image":{"@id":"https:\/\/qtmm.org\/qt\/ahtem-ciygoz-halqara-forum-akimiyetnin-qirimtatar-halqi-vekaletli-organina-nisbeten-ayin-oyunlarina-son-ceker\/#primaryimage"},"thumbnailUrl":"http:\/\/qtmm.org\/wp-content\/uploads\/2022\/01\/img_3791.jpeg","datePublished":"2013-12-15T09:27:00+00:00","dateModified":"2022-01-27T09:31:36+00:00","breadcrumb":{"@id":"https:\/\/qtmm.org\/qt\/ahtem-ciygoz-halqara-forum-akimiyetnin-qirimtatar-halqi-vekaletli-organina-nisbeten-ayin-oyunlarina-son-ceker\/#breadcrumb"},"inLanguage":"qt","potentialAction":[{"@type":"ReadAction","target":["https:\/\/qtmm.org\/qt\/ahtem-ciygoz-halqara-forum-akimiyetnin-qirimtatar-halqi-vekaletli-organina-nisbeten-ayin-oyunlarina-son-ceker\/"]}]},{"@type":"ImageObject","inLanguage":"qt","@id":"https:\/\/qtmm.org\/qt\/ahtem-ciygoz-halqara-forum-akimiyetnin-qirimtatar-halqi-vekaletli-organina-nisbeten-ayin-oyunlarina-son-ceker\/#primaryimage","url":"http:\/\/qtmm.org\/wp-content\/uploads\/2022\/01\/img_3791.jpeg","contentUrl":"http:\/\/qtmm.org\/wp-content\/uploads\/2022\/01\/img_3791.jpeg"},{"@type":"BreadcrumbList","@id":"https:\/\/qtmm.org\/qt\/ahtem-ciygoz-halqara-forum-akimiyetnin-qirimtatar-halqi-vekaletli-organina-nisbeten-ayin-oyunlarina-son-ceker\/#breadcrumb","itemListElement":[{"@type":"ListItem","position":1,"name":"\u0413\u043e\u043b\u043e\u0432\u043d\u0430","item":"https:\/\/qtmm.org\/qt\/"},{"@type":"ListItem","position":2,"name":"Ahtem \u00c7iygoz: Halqara forum akimiyetni\u00f1 q\u0131r\u0131mtatar halq\u0131 vek\u00e2letli organ\u0131na nisbeten ay\u0131n-oyunlar\u0131na so\u00f1 \u00e7eker"}]},{"@type":"WebSite","@id":"https:\/\/qtmm.org\/qt\/#website","url":"https:\/\/qtmm.org\/qt\/","name":"\u041c\u0435\u0434\u0436\u043b\u0456\u0441","description":"","publisher":{"@id":"https:\/\/qtmm.org\/qt\/#organization"},"potentialAction":[{"@type":"SearchAction","target":{"@type":"EntryPoint","urlTemplate":"https:\/\/qtmm.org\/qt\/?s={search_term_string}"},"query-input":{"@type":"PropertyValueSpecification","valueRequired":true,"valueName":"search_term_string"}}],"inLanguage":"qt"},{"@type":"Organization","@id":"https:\/\/qtmm.org\/qt\/#organization","name":"\u041c\u0435\u0434\u0436\u043b\u0456\u0441","url":"https:\/\/qtmm.org\/qt\/","logo":{"@type":"ImageObject","inLanguage":"qt","@id":"https:\/\/qtmm.org\/qt\/#\/schema\/logo\/image\/","url":"https:\/\/qtmm.org\/wp-content\/uploads\/2024\/12\/ua-mejlis-logo-rgb.svg","contentUrl":"https:\/\/qtmm.org\/wp-content\/uploads\/2024\/12\/ua-mejlis-logo-rgb.svg","caption":"\u041c\u0435\u0434\u0436\u043b\u0456\u0441"},"image":{"@id":"https:\/\/qtmm.org\/qt\/#\/schema\/logo\/image\/"},"sameAs":["https:\/\/www.facebook.com\/qtmm.info\/"]},{"@type":"Person","@id":"https:\/\/qtmm.org\/qt\/#\/schema\/person\/de562469f971dec226ac06e60bbf74a7","name":"Developer","image":{"@type":"ImageObject","inLanguage":"qt","@id":"https:\/\/secure.gravatar.com\/avatar\/392b4cc8fbfeb00b39dfeeab4ee6edded39ffd48e25858637e4765810300227e?s=96&d=mm&r=g","url":"https:\/\/secure.gravatar.com\/avatar\/392b4cc8fbfeb00b39dfeeab4ee6edded39ffd48e25858637e4765810300227e?s=96&d=mm&r=g","contentUrl":"https:\/\/secure.gravatar.com\/avatar\/392b4cc8fbfeb00b39dfeeab4ee6edded39ffd48e25858637e4765810300227e?s=96&d=mm&r=g","caption":"Developer"},"url":"https:\/\/qtmm.org\/qt\/author\/Developer\/"}]}},"_links":{"self":[{"href":"https:\/\/qtmm.org\/qt\/wp-json\/wp\/v2\/posts\/41731","targetHints":{"allow":["GET"]}}],"collection":[{"href":"https:\/\/qtmm.org\/qt\/wp-json\/wp\/v2\/posts"}],"about":[{"href":"https:\/\/qtmm.org\/qt\/wp-json\/wp\/v2\/types\/post"}],"author":[{"embeddable":true,"href":"https:\/\/qtmm.org\/qt\/wp-json\/wp\/v2\/users\/1"}],"replies":[{"embeddable":true,"href":"https:\/\/qtmm.org\/qt\/wp-json\/wp\/v2\/comments?post=41731"}],"version-history":[{"count":1,"href":"https:\/\/qtmm.org\/qt\/wp-json\/wp\/v2\/posts\/41731\/revisions"}],"predecessor-version":[{"id":41792,"href":"https:\/\/qtmm.org\/qt\/wp-json\/wp\/v2\/posts\/41731\/revisions\/41792"}],"wp:attachment":[{"href":"https:\/\/qtmm.org\/qt\/wp-json\/wp\/v2\/media?parent=41731"}],"wp:term":[{"taxonomy":"category","embeddable":true,"href":"https:\/\/qtmm.org\/qt\/wp-json\/wp\/v2\/categories?post=41731"},{"taxonomy":"post_tag","embeddable":true,"href":"https:\/\/qtmm.org\/qt\/wp-json\/wp\/v2\/tags?post=41731"}],"curies":[{"name":"wp","href":"https:\/\/api.w.org\/{rel}","templated":true}]}}