




{"id":41713,"date":"2013-12-15T12:25:00","date_gmt":"2013-12-15T09:25:00","guid":{"rendered":"http:\/\/qtmm.org\/?p=41713"},"modified":"2022-01-27T12:27:11","modified_gmt":"2022-01-27T09:27:11","slug":"meclis-reisinin-muavinleri-zaur-smirnov-ve-ahtem-ciygoz-qarasuvbazarda-cami-qurulayatqan-yerni-ziyaret-ettiler","status":"publish","type":"post","link":"https:\/\/qtmm.org\/qt\/meclis-reisinin-muavinleri-zaur-smirnov-ve-ahtem-ciygoz-qarasuvbazarda-cami-qurulayatqan-yerni-ziyaret-ettiler\/","title":{"rendered":"Meclis reisini\u00f1 muavinleri Zaur Smirnov ve Ahtem \u00c7iygoz Qarasuvbazarda cami qurulayatqan yerni ziyaret ettiler"},"content":{"rendered":"\n<p>2013 senesi dekabr 15 k\u00fcn\u00fc Meclis yolba\u015f\u00e7\u0131lar\u0131n\u0131\u00f1 regionlarara topla\u015fuvlar\u0131 bitken so\u00f1 Meclis reisini\u00f1 muavinleri Zaur Smirnov ve Ahtem \u00c7iygoz Bekir \u00c7oban-zade fond\u0131n\u0131\u00f1 tesis\u00e7isi Resul Velil\u00e2yevnen beraber Qarasuvbazarda cami qurulayatqan yerni ziyaret ettiler.<\/p>\n\n\n\n<p>Belli ki a\u011fa-qarda\u015f Resul ve Remzi Velil\u00e2yevler Qarasuvbazarda \u015feer camisini qurmaq te\u015febb\u00fcsinen \u00e7\u0131q\u0131p, okt\u00e2br 16 k\u00fcn\u00fc Q\u0131r\u0131m musulmanlar\u0131n\u0131\u00f1 m\u00fcftiyi ac\u0131 Emirali Ablayev, Meclis yolba\u015f\u00e7\u0131lar\u0131 ve q\u0131r\u0131mtatar cemaat\u00e7\u0131l\u0131\u011f\u0131n\u0131\u00f1 i\u015ftirakinde camini\u00f1 temeline ilk ta\u015f\u0131 ve kapsula qoyuv tantanal\u0131 merasimi ke\u00e7irilgen edi.<\/p>\n\n\n\n<figure class=\"wp-block-image size-full\"><img loading=\"lazy\" decoding=\"async\" width=\"650\" height=\"414\" src=\"http:\/\/qtmm.org\/wp-content\/uploads\/2022\/01\/photo_7_2.jpeg\" alt=\"\" class=\"wp-image-41718\" srcset=\"https:\/\/qtmm.org\/wp-content\/uploads\/2022\/01\/photo_7_2.jpeg 650w, https:\/\/qtmm.org\/wp-content\/uploads\/2022\/01\/photo_7_2-300x191.jpeg 300w\" sizes=\"auto, (max-width: 650px) 100vw, 650px\" \/><\/figure>\n\n\n\n<p>&#8220;Eger avalar yah\u015f\u0131 ol\u011fan olsa, biz camini\u00f1 quruc\u0131l\u0131\u011f\u0131n\u0131 endi bitirir edik, &#8211; dey Resul Velil\u00e2yev. \u2013 Amma, ep bir, biz i\u015f surat\u0131na \u015fik\u00e2yetlenmeymiz, professional quruc\u0131lar\u011fa ve yard\u0131m\u0131 toqun\u011fan er keske namusl\u0131 i\u015fleri i\u00e7\u00fcn \u00f6z te\u015fekk\u00fcrlerimizni bildiremiz&#8221;<\/p>\n\n\n\n<figure class=\"wp-block-image size-full\"><img loading=\"lazy\" decoding=\"async\" width=\"650\" height=\"426\" src=\"http:\/\/qtmm.org\/wp-content\/uploads\/2022\/01\/photo_4_2.jpeg\" alt=\"\" class=\"wp-image-41722\" srcset=\"https:\/\/qtmm.org\/wp-content\/uploads\/2022\/01\/photo_4_2.jpeg 650w, https:\/\/qtmm.org\/wp-content\/uploads\/2022\/01\/photo_4_2-300x197.jpeg 300w\" sizes=\"auto, (max-width: 650px) 100vw, 650px\" \/><\/figure>\n\n\n\n<p>On\u0131\u00f1 aytqan\u0131na k\u00f6re, Qarasuvbazar \u015feer camisi 400-ge yaq\u0131n adamn\u0131 s\u0131\u011fd\u0131racaq, bundan da \u011fayr\u0131 cami yan\u0131nda medrese ve camini\u00f1 imam\u0131 i\u00e7\u00fcn eva qurmaq da k\u00f6zde tutula.<\/p>\n\n\n\n<figure class=\"wp-block-image size-full\"><img loading=\"lazy\" decoding=\"async\" width=\"650\" height=\"397\" src=\"http:\/\/qtmm.org\/wp-content\/uploads\/2022\/01\/photo_6_2.jpeg\" alt=\"\" class=\"wp-image-41726\" srcset=\"https:\/\/qtmm.org\/wp-content\/uploads\/2022\/01\/photo_6_2.jpeg 650w, https:\/\/qtmm.org\/wp-content\/uploads\/2022\/01\/photo_6_2-300x183.jpeg 300w\" sizes=\"auto, (max-width: 650px) 100vw, 650px\" \/><\/figure>\n","protected":false},"excerpt":{"rendered":"<p>2013 senesi dekabr 15 k\u00fcn\u00fc Meclis yolba\u015f\u00e7\u0131lar\u0131n\u0131\u00f1 regionlarara topla\u015fuvlar\u0131 bitken so\u00f1 Meclis reisini\u00f1 muavinleri Zaur Smirnov ve Ahtem \u00c7iygoz Bekir \u00c7oban-zade fond\u0131n\u0131\u00f1 tesis\u00e7isi Resul Velil\u00e2yevnen beraber Qarasuvbazarda cami qurulayatqan yerni ziyaret ettiler. Belli ki a\u011fa-qarda\u015f Resul ve Remzi Velil\u00e2yevler Qarasuvbazarda \u015feer camisini qurmaq te\u015febb\u00fcsinen \u00e7\u0131q\u0131p, okt\u00e2br 16 k\u00fcn\u00fc Q\u0131r\u0131m musulmanlar\u0131n\u0131\u00f1 m\u00fcftiyi ac\u0131 Emirali Ablayev, Meclis [&hellip;]<\/p>\n","protected":false},"author":1,"featured_media":41714,"comment_status":"open","ping_status":"open","sticky":false,"template":"","format":"standard","meta":{"inline_featured_image":false,"footnotes":""},"categories":[265],"tags":[],"class_list":["post-41713","post","type-post","status-publish","format-standard","has-post-thumbnail","hentry","category-haberler"],"acf":[],"yoast_head":"<!-- This site is optimized with the Yoast SEO plugin v27.4 - https:\/\/yoast.com\/product\/yoast-seo-wordpress\/ -->\n<title>Meclis reisini\u00f1 muavinleri Zaur Smirnov ve Ahtem \u00c7iygoz Qarasuvbazarda cami qurulayatqan yerni ziyaret ettiler - \u041c\u0435\u0434\u0436\u043b\u0456\u0441<\/title>\n<meta name=\"robots\" content=\"index, follow, max-snippet:-1, max-image-preview:large, max-video-preview:-1\" \/>\n<link rel=\"canonical\" href=\"https:\/\/qtmm.org\/qt\/meclis-reisinin-muavinleri-zaur-smirnov-ve-ahtem-ciygoz-qarasuvbazarda-cami-qurulayatqan-yerni-ziyaret-ettiler\/\" \/>\n<meta property=\"og:locale\" content=\"en_US\" \/>\n<meta property=\"og:type\" content=\"article\" \/>\n<meta property=\"og:title\" content=\"Meclis reisini\u00f1 muavinleri Zaur Smirnov ve Ahtem \u00c7iygoz Qarasuvbazarda cami qurulayatqan yerni ziyaret ettiler - \u041c\u0435\u0434\u0436\u043b\u0456\u0441\" \/>\n<meta property=\"og:description\" content=\"2013 senesi dekabr 15 k\u00fcn\u00fc Meclis yolba\u015f\u00e7\u0131lar\u0131n\u0131\u00f1 regionlarara topla\u015fuvlar\u0131 bitken so\u00f1 Meclis reisini\u00f1 muavinleri Zaur Smirnov ve Ahtem \u00c7iygoz Bekir \u00c7oban-zade fond\u0131n\u0131\u00f1 tesis\u00e7isi Resul Velil\u00e2yevnen beraber Qarasuvbazarda cami qurulayatqan yerni ziyaret ettiler. Belli ki a\u011fa-qarda\u015f Resul ve Remzi Velil\u00e2yevler Qarasuvbazarda \u015feer camisini qurmaq te\u015febb\u00fcsinen \u00e7\u0131q\u0131p, okt\u00e2br 16 k\u00fcn\u00fc Q\u0131r\u0131m musulmanlar\u0131n\u0131\u00f1 m\u00fcftiyi ac\u0131 Emirali Ablayev, Meclis [&hellip;]\" \/>\n<meta property=\"og:url\" content=\"https:\/\/qtmm.org\/qt\/meclis-reisinin-muavinleri-zaur-smirnov-ve-ahtem-ciygoz-qarasuvbazarda-cami-qurulayatqan-yerni-ziyaret-ettiler\/\" \/>\n<meta property=\"og:site_name\" content=\"\u041c\u0435\u0434\u0436\u043b\u0456\u0441\" \/>\n<meta property=\"article:publisher\" content=\"https:\/\/www.facebook.com\/qtmm.info\/\" \/>\n<meta property=\"article:published_time\" content=\"2013-12-15T09:25:00+00:00\" \/>\n<meta property=\"article:modified_time\" content=\"2022-01-27T09:27:11+00:00\" \/>\n<meta property=\"og:image\" content=\"https:\/\/qtmm.org\/wp-content\/uploads\/2022\/01\/photo_1_4.jpeg\" \/>\n\t<meta property=\"og:image:width\" content=\"650\" \/>\n\t<meta property=\"og:image:height\" content=\"392\" \/>\n\t<meta property=\"og:image:type\" content=\"image\/jpeg\" \/>\n<meta name=\"author\" content=\"Developer\" \/>\n<meta name=\"twitter:card\" content=\"summary_large_image\" \/>\n<meta name=\"twitter:label1\" content=\"Written by\" \/>\n\t<meta name=\"twitter:data1\" content=\"Developer\" \/>\n\t<meta name=\"twitter:label2\" content=\"Est. reading time\" \/>\n\t<meta name=\"twitter:data2\" content=\"1 minute\" \/>\n<script type=\"application\/ld+json\" class=\"yoast-schema-graph\">{\"@context\":\"https:\\\/\\\/schema.org\",\"@graph\":[{\"@type\":\"Article\",\"@id\":\"https:\\\/\\\/qtmm.org\\\/qt\\\/meclis-reisinin-muavinleri-zaur-smirnov-ve-ahtem-ciygoz-qarasuvbazarda-cami-qurulayatqan-yerni-ziyaret-ettiler\\\/#article\",\"isPartOf\":{\"@id\":\"https:\\\/\\\/qtmm.org\\\/qt\\\/meclis-reisinin-muavinleri-zaur-smirnov-ve-ahtem-ciygoz-qarasuvbazarda-cami-qurulayatqan-yerni-ziyaret-ettiler\\\/\"},\"author\":{\"name\":\"Developer\",\"@id\":\"https:\\\/\\\/qtmm.org\\\/qt\\\/#\\\/schema\\\/person\\\/de562469f971dec226ac06e60bbf74a7\"},\"headline\":\"Meclis reisini\u00f1 muavinleri Zaur Smirnov ve Ahtem \u00c7iygoz Qarasuvbazarda cami qurulayatqan yerni ziyaret ettiler\",\"datePublished\":\"2013-12-15T09:25:00+00:00\",\"dateModified\":\"2022-01-27T09:27:11+00:00\",\"mainEntityOfPage\":{\"@id\":\"https:\\\/\\\/qtmm.org\\\/qt\\\/meclis-reisinin-muavinleri-zaur-smirnov-ve-ahtem-ciygoz-qarasuvbazarda-cami-qurulayatqan-yerni-ziyaret-ettiler\\\/\"},\"wordCount\":189,\"commentCount\":0,\"publisher\":{\"@id\":\"https:\\\/\\\/qtmm.org\\\/qt\\\/#organization\"},\"image\":{\"@id\":\"https:\\\/\\\/qtmm.org\\\/qt\\\/meclis-reisinin-muavinleri-zaur-smirnov-ve-ahtem-ciygoz-qarasuvbazarda-cami-qurulayatqan-yerni-ziyaret-ettiler\\\/#primaryimage\"},\"thumbnailUrl\":\"https:\\\/\\\/qtmm.org\\\/wp-content\\\/uploads\\\/2022\\\/01\\\/photo_1_4.jpeg\",\"articleSection\":[\"Haberler\"],\"inLanguage\":\"qt\",\"potentialAction\":[{\"@type\":\"CommentAction\",\"name\":\"Comment\",\"target\":[\"https:\\\/\\\/qtmm.org\\\/qt\\\/meclis-reisinin-muavinleri-zaur-smirnov-ve-ahtem-ciygoz-qarasuvbazarda-cami-qurulayatqan-yerni-ziyaret-ettiler\\\/#respond\"]}]},{\"@type\":\"WebPage\",\"@id\":\"https:\\\/\\\/qtmm.org\\\/qt\\\/meclis-reisinin-muavinleri-zaur-smirnov-ve-ahtem-ciygoz-qarasuvbazarda-cami-qurulayatqan-yerni-ziyaret-ettiler\\\/\",\"url\":\"https:\\\/\\\/qtmm.org\\\/qt\\\/meclis-reisinin-muavinleri-zaur-smirnov-ve-ahtem-ciygoz-qarasuvbazarda-cami-qurulayatqan-yerni-ziyaret-ettiler\\\/\",\"name\":\"Meclis reisini\u00f1 muavinleri Zaur Smirnov ve Ahtem \u00c7iygoz Qarasuvbazarda cami qurulayatqan yerni ziyaret ettiler - \u041c\u0435\u0434\u0436\u043b\u0456\u0441\",\"isPartOf\":{\"@id\":\"https:\\\/\\\/qtmm.org\\\/qt\\\/#website\"},\"primaryImageOfPage\":{\"@id\":\"https:\\\/\\\/qtmm.org\\\/qt\\\/meclis-reisinin-muavinleri-zaur-smirnov-ve-ahtem-ciygoz-qarasuvbazarda-cami-qurulayatqan-yerni-ziyaret-ettiler\\\/#primaryimage\"},\"image\":{\"@id\":\"https:\\\/\\\/qtmm.org\\\/qt\\\/meclis-reisinin-muavinleri-zaur-smirnov-ve-ahtem-ciygoz-qarasuvbazarda-cami-qurulayatqan-yerni-ziyaret-ettiler\\\/#primaryimage\"},\"thumbnailUrl\":\"https:\\\/\\\/qtmm.org\\\/wp-content\\\/uploads\\\/2022\\\/01\\\/photo_1_4.jpeg\",\"datePublished\":\"2013-12-15T09:25:00+00:00\",\"dateModified\":\"2022-01-27T09:27:11+00:00\",\"breadcrumb\":{\"@id\":\"https:\\\/\\\/qtmm.org\\\/qt\\\/meclis-reisinin-muavinleri-zaur-smirnov-ve-ahtem-ciygoz-qarasuvbazarda-cami-qurulayatqan-yerni-ziyaret-ettiler\\\/#breadcrumb\"},\"inLanguage\":\"qt\",\"potentialAction\":[{\"@type\":\"ReadAction\",\"target\":[\"https:\\\/\\\/qtmm.org\\\/qt\\\/meclis-reisinin-muavinleri-zaur-smirnov-ve-ahtem-ciygoz-qarasuvbazarda-cami-qurulayatqan-yerni-ziyaret-ettiler\\\/\"]}]},{\"@type\":\"ImageObject\",\"inLanguage\":\"qt\",\"@id\":\"https:\\\/\\\/qtmm.org\\\/qt\\\/meclis-reisinin-muavinleri-zaur-smirnov-ve-ahtem-ciygoz-qarasuvbazarda-cami-qurulayatqan-yerni-ziyaret-ettiler\\\/#primaryimage\",\"url\":\"https:\\\/\\\/qtmm.org\\\/wp-content\\\/uploads\\\/2022\\\/01\\\/photo_1_4.jpeg\",\"contentUrl\":\"https:\\\/\\\/qtmm.org\\\/wp-content\\\/uploads\\\/2022\\\/01\\\/photo_1_4.jpeg\",\"width\":650,\"height\":392},{\"@type\":\"BreadcrumbList\",\"@id\":\"https:\\\/\\\/qtmm.org\\\/qt\\\/meclis-reisinin-muavinleri-zaur-smirnov-ve-ahtem-ciygoz-qarasuvbazarda-cami-qurulayatqan-yerni-ziyaret-ettiler\\\/#breadcrumb\",\"itemListElement\":[{\"@type\":\"ListItem\",\"position\":1,\"name\":\"\u0413\u043e\u043b\u043e\u0432\u043d\u0430\",\"item\":\"https:\\\/\\\/qtmm.org\\\/qt\\\/\"},{\"@type\":\"ListItem\",\"position\":2,\"name\":\"Meclis reisini\u00f1 muavinleri Zaur Smirnov ve Ahtem \u00c7iygoz Qarasuvbazarda cami qurulayatqan yerni ziyaret ettiler\"}]},{\"@type\":\"WebSite\",\"@id\":\"https:\\\/\\\/qtmm.org\\\/qt\\\/#website\",\"url\":\"https:\\\/\\\/qtmm.org\\\/qt\\\/\",\"name\":\"\u041c\u0435\u0434\u0436\u043b\u0456\u0441\",\"description\":\"\",\"publisher\":{\"@id\":\"https:\\\/\\\/qtmm.org\\\/qt\\\/#organization\"},\"potentialAction\":[{\"@type\":\"SearchAction\",\"target\":{\"@type\":\"EntryPoint\",\"urlTemplate\":\"https:\\\/\\\/qtmm.org\\\/qt\\\/?s={search_term_string}\"},\"query-input\":{\"@type\":\"PropertyValueSpecification\",\"valueRequired\":true,\"valueName\":\"search_term_string\"}}],\"inLanguage\":\"qt\"},{\"@type\":\"Organization\",\"@id\":\"https:\\\/\\\/qtmm.org\\\/qt\\\/#organization\",\"name\":\"\u041c\u0435\u0434\u0436\u043b\u0456\u0441\",\"url\":\"https:\\\/\\\/qtmm.org\\\/qt\\\/\",\"logo\":{\"@type\":\"ImageObject\",\"inLanguage\":\"qt\",\"@id\":\"https:\\\/\\\/qtmm.org\\\/qt\\\/#\\\/schema\\\/logo\\\/image\\\/\",\"url\":\"https:\\\/\\\/qtmm.org\\\/wp-content\\\/uploads\\\/2024\\\/12\\\/ua-mejlis-logo-rgb.svg\",\"contentUrl\":\"https:\\\/\\\/qtmm.org\\\/wp-content\\\/uploads\\\/2024\\\/12\\\/ua-mejlis-logo-rgb.svg\",\"caption\":\"\u041c\u0435\u0434\u0436\u043b\u0456\u0441\"},\"image\":{\"@id\":\"https:\\\/\\\/qtmm.org\\\/qt\\\/#\\\/schema\\\/logo\\\/image\\\/\"},\"sameAs\":[\"https:\\\/\\\/www.facebook.com\\\/qtmm.info\\\/\"]},{\"@type\":\"Person\",\"@id\":\"https:\\\/\\\/qtmm.org\\\/qt\\\/#\\\/schema\\\/person\\\/de562469f971dec226ac06e60bbf74a7\",\"name\":\"Developer\",\"image\":{\"@type\":\"ImageObject\",\"inLanguage\":\"qt\",\"@id\":\"https:\\\/\\\/secure.gravatar.com\\\/avatar\\\/392b4cc8fbfeb00b39dfeeab4ee6edded39ffd48e25858637e4765810300227e?s=96&d=mm&r=g\",\"url\":\"https:\\\/\\\/secure.gravatar.com\\\/avatar\\\/392b4cc8fbfeb00b39dfeeab4ee6edded39ffd48e25858637e4765810300227e?s=96&d=mm&r=g\",\"contentUrl\":\"https:\\\/\\\/secure.gravatar.com\\\/avatar\\\/392b4cc8fbfeb00b39dfeeab4ee6edded39ffd48e25858637e4765810300227e?s=96&d=mm&r=g\",\"caption\":\"Developer\"},\"url\":\"https:\\\/\\\/qtmm.org\\\/qt\\\/author\\\/Developer\\\/\"}]}<\/script>\n<!-- \/ Yoast SEO plugin. -->","yoast_head_json":{"title":"Meclis reisini\u00f1 muavinleri Zaur Smirnov ve Ahtem \u00c7iygoz Qarasuvbazarda cami qurulayatqan yerni ziyaret ettiler - \u041c\u0435\u0434\u0436\u043b\u0456\u0441","robots":{"index":"index","follow":"follow","max-snippet":"max-snippet:-1","max-image-preview":"max-image-preview:large","max-video-preview":"max-video-preview:-1"},"canonical":"https:\/\/qtmm.org\/qt\/meclis-reisinin-muavinleri-zaur-smirnov-ve-ahtem-ciygoz-qarasuvbazarda-cami-qurulayatqan-yerni-ziyaret-ettiler\/","og_locale":"en_US","og_type":"article","og_title":"Meclis reisini\u00f1 muavinleri Zaur Smirnov ve Ahtem \u00c7iygoz Qarasuvbazarda cami qurulayatqan yerni ziyaret ettiler - \u041c\u0435\u0434\u0436\u043b\u0456\u0441","og_description":"2013 senesi dekabr 15 k\u00fcn\u00fc Meclis yolba\u015f\u00e7\u0131lar\u0131n\u0131\u00f1 regionlarara topla\u015fuvlar\u0131 bitken so\u00f1 Meclis reisini\u00f1 muavinleri Zaur Smirnov ve Ahtem \u00c7iygoz Bekir \u00c7oban-zade fond\u0131n\u0131\u00f1 tesis\u00e7isi Resul Velil\u00e2yevnen beraber Qarasuvbazarda cami qurulayatqan yerni ziyaret ettiler. Belli ki a\u011fa-qarda\u015f Resul ve Remzi Velil\u00e2yevler Qarasuvbazarda \u015feer camisini qurmaq te\u015febb\u00fcsinen \u00e7\u0131q\u0131p, okt\u00e2br 16 k\u00fcn\u00fc Q\u0131r\u0131m musulmanlar\u0131n\u0131\u00f1 m\u00fcftiyi ac\u0131 Emirali Ablayev, Meclis [&hellip;]","og_url":"https:\/\/qtmm.org\/qt\/meclis-reisinin-muavinleri-zaur-smirnov-ve-ahtem-ciygoz-qarasuvbazarda-cami-qurulayatqan-yerni-ziyaret-ettiler\/","og_site_name":"\u041c\u0435\u0434\u0436\u043b\u0456\u0441","article_publisher":"https:\/\/www.facebook.com\/qtmm.info\/","article_published_time":"2013-12-15T09:25:00+00:00","article_modified_time":"2022-01-27T09:27:11+00:00","og_image":[{"width":650,"height":392,"url":"https:\/\/qtmm.org\/wp-content\/uploads\/2022\/01\/photo_1_4.jpeg","type":"image\/jpeg"}],"author":"Developer","twitter_card":"summary_large_image","twitter_misc":{"Written by":"Developer","Est. reading time":"1 minute"},"schema":{"@context":"https:\/\/schema.org","@graph":[{"@type":"Article","@id":"https:\/\/qtmm.org\/qt\/meclis-reisinin-muavinleri-zaur-smirnov-ve-ahtem-ciygoz-qarasuvbazarda-cami-qurulayatqan-yerni-ziyaret-ettiler\/#article","isPartOf":{"@id":"https:\/\/qtmm.org\/qt\/meclis-reisinin-muavinleri-zaur-smirnov-ve-ahtem-ciygoz-qarasuvbazarda-cami-qurulayatqan-yerni-ziyaret-ettiler\/"},"author":{"name":"Developer","@id":"https:\/\/qtmm.org\/qt\/#\/schema\/person\/de562469f971dec226ac06e60bbf74a7"},"headline":"Meclis reisini\u00f1 muavinleri Zaur Smirnov ve Ahtem \u00c7iygoz Qarasuvbazarda cami qurulayatqan yerni ziyaret ettiler","datePublished":"2013-12-15T09:25:00+00:00","dateModified":"2022-01-27T09:27:11+00:00","mainEntityOfPage":{"@id":"https:\/\/qtmm.org\/qt\/meclis-reisinin-muavinleri-zaur-smirnov-ve-ahtem-ciygoz-qarasuvbazarda-cami-qurulayatqan-yerni-ziyaret-ettiler\/"},"wordCount":189,"commentCount":0,"publisher":{"@id":"https:\/\/qtmm.org\/qt\/#organization"},"image":{"@id":"https:\/\/qtmm.org\/qt\/meclis-reisinin-muavinleri-zaur-smirnov-ve-ahtem-ciygoz-qarasuvbazarda-cami-qurulayatqan-yerni-ziyaret-ettiler\/#primaryimage"},"thumbnailUrl":"https:\/\/qtmm.org\/wp-content\/uploads\/2022\/01\/photo_1_4.jpeg","articleSection":["Haberler"],"inLanguage":"qt","potentialAction":[{"@type":"CommentAction","name":"Comment","target":["https:\/\/qtmm.org\/qt\/meclis-reisinin-muavinleri-zaur-smirnov-ve-ahtem-ciygoz-qarasuvbazarda-cami-qurulayatqan-yerni-ziyaret-ettiler\/#respond"]}]},{"@type":"WebPage","@id":"https:\/\/qtmm.org\/qt\/meclis-reisinin-muavinleri-zaur-smirnov-ve-ahtem-ciygoz-qarasuvbazarda-cami-qurulayatqan-yerni-ziyaret-ettiler\/","url":"https:\/\/qtmm.org\/qt\/meclis-reisinin-muavinleri-zaur-smirnov-ve-ahtem-ciygoz-qarasuvbazarda-cami-qurulayatqan-yerni-ziyaret-ettiler\/","name":"Meclis reisini\u00f1 muavinleri Zaur Smirnov ve Ahtem \u00c7iygoz Qarasuvbazarda cami qurulayatqan yerni ziyaret ettiler - \u041c\u0435\u0434\u0436\u043b\u0456\u0441","isPartOf":{"@id":"https:\/\/qtmm.org\/qt\/#website"},"primaryImageOfPage":{"@id":"https:\/\/qtmm.org\/qt\/meclis-reisinin-muavinleri-zaur-smirnov-ve-ahtem-ciygoz-qarasuvbazarda-cami-qurulayatqan-yerni-ziyaret-ettiler\/#primaryimage"},"image":{"@id":"https:\/\/qtmm.org\/qt\/meclis-reisinin-muavinleri-zaur-smirnov-ve-ahtem-ciygoz-qarasuvbazarda-cami-qurulayatqan-yerni-ziyaret-ettiler\/#primaryimage"},"thumbnailUrl":"https:\/\/qtmm.org\/wp-content\/uploads\/2022\/01\/photo_1_4.jpeg","datePublished":"2013-12-15T09:25:00+00:00","dateModified":"2022-01-27T09:27:11+00:00","breadcrumb":{"@id":"https:\/\/qtmm.org\/qt\/meclis-reisinin-muavinleri-zaur-smirnov-ve-ahtem-ciygoz-qarasuvbazarda-cami-qurulayatqan-yerni-ziyaret-ettiler\/#breadcrumb"},"inLanguage":"qt","potentialAction":[{"@type":"ReadAction","target":["https:\/\/qtmm.org\/qt\/meclis-reisinin-muavinleri-zaur-smirnov-ve-ahtem-ciygoz-qarasuvbazarda-cami-qurulayatqan-yerni-ziyaret-ettiler\/"]}]},{"@type":"ImageObject","inLanguage":"qt","@id":"https:\/\/qtmm.org\/qt\/meclis-reisinin-muavinleri-zaur-smirnov-ve-ahtem-ciygoz-qarasuvbazarda-cami-qurulayatqan-yerni-ziyaret-ettiler\/#primaryimage","url":"https:\/\/qtmm.org\/wp-content\/uploads\/2022\/01\/photo_1_4.jpeg","contentUrl":"https:\/\/qtmm.org\/wp-content\/uploads\/2022\/01\/photo_1_4.jpeg","width":650,"height":392},{"@type":"BreadcrumbList","@id":"https:\/\/qtmm.org\/qt\/meclis-reisinin-muavinleri-zaur-smirnov-ve-ahtem-ciygoz-qarasuvbazarda-cami-qurulayatqan-yerni-ziyaret-ettiler\/#breadcrumb","itemListElement":[{"@type":"ListItem","position":1,"name":"\u0413\u043e\u043b\u043e\u0432\u043d\u0430","item":"https:\/\/qtmm.org\/qt\/"},{"@type":"ListItem","position":2,"name":"Meclis reisini\u00f1 muavinleri Zaur Smirnov ve Ahtem \u00c7iygoz Qarasuvbazarda cami qurulayatqan yerni ziyaret ettiler"}]},{"@type":"WebSite","@id":"https:\/\/qtmm.org\/qt\/#website","url":"https:\/\/qtmm.org\/qt\/","name":"\u041c\u0435\u0434\u0436\u043b\u0456\u0441","description":"","publisher":{"@id":"https:\/\/qtmm.org\/qt\/#organization"},"potentialAction":[{"@type":"SearchAction","target":{"@type":"EntryPoint","urlTemplate":"https:\/\/qtmm.org\/qt\/?s={search_term_string}"},"query-input":{"@type":"PropertyValueSpecification","valueRequired":true,"valueName":"search_term_string"}}],"inLanguage":"qt"},{"@type":"Organization","@id":"https:\/\/qtmm.org\/qt\/#organization","name":"\u041c\u0435\u0434\u0436\u043b\u0456\u0441","url":"https:\/\/qtmm.org\/qt\/","logo":{"@type":"ImageObject","inLanguage":"qt","@id":"https:\/\/qtmm.org\/qt\/#\/schema\/logo\/image\/","url":"https:\/\/qtmm.org\/wp-content\/uploads\/2024\/12\/ua-mejlis-logo-rgb.svg","contentUrl":"https:\/\/qtmm.org\/wp-content\/uploads\/2024\/12\/ua-mejlis-logo-rgb.svg","caption":"\u041c\u0435\u0434\u0436\u043b\u0456\u0441"},"image":{"@id":"https:\/\/qtmm.org\/qt\/#\/schema\/logo\/image\/"},"sameAs":["https:\/\/www.facebook.com\/qtmm.info\/"]},{"@type":"Person","@id":"https:\/\/qtmm.org\/qt\/#\/schema\/person\/de562469f971dec226ac06e60bbf74a7","name":"Developer","image":{"@type":"ImageObject","inLanguage":"qt","@id":"https:\/\/secure.gravatar.com\/avatar\/392b4cc8fbfeb00b39dfeeab4ee6edded39ffd48e25858637e4765810300227e?s=96&d=mm&r=g","url":"https:\/\/secure.gravatar.com\/avatar\/392b4cc8fbfeb00b39dfeeab4ee6edded39ffd48e25858637e4765810300227e?s=96&d=mm&r=g","contentUrl":"https:\/\/secure.gravatar.com\/avatar\/392b4cc8fbfeb00b39dfeeab4ee6edded39ffd48e25858637e4765810300227e?s=96&d=mm&r=g","caption":"Developer"},"url":"https:\/\/qtmm.org\/qt\/author\/Developer\/"}]}},"_links":{"self":[{"href":"https:\/\/qtmm.org\/qt\/wp-json\/wp\/v2\/posts\/41713","targetHints":{"allow":["GET"]}}],"collection":[{"href":"https:\/\/qtmm.org\/qt\/wp-json\/wp\/v2\/posts"}],"about":[{"href":"https:\/\/qtmm.org\/qt\/wp-json\/wp\/v2\/types\/post"}],"author":[{"embeddable":true,"href":"https:\/\/qtmm.org\/qt\/wp-json\/wp\/v2\/users\/1"}],"replies":[{"embeddable":true,"href":"https:\/\/qtmm.org\/qt\/wp-json\/wp\/v2\/comments?post=41713"}],"version-history":[{"count":1,"href":"https:\/\/qtmm.org\/qt\/wp-json\/wp\/v2\/posts\/41713\/revisions"}],"predecessor-version":[{"id":41730,"href":"https:\/\/qtmm.org\/qt\/wp-json\/wp\/v2\/posts\/41713\/revisions\/41730"}],"wp:featuredmedia":[{"embeddable":true,"href":"https:\/\/qtmm.org\/qt\/wp-json\/wp\/v2\/media\/41714"}],"wp:attachment":[{"href":"https:\/\/qtmm.org\/qt\/wp-json\/wp\/v2\/media?parent=41713"}],"wp:term":[{"taxonomy":"category","embeddable":true,"href":"https:\/\/qtmm.org\/qt\/wp-json\/wp\/v2\/categories?post=41713"},{"taxonomy":"post_tag","embeddable":true,"href":"https:\/\/qtmm.org\/qt\/wp-json\/wp\/v2\/tags?post=41713"}],"curies":[{"name":"wp","href":"https:\/\/api.w.org\/{rel}","templated":true}]}}