




{"id":41707,"date":"2013-12-15T12:24:00","date_gmt":"2013-12-15T09:24:00","guid":{"rendered":"http:\/\/qtmm.org\/?p=41707"},"modified":"2022-01-27T12:25:25","modified_gmt":"2022-01-27T09:25:25","slug":"genclik-qirimtatar-davulcilar-taqimi-dekabr-16-kunu-kiyevde-yevromaydanda-kontsert-berecek","status":"publish","type":"post","link":"https:\/\/qtmm.org\/qt\/genclik-qirimtatar-davulcilar-taqimi-dekabr-16-kunu-kiyevde-yevromaydanda-kontsert-berecek\/","title":{"rendered":"\u00abGen\u00e7lik\u00bb q\u0131r\u0131mtatar davulc\u0131lar taq\u0131m\u0131 dekabr 16 k\u00fcn\u00fc Kiyevde Yevromaydanda kontsert berecek"},"content":{"rendered":"\n<p>\u00c7oqtan-\u00e7oq festivaller ve halq icad\u0131 yar\u0131\u015flar\u0131n\u0131\u00f1 \u011falibi ol\u011fan&#8221;Gen\u00e7lik&#8221; q\u0131r\u0131mtatar davulc\u0131lar taq\u0131m\u0131 Ba\u011f\u00e7asaray, Sudaq ve Aqmescit regionlar\u0131ndan Kiyevde Mustaqillik meydan\u0131ndaki t\u0131n\u00e7 aktsiya\u011fa qoltutma\u011fa ketken q\u0131r\u0131mtatarlarnen beraber dekabr 15 k\u00fcn\u00fc yol\u011fa \u00e7\u0131qt\u0131. Bu aqta Meclis reisini\u00f1 muavini, Ba\u011f\u00e7asaray regional meclisini\u00f1 reisi Ahtem \u00c7iygoz bildirdi.<\/p>\n\n\n\n<p>On\u0131\u00f1 aytqan\u0131na k\u00f6re Maydanda endi q\u0131r\u0131mtatarlarn\u0131\u00f1 \u00e7ad\u0131r\u0131 qoyuld\u0131, dekabr 15 k\u00fcn\u00fc Kiyevde &#8220;Halq topla\u015fuv\u0131nda&#8221; Meclis reisi Refat \u00c7ubarov \u00e7\u0131q\u0131\u015fta bulund\u0131.<\/p>\n\n\n\n<p>&#8220;Gen\u00e7lik&#8221; ansamblini\u00f1 gen\u00e7 ve istidatl\u0131 \u00e7al\u011f\u0131c\u0131lar\u0131 dekabr 15 k\u00fcn\u00fc Kiyevde Yevromaydan i\u015ftirak\u00e7ilerini \u00f6zlerini\u00f1 \u015fe\u00f1 kontsertinen sevindirirler&#8221;, &#8211; dedi A.\u00c7iygoz.<\/p>\n\n\n\n<figure class=\"wp-block-image size-full\"><img loading=\"lazy\" decoding=\"async\" width=\"650\" height=\"604\" src=\"http:\/\/qtmm.org\/wp-content\/uploads\/2022\/01\/genchlik.jpeg\" alt=\"\" class=\"wp-image-41708\" srcset=\"https:\/\/qtmm.org\/wp-content\/uploads\/2022\/01\/genchlik.jpeg 650w, https:\/\/qtmm.org\/wp-content\/uploads\/2022\/01\/genchlik-300x279.jpeg 300w\" sizes=\"auto, (max-width: 650px) 100vw, 650px\" \/><\/figure>\n","protected":false},"excerpt":{"rendered":"<p>\u00c7oqtan-\u00e7oq festivaller ve halq icad\u0131 yar\u0131\u015flar\u0131n\u0131\u00f1 \u011falibi ol\u011fan&#8221;Gen\u00e7lik&#8221; q\u0131r\u0131mtatar davulc\u0131lar taq\u0131m\u0131 Ba\u011f\u00e7asaray, Sudaq ve Aqmescit regionlar\u0131ndan Kiyevde Mustaqillik meydan\u0131ndaki t\u0131n\u00e7 aktsiya\u011fa qoltutma\u011fa ketken q\u0131r\u0131mtatarlarnen beraber dekabr 15 k\u00fcn\u00fc yol\u011fa \u00e7\u0131qt\u0131. Bu aqta Meclis reisini\u00f1 muavini, Ba\u011f\u00e7asaray regional meclisini\u00f1 reisi Ahtem \u00c7iygoz bildirdi. On\u0131\u00f1 aytqan\u0131na k\u00f6re Maydanda endi q\u0131r\u0131mtatarlarn\u0131\u00f1 \u00e7ad\u0131r\u0131 qoyuld\u0131, dekabr 15 k\u00fcn\u00fc Kiyevde &#8220;Halq [&hellip;]<\/p>\n","protected":false},"author":1,"featured_media":0,"comment_status":"open","ping_status":"open","sticky":false,"template":"","format":"standard","meta":{"inline_featured_image":false,"footnotes":""},"categories":[265],"tags":[],"class_list":["post-41707","post","type-post","status-publish","format-standard","hentry","category-haberler"],"acf":[],"yoast_head":"<!-- This site is optimized with the Yoast SEO plugin v27.4 - https:\/\/yoast.com\/product\/yoast-seo-wordpress\/ -->\n<title>\u00abGen\u00e7lik\u00bb q\u0131r\u0131mtatar davulc\u0131lar taq\u0131m\u0131 dekabr 16 k\u00fcn\u00fc Kiyevde Yevromaydanda kontsert berecek - \u041c\u0435\u0434\u0436\u043b\u0456\u0441<\/title>\n<meta name=\"robots\" content=\"index, follow, max-snippet:-1, max-image-preview:large, max-video-preview:-1\" \/>\n<link rel=\"canonical\" href=\"https:\/\/qtmm.org\/qt\/genclik-qirimtatar-davulcilar-taqimi-dekabr-16-kunu-kiyevde-yevromaydanda-kontsert-berecek\/\" \/>\n<meta property=\"og:locale\" content=\"en_US\" \/>\n<meta property=\"og:type\" content=\"article\" \/>\n<meta property=\"og:title\" content=\"\u00abGen\u00e7lik\u00bb q\u0131r\u0131mtatar davulc\u0131lar taq\u0131m\u0131 dekabr 16 k\u00fcn\u00fc Kiyevde Yevromaydanda kontsert berecek - \u041c\u0435\u0434\u0436\u043b\u0456\u0441\" \/>\n<meta property=\"og:description\" content=\"\u00c7oqtan-\u00e7oq festivaller ve halq icad\u0131 yar\u0131\u015flar\u0131n\u0131\u00f1 \u011falibi ol\u011fan&#8221;Gen\u00e7lik&#8221; q\u0131r\u0131mtatar davulc\u0131lar taq\u0131m\u0131 Ba\u011f\u00e7asaray, Sudaq ve Aqmescit regionlar\u0131ndan Kiyevde Mustaqillik meydan\u0131ndaki t\u0131n\u00e7 aktsiya\u011fa qoltutma\u011fa ketken q\u0131r\u0131mtatarlarnen beraber dekabr 15 k\u00fcn\u00fc yol\u011fa \u00e7\u0131qt\u0131. Bu aqta Meclis reisini\u00f1 muavini, Ba\u011f\u00e7asaray regional meclisini\u00f1 reisi Ahtem \u00c7iygoz bildirdi. On\u0131\u00f1 aytqan\u0131na k\u00f6re Maydanda endi q\u0131r\u0131mtatarlarn\u0131\u00f1 \u00e7ad\u0131r\u0131 qoyuld\u0131, dekabr 15 k\u00fcn\u00fc Kiyevde &#8220;Halq [&hellip;]\" \/>\n<meta property=\"og:url\" content=\"https:\/\/qtmm.org\/qt\/genclik-qirimtatar-davulcilar-taqimi-dekabr-16-kunu-kiyevde-yevromaydanda-kontsert-berecek\/\" \/>\n<meta property=\"og:site_name\" content=\"\u041c\u0435\u0434\u0436\u043b\u0456\u0441\" \/>\n<meta property=\"article:publisher\" content=\"https:\/\/www.facebook.com\/qtmm.info\/\" \/>\n<meta property=\"article:published_time\" content=\"2013-12-15T09:24:00+00:00\" \/>\n<meta property=\"article:modified_time\" content=\"2022-01-27T09:25:25+00:00\" \/>\n<meta property=\"og:image\" content=\"https:\/\/qtmm.org\/wp-content\/uploads\/2022\/01\/genchlik.jpeg\" \/>\n\t<meta property=\"og:image:width\" content=\"650\" \/>\n\t<meta property=\"og:image:height\" content=\"604\" \/>\n\t<meta property=\"og:image:type\" content=\"image\/jpeg\" \/>\n<meta name=\"author\" content=\"Developer\" \/>\n<meta name=\"twitter:card\" content=\"summary_large_image\" \/>\n<meta name=\"twitter:label1\" content=\"Written by\" \/>\n\t<meta name=\"twitter:data1\" content=\"Developer\" \/>\n\t<meta name=\"twitter:label2\" content=\"Est. reading time\" \/>\n\t<meta name=\"twitter:data2\" content=\"1 minute\" \/>\n<script type=\"application\/ld+json\" class=\"yoast-schema-graph\">{\"@context\":\"https:\\\/\\\/schema.org\",\"@graph\":[{\"@type\":\"Article\",\"@id\":\"https:\\\/\\\/qtmm.org\\\/qt\\\/genclik-qirimtatar-davulcilar-taqimi-dekabr-16-kunu-kiyevde-yevromaydanda-kontsert-berecek\\\/#article\",\"isPartOf\":{\"@id\":\"https:\\\/\\\/qtmm.org\\\/qt\\\/genclik-qirimtatar-davulcilar-taqimi-dekabr-16-kunu-kiyevde-yevromaydanda-kontsert-berecek\\\/\"},\"author\":{\"name\":\"Developer\",\"@id\":\"https:\\\/\\\/qtmm.org\\\/qt\\\/#\\\/schema\\\/person\\\/de562469f971dec226ac06e60bbf74a7\"},\"headline\":\"\u00abGen\u00e7lik\u00bb q\u0131r\u0131mtatar davulc\u0131lar taq\u0131m\u0131 dekabr 16 k\u00fcn\u00fc Kiyevde Yevromaydanda kontsert berecek\",\"datePublished\":\"2013-12-15T09:24:00+00:00\",\"dateModified\":\"2022-01-27T09:25:25+00:00\",\"mainEntityOfPage\":{\"@id\":\"https:\\\/\\\/qtmm.org\\\/qt\\\/genclik-qirimtatar-davulcilar-taqimi-dekabr-16-kunu-kiyevde-yevromaydanda-kontsert-berecek\\\/\"},\"wordCount\":131,\"commentCount\":0,\"publisher\":{\"@id\":\"https:\\\/\\\/qtmm.org\\\/qt\\\/#organization\"},\"image\":{\"@id\":\"https:\\\/\\\/qtmm.org\\\/qt\\\/genclik-qirimtatar-davulcilar-taqimi-dekabr-16-kunu-kiyevde-yevromaydanda-kontsert-berecek\\\/#primaryimage\"},\"thumbnailUrl\":\"http:\\\/\\\/qtmm.org\\\/wp-content\\\/uploads\\\/2022\\\/01\\\/genchlik.jpeg\",\"articleSection\":[\"Haberler\"],\"inLanguage\":\"qt\",\"potentialAction\":[{\"@type\":\"CommentAction\",\"name\":\"Comment\",\"target\":[\"https:\\\/\\\/qtmm.org\\\/qt\\\/genclik-qirimtatar-davulcilar-taqimi-dekabr-16-kunu-kiyevde-yevromaydanda-kontsert-berecek\\\/#respond\"]}]},{\"@type\":\"WebPage\",\"@id\":\"https:\\\/\\\/qtmm.org\\\/qt\\\/genclik-qirimtatar-davulcilar-taqimi-dekabr-16-kunu-kiyevde-yevromaydanda-kontsert-berecek\\\/\",\"url\":\"https:\\\/\\\/qtmm.org\\\/qt\\\/genclik-qirimtatar-davulcilar-taqimi-dekabr-16-kunu-kiyevde-yevromaydanda-kontsert-berecek\\\/\",\"name\":\"\u00abGen\u00e7lik\u00bb q\u0131r\u0131mtatar davulc\u0131lar taq\u0131m\u0131 dekabr 16 k\u00fcn\u00fc Kiyevde Yevromaydanda kontsert berecek - \u041c\u0435\u0434\u0436\u043b\u0456\u0441\",\"isPartOf\":{\"@id\":\"https:\\\/\\\/qtmm.org\\\/qt\\\/#website\"},\"primaryImageOfPage\":{\"@id\":\"https:\\\/\\\/qtmm.org\\\/qt\\\/genclik-qirimtatar-davulcilar-taqimi-dekabr-16-kunu-kiyevde-yevromaydanda-kontsert-berecek\\\/#primaryimage\"},\"image\":{\"@id\":\"https:\\\/\\\/qtmm.org\\\/qt\\\/genclik-qirimtatar-davulcilar-taqimi-dekabr-16-kunu-kiyevde-yevromaydanda-kontsert-berecek\\\/#primaryimage\"},\"thumbnailUrl\":\"http:\\\/\\\/qtmm.org\\\/wp-content\\\/uploads\\\/2022\\\/01\\\/genchlik.jpeg\",\"datePublished\":\"2013-12-15T09:24:00+00:00\",\"dateModified\":\"2022-01-27T09:25:25+00:00\",\"breadcrumb\":{\"@id\":\"https:\\\/\\\/qtmm.org\\\/qt\\\/genclik-qirimtatar-davulcilar-taqimi-dekabr-16-kunu-kiyevde-yevromaydanda-kontsert-berecek\\\/#breadcrumb\"},\"inLanguage\":\"qt\",\"potentialAction\":[{\"@type\":\"ReadAction\",\"target\":[\"https:\\\/\\\/qtmm.org\\\/qt\\\/genclik-qirimtatar-davulcilar-taqimi-dekabr-16-kunu-kiyevde-yevromaydanda-kontsert-berecek\\\/\"]}]},{\"@type\":\"ImageObject\",\"inLanguage\":\"qt\",\"@id\":\"https:\\\/\\\/qtmm.org\\\/qt\\\/genclik-qirimtatar-davulcilar-taqimi-dekabr-16-kunu-kiyevde-yevromaydanda-kontsert-berecek\\\/#primaryimage\",\"url\":\"http:\\\/\\\/qtmm.org\\\/wp-content\\\/uploads\\\/2022\\\/01\\\/genchlik.jpeg\",\"contentUrl\":\"http:\\\/\\\/qtmm.org\\\/wp-content\\\/uploads\\\/2022\\\/01\\\/genchlik.jpeg\"},{\"@type\":\"BreadcrumbList\",\"@id\":\"https:\\\/\\\/qtmm.org\\\/qt\\\/genclik-qirimtatar-davulcilar-taqimi-dekabr-16-kunu-kiyevde-yevromaydanda-kontsert-berecek\\\/#breadcrumb\",\"itemListElement\":[{\"@type\":\"ListItem\",\"position\":1,\"name\":\"\u0413\u043e\u043b\u043e\u0432\u043d\u0430\",\"item\":\"https:\\\/\\\/qtmm.org\\\/qt\\\/\"},{\"@type\":\"ListItem\",\"position\":2,\"name\":\"\u00abGen\u00e7lik\u00bb q\u0131r\u0131mtatar davulc\u0131lar taq\u0131m\u0131 dekabr 16 k\u00fcn\u00fc Kiyevde Yevromaydanda kontsert berecek\"}]},{\"@type\":\"WebSite\",\"@id\":\"https:\\\/\\\/qtmm.org\\\/qt\\\/#website\",\"url\":\"https:\\\/\\\/qtmm.org\\\/qt\\\/\",\"name\":\"\u041c\u0435\u0434\u0436\u043b\u0456\u0441\",\"description\":\"\",\"publisher\":{\"@id\":\"https:\\\/\\\/qtmm.org\\\/qt\\\/#organization\"},\"potentialAction\":[{\"@type\":\"SearchAction\",\"target\":{\"@type\":\"EntryPoint\",\"urlTemplate\":\"https:\\\/\\\/qtmm.org\\\/qt\\\/?s={search_term_string}\"},\"query-input\":{\"@type\":\"PropertyValueSpecification\",\"valueRequired\":true,\"valueName\":\"search_term_string\"}}],\"inLanguage\":\"qt\"},{\"@type\":\"Organization\",\"@id\":\"https:\\\/\\\/qtmm.org\\\/qt\\\/#organization\",\"name\":\"\u041c\u0435\u0434\u0436\u043b\u0456\u0441\",\"url\":\"https:\\\/\\\/qtmm.org\\\/qt\\\/\",\"logo\":{\"@type\":\"ImageObject\",\"inLanguage\":\"qt\",\"@id\":\"https:\\\/\\\/qtmm.org\\\/qt\\\/#\\\/schema\\\/logo\\\/image\\\/\",\"url\":\"https:\\\/\\\/qtmm.org\\\/wp-content\\\/uploads\\\/2024\\\/12\\\/ua-mejlis-logo-rgb.svg\",\"contentUrl\":\"https:\\\/\\\/qtmm.org\\\/wp-content\\\/uploads\\\/2024\\\/12\\\/ua-mejlis-logo-rgb.svg\",\"caption\":\"\u041c\u0435\u0434\u0436\u043b\u0456\u0441\"},\"image\":{\"@id\":\"https:\\\/\\\/qtmm.org\\\/qt\\\/#\\\/schema\\\/logo\\\/image\\\/\"},\"sameAs\":[\"https:\\\/\\\/www.facebook.com\\\/qtmm.info\\\/\"]},{\"@type\":\"Person\",\"@id\":\"https:\\\/\\\/qtmm.org\\\/qt\\\/#\\\/schema\\\/person\\\/de562469f971dec226ac06e60bbf74a7\",\"name\":\"Developer\",\"image\":{\"@type\":\"ImageObject\",\"inLanguage\":\"qt\",\"@id\":\"https:\\\/\\\/secure.gravatar.com\\\/avatar\\\/392b4cc8fbfeb00b39dfeeab4ee6edded39ffd48e25858637e4765810300227e?s=96&d=mm&r=g\",\"url\":\"https:\\\/\\\/secure.gravatar.com\\\/avatar\\\/392b4cc8fbfeb00b39dfeeab4ee6edded39ffd48e25858637e4765810300227e?s=96&d=mm&r=g\",\"contentUrl\":\"https:\\\/\\\/secure.gravatar.com\\\/avatar\\\/392b4cc8fbfeb00b39dfeeab4ee6edded39ffd48e25858637e4765810300227e?s=96&d=mm&r=g\",\"caption\":\"Developer\"},\"url\":\"https:\\\/\\\/qtmm.org\\\/qt\\\/author\\\/Developer\\\/\"}]}<\/script>\n<!-- \/ Yoast SEO plugin. -->","yoast_head_json":{"title":"\u00abGen\u00e7lik\u00bb q\u0131r\u0131mtatar davulc\u0131lar taq\u0131m\u0131 dekabr 16 k\u00fcn\u00fc Kiyevde Yevromaydanda kontsert berecek - \u041c\u0435\u0434\u0436\u043b\u0456\u0441","robots":{"index":"index","follow":"follow","max-snippet":"max-snippet:-1","max-image-preview":"max-image-preview:large","max-video-preview":"max-video-preview:-1"},"canonical":"https:\/\/qtmm.org\/qt\/genclik-qirimtatar-davulcilar-taqimi-dekabr-16-kunu-kiyevde-yevromaydanda-kontsert-berecek\/","og_locale":"en_US","og_type":"article","og_title":"\u00abGen\u00e7lik\u00bb q\u0131r\u0131mtatar davulc\u0131lar taq\u0131m\u0131 dekabr 16 k\u00fcn\u00fc Kiyevde Yevromaydanda kontsert berecek - \u041c\u0435\u0434\u0436\u043b\u0456\u0441","og_description":"\u00c7oqtan-\u00e7oq festivaller ve halq icad\u0131 yar\u0131\u015flar\u0131n\u0131\u00f1 \u011falibi ol\u011fan&#8221;Gen\u00e7lik&#8221; q\u0131r\u0131mtatar davulc\u0131lar taq\u0131m\u0131 Ba\u011f\u00e7asaray, Sudaq ve Aqmescit regionlar\u0131ndan Kiyevde Mustaqillik meydan\u0131ndaki t\u0131n\u00e7 aktsiya\u011fa qoltutma\u011fa ketken q\u0131r\u0131mtatarlarnen beraber dekabr 15 k\u00fcn\u00fc yol\u011fa \u00e7\u0131qt\u0131. Bu aqta Meclis reisini\u00f1 muavini, Ba\u011f\u00e7asaray regional meclisini\u00f1 reisi Ahtem \u00c7iygoz bildirdi. On\u0131\u00f1 aytqan\u0131na k\u00f6re Maydanda endi q\u0131r\u0131mtatarlarn\u0131\u00f1 \u00e7ad\u0131r\u0131 qoyuld\u0131, dekabr 15 k\u00fcn\u00fc Kiyevde &#8220;Halq [&hellip;]","og_url":"https:\/\/qtmm.org\/qt\/genclik-qirimtatar-davulcilar-taqimi-dekabr-16-kunu-kiyevde-yevromaydanda-kontsert-berecek\/","og_site_name":"\u041c\u0435\u0434\u0436\u043b\u0456\u0441","article_publisher":"https:\/\/www.facebook.com\/qtmm.info\/","article_published_time":"2013-12-15T09:24:00+00:00","article_modified_time":"2022-01-27T09:25:25+00:00","og_image":[{"width":650,"height":604,"url":"https:\/\/qtmm.org\/wp-content\/uploads\/2022\/01\/genchlik.jpeg","type":"image\/jpeg"}],"author":"Developer","twitter_card":"summary_large_image","twitter_misc":{"Written by":"Developer","Est. reading time":"1 minute"},"schema":{"@context":"https:\/\/schema.org","@graph":[{"@type":"Article","@id":"https:\/\/qtmm.org\/qt\/genclik-qirimtatar-davulcilar-taqimi-dekabr-16-kunu-kiyevde-yevromaydanda-kontsert-berecek\/#article","isPartOf":{"@id":"https:\/\/qtmm.org\/qt\/genclik-qirimtatar-davulcilar-taqimi-dekabr-16-kunu-kiyevde-yevromaydanda-kontsert-berecek\/"},"author":{"name":"Developer","@id":"https:\/\/qtmm.org\/qt\/#\/schema\/person\/de562469f971dec226ac06e60bbf74a7"},"headline":"\u00abGen\u00e7lik\u00bb q\u0131r\u0131mtatar davulc\u0131lar taq\u0131m\u0131 dekabr 16 k\u00fcn\u00fc Kiyevde Yevromaydanda kontsert berecek","datePublished":"2013-12-15T09:24:00+00:00","dateModified":"2022-01-27T09:25:25+00:00","mainEntityOfPage":{"@id":"https:\/\/qtmm.org\/qt\/genclik-qirimtatar-davulcilar-taqimi-dekabr-16-kunu-kiyevde-yevromaydanda-kontsert-berecek\/"},"wordCount":131,"commentCount":0,"publisher":{"@id":"https:\/\/qtmm.org\/qt\/#organization"},"image":{"@id":"https:\/\/qtmm.org\/qt\/genclik-qirimtatar-davulcilar-taqimi-dekabr-16-kunu-kiyevde-yevromaydanda-kontsert-berecek\/#primaryimage"},"thumbnailUrl":"http:\/\/qtmm.org\/wp-content\/uploads\/2022\/01\/genchlik.jpeg","articleSection":["Haberler"],"inLanguage":"qt","potentialAction":[{"@type":"CommentAction","name":"Comment","target":["https:\/\/qtmm.org\/qt\/genclik-qirimtatar-davulcilar-taqimi-dekabr-16-kunu-kiyevde-yevromaydanda-kontsert-berecek\/#respond"]}]},{"@type":"WebPage","@id":"https:\/\/qtmm.org\/qt\/genclik-qirimtatar-davulcilar-taqimi-dekabr-16-kunu-kiyevde-yevromaydanda-kontsert-berecek\/","url":"https:\/\/qtmm.org\/qt\/genclik-qirimtatar-davulcilar-taqimi-dekabr-16-kunu-kiyevde-yevromaydanda-kontsert-berecek\/","name":"\u00abGen\u00e7lik\u00bb q\u0131r\u0131mtatar davulc\u0131lar taq\u0131m\u0131 dekabr 16 k\u00fcn\u00fc Kiyevde Yevromaydanda kontsert berecek - \u041c\u0435\u0434\u0436\u043b\u0456\u0441","isPartOf":{"@id":"https:\/\/qtmm.org\/qt\/#website"},"primaryImageOfPage":{"@id":"https:\/\/qtmm.org\/qt\/genclik-qirimtatar-davulcilar-taqimi-dekabr-16-kunu-kiyevde-yevromaydanda-kontsert-berecek\/#primaryimage"},"image":{"@id":"https:\/\/qtmm.org\/qt\/genclik-qirimtatar-davulcilar-taqimi-dekabr-16-kunu-kiyevde-yevromaydanda-kontsert-berecek\/#primaryimage"},"thumbnailUrl":"http:\/\/qtmm.org\/wp-content\/uploads\/2022\/01\/genchlik.jpeg","datePublished":"2013-12-15T09:24:00+00:00","dateModified":"2022-01-27T09:25:25+00:00","breadcrumb":{"@id":"https:\/\/qtmm.org\/qt\/genclik-qirimtatar-davulcilar-taqimi-dekabr-16-kunu-kiyevde-yevromaydanda-kontsert-berecek\/#breadcrumb"},"inLanguage":"qt","potentialAction":[{"@type":"ReadAction","target":["https:\/\/qtmm.org\/qt\/genclik-qirimtatar-davulcilar-taqimi-dekabr-16-kunu-kiyevde-yevromaydanda-kontsert-berecek\/"]}]},{"@type":"ImageObject","inLanguage":"qt","@id":"https:\/\/qtmm.org\/qt\/genclik-qirimtatar-davulcilar-taqimi-dekabr-16-kunu-kiyevde-yevromaydanda-kontsert-berecek\/#primaryimage","url":"http:\/\/qtmm.org\/wp-content\/uploads\/2022\/01\/genchlik.jpeg","contentUrl":"http:\/\/qtmm.org\/wp-content\/uploads\/2022\/01\/genchlik.jpeg"},{"@type":"BreadcrumbList","@id":"https:\/\/qtmm.org\/qt\/genclik-qirimtatar-davulcilar-taqimi-dekabr-16-kunu-kiyevde-yevromaydanda-kontsert-berecek\/#breadcrumb","itemListElement":[{"@type":"ListItem","position":1,"name":"\u0413\u043e\u043b\u043e\u0432\u043d\u0430","item":"https:\/\/qtmm.org\/qt\/"},{"@type":"ListItem","position":2,"name":"\u00abGen\u00e7lik\u00bb q\u0131r\u0131mtatar davulc\u0131lar taq\u0131m\u0131 dekabr 16 k\u00fcn\u00fc Kiyevde Yevromaydanda kontsert berecek"}]},{"@type":"WebSite","@id":"https:\/\/qtmm.org\/qt\/#website","url":"https:\/\/qtmm.org\/qt\/","name":"\u041c\u0435\u0434\u0436\u043b\u0456\u0441","description":"","publisher":{"@id":"https:\/\/qtmm.org\/qt\/#organization"},"potentialAction":[{"@type":"SearchAction","target":{"@type":"EntryPoint","urlTemplate":"https:\/\/qtmm.org\/qt\/?s={search_term_string}"},"query-input":{"@type":"PropertyValueSpecification","valueRequired":true,"valueName":"search_term_string"}}],"inLanguage":"qt"},{"@type":"Organization","@id":"https:\/\/qtmm.org\/qt\/#organization","name":"\u041c\u0435\u0434\u0436\u043b\u0456\u0441","url":"https:\/\/qtmm.org\/qt\/","logo":{"@type":"ImageObject","inLanguage":"qt","@id":"https:\/\/qtmm.org\/qt\/#\/schema\/logo\/image\/","url":"https:\/\/qtmm.org\/wp-content\/uploads\/2024\/12\/ua-mejlis-logo-rgb.svg","contentUrl":"https:\/\/qtmm.org\/wp-content\/uploads\/2024\/12\/ua-mejlis-logo-rgb.svg","caption":"\u041c\u0435\u0434\u0436\u043b\u0456\u0441"},"image":{"@id":"https:\/\/qtmm.org\/qt\/#\/schema\/logo\/image\/"},"sameAs":["https:\/\/www.facebook.com\/qtmm.info\/"]},{"@type":"Person","@id":"https:\/\/qtmm.org\/qt\/#\/schema\/person\/de562469f971dec226ac06e60bbf74a7","name":"Developer","image":{"@type":"ImageObject","inLanguage":"qt","@id":"https:\/\/secure.gravatar.com\/avatar\/392b4cc8fbfeb00b39dfeeab4ee6edded39ffd48e25858637e4765810300227e?s=96&d=mm&r=g","url":"https:\/\/secure.gravatar.com\/avatar\/392b4cc8fbfeb00b39dfeeab4ee6edded39ffd48e25858637e4765810300227e?s=96&d=mm&r=g","contentUrl":"https:\/\/secure.gravatar.com\/avatar\/392b4cc8fbfeb00b39dfeeab4ee6edded39ffd48e25858637e4765810300227e?s=96&d=mm&r=g","caption":"Developer"},"url":"https:\/\/qtmm.org\/qt\/author\/Developer\/"}]}},"_links":{"self":[{"href":"https:\/\/qtmm.org\/qt\/wp-json\/wp\/v2\/posts\/41707","targetHints":{"allow":["GET"]}}],"collection":[{"href":"https:\/\/qtmm.org\/qt\/wp-json\/wp\/v2\/posts"}],"about":[{"href":"https:\/\/qtmm.org\/qt\/wp-json\/wp\/v2\/types\/post"}],"author":[{"embeddable":true,"href":"https:\/\/qtmm.org\/qt\/wp-json\/wp\/v2\/users\/1"}],"replies":[{"embeddable":true,"href":"https:\/\/qtmm.org\/qt\/wp-json\/wp\/v2\/comments?post=41707"}],"version-history":[{"count":1,"href":"https:\/\/qtmm.org\/qt\/wp-json\/wp\/v2\/posts\/41707\/revisions"}],"predecessor-version":[{"id":41712,"href":"https:\/\/qtmm.org\/qt\/wp-json\/wp\/v2\/posts\/41707\/revisions\/41712"}],"wp:attachment":[{"href":"https:\/\/qtmm.org\/qt\/wp-json\/wp\/v2\/media?parent=41707"}],"wp:term":[{"taxonomy":"category","embeddable":true,"href":"https:\/\/qtmm.org\/qt\/wp-json\/wp\/v2\/categories?post=41707"},{"taxonomy":"post_tag","embeddable":true,"href":"https:\/\/qtmm.org\/qt\/wp-json\/wp\/v2\/tags?post=41707"}],"curies":[{"name":"wp","href":"https:\/\/api.w.org\/{rel}","templated":true}]}}