




{"id":41665,"date":"2013-12-14T11:39:00","date_gmt":"2013-12-14T08:39:00","guid":{"rendered":"http:\/\/qtmm.org\/?p=41665"},"modified":"2022-01-27T11:44:22","modified_gmt":"2022-01-27T08:44:22","slug":"meclis-yolbascilari-icki-islam-terek-regionlari-ve-eski-qirim-seerindeki-qirimtatarlarnin-yerli-milliy-idare-organlarinin-reislerinen-korustiler","status":"publish","type":"post","link":"https:\/\/qtmm.org\/qt\/meclis-yolbascilari-icki-islam-terek-regionlari-ve-eski-qirim-seerindeki-qirimtatarlarnin-yerli-milliy-idare-organlarinin-reislerinen-korustiler\/","title":{"rendered":"Meclis yolba\u015f\u00e7\u0131lar\u0131 \u0130\u00e7ki, \u0130sl\u00e2m-Terek regionlar\u0131 ve Eski Q\u0131r\u0131m \u015feerindeki q\u0131r\u0131mtatarlarn\u0131\u00f1 yerli milliy idare organlar\u0131n\u0131\u00f1 reislerinen k\u00f6r\u00fc\u015ftiler"},"content":{"rendered":"\n<p>Dekabr 14 k\u00fcn\u00fc Meclis yolba\u015f\u00e7\u0131lar\u0131 ve Meclis idare yolba\u015f\u00e7\u0131lar\u0131 \u0130\u00e7ki, \u0130sl\u00e2m-Terek regionlar\u0131 ve Eski Q\u0131r\u0131m \u015feerindeki q\u0131r\u0131mtatarlarn\u0131\u00f1 yerli milliy idare organlar\u0131n\u0131\u00f1 reisleri, Qurultay delegatlar\u0131 maalliy \u015fura deputatlar\u0131 ve musulman cemiyetlerini\u00f1 reislerinen beraber regionlarara topla\u015fuv ke\u00e7irdiler.<\/p>\n\n\n\n<figure class=\"wp-block-image size-full\"><img loading=\"lazy\" decoding=\"async\" width=\"800\" height=\"600\" src=\"http:\/\/qtmm.org\/wp-content\/uploads\/2022\/01\/3_117.jpeg\" alt=\"\" class=\"wp-image-41666\" srcset=\"https:\/\/qtmm.org\/wp-content\/uploads\/2022\/01\/3_117.jpeg 800w, https:\/\/qtmm.org\/wp-content\/uploads\/2022\/01\/3_117-300x225.jpeg 300w, https:\/\/qtmm.org\/wp-content\/uploads\/2022\/01\/3_117-768x576.jpeg 768w\" sizes=\"auto, (max-width: 800px) 100vw, 800px\" \/><\/figure>\n\n\n\n<p>Topla\u015fuvda Meclis reisi Refat \u00c7ubarov, Meclisni\u00f1 idare ve h\u0131zmetlerini\u00f1 yolba\u015f\u00e7\u0131lar\u0131 \u2013 Zaur Smirnov, Ayder Acimambetov, Seydamet Ya\u011fyayev, Bekir Mamutov, Teyfuq \u011eafarov, Meclis reisini\u00f1 muavini Ahtem \u00c7iygoz, Meclis azas\u0131 \u0130lmi \u00dcmerov, Qurultay tefti\u015f komissiyas\u0131n\u0131\u00f1 ba\u015f\u0131 Ali \u00d6zenba\u015f, Meclisni\u00f1 q\u0131r\u0131mtatar tilinde tasil ve q\u0131r\u0131mtatar tilini Q\u0131r\u0131mn\u0131\u00f1 devlet ve cemaat \u00f6m\u00fcrine tadbiq et\u00fcv meseleleri boyunca idaresini\u00f1 azas\u0131 \u0130braim \u00c7egertma, bun\u0131\u00f1 kibi de \u0130\u00e7ki ve \u0130sl\u00e2m-Terek regional meclislerini\u00f1 reisleri Ekrem Abdulvatov ve Abmecit Suleymanov i\u015ftirak ettiler.<\/p>\n\n\n\n<figure class=\"wp-block-image size-full\"><img loading=\"lazy\" decoding=\"async\" width=\"800\" height=\"600\" src=\"http:\/\/qtmm.org\/wp-content\/uploads\/2022\/01\/1_148.jpeg\" alt=\"\" class=\"wp-image-41670\" srcset=\"https:\/\/qtmm.org\/wp-content\/uploads\/2022\/01\/1_148.jpeg 800w, https:\/\/qtmm.org\/wp-content\/uploads\/2022\/01\/1_148-300x225.jpeg 300w, https:\/\/qtmm.org\/wp-content\/uploads\/2022\/01\/1_148-768x576.jpeg 768w\" sizes=\"auto, (max-width: 800px) 100vw, 800px\" \/><\/figure>\n\n\n\n<figure class=\"wp-block-image size-full\"><img loading=\"lazy\" decoding=\"async\" width=\"800\" height=\"600\" src=\"http:\/\/qtmm.org\/wp-content\/uploads\/2022\/01\/2_151.jpeg\" alt=\"\" class=\"wp-image-41674\" srcset=\"https:\/\/qtmm.org\/wp-content\/uploads\/2022\/01\/2_151.jpeg 800w, https:\/\/qtmm.org\/wp-content\/uploads\/2022\/01\/2_151-300x225.jpeg 300w, https:\/\/qtmm.org\/wp-content\/uploads\/2022\/01\/2_151-768x576.jpeg 768w\" sizes=\"auto, (max-width: 800px) 100vw, 800px\" \/><\/figure>\n\n\n\n<p>Topla\u015fuvn\u0131\u00f1 ba\u015f\u0131nda Meclis reisi Refat \u00c7ubarov Ukrainadaki i\u00e7timaiy-siyasiy vaziyet aqq\u0131nda ayt\u0131rken, so\u00f1ki k\u00fcnlerde ol\u0131p ke\u00e7ken vaqialar Ukrainan\u0131\u00f1 yevrointegratsion y\u00f6neli\u015fine em i\u00e7eride, em t\u0131\u015fta qar\u015f\u0131 \u00e7\u0131qqanlar mevcut ol\u0131p, insanlarn\u0131\u00f1 aras\u0131nda do\u011frudan-do\u011fru dava \u00e7\u0131qarma\u011fa az\u0131r ol\u011fanlar\u0131n\u0131 tasdiqla\u011fan\u0131n\u0131 aytt\u0131.<\/p>\n\n\n\n<p>Topla\u015fuv i\u015ftirak\u00e7ileri de \u00f6z taraf\u0131ndan tasdiqlad\u0131lar ki, regionlardan, \u015fu c\u00fcmleden Q\u0131r\u0131mdan da, Yevromaydandaki t\u0131n\u00e7 aktsiya i\u015ftirak\u00e7ilerine qar\u015f\u0131 qoymaq i\u00e7\u00fcn akimiyetke boysun\u011fan ve aqlar\u0131 t\u00f6lengen insanlarn\u0131\u00f1 Kiyevge zorluqnen yollan\u0131l\u011fan\u0131 k\u00f6zetile.<\/p>\n\n\n\n<figure class=\"wp-block-image size-full\"><img loading=\"lazy\" decoding=\"async\" width=\"800\" height=\"600\" src=\"http:\/\/qtmm.org\/wp-content\/uploads\/2022\/01\/4_105.jpeg\" alt=\"\" class=\"wp-image-41678\" srcset=\"https:\/\/qtmm.org\/wp-content\/uploads\/2022\/01\/4_105.jpeg 800w, https:\/\/qtmm.org\/wp-content\/uploads\/2022\/01\/4_105-300x225.jpeg 300w, https:\/\/qtmm.org\/wp-content\/uploads\/2022\/01\/4_105-768x576.jpeg 768w\" sizes=\"auto, (max-width: 800px) 100vw, 800px\" \/><\/figure>\n\n\n\n<p>Refat \u00c7ubarov Kiyevge Yevromaydan aktsiyas\u0131na qoltumaq i\u00e7\u00fcn g\u00f6\u00f1\u00fclli ketken semetde\u015flerimiz \u00f6z areketlerini Meclis ile, bivasta Meclis reisini\u00f1 muavini Ahtem \u00c7iygoz ile a\u00f1la\u015fqan\u0131 alda yapmalar\u0131n\u0131 rica etti. On\u0131\u00f1 aytqan\u0131na k\u00f6re bu, akimiyet partiyas\u0131 taraf\u0131ndan te\u015fkil etilgen mitinglerde q\u0131r\u0131mtatar halq\u0131 ad\u0131ndan \u00e7\u0131q\u0131\u015fta bulun\u011fan \u015fah\u0131slar taraf\u0131ndan yap\u0131lacaq provokatsiyalardan \u00e7etle\u015fmek imk\u00e2n\u0131n\u0131 berir.<\/p>\n\n\n\n<figure class=\"wp-block-image size-full\"><img loading=\"lazy\" decoding=\"async\" width=\"800\" height=\"600\" src=\"http:\/\/qtmm.org\/wp-content\/uploads\/2022\/01\/img_3705.jpeg\" alt=\"\" class=\"wp-image-41682\" srcset=\"https:\/\/qtmm.org\/wp-content\/uploads\/2022\/01\/img_3705.jpeg 800w, https:\/\/qtmm.org\/wp-content\/uploads\/2022\/01\/img_3705-300x225.jpeg 300w, https:\/\/qtmm.org\/wp-content\/uploads\/2022\/01\/img_3705-768x576.jpeg 768w\" sizes=\"auto, (max-width: 800px) 100vw, 800px\" \/><\/figure>\n\n\n\n<p>Regionlarara topla\u015fuv devam\u0131nda Meclis reisi regional ve yerli meclis vekillerini \u00f6z i\u015flerini m\u00fckemmelle\u015ftirmege, semetde\u015flernen muntazam s\u00fcrette k\u00f6r\u00fc\u015f\u00fcvler ke\u00e7irmege, olarn\u0131 yap\u0131l\u011fan i\u015flerden haberdar etmege ve neticelerni talil etmege \u00e7a\u011f\u0131rd\u0131. &#8221; Q\u0131r\u0131mtatar milliy idare organlar\u0131n\u0131\u00f1 i\u015fine semetde\u015flerimiz kesken q\u0131ymet maqsad ve vazifelerni eda et\u00fcvde siltem olmal\u0131d\u0131r, &#8211; dedi Refat \u00c7ubarov. \u2013 2013 senesine plan tizi\u00f1iz, planlar\u0131\u00f1\u0131zn\u0131 m\u0131tlaqa semetde\u015flerimizge bildiri\u00f1iz, bu ise insanlarn\u0131 milliy ve lokal meselelerni\u00f1 \u00e7ezimine celp eter&#8221;.<\/p>\n\n\n\n<figure class=\"wp-block-image size-full\"><img loading=\"lazy\" decoding=\"async\" width=\"800\" height=\"600\" src=\"http:\/\/qtmm.org\/wp-content\/uploads\/2022\/01\/6_47.jpeg\" alt=\"\" class=\"wp-image-41694\" srcset=\"https:\/\/qtmm.org\/wp-content\/uploads\/2022\/01\/6_47.jpeg 800w, https:\/\/qtmm.org\/wp-content\/uploads\/2022\/01\/6_47-300x225.jpeg 300w, https:\/\/qtmm.org\/wp-content\/uploads\/2022\/01\/6_47-768x576.jpeg 768w\" sizes=\"auto, (max-width: 800px) 100vw, 800px\" \/><\/figure>\n\n\n\n<p>Meclis idareleri ve h\u0131zmetlerini\u00f1 yolba\u015f\u00e7\u0131lar\u0131 faaliyetlerini\u00f1 esas vazifeleri ve y\u00f6neli\u015fleri aqq\u0131nda aytt\u0131lar.<\/p>\n\n\n\n<p>Regional meclislerni\u00f1 vekilleri ise \u00f6z taraf\u0131ndan milliy s\u0131n\u0131flarn\u0131 a\u00e7maqta zorluq \u00e7ekkenlerini bildirip, Meclisni\u00f1 mes\u00fcl hadimlerinden bu meseleni m\u00fcsbet \u00e7ez\u00fcvde professional yard\u0131m ve qoltutmalar\u0131n\u0131 rica ettiler.<\/p>\n\n\n\n<figure class=\"wp-block-image size-full\"><img loading=\"lazy\" decoding=\"async\" width=\"800\" height=\"600\" src=\"http:\/\/qtmm.org\/wp-content\/uploads\/2022\/01\/11_5.jpeg\" alt=\"\" class=\"wp-image-41698\" srcset=\"https:\/\/qtmm.org\/wp-content\/uploads\/2022\/01\/11_5.jpeg 800w, https:\/\/qtmm.org\/wp-content\/uploads\/2022\/01\/11_5-300x225.jpeg 300w, https:\/\/qtmm.org\/wp-content\/uploads\/2022\/01\/11_5-768x576.jpeg 768w\" sizes=\"auto, (max-width: 800px) 100vw, 800px\" \/><\/figure>\n\n\n\n<p>&#8220;Ana-babalar ariza yazalar, balalar da \u00f6z ana tili ve medeniyetini \u00f6grenmege isteyler, amma bir s\u0131ra umumtasil m\u00fcessiselerinde insanlarn\u0131\u00f1 qanuniy aqlar\u0131 bozulmas\u0131na rastkelemiz&#8221;, &#8211; dep qayd ettiler yerli meclis azalar\u0131.<\/p>\n\n\n\n<figure class=\"wp-block-image size-full\"><img loading=\"lazy\" decoding=\"async\" width=\"800\" height=\"600\" src=\"http:\/\/qtmm.org\/wp-content\/uploads\/2022\/01\/10_10.jpeg\" alt=\"\" class=\"wp-image-41686\" srcset=\"https:\/\/qtmm.org\/wp-content\/uploads\/2022\/01\/10_10.jpeg 800w, https:\/\/qtmm.org\/wp-content\/uploads\/2022\/01\/10_10-300x225.jpeg 300w, https:\/\/qtmm.org\/wp-content\/uploads\/2022\/01\/10_10-768x576.jpeg 768w\" sizes=\"auto, (max-width: 800px) 100vw, 800px\" \/><\/figure>\n\n\n\n<p>Topla\u015fuvda \u00e7\u0131q\u0131\u015fta bulun\u011fan Qurultay Tefti\u015f komissiyas\u0131n\u0131\u00f1 reisi Ali \u00d6zenba\u015f ve Meclisni\u00f1 medeniyet, tarih ve maneviy \u00f6m\u00fcr meseleleri boyunca idaresini\u00f1 ba\u015f\u0131 Bekir Mamutov semetde\u015flerimizni milliy ne\u015firlerge abune oluvda aktiv olma\u011fa \u00e7a\u011f\u0131r\u0131p, Ukraina qanunlar\u0131na esaslanaraq cumhuriyet idareleri ve epsi \u015furalarn\u0131\u00f1 adlar\u0131 k\u00f6sterilgen i\u015faretlerni\u00f1 ana tilinde yaz\u0131lmas\u0131n\u0131 te\u015febb\u00fcs etmege \u00e7a\u011f\u0131rd\u0131lar.<\/p>\n\n\n\n<figure class=\"wp-block-image size-full\"><img loading=\"lazy\" decoding=\"async\" width=\"800\" height=\"600\" src=\"http:\/\/qtmm.org\/wp-content\/uploads\/2022\/01\/5_65.jpeg\" alt=\"\" class=\"wp-image-41690\" srcset=\"https:\/\/qtmm.org\/wp-content\/uploads\/2022\/01\/5_65.jpeg 800w, https:\/\/qtmm.org\/wp-content\/uploads\/2022\/01\/5_65-300x225.jpeg 300w, https:\/\/qtmm.org\/wp-content\/uploads\/2022\/01\/5_65-768x576.jpeg 768w\" sizes=\"auto, (max-width: 800px) 100vw, 800px\" \/><\/figure>\n\n\n\n<p>Bundan da \u011fayr\u0131 Ali \u00d6zenba\u015f milliy idare organlar\u0131n\u0131\u00f1 vekillerine b\u00fccetni \u015fekillendirmege t\u0131r\u0131\u015fmaq ve yerlerde leyhadarn\u0131 amelge ke\u00e7ir\u00fcvde mes\u00fclietli olmaqn\u0131 tevsiye etti.<\/p>\n\n\n\n<figure class=\"wp-block-image size-full\"><img loading=\"lazy\" decoding=\"async\" width=\"800\" height=\"600\" src=\"http:\/\/qtmm.org\/wp-content\/uploads\/2022\/01\/12_4.jpeg\" alt=\"\" class=\"wp-image-41702\" srcset=\"https:\/\/qtmm.org\/wp-content\/uploads\/2022\/01\/12_4.jpeg 800w, https:\/\/qtmm.org\/wp-content\/uploads\/2022\/01\/12_4-300x225.jpeg 300w, https:\/\/qtmm.org\/wp-content\/uploads\/2022\/01\/12_4-768x576.jpeg 768w\" sizes=\"auto, (max-width: 800px) 100vw, 800px\" \/><\/figure>\n\n\n\n<p>\u0130\u00e7ki ve \u0130sl\u00e2m Terek regionlar\u0131 meclislerini\u00f1 reisleri b\u00f6yle topla\u015fuvlarn\u0131\u00f1 m\u00fcimligini qayd eterek, olar ya\u00f1l\u0131\u015flarn\u0131 t\u00fczeltmek, fikir payla\u015fmaq ve al\u0131n\u011fan mal\u00fcmatn\u0131 i\u015fni\u00f1 keyfiyetini y\u00fckseltmege imk\u00e2n bergenini aytt\u0131lar.<\/p>\n\n\n\n<p><em><strong>Hat\u0131rlatam\u0131z ki,<\/strong>&nbsp;kelecek keni\u015fletilgen seyyar i\u015f topla\u015fuv\u0131 2013 senesi dekabr 15-te Qarasuvbazar ve Sudaq regionlar\u0131nda olacaq.<\/em><\/p>\n","protected":false},"excerpt":{"rendered":"<p>Dekabr 14 k\u00fcn\u00fc Meclis yolba\u015f\u00e7\u0131lar\u0131 ve Meclis idare yolba\u015f\u00e7\u0131lar\u0131 \u0130\u00e7ki, \u0130sl\u00e2m-Terek regionlar\u0131 ve Eski Q\u0131r\u0131m \u015feerindeki q\u0131r\u0131mtatarlarn\u0131\u00f1 yerli milliy idare organlar\u0131n\u0131\u00f1 reisleri, Qurultay delegatlar\u0131 maalliy \u015fura deputatlar\u0131 ve musulman cemiyetlerini\u00f1 reislerinen beraber regionlarara topla\u015fuv ke\u00e7irdiler. Topla\u015fuvda Meclis reisi Refat \u00c7ubarov, Meclisni\u00f1 idare ve h\u0131zmetlerini\u00f1 yolba\u015f\u00e7\u0131lar\u0131 \u2013 Zaur Smirnov, Ayder Acimambetov, Seydamet Ya\u011fyayev, Bekir Mamutov, Teyfuq [&hellip;]<\/p>\n","protected":false},"author":1,"featured_media":0,"comment_status":"open","ping_status":"open","sticky":false,"template":"","format":"standard","meta":{"inline_featured_image":false,"footnotes":""},"categories":[265],"tags":[],"class_list":["post-41665","post","type-post","status-publish","format-standard","hentry","category-haberler"],"acf":[],"yoast_head":"<!-- This site is optimized with the Yoast SEO plugin v27.4 - https:\/\/yoast.com\/product\/yoast-seo-wordpress\/ -->\n<title>Meclis yolba\u015f\u00e7\u0131lar\u0131 \u0130\u00e7ki, \u0130sl\u00e2m-Terek regionlar\u0131 ve Eski Q\u0131r\u0131m \u015feerindeki q\u0131r\u0131mtatarlarn\u0131\u00f1 yerli milliy idare organlar\u0131n\u0131\u00f1 reislerinen k\u00f6r\u00fc\u015ftiler - \u041c\u0435\u0434\u0436\u043b\u0456\u0441<\/title>\n<meta name=\"robots\" content=\"index, follow, max-snippet:-1, max-image-preview:large, max-video-preview:-1\" \/>\n<link rel=\"canonical\" href=\"https:\/\/qtmm.org\/qt\/meclis-yolbascilari-icki-islam-terek-regionlari-ve-eski-qirim-seerindeki-qirimtatarlarnin-yerli-milliy-idare-organlarinin-reislerinen-korustiler\/\" \/>\n<meta property=\"og:locale\" content=\"en_US\" \/>\n<meta property=\"og:type\" content=\"article\" \/>\n<meta property=\"og:title\" content=\"Meclis yolba\u015f\u00e7\u0131lar\u0131 \u0130\u00e7ki, \u0130sl\u00e2m-Terek regionlar\u0131 ve Eski Q\u0131r\u0131m \u015feerindeki q\u0131r\u0131mtatarlarn\u0131\u00f1 yerli milliy idare organlar\u0131n\u0131\u00f1 reislerinen k\u00f6r\u00fc\u015ftiler - \u041c\u0435\u0434\u0436\u043b\u0456\u0441\" \/>\n<meta property=\"og:description\" content=\"Dekabr 14 k\u00fcn\u00fc Meclis yolba\u015f\u00e7\u0131lar\u0131 ve Meclis idare yolba\u015f\u00e7\u0131lar\u0131 \u0130\u00e7ki, \u0130sl\u00e2m-Terek regionlar\u0131 ve Eski Q\u0131r\u0131m \u015feerindeki q\u0131r\u0131mtatarlarn\u0131\u00f1 yerli milliy idare organlar\u0131n\u0131\u00f1 reisleri, Qurultay delegatlar\u0131 maalliy \u015fura deputatlar\u0131 ve musulman cemiyetlerini\u00f1 reislerinen beraber regionlarara topla\u015fuv ke\u00e7irdiler. Topla\u015fuvda Meclis reisi Refat \u00c7ubarov, Meclisni\u00f1 idare ve h\u0131zmetlerini\u00f1 yolba\u015f\u00e7\u0131lar\u0131 \u2013 Zaur Smirnov, Ayder Acimambetov, Seydamet Ya\u011fyayev, Bekir Mamutov, Teyfuq [&hellip;]\" \/>\n<meta property=\"og:url\" content=\"https:\/\/qtmm.org\/qt\/meclis-yolbascilari-icki-islam-terek-regionlari-ve-eski-qirim-seerindeki-qirimtatarlarnin-yerli-milliy-idare-organlarinin-reislerinen-korustiler\/\" \/>\n<meta property=\"og:site_name\" content=\"\u041c\u0435\u0434\u0436\u043b\u0456\u0441\" \/>\n<meta property=\"article:publisher\" content=\"https:\/\/www.facebook.com\/qtmm.info\/\" \/>\n<meta property=\"article:published_time\" content=\"2013-12-14T08:39:00+00:00\" \/>\n<meta property=\"article:modified_time\" content=\"2022-01-27T08:44:22+00:00\" \/>\n<meta property=\"og:image\" content=\"https:\/\/qtmm.org\/wp-content\/uploads\/2022\/01\/3_117.jpeg\" \/>\n\t<meta property=\"og:image:width\" content=\"800\" \/>\n\t<meta property=\"og:image:height\" content=\"600\" \/>\n\t<meta property=\"og:image:type\" content=\"image\/jpeg\" \/>\n<meta name=\"author\" content=\"Developer\" \/>\n<meta name=\"twitter:card\" content=\"summary_large_image\" \/>\n<meta name=\"twitter:label1\" content=\"Written by\" \/>\n\t<meta name=\"twitter:data1\" content=\"Developer\" \/>\n\t<meta name=\"twitter:label2\" content=\"Est. reading time\" \/>\n\t<meta name=\"twitter:data2\" content=\"3 minutes\" \/>\n<script type=\"application\/ld+json\" class=\"yoast-schema-graph\">{\"@context\":\"https:\\\/\\\/schema.org\",\"@graph\":[{\"@type\":\"Article\",\"@id\":\"https:\\\/\\\/qtmm.org\\\/qt\\\/meclis-yolbascilari-icki-islam-terek-regionlari-ve-eski-qirim-seerindeki-qirimtatarlarnin-yerli-milliy-idare-organlarinin-reislerinen-korustiler\\\/#article\",\"isPartOf\":{\"@id\":\"https:\\\/\\\/qtmm.org\\\/qt\\\/meclis-yolbascilari-icki-islam-terek-regionlari-ve-eski-qirim-seerindeki-qirimtatarlarnin-yerli-milliy-idare-organlarinin-reislerinen-korustiler\\\/\"},\"author\":{\"name\":\"Developer\",\"@id\":\"https:\\\/\\\/qtmm.org\\\/qt\\\/#\\\/schema\\\/person\\\/de562469f971dec226ac06e60bbf74a7\"},\"headline\":\"Meclis yolba\u015f\u00e7\u0131lar\u0131 \u0130\u00e7ki, \u0130sl\u00e2m-Terek regionlar\u0131 ve Eski Q\u0131r\u0131m \u015feerindeki q\u0131r\u0131mtatarlarn\u0131\u00f1 yerli milliy idare organlar\u0131n\u0131\u00f1 reislerinen k\u00f6r\u00fc\u015ftiler\",\"datePublished\":\"2013-12-14T08:39:00+00:00\",\"dateModified\":\"2022-01-27T08:44:22+00:00\",\"mainEntityOfPage\":{\"@id\":\"https:\\\/\\\/qtmm.org\\\/qt\\\/meclis-yolbascilari-icki-islam-terek-regionlari-ve-eski-qirim-seerindeki-qirimtatarlarnin-yerli-milliy-idare-organlarinin-reislerinen-korustiler\\\/\"},\"wordCount\":663,\"commentCount\":0,\"publisher\":{\"@id\":\"https:\\\/\\\/qtmm.org\\\/qt\\\/#organization\"},\"image\":{\"@id\":\"https:\\\/\\\/qtmm.org\\\/qt\\\/meclis-yolbascilari-icki-islam-terek-regionlari-ve-eski-qirim-seerindeki-qirimtatarlarnin-yerli-milliy-idare-organlarinin-reislerinen-korustiler\\\/#primaryimage\"},\"thumbnailUrl\":\"http:\\\/\\\/qtmm.org\\\/wp-content\\\/uploads\\\/2022\\\/01\\\/3_117.jpeg\",\"articleSection\":[\"Haberler\"],\"inLanguage\":\"qt\",\"potentialAction\":[{\"@type\":\"CommentAction\",\"name\":\"Comment\",\"target\":[\"https:\\\/\\\/qtmm.org\\\/qt\\\/meclis-yolbascilari-icki-islam-terek-regionlari-ve-eski-qirim-seerindeki-qirimtatarlarnin-yerli-milliy-idare-organlarinin-reislerinen-korustiler\\\/#respond\"]}]},{\"@type\":\"WebPage\",\"@id\":\"https:\\\/\\\/qtmm.org\\\/qt\\\/meclis-yolbascilari-icki-islam-terek-regionlari-ve-eski-qirim-seerindeki-qirimtatarlarnin-yerli-milliy-idare-organlarinin-reislerinen-korustiler\\\/\",\"url\":\"https:\\\/\\\/qtmm.org\\\/qt\\\/meclis-yolbascilari-icki-islam-terek-regionlari-ve-eski-qirim-seerindeki-qirimtatarlarnin-yerli-milliy-idare-organlarinin-reislerinen-korustiler\\\/\",\"name\":\"Meclis yolba\u015f\u00e7\u0131lar\u0131 \u0130\u00e7ki, \u0130sl\u00e2m-Terek regionlar\u0131 ve Eski Q\u0131r\u0131m \u015feerindeki q\u0131r\u0131mtatarlarn\u0131\u00f1 yerli milliy idare organlar\u0131n\u0131\u00f1 reislerinen k\u00f6r\u00fc\u015ftiler - \u041c\u0435\u0434\u0436\u043b\u0456\u0441\",\"isPartOf\":{\"@id\":\"https:\\\/\\\/qtmm.org\\\/qt\\\/#website\"},\"primaryImageOfPage\":{\"@id\":\"https:\\\/\\\/qtmm.org\\\/qt\\\/meclis-yolbascilari-icki-islam-terek-regionlari-ve-eski-qirim-seerindeki-qirimtatarlarnin-yerli-milliy-idare-organlarinin-reislerinen-korustiler\\\/#primaryimage\"},\"image\":{\"@id\":\"https:\\\/\\\/qtmm.org\\\/qt\\\/meclis-yolbascilari-icki-islam-terek-regionlari-ve-eski-qirim-seerindeki-qirimtatarlarnin-yerli-milliy-idare-organlarinin-reislerinen-korustiler\\\/#primaryimage\"},\"thumbnailUrl\":\"http:\\\/\\\/qtmm.org\\\/wp-content\\\/uploads\\\/2022\\\/01\\\/3_117.jpeg\",\"datePublished\":\"2013-12-14T08:39:00+00:00\",\"dateModified\":\"2022-01-27T08:44:22+00:00\",\"breadcrumb\":{\"@id\":\"https:\\\/\\\/qtmm.org\\\/qt\\\/meclis-yolbascilari-icki-islam-terek-regionlari-ve-eski-qirim-seerindeki-qirimtatarlarnin-yerli-milliy-idare-organlarinin-reislerinen-korustiler\\\/#breadcrumb\"},\"inLanguage\":\"qt\",\"potentialAction\":[{\"@type\":\"ReadAction\",\"target\":[\"https:\\\/\\\/qtmm.org\\\/qt\\\/meclis-yolbascilari-icki-islam-terek-regionlari-ve-eski-qirim-seerindeki-qirimtatarlarnin-yerli-milliy-idare-organlarinin-reislerinen-korustiler\\\/\"]}]},{\"@type\":\"ImageObject\",\"inLanguage\":\"qt\",\"@id\":\"https:\\\/\\\/qtmm.org\\\/qt\\\/meclis-yolbascilari-icki-islam-terek-regionlari-ve-eski-qirim-seerindeki-qirimtatarlarnin-yerli-milliy-idare-organlarinin-reislerinen-korustiler\\\/#primaryimage\",\"url\":\"http:\\\/\\\/qtmm.org\\\/wp-content\\\/uploads\\\/2022\\\/01\\\/3_117.jpeg\",\"contentUrl\":\"http:\\\/\\\/qtmm.org\\\/wp-content\\\/uploads\\\/2022\\\/01\\\/3_117.jpeg\"},{\"@type\":\"BreadcrumbList\",\"@id\":\"https:\\\/\\\/qtmm.org\\\/qt\\\/meclis-yolbascilari-icki-islam-terek-regionlari-ve-eski-qirim-seerindeki-qirimtatarlarnin-yerli-milliy-idare-organlarinin-reislerinen-korustiler\\\/#breadcrumb\",\"itemListElement\":[{\"@type\":\"ListItem\",\"position\":1,\"name\":\"\u0413\u043e\u043b\u043e\u0432\u043d\u0430\",\"item\":\"https:\\\/\\\/qtmm.org\\\/qt\\\/\"},{\"@type\":\"ListItem\",\"position\":2,\"name\":\"Meclis yolba\u015f\u00e7\u0131lar\u0131 \u0130\u00e7ki, \u0130sl\u00e2m-Terek regionlar\u0131 ve Eski Q\u0131r\u0131m \u015feerindeki q\u0131r\u0131mtatarlarn\u0131\u00f1 yerli milliy idare organlar\u0131n\u0131\u00f1 reislerinen k\u00f6r\u00fc\u015ftiler\"}]},{\"@type\":\"WebSite\",\"@id\":\"https:\\\/\\\/qtmm.org\\\/qt\\\/#website\",\"url\":\"https:\\\/\\\/qtmm.org\\\/qt\\\/\",\"name\":\"\u041c\u0435\u0434\u0436\u043b\u0456\u0441\",\"description\":\"\",\"publisher\":{\"@id\":\"https:\\\/\\\/qtmm.org\\\/qt\\\/#organization\"},\"potentialAction\":[{\"@type\":\"SearchAction\",\"target\":{\"@type\":\"EntryPoint\",\"urlTemplate\":\"https:\\\/\\\/qtmm.org\\\/qt\\\/?s={search_term_string}\"},\"query-input\":{\"@type\":\"PropertyValueSpecification\",\"valueRequired\":true,\"valueName\":\"search_term_string\"}}],\"inLanguage\":\"qt\"},{\"@type\":\"Organization\",\"@id\":\"https:\\\/\\\/qtmm.org\\\/qt\\\/#organization\",\"name\":\"\u041c\u0435\u0434\u0436\u043b\u0456\u0441\",\"url\":\"https:\\\/\\\/qtmm.org\\\/qt\\\/\",\"logo\":{\"@type\":\"ImageObject\",\"inLanguage\":\"qt\",\"@id\":\"https:\\\/\\\/qtmm.org\\\/qt\\\/#\\\/schema\\\/logo\\\/image\\\/\",\"url\":\"https:\\\/\\\/qtmm.org\\\/wp-content\\\/uploads\\\/2024\\\/12\\\/ua-mejlis-logo-rgb.svg\",\"contentUrl\":\"https:\\\/\\\/qtmm.org\\\/wp-content\\\/uploads\\\/2024\\\/12\\\/ua-mejlis-logo-rgb.svg\",\"caption\":\"\u041c\u0435\u0434\u0436\u043b\u0456\u0441\"},\"image\":{\"@id\":\"https:\\\/\\\/qtmm.org\\\/qt\\\/#\\\/schema\\\/logo\\\/image\\\/\"},\"sameAs\":[\"https:\\\/\\\/www.facebook.com\\\/qtmm.info\\\/\"]},{\"@type\":\"Person\",\"@id\":\"https:\\\/\\\/qtmm.org\\\/qt\\\/#\\\/schema\\\/person\\\/de562469f971dec226ac06e60bbf74a7\",\"name\":\"Developer\",\"image\":{\"@type\":\"ImageObject\",\"inLanguage\":\"qt\",\"@id\":\"https:\\\/\\\/secure.gravatar.com\\\/avatar\\\/392b4cc8fbfeb00b39dfeeab4ee6edded39ffd48e25858637e4765810300227e?s=96&d=mm&r=g\",\"url\":\"https:\\\/\\\/secure.gravatar.com\\\/avatar\\\/392b4cc8fbfeb00b39dfeeab4ee6edded39ffd48e25858637e4765810300227e?s=96&d=mm&r=g\",\"contentUrl\":\"https:\\\/\\\/secure.gravatar.com\\\/avatar\\\/392b4cc8fbfeb00b39dfeeab4ee6edded39ffd48e25858637e4765810300227e?s=96&d=mm&r=g\",\"caption\":\"Developer\"},\"url\":\"https:\\\/\\\/qtmm.org\\\/qt\\\/author\\\/Developer\\\/\"}]}<\/script>\n<!-- \/ Yoast SEO plugin. -->","yoast_head_json":{"title":"Meclis yolba\u015f\u00e7\u0131lar\u0131 \u0130\u00e7ki, \u0130sl\u00e2m-Terek regionlar\u0131 ve Eski Q\u0131r\u0131m \u015feerindeki q\u0131r\u0131mtatarlarn\u0131\u00f1 yerli milliy idare organlar\u0131n\u0131\u00f1 reislerinen k\u00f6r\u00fc\u015ftiler - \u041c\u0435\u0434\u0436\u043b\u0456\u0441","robots":{"index":"index","follow":"follow","max-snippet":"max-snippet:-1","max-image-preview":"max-image-preview:large","max-video-preview":"max-video-preview:-1"},"canonical":"https:\/\/qtmm.org\/qt\/meclis-yolbascilari-icki-islam-terek-regionlari-ve-eski-qirim-seerindeki-qirimtatarlarnin-yerli-milliy-idare-organlarinin-reislerinen-korustiler\/","og_locale":"en_US","og_type":"article","og_title":"Meclis yolba\u015f\u00e7\u0131lar\u0131 \u0130\u00e7ki, \u0130sl\u00e2m-Terek regionlar\u0131 ve Eski Q\u0131r\u0131m \u015feerindeki q\u0131r\u0131mtatarlarn\u0131\u00f1 yerli milliy idare organlar\u0131n\u0131\u00f1 reislerinen k\u00f6r\u00fc\u015ftiler - \u041c\u0435\u0434\u0436\u043b\u0456\u0441","og_description":"Dekabr 14 k\u00fcn\u00fc Meclis yolba\u015f\u00e7\u0131lar\u0131 ve Meclis idare yolba\u015f\u00e7\u0131lar\u0131 \u0130\u00e7ki, \u0130sl\u00e2m-Terek regionlar\u0131 ve Eski Q\u0131r\u0131m \u015feerindeki q\u0131r\u0131mtatarlarn\u0131\u00f1 yerli milliy idare organlar\u0131n\u0131\u00f1 reisleri, Qurultay delegatlar\u0131 maalliy \u015fura deputatlar\u0131 ve musulman cemiyetlerini\u00f1 reislerinen beraber regionlarara topla\u015fuv ke\u00e7irdiler. Topla\u015fuvda Meclis reisi Refat \u00c7ubarov, Meclisni\u00f1 idare ve h\u0131zmetlerini\u00f1 yolba\u015f\u00e7\u0131lar\u0131 \u2013 Zaur Smirnov, Ayder Acimambetov, Seydamet Ya\u011fyayev, Bekir Mamutov, Teyfuq [&hellip;]","og_url":"https:\/\/qtmm.org\/qt\/meclis-yolbascilari-icki-islam-terek-regionlari-ve-eski-qirim-seerindeki-qirimtatarlarnin-yerli-milliy-idare-organlarinin-reislerinen-korustiler\/","og_site_name":"\u041c\u0435\u0434\u0436\u043b\u0456\u0441","article_publisher":"https:\/\/www.facebook.com\/qtmm.info\/","article_published_time":"2013-12-14T08:39:00+00:00","article_modified_time":"2022-01-27T08:44:22+00:00","og_image":[{"width":800,"height":600,"url":"https:\/\/qtmm.org\/wp-content\/uploads\/2022\/01\/3_117.jpeg","type":"image\/jpeg"}],"author":"Developer","twitter_card":"summary_large_image","twitter_misc":{"Written by":"Developer","Est. reading time":"3 minutes"},"schema":{"@context":"https:\/\/schema.org","@graph":[{"@type":"Article","@id":"https:\/\/qtmm.org\/qt\/meclis-yolbascilari-icki-islam-terek-regionlari-ve-eski-qirim-seerindeki-qirimtatarlarnin-yerli-milliy-idare-organlarinin-reislerinen-korustiler\/#article","isPartOf":{"@id":"https:\/\/qtmm.org\/qt\/meclis-yolbascilari-icki-islam-terek-regionlari-ve-eski-qirim-seerindeki-qirimtatarlarnin-yerli-milliy-idare-organlarinin-reislerinen-korustiler\/"},"author":{"name":"Developer","@id":"https:\/\/qtmm.org\/qt\/#\/schema\/person\/de562469f971dec226ac06e60bbf74a7"},"headline":"Meclis yolba\u015f\u00e7\u0131lar\u0131 \u0130\u00e7ki, \u0130sl\u00e2m-Terek regionlar\u0131 ve Eski Q\u0131r\u0131m \u015feerindeki q\u0131r\u0131mtatarlarn\u0131\u00f1 yerli milliy idare organlar\u0131n\u0131\u00f1 reislerinen k\u00f6r\u00fc\u015ftiler","datePublished":"2013-12-14T08:39:00+00:00","dateModified":"2022-01-27T08:44:22+00:00","mainEntityOfPage":{"@id":"https:\/\/qtmm.org\/qt\/meclis-yolbascilari-icki-islam-terek-regionlari-ve-eski-qirim-seerindeki-qirimtatarlarnin-yerli-milliy-idare-organlarinin-reislerinen-korustiler\/"},"wordCount":663,"commentCount":0,"publisher":{"@id":"https:\/\/qtmm.org\/qt\/#organization"},"image":{"@id":"https:\/\/qtmm.org\/qt\/meclis-yolbascilari-icki-islam-terek-regionlari-ve-eski-qirim-seerindeki-qirimtatarlarnin-yerli-milliy-idare-organlarinin-reislerinen-korustiler\/#primaryimage"},"thumbnailUrl":"http:\/\/qtmm.org\/wp-content\/uploads\/2022\/01\/3_117.jpeg","articleSection":["Haberler"],"inLanguage":"qt","potentialAction":[{"@type":"CommentAction","name":"Comment","target":["https:\/\/qtmm.org\/qt\/meclis-yolbascilari-icki-islam-terek-regionlari-ve-eski-qirim-seerindeki-qirimtatarlarnin-yerli-milliy-idare-organlarinin-reislerinen-korustiler\/#respond"]}]},{"@type":"WebPage","@id":"https:\/\/qtmm.org\/qt\/meclis-yolbascilari-icki-islam-terek-regionlari-ve-eski-qirim-seerindeki-qirimtatarlarnin-yerli-milliy-idare-organlarinin-reislerinen-korustiler\/","url":"https:\/\/qtmm.org\/qt\/meclis-yolbascilari-icki-islam-terek-regionlari-ve-eski-qirim-seerindeki-qirimtatarlarnin-yerli-milliy-idare-organlarinin-reislerinen-korustiler\/","name":"Meclis yolba\u015f\u00e7\u0131lar\u0131 \u0130\u00e7ki, \u0130sl\u00e2m-Terek regionlar\u0131 ve Eski Q\u0131r\u0131m \u015feerindeki q\u0131r\u0131mtatarlarn\u0131\u00f1 yerli milliy idare organlar\u0131n\u0131\u00f1 reislerinen k\u00f6r\u00fc\u015ftiler - \u041c\u0435\u0434\u0436\u043b\u0456\u0441","isPartOf":{"@id":"https:\/\/qtmm.org\/qt\/#website"},"primaryImageOfPage":{"@id":"https:\/\/qtmm.org\/qt\/meclis-yolbascilari-icki-islam-terek-regionlari-ve-eski-qirim-seerindeki-qirimtatarlarnin-yerli-milliy-idare-organlarinin-reislerinen-korustiler\/#primaryimage"},"image":{"@id":"https:\/\/qtmm.org\/qt\/meclis-yolbascilari-icki-islam-terek-regionlari-ve-eski-qirim-seerindeki-qirimtatarlarnin-yerli-milliy-idare-organlarinin-reislerinen-korustiler\/#primaryimage"},"thumbnailUrl":"http:\/\/qtmm.org\/wp-content\/uploads\/2022\/01\/3_117.jpeg","datePublished":"2013-12-14T08:39:00+00:00","dateModified":"2022-01-27T08:44:22+00:00","breadcrumb":{"@id":"https:\/\/qtmm.org\/qt\/meclis-yolbascilari-icki-islam-terek-regionlari-ve-eski-qirim-seerindeki-qirimtatarlarnin-yerli-milliy-idare-organlarinin-reislerinen-korustiler\/#breadcrumb"},"inLanguage":"qt","potentialAction":[{"@type":"ReadAction","target":["https:\/\/qtmm.org\/qt\/meclis-yolbascilari-icki-islam-terek-regionlari-ve-eski-qirim-seerindeki-qirimtatarlarnin-yerli-milliy-idare-organlarinin-reislerinen-korustiler\/"]}]},{"@type":"ImageObject","inLanguage":"qt","@id":"https:\/\/qtmm.org\/qt\/meclis-yolbascilari-icki-islam-terek-regionlari-ve-eski-qirim-seerindeki-qirimtatarlarnin-yerli-milliy-idare-organlarinin-reislerinen-korustiler\/#primaryimage","url":"http:\/\/qtmm.org\/wp-content\/uploads\/2022\/01\/3_117.jpeg","contentUrl":"http:\/\/qtmm.org\/wp-content\/uploads\/2022\/01\/3_117.jpeg"},{"@type":"BreadcrumbList","@id":"https:\/\/qtmm.org\/qt\/meclis-yolbascilari-icki-islam-terek-regionlari-ve-eski-qirim-seerindeki-qirimtatarlarnin-yerli-milliy-idare-organlarinin-reislerinen-korustiler\/#breadcrumb","itemListElement":[{"@type":"ListItem","position":1,"name":"\u0413\u043e\u043b\u043e\u0432\u043d\u0430","item":"https:\/\/qtmm.org\/qt\/"},{"@type":"ListItem","position":2,"name":"Meclis yolba\u015f\u00e7\u0131lar\u0131 \u0130\u00e7ki, \u0130sl\u00e2m-Terek regionlar\u0131 ve Eski Q\u0131r\u0131m \u015feerindeki q\u0131r\u0131mtatarlarn\u0131\u00f1 yerli milliy idare organlar\u0131n\u0131\u00f1 reislerinen k\u00f6r\u00fc\u015ftiler"}]},{"@type":"WebSite","@id":"https:\/\/qtmm.org\/qt\/#website","url":"https:\/\/qtmm.org\/qt\/","name":"\u041c\u0435\u0434\u0436\u043b\u0456\u0441","description":"","publisher":{"@id":"https:\/\/qtmm.org\/qt\/#organization"},"potentialAction":[{"@type":"SearchAction","target":{"@type":"EntryPoint","urlTemplate":"https:\/\/qtmm.org\/qt\/?s={search_term_string}"},"query-input":{"@type":"PropertyValueSpecification","valueRequired":true,"valueName":"search_term_string"}}],"inLanguage":"qt"},{"@type":"Organization","@id":"https:\/\/qtmm.org\/qt\/#organization","name":"\u041c\u0435\u0434\u0436\u043b\u0456\u0441","url":"https:\/\/qtmm.org\/qt\/","logo":{"@type":"ImageObject","inLanguage":"qt","@id":"https:\/\/qtmm.org\/qt\/#\/schema\/logo\/image\/","url":"https:\/\/qtmm.org\/wp-content\/uploads\/2024\/12\/ua-mejlis-logo-rgb.svg","contentUrl":"https:\/\/qtmm.org\/wp-content\/uploads\/2024\/12\/ua-mejlis-logo-rgb.svg","caption":"\u041c\u0435\u0434\u0436\u043b\u0456\u0441"},"image":{"@id":"https:\/\/qtmm.org\/qt\/#\/schema\/logo\/image\/"},"sameAs":["https:\/\/www.facebook.com\/qtmm.info\/"]},{"@type":"Person","@id":"https:\/\/qtmm.org\/qt\/#\/schema\/person\/de562469f971dec226ac06e60bbf74a7","name":"Developer","image":{"@type":"ImageObject","inLanguage":"qt","@id":"https:\/\/secure.gravatar.com\/avatar\/392b4cc8fbfeb00b39dfeeab4ee6edded39ffd48e25858637e4765810300227e?s=96&d=mm&r=g","url":"https:\/\/secure.gravatar.com\/avatar\/392b4cc8fbfeb00b39dfeeab4ee6edded39ffd48e25858637e4765810300227e?s=96&d=mm&r=g","contentUrl":"https:\/\/secure.gravatar.com\/avatar\/392b4cc8fbfeb00b39dfeeab4ee6edded39ffd48e25858637e4765810300227e?s=96&d=mm&r=g","caption":"Developer"},"url":"https:\/\/qtmm.org\/qt\/author\/Developer\/"}]}},"_links":{"self":[{"href":"https:\/\/qtmm.org\/qt\/wp-json\/wp\/v2\/posts\/41665","targetHints":{"allow":["GET"]}}],"collection":[{"href":"https:\/\/qtmm.org\/qt\/wp-json\/wp\/v2\/posts"}],"about":[{"href":"https:\/\/qtmm.org\/qt\/wp-json\/wp\/v2\/types\/post"}],"author":[{"embeddable":true,"href":"https:\/\/qtmm.org\/qt\/wp-json\/wp\/v2\/users\/1"}],"replies":[{"embeddable":true,"href":"https:\/\/qtmm.org\/qt\/wp-json\/wp\/v2\/comments?post=41665"}],"version-history":[{"count":1,"href":"https:\/\/qtmm.org\/qt\/wp-json\/wp\/v2\/posts\/41665\/revisions"}],"predecessor-version":[{"id":41706,"href":"https:\/\/qtmm.org\/qt\/wp-json\/wp\/v2\/posts\/41665\/revisions\/41706"}],"wp:attachment":[{"href":"https:\/\/qtmm.org\/qt\/wp-json\/wp\/v2\/media?parent=41665"}],"wp:term":[{"taxonomy":"category","embeddable":true,"href":"https:\/\/qtmm.org\/qt\/wp-json\/wp\/v2\/categories?post=41665"},{"taxonomy":"post_tag","embeddable":true,"href":"https:\/\/qtmm.org\/qt\/wp-json\/wp\/v2\/tags?post=41665"}],"curies":[{"name":"wp","href":"https:\/\/api.w.org\/{rel}","templated":true}]}}