




{"id":41663,"date":"2013-12-14T11:38:00","date_gmt":"2013-12-14T08:38:00","guid":{"rendered":"http:\/\/qtmm.org\/?p=41663"},"modified":"2022-01-27T11:39:20","modified_gmt":"2022-01-27T08:39:20","slug":"felaketke-ogramaqnin-oguni-almalimiz","status":"publish","type":"post","link":"https:\/\/qtmm.org\/qt\/felaketke-ogramaqnin-oguni-almalimiz\/","title":{"rendered":"Fel\u00e2ketke o\u011framaqn\u0131\u00f1 \u00f6g\u00fcni almal\u0131m\u0131z!"},"content":{"rendered":"\n<p>Ukraina ve biz, \u00e7oqmilletli ukrain halq\u0131, kergin k\u00fcnlerni ya\u015famaqtam\u0131z!<\/p>\n\n\n\n<p>Ukrain cemiyetini\u00f1 b\u00fcy\u00fck bir q\u0131sm\u0131 Avropa medeniyetine, Avropa siyasiy ve iqtisadiy cemiyetine qat\u0131lma\u011fa t\u0131r\u0131\u015fuv\u0131, angisi ki, c\u00fcmleden, ayr\u0131 insanlar ve halqlar, dinler aras\u0131nda zemaneviy umuminsaniy munasebetlerini\u00f1 standartlar\u0131n\u0131 tadbiq et\u00fcvni k\u00f6zde tuta, Ukrainan\u0131\u00f1 yevrointegratsiya areketlerine em i\u00e7eride, em t\u0131\u015fta qar\u015f\u0131 \u00e7\u0131qqanlarn\u0131\u00f1 \u015fiddetli tiren\u00e7ine o\u011frad\u0131.<\/p>\n\n\n\n<p>Bug\u00fcn a\u00e7\u0131q-ayd\u0131n k\u00f6r\u00fcne ki, Ukrainan\u0131\u00f1 yevrointegratsiyas\u0131na qar\u015f\u0131 \u00e7\u0131qqanlar insanlar aras\u0131nda qav\u011fa \u00e7\u0131qarma\u011fa az\u0131rlar. Bu maqsadnen b\u00fct\u00fcn memleket boylap, \u015fu c\u00fcmleden Q\u0131r\u0131m Muhtar Cumhuriyeti de, akimiyet organlar\u0131 qolast\u0131ndaki adamlarnn\u0131 zorlap seferber etmek ve Kiyevge yollamaq kibi misli k\u00f6r\u00fclmegen areket yap\u0131lmaqta. Olarn\u0131\u00f1 \u00f6g\u00fcne Yevromaydanda t\u0131n\u00e7 aktsiya i\u015ftirak\u00e7ilerine qar\u015f\u0131 turmaq vazifesi qoyuld\u0131.<\/p>\n\n\n\n<p>Yaq\u0131n k\u00fcnlerde Kiyevde Ukraina yevrointegratsiyas\u0131na qar\u015f\u0131 k\u00fc\u00e7lerni\u00f1 areketleri aqibetinde facial\u0131 adiseler olmas\u0131n\u0131\u00f1 ihtimal\u0131 bar.<\/p>\n\n\n\n<p>Aqibetleri em Ukraina, em Avropa tel\u00fckesizligini\u00f1 sistemi i\u00e7\u00fcn fel\u00e2ketli olabilecek facian\u0131\u00f1 \u00f6g\u00fcni almaq maqsad\u0131nda Yevromaydandaki t\u0131n\u00e7 aktsiya i\u015ftirak\u00e7ileri aras\u0131nda Ukrainada akkreditatsiya etilgen diplomatik vek\u00e2letlikler ve missiyalarn\u0131\u00f1 temsilcileri, jurnalistler ve \u00e7e\u015fit devletlerden kelgen parlament azalar\u0131n\u0131\u00f1 bulunmas\u0131 pek m\u00fcimdir.<\/p>\n\n\n\n<p>Eminim ki, birlikte areket eterek biz Ukraina vatanda\u015flar\u0131 t\u0131n\u00e7 aktsiyalar\u0131 i\u015ftirak\u00e7ilerine nisbeten er angi zulum ve fesatn\u0131\u00f1 \u00f6g\u00fcni al\u0131p olurm\u0131z.<\/p>\n\n\n\n<p><strong>Refat&nbsp; \u00c7ubarov,<br>Q\u0131r\u0131mtatar halq\u0131 Meclisini\u00f1 reisi<\/strong><\/p>\n\n\n\n<p><em><strong>2013 senesi dekabr 14<\/strong><\/em><\/p>\n","protected":false},"excerpt":{"rendered":"<p>Ukraina ve biz, \u00e7oqmilletli ukrain halq\u0131, kergin k\u00fcnlerni ya\u015famaqtam\u0131z! Ukrain cemiyetini\u00f1 b\u00fcy\u00fck bir q\u0131sm\u0131 Avropa medeniyetine, Avropa siyasiy ve iqtisadiy cemiyetine qat\u0131lma\u011fa t\u0131r\u0131\u015fuv\u0131, angisi ki, c\u00fcmleden, ayr\u0131 insanlar ve halqlar, dinler aras\u0131nda zemaneviy umuminsaniy munasebetlerini\u00f1 standartlar\u0131n\u0131 tadbiq et\u00fcvni k\u00f6zde tuta, Ukrainan\u0131\u00f1 yevrointegratsiya areketlerine em i\u00e7eride, em t\u0131\u015fta qar\u015f\u0131 \u00e7\u0131qqanlarn\u0131\u00f1 \u015fiddetli tiren\u00e7ine o\u011frad\u0131. Bug\u00fcn a\u00e7\u0131q-ayd\u0131n k\u00f6r\u00fcne [&hellip;]<\/p>\n","protected":false},"author":1,"featured_media":0,"comment_status":"open","ping_status":"open","sticky":false,"template":"","format":"standard","meta":{"inline_featured_image":false,"footnotes":""},"categories":[265],"tags":[],"class_list":["post-41663","post","type-post","status-publish","format-standard","hentry","category-haberler"],"acf":[],"yoast_head":"<!-- This site is optimized with the Yoast SEO plugin v27.4 - https:\/\/yoast.com\/product\/yoast-seo-wordpress\/ -->\n<title>Fel\u00e2ketke o\u011framaqn\u0131\u00f1 \u00f6g\u00fcni almal\u0131m\u0131z! - \u041c\u0435\u0434\u0436\u043b\u0456\u0441<\/title>\n<meta name=\"robots\" content=\"index, follow, max-snippet:-1, max-image-preview:large, max-video-preview:-1\" \/>\n<link rel=\"canonical\" href=\"https:\/\/qtmm.org\/qt\/felaketke-ogramaqnin-oguni-almalimiz\/\" \/>\n<meta property=\"og:locale\" content=\"en_US\" \/>\n<meta property=\"og:type\" content=\"article\" \/>\n<meta property=\"og:title\" content=\"Fel\u00e2ketke o\u011framaqn\u0131\u00f1 \u00f6g\u00fcni almal\u0131m\u0131z! - \u041c\u0435\u0434\u0436\u043b\u0456\u0441\" \/>\n<meta property=\"og:description\" content=\"Ukraina ve biz, \u00e7oqmilletli ukrain halq\u0131, kergin k\u00fcnlerni ya\u015famaqtam\u0131z! Ukrain cemiyetini\u00f1 b\u00fcy\u00fck bir q\u0131sm\u0131 Avropa medeniyetine, Avropa siyasiy ve iqtisadiy cemiyetine qat\u0131lma\u011fa t\u0131r\u0131\u015fuv\u0131, angisi ki, c\u00fcmleden, ayr\u0131 insanlar ve halqlar, dinler aras\u0131nda zemaneviy umuminsaniy munasebetlerini\u00f1 standartlar\u0131n\u0131 tadbiq et\u00fcvni k\u00f6zde tuta, Ukrainan\u0131\u00f1 yevrointegratsiya areketlerine em i\u00e7eride, em t\u0131\u015fta qar\u015f\u0131 \u00e7\u0131qqanlarn\u0131\u00f1 \u015fiddetli tiren\u00e7ine o\u011frad\u0131. Bug\u00fcn a\u00e7\u0131q-ayd\u0131n k\u00f6r\u00fcne [&hellip;]\" \/>\n<meta property=\"og:url\" content=\"https:\/\/qtmm.org\/qt\/felaketke-ogramaqnin-oguni-almalimiz\/\" \/>\n<meta property=\"og:site_name\" content=\"\u041c\u0435\u0434\u0436\u043b\u0456\u0441\" \/>\n<meta property=\"article:publisher\" content=\"https:\/\/www.facebook.com\/qtmm.info\/\" \/>\n<meta property=\"article:published_time\" content=\"2013-12-14T08:38:00+00:00\" \/>\n<meta property=\"article:modified_time\" content=\"2022-01-27T08:39:20+00:00\" \/>\n<meta name=\"author\" content=\"Developer\" \/>\n<meta name=\"twitter:card\" content=\"summary_large_image\" \/>\n<meta name=\"twitter:label1\" content=\"Written by\" \/>\n\t<meta name=\"twitter:data1\" content=\"Developer\" \/>\n\t<meta name=\"twitter:label2\" content=\"Est. reading time\" \/>\n\t<meta name=\"twitter:data2\" content=\"1 minute\" \/>\n<script type=\"application\/ld+json\" class=\"yoast-schema-graph\">{\"@context\":\"https:\\\/\\\/schema.org\",\"@graph\":[{\"@type\":\"Article\",\"@id\":\"https:\\\/\\\/qtmm.org\\\/qt\\\/felaketke-ogramaqnin-oguni-almalimiz\\\/#article\",\"isPartOf\":{\"@id\":\"https:\\\/\\\/qtmm.org\\\/qt\\\/felaketke-ogramaqnin-oguni-almalimiz\\\/\"},\"author\":{\"name\":\"Developer\",\"@id\":\"https:\\\/\\\/qtmm.org\\\/qt\\\/#\\\/schema\\\/person\\\/de562469f971dec226ac06e60bbf74a7\"},\"headline\":\"Fel\u00e2ketke o\u011framaqn\u0131\u00f1 \u00f6g\u00fcni almal\u0131m\u0131z!\",\"datePublished\":\"2013-12-14T08:38:00+00:00\",\"dateModified\":\"2022-01-27T08:39:20+00:00\",\"mainEntityOfPage\":{\"@id\":\"https:\\\/\\\/qtmm.org\\\/qt\\\/felaketke-ogramaqnin-oguni-almalimiz\\\/\"},\"wordCount\":259,\"commentCount\":0,\"publisher\":{\"@id\":\"https:\\\/\\\/qtmm.org\\\/qt\\\/#organization\"},\"articleSection\":[\"Haberler\"],\"inLanguage\":\"qt\",\"potentialAction\":[{\"@type\":\"CommentAction\",\"name\":\"Comment\",\"target\":[\"https:\\\/\\\/qtmm.org\\\/qt\\\/felaketke-ogramaqnin-oguni-almalimiz\\\/#respond\"]}]},{\"@type\":\"WebPage\",\"@id\":\"https:\\\/\\\/qtmm.org\\\/qt\\\/felaketke-ogramaqnin-oguni-almalimiz\\\/\",\"url\":\"https:\\\/\\\/qtmm.org\\\/qt\\\/felaketke-ogramaqnin-oguni-almalimiz\\\/\",\"name\":\"Fel\u00e2ketke o\u011framaqn\u0131\u00f1 \u00f6g\u00fcni almal\u0131m\u0131z! - \u041c\u0435\u0434\u0436\u043b\u0456\u0441\",\"isPartOf\":{\"@id\":\"https:\\\/\\\/qtmm.org\\\/qt\\\/#website\"},\"datePublished\":\"2013-12-14T08:38:00+00:00\",\"dateModified\":\"2022-01-27T08:39:20+00:00\",\"breadcrumb\":{\"@id\":\"https:\\\/\\\/qtmm.org\\\/qt\\\/felaketke-ogramaqnin-oguni-almalimiz\\\/#breadcrumb\"},\"inLanguage\":\"qt\",\"potentialAction\":[{\"@type\":\"ReadAction\",\"target\":[\"https:\\\/\\\/qtmm.org\\\/qt\\\/felaketke-ogramaqnin-oguni-almalimiz\\\/\"]}]},{\"@type\":\"BreadcrumbList\",\"@id\":\"https:\\\/\\\/qtmm.org\\\/qt\\\/felaketke-ogramaqnin-oguni-almalimiz\\\/#breadcrumb\",\"itemListElement\":[{\"@type\":\"ListItem\",\"position\":1,\"name\":\"\u0413\u043e\u043b\u043e\u0432\u043d\u0430\",\"item\":\"https:\\\/\\\/qtmm.org\\\/qt\\\/\"},{\"@type\":\"ListItem\",\"position\":2,\"name\":\"Fel\u00e2ketke o\u011framaqn\u0131\u00f1 \u00f6g\u00fcni almal\u0131m\u0131z!\"}]},{\"@type\":\"WebSite\",\"@id\":\"https:\\\/\\\/qtmm.org\\\/qt\\\/#website\",\"url\":\"https:\\\/\\\/qtmm.org\\\/qt\\\/\",\"name\":\"\u041c\u0435\u0434\u0436\u043b\u0456\u0441\",\"description\":\"\",\"publisher\":{\"@id\":\"https:\\\/\\\/qtmm.org\\\/qt\\\/#organization\"},\"potentialAction\":[{\"@type\":\"SearchAction\",\"target\":{\"@type\":\"EntryPoint\",\"urlTemplate\":\"https:\\\/\\\/qtmm.org\\\/qt\\\/?s={search_term_string}\"},\"query-input\":{\"@type\":\"PropertyValueSpecification\",\"valueRequired\":true,\"valueName\":\"search_term_string\"}}],\"inLanguage\":\"qt\"},{\"@type\":\"Organization\",\"@id\":\"https:\\\/\\\/qtmm.org\\\/qt\\\/#organization\",\"name\":\"\u041c\u0435\u0434\u0436\u043b\u0456\u0441\",\"url\":\"https:\\\/\\\/qtmm.org\\\/qt\\\/\",\"logo\":{\"@type\":\"ImageObject\",\"inLanguage\":\"qt\",\"@id\":\"https:\\\/\\\/qtmm.org\\\/qt\\\/#\\\/schema\\\/logo\\\/image\\\/\",\"url\":\"https:\\\/\\\/qtmm.org\\\/wp-content\\\/uploads\\\/2024\\\/12\\\/ua-mejlis-logo-rgb.svg\",\"contentUrl\":\"https:\\\/\\\/qtmm.org\\\/wp-content\\\/uploads\\\/2024\\\/12\\\/ua-mejlis-logo-rgb.svg\",\"caption\":\"\u041c\u0435\u0434\u0436\u043b\u0456\u0441\"},\"image\":{\"@id\":\"https:\\\/\\\/qtmm.org\\\/qt\\\/#\\\/schema\\\/logo\\\/image\\\/\"},\"sameAs\":[\"https:\\\/\\\/www.facebook.com\\\/qtmm.info\\\/\"]},{\"@type\":\"Person\",\"@id\":\"https:\\\/\\\/qtmm.org\\\/qt\\\/#\\\/schema\\\/person\\\/de562469f971dec226ac06e60bbf74a7\",\"name\":\"Developer\",\"image\":{\"@type\":\"ImageObject\",\"inLanguage\":\"qt\",\"@id\":\"https:\\\/\\\/secure.gravatar.com\\\/avatar\\\/392b4cc8fbfeb00b39dfeeab4ee6edded39ffd48e25858637e4765810300227e?s=96&d=mm&r=g\",\"url\":\"https:\\\/\\\/secure.gravatar.com\\\/avatar\\\/392b4cc8fbfeb00b39dfeeab4ee6edded39ffd48e25858637e4765810300227e?s=96&d=mm&r=g\",\"contentUrl\":\"https:\\\/\\\/secure.gravatar.com\\\/avatar\\\/392b4cc8fbfeb00b39dfeeab4ee6edded39ffd48e25858637e4765810300227e?s=96&d=mm&r=g\",\"caption\":\"Developer\"},\"url\":\"https:\\\/\\\/qtmm.org\\\/qt\\\/author\\\/Developer\\\/\"}]}<\/script>\n<!-- \/ Yoast SEO plugin. -->","yoast_head_json":{"title":"Fel\u00e2ketke o\u011framaqn\u0131\u00f1 \u00f6g\u00fcni almal\u0131m\u0131z! - \u041c\u0435\u0434\u0436\u043b\u0456\u0441","robots":{"index":"index","follow":"follow","max-snippet":"max-snippet:-1","max-image-preview":"max-image-preview:large","max-video-preview":"max-video-preview:-1"},"canonical":"https:\/\/qtmm.org\/qt\/felaketke-ogramaqnin-oguni-almalimiz\/","og_locale":"en_US","og_type":"article","og_title":"Fel\u00e2ketke o\u011framaqn\u0131\u00f1 \u00f6g\u00fcni almal\u0131m\u0131z! - \u041c\u0435\u0434\u0436\u043b\u0456\u0441","og_description":"Ukraina ve biz, \u00e7oqmilletli ukrain halq\u0131, kergin k\u00fcnlerni ya\u015famaqtam\u0131z! Ukrain cemiyetini\u00f1 b\u00fcy\u00fck bir q\u0131sm\u0131 Avropa medeniyetine, Avropa siyasiy ve iqtisadiy cemiyetine qat\u0131lma\u011fa t\u0131r\u0131\u015fuv\u0131, angisi ki, c\u00fcmleden, ayr\u0131 insanlar ve halqlar, dinler aras\u0131nda zemaneviy umuminsaniy munasebetlerini\u00f1 standartlar\u0131n\u0131 tadbiq et\u00fcvni k\u00f6zde tuta, Ukrainan\u0131\u00f1 yevrointegratsiya areketlerine em i\u00e7eride, em t\u0131\u015fta qar\u015f\u0131 \u00e7\u0131qqanlarn\u0131\u00f1 \u015fiddetli tiren\u00e7ine o\u011frad\u0131. Bug\u00fcn a\u00e7\u0131q-ayd\u0131n k\u00f6r\u00fcne [&hellip;]","og_url":"https:\/\/qtmm.org\/qt\/felaketke-ogramaqnin-oguni-almalimiz\/","og_site_name":"\u041c\u0435\u0434\u0436\u043b\u0456\u0441","article_publisher":"https:\/\/www.facebook.com\/qtmm.info\/","article_published_time":"2013-12-14T08:38:00+00:00","article_modified_time":"2022-01-27T08:39:20+00:00","author":"Developer","twitter_card":"summary_large_image","twitter_misc":{"Written by":"Developer","Est. reading time":"1 minute"},"schema":{"@context":"https:\/\/schema.org","@graph":[{"@type":"Article","@id":"https:\/\/qtmm.org\/qt\/felaketke-ogramaqnin-oguni-almalimiz\/#article","isPartOf":{"@id":"https:\/\/qtmm.org\/qt\/felaketke-ogramaqnin-oguni-almalimiz\/"},"author":{"name":"Developer","@id":"https:\/\/qtmm.org\/qt\/#\/schema\/person\/de562469f971dec226ac06e60bbf74a7"},"headline":"Fel\u00e2ketke o\u011framaqn\u0131\u00f1 \u00f6g\u00fcni almal\u0131m\u0131z!","datePublished":"2013-12-14T08:38:00+00:00","dateModified":"2022-01-27T08:39:20+00:00","mainEntityOfPage":{"@id":"https:\/\/qtmm.org\/qt\/felaketke-ogramaqnin-oguni-almalimiz\/"},"wordCount":259,"commentCount":0,"publisher":{"@id":"https:\/\/qtmm.org\/qt\/#organization"},"articleSection":["Haberler"],"inLanguage":"qt","potentialAction":[{"@type":"CommentAction","name":"Comment","target":["https:\/\/qtmm.org\/qt\/felaketke-ogramaqnin-oguni-almalimiz\/#respond"]}]},{"@type":"WebPage","@id":"https:\/\/qtmm.org\/qt\/felaketke-ogramaqnin-oguni-almalimiz\/","url":"https:\/\/qtmm.org\/qt\/felaketke-ogramaqnin-oguni-almalimiz\/","name":"Fel\u00e2ketke o\u011framaqn\u0131\u00f1 \u00f6g\u00fcni almal\u0131m\u0131z! - \u041c\u0435\u0434\u0436\u043b\u0456\u0441","isPartOf":{"@id":"https:\/\/qtmm.org\/qt\/#website"},"datePublished":"2013-12-14T08:38:00+00:00","dateModified":"2022-01-27T08:39:20+00:00","breadcrumb":{"@id":"https:\/\/qtmm.org\/qt\/felaketke-ogramaqnin-oguni-almalimiz\/#breadcrumb"},"inLanguage":"qt","potentialAction":[{"@type":"ReadAction","target":["https:\/\/qtmm.org\/qt\/felaketke-ogramaqnin-oguni-almalimiz\/"]}]},{"@type":"BreadcrumbList","@id":"https:\/\/qtmm.org\/qt\/felaketke-ogramaqnin-oguni-almalimiz\/#breadcrumb","itemListElement":[{"@type":"ListItem","position":1,"name":"\u0413\u043e\u043b\u043e\u0432\u043d\u0430","item":"https:\/\/qtmm.org\/qt\/"},{"@type":"ListItem","position":2,"name":"Fel\u00e2ketke o\u011framaqn\u0131\u00f1 \u00f6g\u00fcni almal\u0131m\u0131z!"}]},{"@type":"WebSite","@id":"https:\/\/qtmm.org\/qt\/#website","url":"https:\/\/qtmm.org\/qt\/","name":"\u041c\u0435\u0434\u0436\u043b\u0456\u0441","description":"","publisher":{"@id":"https:\/\/qtmm.org\/qt\/#organization"},"potentialAction":[{"@type":"SearchAction","target":{"@type":"EntryPoint","urlTemplate":"https:\/\/qtmm.org\/qt\/?s={search_term_string}"},"query-input":{"@type":"PropertyValueSpecification","valueRequired":true,"valueName":"search_term_string"}}],"inLanguage":"qt"},{"@type":"Organization","@id":"https:\/\/qtmm.org\/qt\/#organization","name":"\u041c\u0435\u0434\u0436\u043b\u0456\u0441","url":"https:\/\/qtmm.org\/qt\/","logo":{"@type":"ImageObject","inLanguage":"qt","@id":"https:\/\/qtmm.org\/qt\/#\/schema\/logo\/image\/","url":"https:\/\/qtmm.org\/wp-content\/uploads\/2024\/12\/ua-mejlis-logo-rgb.svg","contentUrl":"https:\/\/qtmm.org\/wp-content\/uploads\/2024\/12\/ua-mejlis-logo-rgb.svg","caption":"\u041c\u0435\u0434\u0436\u043b\u0456\u0441"},"image":{"@id":"https:\/\/qtmm.org\/qt\/#\/schema\/logo\/image\/"},"sameAs":["https:\/\/www.facebook.com\/qtmm.info\/"]},{"@type":"Person","@id":"https:\/\/qtmm.org\/qt\/#\/schema\/person\/de562469f971dec226ac06e60bbf74a7","name":"Developer","image":{"@type":"ImageObject","inLanguage":"qt","@id":"https:\/\/secure.gravatar.com\/avatar\/392b4cc8fbfeb00b39dfeeab4ee6edded39ffd48e25858637e4765810300227e?s=96&d=mm&r=g","url":"https:\/\/secure.gravatar.com\/avatar\/392b4cc8fbfeb00b39dfeeab4ee6edded39ffd48e25858637e4765810300227e?s=96&d=mm&r=g","contentUrl":"https:\/\/secure.gravatar.com\/avatar\/392b4cc8fbfeb00b39dfeeab4ee6edded39ffd48e25858637e4765810300227e?s=96&d=mm&r=g","caption":"Developer"},"url":"https:\/\/qtmm.org\/qt\/author\/Developer\/"}]}},"_links":{"self":[{"href":"https:\/\/qtmm.org\/qt\/wp-json\/wp\/v2\/posts\/41663","targetHints":{"allow":["GET"]}}],"collection":[{"href":"https:\/\/qtmm.org\/qt\/wp-json\/wp\/v2\/posts"}],"about":[{"href":"https:\/\/qtmm.org\/qt\/wp-json\/wp\/v2\/types\/post"}],"author":[{"embeddable":true,"href":"https:\/\/qtmm.org\/qt\/wp-json\/wp\/v2\/users\/1"}],"replies":[{"embeddable":true,"href":"https:\/\/qtmm.org\/qt\/wp-json\/wp\/v2\/comments?post=41663"}],"version-history":[{"count":1,"href":"https:\/\/qtmm.org\/qt\/wp-json\/wp\/v2\/posts\/41663\/revisions"}],"predecessor-version":[{"id":41664,"href":"https:\/\/qtmm.org\/qt\/wp-json\/wp\/v2\/posts\/41663\/revisions\/41664"}],"wp:attachment":[{"href":"https:\/\/qtmm.org\/qt\/wp-json\/wp\/v2\/media?parent=41663"}],"wp:term":[{"taxonomy":"category","embeddable":true,"href":"https:\/\/qtmm.org\/qt\/wp-json\/wp\/v2\/categories?post=41663"},{"taxonomy":"post_tag","embeddable":true,"href":"https:\/\/qtmm.org\/qt\/wp-json\/wp\/v2\/tags?post=41663"}],"curies":[{"name":"wp","href":"https:\/\/api.w.org\/{rel}","templated":true}]}}