




{"id":41649,"date":"2013-12-13T11:36:00","date_gmt":"2013-12-13T08:36:00","guid":{"rendered":"http:\/\/qtmm.org\/?p=41649"},"modified":"2022-01-27T11:37:59","modified_gmt":"2022-01-27T08:37:59","slug":"emine-avamileva-akimiyet-organlari-ve-qirimtatarlarnin-milliy-idare-organlarinin-isbirligi-tasil-meselelerini-cezuvde-musbet-netice-berir","status":"publish","type":"post","link":"https:\/\/qtmm.org\/qt\/emine-avamileva-akimiyet-organlari-ve-qirimtatarlarnin-milliy-idare-organlarinin-isbirligi-tasil-meselelerini-cezuvde-musbet-netice-berir\/","title":{"rendered":"Emine Avamileva: \u00abAkimiyet organlar\u0131 ve q\u0131r\u0131mtatarlarn\u0131\u00f1 milliy idare organlar\u0131n\u0131\u00f1 i\u015fbirligi tasil meselelerini \u00e7ez\u00fcvde m\u00fcsbet netice berir\u00bb"},"content":{"rendered":"\n<p>Dekabr 13 k\u00fcn\u00fc Saq rayon devlet memuriyetinde ol\u0131p ke\u00e7ken t\u00f6gerek masa etraf\u0131ndaki topla\u015fuvda Saq rayon\u0131nda q\u0131r\u0131mtatarlarn\u0131\u00f1 tasili ve medeniy inki\u015faf\u0131 meseleleri etraf\u0131nda muzakere etildi.<\/p>\n\n\n\n<p>Tedbirde Meclis reisini\u00f1 muavinleri Zaur Smirnov, Nariman Cel\u00e2l ve Ayder Acimambetov, Saq rayon devlet memuriyetini\u00f1 ba\u015f\u0131 Aleksandr \u00d6vdiyenko, Saq rayon \u015furas\u0131n\u0131\u00f1 reisi Nikolay Rassolovskiy, Meclisni\u00f1 q\u0131r\u0131mtatar tilinde tasil ve q\u0131r\u0131mtatar tilini Q\u0131r\u0131mn\u0131\u00f1 devlet ve cemaat \u00f6m\u00fcrine tadbiq et\u00fcv meseleleri boyunca idaresini\u00f1 ba\u015f\u0131 Emine Avamileva, Saq regional meclis reisi Eskender Bil\u00e2lov, Saq rayon devlet memuriyeti tasil b\u00f6l\u00fcgini\u00f1 m\u00fcdiri Vladimir Sobolev, medeniyet b\u00f6l\u00fcgini\u00f1 m\u00fcdiri Aleksandr Grabina, milletlerara munasebetler ve din meseleleri boyunca b\u00f6l\u00fck m\u00fcdiri Aliye Veysova i\u015ftirak ettiler.<\/p>\n\n\n\n<figure class=\"wp-block-image size-full\"><img loading=\"lazy\" decoding=\"async\" width=\"650\" height=\"492\" src=\"http:\/\/qtmm.org\/wp-content\/uploads\/2022\/01\/2_150.jpeg\" alt=\"\" class=\"wp-image-41654\" srcset=\"https:\/\/qtmm.org\/wp-content\/uploads\/2022\/01\/2_150.jpeg 650w, https:\/\/qtmm.org\/wp-content\/uploads\/2022\/01\/2_150-300x227.jpeg 300w\" sizes=\"auto, (max-width: 650px) 100vw, 650px\" \/><\/figure>\n\n\n\n<p>Emine Avamilevan\u0131\u00f1 aytqan\u0131na k\u00f6re, t\u00f6gerek masa tedbirini\u00f1 i\u015ftirak\u00e7ileri Saq rayon\u0131nda q\u0131r\u0131mtatar tilinde tasil, q\u0131r\u0131mtatar tilinde oqut\u0131l\u011fan orta ve mektepkece tasil m\u00fcessiseleri i\u00e7\u00fcn kadrlarn\u0131 az\u0131rlav, bun\u0131\u00f1 kibi de rayondaki bala ba\u011f\u00e7alar\u0131n\u0131 metodik qullanmalarnen teminlev, medeniy inki\u015faf ve halq adetlerini saqlap qaluv meselelerini muzakere ettiler, Taraflar a\u011f\u0131mdaki problemlerni \u00e7ez\u00fcvni\u00f1 esas yollar\u0131n\u0131 da belgilediler.<\/p>\n\n\n\n<p>&#8220;E\u00f1 m\u00fcimi \u2013bu, elbetteki ana-babalar balalar\u0131n\u0131\u00f1 ana tilini \u00f6grenmesini\u00f1 zarurl\u0131\u011f\u0131n\u0131 a\u00f1lamalar\u0131ndad\u0131r, &#8211; dedi E.Avamileva ve \u015fun\u0131 da qayd etti ki, ana tilinde tasil almaq i\u00e7\u00fcn akimiyet taraf\u0131ndan zarur \u015farait yarat\u0131lmal\u0131d\u0131r.<\/p>\n\n\n\n<p>\u00d6z nevbetinde Saq rayon devlet memuriyetini\u00f1 ba\u015f\u0131 Aleksandr \u00d6vdiyenko dedi ki, balalarn\u0131 q\u0131r\u0131mtatar tilinde oqutuv yal\u0131\u00f1\u0131z ana tilinde serbest qonu\u015fmaq imk\u00e2n\u0131n\u0131 bermek degil de, balalar\u011fa \u00f6z halq\u0131n\u0131\u00f1 maneviy bayl\u0131\u011f\u0131na, milliy anane ve adetlerge say\u011f\u0131 a\u015flar. &#8220;Bug\u00fcnde-bug\u00fcn rayon akimiyetini\u00f1 vazifesi Saq rayon\u0131nda ya\u015fa\u011fan b\u00fct\u00fcn halqlarn\u0131\u00f1 tasili i\u00e7\u00fcn o\u00f1aytl\u0131 \u015faraitler yaratmaqtan ibarettir&#8221;, &#8211; dedi Aleksandr \u00d6vdiyenko.<\/p>\n\n\n\n<figure class=\"wp-block-image size-full\"><img loading=\"lazy\" decoding=\"async\" width=\"650\" height=\"492\" src=\"http:\/\/qtmm.org\/wp-content\/uploads\/2022\/01\/3_116.jpeg\" alt=\"\" class=\"wp-image-41658\" srcset=\"https:\/\/qtmm.org\/wp-content\/uploads\/2022\/01\/3_116.jpeg 650w, https:\/\/qtmm.org\/wp-content\/uploads\/2022\/01\/3_116-300x227.jpeg 300w\" sizes=\"auto, (max-width: 650px) 100vw, 650px\" \/><\/figure>\n\n\n\n<p>&#8220;Biz \u00f6yle fikirge keldik ki, akimiyet organlar\u0131 ve q\u0131r\u0131mtatarlarn\u0131\u00f1 milliy idare organlar\u0131n\u0131\u00f1 i\u015fbirligi tasil meselelerini \u00e7ez\u00fcvde m\u00fcsbet netice berir&#8221;, &#8211; dep qayd etti Emine Avamileva. \u2013 Bu i\u015f q\u0131r\u0131mtatarlarn\u0131\u00f1 milliy tasil sistemini, medeniy degerlikleri ve maneviylikni saqlap qaluv ve inki\u015faf ettir\u00fcvge do\u011frult\u0131lacaq&#8221;.<\/p>\n\n\n\n<p>Meclis reisini\u00f1 muavini Zaur Smirnovn\u0131\u00f1 bildirgenine k\u00f6re t\u00f6gerek masa tedbirinde bun\u0131\u00f1 kibi de oquv m\u00fcessiselerinde ve akimiyet organ\u0131 binalar\u0131nda q\u0131r\u0131mtatar tilinde i\u015faretler olmas\u0131n\u0131\u00f1 kerekligi de qayd etildi.<\/p>\n\n\n\n<p>Saq rayon \u015furas\u0131n\u0131\u00f1 reisi Nikolay Rassolovskiy bu meseleni nevbetteki sessiyan\u0131\u00f1 k\u00fcn tertibine kirsetilmesini teklif etti.<\/p>\n","protected":false},"excerpt":{"rendered":"<p>Dekabr 13 k\u00fcn\u00fc Saq rayon devlet memuriyetinde ol\u0131p ke\u00e7ken t\u00f6gerek masa etraf\u0131ndaki topla\u015fuvda Saq rayon\u0131nda q\u0131r\u0131mtatarlarn\u0131\u00f1 tasili ve medeniy inki\u015faf\u0131 meseleleri etraf\u0131nda muzakere etildi. Tedbirde Meclis reisini\u00f1 muavinleri Zaur Smirnov, Nariman Cel\u00e2l ve Ayder Acimambetov, Saq rayon devlet memuriyetini\u00f1 ba\u015f\u0131 Aleksandr \u00d6vdiyenko, Saq rayon \u015furas\u0131n\u0131\u00f1 reisi Nikolay Rassolovskiy, Meclisni\u00f1 q\u0131r\u0131mtatar tilinde tasil ve q\u0131r\u0131mtatar tilini [&hellip;]<\/p>\n","protected":false},"author":1,"featured_media":41650,"comment_status":"open","ping_status":"open","sticky":false,"template":"","format":"standard","meta":{"inline_featured_image":false,"footnotes":""},"categories":[265],"tags":[],"class_list":["post-41649","post","type-post","status-publish","format-standard","has-post-thumbnail","hentry","category-haberler"],"acf":[],"yoast_head":"<!-- This site is optimized with the Yoast SEO plugin v27.4 - https:\/\/yoast.com\/product\/yoast-seo-wordpress\/ -->\n<title>Emine Avamileva: \u00abAkimiyet organlar\u0131 ve q\u0131r\u0131mtatarlarn\u0131\u00f1 milliy idare organlar\u0131n\u0131\u00f1 i\u015fbirligi tasil meselelerini \u00e7ez\u00fcvde m\u00fcsbet netice berir\u00bb - \u041c\u0435\u0434\u0436\u043b\u0456\u0441<\/title>\n<meta name=\"robots\" content=\"index, follow, max-snippet:-1, max-image-preview:large, max-video-preview:-1\" \/>\n<link rel=\"canonical\" href=\"https:\/\/qtmm.org\/qt\/emine-avamileva-akimiyet-organlari-ve-qirimtatarlarnin-milliy-idare-organlarinin-isbirligi-tasil-meselelerini-cezuvde-musbet-netice-berir\/\" \/>\n<meta property=\"og:locale\" content=\"en_US\" \/>\n<meta property=\"og:type\" content=\"article\" \/>\n<meta property=\"og:title\" content=\"Emine Avamileva: \u00abAkimiyet organlar\u0131 ve q\u0131r\u0131mtatarlarn\u0131\u00f1 milliy idare organlar\u0131n\u0131\u00f1 i\u015fbirligi tasil meselelerini \u00e7ez\u00fcvde m\u00fcsbet netice berir\u00bb - \u041c\u0435\u0434\u0436\u043b\u0456\u0441\" \/>\n<meta property=\"og:description\" content=\"Dekabr 13 k\u00fcn\u00fc Saq rayon devlet memuriyetinde ol\u0131p ke\u00e7ken t\u00f6gerek masa etraf\u0131ndaki topla\u015fuvda Saq rayon\u0131nda q\u0131r\u0131mtatarlarn\u0131\u00f1 tasili ve medeniy inki\u015faf\u0131 meseleleri etraf\u0131nda muzakere etildi. Tedbirde Meclis reisini\u00f1 muavinleri Zaur Smirnov, Nariman Cel\u00e2l ve Ayder Acimambetov, Saq rayon devlet memuriyetini\u00f1 ba\u015f\u0131 Aleksandr \u00d6vdiyenko, Saq rayon \u015furas\u0131n\u0131\u00f1 reisi Nikolay Rassolovskiy, Meclisni\u00f1 q\u0131r\u0131mtatar tilinde tasil ve q\u0131r\u0131mtatar tilini [&hellip;]\" \/>\n<meta property=\"og:url\" content=\"https:\/\/qtmm.org\/qt\/emine-avamileva-akimiyet-organlari-ve-qirimtatarlarnin-milliy-idare-organlarinin-isbirligi-tasil-meselelerini-cezuvde-musbet-netice-berir\/\" \/>\n<meta property=\"og:site_name\" content=\"\u041c\u0435\u0434\u0436\u043b\u0456\u0441\" \/>\n<meta property=\"article:publisher\" content=\"https:\/\/www.facebook.com\/qtmm.info\/\" \/>\n<meta property=\"article:published_time\" content=\"2013-12-13T08:36:00+00:00\" \/>\n<meta property=\"article:modified_time\" content=\"2022-01-27T08:37:59+00:00\" \/>\n<meta property=\"og:image\" content=\"https:\/\/qtmm.org\/wp-content\/uploads\/2022\/01\/1_147.jpeg\" \/>\n\t<meta property=\"og:image:width\" content=\"650\" \/>\n\t<meta property=\"og:image:height\" content=\"492\" \/>\n\t<meta property=\"og:image:type\" content=\"image\/jpeg\" \/>\n<meta name=\"author\" content=\"Developer\" \/>\n<meta name=\"twitter:card\" content=\"summary_large_image\" \/>\n<meta name=\"twitter:label1\" content=\"Written by\" \/>\n\t<meta name=\"twitter:data1\" content=\"Developer\" \/>\n\t<meta name=\"twitter:label2\" content=\"Est. reading time\" \/>\n\t<meta name=\"twitter:data2\" content=\"2 minutes\" \/>\n<script type=\"application\/ld+json\" class=\"yoast-schema-graph\">{\"@context\":\"https:\\\/\\\/schema.org\",\"@graph\":[{\"@type\":\"Article\",\"@id\":\"https:\\\/\\\/qtmm.org\\\/qt\\\/emine-avamileva-akimiyet-organlari-ve-qirimtatarlarnin-milliy-idare-organlarinin-isbirligi-tasil-meselelerini-cezuvde-musbet-netice-berir\\\/#article\",\"isPartOf\":{\"@id\":\"https:\\\/\\\/qtmm.org\\\/qt\\\/emine-avamileva-akimiyet-organlari-ve-qirimtatarlarnin-milliy-idare-organlarinin-isbirligi-tasil-meselelerini-cezuvde-musbet-netice-berir\\\/\"},\"author\":{\"name\":\"Developer\",\"@id\":\"https:\\\/\\\/qtmm.org\\\/qt\\\/#\\\/schema\\\/person\\\/de562469f971dec226ac06e60bbf74a7\"},\"headline\":\"Emine Avamileva: \u00abAkimiyet organlar\u0131 ve q\u0131r\u0131mtatarlarn\u0131\u00f1 milliy idare organlar\u0131n\u0131\u00f1 i\u015fbirligi tasil meselelerini \u00e7ez\u00fcvde m\u00fcsbet netice berir\u00bb\",\"datePublished\":\"2013-12-13T08:36:00+00:00\",\"dateModified\":\"2022-01-27T08:37:59+00:00\",\"mainEntityOfPage\":{\"@id\":\"https:\\\/\\\/qtmm.org\\\/qt\\\/emine-avamileva-akimiyet-organlari-ve-qirimtatarlarnin-milliy-idare-organlarinin-isbirligi-tasil-meselelerini-cezuvde-musbet-netice-berir\\\/\"},\"wordCount\":445,\"commentCount\":0,\"publisher\":{\"@id\":\"https:\\\/\\\/qtmm.org\\\/qt\\\/#organization\"},\"image\":{\"@id\":\"https:\\\/\\\/qtmm.org\\\/qt\\\/emine-avamileva-akimiyet-organlari-ve-qirimtatarlarnin-milliy-idare-organlarinin-isbirligi-tasil-meselelerini-cezuvde-musbet-netice-berir\\\/#primaryimage\"},\"thumbnailUrl\":\"https:\\\/\\\/qtmm.org\\\/wp-content\\\/uploads\\\/2022\\\/01\\\/1_147.jpeg\",\"articleSection\":[\"Haberler\"],\"inLanguage\":\"qt\",\"potentialAction\":[{\"@type\":\"CommentAction\",\"name\":\"Comment\",\"target\":[\"https:\\\/\\\/qtmm.org\\\/qt\\\/emine-avamileva-akimiyet-organlari-ve-qirimtatarlarnin-milliy-idare-organlarinin-isbirligi-tasil-meselelerini-cezuvde-musbet-netice-berir\\\/#respond\"]}]},{\"@type\":\"WebPage\",\"@id\":\"https:\\\/\\\/qtmm.org\\\/qt\\\/emine-avamileva-akimiyet-organlari-ve-qirimtatarlarnin-milliy-idare-organlarinin-isbirligi-tasil-meselelerini-cezuvde-musbet-netice-berir\\\/\",\"url\":\"https:\\\/\\\/qtmm.org\\\/qt\\\/emine-avamileva-akimiyet-organlari-ve-qirimtatarlarnin-milliy-idare-organlarinin-isbirligi-tasil-meselelerini-cezuvde-musbet-netice-berir\\\/\",\"name\":\"Emine Avamileva: \u00abAkimiyet organlar\u0131 ve q\u0131r\u0131mtatarlarn\u0131\u00f1 milliy idare organlar\u0131n\u0131\u00f1 i\u015fbirligi tasil meselelerini \u00e7ez\u00fcvde m\u00fcsbet netice berir\u00bb - \u041c\u0435\u0434\u0436\u043b\u0456\u0441\",\"isPartOf\":{\"@id\":\"https:\\\/\\\/qtmm.org\\\/qt\\\/#website\"},\"primaryImageOfPage\":{\"@id\":\"https:\\\/\\\/qtmm.org\\\/qt\\\/emine-avamileva-akimiyet-organlari-ve-qirimtatarlarnin-milliy-idare-organlarinin-isbirligi-tasil-meselelerini-cezuvde-musbet-netice-berir\\\/#primaryimage\"},\"image\":{\"@id\":\"https:\\\/\\\/qtmm.org\\\/qt\\\/emine-avamileva-akimiyet-organlari-ve-qirimtatarlarnin-milliy-idare-organlarinin-isbirligi-tasil-meselelerini-cezuvde-musbet-netice-berir\\\/#primaryimage\"},\"thumbnailUrl\":\"https:\\\/\\\/qtmm.org\\\/wp-content\\\/uploads\\\/2022\\\/01\\\/1_147.jpeg\",\"datePublished\":\"2013-12-13T08:36:00+00:00\",\"dateModified\":\"2022-01-27T08:37:59+00:00\",\"breadcrumb\":{\"@id\":\"https:\\\/\\\/qtmm.org\\\/qt\\\/emine-avamileva-akimiyet-organlari-ve-qirimtatarlarnin-milliy-idare-organlarinin-isbirligi-tasil-meselelerini-cezuvde-musbet-netice-berir\\\/#breadcrumb\"},\"inLanguage\":\"qt\",\"potentialAction\":[{\"@type\":\"ReadAction\",\"target\":[\"https:\\\/\\\/qtmm.org\\\/qt\\\/emine-avamileva-akimiyet-organlari-ve-qirimtatarlarnin-milliy-idare-organlarinin-isbirligi-tasil-meselelerini-cezuvde-musbet-netice-berir\\\/\"]}]},{\"@type\":\"ImageObject\",\"inLanguage\":\"qt\",\"@id\":\"https:\\\/\\\/qtmm.org\\\/qt\\\/emine-avamileva-akimiyet-organlari-ve-qirimtatarlarnin-milliy-idare-organlarinin-isbirligi-tasil-meselelerini-cezuvde-musbet-netice-berir\\\/#primaryimage\",\"url\":\"https:\\\/\\\/qtmm.org\\\/wp-content\\\/uploads\\\/2022\\\/01\\\/1_147.jpeg\",\"contentUrl\":\"https:\\\/\\\/qtmm.org\\\/wp-content\\\/uploads\\\/2022\\\/01\\\/1_147.jpeg\",\"width\":650,\"height\":492},{\"@type\":\"BreadcrumbList\",\"@id\":\"https:\\\/\\\/qtmm.org\\\/qt\\\/emine-avamileva-akimiyet-organlari-ve-qirimtatarlarnin-milliy-idare-organlarinin-isbirligi-tasil-meselelerini-cezuvde-musbet-netice-berir\\\/#breadcrumb\",\"itemListElement\":[{\"@type\":\"ListItem\",\"position\":1,\"name\":\"\u0413\u043e\u043b\u043e\u0432\u043d\u0430\",\"item\":\"https:\\\/\\\/qtmm.org\\\/qt\\\/\"},{\"@type\":\"ListItem\",\"position\":2,\"name\":\"Emine Avamileva: \u00abAkimiyet organlar\u0131 ve q\u0131r\u0131mtatarlarn\u0131\u00f1 milliy idare organlar\u0131n\u0131\u00f1 i\u015fbirligi tasil meselelerini \u00e7ez\u00fcvde m\u00fcsbet netice berir\u00bb\"}]},{\"@type\":\"WebSite\",\"@id\":\"https:\\\/\\\/qtmm.org\\\/qt\\\/#website\",\"url\":\"https:\\\/\\\/qtmm.org\\\/qt\\\/\",\"name\":\"\u041c\u0435\u0434\u0436\u043b\u0456\u0441\",\"description\":\"\",\"publisher\":{\"@id\":\"https:\\\/\\\/qtmm.org\\\/qt\\\/#organization\"},\"potentialAction\":[{\"@type\":\"SearchAction\",\"target\":{\"@type\":\"EntryPoint\",\"urlTemplate\":\"https:\\\/\\\/qtmm.org\\\/qt\\\/?s={search_term_string}\"},\"query-input\":{\"@type\":\"PropertyValueSpecification\",\"valueRequired\":true,\"valueName\":\"search_term_string\"}}],\"inLanguage\":\"qt\"},{\"@type\":\"Organization\",\"@id\":\"https:\\\/\\\/qtmm.org\\\/qt\\\/#organization\",\"name\":\"\u041c\u0435\u0434\u0436\u043b\u0456\u0441\",\"url\":\"https:\\\/\\\/qtmm.org\\\/qt\\\/\",\"logo\":{\"@type\":\"ImageObject\",\"inLanguage\":\"qt\",\"@id\":\"https:\\\/\\\/qtmm.org\\\/qt\\\/#\\\/schema\\\/logo\\\/image\\\/\",\"url\":\"https:\\\/\\\/qtmm.org\\\/wp-content\\\/uploads\\\/2024\\\/12\\\/ua-mejlis-logo-rgb.svg\",\"contentUrl\":\"https:\\\/\\\/qtmm.org\\\/wp-content\\\/uploads\\\/2024\\\/12\\\/ua-mejlis-logo-rgb.svg\",\"caption\":\"\u041c\u0435\u0434\u0436\u043b\u0456\u0441\"},\"image\":{\"@id\":\"https:\\\/\\\/qtmm.org\\\/qt\\\/#\\\/schema\\\/logo\\\/image\\\/\"},\"sameAs\":[\"https:\\\/\\\/www.facebook.com\\\/qtmm.info\\\/\"]},{\"@type\":\"Person\",\"@id\":\"https:\\\/\\\/qtmm.org\\\/qt\\\/#\\\/schema\\\/person\\\/de562469f971dec226ac06e60bbf74a7\",\"name\":\"Developer\",\"image\":{\"@type\":\"ImageObject\",\"inLanguage\":\"qt\",\"@id\":\"https:\\\/\\\/secure.gravatar.com\\\/avatar\\\/392b4cc8fbfeb00b39dfeeab4ee6edded39ffd48e25858637e4765810300227e?s=96&d=mm&r=g\",\"url\":\"https:\\\/\\\/secure.gravatar.com\\\/avatar\\\/392b4cc8fbfeb00b39dfeeab4ee6edded39ffd48e25858637e4765810300227e?s=96&d=mm&r=g\",\"contentUrl\":\"https:\\\/\\\/secure.gravatar.com\\\/avatar\\\/392b4cc8fbfeb00b39dfeeab4ee6edded39ffd48e25858637e4765810300227e?s=96&d=mm&r=g\",\"caption\":\"Developer\"},\"url\":\"https:\\\/\\\/qtmm.org\\\/qt\\\/author\\\/Developer\\\/\"}]}<\/script>\n<!-- \/ Yoast SEO plugin. -->","yoast_head_json":{"title":"Emine Avamileva: \u00abAkimiyet organlar\u0131 ve q\u0131r\u0131mtatarlarn\u0131\u00f1 milliy idare organlar\u0131n\u0131\u00f1 i\u015fbirligi tasil meselelerini \u00e7ez\u00fcvde m\u00fcsbet netice berir\u00bb - \u041c\u0435\u0434\u0436\u043b\u0456\u0441","robots":{"index":"index","follow":"follow","max-snippet":"max-snippet:-1","max-image-preview":"max-image-preview:large","max-video-preview":"max-video-preview:-1"},"canonical":"https:\/\/qtmm.org\/qt\/emine-avamileva-akimiyet-organlari-ve-qirimtatarlarnin-milliy-idare-organlarinin-isbirligi-tasil-meselelerini-cezuvde-musbet-netice-berir\/","og_locale":"en_US","og_type":"article","og_title":"Emine Avamileva: \u00abAkimiyet organlar\u0131 ve q\u0131r\u0131mtatarlarn\u0131\u00f1 milliy idare organlar\u0131n\u0131\u00f1 i\u015fbirligi tasil meselelerini \u00e7ez\u00fcvde m\u00fcsbet netice berir\u00bb - \u041c\u0435\u0434\u0436\u043b\u0456\u0441","og_description":"Dekabr 13 k\u00fcn\u00fc Saq rayon devlet memuriyetinde ol\u0131p ke\u00e7ken t\u00f6gerek masa etraf\u0131ndaki topla\u015fuvda Saq rayon\u0131nda q\u0131r\u0131mtatarlarn\u0131\u00f1 tasili ve medeniy inki\u015faf\u0131 meseleleri etraf\u0131nda muzakere etildi. Tedbirde Meclis reisini\u00f1 muavinleri Zaur Smirnov, Nariman Cel\u00e2l ve Ayder Acimambetov, Saq rayon devlet memuriyetini\u00f1 ba\u015f\u0131 Aleksandr \u00d6vdiyenko, Saq rayon \u015furas\u0131n\u0131\u00f1 reisi Nikolay Rassolovskiy, Meclisni\u00f1 q\u0131r\u0131mtatar tilinde tasil ve q\u0131r\u0131mtatar tilini [&hellip;]","og_url":"https:\/\/qtmm.org\/qt\/emine-avamileva-akimiyet-organlari-ve-qirimtatarlarnin-milliy-idare-organlarinin-isbirligi-tasil-meselelerini-cezuvde-musbet-netice-berir\/","og_site_name":"\u041c\u0435\u0434\u0436\u043b\u0456\u0441","article_publisher":"https:\/\/www.facebook.com\/qtmm.info\/","article_published_time":"2013-12-13T08:36:00+00:00","article_modified_time":"2022-01-27T08:37:59+00:00","og_image":[{"width":650,"height":492,"url":"https:\/\/qtmm.org\/wp-content\/uploads\/2022\/01\/1_147.jpeg","type":"image\/jpeg"}],"author":"Developer","twitter_card":"summary_large_image","twitter_misc":{"Written by":"Developer","Est. reading time":"2 minutes"},"schema":{"@context":"https:\/\/schema.org","@graph":[{"@type":"Article","@id":"https:\/\/qtmm.org\/qt\/emine-avamileva-akimiyet-organlari-ve-qirimtatarlarnin-milliy-idare-organlarinin-isbirligi-tasil-meselelerini-cezuvde-musbet-netice-berir\/#article","isPartOf":{"@id":"https:\/\/qtmm.org\/qt\/emine-avamileva-akimiyet-organlari-ve-qirimtatarlarnin-milliy-idare-organlarinin-isbirligi-tasil-meselelerini-cezuvde-musbet-netice-berir\/"},"author":{"name":"Developer","@id":"https:\/\/qtmm.org\/qt\/#\/schema\/person\/de562469f971dec226ac06e60bbf74a7"},"headline":"Emine Avamileva: \u00abAkimiyet organlar\u0131 ve q\u0131r\u0131mtatarlarn\u0131\u00f1 milliy idare organlar\u0131n\u0131\u00f1 i\u015fbirligi tasil meselelerini \u00e7ez\u00fcvde m\u00fcsbet netice berir\u00bb","datePublished":"2013-12-13T08:36:00+00:00","dateModified":"2022-01-27T08:37:59+00:00","mainEntityOfPage":{"@id":"https:\/\/qtmm.org\/qt\/emine-avamileva-akimiyet-organlari-ve-qirimtatarlarnin-milliy-idare-organlarinin-isbirligi-tasil-meselelerini-cezuvde-musbet-netice-berir\/"},"wordCount":445,"commentCount":0,"publisher":{"@id":"https:\/\/qtmm.org\/qt\/#organization"},"image":{"@id":"https:\/\/qtmm.org\/qt\/emine-avamileva-akimiyet-organlari-ve-qirimtatarlarnin-milliy-idare-organlarinin-isbirligi-tasil-meselelerini-cezuvde-musbet-netice-berir\/#primaryimage"},"thumbnailUrl":"https:\/\/qtmm.org\/wp-content\/uploads\/2022\/01\/1_147.jpeg","articleSection":["Haberler"],"inLanguage":"qt","potentialAction":[{"@type":"CommentAction","name":"Comment","target":["https:\/\/qtmm.org\/qt\/emine-avamileva-akimiyet-organlari-ve-qirimtatarlarnin-milliy-idare-organlarinin-isbirligi-tasil-meselelerini-cezuvde-musbet-netice-berir\/#respond"]}]},{"@type":"WebPage","@id":"https:\/\/qtmm.org\/qt\/emine-avamileva-akimiyet-organlari-ve-qirimtatarlarnin-milliy-idare-organlarinin-isbirligi-tasil-meselelerini-cezuvde-musbet-netice-berir\/","url":"https:\/\/qtmm.org\/qt\/emine-avamileva-akimiyet-organlari-ve-qirimtatarlarnin-milliy-idare-organlarinin-isbirligi-tasil-meselelerini-cezuvde-musbet-netice-berir\/","name":"Emine Avamileva: \u00abAkimiyet organlar\u0131 ve q\u0131r\u0131mtatarlarn\u0131\u00f1 milliy idare organlar\u0131n\u0131\u00f1 i\u015fbirligi tasil meselelerini \u00e7ez\u00fcvde m\u00fcsbet netice berir\u00bb - \u041c\u0435\u0434\u0436\u043b\u0456\u0441","isPartOf":{"@id":"https:\/\/qtmm.org\/qt\/#website"},"primaryImageOfPage":{"@id":"https:\/\/qtmm.org\/qt\/emine-avamileva-akimiyet-organlari-ve-qirimtatarlarnin-milliy-idare-organlarinin-isbirligi-tasil-meselelerini-cezuvde-musbet-netice-berir\/#primaryimage"},"image":{"@id":"https:\/\/qtmm.org\/qt\/emine-avamileva-akimiyet-organlari-ve-qirimtatarlarnin-milliy-idare-organlarinin-isbirligi-tasil-meselelerini-cezuvde-musbet-netice-berir\/#primaryimage"},"thumbnailUrl":"https:\/\/qtmm.org\/wp-content\/uploads\/2022\/01\/1_147.jpeg","datePublished":"2013-12-13T08:36:00+00:00","dateModified":"2022-01-27T08:37:59+00:00","breadcrumb":{"@id":"https:\/\/qtmm.org\/qt\/emine-avamileva-akimiyet-organlari-ve-qirimtatarlarnin-milliy-idare-organlarinin-isbirligi-tasil-meselelerini-cezuvde-musbet-netice-berir\/#breadcrumb"},"inLanguage":"qt","potentialAction":[{"@type":"ReadAction","target":["https:\/\/qtmm.org\/qt\/emine-avamileva-akimiyet-organlari-ve-qirimtatarlarnin-milliy-idare-organlarinin-isbirligi-tasil-meselelerini-cezuvde-musbet-netice-berir\/"]}]},{"@type":"ImageObject","inLanguage":"qt","@id":"https:\/\/qtmm.org\/qt\/emine-avamileva-akimiyet-organlari-ve-qirimtatarlarnin-milliy-idare-organlarinin-isbirligi-tasil-meselelerini-cezuvde-musbet-netice-berir\/#primaryimage","url":"https:\/\/qtmm.org\/wp-content\/uploads\/2022\/01\/1_147.jpeg","contentUrl":"https:\/\/qtmm.org\/wp-content\/uploads\/2022\/01\/1_147.jpeg","width":650,"height":492},{"@type":"BreadcrumbList","@id":"https:\/\/qtmm.org\/qt\/emine-avamileva-akimiyet-organlari-ve-qirimtatarlarnin-milliy-idare-organlarinin-isbirligi-tasil-meselelerini-cezuvde-musbet-netice-berir\/#breadcrumb","itemListElement":[{"@type":"ListItem","position":1,"name":"\u0413\u043e\u043b\u043e\u0432\u043d\u0430","item":"https:\/\/qtmm.org\/qt\/"},{"@type":"ListItem","position":2,"name":"Emine Avamileva: \u00abAkimiyet organlar\u0131 ve q\u0131r\u0131mtatarlarn\u0131\u00f1 milliy idare organlar\u0131n\u0131\u00f1 i\u015fbirligi tasil meselelerini \u00e7ez\u00fcvde m\u00fcsbet netice berir\u00bb"}]},{"@type":"WebSite","@id":"https:\/\/qtmm.org\/qt\/#website","url":"https:\/\/qtmm.org\/qt\/","name":"\u041c\u0435\u0434\u0436\u043b\u0456\u0441","description":"","publisher":{"@id":"https:\/\/qtmm.org\/qt\/#organization"},"potentialAction":[{"@type":"SearchAction","target":{"@type":"EntryPoint","urlTemplate":"https:\/\/qtmm.org\/qt\/?s={search_term_string}"},"query-input":{"@type":"PropertyValueSpecification","valueRequired":true,"valueName":"search_term_string"}}],"inLanguage":"qt"},{"@type":"Organization","@id":"https:\/\/qtmm.org\/qt\/#organization","name":"\u041c\u0435\u0434\u0436\u043b\u0456\u0441","url":"https:\/\/qtmm.org\/qt\/","logo":{"@type":"ImageObject","inLanguage":"qt","@id":"https:\/\/qtmm.org\/qt\/#\/schema\/logo\/image\/","url":"https:\/\/qtmm.org\/wp-content\/uploads\/2024\/12\/ua-mejlis-logo-rgb.svg","contentUrl":"https:\/\/qtmm.org\/wp-content\/uploads\/2024\/12\/ua-mejlis-logo-rgb.svg","caption":"\u041c\u0435\u0434\u0436\u043b\u0456\u0441"},"image":{"@id":"https:\/\/qtmm.org\/qt\/#\/schema\/logo\/image\/"},"sameAs":["https:\/\/www.facebook.com\/qtmm.info\/"]},{"@type":"Person","@id":"https:\/\/qtmm.org\/qt\/#\/schema\/person\/de562469f971dec226ac06e60bbf74a7","name":"Developer","image":{"@type":"ImageObject","inLanguage":"qt","@id":"https:\/\/secure.gravatar.com\/avatar\/392b4cc8fbfeb00b39dfeeab4ee6edded39ffd48e25858637e4765810300227e?s=96&d=mm&r=g","url":"https:\/\/secure.gravatar.com\/avatar\/392b4cc8fbfeb00b39dfeeab4ee6edded39ffd48e25858637e4765810300227e?s=96&d=mm&r=g","contentUrl":"https:\/\/secure.gravatar.com\/avatar\/392b4cc8fbfeb00b39dfeeab4ee6edded39ffd48e25858637e4765810300227e?s=96&d=mm&r=g","caption":"Developer"},"url":"https:\/\/qtmm.org\/qt\/author\/Developer\/"}]}},"_links":{"self":[{"href":"https:\/\/qtmm.org\/qt\/wp-json\/wp\/v2\/posts\/41649","targetHints":{"allow":["GET"]}}],"collection":[{"href":"https:\/\/qtmm.org\/qt\/wp-json\/wp\/v2\/posts"}],"about":[{"href":"https:\/\/qtmm.org\/qt\/wp-json\/wp\/v2\/types\/post"}],"author":[{"embeddable":true,"href":"https:\/\/qtmm.org\/qt\/wp-json\/wp\/v2\/users\/1"}],"replies":[{"embeddable":true,"href":"https:\/\/qtmm.org\/qt\/wp-json\/wp\/v2\/comments?post=41649"}],"version-history":[{"count":1,"href":"https:\/\/qtmm.org\/qt\/wp-json\/wp\/v2\/posts\/41649\/revisions"}],"predecessor-version":[{"id":41662,"href":"https:\/\/qtmm.org\/qt\/wp-json\/wp\/v2\/posts\/41649\/revisions\/41662"}],"wp:featuredmedia":[{"embeddable":true,"href":"https:\/\/qtmm.org\/qt\/wp-json\/wp\/v2\/media\/41650"}],"wp:attachment":[{"href":"https:\/\/qtmm.org\/qt\/wp-json\/wp\/v2\/media?parent=41649"}],"wp:term":[{"taxonomy":"category","embeddable":true,"href":"https:\/\/qtmm.org\/qt\/wp-json\/wp\/v2\/categories?post=41649"},{"taxonomy":"post_tag","embeddable":true,"href":"https:\/\/qtmm.org\/qt\/wp-json\/wp\/v2\/tags?post=41649"}],"curies":[{"name":"wp","href":"https:\/\/api.w.org\/{rel}","templated":true}]}}