




{"id":41647,"date":"2013-12-13T11:35:00","date_gmt":"2013-12-13T08:35:00","guid":{"rendered":"http:\/\/qtmm.org\/?p=41647"},"modified":"2022-01-27T11:35:50","modified_gmt":"2022-01-27T08:35:50","slug":"dekabr-21-kunu-yedi-quyu-regioni-qirimtatarlarinin-regional-konferentsiyasi-kecirilecek","status":"publish","type":"post","link":"https:\/\/qtmm.org\/qt\/dekabr-21-kunu-yedi-quyu-regioni-qirimtatarlarinin-regional-konferentsiyasi-kecirilecek\/","title":{"rendered":"Dekabr 21 k\u00fcn\u00fc Yedi quyu region\u0131 q\u0131r\u0131mtatarlar\u0131n\u0131\u00f1 regional konferentsiyas\u0131 ke\u00e7irilecek"},"content":{"rendered":"\n<p>Yedi quyu regional meclis reisi Elvira Akimovan\u0131\u00f1 on\u0131 regional meclis reisi vazifesinden bo\u015fatmaq aqq\u0131nda 2013 senesi noyabr 12-de bergen arzizas\u0131n\u0131 baq\u0131p \u00e7\u0131qaraq &#8220;Q\u0131r\u0131mtatar halq\u0131 milliy yerli idare organlar\u0131 aqq\u0131nda nizam&#8221;n\u0131\u00f1 5.3-nci maddesine binaen Milliy Meclis 2013 senesi dekabr 21-de Yedi quyu regional konferentsiyas\u0131n\u0131\u00f1 ke\u00e7irilmesi aqq\u0131nda qarar ald\u0131.<\/p>\n\n\n\n<p>\u0130\u015fbu qarar edas\u0131n\u0131 nezaret etmek Meclis reisini\u00f1 muavini Zaur Smirnov\u011fa avale etildi.<\/p>\n\n\n\n<p>Hat\u0131rlatam\u0131z ki, 2013 senesi dekabr 21 k\u00fcn\u00fc bun\u0131\u00f1 kibi de Meclis yolba\u015f\u00e7\u0131lar\u0131 ve idare reberlerini\u00f1 Lenin region\u0131, Keri\u00e7 ve Kefe \u015feerlerinde Qurultay delegatlar\u0131, yerli milliy idare organlar\u0131, yerli \u015furalarn\u0131\u00f1 deputatlar\u0131 ve musulman cemiyetlerini\u00f1 reislerinen regionlarara topla\u015fuv\u0131 ke\u00e7irilecek.<\/p>\n","protected":false},"excerpt":{"rendered":"<p>Yedi quyu regional meclis reisi Elvira Akimovan\u0131\u00f1 on\u0131 regional meclis reisi vazifesinden bo\u015fatmaq aqq\u0131nda 2013 senesi noyabr 12-de bergen arzizas\u0131n\u0131 baq\u0131p \u00e7\u0131qaraq &#8220;Q\u0131r\u0131mtatar halq\u0131 milliy yerli idare organlar\u0131 aqq\u0131nda nizam&#8221;n\u0131\u00f1 5.3-nci maddesine binaen Milliy Meclis 2013 senesi dekabr 21-de Yedi quyu regional konferentsiyas\u0131n\u0131\u00f1 ke\u00e7irilmesi aqq\u0131nda qarar ald\u0131. \u0130\u015fbu qarar edas\u0131n\u0131 nezaret etmek Meclis reisini\u00f1 muavini [&hellip;]<\/p>\n","protected":false},"author":1,"featured_media":0,"comment_status":"open","ping_status":"open","sticky":false,"template":"","format":"standard","meta":{"inline_featured_image":false,"footnotes":""},"categories":[265],"tags":[],"class_list":["post-41647","post","type-post","status-publish","format-standard","hentry","category-haberler"],"acf":[],"yoast_head":"<!-- This site is optimized with the Yoast SEO plugin v27.4 - https:\/\/yoast.com\/product\/yoast-seo-wordpress\/ -->\n<title>Dekabr 21 k\u00fcn\u00fc Yedi quyu region\u0131 q\u0131r\u0131mtatarlar\u0131n\u0131\u00f1 regional konferentsiyas\u0131 ke\u00e7irilecek - \u041c\u0435\u0434\u0436\u043b\u0456\u0441<\/title>\n<meta name=\"robots\" content=\"index, follow, max-snippet:-1, max-image-preview:large, max-video-preview:-1\" \/>\n<link rel=\"canonical\" href=\"https:\/\/qtmm.org\/qt\/dekabr-21-kunu-yedi-quyu-regioni-qirimtatarlarinin-regional-konferentsiyasi-kecirilecek\/\" \/>\n<meta property=\"og:locale\" content=\"en_US\" \/>\n<meta property=\"og:type\" content=\"article\" \/>\n<meta property=\"og:title\" content=\"Dekabr 21 k\u00fcn\u00fc Yedi quyu region\u0131 q\u0131r\u0131mtatarlar\u0131n\u0131\u00f1 regional konferentsiyas\u0131 ke\u00e7irilecek - \u041c\u0435\u0434\u0436\u043b\u0456\u0441\" \/>\n<meta property=\"og:description\" content=\"Yedi quyu regional meclis reisi Elvira Akimovan\u0131\u00f1 on\u0131 regional meclis reisi vazifesinden bo\u015fatmaq aqq\u0131nda 2013 senesi noyabr 12-de bergen arzizas\u0131n\u0131 baq\u0131p \u00e7\u0131qaraq &#8220;Q\u0131r\u0131mtatar halq\u0131 milliy yerli idare organlar\u0131 aqq\u0131nda nizam&#8221;n\u0131\u00f1 5.3-nci maddesine binaen Milliy Meclis 2013 senesi dekabr 21-de Yedi quyu regional konferentsiyas\u0131n\u0131\u00f1 ke\u00e7irilmesi aqq\u0131nda qarar ald\u0131. \u0130\u015fbu qarar edas\u0131n\u0131 nezaret etmek Meclis reisini\u00f1 muavini [&hellip;]\" \/>\n<meta property=\"og:url\" content=\"https:\/\/qtmm.org\/qt\/dekabr-21-kunu-yedi-quyu-regioni-qirimtatarlarinin-regional-konferentsiyasi-kecirilecek\/\" \/>\n<meta property=\"og:site_name\" content=\"\u041c\u0435\u0434\u0436\u043b\u0456\u0441\" \/>\n<meta property=\"article:publisher\" content=\"https:\/\/www.facebook.com\/qtmm.info\/\" \/>\n<meta property=\"article:published_time\" content=\"2013-12-13T08:35:00+00:00\" \/>\n<meta property=\"article:modified_time\" content=\"2022-01-27T08:35:50+00:00\" \/>\n<meta name=\"author\" content=\"Developer\" \/>\n<meta name=\"twitter:card\" content=\"summary_large_image\" \/>\n<meta name=\"twitter:label1\" content=\"Written by\" \/>\n\t<meta name=\"twitter:data1\" content=\"Developer\" \/>\n\t<meta name=\"twitter:label2\" content=\"Est. reading time\" \/>\n\t<meta name=\"twitter:data2\" content=\"1 minute\" \/>\n<script type=\"application\/ld+json\" class=\"yoast-schema-graph\">{\"@context\":\"https:\\\/\\\/schema.org\",\"@graph\":[{\"@type\":\"Article\",\"@id\":\"https:\\\/\\\/qtmm.org\\\/qt\\\/dekabr-21-kunu-yedi-quyu-regioni-qirimtatarlarinin-regional-konferentsiyasi-kecirilecek\\\/#article\",\"isPartOf\":{\"@id\":\"https:\\\/\\\/qtmm.org\\\/qt\\\/dekabr-21-kunu-yedi-quyu-regioni-qirimtatarlarinin-regional-konferentsiyasi-kecirilecek\\\/\"},\"author\":{\"name\":\"Developer\",\"@id\":\"https:\\\/\\\/qtmm.org\\\/qt\\\/#\\\/schema\\\/person\\\/de562469f971dec226ac06e60bbf74a7\"},\"headline\":\"Dekabr 21 k\u00fcn\u00fc Yedi quyu region\u0131 q\u0131r\u0131mtatarlar\u0131n\u0131\u00f1 regional konferentsiyas\u0131 ke\u00e7irilecek\",\"datePublished\":\"2013-12-13T08:35:00+00:00\",\"dateModified\":\"2022-01-27T08:35:50+00:00\",\"mainEntityOfPage\":{\"@id\":\"https:\\\/\\\/qtmm.org\\\/qt\\\/dekabr-21-kunu-yedi-quyu-regioni-qirimtatarlarinin-regional-konferentsiyasi-kecirilecek\\\/\"},\"wordCount\":125,\"commentCount\":0,\"publisher\":{\"@id\":\"https:\\\/\\\/qtmm.org\\\/qt\\\/#organization\"},\"articleSection\":[\"Haberler\"],\"inLanguage\":\"qt\",\"potentialAction\":[{\"@type\":\"CommentAction\",\"name\":\"Comment\",\"target\":[\"https:\\\/\\\/qtmm.org\\\/qt\\\/dekabr-21-kunu-yedi-quyu-regioni-qirimtatarlarinin-regional-konferentsiyasi-kecirilecek\\\/#respond\"]}]},{\"@type\":\"WebPage\",\"@id\":\"https:\\\/\\\/qtmm.org\\\/qt\\\/dekabr-21-kunu-yedi-quyu-regioni-qirimtatarlarinin-regional-konferentsiyasi-kecirilecek\\\/\",\"url\":\"https:\\\/\\\/qtmm.org\\\/qt\\\/dekabr-21-kunu-yedi-quyu-regioni-qirimtatarlarinin-regional-konferentsiyasi-kecirilecek\\\/\",\"name\":\"Dekabr 21 k\u00fcn\u00fc Yedi quyu region\u0131 q\u0131r\u0131mtatarlar\u0131n\u0131\u00f1 regional konferentsiyas\u0131 ke\u00e7irilecek - \u041c\u0435\u0434\u0436\u043b\u0456\u0441\",\"isPartOf\":{\"@id\":\"https:\\\/\\\/qtmm.org\\\/qt\\\/#website\"},\"datePublished\":\"2013-12-13T08:35:00+00:00\",\"dateModified\":\"2022-01-27T08:35:50+00:00\",\"breadcrumb\":{\"@id\":\"https:\\\/\\\/qtmm.org\\\/qt\\\/dekabr-21-kunu-yedi-quyu-regioni-qirimtatarlarinin-regional-konferentsiyasi-kecirilecek\\\/#breadcrumb\"},\"inLanguage\":\"qt\",\"potentialAction\":[{\"@type\":\"ReadAction\",\"target\":[\"https:\\\/\\\/qtmm.org\\\/qt\\\/dekabr-21-kunu-yedi-quyu-regioni-qirimtatarlarinin-regional-konferentsiyasi-kecirilecek\\\/\"]}]},{\"@type\":\"BreadcrumbList\",\"@id\":\"https:\\\/\\\/qtmm.org\\\/qt\\\/dekabr-21-kunu-yedi-quyu-regioni-qirimtatarlarinin-regional-konferentsiyasi-kecirilecek\\\/#breadcrumb\",\"itemListElement\":[{\"@type\":\"ListItem\",\"position\":1,\"name\":\"\u0413\u043e\u043b\u043e\u0432\u043d\u0430\",\"item\":\"https:\\\/\\\/qtmm.org\\\/qt\\\/\"},{\"@type\":\"ListItem\",\"position\":2,\"name\":\"Dekabr 21 k\u00fcn\u00fc Yedi quyu region\u0131 q\u0131r\u0131mtatarlar\u0131n\u0131\u00f1 regional konferentsiyas\u0131 ke\u00e7irilecek\"}]},{\"@type\":\"WebSite\",\"@id\":\"https:\\\/\\\/qtmm.org\\\/qt\\\/#website\",\"url\":\"https:\\\/\\\/qtmm.org\\\/qt\\\/\",\"name\":\"\u041c\u0435\u0434\u0436\u043b\u0456\u0441\",\"description\":\"\",\"publisher\":{\"@id\":\"https:\\\/\\\/qtmm.org\\\/qt\\\/#organization\"},\"potentialAction\":[{\"@type\":\"SearchAction\",\"target\":{\"@type\":\"EntryPoint\",\"urlTemplate\":\"https:\\\/\\\/qtmm.org\\\/qt\\\/?s={search_term_string}\"},\"query-input\":{\"@type\":\"PropertyValueSpecification\",\"valueRequired\":true,\"valueName\":\"search_term_string\"}}],\"inLanguage\":\"qt\"},{\"@type\":\"Organization\",\"@id\":\"https:\\\/\\\/qtmm.org\\\/qt\\\/#organization\",\"name\":\"\u041c\u0435\u0434\u0436\u043b\u0456\u0441\",\"url\":\"https:\\\/\\\/qtmm.org\\\/qt\\\/\",\"logo\":{\"@type\":\"ImageObject\",\"inLanguage\":\"qt\",\"@id\":\"https:\\\/\\\/qtmm.org\\\/qt\\\/#\\\/schema\\\/logo\\\/image\\\/\",\"url\":\"https:\\\/\\\/qtmm.org\\\/wp-content\\\/uploads\\\/2024\\\/12\\\/ua-mejlis-logo-rgb.svg\",\"contentUrl\":\"https:\\\/\\\/qtmm.org\\\/wp-content\\\/uploads\\\/2024\\\/12\\\/ua-mejlis-logo-rgb.svg\",\"caption\":\"\u041c\u0435\u0434\u0436\u043b\u0456\u0441\"},\"image\":{\"@id\":\"https:\\\/\\\/qtmm.org\\\/qt\\\/#\\\/schema\\\/logo\\\/image\\\/\"},\"sameAs\":[\"https:\\\/\\\/www.facebook.com\\\/qtmm.info\\\/\"]},{\"@type\":\"Person\",\"@id\":\"https:\\\/\\\/qtmm.org\\\/qt\\\/#\\\/schema\\\/person\\\/de562469f971dec226ac06e60bbf74a7\",\"name\":\"Developer\",\"image\":{\"@type\":\"ImageObject\",\"inLanguage\":\"qt\",\"@id\":\"https:\\\/\\\/secure.gravatar.com\\\/avatar\\\/392b4cc8fbfeb00b39dfeeab4ee6edded39ffd48e25858637e4765810300227e?s=96&d=mm&r=g\",\"url\":\"https:\\\/\\\/secure.gravatar.com\\\/avatar\\\/392b4cc8fbfeb00b39dfeeab4ee6edded39ffd48e25858637e4765810300227e?s=96&d=mm&r=g\",\"contentUrl\":\"https:\\\/\\\/secure.gravatar.com\\\/avatar\\\/392b4cc8fbfeb00b39dfeeab4ee6edded39ffd48e25858637e4765810300227e?s=96&d=mm&r=g\",\"caption\":\"Developer\"},\"url\":\"https:\\\/\\\/qtmm.org\\\/qt\\\/author\\\/Developer\\\/\"}]}<\/script>\n<!-- \/ Yoast SEO plugin. -->","yoast_head_json":{"title":"Dekabr 21 k\u00fcn\u00fc Yedi quyu region\u0131 q\u0131r\u0131mtatarlar\u0131n\u0131\u00f1 regional konferentsiyas\u0131 ke\u00e7irilecek - \u041c\u0435\u0434\u0436\u043b\u0456\u0441","robots":{"index":"index","follow":"follow","max-snippet":"max-snippet:-1","max-image-preview":"max-image-preview:large","max-video-preview":"max-video-preview:-1"},"canonical":"https:\/\/qtmm.org\/qt\/dekabr-21-kunu-yedi-quyu-regioni-qirimtatarlarinin-regional-konferentsiyasi-kecirilecek\/","og_locale":"en_US","og_type":"article","og_title":"Dekabr 21 k\u00fcn\u00fc Yedi quyu region\u0131 q\u0131r\u0131mtatarlar\u0131n\u0131\u00f1 regional konferentsiyas\u0131 ke\u00e7irilecek - \u041c\u0435\u0434\u0436\u043b\u0456\u0441","og_description":"Yedi quyu regional meclis reisi Elvira Akimovan\u0131\u00f1 on\u0131 regional meclis reisi vazifesinden bo\u015fatmaq aqq\u0131nda 2013 senesi noyabr 12-de bergen arzizas\u0131n\u0131 baq\u0131p \u00e7\u0131qaraq &#8220;Q\u0131r\u0131mtatar halq\u0131 milliy yerli idare organlar\u0131 aqq\u0131nda nizam&#8221;n\u0131\u00f1 5.3-nci maddesine binaen Milliy Meclis 2013 senesi dekabr 21-de Yedi quyu regional konferentsiyas\u0131n\u0131\u00f1 ke\u00e7irilmesi aqq\u0131nda qarar ald\u0131. \u0130\u015fbu qarar edas\u0131n\u0131 nezaret etmek Meclis reisini\u00f1 muavini [&hellip;]","og_url":"https:\/\/qtmm.org\/qt\/dekabr-21-kunu-yedi-quyu-regioni-qirimtatarlarinin-regional-konferentsiyasi-kecirilecek\/","og_site_name":"\u041c\u0435\u0434\u0436\u043b\u0456\u0441","article_publisher":"https:\/\/www.facebook.com\/qtmm.info\/","article_published_time":"2013-12-13T08:35:00+00:00","article_modified_time":"2022-01-27T08:35:50+00:00","author":"Developer","twitter_card":"summary_large_image","twitter_misc":{"Written by":"Developer","Est. reading time":"1 minute"},"schema":{"@context":"https:\/\/schema.org","@graph":[{"@type":"Article","@id":"https:\/\/qtmm.org\/qt\/dekabr-21-kunu-yedi-quyu-regioni-qirimtatarlarinin-regional-konferentsiyasi-kecirilecek\/#article","isPartOf":{"@id":"https:\/\/qtmm.org\/qt\/dekabr-21-kunu-yedi-quyu-regioni-qirimtatarlarinin-regional-konferentsiyasi-kecirilecek\/"},"author":{"name":"Developer","@id":"https:\/\/qtmm.org\/qt\/#\/schema\/person\/de562469f971dec226ac06e60bbf74a7"},"headline":"Dekabr 21 k\u00fcn\u00fc Yedi quyu region\u0131 q\u0131r\u0131mtatarlar\u0131n\u0131\u00f1 regional konferentsiyas\u0131 ke\u00e7irilecek","datePublished":"2013-12-13T08:35:00+00:00","dateModified":"2022-01-27T08:35:50+00:00","mainEntityOfPage":{"@id":"https:\/\/qtmm.org\/qt\/dekabr-21-kunu-yedi-quyu-regioni-qirimtatarlarinin-regional-konferentsiyasi-kecirilecek\/"},"wordCount":125,"commentCount":0,"publisher":{"@id":"https:\/\/qtmm.org\/qt\/#organization"},"articleSection":["Haberler"],"inLanguage":"qt","potentialAction":[{"@type":"CommentAction","name":"Comment","target":["https:\/\/qtmm.org\/qt\/dekabr-21-kunu-yedi-quyu-regioni-qirimtatarlarinin-regional-konferentsiyasi-kecirilecek\/#respond"]}]},{"@type":"WebPage","@id":"https:\/\/qtmm.org\/qt\/dekabr-21-kunu-yedi-quyu-regioni-qirimtatarlarinin-regional-konferentsiyasi-kecirilecek\/","url":"https:\/\/qtmm.org\/qt\/dekabr-21-kunu-yedi-quyu-regioni-qirimtatarlarinin-regional-konferentsiyasi-kecirilecek\/","name":"Dekabr 21 k\u00fcn\u00fc Yedi quyu region\u0131 q\u0131r\u0131mtatarlar\u0131n\u0131\u00f1 regional konferentsiyas\u0131 ke\u00e7irilecek - \u041c\u0435\u0434\u0436\u043b\u0456\u0441","isPartOf":{"@id":"https:\/\/qtmm.org\/qt\/#website"},"datePublished":"2013-12-13T08:35:00+00:00","dateModified":"2022-01-27T08:35:50+00:00","breadcrumb":{"@id":"https:\/\/qtmm.org\/qt\/dekabr-21-kunu-yedi-quyu-regioni-qirimtatarlarinin-regional-konferentsiyasi-kecirilecek\/#breadcrumb"},"inLanguage":"qt","potentialAction":[{"@type":"ReadAction","target":["https:\/\/qtmm.org\/qt\/dekabr-21-kunu-yedi-quyu-regioni-qirimtatarlarinin-regional-konferentsiyasi-kecirilecek\/"]}]},{"@type":"BreadcrumbList","@id":"https:\/\/qtmm.org\/qt\/dekabr-21-kunu-yedi-quyu-regioni-qirimtatarlarinin-regional-konferentsiyasi-kecirilecek\/#breadcrumb","itemListElement":[{"@type":"ListItem","position":1,"name":"\u0413\u043e\u043b\u043e\u0432\u043d\u0430","item":"https:\/\/qtmm.org\/qt\/"},{"@type":"ListItem","position":2,"name":"Dekabr 21 k\u00fcn\u00fc Yedi quyu region\u0131 q\u0131r\u0131mtatarlar\u0131n\u0131\u00f1 regional konferentsiyas\u0131 ke\u00e7irilecek"}]},{"@type":"WebSite","@id":"https:\/\/qtmm.org\/qt\/#website","url":"https:\/\/qtmm.org\/qt\/","name":"\u041c\u0435\u0434\u0436\u043b\u0456\u0441","description":"","publisher":{"@id":"https:\/\/qtmm.org\/qt\/#organization"},"potentialAction":[{"@type":"SearchAction","target":{"@type":"EntryPoint","urlTemplate":"https:\/\/qtmm.org\/qt\/?s={search_term_string}"},"query-input":{"@type":"PropertyValueSpecification","valueRequired":true,"valueName":"search_term_string"}}],"inLanguage":"qt"},{"@type":"Organization","@id":"https:\/\/qtmm.org\/qt\/#organization","name":"\u041c\u0435\u0434\u0436\u043b\u0456\u0441","url":"https:\/\/qtmm.org\/qt\/","logo":{"@type":"ImageObject","inLanguage":"qt","@id":"https:\/\/qtmm.org\/qt\/#\/schema\/logo\/image\/","url":"https:\/\/qtmm.org\/wp-content\/uploads\/2024\/12\/ua-mejlis-logo-rgb.svg","contentUrl":"https:\/\/qtmm.org\/wp-content\/uploads\/2024\/12\/ua-mejlis-logo-rgb.svg","caption":"\u041c\u0435\u0434\u0436\u043b\u0456\u0441"},"image":{"@id":"https:\/\/qtmm.org\/qt\/#\/schema\/logo\/image\/"},"sameAs":["https:\/\/www.facebook.com\/qtmm.info\/"]},{"@type":"Person","@id":"https:\/\/qtmm.org\/qt\/#\/schema\/person\/de562469f971dec226ac06e60bbf74a7","name":"Developer","image":{"@type":"ImageObject","inLanguage":"qt","@id":"https:\/\/secure.gravatar.com\/avatar\/392b4cc8fbfeb00b39dfeeab4ee6edded39ffd48e25858637e4765810300227e?s=96&d=mm&r=g","url":"https:\/\/secure.gravatar.com\/avatar\/392b4cc8fbfeb00b39dfeeab4ee6edded39ffd48e25858637e4765810300227e?s=96&d=mm&r=g","contentUrl":"https:\/\/secure.gravatar.com\/avatar\/392b4cc8fbfeb00b39dfeeab4ee6edded39ffd48e25858637e4765810300227e?s=96&d=mm&r=g","caption":"Developer"},"url":"https:\/\/qtmm.org\/qt\/author\/Developer\/"}]}},"_links":{"self":[{"href":"https:\/\/qtmm.org\/qt\/wp-json\/wp\/v2\/posts\/41647","targetHints":{"allow":["GET"]}}],"collection":[{"href":"https:\/\/qtmm.org\/qt\/wp-json\/wp\/v2\/posts"}],"about":[{"href":"https:\/\/qtmm.org\/qt\/wp-json\/wp\/v2\/types\/post"}],"author":[{"embeddable":true,"href":"https:\/\/qtmm.org\/qt\/wp-json\/wp\/v2\/users\/1"}],"replies":[{"embeddable":true,"href":"https:\/\/qtmm.org\/qt\/wp-json\/wp\/v2\/comments?post=41647"}],"version-history":[{"count":1,"href":"https:\/\/qtmm.org\/qt\/wp-json\/wp\/v2\/posts\/41647\/revisions"}],"predecessor-version":[{"id":41648,"href":"https:\/\/qtmm.org\/qt\/wp-json\/wp\/v2\/posts\/41647\/revisions\/41648"}],"wp:attachment":[{"href":"https:\/\/qtmm.org\/qt\/wp-json\/wp\/v2\/media?parent=41647"}],"wp:term":[{"taxonomy":"category","embeddable":true,"href":"https:\/\/qtmm.org\/qt\/wp-json\/wp\/v2\/categories?post=41647"},{"taxonomy":"post_tag","embeddable":true,"href":"https:\/\/qtmm.org\/qt\/wp-json\/wp\/v2\/tags?post=41647"}],"curies":[{"name":"wp","href":"https:\/\/api.w.org\/{rel}","templated":true}]}}