




{"id":41582,"date":"2013-12-12T22:04:00","date_gmt":"2013-12-12T19:04:00","guid":{"rendered":"http:\/\/qtmm.org\/?p=41582"},"modified":"2022-01-26T22:11:35","modified_gmt":"2022-01-26T19:11:35","slug":"regional-ve-yerli-meclisler-qirimtatarlar-milliy-idare-sisteminin-temelidir","status":"publish","type":"post","link":"https:\/\/qtmm.org\/qt\/regional-ve-yerli-meclisler-qirimtatarlar-milliy-idare-sisteminin-temelidir\/","title":{"rendered":"Regional ve yerli meclisler q\u0131r\u0131mtatarlar milliy idare sistemini\u00f1 temelidir"},"content":{"rendered":"\n<p>2013 senesi dekabr 11 k\u00fcn\u00fc Meclis yolba\u015f\u00e7\u0131lar\u0131 ve idare reberlerini\u00f1 Alu\u015fta ve Yalta regionlar\u0131ndaki Qurultay delegatlar\u0131, yerli milliy idare organlar\u0131n\u0131\u00f1 reisleri, yerli \u015furalarn\u0131\u00f1 deputatlar\u0131 ve musulman cemiyetlerini\u00f1 regionlarara topla\u015fuv\u0131 ke\u00e7irildi.<\/p>\n\n\n\n<figure class=\"wp-block-image size-full\"><img loading=\"lazy\" decoding=\"async\" width=\"800\" height=\"600\" src=\"http:\/\/qtmm.org\/wp-content\/uploads\/2022\/01\/img_3615.jpeg\" alt=\"\" class=\"wp-image-41583\" srcset=\"https:\/\/qtmm.org\/wp-content\/uploads\/2022\/01\/img_3615.jpeg 800w, https:\/\/qtmm.org\/wp-content\/uploads\/2022\/01\/img_3615-300x225.jpeg 300w, https:\/\/qtmm.org\/wp-content\/uploads\/2022\/01\/img_3615-768x576.jpeg 768w\" sizes=\"auto, (max-width: 800px) 100vw, 800px\" \/><\/figure>\n\n\n\n<p>Topla\u015fuvda Meclis reisi Refat \u00c7ubarov, Meclisni\u00f1 idare ve h\u0131zmetlerini\u00f1 reberleri \u2013 Zaur Smirnov, Nariman Cel\u00e2l, Dil\u00e2ver Akiyev, Emine Avamileva, Seydamet Ya\u011fyayev, Bekir Mamutov, Qurultay tefti\u015f komissiyas\u0131n\u0131\u00f1 ba\u015f\u0131 Ali \u00d6zenba\u015f, Meclis azas\u0131, &#8220;Avdet&#8221; gazetas\u0131n\u0131\u00f1 ba\u015f muarriri \u015eevket Qaybullayev, Meclis azas\u0131 Abduraman Egiz, Yalta ve Alu\u015fta regional meclislerini\u00f1 reisleri \u00dcsein \u00c7apuh ve Enver Arpatl\u0131 i\u015ftirak ettiler.<\/p>\n\n\n\n<figure class=\"wp-block-image size-full\"><img loading=\"lazy\" decoding=\"async\" width=\"800\" height=\"600\" src=\"http:\/\/qtmm.org\/wp-content\/uploads\/2022\/01\/img_3559.jpeg\" alt=\"\" class=\"wp-image-41587\" srcset=\"https:\/\/qtmm.org\/wp-content\/uploads\/2022\/01\/img_3559.jpeg 800w, https:\/\/qtmm.org\/wp-content\/uploads\/2022\/01\/img_3559-300x225.jpeg 300w, https:\/\/qtmm.org\/wp-content\/uploads\/2022\/01\/img_3559-768x576.jpeg 768w\" sizes=\"auto, (max-width: 800px) 100vw, 800px\" \/><\/figure>\n\n\n\n<p>&#8220;Yap\u0131c\u0131 dialog ve qoyul\u011fan vazifelerni\u00f1 mes\u00fclietli edas\u0131 q\u0131r\u0131mtatar milliy idare organlar\u0131 faaliyetini\u00f1 ba\u015f y\u00f6neli\u015fleridir&#8221;, &#8211; dedi topla\u015fuvn\u0131\u00f1 ba\u015f\u0131nda Meclis reisi Refat \u00c7ubarov, regionlarara topla\u015fuvn\u0131\u00f1 maqsad\u0131n\u0131 seslendirerek. \u0130\u015fni\u00f1 ba\u015f meseleleri ve y\u00f6neli\u015fleri aqq\u0131nda topla\u015fuv i\u015ftirak\u00e7ilerine Meclisni\u00f1 idare ve h\u0131zmetlerini\u00f1 reberleri a\u00f1latt\u0131lar.<\/p>\n\n\n\n<figure class=\"wp-block-image size-full\"><img loading=\"lazy\" decoding=\"async\" width=\"800\" height=\"600\" src=\"http:\/\/qtmm.org\/wp-content\/uploads\/2022\/01\/img_3561.jpeg\" alt=\"\" class=\"wp-image-41591\" srcset=\"https:\/\/qtmm.org\/wp-content\/uploads\/2022\/01\/img_3561.jpeg 800w, https:\/\/qtmm.org\/wp-content\/uploads\/2022\/01\/img_3561-300x225.jpeg 300w, https:\/\/qtmm.org\/wp-content\/uploads\/2022\/01\/img_3561-768x576.jpeg 768w\" sizes=\"auto, (max-width: 800px) 100vw, 800px\" \/><\/figure>\n\n\n\n<p>&#8220;Regional ve yerli meclisler q\u0131r\u0131mtatarlar milliy idare sistemini\u00f1 temelidir&#8221;, dep qayd ettiler \u00f6z \u00e7\u0131q\u0131\u015flar\u0131nda Meclisni\u00f1 idare ve h\u0131zmetlerini\u00f1 reberleri. \u2013 Regional meclisler \u00f6zleri ya\u015fa\u011fan yerler tarih\u0131n\u0131 popul\u00e2rla\u015ft\u0131ruv o\u011frunda yapqan tedbirlerni ayd\u0131nlatuvda, halq\u0131m\u0131zn\u0131\u00f1 inki\u015faf\u0131 saas\u0131nda maqsad ve vazifelerni amelge ke\u00e7ir\u00fcvde biri-birimizge yard\u0131mc\u0131 olmaq kerekmiz&#8221;.<\/p>\n\n\n\n<figure class=\"wp-block-image size-full\"><img loading=\"lazy\" decoding=\"async\" width=\"800\" height=\"600\" src=\"http:\/\/qtmm.org\/wp-content\/uploads\/2022\/01\/img_3529.jpeg\" alt=\"\" class=\"wp-image-41595\" srcset=\"https:\/\/qtmm.org\/wp-content\/uploads\/2022\/01\/img_3529.jpeg 800w, https:\/\/qtmm.org\/wp-content\/uploads\/2022\/01\/img_3529-300x225.jpeg 300w, https:\/\/qtmm.org\/wp-content\/uploads\/2022\/01\/img_3529-768x576.jpeg 768w\" sizes=\"auto, (max-width: 800px) 100vw, 800px\" \/><\/figure>\n\n\n\n<p>C\u00fcmleden, bir \u00e7oq topla\u015fuvlarn\u0131\u00f1 ba\u015f meselesi ol\u011fan milliy s\u0131n\u0131flar a\u00e7\u0131lmas\u0131n\u0131 muzakere etkende Meclis reisi Refat \u00c7ubarov ve Meclisni\u00f1 q\u0131r\u0131mtatar tilinde tasil ve q\u0131r\u0131mtatar tilini Q\u0131r\u0131mn\u0131\u00f1 devlet ve cemaat \u00f6m\u00fcrine tadbiq et\u00fcv meseleleri boyunca idaresini\u00f1 ba\u015f\u0131 Emine Avamileva bu meseleni\u00f1 m\u00fcsbet \u00e7ezilmesine em ana-babalar, em ana tilinde tasil almaq aqq\u0131n\u0131 bergen qanun regional meclislerni\u00f1 ba\u015f yard\u0131mc\u0131lar\u0131 ol\u011fan\u0131n\u0131 qayd ettiler.<\/p>\n\n\n\n<figure class=\"wp-block-image size-full\"><img loading=\"lazy\" decoding=\"async\" width=\"800\" height=\"600\" src=\"http:\/\/qtmm.org\/wp-content\/uploads\/2022\/01\/img_3575.jpeg\" alt=\"\" class=\"wp-image-41599\" srcset=\"https:\/\/qtmm.org\/wp-content\/uploads\/2022\/01\/img_3575.jpeg 800w, https:\/\/qtmm.org\/wp-content\/uploads\/2022\/01\/img_3575-300x225.jpeg 300w, https:\/\/qtmm.org\/wp-content\/uploads\/2022\/01\/img_3575-768x576.jpeg 768w\" sizes=\"auto, (max-width: 800px) 100vw, 800px\" \/><\/figure>\n\n\n\n<p>Topla\u015fuv i\u015ftirak\u00e7ileri Meclis ve regional meclislerni\u00f1 devlet ve cumhuriyet akimiyetinen munasebeti, semetde\u015fler toplu ya\u015fa\u011fan qasabalarda obyektlerni finansirlev istiqballeri, regional ve yerli meclislerni\u00f1 2014 senesine i\u015f planlar\u0131, bun\u0131\u00f1 kibi de Aqmescitte B\u00fcy\u00fck cami quruc\u0131l\u0131\u011f\u0131 meselesini muzakere ettiler.<\/p>\n\n\n\n<figure class=\"wp-block-image size-full\"><img loading=\"lazy\" decoding=\"async\" width=\"800\" height=\"600\" src=\"http:\/\/qtmm.org\/wp-content\/uploads\/2022\/01\/img_3598.jpeg\" alt=\"\" class=\"wp-image-41603\" srcset=\"https:\/\/qtmm.org\/wp-content\/uploads\/2022\/01\/img_3598.jpeg 800w, https:\/\/qtmm.org\/wp-content\/uploads\/2022\/01\/img_3598-300x225.jpeg 300w, https:\/\/qtmm.org\/wp-content\/uploads\/2022\/01\/img_3598-768x576.jpeg 768w\" sizes=\"auto, (max-width: 800px) 100vw, 800px\" \/><\/figure>\n\n\n\n<p>C\u00fcmleden, K\u00f6rbek k\u00f6y\u00fc \u015furas\u0131n\u0131\u00f1 deputat\u0131 Amet Ramazanov ve Uskut k\u00f6y \u015furas\u0131n\u0131\u00f1 deputat\u0131 Sabri \u0130sl\u00e2mov Alu\u015fta region\u0131nda q\u0131r\u0131mtatarlar toplu ya\u015fa\u011fan yerlerde elektrik ve suvnen teminlev problemlerini seslendirip, mes\u00fclietli cumhuriyet organlar\u0131 ve c\u00fcmleden Milletler komiteti bu saada i\u00e7 bir i\u015f yapma\u011fanlar\u0131n\u0131 qayd ettiler.<\/p>\n\n\n\n<figure class=\"wp-block-image size-full\"><img loading=\"lazy\" decoding=\"async\" width=\"800\" height=\"600\" src=\"http:\/\/qtmm.org\/wp-content\/uploads\/2022\/01\/img_3604.jpeg\" alt=\"\" class=\"wp-image-41607\" srcset=\"https:\/\/qtmm.org\/wp-content\/uploads\/2022\/01\/img_3604.jpeg 800w, https:\/\/qtmm.org\/wp-content\/uploads\/2022\/01\/img_3604-300x225.jpeg 300w, https:\/\/qtmm.org\/wp-content\/uploads\/2022\/01\/img_3604-768x576.jpeg 768w\" sizes=\"auto, (max-width: 800px) 100vw, 800px\" \/><\/figure>\n\n\n\n<p>&#8220;\u0130nsanlarn\u0131 er y\u0131l vadelernen s\u0131ylaylar, muracaatlar\u0131m\u0131z cevaps\u0131z qalmaqta, &#8211; dep \u015fik\u00e2yet ettiler deputatlar. \u2013 Bundan da \u011fayr\u0131 zarur turmu\u015f \u015faraitleri olma\u011fan\u0131 alda adamlarn\u0131 Kr\u0131menergo ve Kr\u0131mvodokanal te\u015fkil\u00e2tlar\u0131nen k\u00f6sterilmegen h\u0131zmet aqq\u0131nda a\u00f1la\u015fma imzalama\u011fa mecbur eteler&#8221;.<\/p>\n\n\n\n<figure class=\"wp-block-image size-full\"><img loading=\"lazy\" decoding=\"async\" width=\"800\" height=\"600\" src=\"http:\/\/qtmm.org\/wp-content\/uploads\/2022\/01\/img_3567.jpeg\" alt=\"\" class=\"wp-image-41611\" srcset=\"https:\/\/qtmm.org\/wp-content\/uploads\/2022\/01\/img_3567.jpeg 800w, https:\/\/qtmm.org\/wp-content\/uploads\/2022\/01\/img_3567-300x225.jpeg 300w, https:\/\/qtmm.org\/wp-content\/uploads\/2022\/01\/img_3567-768x576.jpeg 768w\" sizes=\"auto, (max-width: 800px) 100vw, 800px\" \/><\/figure>\n\n\n\n<p>Meclis reisi adliye idaresini\u00f1 reberine vaziyetni tafsil\u00e2tl\u0131 \u00f6grenip, \u00fck\u00fcmet organlar\u0131nen ol\u011fan yaz\u0131\u015fmalar esas\u0131nda tevsiyelerni az\u0131rlamaqn\u0131 avale etti ki, bu tevsiyeler cumhuriyetni\u00f1 ait nazirlikleri ve idarelerni\u00f1 yolba\u015f\u00e7\u0131lar\u0131n\u0131\u00f1 \u00f6g\u00fcnde probleman\u0131 kesen-kes qoyma\u011fa esas olacaq.<\/p>\n\n\n\n<figure class=\"wp-block-image size-full\"><img loading=\"lazy\" decoding=\"async\" width=\"800\" height=\"600\" src=\"http:\/\/qtmm.org\/wp-content\/uploads\/2022\/01\/img_3564.jpeg\" alt=\"\" class=\"wp-image-41615\" srcset=\"https:\/\/qtmm.org\/wp-content\/uploads\/2022\/01\/img_3564.jpeg 800w, https:\/\/qtmm.org\/wp-content\/uploads\/2022\/01\/img_3564-300x225.jpeg 300w, https:\/\/qtmm.org\/wp-content\/uploads\/2022\/01\/img_3564-768x576.jpeg 768w\" sizes=\"auto, (max-width: 800px) 100vw, 800px\" \/><\/figure>\n\n\n\n<p>Refat \u00c7ubarov topla\u015fuv i\u015ftirak\u00e7ilerine \u015fun\u0131 bildirdi ki, bug\u00fcnde-bug\u00fcn Q\u0131r\u0131mtatarlarn\u0131 ve s\u00fcrg\u00fcnlikke o\u011frat\u0131l\u011fan diger \u015fah\u0131slarn\u0131 yerle\u015ftir\u00fcv boyunca devlet programmas\u0131 deyerlik finansirlenmey ve tsifir noqtas\u0131na ketirildi. Meclis reisini\u00f1 aytqan\u0131na k\u00f6re ke\u00e7enlerde Q\u0131r\u0131m yolba\u015f\u00e7\u0131lar\u0131nen k\u00f6r\u00fc\u015fkende o, Q\u0131r\u0131m \u00fck\u00fcmetine Ukraina i\u00e7timaiy nazirligini\u00f1 Ukraina Devlet B\u00fccetine 2014 senesine Q\u0131r\u0131mtatarlarn\u0131 ve s\u00fcrg\u00fcnlikke o\u011frat\u0131l\u011fan diger \u015fah\u0131slarn\u0131 yerle\u015ftir\u00fcv maqsadlar\u0131na 197 million ay\u0131rmaq teklifine qoltutmaqn\u0131 tevsiye etken, amma teklif al\u00e2 daa cevaps\u0131z qalmaqta. boyunca devlet programmas\u0131<\/p>\n\n\n\n<figure class=\"wp-block-image size-full\"><img loading=\"lazy\" decoding=\"async\" width=\"800\" height=\"600\" src=\"http:\/\/qtmm.org\/wp-content\/uploads\/2022\/01\/img_3634.jpeg\" alt=\"\" class=\"wp-image-41619\" srcset=\"https:\/\/qtmm.org\/wp-content\/uploads\/2022\/01\/img_3634.jpeg 800w, https:\/\/qtmm.org\/wp-content\/uploads\/2022\/01\/img_3634-300x225.jpeg 300w, https:\/\/qtmm.org\/wp-content\/uploads\/2022\/01\/img_3634-768x576.jpeg 768w\" sizes=\"auto, (max-width: 800px) 100vw, 800px\" \/><\/figure>\n\n\n\n<p>Alu\u015fta ve Yalta regional meclislerni\u00f1 reisleri \u00e7\u0131q\u0131\u015fta bulun\u0131p, b\u00f6yle keni\u015fletilgen topla\u015fuvlar milliy idare organlar\u0131n\u0131\u00f1 i\u015fi i\u00e7\u00fcn pek zarur ol\u011fan\u0131n\u0131 ve meselelerni \u00e7ez\u00fcvde fikir payla\u015fmaq imk\u00e2n\u0131n\u0131 bergenini aytt\u0131lar.<\/p>\n\n\n\n<figure class=\"wp-block-image size-full\"><img loading=\"lazy\" decoding=\"async\" width=\"800\" height=\"600\" src=\"http:\/\/qtmm.org\/wp-content\/uploads\/2022\/01\/img_3641.jpeg\" alt=\"\" class=\"wp-image-41623\" srcset=\"https:\/\/qtmm.org\/wp-content\/uploads\/2022\/01\/img_3641.jpeg 800w, https:\/\/qtmm.org\/wp-content\/uploads\/2022\/01\/img_3641-300x225.jpeg 300w, https:\/\/qtmm.org\/wp-content\/uploads\/2022\/01\/img_3641-768x576.jpeg 768w\" sizes=\"auto, (max-width: 800px) 100vw, 800px\" \/><\/figure>\n\n\n\n<p>Ayn\u0131 zamanda E.Arpatl\u0131 ve U.\u00c7apuh \u015fun\u0131 qayd ettiler ki, olarn\u0131\u00f1 reisligindeki meclisler ellerini qavu\u015ft\u0131r\u0131p oturmadan bir s\u0131ra y\u00f6neli\u015flerde ibretli i\u015fler yapmaqtalar.<\/p>\n\n\n\n<figure class=\"wp-block-image size-full\"><img loading=\"lazy\" decoding=\"async\" width=\"800\" height=\"600\" src=\"http:\/\/qtmm.org\/wp-content\/uploads\/2022\/01\/img_3518_1.jpeg\" alt=\"\" class=\"wp-image-41627\" srcset=\"https:\/\/qtmm.org\/wp-content\/uploads\/2022\/01\/img_3518_1.jpeg 800w, https:\/\/qtmm.org\/wp-content\/uploads\/2022\/01\/img_3518_1-300x225.jpeg 300w, https:\/\/qtmm.org\/wp-content\/uploads\/2022\/01\/img_3518_1-768x576.jpeg 768w\" sizes=\"auto, (max-width: 800px) 100vw, 800px\" \/><\/figure>\n\n\n\n<figure class=\"wp-block-image size-full\"><img loading=\"lazy\" decoding=\"async\" width=\"800\" height=\"600\" src=\"http:\/\/qtmm.org\/wp-content\/uploads\/2022\/01\/img_3645.jpeg\" alt=\"\" class=\"wp-image-41631\" srcset=\"https:\/\/qtmm.org\/wp-content\/uploads\/2022\/01\/img_3645.jpeg 800w, https:\/\/qtmm.org\/wp-content\/uploads\/2022\/01\/img_3645-300x225.jpeg 300w, https:\/\/qtmm.org\/wp-content\/uploads\/2022\/01\/img_3645-768x576.jpeg 768w\" sizes=\"auto, (max-width: 800px) 100vw, 800px\" \/><\/figure>\n\n\n\n<figure class=\"wp-block-image size-full\"><img loading=\"lazy\" decoding=\"async\" width=\"800\" height=\"600\" src=\"http:\/\/qtmm.org\/wp-content\/uploads\/2022\/01\/img_3649.jpeg\" alt=\"\" class=\"wp-image-41635\" srcset=\"https:\/\/qtmm.org\/wp-content\/uploads\/2022\/01\/img_3649.jpeg 800w, https:\/\/qtmm.org\/wp-content\/uploads\/2022\/01\/img_3649-300x225.jpeg 300w, https:\/\/qtmm.org\/wp-content\/uploads\/2022\/01\/img_3649-768x576.jpeg 768w\" sizes=\"auto, (max-width: 800px) 100vw, 800px\" \/><\/figure>\n\n\n\n<p><em><strong>Hat\u0131rlatam\u0131z ki<\/strong>, nevbetteki keni\u015fletilgen topla\u015fuv dekabr 14 k\u00fcn\u00fc saat 11-de Seytler, \u0130\u00e7ki ve \u0130sl\u00e2m-Terek regionlar\u0131nda olacaq.<\/em><\/p>\n","protected":false},"excerpt":{"rendered":"<p>2013 senesi dekabr 11 k\u00fcn\u00fc Meclis yolba\u015f\u00e7\u0131lar\u0131 ve idare reberlerini\u00f1 Alu\u015fta ve Yalta regionlar\u0131ndaki Qurultay delegatlar\u0131, yerli milliy idare organlar\u0131n\u0131\u00f1 reisleri, yerli \u015furalarn\u0131\u00f1 deputatlar\u0131 ve musulman cemiyetlerini\u00f1 regionlarara topla\u015fuv\u0131 ke\u00e7irildi. Topla\u015fuvda Meclis reisi Refat \u00c7ubarov, Meclisni\u00f1 idare ve h\u0131zmetlerini\u00f1 reberleri \u2013 Zaur Smirnov, Nariman Cel\u00e2l, Dil\u00e2ver Akiyev, Emine Avamileva, Seydamet Ya\u011fyayev, Bekir Mamutov, Qurultay tefti\u015f [&hellip;]<\/p>\n","protected":false},"author":1,"featured_media":0,"comment_status":"open","ping_status":"open","sticky":false,"template":"","format":"standard","meta":{"inline_featured_image":false,"footnotes":""},"categories":[265],"tags":[],"class_list":["post-41582","post","type-post","status-publish","format-standard","hentry","category-haberler"],"acf":[],"yoast_head":"<!-- This site is optimized with the Yoast SEO plugin v27.4 - https:\/\/yoast.com\/product\/yoast-seo-wordpress\/ -->\n<title>Regional ve yerli meclisler q\u0131r\u0131mtatarlar milliy idare sistemini\u00f1 temelidir - \u041c\u0435\u0434\u0436\u043b\u0456\u0441<\/title>\n<meta name=\"robots\" content=\"index, follow, max-snippet:-1, max-image-preview:large, max-video-preview:-1\" \/>\n<link rel=\"canonical\" href=\"https:\/\/qtmm.org\/qt\/regional-ve-yerli-meclisler-qirimtatarlar-milliy-idare-sisteminin-temelidir\/\" \/>\n<meta property=\"og:locale\" content=\"en_US\" \/>\n<meta property=\"og:type\" content=\"article\" \/>\n<meta property=\"og:title\" content=\"Regional ve yerli meclisler q\u0131r\u0131mtatarlar milliy idare sistemini\u00f1 temelidir - \u041c\u0435\u0434\u0436\u043b\u0456\u0441\" \/>\n<meta property=\"og:description\" content=\"2013 senesi dekabr 11 k\u00fcn\u00fc Meclis yolba\u015f\u00e7\u0131lar\u0131 ve idare reberlerini\u00f1 Alu\u015fta ve Yalta regionlar\u0131ndaki Qurultay delegatlar\u0131, yerli milliy idare organlar\u0131n\u0131\u00f1 reisleri, yerli \u015furalarn\u0131\u00f1 deputatlar\u0131 ve musulman cemiyetlerini\u00f1 regionlarara topla\u015fuv\u0131 ke\u00e7irildi. Topla\u015fuvda Meclis reisi Refat \u00c7ubarov, Meclisni\u00f1 idare ve h\u0131zmetlerini\u00f1 reberleri \u2013 Zaur Smirnov, Nariman Cel\u00e2l, Dil\u00e2ver Akiyev, Emine Avamileva, Seydamet Ya\u011fyayev, Bekir Mamutov, Qurultay tefti\u015f [&hellip;]\" \/>\n<meta property=\"og:url\" content=\"https:\/\/qtmm.org\/qt\/regional-ve-yerli-meclisler-qirimtatarlar-milliy-idare-sisteminin-temelidir\/\" \/>\n<meta property=\"og:site_name\" content=\"\u041c\u0435\u0434\u0436\u043b\u0456\u0441\" \/>\n<meta property=\"article:publisher\" content=\"https:\/\/www.facebook.com\/qtmm.info\/\" \/>\n<meta property=\"article:published_time\" content=\"2013-12-12T19:04:00+00:00\" \/>\n<meta property=\"article:modified_time\" content=\"2022-01-26T19:11:35+00:00\" \/>\n<meta property=\"og:image\" content=\"https:\/\/qtmm.org\/wp-content\/uploads\/2022\/01\/img_3615.jpeg\" \/>\n\t<meta property=\"og:image:width\" content=\"800\" \/>\n\t<meta property=\"og:image:height\" content=\"600\" \/>\n\t<meta property=\"og:image:type\" content=\"image\/jpeg\" \/>\n<meta name=\"author\" content=\"Developer\" \/>\n<meta name=\"twitter:card\" content=\"summary_large_image\" \/>\n<meta name=\"twitter:label1\" content=\"Written by\" \/>\n\t<meta name=\"twitter:data1\" content=\"Developer\" \/>\n\t<meta name=\"twitter:label2\" content=\"Est. reading time\" \/>\n\t<meta name=\"twitter:data2\" content=\"3 minutes\" \/>\n<script type=\"application\/ld+json\" class=\"yoast-schema-graph\">{\"@context\":\"https:\\\/\\\/schema.org\",\"@graph\":[{\"@type\":\"Article\",\"@id\":\"https:\\\/\\\/qtmm.org\\\/qt\\\/regional-ve-yerli-meclisler-qirimtatarlar-milliy-idare-sisteminin-temelidir\\\/#article\",\"isPartOf\":{\"@id\":\"https:\\\/\\\/qtmm.org\\\/qt\\\/regional-ve-yerli-meclisler-qirimtatarlar-milliy-idare-sisteminin-temelidir\\\/\"},\"author\":{\"name\":\"Developer\",\"@id\":\"https:\\\/\\\/qtmm.org\\\/qt\\\/#\\\/schema\\\/person\\\/de562469f971dec226ac06e60bbf74a7\"},\"headline\":\"Regional ve yerli meclisler q\u0131r\u0131mtatarlar milliy idare sistemini\u00f1 temelidir\",\"datePublished\":\"2013-12-12T19:04:00+00:00\",\"dateModified\":\"2022-01-26T19:11:35+00:00\",\"mainEntityOfPage\":{\"@id\":\"https:\\\/\\\/qtmm.org\\\/qt\\\/regional-ve-yerli-meclisler-qirimtatarlar-milliy-idare-sisteminin-temelidir\\\/\"},\"wordCount\":708,\"commentCount\":0,\"publisher\":{\"@id\":\"https:\\\/\\\/qtmm.org\\\/qt\\\/#organization\"},\"image\":{\"@id\":\"https:\\\/\\\/qtmm.org\\\/qt\\\/regional-ve-yerli-meclisler-qirimtatarlar-milliy-idare-sisteminin-temelidir\\\/#primaryimage\"},\"thumbnailUrl\":\"http:\\\/\\\/qtmm.org\\\/wp-content\\\/uploads\\\/2022\\\/01\\\/img_3615.jpeg\",\"articleSection\":[\"Haberler\"],\"inLanguage\":\"qt\",\"potentialAction\":[{\"@type\":\"CommentAction\",\"name\":\"Comment\",\"target\":[\"https:\\\/\\\/qtmm.org\\\/qt\\\/regional-ve-yerli-meclisler-qirimtatarlar-milliy-idare-sisteminin-temelidir\\\/#respond\"]}]},{\"@type\":\"WebPage\",\"@id\":\"https:\\\/\\\/qtmm.org\\\/qt\\\/regional-ve-yerli-meclisler-qirimtatarlar-milliy-idare-sisteminin-temelidir\\\/\",\"url\":\"https:\\\/\\\/qtmm.org\\\/qt\\\/regional-ve-yerli-meclisler-qirimtatarlar-milliy-idare-sisteminin-temelidir\\\/\",\"name\":\"Regional ve yerli meclisler q\u0131r\u0131mtatarlar milliy idare sistemini\u00f1 temelidir - \u041c\u0435\u0434\u0436\u043b\u0456\u0441\",\"isPartOf\":{\"@id\":\"https:\\\/\\\/qtmm.org\\\/qt\\\/#website\"},\"primaryImageOfPage\":{\"@id\":\"https:\\\/\\\/qtmm.org\\\/qt\\\/regional-ve-yerli-meclisler-qirimtatarlar-milliy-idare-sisteminin-temelidir\\\/#primaryimage\"},\"image\":{\"@id\":\"https:\\\/\\\/qtmm.org\\\/qt\\\/regional-ve-yerli-meclisler-qirimtatarlar-milliy-idare-sisteminin-temelidir\\\/#primaryimage\"},\"thumbnailUrl\":\"http:\\\/\\\/qtmm.org\\\/wp-content\\\/uploads\\\/2022\\\/01\\\/img_3615.jpeg\",\"datePublished\":\"2013-12-12T19:04:00+00:00\",\"dateModified\":\"2022-01-26T19:11:35+00:00\",\"breadcrumb\":{\"@id\":\"https:\\\/\\\/qtmm.org\\\/qt\\\/regional-ve-yerli-meclisler-qirimtatarlar-milliy-idare-sisteminin-temelidir\\\/#breadcrumb\"},\"inLanguage\":\"qt\",\"potentialAction\":[{\"@type\":\"ReadAction\",\"target\":[\"https:\\\/\\\/qtmm.org\\\/qt\\\/regional-ve-yerli-meclisler-qirimtatarlar-milliy-idare-sisteminin-temelidir\\\/\"]}]},{\"@type\":\"ImageObject\",\"inLanguage\":\"qt\",\"@id\":\"https:\\\/\\\/qtmm.org\\\/qt\\\/regional-ve-yerli-meclisler-qirimtatarlar-milliy-idare-sisteminin-temelidir\\\/#primaryimage\",\"url\":\"http:\\\/\\\/qtmm.org\\\/wp-content\\\/uploads\\\/2022\\\/01\\\/img_3615.jpeg\",\"contentUrl\":\"http:\\\/\\\/qtmm.org\\\/wp-content\\\/uploads\\\/2022\\\/01\\\/img_3615.jpeg\"},{\"@type\":\"BreadcrumbList\",\"@id\":\"https:\\\/\\\/qtmm.org\\\/qt\\\/regional-ve-yerli-meclisler-qirimtatarlar-milliy-idare-sisteminin-temelidir\\\/#breadcrumb\",\"itemListElement\":[{\"@type\":\"ListItem\",\"position\":1,\"name\":\"\u0413\u043e\u043b\u043e\u0432\u043d\u0430\",\"item\":\"https:\\\/\\\/qtmm.org\\\/qt\\\/\"},{\"@type\":\"ListItem\",\"position\":2,\"name\":\"Regional ve yerli meclisler q\u0131r\u0131mtatarlar milliy idare sistemini\u00f1 temelidir\"}]},{\"@type\":\"WebSite\",\"@id\":\"https:\\\/\\\/qtmm.org\\\/qt\\\/#website\",\"url\":\"https:\\\/\\\/qtmm.org\\\/qt\\\/\",\"name\":\"\u041c\u0435\u0434\u0436\u043b\u0456\u0441\",\"description\":\"\",\"publisher\":{\"@id\":\"https:\\\/\\\/qtmm.org\\\/qt\\\/#organization\"},\"potentialAction\":[{\"@type\":\"SearchAction\",\"target\":{\"@type\":\"EntryPoint\",\"urlTemplate\":\"https:\\\/\\\/qtmm.org\\\/qt\\\/?s={search_term_string}\"},\"query-input\":{\"@type\":\"PropertyValueSpecification\",\"valueRequired\":true,\"valueName\":\"search_term_string\"}}],\"inLanguage\":\"qt\"},{\"@type\":\"Organization\",\"@id\":\"https:\\\/\\\/qtmm.org\\\/qt\\\/#organization\",\"name\":\"\u041c\u0435\u0434\u0436\u043b\u0456\u0441\",\"url\":\"https:\\\/\\\/qtmm.org\\\/qt\\\/\",\"logo\":{\"@type\":\"ImageObject\",\"inLanguage\":\"qt\",\"@id\":\"https:\\\/\\\/qtmm.org\\\/qt\\\/#\\\/schema\\\/logo\\\/image\\\/\",\"url\":\"https:\\\/\\\/qtmm.org\\\/wp-content\\\/uploads\\\/2024\\\/12\\\/ua-mejlis-logo-rgb.svg\",\"contentUrl\":\"https:\\\/\\\/qtmm.org\\\/wp-content\\\/uploads\\\/2024\\\/12\\\/ua-mejlis-logo-rgb.svg\",\"caption\":\"\u041c\u0435\u0434\u0436\u043b\u0456\u0441\"},\"image\":{\"@id\":\"https:\\\/\\\/qtmm.org\\\/qt\\\/#\\\/schema\\\/logo\\\/image\\\/\"},\"sameAs\":[\"https:\\\/\\\/www.facebook.com\\\/qtmm.info\\\/\"]},{\"@type\":\"Person\",\"@id\":\"https:\\\/\\\/qtmm.org\\\/qt\\\/#\\\/schema\\\/person\\\/de562469f971dec226ac06e60bbf74a7\",\"name\":\"Developer\",\"image\":{\"@type\":\"ImageObject\",\"inLanguage\":\"qt\",\"@id\":\"https:\\\/\\\/secure.gravatar.com\\\/avatar\\\/392b4cc8fbfeb00b39dfeeab4ee6edded39ffd48e25858637e4765810300227e?s=96&d=mm&r=g\",\"url\":\"https:\\\/\\\/secure.gravatar.com\\\/avatar\\\/392b4cc8fbfeb00b39dfeeab4ee6edded39ffd48e25858637e4765810300227e?s=96&d=mm&r=g\",\"contentUrl\":\"https:\\\/\\\/secure.gravatar.com\\\/avatar\\\/392b4cc8fbfeb00b39dfeeab4ee6edded39ffd48e25858637e4765810300227e?s=96&d=mm&r=g\",\"caption\":\"Developer\"},\"url\":\"https:\\\/\\\/qtmm.org\\\/qt\\\/author\\\/Developer\\\/\"}]}<\/script>\n<!-- \/ Yoast SEO plugin. -->","yoast_head_json":{"title":"Regional ve yerli meclisler q\u0131r\u0131mtatarlar milliy idare sistemini\u00f1 temelidir - \u041c\u0435\u0434\u0436\u043b\u0456\u0441","robots":{"index":"index","follow":"follow","max-snippet":"max-snippet:-1","max-image-preview":"max-image-preview:large","max-video-preview":"max-video-preview:-1"},"canonical":"https:\/\/qtmm.org\/qt\/regional-ve-yerli-meclisler-qirimtatarlar-milliy-idare-sisteminin-temelidir\/","og_locale":"en_US","og_type":"article","og_title":"Regional ve yerli meclisler q\u0131r\u0131mtatarlar milliy idare sistemini\u00f1 temelidir - \u041c\u0435\u0434\u0436\u043b\u0456\u0441","og_description":"2013 senesi dekabr 11 k\u00fcn\u00fc Meclis yolba\u015f\u00e7\u0131lar\u0131 ve idare reberlerini\u00f1 Alu\u015fta ve Yalta regionlar\u0131ndaki Qurultay delegatlar\u0131, yerli milliy idare organlar\u0131n\u0131\u00f1 reisleri, yerli \u015furalarn\u0131\u00f1 deputatlar\u0131 ve musulman cemiyetlerini\u00f1 regionlarara topla\u015fuv\u0131 ke\u00e7irildi. Topla\u015fuvda Meclis reisi Refat \u00c7ubarov, Meclisni\u00f1 idare ve h\u0131zmetlerini\u00f1 reberleri \u2013 Zaur Smirnov, Nariman Cel\u00e2l, Dil\u00e2ver Akiyev, Emine Avamileva, Seydamet Ya\u011fyayev, Bekir Mamutov, Qurultay tefti\u015f [&hellip;]","og_url":"https:\/\/qtmm.org\/qt\/regional-ve-yerli-meclisler-qirimtatarlar-milliy-idare-sisteminin-temelidir\/","og_site_name":"\u041c\u0435\u0434\u0436\u043b\u0456\u0441","article_publisher":"https:\/\/www.facebook.com\/qtmm.info\/","article_published_time":"2013-12-12T19:04:00+00:00","article_modified_time":"2022-01-26T19:11:35+00:00","og_image":[{"width":800,"height":600,"url":"https:\/\/qtmm.org\/wp-content\/uploads\/2022\/01\/img_3615.jpeg","type":"image\/jpeg"}],"author":"Developer","twitter_card":"summary_large_image","twitter_misc":{"Written by":"Developer","Est. reading time":"3 minutes"},"schema":{"@context":"https:\/\/schema.org","@graph":[{"@type":"Article","@id":"https:\/\/qtmm.org\/qt\/regional-ve-yerli-meclisler-qirimtatarlar-milliy-idare-sisteminin-temelidir\/#article","isPartOf":{"@id":"https:\/\/qtmm.org\/qt\/regional-ve-yerli-meclisler-qirimtatarlar-milliy-idare-sisteminin-temelidir\/"},"author":{"name":"Developer","@id":"https:\/\/qtmm.org\/qt\/#\/schema\/person\/de562469f971dec226ac06e60bbf74a7"},"headline":"Regional ve yerli meclisler q\u0131r\u0131mtatarlar milliy idare sistemini\u00f1 temelidir","datePublished":"2013-12-12T19:04:00+00:00","dateModified":"2022-01-26T19:11:35+00:00","mainEntityOfPage":{"@id":"https:\/\/qtmm.org\/qt\/regional-ve-yerli-meclisler-qirimtatarlar-milliy-idare-sisteminin-temelidir\/"},"wordCount":708,"commentCount":0,"publisher":{"@id":"https:\/\/qtmm.org\/qt\/#organization"},"image":{"@id":"https:\/\/qtmm.org\/qt\/regional-ve-yerli-meclisler-qirimtatarlar-milliy-idare-sisteminin-temelidir\/#primaryimage"},"thumbnailUrl":"http:\/\/qtmm.org\/wp-content\/uploads\/2022\/01\/img_3615.jpeg","articleSection":["Haberler"],"inLanguage":"qt","potentialAction":[{"@type":"CommentAction","name":"Comment","target":["https:\/\/qtmm.org\/qt\/regional-ve-yerli-meclisler-qirimtatarlar-milliy-idare-sisteminin-temelidir\/#respond"]}]},{"@type":"WebPage","@id":"https:\/\/qtmm.org\/qt\/regional-ve-yerli-meclisler-qirimtatarlar-milliy-idare-sisteminin-temelidir\/","url":"https:\/\/qtmm.org\/qt\/regional-ve-yerli-meclisler-qirimtatarlar-milliy-idare-sisteminin-temelidir\/","name":"Regional ve yerli meclisler q\u0131r\u0131mtatarlar milliy idare sistemini\u00f1 temelidir - \u041c\u0435\u0434\u0436\u043b\u0456\u0441","isPartOf":{"@id":"https:\/\/qtmm.org\/qt\/#website"},"primaryImageOfPage":{"@id":"https:\/\/qtmm.org\/qt\/regional-ve-yerli-meclisler-qirimtatarlar-milliy-idare-sisteminin-temelidir\/#primaryimage"},"image":{"@id":"https:\/\/qtmm.org\/qt\/regional-ve-yerli-meclisler-qirimtatarlar-milliy-idare-sisteminin-temelidir\/#primaryimage"},"thumbnailUrl":"http:\/\/qtmm.org\/wp-content\/uploads\/2022\/01\/img_3615.jpeg","datePublished":"2013-12-12T19:04:00+00:00","dateModified":"2022-01-26T19:11:35+00:00","breadcrumb":{"@id":"https:\/\/qtmm.org\/qt\/regional-ve-yerli-meclisler-qirimtatarlar-milliy-idare-sisteminin-temelidir\/#breadcrumb"},"inLanguage":"qt","potentialAction":[{"@type":"ReadAction","target":["https:\/\/qtmm.org\/qt\/regional-ve-yerli-meclisler-qirimtatarlar-milliy-idare-sisteminin-temelidir\/"]}]},{"@type":"ImageObject","inLanguage":"qt","@id":"https:\/\/qtmm.org\/qt\/regional-ve-yerli-meclisler-qirimtatarlar-milliy-idare-sisteminin-temelidir\/#primaryimage","url":"http:\/\/qtmm.org\/wp-content\/uploads\/2022\/01\/img_3615.jpeg","contentUrl":"http:\/\/qtmm.org\/wp-content\/uploads\/2022\/01\/img_3615.jpeg"},{"@type":"BreadcrumbList","@id":"https:\/\/qtmm.org\/qt\/regional-ve-yerli-meclisler-qirimtatarlar-milliy-idare-sisteminin-temelidir\/#breadcrumb","itemListElement":[{"@type":"ListItem","position":1,"name":"\u0413\u043e\u043b\u043e\u0432\u043d\u0430","item":"https:\/\/qtmm.org\/qt\/"},{"@type":"ListItem","position":2,"name":"Regional ve yerli meclisler q\u0131r\u0131mtatarlar milliy idare sistemini\u00f1 temelidir"}]},{"@type":"WebSite","@id":"https:\/\/qtmm.org\/qt\/#website","url":"https:\/\/qtmm.org\/qt\/","name":"\u041c\u0435\u0434\u0436\u043b\u0456\u0441","description":"","publisher":{"@id":"https:\/\/qtmm.org\/qt\/#organization"},"potentialAction":[{"@type":"SearchAction","target":{"@type":"EntryPoint","urlTemplate":"https:\/\/qtmm.org\/qt\/?s={search_term_string}"},"query-input":{"@type":"PropertyValueSpecification","valueRequired":true,"valueName":"search_term_string"}}],"inLanguage":"qt"},{"@type":"Organization","@id":"https:\/\/qtmm.org\/qt\/#organization","name":"\u041c\u0435\u0434\u0436\u043b\u0456\u0441","url":"https:\/\/qtmm.org\/qt\/","logo":{"@type":"ImageObject","inLanguage":"qt","@id":"https:\/\/qtmm.org\/qt\/#\/schema\/logo\/image\/","url":"https:\/\/qtmm.org\/wp-content\/uploads\/2024\/12\/ua-mejlis-logo-rgb.svg","contentUrl":"https:\/\/qtmm.org\/wp-content\/uploads\/2024\/12\/ua-mejlis-logo-rgb.svg","caption":"\u041c\u0435\u0434\u0436\u043b\u0456\u0441"},"image":{"@id":"https:\/\/qtmm.org\/qt\/#\/schema\/logo\/image\/"},"sameAs":["https:\/\/www.facebook.com\/qtmm.info\/"]},{"@type":"Person","@id":"https:\/\/qtmm.org\/qt\/#\/schema\/person\/de562469f971dec226ac06e60bbf74a7","name":"Developer","image":{"@type":"ImageObject","inLanguage":"qt","@id":"https:\/\/secure.gravatar.com\/avatar\/392b4cc8fbfeb00b39dfeeab4ee6edded39ffd48e25858637e4765810300227e?s=96&d=mm&r=g","url":"https:\/\/secure.gravatar.com\/avatar\/392b4cc8fbfeb00b39dfeeab4ee6edded39ffd48e25858637e4765810300227e?s=96&d=mm&r=g","contentUrl":"https:\/\/secure.gravatar.com\/avatar\/392b4cc8fbfeb00b39dfeeab4ee6edded39ffd48e25858637e4765810300227e?s=96&d=mm&r=g","caption":"Developer"},"url":"https:\/\/qtmm.org\/qt\/author\/Developer\/"}]}},"_links":{"self":[{"href":"https:\/\/qtmm.org\/qt\/wp-json\/wp\/v2\/posts\/41582","targetHints":{"allow":["GET"]}}],"collection":[{"href":"https:\/\/qtmm.org\/qt\/wp-json\/wp\/v2\/posts"}],"about":[{"href":"https:\/\/qtmm.org\/qt\/wp-json\/wp\/v2\/types\/post"}],"author":[{"embeddable":true,"href":"https:\/\/qtmm.org\/qt\/wp-json\/wp\/v2\/users\/1"}],"replies":[{"embeddable":true,"href":"https:\/\/qtmm.org\/qt\/wp-json\/wp\/v2\/comments?post=41582"}],"version-history":[{"count":1,"href":"https:\/\/qtmm.org\/qt\/wp-json\/wp\/v2\/posts\/41582\/revisions"}],"predecessor-version":[{"id":41639,"href":"https:\/\/qtmm.org\/qt\/wp-json\/wp\/v2\/posts\/41582\/revisions\/41639"}],"wp:attachment":[{"href":"https:\/\/qtmm.org\/qt\/wp-json\/wp\/v2\/media?parent=41582"}],"wp:term":[{"taxonomy":"category","embeddable":true,"href":"https:\/\/qtmm.org\/qt\/wp-json\/wp\/v2\/categories?post=41582"},{"taxonomy":"post_tag","embeddable":true,"href":"https:\/\/qtmm.org\/qt\/wp-json\/wp\/v2\/tags?post=41582"}],"curies":[{"name":"wp","href":"https:\/\/api.w.org\/{rel}","templated":true}]}}