




{"id":41556,"date":"2013-12-11T22:02:00","date_gmt":"2013-12-11T19:02:00","guid":{"rendered":"http:\/\/qtmm.org\/?p=41556"},"modified":"2022-01-26T22:03:55","modified_gmt":"2022-01-26T19:03:55","slug":"meclis-reisi-refat-cubarov-alusta-regional-meclis-ofisini-ziyaret-etti","status":"publish","type":"post","link":"https:\/\/qtmm.org\/qt\/meclis-reisi-refat-cubarov-alusta-regional-meclis-ofisini-ziyaret-etti\/","title":{"rendered":"Meclis reisi Refat \u00c7ubarov Alu\u015fta regional meclis ofisini ziyaret etti"},"content":{"rendered":"\n<p>Meclis reisi Refat \u00c7ubarov \u00f6z muavini Zaur Smirnov, Meclis k\u00e2tibiyetini\u00f1 ba\u015f\u0131 Dil\u00e2ver Akiyev ve Meclis azas\u0131 Abduraman Egiznen beraber 11 dekabr k\u00fcn\u00fc Alu\u015fta regional meclisini\u00f1 reisi Enver Arpatl\u0131n\u0131\u00f1 daveti ile Alu\u015fta regional meclis ofisini ziyaret ettiler.<\/p>\n\n\n\n<figure class=\"wp-block-image size-full\"><img loading=\"lazy\" decoding=\"async\" width=\"650\" height=\"404\" src=\"http:\/\/qtmm.org\/wp-content\/uploads\/2022\/01\/photo_4_1-1.jpeg\" alt=\"\" class=\"wp-image-41561\" srcset=\"https:\/\/qtmm.org\/wp-content\/uploads\/2022\/01\/photo_4_1-1.jpeg 650w, https:\/\/qtmm.org\/wp-content\/uploads\/2022\/01\/photo_4_1-1-300x186.jpeg 300w\" sizes=\"auto, (max-width: 650px) 100vw, 650px\" \/><\/figure>\n\n\n\n<p>Enver Arpatl\u0131n\u0131\u00f1 bildirgenine k\u00f6re Alu\u015ftada B. Hmelnitskiy soqa\u011f\u0131ndaki 11-nci evde yerle\u015fken regional meclisni\u00f1 ofisi 2012 senesi sent\u00e2br ay\u0131ndan itibaren \u00e7al\u0131\u015fmaqta ve er k\u00fcn saat 10.00-den 17.00-ge qadar a\u00e7\u0131qt\u0131r.<\/p>\n\n\n\n<figure class=\"wp-block-image size-full\"><img loading=\"lazy\" decoding=\"async\" width=\"650\" height=\"380\" src=\"http:\/\/qtmm.org\/wp-content\/uploads\/2022\/01\/photo_5_5.jpeg\" alt=\"\" class=\"wp-image-41565\" srcset=\"https:\/\/qtmm.org\/wp-content\/uploads\/2022\/01\/photo_5_5.jpeg 650w, https:\/\/qtmm.org\/wp-content\/uploads\/2022\/01\/photo_5_5-300x175.jpeg 300w\" sizes=\"auto, (max-width: 650px) 100vw, 650px\" \/><\/figure>\n\n\n\n<p>&#8220;Birle\u015fip binan\u0131\u00f1 tamirini yapt\u0131q, ve endi m\u0131nda meclisni\u00f1 k\u00f6r\u00fc\u015f\u00fcvleri ve topla\u015fuvlar\u0131n\u0131 yapmaq i\u00e7\u00fcn, bun\u0131\u00f1 kibi de semetde\u015flerimizni qabul etken odalar da bar, &#8211; dey Arpatl\u0131. \u2013 Ofisni zarur tehnika ve milliy nesnelernen donatt\u0131q&#8221;.<\/p>\n\n\n\n<figure class=\"wp-block-image size-full\"><img loading=\"lazy\" decoding=\"async\" width=\"650\" height=\"400\" src=\"http:\/\/qtmm.org\/wp-content\/uploads\/2022\/01\/photo_22.jpeg\" alt=\"\" class=\"wp-image-41569\" srcset=\"https:\/\/qtmm.org\/wp-content\/uploads\/2022\/01\/photo_22.jpeg 650w, https:\/\/qtmm.org\/wp-content\/uploads\/2022\/01\/photo_22-300x185.jpeg 300w\" sizes=\"auto, (max-width: 650px) 100vw, 650px\" \/><\/figure>\n\n\n\n<p>Meclis reisi Refat \u00c7ubarov Alu\u015fta regional meclis reisi ve azalar\u0131nen k\u00f6r\u00fc\u015f\u00fcvi devam\u0131nda olar\u011fa ofis a\u00e7maq ve donatmaq kibi i\u015flerni \u00f6z k\u00fc\u00e7lerinen yapqanlar\u0131 i\u00e7\u00fcn te\u015fekk\u00fcr bildirip, semereli ve mahsuldar \u00e7al\u0131\u015fmalar tiledi.<\/p>\n\n\n\n<figure class=\"wp-block-image size-full\"><img loading=\"lazy\" decoding=\"async\" width=\"650\" height=\"357\" src=\"http:\/\/qtmm.org\/wp-content\/uploads\/2022\/01\/photo_16.jpeg\" alt=\"\" class=\"wp-image-41573\" srcset=\"https:\/\/qtmm.org\/wp-content\/uploads\/2022\/01\/photo_16.jpeg 650w, https:\/\/qtmm.org\/wp-content\/uploads\/2022\/01\/photo_16-300x165.jpeg 300w\" sizes=\"auto, (max-width: 650px) 100vw, 650px\" \/><\/figure>\n\n\n\n<p>On\u0131\u00f1 aytqan\u0131na k\u00f6re regional meclisni\u00f1 \u00f6z ofisi ol\u011fan\u0131 semetde\u015flerimizni\u00f1 bir \u00e7oq meselelerini \u00e7ez\u00fcvde yard\u0131m ete, \u00e7\u00fcnki olar \u00f6z problemlerinen er zaman qayda baracaqlar\u0131n\u0131 bileler.<\/p>\n\n\n\n<p>Adetimiz boyunca Alu\u015fta regional meclis azalar\u0131 musafirlerni qave ve tatl\u0131larnen s\u0131ylad\u0131lar.<\/p>\n\n\n\n<p><em><strong>Hat\u0131rlatam\u0131z ki<\/strong><\/em>,\u00a0<em>dekabr 11 k\u00fcn\u00fc Meclis yolba\u015f\u00e7\u0131lar\u0131 ve idare reberlerini\u00f1 Q\u0131r\u0131mtatar halq\u0131 Qurultay\u0131n\u0131\u00f1 delegatlar\u0131, yerli milliy idare organlar\u0131, maalliy \u015furalarn\u0131\u00f1 deputatlar\u0131 ve Alu\u015fta ve Yalta region\u0131 musulman cemiyetlerini\u00f1 reislerinen regionlarara topla\u015fuv\u0131 ol\u0131p ke\u00e7ti.<\/em><\/p>\n\n\n\n<figure class=\"wp-block-image size-full\"><img loading=\"lazy\" decoding=\"async\" width=\"800\" height=\"600\" src=\"http:\/\/qtmm.org\/wp-content\/uploads\/2022\/01\/img_3615_1.jpeg\" alt=\"\" class=\"wp-image-41577\" srcset=\"https:\/\/qtmm.org\/wp-content\/uploads\/2022\/01\/img_3615_1.jpeg 800w, https:\/\/qtmm.org\/wp-content\/uploads\/2022\/01\/img_3615_1-300x225.jpeg 300w, https:\/\/qtmm.org\/wp-content\/uploads\/2022\/01\/img_3615_1-768x576.jpeg 768w\" sizes=\"auto, (max-width: 800px) 100vw, 800px\" \/><\/figure>\n","protected":false},"excerpt":{"rendered":"<p>Meclis reisi Refat \u00c7ubarov \u00f6z muavini Zaur Smirnov, Meclis k\u00e2tibiyetini\u00f1 ba\u015f\u0131 Dil\u00e2ver Akiyev ve Meclis azas\u0131 Abduraman Egiznen beraber 11 dekabr k\u00fcn\u00fc Alu\u015fta regional meclisini\u00f1 reisi Enver Arpatl\u0131n\u0131\u00f1 daveti ile Alu\u015fta regional meclis ofisini ziyaret ettiler. Enver Arpatl\u0131n\u0131\u00f1 bildirgenine k\u00f6re Alu\u015ftada B. Hmelnitskiy soqa\u011f\u0131ndaki 11-nci evde yerle\u015fken regional meclisni\u00f1 ofisi 2012 senesi sent\u00e2br ay\u0131ndan itibaren [&hellip;]<\/p>\n","protected":false},"author":1,"featured_media":0,"comment_status":"open","ping_status":"open","sticky":false,"template":"","format":"standard","meta":{"inline_featured_image":false,"footnotes":""},"categories":[265],"tags":[],"class_list":["post-41556","post","type-post","status-publish","format-standard","hentry","category-haberler"],"acf":[],"yoast_head":"<!-- This site is optimized with the Yoast SEO plugin v27.4 - https:\/\/yoast.com\/product\/yoast-seo-wordpress\/ -->\n<title>Meclis reisi Refat \u00c7ubarov Alu\u015fta regional meclis ofisini ziyaret etti - \u041c\u0435\u0434\u0436\u043b\u0456\u0441<\/title>\n<meta name=\"robots\" content=\"index, follow, max-snippet:-1, max-image-preview:large, max-video-preview:-1\" \/>\n<link rel=\"canonical\" href=\"https:\/\/qtmm.org\/qt\/meclis-reisi-refat-cubarov-alusta-regional-meclis-ofisini-ziyaret-etti\/\" \/>\n<meta property=\"og:locale\" content=\"en_US\" \/>\n<meta property=\"og:type\" content=\"article\" \/>\n<meta property=\"og:title\" content=\"Meclis reisi Refat \u00c7ubarov Alu\u015fta regional meclis ofisini ziyaret etti - \u041c\u0435\u0434\u0436\u043b\u0456\u0441\" \/>\n<meta property=\"og:description\" content=\"Meclis reisi Refat \u00c7ubarov \u00f6z muavini Zaur Smirnov, Meclis k\u00e2tibiyetini\u00f1 ba\u015f\u0131 Dil\u00e2ver Akiyev ve Meclis azas\u0131 Abduraman Egiznen beraber 11 dekabr k\u00fcn\u00fc Alu\u015fta regional meclisini\u00f1 reisi Enver Arpatl\u0131n\u0131\u00f1 daveti ile Alu\u015fta regional meclis ofisini ziyaret ettiler. Enver Arpatl\u0131n\u0131\u00f1 bildirgenine k\u00f6re Alu\u015ftada B. Hmelnitskiy soqa\u011f\u0131ndaki 11-nci evde yerle\u015fken regional meclisni\u00f1 ofisi 2012 senesi sent\u00e2br ay\u0131ndan itibaren [&hellip;]\" \/>\n<meta property=\"og:url\" content=\"https:\/\/qtmm.org\/qt\/meclis-reisi-refat-cubarov-alusta-regional-meclis-ofisini-ziyaret-etti\/\" \/>\n<meta property=\"og:site_name\" content=\"\u041c\u0435\u0434\u0436\u043b\u0456\u0441\" \/>\n<meta property=\"article:publisher\" content=\"https:\/\/www.facebook.com\/qtmm.info\/\" \/>\n<meta property=\"article:published_time\" content=\"2013-12-11T19:02:00+00:00\" \/>\n<meta property=\"article:modified_time\" content=\"2022-01-26T19:03:55+00:00\" \/>\n<meta property=\"og:image\" content=\"https:\/\/qtmm.org\/wp-content\/uploads\/2022\/01\/photo_4_1-1.jpeg\" \/>\n\t<meta property=\"og:image:width\" content=\"650\" \/>\n\t<meta property=\"og:image:height\" content=\"404\" \/>\n\t<meta property=\"og:image:type\" content=\"image\/jpeg\" \/>\n<meta name=\"author\" content=\"Developer\" \/>\n<meta name=\"twitter:card\" content=\"summary_large_image\" \/>\n<meta name=\"twitter:label1\" content=\"Written by\" \/>\n\t<meta name=\"twitter:data1\" content=\"Developer\" \/>\n\t<meta name=\"twitter:label2\" content=\"Est. reading time\" \/>\n\t<meta name=\"twitter:data2\" content=\"1 minute\" \/>\n<script type=\"application\/ld+json\" class=\"yoast-schema-graph\">{\"@context\":\"https:\\\/\\\/schema.org\",\"@graph\":[{\"@type\":\"Article\",\"@id\":\"https:\\\/\\\/qtmm.org\\\/qt\\\/meclis-reisi-refat-cubarov-alusta-regional-meclis-ofisini-ziyaret-etti\\\/#article\",\"isPartOf\":{\"@id\":\"https:\\\/\\\/qtmm.org\\\/qt\\\/meclis-reisi-refat-cubarov-alusta-regional-meclis-ofisini-ziyaret-etti\\\/\"},\"author\":{\"name\":\"Developer\",\"@id\":\"https:\\\/\\\/qtmm.org\\\/qt\\\/#\\\/schema\\\/person\\\/de562469f971dec226ac06e60bbf74a7\"},\"headline\":\"Meclis reisi Refat \u00c7ubarov Alu\u015fta regional meclis ofisini ziyaret etti\",\"datePublished\":\"2013-12-11T19:02:00+00:00\",\"dateModified\":\"2022-01-26T19:03:55+00:00\",\"mainEntityOfPage\":{\"@id\":\"https:\\\/\\\/qtmm.org\\\/qt\\\/meclis-reisi-refat-cubarov-alusta-regional-meclis-ofisini-ziyaret-etti\\\/\"},\"wordCount\":264,\"commentCount\":0,\"publisher\":{\"@id\":\"https:\\\/\\\/qtmm.org\\\/qt\\\/#organization\"},\"image\":{\"@id\":\"https:\\\/\\\/qtmm.org\\\/qt\\\/meclis-reisi-refat-cubarov-alusta-regional-meclis-ofisini-ziyaret-etti\\\/#primaryimage\"},\"thumbnailUrl\":\"http:\\\/\\\/qtmm.org\\\/wp-content\\\/uploads\\\/2022\\\/01\\\/photo_4_1-1.jpeg\",\"articleSection\":[\"Haberler\"],\"inLanguage\":\"qt\",\"potentialAction\":[{\"@type\":\"CommentAction\",\"name\":\"Comment\",\"target\":[\"https:\\\/\\\/qtmm.org\\\/qt\\\/meclis-reisi-refat-cubarov-alusta-regional-meclis-ofisini-ziyaret-etti\\\/#respond\"]}]},{\"@type\":\"WebPage\",\"@id\":\"https:\\\/\\\/qtmm.org\\\/qt\\\/meclis-reisi-refat-cubarov-alusta-regional-meclis-ofisini-ziyaret-etti\\\/\",\"url\":\"https:\\\/\\\/qtmm.org\\\/qt\\\/meclis-reisi-refat-cubarov-alusta-regional-meclis-ofisini-ziyaret-etti\\\/\",\"name\":\"Meclis reisi Refat \u00c7ubarov Alu\u015fta regional meclis ofisini ziyaret etti - \u041c\u0435\u0434\u0436\u043b\u0456\u0441\",\"isPartOf\":{\"@id\":\"https:\\\/\\\/qtmm.org\\\/qt\\\/#website\"},\"primaryImageOfPage\":{\"@id\":\"https:\\\/\\\/qtmm.org\\\/qt\\\/meclis-reisi-refat-cubarov-alusta-regional-meclis-ofisini-ziyaret-etti\\\/#primaryimage\"},\"image\":{\"@id\":\"https:\\\/\\\/qtmm.org\\\/qt\\\/meclis-reisi-refat-cubarov-alusta-regional-meclis-ofisini-ziyaret-etti\\\/#primaryimage\"},\"thumbnailUrl\":\"http:\\\/\\\/qtmm.org\\\/wp-content\\\/uploads\\\/2022\\\/01\\\/photo_4_1-1.jpeg\",\"datePublished\":\"2013-12-11T19:02:00+00:00\",\"dateModified\":\"2022-01-26T19:03:55+00:00\",\"breadcrumb\":{\"@id\":\"https:\\\/\\\/qtmm.org\\\/qt\\\/meclis-reisi-refat-cubarov-alusta-regional-meclis-ofisini-ziyaret-etti\\\/#breadcrumb\"},\"inLanguage\":\"qt\",\"potentialAction\":[{\"@type\":\"ReadAction\",\"target\":[\"https:\\\/\\\/qtmm.org\\\/qt\\\/meclis-reisi-refat-cubarov-alusta-regional-meclis-ofisini-ziyaret-etti\\\/\"]}]},{\"@type\":\"ImageObject\",\"inLanguage\":\"qt\",\"@id\":\"https:\\\/\\\/qtmm.org\\\/qt\\\/meclis-reisi-refat-cubarov-alusta-regional-meclis-ofisini-ziyaret-etti\\\/#primaryimage\",\"url\":\"http:\\\/\\\/qtmm.org\\\/wp-content\\\/uploads\\\/2022\\\/01\\\/photo_4_1-1.jpeg\",\"contentUrl\":\"http:\\\/\\\/qtmm.org\\\/wp-content\\\/uploads\\\/2022\\\/01\\\/photo_4_1-1.jpeg\"},{\"@type\":\"BreadcrumbList\",\"@id\":\"https:\\\/\\\/qtmm.org\\\/qt\\\/meclis-reisi-refat-cubarov-alusta-regional-meclis-ofisini-ziyaret-etti\\\/#breadcrumb\",\"itemListElement\":[{\"@type\":\"ListItem\",\"position\":1,\"name\":\"\u0413\u043e\u043b\u043e\u0432\u043d\u0430\",\"item\":\"https:\\\/\\\/qtmm.org\\\/qt\\\/\"},{\"@type\":\"ListItem\",\"position\":2,\"name\":\"Meclis reisi Refat \u00c7ubarov Alu\u015fta regional meclis ofisini ziyaret etti\"}]},{\"@type\":\"WebSite\",\"@id\":\"https:\\\/\\\/qtmm.org\\\/qt\\\/#website\",\"url\":\"https:\\\/\\\/qtmm.org\\\/qt\\\/\",\"name\":\"\u041c\u0435\u0434\u0436\u043b\u0456\u0441\",\"description\":\"\",\"publisher\":{\"@id\":\"https:\\\/\\\/qtmm.org\\\/qt\\\/#organization\"},\"potentialAction\":[{\"@type\":\"SearchAction\",\"target\":{\"@type\":\"EntryPoint\",\"urlTemplate\":\"https:\\\/\\\/qtmm.org\\\/qt\\\/?s={search_term_string}\"},\"query-input\":{\"@type\":\"PropertyValueSpecification\",\"valueRequired\":true,\"valueName\":\"search_term_string\"}}],\"inLanguage\":\"qt\"},{\"@type\":\"Organization\",\"@id\":\"https:\\\/\\\/qtmm.org\\\/qt\\\/#organization\",\"name\":\"\u041c\u0435\u0434\u0436\u043b\u0456\u0441\",\"url\":\"https:\\\/\\\/qtmm.org\\\/qt\\\/\",\"logo\":{\"@type\":\"ImageObject\",\"inLanguage\":\"qt\",\"@id\":\"https:\\\/\\\/qtmm.org\\\/qt\\\/#\\\/schema\\\/logo\\\/image\\\/\",\"url\":\"https:\\\/\\\/qtmm.org\\\/wp-content\\\/uploads\\\/2024\\\/12\\\/ua-mejlis-logo-rgb.svg\",\"contentUrl\":\"https:\\\/\\\/qtmm.org\\\/wp-content\\\/uploads\\\/2024\\\/12\\\/ua-mejlis-logo-rgb.svg\",\"caption\":\"\u041c\u0435\u0434\u0436\u043b\u0456\u0441\"},\"image\":{\"@id\":\"https:\\\/\\\/qtmm.org\\\/qt\\\/#\\\/schema\\\/logo\\\/image\\\/\"},\"sameAs\":[\"https:\\\/\\\/www.facebook.com\\\/qtmm.info\\\/\"]},{\"@type\":\"Person\",\"@id\":\"https:\\\/\\\/qtmm.org\\\/qt\\\/#\\\/schema\\\/person\\\/de562469f971dec226ac06e60bbf74a7\",\"name\":\"Developer\",\"image\":{\"@type\":\"ImageObject\",\"inLanguage\":\"qt\",\"@id\":\"https:\\\/\\\/secure.gravatar.com\\\/avatar\\\/392b4cc8fbfeb00b39dfeeab4ee6edded39ffd48e25858637e4765810300227e?s=96&d=mm&r=g\",\"url\":\"https:\\\/\\\/secure.gravatar.com\\\/avatar\\\/392b4cc8fbfeb00b39dfeeab4ee6edded39ffd48e25858637e4765810300227e?s=96&d=mm&r=g\",\"contentUrl\":\"https:\\\/\\\/secure.gravatar.com\\\/avatar\\\/392b4cc8fbfeb00b39dfeeab4ee6edded39ffd48e25858637e4765810300227e?s=96&d=mm&r=g\",\"caption\":\"Developer\"},\"url\":\"https:\\\/\\\/qtmm.org\\\/qt\\\/author\\\/Developer\\\/\"}]}<\/script>\n<!-- \/ Yoast SEO plugin. -->","yoast_head_json":{"title":"Meclis reisi Refat \u00c7ubarov Alu\u015fta regional meclis ofisini ziyaret etti - \u041c\u0435\u0434\u0436\u043b\u0456\u0441","robots":{"index":"index","follow":"follow","max-snippet":"max-snippet:-1","max-image-preview":"max-image-preview:large","max-video-preview":"max-video-preview:-1"},"canonical":"https:\/\/qtmm.org\/qt\/meclis-reisi-refat-cubarov-alusta-regional-meclis-ofisini-ziyaret-etti\/","og_locale":"en_US","og_type":"article","og_title":"Meclis reisi Refat \u00c7ubarov Alu\u015fta regional meclis ofisini ziyaret etti - \u041c\u0435\u0434\u0436\u043b\u0456\u0441","og_description":"Meclis reisi Refat \u00c7ubarov \u00f6z muavini Zaur Smirnov, Meclis k\u00e2tibiyetini\u00f1 ba\u015f\u0131 Dil\u00e2ver Akiyev ve Meclis azas\u0131 Abduraman Egiznen beraber 11 dekabr k\u00fcn\u00fc Alu\u015fta regional meclisini\u00f1 reisi Enver Arpatl\u0131n\u0131\u00f1 daveti ile Alu\u015fta regional meclis ofisini ziyaret ettiler. Enver Arpatl\u0131n\u0131\u00f1 bildirgenine k\u00f6re Alu\u015ftada B. Hmelnitskiy soqa\u011f\u0131ndaki 11-nci evde yerle\u015fken regional meclisni\u00f1 ofisi 2012 senesi sent\u00e2br ay\u0131ndan itibaren [&hellip;]","og_url":"https:\/\/qtmm.org\/qt\/meclis-reisi-refat-cubarov-alusta-regional-meclis-ofisini-ziyaret-etti\/","og_site_name":"\u041c\u0435\u0434\u0436\u043b\u0456\u0441","article_publisher":"https:\/\/www.facebook.com\/qtmm.info\/","article_published_time":"2013-12-11T19:02:00+00:00","article_modified_time":"2022-01-26T19:03:55+00:00","og_image":[{"width":650,"height":404,"url":"https:\/\/qtmm.org\/wp-content\/uploads\/2022\/01\/photo_4_1-1.jpeg","type":"image\/jpeg"}],"author":"Developer","twitter_card":"summary_large_image","twitter_misc":{"Written by":"Developer","Est. reading time":"1 minute"},"schema":{"@context":"https:\/\/schema.org","@graph":[{"@type":"Article","@id":"https:\/\/qtmm.org\/qt\/meclis-reisi-refat-cubarov-alusta-regional-meclis-ofisini-ziyaret-etti\/#article","isPartOf":{"@id":"https:\/\/qtmm.org\/qt\/meclis-reisi-refat-cubarov-alusta-regional-meclis-ofisini-ziyaret-etti\/"},"author":{"name":"Developer","@id":"https:\/\/qtmm.org\/qt\/#\/schema\/person\/de562469f971dec226ac06e60bbf74a7"},"headline":"Meclis reisi Refat \u00c7ubarov Alu\u015fta regional meclis ofisini ziyaret etti","datePublished":"2013-12-11T19:02:00+00:00","dateModified":"2022-01-26T19:03:55+00:00","mainEntityOfPage":{"@id":"https:\/\/qtmm.org\/qt\/meclis-reisi-refat-cubarov-alusta-regional-meclis-ofisini-ziyaret-etti\/"},"wordCount":264,"commentCount":0,"publisher":{"@id":"https:\/\/qtmm.org\/qt\/#organization"},"image":{"@id":"https:\/\/qtmm.org\/qt\/meclis-reisi-refat-cubarov-alusta-regional-meclis-ofisini-ziyaret-etti\/#primaryimage"},"thumbnailUrl":"http:\/\/qtmm.org\/wp-content\/uploads\/2022\/01\/photo_4_1-1.jpeg","articleSection":["Haberler"],"inLanguage":"qt","potentialAction":[{"@type":"CommentAction","name":"Comment","target":["https:\/\/qtmm.org\/qt\/meclis-reisi-refat-cubarov-alusta-regional-meclis-ofisini-ziyaret-etti\/#respond"]}]},{"@type":"WebPage","@id":"https:\/\/qtmm.org\/qt\/meclis-reisi-refat-cubarov-alusta-regional-meclis-ofisini-ziyaret-etti\/","url":"https:\/\/qtmm.org\/qt\/meclis-reisi-refat-cubarov-alusta-regional-meclis-ofisini-ziyaret-etti\/","name":"Meclis reisi Refat \u00c7ubarov Alu\u015fta regional meclis ofisini ziyaret etti - \u041c\u0435\u0434\u0436\u043b\u0456\u0441","isPartOf":{"@id":"https:\/\/qtmm.org\/qt\/#website"},"primaryImageOfPage":{"@id":"https:\/\/qtmm.org\/qt\/meclis-reisi-refat-cubarov-alusta-regional-meclis-ofisini-ziyaret-etti\/#primaryimage"},"image":{"@id":"https:\/\/qtmm.org\/qt\/meclis-reisi-refat-cubarov-alusta-regional-meclis-ofisini-ziyaret-etti\/#primaryimage"},"thumbnailUrl":"http:\/\/qtmm.org\/wp-content\/uploads\/2022\/01\/photo_4_1-1.jpeg","datePublished":"2013-12-11T19:02:00+00:00","dateModified":"2022-01-26T19:03:55+00:00","breadcrumb":{"@id":"https:\/\/qtmm.org\/qt\/meclis-reisi-refat-cubarov-alusta-regional-meclis-ofisini-ziyaret-etti\/#breadcrumb"},"inLanguage":"qt","potentialAction":[{"@type":"ReadAction","target":["https:\/\/qtmm.org\/qt\/meclis-reisi-refat-cubarov-alusta-regional-meclis-ofisini-ziyaret-etti\/"]}]},{"@type":"ImageObject","inLanguage":"qt","@id":"https:\/\/qtmm.org\/qt\/meclis-reisi-refat-cubarov-alusta-regional-meclis-ofisini-ziyaret-etti\/#primaryimage","url":"http:\/\/qtmm.org\/wp-content\/uploads\/2022\/01\/photo_4_1-1.jpeg","contentUrl":"http:\/\/qtmm.org\/wp-content\/uploads\/2022\/01\/photo_4_1-1.jpeg"},{"@type":"BreadcrumbList","@id":"https:\/\/qtmm.org\/qt\/meclis-reisi-refat-cubarov-alusta-regional-meclis-ofisini-ziyaret-etti\/#breadcrumb","itemListElement":[{"@type":"ListItem","position":1,"name":"\u0413\u043e\u043b\u043e\u0432\u043d\u0430","item":"https:\/\/qtmm.org\/qt\/"},{"@type":"ListItem","position":2,"name":"Meclis reisi Refat \u00c7ubarov Alu\u015fta regional meclis ofisini ziyaret etti"}]},{"@type":"WebSite","@id":"https:\/\/qtmm.org\/qt\/#website","url":"https:\/\/qtmm.org\/qt\/","name":"\u041c\u0435\u0434\u0436\u043b\u0456\u0441","description":"","publisher":{"@id":"https:\/\/qtmm.org\/qt\/#organization"},"potentialAction":[{"@type":"SearchAction","target":{"@type":"EntryPoint","urlTemplate":"https:\/\/qtmm.org\/qt\/?s={search_term_string}"},"query-input":{"@type":"PropertyValueSpecification","valueRequired":true,"valueName":"search_term_string"}}],"inLanguage":"qt"},{"@type":"Organization","@id":"https:\/\/qtmm.org\/qt\/#organization","name":"\u041c\u0435\u0434\u0436\u043b\u0456\u0441","url":"https:\/\/qtmm.org\/qt\/","logo":{"@type":"ImageObject","inLanguage":"qt","@id":"https:\/\/qtmm.org\/qt\/#\/schema\/logo\/image\/","url":"https:\/\/qtmm.org\/wp-content\/uploads\/2024\/12\/ua-mejlis-logo-rgb.svg","contentUrl":"https:\/\/qtmm.org\/wp-content\/uploads\/2024\/12\/ua-mejlis-logo-rgb.svg","caption":"\u041c\u0435\u0434\u0436\u043b\u0456\u0441"},"image":{"@id":"https:\/\/qtmm.org\/qt\/#\/schema\/logo\/image\/"},"sameAs":["https:\/\/www.facebook.com\/qtmm.info\/"]},{"@type":"Person","@id":"https:\/\/qtmm.org\/qt\/#\/schema\/person\/de562469f971dec226ac06e60bbf74a7","name":"Developer","image":{"@type":"ImageObject","inLanguage":"qt","@id":"https:\/\/secure.gravatar.com\/avatar\/392b4cc8fbfeb00b39dfeeab4ee6edded39ffd48e25858637e4765810300227e?s=96&d=mm&r=g","url":"https:\/\/secure.gravatar.com\/avatar\/392b4cc8fbfeb00b39dfeeab4ee6edded39ffd48e25858637e4765810300227e?s=96&d=mm&r=g","contentUrl":"https:\/\/secure.gravatar.com\/avatar\/392b4cc8fbfeb00b39dfeeab4ee6edded39ffd48e25858637e4765810300227e?s=96&d=mm&r=g","caption":"Developer"},"url":"https:\/\/qtmm.org\/qt\/author\/Developer\/"}]}},"_links":{"self":[{"href":"https:\/\/qtmm.org\/qt\/wp-json\/wp\/v2\/posts\/41556","targetHints":{"allow":["GET"]}}],"collection":[{"href":"https:\/\/qtmm.org\/qt\/wp-json\/wp\/v2\/posts"}],"about":[{"href":"https:\/\/qtmm.org\/qt\/wp-json\/wp\/v2\/types\/post"}],"author":[{"embeddable":true,"href":"https:\/\/qtmm.org\/qt\/wp-json\/wp\/v2\/users\/1"}],"replies":[{"embeddable":true,"href":"https:\/\/qtmm.org\/qt\/wp-json\/wp\/v2\/comments?post=41556"}],"version-history":[{"count":1,"href":"https:\/\/qtmm.org\/qt\/wp-json\/wp\/v2\/posts\/41556\/revisions"}],"predecessor-version":[{"id":41581,"href":"https:\/\/qtmm.org\/qt\/wp-json\/wp\/v2\/posts\/41556\/revisions\/41581"}],"wp:attachment":[{"href":"https:\/\/qtmm.org\/qt\/wp-json\/wp\/v2\/media?parent=41556"}],"wp:term":[{"taxonomy":"category","embeddable":true,"href":"https:\/\/qtmm.org\/qt\/wp-json\/wp\/v2\/categories?post=41556"},{"taxonomy":"post_tag","embeddable":true,"href":"https:\/\/qtmm.org\/qt\/wp-json\/wp\/v2\/tags?post=41556"}],"curies":[{"name":"wp","href":"https:\/\/api.w.org\/{rel}","templated":true}]}}