




{"id":41518,"date":"2013-12-11T21:59:00","date_gmt":"2013-12-11T18:59:00","guid":{"rendered":"http:\/\/qtmm.org\/?p=41518"},"modified":"2022-01-26T22:01:54","modified_gmt":"2022-01-26T19:01:54","slug":"bursa-dernegi-islam-terek-rayoninda-yani-cami-quracaq","status":"publish","type":"post","link":"https:\/\/qtmm.org\/qt\/bursa-dernegi-islam-terek-rayoninda-yani-cami-quracaq\/","title":{"rendered":"Bursa dernegi \u0130sl\u00e2m Terek rayon\u0131nda ya\u00f1\u0131 cami quracaq"},"content":{"rendered":"\n<p>Dekabr 11 k\u00fcn\u00fc \u0130sl\u00e2m Terek rayon\u0131n\u0131\u00f1 K\u00fcle\u00e7 Me\u00e7it k\u00f6y\u00fcnde qurulacaq camini\u00f1 temeline ta\u015f qoyuv merasimi ol\u0131p ke\u00e7ti.<\/p>\n\n\n\n<p>Cami Bursa q\u0131r\u0131mtatar medeniyet ve yard\u0131mla\u015fma dernegini\u00f1 maddiy qoltutuv\u0131nda qurulacaq.<\/p>\n\n\n\n<figure class=\"wp-block-image size-full\"><img loading=\"lazy\" decoding=\"async\" width=\"650\" height=\"440\" src=\"http:\/\/qtmm.org\/wp-content\/uploads\/2022\/01\/kulechtemel02.jpeg\" alt=\"\" class=\"wp-image-41523\" srcset=\"https:\/\/qtmm.org\/wp-content\/uploads\/2022\/01\/kulechtemel02.jpeg 650w, https:\/\/qtmm.org\/wp-content\/uploads\/2022\/01\/kulechtemel02-300x203.jpeg 300w\" sizes=\"auto, (max-width: 650px) 100vw, 650px\" \/><\/figure>\n\n\n\n<figure class=\"wp-block-image size-full\"><img loading=\"lazy\" decoding=\"async\" width=\"650\" height=\"440\" src=\"http:\/\/qtmm.org\/wp-content\/uploads\/2022\/01\/kulechtemel03.jpeg\" alt=\"\" class=\"wp-image-41527\" srcset=\"https:\/\/qtmm.org\/wp-content\/uploads\/2022\/01\/kulechtemel03.jpeg 650w, https:\/\/qtmm.org\/wp-content\/uploads\/2022\/01\/kulechtemel03-300x203.jpeg 300w\" sizes=\"auto, (max-width: 650px) 100vw, 650px\" \/><\/figure>\n\n\n\n<p>Merasimde Q\u0131r\u0131mtatar halq\u0131 meclisini\u00f1 reisi Refat \u00c7ubarov, Q\u0131r\u0131m musulmanlar\u0131 M\u00fcftiyini\u00f1 muavini Ayder \u0130smailov, Bursa q\u0131r\u0131mtatar medeniyet ve yard\u0131mla\u015fma dernegini\u00f1 reisi\u00a0Adnan S\u00fcyen, \u0130sl\u00e2m Terek regional meclis reisi Ekrem Abdulvatov, \u0130sl\u00e2m Terek rayon\u0131n\u0131\u00f1 imam\u0131 Nariman Koroglu, K\u00fcle\u00e7 Me\u00e7it k\u00f6y imam\u0131 Emirulla Emirveliyev, regional ve yerli meclis azalar\u0131, yerli sakinler i\u015ftirak ettiler.<\/p>\n\n\n\n<figure class=\"wp-block-image size-full\"><img loading=\"lazy\" decoding=\"async\" width=\"650\" height=\"440\" src=\"http:\/\/qtmm.org\/wp-content\/uploads\/2022\/01\/kulechtemel04.jpeg\" alt=\"\" class=\"wp-image-41531\" srcset=\"https:\/\/qtmm.org\/wp-content\/uploads\/2022\/01\/kulechtemel04.jpeg 650w, https:\/\/qtmm.org\/wp-content\/uploads\/2022\/01\/kulechtemel04-300x203.jpeg 300w\" sizes=\"auto, (max-width: 650px) 100vw, 650px\" \/><\/figure>\n\n\n\n<p>Tantanal\u0131 merasim K\u00fcle\u00e7 Me\u00e7it k\u00f6y imam\u0131 Emirulla Emirveliyev oqu\u011fan duadan ba\u015fland\u0131.<\/p>\n\n\n\n<figure class=\"wp-block-image size-full\"><img loading=\"lazy\" decoding=\"async\" width=\"650\" height=\"440\" src=\"http:\/\/qtmm.org\/wp-content\/uploads\/2022\/01\/kulechtemel05.jpeg\" alt=\"\" class=\"wp-image-41535\" srcset=\"https:\/\/qtmm.org\/wp-content\/uploads\/2022\/01\/kulechtemel05.jpeg 650w, https:\/\/qtmm.org\/wp-content\/uploads\/2022\/01\/kulechtemel05-300x203.jpeg 300w\" sizes=\"auto, (max-width: 650px) 100vw, 650px\" \/><\/figure>\n\n\n\n<p>Toplan\u011fanlarn\u0131 Q\u0131r\u0131m musulmanlar\u0131 M\u00fcftiyi ac\u0131 Emirali Ablayevni\u00f1 ad\u0131ndan m\u00fcftiy muavini Ayder \u0130smailov sel\u00e2mlad\u0131. Bursa q\u0131r\u0131mtatar medeniyet ve yard\u0131mla\u015fma dernegini\u00f1 reisi Adnan S\u00fcyen \u015fahs\u0131nda dernek azalar\u0131na bu hay\u0131rl\u0131 i\u015fleri i\u00e7\u00fcn te\u015fekk\u00fcr bildirip, bu kibi te\u015febb\u00fcslerge Q\u0131r\u0131mn\u0131\u00f1 camilerge muhtac diger k\u00f6ylerinde de sesleneceklerine \u00fcm\u00fcdinen payla\u015ft\u0131.<\/p>\n\n\n\n<figure class=\"wp-block-image size-full\"><img loading=\"lazy\" decoding=\"async\" width=\"650\" height=\"440\" src=\"http:\/\/qtmm.org\/wp-content\/uploads\/2022\/01\/kulechtemel07.jpeg\" alt=\"\" class=\"wp-image-41539\" srcset=\"https:\/\/qtmm.org\/wp-content\/uploads\/2022\/01\/kulechtemel07.jpeg 650w, https:\/\/qtmm.org\/wp-content\/uploads\/2022\/01\/kulechtemel07-300x203.jpeg 300w\" sizes=\"auto, (max-width: 650px) 100vw, 650px\" \/><\/figure>\n\n\n\n<p>Adnan S\u00fcyen \u00f6z nevbetinde leyha\u011fa k\u00f6re k\u00f6yde caminen birlikte \u0130sl\u00e2m ve Quran oquv derslerini ke\u00e7irmek i\u00e7\u00fcn imam i\u00e7\u00fcn de ev qurulmas\u0131 planla\u015ft\u0131r\u0131l\u011fan\u0131n\u0131 s\u00f6yledi.<\/p>\n\n\n\n<figure class=\"wp-block-image size-full\"><img loading=\"lazy\" decoding=\"async\" width=\"650\" height=\"440\" src=\"http:\/\/qtmm.org\/wp-content\/uploads\/2022\/01\/kulechtemel08.jpeg\" alt=\"\" class=\"wp-image-41543\" srcset=\"https:\/\/qtmm.org\/wp-content\/uploads\/2022\/01\/kulechtemel08.jpeg 650w, https:\/\/qtmm.org\/wp-content\/uploads\/2022\/01\/kulechtemel08-300x203.jpeg 300w\" sizes=\"auto, (max-width: 650px) 100vw, 650px\" \/><\/figure>\n\n\n\n<p>Meclis reisi Refat \u00c7ubarov \u00f6z \u00e7\u0131q\u0131\u015f\u0131nda yerli sakinlerni cami quruc\u0131l\u0131\u011f\u0131na qoltutma\u011fa, cami a\u00e7\u0131l\u011fan so\u00f1 ise bu yerge balalar\u0131n\u0131 ketirip olar\u011fa \u0130sl\u00e2m esaslar\u0131n\u0131 a\u015flama\u011fa \u00e7a\u011f\u0131rd\u0131.<\/p>\n\n\n\n<figure class=\"wp-block-image size-full\"><img loading=\"lazy\" decoding=\"async\" width=\"650\" height=\"395\" src=\"http:\/\/qtmm.org\/wp-content\/uploads\/2022\/01\/dsc0748.jpeg\" alt=\"\" class=\"wp-image-41547\" srcset=\"https:\/\/qtmm.org\/wp-content\/uploads\/2022\/01\/dsc0748.jpeg 650w, https:\/\/qtmm.org\/wp-content\/uploads\/2022\/01\/dsc0748-300x182.jpeg 300w\" sizes=\"auto, (max-width: 650px) 100vw, 650px\" \/><\/figure>\n\n\n\n<p>Merasimden evel qurban \u00e7al\u0131nd\u0131. Tedbirni\u00f1 so\u00f1unda M\u00fcftiy muavini Ayder \u0130smailov dua oqud\u0131.<\/p>\n\n\n\n<figure class=\"wp-block-image size-full\"><img loading=\"lazy\" decoding=\"async\" width=\"650\" height=\"420\" src=\"http:\/\/qtmm.org\/wp-content\/uploads\/2022\/01\/kulechtemel10.jpeg\" alt=\"\" class=\"wp-image-41551\" srcset=\"https:\/\/qtmm.org\/wp-content\/uploads\/2022\/01\/kulechtemel10.jpeg 650w, https:\/\/qtmm.org\/wp-content\/uploads\/2022\/01\/kulechtemel10-300x194.jpeg 300w\" sizes=\"auto, (max-width: 650px) 100vw, 650px\" \/><\/figure>\n","protected":false},"excerpt":{"rendered":"<p>Dekabr 11 k\u00fcn\u00fc \u0130sl\u00e2m Terek rayon\u0131n\u0131\u00f1 K\u00fcle\u00e7 Me\u00e7it k\u00f6y\u00fcnde qurulacaq camini\u00f1 temeline ta\u015f qoyuv merasimi ol\u0131p ke\u00e7ti. Cami Bursa q\u0131r\u0131mtatar medeniyet ve yard\u0131mla\u015fma dernegini\u00f1 maddiy qoltutuv\u0131nda qurulacaq. Merasimde Q\u0131r\u0131mtatar halq\u0131 meclisini\u00f1 reisi Refat \u00c7ubarov, Q\u0131r\u0131m musulmanlar\u0131 M\u00fcftiyini\u00f1 muavini Ayder \u0130smailov, Bursa q\u0131r\u0131mtatar medeniyet ve yard\u0131mla\u015fma dernegini\u00f1 reisi\u00a0Adnan S\u00fcyen, \u0130sl\u00e2m Terek regional meclis reisi Ekrem Abdulvatov, [&hellip;]<\/p>\n","protected":false},"author":1,"featured_media":41519,"comment_status":"open","ping_status":"open","sticky":false,"template":"","format":"standard","meta":{"inline_featured_image":false,"footnotes":""},"categories":[265],"tags":[],"class_list":["post-41518","post","type-post","status-publish","format-standard","has-post-thumbnail","hentry","category-haberler"],"acf":[],"yoast_head":"<!-- This site is optimized with the Yoast SEO plugin v27.4 - https:\/\/yoast.com\/product\/yoast-seo-wordpress\/ -->\n<title>Bursa dernegi \u0130sl\u00e2m Terek rayon\u0131nda ya\u00f1\u0131 cami quracaq - \u041c\u0435\u0434\u0436\u043b\u0456\u0441<\/title>\n<meta name=\"robots\" content=\"index, follow, max-snippet:-1, max-image-preview:large, max-video-preview:-1\" \/>\n<link rel=\"canonical\" href=\"https:\/\/qtmm.org\/qt\/bursa-dernegi-islam-terek-rayoninda-yani-cami-quracaq\/\" \/>\n<meta property=\"og:locale\" content=\"en_US\" \/>\n<meta property=\"og:type\" content=\"article\" \/>\n<meta property=\"og:title\" content=\"Bursa dernegi \u0130sl\u00e2m Terek rayon\u0131nda ya\u00f1\u0131 cami quracaq - \u041c\u0435\u0434\u0436\u043b\u0456\u0441\" \/>\n<meta property=\"og:description\" content=\"Dekabr 11 k\u00fcn\u00fc \u0130sl\u00e2m Terek rayon\u0131n\u0131\u00f1 K\u00fcle\u00e7 Me\u00e7it k\u00f6y\u00fcnde qurulacaq camini\u00f1 temeline ta\u015f qoyuv merasimi ol\u0131p ke\u00e7ti. Cami Bursa q\u0131r\u0131mtatar medeniyet ve yard\u0131mla\u015fma dernegini\u00f1 maddiy qoltutuv\u0131nda qurulacaq. Merasimde Q\u0131r\u0131mtatar halq\u0131 meclisini\u00f1 reisi Refat \u00c7ubarov, Q\u0131r\u0131m musulmanlar\u0131 M\u00fcftiyini\u00f1 muavini Ayder \u0130smailov, Bursa q\u0131r\u0131mtatar medeniyet ve yard\u0131mla\u015fma dernegini\u00f1 reisi\u00a0Adnan S\u00fcyen, \u0130sl\u00e2m Terek regional meclis reisi Ekrem Abdulvatov, [&hellip;]\" \/>\n<meta property=\"og:url\" content=\"https:\/\/qtmm.org\/qt\/bursa-dernegi-islam-terek-rayoninda-yani-cami-quracaq\/\" \/>\n<meta property=\"og:site_name\" content=\"\u041c\u0435\u0434\u0436\u043b\u0456\u0441\" \/>\n<meta property=\"article:publisher\" content=\"https:\/\/www.facebook.com\/qtmm.info\/\" \/>\n<meta property=\"article:published_time\" content=\"2013-12-11T18:59:00+00:00\" \/>\n<meta property=\"article:modified_time\" content=\"2022-01-26T19:01:54+00:00\" \/>\n<meta property=\"og:image\" content=\"https:\/\/qtmm.org\/wp-content\/uploads\/2022\/01\/kulechtemel01.jpeg\" \/>\n\t<meta property=\"og:image:width\" content=\"650\" \/>\n\t<meta property=\"og:image:height\" content=\"440\" \/>\n\t<meta property=\"og:image:type\" content=\"image\/jpeg\" \/>\n<meta name=\"author\" content=\"Developer\" \/>\n<meta name=\"twitter:card\" content=\"summary_large_image\" \/>\n<meta name=\"twitter:label1\" content=\"Written by\" \/>\n\t<meta name=\"twitter:data1\" content=\"Developer\" \/>\n\t<meta name=\"twitter:label2\" content=\"Est. reading time\" \/>\n\t<meta name=\"twitter:data2\" content=\"1 minute\" \/>\n<script type=\"application\/ld+json\" class=\"yoast-schema-graph\">{\"@context\":\"https:\\\/\\\/schema.org\",\"@graph\":[{\"@type\":\"Article\",\"@id\":\"https:\\\/\\\/qtmm.org\\\/qt\\\/bursa-dernegi-islam-terek-rayoninda-yani-cami-quracaq\\\/#article\",\"isPartOf\":{\"@id\":\"https:\\\/\\\/qtmm.org\\\/qt\\\/bursa-dernegi-islam-terek-rayoninda-yani-cami-quracaq\\\/\"},\"author\":{\"name\":\"Developer\",\"@id\":\"https:\\\/\\\/qtmm.org\\\/qt\\\/#\\\/schema\\\/person\\\/de562469f971dec226ac06e60bbf74a7\"},\"headline\":\"Bursa dernegi \u0130sl\u00e2m Terek rayon\u0131nda ya\u00f1\u0131 cami quracaq\",\"datePublished\":\"2013-12-11T18:59:00+00:00\",\"dateModified\":\"2022-01-26T19:01:54+00:00\",\"mainEntityOfPage\":{\"@id\":\"https:\\\/\\\/qtmm.org\\\/qt\\\/bursa-dernegi-islam-terek-rayoninda-yani-cami-quracaq\\\/\"},\"wordCount\":291,\"commentCount\":0,\"publisher\":{\"@id\":\"https:\\\/\\\/qtmm.org\\\/qt\\\/#organization\"},\"image\":{\"@id\":\"https:\\\/\\\/qtmm.org\\\/qt\\\/bursa-dernegi-islam-terek-rayoninda-yani-cami-quracaq\\\/#primaryimage\"},\"thumbnailUrl\":\"https:\\\/\\\/qtmm.org\\\/wp-content\\\/uploads\\\/2022\\\/01\\\/kulechtemel01.jpeg\",\"articleSection\":[\"Haberler\"],\"inLanguage\":\"qt\",\"potentialAction\":[{\"@type\":\"CommentAction\",\"name\":\"Comment\",\"target\":[\"https:\\\/\\\/qtmm.org\\\/qt\\\/bursa-dernegi-islam-terek-rayoninda-yani-cami-quracaq\\\/#respond\"]}]},{\"@type\":\"WebPage\",\"@id\":\"https:\\\/\\\/qtmm.org\\\/qt\\\/bursa-dernegi-islam-terek-rayoninda-yani-cami-quracaq\\\/\",\"url\":\"https:\\\/\\\/qtmm.org\\\/qt\\\/bursa-dernegi-islam-terek-rayoninda-yani-cami-quracaq\\\/\",\"name\":\"Bursa dernegi \u0130sl\u00e2m Terek rayon\u0131nda ya\u00f1\u0131 cami quracaq - \u041c\u0435\u0434\u0436\u043b\u0456\u0441\",\"isPartOf\":{\"@id\":\"https:\\\/\\\/qtmm.org\\\/qt\\\/#website\"},\"primaryImageOfPage\":{\"@id\":\"https:\\\/\\\/qtmm.org\\\/qt\\\/bursa-dernegi-islam-terek-rayoninda-yani-cami-quracaq\\\/#primaryimage\"},\"image\":{\"@id\":\"https:\\\/\\\/qtmm.org\\\/qt\\\/bursa-dernegi-islam-terek-rayoninda-yani-cami-quracaq\\\/#primaryimage\"},\"thumbnailUrl\":\"https:\\\/\\\/qtmm.org\\\/wp-content\\\/uploads\\\/2022\\\/01\\\/kulechtemel01.jpeg\",\"datePublished\":\"2013-12-11T18:59:00+00:00\",\"dateModified\":\"2022-01-26T19:01:54+00:00\",\"breadcrumb\":{\"@id\":\"https:\\\/\\\/qtmm.org\\\/qt\\\/bursa-dernegi-islam-terek-rayoninda-yani-cami-quracaq\\\/#breadcrumb\"},\"inLanguage\":\"qt\",\"potentialAction\":[{\"@type\":\"ReadAction\",\"target\":[\"https:\\\/\\\/qtmm.org\\\/qt\\\/bursa-dernegi-islam-terek-rayoninda-yani-cami-quracaq\\\/\"]}]},{\"@type\":\"ImageObject\",\"inLanguage\":\"qt\",\"@id\":\"https:\\\/\\\/qtmm.org\\\/qt\\\/bursa-dernegi-islam-terek-rayoninda-yani-cami-quracaq\\\/#primaryimage\",\"url\":\"https:\\\/\\\/qtmm.org\\\/wp-content\\\/uploads\\\/2022\\\/01\\\/kulechtemel01.jpeg\",\"contentUrl\":\"https:\\\/\\\/qtmm.org\\\/wp-content\\\/uploads\\\/2022\\\/01\\\/kulechtemel01.jpeg\",\"width\":650,\"height\":440},{\"@type\":\"BreadcrumbList\",\"@id\":\"https:\\\/\\\/qtmm.org\\\/qt\\\/bursa-dernegi-islam-terek-rayoninda-yani-cami-quracaq\\\/#breadcrumb\",\"itemListElement\":[{\"@type\":\"ListItem\",\"position\":1,\"name\":\"\u0413\u043e\u043b\u043e\u0432\u043d\u0430\",\"item\":\"https:\\\/\\\/qtmm.org\\\/qt\\\/\"},{\"@type\":\"ListItem\",\"position\":2,\"name\":\"Bursa dernegi \u0130sl\u00e2m Terek rayon\u0131nda ya\u00f1\u0131 cami quracaq\"}]},{\"@type\":\"WebSite\",\"@id\":\"https:\\\/\\\/qtmm.org\\\/qt\\\/#website\",\"url\":\"https:\\\/\\\/qtmm.org\\\/qt\\\/\",\"name\":\"\u041c\u0435\u0434\u0436\u043b\u0456\u0441\",\"description\":\"\",\"publisher\":{\"@id\":\"https:\\\/\\\/qtmm.org\\\/qt\\\/#organization\"},\"potentialAction\":[{\"@type\":\"SearchAction\",\"target\":{\"@type\":\"EntryPoint\",\"urlTemplate\":\"https:\\\/\\\/qtmm.org\\\/qt\\\/?s={search_term_string}\"},\"query-input\":{\"@type\":\"PropertyValueSpecification\",\"valueRequired\":true,\"valueName\":\"search_term_string\"}}],\"inLanguage\":\"qt\"},{\"@type\":\"Organization\",\"@id\":\"https:\\\/\\\/qtmm.org\\\/qt\\\/#organization\",\"name\":\"\u041c\u0435\u0434\u0436\u043b\u0456\u0441\",\"url\":\"https:\\\/\\\/qtmm.org\\\/qt\\\/\",\"logo\":{\"@type\":\"ImageObject\",\"inLanguage\":\"qt\",\"@id\":\"https:\\\/\\\/qtmm.org\\\/qt\\\/#\\\/schema\\\/logo\\\/image\\\/\",\"url\":\"https:\\\/\\\/qtmm.org\\\/wp-content\\\/uploads\\\/2024\\\/12\\\/ua-mejlis-logo-rgb.svg\",\"contentUrl\":\"https:\\\/\\\/qtmm.org\\\/wp-content\\\/uploads\\\/2024\\\/12\\\/ua-mejlis-logo-rgb.svg\",\"caption\":\"\u041c\u0435\u0434\u0436\u043b\u0456\u0441\"},\"image\":{\"@id\":\"https:\\\/\\\/qtmm.org\\\/qt\\\/#\\\/schema\\\/logo\\\/image\\\/\"},\"sameAs\":[\"https:\\\/\\\/www.facebook.com\\\/qtmm.info\\\/\"]},{\"@type\":\"Person\",\"@id\":\"https:\\\/\\\/qtmm.org\\\/qt\\\/#\\\/schema\\\/person\\\/de562469f971dec226ac06e60bbf74a7\",\"name\":\"Developer\",\"image\":{\"@type\":\"ImageObject\",\"inLanguage\":\"qt\",\"@id\":\"https:\\\/\\\/secure.gravatar.com\\\/avatar\\\/392b4cc8fbfeb00b39dfeeab4ee6edded39ffd48e25858637e4765810300227e?s=96&d=mm&r=g\",\"url\":\"https:\\\/\\\/secure.gravatar.com\\\/avatar\\\/392b4cc8fbfeb00b39dfeeab4ee6edded39ffd48e25858637e4765810300227e?s=96&d=mm&r=g\",\"contentUrl\":\"https:\\\/\\\/secure.gravatar.com\\\/avatar\\\/392b4cc8fbfeb00b39dfeeab4ee6edded39ffd48e25858637e4765810300227e?s=96&d=mm&r=g\",\"caption\":\"Developer\"},\"url\":\"https:\\\/\\\/qtmm.org\\\/qt\\\/author\\\/Developer\\\/\"}]}<\/script>\n<!-- \/ Yoast SEO plugin. -->","yoast_head_json":{"title":"Bursa dernegi \u0130sl\u00e2m Terek rayon\u0131nda ya\u00f1\u0131 cami quracaq - \u041c\u0435\u0434\u0436\u043b\u0456\u0441","robots":{"index":"index","follow":"follow","max-snippet":"max-snippet:-1","max-image-preview":"max-image-preview:large","max-video-preview":"max-video-preview:-1"},"canonical":"https:\/\/qtmm.org\/qt\/bursa-dernegi-islam-terek-rayoninda-yani-cami-quracaq\/","og_locale":"en_US","og_type":"article","og_title":"Bursa dernegi \u0130sl\u00e2m Terek rayon\u0131nda ya\u00f1\u0131 cami quracaq - \u041c\u0435\u0434\u0436\u043b\u0456\u0441","og_description":"Dekabr 11 k\u00fcn\u00fc \u0130sl\u00e2m Terek rayon\u0131n\u0131\u00f1 K\u00fcle\u00e7 Me\u00e7it k\u00f6y\u00fcnde qurulacaq camini\u00f1 temeline ta\u015f qoyuv merasimi ol\u0131p ke\u00e7ti. Cami Bursa q\u0131r\u0131mtatar medeniyet ve yard\u0131mla\u015fma dernegini\u00f1 maddiy qoltutuv\u0131nda qurulacaq. Merasimde Q\u0131r\u0131mtatar halq\u0131 meclisini\u00f1 reisi Refat \u00c7ubarov, Q\u0131r\u0131m musulmanlar\u0131 M\u00fcftiyini\u00f1 muavini Ayder \u0130smailov, Bursa q\u0131r\u0131mtatar medeniyet ve yard\u0131mla\u015fma dernegini\u00f1 reisi\u00a0Adnan S\u00fcyen, \u0130sl\u00e2m Terek regional meclis reisi Ekrem Abdulvatov, [&hellip;]","og_url":"https:\/\/qtmm.org\/qt\/bursa-dernegi-islam-terek-rayoninda-yani-cami-quracaq\/","og_site_name":"\u041c\u0435\u0434\u0436\u043b\u0456\u0441","article_publisher":"https:\/\/www.facebook.com\/qtmm.info\/","article_published_time":"2013-12-11T18:59:00+00:00","article_modified_time":"2022-01-26T19:01:54+00:00","og_image":[{"width":650,"height":440,"url":"https:\/\/qtmm.org\/wp-content\/uploads\/2022\/01\/kulechtemel01.jpeg","type":"image\/jpeg"}],"author":"Developer","twitter_card":"summary_large_image","twitter_misc":{"Written by":"Developer","Est. reading time":"1 minute"},"schema":{"@context":"https:\/\/schema.org","@graph":[{"@type":"Article","@id":"https:\/\/qtmm.org\/qt\/bursa-dernegi-islam-terek-rayoninda-yani-cami-quracaq\/#article","isPartOf":{"@id":"https:\/\/qtmm.org\/qt\/bursa-dernegi-islam-terek-rayoninda-yani-cami-quracaq\/"},"author":{"name":"Developer","@id":"https:\/\/qtmm.org\/qt\/#\/schema\/person\/de562469f971dec226ac06e60bbf74a7"},"headline":"Bursa dernegi \u0130sl\u00e2m Terek rayon\u0131nda ya\u00f1\u0131 cami quracaq","datePublished":"2013-12-11T18:59:00+00:00","dateModified":"2022-01-26T19:01:54+00:00","mainEntityOfPage":{"@id":"https:\/\/qtmm.org\/qt\/bursa-dernegi-islam-terek-rayoninda-yani-cami-quracaq\/"},"wordCount":291,"commentCount":0,"publisher":{"@id":"https:\/\/qtmm.org\/qt\/#organization"},"image":{"@id":"https:\/\/qtmm.org\/qt\/bursa-dernegi-islam-terek-rayoninda-yani-cami-quracaq\/#primaryimage"},"thumbnailUrl":"https:\/\/qtmm.org\/wp-content\/uploads\/2022\/01\/kulechtemel01.jpeg","articleSection":["Haberler"],"inLanguage":"qt","potentialAction":[{"@type":"CommentAction","name":"Comment","target":["https:\/\/qtmm.org\/qt\/bursa-dernegi-islam-terek-rayoninda-yani-cami-quracaq\/#respond"]}]},{"@type":"WebPage","@id":"https:\/\/qtmm.org\/qt\/bursa-dernegi-islam-terek-rayoninda-yani-cami-quracaq\/","url":"https:\/\/qtmm.org\/qt\/bursa-dernegi-islam-terek-rayoninda-yani-cami-quracaq\/","name":"Bursa dernegi \u0130sl\u00e2m Terek rayon\u0131nda ya\u00f1\u0131 cami quracaq - \u041c\u0435\u0434\u0436\u043b\u0456\u0441","isPartOf":{"@id":"https:\/\/qtmm.org\/qt\/#website"},"primaryImageOfPage":{"@id":"https:\/\/qtmm.org\/qt\/bursa-dernegi-islam-terek-rayoninda-yani-cami-quracaq\/#primaryimage"},"image":{"@id":"https:\/\/qtmm.org\/qt\/bursa-dernegi-islam-terek-rayoninda-yani-cami-quracaq\/#primaryimage"},"thumbnailUrl":"https:\/\/qtmm.org\/wp-content\/uploads\/2022\/01\/kulechtemel01.jpeg","datePublished":"2013-12-11T18:59:00+00:00","dateModified":"2022-01-26T19:01:54+00:00","breadcrumb":{"@id":"https:\/\/qtmm.org\/qt\/bursa-dernegi-islam-terek-rayoninda-yani-cami-quracaq\/#breadcrumb"},"inLanguage":"qt","potentialAction":[{"@type":"ReadAction","target":["https:\/\/qtmm.org\/qt\/bursa-dernegi-islam-terek-rayoninda-yani-cami-quracaq\/"]}]},{"@type":"ImageObject","inLanguage":"qt","@id":"https:\/\/qtmm.org\/qt\/bursa-dernegi-islam-terek-rayoninda-yani-cami-quracaq\/#primaryimage","url":"https:\/\/qtmm.org\/wp-content\/uploads\/2022\/01\/kulechtemel01.jpeg","contentUrl":"https:\/\/qtmm.org\/wp-content\/uploads\/2022\/01\/kulechtemel01.jpeg","width":650,"height":440},{"@type":"BreadcrumbList","@id":"https:\/\/qtmm.org\/qt\/bursa-dernegi-islam-terek-rayoninda-yani-cami-quracaq\/#breadcrumb","itemListElement":[{"@type":"ListItem","position":1,"name":"\u0413\u043e\u043b\u043e\u0432\u043d\u0430","item":"https:\/\/qtmm.org\/qt\/"},{"@type":"ListItem","position":2,"name":"Bursa dernegi \u0130sl\u00e2m Terek rayon\u0131nda ya\u00f1\u0131 cami quracaq"}]},{"@type":"WebSite","@id":"https:\/\/qtmm.org\/qt\/#website","url":"https:\/\/qtmm.org\/qt\/","name":"\u041c\u0435\u0434\u0436\u043b\u0456\u0441","description":"","publisher":{"@id":"https:\/\/qtmm.org\/qt\/#organization"},"potentialAction":[{"@type":"SearchAction","target":{"@type":"EntryPoint","urlTemplate":"https:\/\/qtmm.org\/qt\/?s={search_term_string}"},"query-input":{"@type":"PropertyValueSpecification","valueRequired":true,"valueName":"search_term_string"}}],"inLanguage":"qt"},{"@type":"Organization","@id":"https:\/\/qtmm.org\/qt\/#organization","name":"\u041c\u0435\u0434\u0436\u043b\u0456\u0441","url":"https:\/\/qtmm.org\/qt\/","logo":{"@type":"ImageObject","inLanguage":"qt","@id":"https:\/\/qtmm.org\/qt\/#\/schema\/logo\/image\/","url":"https:\/\/qtmm.org\/wp-content\/uploads\/2024\/12\/ua-mejlis-logo-rgb.svg","contentUrl":"https:\/\/qtmm.org\/wp-content\/uploads\/2024\/12\/ua-mejlis-logo-rgb.svg","caption":"\u041c\u0435\u0434\u0436\u043b\u0456\u0441"},"image":{"@id":"https:\/\/qtmm.org\/qt\/#\/schema\/logo\/image\/"},"sameAs":["https:\/\/www.facebook.com\/qtmm.info\/"]},{"@type":"Person","@id":"https:\/\/qtmm.org\/qt\/#\/schema\/person\/de562469f971dec226ac06e60bbf74a7","name":"Developer","image":{"@type":"ImageObject","inLanguage":"qt","@id":"https:\/\/secure.gravatar.com\/avatar\/392b4cc8fbfeb00b39dfeeab4ee6edded39ffd48e25858637e4765810300227e?s=96&d=mm&r=g","url":"https:\/\/secure.gravatar.com\/avatar\/392b4cc8fbfeb00b39dfeeab4ee6edded39ffd48e25858637e4765810300227e?s=96&d=mm&r=g","contentUrl":"https:\/\/secure.gravatar.com\/avatar\/392b4cc8fbfeb00b39dfeeab4ee6edded39ffd48e25858637e4765810300227e?s=96&d=mm&r=g","caption":"Developer"},"url":"https:\/\/qtmm.org\/qt\/author\/Developer\/"}]}},"_links":{"self":[{"href":"https:\/\/qtmm.org\/qt\/wp-json\/wp\/v2\/posts\/41518","targetHints":{"allow":["GET"]}}],"collection":[{"href":"https:\/\/qtmm.org\/qt\/wp-json\/wp\/v2\/posts"}],"about":[{"href":"https:\/\/qtmm.org\/qt\/wp-json\/wp\/v2\/types\/post"}],"author":[{"embeddable":true,"href":"https:\/\/qtmm.org\/qt\/wp-json\/wp\/v2\/users\/1"}],"replies":[{"embeddable":true,"href":"https:\/\/qtmm.org\/qt\/wp-json\/wp\/v2\/comments?post=41518"}],"version-history":[{"count":1,"href":"https:\/\/qtmm.org\/qt\/wp-json\/wp\/v2\/posts\/41518\/revisions"}],"predecessor-version":[{"id":41555,"href":"https:\/\/qtmm.org\/qt\/wp-json\/wp\/v2\/posts\/41518\/revisions\/41555"}],"wp:featuredmedia":[{"embeddable":true,"href":"https:\/\/qtmm.org\/qt\/wp-json\/wp\/v2\/media\/41519"}],"wp:attachment":[{"href":"https:\/\/qtmm.org\/qt\/wp-json\/wp\/v2\/media?parent=41518"}],"wp:term":[{"taxonomy":"category","embeddable":true,"href":"https:\/\/qtmm.org\/qt\/wp-json\/wp\/v2\/categories?post=41518"},{"taxonomy":"post_tag","embeddable":true,"href":"https:\/\/qtmm.org\/qt\/wp-json\/wp\/v2\/tags?post=41518"}],"curies":[{"name":"wp","href":"https:\/\/api.w.org\/{rel}","templated":true}]}}