




{"id":41516,"date":"2013-12-09T21:58:00","date_gmt":"2013-12-09T18:58:00","guid":{"rendered":"http:\/\/qtmm.org\/?p=41516"},"modified":"2022-01-26T21:58:55","modified_gmt":"2022-01-26T18:58:55","slug":"insan-aqlari-icun-efsaneviy-kuresci-nelson-mandelanin-vefati-munasebetinen-taziye","status":"publish","type":"post","link":"https:\/\/qtmm.org\/qt\/insan-aqlari-icun-efsaneviy-kuresci-nelson-mandelanin-vefati-munasebetinen-taziye\/","title":{"rendered":"\u0130nsan aqlar\u0131 i\u00e7\u00fcn efsaneviy k\u00fcre\u015f\u00e7i Nelson Mandelan\u0131\u00f1 vefat\u0131 munasebetinen taziye"},"content":{"rendered":"\n<p class=\"has-text-align-right\"><strong>CEN\u00dcB\u0130Y AFR\u0130KA CUMHUR\u0130YET\u0130N\u0130\u00d1 PREZ\u0130DENT\u0130<\/strong><\/p>\n\n\n\n<p class=\"has-text-align-right\"><strong>CENAP CEYKOB ZUM\u011fa<\/strong><br><br>&nbsp;<\/p>\n\n\n\n<p class=\"has-text-align-center\"><strong>\u0130nsan aqlar\u0131 i\u00e7\u00fcn efsaneviy k\u00fcre\u015f\u00e7i<\/strong><\/p>\n\n\n\n<p class=\"has-text-align-center\"><strong>Nelson Mandelan\u0131\u00f1 vefat\u0131 munasebetinen<\/strong><\/p>\n\n\n\n<p class=\"has-text-align-center\"><strong>taziye<\/strong><\/p>\n\n\n\n<p>Cen\u00fcbiy Afrika Cumhuriyetinde aparteidge qar\u015f\u0131 efsaneviy k\u00fcre\u015f\u00e7i, Cen\u00fcbiy Afrika Cumhuriyetini\u00f1 sab\u0131q prezidenti, b\u00fcy\u00fck siyasiy erbap, Nobelni\u00f1 Bar\u0131\u015f\u0131q muk\u00e2fai\u0131n\u0131\u00f1 saibi&nbsp; Nelson Mandelan\u0131\u00f1 vefat\u0131 aqq\u0131nda haberni Q\u0131r\u0131mda b\u00fcy\u00fck qay\u011f\u0131 ile e\u015fittiler.<\/p>\n\n\n\n<p>Nelson Mandelan\u0131\u00f1 insan ve tam\u0131r halqlarn\u0131\u00f1 aqlar\u0131 i\u00e7\u00fcn k\u00fcre\u015fi ve adaletlik, merhamayetlik ve musaviylik pritsiplerine sad\u0131ql\u0131\u011f\u0131 ces\u00fcrlik n\u00fcm\u00fcnesi old\u0131.<\/p>\n\n\n\n<p>20-nci as\u0131rda SSSR kommunist rejimi taraf\u0131ndan yap\u0131l\u011fan s\u00fcrg\u00fcnlik ve soyq\u0131r\u0131mn\u0131 ya\u015fa\u011fan q\u0131r\u0131mtatar halq\u0131na Nelson Mandela tadbiq etken demokratik degerlikleri ve \u011fayeleri pek yaq\u0131n edi. Nelson Mandela insan aqlar\u0131n\u0131\u00f1 qor\u00e7alay\u0131c\u0131s\u0131, aqs\u0131mlvn\u0131\u00f1 er angi \u015fekillerine qar\u015f\u0131 k\u00fcre\u015fken bir insan edi.<\/p>\n\n\n\n<p>Nelson Mandelan\u0131\u00f1 vevat\u0131 munasebetinen on\u0131\u00f1 yaq\u0131nlar\u0131, soy-aqrabalar\u0131, dostlar\u0131na Q\u0131r\u0131mtatar halq\u0131 Mejclisini\u00f1 ad\u0131ndan teren taziyelerimni bildirip, ba\u015f sa\u011fl\u0131\u011f\u0131 tileyim<\/p>\n\n\n\n<p><strong>Refat \u00c7ubarov,<br>Q\u0131r\u0131mtatar halq\u0131 Meclisini\u00f1 reisi<\/strong><\/p>\n","protected":false},"excerpt":{"rendered":"<p>CEN\u00dcB\u0130Y AFR\u0130KA CUMHUR\u0130YET\u0130N\u0130\u00d1 PREZ\u0130DENT\u0130 CENAP CEYKOB ZUM\u011fa &nbsp; \u0130nsan aqlar\u0131 i\u00e7\u00fcn efsaneviy k\u00fcre\u015f\u00e7i Nelson Mandelan\u0131\u00f1 vefat\u0131 munasebetinen taziye Cen\u00fcbiy Afrika Cumhuriyetinde aparteidge qar\u015f\u0131 efsaneviy k\u00fcre\u015f\u00e7i, Cen\u00fcbiy Afrika Cumhuriyetini\u00f1 sab\u0131q prezidenti, b\u00fcy\u00fck siyasiy erbap, Nobelni\u00f1 Bar\u0131\u015f\u0131q muk\u00e2fai\u0131n\u0131\u00f1 saibi&nbsp; Nelson Mandelan\u0131\u00f1 vefat\u0131 aqq\u0131nda haberni Q\u0131r\u0131mda b\u00fcy\u00fck qay\u011f\u0131 ile e\u015fittiler. Nelson Mandelan\u0131\u00f1 insan ve tam\u0131r halqlarn\u0131\u00f1 aqlar\u0131 i\u00e7\u00fcn [&hellip;]<\/p>\n","protected":false},"author":1,"featured_media":0,"comment_status":"open","ping_status":"open","sticky":false,"template":"","format":"standard","meta":{"inline_featured_image":false,"footnotes":""},"categories":[265],"tags":[],"class_list":["post-41516","post","type-post","status-publish","format-standard","hentry","category-haberler"],"acf":[],"yoast_head":"<!-- This site is optimized with the Yoast SEO plugin v27.4 - https:\/\/yoast.com\/product\/yoast-seo-wordpress\/ -->\n<title>\u0130nsan aqlar\u0131 i\u00e7\u00fcn efsaneviy k\u00fcre\u015f\u00e7i Nelson Mandelan\u0131\u00f1 vefat\u0131 munasebetinen taziye - \u041c\u0435\u0434\u0436\u043b\u0456\u0441<\/title>\n<meta name=\"robots\" content=\"index, follow, max-snippet:-1, max-image-preview:large, max-video-preview:-1\" \/>\n<link rel=\"canonical\" href=\"https:\/\/qtmm.org\/qt\/insan-aqlari-icun-efsaneviy-kuresci-nelson-mandelanin-vefati-munasebetinen-taziye\/\" \/>\n<meta property=\"og:locale\" content=\"en_US\" \/>\n<meta property=\"og:type\" content=\"article\" \/>\n<meta property=\"og:title\" content=\"\u0130nsan aqlar\u0131 i\u00e7\u00fcn efsaneviy k\u00fcre\u015f\u00e7i Nelson Mandelan\u0131\u00f1 vefat\u0131 munasebetinen taziye - \u041c\u0435\u0434\u0436\u043b\u0456\u0441\" \/>\n<meta property=\"og:description\" content=\"CEN\u00dcB\u0130Y AFR\u0130KA CUMHUR\u0130YET\u0130N\u0130\u00d1 PREZ\u0130DENT\u0130 CENAP CEYKOB ZUM\u011fa &nbsp; \u0130nsan aqlar\u0131 i\u00e7\u00fcn efsaneviy k\u00fcre\u015f\u00e7i Nelson Mandelan\u0131\u00f1 vefat\u0131 munasebetinen taziye Cen\u00fcbiy Afrika Cumhuriyetinde aparteidge qar\u015f\u0131 efsaneviy k\u00fcre\u015f\u00e7i, Cen\u00fcbiy Afrika Cumhuriyetini\u00f1 sab\u0131q prezidenti, b\u00fcy\u00fck siyasiy erbap, Nobelni\u00f1 Bar\u0131\u015f\u0131q muk\u00e2fai\u0131n\u0131\u00f1 saibi&nbsp; Nelson Mandelan\u0131\u00f1 vefat\u0131 aqq\u0131nda haberni Q\u0131r\u0131mda b\u00fcy\u00fck qay\u011f\u0131 ile e\u015fittiler. Nelson Mandelan\u0131\u00f1 insan ve tam\u0131r halqlarn\u0131\u00f1 aqlar\u0131 i\u00e7\u00fcn [&hellip;]\" \/>\n<meta property=\"og:url\" content=\"https:\/\/qtmm.org\/qt\/insan-aqlari-icun-efsaneviy-kuresci-nelson-mandelanin-vefati-munasebetinen-taziye\/\" \/>\n<meta property=\"og:site_name\" content=\"\u041c\u0435\u0434\u0436\u043b\u0456\u0441\" \/>\n<meta property=\"article:publisher\" content=\"https:\/\/www.facebook.com\/qtmm.info\/\" \/>\n<meta property=\"article:published_time\" content=\"2013-12-09T18:58:00+00:00\" \/>\n<meta property=\"article:modified_time\" content=\"2022-01-26T18:58:55+00:00\" \/>\n<meta name=\"author\" content=\"Developer\" \/>\n<meta name=\"twitter:card\" content=\"summary_large_image\" \/>\n<meta name=\"twitter:label1\" content=\"Written by\" \/>\n\t<meta name=\"twitter:data1\" content=\"Developer\" \/>\n\t<meta name=\"twitter:label2\" content=\"Est. reading time\" \/>\n\t<meta name=\"twitter:data2\" content=\"1 minute\" \/>\n<script type=\"application\/ld+json\" class=\"yoast-schema-graph\">{\"@context\":\"https:\\\/\\\/schema.org\",\"@graph\":[{\"@type\":\"Article\",\"@id\":\"https:\\\/\\\/qtmm.org\\\/qt\\\/insan-aqlari-icun-efsaneviy-kuresci-nelson-mandelanin-vefati-munasebetinen-taziye\\\/#article\",\"isPartOf\":{\"@id\":\"https:\\\/\\\/qtmm.org\\\/qt\\\/insan-aqlari-icun-efsaneviy-kuresci-nelson-mandelanin-vefati-munasebetinen-taziye\\\/\"},\"author\":{\"name\":\"Developer\",\"@id\":\"https:\\\/\\\/qtmm.org\\\/qt\\\/#\\\/schema\\\/person\\\/de562469f971dec226ac06e60bbf74a7\"},\"headline\":\"\u0130nsan aqlar\u0131 i\u00e7\u00fcn efsaneviy k\u00fcre\u015f\u00e7i Nelson Mandelan\u0131\u00f1 vefat\u0131 munasebetinen taziye\",\"datePublished\":\"2013-12-09T18:58:00+00:00\",\"dateModified\":\"2022-01-26T18:58:55+00:00\",\"mainEntityOfPage\":{\"@id\":\"https:\\\/\\\/qtmm.org\\\/qt\\\/insan-aqlari-icun-efsaneviy-kuresci-nelson-mandelanin-vefati-munasebetinen-taziye\\\/\"},\"wordCount\":205,\"commentCount\":0,\"publisher\":{\"@id\":\"https:\\\/\\\/qtmm.org\\\/qt\\\/#organization\"},\"articleSection\":[\"Haberler\"],\"inLanguage\":\"qt\",\"potentialAction\":[{\"@type\":\"CommentAction\",\"name\":\"Comment\",\"target\":[\"https:\\\/\\\/qtmm.org\\\/qt\\\/insan-aqlari-icun-efsaneviy-kuresci-nelson-mandelanin-vefati-munasebetinen-taziye\\\/#respond\"]}]},{\"@type\":\"WebPage\",\"@id\":\"https:\\\/\\\/qtmm.org\\\/qt\\\/insan-aqlari-icun-efsaneviy-kuresci-nelson-mandelanin-vefati-munasebetinen-taziye\\\/\",\"url\":\"https:\\\/\\\/qtmm.org\\\/qt\\\/insan-aqlari-icun-efsaneviy-kuresci-nelson-mandelanin-vefati-munasebetinen-taziye\\\/\",\"name\":\"\u0130nsan aqlar\u0131 i\u00e7\u00fcn efsaneviy k\u00fcre\u015f\u00e7i Nelson Mandelan\u0131\u00f1 vefat\u0131 munasebetinen taziye - \u041c\u0435\u0434\u0436\u043b\u0456\u0441\",\"isPartOf\":{\"@id\":\"https:\\\/\\\/qtmm.org\\\/qt\\\/#website\"},\"datePublished\":\"2013-12-09T18:58:00+00:00\",\"dateModified\":\"2022-01-26T18:58:55+00:00\",\"breadcrumb\":{\"@id\":\"https:\\\/\\\/qtmm.org\\\/qt\\\/insan-aqlari-icun-efsaneviy-kuresci-nelson-mandelanin-vefati-munasebetinen-taziye\\\/#breadcrumb\"},\"inLanguage\":\"qt\",\"potentialAction\":[{\"@type\":\"ReadAction\",\"target\":[\"https:\\\/\\\/qtmm.org\\\/qt\\\/insan-aqlari-icun-efsaneviy-kuresci-nelson-mandelanin-vefati-munasebetinen-taziye\\\/\"]}]},{\"@type\":\"BreadcrumbList\",\"@id\":\"https:\\\/\\\/qtmm.org\\\/qt\\\/insan-aqlari-icun-efsaneviy-kuresci-nelson-mandelanin-vefati-munasebetinen-taziye\\\/#breadcrumb\",\"itemListElement\":[{\"@type\":\"ListItem\",\"position\":1,\"name\":\"\u0413\u043e\u043b\u043e\u0432\u043d\u0430\",\"item\":\"https:\\\/\\\/qtmm.org\\\/qt\\\/\"},{\"@type\":\"ListItem\",\"position\":2,\"name\":\"\u0130nsan aqlar\u0131 i\u00e7\u00fcn efsaneviy k\u00fcre\u015f\u00e7i Nelson Mandelan\u0131\u00f1 vefat\u0131 munasebetinen taziye\"}]},{\"@type\":\"WebSite\",\"@id\":\"https:\\\/\\\/qtmm.org\\\/qt\\\/#website\",\"url\":\"https:\\\/\\\/qtmm.org\\\/qt\\\/\",\"name\":\"\u041c\u0435\u0434\u0436\u043b\u0456\u0441\",\"description\":\"\",\"publisher\":{\"@id\":\"https:\\\/\\\/qtmm.org\\\/qt\\\/#organization\"},\"potentialAction\":[{\"@type\":\"SearchAction\",\"target\":{\"@type\":\"EntryPoint\",\"urlTemplate\":\"https:\\\/\\\/qtmm.org\\\/qt\\\/?s={search_term_string}\"},\"query-input\":{\"@type\":\"PropertyValueSpecification\",\"valueRequired\":true,\"valueName\":\"search_term_string\"}}],\"inLanguage\":\"qt\"},{\"@type\":\"Organization\",\"@id\":\"https:\\\/\\\/qtmm.org\\\/qt\\\/#organization\",\"name\":\"\u041c\u0435\u0434\u0436\u043b\u0456\u0441\",\"url\":\"https:\\\/\\\/qtmm.org\\\/qt\\\/\",\"logo\":{\"@type\":\"ImageObject\",\"inLanguage\":\"qt\",\"@id\":\"https:\\\/\\\/qtmm.org\\\/qt\\\/#\\\/schema\\\/logo\\\/image\\\/\",\"url\":\"https:\\\/\\\/qtmm.org\\\/wp-content\\\/uploads\\\/2024\\\/12\\\/ua-mejlis-logo-rgb.svg\",\"contentUrl\":\"https:\\\/\\\/qtmm.org\\\/wp-content\\\/uploads\\\/2024\\\/12\\\/ua-mejlis-logo-rgb.svg\",\"caption\":\"\u041c\u0435\u0434\u0436\u043b\u0456\u0441\"},\"image\":{\"@id\":\"https:\\\/\\\/qtmm.org\\\/qt\\\/#\\\/schema\\\/logo\\\/image\\\/\"},\"sameAs\":[\"https:\\\/\\\/www.facebook.com\\\/qtmm.info\\\/\"]},{\"@type\":\"Person\",\"@id\":\"https:\\\/\\\/qtmm.org\\\/qt\\\/#\\\/schema\\\/person\\\/de562469f971dec226ac06e60bbf74a7\",\"name\":\"Developer\",\"image\":{\"@type\":\"ImageObject\",\"inLanguage\":\"qt\",\"@id\":\"https:\\\/\\\/secure.gravatar.com\\\/avatar\\\/392b4cc8fbfeb00b39dfeeab4ee6edded39ffd48e25858637e4765810300227e?s=96&d=mm&r=g\",\"url\":\"https:\\\/\\\/secure.gravatar.com\\\/avatar\\\/392b4cc8fbfeb00b39dfeeab4ee6edded39ffd48e25858637e4765810300227e?s=96&d=mm&r=g\",\"contentUrl\":\"https:\\\/\\\/secure.gravatar.com\\\/avatar\\\/392b4cc8fbfeb00b39dfeeab4ee6edded39ffd48e25858637e4765810300227e?s=96&d=mm&r=g\",\"caption\":\"Developer\"},\"url\":\"https:\\\/\\\/qtmm.org\\\/qt\\\/author\\\/Developer\\\/\"}]}<\/script>\n<!-- \/ Yoast SEO plugin. -->","yoast_head_json":{"title":"\u0130nsan aqlar\u0131 i\u00e7\u00fcn efsaneviy k\u00fcre\u015f\u00e7i Nelson Mandelan\u0131\u00f1 vefat\u0131 munasebetinen taziye - \u041c\u0435\u0434\u0436\u043b\u0456\u0441","robots":{"index":"index","follow":"follow","max-snippet":"max-snippet:-1","max-image-preview":"max-image-preview:large","max-video-preview":"max-video-preview:-1"},"canonical":"https:\/\/qtmm.org\/qt\/insan-aqlari-icun-efsaneviy-kuresci-nelson-mandelanin-vefati-munasebetinen-taziye\/","og_locale":"en_US","og_type":"article","og_title":"\u0130nsan aqlar\u0131 i\u00e7\u00fcn efsaneviy k\u00fcre\u015f\u00e7i Nelson Mandelan\u0131\u00f1 vefat\u0131 munasebetinen taziye - \u041c\u0435\u0434\u0436\u043b\u0456\u0441","og_description":"CEN\u00dcB\u0130Y AFR\u0130KA CUMHUR\u0130YET\u0130N\u0130\u00d1 PREZ\u0130DENT\u0130 CENAP CEYKOB ZUM\u011fa &nbsp; \u0130nsan aqlar\u0131 i\u00e7\u00fcn efsaneviy k\u00fcre\u015f\u00e7i Nelson Mandelan\u0131\u00f1 vefat\u0131 munasebetinen taziye Cen\u00fcbiy Afrika Cumhuriyetinde aparteidge qar\u015f\u0131 efsaneviy k\u00fcre\u015f\u00e7i, Cen\u00fcbiy Afrika Cumhuriyetini\u00f1 sab\u0131q prezidenti, b\u00fcy\u00fck siyasiy erbap, Nobelni\u00f1 Bar\u0131\u015f\u0131q muk\u00e2fai\u0131n\u0131\u00f1 saibi&nbsp; Nelson Mandelan\u0131\u00f1 vefat\u0131 aqq\u0131nda haberni Q\u0131r\u0131mda b\u00fcy\u00fck qay\u011f\u0131 ile e\u015fittiler. Nelson Mandelan\u0131\u00f1 insan ve tam\u0131r halqlarn\u0131\u00f1 aqlar\u0131 i\u00e7\u00fcn [&hellip;]","og_url":"https:\/\/qtmm.org\/qt\/insan-aqlari-icun-efsaneviy-kuresci-nelson-mandelanin-vefati-munasebetinen-taziye\/","og_site_name":"\u041c\u0435\u0434\u0436\u043b\u0456\u0441","article_publisher":"https:\/\/www.facebook.com\/qtmm.info\/","article_published_time":"2013-12-09T18:58:00+00:00","article_modified_time":"2022-01-26T18:58:55+00:00","author":"Developer","twitter_card":"summary_large_image","twitter_misc":{"Written by":"Developer","Est. reading time":"1 minute"},"schema":{"@context":"https:\/\/schema.org","@graph":[{"@type":"Article","@id":"https:\/\/qtmm.org\/qt\/insan-aqlari-icun-efsaneviy-kuresci-nelson-mandelanin-vefati-munasebetinen-taziye\/#article","isPartOf":{"@id":"https:\/\/qtmm.org\/qt\/insan-aqlari-icun-efsaneviy-kuresci-nelson-mandelanin-vefati-munasebetinen-taziye\/"},"author":{"name":"Developer","@id":"https:\/\/qtmm.org\/qt\/#\/schema\/person\/de562469f971dec226ac06e60bbf74a7"},"headline":"\u0130nsan aqlar\u0131 i\u00e7\u00fcn efsaneviy k\u00fcre\u015f\u00e7i Nelson Mandelan\u0131\u00f1 vefat\u0131 munasebetinen taziye","datePublished":"2013-12-09T18:58:00+00:00","dateModified":"2022-01-26T18:58:55+00:00","mainEntityOfPage":{"@id":"https:\/\/qtmm.org\/qt\/insan-aqlari-icun-efsaneviy-kuresci-nelson-mandelanin-vefati-munasebetinen-taziye\/"},"wordCount":205,"commentCount":0,"publisher":{"@id":"https:\/\/qtmm.org\/qt\/#organization"},"articleSection":["Haberler"],"inLanguage":"qt","potentialAction":[{"@type":"CommentAction","name":"Comment","target":["https:\/\/qtmm.org\/qt\/insan-aqlari-icun-efsaneviy-kuresci-nelson-mandelanin-vefati-munasebetinen-taziye\/#respond"]}]},{"@type":"WebPage","@id":"https:\/\/qtmm.org\/qt\/insan-aqlari-icun-efsaneviy-kuresci-nelson-mandelanin-vefati-munasebetinen-taziye\/","url":"https:\/\/qtmm.org\/qt\/insan-aqlari-icun-efsaneviy-kuresci-nelson-mandelanin-vefati-munasebetinen-taziye\/","name":"\u0130nsan aqlar\u0131 i\u00e7\u00fcn efsaneviy k\u00fcre\u015f\u00e7i Nelson Mandelan\u0131\u00f1 vefat\u0131 munasebetinen taziye - \u041c\u0435\u0434\u0436\u043b\u0456\u0441","isPartOf":{"@id":"https:\/\/qtmm.org\/qt\/#website"},"datePublished":"2013-12-09T18:58:00+00:00","dateModified":"2022-01-26T18:58:55+00:00","breadcrumb":{"@id":"https:\/\/qtmm.org\/qt\/insan-aqlari-icun-efsaneviy-kuresci-nelson-mandelanin-vefati-munasebetinen-taziye\/#breadcrumb"},"inLanguage":"qt","potentialAction":[{"@type":"ReadAction","target":["https:\/\/qtmm.org\/qt\/insan-aqlari-icun-efsaneviy-kuresci-nelson-mandelanin-vefati-munasebetinen-taziye\/"]}]},{"@type":"BreadcrumbList","@id":"https:\/\/qtmm.org\/qt\/insan-aqlari-icun-efsaneviy-kuresci-nelson-mandelanin-vefati-munasebetinen-taziye\/#breadcrumb","itemListElement":[{"@type":"ListItem","position":1,"name":"\u0413\u043e\u043b\u043e\u0432\u043d\u0430","item":"https:\/\/qtmm.org\/qt\/"},{"@type":"ListItem","position":2,"name":"\u0130nsan aqlar\u0131 i\u00e7\u00fcn efsaneviy k\u00fcre\u015f\u00e7i Nelson Mandelan\u0131\u00f1 vefat\u0131 munasebetinen taziye"}]},{"@type":"WebSite","@id":"https:\/\/qtmm.org\/qt\/#website","url":"https:\/\/qtmm.org\/qt\/","name":"\u041c\u0435\u0434\u0436\u043b\u0456\u0441","description":"","publisher":{"@id":"https:\/\/qtmm.org\/qt\/#organization"},"potentialAction":[{"@type":"SearchAction","target":{"@type":"EntryPoint","urlTemplate":"https:\/\/qtmm.org\/qt\/?s={search_term_string}"},"query-input":{"@type":"PropertyValueSpecification","valueRequired":true,"valueName":"search_term_string"}}],"inLanguage":"qt"},{"@type":"Organization","@id":"https:\/\/qtmm.org\/qt\/#organization","name":"\u041c\u0435\u0434\u0436\u043b\u0456\u0441","url":"https:\/\/qtmm.org\/qt\/","logo":{"@type":"ImageObject","inLanguage":"qt","@id":"https:\/\/qtmm.org\/qt\/#\/schema\/logo\/image\/","url":"https:\/\/qtmm.org\/wp-content\/uploads\/2024\/12\/ua-mejlis-logo-rgb.svg","contentUrl":"https:\/\/qtmm.org\/wp-content\/uploads\/2024\/12\/ua-mejlis-logo-rgb.svg","caption":"\u041c\u0435\u0434\u0436\u043b\u0456\u0441"},"image":{"@id":"https:\/\/qtmm.org\/qt\/#\/schema\/logo\/image\/"},"sameAs":["https:\/\/www.facebook.com\/qtmm.info\/"]},{"@type":"Person","@id":"https:\/\/qtmm.org\/qt\/#\/schema\/person\/de562469f971dec226ac06e60bbf74a7","name":"Developer","image":{"@type":"ImageObject","inLanguage":"qt","@id":"https:\/\/secure.gravatar.com\/avatar\/392b4cc8fbfeb00b39dfeeab4ee6edded39ffd48e25858637e4765810300227e?s=96&d=mm&r=g","url":"https:\/\/secure.gravatar.com\/avatar\/392b4cc8fbfeb00b39dfeeab4ee6edded39ffd48e25858637e4765810300227e?s=96&d=mm&r=g","contentUrl":"https:\/\/secure.gravatar.com\/avatar\/392b4cc8fbfeb00b39dfeeab4ee6edded39ffd48e25858637e4765810300227e?s=96&d=mm&r=g","caption":"Developer"},"url":"https:\/\/qtmm.org\/qt\/author\/Developer\/"}]}},"_links":{"self":[{"href":"https:\/\/qtmm.org\/qt\/wp-json\/wp\/v2\/posts\/41516","targetHints":{"allow":["GET"]}}],"collection":[{"href":"https:\/\/qtmm.org\/qt\/wp-json\/wp\/v2\/posts"}],"about":[{"href":"https:\/\/qtmm.org\/qt\/wp-json\/wp\/v2\/types\/post"}],"author":[{"embeddable":true,"href":"https:\/\/qtmm.org\/qt\/wp-json\/wp\/v2\/users\/1"}],"replies":[{"embeddable":true,"href":"https:\/\/qtmm.org\/qt\/wp-json\/wp\/v2\/comments?post=41516"}],"version-history":[{"count":1,"href":"https:\/\/qtmm.org\/qt\/wp-json\/wp\/v2\/posts\/41516\/revisions"}],"predecessor-version":[{"id":41517,"href":"https:\/\/qtmm.org\/qt\/wp-json\/wp\/v2\/posts\/41516\/revisions\/41517"}],"wp:attachment":[{"href":"https:\/\/qtmm.org\/qt\/wp-json\/wp\/v2\/media?parent=41516"}],"wp:term":[{"taxonomy":"category","embeddable":true,"href":"https:\/\/qtmm.org\/qt\/wp-json\/wp\/v2\/categories?post=41516"},{"taxonomy":"post_tag","embeddable":true,"href":"https:\/\/qtmm.org\/qt\/wp-json\/wp\/v2\/tags?post=41516"}],"curies":[{"name":"wp","href":"https:\/\/api.w.org\/{rel}","templated":true}]}}